{"id":301045,"date":"2022-09-22T21:44:12","date_gmt":"2022-09-23T00:44:12","guid":{"rendered":"https:\/\/www.suno.com.br\/noticias\/?p=301045"},"modified":"2022-09-22T21:44:12","modified_gmt":"2022-09-23T00:44:12","slug":"aes-brasil-aesb3-pre-contrato-hidrogenio-verde","status":"publish","type":"post","link":"https:\/\/www.suno.com.br\/noticias\/aes-brasil-aesb3-pre-contrato-hidrogenio-verde\/","title":{"rendered":"AES Brasil (AESB3) assina pr\u00e9-contrato para produ\u00e7\u00e3o de hidrog\u00eanio verde"},"content":{"rendered":"<p>A <a class=\"suno-keyword\" href=\"https:\/\/www.suno.com.br\/acoes\/aesb3\/\" target=\"_blank\" rel=\"noopener\" data-force=\"yes\" data-priority=\"1\"><strong>AES Brasil<\/strong> (AESB3)<\/a> anunciou nesta quinta-feira (22) que assinou um pr\u00e9-contrato com o Complexo de Pec\u00e9m para avan\u00e7ar com os estudos de viabilidade para produ\u00e7\u00e3o de at\u00e9 2 GW de hidrog\u00eanio verde.<\/p>\t<div class=\"wrapper-featured-image\">\n\t\t<figure class=\"spotlightImg\">\n\n\t\t\t<picture>\n\t\t\t\t<source media=\"(max-width: 768px)\" srcset=\"https:\/\/files.sunoresearch.com.br\/n\/uploads\/2022\/08\/Aes-Brasil-pixabay-1-400x200.jpg\">\n\t\t\t\t<img loading=\"lazy\" decoding=\"async\" class=\"newsContent__article__imgCapa lazyloadDisabled \" src=\"https:\/\/files.sunoresearch.com.br\/n\/uploads\/2022\/08\/Aes-Brasil-pixabay-1-800x450.jpg\" width=\"800\" height=\"450\" alt=\"AES Brasil (AESB3) assina pr\u00e9-contrato para produ\u00e7\u00e3o de hidrog\u00eanio verde\" fetchpriority=high \/>\n\t\t\t<\/picture>\n\n\t\t\t<figcaption class=\"wp-caption-text wp-caption-text--show\">AES Brasil. Foto: Pixabay.<\/figcaption>\n\t\t<\/figure>\n\t<\/div>\n\n\n\t<p>\n\t\t<a href=\"\" target=\"_blank\" data-element=\"shortcode-suno-banner\" title=\"Banner SUNO, clique e saiba mais\">\n\t\t\t<picture>\n\t\t\t\t<source media=\"(max-width: 500px)\" srcset=\"\">\n\t\t\t\t<img class=\"newsContent__article__imgCapa newsContent__article__imgCapa--banner\"\n\t\t\t\t\tsrc=\"\"\n\t\t\t\t\tdata-promo-id=\"138420\"\t\t\t\t\t\t\t\t\t\t\t\t\t\t\talt=\"\"\n\t\t\t\t>\n\t\t\t<\/picture>\n\t\t<\/a>\n\t<\/p>\n\n\n<p>Al\u00e9m disso, a AES Brasil tamb\u00e9m pretende produzir at\u00e9 800 mil toneladas de am\u00f4nia verde por ano.<\/p>\n<p>De acordo com a companhia, a inten\u00e7\u00e3o \u00e9 viabilizar uma planta de produ\u00e7\u00e3o e comercializa\u00e7\u00e3o de <strong>hidrog\u00eanio verde<\/strong> e seus derivados utilizando o terminal cearense para exportar sua produ\u00e7\u00e3o para pa\u00edses da Europa. A assinatura aconteceu nesta quinta-feira, durante o Pro Energia Summit 2022, em Fortaleza (CE).<\/p>\n<p>Dando continuidade ao Memorando de Entendimento assinado em dezembro de 2021, o pr\u00e9-contrato possibilita que a AES Brasil continue em frente com os estudos de viabilidade t\u00e9cnica e comercial do projeto.<\/p>\n<p>\u201cSomos hoje um importante parceiro de empresas que buscam a transi\u00e7\u00e3o energ\u00e9tica e caminhos para a descarboniza\u00e7\u00e3o de sua matriz. Para a AES Brasil, a assinatura desse pr\u00e9-contrato representa mais um passo importante rumo \u00e0 diversifica\u00e7\u00e3o de nosso portf\u00f3lio, baseado em solu\u00e7\u00f5es inovadoras e em energia 100% renov\u00e1vel\u201d, afirma Clarissa Sadock, CEO da AES Brasil.<\/p>\n<p>O hidrog\u00eanio verde \u00e9 um vetor energ\u00e9tico que desperta o interesse do mercado, conforme as metas de <strong>redu\u00e7\u00e3o de emiss\u00f5es de gases<\/strong> do efeito estufa se tornaram mais desafiadoras, assim como seu custo, que vem se tornando competitivo, com a diversifica\u00e7\u00e3o de<strong> fontes de energias renov\u00e1veis<\/strong>.<\/p>\n<p><em>Leia mais<\/em><\/p>\n\t<p>\n\t\t<a href=\"https:\/\/lp.suno.com.br\/planilha-controle-gastos\/\" target=\"_blank\" data-element=\"shortcode-suno-banner\" title=\"Banner SUNO, clique e saiba mais\">\n\t\t\t<picture>\n\t\t\t\t<source media=\"(max-width: 500px)\" srcset=\"https:\/\/files.sunoresearch.com.br\/n\/uploads\/2023\/03\/400x300-Planilha-controle-de-gastos.png\">\n\t\t\t\t<img class=\"newsContent__article__imgCapa newsContent__article__imgCapa--banner\"\n\t\t\t\t\tsrc=\"https:\/\/files.sunoresearch.com.br\/n\/uploads\/2023\/03\/1420x240-Planilha-controle-de-gastos.png\"\n\t\t\t\t\tdata-promo-id=\"101751\"\t\t\t\t\t\t\t\t\t\twidth='1420' height='240'\t\t\t\t\talt=\"https:\/\/files.sunoresearch.com.br\/n\/uploads\/2023\/03\/1420x240-Planilha-controle-de-gastos.png\"\n\t\t\t\t>\n\t\t\t<\/picture>\n\t\t<\/a>\n\t<\/p>\n\n\n<h2>AES Brasil: aquisi\u00e7\u00e3o de e\u00f3licas tem baixo potencial de gera\u00e7\u00e3o de valor, diz Genial<\/h2>\n<p>A\u00a0<strong>AES Brasil <\/strong>anunciou em agosto a aquisi\u00e7\u00e3o de tr\u00eas usinas e\u00f3licas: Ventos do Araripe (Piau\u00ed), Caet\u00e9s (Pernambuco) e Cassino (Rio Grande do Sul). Essa opera\u00e7\u00e3o custou cerca de R$ 2 bilh\u00f5es \u2014 R$ 1,1 bi na aquisi\u00e7\u00e3o, somados a uma d\u00edvida de R$ 928 milh\u00f5es que ser\u00e1 assumida pela empresa. A companhia tamb\u00e9m anunciou uma capitaliza\u00e7\u00e3o via aumento privado de capital entre R$ 500 milh\u00f5es e R$ 1,1 bilh\u00e3o.<\/p>\n<p>A Genial definiu a\u00a0<strong>aquisi\u00e7\u00e3o da AES Brasil<\/strong>\u00a0como \u201cmarginalmente positiva\u201d. \u00c9 estimado um impacto positivo de +R$ 0,20 a 0,23\/a\u00e7\u00e3o no pre\u00e7o-alvo recomendado pela Genial para o ativo, que atualmente est\u00e1 em R$ 13,00 (valoriza\u00e7\u00e3o de 27,7%), representando cerca de 2% do atual pre\u00e7o da a\u00e7\u00e3o. Esse impacto vai depender da quantidade de a\u00e7\u00f5es a serem emitidas na emiss\u00e3o privada anunciada.<\/p>\n<p>Por isso aquisi\u00e7\u00e3o de e\u00f3licas tem baixo potencial de gera\u00e7\u00e3o de valor, segundo a Genial.<\/p>\n<p>Os analistas estimaram uma\u00a0<a class=\"suno-keyword\" href=\"https:\/\/www.suno.com.br\/artigos\/taxa-interna-de-retorno\/\" target=\"_blank\" rel=\"noopener\" data-force=\"no\" data-priority=\"1\">taxa interna de retorno<\/a>\u00a0alavancada de 12% \u2013 com TIR real de 9,7% desalavancada \u2013 em termos reais e um\u00a0<a class=\"suno-keyword\" href=\"https:\/\/www.suno.com.br\/artigos\/valor-presente-liquido\/\" target=\"_blank\" rel=\"noopener\" data-force=\"no\" data-priority=\"1\">valor presente l\u00edquido<\/a>\u00a0de R$ 126 milh\u00f5es. \u201cTaxas internas de retorno acima de 9,5% s\u00e3o projetos que devem gerar valor \u00e0 empresa\u201d, explica.<\/p>\n<p>Para os analistas da Genial, a AES Brasil (AESB3) tende a se beneficiar dessas aquisi\u00e7\u00f5es, devido a uma diversifica\u00e7\u00e3o de suas fontes de receita e\u00a0<a class=\"suno-keyword\" href=\"https:\/\/www.suno.com.br\/artigos\/geracao-de-caixa\/\" target=\"_blank\" rel=\"noopener\" data-force=\"no\" data-priority=\"1\">gera\u00e7\u00e3o de caixa<\/a>. A empresa ver\u00e1 tamb\u00e9m aumento de escala das opera\u00e7\u00f5es e uma eventual coopera\u00e7\u00e3o do ativo adquirido com opera\u00e7\u00f5es que a <strong>AES Brasil<\/strong> j\u00e1 possui ao redor do pa\u00eds.<\/p>\n\t<p>\n\t\t<a href=\"https:\/\/lp.suno.com.br\/planilha-da-vida-financeira\/\" target=\"_blank\" data-element=\"shortcode-suno-banner\" title=\"Banner SUNO, clique e saiba mais\">\n\t\t\t<picture>\n\t\t\t\t<source media=\"(max-width: 500px)\" srcset=\"https:\/\/files.sunoresearch.com.br\/n\/uploads\/2023\/04\/400x300-Planilha-vida-financeira-true.png\">\n\t\t\t\t<img class=\"newsContent__article__imgCapa newsContent__article__imgCapa--banner\"\n\t\t\t\t\tsrc=\"https:\/\/files.sunoresearch.com.br\/n\/uploads\/2023\/04\/1420x240-Planilha-vida-financeira-true.png\"\n\t\t\t\t\tdata-promo-id=\"106682\"\t\t\t\t\t\t\t\t\t\twidth='1420' height='240'\t\t\t\t\talt=\"https:\/\/files.sunoresearch.com.br\/n\/uploads\/2023\/04\/1420x240-Planilha-vida-financeira-true.png\"\n\t\t\t\t>\n\t\t\t<\/picture>\n\t\t<\/a>\n\t<\/p>\n\n\n","protected":false},"excerpt":{"rendered":"<p>A AES Brasil (AESB3) anunciou nesta quinta-feira (22) que assinou um pr\u00e9-contrato com o Complexo de Pec\u00e9m para avan\u00e7ar com os estudos de viabilidade para produ\u00e7\u00e3o de at\u00e9 2 GW de hidrog\u00eanio verde. AES Brasil. Foto: Pixabay. Al\u00e9m disso, a AES Brasil tamb\u00e9m pretende produzir at\u00e9 800 mil toneladas de am\u00f4nia verde por ano. De [&hellip;]<\/p>\n","protected":false},"author":146,"featured_media":281692,"comment_status":"closed","ping_status":"closed","sticky":false,"template":"","format":"standard","meta":[],"categories":[64],"tags":[106075],"suno_strategy":[],"class_list":["post-301045","post","type-post","status-publish","format-standard","has-post-thumbnail","hentry","category-negocios","tag-aes-brasil-aesb3"],"yoast_head":"<!-- This site is optimized with the Yoast SEO plugin v24.4 - https:\/\/yoast.com\/wordpress\/plugins\/seo\/ -->\n<title>AES Brasil (AESB3) assina pr\u00e9-contrato para produ\u00e7\u00e3o de hidrog\u00eanio verde<\/title>\n<meta name=\"description\" content=\"A AES Brasil (AESB3) anunciou nesta quinta-feira (22) que assinou um pr\u00e9-contrato com o Complexo de Pec\u00e9m para produ\u00e7\u00e3o de hidrog\u00eanio verde.\" \/>\n<meta name=\"robots\" content=\"index, follow, max-snippet:-1, max-image-preview:large, max-video-preview:-1\" \/>\n<link rel=\"canonical\" href=\"https:\/\/www.suno.com.br\/noticias\/aes-brasil-aesb3-pre-contrato-hidrogenio-verde\/\" \/>\n<meta property=\"og:locale\" content=\"pt_BR\" \/>\n<meta property=\"og:type\" content=\"article\" \/>\n<meta property=\"og:title\" content=\"AES Brasil (AESB3) assina pr\u00e9-contrato para produ\u00e7\u00e3o de hidrog\u00eanio verde\" \/>\n<meta property=\"og:description\" content=\"A AES Brasil (AESB3) anunciou nesta quinta-feira (22) que assinou um pr\u00e9-contrato com o Complexo de Pec\u00e9m para produ\u00e7\u00e3o de hidrog\u00eanio verde.\" \/>\n<meta property=\"og:url\" content=\"https:\/\/www.suno.com.br\/noticias\/aes-brasil-aesb3-pre-contrato-hidrogenio-verde\/\" \/>\n<meta property=\"og:site_name\" content=\"Suno Not\u00edcias\" \/>\n<meta property=\"article:publisher\" content=\"https:\/\/facebook.com\/sunoresearch\" \/>\n<meta property=\"og:image\" content=\"https:\/\/files.sunoresearch.com.br\/n\/uploads\/2022\/08\/Aes-Brasil-pixabay-1.jpg\" \/>\n\t<meta property=\"og:image:width\" content=\"1200\" \/>\n\t<meta property=\"og:image:height\" content=\"800\" \/>\n\t<meta property=\"og:image:type\" content=\"image\/jpeg\" \/>\n<meta name=\"author\" content=\"Vict\u00f3ria Anhesini\" \/>\n<meta name=\"twitter:card\" content=\"summary_large_image\" \/>\n<meta name=\"twitter:creator\" content=\"@sunoresearch\" \/>\n<meta name=\"twitter:site\" content=\"@sunoresearch\" \/>\n<meta name=\"twitter:label1\" content=\"Escrito por\" \/>\n\t<meta name=\"twitter:data1\" content=\"Vict\u00f3ria Anhesini\" \/>\n\t<meta name=\"twitter:label2\" content=\"Est. tempo de leitura\" \/>\n\t<meta name=\"twitter:data2\" content=\"3 minutos\" \/>\n<script type=\"application\/ld+json\" class=\"yoast-schema-graph\">{\"@context\":\"https:\/\/schema.org\",\"@graph\":[{\"@type\":\"NewsArticle\",\"@id\":\"https:\/\/www.suno.com.br\/noticias\/aes-brasil-aesb3-pre-contrato-hidrogenio-verde\/#article\",\"isPartOf\":{\"@id\":\"https:\/\/www.suno.com.br\/noticias\/aes-brasil-aesb3-pre-contrato-hidrogenio-verde\/\"},\"author\":{\"name\":\"Vict\u00f3ria Anhesini\",\"@id\":\"https:\/\/www.suno.com.br\/noticias\/#\/schema\/person\/46d847cb19ad53fde0857adca989c23f\"},\"headline\":\"AES Brasil (AESB3) assina pr\u00e9-contrato para produ\u00e7\u00e3o de hidrog\u00eanio verde\",\"datePublished\":\"2022-09-23T00:44:12+00:00\",\"mainEntityOfPage\":{\"@id\":\"https:\/\/www.suno.com.br\/noticias\/aes-brasil-aesb3-pre-contrato-hidrogenio-verde\/\"},\"wordCount\":558,\"publisher\":{\"@id\":\"https:\/\/www.suno.com.br\/noticias\/#organization\"},\"image\":{\"@id\":\"https:\/\/www.suno.com.br\/noticias\/aes-brasil-aesb3-pre-contrato-hidrogenio-verde\/#primaryimage\"},\"thumbnailUrl\":\"https:\/\/files.sunoresearch.com.br\/n\/uploads\/2022\/08\/Aes-Brasil-pixabay-1.jpg\",\"keywords\":[\"AES Brasil (AESB3)\"],\"articleSection\":[\"Neg\u00f3cios\"],\"inLanguage\":\"pt-BR\"},{\"@type\":\"WebPage\",\"@id\":\"https:\/\/www.suno.com.br\/noticias\/aes-brasil-aesb3-pre-contrato-hidrogenio-verde\/\",\"url\":\"https:\/\/www.suno.com.br\/noticias\/aes-brasil-aesb3-pre-contrato-hidrogenio-verde\/\",\"name\":\"AES Brasil (AESB3) assina pr\u00e9-contrato para produ\u00e7\u00e3o de hidrog\u00eanio verde\",\"isPartOf\":{\"@id\":\"https:\/\/www.suno.com.br\/noticias\/#website\"},\"primaryImageOfPage\":{\"@id\":\"https:\/\/www.suno.com.br\/noticias\/aes-brasil-aesb3-pre-contrato-hidrogenio-verde\/#primaryimage\"},\"image\":{\"@id\":\"https:\/\/www.suno.com.br\/noticias\/aes-brasil-aesb3-pre-contrato-hidrogenio-verde\/#primaryimage\"},\"thumbnailUrl\":\"https:\/\/files.sunoresearch.com.br\/n\/uploads\/2022\/08\/Aes-Brasil-pixabay-1.jpg\",\"datePublished\":\"2022-09-23T00:44:12+00:00\",\"description\":\"A AES Brasil (AESB3) anunciou nesta quinta-feira (22) que assinou um pr\u00e9-contrato com o Complexo de Pec\u00e9m para produ\u00e7\u00e3o de hidrog\u00eanio verde.\",\"breadcrumb\":{\"@id\":\"https:\/\/www.suno.com.br\/noticias\/aes-brasil-aesb3-pre-contrato-hidrogenio-verde\/#breadcrumb\"},\"inLanguage\":\"pt-BR\",\"potentialAction\":[{\"@type\":\"ReadAction\",\"target\":[\"https:\/\/www.suno.com.br\/noticias\/aes-brasil-aesb3-pre-contrato-hidrogenio-verde\/\"]}]},{\"@type\":\"ImageObject\",\"inLanguage\":\"pt-BR\",\"@id\":\"https:\/\/www.suno.com.br\/noticias\/aes-brasil-aesb3-pre-contrato-hidrogenio-verde\/#primaryimage\",\"url\":\"https:\/\/files.sunoresearch.com.br\/n\/uploads\/2022\/08\/Aes-Brasil-pixabay-1.jpg\",\"contentUrl\":\"https:\/\/files.sunoresearch.com.br\/n\/uploads\/2022\/08\/Aes-Brasil-pixabay-1.jpg\",\"width\":1200,\"height\":800,\"caption\":\"AES Brasil. Foto: Pixabay.\"},{\"@type\":\"BreadcrumbList\",\"@id\":\"https:\/\/www.suno.com.br\/noticias\/aes-brasil-aesb3-pre-contrato-hidrogenio-verde\/#breadcrumb\",\"itemListElement\":[{\"@type\":\"ListItem\",\"position\":1,\"name\":\"Not\u00edcias\",\"item\":\"https:\/\/www.suno.com.br\/noticias\/\"},{\"@type\":\"ListItem\",\"position\":2,\"name\":\"Neg\u00f3cios\",\"item\":\"https:\/\/www.suno.com.br\/noticias\/negocios\/\"},{\"@type\":\"ListItem\",\"position\":3,\"name\":\"AES Brasil (AESB3) assina pr\u00e9-contrato para produ\u00e7\u00e3o de hidrog\u00eanio verde\"}]},{\"@type\":\"WebSite\",\"@id\":\"https:\/\/www.suno.com.br\/noticias\/#website\",\"url\":\"https:\/\/www.suno.com.br\/noticias\/\",\"name\":\"Suno Not\u00edcias\",\"description\":\"Seu portal de informa\u00e7\u00e3o sobre o mundo dos investimentos\",\"publisher\":{\"@id\":\"https:\/\/www.suno.com.br\/noticias\/#organization\"},\"potentialAction\":[{\"@type\":\"SearchAction\",\"target\":{\"@type\":\"EntryPoint\",\"urlTemplate\":\"https:\/\/www.suno.com.br\/noticias\/?s={search_term_string}\"},\"query-input\":{\"@type\":\"PropertyValueSpecification\",\"valueRequired\":true,\"valueName\":\"search_term_string\"}}],\"inLanguage\":\"pt-BR\"},{\"@type\":\"Organization\",\"@id\":\"https:\/\/www.suno.com.br\/noticias\/#organization\",\"name\":\"Suno Not\u00edcias\",\"url\":\"https:\/\/www.suno.com.br\/noticias\/\",\"logo\":{\"@type\":\"ImageObject\",\"inLanguage\":\"pt-BR\",\"@id\":\"https:\/\/www.suno.com.br\/noticias\/#\/schema\/logo\/image\/\",\"url\":\"https:\/\/files.sunoresearch.com.br\/n\/uploads\/2021\/09\/suno-logo.png\",\"contentUrl\":\"https:\/\/files.sunoresearch.com.br\/n\/uploads\/2021\/09\/suno-logo.png\",\"width\":180,\"height\":180,\"caption\":\"Suno Not\u00edcias\"},\"image\":{\"@id\":\"https:\/\/www.suno.com.br\/noticias\/#\/schema\/logo\/image\/\"},\"sameAs\":[\"https:\/\/facebook.com\/sunoresearch\",\"https:\/\/x.com\/sunoresearch\",\"https:\/\/www.instagram.com\/suno\",\"https:\/\/www.linkedin.com\/company\/suno-research\/\",\"https:\/\/www.youtube.com\/c\/sunoresearch\"]},{\"@type\":\"Person\",\"@id\":\"https:\/\/www.suno.com.br\/noticias\/#\/schema\/person\/46d847cb19ad53fde0857adca989c23f\",\"name\":\"Vict\u00f3ria Anhesini\",\"image\":{\"@type\":\"ImageObject\",\"inLanguage\":\"pt-BR\",\"@id\":\"https:\/\/www.suno.com.br\/noticias\/#\/schema\/person\/image\/\",\"url\":\"https:\/\/secure.gravatar.com\/avatar\/0172bdfcd9129dd9dd68794804304e6e?s=96&r=g\",\"contentUrl\":\"https:\/\/secure.gravatar.com\/avatar\/0172bdfcd9129dd9dd68794804304e6e?s=96&r=g\",\"caption\":\"Vict\u00f3ria Anhesini\"},\"description\":\"Rep\u00f3rter no Suno Not\u00edcias, cobre mercados, neg\u00f3cios e economia, escrevendo majoritariamente sobre movimentos das empresas, cobertura de balan\u00e7os trimestrais e Bolsa de Valores. Formada em jornalismo pela Universidade Presbiteriana Mackenzie em 2019, passou pelo portal de economia e finan\u00e7as EuQueroInvestir como rep\u00f3rter e anteriormente, trabalhou na assessoria de imprensa PinePR, onde liderou com startups de inova\u00e7\u00e3o, tecnologia e finan\u00e7as. Em seu tempo livre, fala sobre m\u00fasica para ambos os sites do selo ForMusic, Wikimetal e Mad Sound, e faz trabalho volunt\u00e1rio no programa Escreve Cartas do Poupatempo.\",\"sameAs\":[\"https:\/\/www.linkedin.com\/in\/victoria-anhesini\/\"],\"url\":\"https:\/\/www.suno.com.br\/noticias\/author\/victoria\/\"}]}<\/script>\n<!-- \/ Yoast SEO plugin. -->","yoast_head_json":{"title":"AES Brasil (AESB3) assina pr\u00e9-contrato para produ\u00e7\u00e3o de hidrog\u00eanio verde","description":"A AES Brasil (AESB3) anunciou nesta quinta-feira (22) que assinou um pr\u00e9-contrato com o Complexo de Pec\u00e9m para produ\u00e7\u00e3o de hidrog\u00eanio verde.","robots":{"index":"index","follow":"follow","max-snippet":"max-snippet:-1","max-image-preview":"max-image-preview:large","max-video-preview":"max-video-preview:-1"},"canonical":"https:\/\/www.suno.com.br\/noticias\/aes-brasil-aesb3-pre-contrato-hidrogenio-verde\/","og_locale":"pt_BR","og_type":"article","og_title":"AES Brasil (AESB3) assina pr\u00e9-contrato para produ\u00e7\u00e3o de hidrog\u00eanio verde","og_description":"A AES Brasil (AESB3) anunciou nesta quinta-feira (22) que assinou um pr\u00e9-contrato com o Complexo de Pec\u00e9m para produ\u00e7\u00e3o de hidrog\u00eanio verde.","og_url":"https:\/\/www.suno.com.br\/noticias\/aes-brasil-aesb3-pre-contrato-hidrogenio-verde\/","og_site_name":"Suno Not\u00edcias","article_publisher":"https:\/\/facebook.com\/sunoresearch","og_image":[{"width":1200,"height":800,"url":"https:\/\/files.sunoresearch.com.br\/n\/uploads\/2022\/08\/Aes-Brasil-pixabay-1.jpg","type":"image\/jpeg"}],"author":"Vict\u00f3ria Anhesini","twitter_card":"summary_large_image","twitter_creator":"@sunoresearch","twitter_site":"@sunoresearch","twitter_misc":{"Escrito por":"Vict\u00f3ria Anhesini","Est. tempo de leitura":"3 minutos"},"schema":{"@context":"https:\/\/schema.org","@graph":[{"@type":"NewsArticle","@id":"https:\/\/www.suno.com.br\/noticias\/aes-brasil-aesb3-pre-contrato-hidrogenio-verde\/#article","isPartOf":{"@id":"https:\/\/www.suno.com.br\/noticias\/aes-brasil-aesb3-pre-contrato-hidrogenio-verde\/"},"author":{"name":"Vict\u00f3ria Anhesini","@id":"https:\/\/www.suno.com.br\/noticias\/#\/schema\/person\/46d847cb19ad53fde0857adca989c23f"},"headline":"AES Brasil (AESB3) assina pr\u00e9-contrato para produ\u00e7\u00e3o de hidrog\u00eanio verde","datePublished":"2022-09-23T00:44:12+00:00","mainEntityOfPage":{"@id":"https:\/\/www.suno.com.br\/noticias\/aes-brasil-aesb3-pre-contrato-hidrogenio-verde\/"},"wordCount":558,"publisher":{"@id":"https:\/\/www.suno.com.br\/noticias\/#organization"},"image":{"@id":"https:\/\/www.suno.com.br\/noticias\/aes-brasil-aesb3-pre-contrato-hidrogenio-verde\/#primaryimage"},"thumbnailUrl":"https:\/\/files.sunoresearch.com.br\/n\/uploads\/2022\/08\/Aes-Brasil-pixabay-1.jpg","keywords":["AES Brasil (AESB3)"],"articleSection":["Neg\u00f3cios"],"inLanguage":"pt-BR"},{"@type":"WebPage","@id":"https:\/\/www.suno.com.br\/noticias\/aes-brasil-aesb3-pre-contrato-hidrogenio-verde\/","url":"https:\/\/www.suno.com.br\/noticias\/aes-brasil-aesb3-pre-contrato-hidrogenio-verde\/","name":"AES Brasil (AESB3) assina pr\u00e9-contrato para produ\u00e7\u00e3o de hidrog\u00eanio verde","isPartOf":{"@id":"https:\/\/www.suno.com.br\/noticias\/#website"},"primaryImageOfPage":{"@id":"https:\/\/www.suno.com.br\/noticias\/aes-brasil-aesb3-pre-contrato-hidrogenio-verde\/#primaryimage"},"image":{"@id":"https:\/\/www.suno.com.br\/noticias\/aes-brasil-aesb3-pre-contrato-hidrogenio-verde\/#primaryimage"},"thumbnailUrl":"https:\/\/files.sunoresearch.com.br\/n\/uploads\/2022\/08\/Aes-Brasil-pixabay-1.jpg","datePublished":"2022-09-23T00:44:12+00:00","description":"A AES Brasil (AESB3) anunciou nesta quinta-feira (22) que assinou um pr\u00e9-contrato com o Complexo de Pec\u00e9m para produ\u00e7\u00e3o de hidrog\u00eanio verde.","breadcrumb":{"@id":"https:\/\/www.suno.com.br\/noticias\/aes-brasil-aesb3-pre-contrato-hidrogenio-verde\/#breadcrumb"},"inLanguage":"pt-BR","potentialAction":[{"@type":"ReadAction","target":["https:\/\/www.suno.com.br\/noticias\/aes-brasil-aesb3-pre-contrato-hidrogenio-verde\/"]}]},{"@type":"ImageObject","inLanguage":"pt-BR","@id":"https:\/\/www.suno.com.br\/noticias\/aes-brasil-aesb3-pre-contrato-hidrogenio-verde\/#primaryimage","url":"https:\/\/files.sunoresearch.com.br\/n\/uploads\/2022\/08\/Aes-Brasil-pixabay-1.jpg","contentUrl":"https:\/\/files.sunoresearch.com.br\/n\/uploads\/2022\/08\/Aes-Brasil-pixabay-1.jpg","width":1200,"height":800,"caption":"AES Brasil. Foto: Pixabay."},{"@type":"BreadcrumbList","@id":"https:\/\/www.suno.com.br\/noticias\/aes-brasil-aesb3-pre-contrato-hidrogenio-verde\/#breadcrumb","itemListElement":[{"@type":"ListItem","position":1,"name":"Not\u00edcias","item":"https:\/\/www.suno.com.br\/noticias\/"},{"@type":"ListItem","position":2,"name":"Neg\u00f3cios","item":"https:\/\/www.suno.com.br\/noticias\/negocios\/"},{"@type":"ListItem","position":3,"name":"AES Brasil (AESB3) assina pr\u00e9-contrato para produ\u00e7\u00e3o de hidrog\u00eanio verde"}]},{"@type":"WebSite","@id":"https:\/\/www.suno.com.br\/noticias\/#website","url":"https:\/\/www.suno.com.br\/noticias\/","name":"Suno Not\u00edcias","description":"Seu portal de informa\u00e7\u00e3o sobre o mundo dos investimentos","publisher":{"@id":"https:\/\/www.suno.com.br\/noticias\/#organization"},"potentialAction":[{"@type":"SearchAction","target":{"@type":"EntryPoint","urlTemplate":"https:\/\/www.suno.com.br\/noticias\/?s={search_term_string}"},"query-input":{"@type":"PropertyValueSpecification","valueRequired":true,"valueName":"search_term_string"}}],"inLanguage":"pt-BR"},{"@type":"Organization","@id":"https:\/\/www.suno.com.br\/noticias\/#organization","name":"Suno Not\u00edcias","url":"https:\/\/www.suno.com.br\/noticias\/","logo":{"@type":"ImageObject","inLanguage":"pt-BR","@id":"https:\/\/www.suno.com.br\/noticias\/#\/schema\/logo\/image\/","url":"https:\/\/files.sunoresearch.com.br\/n\/uploads\/2021\/09\/suno-logo.png","contentUrl":"https:\/\/files.sunoresearch.com.br\/n\/uploads\/2021\/09\/suno-logo.png","width":180,"height":180,"caption":"Suno Not\u00edcias"},"image":{"@id":"https:\/\/www.suno.com.br\/noticias\/#\/schema\/logo\/image\/"},"sameAs":["https:\/\/facebook.com\/sunoresearch","https:\/\/x.com\/sunoresearch","https:\/\/www.instagram.com\/suno","https:\/\/www.linkedin.com\/company\/suno-research\/","https:\/\/www.youtube.com\/c\/sunoresearch"]},{"@type":"Person","@id":"https:\/\/www.suno.com.br\/noticias\/#\/schema\/person\/46d847cb19ad53fde0857adca989c23f","name":"Vict\u00f3ria Anhesini","image":{"@type":"ImageObject","inLanguage":"pt-BR","@id":"https:\/\/www.suno.com.br\/noticias\/#\/schema\/person\/image\/","url":"https:\/\/secure.gravatar.com\/avatar\/0172bdfcd9129dd9dd68794804304e6e?s=96&r=g","contentUrl":"https:\/\/secure.gravatar.com\/avatar\/0172bdfcd9129dd9dd68794804304e6e?s=96&r=g","caption":"Vict\u00f3ria Anhesini"},"description":"Rep\u00f3rter no Suno Not\u00edcias, cobre mercados, neg\u00f3cios e economia, escrevendo majoritariamente sobre movimentos das empresas, cobertura de balan\u00e7os trimestrais e Bolsa de Valores. Formada em jornalismo pela Universidade Presbiteriana Mackenzie em 2019, passou pelo portal de economia e finan\u00e7as EuQueroInvestir como rep\u00f3rter e anteriormente, trabalhou na assessoria de imprensa PinePR, onde liderou com startups de inova\u00e7\u00e3o, tecnologia e finan\u00e7as. Em seu tempo livre, fala sobre m\u00fasica para ambos os sites do selo ForMusic, Wikimetal e Mad Sound, e faz trabalho volunt\u00e1rio no programa Escreve Cartas do Poupatempo.","sameAs":["https:\/\/www.linkedin.com\/in\/victoria-anhesini\/"],"url":"https:\/\/www.suno.com.br\/noticias\/author\/victoria\/"}]}},"default_loop_html":"<div class=\"cardsPage__listCard__boxs\"><div class=\"cardsPage__listCard__boxs__img\"><a href=\"https:\/\/www.suno.com.br\/noticias\/aes-brasil-aesb3-pre-contrato-hidrogenio-verde\/\"><img class=\"mask\" src=\"https:\/\/www.suno.com.br\/noticias\/wp-content\/themes\/suno\/resources\/images\/spotlight\/spotlight1img\/bg-mask.png\" alt=\"Image Mask\"\/><img src=\"https:\/\/files.sunoresearch.com.br\/n\/uploads\/2022\/08\/Aes-Brasil-pixabay-1-400x200.jpg\" alt=\"AES Brasil (AESB3) assina pr\u00e9-contrato para produ\u00e7\u00e3o de hidrog\u00eanio verde\"\/><\/a><span class=\"spotlightCategory\"><a href=\"https:\/\/www.suno.com.br\/noticias\/negocios\/\">Neg\u00f3cios<\/a><\/span><\/div><div class=\"cardsPage__listCard__boxs__content\"><a href=\"https:\/\/www.suno.com.br\/noticias\/aes-brasil-aesb3-pre-contrato-hidrogenio-verde\/\"><h2 class=\"content__title\">AES Brasil (AESB3) assina pr\u00e9-contrato para produ\u00e7\u00e3o de hidrog\u00eanio verde<\/h2><\/a><div class=\"newsContent__article__meta\"><div class=\"newsContent__article__meta__authorBox\"><a href=\"https:\/\/www.suno.com.br\/noticias\/author\/victoria\/\" class=\"authorBox__avatar noMobi\"><img src=\"https:\/\/files.sunoresearch.com.br\/n\/uploads\/2021\/12\/20190129VickyPINEAPPLE01-1-150x150.jpg\" alt=\"Vict\u00f3ria Anhesini\"><\/a><div class=\"authorBox__name\"><span>por\n\t\t\t<a href=\"https:\/\/www.suno.com.br\/noticias\/author\/victoria\/\"><span itemprop=\"author\">Vict\u00f3ria Anhesini<\/span><\/a><\/span><time datetime=\"2022-09-22T21:44:12-03:00\" itemprop=\"datePublished\">22\/09\/2022 21:44<\/time><\/div><\/div><\/div><\/div><\/div>","single_layout":"posts","amp_enabled":true,"_links":{"self":[{"href":"https:\/\/www.suno.com.br\/noticias\/wp-json\/wp\/v2\/posts\/301045"}],"collection":[{"href":"https:\/\/www.suno.com.br\/noticias\/wp-json\/wp\/v2\/posts"}],"about":[{"href":"https:\/\/www.suno.com.br\/noticias\/wp-json\/wp\/v2\/types\/post"}],"author":[{"embeddable":true,"href":"https:\/\/www.suno.com.br\/noticias\/wp-json\/wp\/v2\/users\/146"}],"replies":[{"embeddable":true,"href":"https:\/\/www.suno.com.br\/noticias\/wp-json\/wp\/v2\/comments?post=301045"}],"version-history":[{"count":2,"href":"https:\/\/www.suno.com.br\/noticias\/wp-json\/wp\/v2\/posts\/301045\/revisions"}],"predecessor-version":[{"id":301052,"href":"https:\/\/www.suno.com.br\/noticias\/wp-json\/wp\/v2\/posts\/301045\/revisions\/301052"}],"wp:featuredmedia":[{"embeddable":true,"href":"https:\/\/www.suno.com.br\/noticias\/wp-json\/wp\/v2\/media\/281692"}],"wp:attachment":[{"href":"https:\/\/www.suno.com.br\/noticias\/wp-json\/wp\/v2\/media?parent=301045"}],"wp:term":[{"taxonomy":"category","embeddable":true,"href":"https:\/\/www.suno.com.br\/noticias\/wp-json\/wp\/v2\/categories?post=301045"},{"taxonomy":"post_tag","embeddable":true,"href":"https:\/\/www.suno.com.br\/noticias\/wp-json\/wp\/v2\/tags?post=301045"},{"taxonomy":"suno_strategy","embeddable":true,"href":"https:\/\/www.suno.com.br\/noticias\/wp-json\/wp\/v2\/suno_strategy?post=301045"}],"curies":[{"name":"wp","href":"https:\/\/api.w.org\/{rel}","templated":true}]}}