{"id":301038,"date":"2022-09-22T21:41:08","date_gmt":"2022-09-23T00:41:08","guid":{"rendered":"https:\/\/www.suno.com.br\/noticias\/?p=301038"},"modified":"2022-09-22T21:41:08","modified_gmt":"2022-09-23T00:41:08","slug":"radar-banco-do-brasil-bbas3-b3-b3sa3-cury-cury3","status":"publish","type":"post","link":"https:\/\/www.suno.com.br\/noticias\/radar-banco-do-brasil-bbas3-b3-b3sa3-cury-cury3\/","title":{"rendered":"Radar: Banco do Brasil (BBAS3) diz ter estrat\u00e9gia corporativa aprovada para os pr\u00f3ximos 5 anos; B3 (B3SA3) aumenta valor por a\u00e7\u00e3o de dividendos e Cury (CURY3) pagar\u00e1 R$ 150 mi de dividendos"},"content":{"rendered":"<p>O presidente do <a class=\"suno-keyword\" href=\"https:\/\/www.suno.com.br\/acoes\/BBAS3\/\" target=\"_blank\" rel=\"noopener\" data-force=\"yes\" data-priority=\"2\"><strong>Banco do Brasil<\/strong> (BBAS3)<\/a>, Fausto Ribeiro, afirmou nesta quinta-feira (22) que as estruturas de governan\u00e7a da institui\u00e7\u00e3o s\u00e3o robustos.<\/p>\t<div class=\"wrapper-featured-image\">\n\t\t<figure class=\"spotlightImg\">\n\n\t\t\t<picture>\n\t\t\t\t<source media=\"(max-width: 768px)\" srcset=\"https:\/\/files.sunoresearch.com.br\/n\/uploads\/2022\/05\/bb-seguridade-400x200.jpg\">\n\t\t\t\t<img loading=\"lazy\" decoding=\"async\" class=\"newsContent__article__imgCapa lazyloadDisabled \" src=\"https:\/\/files.sunoresearch.com.br\/n\/uploads\/2022\/05\/bb-seguridade-800x450.jpg\" width=\"800\" height=\"450\" alt=\"Radar: Banco do Brasil (BBAS3) diz ter estrat\u00e9gia corporativa aprovada para os pr\u00f3ximos 5 anos; B3 (B3SA3) aumenta valor por a\u00e7\u00e3o de dividendos e Cury (CURY3) pagar\u00e1 R$ 150 mi de dividendos\" fetchpriority=high \/>\n\t\t\t<\/picture>\n\n\t\t\t<figcaption class=\"wp-caption-text wp-caption-text--show\">BB Seguridade (BBSE3). Foto: Divulga\u00e7\u00e3o<\/figcaption>\n\t\t<\/figure>\n\t<\/div>\n\n\n\t<p>\n\t\t<a href=\"\" target=\"_blank\" data-element=\"shortcode-suno-banner\" title=\"Banner SUNO, clique e saiba mais\">\n\t\t\t<picture>\n\t\t\t\t<source media=\"(max-width: 500px)\" srcset=\"\">\n\t\t\t\t<img class=\"newsContent__article__imgCapa newsContent__article__imgCapa--banner\"\n\t\t\t\t\tsrc=\"\"\n\t\t\t\t\tdata-promo-id=\"138420\"\t\t\t\t\t\t\t\t\t\t\t\t\t\t\talt=\"\"\n\t\t\t\t>\n\t\t\t<\/picture>\n\t\t<\/a>\n\t<\/p>\n\n\n<p>O executivo destacou que o banco tem uma estrat\u00e9gia corporativa aprovada nas inst\u00e2ncias internas, o que d\u00e1 um mote \u00e0 atua\u00e7\u00e3o dos executivos. &#8220;Temos uma estrat\u00e9gia corporativa aprovada, que guia a nossa atua\u00e7\u00e3o nos pr\u00f3ximos cinco anos&#8221;, disse ele, durante o BB Day, evento com investidores e analistas realizado de forma h\u00edbrida.<\/p>\n<p>Ribeiro pontuou que metade do <strong><a class=\"suno-keyword\" href=\"https:\/\/www.suno.com.br\/artigos\/conselho-administracao\/\" target=\"_blank\" rel=\"noopener\" data-force=\"no\" data-priority=\"1\">conselho de administra\u00e7\u00e3o<\/a> do Banco do Brasil<\/strong> \u00e9 formado por membros independentes, o que inclui representantes de acionistas minorit\u00e1rios, que s\u00e3o sempre &#8220;vigilantes&#8221; com a atua\u00e7\u00e3o do banco.<\/p>\n<p>Ele pontuou ainda que pelas normas de governan\u00e7a, at\u00e9 o posto de diretor estatut\u00e1rio, apenas funcion\u00e1rios de carreira podem ocupar as fun\u00e7\u00f5es. &#8220;Ningu\u00e9m tem al\u00e7ada individual no banco. Todas as decis\u00f5es s\u00e3o colegiadas&#8221;, disse ele.<\/p>\n<p>Al\u00e9m disso, o <strong>CEO do Banco do Brasil<\/strong> afirmou que a empresa pretende buscar um n\u00edvel de rentabilidade superior ao exibido recentemente. \u201cO BB deve buscar um patamar de rentabilidade mais arrojado&#8221;, disse Ribeiro.<\/p>\n<p>O <strong>lucro recorrente do Banco do Brasil do 2T22<\/strong>, divulgado em agosto, totalizou R$ 7,8 bilh\u00f5es, alta de 54,8% ante mesma etapa de 2021 e bem acima da previs\u00e3o m\u00e9dia de analistas, de R$ 6,48 bilh\u00f5es. A rentabilidade sobre o patrim\u00f4nio l\u00edquido foi de 20,6%, alta de 6,1 pontos percentuais sobre um ano antes, em linha com seus rivais do setor privado.<\/p>\n<p>Al\u00e9m do <strong>Banco do Brasil<\/strong>, confira outros destaques desta quinta-feira:<\/p>\n\t<p>\n\t\t<a href=\"https:\/\/lp.suno.com.br\/planilha-controle-gastos\/\" target=\"_blank\" data-element=\"shortcode-suno-banner\" title=\"Banner SUNO, clique e saiba mais\">\n\t\t\t<picture>\n\t\t\t\t<source media=\"(max-width: 500px)\" srcset=\"https:\/\/files.sunoresearch.com.br\/n\/uploads\/2023\/03\/400x300-Planilha-controle-de-gastos.png\">\n\t\t\t\t<img class=\"newsContent__article__imgCapa newsContent__article__imgCapa--banner\"\n\t\t\t\t\tsrc=\"https:\/\/files.sunoresearch.com.br\/n\/uploads\/2023\/03\/1420x240-Planilha-controle-de-gastos.png\"\n\t\t\t\t\tdata-promo-id=\"101751\"\t\t\t\t\t\t\t\t\t\twidth='1420' height='240'\t\t\t\t\talt=\"https:\/\/files.sunoresearch.com.br\/n\/uploads\/2023\/03\/1420x240-Planilha-controle-de-gastos.png\"\n\t\t\t\t>\n\t\t\t<\/picture>\n\t\t<\/a>\n\t<\/p>\n\n\n<h2>B3 (B3SA3) aumenta valor por a\u00e7\u00e3o de dividendos; veja quanto ficou<\/h2>\n<ul>\n<li>A <a class=\"suno-keyword\" href=\"https:\/\/www.suno.com.br\/acoes\/B3SA3\/\" target=\"_blank\" rel=\"noopener\" data-force=\"yes\" data-priority=\"2\"><strong>B3<\/strong> (B3SA3)<\/a> ajustou os valores por a\u00e7\u00e3o de <a class=\"suno-keyword\" href=\"https:\/\/www.suno.com.br\/guias\/dividendos\/\" target=\"_blank\" rel=\"noopener\" data-force=\"no\" data-priority=\"1\">dividendos<\/a> e <a class=\"suno-keyword\" href=\"https:\/\/www.suno.com.br\/artigos\/entenda-o-jcp\/\" target=\"_blank\" rel=\"noopener\" data-force=\"no\" data-priority=\"1\">Juros Sobre Capital Pr\u00f3prio (JCP)<\/a> bilion\u00e1rios relativos ao segundo e terceiro trimestre de 2022, conforme informou em <a class=\"suno-keyword\" href=\"https:\/\/www.suno.com.br\/artigos\/fato-relevante\/\" target=\"_blank\" rel=\"noopener\" data-force=\"no\" data-priority=\"1\">fato relevante<\/a> no final da tarde desta quinta-feira (22).<\/li>\n<li>Os valores atribu\u00eddos por a\u00e7\u00e3o relacionados aos <strong>dividendos da B3<\/strong> referentes ao segundo trimestre de 2022 foram ajustados de R$ 0,02804535 para R$ 0,02811557.<\/li>\n<li>J\u00e1 os valores atribu\u00eddos por a\u00e7\u00e3o relacionados ao pagamento de <strong>JCP da B3,<\/strong> referentes ao terceiro trimestre de 2022, foram ajustados de R$ 0,05462271 para R$ 0,05475947 por a\u00e7\u00e3o (valor l\u00edquido de R$ 0,04642930 para R$ 0,04654555).<\/li>\n<li>O valor l\u00edquido j\u00e1 deduz o Imposto de Renda na fonte de 15% sobre o valor dos JCP, exceto para os acionistas que tiverem tributa\u00e7\u00e3o diferenciada ou que estejam dispensados da referida tributa\u00e7\u00e3o.<\/li>\n<li>O pagamento dos dividendos e dos juros sobre capital pr\u00f3prio ser\u00e1 realizado no dia 7 de outubro de 2022, com base na posi\u00e7\u00e3o acion\u00e1ria do dia de hoje.<\/li>\n<li>As <strong>a\u00e7\u00f5es da B3<\/strong> passam a ser negociadas na condi\u00e7\u00e3o &#8220;ex&#8221; proventos a partir de amanh\u00e3 (23).<\/li>\n<li>Com a proximidade da <strong>Copa do Mundo de 2022<\/strong>, muitos investidores j\u00e1 est\u00e3o se perguntando se o funcionamento da B3 vai ser afetado por paralisa\u00e7\u00f5es nos trabalhos em dias de jogo do Brasil.<\/li>\n<li>Pr\u00e1tica relativamente comum em muitos setores da economia, a suspens\u00e3o de atividades enquanto o sele\u00e7\u00e3o est\u00e1 em campo n\u00e3o deve afetar a B3.<\/li>\n<li>Na segunda-feira, a bolsa brasileira emitiu um comunicado especificando os hor\u00e1rios de funcionamento da B3 durante a Copa.<\/li>\n<li>&#8220;Informamos que, durante os jogos da Copa do Mundo, de 20\/11 a 18\/12\/2022, n\u00e3o haver\u00e1 altera\u00e7\u00e3o dos hor\u00e1rios de funcionamento dos sistemas de negocia\u00e7\u00e3o e p\u00f3s-negocia\u00e7\u00e3o&#8221;, salientou a empresa.<\/li>\n<li>O<strong> jogo de estreia da Copa<\/strong> ser\u00e1 entre Catar e Equador no dia 20 de Novembro, \u00e0s 13h, hor\u00e1rio oficial de Bras\u00edlia.<\/li>\n<li>A final da competi\u00e7\u00e3o ser\u00e1 em 18 de dezembro.<\/li>\n<\/ul>\n<h2>Cury (CURY3) pagar\u00e1 R$ 150 mi de dividendos; confira valor por a\u00e7\u00e3o<\/h2>\n<ul>\n<li>A <a href=\"https:\/\/www.suno.com.br\/acoes\/cury3\/\"><strong>Cury<\/strong> Construtora (CURY3)<\/a> comunicou nesta quinta-feira (22) que pagar\u00e1 R$ 150 milh\u00f5es de <a class=\"suno-keyword\" href=\"https:\/\/www.suno.com.br\/guias\/dividendos\/\" target=\"_blank\" rel=\"noopener\" data-force=\"no\" data-priority=\"1\">dividendos<\/a> dia 30 de setembro, em continuidade ao divulgado dia 29 de abril deste ano.<\/li>\n<li>O valor dos proventos por a\u00e7\u00e3o ser\u00e1 de R$ 0,51535. Os <strong>dividendos da Cury<\/strong> haviam sido declarados na <a class=\"suno-keyword\" href=\"https:\/\/www.suno.com.br\/artigos\/assembleia-geral-ordinaria\/\" target=\"_blank\" rel=\"noopener\" data-force=\"no\" data-priority=\"1\">Assembleia Geral Ordin\u00e1ria<\/a> e Extraordin\u00e1ria da Companhia realizada em 29 de abril de 2022 e ainda n\u00e3o pagos.<\/li>\n<li>Apenas os investidores com <strong>a\u00e7\u00f5es da Cury<\/strong> no dia 29 de abril ter\u00e3o direito de receber os rendimentos. A partir do dia 2 de maio, as a\u00e7\u00f5es passaram a ser negociadas sem direito aos dividendos.<\/li>\n<li>&#8220;N\u00e3o haver\u00e1 atualiza\u00e7\u00e3o monet\u00e1ria ou incid\u00eancia de juros entre a data da declara\u00e7\u00e3o dos dividendos (29 de abril de 2022) e a data do efetivo pagamento (30 de setembro de 2022)&#8221;, disse a Cury no <a class=\"suno-keyword\" href=\"https:\/\/www.suno.com.br\/artigos\/fato-relevante\/\" target=\"_blank\" rel=\"noopener\" data-force=\"no\" data-priority=\"1\">fato relevante<\/a>.<\/li>\n<li>Segundo documento arquivado na Comiss\u00e3o de Valores Mobili\u00e1rios (CVM), esses proventos fazem parte dos dividendos obrigat\u00f3rios do exerc\u00edcio de 2022.<\/li>\n<\/ul>\n\t<p>\n\t\t<a href=\"https:\/\/lp.suno.com.br\/planilha-da-vida-financeira\/\" target=\"_blank\" data-element=\"shortcode-suno-banner\" title=\"Banner SUNO, clique e saiba mais\">\n\t\t\t<picture>\n\t\t\t\t<source media=\"(max-width: 500px)\" srcset=\"https:\/\/files.sunoresearch.com.br\/n\/uploads\/2023\/04\/400x300-Planilha-vida-financeira-true.png\">\n\t\t\t\t<img class=\"newsContent__article__imgCapa newsContent__article__imgCapa--banner\"\n\t\t\t\t\tsrc=\"https:\/\/files.sunoresearch.com.br\/n\/uploads\/2023\/04\/1420x240-Planilha-vida-financeira-true.png\"\n\t\t\t\t\tdata-promo-id=\"106682\"\t\t\t\t\t\t\t\t\t\twidth='1420' height='240'\t\t\t\t\talt=\"https:\/\/files.sunoresearch.com.br\/n\/uploads\/2023\/04\/1420x240-Planilha-vida-financeira-true.png\"\n\t\t\t\t>\n\t\t\t<\/picture>\n\t\t<\/a>\n\t<\/p>\n\n\n<h2>Lojas Renner (LREN3) e Pardini (PARD3) v\u00e3o pagar R$ 189 mi em JCP<\/h2>\n<ul>\n<li>Nesta quinta-feira (22), a <strong>Lojas Renner<\/strong> (<a href=\"https:\/\/www.suno.com.br\/acoes\/lren3\/\">LREN3<\/a>) e a <a class=\"suno-keyword\" href=\"https:\/\/www.suno.com.br\/acoes\/PARD3\/\" target=\"_blank\" rel=\"noopener\" data-force=\"yes\" data-priority=\"2\">Hermes Pardini (PARD3)<\/a> anunciaram que ir\u00e3o pagar um total de R$ 189 milh\u00f5es em <a class=\"suno-keyword\" href=\"https:\/\/www.suno.com.br\/artigos\/entenda-o-jcp\/\" target=\"_blank\" rel=\"noopener\" data-force=\"no\" data-priority=\"1\">Juros Sobre Capital Pr\u00f3prio<\/a> (JCP).<\/li>\n<li>A <strong>Hermes Pardini<\/strong> pagar\u00e1 R$ 15 milh\u00f5es em JCP e a Lojas Renner pagar\u00e1 R$ 169 milh\u00f5es, segundo fatos relevantes divulgados hoje. Confira mais detalhes abaixo:<\/li>\n<li>O valor dos proventos por a\u00e7\u00e3o ser\u00e1 de R$ 0,17, que ser\u00e3o pagos em 6 de outubro de 2022.<\/li>\n<li>Apenas os investidores com a\u00e7\u00f5es da Lojas Renner no dia 27 de setembro ter\u00e3o direito de receber os rendimentos. A partir do dia 28 de setembro, as a\u00e7\u00f5es ser\u00e3o negociadas sem direito aos <strong>dividendos<\/strong>.<\/li>\n<li>Segundo documento arquivado na Comiss\u00e3o de Valores Mobili\u00e1rios (CVM), esses proventos fazem parte dos dividendos obrigat\u00f3rios do exerc\u00edcio de 2022 da Lojas Renner.<\/li>\n<li>O valor dos JCP ter\u00e1 reten\u00e7\u00e3o do imposto de renda na fonte, com al\u00edquota de 15%, resultando em aproximadamente R$ 0,15 por a\u00e7\u00e3o.<\/li>\n<li>Hermes Pardini pagar\u00e1 R$ 15 milh\u00f5es em JCP<\/li>\n<li>O valor dos proventos por a\u00e7\u00e3o ser\u00e1 de R$ 0,12, que ser\u00e3o pagos em 7 de outubro de 2022.<\/li>\n<li>Apenas os investidores com a\u00e7\u00f5es da Hermes Pardini no dia 27 de setembro ter\u00e3o direito de receber os rendimentos. A partir do dia 28 de setembro, as a\u00e7\u00f5es ser\u00e3o negociadas sem direito aos dividendos.<\/li>\n<li>Segundo documento arquivado na Comiss\u00e3o de Valores Mobili\u00e1rios (CVM), esses proventos fazem parte dos dividendos obrigat\u00f3rios do exerc\u00edcio de 2022.<\/li>\n<li>O valor dos JCP ter\u00e1 reten\u00e7\u00e3o do imposto de renda na fonte, com al\u00edquota de 15%, resultando em aproximadamente R$ 0,10 por a\u00e7\u00e3o.<\/li>\n<li>No preg\u00e3o de hoje, a cota\u00e7\u00e3o das a\u00e7\u00f5es da <strong>Lojas Renner<\/strong> subiu 3,09%, cotada a R$ 28,45. As a\u00e7\u00f5es da Hermes Pardini subiram 1,80%, cotadas a R$ 22,08.<\/li>\n<\/ul>\n\t<p>\n\t\t<a href=\"https:\/\/lp.suno.com.br\/ebook-como-analisar-uma-acao\/\" target=\"_blank\" data-element=\"shortcode-suno-banner\" title=\"Banner SUNO, clique e saiba mais\">\n\t\t\t<picture>\n\t\t\t\t<source media=\"(max-width: 500px)\" srcset=\"https:\/\/files.sunoresearch.com.br\/n\/uploads\/2023\/03\/Ebook-Acoes-Mobile-1.jpg\">\n\t\t\t\t<img class=\"newsContent__article__imgCapa newsContent__article__imgCapa--banner\"\n\t\t\t\t\tsrc=\"https:\/\/files.sunoresearch.com.br\/n\/uploads\/2023\/03\/Ebook-Acoes-Desktop-1.jpg\"\n\t\t\t\t\tdata-promo-id=\"171998\"\t\t\t\t\t\t\t\t\t\twidth='1420' height='286'\t\t\t\t\talt=\"https:\/\/files.sunoresearch.com.br\/n\/uploads\/2023\/03\/Ebook-Acoes-Desktop-1.jpg\"\n\t\t\t\t>\n\t\t\t<\/picture>\n\t\t<\/a>\n\t<\/p>\n\n\n<h2>Multiplan (MULT3) vai pagar R$ 100 milh\u00f5es em JCP; veja valor por a\u00e7\u00e3o<\/h2>\n<ul>\n<li>A <a class=\"suno-keyword\" href=\"https:\/\/www.suno.com.br\/acoes\/MULT3\/\" target=\"_blank\" rel=\"noopener\" data-force=\"yes\" data-priority=\"2\"><strong>Multiplan<\/strong> (MULT3)<\/a> anunciou nesta quinta-feira (22) que vai pagar R$ 100 milh\u00f5es em <a class=\"suno-keyword\" href=\"https:\/\/www.suno.com.br\/artigos\/entenda-o-jcp\/\" target=\"_blank\" rel=\"noopener\" data-force=\"no\" data-priority=\"1\">Juros Sobre Capital Pr\u00f3prio<\/a> (JCP) aos seus acionistas.<\/li>\n<li>O valor dos proventos por a\u00e7\u00e3o ser\u00e1 de R$ 0,17, que ser\u00e3o pagos at\u00e9 o dia 29 de setembro de 2023.<\/li>\n<li>Apenas os investidores com <strong>a\u00e7\u00f5es da Multiplan<\/strong> no dia 27 de setembro ter\u00e3o direito de receber os rendimentos. A partir do dia 28 de setembro, as a\u00e7\u00f5es ser\u00e3o negociadas sem direito aos <a class=\"suno-keyword\" href=\"https:\/\/www.suno.com.br\/guias\/dividendos\/\" target=\"_blank\" rel=\"noopener\" data-force=\"no\" data-priority=\"1\">dividendos<\/a>.<\/li>\n<li>Segundo documento arquivado na Comiss\u00e3o de Valores Mobili\u00e1rios (CVM), esses proventos fazem parte dos dividendos obrigat\u00f3rios do exerc\u00edcio de 2022.<\/li>\n<li>O valor dos <strong>JCP da Multiplan<\/strong> ter\u00e1 reten\u00e7\u00e3o do imposto de renda na fonte, com al\u00edquota de 15%, resultando em aproximadamente R$ 0,14509663281 por a\u00e7\u00e3o.<\/li>\n<li>No preg\u00e3o de hoje, a cota\u00e7\u00e3o das a\u00e7\u00f5es da\u00a0<strong>Multiplan<\/strong> subiu 1,34%, cotada a R$ 24,89. No ano, o papel acumula alta de 42,64%.<\/li>\n<\/ul>\n<p>Do <strong>Banco do Brasil<\/strong> a Multiplan, essas foram as empresas que se destacaram hoje. Para ler todas as mat\u00e9rias <b data-stringify-type=\"bold\"><a class=\"c-link\" tabindex=\"-1\" href=\"https:\/\/www.suno.com.br\/noticias\/\" target=\"_blank\" rel=\"noopener noreferrer\" data-stringify-link=\"https:\/\/www.suno.com.br\/noticias\/\" data-sk=\"tooltip_parent\" data-remove-tab-index=\"true\">clique aqui<\/a><\/b>.<\/p>\n\t<p>\n\t\t<a href=\"https:\/\/lp.suno.com.br\/planilha-de-controle-de-investimentos\/\" target=\"_blank\" data-element=\"shortcode-suno-banner\" title=\"Banner SUNO, clique e saiba mais\">\n\t\t\t<picture>\n\t\t\t\t<source media=\"(max-width: 500px)\" srcset=\"https:\/\/files.sunoresearch.com.br\/n\/uploads\/2023\/03\/400x300-Controle-de-Investimentos.png\">\n\t\t\t\t<img class=\"newsContent__article__imgCapa newsContent__article__imgCapa--banner\"\n\t\t\t\t\tsrc=\"https:\/\/files.sunoresearch.com.br\/n\/uploads\/2023\/03\/1420x240-Controle-de-Investimentos.png\"\n\t\t\t\t\tdata-promo-id=\"75934\"\t\t\t\t\t\t\t\t\t\twidth='1420' height='240'\t\t\t\t\talt=\"https:\/\/files.sunoresearch.com.br\/n\/uploads\/2023\/03\/1420x240-Controle-de-Investimentos.png\"\n\t\t\t\t>\n\t\t\t<\/picture>\n\t\t<\/a>\n\t<\/p>\n\n\n","protected":false},"excerpt":{"rendered":"<p>O presidente do Banco do Brasil (BBAS3), Fausto Ribeiro, afirmou nesta quinta-feira (22) que as estruturas de governan\u00e7a da institui\u00e7\u00e3o s\u00e3o robustos. BB Seguridade (BBSE3). Foto: Divulga\u00e7\u00e3o O executivo destacou que o banco tem uma estrat\u00e9gia corporativa aprovada nas inst\u00e2ncias internas, o que d\u00e1 um mote \u00e0 atua\u00e7\u00e3o dos executivos. &#8220;Temos uma estrat\u00e9gia corporativa aprovada, [&hellip;]<\/p>\n","protected":false},"author":194,"featured_media":257503,"comment_status":"closed","ping_status":"closed","sticky":false,"template":"","format":"standard","meta":[],"categories":[64],"tags":[732],"suno_strategy":[],"class_list":["post-301038","post","type-post","status-publish","format-standard","has-post-thumbnail","hentry","category-negocios","tag-banco-do-brasil-bbas3"],"yoast_head":"<!-- This site is optimized with the Yoast SEO plugin v24.4 - https:\/\/yoast.com\/wordpress\/plugins\/seo\/ -->\n<title>Radar: Banco do Brasil (BBAS3) diz ter estrat\u00e9gia corporativa aprovada para os pr\u00f3ximos 5 anos; B3 (B3SA3) aumenta valor por a\u00e7\u00e3o de dividendos e Cury (CURY3) pagar\u00e1 R$ 150 mi de dividendos<\/title>\n<meta name=\"description\" content=\"O Banco do Brasil afirmou que as estruturas de governan\u00e7a da institui\u00e7\u00e3o s\u00e3o robustas e a B3 ajustou os valores por a\u00e7\u00e3o de dividendos e JCP.\" \/>\n<meta name=\"robots\" content=\"index, follow, max-snippet:-1, max-image-preview:large, max-video-preview:-1\" \/>\n<link rel=\"canonical\" href=\"https:\/\/www.suno.com.br\/noticias\/radar-banco-do-brasil-bbas3-b3-b3sa3-cury-cury3\/\" \/>\n<meta property=\"og:locale\" content=\"pt_BR\" \/>\n<meta property=\"og:type\" content=\"article\" \/>\n<meta property=\"og:title\" content=\"Radar: Banco do Brasil (BBAS3) diz ter estrat\u00e9gia corporativa aprovada para os pr\u00f3ximos 5 anos; B3 (B3SA3) aumenta valor por a\u00e7\u00e3o de dividendos e Cury (CURY3) pagar\u00e1 R$ 150 mi de dividendos\" \/>\n<meta property=\"og:description\" content=\"O Banco do Brasil afirmou que as estruturas de governan\u00e7a da institui\u00e7\u00e3o s\u00e3o robustas e a B3 ajustou os valores por a\u00e7\u00e3o de dividendos e JCP.\" \/>\n<meta property=\"og:url\" content=\"https:\/\/www.suno.com.br\/noticias\/radar-banco-do-brasil-bbas3-b3-b3sa3-cury-cury3\/\" \/>\n<meta property=\"og:site_name\" content=\"Suno Not\u00edcias\" \/>\n<meta property=\"article:publisher\" content=\"https:\/\/facebook.com\/sunoresearch\" \/>\n<meta property=\"og:image\" content=\"https:\/\/files.sunoresearch.com.br\/n\/uploads\/2022\/05\/bb-seguridade.jpg\" \/>\n\t<meta property=\"og:image:width\" content=\"1200\" \/>\n\t<meta property=\"og:image:height\" content=\"823\" \/>\n\t<meta property=\"og:image:type\" content=\"image\/jpeg\" \/>\n<meta name=\"author\" content=\"Isabella Taglapietra\" \/>\n<meta name=\"twitter:card\" content=\"summary_large_image\" \/>\n<meta name=\"twitter:creator\" content=\"@sunoresearch\" \/>\n<meta name=\"twitter:site\" content=\"@sunoresearch\" \/>\n<meta name=\"twitter:label1\" content=\"Escrito por\" \/>\n\t<meta name=\"twitter:data1\" content=\"Isabella Taglapietra\" \/>\n\t<meta name=\"twitter:label2\" content=\"Est. tempo de leitura\" \/>\n\t<meta name=\"twitter:data2\" content=\"7 minutos\" \/>\n<script type=\"application\/ld+json\" class=\"yoast-schema-graph\">{\"@context\":\"https:\/\/schema.org\",\"@graph\":[{\"@type\":\"NewsArticle\",\"@id\":\"https:\/\/www.suno.com.br\/noticias\/radar-banco-do-brasil-bbas3-b3-b3sa3-cury-cury3\/#article\",\"isPartOf\":{\"@id\":\"https:\/\/www.suno.com.br\/noticias\/radar-banco-do-brasil-bbas3-b3-b3sa3-cury-cury3\/\"},\"author\":{\"name\":\"Isabella Taglapietra\",\"@id\":\"https:\/\/www.suno.com.br\/noticias\/#\/schema\/person\/a0be106724f6f5d705d70f04333cb249\"},\"headline\":\"Radar: Banco do Brasil (BBAS3) diz ter estrat\u00e9gia corporativa aprovada para os pr\u00f3ximos 5 anos; B3 (B3SA3) aumenta valor por a\u00e7\u00e3o de dividendos e Cury (CURY3) pagar\u00e1 R$ 150 mi de dividendos\",\"datePublished\":\"2022-09-23T00:41:08+00:00\",\"mainEntityOfPage\":{\"@id\":\"https:\/\/www.suno.com.br\/noticias\/radar-banco-do-brasil-bbas3-b3-b3sa3-cury-cury3\/\"},\"wordCount\":1324,\"publisher\":{\"@id\":\"https:\/\/www.suno.com.br\/noticias\/#organization\"},\"image\":{\"@id\":\"https:\/\/www.suno.com.br\/noticias\/radar-banco-do-brasil-bbas3-b3-b3sa3-cury-cury3\/#primaryimage\"},\"thumbnailUrl\":\"https:\/\/files.sunoresearch.com.br\/n\/uploads\/2022\/05\/bb-seguridade.jpg\",\"keywords\":[\"Banco do Brasil (BBAS3)\"],\"articleSection\":[\"Neg\u00f3cios\"],\"inLanguage\":\"pt-BR\"},{\"@type\":\"WebPage\",\"@id\":\"https:\/\/www.suno.com.br\/noticias\/radar-banco-do-brasil-bbas3-b3-b3sa3-cury-cury3\/\",\"url\":\"https:\/\/www.suno.com.br\/noticias\/radar-banco-do-brasil-bbas3-b3-b3sa3-cury-cury3\/\",\"name\":\"Radar: Banco do Brasil (BBAS3) diz ter estrat\u00e9gia corporativa aprovada para os pr\u00f3ximos 5 anos; B3 (B3SA3) aumenta valor por a\u00e7\u00e3o de dividendos e Cury (CURY3) pagar\u00e1 R$ 150 mi de dividendos\",\"isPartOf\":{\"@id\":\"https:\/\/www.suno.com.br\/noticias\/#website\"},\"primaryImageOfPage\":{\"@id\":\"https:\/\/www.suno.com.br\/noticias\/radar-banco-do-brasil-bbas3-b3-b3sa3-cury-cury3\/#primaryimage\"},\"image\":{\"@id\":\"https:\/\/www.suno.com.br\/noticias\/radar-banco-do-brasil-bbas3-b3-b3sa3-cury-cury3\/#primaryimage\"},\"thumbnailUrl\":\"https:\/\/files.sunoresearch.com.br\/n\/uploads\/2022\/05\/bb-seguridade.jpg\",\"datePublished\":\"2022-09-23T00:41:08+00:00\",\"description\":\"O Banco do Brasil afirmou que as estruturas de governan\u00e7a da institui\u00e7\u00e3o s\u00e3o robustas e a B3 ajustou os valores por a\u00e7\u00e3o de dividendos e JCP.\",\"breadcrumb\":{\"@id\":\"https:\/\/www.suno.com.br\/noticias\/radar-banco-do-brasil-bbas3-b3-b3sa3-cury-cury3\/#breadcrumb\"},\"inLanguage\":\"pt-BR\",\"potentialAction\":[{\"@type\":\"ReadAction\",\"target\":[\"https:\/\/www.suno.com.br\/noticias\/radar-banco-do-brasil-bbas3-b3-b3sa3-cury-cury3\/\"]}]},{\"@type\":\"ImageObject\",\"inLanguage\":\"pt-BR\",\"@id\":\"https:\/\/www.suno.com.br\/noticias\/radar-banco-do-brasil-bbas3-b3-b3sa3-cury-cury3\/#primaryimage\",\"url\":\"https:\/\/files.sunoresearch.com.br\/n\/uploads\/2022\/05\/bb-seguridade.jpg\",\"contentUrl\":\"https:\/\/files.sunoresearch.com.br\/n\/uploads\/2022\/05\/bb-seguridade.jpg\",\"width\":1200,\"height\":823,\"caption\":\"BB Seguridade (BBSE3). Foto: Divulga\u00e7\u00e3o\"},{\"@type\":\"BreadcrumbList\",\"@id\":\"https:\/\/www.suno.com.br\/noticias\/radar-banco-do-brasil-bbas3-b3-b3sa3-cury-cury3\/#breadcrumb\",\"itemListElement\":[{\"@type\":\"ListItem\",\"position\":1,\"name\":\"Not\u00edcias\",\"item\":\"https:\/\/www.suno.com.br\/noticias\/\"},{\"@type\":\"ListItem\",\"position\":2,\"name\":\"Neg\u00f3cios\",\"item\":\"https:\/\/www.suno.com.br\/noticias\/negocios\/\"},{\"@type\":\"ListItem\",\"position\":3,\"name\":\"Radar: Banco do Brasil (BBAS3) diz ter estrat\u00e9gia corporativa aprovada para os pr\u00f3ximos 5 anos; B3 (B3SA3) aumenta valor por a\u00e7\u00e3o de dividendos e Cury (CURY3) pagar\u00e1 R$ 150 mi de dividendos\"}]},{\"@type\":\"WebSite\",\"@id\":\"https:\/\/www.suno.com.br\/noticias\/#website\",\"url\":\"https:\/\/www.suno.com.br\/noticias\/\",\"name\":\"Suno Not\u00edcias\",\"description\":\"Seu portal de informa\u00e7\u00e3o sobre o mundo dos investimentos\",\"publisher\":{\"@id\":\"https:\/\/www.suno.com.br\/noticias\/#organization\"},\"potentialAction\":[{\"@type\":\"SearchAction\",\"target\":{\"@type\":\"EntryPoint\",\"urlTemplate\":\"https:\/\/www.suno.com.br\/noticias\/?s={search_term_string}\"},\"query-input\":{\"@type\":\"PropertyValueSpecification\",\"valueRequired\":true,\"valueName\":\"search_term_string\"}}],\"inLanguage\":\"pt-BR\"},{\"@type\":\"Organization\",\"@id\":\"https:\/\/www.suno.com.br\/noticias\/#organization\",\"name\":\"Suno Not\u00edcias\",\"url\":\"https:\/\/www.suno.com.br\/noticias\/\",\"logo\":{\"@type\":\"ImageObject\",\"inLanguage\":\"pt-BR\",\"@id\":\"https:\/\/www.suno.com.br\/noticias\/#\/schema\/logo\/image\/\",\"url\":\"https:\/\/files.sunoresearch.com.br\/n\/uploads\/2021\/09\/suno-logo.png\",\"contentUrl\":\"https:\/\/files.sunoresearch.com.br\/n\/uploads\/2021\/09\/suno-logo.png\",\"width\":180,\"height\":180,\"caption\":\"Suno Not\u00edcias\"},\"image\":{\"@id\":\"https:\/\/www.suno.com.br\/noticias\/#\/schema\/logo\/image\/\"},\"sameAs\":[\"https:\/\/facebook.com\/sunoresearch\",\"https:\/\/x.com\/sunoresearch\",\"https:\/\/www.instagram.com\/suno\",\"https:\/\/www.linkedin.com\/company\/suno-research\/\",\"https:\/\/www.youtube.com\/c\/sunoresearch\"]},{\"@type\":\"Person\",\"@id\":\"https:\/\/www.suno.com.br\/noticias\/#\/schema\/person\/a0be106724f6f5d705d70f04333cb249\",\"name\":\"Isabella Taglapietra\",\"image\":{\"@type\":\"ImageObject\",\"inLanguage\":\"pt-BR\",\"@id\":\"https:\/\/www.suno.com.br\/noticias\/#\/schema\/person\/image\/\",\"url\":\"https:\/\/secure.gravatar.com\/avatar\/089c9e06b71de293117116aaf339e22f?s=96&r=g\",\"contentUrl\":\"https:\/\/secure.gravatar.com\/avatar\/089c9e06b71de293117116aaf339e22f?s=96&r=g\",\"caption\":\"Isabella Taglapietra\"},\"description\":\"Rep\u00f3rter freelancer no Suno Not\u00edcias, cobre not\u00edcias di\u00e1rias sobre economia, balan\u00e7os trimestrais e pesquisas. Formada em jornalismo pela Faculdade C\u00e1sper L\u00edbero e p\u00f3s-graduanda em mercado de capitais pela Fecap, atuou como rep\u00f3rter de economia e finan\u00e7as no portal CRC!News e Elas que Lucrem, al\u00e9m de social media para empresas do mercado financeiro.\",\"url\":\"https:\/\/www.suno.com.br\/noticias\/author\/isabella-taglapietra\/\"}]}<\/script>\n<!-- \/ Yoast SEO plugin. -->","yoast_head_json":{"title":"Radar: Banco do Brasil (BBAS3) diz ter estrat\u00e9gia corporativa aprovada para os pr\u00f3ximos 5 anos; B3 (B3SA3) aumenta valor por a\u00e7\u00e3o de dividendos e Cury (CURY3) pagar\u00e1 R$ 150 mi de dividendos","description":"O Banco do Brasil afirmou que as estruturas de governan\u00e7a da institui\u00e7\u00e3o s\u00e3o robustas e a B3 ajustou os valores por a\u00e7\u00e3o de dividendos e JCP.","robots":{"index":"index","follow":"follow","max-snippet":"max-snippet:-1","max-image-preview":"max-image-preview:large","max-video-preview":"max-video-preview:-1"},"canonical":"https:\/\/www.suno.com.br\/noticias\/radar-banco-do-brasil-bbas3-b3-b3sa3-cury-cury3\/","og_locale":"pt_BR","og_type":"article","og_title":"Radar: Banco do Brasil (BBAS3) diz ter estrat\u00e9gia corporativa aprovada para os pr\u00f3ximos 5 anos; B3 (B3SA3) aumenta valor por a\u00e7\u00e3o de dividendos e Cury (CURY3) pagar\u00e1 R$ 150 mi de dividendos","og_description":"O Banco do Brasil afirmou que as estruturas de governan\u00e7a da institui\u00e7\u00e3o s\u00e3o robustas e a B3 ajustou os valores por a\u00e7\u00e3o de dividendos e JCP.","og_url":"https:\/\/www.suno.com.br\/noticias\/radar-banco-do-brasil-bbas3-b3-b3sa3-cury-cury3\/","og_site_name":"Suno Not\u00edcias","article_publisher":"https:\/\/facebook.com\/sunoresearch","og_image":[{"width":1200,"height":823,"url":"https:\/\/files.sunoresearch.com.br\/n\/uploads\/2022\/05\/bb-seguridade.jpg","type":"image\/jpeg"}],"author":"Isabella Taglapietra","twitter_card":"summary_large_image","twitter_creator":"@sunoresearch","twitter_site":"@sunoresearch","twitter_misc":{"Escrito por":"Isabella Taglapietra","Est. tempo de leitura":"7 minutos"},"schema":{"@context":"https:\/\/schema.org","@graph":[{"@type":"NewsArticle","@id":"https:\/\/www.suno.com.br\/noticias\/radar-banco-do-brasil-bbas3-b3-b3sa3-cury-cury3\/#article","isPartOf":{"@id":"https:\/\/www.suno.com.br\/noticias\/radar-banco-do-brasil-bbas3-b3-b3sa3-cury-cury3\/"},"author":{"name":"Isabella Taglapietra","@id":"https:\/\/www.suno.com.br\/noticias\/#\/schema\/person\/a0be106724f6f5d705d70f04333cb249"},"headline":"Radar: Banco do Brasil (BBAS3) diz ter estrat\u00e9gia corporativa aprovada para os pr\u00f3ximos 5 anos; B3 (B3SA3) aumenta valor por a\u00e7\u00e3o de dividendos e Cury (CURY3) pagar\u00e1 R$ 150 mi de dividendos","datePublished":"2022-09-23T00:41:08+00:00","mainEntityOfPage":{"@id":"https:\/\/www.suno.com.br\/noticias\/radar-banco-do-brasil-bbas3-b3-b3sa3-cury-cury3\/"},"wordCount":1324,"publisher":{"@id":"https:\/\/www.suno.com.br\/noticias\/#organization"},"image":{"@id":"https:\/\/www.suno.com.br\/noticias\/radar-banco-do-brasil-bbas3-b3-b3sa3-cury-cury3\/#primaryimage"},"thumbnailUrl":"https:\/\/files.sunoresearch.com.br\/n\/uploads\/2022\/05\/bb-seguridade.jpg","keywords":["Banco do Brasil (BBAS3)"],"articleSection":["Neg\u00f3cios"],"inLanguage":"pt-BR"},{"@type":"WebPage","@id":"https:\/\/www.suno.com.br\/noticias\/radar-banco-do-brasil-bbas3-b3-b3sa3-cury-cury3\/","url":"https:\/\/www.suno.com.br\/noticias\/radar-banco-do-brasil-bbas3-b3-b3sa3-cury-cury3\/","name":"Radar: Banco do Brasil (BBAS3) diz ter estrat\u00e9gia corporativa aprovada para os pr\u00f3ximos 5 anos; B3 (B3SA3) aumenta valor por a\u00e7\u00e3o de dividendos e Cury (CURY3) pagar\u00e1 R$ 150 mi de dividendos","isPartOf":{"@id":"https:\/\/www.suno.com.br\/noticias\/#website"},"primaryImageOfPage":{"@id":"https:\/\/www.suno.com.br\/noticias\/radar-banco-do-brasil-bbas3-b3-b3sa3-cury-cury3\/#primaryimage"},"image":{"@id":"https:\/\/www.suno.com.br\/noticias\/radar-banco-do-brasil-bbas3-b3-b3sa3-cury-cury3\/#primaryimage"},"thumbnailUrl":"https:\/\/files.sunoresearch.com.br\/n\/uploads\/2022\/05\/bb-seguridade.jpg","datePublished":"2022-09-23T00:41:08+00:00","description":"O Banco do Brasil afirmou que as estruturas de governan\u00e7a da institui\u00e7\u00e3o s\u00e3o robustas e a B3 ajustou os valores por a\u00e7\u00e3o de dividendos e JCP.","breadcrumb":{"@id":"https:\/\/www.suno.com.br\/noticias\/radar-banco-do-brasil-bbas3-b3-b3sa3-cury-cury3\/#breadcrumb"},"inLanguage":"pt-BR","potentialAction":[{"@type":"ReadAction","target":["https:\/\/www.suno.com.br\/noticias\/radar-banco-do-brasil-bbas3-b3-b3sa3-cury-cury3\/"]}]},{"@type":"ImageObject","inLanguage":"pt-BR","@id":"https:\/\/www.suno.com.br\/noticias\/radar-banco-do-brasil-bbas3-b3-b3sa3-cury-cury3\/#primaryimage","url":"https:\/\/files.sunoresearch.com.br\/n\/uploads\/2022\/05\/bb-seguridade.jpg","contentUrl":"https:\/\/files.sunoresearch.com.br\/n\/uploads\/2022\/05\/bb-seguridade.jpg","width":1200,"height":823,"caption":"BB Seguridade (BBSE3). Foto: Divulga\u00e7\u00e3o"},{"@type":"BreadcrumbList","@id":"https:\/\/www.suno.com.br\/noticias\/radar-banco-do-brasil-bbas3-b3-b3sa3-cury-cury3\/#breadcrumb","itemListElement":[{"@type":"ListItem","position":1,"name":"Not\u00edcias","item":"https:\/\/www.suno.com.br\/noticias\/"},{"@type":"ListItem","position":2,"name":"Neg\u00f3cios","item":"https:\/\/www.suno.com.br\/noticias\/negocios\/"},{"@type":"ListItem","position":3,"name":"Radar: Banco do Brasil (BBAS3) diz ter estrat\u00e9gia corporativa aprovada para os pr\u00f3ximos 5 anos; B3 (B3SA3) aumenta valor por a\u00e7\u00e3o de dividendos e Cury (CURY3) pagar\u00e1 R$ 150 mi de dividendos"}]},{"@type":"WebSite","@id":"https:\/\/www.suno.com.br\/noticias\/#website","url":"https:\/\/www.suno.com.br\/noticias\/","name":"Suno Not\u00edcias","description":"Seu portal de informa\u00e7\u00e3o sobre o mundo dos investimentos","publisher":{"@id":"https:\/\/www.suno.com.br\/noticias\/#organization"},"potentialAction":[{"@type":"SearchAction","target":{"@type":"EntryPoint","urlTemplate":"https:\/\/www.suno.com.br\/noticias\/?s={search_term_string}"},"query-input":{"@type":"PropertyValueSpecification","valueRequired":true,"valueName":"search_term_string"}}],"inLanguage":"pt-BR"},{"@type":"Organization","@id":"https:\/\/www.suno.com.br\/noticias\/#organization","name":"Suno Not\u00edcias","url":"https:\/\/www.suno.com.br\/noticias\/","logo":{"@type":"ImageObject","inLanguage":"pt-BR","@id":"https:\/\/www.suno.com.br\/noticias\/#\/schema\/logo\/image\/","url":"https:\/\/files.sunoresearch.com.br\/n\/uploads\/2021\/09\/suno-logo.png","contentUrl":"https:\/\/files.sunoresearch.com.br\/n\/uploads\/2021\/09\/suno-logo.png","width":180,"height":180,"caption":"Suno Not\u00edcias"},"image":{"@id":"https:\/\/www.suno.com.br\/noticias\/#\/schema\/logo\/image\/"},"sameAs":["https:\/\/facebook.com\/sunoresearch","https:\/\/x.com\/sunoresearch","https:\/\/www.instagram.com\/suno","https:\/\/www.linkedin.com\/company\/suno-research\/","https:\/\/www.youtube.com\/c\/sunoresearch"]},{"@type":"Person","@id":"https:\/\/www.suno.com.br\/noticias\/#\/schema\/person\/a0be106724f6f5d705d70f04333cb249","name":"Isabella Taglapietra","image":{"@type":"ImageObject","inLanguage":"pt-BR","@id":"https:\/\/www.suno.com.br\/noticias\/#\/schema\/person\/image\/","url":"https:\/\/secure.gravatar.com\/avatar\/089c9e06b71de293117116aaf339e22f?s=96&r=g","contentUrl":"https:\/\/secure.gravatar.com\/avatar\/089c9e06b71de293117116aaf339e22f?s=96&r=g","caption":"Isabella Taglapietra"},"description":"Rep\u00f3rter freelancer no Suno Not\u00edcias, cobre not\u00edcias di\u00e1rias sobre economia, balan\u00e7os trimestrais e pesquisas. Formada em jornalismo pela Faculdade C\u00e1sper L\u00edbero e p\u00f3s-graduanda em mercado de capitais pela Fecap, atuou como rep\u00f3rter de economia e finan\u00e7as no portal CRC!News e Elas que Lucrem, al\u00e9m de social media para empresas do mercado financeiro.","url":"https:\/\/www.suno.com.br\/noticias\/author\/isabella-taglapietra\/"}]}},"default_loop_html":"<div class=\"cardsPage__listCard__boxs\"><div class=\"cardsPage__listCard__boxs__img\"><a href=\"https:\/\/www.suno.com.br\/noticias\/radar-banco-do-brasil-bbas3-b3-b3sa3-cury-cury3\/\"><img class=\"mask\" src=\"https:\/\/www.suno.com.br\/noticias\/wp-content\/themes\/suno\/resources\/images\/spotlight\/spotlight1img\/bg-mask.png\" alt=\"Image Mask\"\/><img src=\"https:\/\/files.sunoresearch.com.br\/n\/uploads\/2022\/05\/bb-seguridade-400x200.jpg\" alt=\"Radar: Banco do Brasil (BBAS3) diz ter estrat\u00e9gia corporativa aprovada para os pr\u00f3ximos 5 anos; B3 (B3SA3) aumenta valor por a\u00e7\u00e3o de dividendos e Cury (CURY3) pagar\u00e1 R$ 150 mi de dividendos\"\/><\/a><span class=\"spotlightCategory\"><a href=\"https:\/\/www.suno.com.br\/noticias\/negocios\/\">Neg\u00f3cios<\/a><\/span><\/div><div class=\"cardsPage__listCard__boxs__content\"><a href=\"https:\/\/www.suno.com.br\/noticias\/radar-banco-do-brasil-bbas3-b3-b3sa3-cury-cury3\/\"><h2 class=\"content__title\">Radar: Banco do Brasil (BBAS3) diz ter estrat\u00e9gia corporativa aprovada para os pr\u00f3ximos 5 anos; B3 (B3SA3) aumenta valor por a\u00e7\u00e3o de dividendos e Cury (CURY3) pagar\u00e1 R$ 150 mi de dividendos<\/h2><\/a><div class=\"newsContent__article__meta\"><div class=\"newsContent__article__meta__authorBox\"><a href=\"https:\/\/www.suno.com.br\/noticias\/author\/isabella-taglapietra\/\" class=\"authorBox__avatar noMobi\"><img src=\"https:\/\/files.sunoresearch.com.br\/n\/uploads\/2022\/08\/WhatsApp-Image-2022-08-04-at-12.40.27-150x150.jpeg\" alt=\"Isabella Taglapietra\"><\/a><div class=\"authorBox__name\"><span>por\n\t\t\t<a href=\"https:\/\/www.suno.com.br\/noticias\/author\/isabella-taglapietra\/\"><span itemprop=\"author\">Isabella Taglapietra<\/span><\/a><\/span><time datetime=\"2022-09-22T21:41:08-03:00\" itemprop=\"datePublished\">22\/09\/2022 21:41<\/time><\/div><\/div><\/div><\/div><\/div>","single_layout":"posts","amp_enabled":true,"_links":{"self":[{"href":"https:\/\/www.suno.com.br\/noticias\/wp-json\/wp\/v2\/posts\/301038"}],"collection":[{"href":"https:\/\/www.suno.com.br\/noticias\/wp-json\/wp\/v2\/posts"}],"about":[{"href":"https:\/\/www.suno.com.br\/noticias\/wp-json\/wp\/v2\/types\/post"}],"author":[{"embeddable":true,"href":"https:\/\/www.suno.com.br\/noticias\/wp-json\/wp\/v2\/users\/194"}],"replies":[{"embeddable":true,"href":"https:\/\/www.suno.com.br\/noticias\/wp-json\/wp\/v2\/comments?post=301038"}],"version-history":[{"count":3,"href":"https:\/\/www.suno.com.br\/noticias\/wp-json\/wp\/v2\/posts\/301038\/revisions"}],"predecessor-version":[{"id":301049,"href":"https:\/\/www.suno.com.br\/noticias\/wp-json\/wp\/v2\/posts\/301038\/revisions\/301049"}],"wp:featuredmedia":[{"embeddable":true,"href":"https:\/\/www.suno.com.br\/noticias\/wp-json\/wp\/v2\/media\/257503"}],"wp:attachment":[{"href":"https:\/\/www.suno.com.br\/noticias\/wp-json\/wp\/v2\/media?parent=301038"}],"wp:term":[{"taxonomy":"category","embeddable":true,"href":"https:\/\/www.suno.com.br\/noticias\/wp-json\/wp\/v2\/categories?post=301038"},{"taxonomy":"post_tag","embeddable":true,"href":"https:\/\/www.suno.com.br\/noticias\/wp-json\/wp\/v2\/tags?post=301038"},{"taxonomy":"suno_strategy","embeddable":true,"href":"https:\/\/www.suno.com.br\/noticias\/wp-json\/wp\/v2\/suno_strategy?post=301038"}],"curies":[{"name":"wp","href":"https:\/\/api.w.org\/{rel}","templated":true}]}}