{"id":30097,"date":"2019-07-04T15:26:54","date_gmt":"2019-07-04T18:26:54","guid":{"rendered":"https:\/\/www.suno.com.br\/noticias\/?p=30097"},"modified":"2021-02-17T22:14:00","modified_gmt":"2021-02-18T01:14:00","slug":"suicidio-empresario-sergipe-governador","status":"publish","type":"post","link":"https:\/\/www.suno.com.br\/noticias\/suicidio-empresario-sergipe-governador\/","title":{"rendered":"Empres\u00e1rio se suicida em evento em Sergipe com governador do estado"},"content":{"rendered":"<p>O empres\u00e1rio ga\u00facho Sadi Gitz cometeu <strong>suic\u00eddio<\/strong> nesta quinta-feira (4) em meio ao evento\u00a0\u201cSimp\u00f3sio de Oportunidades \u2013 Novo Cen\u00e1rio da Cadeia do G\u00e1s Natural em Sergipe\u201d, em Aracaju.<\/p>\t<div class=\"wrapper-featured-image\">\n\t\t<figure class=\"spotlightImg\">\n\n\t\t\t<picture>\n\t\t\t\t<source media=\"(max-width: 768px)\" srcset=\"https:\/\/files.sunoresearch.com.br\/n\/uploads\/2019\/06\/c4275f1e-bento2-400x200.webp\">\n\t\t\t\t<img loading=\"lazy\" decoding=\"async\" class=\"newsContent__article__imgCapa lazyloadDisabled newsContent__article__imgCapa--noCaption\" src=\"https:\/\/files.sunoresearch.com.br\/n\/uploads\/2019\/06\/c4275f1e-bento2-800x450.webp\" width=\"800\" height=\"450\" alt=\"Empres\u00e1rio se suicida em evento em Sergipe com governador do estado\" fetchpriority=high \/>\n\t\t\t<\/picture>\n\n\t\t\t<figcaption class=\"wp-caption-text wp-caption-text--hide\">Ministro de Minas e Energia \u00e9 positivo ao coronav\u00edrus, diz Bolsonaro<\/figcaption>\n\t\t<\/figure>\n\t<\/div>\n\n\n<p>O evento em <strong>Sergipe<\/strong> no qual ocorreu o <strong>suic\u00eddio<\/strong> ocorreu contou com a participa\u00e7\u00e3o do:<\/p>\n<ul>\n<li>governador de Sergipe, Belivaldo Chagas (PSD);<\/li>\n<li>e\u00a0o ministro de Minas e Energia, Bento Albuquerque.<\/li>\n<\/ul>\n<p class=\"twitter-tweet\">\n<p dir=\"ltr\" lang=\"pt\">O Governo do Estado de Sergipe lamenta o ocorrido com o empres\u00e1rio Sadi Gitz, da cer\u00e2mica Escurial, que cometeu suic\u00eddio durante o evento.<\/p>\n<p>Por conta do ocorrido, o Simp\u00f3sio de Oportunidades para o novo cen\u00e1rio do g\u00e1s natural em Sergipe est\u00e1 cancelado. <a href=\"https:\/\/t.co\/FaRkBcADu7\">pic.twitter.com\/FaRkBcADu7<\/a><\/p>\n<p>\u2014 Governo de Sergipe (@governosergipe) <a href=\"https:\/\/twitter.com\/governosergipe\/status\/1146756610100015104?ref_src=twsrc%5Etfw\">July 4, 2019<\/a><\/p>\n<p><script async src=\"https:\/\/platform.twitter.com\/widgets.js\" charset=\"utf-8\"><\/script><\/p>\n<p>De acordo com as fontes que estavam no local durante o ocorrido, Gitz teria chamado o governador de &#8220;mentiroso&#8221; ap\u00f3s fala do mesmo, e ent\u00e3o se matado.<\/p>\n\t<p>\n\t\t<a href=\"https:\/\/lp.suno.com.br\/asset\/suno-fundo-de-fundos-snff11\/\" target=\"_blank\" data-element=\"shortcode-suno-banner\" title=\"Banner SUNO, clique e saiba mais\">\n\t\t\t<picture>\n\t\t\t\t<source media=\"(max-width: 500px)\" srcset=\"https:\/\/files.sunoresearch.com.br\/n\/uploads\/2024\/01\/400x300-Mobile-Artigos-3-SNFF-AO.png\">\n\t\t\t\t<img class=\"newsContent__article__imgCapa newsContent__article__imgCapa--banner\"\n\t\t\t\t\tsrc=\"https:\/\/files.sunoresearch.com.br\/n\/uploads\/2024\/01\/1420x240-Banner-Artigos-1-_-Banner-Materias-1-SNFF-AO.png\"\n\t\t\t\t\tdata-promo-id=\"364418\"\t\t\t\t\t\t\t\t\t\twidth='1420' height='240'\t\t\t\t\talt=\"https:\/\/files.sunoresearch.com.br\/n\/uploads\/2024\/01\/1420x240-Banner-Artigos-1-_-Banner-Materias-1-SNFF-AO.png\"\n\t\t\t\t>\n\t\t\t<\/picture>\n\t\t<\/a>\n\t<\/p>\n\n\n<h2>Quem era Sadi Gitz?<\/h2>\n<p>Sadi Paulo Castiel Gitz nasceu em Porto Alegre, no dia 13 de novembro de 1948. O empres\u00e1rio tinha tripla gradua\u00e7\u00e3o em:<\/p>\n<ul>\n<li>matem\u00e1tica;<\/li>\n<li>engenharia mec\u00e2nica;<\/li>\n<li>e administra\u00e7\u00e3o.<\/li>\n<\/ul>\n<p>Na d\u00e9cada de 1980, Gitz chegou a <strong>Sergipe<\/strong>. No estado, trabalhou com as empresas:<\/p>\n<ul>\n<li>Superintend\u00eancia de Transporte e Tr\u00e2nsito (SMTT);<\/li>\n<li>Empresa Municipal de Servi\u00e7os Urbanos (Emsurb);<\/li>\n<li>Associa\u00e7\u00e3o Comercial e Empresarial de Sergipe (Acese).<\/li>\n<\/ul>\n<p><a href=\"https:\/\/www.suno.com.br\/noticias\/preco-gas-nao-cai-por-decreto-diz-ministro\/\">Saiba mais &#8211;\u00a0Pre\u00e7o do g\u00e1s n\u00e3o cai por decreto, diz ministro de Minas e Energia<\/a><\/p>\n<p>De acordo com fontes do governo estadual, Gitz era dono de uma f\u00e1brica de cer\u00e2mica intitulada <strong>Escurial<\/strong>. A f\u00e1brica est\u00e1 instalada em\u00a0Nossa Senhora do Socorro (SE) e teve as atividades iniciadas em 1993.<\/p>\n<p>Apesar j\u00e1 ter sido uma importante unidade de produ\u00e7\u00e3o do setor, nos \u00faltimos anos a empresa entrou em <strong><a href=\"https:\/\/www.suno.com.br\/artigos\/recuperacao-judicial\/\">recupera\u00e7\u00e3o judicial<\/a><\/strong>. Em maio deste ano, a f\u00e1brica teria entrado em processo de hiberna\u00e7\u00e3o, ap\u00f3s a demiss\u00e3o de mais de 600 empregos diretos e indiretos.<\/p>\n<p>\u201cO motivo determinante para essa decis\u00e3o foi o pre\u00e7o do g\u00e1s cobrado pela Sergas, empresa do governo do Estado de <strong>Sergipe<\/strong>\u201d, disse a empresa em nota \u00e0 Imprensa na \u00e9poca da suspens\u00e3o das atividades.<\/p>\n","protected":false},"excerpt":{"rendered":"<p>O empres\u00e1rio ga\u00facho Sadi Gitz cometeu suic\u00eddio nesta quinta-feira (4) em meio ao evento\u00a0\u201cSimp\u00f3sio de Oportunidades \u2013 Novo Cen\u00e1rio da Cadeia do G\u00e1s Natural em Sergipe\u201d, em Aracaju. Ministro de Minas e Energia \u00e9 positivo ao coronav\u00edrus, diz Bolsonaro O evento em Sergipe no qual ocorreu o suic\u00eddio ocorreu contou com a participa\u00e7\u00e3o do: governador [&hellip;]<\/p>\n","protected":false},"author":12,"featured_media":29193,"comment_status":"closed","ping_status":"closed","sticky":false,"template":"","format":"standard","meta":[],"categories":[61],"tags":[1467,1227],"suno_strategy":[],"class_list":["post-30097","post","type-post","status-publish","format-standard","has-post-thumbnail","hentry","category-politica","tag-gas-natural","tag-ministerio-de-minas-e-energia"],"yoast_head":"<!-- This site is optimized with the Yoast SEO plugin v24.4 - https:\/\/yoast.com\/wordpress\/plugins\/seo\/ -->\n<title>Empres\u00e1rio se suicida em evento em Sergipe com governador do estado<\/title>\n<meta name=\"description\" content=\"Empres\u00e1rio Sadi Gitz cometeu suic\u00eddio em evento em Sergipe, com a presen\u00e7a do ministro de Minas e Energia. Clique para saber mais.\" \/>\n<meta name=\"robots\" content=\"index, follow, max-snippet:-1, max-image-preview:large, max-video-preview:-1\" \/>\n<link rel=\"canonical\" href=\"https:\/\/www.suno.com.br\/noticias\/suicidio-empresario-sergipe-governador\/\" \/>\n<meta property=\"og:locale\" content=\"pt_BR\" \/>\n<meta property=\"og:type\" content=\"article\" \/>\n<meta property=\"og:title\" content=\"Empres\u00e1rio se suicida em evento em Sergipe com governador do estado\" \/>\n<meta property=\"og:description\" content=\"Empres\u00e1rio Sadi Gitz cometeu suic\u00eddio em evento em Sergipe, com a presen\u00e7a do ministro de Minas e Energia. Clique para saber mais.\" \/>\n<meta property=\"og:url\" content=\"https:\/\/www.suno.com.br\/noticias\/suicidio-empresario-sergipe-governador\/\" \/>\n<meta property=\"og:site_name\" content=\"Suno Not\u00edcias\" \/>\n<meta property=\"article:publisher\" content=\"https:\/\/facebook.com\/sunoresearch\" \/>\n<meta property=\"og:image\" content=\"https:\/\/files.sunoresearch.com.br\/n\/uploads\/2019\/06\/c4275f1e-bento2.jpg\" \/>\n\t<meta property=\"og:image:width\" content=\"1140\" \/>\n\t<meta property=\"og:image:height\" content=\"760\" \/>\n\t<meta property=\"og:image:type\" content=\"image\/jpeg\" \/>\n<meta name=\"author\" content=\"Amanda Gushiken\" \/>\n<meta name=\"twitter:card\" content=\"summary_large_image\" \/>\n<meta name=\"twitter:creator\" content=\"@sunoresearch\" \/>\n<meta name=\"twitter:site\" content=\"@sunoresearch\" \/>\n<meta name=\"twitter:label1\" content=\"Escrito por\" \/>\n\t<meta name=\"twitter:data1\" content=\"Amanda Gushiken\" \/>\n\t<meta name=\"twitter:label2\" content=\"Est. tempo de leitura\" \/>\n\t<meta name=\"twitter:data2\" content=\"2 minutos\" \/>\n<script type=\"application\/ld+json\" class=\"yoast-schema-graph\">{\"@context\":\"https:\/\/schema.org\",\"@graph\":[{\"@type\":\"NewsArticle\",\"@id\":\"https:\/\/www.suno.com.br\/noticias\/suicidio-empresario-sergipe-governador\/#article\",\"isPartOf\":{\"@id\":\"https:\/\/www.suno.com.br\/noticias\/suicidio-empresario-sergipe-governador\/\"},\"author\":{\"name\":\"Amanda Gushiken\",\"@id\":\"https:\/\/www.suno.com.br\/noticias\/#\/schema\/person\/a5b06fa4e879d8e8e119c6ed3cd630d1\"},\"headline\":\"Empres\u00e1rio se suicida em evento em Sergipe com governador do estado\",\"datePublished\":\"2019-07-04T18:26:54+00:00\",\"dateModified\":\"2021-02-18T01:14:00+00:00\",\"mainEntityOfPage\":{\"@id\":\"https:\/\/www.suno.com.br\/noticias\/suicidio-empresario-sergipe-governador\/\"},\"wordCount\":376,\"publisher\":{\"@id\":\"https:\/\/www.suno.com.br\/noticias\/#organization\"},\"image\":{\"@id\":\"https:\/\/www.suno.com.br\/noticias\/suicidio-empresario-sergipe-governador\/#primaryimage\"},\"thumbnailUrl\":\"https:\/\/files.sunoresearch.com.br\/n\/uploads\/2019\/06\/c4275f1e-bento2-jpg.webp\",\"keywords\":[\"g\u00e1s natural\",\"Minist\u00e9rio de Minas e Energia\"],\"articleSection\":[\"Pol\u00edtica\"],\"inLanguage\":\"pt-BR\"},{\"@type\":\"WebPage\",\"@id\":\"https:\/\/www.suno.com.br\/noticias\/suicidio-empresario-sergipe-governador\/\",\"url\":\"https:\/\/www.suno.com.br\/noticias\/suicidio-empresario-sergipe-governador\/\",\"name\":\"Empres\u00e1rio se suicida em evento em Sergipe com governador do estado\",\"isPartOf\":{\"@id\":\"https:\/\/www.suno.com.br\/noticias\/#website\"},\"primaryImageOfPage\":{\"@id\":\"https:\/\/www.suno.com.br\/noticias\/suicidio-empresario-sergipe-governador\/#primaryimage\"},\"image\":{\"@id\":\"https:\/\/www.suno.com.br\/noticias\/suicidio-empresario-sergipe-governador\/#primaryimage\"},\"thumbnailUrl\":\"https:\/\/files.sunoresearch.com.br\/n\/uploads\/2019\/06\/c4275f1e-bento2-jpg.webp\",\"datePublished\":\"2019-07-04T18:26:54+00:00\",\"dateModified\":\"2021-02-18T01:14:00+00:00\",\"description\":\"Empres\u00e1rio Sadi Gitz cometeu suic\u00eddio em evento em Sergipe, com a presen\u00e7a do ministro de Minas e Energia. Clique para saber mais.\",\"breadcrumb\":{\"@id\":\"https:\/\/www.suno.com.br\/noticias\/suicidio-empresario-sergipe-governador\/#breadcrumb\"},\"inLanguage\":\"pt-BR\",\"potentialAction\":[{\"@type\":\"ReadAction\",\"target\":[\"https:\/\/www.suno.com.br\/noticias\/suicidio-empresario-sergipe-governador\/\"]}]},{\"@type\":\"ImageObject\",\"inLanguage\":\"pt-BR\",\"@id\":\"https:\/\/www.suno.com.br\/noticias\/suicidio-empresario-sergipe-governador\/#primaryimage\",\"url\":\"https:\/\/files.sunoresearch.com.br\/n\/uploads\/2019\/06\/c4275f1e-bento2-jpg.webp\",\"contentUrl\":\"https:\/\/files.sunoresearch.com.br\/n\/uploads\/2019\/06\/c4275f1e-bento2-jpg.webp\",\"width\":1140,\"height\":760,\"caption\":\"Ministro de Minas e Energia \u00e9 positivo ao coronav\u00edrus, diz Bolsonaro\"},{\"@type\":\"BreadcrumbList\",\"@id\":\"https:\/\/www.suno.com.br\/noticias\/suicidio-empresario-sergipe-governador\/#breadcrumb\",\"itemListElement\":[{\"@type\":\"ListItem\",\"position\":1,\"name\":\"Not\u00edcias\",\"item\":\"https:\/\/www.suno.com.br\/noticias\/\"},{\"@type\":\"ListItem\",\"position\":2,\"name\":\"Pol\u00edtica\",\"item\":\"https:\/\/www.suno.com.br\/noticias\/politica\/\"},{\"@type\":\"ListItem\",\"position\":3,\"name\":\"Empres\u00e1rio se suicida em evento em Sergipe com governador do estado\"}]},{\"@type\":\"WebSite\",\"@id\":\"https:\/\/www.suno.com.br\/noticias\/#website\",\"url\":\"https:\/\/www.suno.com.br\/noticias\/\",\"name\":\"Suno Not\u00edcias\",\"description\":\"Seu portal de informa\u00e7\u00e3o sobre o mundo dos investimentos\",\"publisher\":{\"@id\":\"https:\/\/www.suno.com.br\/noticias\/#organization\"},\"potentialAction\":[{\"@type\":\"SearchAction\",\"target\":{\"@type\":\"EntryPoint\",\"urlTemplate\":\"https:\/\/www.suno.com.br\/noticias\/?s={search_term_string}\"},\"query-input\":{\"@type\":\"PropertyValueSpecification\",\"valueRequired\":true,\"valueName\":\"search_term_string\"}}],\"inLanguage\":\"pt-BR\"},{\"@type\":\"Organization\",\"@id\":\"https:\/\/www.suno.com.br\/noticias\/#organization\",\"name\":\"Suno Not\u00edcias\",\"url\":\"https:\/\/www.suno.com.br\/noticias\/\",\"logo\":{\"@type\":\"ImageObject\",\"inLanguage\":\"pt-BR\",\"@id\":\"https:\/\/www.suno.com.br\/noticias\/#\/schema\/logo\/image\/\",\"url\":\"https:\/\/files.sunoresearch.com.br\/n\/uploads\/2021\/09\/suno-logo.png\",\"contentUrl\":\"https:\/\/files.sunoresearch.com.br\/n\/uploads\/2021\/09\/suno-logo.png\",\"width\":180,\"height\":180,\"caption\":\"Suno Not\u00edcias\"},\"image\":{\"@id\":\"https:\/\/www.suno.com.br\/noticias\/#\/schema\/logo\/image\/\"},\"sameAs\":[\"https:\/\/facebook.com\/sunoresearch\",\"https:\/\/x.com\/sunoresearch\",\"https:\/\/www.instagram.com\/suno\",\"https:\/\/www.linkedin.com\/company\/suno-research\/\",\"https:\/\/www.youtube.com\/c\/sunoresearch\"]},{\"@type\":\"Person\",\"@id\":\"https:\/\/www.suno.com.br\/noticias\/#\/schema\/person\/a5b06fa4e879d8e8e119c6ed3cd630d1\",\"name\":\"Amanda Gushiken\",\"image\":{\"@type\":\"ImageObject\",\"inLanguage\":\"pt-BR\",\"@id\":\"https:\/\/www.suno.com.br\/noticias\/#\/schema\/person\/image\/\",\"url\":\"https:\/\/secure.gravatar.com\/avatar\/ecd84705e6b65e3685ae80d725501fbe?s=96&r=g\",\"contentUrl\":\"https:\/\/secure.gravatar.com\/avatar\/ecd84705e6b65e3685ae80d725501fbe?s=96&r=g\",\"caption\":\"Amanda Gushiken\"},\"description\":\"Amanda Sayuri Gushiken escreve sobre finan\u00e7as e neg\u00f3cios para o portal Suno Not\u00edcias. Antes, trabalhou selecionando not\u00edcias da imprensa para clientes do mercado financeiro. Tamb\u00e9m desenvolveu pesquisa acad\u00eamica pela Universidade Anhembi Morumbi na \u00e1rea de Teorias da Comunica\u00e7\u00e3o e \u00e9 fot\u00f3grafa nas horas vagas.\",\"url\":\"https:\/\/www.suno.com.br\/noticias\/author\/amanda\/\"}]}<\/script>\n<!-- \/ Yoast SEO plugin. -->","yoast_head_json":{"title":"Empres\u00e1rio se suicida em evento em Sergipe com governador do estado","description":"Empres\u00e1rio Sadi Gitz cometeu suic\u00eddio em evento em Sergipe, com a presen\u00e7a do ministro de Minas e Energia. Clique para saber mais.","robots":{"index":"index","follow":"follow","max-snippet":"max-snippet:-1","max-image-preview":"max-image-preview:large","max-video-preview":"max-video-preview:-1"},"canonical":"https:\/\/www.suno.com.br\/noticias\/suicidio-empresario-sergipe-governador\/","og_locale":"pt_BR","og_type":"article","og_title":"Empres\u00e1rio se suicida em evento em Sergipe com governador do estado","og_description":"Empres\u00e1rio Sadi Gitz cometeu suic\u00eddio em evento em Sergipe, com a presen\u00e7a do ministro de Minas e Energia. Clique para saber mais.","og_url":"https:\/\/www.suno.com.br\/noticias\/suicidio-empresario-sergipe-governador\/","og_site_name":"Suno Not\u00edcias","article_publisher":"https:\/\/facebook.com\/sunoresearch","og_image":[{"width":1140,"height":760,"url":"https:\/\/files.sunoresearch.com.br\/n\/uploads\/2019\/06\/c4275f1e-bento2.jpg","type":"image\/jpeg"}],"author":"Amanda Gushiken","twitter_card":"summary_large_image","twitter_creator":"@sunoresearch","twitter_site":"@sunoresearch","twitter_misc":{"Escrito por":"Amanda Gushiken","Est. tempo de leitura":"2 minutos"},"schema":{"@context":"https:\/\/schema.org","@graph":[{"@type":"NewsArticle","@id":"https:\/\/www.suno.com.br\/noticias\/suicidio-empresario-sergipe-governador\/#article","isPartOf":{"@id":"https:\/\/www.suno.com.br\/noticias\/suicidio-empresario-sergipe-governador\/"},"author":{"name":"Amanda Gushiken","@id":"https:\/\/www.suno.com.br\/noticias\/#\/schema\/person\/a5b06fa4e879d8e8e119c6ed3cd630d1"},"headline":"Empres\u00e1rio se suicida em evento em Sergipe com governador do estado","datePublished":"2019-07-04T18:26:54+00:00","dateModified":"2021-02-18T01:14:00+00:00","mainEntityOfPage":{"@id":"https:\/\/www.suno.com.br\/noticias\/suicidio-empresario-sergipe-governador\/"},"wordCount":376,"publisher":{"@id":"https:\/\/www.suno.com.br\/noticias\/#organization"},"image":{"@id":"https:\/\/www.suno.com.br\/noticias\/suicidio-empresario-sergipe-governador\/#primaryimage"},"thumbnailUrl":"https:\/\/files.sunoresearch.com.br\/n\/uploads\/2019\/06\/c4275f1e-bento2-jpg.webp","keywords":["g\u00e1s natural","Minist\u00e9rio de Minas e Energia"],"articleSection":["Pol\u00edtica"],"inLanguage":"pt-BR"},{"@type":"WebPage","@id":"https:\/\/www.suno.com.br\/noticias\/suicidio-empresario-sergipe-governador\/","url":"https:\/\/www.suno.com.br\/noticias\/suicidio-empresario-sergipe-governador\/","name":"Empres\u00e1rio se suicida em evento em Sergipe com governador do estado","isPartOf":{"@id":"https:\/\/www.suno.com.br\/noticias\/#website"},"primaryImageOfPage":{"@id":"https:\/\/www.suno.com.br\/noticias\/suicidio-empresario-sergipe-governador\/#primaryimage"},"image":{"@id":"https:\/\/www.suno.com.br\/noticias\/suicidio-empresario-sergipe-governador\/#primaryimage"},"thumbnailUrl":"https:\/\/files.sunoresearch.com.br\/n\/uploads\/2019\/06\/c4275f1e-bento2-jpg.webp","datePublished":"2019-07-04T18:26:54+00:00","dateModified":"2021-02-18T01:14:00+00:00","description":"Empres\u00e1rio Sadi Gitz cometeu suic\u00eddio em evento em Sergipe, com a presen\u00e7a do ministro de Minas e Energia. Clique para saber mais.","breadcrumb":{"@id":"https:\/\/www.suno.com.br\/noticias\/suicidio-empresario-sergipe-governador\/#breadcrumb"},"inLanguage":"pt-BR","potentialAction":[{"@type":"ReadAction","target":["https:\/\/www.suno.com.br\/noticias\/suicidio-empresario-sergipe-governador\/"]}]},{"@type":"ImageObject","inLanguage":"pt-BR","@id":"https:\/\/www.suno.com.br\/noticias\/suicidio-empresario-sergipe-governador\/#primaryimage","url":"https:\/\/files.sunoresearch.com.br\/n\/uploads\/2019\/06\/c4275f1e-bento2-jpg.webp","contentUrl":"https:\/\/files.sunoresearch.com.br\/n\/uploads\/2019\/06\/c4275f1e-bento2-jpg.webp","width":1140,"height":760,"caption":"Ministro de Minas e Energia \u00e9 positivo ao coronav\u00edrus, diz Bolsonaro"},{"@type":"BreadcrumbList","@id":"https:\/\/www.suno.com.br\/noticias\/suicidio-empresario-sergipe-governador\/#breadcrumb","itemListElement":[{"@type":"ListItem","position":1,"name":"Not\u00edcias","item":"https:\/\/www.suno.com.br\/noticias\/"},{"@type":"ListItem","position":2,"name":"Pol\u00edtica","item":"https:\/\/www.suno.com.br\/noticias\/politica\/"},{"@type":"ListItem","position":3,"name":"Empres\u00e1rio se suicida em evento em Sergipe com governador do estado"}]},{"@type":"WebSite","@id":"https:\/\/www.suno.com.br\/noticias\/#website","url":"https:\/\/www.suno.com.br\/noticias\/","name":"Suno Not\u00edcias","description":"Seu portal de informa\u00e7\u00e3o sobre o mundo dos investimentos","publisher":{"@id":"https:\/\/www.suno.com.br\/noticias\/#organization"},"potentialAction":[{"@type":"SearchAction","target":{"@type":"EntryPoint","urlTemplate":"https:\/\/www.suno.com.br\/noticias\/?s={search_term_string}"},"query-input":{"@type":"PropertyValueSpecification","valueRequired":true,"valueName":"search_term_string"}}],"inLanguage":"pt-BR"},{"@type":"Organization","@id":"https:\/\/www.suno.com.br\/noticias\/#organization","name":"Suno Not\u00edcias","url":"https:\/\/www.suno.com.br\/noticias\/","logo":{"@type":"ImageObject","inLanguage":"pt-BR","@id":"https:\/\/www.suno.com.br\/noticias\/#\/schema\/logo\/image\/","url":"https:\/\/files.sunoresearch.com.br\/n\/uploads\/2021\/09\/suno-logo.png","contentUrl":"https:\/\/files.sunoresearch.com.br\/n\/uploads\/2021\/09\/suno-logo.png","width":180,"height":180,"caption":"Suno Not\u00edcias"},"image":{"@id":"https:\/\/www.suno.com.br\/noticias\/#\/schema\/logo\/image\/"},"sameAs":["https:\/\/facebook.com\/sunoresearch","https:\/\/x.com\/sunoresearch","https:\/\/www.instagram.com\/suno","https:\/\/www.linkedin.com\/company\/suno-research\/","https:\/\/www.youtube.com\/c\/sunoresearch"]},{"@type":"Person","@id":"https:\/\/www.suno.com.br\/noticias\/#\/schema\/person\/a5b06fa4e879d8e8e119c6ed3cd630d1","name":"Amanda Gushiken","image":{"@type":"ImageObject","inLanguage":"pt-BR","@id":"https:\/\/www.suno.com.br\/noticias\/#\/schema\/person\/image\/","url":"https:\/\/secure.gravatar.com\/avatar\/ecd84705e6b65e3685ae80d725501fbe?s=96&r=g","contentUrl":"https:\/\/secure.gravatar.com\/avatar\/ecd84705e6b65e3685ae80d725501fbe?s=96&r=g","caption":"Amanda Gushiken"},"description":"Amanda Sayuri Gushiken escreve sobre finan\u00e7as e neg\u00f3cios para o portal Suno Not\u00edcias. Antes, trabalhou selecionando not\u00edcias da imprensa para clientes do mercado financeiro. Tamb\u00e9m desenvolveu pesquisa acad\u00eamica pela Universidade Anhembi Morumbi na \u00e1rea de Teorias da Comunica\u00e7\u00e3o e \u00e9 fot\u00f3grafa nas horas vagas.","url":"https:\/\/www.suno.com.br\/noticias\/author\/amanda\/"}]}},"default_loop_html":"<div class=\"cardsPage__listCard__boxs\"><div class=\"cardsPage__listCard__boxs__img\"><a href=\"https:\/\/www.suno.com.br\/noticias\/suicidio-empresario-sergipe-governador\/\"><img class=\"mask\" src=\"https:\/\/www.suno.com.br\/noticias\/wp-content\/themes\/suno\/resources\/images\/spotlight\/spotlight1img\/bg-mask.png\" alt=\"Image Mask\"\/><img src=\"https:\/\/files.sunoresearch.com.br\/n\/uploads\/2019\/06\/c4275f1e-bento2-400x200.webp\" alt=\"Empres\u00e1rio se suicida em evento em Sergipe com governador do estado\"\/><\/a><span class=\"spotlightCategory\"><a href=\"https:\/\/www.suno.com.br\/noticias\/politica\/\">Pol\u00edtica<\/a><\/span><\/div><div class=\"cardsPage__listCard__boxs__content\"><a href=\"https:\/\/www.suno.com.br\/noticias\/suicidio-empresario-sergipe-governador\/\"><h2 class=\"content__title\">Empres\u00e1rio se suicida em evento em Sergipe com governador do estado<\/h2><\/a><div class=\"newsContent__article__meta\"><div class=\"newsContent__article__meta__authorBox\"><a href=\"https:\/\/www.suno.com.br\/noticias\/author\/amanda\/\" class=\"authorBox__avatar noMobi\"><img src=\"https:\/\/files.sunoresearch.com.br\/n\/uploads\/2018\/11\/c6ad30be-amanda-150x150.webp\" alt=\"Amanda Gushiken\"><\/a><div class=\"authorBox__name\"><span>por\n\t\t\t<a href=\"https:\/\/www.suno.com.br\/noticias\/author\/amanda\/\"><span itemprop=\"author\">Amanda Gushiken<\/span><\/a><\/span><time datetime=\"2019-07-04T15:26:54-03:00\" itemprop=\"datePublished\">04\/07\/2019 15:26<\/time><\/div><\/div><\/div><\/div><\/div>","single_layout":"posts","amp_enabled":true,"_links":{"self":[{"href":"https:\/\/www.suno.com.br\/noticias\/wp-json\/wp\/v2\/posts\/30097"}],"collection":[{"href":"https:\/\/www.suno.com.br\/noticias\/wp-json\/wp\/v2\/posts"}],"about":[{"href":"https:\/\/www.suno.com.br\/noticias\/wp-json\/wp\/v2\/types\/post"}],"author":[{"embeddable":true,"href":"https:\/\/www.suno.com.br\/noticias\/wp-json\/wp\/v2\/users\/12"}],"replies":[{"embeddable":true,"href":"https:\/\/www.suno.com.br\/noticias\/wp-json\/wp\/v2\/comments?post=30097"}],"version-history":[{"count":0,"href":"https:\/\/www.suno.com.br\/noticias\/wp-json\/wp\/v2\/posts\/30097\/revisions"}],"wp:featuredmedia":[{"embeddable":true,"href":"https:\/\/www.suno.com.br\/noticias\/wp-json\/wp\/v2\/media\/29193"}],"wp:attachment":[{"href":"https:\/\/www.suno.com.br\/noticias\/wp-json\/wp\/v2\/media?parent=30097"}],"wp:term":[{"taxonomy":"category","embeddable":true,"href":"https:\/\/www.suno.com.br\/noticias\/wp-json\/wp\/v2\/categories?post=30097"},{"taxonomy":"post_tag","embeddable":true,"href":"https:\/\/www.suno.com.br\/noticias\/wp-json\/wp\/v2\/tags?post=30097"},{"taxonomy":"suno_strategy","embeddable":true,"href":"https:\/\/www.suno.com.br\/noticias\/wp-json\/wp\/v2\/suno_strategy?post=30097"}],"curies":[{"name":"wp","href":"https:\/\/api.w.org\/{rel}","templated":true}]}}