{"id":30090,"date":"2019-07-04T14:37:18","date_gmt":"2019-07-04T17:37:18","guid":{"rendered":"https:\/\/www.suno.com.br\/noticias\/?p=30090"},"modified":"2019-07-05T10:19:16","modified_gmt":"2019-07-05T13:19:16","slug":"comissao-especial-aprova-reforma-previdencia","status":"publish","type":"post","link":"https:\/\/www.suno.com.br\/noticias\/comissao-especial-aprova-reforma-previdencia\/","title":{"rendered":"Comiss\u00e3o especial da C\u00e2mara aprova reforma da Previd\u00eancia"},"content":{"rendered":"<p>A Comiss\u00e3o especial da <strong>C\u00e2mara dos Deputados<\/strong> aprovou por 36 votos a favor e 13 contra a reforma da Previd\u00eancia. A Proposta de Emenda Constitucional (PEC) foi apresentada no relat\u00f3rio do deputado Samuel Moreira (PSDB-SP).<\/p>\t<div class=\"wrapper-featured-image\">\n\t\t<figure class=\"spotlightImg\">\n\n\t\t\t<picture>\n\t\t\t\t<source media=\"(max-width: 768px)\" srcset=\"https:\/\/files.sunoresearch.com.br\/n\/uploads\/2019\/07\/3b4caa31-comiss\u00e3o-especial-400x200.webp\">\n\t\t\t\t<img loading=\"lazy\" decoding=\"async\" class=\"newsContent__article__imgCapa lazyloadDisabled newsContent__article__imgCapa--noCaption\" src=\"https:\/\/files.sunoresearch.com.br\/n\/uploads\/2019\/07\/3b4caa31-comiss\u00e3o-especial-800x450.webp\" width=\"800\" height=\"450\" alt=\"Comiss\u00e3o especial da C\u00e2mara aprova reforma da Previd\u00eancia\" fetchpriority=high \/>\n\t\t\t<\/picture>\n\n\t\t\t<figcaption class=\"wp-caption-text wp-caption-text--hide\">Comiss\u00e3o especial da C\u00e2mara aprova reforma da Previd\u00eancia<\/figcaption>\n\t\t<\/figure>\n\t<\/div>\n\n\n<p>O relat\u00f3rio da <strong>reforma da Previd\u00eancia<\/strong> mant\u00e9m parte das proposta do texto original. Entre eles, a idade m\u00ednima de 65 anos para os homens e 62 para as mulheres. Entretanto, foram inclu\u00eddas v\u00e1rias mudan\u00e7as em rela\u00e7\u00e3o a proposta original encaminhada pelo <strong>governo<\/strong>.<\/p>\n<p>A mais relevante delas, at\u00e9 sob um perfil das <strong>contas p\u00fablicas<\/strong>, \u00e9 a exclus\u00e3o de estados e munic\u00edpios das novas regras sobre as\u00a0<strong>aposentadorias<\/strong>. Algumas categorias, como os professores, tamb\u00e9m tiveram regras mais brandas. E foi previsto um aumento da tributa\u00e7\u00e3o da <a href=\"https:\/\/www.suno.com.br\/artigos\/csll\/\">Contribui\u00e7\u00e3o Social Sobre Lucro L\u00edquido (CSLL)<\/a>\u00a0sobre os bancos.<\/p>\n<p><a href=\"https:\/\/www.suno.com.br\/noticias\/bolsonaro-regras-policiais-previdencia\/\">Saiba mais: Bolsonaro consegue regras diferentes para os policiais na Previd\u00eancia\u00a0<\/a><\/p>\n<p>O relator restringiu o aumento da al\u00edquota\u00a0 da <strong>CSLL<\/strong> de 15% para 20% somente aos bancos. A proposta origin\u00e1ria previa um aumento da carga para todas institui\u00e7\u00f5es financeiras. Os analistas tamb\u00e9m previam que esse aumento teria incidido sobre a<a href=\"http:\/\/www.b3.com.br\/pt_br\/\"> Bolsa de Valores<\/a>, no entanto, isso n\u00e3o ir\u00e1 mais ocorrer.<\/p>\n<p>&#8220;Foi restabelecida, apenas para a <strong>Uni\u00e3o,<\/strong> por meio de altera\u00e7\u00f5es no art. 149 da <strong>Constitui\u00e7\u00e3o Federal,<\/strong> a possibilidade de cobran\u00e7a de contribui\u00e7\u00f5es extraordin\u00e1rias inserida no texto original da <strong>PEC<\/strong> e suprimida na vers\u00e3o anterior do substitutivo&#8221;, escreveu o relator, deputado Samuel Moreira.<\/p>\n<p><iframe loading=\"lazy\" title=\"?Previd\u00eancia aprovada na Comiss\u00e3o da C\u00e2mara, Banco Inter converte a\u00e7\u00f5es e Macri e Bolsonaro\" width=\"200\" height=\"113\" src=\"https:\/\/www.youtube.com\/embed\/3pLxFKCyF_M?feature=oembed\" frameborder=\"0\" allow=\"accelerometer; autoplay; encrypted-media; gyroscope; picture-in-picture\" allowfullscreen><\/iframe><\/p>\n<p>A vota\u00e7\u00e3o, entretanto, ainda n\u00e3o se concluiu. O colegiado iniciar\u00e1 a votar os destaques a proposta, ou seja as 140 altera\u00e7\u00f5es propostas ao texto. Cada uma delas ser\u00e1 votada separadamente pelos deputados.<\/p>\n<p>A maioria dessas propostas deveria acabar sendo derrubada pelos deputados. O voto \u00e9 nominal e por cada uma das mudan\u00e7as.<\/p>\n<h2>Relembre os principais pontos da reforma da Previd\u00eancia<\/h2>\n<p>Em meados de fevereiro o presidente <strong>Jair Bolsonaro<\/strong> enviou ao <strong>Congresso<\/strong> a proposta de <strong>reforma da Previd\u00eancia.<\/strong> O objetivo era reformular o sistema de aposentadoria e pens\u00f5es dos trabalhadores brasileiros, seja da iniciativa privada que dos servidores p\u00fablicos.<\/p>\n<p><a href=\"https:\/\/www.suno.com.br\/noticias\/acordo-policiais-previdencia\/\">Saiba mais: N\u00e3o houve acordo com policiais na reforma da Previd\u00eancia, diz Maia\u00a0<\/a><\/p>\n<p>O objetivo da\u00a0equipe econ\u00f4mica do governo era economizar cerca de R$ 1,2 trilh\u00e3o em dez anos. Entretanto, por causa das mudan\u00e7as inclu\u00eddas no texto aprovado nesta quinta, a poupan\u00e7a ser\u00e1 de cerca de R$ 1 trilh\u00e3o.<\/p>\n<p>Entre os outros pontos, a <strong>reforma da Previd\u00eancia<\/strong> permitir\u00e1 que os trabalhadores j\u00e1 no mercado de trabalho utilizem regras mais suaves, com o mecanismo de transi\u00e7\u00e3o.\u00a0Para os trabalhadores da iniciativa privada haver\u00e1 quatro modelos de transi\u00e7\u00e3o, enquanto para os servidores p\u00fablicos apenas duas. Os trabalhadores poder\u00e3o escolher a mais vantajosa.<\/p>\n\t<p>\n\t\t<a href=\"https:\/\/lp.suno.com.br\/planilha-controle-gastos\/\" target=\"_blank\" data-element=\"shortcode-suno-banner\" title=\"Banner SUNO, clique e saiba mais\">\n\t\t\t<picture>\n\t\t\t\t<source media=\"(max-width: 500px)\" srcset=\"https:\/\/files.sunoresearch.com.br\/n\/uploads\/2023\/03\/400x300-Planilha-controle-de-gastos.png\">\n\t\t\t\t<img class=\"newsContent__article__imgCapa newsContent__article__imgCapa--banner\"\n\t\t\t\t\tsrc=\"https:\/\/files.sunoresearch.com.br\/n\/uploads\/2023\/03\/1420x240-Planilha-controle-de-gastos.png\"\n\t\t\t\t\tdata-promo-id=\"383122\"\t\t\t\t\t\t\t\t\t\twidth='1420' height='240'\t\t\t\t\talt=\"https:\/\/files.sunoresearch.com.br\/n\/uploads\/2023\/03\/1420x240-Planilha-controle-de-gastos.png\"\n\t\t\t\t>\n\t\t\t<\/picture>\n\t\t<\/a>\n\t<\/p>\n\n\n<p>No <strong>Brasil<\/strong> existem atualmente duas modalidades de aposentadoria pelo <strong>Instituto Nacional do Seguro Social (INSS)<\/strong>. A primeira, por idade, exige 65 anos para os homens e 60 anos para mulheres. Caso os trabalhadores sejam rurais, h\u00e1 uma redu\u00e7\u00e3o da idade m\u00ednima.<\/p>\n<h2>Plen\u00e1rio da C\u00e2mara dever\u00e1 aprovar a proposta<\/h2>\n<p>A <strong>reforma da Previd\u00eancia<\/strong> dever\u00e1 agora ser votada pelo plen\u00e1rio da <strong>C\u00e2mara dos Deputados.<\/strong> Sendo uma <strong>PEC,<\/strong> a proposta dever\u00e1 passar por dois turnos de vota\u00e7\u00e3o, antes de seguir para a an\u00e1lise do Senado.<\/p>\n","protected":false},"excerpt":{"rendered":"<p>A Comiss\u00e3o especial da C\u00e2mara dos Deputados aprovou por 36 votos a favor e 13 contra a reforma da Previd\u00eancia. A Proposta de Emenda Constitucional (PEC) foi apresentada no relat\u00f3rio do deputado Samuel Moreira (PSDB-SP). Comiss\u00e3o especial da C\u00e2mara aprova reforma da Previd\u00eancia O relat\u00f3rio da reforma da Previd\u00eancia mant\u00e9m parte das proposta do texto [&hellip;]<\/p>\n","protected":false},"author":9,"featured_media":30096,"comment_status":"closed","ping_status":"closed","sticky":false,"template":"","format":"standard","meta":[],"categories":[61],"tags":[938,940],"suno_strategy":[],"class_list":["post-30090","post","type-post","status-publish","format-standard","has-post-thumbnail","hentry","category-politica","tag-camara-dos-deputados","tag-reforma-da-previdencia"],"yoast_head":"<!-- This site is optimized with the Yoast SEO plugin v24.4 - https:\/\/yoast.com\/wordpress\/plugins\/seo\/ -->\n<title>Comiss\u00e3o especial da C\u00e2mara aprova reforma da Previd\u00eancia<\/title>\n<meta name=\"description\" content=\"A Comiss\u00e3o especial da C\u00e2mara dos Deputados aprovou por 36 votos a favor e 13 contra a reforma da Previd\u00eancia. Clique aqui para saber mais.\" \/>\n<meta name=\"robots\" content=\"index, follow, max-snippet:-1, max-image-preview:large, max-video-preview:-1\" \/>\n<link rel=\"canonical\" href=\"https:\/\/www.suno.com.br\/noticias\/comissao-especial-aprova-reforma-previdencia\/\" \/>\n<meta property=\"og:locale\" content=\"pt_BR\" \/>\n<meta property=\"og:type\" content=\"article\" \/>\n<meta property=\"og:title\" content=\"Comiss\u00e3o especial da C\u00e2mara aprova reforma da Previd\u00eancia\" \/>\n<meta property=\"og:description\" content=\"A Comiss\u00e3o especial da C\u00e2mara dos Deputados aprovou por 36 votos a favor e 13 contra a reforma da Previd\u00eancia. Clique aqui para saber mais.\" \/>\n<meta property=\"og:url\" content=\"https:\/\/www.suno.com.br\/noticias\/comissao-especial-aprova-reforma-previdencia\/\" \/>\n<meta property=\"og:site_name\" content=\"Suno Not\u00edcias\" \/>\n<meta property=\"article:publisher\" content=\"https:\/\/facebook.com\/sunoresearch\" \/>\n<meta property=\"og:image\" content=\"https:\/\/files.sunoresearch.com.br\/n\/uploads\/2019\/07\/3b4caa31-comiss\u00e3o-especial.jpg\" \/>\n\t<meta property=\"og:image:width\" content=\"1140\" \/>\n\t<meta property=\"og:image:height\" content=\"760\" \/>\n\t<meta property=\"og:image:type\" content=\"image\/jpeg\" \/>\n<meta name=\"author\" content=\"Carlo Cauti\" \/>\n<meta name=\"twitter:card\" content=\"summary_large_image\" \/>\n<meta name=\"twitter:creator\" content=\"@sunoresearch\" \/>\n<meta name=\"twitter:site\" content=\"@sunoresearch\" \/>\n<meta name=\"twitter:label1\" content=\"Escrito por\" \/>\n\t<meta name=\"twitter:data1\" content=\"Carlo Cauti\" \/>\n\t<meta name=\"twitter:label2\" content=\"Est. tempo de leitura\" \/>\n\t<meta name=\"twitter:data2\" content=\"3 minutos\" \/>\n<script type=\"application\/ld+json\" class=\"yoast-schema-graph\">{\"@context\":\"https:\/\/schema.org\",\"@graph\":[{\"@type\":\"NewsArticle\",\"@id\":\"https:\/\/www.suno.com.br\/noticias\/comissao-especial-aprova-reforma-previdencia\/#article\",\"isPartOf\":{\"@id\":\"https:\/\/www.suno.com.br\/noticias\/comissao-especial-aprova-reforma-previdencia\/\"},\"author\":{\"name\":\"Carlo Cauti\",\"@id\":\"https:\/\/www.suno.com.br\/noticias\/#\/schema\/person\/e6e0f723cc177805027f4566c1d5e0c8\"},\"headline\":\"Comiss\u00e3o especial da C\u00e2mara aprova reforma da Previd\u00eancia\",\"datePublished\":\"2019-07-04T17:37:18+00:00\",\"dateModified\":\"2019-07-05T13:19:16+00:00\",\"mainEntityOfPage\":{\"@id\":\"https:\/\/www.suno.com.br\/noticias\/comissao-especial-aprova-reforma-previdencia\/\"},\"wordCount\":584,\"publisher\":{\"@id\":\"https:\/\/www.suno.com.br\/noticias\/#organization\"},\"image\":{\"@id\":\"https:\/\/www.suno.com.br\/noticias\/comissao-especial-aprova-reforma-previdencia\/#primaryimage\"},\"thumbnailUrl\":\"https:\/\/files.sunoresearch.com.br\/n\/uploads\/2019\/07\/3b4caa31-comiss\u00e3o-especial-jpg.webp\",\"keywords\":[\"C\u00e2mara dos Deputados\",\"Reforma da Previd\u00eancia\"],\"articleSection\":[\"Pol\u00edtica\"],\"inLanguage\":\"pt-BR\"},{\"@type\":\"WebPage\",\"@id\":\"https:\/\/www.suno.com.br\/noticias\/comissao-especial-aprova-reforma-previdencia\/\",\"url\":\"https:\/\/www.suno.com.br\/noticias\/comissao-especial-aprova-reforma-previdencia\/\",\"name\":\"Comiss\u00e3o especial da C\u00e2mara aprova reforma da Previd\u00eancia\",\"isPartOf\":{\"@id\":\"https:\/\/www.suno.com.br\/noticias\/#website\"},\"primaryImageOfPage\":{\"@id\":\"https:\/\/www.suno.com.br\/noticias\/comissao-especial-aprova-reforma-previdencia\/#primaryimage\"},\"image\":{\"@id\":\"https:\/\/www.suno.com.br\/noticias\/comissao-especial-aprova-reforma-previdencia\/#primaryimage\"},\"thumbnailUrl\":\"https:\/\/files.sunoresearch.com.br\/n\/uploads\/2019\/07\/3b4caa31-comiss\u00e3o-especial-jpg.webp\",\"datePublished\":\"2019-07-04T17:37:18+00:00\",\"dateModified\":\"2019-07-05T13:19:16+00:00\",\"description\":\"A Comiss\u00e3o especial da C\u00e2mara dos Deputados aprovou por 36 votos a favor e 13 contra a reforma da Previd\u00eancia. Clique aqui para saber mais.\",\"breadcrumb\":{\"@id\":\"https:\/\/www.suno.com.br\/noticias\/comissao-especial-aprova-reforma-previdencia\/#breadcrumb\"},\"inLanguage\":\"pt-BR\",\"potentialAction\":[{\"@type\":\"ReadAction\",\"target\":[\"https:\/\/www.suno.com.br\/noticias\/comissao-especial-aprova-reforma-previdencia\/\"]}]},{\"@type\":\"ImageObject\",\"inLanguage\":\"pt-BR\",\"@id\":\"https:\/\/www.suno.com.br\/noticias\/comissao-especial-aprova-reforma-previdencia\/#primaryimage\",\"url\":\"https:\/\/files.sunoresearch.com.br\/n\/uploads\/2019\/07\/3b4caa31-comiss\u00e3o-especial-jpg.webp\",\"contentUrl\":\"https:\/\/files.sunoresearch.com.br\/n\/uploads\/2019\/07\/3b4caa31-comiss\u00e3o-especial-jpg.webp\",\"width\":1140,\"height\":760,\"caption\":\"Comiss\u00e3o especial da C\u00e2mara aprova reforma da Previd\u00eancia\"},{\"@type\":\"BreadcrumbList\",\"@id\":\"https:\/\/www.suno.com.br\/noticias\/comissao-especial-aprova-reforma-previdencia\/#breadcrumb\",\"itemListElement\":[{\"@type\":\"ListItem\",\"position\":1,\"name\":\"Not\u00edcias\",\"item\":\"https:\/\/www.suno.com.br\/noticias\/\"},{\"@type\":\"ListItem\",\"position\":2,\"name\":\"Pol\u00edtica\",\"item\":\"https:\/\/www.suno.com.br\/noticias\/politica\/\"},{\"@type\":\"ListItem\",\"position\":3,\"name\":\"Comiss\u00e3o especial da C\u00e2mara aprova reforma da Previd\u00eancia\"}]},{\"@type\":\"WebSite\",\"@id\":\"https:\/\/www.suno.com.br\/noticias\/#website\",\"url\":\"https:\/\/www.suno.com.br\/noticias\/\",\"name\":\"Suno Not\u00edcias\",\"description\":\"Seu portal de informa\u00e7\u00e3o sobre o mundo dos investimentos\",\"publisher\":{\"@id\":\"https:\/\/www.suno.com.br\/noticias\/#organization\"},\"potentialAction\":[{\"@type\":\"SearchAction\",\"target\":{\"@type\":\"EntryPoint\",\"urlTemplate\":\"https:\/\/www.suno.com.br\/noticias\/?s={search_term_string}\"},\"query-input\":{\"@type\":\"PropertyValueSpecification\",\"valueRequired\":true,\"valueName\":\"search_term_string\"}}],\"inLanguage\":\"pt-BR\"},{\"@type\":\"Organization\",\"@id\":\"https:\/\/www.suno.com.br\/noticias\/#organization\",\"name\":\"Suno Not\u00edcias\",\"url\":\"https:\/\/www.suno.com.br\/noticias\/\",\"logo\":{\"@type\":\"ImageObject\",\"inLanguage\":\"pt-BR\",\"@id\":\"https:\/\/www.suno.com.br\/noticias\/#\/schema\/logo\/image\/\",\"url\":\"https:\/\/files.sunoresearch.com.br\/n\/uploads\/2021\/09\/suno-logo.png\",\"contentUrl\":\"https:\/\/files.sunoresearch.com.br\/n\/uploads\/2021\/09\/suno-logo.png\",\"width\":180,\"height\":180,\"caption\":\"Suno Not\u00edcias\"},\"image\":{\"@id\":\"https:\/\/www.suno.com.br\/noticias\/#\/schema\/logo\/image\/\"},\"sameAs\":[\"https:\/\/facebook.com\/sunoresearch\",\"https:\/\/x.com\/sunoresearch\",\"https:\/\/www.instagram.com\/suno\",\"https:\/\/www.linkedin.com\/company\/suno-research\/\",\"https:\/\/www.youtube.com\/c\/sunoresearch\"]},{\"@type\":\"Person\",\"@id\":\"https:\/\/www.suno.com.br\/noticias\/#\/schema\/person\/e6e0f723cc177805027f4566c1d5e0c8\",\"name\":\"Carlo Cauti\",\"image\":{\"@type\":\"ImageObject\",\"inLanguage\":\"pt-BR\",\"@id\":\"https:\/\/www.suno.com.br\/noticias\/#\/schema\/person\/image\/\",\"url\":\"https:\/\/secure.gravatar.com\/avatar\/3ada9e0bd164c23abd4792a9606d583c?s=96&r=g\",\"contentUrl\":\"https:\/\/secure.gravatar.com\/avatar\/3ada9e0bd164c23abd4792a9606d583c?s=96&r=g\",\"caption\":\"Carlo Cauti\"},\"description\":\"Editor multim\u00eddia do SUNO Not\u00edcias. Italiano, formado em Ci\u00eancias Pol\u00edticas pela universidade LUISS G. Carli de Roma e mestre cum laude em Rela\u00e7\u00f5es Internacionais, Jornalismo Internacional e de Guerra e em Economia Internacional. Concluiu tamb\u00e9m um MBA em Finan\u00e7as na B3. No Brasil, teve passagem por ve\u00edculos como Estad\u00e3o, Globo, Veja e EXAME. e nas ag\u00eancias de not\u00edcias italianas ANSA e NOVA.\",\"url\":\"https:\/\/www.suno.com.br\/noticias\/author\/carlo-cauti\/\"}]}<\/script>\n<!-- \/ Yoast SEO plugin. -->","yoast_head_json":{"title":"Comiss\u00e3o especial da C\u00e2mara aprova reforma da Previd\u00eancia","description":"A Comiss\u00e3o especial da C\u00e2mara dos Deputados aprovou por 36 votos a favor e 13 contra a reforma da Previd\u00eancia. Clique aqui para saber mais.","robots":{"index":"index","follow":"follow","max-snippet":"max-snippet:-1","max-image-preview":"max-image-preview:large","max-video-preview":"max-video-preview:-1"},"canonical":"https:\/\/www.suno.com.br\/noticias\/comissao-especial-aprova-reforma-previdencia\/","og_locale":"pt_BR","og_type":"article","og_title":"Comiss\u00e3o especial da C\u00e2mara aprova reforma da Previd\u00eancia","og_description":"A Comiss\u00e3o especial da C\u00e2mara dos Deputados aprovou por 36 votos a favor e 13 contra a reforma da Previd\u00eancia. Clique aqui para saber mais.","og_url":"https:\/\/www.suno.com.br\/noticias\/comissao-especial-aprova-reforma-previdencia\/","og_site_name":"Suno Not\u00edcias","article_publisher":"https:\/\/facebook.com\/sunoresearch","og_image":[{"width":1140,"height":760,"url":"https:\/\/files.sunoresearch.com.br\/n\/uploads\/2019\/07\/3b4caa31-comiss\u00e3o-especial.jpg","type":"image\/jpeg"}],"author":"Carlo Cauti","twitter_card":"summary_large_image","twitter_creator":"@sunoresearch","twitter_site":"@sunoresearch","twitter_misc":{"Escrito por":"Carlo Cauti","Est. tempo de leitura":"3 minutos"},"schema":{"@context":"https:\/\/schema.org","@graph":[{"@type":"NewsArticle","@id":"https:\/\/www.suno.com.br\/noticias\/comissao-especial-aprova-reforma-previdencia\/#article","isPartOf":{"@id":"https:\/\/www.suno.com.br\/noticias\/comissao-especial-aprova-reforma-previdencia\/"},"author":{"name":"Carlo Cauti","@id":"https:\/\/www.suno.com.br\/noticias\/#\/schema\/person\/e6e0f723cc177805027f4566c1d5e0c8"},"headline":"Comiss\u00e3o especial da C\u00e2mara aprova reforma da Previd\u00eancia","datePublished":"2019-07-04T17:37:18+00:00","dateModified":"2019-07-05T13:19:16+00:00","mainEntityOfPage":{"@id":"https:\/\/www.suno.com.br\/noticias\/comissao-especial-aprova-reforma-previdencia\/"},"wordCount":584,"publisher":{"@id":"https:\/\/www.suno.com.br\/noticias\/#organization"},"image":{"@id":"https:\/\/www.suno.com.br\/noticias\/comissao-especial-aprova-reforma-previdencia\/#primaryimage"},"thumbnailUrl":"https:\/\/files.sunoresearch.com.br\/n\/uploads\/2019\/07\/3b4caa31-comiss\u00e3o-especial-jpg.webp","keywords":["C\u00e2mara dos Deputados","Reforma da Previd\u00eancia"],"articleSection":["Pol\u00edtica"],"inLanguage":"pt-BR"},{"@type":"WebPage","@id":"https:\/\/www.suno.com.br\/noticias\/comissao-especial-aprova-reforma-previdencia\/","url":"https:\/\/www.suno.com.br\/noticias\/comissao-especial-aprova-reforma-previdencia\/","name":"Comiss\u00e3o especial da C\u00e2mara aprova reforma da Previd\u00eancia","isPartOf":{"@id":"https:\/\/www.suno.com.br\/noticias\/#website"},"primaryImageOfPage":{"@id":"https:\/\/www.suno.com.br\/noticias\/comissao-especial-aprova-reforma-previdencia\/#primaryimage"},"image":{"@id":"https:\/\/www.suno.com.br\/noticias\/comissao-especial-aprova-reforma-previdencia\/#primaryimage"},"thumbnailUrl":"https:\/\/files.sunoresearch.com.br\/n\/uploads\/2019\/07\/3b4caa31-comiss\u00e3o-especial-jpg.webp","datePublished":"2019-07-04T17:37:18+00:00","dateModified":"2019-07-05T13:19:16+00:00","description":"A Comiss\u00e3o especial da C\u00e2mara dos Deputados aprovou por 36 votos a favor e 13 contra a reforma da Previd\u00eancia. Clique aqui para saber mais.","breadcrumb":{"@id":"https:\/\/www.suno.com.br\/noticias\/comissao-especial-aprova-reforma-previdencia\/#breadcrumb"},"inLanguage":"pt-BR","potentialAction":[{"@type":"ReadAction","target":["https:\/\/www.suno.com.br\/noticias\/comissao-especial-aprova-reforma-previdencia\/"]}]},{"@type":"ImageObject","inLanguage":"pt-BR","@id":"https:\/\/www.suno.com.br\/noticias\/comissao-especial-aprova-reforma-previdencia\/#primaryimage","url":"https:\/\/files.sunoresearch.com.br\/n\/uploads\/2019\/07\/3b4caa31-comiss\u00e3o-especial-jpg.webp","contentUrl":"https:\/\/files.sunoresearch.com.br\/n\/uploads\/2019\/07\/3b4caa31-comiss\u00e3o-especial-jpg.webp","width":1140,"height":760,"caption":"Comiss\u00e3o especial da C\u00e2mara aprova reforma da Previd\u00eancia"},{"@type":"BreadcrumbList","@id":"https:\/\/www.suno.com.br\/noticias\/comissao-especial-aprova-reforma-previdencia\/#breadcrumb","itemListElement":[{"@type":"ListItem","position":1,"name":"Not\u00edcias","item":"https:\/\/www.suno.com.br\/noticias\/"},{"@type":"ListItem","position":2,"name":"Pol\u00edtica","item":"https:\/\/www.suno.com.br\/noticias\/politica\/"},{"@type":"ListItem","position":3,"name":"Comiss\u00e3o especial da C\u00e2mara aprova reforma da Previd\u00eancia"}]},{"@type":"WebSite","@id":"https:\/\/www.suno.com.br\/noticias\/#website","url":"https:\/\/www.suno.com.br\/noticias\/","name":"Suno Not\u00edcias","description":"Seu portal de informa\u00e7\u00e3o sobre o mundo dos investimentos","publisher":{"@id":"https:\/\/www.suno.com.br\/noticias\/#organization"},"potentialAction":[{"@type":"SearchAction","target":{"@type":"EntryPoint","urlTemplate":"https:\/\/www.suno.com.br\/noticias\/?s={search_term_string}"},"query-input":{"@type":"PropertyValueSpecification","valueRequired":true,"valueName":"search_term_string"}}],"inLanguage":"pt-BR"},{"@type":"Organization","@id":"https:\/\/www.suno.com.br\/noticias\/#organization","name":"Suno Not\u00edcias","url":"https:\/\/www.suno.com.br\/noticias\/","logo":{"@type":"ImageObject","inLanguage":"pt-BR","@id":"https:\/\/www.suno.com.br\/noticias\/#\/schema\/logo\/image\/","url":"https:\/\/files.sunoresearch.com.br\/n\/uploads\/2021\/09\/suno-logo.png","contentUrl":"https:\/\/files.sunoresearch.com.br\/n\/uploads\/2021\/09\/suno-logo.png","width":180,"height":180,"caption":"Suno Not\u00edcias"},"image":{"@id":"https:\/\/www.suno.com.br\/noticias\/#\/schema\/logo\/image\/"},"sameAs":["https:\/\/facebook.com\/sunoresearch","https:\/\/x.com\/sunoresearch","https:\/\/www.instagram.com\/suno","https:\/\/www.linkedin.com\/company\/suno-research\/","https:\/\/www.youtube.com\/c\/sunoresearch"]},{"@type":"Person","@id":"https:\/\/www.suno.com.br\/noticias\/#\/schema\/person\/e6e0f723cc177805027f4566c1d5e0c8","name":"Carlo Cauti","image":{"@type":"ImageObject","inLanguage":"pt-BR","@id":"https:\/\/www.suno.com.br\/noticias\/#\/schema\/person\/image\/","url":"https:\/\/secure.gravatar.com\/avatar\/3ada9e0bd164c23abd4792a9606d583c?s=96&r=g","contentUrl":"https:\/\/secure.gravatar.com\/avatar\/3ada9e0bd164c23abd4792a9606d583c?s=96&r=g","caption":"Carlo Cauti"},"description":"Editor multim\u00eddia do SUNO Not\u00edcias. Italiano, formado em Ci\u00eancias Pol\u00edticas pela universidade LUISS G. Carli de Roma e mestre cum laude em Rela\u00e7\u00f5es Internacionais, Jornalismo Internacional e de Guerra e em Economia Internacional. Concluiu tamb\u00e9m um MBA em Finan\u00e7as na B3. No Brasil, teve passagem por ve\u00edculos como Estad\u00e3o, Globo, Veja e EXAME. e nas ag\u00eancias de not\u00edcias italianas ANSA e NOVA.","url":"https:\/\/www.suno.com.br\/noticias\/author\/carlo-cauti\/"}]}},"default_loop_html":"<div class=\"cardsPage__listCard__boxs\"><div class=\"cardsPage__listCard__boxs__img\"><a href=\"https:\/\/www.suno.com.br\/noticias\/comissao-especial-aprova-reforma-previdencia\/\"><img class=\"mask\" src=\"https:\/\/www.suno.com.br\/noticias\/wp-content\/themes\/suno\/resources\/images\/spotlight\/spotlight1img\/bg-mask.png\" alt=\"Image Mask\"\/><img src=\"https:\/\/files.sunoresearch.com.br\/n\/uploads\/2019\/07\/3b4caa31-comiss\u00e3o-especial-400x200.webp\" alt=\"Comiss\u00e3o especial da C\u00e2mara aprova reforma da Previd\u00eancia\"\/><\/a><span class=\"spotlightCategory\"><a href=\"https:\/\/www.suno.com.br\/noticias\/politica\/\">Pol\u00edtica<\/a><\/span><\/div><div class=\"cardsPage__listCard__boxs__content\"><a href=\"https:\/\/www.suno.com.br\/noticias\/comissao-especial-aprova-reforma-previdencia\/\"><h2 class=\"content__title\">Comiss\u00e3o especial da C\u00e2mara aprova reforma da Previd\u00eancia<\/h2><\/a><div class=\"newsContent__article__meta\"><div class=\"newsContent__article__meta__authorBox\"><a href=\"https:\/\/www.suno.com.br\/noticias\/author\/carlo-cauti\/\" class=\"authorBox__avatar noMobi\"><img src=\"https:\/\/files.sunoresearch.com.br\/n\/uploads\/2020\/08\/e3745f9a-perfil-carlo-cauti-150x150.webp\" alt=\"Carlo Cauti\"><\/a><div class=\"authorBox__name\"><span>por\n\t\t\t<a href=\"https:\/\/www.suno.com.br\/noticias\/author\/carlo-cauti\/\"><span itemprop=\"author\">Carlo Cauti<\/span><\/a><\/span><time datetime=\"2019-07-04T14:37:18-03:00\" itemprop=\"datePublished\">04\/07\/2019 14:37<\/time><\/div><\/div><\/div><\/div><\/div>","single_layout":"posts","amp_enabled":true,"_links":{"self":[{"href":"https:\/\/www.suno.com.br\/noticias\/wp-json\/wp\/v2\/posts\/30090"}],"collection":[{"href":"https:\/\/www.suno.com.br\/noticias\/wp-json\/wp\/v2\/posts"}],"about":[{"href":"https:\/\/www.suno.com.br\/noticias\/wp-json\/wp\/v2\/types\/post"}],"author":[{"embeddable":true,"href":"https:\/\/www.suno.com.br\/noticias\/wp-json\/wp\/v2\/users\/9"}],"replies":[{"embeddable":true,"href":"https:\/\/www.suno.com.br\/noticias\/wp-json\/wp\/v2\/comments?post=30090"}],"version-history":[{"count":0,"href":"https:\/\/www.suno.com.br\/noticias\/wp-json\/wp\/v2\/posts\/30090\/revisions"}],"wp:featuredmedia":[{"embeddable":true,"href":"https:\/\/www.suno.com.br\/noticias\/wp-json\/wp\/v2\/media\/30096"}],"wp:attachment":[{"href":"https:\/\/www.suno.com.br\/noticias\/wp-json\/wp\/v2\/media?parent=30090"}],"wp:term":[{"taxonomy":"category","embeddable":true,"href":"https:\/\/www.suno.com.br\/noticias\/wp-json\/wp\/v2\/categories?post=30090"},{"taxonomy":"post_tag","embeddable":true,"href":"https:\/\/www.suno.com.br\/noticias\/wp-json\/wp\/v2\/tags?post=30090"},{"taxonomy":"suno_strategy","embeddable":true,"href":"https:\/\/www.suno.com.br\/noticias\/wp-json\/wp\/v2\/suno_strategy?post=30090"}],"curies":[{"name":"wp","href":"https:\/\/api.w.org\/{rel}","templated":true}]}}