{"id":30088,"date":"2019-07-04T15:56:56","date_gmt":"2019-07-04T18:56:56","guid":{"rendered":"https:\/\/www.suno.com.br\/noticias\/?p=30088"},"modified":"2019-07-04T17:43:43","modified_gmt":"2019-07-04T20:43:43","slug":"trafego-aereo-sobe","status":"publish","type":"post","link":"https:\/\/www.suno.com.br\/noticias\/trafego-aereo-sobe\/","title":{"rendered":"Tr\u00e1fego a\u00e9reo mundial sobe 4,5% em maio; Am\u00e9rica Latina lidera aumento"},"content":{"rendered":"<p>A<strong> Associa\u00e7\u00e3o Internacional de Transporte A\u00e9reo (Iata)<\/strong> informou nesta quinta-feira (04) que o tr\u00e1fego a\u00e9reo mundial aumentou 4,5% em maio ao comparar com o mesmo m\u00eas do ano passado.<\/p>\t<div class=\"wrapper-featured-image\">\n\t\t<figure class=\"spotlightImg\">\n\n\t\t\t<picture>\n\t\t\t\t<source media=\"(max-width: 768px)\" srcset=\"https:\/\/files.sunoresearch.com.br\/n\/uploads\/2019\/07\/09623875-gol-400x200.webp\">\n\t\t\t\t<img loading=\"lazy\" decoding=\"async\" class=\"newsContent__article__imgCapa lazyloadDisabled newsContent__article__imgCapa--noCaption\" src=\"https:\/\/files.sunoresearch.com.br\/n\/uploads\/2019\/07\/09623875-gol-800x450.webp\" width=\"800\" height=\"450\" alt=\"Tr\u00e1fego a\u00e9reo mundial sobe 4,5% em maio; Am\u00e9rica Latina lidera aumento\" fetchpriority=high \/>\n\t\t\t<\/picture>\n\n\t\t\t<figcaption class=\"wp-caption-text wp-caption-text--hide\">Gol ter\u00e1 mais voos em alta temporada no Brasil<\/figcaption>\n\t\t<\/figure>\n\t<\/div>\n\n\n<p>A Iata\u00a0inclui\u00a0as 290 maiores companhias de a\u00e9reas do mundo. Segundo a\u00a0associa\u00e7\u00e3o, \u00edndice de <strong>tr\u00e1fego a\u00e9reo<\/strong> mundial \u00e9 calculado atrav\u00e9s do n\u00famero de passageiro por quil\u00f4metro percorrido.<\/p>\n<p>O Oriente M\u00e9dio apresentou o pior desempenho mundial. A alta na regi\u00e3o foi de apenas 0,7%.\u00a0Por outro lado, a<strong> Am\u00e9rica Latina<\/strong> registrou aumento de 6,5% do tr\u00e1fego a\u00e9reo. Assim, a regi\u00e3o foi a que apresentou maior crescimento.<\/p>\n<p><a href=\"https:\/\/www.suno.com.br\/noticias\/gol-smiles-reajuste-precos-passagens\/\">Leia tamb\u00e9m:\u00a0Gol notifica Smiles sobre reajuste de pre\u00e7os de passagens e milhas<\/a><\/p>\n<p>No entanto, o aumento dos v\u00f4os dom\u00e9sticos no Brasil ficou longe da m\u00e9dia mundial. O Pa\u00eds registrou alta de 1,3% enquanto a m\u00e9dia global foi de 4,8%. Os pa\u00edses que obtiveram os maiores \u00edndices foram a R\u00fassia, com crescimento de 10,6%, e a China, que registrou subida de 7,6%.<\/p>\n<h2>Transporte de cargas<\/h2>\n<p>A Iata divulgou tamb\u00e9m que o transporte a\u00e9reo de cargas registrou queda de 3,6% no m\u00eas de maio, em rela\u00e7\u00e3o ao mesmo m\u00eas de 2018. Essa \u00e9 a s\u00e9tima queda seguida no \u00edndice de frete a\u00e9reo.<\/p>\n<p>Entretanto, a diminui\u00e7\u00e3o na demanda registrada em maio foi menor em compara\u00e7\u00e3o ao m\u00eas de abril, quando a queda foi de\u00a05,6%. Conforme a associa\u00e7\u00e3o, o mercado ainda continua fraco, por\u00e9m, a pior fase j\u00e1 passou.<\/p>\n\t<p>\n\t\t<a href=\"https:\/\/lp.statusinvest.com.br\/cl\/carteira-automatizada\/\" target=\"_blank\" data-element=\"shortcode-suno-banner\" title=\"Banner SUNO, clique e saiba mais\">\n\t\t\t<picture>\n\t\t\t\t<source media=\"(max-width: 500px)\" srcset=\"https:\/\/files.sunoresearch.com.br\/n\/uploads\/2024\/02\/400x300-Mobile.png\">\n\t\t\t\t<img class=\"newsContent__article__imgCapa newsContent__article__imgCapa--banner\"\n\t\t\t\t\tsrc=\"https:\/\/files.sunoresearch.com.br\/n\/uploads\/2024\/02\/1420x240-Desktop.png\"\n\t\t\t\t\tdata-promo-id=\"518879\"\t\t\t\t\t\t\t\t\t\twidth='1420' height='240'\t\t\t\t\talt=\"https:\/\/files.sunoresearch.com.br\/n\/uploads\/2024\/02\/1420x240-Desktop.png\"\n\t\t\t\t>\n\t\t\t<\/picture>\n\t\t<\/a>\n\t<\/p>\n\n\n<p>&#8220;O impacto da guerra comercial entre Estados Unidos e China no volume de frete a\u00e9reo foi claro em maio. \u00c9 uma evid\u00eancia do dano econ\u00f4mico que \u00e9 causado quando as barreiras ao com\u00e9rcio s\u00e3o erguidas&#8221;, afirmou o presidente da Iata.<\/p>\n<h2>Demanda de tr\u00e1fego a\u00e9reo<\/h2>\n<p>Em rela\u00e7\u00e3o \u00e0 demanda de tr\u00e1fego a\u00e9reo no m\u00eas de maio, a Am\u00e9rica Latina tamb\u00e9m liderou os resultados, com crescimento de 6,7%. A m\u00e9dia internacional foi de 4,3%, portanto, menor do que a registrada no m\u00eas de abril, que foi de 5,1%.<\/p>\n<p>Conforme o presidente da\u00a0da Iata, Alexandre de Juniac, a baixa intensidade do crescimento ocorreu por conta das tens\u00f5es comerciais, do recesso no com\u00e9rcio mundial e da baixa confian\u00e7a dos empres\u00e1rios.<\/p>\n\t<p>\n\t\t<a href=\"https:\/\/lp.suno.com.br\/asset\/fundos\/suno-fic-fia\/\" target=\"_blank\" data-element=\"shortcode-suno-banner\" title=\"Banner SUNO, clique e saiba mais\">\n\t\t\t<picture>\n\t\t\t\t<source media=\"(max-width: 500px)\" srcset=\"https:\/\/files.sunoresearch.com.br\/n\/uploads\/2023\/10\/SUNO-FIC-FIA-400x300-Mobile-Artigos-5.png\">\n\t\t\t\t<img class=\"newsContent__article__imgCapa newsContent__article__imgCapa--banner\"\n\t\t\t\t\tsrc=\"https:\/\/files.sunoresearch.com.br\/n\/uploads\/2023\/10\/SUNO-FIC-FIA-1420x240-Banner-Artigos-1-_-Banner-Materias-4.png\"\n\t\t\t\t\tdata-promo-id=\"478742\"\t\t\t\t\t\t\t\t\t\twidth='2840' height='480'\t\t\t\t\talt=\"https:\/\/files.sunoresearch.com.br\/n\/uploads\/2023\/10\/SUNO-FIC-FIA-1420x240-Banner-Artigos-1-_-Banner-Materias-4.png\"\n\t\t\t\t>\n\t\t\t<\/picture>\n\t\t<\/a>\n\t<\/p>\n\n\n<p>&#8220;Nesse ambiente desafiador, as companhias a\u00e9reas est\u00e3o gerenciando a capacidade com cuidado para otimizar a efici\u00eancia&#8221;, disse Juniac.<\/p>\n<p>Com o aumento do<strong> tr\u00e1fego a\u00e9reo<\/strong>, as a\u00e7\u00f5es das a\u00e9reas brasileiras est\u00e3o liderando as altas da bolsa nesta quinta-feira. Assim, os pap\u00e9is da Gol (GOLL4) registraram alta de\u00a05,39%, negociando a\u00a0R$ 37,35 por volta das 15h30. No mesmo hor\u00e1rio, as a\u00e7\u00f5es da Azul (AZUL4) registraram alta de\u00a05,46%, cotado em R$\u00a046,57.<\/p>\n","protected":false},"excerpt":{"rendered":"<p>A Associa\u00e7\u00e3o Internacional de Transporte A\u00e9reo (Iata) informou nesta quinta-feira (04) que o tr\u00e1fego a\u00e9reo mundial aumentou 4,5% em maio ao comparar com o mesmo m\u00eas do ano passado. Gol ter\u00e1 mais voos em alta temporada no Brasil A Iata\u00a0inclui\u00a0as 290 maiores companhias de a\u00e9reas do mundo. Segundo a\u00a0associa\u00e7\u00e3o, \u00edndice de tr\u00e1fego a\u00e9reo mundial \u00e9 [&hellip;]<\/p>\n","protected":false},"author":18,"featured_media":30107,"comment_status":"closed","ping_status":"closed","sticky":false,"template":"","format":"standard","meta":[],"categories":[62],"tags":[986,1542],"suno_strategy":[],"class_list":["post-30088","post","type-post","status-publish","format-standard","has-post-thumbnail","hentry","category-economia","tag-america-latina","tag-iata"],"yoast_head":"<!-- This site is optimized with the Yoast SEO plugin v24.4 - https:\/\/yoast.com\/wordpress\/plugins\/seo\/ -->\n<title>Tr\u00e1fego a\u00e9reo mundial sobe 4,5% em maio; Am\u00e9rica Latina lidera aumento<\/title>\n<meta name=\"description\" content=\"A Associa\u00e7\u00e3o Internacional de Transporte A\u00e9reo informou que o tr\u00e1fego a\u00e9reo mundial aumentou 4,5% em maio. Clique para saber mais.\" \/>\n<meta name=\"robots\" content=\"index, follow, max-snippet:-1, max-image-preview:large, max-video-preview:-1\" \/>\n<link rel=\"canonical\" href=\"https:\/\/www.suno.com.br\/noticias\/trafego-aereo-sobe\/\" \/>\n<meta property=\"og:locale\" content=\"pt_BR\" \/>\n<meta property=\"og:type\" content=\"article\" \/>\n<meta property=\"og:title\" content=\"Tr\u00e1fego a\u00e9reo mundial sobe 4,5% em maio; Am\u00e9rica Latina lidera aumento\" \/>\n<meta property=\"og:description\" content=\"A Associa\u00e7\u00e3o Internacional de Transporte A\u00e9reo informou que o tr\u00e1fego a\u00e9reo mundial aumentou 4,5% em maio. Clique para saber mais.\" \/>\n<meta property=\"og:url\" content=\"https:\/\/www.suno.com.br\/noticias\/trafego-aereo-sobe\/\" \/>\n<meta property=\"og:site_name\" content=\"Suno Not\u00edcias\" \/>\n<meta property=\"article:publisher\" content=\"https:\/\/facebook.com\/sunoresearch\" \/>\n<meta property=\"og:image\" content=\"https:\/\/files.sunoresearch.com.br\/n\/uploads\/2019\/07\/09623875-gol.jpg\" \/>\n\t<meta property=\"og:image:width\" content=\"1380\" \/>\n\t<meta property=\"og:image:height\" content=\"920\" \/>\n\t<meta property=\"og:image:type\" content=\"image\/jpeg\" \/>\n<meta name=\"author\" content=\"Giovanna Oliveira\" \/>\n<meta name=\"twitter:card\" content=\"summary_large_image\" \/>\n<meta name=\"twitter:creator\" content=\"@sunoresearch\" \/>\n<meta name=\"twitter:site\" content=\"@sunoresearch\" \/>\n<meta name=\"twitter:label1\" content=\"Escrito por\" \/>\n\t<meta name=\"twitter:data1\" content=\"Giovanna Oliveira\" \/>\n\t<meta name=\"twitter:label2\" content=\"Est. tempo de leitura\" \/>\n\t<meta name=\"twitter:data2\" content=\"2 minutos\" \/>\n<script type=\"application\/ld+json\" class=\"yoast-schema-graph\">{\"@context\":\"https:\/\/schema.org\",\"@graph\":[{\"@type\":\"NewsArticle\",\"@id\":\"https:\/\/www.suno.com.br\/noticias\/trafego-aereo-sobe\/#article\",\"isPartOf\":{\"@id\":\"https:\/\/www.suno.com.br\/noticias\/trafego-aereo-sobe\/\"},\"author\":{\"name\":\"Giovanna Oliveira\",\"@id\":\"https:\/\/www.suno.com.br\/noticias\/#\/schema\/person\/4e19e3d2575736e5283d58eb3199d120\"},\"headline\":\"Tr\u00e1fego a\u00e9reo mundial sobe 4,5% em maio; Am\u00e9rica Latina lidera aumento\",\"datePublished\":\"2019-07-04T18:56:56+00:00\",\"dateModified\":\"2019-07-04T20:43:43+00:00\",\"mainEntityOfPage\":{\"@id\":\"https:\/\/www.suno.com.br\/noticias\/trafego-aereo-sobe\/\"},\"wordCount\":485,\"publisher\":{\"@id\":\"https:\/\/www.suno.com.br\/noticias\/#organization\"},\"image\":{\"@id\":\"https:\/\/www.suno.com.br\/noticias\/trafego-aereo-sobe\/#primaryimage\"},\"thumbnailUrl\":\"https:\/\/files.sunoresearch.com.br\/n\/uploads\/2019\/07\/09623875-gol-jpg.webp\",\"keywords\":[\"Am\u00e9rica Latina\",\"Iata\"],\"articleSection\":[\"Economia\"],\"inLanguage\":\"pt-BR\"},{\"@type\":\"WebPage\",\"@id\":\"https:\/\/www.suno.com.br\/noticias\/trafego-aereo-sobe\/\",\"url\":\"https:\/\/www.suno.com.br\/noticias\/trafego-aereo-sobe\/\",\"name\":\"Tr\u00e1fego a\u00e9reo mundial sobe 4,5% em maio; Am\u00e9rica Latina lidera aumento\",\"isPartOf\":{\"@id\":\"https:\/\/www.suno.com.br\/noticias\/#website\"},\"primaryImageOfPage\":{\"@id\":\"https:\/\/www.suno.com.br\/noticias\/trafego-aereo-sobe\/#primaryimage\"},\"image\":{\"@id\":\"https:\/\/www.suno.com.br\/noticias\/trafego-aereo-sobe\/#primaryimage\"},\"thumbnailUrl\":\"https:\/\/files.sunoresearch.com.br\/n\/uploads\/2019\/07\/09623875-gol-jpg.webp\",\"datePublished\":\"2019-07-04T18:56:56+00:00\",\"dateModified\":\"2019-07-04T20:43:43+00:00\",\"description\":\"A Associa\u00e7\u00e3o Internacional de Transporte A\u00e9reo informou que o tr\u00e1fego a\u00e9reo mundial aumentou 4,5% em maio. Clique para saber mais.\",\"breadcrumb\":{\"@id\":\"https:\/\/www.suno.com.br\/noticias\/trafego-aereo-sobe\/#breadcrumb\"},\"inLanguage\":\"pt-BR\",\"potentialAction\":[{\"@type\":\"ReadAction\",\"target\":[\"https:\/\/www.suno.com.br\/noticias\/trafego-aereo-sobe\/\"]}]},{\"@type\":\"ImageObject\",\"inLanguage\":\"pt-BR\",\"@id\":\"https:\/\/www.suno.com.br\/noticias\/trafego-aereo-sobe\/#primaryimage\",\"url\":\"https:\/\/files.sunoresearch.com.br\/n\/uploads\/2019\/07\/09623875-gol-jpg.webp\",\"contentUrl\":\"https:\/\/files.sunoresearch.com.br\/n\/uploads\/2019\/07\/09623875-gol-jpg.webp\",\"width\":1380,\"height\":920,\"caption\":\"Gol ter\u00e1 mais voos em alta temporada no Brasil\"},{\"@type\":\"BreadcrumbList\",\"@id\":\"https:\/\/www.suno.com.br\/noticias\/trafego-aereo-sobe\/#breadcrumb\",\"itemListElement\":[{\"@type\":\"ListItem\",\"position\":1,\"name\":\"Not\u00edcias\",\"item\":\"https:\/\/www.suno.com.br\/noticias\/\"},{\"@type\":\"ListItem\",\"position\":2,\"name\":\"Economia\",\"item\":\"https:\/\/www.suno.com.br\/noticias\/economia\/\"},{\"@type\":\"ListItem\",\"position\":3,\"name\":\"Tr\u00e1fego a\u00e9reo mundial sobe 4,5% em maio; Am\u00e9rica Latina lidera aumento\"}]},{\"@type\":\"WebSite\",\"@id\":\"https:\/\/www.suno.com.br\/noticias\/#website\",\"url\":\"https:\/\/www.suno.com.br\/noticias\/\",\"name\":\"Suno Not\u00edcias\",\"description\":\"Seu portal de informa\u00e7\u00e3o sobre o mundo dos investimentos\",\"publisher\":{\"@id\":\"https:\/\/www.suno.com.br\/noticias\/#organization\"},\"potentialAction\":[{\"@type\":\"SearchAction\",\"target\":{\"@type\":\"EntryPoint\",\"urlTemplate\":\"https:\/\/www.suno.com.br\/noticias\/?s={search_term_string}\"},\"query-input\":{\"@type\":\"PropertyValueSpecification\",\"valueRequired\":true,\"valueName\":\"search_term_string\"}}],\"inLanguage\":\"pt-BR\"},{\"@type\":\"Organization\",\"@id\":\"https:\/\/www.suno.com.br\/noticias\/#organization\",\"name\":\"Suno Not\u00edcias\",\"url\":\"https:\/\/www.suno.com.br\/noticias\/\",\"logo\":{\"@type\":\"ImageObject\",\"inLanguage\":\"pt-BR\",\"@id\":\"https:\/\/www.suno.com.br\/noticias\/#\/schema\/logo\/image\/\",\"url\":\"https:\/\/files.sunoresearch.com.br\/n\/uploads\/2021\/09\/suno-logo.png\",\"contentUrl\":\"https:\/\/files.sunoresearch.com.br\/n\/uploads\/2021\/09\/suno-logo.png\",\"width\":180,\"height\":180,\"caption\":\"Suno Not\u00edcias\"},\"image\":{\"@id\":\"https:\/\/www.suno.com.br\/noticias\/#\/schema\/logo\/image\/\"},\"sameAs\":[\"https:\/\/facebook.com\/sunoresearch\",\"https:\/\/x.com\/sunoresearch\",\"https:\/\/www.instagram.com\/suno\",\"https:\/\/www.linkedin.com\/company\/suno-research\/\",\"https:\/\/www.youtube.com\/c\/sunoresearch\"]},{\"@type\":\"Person\",\"@id\":\"https:\/\/www.suno.com.br\/noticias\/#\/schema\/person\/4e19e3d2575736e5283d58eb3199d120\",\"name\":\"Giovanna Oliveira\",\"image\":{\"@type\":\"ImageObject\",\"inLanguage\":\"pt-BR\",\"@id\":\"https:\/\/www.suno.com.br\/noticias\/#\/schema\/person\/image\/\",\"url\":\"https:\/\/secure.gravatar.com\/avatar\/9a37b3ae208962ac568992d0ffdbc2eb?s=96&r=g\",\"contentUrl\":\"https:\/\/secure.gravatar.com\/avatar\/9a37b3ae208962ac568992d0ffdbc2eb?s=96&r=g\",\"caption\":\"Giovanna Oliveira\"},\"description\":\"Giovanna Oliveira escreve sobre economia e pol\u00edtica. Foi rep\u00f3rter do portal de jornalismo da ESPM-SP e produziu conte\u00fado para a Corinthians TV. \u00c9 estudante da ESPM.\",\"url\":\"https:\/\/www.suno.com.br\/noticias\/author\/giovanna\/\"}]}<\/script>\n<!-- \/ Yoast SEO plugin. -->","yoast_head_json":{"title":"Tr\u00e1fego a\u00e9reo mundial sobe 4,5% em maio; Am\u00e9rica Latina lidera aumento","description":"A Associa\u00e7\u00e3o Internacional de Transporte A\u00e9reo informou que o tr\u00e1fego a\u00e9reo mundial aumentou 4,5% em maio. Clique para saber mais.","robots":{"index":"index","follow":"follow","max-snippet":"max-snippet:-1","max-image-preview":"max-image-preview:large","max-video-preview":"max-video-preview:-1"},"canonical":"https:\/\/www.suno.com.br\/noticias\/trafego-aereo-sobe\/","og_locale":"pt_BR","og_type":"article","og_title":"Tr\u00e1fego a\u00e9reo mundial sobe 4,5% em maio; Am\u00e9rica Latina lidera aumento","og_description":"A Associa\u00e7\u00e3o Internacional de Transporte A\u00e9reo informou que o tr\u00e1fego a\u00e9reo mundial aumentou 4,5% em maio. Clique para saber mais.","og_url":"https:\/\/www.suno.com.br\/noticias\/trafego-aereo-sobe\/","og_site_name":"Suno Not\u00edcias","article_publisher":"https:\/\/facebook.com\/sunoresearch","og_image":[{"width":1380,"height":920,"url":"https:\/\/files.sunoresearch.com.br\/n\/uploads\/2019\/07\/09623875-gol.jpg","type":"image\/jpeg"}],"author":"Giovanna Oliveira","twitter_card":"summary_large_image","twitter_creator":"@sunoresearch","twitter_site":"@sunoresearch","twitter_misc":{"Escrito por":"Giovanna Oliveira","Est. tempo de leitura":"2 minutos"},"schema":{"@context":"https:\/\/schema.org","@graph":[{"@type":"NewsArticle","@id":"https:\/\/www.suno.com.br\/noticias\/trafego-aereo-sobe\/#article","isPartOf":{"@id":"https:\/\/www.suno.com.br\/noticias\/trafego-aereo-sobe\/"},"author":{"name":"Giovanna Oliveira","@id":"https:\/\/www.suno.com.br\/noticias\/#\/schema\/person\/4e19e3d2575736e5283d58eb3199d120"},"headline":"Tr\u00e1fego a\u00e9reo mundial sobe 4,5% em maio; Am\u00e9rica Latina lidera aumento","datePublished":"2019-07-04T18:56:56+00:00","dateModified":"2019-07-04T20:43:43+00:00","mainEntityOfPage":{"@id":"https:\/\/www.suno.com.br\/noticias\/trafego-aereo-sobe\/"},"wordCount":485,"publisher":{"@id":"https:\/\/www.suno.com.br\/noticias\/#organization"},"image":{"@id":"https:\/\/www.suno.com.br\/noticias\/trafego-aereo-sobe\/#primaryimage"},"thumbnailUrl":"https:\/\/files.sunoresearch.com.br\/n\/uploads\/2019\/07\/09623875-gol-jpg.webp","keywords":["Am\u00e9rica Latina","Iata"],"articleSection":["Economia"],"inLanguage":"pt-BR"},{"@type":"WebPage","@id":"https:\/\/www.suno.com.br\/noticias\/trafego-aereo-sobe\/","url":"https:\/\/www.suno.com.br\/noticias\/trafego-aereo-sobe\/","name":"Tr\u00e1fego a\u00e9reo mundial sobe 4,5% em maio; Am\u00e9rica Latina lidera aumento","isPartOf":{"@id":"https:\/\/www.suno.com.br\/noticias\/#website"},"primaryImageOfPage":{"@id":"https:\/\/www.suno.com.br\/noticias\/trafego-aereo-sobe\/#primaryimage"},"image":{"@id":"https:\/\/www.suno.com.br\/noticias\/trafego-aereo-sobe\/#primaryimage"},"thumbnailUrl":"https:\/\/files.sunoresearch.com.br\/n\/uploads\/2019\/07\/09623875-gol-jpg.webp","datePublished":"2019-07-04T18:56:56+00:00","dateModified":"2019-07-04T20:43:43+00:00","description":"A Associa\u00e7\u00e3o Internacional de Transporte A\u00e9reo informou que o tr\u00e1fego a\u00e9reo mundial aumentou 4,5% em maio. Clique para saber mais.","breadcrumb":{"@id":"https:\/\/www.suno.com.br\/noticias\/trafego-aereo-sobe\/#breadcrumb"},"inLanguage":"pt-BR","potentialAction":[{"@type":"ReadAction","target":["https:\/\/www.suno.com.br\/noticias\/trafego-aereo-sobe\/"]}]},{"@type":"ImageObject","inLanguage":"pt-BR","@id":"https:\/\/www.suno.com.br\/noticias\/trafego-aereo-sobe\/#primaryimage","url":"https:\/\/files.sunoresearch.com.br\/n\/uploads\/2019\/07\/09623875-gol-jpg.webp","contentUrl":"https:\/\/files.sunoresearch.com.br\/n\/uploads\/2019\/07\/09623875-gol-jpg.webp","width":1380,"height":920,"caption":"Gol ter\u00e1 mais voos em alta temporada no Brasil"},{"@type":"BreadcrumbList","@id":"https:\/\/www.suno.com.br\/noticias\/trafego-aereo-sobe\/#breadcrumb","itemListElement":[{"@type":"ListItem","position":1,"name":"Not\u00edcias","item":"https:\/\/www.suno.com.br\/noticias\/"},{"@type":"ListItem","position":2,"name":"Economia","item":"https:\/\/www.suno.com.br\/noticias\/economia\/"},{"@type":"ListItem","position":3,"name":"Tr\u00e1fego a\u00e9reo mundial sobe 4,5% em maio; Am\u00e9rica Latina lidera aumento"}]},{"@type":"WebSite","@id":"https:\/\/www.suno.com.br\/noticias\/#website","url":"https:\/\/www.suno.com.br\/noticias\/","name":"Suno Not\u00edcias","description":"Seu portal de informa\u00e7\u00e3o sobre o mundo dos investimentos","publisher":{"@id":"https:\/\/www.suno.com.br\/noticias\/#organization"},"potentialAction":[{"@type":"SearchAction","target":{"@type":"EntryPoint","urlTemplate":"https:\/\/www.suno.com.br\/noticias\/?s={search_term_string}"},"query-input":{"@type":"PropertyValueSpecification","valueRequired":true,"valueName":"search_term_string"}}],"inLanguage":"pt-BR"},{"@type":"Organization","@id":"https:\/\/www.suno.com.br\/noticias\/#organization","name":"Suno Not\u00edcias","url":"https:\/\/www.suno.com.br\/noticias\/","logo":{"@type":"ImageObject","inLanguage":"pt-BR","@id":"https:\/\/www.suno.com.br\/noticias\/#\/schema\/logo\/image\/","url":"https:\/\/files.sunoresearch.com.br\/n\/uploads\/2021\/09\/suno-logo.png","contentUrl":"https:\/\/files.sunoresearch.com.br\/n\/uploads\/2021\/09\/suno-logo.png","width":180,"height":180,"caption":"Suno Not\u00edcias"},"image":{"@id":"https:\/\/www.suno.com.br\/noticias\/#\/schema\/logo\/image\/"},"sameAs":["https:\/\/facebook.com\/sunoresearch","https:\/\/x.com\/sunoresearch","https:\/\/www.instagram.com\/suno","https:\/\/www.linkedin.com\/company\/suno-research\/","https:\/\/www.youtube.com\/c\/sunoresearch"]},{"@type":"Person","@id":"https:\/\/www.suno.com.br\/noticias\/#\/schema\/person\/4e19e3d2575736e5283d58eb3199d120","name":"Giovanna Oliveira","image":{"@type":"ImageObject","inLanguage":"pt-BR","@id":"https:\/\/www.suno.com.br\/noticias\/#\/schema\/person\/image\/","url":"https:\/\/secure.gravatar.com\/avatar\/9a37b3ae208962ac568992d0ffdbc2eb?s=96&r=g","contentUrl":"https:\/\/secure.gravatar.com\/avatar\/9a37b3ae208962ac568992d0ffdbc2eb?s=96&r=g","caption":"Giovanna Oliveira"},"description":"Giovanna Oliveira escreve sobre economia e pol\u00edtica. Foi rep\u00f3rter do portal de jornalismo da ESPM-SP e produziu conte\u00fado para a Corinthians TV. \u00c9 estudante da ESPM.","url":"https:\/\/www.suno.com.br\/noticias\/author\/giovanna\/"}]}},"default_loop_html":"<div class=\"cardsPage__listCard__boxs\"><div class=\"cardsPage__listCard__boxs__img\"><a href=\"https:\/\/www.suno.com.br\/noticias\/trafego-aereo-sobe\/\"><img class=\"mask\" src=\"https:\/\/www.suno.com.br\/noticias\/wp-content\/themes\/suno\/resources\/images\/spotlight\/spotlight1img\/bg-mask.png\" alt=\"Image Mask\"\/><img src=\"https:\/\/files.sunoresearch.com.br\/n\/uploads\/2019\/07\/09623875-gol-400x200.webp\" alt=\"Tr\u00e1fego a\u00e9reo mundial sobe 4,5% em maio; Am\u00e9rica Latina lidera aumento\"\/><\/a><span class=\"spotlightCategory\"><a href=\"https:\/\/www.suno.com.br\/noticias\/economia\/\">Economia<\/a><\/span><\/div><div class=\"cardsPage__listCard__boxs__content\"><a href=\"https:\/\/www.suno.com.br\/noticias\/trafego-aereo-sobe\/\"><h2 class=\"content__title\">Tr\u00e1fego a\u00e9reo mundial sobe 4,5% em maio; Am\u00e9rica Latina lidera aumento<\/h2><\/a><div class=\"newsContent__article__meta\"><div class=\"newsContent__article__meta__authorBox\"><a href=\"https:\/\/www.suno.com.br\/noticias\/author\/giovanna\/\" class=\"authorBox__avatar noMobi\"><img src=\"https:\/\/files.sunoresearch.com.br\/n\/uploads\/2019\/06\/952a89ca-screenshot_20190608-171507-150x150.webp\" alt=\"Giovanna Oliveira\"><\/a><div class=\"authorBox__name\"><span>por\n\t\t\t<a href=\"https:\/\/www.suno.com.br\/noticias\/author\/giovanna\/\"><span itemprop=\"author\">Giovanna Oliveira<\/span><\/a><\/span><time datetime=\"2019-07-04T15:56:56-03:00\" itemprop=\"datePublished\">04\/07\/2019 15:56<\/time><\/div><\/div><\/div><\/div><\/div>","single_layout":"posts","amp_enabled":true,"_links":{"self":[{"href":"https:\/\/www.suno.com.br\/noticias\/wp-json\/wp\/v2\/posts\/30088"}],"collection":[{"href":"https:\/\/www.suno.com.br\/noticias\/wp-json\/wp\/v2\/posts"}],"about":[{"href":"https:\/\/www.suno.com.br\/noticias\/wp-json\/wp\/v2\/types\/post"}],"author":[{"embeddable":true,"href":"https:\/\/www.suno.com.br\/noticias\/wp-json\/wp\/v2\/users\/18"}],"replies":[{"embeddable":true,"href":"https:\/\/www.suno.com.br\/noticias\/wp-json\/wp\/v2\/comments?post=30088"}],"version-history":[{"count":0,"href":"https:\/\/www.suno.com.br\/noticias\/wp-json\/wp\/v2\/posts\/30088\/revisions"}],"wp:featuredmedia":[{"embeddable":true,"href":"https:\/\/www.suno.com.br\/noticias\/wp-json\/wp\/v2\/media\/30107"}],"wp:attachment":[{"href":"https:\/\/www.suno.com.br\/noticias\/wp-json\/wp\/v2\/media?parent=30088"}],"wp:term":[{"taxonomy":"category","embeddable":true,"href":"https:\/\/www.suno.com.br\/noticias\/wp-json\/wp\/v2\/categories?post=30088"},{"taxonomy":"post_tag","embeddable":true,"href":"https:\/\/www.suno.com.br\/noticias\/wp-json\/wp\/v2\/tags?post=30088"},{"taxonomy":"suno_strategy","embeddable":true,"href":"https:\/\/www.suno.com.br\/noticias\/wp-json\/wp\/v2\/suno_strategy?post=30088"}],"curies":[{"name":"wp","href":"https:\/\/api.w.org\/{rel}","templated":true}]}}