{"id":300660,"date":"2022-09-22T10:08:13","date_gmt":"2022-09-22T13:08:13","guid":{"rendered":"https:\/\/www.suno.com.br\/noticias\/?p=300660"},"modified":"2022-09-22T17:02:21","modified_gmt":"2022-09-22T20:02:21","slug":"gympass-cade-acordo","status":"publish","type":"post","link":"https:\/\/www.suno.com.br\/noticias\/gympass-cade-acordo\/","title":{"rendered":"Gympass fecha acordo com Cade e ter\u00e1 sua atua\u00e7\u00e3o limitada"},"content":{"rendered":"<p>O <a class=\"suno-keyword\" href=\"https:\/\/www.suno.com.br\/artigos\/cade\/\" target=\"_blank\" rel=\"noopener\" data-force=\"no\" data-priority=\"2\">Conselho Administrativo de Defesa Econ\u00f4mica (Cade)<\/a> aprovou na quarta-feira (21) um acordo com a <strong>Gympass<\/strong> para encerrar a investiga\u00e7\u00e3o contra a companhia por infra\u00e7\u00e3o \u00e0 ordem econ\u00f4mica.<\/p>\t<div class=\"wrapper-featured-image\">\n\t\t<figure class=\"spotlightImg\">\n\n\t\t\t<picture>\n\t\t\t\t<source media=\"(max-width: 768px)\" srcset=\"https:\/\/files.sunoresearch.com.br\/n\/uploads\/2022\/09\/gympass-2-400x200.jpg\">\n\t\t\t\t<img loading=\"lazy\" decoding=\"async\" class=\"newsContent__article__imgCapa lazyloadDisabled \" src=\"https:\/\/files.sunoresearch.com.br\/n\/uploads\/2022\/09\/gympass-2-800x450.jpg\" width=\"800\" height=\"450\" alt=\"Gympass fecha acordo com Cade e ter\u00e1 sua atua\u00e7\u00e3o limitada\" fetchpriority=high \/>\n\t\t\t<\/picture>\n\n\t\t\t<figcaption class=\"wp-caption-text wp-caption-text--show\">Gympass \u00e9 enquadrada pelo CADE. Foto: reprodu\u00e7\u00e3o.<\/figcaption>\n\t\t<\/figure>\n\t<\/div>\n\n\n\t<p>\n\t\t<a href=\"\" target=\"_blank\" data-element=\"shortcode-suno-banner\" title=\"Banner SUNO, clique e saiba mais\">\n\t\t\t<picture>\n\t\t\t\t<source media=\"(max-width: 500px)\" srcset=\"\">\n\t\t\t\t<img class=\"newsContent__article__imgCapa newsContent__article__imgCapa--banner\"\n\t\t\t\t\tsrc=\"\"\n\t\t\t\t\tdata-promo-id=\"138420\"\t\t\t\t\t\t\t\t\t\t\t\t\t\t\talt=\"\"\n\t\t\t\t>\n\t\t\t<\/picture>\n\t\t<\/a>\n\t<\/p>\n\n\n<p>A partir do acordo, a Gympass se limita a firmar contratos de exclusividade em at\u00e9 20% dos munic\u00edpios em que atua.<\/p>\n<p>O acordo tem dura\u00e7\u00e3o de tr\u00eas anos e disp\u00f5e que a exclusividade n\u00e3o poder\u00e1 ser estendida ap\u00f3s o fim do contrato, como era costume da empresa. Tamb\u00e9m foram proibidas cl\u00e1usulas de exclusividade com clientes corporativos.<\/p>\n<p>No caso de descumprimento em alguma parte do acordo com o Cade, a Gympass poder\u00e1 ser multada.<\/p>\n<p>Alexandre Cordeiro, presidente do Cade, afirmou que, ao limitar a exclusividade, o acordo firmado nesta quarta-feira afasta riscos concorrenciais que vinha sendo identificados na atua\u00e7\u00e3o da empresa.<\/p>\n<p>\u201cAs referidas pr\u00e1ticas eventualmente ensejariam em fechamento de mercado e barreiras \u00e0 entrada [de concorrente]\u201d, disse.<\/p>\n<p>O Jo\u00e3o Barbosa, co-fundador do Gympass se pronunciou a respeito da not\u00edcia. Confira o posicionamento oficial da empresa:<\/p>\n<blockquote><p>\u201cO Gympass vem colaborando com o Cade nos \u00faltimos dois anos e sempre agiu de forma \u00e9tica \u2014 cumprindo toda a legisla\u00e7\u00e3o antitruste. Estamos felizes com o resultado do acordo, que nos permite continuar investindo no crescimento e desenvolvimento da ind\u00fastria fitness, ampliando o acesso a uma melhor qualidade de vida para milh\u00f5es de pessoas. Nosso modelo de neg\u00f3cios iniciou um movimento corporativo global em dire\u00e7\u00e3o ao bem-estar, exigindo grandes investimentos em tecnologia, promo\u00e7\u00e3o de benef\u00edcios e capta\u00e7\u00e3o de clientes. Nosso trabalho foi focado em cumprir a miss\u00e3o do Gympass de tornar o bem-estar universal e gerar mais neg\u00f3cios para nossos parceiros. Continuamos comprometidos em investir em nossos parceiros, expandindo o acesso a novos usu\u00e1rios e gerando receita incremental para ajudar o setor a sair da pandemia mais forte do que nunca\u201d.<\/p><\/blockquote>\n\t<p>\n\t\t<a href=\"https:\/\/lp.suno.com.br\/planilha-controle-gastos\/\" target=\"_blank\" data-element=\"shortcode-suno-banner\" title=\"Banner SUNO, clique e saiba mais\">\n\t\t\t<picture>\n\t\t\t\t<source media=\"(max-width: 500px)\" srcset=\"https:\/\/files.sunoresearch.com.br\/n\/uploads\/2023\/03\/400x300-Planilha-controle-de-gastos.png\">\n\t\t\t\t<img class=\"newsContent__article__imgCapa newsContent__article__imgCapa--banner\"\n\t\t\t\t\tsrc=\"https:\/\/files.sunoresearch.com.br\/n\/uploads\/2023\/03\/1420x240-Planilha-controle-de-gastos.png\"\n\t\t\t\t\tdata-promo-id=\"101751\"\t\t\t\t\t\t\t\t\t\twidth='1420' height='240'\t\t\t\t\talt=\"https:\/\/files.sunoresearch.com.br\/n\/uploads\/2023\/03\/1420x240-Planilha-controle-de-gastos.png\"\n\t\t\t\t>\n\t\t\t<\/picture>\n\t\t<\/a>\n\t<\/p>\n\n\n<h2>Entenda o caso da Gympass<\/h2>\n<p>Desde 2020, o \u00f3rg\u00e3o regulador econ\u00f4mico vem investigando a Gympass, ap\u00f3s den\u00fancias diversas de concorrentes de que a empresa estaria prejudicando o mercado ao firmar contratos de exclusividade com academias &#8212; impedindo, portanto, a associa\u00e7\u00e3o com outras plataformas digitais.<\/p>\n<p>As den\u00fancias s\u00e3o da Total Pass, empresa do mesmo grupo econ\u00f4mico da Smart Fit\/Bio Ritmo e da plataforma digital Yoooup, que permite aos clientes pagar apenas pelo tempo de uso da academia, sem mensalidade ou outro tipo de v\u00ednculo.<\/p>\n<p>Segundo as concorrentes, as cl\u00e1usulas de exclusividade impostas pela Gympass com algumas academias e clientes corporativos impedia cadastros e parcerias com as concorrentes.<\/p>\n<p>Segundo o Cade, at\u00e9 2020, uma propor\u00e7\u00e3o entre 80% e 90% de todas as academias brasileiras estava no portf\u00f3lio da Gympass.<\/p>\n<p>Em dezembro de 2021, a superintend\u00eancia-geral do Cade impediu, por meio de uma medida preventiva, que a Gympass fechasse novos contratos de exclusividade com academias.<\/p>\n<p>Fundada em 2012, a <strong>Gympass<\/strong> permite aos usu\u00e1rios acessar diversas academias por meio de uma assinatura \u00fanica. Em junho do ano passado, a empresa recebeu um aporte de US$ 220 milh\u00f5es, atingindo a avalia\u00e7\u00e3o de mercado de US$ 2,2 bilh\u00f5es.<\/p>\n\t<p>\n\t\t<a href=\"https:\/\/lp.suno.com.br\/planilha-da-vida-financeira\/\" target=\"_blank\" data-element=\"shortcode-suno-banner\" title=\"Banner SUNO, clique e saiba mais\">\n\t\t\t<picture>\n\t\t\t\t<source media=\"(max-width: 500px)\" srcset=\"https:\/\/files.sunoresearch.com.br\/n\/uploads\/2023\/04\/400x300-Planilha-vida-financeira-true.png\">\n\t\t\t\t<img class=\"newsContent__article__imgCapa newsContent__article__imgCapa--banner\"\n\t\t\t\t\tsrc=\"https:\/\/files.sunoresearch.com.br\/n\/uploads\/2023\/04\/1420x240-Planilha-vida-financeira-true.png\"\n\t\t\t\t\tdata-promo-id=\"106682\"\t\t\t\t\t\t\t\t\t\twidth='1420' height='240'\t\t\t\t\talt=\"https:\/\/files.sunoresearch.com.br\/n\/uploads\/2023\/04\/1420x240-Planilha-vida-financeira-true.png\"\n\t\t\t\t>\n\t\t\t<\/picture>\n\t\t<\/a>\n\t<\/p>\n\n\n","protected":false},"excerpt":{"rendered":"<p>O Conselho Administrativo de Defesa Econ\u00f4mica (Cade) aprovou na quarta-feira (21) um acordo com a Gympass para encerrar a investiga\u00e7\u00e3o contra a companhia por infra\u00e7\u00e3o \u00e0 ordem econ\u00f4mica. Gympass \u00e9 enquadrada pelo CADE. Foto: reprodu\u00e7\u00e3o. A partir do acordo, a Gympass se limita a firmar contratos de exclusividade em at\u00e9 20% dos munic\u00edpios em que [&hellip;]<\/p>\n","protected":false},"author":192,"featured_media":300667,"comment_status":"closed","ping_status":"closed","sticky":false,"template":"","format":"standard","meta":[],"categories":[106394],"tags":[1439],"suno_strategy":[],"class_list":["post-300660","post","type-post","status-publish","format-standard","has-post-thumbnail","hentry","category-startups","tag-gympass"],"yoast_head":"<!-- This site is optimized with the Yoast SEO plugin v24.4 - https:\/\/yoast.com\/wordpress\/plugins\/seo\/ -->\n<title>Gympass fecha acordo com Cade e ter\u00e1 sua atua\u00e7\u00e3o limitada<\/title>\n<meta name=\"description\" content=\"A Gympass foi alvo de uma investiga\u00e7\u00e3o do Cade a parte de den\u00fancias feitas por concorrentes. Veja os termos do acordo.\" \/>\n<meta name=\"robots\" content=\"index, follow, max-snippet:-1, max-image-preview:large, max-video-preview:-1\" \/>\n<link rel=\"canonical\" href=\"https:\/\/www.suno.com.br\/noticias\/gympass-cade-acordo\/\" \/>\n<meta property=\"og:locale\" content=\"pt_BR\" \/>\n<meta property=\"og:type\" content=\"article\" \/>\n<meta property=\"og:title\" content=\"Gympass fecha acordo com Cade e ter\u00e1 sua atua\u00e7\u00e3o limitada\" \/>\n<meta property=\"og:description\" content=\"A Gympass foi alvo de uma investiga\u00e7\u00e3o do Cade a parte de den\u00fancias feitas por concorrentes. Veja os termos do acordo.\" \/>\n<meta property=\"og:url\" content=\"https:\/\/www.suno.com.br\/noticias\/gympass-cade-acordo\/\" \/>\n<meta property=\"og:site_name\" content=\"Suno Not\u00edcias\" \/>\n<meta property=\"article:publisher\" content=\"https:\/\/facebook.com\/sunoresearch\" \/>\n<meta property=\"og:image\" content=\"https:\/\/files.sunoresearch.com.br\/n\/uploads\/2022\/09\/gympass-2.jpg\" \/>\n\t<meta property=\"og:image:width\" content=\"1252\" \/>\n\t<meta property=\"og:image:height\" content=\"1200\" \/>\n\t<meta property=\"og:image:type\" content=\"image\/jpeg\" \/>\n<meta name=\"author\" content=\"Laura Intrieri\" \/>\n<meta name=\"twitter:card\" content=\"summary_large_image\" \/>\n<meta name=\"twitter:creator\" content=\"@sunoresearch\" \/>\n<meta name=\"twitter:site\" content=\"@sunoresearch\" \/>\n<meta name=\"twitter:label1\" content=\"Escrito por\" \/>\n\t<meta name=\"twitter:data1\" content=\"Laura Intrieri\" \/>\n\t<meta name=\"twitter:label2\" content=\"Est. tempo de leitura\" \/>\n\t<meta name=\"twitter:data2\" content=\"3 minutos\" \/>\n<script type=\"application\/ld+json\" class=\"yoast-schema-graph\">{\"@context\":\"https:\/\/schema.org\",\"@graph\":[{\"@type\":\"NewsArticle\",\"@id\":\"https:\/\/www.suno.com.br\/noticias\/gympass-cade-acordo\/#article\",\"isPartOf\":{\"@id\":\"https:\/\/www.suno.com.br\/noticias\/gympass-cade-acordo\/\"},\"author\":{\"name\":\"Laura Intrieri\",\"@id\":\"https:\/\/www.suno.com.br\/noticias\/#\/schema\/person\/653a8428016d45b19031651c57b94f82\"},\"headline\":\"Gympass fecha acordo com Cade e ter\u00e1 sua atua\u00e7\u00e3o limitada\",\"datePublished\":\"2022-09-22T13:08:13+00:00\",\"dateModified\":\"2022-09-22T20:02:21+00:00\",\"mainEntityOfPage\":{\"@id\":\"https:\/\/www.suno.com.br\/noticias\/gympass-cade-acordo\/\"},\"wordCount\":538,\"publisher\":{\"@id\":\"https:\/\/www.suno.com.br\/noticias\/#organization\"},\"image\":{\"@id\":\"https:\/\/www.suno.com.br\/noticias\/gympass-cade-acordo\/#primaryimage\"},\"thumbnailUrl\":\"https:\/\/files.sunoresearch.com.br\/n\/uploads\/2022\/09\/gympass-2.jpg\",\"keywords\":[\"Gympass\"],\"articleSection\":[\"Startups\"],\"inLanguage\":\"pt-BR\"},{\"@type\":\"WebPage\",\"@id\":\"https:\/\/www.suno.com.br\/noticias\/gympass-cade-acordo\/\",\"url\":\"https:\/\/www.suno.com.br\/noticias\/gympass-cade-acordo\/\",\"name\":\"Gympass fecha acordo com Cade e ter\u00e1 sua atua\u00e7\u00e3o limitada\",\"isPartOf\":{\"@id\":\"https:\/\/www.suno.com.br\/noticias\/#website\"},\"primaryImageOfPage\":{\"@id\":\"https:\/\/www.suno.com.br\/noticias\/gympass-cade-acordo\/#primaryimage\"},\"image\":{\"@id\":\"https:\/\/www.suno.com.br\/noticias\/gympass-cade-acordo\/#primaryimage\"},\"thumbnailUrl\":\"https:\/\/files.sunoresearch.com.br\/n\/uploads\/2022\/09\/gympass-2.jpg\",\"datePublished\":\"2022-09-22T13:08:13+00:00\",\"dateModified\":\"2022-09-22T20:02:21+00:00\",\"description\":\"A Gympass foi alvo de uma investiga\u00e7\u00e3o do Cade a parte de den\u00fancias feitas por concorrentes. Veja os termos do acordo.\",\"breadcrumb\":{\"@id\":\"https:\/\/www.suno.com.br\/noticias\/gympass-cade-acordo\/#breadcrumb\"},\"inLanguage\":\"pt-BR\",\"potentialAction\":[{\"@type\":\"ReadAction\",\"target\":[\"https:\/\/www.suno.com.br\/noticias\/gympass-cade-acordo\/\"]}]},{\"@type\":\"ImageObject\",\"inLanguage\":\"pt-BR\",\"@id\":\"https:\/\/www.suno.com.br\/noticias\/gympass-cade-acordo\/#primaryimage\",\"url\":\"https:\/\/files.sunoresearch.com.br\/n\/uploads\/2022\/09\/gympass-2.jpg\",\"contentUrl\":\"https:\/\/files.sunoresearch.com.br\/n\/uploads\/2022\/09\/gympass-2.jpg\",\"width\":1252,\"height\":1200,\"caption\":\"Gympass \u00e9 enquadrada pelo CADE. Foto: reprodu\u00e7\u00e3o.\"},{\"@type\":\"BreadcrumbList\",\"@id\":\"https:\/\/www.suno.com.br\/noticias\/gympass-cade-acordo\/#breadcrumb\",\"itemListElement\":[{\"@type\":\"ListItem\",\"position\":1,\"name\":\"Not\u00edcias\",\"item\":\"https:\/\/www.suno.com.br\/noticias\/\"},{\"@type\":\"ListItem\",\"position\":2,\"name\":\"Startups\",\"item\":\"https:\/\/www.suno.com.br\/noticias\/startups\/\"},{\"@type\":\"ListItem\",\"position\":3,\"name\":\"Gympass fecha acordo com Cade e ter\u00e1 sua atua\u00e7\u00e3o limitada\"}]},{\"@type\":\"WebSite\",\"@id\":\"https:\/\/www.suno.com.br\/noticias\/#website\",\"url\":\"https:\/\/www.suno.com.br\/noticias\/\",\"name\":\"Suno Not\u00edcias\",\"description\":\"Seu portal de informa\u00e7\u00e3o sobre o mundo dos investimentos\",\"publisher\":{\"@id\":\"https:\/\/www.suno.com.br\/noticias\/#organization\"},\"potentialAction\":[{\"@type\":\"SearchAction\",\"target\":{\"@type\":\"EntryPoint\",\"urlTemplate\":\"https:\/\/www.suno.com.br\/noticias\/?s={search_term_string}\"},\"query-input\":{\"@type\":\"PropertyValueSpecification\",\"valueRequired\":true,\"valueName\":\"search_term_string\"}}],\"inLanguage\":\"pt-BR\"},{\"@type\":\"Organization\",\"@id\":\"https:\/\/www.suno.com.br\/noticias\/#organization\",\"name\":\"Suno Not\u00edcias\",\"url\":\"https:\/\/www.suno.com.br\/noticias\/\",\"logo\":{\"@type\":\"ImageObject\",\"inLanguage\":\"pt-BR\",\"@id\":\"https:\/\/www.suno.com.br\/noticias\/#\/schema\/logo\/image\/\",\"url\":\"https:\/\/files.sunoresearch.com.br\/n\/uploads\/2021\/09\/suno-logo.png\",\"contentUrl\":\"https:\/\/files.sunoresearch.com.br\/n\/uploads\/2021\/09\/suno-logo.png\",\"width\":180,\"height\":180,\"caption\":\"Suno Not\u00edcias\"},\"image\":{\"@id\":\"https:\/\/www.suno.com.br\/noticias\/#\/schema\/logo\/image\/\"},\"sameAs\":[\"https:\/\/facebook.com\/sunoresearch\",\"https:\/\/x.com\/sunoresearch\",\"https:\/\/www.instagram.com\/suno\",\"https:\/\/www.linkedin.com\/company\/suno-research\/\",\"https:\/\/www.youtube.com\/c\/sunoresearch\"]},{\"@type\":\"Person\",\"@id\":\"https:\/\/www.suno.com.br\/noticias\/#\/schema\/person\/653a8428016d45b19031651c57b94f82\",\"name\":\"Laura Intrieri\",\"image\":{\"@type\":\"ImageObject\",\"inLanguage\":\"pt-BR\",\"@id\":\"https:\/\/www.suno.com.br\/noticias\/#\/schema\/person\/image\/\",\"url\":\"https:\/\/secure.gravatar.com\/avatar\/27e3058d15d09a0a778c3d387c062d71?s=96&r=g\",\"contentUrl\":\"https:\/\/secure.gravatar.com\/avatar\/27e3058d15d09a0a778c3d387c062d71?s=96&r=g\",\"caption\":\"Laura Intrieri\"},\"description\":\"Rep\u00f3rter no Suno Not\u00edcias, cobre mercados, pol\u00edtica e economia. Escreve sobre Bolsa de Valores. Formada em Administra\u00e7\u00e3o P\u00fablica pela Funda\u00e7\u00e3o Get\u00falio Vargas, j\u00e1 passou pelo portal Money Times, escrevendo sobre pol\u00edtica e economia para a editoria \\\"Brasil\\\". Tamb\u00e9m j\u00e1 contribuiu para Ag\u00eancia Estado, cobrindo balan\u00e7os trimestrais e relat\u00f3rios de casas de an\u00e1lise. J\u00e1 produziu podcasts educativos e corporativos para a FGV EAESP. Durante a gradua\u00e7\u00e3o, desempenhou atividades acad\u00eamicas com enfoque em Finan\u00e7as P\u00fablicas.\",\"url\":\"https:\/\/www.suno.com.br\/noticias\/author\/laura-intrieri\/\"}]}<\/script>\n<!-- \/ Yoast SEO plugin. -->","yoast_head_json":{"title":"Gympass fecha acordo com Cade e ter\u00e1 sua atua\u00e7\u00e3o limitada","description":"A Gympass foi alvo de uma investiga\u00e7\u00e3o do Cade a parte de den\u00fancias feitas por concorrentes. Veja os termos do acordo.","robots":{"index":"index","follow":"follow","max-snippet":"max-snippet:-1","max-image-preview":"max-image-preview:large","max-video-preview":"max-video-preview:-1"},"canonical":"https:\/\/www.suno.com.br\/noticias\/gympass-cade-acordo\/","og_locale":"pt_BR","og_type":"article","og_title":"Gympass fecha acordo com Cade e ter\u00e1 sua atua\u00e7\u00e3o limitada","og_description":"A Gympass foi alvo de uma investiga\u00e7\u00e3o do Cade a parte de den\u00fancias feitas por concorrentes. Veja os termos do acordo.","og_url":"https:\/\/www.suno.com.br\/noticias\/gympass-cade-acordo\/","og_site_name":"Suno Not\u00edcias","article_publisher":"https:\/\/facebook.com\/sunoresearch","og_image":[{"width":1252,"height":1200,"url":"https:\/\/files.sunoresearch.com.br\/n\/uploads\/2022\/09\/gympass-2.jpg","type":"image\/jpeg"}],"author":"Laura Intrieri","twitter_card":"summary_large_image","twitter_creator":"@sunoresearch","twitter_site":"@sunoresearch","twitter_misc":{"Escrito por":"Laura Intrieri","Est. tempo de leitura":"3 minutos"},"schema":{"@context":"https:\/\/schema.org","@graph":[{"@type":"NewsArticle","@id":"https:\/\/www.suno.com.br\/noticias\/gympass-cade-acordo\/#article","isPartOf":{"@id":"https:\/\/www.suno.com.br\/noticias\/gympass-cade-acordo\/"},"author":{"name":"Laura Intrieri","@id":"https:\/\/www.suno.com.br\/noticias\/#\/schema\/person\/653a8428016d45b19031651c57b94f82"},"headline":"Gympass fecha acordo com Cade e ter\u00e1 sua atua\u00e7\u00e3o limitada","datePublished":"2022-09-22T13:08:13+00:00","dateModified":"2022-09-22T20:02:21+00:00","mainEntityOfPage":{"@id":"https:\/\/www.suno.com.br\/noticias\/gympass-cade-acordo\/"},"wordCount":538,"publisher":{"@id":"https:\/\/www.suno.com.br\/noticias\/#organization"},"image":{"@id":"https:\/\/www.suno.com.br\/noticias\/gympass-cade-acordo\/#primaryimage"},"thumbnailUrl":"https:\/\/files.sunoresearch.com.br\/n\/uploads\/2022\/09\/gympass-2.jpg","keywords":["Gympass"],"articleSection":["Startups"],"inLanguage":"pt-BR"},{"@type":"WebPage","@id":"https:\/\/www.suno.com.br\/noticias\/gympass-cade-acordo\/","url":"https:\/\/www.suno.com.br\/noticias\/gympass-cade-acordo\/","name":"Gympass fecha acordo com Cade e ter\u00e1 sua atua\u00e7\u00e3o limitada","isPartOf":{"@id":"https:\/\/www.suno.com.br\/noticias\/#website"},"primaryImageOfPage":{"@id":"https:\/\/www.suno.com.br\/noticias\/gympass-cade-acordo\/#primaryimage"},"image":{"@id":"https:\/\/www.suno.com.br\/noticias\/gympass-cade-acordo\/#primaryimage"},"thumbnailUrl":"https:\/\/files.sunoresearch.com.br\/n\/uploads\/2022\/09\/gympass-2.jpg","datePublished":"2022-09-22T13:08:13+00:00","dateModified":"2022-09-22T20:02:21+00:00","description":"A Gympass foi alvo de uma investiga\u00e7\u00e3o do Cade a parte de den\u00fancias feitas por concorrentes. Veja os termos do acordo.","breadcrumb":{"@id":"https:\/\/www.suno.com.br\/noticias\/gympass-cade-acordo\/#breadcrumb"},"inLanguage":"pt-BR","potentialAction":[{"@type":"ReadAction","target":["https:\/\/www.suno.com.br\/noticias\/gympass-cade-acordo\/"]}]},{"@type":"ImageObject","inLanguage":"pt-BR","@id":"https:\/\/www.suno.com.br\/noticias\/gympass-cade-acordo\/#primaryimage","url":"https:\/\/files.sunoresearch.com.br\/n\/uploads\/2022\/09\/gympass-2.jpg","contentUrl":"https:\/\/files.sunoresearch.com.br\/n\/uploads\/2022\/09\/gympass-2.jpg","width":1252,"height":1200,"caption":"Gympass \u00e9 enquadrada pelo CADE. Foto: reprodu\u00e7\u00e3o."},{"@type":"BreadcrumbList","@id":"https:\/\/www.suno.com.br\/noticias\/gympass-cade-acordo\/#breadcrumb","itemListElement":[{"@type":"ListItem","position":1,"name":"Not\u00edcias","item":"https:\/\/www.suno.com.br\/noticias\/"},{"@type":"ListItem","position":2,"name":"Startups","item":"https:\/\/www.suno.com.br\/noticias\/startups\/"},{"@type":"ListItem","position":3,"name":"Gympass fecha acordo com Cade e ter\u00e1 sua atua\u00e7\u00e3o limitada"}]},{"@type":"WebSite","@id":"https:\/\/www.suno.com.br\/noticias\/#website","url":"https:\/\/www.suno.com.br\/noticias\/","name":"Suno Not\u00edcias","description":"Seu portal de informa\u00e7\u00e3o sobre o mundo dos investimentos","publisher":{"@id":"https:\/\/www.suno.com.br\/noticias\/#organization"},"potentialAction":[{"@type":"SearchAction","target":{"@type":"EntryPoint","urlTemplate":"https:\/\/www.suno.com.br\/noticias\/?s={search_term_string}"},"query-input":{"@type":"PropertyValueSpecification","valueRequired":true,"valueName":"search_term_string"}}],"inLanguage":"pt-BR"},{"@type":"Organization","@id":"https:\/\/www.suno.com.br\/noticias\/#organization","name":"Suno Not\u00edcias","url":"https:\/\/www.suno.com.br\/noticias\/","logo":{"@type":"ImageObject","inLanguage":"pt-BR","@id":"https:\/\/www.suno.com.br\/noticias\/#\/schema\/logo\/image\/","url":"https:\/\/files.sunoresearch.com.br\/n\/uploads\/2021\/09\/suno-logo.png","contentUrl":"https:\/\/files.sunoresearch.com.br\/n\/uploads\/2021\/09\/suno-logo.png","width":180,"height":180,"caption":"Suno Not\u00edcias"},"image":{"@id":"https:\/\/www.suno.com.br\/noticias\/#\/schema\/logo\/image\/"},"sameAs":["https:\/\/facebook.com\/sunoresearch","https:\/\/x.com\/sunoresearch","https:\/\/www.instagram.com\/suno","https:\/\/www.linkedin.com\/company\/suno-research\/","https:\/\/www.youtube.com\/c\/sunoresearch"]},{"@type":"Person","@id":"https:\/\/www.suno.com.br\/noticias\/#\/schema\/person\/653a8428016d45b19031651c57b94f82","name":"Laura Intrieri","image":{"@type":"ImageObject","inLanguage":"pt-BR","@id":"https:\/\/www.suno.com.br\/noticias\/#\/schema\/person\/image\/","url":"https:\/\/secure.gravatar.com\/avatar\/27e3058d15d09a0a778c3d387c062d71?s=96&r=g","contentUrl":"https:\/\/secure.gravatar.com\/avatar\/27e3058d15d09a0a778c3d387c062d71?s=96&r=g","caption":"Laura Intrieri"},"description":"Rep\u00f3rter no Suno Not\u00edcias, cobre mercados, pol\u00edtica e economia. Escreve sobre Bolsa de Valores. Formada em Administra\u00e7\u00e3o P\u00fablica pela Funda\u00e7\u00e3o Get\u00falio Vargas, j\u00e1 passou pelo portal Money Times, escrevendo sobre pol\u00edtica e economia para a editoria \"Brasil\". Tamb\u00e9m j\u00e1 contribuiu para Ag\u00eancia Estado, cobrindo balan\u00e7os trimestrais e relat\u00f3rios de casas de an\u00e1lise. J\u00e1 produziu podcasts educativos e corporativos para a FGV EAESP. Durante a gradua\u00e7\u00e3o, desempenhou atividades acad\u00eamicas com enfoque em Finan\u00e7as P\u00fablicas.","url":"https:\/\/www.suno.com.br\/noticias\/author\/laura-intrieri\/"}]}},"default_loop_html":"<div class=\"cardsPage__listCard__boxs\"><div class=\"cardsPage__listCard__boxs__img\"><a href=\"https:\/\/www.suno.com.br\/noticias\/gympass-cade-acordo\/\"><img class=\"mask\" src=\"https:\/\/www.suno.com.br\/noticias\/wp-content\/themes\/suno\/resources\/images\/spotlight\/spotlight1img\/bg-mask.png\" alt=\"Image Mask\"\/><img src=\"https:\/\/files.sunoresearch.com.br\/n\/uploads\/2022\/09\/gympass-2-400x200.jpg\" alt=\"Gympass fecha acordo com Cade e ter\u00e1 sua atua\u00e7\u00e3o limitada\"\/><\/a><span class=\"spotlightCategory\"><a href=\"https:\/\/www.suno.com.br\/noticias\/startups\/\">Startups<\/a><\/span><\/div><div class=\"cardsPage__listCard__boxs__content\"><a href=\"https:\/\/www.suno.com.br\/noticias\/gympass-cade-acordo\/\"><h2 class=\"content__title\">Gympass fecha acordo com Cade e ter\u00e1 sua atua\u00e7\u00e3o limitada<\/h2><\/a><div class=\"newsContent__article__meta\"><div class=\"newsContent__article__meta__authorBox\"><a href=\"https:\/\/www.suno.com.br\/noticias\/author\/laura-intrieri\/\" class=\"authorBox__avatar noMobi\"><img src=\"https:\/\/files.sunoresearch.com.br\/n\/uploads\/2022\/10\/WhatsApp-Image-2022-10-05-at-17.31.14-150x150.jpeg\" alt=\"Laura Intrieri\"><\/a><div class=\"authorBox__name\"><span>por\n\t\t\t<a href=\"https:\/\/www.suno.com.br\/noticias\/author\/laura-intrieri\/\"><span itemprop=\"author\">Laura Intrieri<\/span><\/a><\/span><time datetime=\"2022-09-22T10:08:13-03:00\" itemprop=\"datePublished\">22\/09\/2022 10:08<\/time><\/div><\/div><\/div><\/div><\/div>","single_layout":"posts","amp_enabled":true,"_links":{"self":[{"href":"https:\/\/www.suno.com.br\/noticias\/wp-json\/wp\/v2\/posts\/300660"}],"collection":[{"href":"https:\/\/www.suno.com.br\/noticias\/wp-json\/wp\/v2\/posts"}],"about":[{"href":"https:\/\/www.suno.com.br\/noticias\/wp-json\/wp\/v2\/types\/post"}],"author":[{"embeddable":true,"href":"https:\/\/www.suno.com.br\/noticias\/wp-json\/wp\/v2\/users\/192"}],"replies":[{"embeddable":true,"href":"https:\/\/www.suno.com.br\/noticias\/wp-json\/wp\/v2\/comments?post=300660"}],"version-history":[{"count":3,"href":"https:\/\/www.suno.com.br\/noticias\/wp-json\/wp\/v2\/posts\/300660\/revisions"}],"predecessor-version":[{"id":300752,"href":"https:\/\/www.suno.com.br\/noticias\/wp-json\/wp\/v2\/posts\/300660\/revisions\/300752"}],"wp:featuredmedia":[{"embeddable":true,"href":"https:\/\/www.suno.com.br\/noticias\/wp-json\/wp\/v2\/media\/300667"}],"wp:attachment":[{"href":"https:\/\/www.suno.com.br\/noticias\/wp-json\/wp\/v2\/media?parent=300660"}],"wp:term":[{"taxonomy":"category","embeddable":true,"href":"https:\/\/www.suno.com.br\/noticias\/wp-json\/wp\/v2\/categories?post=300660"},{"taxonomy":"post_tag","embeddable":true,"href":"https:\/\/www.suno.com.br\/noticias\/wp-json\/wp\/v2\/tags?post=300660"},{"taxonomy":"suno_strategy","embeddable":true,"href":"https:\/\/www.suno.com.br\/noticias\/wp-json\/wp\/v2\/suno_strategy?post=300660"}],"curies":[{"name":"wp","href":"https:\/\/api.w.org\/{rel}","templated":true}]}}