{"id":300631,"date":"2022-09-22T08:15:39","date_gmt":"2022-09-22T11:15:39","guid":{"rendered":"https:\/\/www.suno.com.br\/noticias\/?p=300631"},"modified":"2022-09-22T08:15:39","modified_gmt":"2022-09-22T11:15:39","slug":"energia-eletrica-usinas-covid","status":"publish","type":"post","link":"https:\/\/www.suno.com.br\/noticias\/energia-eletrica-usinas-covid\/","title":{"rendered":"Energia el\u00e9trica: Covid atrapalhou gera\u00e7\u00e3o em 2021, dizem usinas"},"content":{"rendered":"<p>As usinas de Jirau e Santo Ant\u00f4nio citaram as restri\u00e7\u00f5es relacionadas \u00e0<a href=\"https:\/\/www.suno.com.br\/noticias\/tags\/covid-19\/\"> Covid-19<\/a> ainda em 2021 como um dos fatores determinantes para uma gera\u00e7\u00e3o de <strong>energia el\u00e9trica<\/strong> abaixo do esperado.<\/p><div class=\"videoFull \">\n\t\t\t<div class=\"videoWrapper yt-lazyload center\"\n\t\t\t\tdata-width=\"960\"\n\t\t\t\tdata-height=\"540\"\n\t\t\t\tdata-id=\"Yj-wBSPoKjk\"\n\t\t\t\tdata-alt=\"V\u00eddeo do YouTube - clique para reproduzir\"\n\t\t\t\tdata-logo=\"3\"\n\t\t\t\tdata-imagequality=\"maxres\">\n\t\t\t<\/div>\n\t\t<\/div><script type=\"application\/ld+json\">{\"@context\":\"https:\/\/schema.org\",\"@type\":\"VideoObject\",\"name\":\"COPOM MANT\u00c9M SELIC EM 13,75% | Os desafios da renda fixa | Fed sobe juros nos EUA | Ibovespa cai\",\"description\":\"#copom #juros #federalreserve #azul4 #ibovespa #d\u00f3lar #investimentos #livedas19h #sunonot\u00edcias INSCREVA-SE NO CANAL E ATIVE O SINO \ud83d\udc49 https:\/\/bit.ly\/INSCREVA-SEATIVEOSINO \ud83d\udc02 #BORABULL!! Seja um investidor mais completo: https:\/\/bit.ly\/Status3AnosLiveNoticias O Ibovespa hoje encerrou o preg\u00e3o de quarta-feira (21) em queda de 0,52%, em 111.935,86 pontos, ap\u00f3s oscilar entre 111.380,13 e 113.294,37 pontos. O giro financeiro foi a R$\u2026\",\"duration\":\"PT47M51S\",\"embedUrl\":\"https:\/\/www.youtube.com\/embed\/Yj-wBSPoKjk\",\"regionsAllowed\":\"pt-BR\",\"interactionStatistic\":{\"@type\":\"InteractionCounter\",\"interactionType\":{\"@type\":\"WatchAction\"},\"userInteractionCount\":2905},\"thumbnailUrl\":\"https:\/\/i.ytimg.com\/vi\/Yj-wBSPoKjk\/default.jpg\",\"uploadDate\":\"2022-09-21T22:52:00Z\"}<\/script>\n\n\t<p>\n\t\t<a href=\"\" target=\"_blank\" data-element=\"shortcode-suno-banner\" title=\"Banner SUNO, clique e saiba mais\">\n\t\t\t<picture>\n\t\t\t\t<source media=\"(max-width: 500px)\" srcset=\"\">\n\t\t\t\t<img class=\"newsContent__article__imgCapa newsContent__article__imgCapa--banner\"\n\t\t\t\t\tsrc=\"\"\n\t\t\t\t\tdata-promo-id=\"240038\"\t\t\t\t\t\t\t\t\t\t\t\t\t\t\talt=\"\"\n\t\t\t\t>\n\t\t\t<\/picture>\n\t\t<\/a>\n\t<\/p>\n\n\n<p>As usinas em quest\u00e3o, vale lembrar, s\u00e3o a quarta (Jirau) e a quinta (Santo Ant\u00f4nio) maiores <a href=\"https:\/\/www.suno.com.br\/noticias\/patria-usinas-hidreletricas-contourglobal\/\"><strong>hidrel\u00e9tricas<\/strong> <\/a>do Pa\u00eds em termos de potencial de gera\u00e7\u00e3o de energia el\u00e9trica.<\/p>\n<p>Pelas regras do <a href=\"https:\/\/www.suno.com.br\/noticias\/tags\/setor-eletrico\/\"><strong>setor el\u00e9trico<\/strong><\/a>, toda hidrel\u00e9trica deve garantir um determinado volume de gera\u00e7\u00e3o previamente determinado, al\u00e9m de respeitar um cronograma espec\u00edfico de manuten\u00e7\u00e3o de suas turbinas e demais equipamentos.<\/p>\n<p>O isolamento social e as dificuldades de contrata\u00e7\u00e3o de servi\u00e7os e suprimentos ocasionadas pela pandemia teriam prejudicado o calend\u00e1rio das empresas que operam no Rio Madeira, em Rond\u00f4nia.<\/p>\n\n\t<div data-element=\"shortcode-read-more\" class=\"readToo\">\n\t\t\t\t<span class=\"readToo__title\">Leia mais<\/span>\n\t\t\t\t<ul class=\"readToo__list\">\n\t\t\t<li><a href=\"https:\/\/www.suno.com.br\/noticias\/blackrock-vende-acoes-ccr-ccro3\/\">BlackRock vende parte de suas a\u00e7\u00f5es da CCR (CCRO3)<\/a><\/li><li><a href=\"https:\/\/www.suno.com.br\/noticias\/minerva-beef3-ganha-premio-sustentabilidade\/\">Minerva (BEEF3) ganha pr\u00eamio de sustentabilidade em evento global<\/a><\/li><li><a href=\"https:\/\/www.suno.com.br\/noticias\/btg-pactual-bpac11-itau-bba-projecoes\/\">BTG Pactual (BPAC11) \u00e9 rebaixado e tem pre\u00e7o-alvo cortado pelo BBA; a\u00e7\u00f5es caem<\/a><\/li>\t\t<\/ul>\n\t<\/div>\n\n\n<p>H\u00e1 duas semanas, a concession\u00e1ria Jirau Energia enviou informa\u00e7\u00f5es \u00e0 <a href=\"https:\/\/www.gov.br\/aneel\/pt-br\">Ag\u00eancia Nacional de Energia El\u00e9trica (Aneel)<\/a>, para afirmar que por falta de m\u00e3o de obra teve dificuldades at\u00e9 de realizar a limpeza das telas instaladas na frente de suas turbinas.<\/p>\n<p>O ac\u00famulo do material travou a passagem de \u00e1gua e reduziu a gera\u00e7\u00e3o, segundo a empresa. Entre janeiro e maio de 2021, no &#8220;per\u00edodo \u00famido&#8221;, foram realizadas por <strong>Jirau<\/strong> apenas 155 interven\u00e7\u00f5es de limpeza nas m\u00e1quinas, o que representa 40% da quantidade do mesmo per\u00edodo do ano anterior (256).<\/p>\n<p>O resultado \u00e9 que, segundo a empresa, a falta de manuten\u00e7\u00e3o provocou falhas em equipamentos que teriam levado a um total de 342 horas de indisponibilidades das turbinas em 2021.<\/p>\n<p>A companhia reclama ainda que registrou 1.274 horas de indisponibilidades de m\u00e1quinas para fazer a &#8220;decanta\u00e7\u00e3o&#8221; do material acumulado em frente aos equipamentos, por causa do tempo necess\u00e1rio para que todo material acumulado fosse removido naturalmente.<\/p>\n<p>Agora, pede que essas horas sejam &#8220;perdoadas&#8221; e que a companhia n\u00e3o seja punida por essa gera\u00e7\u00e3o frustrada.<\/p>\n\t<p>\n\t\t<a href=\"https:\/\/lp.suno.com.br\/planilha-controle-gastos\/\" target=\"_blank\" data-element=\"shortcode-suno-banner\" title=\"Banner SUNO, clique e saiba mais\">\n\t\t\t<picture>\n\t\t\t\t<source media=\"(max-width: 500px)\" srcset=\"https:\/\/files.sunoresearch.com.br\/n\/uploads\/2023\/03\/400x300-Planilha-controle-de-gastos.png\">\n\t\t\t\t<img class=\"newsContent__article__imgCapa newsContent__article__imgCapa--banner\"\n\t\t\t\t\tsrc=\"https:\/\/files.sunoresearch.com.br\/n\/uploads\/2023\/03\/1420x240-Planilha-controle-de-gastos.png\"\n\t\t\t\t\tdata-promo-id=\"101751\"\t\t\t\t\t\t\t\t\t\twidth='1420' height='240'\t\t\t\t\talt=\"https:\/\/files.sunoresearch.com.br\/n\/uploads\/2023\/03\/1420x240-Planilha-controle-de-gastos.png\"\n\t\t\t\t>\n\t\t\t<\/picture>\n\t\t<\/a>\n\t<\/p>\n\n\n<h2>Jirau alega &#8216;impacto na gera\u00e7\u00e3o e consumo de energia el\u00e9trica&#8217;<\/h2>\n<p>Por meio de nota, a Jirau Energia declarou que as medidas de preven\u00e7\u00e3o contra <strong>covid-19<\/strong> &#8220;causaram um impacto significativo na gera\u00e7\u00e3o e no consumo de energia no Brasil, assim como a necessidade de isolamento e distanciamento social que impactou consideravelmente as rotinas de trabalho&#8221;.<\/p>\n<p>Segundo a empresa, os cronogramas das manuten\u00e7\u00f5es e os indicadores de opera\u00e7\u00e3o &#8220;ficaram comprometidos em fun\u00e7\u00e3o das medidas de restri\u00e7\u00f5es que foram necess\u00e1rias para manter a sa\u00fade das pessoas e a opera\u00e7\u00e3o da <strong>Usina<\/strong> Jirau&#8221;.<\/p>\n<p>O cen\u00e1rio, afirmou a companhia, levou a escalas especiais de trabalho para prosseguir com a opera\u00e7\u00e3o.<\/p>\n<p>&#8220;Contudo, os indicadores operacionais foram afetados e com as devidas argumenta\u00e7\u00f5es a empresa solicitou \u00e0 Aneel a revis\u00e3o do indicador de disponibilidade&#8221;, disse <a href=\"https:\/\/www.suno.com.br\/noticias\/radar-edp-enbr3-picpay-cemig-cmig4\/\">uma das maiores usinas do Brasil<\/a> sobre a gera\u00e7\u00e3o de <strong>energia el\u00e9trica<\/strong>.<\/p>\n<p class=\"newsProviderSignature\">Com Estad\u00e3o Conte\u00fado<\/p>\n\t<p>\n\t\t<a href=\"https:\/\/lp.suno.com.br\/planilha-da-vida-financeira\/\" target=\"_blank\" data-element=\"shortcode-suno-banner\" title=\"Banner SUNO, clique e saiba mais\">\n\t\t\t<picture>\n\t\t\t\t<source media=\"(max-width: 500px)\" srcset=\"https:\/\/files.sunoresearch.com.br\/n\/uploads\/2023\/04\/400x300-Planilha-vida-financeira-true.png\">\n\t\t\t\t<img class=\"newsContent__article__imgCapa newsContent__article__imgCapa--banner\"\n\t\t\t\t\tsrc=\"https:\/\/files.sunoresearch.com.br\/n\/uploads\/2023\/04\/1420x240-Planilha-vida-financeira-true.png\"\n\t\t\t\t\tdata-promo-id=\"106682\"\t\t\t\t\t\t\t\t\t\twidth='1420' height='240'\t\t\t\t\talt=\"https:\/\/files.sunoresearch.com.br\/n\/uploads\/2023\/04\/1420x240-Planilha-vida-financeira-true.png\"\n\t\t\t\t>\n\t\t\t<\/picture>\n\t\t<\/a>\n\t<\/p>\n\n\n","protected":false},"excerpt":{"rendered":"<p>As usinas de Jirau e Santo Ant\u00f4nio citaram as restri\u00e7\u00f5es relacionadas \u00e0 Covid-19 ainda em 2021 como um dos fatores determinantes para uma gera\u00e7\u00e3o de energia el\u00e9trica abaixo do esperado. BTG Pactual (BPAC11) &#8211; . Foto: Divulga\u00e7\u00e3o As usinas em quest\u00e3o, vale lembrar, s\u00e3o a quarta (Jirau) e a quinta (Santo Ant\u00f4nio) maiores hidrel\u00e9tricas do [&hellip;]<\/p>\n","protected":false},"author":73,"featured_media":300642,"comment_status":"closed","ping_status":"closed","sticky":false,"template":"","format":"standard","meta":[],"categories":[62],"tags":[106444,106360],"suno_strategy":[],"class_list":["post-300631","post","type-post","status-publish","format-standard","has-post-thumbnail","hentry","category-economia","tag-agencias","tag-setor-eletrico"],"yoast_head":"<!-- This site is optimized with the Yoast SEO plugin v24.4 - https:\/\/yoast.com\/wordpress\/plugins\/seo\/ -->\n<title>Energia el\u00e9trica: Covid atrapalhou gera\u00e7\u00e3o em 2021, dizem usinas<\/title>\n<meta name=\"description\" content=\"A Usina Jirau declarou que as medidas contra covid-19 &#039;causaram impacto na gera\u00e7\u00e3o e no consumo de energia el\u00e9trica&#039;. Clique e confira!\" \/>\n<meta name=\"robots\" content=\"index, follow, max-snippet:-1, max-image-preview:large, max-video-preview:-1\" \/>\n<link rel=\"canonical\" href=\"https:\/\/www.suno.com.br\/noticias\/energia-eletrica-usinas-covid\/\" \/>\n<meta property=\"og:locale\" content=\"pt_BR\" \/>\n<meta property=\"og:type\" content=\"article\" \/>\n<meta property=\"og:title\" content=\"Energia el\u00e9trica: Covid atrapalhou gera\u00e7\u00e3o em 2021, dizem usinas\" \/>\n<meta property=\"og:description\" content=\"A Usina Jirau declarou que as medidas contra covid-19 &#039;causaram impacto na gera\u00e7\u00e3o e no consumo de energia el\u00e9trica&#039;. Clique e confira!\" \/>\n<meta property=\"og:url\" content=\"https:\/\/www.suno.com.br\/noticias\/energia-eletrica-usinas-covid\/\" \/>\n<meta property=\"og:site_name\" content=\"Suno Not\u00edcias\" \/>\n<meta property=\"article:publisher\" content=\"https:\/\/facebook.com\/sunoresearch\" \/>\n<meta property=\"og:image\" content=\"https:\/\/files.sunoresearch.com.br\/n\/uploads\/2022\/09\/usina-jirau.jpg\" \/>\n\t<meta property=\"og:image:width\" content=\"2560\" \/>\n\t<meta property=\"og:image:height\" content=\"1440\" \/>\n\t<meta property=\"og:image:type\" content=\"image\/jpeg\" \/>\n<meta name=\"author\" content=\"Eduardo Vargas\" \/>\n<meta name=\"twitter:card\" content=\"summary_large_image\" \/>\n<meta name=\"twitter:creator\" content=\"@sunoresearch\" \/>\n<meta name=\"twitter:site\" content=\"@sunoresearch\" \/>\n<meta name=\"twitter:label1\" content=\"Escrito por\" \/>\n\t<meta name=\"twitter:data1\" content=\"Eduardo Vargas\" \/>\n\t<meta name=\"twitter:label2\" content=\"Est. tempo de leitura\" \/>\n\t<meta name=\"twitter:data2\" content=\"3 minutos\" \/>\n<script type=\"application\/ld+json\" class=\"yoast-schema-graph\">{\"@context\":\"https:\/\/schema.org\",\"@graph\":[{\"@type\":\"NewsArticle\",\"@id\":\"https:\/\/www.suno.com.br\/noticias\/energia-eletrica-usinas-covid\/#article\",\"isPartOf\":{\"@id\":\"https:\/\/www.suno.com.br\/noticias\/energia-eletrica-usinas-covid\/\"},\"author\":{\"name\":\"Eduardo Vargas\",\"@id\":\"https:\/\/www.suno.com.br\/noticias\/#\/schema\/person\/7f4d362bf3518e76090143ae77bb49a5\"},\"headline\":\"Energia el\u00e9trica: Covid atrapalhou gera\u00e7\u00e3o em 2021, dizem usinas\",\"datePublished\":\"2022-09-22T11:15:39+00:00\",\"mainEntityOfPage\":{\"@id\":\"https:\/\/www.suno.com.br\/noticias\/energia-eletrica-usinas-covid\/\"},\"wordCount\":503,\"publisher\":{\"@id\":\"https:\/\/www.suno.com.br\/noticias\/#organization\"},\"image\":{\"@id\":\"https:\/\/www.suno.com.br\/noticias\/energia-eletrica-usinas-covid\/#primaryimage\"},\"thumbnailUrl\":\"https:\/\/files.sunoresearch.com.br\/n\/uploads\/2022\/09\/usina-jirau.jpg\",\"keywords\":[\"Ag\u00eancias\",\"Setor el\u00e9trico\"],\"articleSection\":[\"Economia\"],\"inLanguage\":\"pt-BR\"},{\"@type\":\"WebPage\",\"@id\":\"https:\/\/www.suno.com.br\/noticias\/energia-eletrica-usinas-covid\/\",\"url\":\"https:\/\/www.suno.com.br\/noticias\/energia-eletrica-usinas-covid\/\",\"name\":\"Energia el\u00e9trica: Covid atrapalhou gera\u00e7\u00e3o em 2021, dizem usinas\",\"isPartOf\":{\"@id\":\"https:\/\/www.suno.com.br\/noticias\/#website\"},\"primaryImageOfPage\":{\"@id\":\"https:\/\/www.suno.com.br\/noticias\/energia-eletrica-usinas-covid\/#primaryimage\"},\"image\":{\"@id\":\"https:\/\/www.suno.com.br\/noticias\/energia-eletrica-usinas-covid\/#primaryimage\"},\"thumbnailUrl\":\"https:\/\/files.sunoresearch.com.br\/n\/uploads\/2022\/09\/usina-jirau.jpg\",\"datePublished\":\"2022-09-22T11:15:39+00:00\",\"description\":\"A Usina Jirau declarou que as medidas contra covid-19 'causaram impacto na gera\u00e7\u00e3o e no consumo de energia el\u00e9trica'. Clique e confira!\",\"breadcrumb\":{\"@id\":\"https:\/\/www.suno.com.br\/noticias\/energia-eletrica-usinas-covid\/#breadcrumb\"},\"inLanguage\":\"pt-BR\",\"potentialAction\":[{\"@type\":\"ReadAction\",\"target\":[\"https:\/\/www.suno.com.br\/noticias\/energia-eletrica-usinas-covid\/\"]}]},{\"@type\":\"ImageObject\",\"inLanguage\":\"pt-BR\",\"@id\":\"https:\/\/www.suno.com.br\/noticias\/energia-eletrica-usinas-covid\/#primaryimage\",\"url\":\"https:\/\/files.sunoresearch.com.br\/n\/uploads\/2022\/09\/usina-jirau.jpg\",\"contentUrl\":\"https:\/\/files.sunoresearch.com.br\/n\/uploads\/2022\/09\/usina-jirau.jpg\",\"width\":2560,\"height\":1440,\"caption\":\"Usina de Jirau reivindicou revis\u00e3o de indicadores de energia el\u00e9trica \u00e0 Aneel - Foto: Reprodu\u00e7\u00e3o\"},{\"@type\":\"BreadcrumbList\",\"@id\":\"https:\/\/www.suno.com.br\/noticias\/energia-eletrica-usinas-covid\/#breadcrumb\",\"itemListElement\":[{\"@type\":\"ListItem\",\"position\":1,\"name\":\"Not\u00edcias\",\"item\":\"https:\/\/www.suno.com.br\/noticias\/\"},{\"@type\":\"ListItem\",\"position\":2,\"name\":\"Economia\",\"item\":\"https:\/\/www.suno.com.br\/noticias\/economia\/\"},{\"@type\":\"ListItem\",\"position\":3,\"name\":\"Energia el\u00e9trica: Covid atrapalhou gera\u00e7\u00e3o em 2021, dizem usinas\"}]},{\"@type\":\"WebSite\",\"@id\":\"https:\/\/www.suno.com.br\/noticias\/#website\",\"url\":\"https:\/\/www.suno.com.br\/noticias\/\",\"name\":\"Suno Not\u00edcias\",\"description\":\"Seu portal de informa\u00e7\u00e3o sobre o mundo dos investimentos\",\"publisher\":{\"@id\":\"https:\/\/www.suno.com.br\/noticias\/#organization\"},\"potentialAction\":[{\"@type\":\"SearchAction\",\"target\":{\"@type\":\"EntryPoint\",\"urlTemplate\":\"https:\/\/www.suno.com.br\/noticias\/?s={search_term_string}\"},\"query-input\":{\"@type\":\"PropertyValueSpecification\",\"valueRequired\":true,\"valueName\":\"search_term_string\"}}],\"inLanguage\":\"pt-BR\"},{\"@type\":\"Organization\",\"@id\":\"https:\/\/www.suno.com.br\/noticias\/#organization\",\"name\":\"Suno Not\u00edcias\",\"url\":\"https:\/\/www.suno.com.br\/noticias\/\",\"logo\":{\"@type\":\"ImageObject\",\"inLanguage\":\"pt-BR\",\"@id\":\"https:\/\/www.suno.com.br\/noticias\/#\/schema\/logo\/image\/\",\"url\":\"https:\/\/files.sunoresearch.com.br\/n\/uploads\/2021\/09\/suno-logo.png\",\"contentUrl\":\"https:\/\/files.sunoresearch.com.br\/n\/uploads\/2021\/09\/suno-logo.png\",\"width\":180,\"height\":180,\"caption\":\"Suno Not\u00edcias\"},\"image\":{\"@id\":\"https:\/\/www.suno.com.br\/noticias\/#\/schema\/logo\/image\/\"},\"sameAs\":[\"https:\/\/facebook.com\/sunoresearch\",\"https:\/\/x.com\/sunoresearch\",\"https:\/\/www.instagram.com\/suno\",\"https:\/\/www.linkedin.com\/company\/suno-research\/\",\"https:\/\/www.youtube.com\/c\/sunoresearch\"]},{\"@type\":\"Person\",\"@id\":\"https:\/\/www.suno.com.br\/noticias\/#\/schema\/person\/7f4d362bf3518e76090143ae77bb49a5\",\"name\":\"Eduardo Vargas\",\"image\":{\"@type\":\"ImageObject\",\"inLanguage\":\"pt-BR\",\"@id\":\"https:\/\/www.suno.com.br\/noticias\/#\/schema\/person\/image\/\",\"url\":\"https:\/\/secure.gravatar.com\/avatar\/dac340933427a22924c9f99d1eb2e3f2?s=96&r=g\",\"contentUrl\":\"https:\/\/secure.gravatar.com\/avatar\/dac340933427a22924c9f99d1eb2e3f2?s=96&r=g\",\"caption\":\"Eduardo Vargas\"},\"description\":\"Jornalista formado pela UFSC, cobre macroeconomia, neg\u00f3cios e startups para o Suno Not\u00edcias, escrevendo principalmente not\u00edcias sobre o mercado financeiro e a bolsa de valores. No YouTube e no Instagram, \u00e9 respons\u00e1vel pela produ\u00e7\u00e3o de Reels e Shorts do Suno Not\u00edcias. Anteriormente, trabalhou cobrindo economia e cotidiano no ND+ e para o ND, maior jornal impresso de Santa Catarina. Cursou um semestre letivo de Estudos de M\u00eddia na Universidad de Buenos Aires.\",\"url\":\"https:\/\/www.suno.com.br\/noticias\/author\/eduardo-vargas\/\"}]}<\/script>\n<!-- \/ Yoast SEO plugin. -->","yoast_head_json":{"title":"Energia el\u00e9trica: Covid atrapalhou gera\u00e7\u00e3o em 2021, dizem usinas","description":"A Usina Jirau declarou que as medidas contra covid-19 'causaram impacto na gera\u00e7\u00e3o e no consumo de energia el\u00e9trica'. Clique e confira!","robots":{"index":"index","follow":"follow","max-snippet":"max-snippet:-1","max-image-preview":"max-image-preview:large","max-video-preview":"max-video-preview:-1"},"canonical":"https:\/\/www.suno.com.br\/noticias\/energia-eletrica-usinas-covid\/","og_locale":"pt_BR","og_type":"article","og_title":"Energia el\u00e9trica: Covid atrapalhou gera\u00e7\u00e3o em 2021, dizem usinas","og_description":"A Usina Jirau declarou que as medidas contra covid-19 'causaram impacto na gera\u00e7\u00e3o e no consumo de energia el\u00e9trica'. Clique e confira!","og_url":"https:\/\/www.suno.com.br\/noticias\/energia-eletrica-usinas-covid\/","og_site_name":"Suno Not\u00edcias","article_publisher":"https:\/\/facebook.com\/sunoresearch","og_image":[{"width":2560,"height":1440,"url":"https:\/\/files.sunoresearch.com.br\/n\/uploads\/2022\/09\/usina-jirau.jpg","type":"image\/jpeg"}],"author":"Eduardo Vargas","twitter_card":"summary_large_image","twitter_creator":"@sunoresearch","twitter_site":"@sunoresearch","twitter_misc":{"Escrito por":"Eduardo Vargas","Est. tempo de leitura":"3 minutos"},"schema":{"@context":"https:\/\/schema.org","@graph":[{"@type":"NewsArticle","@id":"https:\/\/www.suno.com.br\/noticias\/energia-eletrica-usinas-covid\/#article","isPartOf":{"@id":"https:\/\/www.suno.com.br\/noticias\/energia-eletrica-usinas-covid\/"},"author":{"name":"Eduardo Vargas","@id":"https:\/\/www.suno.com.br\/noticias\/#\/schema\/person\/7f4d362bf3518e76090143ae77bb49a5"},"headline":"Energia el\u00e9trica: Covid atrapalhou gera\u00e7\u00e3o em 2021, dizem usinas","datePublished":"2022-09-22T11:15:39+00:00","mainEntityOfPage":{"@id":"https:\/\/www.suno.com.br\/noticias\/energia-eletrica-usinas-covid\/"},"wordCount":503,"publisher":{"@id":"https:\/\/www.suno.com.br\/noticias\/#organization"},"image":{"@id":"https:\/\/www.suno.com.br\/noticias\/energia-eletrica-usinas-covid\/#primaryimage"},"thumbnailUrl":"https:\/\/files.sunoresearch.com.br\/n\/uploads\/2022\/09\/usina-jirau.jpg","keywords":["Ag\u00eancias","Setor el\u00e9trico"],"articleSection":["Economia"],"inLanguage":"pt-BR"},{"@type":"WebPage","@id":"https:\/\/www.suno.com.br\/noticias\/energia-eletrica-usinas-covid\/","url":"https:\/\/www.suno.com.br\/noticias\/energia-eletrica-usinas-covid\/","name":"Energia el\u00e9trica: Covid atrapalhou gera\u00e7\u00e3o em 2021, dizem usinas","isPartOf":{"@id":"https:\/\/www.suno.com.br\/noticias\/#website"},"primaryImageOfPage":{"@id":"https:\/\/www.suno.com.br\/noticias\/energia-eletrica-usinas-covid\/#primaryimage"},"image":{"@id":"https:\/\/www.suno.com.br\/noticias\/energia-eletrica-usinas-covid\/#primaryimage"},"thumbnailUrl":"https:\/\/files.sunoresearch.com.br\/n\/uploads\/2022\/09\/usina-jirau.jpg","datePublished":"2022-09-22T11:15:39+00:00","description":"A Usina Jirau declarou que as medidas contra covid-19 'causaram impacto na gera\u00e7\u00e3o e no consumo de energia el\u00e9trica'. Clique e confira!","breadcrumb":{"@id":"https:\/\/www.suno.com.br\/noticias\/energia-eletrica-usinas-covid\/#breadcrumb"},"inLanguage":"pt-BR","potentialAction":[{"@type":"ReadAction","target":["https:\/\/www.suno.com.br\/noticias\/energia-eletrica-usinas-covid\/"]}]},{"@type":"ImageObject","inLanguage":"pt-BR","@id":"https:\/\/www.suno.com.br\/noticias\/energia-eletrica-usinas-covid\/#primaryimage","url":"https:\/\/files.sunoresearch.com.br\/n\/uploads\/2022\/09\/usina-jirau.jpg","contentUrl":"https:\/\/files.sunoresearch.com.br\/n\/uploads\/2022\/09\/usina-jirau.jpg","width":2560,"height":1440,"caption":"Usina de Jirau reivindicou revis\u00e3o de indicadores de energia el\u00e9trica \u00e0 Aneel - Foto: Reprodu\u00e7\u00e3o"},{"@type":"BreadcrumbList","@id":"https:\/\/www.suno.com.br\/noticias\/energia-eletrica-usinas-covid\/#breadcrumb","itemListElement":[{"@type":"ListItem","position":1,"name":"Not\u00edcias","item":"https:\/\/www.suno.com.br\/noticias\/"},{"@type":"ListItem","position":2,"name":"Economia","item":"https:\/\/www.suno.com.br\/noticias\/economia\/"},{"@type":"ListItem","position":3,"name":"Energia el\u00e9trica: Covid atrapalhou gera\u00e7\u00e3o em 2021, dizem usinas"}]},{"@type":"WebSite","@id":"https:\/\/www.suno.com.br\/noticias\/#website","url":"https:\/\/www.suno.com.br\/noticias\/","name":"Suno Not\u00edcias","description":"Seu portal de informa\u00e7\u00e3o sobre o mundo dos investimentos","publisher":{"@id":"https:\/\/www.suno.com.br\/noticias\/#organization"},"potentialAction":[{"@type":"SearchAction","target":{"@type":"EntryPoint","urlTemplate":"https:\/\/www.suno.com.br\/noticias\/?s={search_term_string}"},"query-input":{"@type":"PropertyValueSpecification","valueRequired":true,"valueName":"search_term_string"}}],"inLanguage":"pt-BR"},{"@type":"Organization","@id":"https:\/\/www.suno.com.br\/noticias\/#organization","name":"Suno Not\u00edcias","url":"https:\/\/www.suno.com.br\/noticias\/","logo":{"@type":"ImageObject","inLanguage":"pt-BR","@id":"https:\/\/www.suno.com.br\/noticias\/#\/schema\/logo\/image\/","url":"https:\/\/files.sunoresearch.com.br\/n\/uploads\/2021\/09\/suno-logo.png","contentUrl":"https:\/\/files.sunoresearch.com.br\/n\/uploads\/2021\/09\/suno-logo.png","width":180,"height":180,"caption":"Suno Not\u00edcias"},"image":{"@id":"https:\/\/www.suno.com.br\/noticias\/#\/schema\/logo\/image\/"},"sameAs":["https:\/\/facebook.com\/sunoresearch","https:\/\/x.com\/sunoresearch","https:\/\/www.instagram.com\/suno","https:\/\/www.linkedin.com\/company\/suno-research\/","https:\/\/www.youtube.com\/c\/sunoresearch"]},{"@type":"Person","@id":"https:\/\/www.suno.com.br\/noticias\/#\/schema\/person\/7f4d362bf3518e76090143ae77bb49a5","name":"Eduardo Vargas","image":{"@type":"ImageObject","inLanguage":"pt-BR","@id":"https:\/\/www.suno.com.br\/noticias\/#\/schema\/person\/image\/","url":"https:\/\/secure.gravatar.com\/avatar\/dac340933427a22924c9f99d1eb2e3f2?s=96&r=g","contentUrl":"https:\/\/secure.gravatar.com\/avatar\/dac340933427a22924c9f99d1eb2e3f2?s=96&r=g","caption":"Eduardo Vargas"},"description":"Jornalista formado pela UFSC, cobre macroeconomia, neg\u00f3cios e startups para o Suno Not\u00edcias, escrevendo principalmente not\u00edcias sobre o mercado financeiro e a bolsa de valores. No YouTube e no Instagram, \u00e9 respons\u00e1vel pela produ\u00e7\u00e3o de Reels e Shorts do Suno Not\u00edcias. Anteriormente, trabalhou cobrindo economia e cotidiano no ND+ e para o ND, maior jornal impresso de Santa Catarina. Cursou um semestre letivo de Estudos de M\u00eddia na Universidad de Buenos Aires.","url":"https:\/\/www.suno.com.br\/noticias\/author\/eduardo-vargas\/"}]}},"default_loop_html":"<div class=\"cardsPage__listCard__boxs\"><div class=\"cardsPage__listCard__boxs__img\"><a href=\"https:\/\/www.suno.com.br\/noticias\/btg-pactual-bpac11-itau-bba-projecoes\/\"><img class=\"mask\" src=\"https:\/\/www.suno.com.br\/noticias\/wp-content\/themes\/suno\/resources\/images\/spotlight\/spotlight1img\/bg-mask.png\" alt=\"Image Mask\"\/><img src=\"https:\/\/files.sunoresearch.com.br\/n\/uploads\/2021\/10\/Btgpactual_101521_1-400x200.jpg\" alt=\"BTG Pactual (BPAC11) \u00e9 rebaixado e tem pre\u00e7o-alvo cortado pelo BBA; a\u00e7\u00f5es caem\"\/><\/a><span class=\"spotlightCategory\"><a href=\"https:\/\/www.suno.com.br\/noticias\/negocios\/\">Neg\u00f3cios<\/a><\/span><\/div><div class=\"cardsPage__listCard__boxs__content\"><a href=\"https:\/\/www.suno.com.br\/noticias\/btg-pactual-bpac11-itau-bba-projecoes\/\"><h2 class=\"content__title\">BTG Pactual (BPAC11) \u00e9 rebaixado e tem pre\u00e7o-alvo cortado pelo BBA; a\u00e7\u00f5es caem<\/h2><\/a><div class=\"newsContent__article__meta\"><div class=\"newsContent__article__meta__authorBox\"><a href=\"https:\/\/www.suno.com.br\/noticias\/author\/victoria\/\" class=\"authorBox__avatar noMobi\"><img src=\"https:\/\/files.sunoresearch.com.br\/n\/uploads\/2021\/12\/20190129VickyPINEAPPLE01-1-150x150.jpg\" alt=\"Vict\u00f3ria Anhesini\"><\/a><div class=\"authorBox__name\"><span>por\n\t\t\t<a href=\"https:\/\/www.suno.com.br\/noticias\/author\/victoria\/\"><span itemprop=\"author\">Vict\u00f3ria Anhesini<\/span><\/a><\/span><time datetime=\"2022-09-21T21:31:27-03:00\" itemprop=\"datePublished\">21\/09\/2022 21:31<\/time><\/div><\/div><\/div><\/div><\/div>","single_layout":"posts","amp_enabled":true,"_links":{"self":[{"href":"https:\/\/www.suno.com.br\/noticias\/wp-json\/wp\/v2\/posts\/300631"}],"collection":[{"href":"https:\/\/www.suno.com.br\/noticias\/wp-json\/wp\/v2\/posts"}],"about":[{"href":"https:\/\/www.suno.com.br\/noticias\/wp-json\/wp\/v2\/types\/post"}],"author":[{"embeddable":true,"href":"https:\/\/www.suno.com.br\/noticias\/wp-json\/wp\/v2\/users\/73"}],"replies":[{"embeddable":true,"href":"https:\/\/www.suno.com.br\/noticias\/wp-json\/wp\/v2\/comments?post=300631"}],"version-history":[{"count":3,"href":"https:\/\/www.suno.com.br\/noticias\/wp-json\/wp\/v2\/posts\/300631\/revisions"}],"predecessor-version":[{"id":300643,"href":"https:\/\/www.suno.com.br\/noticias\/wp-json\/wp\/v2\/posts\/300631\/revisions\/300643"}],"wp:featuredmedia":[{"embeddable":true,"href":"https:\/\/www.suno.com.br\/noticias\/wp-json\/wp\/v2\/media\/300642"}],"wp:attachment":[{"href":"https:\/\/www.suno.com.br\/noticias\/wp-json\/wp\/v2\/media?parent=300631"}],"wp:term":[{"taxonomy":"category","embeddable":true,"href":"https:\/\/www.suno.com.br\/noticias\/wp-json\/wp\/v2\/categories?post=300631"},{"taxonomy":"post_tag","embeddable":true,"href":"https:\/\/www.suno.com.br\/noticias\/wp-json\/wp\/v2\/tags?post=300631"},{"taxonomy":"suno_strategy","embeddable":true,"href":"https:\/\/www.suno.com.br\/noticias\/wp-json\/wp\/v2\/suno_strategy?post=300631"}],"curies":[{"name":"wp","href":"https:\/\/api.w.org\/{rel}","templated":true}]}}