{"id":30058,"date":"2019-07-04T11:24:09","date_gmt":"2019-07-04T14:24:09","guid":{"rendered":"https:\/\/www.suno.com.br\/noticias\/?p=30058"},"modified":"2019-07-04T16:06:21","modified_gmt":"2019-07-04T19:06:21","slug":"magazine-luiza-quer-crescer-alem-do-varejo-diz-presidente-da-empresa","status":"publish","type":"post","link":"https:\/\/www.suno.com.br\/noticias\/magazine-luiza-quer-crescer-alem-do-varejo-diz-presidente-da-empresa\/","title":{"rendered":"Magazine Luiza quer crescer al\u00e9m do varejo, diz presidente da empresa"},"content":{"rendered":"<p>Em tr\u00eas anos, o t\u00edtulo do Magazine Luiza foi o que deu mais resultado sobre o dinheiro aplicado, entre empresas da bolsa. A alta foi de 4,528%.<\/p>\t<div class=\"wrapper-featured-image\">\n\t\t<figure class=\"spotlightImg\">\n\n\t\t\t<picture>\n\t\t\t\t<source media=\"(max-width: 768px)\" srcset=\"https:\/\/files.sunoresearch.com.br\/n\/uploads\/2019\/05\/69f39918-whatsapp-image-2019-05-06-at-12.34.59-400x200.webp\">\n\t\t\t\t<img loading=\"lazy\" decoding=\"async\" class=\"newsContent__article__imgCapa lazyloadDisabled newsContent__article__imgCapa--noCaption\" src=\"https:\/\/files.sunoresearch.com.br\/n\/uploads\/2019\/05\/69f39918-whatsapp-image-2019-05-06-at-12.34.59-800x450.webp\" width=\"800\" height=\"450\" alt=\"Magazine Luiza quer crescer al\u00e9m do varejo, diz presidente da empresa\" fetchpriority=high \/>\n\t\t\t<\/picture>\n\n\t\t\t<figcaption class=\"wp-caption-text wp-caption-text--hide\">Confira 5 a\u00e7\u00f5es que mais valorizaram no m\u00eas de outubro<\/figcaption>\n\t\t<\/figure>\n\t<\/div>\n\n\n<p>No per\u00edodo de junho de 2016 a junho de 2019, o <strong>Magazine Luiza<\/strong> teve o dobro do faturamento e as a\u00e7\u00f5es valorizaram 100 vezes. O valor foi para R$ 40 bilh\u00f5es, de acordo com informa\u00e7\u00f5es da reportagem da &#8220;Exame&#8221;.<\/p>\n<p><strong>Frederico Trajano<\/strong>, presidente da Magazine Luiza, afirmou em entrevista a &#8220;Exame&#8221;, que o foco da empresa \u00e9 aumentar a produtividade, como foi anunciado aos investidores.<\/p>\n<h2>Tecnologia para impulsionar o com\u00e9rcio<\/h2>\n<p>Segundo Trajano, o momento da marca \u00e9 de inova\u00e7\u00e3o. \u201cChegou a hora de radicalizar nosso crescimento. Digitalizamos o <strong>Magalu<\/strong> e queremos digitalizar o Brasil, levando a muitos o que \u00e9 privil\u00e9gio de poucos\u201d, afirmou.<\/p>\n<p>Frederico Trajano quer investir em superaplicativos, que disponibilizam v\u00e1rios produtos e servi\u00e7os na palma da m\u00e3o do cliente. A inspira\u00e7\u00e3o vem da China. O aplicativo atual do Magazine Luiza tem 33 milh\u00f5es de downloads.<\/p>\n\t<p>\n\t\t<a href=\"https:\/\/lp.suno.com.br\/ao\/cadastro-whatsapp\/?utm_source=sunoresearch&#038;utm_medium=banner.sidebar&#038;utm_campaign=_SNC1787C4C9_\" target=\"_blank\" data-element=\"shortcode-suno-banner\" title=\"Banner SUNO, clique e saiba mais\">\n\t\t\t<picture>\n\t\t\t\t<source media=\"(max-width: 500px)\" srcset=\"https:\/\/files.sunoresearch.com.br\/n\/uploads\/2024\/09\/wpp-suno.png\">\n\t\t\t\t<img class=\"newsContent__article__imgCapa newsContent__article__imgCapa--banner\"\n\t\t\t\t\tsrc=\"https:\/\/files.sunoresearch.com.br\/n\/uploads\/2024\/09\/wpp-suno.png\"\n\t\t\t\t\tdata-promo-id=\"574195\"\t\t\t\t\t\t\t\t\t\twidth='360' height='98'\t\t\t\t\talt=\"https:\/\/files.sunoresearch.com.br\/n\/uploads\/2024\/09\/wpp-suno.png\"\n\t\t\t\t>\n\t\t\t<\/picture>\n\t\t<\/a>\n\t<\/p>\n\n\n<h2>Magazine compra Netshoes<\/h2>\n<p>Em junho deste ano, a varejista Magazine Luiza confirmou a compra da loja eletr\u00f4nica de produtos esportivos. O acordo foi fechado para obten\u00e7\u00e3o de 100% das a\u00e7\u00f5es loja que atua exclusivamente no com\u00e9rcio eletr\u00f4nico. A Magazine teve um grande entrave durante a negocia\u00e7\u00e3o, pois a <strong>Centauro<\/strong> tamb\u00e9m estava forte na disputa. Ao final, a compra foi feita por US$ 62 milh\u00f5es.<\/p>\n<p><a href=\"https:\/\/www.suno.com.br\/noticias\/magazine-luiza-acoes-carrefour\/\">Confira tamb\u00e9m: Magazine Luiza sobe 6% na Bolsa ap\u00f3s divulgar acordo com Carrefour\u00a0<\/a><\/p>\n<p>Mesmo sendo forte na internet, Frederico Trajano afirmou em entrevista, na \u00faltima segunda-feira (1), que a <strong>Netshoes<\/strong> tem interesse em abrir lojas f\u00edsicas.<\/p>\n<p>O presidente da companhia tem agora duas miss\u00f5es diferentes. A primeira \u00e9 incorporar a <strong>Magazine<\/strong>, de maneira mais forte, no com\u00e9rcio eletr\u00f4nico. A segunda miss\u00e3o \u00e9 tornar a Netshoes uma empresa de forte influ\u00eancia no mercado de lojas f\u00edsicas.<\/p>\n<div class=\"widget-news widget-box no-margin no-border\">\t<p>\n\t\t<a href=\"https:\/\/lp.suno.com.br\/ao\/sessao-estrategica-consultoria-c\/?utm_source=suno-noticias&#038;utm_medium=banner&#038;utm_campaing=dividendos-taxacao-pl\" target=\"_blank\" data-element=\"shortcode-suno-banner\" title=\"Banner SUNO, clique e saiba mais\">\n\t\t\t<picture>\n\t\t\t\t<source media=\"(max-width: 500px)\" srcset=\"https:\/\/files.sunoresearch.com.br\/n\/uploads\/2025\/09\/300x400.webp\">\n\t\t\t\t<img class=\"newsContent__article__imgCapa newsContent__article__imgCapa--banner\"\n\t\t\t\t\tsrc=\"https:\/\/files.sunoresearch.com.br\/n\/uploads\/2025\/09\/SN-DT-1420x240-1.webp\"\n\t\t\t\t\tdata-promo-id=\"628283\"\t\t\t\t\t\t\t\t\t\twidth='1420' height='240'\t\t\t\t\talt=\"https:\/\/files.sunoresearch.com.br\/n\/uploads\/2025\/09\/SN-DT-1420x240-1.webp\"\n\t\t\t\t>\n\t\t\t<\/picture>\n\t\t<\/a>\n\t<\/p>\n\n<\/div>\n","protected":false},"excerpt":{"rendered":"<p>Em tr\u00eas anos, o t\u00edtulo do Magazine Luiza foi o que deu mais resultado sobre o dinheiro aplicado, entre empresas da bolsa. A alta foi de 4,528%. Confira 5 a\u00e7\u00f5es que mais valorizaram no m\u00eas de outubro No per\u00edodo de junho de 2016 a junho de 2019, o Magazine Luiza teve o dobro do faturamento [&hellip;]<\/p>\n","protected":false},"author":19,"featured_media":23415,"comment_status":"closed","ping_status":"closed","sticky":false,"template":"","format":"standard","meta":[],"categories":[64],"tags":[548,803],"suno_strategy":[],"class_list":["post-30058","post","type-post","status-publish","format-standard","has-post-thumbnail","hentry","category-negocios","tag-magazine-luiza-mglu3","tag-varejo"],"yoast_head":"<!-- This site is optimized with the Yoast SEO plugin v24.4 - https:\/\/yoast.com\/wordpress\/plugins\/seo\/ -->\n<title>Magazine Luiza quer crescer al\u00e9m do varejo, diz presidente da empresa<\/title>\n<meta name=\"description\" content=\"Em tr\u00eas anos, o t\u00edtulo do Magazine Luiza foi o que deu mais resultado sobre o dinheiro aplicado, entre empresas da bolsa. Clique e saiba mais.\" \/>\n<meta name=\"robots\" content=\"index, follow, max-snippet:-1, max-image-preview:large, max-video-preview:-1\" \/>\n<link rel=\"canonical\" href=\"https:\/\/www.suno.com.br\/noticias\/magazine-luiza-quer-crescer-alem-do-varejo-diz-presidente-da-empresa\/\" \/>\n<meta property=\"og:locale\" content=\"pt_BR\" \/>\n<meta property=\"og:type\" content=\"article\" \/>\n<meta property=\"og:title\" content=\"Magazine Luiza quer crescer al\u00e9m do varejo, diz presidente da empresa\" \/>\n<meta property=\"og:description\" content=\"Em tr\u00eas anos, o t\u00edtulo do Magazine Luiza foi o que deu mais resultado sobre o dinheiro aplicado, entre empresas da bolsa. Clique e saiba mais.\" \/>\n<meta property=\"og:url\" content=\"https:\/\/www.suno.com.br\/noticias\/magazine-luiza-quer-crescer-alem-do-varejo-diz-presidente-da-empresa\/\" \/>\n<meta property=\"og:site_name\" content=\"Suno Not\u00edcias\" \/>\n<meta property=\"article:publisher\" content=\"https:\/\/facebook.com\/sunoresearch\" \/>\n<meta property=\"og:image\" content=\"https:\/\/files.sunoresearch.com.br\/n\/uploads\/2019\/05\/69f39918-whatsapp-image-2019-05-06-at-12.34.59.jpeg\" \/>\n\t<meta property=\"og:image:width\" content=\"940\" \/>\n\t<meta property=\"og:image:height\" content=\"523\" \/>\n\t<meta property=\"og:image:type\" content=\"image\/jpeg\" \/>\n<meta name=\"author\" content=\"Juliano Passaro\" \/>\n<meta name=\"twitter:card\" content=\"summary_large_image\" \/>\n<meta name=\"twitter:creator\" content=\"@sunoresearch\" \/>\n<meta name=\"twitter:site\" content=\"@sunoresearch\" \/>\n<meta name=\"twitter:label1\" content=\"Escrito por\" \/>\n\t<meta name=\"twitter:data1\" content=\"Juliano Passaro\" \/>\n\t<meta name=\"twitter:label2\" content=\"Est. tempo de leitura\" \/>\n\t<meta name=\"twitter:data2\" content=\"2 minutos\" \/>\n<script type=\"application\/ld+json\" class=\"yoast-schema-graph\">{\"@context\":\"https:\/\/schema.org\",\"@graph\":[{\"@type\":\"NewsArticle\",\"@id\":\"https:\/\/www.suno.com.br\/noticias\/magazine-luiza-quer-crescer-alem-do-varejo-diz-presidente-da-empresa\/#article\",\"isPartOf\":{\"@id\":\"https:\/\/www.suno.com.br\/noticias\/magazine-luiza-quer-crescer-alem-do-varejo-diz-presidente-da-empresa\/\"},\"author\":{\"name\":\"Juliano Passaro\",\"@id\":\"https:\/\/www.suno.com.br\/noticias\/#\/schema\/person\/1db762f78ffd8919a648a63e425953e3\"},\"headline\":\"Magazine Luiza quer crescer al\u00e9m do varejo, diz presidente da empresa\",\"datePublished\":\"2019-07-04T14:24:09+00:00\",\"dateModified\":\"2019-07-04T19:06:21+00:00\",\"mainEntityOfPage\":{\"@id\":\"https:\/\/www.suno.com.br\/noticias\/magazine-luiza-quer-crescer-alem-do-varejo-diz-presidente-da-empresa\/\"},\"wordCount\":337,\"publisher\":{\"@id\":\"https:\/\/www.suno.com.br\/noticias\/#organization\"},\"image\":{\"@id\":\"https:\/\/www.suno.com.br\/noticias\/magazine-luiza-quer-crescer-alem-do-varejo-diz-presidente-da-empresa\/#primaryimage\"},\"thumbnailUrl\":\"https:\/\/files.sunoresearch.com.br\/n\/uploads\/2019\/05\/69f39918-whatsapp-image-2019-05-06-at-12.34.59-jpeg.webp\",\"keywords\":[\"Magazine Luiza (MGLU3)\",\"varejo\"],\"articleSection\":[\"Neg\u00f3cios\"],\"inLanguage\":\"pt-BR\"},{\"@type\":\"WebPage\",\"@id\":\"https:\/\/www.suno.com.br\/noticias\/magazine-luiza-quer-crescer-alem-do-varejo-diz-presidente-da-empresa\/\",\"url\":\"https:\/\/www.suno.com.br\/noticias\/magazine-luiza-quer-crescer-alem-do-varejo-diz-presidente-da-empresa\/\",\"name\":\"Magazine Luiza quer crescer al\u00e9m do varejo, diz presidente da empresa\",\"isPartOf\":{\"@id\":\"https:\/\/www.suno.com.br\/noticias\/#website\"},\"primaryImageOfPage\":{\"@id\":\"https:\/\/www.suno.com.br\/noticias\/magazine-luiza-quer-crescer-alem-do-varejo-diz-presidente-da-empresa\/#primaryimage\"},\"image\":{\"@id\":\"https:\/\/www.suno.com.br\/noticias\/magazine-luiza-quer-crescer-alem-do-varejo-diz-presidente-da-empresa\/#primaryimage\"},\"thumbnailUrl\":\"https:\/\/files.sunoresearch.com.br\/n\/uploads\/2019\/05\/69f39918-whatsapp-image-2019-05-06-at-12.34.59-jpeg.webp\",\"datePublished\":\"2019-07-04T14:24:09+00:00\",\"dateModified\":\"2019-07-04T19:06:21+00:00\",\"description\":\"Em tr\u00eas anos, o t\u00edtulo do Magazine Luiza foi o que deu mais resultado sobre o dinheiro aplicado, entre empresas da bolsa. Clique e saiba mais.\",\"breadcrumb\":{\"@id\":\"https:\/\/www.suno.com.br\/noticias\/magazine-luiza-quer-crescer-alem-do-varejo-diz-presidente-da-empresa\/#breadcrumb\"},\"inLanguage\":\"pt-BR\",\"potentialAction\":[{\"@type\":\"ReadAction\",\"target\":[\"https:\/\/www.suno.com.br\/noticias\/magazine-luiza-quer-crescer-alem-do-varejo-diz-presidente-da-empresa\/\"]}]},{\"@type\":\"ImageObject\",\"inLanguage\":\"pt-BR\",\"@id\":\"https:\/\/www.suno.com.br\/noticias\/magazine-luiza-quer-crescer-alem-do-varejo-diz-presidente-da-empresa\/#primaryimage\",\"url\":\"https:\/\/files.sunoresearch.com.br\/n\/uploads\/2019\/05\/69f39918-whatsapp-image-2019-05-06-at-12.34.59-jpeg.webp\",\"contentUrl\":\"https:\/\/files.sunoresearch.com.br\/n\/uploads\/2019\/05\/69f39918-whatsapp-image-2019-05-06-at-12.34.59-jpeg.webp\",\"width\":940,\"height\":523,\"caption\":\"Confira 5 a\u00e7\u00f5es que mais valorizaram no m\u00eas de outubro\"},{\"@type\":\"BreadcrumbList\",\"@id\":\"https:\/\/www.suno.com.br\/noticias\/magazine-luiza-quer-crescer-alem-do-varejo-diz-presidente-da-empresa\/#breadcrumb\",\"itemListElement\":[{\"@type\":\"ListItem\",\"position\":1,\"name\":\"Not\u00edcias\",\"item\":\"https:\/\/www.suno.com.br\/noticias\/\"},{\"@type\":\"ListItem\",\"position\":2,\"name\":\"Neg\u00f3cios\",\"item\":\"https:\/\/www.suno.com.br\/noticias\/negocios\/\"},{\"@type\":\"ListItem\",\"position\":3,\"name\":\"Magazine Luiza quer crescer al\u00e9m do varejo, diz presidente da empresa\"}]},{\"@type\":\"WebSite\",\"@id\":\"https:\/\/www.suno.com.br\/noticias\/#website\",\"url\":\"https:\/\/www.suno.com.br\/noticias\/\",\"name\":\"Suno Not\u00edcias\",\"description\":\"Seu portal de informa\u00e7\u00e3o sobre o mundo dos investimentos\",\"publisher\":{\"@id\":\"https:\/\/www.suno.com.br\/noticias\/#organization\"},\"potentialAction\":[{\"@type\":\"SearchAction\",\"target\":{\"@type\":\"EntryPoint\",\"urlTemplate\":\"https:\/\/www.suno.com.br\/noticias\/?s={search_term_string}\"},\"query-input\":{\"@type\":\"PropertyValueSpecification\",\"valueRequired\":true,\"valueName\":\"search_term_string\"}}],\"inLanguage\":\"pt-BR\"},{\"@type\":\"Organization\",\"@id\":\"https:\/\/www.suno.com.br\/noticias\/#organization\",\"name\":\"Suno Not\u00edcias\",\"url\":\"https:\/\/www.suno.com.br\/noticias\/\",\"logo\":{\"@type\":\"ImageObject\",\"inLanguage\":\"pt-BR\",\"@id\":\"https:\/\/www.suno.com.br\/noticias\/#\/schema\/logo\/image\/\",\"url\":\"https:\/\/files.sunoresearch.com.br\/n\/uploads\/2021\/09\/suno-logo.png\",\"contentUrl\":\"https:\/\/files.sunoresearch.com.br\/n\/uploads\/2021\/09\/suno-logo.png\",\"width\":180,\"height\":180,\"caption\":\"Suno Not\u00edcias\"},\"image\":{\"@id\":\"https:\/\/www.suno.com.br\/noticias\/#\/schema\/logo\/image\/\"},\"sameAs\":[\"https:\/\/facebook.com\/sunoresearch\",\"https:\/\/x.com\/sunoresearch\",\"https:\/\/www.instagram.com\/suno\",\"https:\/\/www.linkedin.com\/company\/suno-research\/\",\"https:\/\/www.youtube.com\/c\/sunoresearch\"]},{\"@type\":\"Person\",\"@id\":\"https:\/\/www.suno.com.br\/noticias\/#\/schema\/person\/1db762f78ffd8919a648a63e425953e3\",\"name\":\"Juliano Passaro\",\"image\":{\"@type\":\"ImageObject\",\"inLanguage\":\"pt-BR\",\"@id\":\"https:\/\/www.suno.com.br\/noticias\/#\/schema\/person\/image\/\",\"url\":\"https:\/\/secure.gravatar.com\/avatar\/743d4df28eebf6dcc46b4ad03c319e92?s=96&r=g\",\"contentUrl\":\"https:\/\/secure.gravatar.com\/avatar\/743d4df28eebf6dcc46b4ad03c319e92?s=96&r=g\",\"caption\":\"Juliano Passaro\"},\"description\":\"Juliano Passaro escreve sobre pol\u00edtica, economia e neg\u00f3cios para o portal da Suno Research. Antes da Suno, trabalhou no Portal da Band. \u00c9 formado em jornalismo pela Universidade Presbiteriana Mackenzie.\",\"url\":\"https:\/\/www.suno.com.br\/noticias\/author\/juliano\/\"}]}<\/script>\n<!-- \/ Yoast SEO plugin. -->","yoast_head_json":{"title":"Magazine Luiza quer crescer al\u00e9m do varejo, diz presidente da empresa","description":"Em tr\u00eas anos, o t\u00edtulo do Magazine Luiza foi o que deu mais resultado sobre o dinheiro aplicado, entre empresas da bolsa. Clique e saiba mais.","robots":{"index":"index","follow":"follow","max-snippet":"max-snippet:-1","max-image-preview":"max-image-preview:large","max-video-preview":"max-video-preview:-1"},"canonical":"https:\/\/www.suno.com.br\/noticias\/magazine-luiza-quer-crescer-alem-do-varejo-diz-presidente-da-empresa\/","og_locale":"pt_BR","og_type":"article","og_title":"Magazine Luiza quer crescer al\u00e9m do varejo, diz presidente da empresa","og_description":"Em tr\u00eas anos, o t\u00edtulo do Magazine Luiza foi o que deu mais resultado sobre o dinheiro aplicado, entre empresas da bolsa. Clique e saiba mais.","og_url":"https:\/\/www.suno.com.br\/noticias\/magazine-luiza-quer-crescer-alem-do-varejo-diz-presidente-da-empresa\/","og_site_name":"Suno Not\u00edcias","article_publisher":"https:\/\/facebook.com\/sunoresearch","og_image":[{"width":940,"height":523,"url":"https:\/\/files.sunoresearch.com.br\/n\/uploads\/2019\/05\/69f39918-whatsapp-image-2019-05-06-at-12.34.59.jpeg","type":"image\/jpeg"}],"author":"Juliano Passaro","twitter_card":"summary_large_image","twitter_creator":"@sunoresearch","twitter_site":"@sunoresearch","twitter_misc":{"Escrito por":"Juliano Passaro","Est. tempo de leitura":"2 minutos"},"schema":{"@context":"https:\/\/schema.org","@graph":[{"@type":"NewsArticle","@id":"https:\/\/www.suno.com.br\/noticias\/magazine-luiza-quer-crescer-alem-do-varejo-diz-presidente-da-empresa\/#article","isPartOf":{"@id":"https:\/\/www.suno.com.br\/noticias\/magazine-luiza-quer-crescer-alem-do-varejo-diz-presidente-da-empresa\/"},"author":{"name":"Juliano Passaro","@id":"https:\/\/www.suno.com.br\/noticias\/#\/schema\/person\/1db762f78ffd8919a648a63e425953e3"},"headline":"Magazine Luiza quer crescer al\u00e9m do varejo, diz presidente da empresa","datePublished":"2019-07-04T14:24:09+00:00","dateModified":"2019-07-04T19:06:21+00:00","mainEntityOfPage":{"@id":"https:\/\/www.suno.com.br\/noticias\/magazine-luiza-quer-crescer-alem-do-varejo-diz-presidente-da-empresa\/"},"wordCount":337,"publisher":{"@id":"https:\/\/www.suno.com.br\/noticias\/#organization"},"image":{"@id":"https:\/\/www.suno.com.br\/noticias\/magazine-luiza-quer-crescer-alem-do-varejo-diz-presidente-da-empresa\/#primaryimage"},"thumbnailUrl":"https:\/\/files.sunoresearch.com.br\/n\/uploads\/2019\/05\/69f39918-whatsapp-image-2019-05-06-at-12.34.59-jpeg.webp","keywords":["Magazine Luiza (MGLU3)","varejo"],"articleSection":["Neg\u00f3cios"],"inLanguage":"pt-BR"},{"@type":"WebPage","@id":"https:\/\/www.suno.com.br\/noticias\/magazine-luiza-quer-crescer-alem-do-varejo-diz-presidente-da-empresa\/","url":"https:\/\/www.suno.com.br\/noticias\/magazine-luiza-quer-crescer-alem-do-varejo-diz-presidente-da-empresa\/","name":"Magazine Luiza quer crescer al\u00e9m do varejo, diz presidente da empresa","isPartOf":{"@id":"https:\/\/www.suno.com.br\/noticias\/#website"},"primaryImageOfPage":{"@id":"https:\/\/www.suno.com.br\/noticias\/magazine-luiza-quer-crescer-alem-do-varejo-diz-presidente-da-empresa\/#primaryimage"},"image":{"@id":"https:\/\/www.suno.com.br\/noticias\/magazine-luiza-quer-crescer-alem-do-varejo-diz-presidente-da-empresa\/#primaryimage"},"thumbnailUrl":"https:\/\/files.sunoresearch.com.br\/n\/uploads\/2019\/05\/69f39918-whatsapp-image-2019-05-06-at-12.34.59-jpeg.webp","datePublished":"2019-07-04T14:24:09+00:00","dateModified":"2019-07-04T19:06:21+00:00","description":"Em tr\u00eas anos, o t\u00edtulo do Magazine Luiza foi o que deu mais resultado sobre o dinheiro aplicado, entre empresas da bolsa. Clique e saiba mais.","breadcrumb":{"@id":"https:\/\/www.suno.com.br\/noticias\/magazine-luiza-quer-crescer-alem-do-varejo-diz-presidente-da-empresa\/#breadcrumb"},"inLanguage":"pt-BR","potentialAction":[{"@type":"ReadAction","target":["https:\/\/www.suno.com.br\/noticias\/magazine-luiza-quer-crescer-alem-do-varejo-diz-presidente-da-empresa\/"]}]},{"@type":"ImageObject","inLanguage":"pt-BR","@id":"https:\/\/www.suno.com.br\/noticias\/magazine-luiza-quer-crescer-alem-do-varejo-diz-presidente-da-empresa\/#primaryimage","url":"https:\/\/files.sunoresearch.com.br\/n\/uploads\/2019\/05\/69f39918-whatsapp-image-2019-05-06-at-12.34.59-jpeg.webp","contentUrl":"https:\/\/files.sunoresearch.com.br\/n\/uploads\/2019\/05\/69f39918-whatsapp-image-2019-05-06-at-12.34.59-jpeg.webp","width":940,"height":523,"caption":"Confira 5 a\u00e7\u00f5es que mais valorizaram no m\u00eas de outubro"},{"@type":"BreadcrumbList","@id":"https:\/\/www.suno.com.br\/noticias\/magazine-luiza-quer-crescer-alem-do-varejo-diz-presidente-da-empresa\/#breadcrumb","itemListElement":[{"@type":"ListItem","position":1,"name":"Not\u00edcias","item":"https:\/\/www.suno.com.br\/noticias\/"},{"@type":"ListItem","position":2,"name":"Neg\u00f3cios","item":"https:\/\/www.suno.com.br\/noticias\/negocios\/"},{"@type":"ListItem","position":3,"name":"Magazine Luiza quer crescer al\u00e9m do varejo, diz presidente da empresa"}]},{"@type":"WebSite","@id":"https:\/\/www.suno.com.br\/noticias\/#website","url":"https:\/\/www.suno.com.br\/noticias\/","name":"Suno Not\u00edcias","description":"Seu portal de informa\u00e7\u00e3o sobre o mundo dos investimentos","publisher":{"@id":"https:\/\/www.suno.com.br\/noticias\/#organization"},"potentialAction":[{"@type":"SearchAction","target":{"@type":"EntryPoint","urlTemplate":"https:\/\/www.suno.com.br\/noticias\/?s={search_term_string}"},"query-input":{"@type":"PropertyValueSpecification","valueRequired":true,"valueName":"search_term_string"}}],"inLanguage":"pt-BR"},{"@type":"Organization","@id":"https:\/\/www.suno.com.br\/noticias\/#organization","name":"Suno Not\u00edcias","url":"https:\/\/www.suno.com.br\/noticias\/","logo":{"@type":"ImageObject","inLanguage":"pt-BR","@id":"https:\/\/www.suno.com.br\/noticias\/#\/schema\/logo\/image\/","url":"https:\/\/files.sunoresearch.com.br\/n\/uploads\/2021\/09\/suno-logo.png","contentUrl":"https:\/\/files.sunoresearch.com.br\/n\/uploads\/2021\/09\/suno-logo.png","width":180,"height":180,"caption":"Suno Not\u00edcias"},"image":{"@id":"https:\/\/www.suno.com.br\/noticias\/#\/schema\/logo\/image\/"},"sameAs":["https:\/\/facebook.com\/sunoresearch","https:\/\/x.com\/sunoresearch","https:\/\/www.instagram.com\/suno","https:\/\/www.linkedin.com\/company\/suno-research\/","https:\/\/www.youtube.com\/c\/sunoresearch"]},{"@type":"Person","@id":"https:\/\/www.suno.com.br\/noticias\/#\/schema\/person\/1db762f78ffd8919a648a63e425953e3","name":"Juliano Passaro","image":{"@type":"ImageObject","inLanguage":"pt-BR","@id":"https:\/\/www.suno.com.br\/noticias\/#\/schema\/person\/image\/","url":"https:\/\/secure.gravatar.com\/avatar\/743d4df28eebf6dcc46b4ad03c319e92?s=96&r=g","contentUrl":"https:\/\/secure.gravatar.com\/avatar\/743d4df28eebf6dcc46b4ad03c319e92?s=96&r=g","caption":"Juliano Passaro"},"description":"Juliano Passaro escreve sobre pol\u00edtica, economia e neg\u00f3cios para o portal da Suno Research. Antes da Suno, trabalhou no Portal da Band. \u00c9 formado em jornalismo pela Universidade Presbiteriana Mackenzie.","url":"https:\/\/www.suno.com.br\/noticias\/author\/juliano\/"}]}},"default_loop_html":"<div class=\"cardsPage__listCard__boxs\"><div class=\"cardsPage__listCard__boxs__img\"><a href=\"https:\/\/www.suno.com.br\/noticias\/magazine-luiza-quer-crescer-alem-do-varejo-diz-presidente-da-empresa\/\"><img class=\"mask\" src=\"https:\/\/www.suno.com.br\/noticias\/wp-content\/themes\/suno\/resources\/images\/spotlight\/spotlight1img\/bg-mask.png\" alt=\"Image Mask\"\/><img src=\"https:\/\/files.sunoresearch.com.br\/n\/uploads\/2019\/05\/69f39918-whatsapp-image-2019-05-06-at-12.34.59-400x200.webp\" alt=\"Magazine Luiza quer crescer al\u00e9m do varejo, diz presidente da empresa\"\/><\/a><span class=\"spotlightCategory\"><a href=\"https:\/\/www.suno.com.br\/noticias\/negocios\/\">Neg\u00f3cios<\/a><\/span><\/div><div class=\"cardsPage__listCard__boxs__content\"><a href=\"https:\/\/www.suno.com.br\/noticias\/magazine-luiza-quer-crescer-alem-do-varejo-diz-presidente-da-empresa\/\"><h2 class=\"content__title\">Magazine Luiza quer crescer al\u00e9m do varejo, diz presidente da empresa<\/h2><\/a><div class=\"newsContent__article__meta\"><div class=\"newsContent__article__meta__authorBox\"><a href=\"https:\/\/www.suno.com.br\/noticias\/author\/juliano\/\" class=\"authorBox__avatar noMobi\"><img src=\"https:\/\/files.sunoresearch.com.br\/n\/uploads\/2019\/06\/7cc3efea-whatsapp-image-2019-07-18-at-21.59.33-e1563499821209-150x150.webp\" alt=\"Juliano Passaro\"><\/a><div class=\"authorBox__name\"><span>por\n\t\t\t<a href=\"https:\/\/www.suno.com.br\/noticias\/author\/juliano\/\"><span itemprop=\"author\">Juliano Passaro<\/span><\/a><\/span><time datetime=\"2019-07-04T11:24:09-03:00\" itemprop=\"datePublished\">04\/07\/2019 11:24<\/time><\/div><\/div><\/div><\/div><\/div>","single_layout":"posts","amp_enabled":true,"_links":{"self":[{"href":"https:\/\/www.suno.com.br\/noticias\/wp-json\/wp\/v2\/posts\/30058"}],"collection":[{"href":"https:\/\/www.suno.com.br\/noticias\/wp-json\/wp\/v2\/posts"}],"about":[{"href":"https:\/\/www.suno.com.br\/noticias\/wp-json\/wp\/v2\/types\/post"}],"author":[{"embeddable":true,"href":"https:\/\/www.suno.com.br\/noticias\/wp-json\/wp\/v2\/users\/19"}],"replies":[{"embeddable":true,"href":"https:\/\/www.suno.com.br\/noticias\/wp-json\/wp\/v2\/comments?post=30058"}],"version-history":[{"count":0,"href":"https:\/\/www.suno.com.br\/noticias\/wp-json\/wp\/v2\/posts\/30058\/revisions"}],"wp:featuredmedia":[{"embeddable":true,"href":"https:\/\/www.suno.com.br\/noticias\/wp-json\/wp\/v2\/media\/23415"}],"wp:attachment":[{"href":"https:\/\/www.suno.com.br\/noticias\/wp-json\/wp\/v2\/media?parent=30058"}],"wp:term":[{"taxonomy":"category","embeddable":true,"href":"https:\/\/www.suno.com.br\/noticias\/wp-json\/wp\/v2\/categories?post=30058"},{"taxonomy":"post_tag","embeddable":true,"href":"https:\/\/www.suno.com.br\/noticias\/wp-json\/wp\/v2\/tags?post=30058"},{"taxonomy":"suno_strategy","embeddable":true,"href":"https:\/\/www.suno.com.br\/noticias\/wp-json\/wp\/v2\/suno_strategy?post=30058"}],"curies":[{"name":"wp","href":"https:\/\/api.w.org\/{rel}","templated":true}]}}