{"id":300560,"date":"2022-09-21T22:16:18","date_gmt":"2022-09-22T01:16:18","guid":{"rendered":"https:\/\/www.suno.com.br\/noticias\/?p=300560"},"modified":"2022-09-21T22:16:18","modified_gmt":"2022-09-22T01:16:18","slug":"radar-irb-irbr3-csn-csna3-vale-vale3-azul-azul4","status":"publish","type":"post","link":"https:\/\/www.suno.com.br\/noticias\/radar-irb-irbr3-csn-csna3-vale-vale3-azul-azul4\/","title":{"rendered":"Radar: IRB (IRBR3) reduz preju\u00edzo; CSN (CSNA3) e Vale (VALE3) caem forte na Bolsa, Azul (AZUL4) cria nova ponte-a\u00e9rea SP-Rio"},"content":{"rendered":"<p>O <a class=\"suno-keyword\" href=\"https:\/\/www.suno.com.br\/acoes\/IRBR3\/\" target=\"_blank\" rel=\"noopener\" data-force=\"yes\" data-priority=\"2\"><strong>IRB Brasil<\/strong>\u00a0(IRBR3)<\/a>\u00a0comunicou nesta quarta-feira (21) que registrou um preju\u00edzo de R$ 58,9 milh\u00f5es em julho, ante as perdas de R$ 97,6 milh\u00f5es no mesmo per\u00edodo de 2021.<\/p>\t<div class=\"wrapper-featured-image\">\n\t\t<figure class=\"spotlightImg\">\n\n\t\t\t<picture>\n\t\t\t\t<source media=\"(max-width: 768px)\" srcset=\"https:\/\/files.sunoresearch.com.br\/n\/uploads\/2022\/09\/irb-400x200.jpg\">\n\t\t\t\t<img loading=\"lazy\" decoding=\"async\" class=\"newsContent__article__imgCapa lazyloadDisabled \" src=\"https:\/\/files.sunoresearch.com.br\/n\/uploads\/2022\/09\/irb-800x450.jpg\" width=\"800\" height=\"450\" alt=\"Radar: IRB (IRBR3) reduz preju\u00edzo; CSN (CSNA3) e Vale (VALE3) caem forte na Bolsa, Azul (AZUL4) cria nova ponte-a\u00e9rea SP-Rio\" fetchpriority=high \/>\n\t\t\t<\/picture>\n\n\t\t\t<figcaption class=\"wp-caption-text wp-caption-text--show\">IRB (IRBR3). Foto: Divulga\u00e7\u00e3o<\/figcaption>\n\t\t<\/figure>\n\t<\/div>\n\n\n\t<p>\n\t\t<a href=\"\" target=\"_blank\" data-element=\"shortcode-suno-banner\" title=\"Banner SUNO, clique e saiba mais\">\n\t\t\t<picture>\n\t\t\t\t<source media=\"(max-width: 500px)\" srcset=\"\">\n\t\t\t\t<img class=\"newsContent__article__imgCapa newsContent__article__imgCapa--banner\"\n\t\t\t\t\tsrc=\"\"\n\t\t\t\t\tdata-promo-id=\"138420\"\t\t\t\t\t\t\t\t\t\t\t\t\t\t\talt=\"\"\n\t\t\t\t>\n\t\t\t<\/picture>\n\t\t<\/a>\n\t<\/p>\n\n\n<p>Nos primeiros sete meses de 2022, o preju\u00edzo l\u00edquido acumulado foi de R$ 351,7 milh\u00f5es, ante um preju\u00edzo l\u00edquido na mesma \u00e9poca em 2021, de R$ 253,7 milh\u00f5es.<\/p>\n<p>Segundo a IRB, o\u00a0<strong>pr\u00eamio emitido<\/strong>\u00a0em julho de 2022 subiu 15,6% em rela\u00e7\u00e3o ao mesmo per\u00edodo do ano anterior, totalizando R$ 1,3 bilh\u00e3o. No mercado dom\u00e9stico, o pr\u00eamio teve aumento de 13,9%, para R$ 1,063 bilh\u00e3o, e pelo incremento do pr\u00eamio no exterior de 22,1%, para R$ 285,1 milh\u00f5es.<\/p>\n<p>No acumulado do ano, o pr\u00eamio emitido foi de R$ 5,038 bilh\u00f5es, com recuo de 4,2%, tendo um crescimento de 7,4% no Brasil e uma redu\u00e7\u00e3o de 22,5% mundo fora.<\/p>\n<p>Por sua vez, a\u00a0<strong>despesa de sinistro<\/strong>\u00a0da empresa em julho ficou em R$ 535,4 milh\u00f5es e seu \u00edndice de sinistralidade ficou em 91,4%.<\/p>\n<p>As despesas com sinistro da IRB cresceram ent\u00e3o 16,7% no acumulado do ano, em rela\u00e7\u00e3o ao mesmo per\u00edodo de 2021, para R$ 458,8 milh\u00f5es, que representou ent\u00e3o sinistralidade de 107,8%.<\/p>\n<p>De janeiro a julho de 2022, a despesa com sinistro totalizou R$ 3,132 bilh\u00f5es, 1,1% inferior quando comparada aos sete primeiros meses acumulados de 2021. Em mesmo per\u00edodo, o \u00edndice de sinistralidade foi de 101,8%, ante a 87,7% de 2021.<\/p>\n<p>Em agosto o IRB anunciou uma\u00a0<a class=\"suno-keyword\" href=\"https:\/\/www.suno.com.br\/artigos\/oferta-de-acoes\/\" target=\"_blank\" rel=\"noopener\" data-force=\"no\" data-priority=\"1\">oferta de a\u00e7\u00f5es<\/a>\u00a0com\u00a0<a href=\"https:\/\/www.suno.com.br\/noticias\/irb-irbr3-oferta-restrita-acoes\/\">limite de R$ 1,2 bilh\u00e3o<\/a>, para tentar conter o rombo nos n\u00fameros da companhia. Foi uma\u00a0<a class=\"suno-keyword\" href=\"https:\/\/www.suno.com.br\/artigos\/oferta-restrita\/\" target=\"_blank\" rel=\"noopener\" data-force=\"no\" data-priority=\"1\">oferta restrita<\/a>, com esfor\u00e7os iniciais para colocar 597.014.925 novas\u00a0<strong>a\u00e7\u00f5es do IRB<\/strong>\u00a0em circula\u00e7\u00e3o.<\/p>\n<p>Al\u00e9m do IRB, confira outros destaques desta quarta-feira:<\/p>\n\t<p>\n\t\t<a href=\"https:\/\/lp.suno.com.br\/planilha-controle-gastos\/\" target=\"_blank\" data-element=\"shortcode-suno-banner\" title=\"Banner SUNO, clique e saiba mais\">\n\t\t\t<picture>\n\t\t\t\t<source media=\"(max-width: 500px)\" srcset=\"https:\/\/files.sunoresearch.com.br\/n\/uploads\/2023\/03\/400x300-Planilha-controle-de-gastos.png\">\n\t\t\t\t<img class=\"newsContent__article__imgCapa newsContent__article__imgCapa--banner\"\n\t\t\t\t\tsrc=\"https:\/\/files.sunoresearch.com.br\/n\/uploads\/2023\/03\/1420x240-Planilha-controle-de-gastos.png\"\n\t\t\t\t\tdata-promo-id=\"101751\"\t\t\t\t\t\t\t\t\t\twidth='1420' height='240'\t\t\t\t\talt=\"https:\/\/files.sunoresearch.com.br\/n\/uploads\/2023\/03\/1420x240-Planilha-controle-de-gastos.png\"\n\t\t\t\t>\n\t\t\t<\/picture>\n\t\t<\/a>\n\t<\/p>\n\n\n<h2 class=\"newsContent__article__title\">BlackRock vende parte de suas a\u00e7\u00f5es da CCR (CCRO3)<\/h2>\n<ul>\n<li>A <a class=\"suno-keyword\" href=\"https:\/\/www.suno.com.br\/acoes\/CCRO3\/\" target=\"_blank\" rel=\"noopener\" data-force=\"yes\" data-priority=\"2\"><strong>CCR<\/strong>\u00a0(CCRO3)<\/a> comunicou nesta quarta-feira (21) que a gestora BlackRock diminuiu sua participa\u00e7\u00e3o na empresa.<\/li>\n<li>De acordo com\u00a0<a class=\"suno-keyword\" href=\"https:\/\/www.suno.com.br\/artigos\/fato-relevante\/\" target=\"_blank\" rel=\"noopener\" data-force=\"no\" data-priority=\"1\">fato relevante<\/a>\u00a0enviado \u00e0 Comiss\u00e3o de Valores Mobili\u00e1rios (CVM), em 16 de setembro de 2022 a BlackRock passou a administrar aproximadamente 98,1 milh\u00f5es de\u00a0<a class=\"suno-keyword\" href=\"https:\/\/www.suno.com.br\/artigos\/o-que-sao-acoes-ordinarias-preferenciais-e-units\/\" target=\"_blank\" rel=\"noopener\" data-force=\"no\" data-priority=\"1\">a\u00e7\u00f5es ordin\u00e1rias<\/a> da companhia.<\/li>\n<li>O montante equivale em torno de 4,856% dessa esp\u00e9cie de a\u00e7\u00e3o, e 6,49 milh\u00f5es de\u00a0<a class=\"suno-keyword\" href=\"https:\/\/www.suno.com.br\/artigos\/instrumentos-financeiros\/\" target=\"_blank\" rel=\"noopener\" data-force=\"no\" data-priority=\"1\">instrumentos financeiros<\/a>\u00a0derivativos referenciados em a\u00e7\u00f5es ordin\u00e1rias com\u00a0<a class=\"suno-keyword\" href=\"https:\/\/www.suno.com.br\/artigos\/liquidacao-financeira\/\" target=\"_blank\" rel=\"noopener\" data-force=\"no\" data-priority=\"1\">liquida\u00e7\u00e3o financeira<\/a>, totalizando 0,321% de CCRO3.<\/li>\n<li>Em documento enviado \u00e0 CCR, a gestora afirmou que o objetivo das participa\u00e7\u00f5es societ\u00e1rias \u00e9 estritamente de investimento, n\u00e3o objetivando altera\u00e7\u00e3o do <a class=\"suno-keyword\" href=\"https:\/\/www.suno.com.br\/artigos\/controle-acionario\/\" target=\"_blank\" rel=\"noopener\" data-force=\"no\" data-priority=\"1\">controle acion\u00e1rio<\/a> ou da estrutura administrativa da companhia.<\/li>\n<li>No in\u00edcio de setembro, a CCR divulgou que a BlackRock havia elevado sua participa\u00e7\u00e3o acion\u00e1ria para 5,07%.<\/li>\n<\/ul>\n<h2 class=\"newsContent__article__title\">JBS (JBSS3): Jason Weller \u00e9 o novo diretor Global de Sustentabilidade<\/h2>\n<ul>\n<li>A <a class=\"suno-keyword\" href=\"https:\/\/www.suno.com.br\/acoes\/JBSS3\/\" target=\"_blank\" rel=\"noopener\" data-force=\"yes\" data-priority=\"2\"><strong>JBS<\/strong> (JBSS3)<\/a> informou nesta quarta-feira (21) que Jason Weller entrou na companhia como o Diretor Global de Sustentabilidade. No novo cargo, o executivo liderar\u00e1 o esfor\u00e7o para diminuir os impactos da agricultura e fortalecer a oferta global de alimentos.<\/li>\n<li>A JBS destacou, em comunicado \u00e0 Comiss\u00e3o de Valores Mobili\u00e1rios (CVM), que a nomea\u00e7\u00e3o acontece em meio a um cen\u00e1rio em que a sociedade enfrenta os desafios das mudan\u00e7as clim\u00e1ticas, inseguran\u00e7a alimentar, desmatamento e crescimento da popula\u00e7\u00e3o global.<\/li>\n<li>&#8220;Ser <strong>Net Zero<\/strong> \u00e9 um compromisso da JBS com a sociedade. Vai gerar um grande impacto no nosso futuro ter uma pessoa do conhecimento de Jason na lideran\u00e7a das nossas a\u00e7\u00f5es de sustentabilidade&#8221;, disse Gilberto Tomazoni, CEO Global da JBS.<\/li>\n<li>Weller ingressa na JBS vindo da Truterra, onde ocupava o cargo de Presidente do neg\u00f3cio de sustentabilidade. Na Truterra, ele liderou os esfor\u00e7os da empresa para ajudar os agricultores a participar de oportunidades de mercado para pr\u00e1ticas sustent\u00e1veis, incluindo cr\u00e9ditos de carbono e outros incentivos a servi\u00e7os ecossist\u00eamicos, bem como ajudar parceiros das empresas de produtos de consumo a atingir suas metas de sustentabilidade na cadeia produtiva, incluindo a valida\u00e7\u00e3o da redu\u00e7\u00e3o de emiss\u00f5es de escopo 3, informa a JBS.<\/li>\n<li>Antes disso, ele atuou como chefe do Servi\u00e7o de Conserva\u00e7\u00e3o de Recursos Naturais do Departamento de Agricultura dos Estados Unidos (USDA). Tamb\u00e9m trabalhou no Subcomit\u00ea de Apropria\u00e7\u00f5es da C\u00e2mara dos EUA para Agricultura, no Comit\u00ea de Or\u00e7amento da C\u00e2mara dos EUA e no Escrit\u00f3rio de Administra\u00e7\u00e3o e Or\u00e7amento da Casa Branca. Weller \u00e9 bacharel em Rela\u00e7\u00f5es Internacionais e mestre em Pol\u00edticas P\u00fablicas.<\/li>\n<\/ul>\n<h2 class=\"newsContent__article__title\">Blau Farmac\u00eautica (BLAU3) aprova JCP de R$ 29 milh\u00f5es; veja valor por a\u00e7\u00e3o<\/h2>\n<ul>\n<li>A <a class=\"suno-keyword\" href=\"https:\/\/www.suno.com.br\/acoes\/blau3\/\" target=\"_blank\" rel=\"noopener\" data-force=\"yes\" data-priority=\"2\"><strong>Blau Farmac\u00eautica<\/strong>\u00a0(BLAU3)<\/a>\u00a0anunciou que vai pagar R$ 29 milh\u00f5es em\u00a0<a class=\"suno-keyword\" href=\"https:\/\/www.suno.com.br\/artigos\/entenda-o-jcp\/\" target=\"_blank\" rel=\"noopener\" data-force=\"no\" data-priority=\"1\">Juros sobre capital pr\u00f3prio<\/a>\u00a0(JCP) aos seus acionistas, segundo\u00a0<a class=\"suno-keyword\" href=\"https:\/\/www.suno.com.br\/artigos\/fato-relevante\/\" target=\"_blank\" rel=\"noopener\" data-force=\"no\" data-priority=\"1\">fato relevante<\/a> divulgado nesta quarta-feira (21).<\/li>\n<li>O valor dos proventos por a\u00e7\u00e3o ser\u00e1 de R$ 0,16, que ser\u00e3o pagos em 27 de outubro de 2022.<\/li>\n<li>Apenas os investidores com <strong>a\u00e7\u00f5es da Blau<\/strong>\u00a0no dia 26 de setembro ter\u00e3o direito de receber os rendimentos. A partir do dia 27 de setembro, as a\u00e7\u00f5es ser\u00e3o negociadas sem direito aos\u00a0<a class=\"suno-keyword\" href=\"https:\/\/www.suno.com.br\/guias\/dividendos\/\" target=\"_blank\" rel=\"noopener\" data-force=\"no\" data-priority=\"1\">dividendos<\/a>.<\/li>\n<li>Segundo documento arquivado na Comiss\u00e3o de Valores Mobili\u00e1rios (CVM), esses<strong>\u00a0proventos da Blau<\/strong> fazem parte dos dividendos obrigat\u00f3rios do exerc\u00edcio de 2022.<\/li>\n<li>O valor dos JCP ter\u00e1 reten\u00e7\u00e3o do imposto de renda na fonte, com al\u00edquota de 15%, resultando em aproximadamente R$ 0,14 por a\u00e7\u00e3o.<\/li>\n<\/ul>\n<h2 class=\"newsContent__article__title\">Azul (AZUL4) cria nova ponte-a\u00e9rea SP-Rio com Congonhas e Jacarepagu\u00e1<\/h2>\n<ul>\n<li>A <a class=\"suno-keyword\" href=\"https:\/\/www.suno.com.br\/acoes\/AZUL4\/\" target=\"_blank\" rel=\"noopener\" data-force=\"yes\" data-priority=\"2\"><strong>Azul<\/strong>\u00a0(AZUL4)<\/a> anunciou a cria\u00e7\u00e3o de uma nova ponte a\u00e9rea entre as cidades de S\u00e3o Paulo e Rio de Janeiro.<\/li>\n<li>A\u00a0<strong>nova rota da Azul<\/strong> ir\u00e1 ligar o aeroporto de Congonhas, na zona sul da capital, ao de Jacarepagu\u00e1, na capital fluminense.<\/li>\n<li>As viagens devem ter in\u00edcio em 31 de outubro, com sete decolagens di\u00e1rias entre 6h40 e 19h45 e voos de cerca de 1h20.<\/li>\n<li>Os <strong>novos voos da Azul<\/strong> ser\u00e3o realizados com a aeronave Cessna Grand Caravan, um turbo\u00e9lice com capacidade entre 10 e 14 passageiros.<\/li>\n<li>Nas aeronaves maiores, a ponte a\u00e9rea entre a cidade de S\u00e3o Paulo e o Rio de Janeiro costuma levar cerca de 50 minutos.<\/li>\n<li>A estrat\u00e9gia da Azul na ponte a\u00e9rea est\u00e1 ligada \u00e0 inaugura\u00e7\u00e3o de uma base da empresa pr\u00f3xima ao aeroporto de Jacarepagu\u00e1, que hoje s\u00f3 recebe voos de helic\u00f3pteros e jatinhos.<\/li>\n<li>Segundo a empresa, os voos devem atrair passageiros com destino \u00e0 regi\u00e3o da Barra da Tijuca, na zona oeste do Rio, \u00e1rea ao lado de Jacarepagu\u00e1.<\/li>\n<li>As passagens para a nova rota anunciadas no site da Azul custam, em m\u00e9dia, R$ 552.<\/li>\n<\/ul>\n<div class=\"readToo\" data-element=\"shortcode-read-more\">\n<h2 class=\"newsContent__article__title\">Usiminas (USIM5): Cade aprova despacho para CSN (CSNA3) vender a\u00e7\u00f5es; entenda o caso<\/h2>\n<ul>\n<li>Nesta quarta-feira (21), o Cade (Conselho Administrativo de Defesa Econ\u00f4mica) aprovou o despacho em que d\u00e1 prazo indeterminado para a <a href=\"https:\/\/www.suno.com.br\/acoes\/CSNA3\/\">CSN (CSNA3)<\/a>\u00a0vender as a\u00e7\u00f5es que tem na\u00a0<a href=\"https:\/\/www.suno.com.br\/acoes\/USIM5\/\"><strong>Usiminas<\/strong>\u00a0(USIM5)<\/a>.<\/li>\n<li>A autoridade antitruste manteve a proibi\u00e7\u00e3o de que a sider\u00fargica compre novas <strong>a\u00e7\u00f5es da Usiminas<\/strong>. A\u00a0<strong>CSN<\/strong> tamb\u00e9m continua proibida de exercer direitos pol\u00edticos na Usiminas, assim como de alugar suas a\u00e7\u00f5es para terceiros.<\/li>\n<li>Na noite de ter\u00e7a-feira (20), a Usiminas enviou a peti\u00e7\u00e3o ao Cade, solicitando uma multa de 15% no valor de suas a\u00e7\u00f5es detidas pela CSN e que um terceiro independente tentasse vender a participa\u00e7\u00e3o.<\/li>\n<li>Neste sentido, a <strong>multa<\/strong> requerida pela Usiminas no Cade para a CSN \u00e9 equivalente a cerca de R$ 120 milh\u00f5es. As informa\u00e7\u00f5es s\u00e3o do Valor Econ\u00f4mico.<\/li>\n<li>Essa briga de participa\u00e7\u00e3o vem desde 2014, quando o Cade decidiu por limitar a\u00a0<strong>participa\u00e7\u00e3o da CSN na Usiminas<\/strong>\u00a0em 5%. Na \u00e9poca, a CSN detinha 17,43% das\u00a0<strong>a\u00e7\u00f5es da Usiminas<\/strong>.<\/li>\n<li>Na semana passada, o Cade emitiu um parecer que mudava a decis\u00e3o de 2014, permitindo que a CSN comprasse\u00a0 mais de 5% de a\u00e7\u00f5es da Usiminas, desde que n\u00e3o exercesse direitos pol\u00edticos.<\/li>\n<li>A Usiminas explicou no pedido ao Cade que a CSN vendeu apenas algumas das <a class=\"suno-keyword\" href=\"https:\/\/www.suno.com.br\/artigos\/acoes-preferenciais\/\" target=\"_blank\" rel=\"noopener\" data-force=\"no\" data-priority=\"1\">a\u00e7\u00f5es preferenciais<\/a>, mantendo todas as ordin\u00e1rias desde a decis\u00e3o de diminui\u00e7\u00e3o da participa\u00e7\u00e3o.<\/li>\n<li>A sider\u00fargica tamb\u00e9m disse que a grande participa\u00e7\u00e3o da CSN\u00a0 tira a liquidez de seus pap\u00e9is e impede a nomea\u00e7\u00e3o de membros dos seus \u00f3rg\u00e3os de administra\u00e7\u00e3o por acionistas minorit\u00e1rios. Al\u00e9m disso, acaba por elevar o custo de seu principal concorrente ao obrigar a defesa em in\u00fameras a\u00e7\u00f5es judiciais.<\/li>\n<li>A decis\u00e3o desta quarta-feira dividiu o conselho: tr\u00eas integrantes do tribunal votaram pela homologa\u00e7\u00e3o do despacho apresentado pelo presidente do Cade, Alexandre Cordeiro, dando prazo indeterminado para a venda, mas mantendo as demais obriga\u00e7\u00f5es.<\/li>\n<li>Outros tr\u00eas votaram contra a altera\u00e7\u00e3o do acordo, mantendo o prazo para a venda das a\u00e7\u00f5es, que acabaria neste ano. Coube ao pr\u00f3prio Cordeiro desempatar o julgamento \u2013 o presidente tem voto de minerva.<\/li>\n<li>O conselheiro Gustavo Augusto, que foi favor\u00e1vel ao despacho, disse que, nesses oito anos, n\u00e3o se verificou problemas concorrenciais resultantes da opera\u00e7\u00e3o. \u201cN\u00e3o \u00e9 papel do Cade dizer quando tem que vender a\u00e7\u00e3o pra a\u00e7\u00e3o cair e despencar como esta caindo hoje. Mas se tiver problema concorrencial, ai, sim, n\u00e3o tem nenhum problema em mandar vender imediatamente\u201d, afirmou.<\/li>\n<\/ul>\n<\/div>\n<h2>CSN (CSNA3) e Vale (VALE3) caem forte nesta superquarta. O que aconteceu?<\/h2>\n<ul>\n<li>As a\u00e7\u00f5es da<a href=\"https:\/\/www.suno.com.br\/acoes\/csna3\/\"><strong> CSN <\/strong>(CSNA3)<\/a> e da <a href=\"https:\/\/www.suno.com.br\/acoes\/vale3\/\"><strong>Vale<\/strong> (VALE3)<\/a> fecharam em queda de 4,43% e 1,44%, respectivamente. O que motivou o movimento de baixa?<\/li>\n<li>Enquanto as <strong>a\u00e7\u00f5es da CSN<\/strong> e da Vale ca\u00edram na maior parte do preg\u00e3o, os pap\u00e9is da <a href=\"https:\/\/www.suno.com.br\/acoes\/usim5\/\"><strong>Usiminas<\/strong> (USIM5)<\/a> e da <a href=\"https:\/\/www.suno.com.br\/acoes\/ggbr4\/\"><strong>Gerdau<\/strong> (GGBR4)<\/a>, outras gigantes do setor, diminu\u00edram as perdas durante a tarde e fecharam respectivamente em queda de 1,28% e alta de 0,17%.<\/li>\n<li>Victor Paganini, analista CNPI da Quantzed, explica que as a\u00e7\u00f5es de siderurgia lideraram o segmento das baixas do dia pela <strong>queda do min\u00e9rio de ferro<\/strong>, pressionando os pre\u00e7os dos pap\u00e9is para baixo.<\/li>\n<li>Outro ponto que Paganini destaca \u00e9 o cen\u00e1rio macro da <strong>China<\/strong>, com as bolsas chinesas negociando em queda no \u00faltimo preg\u00e3o, com o fluxo do setor de <strong>min\u00e9rio de ferro<\/strong> concentrado no mercado do pa\u00eds asi\u00e1tico.<\/li>\n<li>N\u00e3o s\u00f3 isso: &#8220;<span class=\"CLjk6b ypZWMc QEKIGb\" title=\"Added by me\" data-type=\"Mark\" data-mark-id=\"c8dc52947b16e074\" data-mark-type=\"Highlight\" data-rt-kind=\"2\" data-rt-type=\"HighlightMark\">Estamos com problemas de novos lockdown na China, com aumento de casos de coronav\u00edrus. O quadro acaba pressionando esse mercado tamb\u00e9m e a gente est\u00e1 tendo uma s\u00e9rie de restri\u00e7\u00f5es. <\/span>O governo chin\u00eas tem feito alguns boicotes diretamente neste setor&#8221;, explica o especialista sobre o impacto da China nas sider\u00fargicas e mineradoras.<\/li>\n<li>Mais: a alta volatilidade nos pap\u00e9is foi testada tamb\u00e9m pelo cen\u00e1rio de decis\u00e3o de juros pelo <strong>Federal Reserve<\/strong>\u00a0nesta quarta-feira, com uma avers\u00e3o maior ao risco.<\/li>\n<li>A queda nas <strong>a\u00e7\u00f5es da CSN<\/strong> pode ser motivada tamb\u00e9m, na vis\u00e3o da Ativa Investimentos, pela decis\u00e3o do Cade nesta quarta, que aprovou o despacho em que d\u00e1 prazo indeterminado para a CSN vender as a\u00e7\u00f5es que tem na Usiminas<strong>.<\/strong><\/li>\n<li>O Cade manteve a proibi\u00e7\u00e3o de que a sider\u00fargica compre novas <strong>a\u00e7\u00f5es da Usiminas <\/strong>e proibiu a empresa de exercer direitos pol\u00edticos na Usiminas e de alugar suas a\u00e7\u00f5es para terceiros.<\/li>\n<li>A decis\u00e3o foi negativa para a empresa, diz a Ativa, pois tamb\u00e9m reduziu sua influ\u00eancia sobre um rival competitivo.<\/li>\n<li>&#8220;Nos parece uma not\u00edcia negativa [para a <strong>CSN<\/strong>], que, inclusive, pode estar motivando maior queda desta no preg\u00e3o de hoje&#8221;, conclui a Ativa.<\/li>\n<\/ul>\n\t<p>\n\t\t<a href=\"https:\/\/lp.suno.com.br\/planilha-da-vida-financeira\/\" target=\"_blank\" data-element=\"shortcode-suno-banner\" title=\"Banner SUNO, clique e saiba mais\">\n\t\t\t<picture>\n\t\t\t\t<source media=\"(max-width: 500px)\" srcset=\"https:\/\/files.sunoresearch.com.br\/n\/uploads\/2023\/04\/400x300-Planilha-vida-financeira-true.png\">\n\t\t\t\t<img class=\"newsContent__article__imgCapa newsContent__article__imgCapa--banner\"\n\t\t\t\t\tsrc=\"https:\/\/files.sunoresearch.com.br\/n\/uploads\/2023\/04\/1420x240-Planilha-vida-financeira-true.png\"\n\t\t\t\t\tdata-promo-id=\"106682\"\t\t\t\t\t\t\t\t\t\twidth='1420' height='240'\t\t\t\t\talt=\"https:\/\/files.sunoresearch.com.br\/n\/uploads\/2023\/04\/1420x240-Planilha-vida-financeira-true.png\"\n\t\t\t\t>\n\t\t\t<\/picture>\n\t\t<\/a>\n\t<\/p>\n\n\n<h2>Nubank (NUBR33): Dinheiro &#8216;sumiu&#8217; da Caixinha? Entenda o motivo<\/h2>\n<ul>\n<li>Anunciada em julho, a Caixinha do <strong>Nubank<\/strong> (<a class=\"suno-keyword\" href=\"https:\/\/www.suno.com.br\/bdrs\/nubr33\/\" target=\"_blank\" rel=\"noopener\" data-force=\"yes\" data-priority=\"2\">NUBR33<\/a>) teve ades\u00e3o de diversos correntistas que optaram por poupar dinheiro investindo com a modalidade. Contudo, sendo uma novidade para os usu\u00e1rios do banco, queixas t\u00eam sido feitas via redes sociais ou por sites de reclama\u00e7\u00e3o alegando problemas na visualiza\u00e7\u00e3o do saldo ou na realiza\u00e7\u00e3o do resgate do dinheiro.<\/li>\n<li>Como exemplo, <a href=\"https:\/\/twitter.com\/metapraxe\/status\/1565655255425159168\">um usu\u00e1rio relatou, em sua conta no Twitter<\/a>, ter testado o investimento na\u00a0<strong>caixinha do Nubank<\/strong> colocando cerca de R$ 100. Ao n\u00e3o conseguir usar o bot\u00e3o de resgate de imediato, optou por excluir a caixinha. Os R$ 100 sumiram em vez de retornarem ao saldo da conta.<\/li>\n<li>Em seguida, o usu\u00e1rio mostrou que o atendimento online via chat conseguiu &#8216;recuperar&#8217; o dinheiro da caixinha, mas somente ap\u00f3s o contato com o servi\u00e7o de atendimento ao cliente da empresa.<\/li>\n<li>Outros usu\u00e1rios tamb\u00e9m contaram que o <strong>dinheiro da caixinha sumiu<\/strong> em contextos diferentes. Apesar de os valores terem sido devolvidos, tamb\u00e9m foi necess\u00e1rio o contato com o servi\u00e7o de atendimento ao cliente do Nubank.<\/li>\n<li>&#8220;Alguns amigos meus est\u00e3o com problemas numa tal de &#8216;caixinha&#8217; do @Nubank, pois ela sumiu na nova atualiza\u00e7\u00e3o do app. Algu\u00e9m sabe o que aconteceu?&#8221;, <a href=\"https:\/\/twitter.com\/SeuIlha\/status\/1570413634920108032\">escreveu um usu\u00e1rio no seu Twitter<\/a>.<\/li>\n<li>Em alguns casos, o problema pode ter ocorrido por causa de instabilidade. Nas primeiras semanas de setembro, em algumas postagens no ReclameAQUI, a empresa respondeu que passou por instabilidade em seus sistemas, provocando algumas falhas na hora de visualizar o dinheiro depositado na caixinha.<\/li>\n<li>&#8220;Explicamos que passamos por uma breve instabilidade, menos de 1 hora, na visualiza\u00e7\u00e3o das Caixinhas pelo app. Assim que notamos, nossa equipe trabalhou rapidamente para regularizar. Mas fique tranquilo, isto n\u00e3o alterou em nada os valores guardados e a sua rentabilidade&#8221;, disse o banco, em resposta a um usu\u00e1rio que reivindicou um aporte que havia &#8216;sumido&#8217; da sua conta.<\/li>\n<li>Al\u00e9m disso, outros <strong>problemas com a Caixinha do Nubank<\/strong> s\u00e3o operacionais, ou tiveram a ver com alguma funcionalidade que foi mal compreendida pelo correntista.<\/li>\n<li>O <strong>investimento na caixinha<\/strong>, conforme explicado pelo pr\u00f3prio banco em comunicado, n\u00e3o disponibiliza o valor resgatado de imediato. Por exemplo: se voc\u00ea tiver guardado R$ 1 mil e desejar sacar esse valor em uma sexta \u00e0 noite, pode ter o valor em m\u00e3os somente na segunda pela manh\u00e3.<\/li>\n<li>Isso porque o banco prev\u00ea at\u00e9 um dia \u00fatil para liquida\u00e7\u00e3o.<\/li>\n<li>&#8220;Esses produtos possuem baixo risco e <a href=\"https:\/\/www.suno.com.br\/artigos\/liquidez\/\">alta liquidez<\/a>, ou seja, voc\u00ea pode resgat\u00e1-los quando precisar, e os valores ficam dispon\u00edveis na sua conta em at\u00e9 um dia \u00fatil&#8221;, disse o Nubank, ao anunciar a novidade em meados de julho.<\/li>\n<li>Por fim, alguns casos podem apresentar problemas em virtude de uma confus\u00e3o na hora de visualizar o investimento em si.<\/li>\n<li>Dentro do <strong>aplicativo do Nubank<\/strong>, a caixinha fica dentro da aba de planejamento, junto com outros dados de outros aportes em outros ativos. Deste modo, alguns usu\u00e1rios podem ter tido problemas simplesmente por n\u00e3o encontrarem o saldo do aporte dentro do app.<\/li>\n<li>&#8220;Para visualizar as Caixinhas e realizar as movimenta\u00e7\u00f5es, no seu aplicativo, voc\u00ea precisa clicar no \u00edcone Planejamento Cifr\u00e3o $. L\u00e1 se encontram todos os dados relacionados \u00e0 investimentos, seguros, etc, assim poder\u00e1 visualizar e movimentar&#8221;, explicou o banco, em resposta a outro usu\u00e1rio.<\/li>\n<li>Em resposta \u00e0 reportagem, o <strong>Nubank<\/strong> relatou que os casos mencionados foram pontuais e rapidamente solucionados.<\/li>\n<li>&#8220;Os recursos financeiros dos clientes est\u00e3o investidos e dispon\u00edveis. Na primeira semana de setembro, uma semana ap\u00f3s anunciar a disponibilidade das Caixinhas para toda a sua base de usu\u00e1rios no Brasil, o Nubank chegou \u00e0 marca de mais de 1,7 milh\u00e3o de clientes ativos que aderiram ao recurso de organiza\u00e7\u00e3o e planejamento financeiro, com mais de 2,2 milh\u00f5es de Caixinhas criadas. Em caso de d\u00favidas, os canais de atendimento ao cliente est\u00e3o dispon\u00edveis 24 horas por dia para informa\u00e7\u00f5es&#8221;, disse o banco digital, em nota enviada ao Suno Not\u00edcias.<\/li>\n<li>Anunciada em julho, a funcionalidade prev\u00ea &#8216;caixinhas&#8217; separadas por objetivo, para que o correntista consiga realizar um aporte visando um objetivo &#8211; como uma viagem, ou um carro novo.<\/li>\n<li>A \u2018meta\u2019 da modalidade de aporte na fintech \u00e9 bater o\u00a0<a href=\"https:\/\/www.suno.com.br\/guias\/cdi\/\">CDI (Certificado de Dep\u00f3sito Interbanc\u00e1rio)<\/a> desde o primeiro dep\u00f3sito e dar estimativas de quanto tempo ser\u00e1 poss\u00edvel alcan\u00e7ar a meta com um determinado aporte frequente.<\/li>\n<li>Os investimentos da caixinha s\u00e3o pr\u00e9-selecionados com base no perfil do investidor, mas s\u00e3o centrados em ativos de alta liquidez do pr\u00f3prio Nubank:<\/li>\n<li><a href=\"https:\/\/www.suno.com.br\/artigos\/rdb\/\">RDB (Recibo de Dep\u00f3sito Banc\u00e1rio)<\/a> do Nubank, um t\u00edtulo de renda fixa privado que rende 100% do CDI<\/li>\n<li>Fundo Nu Reserva Imediata, um produto do pr\u00f3prio banco que mescla\u00a0<a href=\"https:\/\/www.suno.com.br\/guias\/investimento-renda-fixa\/\">t\u00edtulos de renda fixa<\/a><\/li>\n<li>\u201cJ\u00e1 fazia bastante tempo que nossos clientes nos pediam uma solu\u00e7\u00e3o para guardar e separar dinheiro. Ent\u00e3o, come\u00e7amos a desenvolver a ideia at\u00e9 chegarmos a este modelo\u201d, disse\u00a0<strong><a class=\"suno-keyword\" href=\"https:\/\/www.suno.com.br\/tudo-sobre\/cristina-junqueira\/\" target=\"_blank\" rel=\"noopener\" data-force=\"no\" data-priority=\"2\">Cristina Junqueira<\/a><\/strong>, cofundadora do Nubank, em comunicado, \u00e0 \u00e9poca.<\/li>\n<li>O servi\u00e7o do <strong>Nubank<\/strong>, vale destacar, \u00e9 similar, por exemplo, ao de concorrentes como Neon (fintech controlada pelo Banco Votorantim) que oferece investimentos no CDI ou <a href=\"https:\/\/www.suno.com.br\/guias\/cdb\/\">CDB<\/a> e possibilita ao correntista visualizar o tempo que demorar\u00e1 para alcan\u00e7ar uma determinada meta.<\/li>\n<\/ul>\n\t<p>\n\t\t<a href=\"https:\/\/lp.suno.com.br\/ebook-como-analisar-uma-acao\/\" target=\"_blank\" data-element=\"shortcode-suno-banner\" title=\"Banner SUNO, clique e saiba mais\">\n\t\t\t<picture>\n\t\t\t\t<source media=\"(max-width: 500px)\" srcset=\"https:\/\/files.sunoresearch.com.br\/n\/uploads\/2023\/03\/Ebook-Acoes-Mobile-1.jpg\">\n\t\t\t\t<img class=\"newsContent__article__imgCapa newsContent__article__imgCapa--banner\"\n\t\t\t\t\tsrc=\"https:\/\/files.sunoresearch.com.br\/n\/uploads\/2023\/03\/Ebook-Acoes-Desktop-1.jpg\"\n\t\t\t\t\tdata-promo-id=\"171998\"\t\t\t\t\t\t\t\t\t\twidth='1420' height='286'\t\t\t\t\talt=\"https:\/\/files.sunoresearch.com.br\/n\/uploads\/2023\/03\/Ebook-Acoes-Desktop-1.jpg\"\n\t\t\t\t>\n\t\t\t<\/picture>\n\t\t<\/a>\n\t<\/p>\n\n\n<h2>Walmart (WALM34) contratar\u00e1 menos para temporada de compras<\/h2>\n<ul>\n<li>Nesta quarta-feira (22), o <strong>Walmart,<\/strong> gigante de departamentos dos Estados Unidos, disse que pretende contratar cerca de 40 mil pessoas, em sua maioria trabalhadores sazonais, para a temporada de compras dos Estados Unidos, al\u00e9m de oferecer aos atuais empregados horas extras antes de preencher vagas. No ano passado, o Walmart previa admitir cerca de 150 mil funcion\u00e1rios permanentes e para os feriados.<\/li>\n<li>A mudan\u00e7a no maior empregador privado dos<strong> EUA<\/strong> \u00e9 um sinal de redu\u00e7\u00e3o na demanda por alguns produtos, com pre\u00e7os mais altos e or\u00e7amentos apertados, o que afeta as contrata\u00e7\u00f5es de empresas como o Walmart.<\/li>\n<li>Muitas varejistas no pa\u00eds come\u00e7am a temporada de feriados com muito estoque, uma perspectiva de vendas modestas e lucros pressionados, com menor demanda por alguns itens desejados na pandemia.<\/li>\n<li>As varejistas d\u00e3o grandes descontos em alguns itens, para ganhar espa\u00e7o para itens novos e tamb\u00e9m para cortar custos com estoque.<\/li>\n<li>N\u00e3o \u00e9 s\u00f3 o Walmart que reviu metas de contrata\u00e7\u00f5es. Este m\u00eas, o executivo-chefe da<strong> Amazon (AMZO34)<\/strong>, Andy Jassy, disse que a empresa pretende desacelerar contrata\u00e7\u00f5es neste ano.<\/li>\n<li>A Amazon (AMZO34), gigante de e-commerce internacional, abriu 11 novos centros de distribui\u00e7\u00e3o no Brasil nos \u00faltimos dois anos. As informa\u00e7\u00f5es s\u00e3o do Valor Econ\u00f4mico.<\/li>\n<li>Em 2020, a Amazon tinha apenas um centro de distribui\u00e7\u00e3o, ou seja, o n\u00famero cresceu 1100% desde ent\u00e3o, para 12 centros de distribui\u00e7\u00e3o. Os tamanhos est\u00e3o entre 30 mil e 50 mil metros quadrados, distribu\u00eddos em sete estados.<\/li>\n<li>Centros de distribui\u00e7\u00e3o, em suma, s\u00e3o unidades em que ficam armazenadas as mercadorias que chegam das f\u00e1bricas, para serem distribu\u00eddas nos pontos de venda.<\/li>\n<li>A mercadoria adquirida atrav\u00e9s do e-commerce da Amazon pode acabar ficando em um centro de distribui\u00e7\u00e3o da varejista antes de ser entregue na sua casa.<\/li>\n<li>A maior quantidade de centros de distribui\u00e7\u00e3o auxilia a Amazon na sua opera\u00e7\u00e3o log\u00edstica, abrangendo mais regi\u00f5es no Brasil e com posi\u00e7\u00f5es mais estrat\u00e9gicas. Assim, os produtos acabam chegando em menores prazos de tempo nos domic\u00edlios.<\/li>\n<li>Os BDRs do <strong>Walmart<\/strong> fecharam com alta de 1,44%, nesta quarta-feira (21), cotadas a R$ 43,53.<\/li>\n<li class=\"newsProviderSignature\"><em>(Com informa\u00e7\u00f5es do Estad\u00e3o Conte\u00fado)<\/em><\/li>\n<\/ul>\n<p>Do <strong>IRB<\/strong>\u00a0ao Walmart, essas foram as empresas que se destacaram hoje. Para ler todas as mat\u00e9rias <b data-stringify-type=\"bold\"><a class=\"c-link\" tabindex=\"-1\" href=\"https:\/\/www.suno.com.br\/noticias\/\" target=\"_blank\" rel=\"noopener noreferrer\" data-stringify-link=\"https:\/\/www.suno.com.br\/noticias\/\" data-sk=\"tooltip_parent\" data-remove-tab-index=\"true\">clique aqui<\/a><\/b>.<\/p>\n\t<p>\n\t\t<a href=\"https:\/\/lp.suno.com.br\/planilha-de-controle-de-investimentos\/\" target=\"_blank\" data-element=\"shortcode-suno-banner\" title=\"Banner SUNO, clique e saiba mais\">\n\t\t\t<picture>\n\t\t\t\t<source media=\"(max-width: 500px)\" srcset=\"https:\/\/files.sunoresearch.com.br\/n\/uploads\/2023\/03\/400x300-Controle-de-Investimentos.png\">\n\t\t\t\t<img class=\"newsContent__article__imgCapa newsContent__article__imgCapa--banner\"\n\t\t\t\t\tsrc=\"https:\/\/files.sunoresearch.com.br\/n\/uploads\/2023\/03\/1420x240-Controle-de-Investimentos.png\"\n\t\t\t\t\tdata-promo-id=\"75934\"\t\t\t\t\t\t\t\t\t\twidth='1420' height='240'\t\t\t\t\talt=\"https:\/\/files.sunoresearch.com.br\/n\/uploads\/2023\/03\/1420x240-Controle-de-Investimentos.png\"\n\t\t\t\t>\n\t\t\t<\/picture>\n\t\t<\/a>\n\t<\/p>\n\n\n","protected":false},"excerpt":{"rendered":"<p>O IRB Brasil\u00a0(IRBR3)\u00a0comunicou nesta quarta-feira (21) que registrou um preju\u00edzo de R$ 58,9 milh\u00f5es em julho, ante as perdas de R$ 97,6 milh\u00f5es no mesmo per\u00edodo de 2021. IRB (IRBR3). Foto: Divulga\u00e7\u00e3o Nos primeiros sete meses de 2022, o preju\u00edzo l\u00edquido acumulado foi de R$ 351,7 milh\u00f5es, ante um preju\u00edzo l\u00edquido na mesma \u00e9poca em [&hellip;]<\/p>\n","protected":false},"author":194,"featured_media":299856,"comment_status":"closed","ping_status":"closed","sticky":false,"template":"","format":"standard","meta":[],"categories":[64],"tags":[106932,106070,407,1388,521,848,675],"suno_strategy":[],"class_list":["post-300560","post","type-post","status-publish","format-standard","has-post-thumbnail","hentry","category-negocios","tag-azul-azul4","tag-blau-farmaceutica-blau3","tag-ccr-ccro3","tag-csn-csna3","tag-jbs-jbss3","tag-nubank","tag-usiminas"],"yoast_head":"<!-- This site is optimized with the Yoast SEO plugin v24.4 - https:\/\/yoast.com\/wordpress\/plugins\/seo\/ -->\n<title>Radar: IRB (IRBR3) reduz preju\u00edzo; CSN (CSNA3) e Vale (VALE3) caem forte na Bolsa, Azul (AZUL4) cria nova ponte-a\u00e9rea SP-Rio<\/title>\n<meta name=\"description\" content=\"A JBS informou que Jason Weller entrou na companhia como o Diretor Global de Sustentabilidade, CSN e Vale ca\u00edram. Leia mais.\" \/>\n<meta name=\"robots\" content=\"index, follow, max-snippet:-1, max-image-preview:large, max-video-preview:-1\" \/>\n<link rel=\"canonical\" href=\"https:\/\/www.suno.com.br\/noticias\/radar-irb-irbr3-csn-csna3-vale-vale3-azul-azul4\/\" \/>\n<meta property=\"og:locale\" content=\"pt_BR\" \/>\n<meta property=\"og:type\" content=\"article\" \/>\n<meta property=\"og:title\" content=\"Radar: IRB (IRBR3) reduz preju\u00edzo; CSN (CSNA3) e Vale (VALE3) caem forte na Bolsa, Azul (AZUL4) cria nova ponte-a\u00e9rea SP-Rio\" \/>\n<meta property=\"og:description\" content=\"A JBS informou que Jason Weller entrou na companhia como o Diretor Global de Sustentabilidade, CSN e Vale ca\u00edram. Leia mais.\" \/>\n<meta property=\"og:url\" content=\"https:\/\/www.suno.com.br\/noticias\/radar-irb-irbr3-csn-csna3-vale-vale3-azul-azul4\/\" \/>\n<meta property=\"og:site_name\" content=\"Suno Not\u00edcias\" \/>\n<meta property=\"article:publisher\" content=\"https:\/\/facebook.com\/sunoresearch\" \/>\n<meta property=\"og:image\" content=\"https:\/\/files.sunoresearch.com.br\/n\/uploads\/2022\/09\/irb.jpg\" \/>\n\t<meta property=\"og:image:width\" content=\"1252\" \/>\n\t<meta property=\"og:image:height\" content=\"804\" \/>\n\t<meta property=\"og:image:type\" content=\"image\/jpeg\" \/>\n<meta name=\"author\" content=\"Isabella Taglapietra\" \/>\n<meta name=\"twitter:card\" content=\"summary_large_image\" \/>\n<meta name=\"twitter:creator\" content=\"@sunoresearch\" \/>\n<meta name=\"twitter:site\" content=\"@sunoresearch\" \/>\n<meta name=\"twitter:label1\" content=\"Escrito por\" \/>\n\t<meta name=\"twitter:data1\" content=\"Isabella Taglapietra\" \/>\n\t<meta name=\"twitter:label2\" content=\"Est. tempo de leitura\" \/>\n\t<meta name=\"twitter:data2\" content=\"17 minutos\" \/>\n<script type=\"application\/ld+json\" class=\"yoast-schema-graph\">{\"@context\":\"https:\/\/schema.org\",\"@graph\":[{\"@type\":\"NewsArticle\",\"@id\":\"https:\/\/www.suno.com.br\/noticias\/radar-irb-irbr3-csn-csna3-vale-vale3-azul-azul4\/#article\",\"isPartOf\":{\"@id\":\"https:\/\/www.suno.com.br\/noticias\/radar-irb-irbr3-csn-csna3-vale-vale3-azul-azul4\/\"},\"author\":{\"name\":\"Isabella Taglapietra\",\"@id\":\"https:\/\/www.suno.com.br\/noticias\/#\/schema\/person\/a0be106724f6f5d705d70f04333cb249\"},\"headline\":\"Radar: IRB (IRBR3) reduz preju\u00edzo; CSN (CSNA3) e Vale (VALE3) caem forte na Bolsa, Azul (AZUL4) cria nova ponte-a\u00e9rea SP-Rio\",\"datePublished\":\"2022-09-22T01:16:18+00:00\",\"mainEntityOfPage\":{\"@id\":\"https:\/\/www.suno.com.br\/noticias\/radar-irb-irbr3-csn-csna3-vale-vale3-azul-azul4\/\"},\"wordCount\":3231,\"publisher\":{\"@id\":\"https:\/\/www.suno.com.br\/noticias\/#organization\"},\"image\":{\"@id\":\"https:\/\/www.suno.com.br\/noticias\/radar-irb-irbr3-csn-csna3-vale-vale3-azul-azul4\/#primaryimage\"},\"thumbnailUrl\":\"https:\/\/files.sunoresearch.com.br\/n\/uploads\/2022\/09\/irb.jpg\",\"keywords\":[\"Azul (AZUL4)\",\"Blau Farmac\u00eautica (BLAU3)\",\"CCR (CCRO3)\",\"CSN (CSNA3)\",\"JBS (JBSS3)\",\"Nubank (NUBR33)\",\"Usiminas\"],\"articleSection\":[\"Neg\u00f3cios\"],\"inLanguage\":\"pt-BR\"},{\"@type\":\"WebPage\",\"@id\":\"https:\/\/www.suno.com.br\/noticias\/radar-irb-irbr3-csn-csna3-vale-vale3-azul-azul4\/\",\"url\":\"https:\/\/www.suno.com.br\/noticias\/radar-irb-irbr3-csn-csna3-vale-vale3-azul-azul4\/\",\"name\":\"Radar: IRB (IRBR3) reduz preju\u00edzo; CSN (CSNA3) e Vale (VALE3) caem forte na Bolsa, Azul (AZUL4) cria nova ponte-a\u00e9rea SP-Rio\",\"isPartOf\":{\"@id\":\"https:\/\/www.suno.com.br\/noticias\/#website\"},\"primaryImageOfPage\":{\"@id\":\"https:\/\/www.suno.com.br\/noticias\/radar-irb-irbr3-csn-csna3-vale-vale3-azul-azul4\/#primaryimage\"},\"image\":{\"@id\":\"https:\/\/www.suno.com.br\/noticias\/radar-irb-irbr3-csn-csna3-vale-vale3-azul-azul4\/#primaryimage\"},\"thumbnailUrl\":\"https:\/\/files.sunoresearch.com.br\/n\/uploads\/2022\/09\/irb.jpg\",\"datePublished\":\"2022-09-22T01:16:18+00:00\",\"description\":\"A JBS informou que Jason Weller entrou na companhia como o Diretor Global de Sustentabilidade, CSN e Vale ca\u00edram. Leia mais.\",\"breadcrumb\":{\"@id\":\"https:\/\/www.suno.com.br\/noticias\/radar-irb-irbr3-csn-csna3-vale-vale3-azul-azul4\/#breadcrumb\"},\"inLanguage\":\"pt-BR\",\"potentialAction\":[{\"@type\":\"ReadAction\",\"target\":[\"https:\/\/www.suno.com.br\/noticias\/radar-irb-irbr3-csn-csna3-vale-vale3-azul-azul4\/\"]}]},{\"@type\":\"ImageObject\",\"inLanguage\":\"pt-BR\",\"@id\":\"https:\/\/www.suno.com.br\/noticias\/radar-irb-irbr3-csn-csna3-vale-vale3-azul-azul4\/#primaryimage\",\"url\":\"https:\/\/files.sunoresearch.com.br\/n\/uploads\/2022\/09\/irb.jpg\",\"contentUrl\":\"https:\/\/files.sunoresearch.com.br\/n\/uploads\/2022\/09\/irb.jpg\",\"width\":1252,\"height\":804,\"caption\":\"IRB (IRBR3). Foto: Divulga\u00e7\u00e3o\"},{\"@type\":\"BreadcrumbList\",\"@id\":\"https:\/\/www.suno.com.br\/noticias\/radar-irb-irbr3-csn-csna3-vale-vale3-azul-azul4\/#breadcrumb\",\"itemListElement\":[{\"@type\":\"ListItem\",\"position\":1,\"name\":\"Not\u00edcias\",\"item\":\"https:\/\/www.suno.com.br\/noticias\/\"},{\"@type\":\"ListItem\",\"position\":2,\"name\":\"Neg\u00f3cios\",\"item\":\"https:\/\/www.suno.com.br\/noticias\/negocios\/\"},{\"@type\":\"ListItem\",\"position\":3,\"name\":\"Radar: IRB (IRBR3) reduz preju\u00edzo; CSN (CSNA3) e Vale (VALE3) caem forte na Bolsa, Azul (AZUL4) cria nova ponte-a\u00e9rea SP-Rio\"}]},{\"@type\":\"WebSite\",\"@id\":\"https:\/\/www.suno.com.br\/noticias\/#website\",\"url\":\"https:\/\/www.suno.com.br\/noticias\/\",\"name\":\"Suno Not\u00edcias\",\"description\":\"Seu portal de informa\u00e7\u00e3o sobre o mundo dos investimentos\",\"publisher\":{\"@id\":\"https:\/\/www.suno.com.br\/noticias\/#organization\"},\"potentialAction\":[{\"@type\":\"SearchAction\",\"target\":{\"@type\":\"EntryPoint\",\"urlTemplate\":\"https:\/\/www.suno.com.br\/noticias\/?s={search_term_string}\"},\"query-input\":{\"@type\":\"PropertyValueSpecification\",\"valueRequired\":true,\"valueName\":\"search_term_string\"}}],\"inLanguage\":\"pt-BR\"},{\"@type\":\"Organization\",\"@id\":\"https:\/\/www.suno.com.br\/noticias\/#organization\",\"name\":\"Suno Not\u00edcias\",\"url\":\"https:\/\/www.suno.com.br\/noticias\/\",\"logo\":{\"@type\":\"ImageObject\",\"inLanguage\":\"pt-BR\",\"@id\":\"https:\/\/www.suno.com.br\/noticias\/#\/schema\/logo\/image\/\",\"url\":\"https:\/\/files.sunoresearch.com.br\/n\/uploads\/2021\/09\/suno-logo.png\",\"contentUrl\":\"https:\/\/files.sunoresearch.com.br\/n\/uploads\/2021\/09\/suno-logo.png\",\"width\":180,\"height\":180,\"caption\":\"Suno Not\u00edcias\"},\"image\":{\"@id\":\"https:\/\/www.suno.com.br\/noticias\/#\/schema\/logo\/image\/\"},\"sameAs\":[\"https:\/\/facebook.com\/sunoresearch\",\"https:\/\/x.com\/sunoresearch\",\"https:\/\/www.instagram.com\/suno\",\"https:\/\/www.linkedin.com\/company\/suno-research\/\",\"https:\/\/www.youtube.com\/c\/sunoresearch\"]},{\"@type\":\"Person\",\"@id\":\"https:\/\/www.suno.com.br\/noticias\/#\/schema\/person\/a0be106724f6f5d705d70f04333cb249\",\"name\":\"Isabella Taglapietra\",\"image\":{\"@type\":\"ImageObject\",\"inLanguage\":\"pt-BR\",\"@id\":\"https:\/\/www.suno.com.br\/noticias\/#\/schema\/person\/image\/\",\"url\":\"https:\/\/secure.gravatar.com\/avatar\/089c9e06b71de293117116aaf339e22f?s=96&r=g\",\"contentUrl\":\"https:\/\/secure.gravatar.com\/avatar\/089c9e06b71de293117116aaf339e22f?s=96&r=g\",\"caption\":\"Isabella Taglapietra\"},\"description\":\"Rep\u00f3rter freelancer no Suno Not\u00edcias, cobre not\u00edcias di\u00e1rias sobre economia, balan\u00e7os trimestrais e pesquisas. Formada em jornalismo pela Faculdade C\u00e1sper L\u00edbero e p\u00f3s-graduanda em mercado de capitais pela Fecap, atuou como rep\u00f3rter de economia e finan\u00e7as no portal CRC!News e Elas que Lucrem, al\u00e9m de social media para empresas do mercado financeiro.\",\"url\":\"https:\/\/www.suno.com.br\/noticias\/author\/isabella-taglapietra\/\"}]}<\/script>\n<!-- \/ Yoast SEO plugin. -->","yoast_head_json":{"title":"Radar: IRB (IRBR3) reduz preju\u00edzo; CSN (CSNA3) e Vale (VALE3) caem forte na Bolsa, Azul (AZUL4) cria nova ponte-a\u00e9rea SP-Rio","description":"A JBS informou que Jason Weller entrou na companhia como o Diretor Global de Sustentabilidade, CSN e Vale ca\u00edram. Leia mais.","robots":{"index":"index","follow":"follow","max-snippet":"max-snippet:-1","max-image-preview":"max-image-preview:large","max-video-preview":"max-video-preview:-1"},"canonical":"https:\/\/www.suno.com.br\/noticias\/radar-irb-irbr3-csn-csna3-vale-vale3-azul-azul4\/","og_locale":"pt_BR","og_type":"article","og_title":"Radar: IRB (IRBR3) reduz preju\u00edzo; CSN (CSNA3) e Vale (VALE3) caem forte na Bolsa, Azul (AZUL4) cria nova ponte-a\u00e9rea SP-Rio","og_description":"A JBS informou que Jason Weller entrou na companhia como o Diretor Global de Sustentabilidade, CSN e Vale ca\u00edram. Leia mais.","og_url":"https:\/\/www.suno.com.br\/noticias\/radar-irb-irbr3-csn-csna3-vale-vale3-azul-azul4\/","og_site_name":"Suno Not\u00edcias","article_publisher":"https:\/\/facebook.com\/sunoresearch","og_image":[{"width":1252,"height":804,"url":"https:\/\/files.sunoresearch.com.br\/n\/uploads\/2022\/09\/irb.jpg","type":"image\/jpeg"}],"author":"Isabella Taglapietra","twitter_card":"summary_large_image","twitter_creator":"@sunoresearch","twitter_site":"@sunoresearch","twitter_misc":{"Escrito por":"Isabella Taglapietra","Est. tempo de leitura":"17 minutos"},"schema":{"@context":"https:\/\/schema.org","@graph":[{"@type":"NewsArticle","@id":"https:\/\/www.suno.com.br\/noticias\/radar-irb-irbr3-csn-csna3-vale-vale3-azul-azul4\/#article","isPartOf":{"@id":"https:\/\/www.suno.com.br\/noticias\/radar-irb-irbr3-csn-csna3-vale-vale3-azul-azul4\/"},"author":{"name":"Isabella Taglapietra","@id":"https:\/\/www.suno.com.br\/noticias\/#\/schema\/person\/a0be106724f6f5d705d70f04333cb249"},"headline":"Radar: IRB (IRBR3) reduz preju\u00edzo; CSN (CSNA3) e Vale (VALE3) caem forte na Bolsa, Azul (AZUL4) cria nova ponte-a\u00e9rea SP-Rio","datePublished":"2022-09-22T01:16:18+00:00","mainEntityOfPage":{"@id":"https:\/\/www.suno.com.br\/noticias\/radar-irb-irbr3-csn-csna3-vale-vale3-azul-azul4\/"},"wordCount":3231,"publisher":{"@id":"https:\/\/www.suno.com.br\/noticias\/#organization"},"image":{"@id":"https:\/\/www.suno.com.br\/noticias\/radar-irb-irbr3-csn-csna3-vale-vale3-azul-azul4\/#primaryimage"},"thumbnailUrl":"https:\/\/files.sunoresearch.com.br\/n\/uploads\/2022\/09\/irb.jpg","keywords":["Azul (AZUL4)","Blau Farmac\u00eautica (BLAU3)","CCR (CCRO3)","CSN (CSNA3)","JBS (JBSS3)","Nubank (NUBR33)","Usiminas"],"articleSection":["Neg\u00f3cios"],"inLanguage":"pt-BR"},{"@type":"WebPage","@id":"https:\/\/www.suno.com.br\/noticias\/radar-irb-irbr3-csn-csna3-vale-vale3-azul-azul4\/","url":"https:\/\/www.suno.com.br\/noticias\/radar-irb-irbr3-csn-csna3-vale-vale3-azul-azul4\/","name":"Radar: IRB (IRBR3) reduz preju\u00edzo; CSN (CSNA3) e Vale (VALE3) caem forte na Bolsa, Azul (AZUL4) cria nova ponte-a\u00e9rea SP-Rio","isPartOf":{"@id":"https:\/\/www.suno.com.br\/noticias\/#website"},"primaryImageOfPage":{"@id":"https:\/\/www.suno.com.br\/noticias\/radar-irb-irbr3-csn-csna3-vale-vale3-azul-azul4\/#primaryimage"},"image":{"@id":"https:\/\/www.suno.com.br\/noticias\/radar-irb-irbr3-csn-csna3-vale-vale3-azul-azul4\/#primaryimage"},"thumbnailUrl":"https:\/\/files.sunoresearch.com.br\/n\/uploads\/2022\/09\/irb.jpg","datePublished":"2022-09-22T01:16:18+00:00","description":"A JBS informou que Jason Weller entrou na companhia como o Diretor Global de Sustentabilidade, CSN e Vale ca\u00edram. Leia mais.","breadcrumb":{"@id":"https:\/\/www.suno.com.br\/noticias\/radar-irb-irbr3-csn-csna3-vale-vale3-azul-azul4\/#breadcrumb"},"inLanguage":"pt-BR","potentialAction":[{"@type":"ReadAction","target":["https:\/\/www.suno.com.br\/noticias\/radar-irb-irbr3-csn-csna3-vale-vale3-azul-azul4\/"]}]},{"@type":"ImageObject","inLanguage":"pt-BR","@id":"https:\/\/www.suno.com.br\/noticias\/radar-irb-irbr3-csn-csna3-vale-vale3-azul-azul4\/#primaryimage","url":"https:\/\/files.sunoresearch.com.br\/n\/uploads\/2022\/09\/irb.jpg","contentUrl":"https:\/\/files.sunoresearch.com.br\/n\/uploads\/2022\/09\/irb.jpg","width":1252,"height":804,"caption":"IRB (IRBR3). Foto: Divulga\u00e7\u00e3o"},{"@type":"BreadcrumbList","@id":"https:\/\/www.suno.com.br\/noticias\/radar-irb-irbr3-csn-csna3-vale-vale3-azul-azul4\/#breadcrumb","itemListElement":[{"@type":"ListItem","position":1,"name":"Not\u00edcias","item":"https:\/\/www.suno.com.br\/noticias\/"},{"@type":"ListItem","position":2,"name":"Neg\u00f3cios","item":"https:\/\/www.suno.com.br\/noticias\/negocios\/"},{"@type":"ListItem","position":3,"name":"Radar: IRB (IRBR3) reduz preju\u00edzo; CSN (CSNA3) e Vale (VALE3) caem forte na Bolsa, Azul (AZUL4) cria nova ponte-a\u00e9rea SP-Rio"}]},{"@type":"WebSite","@id":"https:\/\/www.suno.com.br\/noticias\/#website","url":"https:\/\/www.suno.com.br\/noticias\/","name":"Suno Not\u00edcias","description":"Seu portal de informa\u00e7\u00e3o sobre o mundo dos investimentos","publisher":{"@id":"https:\/\/www.suno.com.br\/noticias\/#organization"},"potentialAction":[{"@type":"SearchAction","target":{"@type":"EntryPoint","urlTemplate":"https:\/\/www.suno.com.br\/noticias\/?s={search_term_string}"},"query-input":{"@type":"PropertyValueSpecification","valueRequired":true,"valueName":"search_term_string"}}],"inLanguage":"pt-BR"},{"@type":"Organization","@id":"https:\/\/www.suno.com.br\/noticias\/#organization","name":"Suno Not\u00edcias","url":"https:\/\/www.suno.com.br\/noticias\/","logo":{"@type":"ImageObject","inLanguage":"pt-BR","@id":"https:\/\/www.suno.com.br\/noticias\/#\/schema\/logo\/image\/","url":"https:\/\/files.sunoresearch.com.br\/n\/uploads\/2021\/09\/suno-logo.png","contentUrl":"https:\/\/files.sunoresearch.com.br\/n\/uploads\/2021\/09\/suno-logo.png","width":180,"height":180,"caption":"Suno Not\u00edcias"},"image":{"@id":"https:\/\/www.suno.com.br\/noticias\/#\/schema\/logo\/image\/"},"sameAs":["https:\/\/facebook.com\/sunoresearch","https:\/\/x.com\/sunoresearch","https:\/\/www.instagram.com\/suno","https:\/\/www.linkedin.com\/company\/suno-research\/","https:\/\/www.youtube.com\/c\/sunoresearch"]},{"@type":"Person","@id":"https:\/\/www.suno.com.br\/noticias\/#\/schema\/person\/a0be106724f6f5d705d70f04333cb249","name":"Isabella Taglapietra","image":{"@type":"ImageObject","inLanguage":"pt-BR","@id":"https:\/\/www.suno.com.br\/noticias\/#\/schema\/person\/image\/","url":"https:\/\/secure.gravatar.com\/avatar\/089c9e06b71de293117116aaf339e22f?s=96&r=g","contentUrl":"https:\/\/secure.gravatar.com\/avatar\/089c9e06b71de293117116aaf339e22f?s=96&r=g","caption":"Isabella Taglapietra"},"description":"Rep\u00f3rter freelancer no Suno Not\u00edcias, cobre not\u00edcias di\u00e1rias sobre economia, balan\u00e7os trimestrais e pesquisas. Formada em jornalismo pela Faculdade C\u00e1sper L\u00edbero e p\u00f3s-graduanda em mercado de capitais pela Fecap, atuou como rep\u00f3rter de economia e finan\u00e7as no portal CRC!News e Elas que Lucrem, al\u00e9m de social media para empresas do mercado financeiro.","url":"https:\/\/www.suno.com.br\/noticias\/author\/isabella-taglapietra\/"}]}},"default_loop_html":"<div class=\"cardsPage__listCard__boxs\"><div class=\"cardsPage__listCard__boxs__img\"><a href=\"https:\/\/www.suno.com.br\/noticias\/radar-irb-irbr3-csn-csna3-vale-vale3-azul-azul4\/\"><img class=\"mask\" src=\"https:\/\/www.suno.com.br\/noticias\/wp-content\/themes\/suno\/resources\/images\/spotlight\/spotlight1img\/bg-mask.png\" alt=\"Image Mask\"\/><img src=\"https:\/\/files.sunoresearch.com.br\/n\/uploads\/2022\/09\/irb-400x200.jpg\" alt=\"Radar: IRB (IRBR3) reduz preju\u00edzo; CSN (CSNA3) e Vale (VALE3) caem forte na Bolsa, Azul (AZUL4) cria nova ponte-a\u00e9rea SP-Rio\"\/><\/a><span class=\"spotlightCategory\"><a href=\"https:\/\/www.suno.com.br\/noticias\/negocios\/\">Neg\u00f3cios<\/a><\/span><\/div><div class=\"cardsPage__listCard__boxs__content\"><a href=\"https:\/\/www.suno.com.br\/noticias\/radar-irb-irbr3-csn-csna3-vale-vale3-azul-azul4\/\"><h2 class=\"content__title\">Radar: IRB (IRBR3) reduz preju\u00edzo; CSN (CSNA3) e Vale (VALE3) caem forte na Bolsa, Azul (AZUL4) cria nova ponte-a\u00e9rea SP-Rio<\/h2><\/a><div class=\"newsContent__article__meta\"><div class=\"newsContent__article__meta__authorBox\"><a href=\"https:\/\/www.suno.com.br\/noticias\/author\/isabella-taglapietra\/\" class=\"authorBox__avatar noMobi\"><img src=\"https:\/\/files.sunoresearch.com.br\/n\/uploads\/2022\/08\/WhatsApp-Image-2022-08-04-at-12.40.27-150x150.jpeg\" alt=\"Isabella Taglapietra\"><\/a><div class=\"authorBox__name\"><span>por\n\t\t\t<a href=\"https:\/\/www.suno.com.br\/noticias\/author\/isabella-taglapietra\/\"><span itemprop=\"author\">Isabella Taglapietra<\/span><\/a><\/span><time datetime=\"2022-09-21T22:16:18-03:00\" itemprop=\"datePublished\">21\/09\/2022 22:16<\/time><\/div><\/div><\/div><\/div><\/div>","single_layout":"posts","amp_enabled":true,"_links":{"self":[{"href":"https:\/\/www.suno.com.br\/noticias\/wp-json\/wp\/v2\/posts\/300560"}],"collection":[{"href":"https:\/\/www.suno.com.br\/noticias\/wp-json\/wp\/v2\/posts"}],"about":[{"href":"https:\/\/www.suno.com.br\/noticias\/wp-json\/wp\/v2\/types\/post"}],"author":[{"embeddable":true,"href":"https:\/\/www.suno.com.br\/noticias\/wp-json\/wp\/v2\/users\/194"}],"replies":[{"embeddable":true,"href":"https:\/\/www.suno.com.br\/noticias\/wp-json\/wp\/v2\/comments?post=300560"}],"version-history":[{"count":3,"href":"https:\/\/www.suno.com.br\/noticias\/wp-json\/wp\/v2\/posts\/300560\/revisions"}],"predecessor-version":[{"id":300623,"href":"https:\/\/www.suno.com.br\/noticias\/wp-json\/wp\/v2\/posts\/300560\/revisions\/300623"}],"wp:featuredmedia":[{"embeddable":true,"href":"https:\/\/www.suno.com.br\/noticias\/wp-json\/wp\/v2\/media\/299856"}],"wp:attachment":[{"href":"https:\/\/www.suno.com.br\/noticias\/wp-json\/wp\/v2\/media?parent=300560"}],"wp:term":[{"taxonomy":"category","embeddable":true,"href":"https:\/\/www.suno.com.br\/noticias\/wp-json\/wp\/v2\/categories?post=300560"},{"taxonomy":"post_tag","embeddable":true,"href":"https:\/\/www.suno.com.br\/noticias\/wp-json\/wp\/v2\/tags?post=300560"},{"taxonomy":"suno_strategy","embeddable":true,"href":"https:\/\/www.suno.com.br\/noticias\/wp-json\/wp\/v2\/suno_strategy?post=300560"}],"curies":[{"name":"wp","href":"https:\/\/api.w.org\/{rel}","templated":true}]}}