{"id":30050,"date":"2019-07-04T11:46:44","date_gmt":"2019-07-04T14:46:44","guid":{"rendered":"https:\/\/www.suno.com.br\/noticias\/?p=30050"},"modified":"2019-07-04T18:45:16","modified_gmt":"2019-07-04T21:45:16","slug":"banco-inter-units-acoes","status":"publish","type":"post","link":"https:\/\/www.suno.com.br\/noticias\/banco-inter-units-acoes\/","title":{"rendered":"Banco Inter anuncia per\u00edodo de convers\u00e3o de a\u00e7\u00f5es para forma\u00e7\u00e3o de units"},"content":{"rendered":"<p>O Banco Inter (BIDI4) anunciou que o per\u00edodo do dia 8 a 15 de julho ser\u00e1 destinado a convers\u00e3o de <strong>a\u00e7\u00f5es<\/strong> do banco para a forma\u00e7\u00e3o de<strong> units<\/strong>. A aprova\u00e7\u00e3o do programa de convers\u00e3o pelo Conselho de Administra\u00e7\u00e3o foi feita na \u00faltima quarta-feira (3).<\/p>\t<div class=\"wrapper-featured-image\">\n\t\t<figure class=\"spotlightImg\">\n\n\t\t\t<picture>\n\t\t\t\t<source media=\"(max-width: 768px)\" srcset=\"https:\/\/files.sunoresearch.com.br\/n\/uploads\/2018\/12\/ecc71f31-banco-inter-400x200.webp\">\n\t\t\t\t<img loading=\"lazy\" decoding=\"async\" class=\"newsContent__article__imgCapa lazyloadDisabled newsContent__article__imgCapa--noCaption\" src=\"https:\/\/files.sunoresearch.com.br\/n\/uploads\/2018\/12\/ecc71f31-banco-inter-800x450.webp\" width=\"800\" height=\"450\" alt=\"Banco Inter anuncia per\u00edodo de convers\u00e3o de a\u00e7\u00f5es para forma\u00e7\u00e3o de units\" fetchpriority=high \/>\n\t\t\t<\/picture>\n\n\t\t\t<figcaption class=\"wp-caption-text wp-caption-text--hide\">O Banco Inter tamb\u00e9m comunicou a redu\u00e7\u00e3o da taxa do home equity<\/figcaption>\n\t\t<\/figure>\n\t<\/div>\n\n\n<p>&#8220;Para viabilizar a efetiva\u00e7\u00e3o do programa de units, ser\u00e1 facultado aos acionistas a convers\u00e3o volunt\u00e1ria de suas a\u00e7\u00f5es ordin\u00e1rias em a\u00e7\u00f5es preferenciais\/e ou a\u00e7\u00f5es preferenciais em a\u00e7\u00f5es ordin\u00e1rias, nas quantidades estritamente necess\u00e1rias para viabilizar a forma\u00e7\u00e3o das units&#8221;, informou o <strong>Banco Inter<\/strong>.<\/p>\n<p><iframe loading=\"lazy\" title=\"?Previd\u00eancia aprovada na Comiss\u00e3o da C\u00e2mara, Banco Inter converte a\u00e7\u00f5es e Macri e Bolsonaro\" width=\"200\" height=\"113\" src=\"https:\/\/www.youtube.com\/embed\/3pLxFKCyF_M?feature=oembed\" frameborder=\"0\" allow=\"accelerometer; autoplay; encrypted-media; gyroscope; picture-in-picture\" allowfullscreen><\/iframe><\/p>\n<p>Unit \u00e9 reconhecido tamb\u00e9m como certificado de dep\u00f3sito de a\u00e7\u00f5es. Conforme o fundador da casa de an\u00e1lise de <a href=\"https:\/\/www.suno.com.br\/artigos\/todo-investidor-deveria-imprimir-este-artigo-e-pendurar-na-parede-parte-1\/\">investimentos<\/a>, <a href=\"https:\/\/www.suno.com.br\/\">SUNO research<\/a>, <a href=\"https:\/\/www.youtube.com\/watch?v=FVeR_RI7f3g\">Tiago Reis<\/a>, &#8220;n\u00e3o \u00e9 uma a\u00e7\u00e3o, mas sim um &#8216;pacote&#8217; de classes de ativos, que pode ser formado por a\u00e7\u00f5es ordin\u00e1rias, preferenciais e b\u00f4nus de subscri\u00e7\u00e3o&#8221;.<\/p>\n<h2>A\u00e7\u00f5es convertidas<\/h2>\n<p>Al\u00e9m disso, o banco completa que a\u00e7\u00f5es convertidas garantir\u00e3o os mesmos direitos aos titulares.<\/p>\n<p>&#8220;As a\u00e7\u00f5es, ap\u00f3s convertidas, conferir\u00e3o a seus titulares os mesmos direitos, vantagens e restri\u00e7\u00f5es das demais a\u00e7\u00f5es de emiss\u00e3o do banco da mesma esp\u00e9cie para a qual foram convertidas, inclusive em rela\u00e7\u00e3o ao pagamento de <a href=\"https:\/\/www.suno.com.br\/dividendos\/\">dividendos<\/a>, juros sobre o capital pr\u00f3prio e quaisquer outras bonifica\u00e7\u00f5es, pagamentos ou proventos a que possam fazer jus&#8221;, disse o Banco Inter.<\/p>\n\t<p>\n\t\t<a href=\"https:\/\/lp2.suno.com.br\/cl\/black-friday-2025\/?utm_campaign=_SNCDF0E4858_\" target=\"_blank\" data-element=\"shortcode-suno-banner\" title=\"Banner SUNO, clique e saiba mais\">\n\t\t\t<picture>\n\t\t\t\t<source media=\"(max-width: 500px)\" srcset=\"https:\/\/files.sunoresearch.com.br\/n\/uploads\/2025\/10\/Artigos-e-Noticias-Banner-Home-artigos-01-Mobile_-400x300-1-png.webp\">\n\t\t\t\t<img class=\"newsContent__article__imgCapa newsContent__article__imgCapa--banner\"\n\t\t\t\t\tsrc=\"https:\/\/files.sunoresearch.com.br\/n\/uploads\/2025\/10\/Artigos-e-Noticias-Banner-Home-artigos-01-Desktop_-1420x240-1-png.webp\"\n\t\t\t\t\tdata-promo-id=\"311259\"\t\t\t\t\t\t\t\t\t\twidth='1420' height='240'\t\t\t\t\talt=\"https:\/\/files.sunoresearch.com.br\/n\/uploads\/2025\/10\/Artigos-e-Noticias-Banner-Home-artigos-01-Desktop_-1420x240-1-png.webp\"\n\t\t\t\t>\n\t\t\t<\/picture>\n\t\t<\/a>\n\t<\/p>\n\n\n<p>Para Reis, &#8220;quem procura esse tipo de investimento adquire alguns benef\u00edcios semelhantes \u00e0 a\u00e7\u00f5es ordin\u00e1rias e preferenciais, como potencial de boa rentabilidade&#8221;.<\/p>\n<h2>Banco Inter planeja desdobramento de a\u00e7\u00f5es de um para seis<\/h2>\n<p>No dia 28 de junho o banco anunciou que realizar\u00e1 o desdobramento de suas a\u00e7\u00f5es, sem mudan\u00e7as no valor do <a href=\"https:\/\/www.suno.com.br\/artigos\/capital-social\/\">capital social<\/a>. Cada a\u00e7\u00e3o ser\u00e1 desdobrada em seis ativos da mesma esp\u00e9cie do papel de origem, ap\u00f3s a aprova\u00e7\u00e3o do <a href=\"https:\/\/www.bcb.gov.br\/en\/#!\/home\">Banco Central<\/a> (BC).<\/p>\n<p><a href=\"\/\/www.suno.com.br\/noticias\/banco-inter-desdobramento-acoes\/\">Saiba Mais:\u00a0Banco Inter planeja desdobramento de a\u00e7\u00f5es de um para seis<\/a><\/p>\n<p>&#8220;As a\u00e7\u00f5es resultantes do desdobramento ser\u00e3o da mesma esp\u00e9cie das a\u00e7\u00f5es origin\u00e1rias. E, uma vez aprovado o desdobramento pelo BC do Brasil, conferir\u00e3o integralmente aos seus titulares os mesmos direitos e vantagens das a\u00e7\u00f5es atualmente existentes. Inclusive a dividendos, juros sobre capital pr\u00f3prio (JCP) e bonifica\u00e7\u00f5es&#8221;, disse <strong>Banco Inter<\/strong> em nota.<\/p>\n","protected":false},"excerpt":{"rendered":"<p>O Banco Inter (BIDI4) anunciou que o per\u00edodo do dia 8 a 15 de julho ser\u00e1 destinado a convers\u00e3o de a\u00e7\u00f5es do banco para a forma\u00e7\u00e3o de units. A aprova\u00e7\u00e3o do programa de convers\u00e3o pelo Conselho de Administra\u00e7\u00e3o foi feita na \u00faltima quarta-feira (3). O Banco Inter tamb\u00e9m comunicou a redu\u00e7\u00e3o da taxa do home [&hellip;]<\/p>\n","protected":false},"author":15,"featured_media":8562,"comment_status":"closed","ping_status":"closed","sticky":false,"template":"","format":"standard","meta":[],"categories":[64],"tags":[286,369],"suno_strategy":[],"class_list":["post-30050","post","type-post","status-publish","format-standard","has-post-thumbnail","hentry","category-negocios","tag-acoes","tag-banco-inter-bidi11-bidi4-bidi3"],"yoast_head":"<!-- This site is optimized with the Yoast SEO plugin v24.4 - https:\/\/yoast.com\/wordpress\/plugins\/seo\/ -->\n<title>Banco Inter anuncia per\u00edodo de convers\u00e3o de a\u00e7\u00f5es para units<\/title>\n<meta name=\"description\" content=\"O Banco Inter anunciou que o per\u00edodo do dia 8 a 15 de julho ser\u00e1 destinado a convers\u00e3o de a\u00e7\u00f5es do banco para a forma\u00e7\u00e3o de units. Clique aqui\" \/>\n<meta name=\"robots\" content=\"index, follow, max-snippet:-1, max-image-preview:large, max-video-preview:-1\" \/>\n<link rel=\"canonical\" href=\"https:\/\/www.suno.com.br\/noticias\/banco-inter-units-acoes\/\" \/>\n<meta property=\"og:locale\" content=\"pt_BR\" \/>\n<meta property=\"og:type\" content=\"article\" \/>\n<meta property=\"og:title\" content=\"Banco Inter anuncia per\u00edodo de convers\u00e3o de a\u00e7\u00f5es para units\" \/>\n<meta property=\"og:description\" content=\"O Banco Inter anunciou que o per\u00edodo do dia 8 a 15 de julho ser\u00e1 destinado a convers\u00e3o de a\u00e7\u00f5es do banco para a forma\u00e7\u00e3o de units. Clique aqui\" \/>\n<meta property=\"og:url\" content=\"https:\/\/www.suno.com.br\/noticias\/banco-inter-units-acoes\/\" \/>\n<meta property=\"og:site_name\" content=\"Suno Not\u00edcias\" \/>\n<meta property=\"article:publisher\" content=\"https:\/\/facebook.com\/sunoresearch\" \/>\n<meta property=\"og:image\" content=\"https:\/\/files.sunoresearch.com.br\/n\/uploads\/2018\/12\/ecc71f31-banco-inter.jpg\" \/>\n\t<meta property=\"og:image:width\" content=\"1070\" \/>\n\t<meta property=\"og:image:height\" content=\"594\" \/>\n\t<meta property=\"og:image:type\" content=\"image\/jpeg\" \/>\n<meta name=\"author\" content=\"Poliana Santos\" \/>\n<meta name=\"twitter:card\" content=\"summary_large_image\" \/>\n<meta name=\"twitter:creator\" content=\"@sunoresearch\" \/>\n<meta name=\"twitter:site\" content=\"@sunoresearch\" \/>\n<meta name=\"twitter:label1\" content=\"Escrito por\" \/>\n\t<meta name=\"twitter:data1\" content=\"Poliana Santos\" \/>\n\t<meta name=\"twitter:label2\" content=\"Est. tempo de leitura\" \/>\n\t<meta name=\"twitter:data2\" content=\"2 minutos\" \/>\n<script type=\"application\/ld+json\" class=\"yoast-schema-graph\">{\"@context\":\"https:\/\/schema.org\",\"@graph\":[{\"@type\":\"NewsArticle\",\"@id\":\"https:\/\/www.suno.com.br\/noticias\/banco-inter-units-acoes\/#article\",\"isPartOf\":{\"@id\":\"https:\/\/www.suno.com.br\/noticias\/banco-inter-units-acoes\/\"},\"author\":{\"name\":\"Poliana Santos\",\"@id\":\"https:\/\/www.suno.com.br\/noticias\/#\/schema\/person\/02ec1f752758247878a2bf4abee1aeda\"},\"headline\":\"Banco Inter anuncia per\u00edodo de convers\u00e3o de a\u00e7\u00f5es para forma\u00e7\u00e3o de units\",\"datePublished\":\"2019-07-04T14:46:44+00:00\",\"dateModified\":\"2019-07-04T21:45:16+00:00\",\"mainEntityOfPage\":{\"@id\":\"https:\/\/www.suno.com.br\/noticias\/banco-inter-units-acoes\/\"},\"wordCount\":430,\"publisher\":{\"@id\":\"https:\/\/www.suno.com.br\/noticias\/#organization\"},\"image\":{\"@id\":\"https:\/\/www.suno.com.br\/noticias\/banco-inter-units-acoes\/#primaryimage\"},\"thumbnailUrl\":\"https:\/\/files.sunoresearch.com.br\/n\/uploads\/2018\/12\/ecc71f31-banco-inter-jpg.webp\",\"keywords\":[\"A\u00e7\u00f5es\",\"Banco Inter (BIDI11\/BIDI4\/BIDI3)\"],\"articleSection\":[\"Neg\u00f3cios\"],\"inLanguage\":\"pt-BR\"},{\"@type\":\"WebPage\",\"@id\":\"https:\/\/www.suno.com.br\/noticias\/banco-inter-units-acoes\/\",\"url\":\"https:\/\/www.suno.com.br\/noticias\/banco-inter-units-acoes\/\",\"name\":\"Banco Inter anuncia per\u00edodo de convers\u00e3o de a\u00e7\u00f5es para units\",\"isPartOf\":{\"@id\":\"https:\/\/www.suno.com.br\/noticias\/#website\"},\"primaryImageOfPage\":{\"@id\":\"https:\/\/www.suno.com.br\/noticias\/banco-inter-units-acoes\/#primaryimage\"},\"image\":{\"@id\":\"https:\/\/www.suno.com.br\/noticias\/banco-inter-units-acoes\/#primaryimage\"},\"thumbnailUrl\":\"https:\/\/files.sunoresearch.com.br\/n\/uploads\/2018\/12\/ecc71f31-banco-inter-jpg.webp\",\"datePublished\":\"2019-07-04T14:46:44+00:00\",\"dateModified\":\"2019-07-04T21:45:16+00:00\",\"description\":\"O Banco Inter anunciou que o per\u00edodo do dia 8 a 15 de julho ser\u00e1 destinado a convers\u00e3o de a\u00e7\u00f5es do banco para a forma\u00e7\u00e3o de units. Clique aqui\",\"breadcrumb\":{\"@id\":\"https:\/\/www.suno.com.br\/noticias\/banco-inter-units-acoes\/#breadcrumb\"},\"inLanguage\":\"pt-BR\",\"potentialAction\":[{\"@type\":\"ReadAction\",\"target\":[\"https:\/\/www.suno.com.br\/noticias\/banco-inter-units-acoes\/\"]}]},{\"@type\":\"ImageObject\",\"inLanguage\":\"pt-BR\",\"@id\":\"https:\/\/www.suno.com.br\/noticias\/banco-inter-units-acoes\/#primaryimage\",\"url\":\"https:\/\/files.sunoresearch.com.br\/n\/uploads\/2018\/12\/ecc71f31-banco-inter-jpg.webp\",\"contentUrl\":\"https:\/\/files.sunoresearch.com.br\/n\/uploads\/2018\/12\/ecc71f31-banco-inter-jpg.webp\",\"width\":1070,\"height\":594,\"caption\":\"O Banco Inter tamb\u00e9m comunicou a redu\u00e7\u00e3o da taxa do home equity\"},{\"@type\":\"BreadcrumbList\",\"@id\":\"https:\/\/www.suno.com.br\/noticias\/banco-inter-units-acoes\/#breadcrumb\",\"itemListElement\":[{\"@type\":\"ListItem\",\"position\":1,\"name\":\"Not\u00edcias\",\"item\":\"https:\/\/www.suno.com.br\/noticias\/\"},{\"@type\":\"ListItem\",\"position\":2,\"name\":\"Neg\u00f3cios\",\"item\":\"https:\/\/www.suno.com.br\/noticias\/negocios\/\"},{\"@type\":\"ListItem\",\"position\":3,\"name\":\"Banco Inter anuncia per\u00edodo de convers\u00e3o de a\u00e7\u00f5es para forma\u00e7\u00e3o de units\"}]},{\"@type\":\"WebSite\",\"@id\":\"https:\/\/www.suno.com.br\/noticias\/#website\",\"url\":\"https:\/\/www.suno.com.br\/noticias\/\",\"name\":\"Suno Not\u00edcias\",\"description\":\"Seu portal de informa\u00e7\u00e3o sobre o mundo dos investimentos\",\"publisher\":{\"@id\":\"https:\/\/www.suno.com.br\/noticias\/#organization\"},\"potentialAction\":[{\"@type\":\"SearchAction\",\"target\":{\"@type\":\"EntryPoint\",\"urlTemplate\":\"https:\/\/www.suno.com.br\/noticias\/?s={search_term_string}\"},\"query-input\":{\"@type\":\"PropertyValueSpecification\",\"valueRequired\":true,\"valueName\":\"search_term_string\"}}],\"inLanguage\":\"pt-BR\"},{\"@type\":\"Organization\",\"@id\":\"https:\/\/www.suno.com.br\/noticias\/#organization\",\"name\":\"Suno Not\u00edcias\",\"url\":\"https:\/\/www.suno.com.br\/noticias\/\",\"logo\":{\"@type\":\"ImageObject\",\"inLanguage\":\"pt-BR\",\"@id\":\"https:\/\/www.suno.com.br\/noticias\/#\/schema\/logo\/image\/\",\"url\":\"https:\/\/files.sunoresearch.com.br\/n\/uploads\/2021\/09\/suno-logo.png\",\"contentUrl\":\"https:\/\/files.sunoresearch.com.br\/n\/uploads\/2021\/09\/suno-logo.png\",\"width\":180,\"height\":180,\"caption\":\"Suno Not\u00edcias\"},\"image\":{\"@id\":\"https:\/\/www.suno.com.br\/noticias\/#\/schema\/logo\/image\/\"},\"sameAs\":[\"https:\/\/facebook.com\/sunoresearch\",\"https:\/\/x.com\/sunoresearch\",\"https:\/\/www.instagram.com\/suno\",\"https:\/\/www.linkedin.com\/company\/suno-research\/\",\"https:\/\/www.youtube.com\/c\/sunoresearch\"]},{\"@type\":\"Person\",\"@id\":\"https:\/\/www.suno.com.br\/noticias\/#\/schema\/person\/02ec1f752758247878a2bf4abee1aeda\",\"name\":\"Poliana Santos\",\"image\":{\"@type\":\"ImageObject\",\"inLanguage\":\"pt-BR\",\"@id\":\"https:\/\/www.suno.com.br\/noticias\/#\/schema\/person\/image\/\",\"url\":\"https:\/\/secure.gravatar.com\/avatar\/0645bd32f23d87b2130f2b2dff1d3f8d?s=96&r=g\",\"contentUrl\":\"https:\/\/secure.gravatar.com\/avatar\/0645bd32f23d87b2130f2b2dff1d3f8d?s=96&r=g\",\"caption\":\"Poliana Santos\"},\"description\":\"Rep\u00f3rter no Suno Not\u00edcias, com cobertura em mercado financeiro, economia, finan\u00e7as pessoais, renda fixa e varejo. Jornalista formada pela Faculdade C\u00e1sper L\u00edbero e possui passagem na R\u00e1dio Gazeta AM com a produ\u00e7\u00e3o de conte\u00fado sobre economia, pol\u00edtica, sa\u00fade, moda e m\u00fasica. Possui certificado de conclus\u00e3o do curso de An\u00e1lise de Balan\u00e7os pela Funda\u00e7\u00e3o Bradesco, Agenda Brasil pela FAAP, Educa\u00e7\u00e3o Pol\u00edtica por Alexandre Garcia e do Tesouro Direto e Mercado de A\u00e7\u00f5es pela B3.\",\"url\":\"https:\/\/www.suno.com.br\/noticias\/author\/poliana-santos\/\"}]}<\/script>\n<!-- \/ Yoast SEO plugin. -->","yoast_head_json":{"title":"Banco Inter anuncia per\u00edodo de convers\u00e3o de a\u00e7\u00f5es para units","description":"O Banco Inter anunciou que o per\u00edodo do dia 8 a 15 de julho ser\u00e1 destinado a convers\u00e3o de a\u00e7\u00f5es do banco para a forma\u00e7\u00e3o de units. Clique aqui","robots":{"index":"index","follow":"follow","max-snippet":"max-snippet:-1","max-image-preview":"max-image-preview:large","max-video-preview":"max-video-preview:-1"},"canonical":"https:\/\/www.suno.com.br\/noticias\/banco-inter-units-acoes\/","og_locale":"pt_BR","og_type":"article","og_title":"Banco Inter anuncia per\u00edodo de convers\u00e3o de a\u00e7\u00f5es para units","og_description":"O Banco Inter anunciou que o per\u00edodo do dia 8 a 15 de julho ser\u00e1 destinado a convers\u00e3o de a\u00e7\u00f5es do banco para a forma\u00e7\u00e3o de units. Clique aqui","og_url":"https:\/\/www.suno.com.br\/noticias\/banco-inter-units-acoes\/","og_site_name":"Suno Not\u00edcias","article_publisher":"https:\/\/facebook.com\/sunoresearch","og_image":[{"width":1070,"height":594,"url":"https:\/\/files.sunoresearch.com.br\/n\/uploads\/2018\/12\/ecc71f31-banco-inter.jpg","type":"image\/jpeg"}],"author":"Poliana Santos","twitter_card":"summary_large_image","twitter_creator":"@sunoresearch","twitter_site":"@sunoresearch","twitter_misc":{"Escrito por":"Poliana Santos","Est. tempo de leitura":"2 minutos"},"schema":{"@context":"https:\/\/schema.org","@graph":[{"@type":"NewsArticle","@id":"https:\/\/www.suno.com.br\/noticias\/banco-inter-units-acoes\/#article","isPartOf":{"@id":"https:\/\/www.suno.com.br\/noticias\/banco-inter-units-acoes\/"},"author":{"name":"Poliana Santos","@id":"https:\/\/www.suno.com.br\/noticias\/#\/schema\/person\/02ec1f752758247878a2bf4abee1aeda"},"headline":"Banco Inter anuncia per\u00edodo de convers\u00e3o de a\u00e7\u00f5es para forma\u00e7\u00e3o de units","datePublished":"2019-07-04T14:46:44+00:00","dateModified":"2019-07-04T21:45:16+00:00","mainEntityOfPage":{"@id":"https:\/\/www.suno.com.br\/noticias\/banco-inter-units-acoes\/"},"wordCount":430,"publisher":{"@id":"https:\/\/www.suno.com.br\/noticias\/#organization"},"image":{"@id":"https:\/\/www.suno.com.br\/noticias\/banco-inter-units-acoes\/#primaryimage"},"thumbnailUrl":"https:\/\/files.sunoresearch.com.br\/n\/uploads\/2018\/12\/ecc71f31-banco-inter-jpg.webp","keywords":["A\u00e7\u00f5es","Banco Inter (BIDI11\/BIDI4\/BIDI3)"],"articleSection":["Neg\u00f3cios"],"inLanguage":"pt-BR"},{"@type":"WebPage","@id":"https:\/\/www.suno.com.br\/noticias\/banco-inter-units-acoes\/","url":"https:\/\/www.suno.com.br\/noticias\/banco-inter-units-acoes\/","name":"Banco Inter anuncia per\u00edodo de convers\u00e3o de a\u00e7\u00f5es para units","isPartOf":{"@id":"https:\/\/www.suno.com.br\/noticias\/#website"},"primaryImageOfPage":{"@id":"https:\/\/www.suno.com.br\/noticias\/banco-inter-units-acoes\/#primaryimage"},"image":{"@id":"https:\/\/www.suno.com.br\/noticias\/banco-inter-units-acoes\/#primaryimage"},"thumbnailUrl":"https:\/\/files.sunoresearch.com.br\/n\/uploads\/2018\/12\/ecc71f31-banco-inter-jpg.webp","datePublished":"2019-07-04T14:46:44+00:00","dateModified":"2019-07-04T21:45:16+00:00","description":"O Banco Inter anunciou que o per\u00edodo do dia 8 a 15 de julho ser\u00e1 destinado a convers\u00e3o de a\u00e7\u00f5es do banco para a forma\u00e7\u00e3o de units. Clique aqui","breadcrumb":{"@id":"https:\/\/www.suno.com.br\/noticias\/banco-inter-units-acoes\/#breadcrumb"},"inLanguage":"pt-BR","potentialAction":[{"@type":"ReadAction","target":["https:\/\/www.suno.com.br\/noticias\/banco-inter-units-acoes\/"]}]},{"@type":"ImageObject","inLanguage":"pt-BR","@id":"https:\/\/www.suno.com.br\/noticias\/banco-inter-units-acoes\/#primaryimage","url":"https:\/\/files.sunoresearch.com.br\/n\/uploads\/2018\/12\/ecc71f31-banco-inter-jpg.webp","contentUrl":"https:\/\/files.sunoresearch.com.br\/n\/uploads\/2018\/12\/ecc71f31-banco-inter-jpg.webp","width":1070,"height":594,"caption":"O Banco Inter tamb\u00e9m comunicou a redu\u00e7\u00e3o da taxa do home equity"},{"@type":"BreadcrumbList","@id":"https:\/\/www.suno.com.br\/noticias\/banco-inter-units-acoes\/#breadcrumb","itemListElement":[{"@type":"ListItem","position":1,"name":"Not\u00edcias","item":"https:\/\/www.suno.com.br\/noticias\/"},{"@type":"ListItem","position":2,"name":"Neg\u00f3cios","item":"https:\/\/www.suno.com.br\/noticias\/negocios\/"},{"@type":"ListItem","position":3,"name":"Banco Inter anuncia per\u00edodo de convers\u00e3o de a\u00e7\u00f5es para forma\u00e7\u00e3o de units"}]},{"@type":"WebSite","@id":"https:\/\/www.suno.com.br\/noticias\/#website","url":"https:\/\/www.suno.com.br\/noticias\/","name":"Suno Not\u00edcias","description":"Seu portal de informa\u00e7\u00e3o sobre o mundo dos investimentos","publisher":{"@id":"https:\/\/www.suno.com.br\/noticias\/#organization"},"potentialAction":[{"@type":"SearchAction","target":{"@type":"EntryPoint","urlTemplate":"https:\/\/www.suno.com.br\/noticias\/?s={search_term_string}"},"query-input":{"@type":"PropertyValueSpecification","valueRequired":true,"valueName":"search_term_string"}}],"inLanguage":"pt-BR"},{"@type":"Organization","@id":"https:\/\/www.suno.com.br\/noticias\/#organization","name":"Suno Not\u00edcias","url":"https:\/\/www.suno.com.br\/noticias\/","logo":{"@type":"ImageObject","inLanguage":"pt-BR","@id":"https:\/\/www.suno.com.br\/noticias\/#\/schema\/logo\/image\/","url":"https:\/\/files.sunoresearch.com.br\/n\/uploads\/2021\/09\/suno-logo.png","contentUrl":"https:\/\/files.sunoresearch.com.br\/n\/uploads\/2021\/09\/suno-logo.png","width":180,"height":180,"caption":"Suno Not\u00edcias"},"image":{"@id":"https:\/\/www.suno.com.br\/noticias\/#\/schema\/logo\/image\/"},"sameAs":["https:\/\/facebook.com\/sunoresearch","https:\/\/x.com\/sunoresearch","https:\/\/www.instagram.com\/suno","https:\/\/www.linkedin.com\/company\/suno-research\/","https:\/\/www.youtube.com\/c\/sunoresearch"]},{"@type":"Person","@id":"https:\/\/www.suno.com.br\/noticias\/#\/schema\/person\/02ec1f752758247878a2bf4abee1aeda","name":"Poliana Santos","image":{"@type":"ImageObject","inLanguage":"pt-BR","@id":"https:\/\/www.suno.com.br\/noticias\/#\/schema\/person\/image\/","url":"https:\/\/secure.gravatar.com\/avatar\/0645bd32f23d87b2130f2b2dff1d3f8d?s=96&r=g","contentUrl":"https:\/\/secure.gravatar.com\/avatar\/0645bd32f23d87b2130f2b2dff1d3f8d?s=96&r=g","caption":"Poliana Santos"},"description":"Rep\u00f3rter no Suno Not\u00edcias, com cobertura em mercado financeiro, economia, finan\u00e7as pessoais, renda fixa e varejo. Jornalista formada pela Faculdade C\u00e1sper L\u00edbero e possui passagem na R\u00e1dio Gazeta AM com a produ\u00e7\u00e3o de conte\u00fado sobre economia, pol\u00edtica, sa\u00fade, moda e m\u00fasica. Possui certificado de conclus\u00e3o do curso de An\u00e1lise de Balan\u00e7os pela Funda\u00e7\u00e3o Bradesco, Agenda Brasil pela FAAP, Educa\u00e7\u00e3o Pol\u00edtica por Alexandre Garcia e do Tesouro Direto e Mercado de A\u00e7\u00f5es pela B3.","url":"https:\/\/www.suno.com.br\/noticias\/author\/poliana-santos\/"}]}},"default_loop_html":"<div class=\"cardsPage__listCard__boxs\"><div class=\"cardsPage__listCard__boxs__img\"><a href=\"https:\/\/www.suno.com.br\/noticias\/banco-inter-units-acoes\/\"><img class=\"mask\" src=\"https:\/\/www.suno.com.br\/noticias\/wp-content\/themes\/suno\/resources\/images\/spotlight\/spotlight1img\/bg-mask.png\" alt=\"Image Mask\"\/><img src=\"https:\/\/files.sunoresearch.com.br\/n\/uploads\/2018\/12\/ecc71f31-banco-inter-400x200.webp\" alt=\"Banco Inter anuncia per\u00edodo de convers\u00e3o de a\u00e7\u00f5es para forma\u00e7\u00e3o de units\"\/><\/a><span class=\"spotlightCategory\"><a href=\"https:\/\/www.suno.com.br\/noticias\/negocios\/\">Neg\u00f3cios<\/a><\/span><\/div><div class=\"cardsPage__listCard__boxs__content\"><a href=\"https:\/\/www.suno.com.br\/noticias\/banco-inter-units-acoes\/\"><h2 class=\"content__title\">Banco Inter anuncia per\u00edodo de convers\u00e3o de a\u00e7\u00f5es para forma\u00e7\u00e3o de units<\/h2><\/a><div class=\"newsContent__article__meta\"><div class=\"newsContent__article__meta__authorBox\"><a href=\"https:\/\/www.suno.com.br\/noticias\/author\/poliana-santos\/\" class=\"authorBox__avatar noMobi\"><img src=\"https:\/\/files.sunoresearch.com.br\/n\/uploads\/2020\/08\/7ef34026-whatsapp-image-2020-08-03-at-12.37.57-150x150.webp\" alt=\"Poliana Santos\"><\/a><div class=\"authorBox__name\"><span>por\n\t\t\t<a href=\"https:\/\/www.suno.com.br\/noticias\/author\/poliana-santos\/\"><span itemprop=\"author\">Poliana Santos<\/span><\/a><\/span><time datetime=\"2019-07-04T11:46:44-03:00\" itemprop=\"datePublished\">04\/07\/2019 11:46<\/time><\/div><\/div><\/div><\/div><\/div>","single_layout":"posts","amp_enabled":true,"_links":{"self":[{"href":"https:\/\/www.suno.com.br\/noticias\/wp-json\/wp\/v2\/posts\/30050"}],"collection":[{"href":"https:\/\/www.suno.com.br\/noticias\/wp-json\/wp\/v2\/posts"}],"about":[{"href":"https:\/\/www.suno.com.br\/noticias\/wp-json\/wp\/v2\/types\/post"}],"author":[{"embeddable":true,"href":"https:\/\/www.suno.com.br\/noticias\/wp-json\/wp\/v2\/users\/15"}],"replies":[{"embeddable":true,"href":"https:\/\/www.suno.com.br\/noticias\/wp-json\/wp\/v2\/comments?post=30050"}],"version-history":[{"count":0,"href":"https:\/\/www.suno.com.br\/noticias\/wp-json\/wp\/v2\/posts\/30050\/revisions"}],"wp:featuredmedia":[{"embeddable":true,"href":"https:\/\/www.suno.com.br\/noticias\/wp-json\/wp\/v2\/media\/8562"}],"wp:attachment":[{"href":"https:\/\/www.suno.com.br\/noticias\/wp-json\/wp\/v2\/media?parent=30050"}],"wp:term":[{"taxonomy":"category","embeddable":true,"href":"https:\/\/www.suno.com.br\/noticias\/wp-json\/wp\/v2\/categories?post=30050"},{"taxonomy":"post_tag","embeddable":true,"href":"https:\/\/www.suno.com.br\/noticias\/wp-json\/wp\/v2\/tags?post=30050"},{"taxonomy":"suno_strategy","embeddable":true,"href":"https:\/\/www.suno.com.br\/noticias\/wp-json\/wp\/v2\/suno_strategy?post=30050"}],"curies":[{"name":"wp","href":"https:\/\/api.w.org\/{rel}","templated":true}]}}