{"id":300358,"date":"2022-09-21T15:43:36","date_gmt":"2022-09-21T18:43:36","guid":{"rendered":"https:\/\/www.suno.com.br\/noticias\/?p=300358"},"modified":"2022-09-21T17:21:53","modified_gmt":"2022-09-21T20:21:53","slug":"azul-azul4-nova-ponte-aerea-rio-sp","status":"publish","type":"post","link":"https:\/\/www.suno.com.br\/noticias\/azul-azul4-nova-ponte-aerea-rio-sp\/","title":{"rendered":"Azul (AZUL4) cria nova ponte-a\u00e9rea SP-Rio com Congonhas e Jacarepagu\u00e1"},"content":{"rendered":"<p>A <a class=\"suno-keyword\" href=\"https:\/\/www.suno.com.br\/acoes\/AZUL4\/\" target=\"_blank\" rel=\"noopener\" data-force=\"yes\" data-priority=\"2\"><strong>Azul<\/strong> (AZUL4)<\/a> anunciou a cria\u00e7\u00e3o de uma nova ponte a\u00e9rea entre as cidades de S\u00e3o Paulo e Rio de Janeiro.<\/p>\t<div class=\"wrapper-featured-image\">\n\t\t<figure class=\"spotlightImg\">\n\n\t\t\t<picture>\n\t\t\t\t<source media=\"(max-width: 768px)\" srcset=\"https:\/\/files.sunoresearch.com.br\/n\/uploads\/2021\/06\/06f5024f-aviao_azul_vacina_india_2-400x200.webp\">\n\t\t\t\t<img loading=\"lazy\" decoding=\"async\" class=\"newsContent__article__imgCapa lazyloadDisabled \" src=\"https:\/\/files.sunoresearch.com.br\/n\/uploads\/2021\/06\/06f5024f-aviao_azul_vacina_india_2-800x450.webp\" width=\"800\" height=\"450\" alt=\"Azul (AZUL4) cria nova ponte-a\u00e9rea SP-Rio com Congonhas e Jacarepagu\u00e1\" fetchpriority=high \/>\n\t\t\t<\/picture>\n\n\t\t\t<figcaption class=\"wp-caption-text wp-caption-text--show\">Azul (AZUL4). Foto: Divulga\u00e7\u00e3o<\/figcaption>\n\t\t<\/figure>\n\t<\/div>\n\n\n\t<p>\n\t\t<a href=\"\" target=\"_blank\" data-element=\"shortcode-suno-banner\" title=\"Banner SUNO, clique e saiba mais\">\n\t\t\t<picture>\n\t\t\t\t<source media=\"(max-width: 500px)\" srcset=\"\">\n\t\t\t\t<img class=\"newsContent__article__imgCapa newsContent__article__imgCapa--banner\"\n\t\t\t\t\tsrc=\"\"\n\t\t\t\t\tdata-promo-id=\"265410\"\t\t\t\t\t\t\t\t\t\t\t\t\t\t\talt=\"\"\n\t\t\t\t>\n\t\t\t<\/picture>\n\t\t<\/a>\n\t<\/p>\n\n\n<p>A <strong>nova rota da Azul<\/strong> ir\u00e1 ligar o aeroporto de Congonhas, na zona sul da capital, ao de Jacarepagu\u00e1, na capital fluminense.<\/p>\n<p>As viagens devem ter in\u00edcio em 31 de outubro, com sete decolagens di\u00e1rias entre 6h40 e 19h45 e voos de cerca de 1h20.<\/p>\n<p>Os <strong>novos voos da Azul<\/strong> ser\u00e3o realizados com a aeronave Cessna Grand Caravan, um turbo\u00e9lice com capacidade entre 10 e 14 passageiros.<\/p>\n<p>Nas aeronaves maiores, a ponte a\u00e9rea entre a cidade de S\u00e3o Paulo e o Rio de Janeiro costuma levar cerca de 50 minutos.<\/p>\n<p>A estrat\u00e9gia da Azul na ponte a\u00e9rea est\u00e1 ligada \u00e0 inaugura\u00e7\u00e3o de uma base da empresa pr\u00f3xima ao aeroporto de Jacarepagu\u00e1, que hoje s\u00f3 recebe voos de helic\u00f3pteros e jatinhos.<\/p>\n<p>Segundo a empresa, os voos devem atrair passageiros com destino \u00e0 regi\u00e3o da Barra da Tijuca, na zona oeste do Rio, \u00e1rea ao lado de Jacarepagu\u00e1.<\/p>\n<p>As passagens para a nova rota anunciadas no site da Azul custam, em m\u00e9dia, R$ 552.<\/p>\n\t<p>\n\t\t<a href=\"https:\/\/lp.suno.com.br\/planilha-controle-gastos\/\" target=\"_blank\" data-element=\"shortcode-suno-banner\" title=\"Banner SUNO, clique e saiba mais\">\n\t\t\t<picture>\n\t\t\t\t<source media=\"(max-width: 500px)\" srcset=\"https:\/\/files.sunoresearch.com.br\/n\/uploads\/2023\/03\/400x300-Planilha-controle-de-gastos.png\">\n\t\t\t\t<img class=\"newsContent__article__imgCapa newsContent__article__imgCapa--banner\"\n\t\t\t\t\tsrc=\"https:\/\/files.sunoresearch.com.br\/n\/uploads\/2023\/03\/1420x240-Planilha-controle-de-gastos.png\"\n\t\t\t\t\tdata-promo-id=\"101751\"\t\t\t\t\t\t\t\t\t\twidth='1420' height='240'\t\t\t\t\talt=\"https:\/\/files.sunoresearch.com.br\/n\/uploads\/2023\/03\/1420x240-Planilha-controle-de-gastos.png\"\n\t\t\t\t>\n\t\t\t<\/picture>\n\t\t<\/a>\n\t<\/p>\n\n\n<h2>Azul expande outras rotas<\/h2>\n<p>Ao longo da semana, a Azul anunciou outros planos de expans\u00e3o de sua malha a\u00e9rea.<\/p>\n<p>Ela ter\u00e1 voos ligando Florian\u00f3polis a Montevid\u00e9u, no Uruguai, a partir de 21 de dezembro.<\/p>\n<p>Com sa\u00eddas \u00e0s quartas-feiras e domingos, os voos decolam de Florian\u00f3polis \u00e0s 11h45, chegando em Montevid\u00e9u \u00e0s 13h05. No sentido inverso, o voo decola de Montevid\u00e9u \u00e0s 14h05, chegando em Florian\u00f3polis \u00e0s 15h25.<\/p>\n<p>A empresa tamb\u00e9m anunciou mais 213 voos para Pernambuco e 98 para Rio Grande do Norte, se preparando para a alta demanda no ver\u00e3o.<\/p>\n<p>Somente entre dezembro deste ano e janeiro do ano que vem, ser\u00e3o 21 novas rotas conectando o Brasil.<\/p>\n<p>As passagens para as novas rotas j\u00e1 est\u00e3o dispon\u00edveis em todos os canais de atendimento da <strong>Azul<\/strong>.<\/p>\n\t<p>\n\t\t<a href=\"https:\/\/lp.suno.com.br\/ebook-como-analisar-uma-acao\/\" target=\"_blank\" data-element=\"shortcode-suno-banner\" title=\"Banner SUNO, clique e saiba mais\">\n\t\t\t<picture>\n\t\t\t\t<source media=\"(max-width: 500px)\" srcset=\"https:\/\/files.sunoresearch.com.br\/n\/uploads\/2023\/03\/Ebook-Acoes-Mobile-1.jpg\">\n\t\t\t\t<img class=\"newsContent__article__imgCapa newsContent__article__imgCapa--banner\"\n\t\t\t\t\tsrc=\"https:\/\/files.sunoresearch.com.br\/n\/uploads\/2023\/03\/Ebook-Acoes-Desktop-1.jpg\"\n\t\t\t\t\tdata-promo-id=\"171998\"\t\t\t\t\t\t\t\t\t\twidth='1420' height='286'\t\t\t\t\talt=\"https:\/\/files.sunoresearch.com.br\/n\/uploads\/2023\/03\/Ebook-Acoes-Desktop-1.jpg\"\n\t\t\t\t>\n\t\t\t<\/picture>\n\t\t<\/a>\n\t<\/p>\n\n\n","protected":false},"excerpt":{"rendered":"<p>A Azul (AZUL4) anunciou a cria\u00e7\u00e3o de uma nova ponte a\u00e9rea entre as cidades de S\u00e3o Paulo e Rio de Janeiro. Azul (AZUL4). Foto: Divulga\u00e7\u00e3o A nova rota da Azul ir\u00e1 ligar o aeroporto de Congonhas, na zona sul da capital, ao de Jacarepagu\u00e1, na capital fluminense. As viagens devem ter in\u00edcio em 31 de [&hellip;]<\/p>\n","protected":false},"author":192,"featured_media":156482,"comment_status":"closed","ping_status":"closed","sticky":false,"template":"","format":"standard","meta":[],"categories":[60],"tags":[106932],"suno_strategy":[],"class_list":["post-300358","post","type-post","status-publish","format-standard","has-post-thumbnail","hentry","category-mercado","tag-azul-azul4"],"yoast_head":"<!-- This site is optimized with the Yoast SEO plugin v24.4 - https:\/\/yoast.com\/wordpress\/plugins\/seo\/ -->\n<title>Azul (AZUL34): nova ponte a\u00e9rea SP-Rio com Congonhas e Jacarepagu\u00e1<\/title>\n<meta name=\"description\" content=\"A Azul (AZUL4) anunciou a cria\u00e7\u00e3o de uma nova ponte a\u00e9rea entre S\u00e3o Paulo e o Rio de Janeiro. Saiba hor\u00e1rios e pre\u00e7os.\" \/>\n<meta name=\"robots\" content=\"index, follow, max-snippet:-1, max-image-preview:large, max-video-preview:-1\" \/>\n<link rel=\"canonical\" href=\"https:\/\/www.suno.com.br\/noticias\/azul-azul4-nova-ponte-aerea-rio-sp\/\" \/>\n<meta property=\"og:locale\" content=\"pt_BR\" \/>\n<meta property=\"og:type\" content=\"article\" \/>\n<meta property=\"og:title\" content=\"Azul (AZUL34): nova ponte a\u00e9rea SP-Rio com Congonhas e Jacarepagu\u00e1\" \/>\n<meta property=\"og:description\" content=\"A Azul (AZUL4) anunciou a cria\u00e7\u00e3o de uma nova ponte a\u00e9rea entre S\u00e3o Paulo e o Rio de Janeiro. Saiba hor\u00e1rios e pre\u00e7os.\" \/>\n<meta property=\"og:url\" content=\"https:\/\/www.suno.com.br\/noticias\/azul-azul4-nova-ponte-aerea-rio-sp\/\" \/>\n<meta property=\"og:site_name\" content=\"Suno Not\u00edcias\" \/>\n<meta property=\"article:publisher\" content=\"https:\/\/facebook.com\/sunoresearch\" \/>\n<meta property=\"og:image\" content=\"https:\/\/files.sunoresearch.com.br\/n\/uploads\/2021\/06\/06f5024f-aviao_azul_vacina_india_2.jpg\" \/>\n\t<meta property=\"og:image:width\" content=\"1280\" \/>\n\t<meta property=\"og:image:height\" content=\"855\" \/>\n\t<meta property=\"og:image:type\" content=\"image\/jpeg\" \/>\n<meta name=\"author\" content=\"Laura Intrieri\" \/>\n<meta name=\"twitter:card\" content=\"summary_large_image\" \/>\n<meta name=\"twitter:creator\" content=\"@sunoresearch\" \/>\n<meta name=\"twitter:site\" content=\"@sunoresearch\" \/>\n<meta name=\"twitter:label1\" content=\"Escrito por\" \/>\n\t<meta name=\"twitter:data1\" content=\"Laura Intrieri\" \/>\n\t<meta name=\"twitter:label2\" content=\"Est. tempo de leitura\" \/>\n\t<meta name=\"twitter:data2\" content=\"2 minutos\" \/>\n<script type=\"application\/ld+json\" class=\"yoast-schema-graph\">{\"@context\":\"https:\/\/schema.org\",\"@graph\":[{\"@type\":\"NewsArticle\",\"@id\":\"https:\/\/www.suno.com.br\/noticias\/azul-azul4-nova-ponte-aerea-rio-sp\/#article\",\"isPartOf\":{\"@id\":\"https:\/\/www.suno.com.br\/noticias\/azul-azul4-nova-ponte-aerea-rio-sp\/\"},\"author\":{\"name\":\"Laura Intrieri\",\"@id\":\"https:\/\/www.suno.com.br\/noticias\/#\/schema\/person\/653a8428016d45b19031651c57b94f82\"},\"headline\":\"Azul (AZUL4) cria nova ponte-a\u00e9rea SP-Rio com Congonhas e Jacarepagu\u00e1\",\"datePublished\":\"2022-09-21T18:43:36+00:00\",\"dateModified\":\"2022-09-21T20:21:53+00:00\",\"mainEntityOfPage\":{\"@id\":\"https:\/\/www.suno.com.br\/noticias\/azul-azul4-nova-ponte-aerea-rio-sp\/\"},\"wordCount\":348,\"publisher\":{\"@id\":\"https:\/\/www.suno.com.br\/noticias\/#organization\"},\"image\":{\"@id\":\"https:\/\/www.suno.com.br\/noticias\/azul-azul4-nova-ponte-aerea-rio-sp\/#primaryimage\"},\"thumbnailUrl\":\"https:\/\/files.sunoresearch.com.br\/n\/uploads\/2021\/06\/06f5024f-aviao_azul_vacina_india_2-jpg.webp\",\"keywords\":[\"Azul (AZUL4)\"],\"articleSection\":[\"Mercado\"],\"inLanguage\":\"pt-BR\"},{\"@type\":\"WebPage\",\"@id\":\"https:\/\/www.suno.com.br\/noticias\/azul-azul4-nova-ponte-aerea-rio-sp\/\",\"url\":\"https:\/\/www.suno.com.br\/noticias\/azul-azul4-nova-ponte-aerea-rio-sp\/\",\"name\":\"Azul (AZUL34): nova ponte a\u00e9rea SP-Rio com Congonhas e Jacarepagu\u00e1\",\"isPartOf\":{\"@id\":\"https:\/\/www.suno.com.br\/noticias\/#website\"},\"primaryImageOfPage\":{\"@id\":\"https:\/\/www.suno.com.br\/noticias\/azul-azul4-nova-ponte-aerea-rio-sp\/#primaryimage\"},\"image\":{\"@id\":\"https:\/\/www.suno.com.br\/noticias\/azul-azul4-nova-ponte-aerea-rio-sp\/#primaryimage\"},\"thumbnailUrl\":\"https:\/\/files.sunoresearch.com.br\/n\/uploads\/2021\/06\/06f5024f-aviao_azul_vacina_india_2-jpg.webp\",\"datePublished\":\"2022-09-21T18:43:36+00:00\",\"dateModified\":\"2022-09-21T20:21:53+00:00\",\"description\":\"A Azul (AZUL4) anunciou a cria\u00e7\u00e3o de uma nova ponte a\u00e9rea entre S\u00e3o Paulo e o Rio de Janeiro. Saiba hor\u00e1rios e pre\u00e7os.\",\"breadcrumb\":{\"@id\":\"https:\/\/www.suno.com.br\/noticias\/azul-azul4-nova-ponte-aerea-rio-sp\/#breadcrumb\"},\"inLanguage\":\"pt-BR\",\"potentialAction\":[{\"@type\":\"ReadAction\",\"target\":[\"https:\/\/www.suno.com.br\/noticias\/azul-azul4-nova-ponte-aerea-rio-sp\/\"]}]},{\"@type\":\"ImageObject\",\"inLanguage\":\"pt-BR\",\"@id\":\"https:\/\/www.suno.com.br\/noticias\/azul-azul4-nova-ponte-aerea-rio-sp\/#primaryimage\",\"url\":\"https:\/\/files.sunoresearch.com.br\/n\/uploads\/2021\/06\/06f5024f-aviao_azul_vacina_india_2-jpg.webp\",\"contentUrl\":\"https:\/\/files.sunoresearch.com.br\/n\/uploads\/2021\/06\/06f5024f-aviao_azul_vacina_india_2-jpg.webp\",\"width\":1280,\"height\":855,\"caption\":\"Azul (AZUL4). Foto: Divulga\u00e7\u00e3o\"},{\"@type\":\"BreadcrumbList\",\"@id\":\"https:\/\/www.suno.com.br\/noticias\/azul-azul4-nova-ponte-aerea-rio-sp\/#breadcrumb\",\"itemListElement\":[{\"@type\":\"ListItem\",\"position\":1,\"name\":\"Not\u00edcias\",\"item\":\"https:\/\/www.suno.com.br\/noticias\/\"},{\"@type\":\"ListItem\",\"position\":2,\"name\":\"Mercado\",\"item\":\"https:\/\/www.suno.com.br\/noticias\/mercado\/\"},{\"@type\":\"ListItem\",\"position\":3,\"name\":\"Azul (AZUL4) cria nova ponte-a\u00e9rea SP-Rio com Congonhas e Jacarepagu\u00e1\"}]},{\"@type\":\"WebSite\",\"@id\":\"https:\/\/www.suno.com.br\/noticias\/#website\",\"url\":\"https:\/\/www.suno.com.br\/noticias\/\",\"name\":\"Suno Not\u00edcias\",\"description\":\"Seu portal de informa\u00e7\u00e3o sobre o mundo dos investimentos\",\"publisher\":{\"@id\":\"https:\/\/www.suno.com.br\/noticias\/#organization\"},\"potentialAction\":[{\"@type\":\"SearchAction\",\"target\":{\"@type\":\"EntryPoint\",\"urlTemplate\":\"https:\/\/www.suno.com.br\/noticias\/?s={search_term_string}\"},\"query-input\":{\"@type\":\"PropertyValueSpecification\",\"valueRequired\":true,\"valueName\":\"search_term_string\"}}],\"inLanguage\":\"pt-BR\"},{\"@type\":\"Organization\",\"@id\":\"https:\/\/www.suno.com.br\/noticias\/#organization\",\"name\":\"Suno Not\u00edcias\",\"url\":\"https:\/\/www.suno.com.br\/noticias\/\",\"logo\":{\"@type\":\"ImageObject\",\"inLanguage\":\"pt-BR\",\"@id\":\"https:\/\/www.suno.com.br\/noticias\/#\/schema\/logo\/image\/\",\"url\":\"https:\/\/files.sunoresearch.com.br\/n\/uploads\/2021\/09\/suno-logo.png\",\"contentUrl\":\"https:\/\/files.sunoresearch.com.br\/n\/uploads\/2021\/09\/suno-logo.png\",\"width\":180,\"height\":180,\"caption\":\"Suno Not\u00edcias\"},\"image\":{\"@id\":\"https:\/\/www.suno.com.br\/noticias\/#\/schema\/logo\/image\/\"},\"sameAs\":[\"https:\/\/facebook.com\/sunoresearch\",\"https:\/\/x.com\/sunoresearch\",\"https:\/\/www.instagram.com\/suno\",\"https:\/\/www.linkedin.com\/company\/suno-research\/\",\"https:\/\/www.youtube.com\/c\/sunoresearch\"]},{\"@type\":\"Person\",\"@id\":\"https:\/\/www.suno.com.br\/noticias\/#\/schema\/person\/653a8428016d45b19031651c57b94f82\",\"name\":\"Laura Intrieri\",\"image\":{\"@type\":\"ImageObject\",\"inLanguage\":\"pt-BR\",\"@id\":\"https:\/\/www.suno.com.br\/noticias\/#\/schema\/person\/image\/\",\"url\":\"https:\/\/secure.gravatar.com\/avatar\/27e3058d15d09a0a778c3d387c062d71?s=96&r=g\",\"contentUrl\":\"https:\/\/secure.gravatar.com\/avatar\/27e3058d15d09a0a778c3d387c062d71?s=96&r=g\",\"caption\":\"Laura Intrieri\"},\"description\":\"Rep\u00f3rter no Suno Not\u00edcias, cobre mercados, pol\u00edtica e economia. Escreve sobre Bolsa de Valores. Formada em Administra\u00e7\u00e3o P\u00fablica pela Funda\u00e7\u00e3o Get\u00falio Vargas, j\u00e1 passou pelo portal Money Times, escrevendo sobre pol\u00edtica e economia para a editoria \\\"Brasil\\\". Tamb\u00e9m j\u00e1 contribuiu para Ag\u00eancia Estado, cobrindo balan\u00e7os trimestrais e relat\u00f3rios de casas de an\u00e1lise. J\u00e1 produziu podcasts educativos e corporativos para a FGV EAESP. Durante a gradua\u00e7\u00e3o, desempenhou atividades acad\u00eamicas com enfoque em Finan\u00e7as P\u00fablicas.\",\"url\":\"https:\/\/www.suno.com.br\/noticias\/author\/laura-intrieri\/\"}]}<\/script>\n<!-- \/ Yoast SEO plugin. -->","yoast_head_json":{"title":"Azul (AZUL34): nova ponte a\u00e9rea SP-Rio com Congonhas e Jacarepagu\u00e1","description":"A Azul (AZUL4) anunciou a cria\u00e7\u00e3o de uma nova ponte a\u00e9rea entre S\u00e3o Paulo e o Rio de Janeiro. Saiba hor\u00e1rios e pre\u00e7os.","robots":{"index":"index","follow":"follow","max-snippet":"max-snippet:-1","max-image-preview":"max-image-preview:large","max-video-preview":"max-video-preview:-1"},"canonical":"https:\/\/www.suno.com.br\/noticias\/azul-azul4-nova-ponte-aerea-rio-sp\/","og_locale":"pt_BR","og_type":"article","og_title":"Azul (AZUL34): nova ponte a\u00e9rea SP-Rio com Congonhas e Jacarepagu\u00e1","og_description":"A Azul (AZUL4) anunciou a cria\u00e7\u00e3o de uma nova ponte a\u00e9rea entre S\u00e3o Paulo e o Rio de Janeiro. Saiba hor\u00e1rios e pre\u00e7os.","og_url":"https:\/\/www.suno.com.br\/noticias\/azul-azul4-nova-ponte-aerea-rio-sp\/","og_site_name":"Suno Not\u00edcias","article_publisher":"https:\/\/facebook.com\/sunoresearch","og_image":[{"width":1280,"height":855,"url":"https:\/\/files.sunoresearch.com.br\/n\/uploads\/2021\/06\/06f5024f-aviao_azul_vacina_india_2.jpg","type":"image\/jpeg"}],"author":"Laura Intrieri","twitter_card":"summary_large_image","twitter_creator":"@sunoresearch","twitter_site":"@sunoresearch","twitter_misc":{"Escrito por":"Laura Intrieri","Est. tempo de leitura":"2 minutos"},"schema":{"@context":"https:\/\/schema.org","@graph":[{"@type":"NewsArticle","@id":"https:\/\/www.suno.com.br\/noticias\/azul-azul4-nova-ponte-aerea-rio-sp\/#article","isPartOf":{"@id":"https:\/\/www.suno.com.br\/noticias\/azul-azul4-nova-ponte-aerea-rio-sp\/"},"author":{"name":"Laura Intrieri","@id":"https:\/\/www.suno.com.br\/noticias\/#\/schema\/person\/653a8428016d45b19031651c57b94f82"},"headline":"Azul (AZUL4) cria nova ponte-a\u00e9rea SP-Rio com Congonhas e Jacarepagu\u00e1","datePublished":"2022-09-21T18:43:36+00:00","dateModified":"2022-09-21T20:21:53+00:00","mainEntityOfPage":{"@id":"https:\/\/www.suno.com.br\/noticias\/azul-azul4-nova-ponte-aerea-rio-sp\/"},"wordCount":348,"publisher":{"@id":"https:\/\/www.suno.com.br\/noticias\/#organization"},"image":{"@id":"https:\/\/www.suno.com.br\/noticias\/azul-azul4-nova-ponte-aerea-rio-sp\/#primaryimage"},"thumbnailUrl":"https:\/\/files.sunoresearch.com.br\/n\/uploads\/2021\/06\/06f5024f-aviao_azul_vacina_india_2-jpg.webp","keywords":["Azul (AZUL4)"],"articleSection":["Mercado"],"inLanguage":"pt-BR"},{"@type":"WebPage","@id":"https:\/\/www.suno.com.br\/noticias\/azul-azul4-nova-ponte-aerea-rio-sp\/","url":"https:\/\/www.suno.com.br\/noticias\/azul-azul4-nova-ponte-aerea-rio-sp\/","name":"Azul (AZUL34): nova ponte a\u00e9rea SP-Rio com Congonhas e Jacarepagu\u00e1","isPartOf":{"@id":"https:\/\/www.suno.com.br\/noticias\/#website"},"primaryImageOfPage":{"@id":"https:\/\/www.suno.com.br\/noticias\/azul-azul4-nova-ponte-aerea-rio-sp\/#primaryimage"},"image":{"@id":"https:\/\/www.suno.com.br\/noticias\/azul-azul4-nova-ponte-aerea-rio-sp\/#primaryimage"},"thumbnailUrl":"https:\/\/files.sunoresearch.com.br\/n\/uploads\/2021\/06\/06f5024f-aviao_azul_vacina_india_2-jpg.webp","datePublished":"2022-09-21T18:43:36+00:00","dateModified":"2022-09-21T20:21:53+00:00","description":"A Azul (AZUL4) anunciou a cria\u00e7\u00e3o de uma nova ponte a\u00e9rea entre S\u00e3o Paulo e o Rio de Janeiro. Saiba hor\u00e1rios e pre\u00e7os.","breadcrumb":{"@id":"https:\/\/www.suno.com.br\/noticias\/azul-azul4-nova-ponte-aerea-rio-sp\/#breadcrumb"},"inLanguage":"pt-BR","potentialAction":[{"@type":"ReadAction","target":["https:\/\/www.suno.com.br\/noticias\/azul-azul4-nova-ponte-aerea-rio-sp\/"]}]},{"@type":"ImageObject","inLanguage":"pt-BR","@id":"https:\/\/www.suno.com.br\/noticias\/azul-azul4-nova-ponte-aerea-rio-sp\/#primaryimage","url":"https:\/\/files.sunoresearch.com.br\/n\/uploads\/2021\/06\/06f5024f-aviao_azul_vacina_india_2-jpg.webp","contentUrl":"https:\/\/files.sunoresearch.com.br\/n\/uploads\/2021\/06\/06f5024f-aviao_azul_vacina_india_2-jpg.webp","width":1280,"height":855,"caption":"Azul (AZUL4). Foto: Divulga\u00e7\u00e3o"},{"@type":"BreadcrumbList","@id":"https:\/\/www.suno.com.br\/noticias\/azul-azul4-nova-ponte-aerea-rio-sp\/#breadcrumb","itemListElement":[{"@type":"ListItem","position":1,"name":"Not\u00edcias","item":"https:\/\/www.suno.com.br\/noticias\/"},{"@type":"ListItem","position":2,"name":"Mercado","item":"https:\/\/www.suno.com.br\/noticias\/mercado\/"},{"@type":"ListItem","position":3,"name":"Azul (AZUL4) cria nova ponte-a\u00e9rea SP-Rio com Congonhas e Jacarepagu\u00e1"}]},{"@type":"WebSite","@id":"https:\/\/www.suno.com.br\/noticias\/#website","url":"https:\/\/www.suno.com.br\/noticias\/","name":"Suno Not\u00edcias","description":"Seu portal de informa\u00e7\u00e3o sobre o mundo dos investimentos","publisher":{"@id":"https:\/\/www.suno.com.br\/noticias\/#organization"},"potentialAction":[{"@type":"SearchAction","target":{"@type":"EntryPoint","urlTemplate":"https:\/\/www.suno.com.br\/noticias\/?s={search_term_string}"},"query-input":{"@type":"PropertyValueSpecification","valueRequired":true,"valueName":"search_term_string"}}],"inLanguage":"pt-BR"},{"@type":"Organization","@id":"https:\/\/www.suno.com.br\/noticias\/#organization","name":"Suno Not\u00edcias","url":"https:\/\/www.suno.com.br\/noticias\/","logo":{"@type":"ImageObject","inLanguage":"pt-BR","@id":"https:\/\/www.suno.com.br\/noticias\/#\/schema\/logo\/image\/","url":"https:\/\/files.sunoresearch.com.br\/n\/uploads\/2021\/09\/suno-logo.png","contentUrl":"https:\/\/files.sunoresearch.com.br\/n\/uploads\/2021\/09\/suno-logo.png","width":180,"height":180,"caption":"Suno Not\u00edcias"},"image":{"@id":"https:\/\/www.suno.com.br\/noticias\/#\/schema\/logo\/image\/"},"sameAs":["https:\/\/facebook.com\/sunoresearch","https:\/\/x.com\/sunoresearch","https:\/\/www.instagram.com\/suno","https:\/\/www.linkedin.com\/company\/suno-research\/","https:\/\/www.youtube.com\/c\/sunoresearch"]},{"@type":"Person","@id":"https:\/\/www.suno.com.br\/noticias\/#\/schema\/person\/653a8428016d45b19031651c57b94f82","name":"Laura Intrieri","image":{"@type":"ImageObject","inLanguage":"pt-BR","@id":"https:\/\/www.suno.com.br\/noticias\/#\/schema\/person\/image\/","url":"https:\/\/secure.gravatar.com\/avatar\/27e3058d15d09a0a778c3d387c062d71?s=96&r=g","contentUrl":"https:\/\/secure.gravatar.com\/avatar\/27e3058d15d09a0a778c3d387c062d71?s=96&r=g","caption":"Laura Intrieri"},"description":"Rep\u00f3rter no Suno Not\u00edcias, cobre mercados, pol\u00edtica e economia. Escreve sobre Bolsa de Valores. Formada em Administra\u00e7\u00e3o P\u00fablica pela Funda\u00e7\u00e3o Get\u00falio Vargas, j\u00e1 passou pelo portal Money Times, escrevendo sobre pol\u00edtica e economia para a editoria \"Brasil\". Tamb\u00e9m j\u00e1 contribuiu para Ag\u00eancia Estado, cobrindo balan\u00e7os trimestrais e relat\u00f3rios de casas de an\u00e1lise. J\u00e1 produziu podcasts educativos e corporativos para a FGV EAESP. Durante a gradua\u00e7\u00e3o, desempenhou atividades acad\u00eamicas com enfoque em Finan\u00e7as P\u00fablicas.","url":"https:\/\/www.suno.com.br\/noticias\/author\/laura-intrieri\/"}]}},"default_loop_html":"<div class=\"cardsPage__listCard__boxs\"><div class=\"cardsPage__listCard__boxs__img\"><a href=\"https:\/\/www.suno.com.br\/noticias\/azul-azul4-nova-ponte-aerea-rio-sp\/\"><img class=\"mask\" src=\"https:\/\/www.suno.com.br\/noticias\/wp-content\/themes\/suno\/resources\/images\/spotlight\/spotlight1img\/bg-mask.png\" alt=\"Image Mask\"\/><img src=\"https:\/\/files.sunoresearch.com.br\/n\/uploads\/2021\/06\/06f5024f-aviao_azul_vacina_india_2-400x200.webp\" alt=\"Azul (AZUL4) cria nova ponte-a\u00e9rea SP-Rio com Congonhas e Jacarepagu\u00e1\"\/><\/a><span class=\"spotlightCategory\"><a href=\"https:\/\/www.suno.com.br\/noticias\/mercado\/\">Mercado<\/a><\/span><\/div><div class=\"cardsPage__listCard__boxs__content\"><a href=\"https:\/\/www.suno.com.br\/noticias\/azul-azul4-nova-ponte-aerea-rio-sp\/\"><h2 class=\"content__title\">Azul (AZUL4) cria nova ponte-a\u00e9rea SP-Rio com Congonhas e Jacarepagu\u00e1<\/h2><\/a><div class=\"newsContent__article__meta\"><div class=\"newsContent__article__meta__authorBox\"><a href=\"https:\/\/www.suno.com.br\/noticias\/author\/laura-intrieri\/\" class=\"authorBox__avatar noMobi\"><img src=\"https:\/\/files.sunoresearch.com.br\/n\/uploads\/2022\/10\/WhatsApp-Image-2022-10-05-at-17.31.14-150x150.jpeg\" alt=\"Laura Intrieri\"><\/a><div class=\"authorBox__name\"><span>por\n\t\t\t<a href=\"https:\/\/www.suno.com.br\/noticias\/author\/laura-intrieri\/\"><span itemprop=\"author\">Laura Intrieri<\/span><\/a><\/span><time datetime=\"2022-09-21T15:43:36-03:00\" itemprop=\"datePublished\">21\/09\/2022 15:43<\/time><\/div><\/div><\/div><\/div><\/div>","single_layout":"posts","amp_enabled":true,"_links":{"self":[{"href":"https:\/\/www.suno.com.br\/noticias\/wp-json\/wp\/v2\/posts\/300358"}],"collection":[{"href":"https:\/\/www.suno.com.br\/noticias\/wp-json\/wp\/v2\/posts"}],"about":[{"href":"https:\/\/www.suno.com.br\/noticias\/wp-json\/wp\/v2\/types\/post"}],"author":[{"embeddable":true,"href":"https:\/\/www.suno.com.br\/noticias\/wp-json\/wp\/v2\/users\/192"}],"replies":[{"embeddable":true,"href":"https:\/\/www.suno.com.br\/noticias\/wp-json\/wp\/v2\/comments?post=300358"}],"version-history":[{"count":2,"href":"https:\/\/www.suno.com.br\/noticias\/wp-json\/wp\/v2\/posts\/300358\/revisions"}],"predecessor-version":[{"id":300435,"href":"https:\/\/www.suno.com.br\/noticias\/wp-json\/wp\/v2\/posts\/300358\/revisions\/300435"}],"wp:featuredmedia":[{"embeddable":true,"href":"https:\/\/www.suno.com.br\/noticias\/wp-json\/wp\/v2\/media\/156482"}],"wp:attachment":[{"href":"https:\/\/www.suno.com.br\/noticias\/wp-json\/wp\/v2\/media?parent=300358"}],"wp:term":[{"taxonomy":"category","embeddable":true,"href":"https:\/\/www.suno.com.br\/noticias\/wp-json\/wp\/v2\/categories?post=300358"},{"taxonomy":"post_tag","embeddable":true,"href":"https:\/\/www.suno.com.br\/noticias\/wp-json\/wp\/v2\/tags?post=300358"},{"taxonomy":"suno_strategy","embeddable":true,"href":"https:\/\/www.suno.com.br\/noticias\/wp-json\/wp\/v2\/suno_strategy?post=300358"}],"curies":[{"name":"wp","href":"https:\/\/api.w.org\/{rel}","templated":true}]}}