{"id":300356,"date":"2022-09-21T18:36:18","date_gmt":"2022-09-21T21:36:18","guid":{"rendered":"https:\/\/www.suno.com.br\/noticias\/?p=300356"},"modified":"2022-09-21T20:32:19","modified_gmt":"2022-09-21T23:32:19","slug":"copom-selic-decisao-juros-setembro-2022","status":"publish","type":"post","link":"https:\/\/www.suno.com.br\/noticias\/copom-selic-decisao-juros-setembro-2022\/","title":{"rendered":"Copom interrompe ciclo de altas e mant\u00e9m taxa Selic a 13,75% ao ano; veja por qu\u00ea"},"content":{"rendered":"<p>O\u00a0<a class=\"suno-keyword\" href=\"https:\/\/www.suno.com.br\/artigos\/copom\/\" target=\"_blank\" rel=\"noopener\" data-force=\"no\" data-priority=\"2\">Comit\u00ea de Pol\u00edtica Monet\u00e1ria (<strong>Copom<\/strong>)<\/a>, do Banco Central, informou nesta quarta (21) que manteve a taxa Selic em 13,75%. A decis\u00e3o, no sexto encontro do comit\u00ea do Banco Central em 2022, era esperada pelo mercado e interrompeu o ciclo de altas do Banco Central, iniciado em mar\u00e7o do ano passado.<\/p>\t<div class=\"wrapper-featured-image\">\n\t\t<figure class=\"spotlightImg\">\n\n\t\t\t<picture>\n\t\t\t\t<source media=\"(max-width: 768px)\" srcset=\"https:\/\/files.sunoresearch.com.br\/n\/uploads\/2022\/09\/banco-central-400x200.jpg\">\n\t\t\t\t<img loading=\"lazy\" decoding=\"async\" class=\"newsContent__article__imgCapa lazyloadDisabled \" src=\"https:\/\/files.sunoresearch.com.br\/n\/uploads\/2022\/09\/banco-central-800x450.jpg\" width=\"800\" height=\"450\" alt=\"Copom interrompe ciclo de altas e mant\u00e9m taxa Selic a 13,75% ao ano; veja por qu\u00ea\" fetchpriority=high \/>\n\t\t\t<\/picture>\n\n\t\t\t<figcaption class=\"wp-caption-text wp-caption-text--show\">Temor sobre pol\u00edtica fiscal predomina em reuni\u00f5es do BC com economistas, diz site. Foto: Marcello Casal Jr.\/Ag\u00eancia Brasil<\/figcaption>\n\t\t<\/figure>\n\t<\/div>\n\n\n\t<p>\n\t\t<a href=\"\" target=\"_blank\" data-element=\"shortcode-suno-banner\" title=\"Banner SUNO, clique e saiba mais\">\n\t\t\t<picture>\n\t\t\t\t<source media=\"(max-width: 500px)\" srcset=\"\">\n\t\t\t\t<img class=\"newsContent__article__imgCapa newsContent__article__imgCapa--banner\"\n\t\t\t\t\tsrc=\"\"\n\t\t\t\t\tdata-promo-id=\"240038\"\t\t\t\t\t\t\t\t\t\t\t\t\t\t\talt=\"\"\n\t\t\t\t>\n\t\t\t<\/picture>\n\t\t<\/a>\n\t<\/p>\n\n\n<p>A <strong>decis\u00e3o do Copom<\/strong> n\u00e3o foi un\u00e2nime, como ocorre na maioria das reuni\u00f5es do colegiado. Desde 2016 o colegiada n\u00e3o ficava t\u00e3o dividido. &#8220;Votaram por essa decis\u00e3o os seguintes membros do Comit\u00ea: Roberto de Oliveira Campos Neto (presidente), Bruno Serra Fernandes, Carolina de Assis Barros, Diogo Abry Guillen, Maur\u00edcio Costa de Moura, Ot\u00e1vio Ribeiro Damaso e Paulo S\u00e9rgio Neves de Souza. Os seguintes membros votaram por uma eleva\u00e7\u00e3o residual de 0,25 ponto percentual: Fernanda Magalh\u00e3es Rumenos Guardado e Renato Dias de Brito Gomes.&#8221; Tr\u00eas membros do Copom votaram por aumento de 0,25 ponto percentual.<\/p>\n<p>Mas o colegiado ainda deixou a porta aberta para voltar a subir a taxa. &#8220;O Copom avaliar\u00e1 se estrat\u00e9gia de manuten\u00e7\u00e3o prolongada da Selic ser\u00e1 capaz de converg\u00eancia e se manter\u00e1 vigilante&#8221;, explicou o comunicado da autoridade monet\u00e1ria. E ponderou: &#8220;Passos futuros da <a class=\"suno-keyword\" href=\"https:\/\/www.suno.com.br\/artigos\/politica-monetaria\/\" target=\"_blank\" rel=\"noopener\" data-force=\"no\" data-priority=\"1\">pol\u00edtica monet\u00e1ria<\/a> poder\u00e3o ser ajustados. O Copom n\u00e3o hesitar\u00e1 em retomar ajuste caso desinfla\u00e7\u00e3o n\u00e3o transcorra como esperado.&#8221;<\/p>\n<p>O <strong>comunicado do Copom<\/strong> complementa: &#8220;Permanecem fatores de riscos para infla\u00e7\u00e3o em ambas as dire\u00e7\u00f5es. Entre riscos de alta est\u00e1 maior persist\u00eancia de press\u00f5es globais e o risco de alta as incertezas sobre futuro do arcabou\u00e7o fiscal e est\u00edmulos adicionais.&#8221;<\/p>\n<p>Mesmo com as expectativas de infla\u00e7\u00e3o ainda num patamar alto, o Comit\u00ea de Pol\u00edtica Monet\u00e1ria do Banco Central manteve a taxa Selic em 13,75% ao ano, encerrando o mais longo ciclo de alta de juros de sua hist\u00f3ria.<\/p>\n<p>A taxa, ainda assim, \u00e9 a maior desde janeiro de 2017. Foram 12 altas consecutivas neste processo de aperto monet\u00e1rio, com um aumento acumulado de 11,75 pontos porcentuais, o maior choque de juros desde 1999. O ciclo foi iniciado em mar\u00e7o de 2021, quando os juros b\u00e1sicos estavam na m\u00ednima hist\u00f3rica de 2% ao ano.<\/p>\n<p>O <strong>aumento de juros<\/strong> \u00e9 considerado uma medida impopular. A \u00faltima vez que ocorreu um aumento da Selic durante a campanha ao Pal\u00e1cio do Planalto foi em 2002, ano da primeira vit\u00f3ria do ex-presidente Luiz In\u00e1cio Lula da Silva. O ent\u00e3o candidato do governo, Jos\u00e9 Serra (PSDB), perdeu aquela elei\u00e7\u00e3o.<\/p>\n<h2>Selic pode voltar a subir &#8220;caso a infla\u00e7\u00e3o n\u00e3o caia como o esperado&#8221;<\/h2>\n<p>Em comunicado, o Copom informou que continuar\u00e1 a monitorar a economia e poder\u00e1 voltar a subir a taxa Selic caso a infla\u00e7\u00e3o n\u00e3o caia como esperado. &#8220;O comit\u00ea refor\u00e7a que ir\u00e1 perseverar at\u00e9 que se consolide n\u00e3o apenas o processo de desinfla\u00e7\u00e3o como tamb\u00e9m a ancoragem das expectativas em torno de suas metas.&#8221;<\/p>\n<p>Entre os riscos de alta para o cen\u00e1rio inflacion\u00e1rio e as expectativas de infla\u00e7\u00e3o, o Copom destaca &#8220;uma maior persist\u00eancia das press\u00f5es inflacion\u00e1rias globais, uma desacelera\u00e7\u00e3o da atividade econ\u00f4mica global mais acentuada do que a projetada e a manuten\u00e7\u00e3o dos cortes de impostos projetados para serem revertidos em 2023.&#8221;<\/p>\n<p>O comunicado repete: &#8220;O Comit\u00ea avalia que a conjuntura, ainda particularmente incerta e vol\u00e1til, requer serenidade na avalia\u00e7\u00e3o dos riscos.&#8221;<\/p>\n<p>A queda da infla\u00e7\u00e3o nos \u00faltimos dois meses refor\u00e7ou a previs\u00e3o das <a class=\"suno-keyword\" href=\"https:\/\/www.suno.com.br\/artigos\/instituicoes-financeiras\/\" target=\"_blank\" rel=\"noopener\" data-force=\"no\" data-priority=\"1\">institui\u00e7\u00f5es financeiras<\/a> pela manuten\u00e7\u00e3o da Selic. Em julho, houve defla\u00e7\u00e3o de 0,68% e, em agosto, de 0,36%. Com esse \u00faltimo resultado, divulgado pelo Instituto Brasileiro de Geografia e Estat\u00edstica (IBGE), o \u00cdndice Nacional de Pre\u00e7os ao Consumidor Amplo (IPCA \u2013 a infla\u00e7\u00e3o oficial do pa\u00eds) acumula alta de 4,39% no ano e de 8,73% em 12 meses.<\/p>\n<p>As <strong>proje\u00e7\u00f5es de infla\u00e7\u00e3o c<\/strong>ontinuam, no entanto, acima da meta do Banco Central. &#8220;Situam-se em 5,8% para 2022, 4,6% para 2023 e 2,8% para 2024.&#8221;<\/p>\n<p>O Copom explica: &#8220;O Comit\u00ea enfatiza que os passos futuros da pol\u00edtica monet\u00e1ria poder\u00e3o ser ajustados e n\u00e3o hesitar\u00e1 em retomar o ciclo de ajuste caso o processo de desinfla\u00e7\u00e3o n\u00e3o transcorra como esperado.&#8221;<\/p>\n<p>Para 41 das 50 institui\u00e7\u00f5es financeiras ouvidas pelo\u00a0<i>Proje\u00e7\u00f5es Broadcast<\/i>, a taxa deveria ser mantida em 13,75% na reuni\u00e3o que come\u00e7ou ontem e terminou hoje, movimento que encerraria o mais longo ciclo de aperto monet\u00e1rio da hist\u00f3ria. No entanto, economistas reconhecem que aumentou o risco de ajuste residual de 0,25 ponto<\/p>\n<h2>E o &#8216;ajuste residual&#8217; da Selic?<\/h2>\n<p>Em nota ap\u00f3s a pen\u00faltima reuni\u00e3o, em agosto, o Copom tinha afirmado que poderia elevar a <strong>taxa Selic<\/strong> em 0,25 ponto no encontro de setembro, o &#8220;ajuste residual&#8221;, em fun\u00e7\u00e3o dos riscos de que a infla\u00e7\u00e3o ficasse acima da meta em prazos mais longos. A alta de juros dos bancos centrais dos Estados Unidos e da Europa tamb\u00e9m contribuiria para um novo aumento da Selic. O comit\u00ea disse que \u201cavaliaria a necessidade de um ajuste residual, de menor magnitude, em sua pr\u00f3xima reuni\u00e3o\u201d \u2013 ou seja, de 0,25 ponto porcentual.<\/p>\n\n\t<div data-element=\"shortcode-read-more\" class=\"readToo\">\n\t\t\t\t<span class=\"readToo__title\">Leia mais<\/span>\n\t\t\t\t<ul class=\"readToo__list\">\n\t\t\t<li><a href=\"https:\/\/www.suno.com.br\/noticias\/copom-manter-selic-mercado-nao-descarta-alta\/\">Copom deve manter Selic em 13,75%, mas mercado n\u00e3o descarta nova alta; veja por qu\u00ea<\/a><\/li><li><a href=\"https:\/\/www.suno.com.br\/noticias\/ata-do-copom-selic-tempo-alta\/\">Ata do Copom diz que Banco Central deve manter Selic alta por tempo &#8220;suficientemente longo&#8221;; veja an\u00e1lises<\/a><\/li>\t\t<\/ul>\n\t<\/div>\n\n\n<p>O colegiado do Copom, no entanto, ficou dividido entre uma eleva\u00e7\u00e3o para 14% ao ano ou a manuten\u00e7\u00e3o da taxa b\u00e1sica em 13,75%, como esperava o <a class=\"suno-keyword\" href=\"https:\/\/www.suno.com.br\/guias\/mercado-financeiro\/\" target=\"_blank\" rel=\"noopener\" data-force=\"no\" data-priority=\"2\">mercado financeiro<\/a>. De acordo com o boletim Focus, a expectativa \u00e9 de que a Selic termine o ano nesse patamar de 13,75%. Al\u00e9m da reuni\u00e3o que come\u00e7ou ontem, o Copom tem mais dois encontros em 2022, em outubro e dezembro.<\/p>\n\t<p>\n\t\t<a href=\"https:\/\/lp.suno.com.br\/ebook-como-analisar-uma-acao\/\" target=\"_blank\" data-element=\"shortcode-suno-banner\" title=\"Banner SUNO, clique e saiba mais\">\n\t\t\t<picture>\n\t\t\t\t<source media=\"(max-width: 500px)\" srcset=\"https:\/\/files.sunoresearch.com.br\/n\/uploads\/2023\/03\/Ebook-Acoes-Mobile-1.jpg\">\n\t\t\t\t<img class=\"newsContent__article__imgCapa newsContent__article__imgCapa--banner\"\n\t\t\t\t\tsrc=\"https:\/\/files.sunoresearch.com.br\/n\/uploads\/2023\/03\/Ebook-Acoes-Desktop-1.jpg\"\n\t\t\t\t\tdata-promo-id=\"171998\"\t\t\t\t\t\t\t\t\t\twidth='1420' height='286'\t\t\t\t\talt=\"https:\/\/files.sunoresearch.com.br\/n\/uploads\/2023\/03\/Ebook-Acoes-Desktop-1.jpg\"\n\t\t\t\t>\n\t\t\t<\/picture>\n\t\t<\/a>\n\t<\/p>\n\n\n<h2>Ciclo de altas come\u00e7ou em mar\u00e7o<\/h2>\n<p>De mar\u00e7o a junho do ano passado, o Copom tinha elevado a taxa em 0,75 ponto percentual em cada encontro. No in\u00edcio de agosto, o <strong>BC<\/strong> passou a aumentar a Selic em 1 ponto a cada reuni\u00e3o. Com a alta da infla\u00e7\u00e3o e o agravamento das tens\u00f5es no mercado financeiro, a Selic foi elevada em 1,5 ponto de outubro do ano passado at\u00e9 fevereiro deste ano. O Copom promoveu dois aumentos de 1 ponto, em mar\u00e7o e maio, e dois aumentos de 0,5 ponto, em junho e agosto.<\/p>\n<p>Antes do in\u00edcio do <strong>ciclo de alta<\/strong>, a Selic tinha sido reduzida para 2% ao ano, no n\u00edvel mais baixo da s\u00e9rie hist\u00f3rica iniciada em 1986. Por causa da contra\u00e7\u00e3o econ\u00f4mica gerada pela pandemia de covid-19, o Banco Central tinha derrubado a taxa para estimular a produ\u00e7\u00e3o e o consumo. A taxa ficou no menor patamar da hist\u00f3ria de agosto de 2020 a mar\u00e7o de 2021.<\/p>\n<p>A Selic \u00e9 o principal instrumento do Banco Central para manter sob controle a infla\u00e7\u00e3o oficial, medida pelo <a class=\"suno-keyword\" href=\"https:\/\/www.suno.com.br\/guias\/ipca\/\" target=\"_blank\" rel=\"noopener\" data-force=\"no\" data-priority=\"2\">\u00cdndice Nacional de Pre\u00e7os ao Consumidor Amplo (IPCA)<\/a>. Em agosto, o indicador fechou em 8,73% no acumulado de 12 meses, com dois meses seguidos de infla\u00e7\u00e3o negativa, por causa da queda do pre\u00e7o da energia e da gasolina.<\/p>\n<p>Apesar da desacelera\u00e7\u00e3o recente, o valor est\u00e1 acima do <strong>teto da <a class=\"suno-keyword\" href=\"https:\/\/www.suno.com.br\/artigos\/meta-de-inflacao\/\" target=\"_blank\" rel=\"noopener\" data-force=\"no\" data-priority=\"1\">meta de infla\u00e7\u00e3o<\/a><\/strong>. Para 2022, o <a class=\"suno-keyword\" href=\"https:\/\/www.suno.com.br\/artigos\/cmn-conselho-monetario-nacional\/\" target=\"_blank\" rel=\"noopener\" data-force=\"no\" data-priority=\"1\">Conselho Monet\u00e1rio Nacional (CMN)<\/a> fixou meta de infla\u00e7\u00e3o de 3,5%, com margem de toler\u00e2ncia de 1,5 ponto percentual. O IPCA, portanto, n\u00e3o podia superar 5% neste ano nem ficar abaixo de 2%.<\/p>\n<p>No Relat\u00f3rio de Infla\u00e7\u00e3o divulgado no fim de junho pelo Banco Central, a autoridade monet\u00e1ria estimava que o IPCA fecharia 2022 em 8,8% no cen\u00e1rio base. A proje\u00e7\u00e3o, no entanto, est\u00e1 desatualizada e dever\u00e1 ser revista para baixo por causa das desonera\u00e7\u00f5es sobre a gasolina e o g\u00e1s de cozinha. A nova vers\u00e3o do relat\u00f3rio ser\u00e1 divulgada no fim de setembro.<\/p>\n<p>As previs\u00f5es do mercado est\u00e3o mais otimistas. De acordo com o boletim Focus, pesquisa semanal com institui\u00e7\u00f5es financeiras divulgada pelo BC, a infla\u00e7\u00e3o oficial dever\u00e1 fechar o ano em 6%. No in\u00edcio de junho, as estimativas do mercado chegavam a 9%.<\/p>\n<figure id=\"attachment_300520\" aria-describedby=\"caption-attachment-300520\" style=\"width: 1200px\" class=\"wp-caption alignnone\"><img loading=\"lazy\" decoding=\"async\" class=\"wp-image-300520 size-full\" src=\"https:\/\/files.sunoresearch.com.br\/n\/uploads\/2022\/09\/chart-1.jpeg\" alt=\"\" width=\"1200\" height=\"420\" srcset=\"https:\/\/files.sunoresearch.com.br\/n\/uploads\/2022\/09\/chart-1.jpeg 1200w, https:\/\/files.sunoresearch.com.br\/n\/uploads\/2022\/09\/chart-1-300x105.jpeg 300w, https:\/\/files.sunoresearch.com.br\/n\/uploads\/2022\/09\/chart-1-1024x358.jpeg 1024w, https:\/\/files.sunoresearch.com.br\/n\/uploads\/2022\/09\/chart-1-768x269.jpeg 768w, https:\/\/files.sunoresearch.com.br\/n\/uploads\/2022\/09\/chart-1-150x53.jpeg 150w\" sizes=\"(max-width: 1200px) 100vw, 1200px\" \/><figcaption id=\"caption-attachment-300520\" class=\"wp-caption-text\"><em>Trajet\u00f3ria da infla\u00e7\u00e3o em um ano. Gr\u00e1fico: Banco Central<\/em><\/figcaption><\/figure>\n<figure id=\"attachment_300521\" aria-describedby=\"caption-attachment-300521\" style=\"width: 1200px\" class=\"wp-caption alignnone\"><img loading=\"lazy\" decoding=\"async\" class=\"wp-image-300521 size-full\" src=\"https:\/\/files.sunoresearch.com.br\/n\/uploads\/2022\/09\/chart.jpeg\" alt=\"\" width=\"1200\" height=\"420\" srcset=\"https:\/\/files.sunoresearch.com.br\/n\/uploads\/2022\/09\/chart.jpeg 1200w, https:\/\/files.sunoresearch.com.br\/n\/uploads\/2022\/09\/chart-300x105.jpeg 300w, https:\/\/files.sunoresearch.com.br\/n\/uploads\/2022\/09\/chart-1024x358.jpeg 1024w, https:\/\/files.sunoresearch.com.br\/n\/uploads\/2022\/09\/chart-768x269.jpeg 768w, https:\/\/files.sunoresearch.com.br\/n\/uploads\/2022\/09\/chart-150x53.jpeg 150w\" sizes=\"(max-width: 1200px) 100vw, 1200px\" \/><figcaption id=\"caption-attachment-300521\" class=\"wp-caption-text\"><em>Trajet\u00f3ria da Selic em um ano. Gr\u00e1fico: Banco Central<\/em><\/figcaption><\/figure>\n<h2>Copom de setembro tem primeira decis\u00e3o dividida desde mar\u00e7o de 2016<\/h2>\n<p>A decis\u00e3o anunciada h\u00e1 pouco pelo Comit\u00ea de Pol\u00edtica Monet\u00e1ria (Copom), que manteve a taxa Selic em 13,75%, foi a primeira tomada sem unanimidade entre os membros em mais de seis anos. O colegiado teve uma decis\u00e3o &#8220;dividida&#8221; pela \u00faltima vez em mar\u00e7o de 2016, \u00e0 \u00e9poca do ent\u00e3o presidente do Banco Central (BC) Alexandre Tombini.<\/p>\n<p>\u00c0 \u00e9poca, o Copom decidiu manter a taxa Selic est\u00e1vel em 14,25%, por uma maioria de 7 votos a 2. O grupo minorit\u00e1rio defendia aumento dos juros a 14,75%. Hoje, foram 7 votos a favor da manuten\u00e7\u00e3o da taxa Selic em 13,75%, contra 2 votos por uma alta residual de 0,25 ponto porcentual dos juros, a 14,0%.<\/p>\n<p>Hoje, em uma decis\u00e3o dividida sobre o patamar da taxa Selic, o Comit\u00ea de Pol\u00edtica Monet\u00e1ria (Copom) adicionou mais riscos ao seu cen\u00e1rio de infla\u00e7\u00e3o, tanto para o lado positivo quanto negativo. Dentre os riscos, refor\u00e7ou o alerta sobre a situa\u00e7\u00e3o fiscal do Pa\u00eds, mesmo com as criticas abertas do ministro da Economia, Paulo Guedes, \u00e0 comunica\u00e7\u00e3o do Banco Central. A Selic foi mantida em 13,75% ao ano, sendo que 2 dos 9 membros do Copom votaram pelo aumento de 0,25 ponto porcentual, para 14%.<\/p>\n<h2>Maior taxa de juro real<\/h2>\n<p>Mesmo com a estabilidade da taxa Selic, o Brasil continua a ter a maior taxa de juro real (descontada a infla\u00e7\u00e3o) do mundo, em uma lista com 40 economias. C\u00e1lculos do site MoneYou e da Infinity Asset Management indicam que o juro real brasileiro est\u00e1 agora em 8,22% ao ano. Em segundo lugar na lista que considera economias mais relevantes, aparece o M\u00e9xico (5,13%), seguido da Col\u00f4mbia (3,86%). A m\u00e9dia dos 40 pa\u00edses avaliados \u00e9 de -1,69%.<\/p>\n<p>O aumento do juro b\u00e1sico da economia reflete em taxas banc\u00e1rias mais elevadas, embora haja uma defasagem de seis a nove meses entre a decis\u00e3o do BC e o encarecimento do cr\u00e9dito. A eleva\u00e7\u00e3o da taxa de juros tamb\u00e9m influencia negativamente o consumo da popula\u00e7\u00e3o e os investimentos produtivos. Por outro lado, aplica\u00e7\u00f5es em renda fixa, como no Tesouro Direto e em deb\u00eantures (t\u00edtulos de empresas), passam a render mais.<\/p>\n<h2><b>Combate \u00e0 infla\u00e7\u00e3o<\/b><\/h2>\n<p>O Banco Central se baseia no sistema de metas de infla\u00e7\u00e3o para calibrar os juros b\u00e1sicos. Quando a infla\u00e7\u00e3o est\u00e1 alta, o BC eleva a Selic. Quando as estimativas para a infla\u00e7\u00e3o est\u00e3o em linha com as metas, o BC a reduz. A disparada dos pre\u00e7os esteve intimamente ligada \u00e0 disparada da infla\u00e7\u00e3o em 2021 e 2022.<\/p>\n<p>Para 2022, a meta central de infla\u00e7\u00e3o \u00e9 de 3,5% e ser\u00e1 oficialmente cumprida se o \u00edndice oscilar de 2% a 5%. Para 2023, a meta de infla\u00e7\u00e3o foi fixada 3,25%, e ser\u00e1 considerada formalmente cumprida se oscilar entre 1,75% e 4,75%. As estimativas de infla\u00e7\u00e3o para este e o pr\u00f3ximo ano continuam muito acima do teto da meta, mesmo com a desacelera\u00e7\u00e3o dos pre\u00e7os. O BC j\u00e1 indicou que s\u00f3 prev\u00ea voltar \u00e0 meta em 2024.<\/p>\n<p>A decis\u00e3o desta quarta-feira, 21, era esperada pela maior parte do mercado financeiro. De 50 institui\u00e7\u00f5es financeiras consultadas pelo servi\u00e7o Proje\u00e7\u00f5es Broadcast, 41 esperavam estabilidade, enquanto 9 previam avan\u00e7o de 0,25 ponto porcentual, para 14%.<\/p>\n<p>No encontro de agosto, o BC indicou que o plano de voo era manuten\u00e7\u00e3o dos juros em patamar significativamente contracionista ap\u00f3s o aumento da Selic naquela reuni\u00e3o, mas que iria avaliar a necessidade de um ajuste residual, de 0,25 ponto porcentual este m\u00eas.<\/p>\n<h2><b>Cr\u00edticas de Paulo Guedes<\/b><\/h2>\n<p>Na segunda-feira, o ministro da Economia, Paulo Guedes, disse que o BC errou as proje\u00e7\u00f5es econ\u00f4micas por n\u00e3o perceber uma &#8220;mudan\u00e7a no eixo&#8221;. &#8220;O BC tamb\u00e9m errou proje\u00e7\u00f5es, mas com erro t\u00e9cnico, de pessoal mais sofisticado. O BC errou por n\u00e3o perceber que mudamos o eixo da economia. O BC errou ao falar o tempo todo em risco fiscal, desajuste fiscal, quando \u00edamos para super\u00e1vit. O BC estava preocupado com o fiscal e eu com o juro negativo&#8221;, disse.<\/p>\n<p>No cen\u00e1rio internacional, o Federal Reserve (Fed), o banco central dos Estados Unidos, aumentou nesta quarta-feira as taxas de juros do pa\u00eds para uma faixa de 3% a 3,25% &#8211; uma alta de 0,75 ponto percentual. \u00c9 a quinta eleva\u00e7\u00e3o neste ano, levando a taxa b\u00e1sica de juros dos EUA ao seu maior patamar desde 2008, pouco antes de o pa\u00eds passar por sua maior crise desde a quebra das bolsas em 1929.<\/p>\n<h2>Leia o comunicado do Copom na \u00edntegra:<\/h2>\n<p><em>Em sua 249\u00aa reuni\u00e3o, o Comit\u00ea de Pol\u00edtica Monet\u00e1ria (Copom) decidiu manter a taxa Selic em 13,75% a.a.<\/em><\/p>\n<p><em>A atualiza\u00e7\u00e3o do cen\u00e1rio do Copom pode ser descrita com as seguintes observa\u00e7\u00f5es:<\/em><\/p>\n<p><em>&#8220;O ambiente externo mant\u00e9m-se adverso e vol\u00e1til, com cont\u00ednuas revis\u00f5es negativas para o crescimento das principais economias, em especial para a China. O ambiente inflacion\u00e1rio segue pressionado, enquanto o processo de normaliza\u00e7\u00e3o da pol\u00edtica monet\u00e1ria nos pa\u00edses avan\u00e7ados prossegue na dire\u00e7\u00e3o de taxas restritivas;<\/em><\/p>\n<p><em>Em rela\u00e7\u00e3o \u00e0 atividade econ\u00f4mica brasileira, a divulga\u00e7\u00e3o do PIB apontou ritmo de crescimento acima do esperado no segundo trimestre, e o conjunto dos indicadores divulgado desde a \u00faltima <a class=\"suno-keyword\" href=\"https:\/\/www.suno.com.br\/artigos\/copom\/\" target=\"_blank\" rel=\"noopener\" data-force=\"no\" data-priority=\"2\">reuni\u00e3o do Copom<\/a> seguiu sinalizando crescimento;<\/em><\/p>\n<p><em>A infla\u00e7\u00e3o ao consumidor, apesar da queda recente em itens mais vol\u00e1teis e dos efeitos de medidas tribut\u00e1rias, continua elevada;<\/em><\/p>\n<p><em>As diversas medidas de infla\u00e7\u00e3o subjacente apresentam-se acima do intervalo compat\u00edvel com o cumprimento da meta para a infla\u00e7\u00e3o;<\/em><\/p>\n<p><em>As expectativas de infla\u00e7\u00e3o para 2022, 2023 e 2024 apuradas pela pesquisa Focus encontram-se em torno de 6,0%, 5,0% e 3,5%, respectivamente; e<\/em><\/p>\n<p><em>No cen\u00e1rio de refer\u00eancia, a trajet\u00f3ria para a taxa de juros \u00e9 extra\u00edda da pesquisa Focus e a taxa de c\u00e2mbio parte de USD\/BRL 5,20*, evoluindo segundo a <a class=\"suno-keyword\" href=\"https:\/\/www.suno.com.br\/artigos\/paridade-de-poder-de-compra-ppc\/\" target=\"_blank\" rel=\"noopener\" data-force=\"no\" data-priority=\"1\">paridade do poder de compra<\/a> (PPC). O <a class=\"suno-keyword\" href=\"https:\/\/www.suno.com.br\/artigos\/preco-do-petroleo\/\" target=\"_blank\" rel=\"noopener\" data-force=\"no\" data-priority=\"1\">pre\u00e7o do petr\u00f3leo<\/a> segue aproximadamente a curva futura pelos pr\u00f3ximos seis meses e passa a aumentar 2% ao ano posteriormente. Al\u00e9m disso, adota-se a hip\u00f3tese de bandeira tarif\u00e1ria &#8220;verde&#8221; em dezembro de 2022 e &#8220;amarela&#8221; em dezembro de 2023 e de 2024. Nesse cen\u00e1rio, as proje\u00e7\u00f5es de infla\u00e7\u00e3o do Copom situam-se em 5,8% para 2022, 4,6% para 2023 e 2,8% para 2024. As proje\u00e7\u00f5es para a infla\u00e7\u00e3o de <a class=\"suno-keyword\" href=\"https:\/\/www.suno.com.br\/artigos\/precos-administrados\/\" target=\"_blank\" rel=\"noopener\" data-force=\"no\" data-priority=\"1\">pre\u00e7os administrados<\/a> s\u00e3o de -4,0% para 2022, 9,3% para 2023 e 3,7% para 2024. O Comit\u00ea optou novamente por dar \u00eanfase ao horizonte de seis trimestres \u00e0 frente, que reflete o horizonte relevante, suaviza os efeitos diretos decorrentes das mudan\u00e7as tribut\u00e1rias, mas incorpora os seus impactos secund\u00e1rios. Nesse horizonte, referente ao primeiro trimestre de 2024, a proje\u00e7\u00e3o de <a class=\"suno-keyword\" href=\"https:\/\/www.suno.com.br\/artigos\/inflacao-acumulada\/\" target=\"_blank\" rel=\"noopener\" data-force=\"no\" data-priority=\"1\">infla\u00e7\u00e3o acumulada<\/a> em doze meses situa-se em 3,5%. O Comit\u00ea julga que a incerteza em torno das suas premissas e proje\u00e7\u00f5es atualmente \u00e9 maior do que o usual.<\/em><\/p>\n<p><em>O Comit\u00ea ressalta que, em seus cen\u00e1rios para a infla\u00e7\u00e3o, permanecem fatores de risco em ambas as dire\u00e7\u00f5es. Entre os riscos de alta para o cen\u00e1rio inflacion\u00e1rio e as expectativas de infla\u00e7\u00e3o, destacam-se (i) uma maior persist\u00eancia das press\u00f5es inflacion\u00e1rias globais; (ii) a incerteza sobre o futuro do arcabou\u00e7o fiscal do pa\u00eds e est\u00edmulos fiscais adicionais que impliquem sustenta\u00e7\u00e3o da <a class=\"suno-keyword\" href=\"https:\/\/www.suno.com.br\/artigos\/demanda-agregada\/\" target=\"_blank\" rel=\"noopener\" data-force=\"no\" data-priority=\"1\">demanda agregada<\/a>, parcialmente incorporados nas expectativas de infla\u00e7\u00e3o e nos pre\u00e7os de ativos; e (iii) um hiato do produto mais estreito que o utilizado atualmente pelo Comit\u00ea em seu cen\u00e1rio de refer\u00eancia, em particular no mercado de trabalho. Entre os riscos de baixa, ressaltam-se (i) uma queda adicional dos pre\u00e7os das commodities internacionais em moeda local; (ii) uma desacelera\u00e7\u00e3o da atividade econ\u00f4mica global mais acentuada do que a projetada; e (iii) a manuten\u00e7\u00e3o dos cortes de impostos projetados para serem revertidos em 2023. O Comit\u00ea avalia que a conjuntura, ainda particularmente incerta e vol\u00e1til, requer serenidade na avalia\u00e7\u00e3o dos riscos.<\/em><\/p>\n<p><em>Considerando os cen\u00e1rios avaliados, o balan\u00e7o de riscos e o amplo conjunto de informa\u00e7\u00f5es dispon\u00edveis, o Copom decidiu manter a <a class=\"suno-keyword\" href=\"https:\/\/www.suno.com.br\/artigos\/taxa-de-juros\/\" target=\"_blank\" rel=\"noopener\" data-force=\"no\" data-priority=\"1\">taxa b\u00e1sica de juros<\/a> em 13,75% a.a. O<\/em><\/p>\n<p><em>Comit\u00ea entende que essa decis\u00e3o reflete a incerteza ao redor de seus cen\u00e1rios e um balan\u00e7o de riscos com vari\u00e2ncia ainda maior do que a usual para a infla\u00e7\u00e3o prospectiva, e \u00e9 compat\u00edvel com a estrat\u00e9gia de converg\u00eancia da infla\u00e7\u00e3o para o redor da meta ao longo do horizonte relevante, que inclui o ano de 2023 e, em grau menor, o de 2024. Sem preju\u00edzo de seu objetivo fundamental de assegurar a estabilidade de pre\u00e7os, essa decis\u00e3o tamb\u00e9m implica suaviza\u00e7\u00e3o das flutua\u00e7\u00f5es do n\u00edvel de atividade econ\u00f4mica e fomento do <a class=\"suno-keyword\" href=\"https:\/\/www.suno.com.br\/artigos\/pleno-emprego\/\" target=\"_blank\" rel=\"noopener\" data-force=\"no\" data-priority=\"1\">pleno emprego<\/a>.<\/em><\/p>\n<p><em>O Comit\u00ea se manter\u00e1 vigilante, avaliando se a estrat\u00e9gia de manuten\u00e7\u00e3o da taxa b\u00e1sica de juros por per\u00edodo suficientemente prolongado ser\u00e1 capaz de assegurar a converg\u00eancia da infla\u00e7\u00e3o. O Comit\u00ea refor\u00e7a que ir\u00e1 perseverar at\u00e9 que se consolide n\u00e3o apenas o processo de desinfla\u00e7\u00e3o como tamb\u00e9m a ancoragem das expectativas em torno de suas metas. O Comit\u00ea enfatiza que os passos futuros da pol\u00edtica monet\u00e1ria poder\u00e3o ser ajustados e n\u00e3o hesitar\u00e1 em retomar o ciclo de ajuste caso o processo de desinfla\u00e7\u00e3o n\u00e3o transcorra como esperado.<\/em><\/p>\n<p><em>Votaram por essa decis\u00e3o os seguintes membros do Comit\u00ea: Roberto de Oliveira Campos Neto (presidente), Bruno Serra Fernandes, Carolina de Assis Barros, Diogo Abry Guillen, Maur\u00edcio Costa de Moura, Ot\u00e1vio Ribeiro Damaso e Paulo S\u00e9rgio Neves de Souza. Os seguintes membros votaram por uma eleva\u00e7\u00e3o residual de 0,25 ponto percentual: Fernanda Magalh\u00e3es Rumenos Guardado e Renato Dias de Brito Gomes.&#8221;<\/em><\/p>\n<h2><strong>Mercado repercute o Copom: &#8220;Correto na decis\u00e3o e no comunicado&#8221;<\/strong><\/h2>\n<p>Ricardo Jorge, especialista em <a class=\"suno-keyword\" href=\"https:\/\/www.suno.com.br\/guias\/investimento-renda-fixa\/\" target=\"_blank\" rel=\"noopener\" data-force=\"no\" data-priority=\"2\">renda fixa<\/a> e s\u00f3cio da Quantzed, casa de an\u00e1lise e empresa de tecnologia e educa\u00e7\u00e3o para investidores, analisa: &#8220;O Copom decidiu manter a taxa de juros em 13,75% aa e, na minha vis\u00e3o, agiu de forma correta tanto na decis\u00e3o como no comunicado. A decis\u00e3o veio de acordo com as expectativas da maioria dos analistas que entendem que uma alta residual teria pouco efeito sobre a din\u00e2mica inflacion\u00e1ria, dado que as decis\u00f5es tomadas at\u00e9 agora come\u00e7ar\u00e3o a surtir efeito em breve. Ent\u00e3o, \u00e9 uma decis\u00e3o que n\u00e3o surpreende e j\u00e1 estava precificada. Apesar da preocupa\u00e7\u00e3o permanente com o n\u00edvel de pre\u00e7os, j\u00e1 se come\u00e7a a observar um arrefecimento da infla\u00e7\u00e3o, principalmente por conta das recentes medidas fiscais.&#8221;<\/p>\n<p>Jorge observa: &#8220;Ainda assim o Copom ressalta suas preocupa\u00e7\u00f5es com a persist\u00eancia inflacion\u00e1ria e aponta que h\u00e1 riscos em ambas as dire\u00e7\u00f5es. Enfatiza ainda que segue atento ao processo de desinfla\u00e7\u00e3o e n\u00e3o descartou a possibilidade de retomar o ciclo de ajuste caso julgue necess\u00e1rio. Diferente das anteriores, essa decis\u00e3o n\u00e3o foi un\u00e2nime. Acredito que s\u00f3 se justificaria uma continuidade de alta de juros no Brasil se o Fed tivesse sido muito mais agressivo na decis\u00e3o de subir juros nos EUA, o que n\u00e3o aconteceu.&#8221;<\/p>\n<h2>Incertezas com decis\u00f5es do Fed e do Copom<\/h2>\n<p>Bruno Viotto, economista e s\u00f3cio da Acqua Vero Investimentos, comenta: &#8220;\u201cDe maneira geral os mercados oscilaram muito hoje com a decis\u00e3o do Fomc e do <strong>Copom<\/strong>. A Selic veio de acordo com o esperado, ficou em 13,75% por causa da infla\u00e7\u00e3o que vem arrefecendo. Al\u00e9m disso, o fim do ciclo de alta da taxa de juros \u00e9 uma sinaliza\u00e7\u00e3o positiva, principalmente, para o setor de varejo. Ent\u00e3o, o encerramento do ciclo altista de juros traz para a <a class=\"suno-keyword\" href=\"https:\/\/www.suno.com.br\/guias\/bolsa-de-valores\/\" target=\"_blank\" rel=\"noopener\" data-force=\"no\" data-priority=\"3\">Bolsa de Valores<\/a> uma certa atratividade para o investidor que quer alocar na renda vari\u00e1vel.\u201d<\/p>\n<p>D\u00e9bora Nogueira, economista-chefe da Tenax Capital, disse que o BC &#8220;buscou entregar um fim de ciclo hawkish.&#8221; E explica: &#8220;No par\u00e1grafo sobre balan\u00e7o de risco inclu\u00edram a possibilidade de um hiato mais apertado, o que h\u00e1 se imaginava pela pergunta sobre o tema no question\u00e1rio pr\u00e9-Copom. Ao final, houve o refor\u00e7o da mensagem de vigil\u00e2ncia, com \u00eanfase para a possibilidade de aperto adicional caso a estrat\u00e9gia de manuten\u00e7\u00e3o do juro em patamar elevado n\u00e3o seja suficiente para garantir a converg\u00eancia da infla\u00e7\u00e3o. Ainda tivemos dissenso pela primeira vez em muitos anos, com dois diretores votando por alta adicional de 0,25%. Entendemos que a barra para uma alta adicional em 2023 \u00e9 alta, e a estrat\u00e9gia do BC foi de trazer uma mensagem dura para evitar que a curva de juros passe a antecipar um corte prematuro da taxa no come\u00e7o do pr\u00f3ximo ano. Esperamos que os juros fiquem parados at\u00e9 meados do ano e que finalize 2023 em cerca de 11,0%.&#8221;<\/p>\n<p>Josiane Francisco, especialista em Investimentos do Ailos, sistema de cooperativas de cr\u00e9dito que atua na regi\u00e3o Sul, disse que indicadores sugeriam essa decis\u00e3o do Copom em manter a Selic no patamar dos 13,75%. &#8220;Ainda assim as taxas de juros continuam altas e o objetivo do BC continua sendo o combate \u00e0 infla\u00e7\u00e3o. A Selic alta desencoraja consumidores e empresas. A taxa mais baixa deve estimular a atividade econ\u00f4mica.&#8221;<\/p>\n<p>Gustavo Bertotti, economista-chefe da Messem Investimentos, lembra que o presidente da autoridade monet\u00e1ria, Roberto Campos Neto, alertou que ainda h\u00e1 incertezas econ\u00f4micas: &#8220;A manuten\u00e7\u00e3o da taxa Selic em 13,75% sinaliza cautela por parte da autoridade monet\u00e1ria, que deixou aberta a possibilidade de os juros voltarem a subir no futuro, caso necess\u00e1rio. O cen\u00e1rio \u00e9 positivo para a frente com a queda recente dos \u00edndices de infla\u00e7\u00e3o. Entretanto, a demanda interna e o aquecimento do mercado de trabalho podem atenuar a desinfla\u00e7\u00e3o. Por isso, Copom deixou as portas abertas, em seu comunicado, para uma nova eleva\u00e7\u00e3o futuramente, a depender tamb\u00e9m das elevadas incertezas no Brasil e no Exterior\u201d, diz Bertotti.<\/p>\n<p>O economista lembrou a declara\u00e7\u00e3o no dia 5 deste m\u00eas do presidente do BC, de que o ambiente ainda \u00e9 de grande incerteza e de que a batalha contra a infla\u00e7\u00e3o ainda n\u00e3o estava ganha, apesar do IPCA em queda. \u201cParte do mercado avaliou que Campos Neto estava admitindo a possibilidade at\u00e9 de um novo aumento residual, de 0,25 ponto percentual (pp) nesta reuni\u00e3o do Copom. A fala de Campos Neto foi um alerta de que o <strong>Copom<\/strong> n\u00e3o est\u00e1 disposto a tomar medidas precipitadas. Diferentemente do que vinha sendo precificado nas \u00faltimas semanas, o mercado agora espera que a taxa b\u00e1sica volte a recuar apenas em maio de 2023. E que permane\u00e7a pr\u00f3ximo de 12% ao ano at\u00e9 o in\u00edcio de 2024\u201d, afirmou o economista.<\/p>\n\t<p>\n\t\t<a href=\"https:\/\/lp.suno.com.br\/planilha-de-controle-de-investimentos\/\" target=\"_blank\" data-element=\"shortcode-suno-banner\" title=\"Banner SUNO, clique e saiba mais\">\n\t\t\t<picture>\n\t\t\t\t<source media=\"(max-width: 500px)\" srcset=\"https:\/\/files.sunoresearch.com.br\/n\/uploads\/2023\/03\/400x300-Controle-de-Investimentos.png\">\n\t\t\t\t<img class=\"newsContent__article__imgCapa newsContent__article__imgCapa--banner\"\n\t\t\t\t\tsrc=\"https:\/\/files.sunoresearch.com.br\/n\/uploads\/2023\/03\/1420x240-Controle-de-Investimentos.png\"\n\t\t\t\t\tdata-promo-id=\"75934\"\t\t\t\t\t\t\t\t\t\twidth='1420' height='240'\t\t\t\t\talt=\"https:\/\/files.sunoresearch.com.br\/n\/uploads\/2023\/03\/1420x240-Controle-de-Investimentos.png\"\n\t\t\t\t>\n\t\t\t<\/picture>\n\t\t<\/a>\n\t<\/p>\n\n\n<p><em>Com informa\u00e7\u00f5es da Ag\u00eancia Brasil e do Estad\u00e3o Conte\u00fado<\/em><\/p>\n","protected":false},"excerpt":{"rendered":"<p>O\u00a0Comit\u00ea de Pol\u00edtica Monet\u00e1ria (Copom), do Banco Central, informou nesta quarta (21) que manteve a taxa Selic em 13,75%. A decis\u00e3o, no sexto encontro do comit\u00ea do Banco Central em 2022, era esperada pelo mercado e interrompeu o ciclo de altas do Banco Central, iniciado em mar\u00e7o do ano passado. A decis\u00e3o do Copom n\u00e3o [&hellip;]<\/p>\n","protected":false},"author":98,"featured_media":300556,"comment_status":"closed","ping_status":"closed","sticky":false,"template":"","format":"standard","meta":[],"categories":[62],"tags":[1842,1104,105816,290],"suno_strategy":[],"class_list":["post-300356","post","type-post","status-publish","format-standard","has-post-thumbnail","hentry","category-economia","tag-banco-central-bc","tag-copom","tag-especialistas","tag-taxa-selic"],"yoast_head":"<!-- This site is optimized with the Yoast SEO plugin v24.4 - https:\/\/yoast.com\/wordpress\/plugins\/seo\/ -->\n<title>Copom interrompe ciclo de altas e mant\u00e9m taxa Selic a 13,75% ao ano<\/title>\n<meta name=\"description\" content=\"O\u00a0Comit\u00ea de Pol\u00edtica Monet\u00e1ria (Copom) manteve a taxa Selic em 13,75%. A decis\u00e3o era esperada pelo mercado. Clique aqui e entenda\" \/>\n<meta name=\"robots\" content=\"index, follow, max-snippet:-1, max-image-preview:large, max-video-preview:-1\" \/>\n<link rel=\"canonical\" href=\"https:\/\/www.suno.com.br\/noticias\/copom-selic-decisao-juros-setembro-2022\/\" \/>\n<meta property=\"og:locale\" content=\"pt_BR\" \/>\n<meta property=\"og:type\" content=\"article\" \/>\n<meta property=\"og:title\" content=\"Copom interrompe ciclo de altas e mant\u00e9m taxa Selic a 13,75% ao ano\" \/>\n<meta property=\"og:description\" content=\"O\u00a0Comit\u00ea de Pol\u00edtica Monet\u00e1ria (Copom) manteve a taxa Selic em 13,75%. A decis\u00e3o era esperada pelo mercado. Clique aqui e entenda\" \/>\n<meta property=\"og:url\" content=\"https:\/\/www.suno.com.br\/noticias\/copom-selic-decisao-juros-setembro-2022\/\" \/>\n<meta property=\"og:site_name\" content=\"Suno Not\u00edcias\" \/>\n<meta property=\"article:publisher\" content=\"https:\/\/facebook.com\/sunoresearch\" \/>\n<meta property=\"og:image\" content=\"https:\/\/files.sunoresearch.com.br\/n\/uploads\/2022\/09\/banco-central.jpg\" \/>\n\t<meta property=\"og:image:width\" content=\"1280\" \/>\n\t<meta property=\"og:image:height\" content=\"853\" \/>\n\t<meta property=\"og:image:type\" content=\"image\/jpeg\" \/>\n<meta name=\"author\" content=\"Marco Ant\u00f4nio Lopes\" \/>\n<meta name=\"twitter:card\" content=\"summary_large_image\" \/>\n<meta name=\"twitter:creator\" content=\"@sunoresearch\" \/>\n<meta name=\"twitter:site\" content=\"@sunoresearch\" \/>\n<meta name=\"twitter:label1\" content=\"Escrito por\" \/>\n\t<meta name=\"twitter:data1\" content=\"Marco Ant\u00f4nio Lopes\" \/>\n\t<meta name=\"twitter:label2\" content=\"Est. tempo de leitura\" \/>\n\t<meta name=\"twitter:data2\" content=\"19 minutos\" \/>\n<script type=\"application\/ld+json\" class=\"yoast-schema-graph\">{\"@context\":\"https:\/\/schema.org\",\"@graph\":[{\"@type\":\"NewsArticle\",\"@id\":\"https:\/\/www.suno.com.br\/noticias\/copom-selic-decisao-juros-setembro-2022\/#article\",\"isPartOf\":{\"@id\":\"https:\/\/www.suno.com.br\/noticias\/copom-selic-decisao-juros-setembro-2022\/\"},\"author\":{\"name\":\"Marco Ant\u00f4nio Lopes\",\"@id\":\"https:\/\/www.suno.com.br\/noticias\/#\/schema\/person\/829bbe8d57f84333b966b96229c6bf5f\"},\"headline\":\"Copom interrompe ciclo de altas e mant\u00e9m taxa Selic a 13,75% ao ano; veja por qu\u00ea\",\"datePublished\":\"2022-09-21T21:36:18+00:00\",\"dateModified\":\"2022-09-21T23:32:19+00:00\",\"mainEntityOfPage\":{\"@id\":\"https:\/\/www.suno.com.br\/noticias\/copom-selic-decisao-juros-setembro-2022\/\"},\"wordCount\":3871,\"publisher\":{\"@id\":\"https:\/\/www.suno.com.br\/noticias\/#organization\"},\"image\":{\"@id\":\"https:\/\/www.suno.com.br\/noticias\/copom-selic-decisao-juros-setembro-2022\/#primaryimage\"},\"thumbnailUrl\":\"https:\/\/files.sunoresearch.com.br\/n\/uploads\/2022\/09\/banco-central.jpg\",\"keywords\":[\"Banco Central (BC)\",\"Copom\",\"Especialistas\",\"Taxa Selic\"],\"articleSection\":[\"Economia\"],\"inLanguage\":\"pt-BR\"},{\"@type\":\"WebPage\",\"@id\":\"https:\/\/www.suno.com.br\/noticias\/copom-selic-decisao-juros-setembro-2022\/\",\"url\":\"https:\/\/www.suno.com.br\/noticias\/copom-selic-decisao-juros-setembro-2022\/\",\"name\":\"Copom interrompe ciclo de altas e mant\u00e9m taxa Selic a 13,75% ao ano\",\"isPartOf\":{\"@id\":\"https:\/\/www.suno.com.br\/noticias\/#website\"},\"primaryImageOfPage\":{\"@id\":\"https:\/\/www.suno.com.br\/noticias\/copom-selic-decisao-juros-setembro-2022\/#primaryimage\"},\"image\":{\"@id\":\"https:\/\/www.suno.com.br\/noticias\/copom-selic-decisao-juros-setembro-2022\/#primaryimage\"},\"thumbnailUrl\":\"https:\/\/files.sunoresearch.com.br\/n\/uploads\/2022\/09\/banco-central.jpg\",\"datePublished\":\"2022-09-21T21:36:18+00:00\",\"dateModified\":\"2022-09-21T23:32:19+00:00\",\"description\":\"O\u00a0Comit\u00ea de Pol\u00edtica Monet\u00e1ria (Copom) manteve a taxa Selic em 13,75%. A decis\u00e3o era esperada pelo mercado. Clique aqui e entenda\",\"breadcrumb\":{\"@id\":\"https:\/\/www.suno.com.br\/noticias\/copom-selic-decisao-juros-setembro-2022\/#breadcrumb\"},\"inLanguage\":\"pt-BR\",\"potentialAction\":[{\"@type\":\"ReadAction\",\"target\":[\"https:\/\/www.suno.com.br\/noticias\/copom-selic-decisao-juros-setembro-2022\/\"]}]},{\"@type\":\"ImageObject\",\"inLanguage\":\"pt-BR\",\"@id\":\"https:\/\/www.suno.com.br\/noticias\/copom-selic-decisao-juros-setembro-2022\/#primaryimage\",\"url\":\"https:\/\/files.sunoresearch.com.br\/n\/uploads\/2022\/09\/banco-central.jpg\",\"contentUrl\":\"https:\/\/files.sunoresearch.com.br\/n\/uploads\/2022\/09\/banco-central.jpg\",\"width\":1280,\"height\":853,\"caption\":\"Temor sobre pol\u00edtica fiscal predomina em reuni\u00f5es do BC com economistas, diz site. Foto: Marcello Casal Jr.\/Ag\u00eancia Brasil\"},{\"@type\":\"BreadcrumbList\",\"@id\":\"https:\/\/www.suno.com.br\/noticias\/copom-selic-decisao-juros-setembro-2022\/#breadcrumb\",\"itemListElement\":[{\"@type\":\"ListItem\",\"position\":1,\"name\":\"Not\u00edcias\",\"item\":\"https:\/\/www.suno.com.br\/noticias\/\"},{\"@type\":\"ListItem\",\"position\":2,\"name\":\"Economia\",\"item\":\"https:\/\/www.suno.com.br\/noticias\/economia\/\"},{\"@type\":\"ListItem\",\"position\":3,\"name\":\"Copom interrompe ciclo de altas e mant\u00e9m taxa Selic a 13,75% ao ano; veja por qu\u00ea\"}]},{\"@type\":\"WebSite\",\"@id\":\"https:\/\/www.suno.com.br\/noticias\/#website\",\"url\":\"https:\/\/www.suno.com.br\/noticias\/\",\"name\":\"Suno Not\u00edcias\",\"description\":\"Seu portal de informa\u00e7\u00e3o sobre o mundo dos investimentos\",\"publisher\":{\"@id\":\"https:\/\/www.suno.com.br\/noticias\/#organization\"},\"potentialAction\":[{\"@type\":\"SearchAction\",\"target\":{\"@type\":\"EntryPoint\",\"urlTemplate\":\"https:\/\/www.suno.com.br\/noticias\/?s={search_term_string}\"},\"query-input\":{\"@type\":\"PropertyValueSpecification\",\"valueRequired\":true,\"valueName\":\"search_term_string\"}}],\"inLanguage\":\"pt-BR\"},{\"@type\":\"Organization\",\"@id\":\"https:\/\/www.suno.com.br\/noticias\/#organization\",\"name\":\"Suno Not\u00edcias\",\"url\":\"https:\/\/www.suno.com.br\/noticias\/\",\"logo\":{\"@type\":\"ImageObject\",\"inLanguage\":\"pt-BR\",\"@id\":\"https:\/\/www.suno.com.br\/noticias\/#\/schema\/logo\/image\/\",\"url\":\"https:\/\/files.sunoresearch.com.br\/n\/uploads\/2021\/09\/suno-logo.png\",\"contentUrl\":\"https:\/\/files.sunoresearch.com.br\/n\/uploads\/2021\/09\/suno-logo.png\",\"width\":180,\"height\":180,\"caption\":\"Suno Not\u00edcias\"},\"image\":{\"@id\":\"https:\/\/www.suno.com.br\/noticias\/#\/schema\/logo\/image\/\"},\"sameAs\":[\"https:\/\/facebook.com\/sunoresearch\",\"https:\/\/x.com\/sunoresearch\",\"https:\/\/www.instagram.com\/suno\",\"https:\/\/www.linkedin.com\/company\/suno-research\/\",\"https:\/\/www.youtube.com\/c\/sunoresearch\"]},{\"@type\":\"Person\",\"@id\":\"https:\/\/www.suno.com.br\/noticias\/#\/schema\/person\/829bbe8d57f84333b966b96229c6bf5f\",\"name\":\"Marco Ant\u00f4nio Lopes\",\"image\":{\"@type\":\"ImageObject\",\"inLanguage\":\"pt-BR\",\"@id\":\"https:\/\/www.suno.com.br\/noticias\/#\/schema\/person\/image\/\",\"url\":\"https:\/\/secure.gravatar.com\/avatar\/385167b012fbc1cde32c5446ee253313?s=96&r=g\",\"contentUrl\":\"https:\/\/secure.gravatar.com\/avatar\/385167b012fbc1cde32c5446ee253313?s=96&r=g\",\"caption\":\"Marco Ant\u00f4nio Lopes\"},\"description\":\"Jornalista, \u00e9 editor no Suno Not\u00edcias. Trabalhou nas revistas Playboy, Super, Veja Comer &amp; Beber, Homem Vogue e Universo Masculino, al\u00e9m dos portais Abril.com, R7, nas editorias de Home, Esportes, Hora 7, Entretenimento e Geral, e Eu Quero Investir. Autor do livro Bruce Lee: Definitivo (Editora Conrad). Colaborou nas revistas Nova, Veja SP, Grandes Guerras, Placar, Bizz, Casa Claudia e Quatro Rodas.\",\"url\":\"https:\/\/www.suno.com.br\/noticias\/author\/marco-lopes\/\"}]}<\/script>\n<!-- \/ Yoast SEO plugin. -->","yoast_head_json":{"title":"Copom interrompe ciclo de altas e mant\u00e9m taxa Selic a 13,75% ao ano","description":"O\u00a0Comit\u00ea de Pol\u00edtica Monet\u00e1ria (Copom) manteve a taxa Selic em 13,75%. A decis\u00e3o era esperada pelo mercado. Clique aqui e entenda","robots":{"index":"index","follow":"follow","max-snippet":"max-snippet:-1","max-image-preview":"max-image-preview:large","max-video-preview":"max-video-preview:-1"},"canonical":"https:\/\/www.suno.com.br\/noticias\/copom-selic-decisao-juros-setembro-2022\/","og_locale":"pt_BR","og_type":"article","og_title":"Copom interrompe ciclo de altas e mant\u00e9m taxa Selic a 13,75% ao ano","og_description":"O\u00a0Comit\u00ea de Pol\u00edtica Monet\u00e1ria (Copom) manteve a taxa Selic em 13,75%. A decis\u00e3o era esperada pelo mercado. Clique aqui e entenda","og_url":"https:\/\/www.suno.com.br\/noticias\/copom-selic-decisao-juros-setembro-2022\/","og_site_name":"Suno Not\u00edcias","article_publisher":"https:\/\/facebook.com\/sunoresearch","og_image":[{"width":1280,"height":853,"url":"https:\/\/files.sunoresearch.com.br\/n\/uploads\/2022\/09\/banco-central.jpg","type":"image\/jpeg"}],"author":"Marco Ant\u00f4nio Lopes","twitter_card":"summary_large_image","twitter_creator":"@sunoresearch","twitter_site":"@sunoresearch","twitter_misc":{"Escrito por":"Marco Ant\u00f4nio Lopes","Est. tempo de leitura":"19 minutos"},"schema":{"@context":"https:\/\/schema.org","@graph":[{"@type":"NewsArticle","@id":"https:\/\/www.suno.com.br\/noticias\/copom-selic-decisao-juros-setembro-2022\/#article","isPartOf":{"@id":"https:\/\/www.suno.com.br\/noticias\/copom-selic-decisao-juros-setembro-2022\/"},"author":{"name":"Marco Ant\u00f4nio Lopes","@id":"https:\/\/www.suno.com.br\/noticias\/#\/schema\/person\/829bbe8d57f84333b966b96229c6bf5f"},"headline":"Copom interrompe ciclo de altas e mant\u00e9m taxa Selic a 13,75% ao ano; veja por qu\u00ea","datePublished":"2022-09-21T21:36:18+00:00","dateModified":"2022-09-21T23:32:19+00:00","mainEntityOfPage":{"@id":"https:\/\/www.suno.com.br\/noticias\/copom-selic-decisao-juros-setembro-2022\/"},"wordCount":3871,"publisher":{"@id":"https:\/\/www.suno.com.br\/noticias\/#organization"},"image":{"@id":"https:\/\/www.suno.com.br\/noticias\/copom-selic-decisao-juros-setembro-2022\/#primaryimage"},"thumbnailUrl":"https:\/\/files.sunoresearch.com.br\/n\/uploads\/2022\/09\/banco-central.jpg","keywords":["Banco Central (BC)","Copom","Especialistas","Taxa Selic"],"articleSection":["Economia"],"inLanguage":"pt-BR"},{"@type":"WebPage","@id":"https:\/\/www.suno.com.br\/noticias\/copom-selic-decisao-juros-setembro-2022\/","url":"https:\/\/www.suno.com.br\/noticias\/copom-selic-decisao-juros-setembro-2022\/","name":"Copom interrompe ciclo de altas e mant\u00e9m taxa Selic a 13,75% ao ano","isPartOf":{"@id":"https:\/\/www.suno.com.br\/noticias\/#website"},"primaryImageOfPage":{"@id":"https:\/\/www.suno.com.br\/noticias\/copom-selic-decisao-juros-setembro-2022\/#primaryimage"},"image":{"@id":"https:\/\/www.suno.com.br\/noticias\/copom-selic-decisao-juros-setembro-2022\/#primaryimage"},"thumbnailUrl":"https:\/\/files.sunoresearch.com.br\/n\/uploads\/2022\/09\/banco-central.jpg","datePublished":"2022-09-21T21:36:18+00:00","dateModified":"2022-09-21T23:32:19+00:00","description":"O\u00a0Comit\u00ea de Pol\u00edtica Monet\u00e1ria (Copom) manteve a taxa Selic em 13,75%. A decis\u00e3o era esperada pelo mercado. Clique aqui e entenda","breadcrumb":{"@id":"https:\/\/www.suno.com.br\/noticias\/copom-selic-decisao-juros-setembro-2022\/#breadcrumb"},"inLanguage":"pt-BR","potentialAction":[{"@type":"ReadAction","target":["https:\/\/www.suno.com.br\/noticias\/copom-selic-decisao-juros-setembro-2022\/"]}]},{"@type":"ImageObject","inLanguage":"pt-BR","@id":"https:\/\/www.suno.com.br\/noticias\/copom-selic-decisao-juros-setembro-2022\/#primaryimage","url":"https:\/\/files.sunoresearch.com.br\/n\/uploads\/2022\/09\/banco-central.jpg","contentUrl":"https:\/\/files.sunoresearch.com.br\/n\/uploads\/2022\/09\/banco-central.jpg","width":1280,"height":853,"caption":"Temor sobre pol\u00edtica fiscal predomina em reuni\u00f5es do BC com economistas, diz site. Foto: Marcello Casal Jr.\/Ag\u00eancia Brasil"},{"@type":"BreadcrumbList","@id":"https:\/\/www.suno.com.br\/noticias\/copom-selic-decisao-juros-setembro-2022\/#breadcrumb","itemListElement":[{"@type":"ListItem","position":1,"name":"Not\u00edcias","item":"https:\/\/www.suno.com.br\/noticias\/"},{"@type":"ListItem","position":2,"name":"Economia","item":"https:\/\/www.suno.com.br\/noticias\/economia\/"},{"@type":"ListItem","position":3,"name":"Copom interrompe ciclo de altas e mant\u00e9m taxa Selic a 13,75% ao ano; veja por qu\u00ea"}]},{"@type":"WebSite","@id":"https:\/\/www.suno.com.br\/noticias\/#website","url":"https:\/\/www.suno.com.br\/noticias\/","name":"Suno Not\u00edcias","description":"Seu portal de informa\u00e7\u00e3o sobre o mundo dos investimentos","publisher":{"@id":"https:\/\/www.suno.com.br\/noticias\/#organization"},"potentialAction":[{"@type":"SearchAction","target":{"@type":"EntryPoint","urlTemplate":"https:\/\/www.suno.com.br\/noticias\/?s={search_term_string}"},"query-input":{"@type":"PropertyValueSpecification","valueRequired":true,"valueName":"search_term_string"}}],"inLanguage":"pt-BR"},{"@type":"Organization","@id":"https:\/\/www.suno.com.br\/noticias\/#organization","name":"Suno Not\u00edcias","url":"https:\/\/www.suno.com.br\/noticias\/","logo":{"@type":"ImageObject","inLanguage":"pt-BR","@id":"https:\/\/www.suno.com.br\/noticias\/#\/schema\/logo\/image\/","url":"https:\/\/files.sunoresearch.com.br\/n\/uploads\/2021\/09\/suno-logo.png","contentUrl":"https:\/\/files.sunoresearch.com.br\/n\/uploads\/2021\/09\/suno-logo.png","width":180,"height":180,"caption":"Suno Not\u00edcias"},"image":{"@id":"https:\/\/www.suno.com.br\/noticias\/#\/schema\/logo\/image\/"},"sameAs":["https:\/\/facebook.com\/sunoresearch","https:\/\/x.com\/sunoresearch","https:\/\/www.instagram.com\/suno","https:\/\/www.linkedin.com\/company\/suno-research\/","https:\/\/www.youtube.com\/c\/sunoresearch"]},{"@type":"Person","@id":"https:\/\/www.suno.com.br\/noticias\/#\/schema\/person\/829bbe8d57f84333b966b96229c6bf5f","name":"Marco Ant\u00f4nio Lopes","image":{"@type":"ImageObject","inLanguage":"pt-BR","@id":"https:\/\/www.suno.com.br\/noticias\/#\/schema\/person\/image\/","url":"https:\/\/secure.gravatar.com\/avatar\/385167b012fbc1cde32c5446ee253313?s=96&r=g","contentUrl":"https:\/\/secure.gravatar.com\/avatar\/385167b012fbc1cde32c5446ee253313?s=96&r=g","caption":"Marco Ant\u00f4nio Lopes"},"description":"Jornalista, \u00e9 editor no Suno Not\u00edcias. Trabalhou nas revistas Playboy, Super, Veja Comer &amp; Beber, Homem Vogue e Universo Masculino, al\u00e9m dos portais Abril.com, R7, nas editorias de Home, Esportes, Hora 7, Entretenimento e Geral, e Eu Quero Investir. Autor do livro Bruce Lee: Definitivo (Editora Conrad). Colaborou nas revistas Nova, Veja SP, Grandes Guerras, Placar, Bizz, Casa Claudia e Quatro Rodas.","url":"https:\/\/www.suno.com.br\/noticias\/author\/marco-lopes\/"}]}},"default_loop_html":"<div class=\"cardsPage__listCard__boxs\"><div class=\"cardsPage__listCard__boxs__img\"><a href=\"https:\/\/www.suno.com.br\/noticias\/ata-do-copom-selic-tempo-alta\/\"><img class=\"mask\" src=\"https:\/\/www.suno.com.br\/noticias\/wp-content\/themes\/suno\/resources\/images\/spotlight\/spotlight1img\/bg-mask.png\" alt=\"Image Mask\"\/><img src=\"https:\/\/files.sunoresearch.com.br\/n\/uploads\/2021\/11\/banco_central_sede-400x200.jpg\" alt=\"Ata do Copom diz que Banco Central deve manter Selic alta por tempo &#8220;suficientemente longo&#8221;; veja an\u00e1lises\"\/><\/a><span class=\"spotlightCategory\"><a href=\"https:\/\/www.suno.com.br\/noticias\/economia\/\">Economia<\/a><\/span><\/div><div class=\"cardsPage__listCard__boxs__content\"><a href=\"https:\/\/www.suno.com.br\/noticias\/ata-do-copom-selic-tempo-alta\/\"><h2 class=\"content__title\">Ata do Copom diz que Banco Central deve manter Selic alta por tempo &#8220;suficientemente longo&#8221;; veja an\u00e1lises<\/h2><\/a><div class=\"newsContent__article__meta\"><div class=\"newsContent__article__meta__authorBox\"><a href=\"https:\/\/www.suno.com.br\/noticias\/author\/eduardo-vargas\/\" class=\"authorBox__avatar noMobi\"><img src=\"https:\/\/secure.gravatar.com\/avatar\/dac340933427a22924c9f99d1eb2e3f2?s=96&#038;r=g\" alt=\"Eduardo Vargas\"><\/a><div class=\"authorBox__name\"><span>por\n\t\t\t<a href=\"https:\/\/www.suno.com.br\/noticias\/author\/eduardo-vargas\/\"><span itemprop=\"author\">Eduardo Vargas<\/span><\/a><\/span><time datetime=\"2022-08-09T11:19:32-03:00\" itemprop=\"datePublished\">09\/08\/2022 11:19<\/time><\/div><\/div><\/div><\/div><\/div>","single_layout":"posts","amp_enabled":true,"_links":{"self":[{"href":"https:\/\/www.suno.com.br\/noticias\/wp-json\/wp\/v2\/posts\/300356"}],"collection":[{"href":"https:\/\/www.suno.com.br\/noticias\/wp-json\/wp\/v2\/posts"}],"about":[{"href":"https:\/\/www.suno.com.br\/noticias\/wp-json\/wp\/v2\/types\/post"}],"author":[{"embeddable":true,"href":"https:\/\/www.suno.com.br\/noticias\/wp-json\/wp\/v2\/users\/98"}],"replies":[{"embeddable":true,"href":"https:\/\/www.suno.com.br\/noticias\/wp-json\/wp\/v2\/comments?post=300356"}],"version-history":[{"count":2,"href":"https:\/\/www.suno.com.br\/noticias\/wp-json\/wp\/v2\/posts\/300356\/revisions"}],"predecessor-version":[{"id":300552,"href":"https:\/\/www.suno.com.br\/noticias\/wp-json\/wp\/v2\/posts\/300356\/revisions\/300552"}],"wp:featuredmedia":[{"embeddable":true,"href":"https:\/\/www.suno.com.br\/noticias\/wp-json\/wp\/v2\/media\/300556"}],"wp:attachment":[{"href":"https:\/\/www.suno.com.br\/noticias\/wp-json\/wp\/v2\/media?parent=300356"}],"wp:term":[{"taxonomy":"category","embeddable":true,"href":"https:\/\/www.suno.com.br\/noticias\/wp-json\/wp\/v2\/categories?post=300356"},{"taxonomy":"post_tag","embeddable":true,"href":"https:\/\/www.suno.com.br\/noticias\/wp-json\/wp\/v2\/tags?post=300356"},{"taxonomy":"suno_strategy","embeddable":true,"href":"https:\/\/www.suno.com.br\/noticias\/wp-json\/wp\/v2\/suno_strategy?post=300356"}],"curies":[{"name":"wp","href":"https:\/\/api.w.org\/{rel}","templated":true}]}}