{"id":30023,"date":"2019-07-04T09:06:33","date_gmt":"2019-07-04T12:06:33","guid":{"rendered":"https:\/\/www.suno.com.br\/noticias\/?p=30023"},"modified":"2019-07-08T17:47:37","modified_gmt":"2019-07-08T20:47:37","slug":"gustavo-montezano-presidente-bndes","status":"publish","type":"post","link":"https:\/\/www.suno.com.br\/noticias\/gustavo-montezano-presidente-bndes\/","title":{"rendered":"Gustavo Montezano \u00e9 eleito presidente do BNDES pelo Conselho de Administra\u00e7\u00e3o"},"content":{"rendered":"<p>O Conselho de Administra\u00e7\u00e3o do Banco Nacional de Desenvolvimento Econ\u00f4mico e Social (BNDES) elegeu o novo presidente do banco na \u00faltima quarta-feira (3). O engenheiro <strong>Gustavo Henrique Moreira Montezano<\/strong> foi eleito em reuni\u00e3o extraordin\u00e1ria, no entanto, ainda n\u00e3o foi divulgado quando ele assume o cargo.<\/p>\t<div class=\"wrapper-featured-image\">\n\t\t<figure class=\"spotlightImg\">\n\n\t\t\t<picture>\n\t\t\t\t<source media=\"(max-width: 768px)\" srcset=\"https:\/\/files.sunoresearch.com.br\/n\/uploads\/2019\/07\/8c6c626c-bndes-400x200.webp\">\n\t\t\t\t<img loading=\"lazy\" decoding=\"async\" class=\"newsContent__article__imgCapa lazyloadDisabled newsContent__article__imgCapa--noCaption\" src=\"https:\/\/files.sunoresearch.com.br\/n\/uploads\/2019\/07\/8c6c626c-bndes-800x450.webp\" width=\"800\" height=\"450\" alt=\"Gustavo Montezano \u00e9 eleito presidente do BNDES pelo Conselho de Administra\u00e7\u00e3o\" fetchpriority=high \/>\n\t\t\t<\/picture>\n\n\t\t\t<figcaption class=\"wp-caption-text wp-caption-text--hide\">BNDES deve repassar R$ 1,8 bi de lucro ao Tesouro<\/figcaption>\n\t\t<\/figure>\n\t<\/div>\n\n\n<p>Montezano tem 38 anos e foi convidado pelo ministro da Economia, <strong>Paulo Guedes<\/strong> para assumir o <strong>BNDES<\/strong>. Antes disso, o engenheiro era secret\u00e1rio especial adjunto da Secretaria Especial de Desestatiza\u00e7\u00e3o, Desinvestimento e Mercados.<\/p>\n\t<p>\n\t\t<a href=\"https:\/\/lp.suno.com.br\/asset\/fundos\/suno-fic-fia\/\" target=\"_blank\" data-element=\"shortcode-suno-banner\" title=\"Banner SUNO, clique e saiba mais\">\n\t\t\t<picture>\n\t\t\t\t<source media=\"(max-width: 500px)\" srcset=\"https:\/\/files.sunoresearch.com.br\/n\/uploads\/2023\/10\/SUNO-FIC-FIA-400x300-Mobile-Artigos-5.png\">\n\t\t\t\t<img class=\"newsContent__article__imgCapa newsContent__article__imgCapa--banner\"\n\t\t\t\t\tsrc=\"https:\/\/files.sunoresearch.com.br\/n\/uploads\/2023\/10\/SUNO-FIC-FIA-1420x240-Banner-Artigos-1-_-Banner-Materias-4.png\"\n\t\t\t\t\tdata-promo-id=\"478742\"\t\t\t\t\t\t\t\t\t\twidth='2840' height='480'\t\t\t\t\talt=\"https:\/\/files.sunoresearch.com.br\/n\/uploads\/2023\/10\/SUNO-FIC-FIA-1420x240-Banner-Artigos-1-_-Banner-Materias-4.png\"\n\t\t\t\t>\n\t\t\t<\/picture>\n\t\t<\/a>\n\t<\/p>\n\n\n<p>O novo presidente do BNDES substituir\u00e1 o economista Joaquim Levy. Montezano \u00e9 mestre em economia pela Faculdade de Economia e Finan\u00e7as do Instituto Brasileiro de Mercado de Capitais do Rio de Janeiro e graduado em engenharia pelo Instituto Militar de Engenharia.<\/p>\n<p>O engenheiro foi analista de <a href=\"https:\/\/www.suno.com.br\/artigos\/private-equity\/\"><em>private equity<\/em><\/a>, do Banco Opportunity, no Rio de Janeiro, e pouco tempo depois se transferiu para o BTG Pactual, onde se tornou s\u00f3cio em 2009. Em 2016, foi para Londres onde se tornou executivo chefe da Engelhart Commodities Trading Partners, bra\u00e7o do BTG Commodities.<\/p>\n<h2>Demiss\u00e3o de Levy<\/h2>\n<p>O presidente do <a href=\"https:\/\/www.suno.com.br\/artigos\/bndespar\/\">Banco Nacional de Desenvolvimento Econ\u00f4mico e Social (BNDES)<\/a>, Joaquim Levy, pediu demiss\u00e3o do cargo no \u00faltimo mesmo. O pedido foi entregue ao ministro da Economia,\u00a0<a href=\"https:\/\/www.suno.com.br\/tudo-sobre\/paulo-guedes\/\">Paulo <\/a><a href=\"https:\/\/www.suno.com.br\/tudo-sobre\/paulo-guedes\/\">Guedes<\/a><a href=\"https:\/\/www.suno.com.br\/tudo-sobre\/paulo-guedes\/\">,<\/a> e anunciado em 16 de junho.<\/p>\n<p><a href=\"https:\/\/www.suno.com.br\/noticias\/levy-demissao-bndes\/\">Saiba mais:\u00a0Joaquim Levy pede demiss\u00e3o da presid\u00eancia do BNDES<\/a><\/p>\n<p>\u201cSolicitei ao ministro da Economia, Paulo Guedes, meu desligamento do BNDES. Minha expectativa \u00e9 que ele aceda\u201d, disse Levy em um trecho da nota divulgada.<\/p>\n<p>O pedido de desligamento de Levy aconteceu um dia ap\u00f3s o presidente Jair Bolsonaro amea\u00e7ar a sua demiss\u00e3o, afirmando que o economista estava com a &#8220;cabe\u00e7a a pr\u00eamio&#8221;.<\/p>\n<p>Bolsonaro explicou que mandou <strong>Joaquim Levy<\/strong> demitir o diretor de Mercado de Capitais do BNDES<strong>,<\/strong> Marcos Barbosa Pinto. Segundo o presidente, se Barbosa Pinto n\u00e3o for demitido, o pr\u00f3prio Levy seria demitido.<\/p>\n\t<p>\n\t\t<a href=\"https:\/\/lp.suno.com.br\/ebook-guia-ir\/\" target=\"_blank\" data-element=\"shortcode-suno-banner\" title=\"Banner SUNO, clique e saiba mais\">\n\t\t\t<picture>\n\t\t\t\t<source media=\"(max-width: 500px)\" srcset=\"https:\/\/files.sunoresearch.com.br\/n\/uploads\/2023\/03\/400x300-Ebook-IR.png\">\n\t\t\t\t<img class=\"newsContent__article__imgCapa newsContent__article__imgCapa--banner\"\n\t\t\t\t\tsrc=\"https:\/\/files.sunoresearch.com.br\/n\/uploads\/2023\/03\/1420x240-Ebook-IR.png\"\n\t\t\t\t\tdata-promo-id=\"383124\"\t\t\t\t\t\t\t\t\t\twidth='1420' height='240'\t\t\t\t\talt=\"https:\/\/files.sunoresearch.com.br\/n\/uploads\/2023\/03\/1420x240-Ebook-IR.png\"\n\t\t\t\t>\n\t\t\t<\/picture>\n\t\t<\/a>\n\t<\/p>\n\n\n<p>Em novembro de 2018, <strong>Bolsonaro <\/strong>afirmou que houve rea\u00e7\u00e3o ap\u00f3s o nome de Levy ter sido indicado \u00e0 presid\u00eancia do <strong>BNDES<\/strong>. Segundo o atual presidente, isso ocorreu porque o executivo serviu \u00e0 Dilma e ao ex-governador do Rio do Janeiro, S\u00e9rgio Cabral.<\/p>\n","protected":false},"excerpt":{"rendered":"<p>O Conselho de Administra\u00e7\u00e3o do Banco Nacional de Desenvolvimento Econ\u00f4mico e Social (BNDES) elegeu o novo presidente do banco na \u00faltima quarta-feira (3). O engenheiro Gustavo Henrique Moreira Montezano foi eleito em reuni\u00e3o extraordin\u00e1ria, no entanto, ainda n\u00e3o foi divulgado quando ele assume o cargo. BNDES deve repassar R$ 1,8 bi de lucro ao Tesouro [&hellip;]<\/p>\n","protected":false},"author":11,"featured_media":30037,"comment_status":"closed","ping_status":"closed","sticky":false,"template":"","format":"standard","meta":[],"categories":[61],"tags":[757],"suno_strategy":[],"class_list":["post-30023","post","type-post","status-publish","format-standard","has-post-thumbnail","hentry","category-politica","tag-bndes"],"yoast_head":"<!-- This site is optimized with the Yoast SEO plugin v24.4 - https:\/\/yoast.com\/wordpress\/plugins\/seo\/ -->\n<title>Gustavo Montezano \u00e9 eleito presidente do BNDES<\/title>\n<meta name=\"description\" content=\"Montezano assume o BNDES no lugar de Joaquim Levy que pediu demiss\u00e3o no \u00faltimo m\u00eas, ap\u00f3s cr\u00edticas de Bolsonaro. Clique e saiba mais.\" \/>\n<meta name=\"robots\" content=\"index, follow, max-snippet:-1, max-image-preview:large, max-video-preview:-1\" \/>\n<link rel=\"canonical\" href=\"https:\/\/www.suno.com.br\/noticias\/gustavo-montezano-presidente-bndes\/\" \/>\n<meta property=\"og:locale\" content=\"pt_BR\" \/>\n<meta property=\"og:type\" content=\"article\" \/>\n<meta property=\"og:title\" content=\"Gustavo Montezano \u00e9 eleito presidente do BNDES\" \/>\n<meta property=\"og:description\" content=\"Montezano assume o BNDES no lugar de Joaquim Levy que pediu demiss\u00e3o no \u00faltimo m\u00eas, ap\u00f3s cr\u00edticas de Bolsonaro. Clique e saiba mais.\" \/>\n<meta property=\"og:url\" content=\"https:\/\/www.suno.com.br\/noticias\/gustavo-montezano-presidente-bndes\/\" \/>\n<meta property=\"og:site_name\" content=\"Suno Not\u00edcias\" \/>\n<meta property=\"article:publisher\" content=\"https:\/\/facebook.com\/sunoresearch\" \/>\n<meta property=\"og:image\" content=\"https:\/\/files.sunoresearch.com.br\/n\/uploads\/2019\/07\/8c6c626c-bndes.jpg\" \/>\n\t<meta property=\"og:image:width\" content=\"1140\" \/>\n\t<meta property=\"og:image:height\" content=\"760\" \/>\n\t<meta property=\"og:image:type\" content=\"image\/jpeg\" \/>\n<meta name=\"author\" content=\"Renan Bandeira\" \/>\n<meta name=\"twitter:card\" content=\"summary_large_image\" \/>\n<meta name=\"twitter:creator\" content=\"@sunoresearch\" \/>\n<meta name=\"twitter:site\" content=\"@sunoresearch\" \/>\n<meta name=\"twitter:label1\" content=\"Escrito por\" \/>\n\t<meta name=\"twitter:data1\" content=\"Renan Bandeira\" \/>\n\t<meta name=\"twitter:label2\" content=\"Est. tempo de leitura\" \/>\n\t<meta name=\"twitter:data2\" content=\"2 minutos\" \/>\n<script type=\"application\/ld+json\" class=\"yoast-schema-graph\">{\"@context\":\"https:\/\/schema.org\",\"@graph\":[{\"@type\":\"NewsArticle\",\"@id\":\"https:\/\/www.suno.com.br\/noticias\/gustavo-montezano-presidente-bndes\/#article\",\"isPartOf\":{\"@id\":\"https:\/\/www.suno.com.br\/noticias\/gustavo-montezano-presidente-bndes\/\"},\"author\":{\"name\":\"Renan Bandeira\",\"@id\":\"https:\/\/www.suno.com.br\/noticias\/#\/schema\/person\/fc144a1c6108bd1dcd43784e88a3c138\"},\"headline\":\"Gustavo Montezano \u00e9 eleito presidente do BNDES pelo Conselho de Administra\u00e7\u00e3o\",\"datePublished\":\"2019-07-04T12:06:33+00:00\",\"dateModified\":\"2019-07-08T20:47:37+00:00\",\"mainEntityOfPage\":{\"@id\":\"https:\/\/www.suno.com.br\/noticias\/gustavo-montezano-presidente-bndes\/\"},\"wordCount\":377,\"publisher\":{\"@id\":\"https:\/\/www.suno.com.br\/noticias\/#organization\"},\"image\":{\"@id\":\"https:\/\/www.suno.com.br\/noticias\/gustavo-montezano-presidente-bndes\/#primaryimage\"},\"thumbnailUrl\":\"https:\/\/files.sunoresearch.com.br\/n\/uploads\/2019\/07\/8c6c626c-bndes-jpg.webp\",\"keywords\":[\"BNDES\"],\"articleSection\":[\"Pol\u00edtica\"],\"inLanguage\":\"pt-BR\"},{\"@type\":\"WebPage\",\"@id\":\"https:\/\/www.suno.com.br\/noticias\/gustavo-montezano-presidente-bndes\/\",\"url\":\"https:\/\/www.suno.com.br\/noticias\/gustavo-montezano-presidente-bndes\/\",\"name\":\"Gustavo Montezano \u00e9 eleito presidente do BNDES\",\"isPartOf\":{\"@id\":\"https:\/\/www.suno.com.br\/noticias\/#website\"},\"primaryImageOfPage\":{\"@id\":\"https:\/\/www.suno.com.br\/noticias\/gustavo-montezano-presidente-bndes\/#primaryimage\"},\"image\":{\"@id\":\"https:\/\/www.suno.com.br\/noticias\/gustavo-montezano-presidente-bndes\/#primaryimage\"},\"thumbnailUrl\":\"https:\/\/files.sunoresearch.com.br\/n\/uploads\/2019\/07\/8c6c626c-bndes-jpg.webp\",\"datePublished\":\"2019-07-04T12:06:33+00:00\",\"dateModified\":\"2019-07-08T20:47:37+00:00\",\"description\":\"Montezano assume o BNDES no lugar de Joaquim Levy que pediu demiss\u00e3o no \u00faltimo m\u00eas, ap\u00f3s cr\u00edticas de Bolsonaro. Clique e saiba mais.\",\"breadcrumb\":{\"@id\":\"https:\/\/www.suno.com.br\/noticias\/gustavo-montezano-presidente-bndes\/#breadcrumb\"},\"inLanguage\":\"pt-BR\",\"potentialAction\":[{\"@type\":\"ReadAction\",\"target\":[\"https:\/\/www.suno.com.br\/noticias\/gustavo-montezano-presidente-bndes\/\"]}]},{\"@type\":\"ImageObject\",\"inLanguage\":\"pt-BR\",\"@id\":\"https:\/\/www.suno.com.br\/noticias\/gustavo-montezano-presidente-bndes\/#primaryimage\",\"url\":\"https:\/\/files.sunoresearch.com.br\/n\/uploads\/2019\/07\/8c6c626c-bndes-jpg.webp\",\"contentUrl\":\"https:\/\/files.sunoresearch.com.br\/n\/uploads\/2019\/07\/8c6c626c-bndes-jpg.webp\",\"width\":1140,\"height\":760,\"caption\":\"BNDES deve repassar R$ 1,8 bi de lucro ao Tesouro\"},{\"@type\":\"BreadcrumbList\",\"@id\":\"https:\/\/www.suno.com.br\/noticias\/gustavo-montezano-presidente-bndes\/#breadcrumb\",\"itemListElement\":[{\"@type\":\"ListItem\",\"position\":1,\"name\":\"Not\u00edcias\",\"item\":\"https:\/\/www.suno.com.br\/noticias\/\"},{\"@type\":\"ListItem\",\"position\":2,\"name\":\"Pol\u00edtica\",\"item\":\"https:\/\/www.suno.com.br\/noticias\/politica\/\"},{\"@type\":\"ListItem\",\"position\":3,\"name\":\"Gustavo Montezano \u00e9 eleito presidente do BNDES pelo Conselho de Administra\u00e7\u00e3o\"}]},{\"@type\":\"WebSite\",\"@id\":\"https:\/\/www.suno.com.br\/noticias\/#website\",\"url\":\"https:\/\/www.suno.com.br\/noticias\/\",\"name\":\"Suno Not\u00edcias\",\"description\":\"Seu portal de informa\u00e7\u00e3o sobre o mundo dos investimentos\",\"publisher\":{\"@id\":\"https:\/\/www.suno.com.br\/noticias\/#organization\"},\"potentialAction\":[{\"@type\":\"SearchAction\",\"target\":{\"@type\":\"EntryPoint\",\"urlTemplate\":\"https:\/\/www.suno.com.br\/noticias\/?s={search_term_string}\"},\"query-input\":{\"@type\":\"PropertyValueSpecification\",\"valueRequired\":true,\"valueName\":\"search_term_string\"}}],\"inLanguage\":\"pt-BR\"},{\"@type\":\"Organization\",\"@id\":\"https:\/\/www.suno.com.br\/noticias\/#organization\",\"name\":\"Suno Not\u00edcias\",\"url\":\"https:\/\/www.suno.com.br\/noticias\/\",\"logo\":{\"@type\":\"ImageObject\",\"inLanguage\":\"pt-BR\",\"@id\":\"https:\/\/www.suno.com.br\/noticias\/#\/schema\/logo\/image\/\",\"url\":\"https:\/\/files.sunoresearch.com.br\/n\/uploads\/2021\/09\/suno-logo.png\",\"contentUrl\":\"https:\/\/files.sunoresearch.com.br\/n\/uploads\/2021\/09\/suno-logo.png\",\"width\":180,\"height\":180,\"caption\":\"Suno Not\u00edcias\"},\"image\":{\"@id\":\"https:\/\/www.suno.com.br\/noticias\/#\/schema\/logo\/image\/\"},\"sameAs\":[\"https:\/\/facebook.com\/sunoresearch\",\"https:\/\/x.com\/sunoresearch\",\"https:\/\/www.instagram.com\/suno\",\"https:\/\/www.linkedin.com\/company\/suno-research\/\",\"https:\/\/www.youtube.com\/c\/sunoresearch\"]},{\"@type\":\"Person\",\"@id\":\"https:\/\/www.suno.com.br\/noticias\/#\/schema\/person\/fc144a1c6108bd1dcd43784e88a3c138\",\"name\":\"Renan Bandeira\",\"image\":{\"@type\":\"ImageObject\",\"inLanguage\":\"pt-BR\",\"@id\":\"https:\/\/www.suno.com.br\/noticias\/#\/schema\/person\/image\/\",\"url\":\"https:\/\/secure.gravatar.com\/avatar\/68359cdb608f14f11bbefcb78f3fc747?s=96&r=g\",\"contentUrl\":\"https:\/\/secure.gravatar.com\/avatar\/68359cdb608f14f11bbefcb78f3fc747?s=96&r=g\",\"caption\":\"Renan Bandeira\"},\"description\":\"Renan Bandeira escreve sobre pol\u00edtica e economia para o portal da Suno Research. Antes da Suno, trabalhou em uma rede de televis\u00e3o, onde fazia reportagens sobre os mesmos temas. Estuda na Universidade Metodista de S\u00e3o Paulo.\",\"url\":\"https:\/\/www.suno.com.br\/noticias\/author\/renan-bandeira\/\"}]}<\/script>\n<!-- \/ Yoast SEO plugin. -->","yoast_head_json":{"title":"Gustavo Montezano \u00e9 eleito presidente do BNDES","description":"Montezano assume o BNDES no lugar de Joaquim Levy que pediu demiss\u00e3o no \u00faltimo m\u00eas, ap\u00f3s cr\u00edticas de Bolsonaro. Clique e saiba mais.","robots":{"index":"index","follow":"follow","max-snippet":"max-snippet:-1","max-image-preview":"max-image-preview:large","max-video-preview":"max-video-preview:-1"},"canonical":"https:\/\/www.suno.com.br\/noticias\/gustavo-montezano-presidente-bndes\/","og_locale":"pt_BR","og_type":"article","og_title":"Gustavo Montezano \u00e9 eleito presidente do BNDES","og_description":"Montezano assume o BNDES no lugar de Joaquim Levy que pediu demiss\u00e3o no \u00faltimo m\u00eas, ap\u00f3s cr\u00edticas de Bolsonaro. Clique e saiba mais.","og_url":"https:\/\/www.suno.com.br\/noticias\/gustavo-montezano-presidente-bndes\/","og_site_name":"Suno Not\u00edcias","article_publisher":"https:\/\/facebook.com\/sunoresearch","og_image":[{"width":1140,"height":760,"url":"https:\/\/files.sunoresearch.com.br\/n\/uploads\/2019\/07\/8c6c626c-bndes.jpg","type":"image\/jpeg"}],"author":"Renan Bandeira","twitter_card":"summary_large_image","twitter_creator":"@sunoresearch","twitter_site":"@sunoresearch","twitter_misc":{"Escrito por":"Renan Bandeira","Est. tempo de leitura":"2 minutos"},"schema":{"@context":"https:\/\/schema.org","@graph":[{"@type":"NewsArticle","@id":"https:\/\/www.suno.com.br\/noticias\/gustavo-montezano-presidente-bndes\/#article","isPartOf":{"@id":"https:\/\/www.suno.com.br\/noticias\/gustavo-montezano-presidente-bndes\/"},"author":{"name":"Renan Bandeira","@id":"https:\/\/www.suno.com.br\/noticias\/#\/schema\/person\/fc144a1c6108bd1dcd43784e88a3c138"},"headline":"Gustavo Montezano \u00e9 eleito presidente do BNDES pelo Conselho de Administra\u00e7\u00e3o","datePublished":"2019-07-04T12:06:33+00:00","dateModified":"2019-07-08T20:47:37+00:00","mainEntityOfPage":{"@id":"https:\/\/www.suno.com.br\/noticias\/gustavo-montezano-presidente-bndes\/"},"wordCount":377,"publisher":{"@id":"https:\/\/www.suno.com.br\/noticias\/#organization"},"image":{"@id":"https:\/\/www.suno.com.br\/noticias\/gustavo-montezano-presidente-bndes\/#primaryimage"},"thumbnailUrl":"https:\/\/files.sunoresearch.com.br\/n\/uploads\/2019\/07\/8c6c626c-bndes-jpg.webp","keywords":["BNDES"],"articleSection":["Pol\u00edtica"],"inLanguage":"pt-BR"},{"@type":"WebPage","@id":"https:\/\/www.suno.com.br\/noticias\/gustavo-montezano-presidente-bndes\/","url":"https:\/\/www.suno.com.br\/noticias\/gustavo-montezano-presidente-bndes\/","name":"Gustavo Montezano \u00e9 eleito presidente do BNDES","isPartOf":{"@id":"https:\/\/www.suno.com.br\/noticias\/#website"},"primaryImageOfPage":{"@id":"https:\/\/www.suno.com.br\/noticias\/gustavo-montezano-presidente-bndes\/#primaryimage"},"image":{"@id":"https:\/\/www.suno.com.br\/noticias\/gustavo-montezano-presidente-bndes\/#primaryimage"},"thumbnailUrl":"https:\/\/files.sunoresearch.com.br\/n\/uploads\/2019\/07\/8c6c626c-bndes-jpg.webp","datePublished":"2019-07-04T12:06:33+00:00","dateModified":"2019-07-08T20:47:37+00:00","description":"Montezano assume o BNDES no lugar de Joaquim Levy que pediu demiss\u00e3o no \u00faltimo m\u00eas, ap\u00f3s cr\u00edticas de Bolsonaro. Clique e saiba mais.","breadcrumb":{"@id":"https:\/\/www.suno.com.br\/noticias\/gustavo-montezano-presidente-bndes\/#breadcrumb"},"inLanguage":"pt-BR","potentialAction":[{"@type":"ReadAction","target":["https:\/\/www.suno.com.br\/noticias\/gustavo-montezano-presidente-bndes\/"]}]},{"@type":"ImageObject","inLanguage":"pt-BR","@id":"https:\/\/www.suno.com.br\/noticias\/gustavo-montezano-presidente-bndes\/#primaryimage","url":"https:\/\/files.sunoresearch.com.br\/n\/uploads\/2019\/07\/8c6c626c-bndes-jpg.webp","contentUrl":"https:\/\/files.sunoresearch.com.br\/n\/uploads\/2019\/07\/8c6c626c-bndes-jpg.webp","width":1140,"height":760,"caption":"BNDES deve repassar R$ 1,8 bi de lucro ao Tesouro"},{"@type":"BreadcrumbList","@id":"https:\/\/www.suno.com.br\/noticias\/gustavo-montezano-presidente-bndes\/#breadcrumb","itemListElement":[{"@type":"ListItem","position":1,"name":"Not\u00edcias","item":"https:\/\/www.suno.com.br\/noticias\/"},{"@type":"ListItem","position":2,"name":"Pol\u00edtica","item":"https:\/\/www.suno.com.br\/noticias\/politica\/"},{"@type":"ListItem","position":3,"name":"Gustavo Montezano \u00e9 eleito presidente do BNDES pelo Conselho de Administra\u00e7\u00e3o"}]},{"@type":"WebSite","@id":"https:\/\/www.suno.com.br\/noticias\/#website","url":"https:\/\/www.suno.com.br\/noticias\/","name":"Suno Not\u00edcias","description":"Seu portal de informa\u00e7\u00e3o sobre o mundo dos investimentos","publisher":{"@id":"https:\/\/www.suno.com.br\/noticias\/#organization"},"potentialAction":[{"@type":"SearchAction","target":{"@type":"EntryPoint","urlTemplate":"https:\/\/www.suno.com.br\/noticias\/?s={search_term_string}"},"query-input":{"@type":"PropertyValueSpecification","valueRequired":true,"valueName":"search_term_string"}}],"inLanguage":"pt-BR"},{"@type":"Organization","@id":"https:\/\/www.suno.com.br\/noticias\/#organization","name":"Suno Not\u00edcias","url":"https:\/\/www.suno.com.br\/noticias\/","logo":{"@type":"ImageObject","inLanguage":"pt-BR","@id":"https:\/\/www.suno.com.br\/noticias\/#\/schema\/logo\/image\/","url":"https:\/\/files.sunoresearch.com.br\/n\/uploads\/2021\/09\/suno-logo.png","contentUrl":"https:\/\/files.sunoresearch.com.br\/n\/uploads\/2021\/09\/suno-logo.png","width":180,"height":180,"caption":"Suno Not\u00edcias"},"image":{"@id":"https:\/\/www.suno.com.br\/noticias\/#\/schema\/logo\/image\/"},"sameAs":["https:\/\/facebook.com\/sunoresearch","https:\/\/x.com\/sunoresearch","https:\/\/www.instagram.com\/suno","https:\/\/www.linkedin.com\/company\/suno-research\/","https:\/\/www.youtube.com\/c\/sunoresearch"]},{"@type":"Person","@id":"https:\/\/www.suno.com.br\/noticias\/#\/schema\/person\/fc144a1c6108bd1dcd43784e88a3c138","name":"Renan Bandeira","image":{"@type":"ImageObject","inLanguage":"pt-BR","@id":"https:\/\/www.suno.com.br\/noticias\/#\/schema\/person\/image\/","url":"https:\/\/secure.gravatar.com\/avatar\/68359cdb608f14f11bbefcb78f3fc747?s=96&r=g","contentUrl":"https:\/\/secure.gravatar.com\/avatar\/68359cdb608f14f11bbefcb78f3fc747?s=96&r=g","caption":"Renan Bandeira"},"description":"Renan Bandeira escreve sobre pol\u00edtica e economia para o portal da Suno Research. Antes da Suno, trabalhou em uma rede de televis\u00e3o, onde fazia reportagens sobre os mesmos temas. Estuda na Universidade Metodista de S\u00e3o Paulo.","url":"https:\/\/www.suno.com.br\/noticias\/author\/renan-bandeira\/"}]}},"default_loop_html":"<div class=\"cardsPage__listCard__boxs\"><div class=\"cardsPage__listCard__boxs__img\"><a href=\"https:\/\/www.suno.com.br\/noticias\/gustavo-montezano-presidente-bndes\/\"><img class=\"mask\" src=\"https:\/\/www.suno.com.br\/noticias\/wp-content\/themes\/suno\/resources\/images\/spotlight\/spotlight1img\/bg-mask.png\" alt=\"Image Mask\"\/><img src=\"https:\/\/files.sunoresearch.com.br\/n\/uploads\/2019\/07\/8c6c626c-bndes-400x200.webp\" alt=\"Gustavo Montezano \u00e9 eleito presidente do BNDES pelo Conselho de Administra\u00e7\u00e3o\"\/><\/a><span class=\"spotlightCategory\"><a href=\"https:\/\/www.suno.com.br\/noticias\/politica\/\">Pol\u00edtica<\/a><\/span><\/div><div class=\"cardsPage__listCard__boxs__content\"><a href=\"https:\/\/www.suno.com.br\/noticias\/gustavo-montezano-presidente-bndes\/\"><h2 class=\"content__title\">Gustavo Montezano \u00e9 eleito presidente do BNDES pelo Conselho de Administra\u00e7\u00e3o<\/h2><\/a><div class=\"newsContent__article__meta\"><div class=\"newsContent__article__meta__authorBox\"><a href=\"https:\/\/www.suno.com.br\/noticias\/author\/renan-bandeira\/\" class=\"authorBox__avatar noMobi\"><img src=\"https:\/\/secure.gravatar.com\/avatar\/68359cdb608f14f11bbefcb78f3fc747?s=96&#038;r=g\" alt=\"Renan Bandeira\"><\/a><div class=\"authorBox__name\"><span>por\n\t\t\t<a href=\"https:\/\/www.suno.com.br\/noticias\/author\/renan-bandeira\/\"><span itemprop=\"author\">Renan Bandeira<\/span><\/a><\/span><time datetime=\"2019-07-04T09:06:33-03:00\" itemprop=\"datePublished\">04\/07\/2019 09:06<\/time><\/div><\/div><\/div><\/div><\/div>","single_layout":"posts","amp_enabled":true,"_links":{"self":[{"href":"https:\/\/www.suno.com.br\/noticias\/wp-json\/wp\/v2\/posts\/30023"}],"collection":[{"href":"https:\/\/www.suno.com.br\/noticias\/wp-json\/wp\/v2\/posts"}],"about":[{"href":"https:\/\/www.suno.com.br\/noticias\/wp-json\/wp\/v2\/types\/post"}],"author":[{"embeddable":true,"href":"https:\/\/www.suno.com.br\/noticias\/wp-json\/wp\/v2\/users\/11"}],"replies":[{"embeddable":true,"href":"https:\/\/www.suno.com.br\/noticias\/wp-json\/wp\/v2\/comments?post=30023"}],"version-history":[{"count":0,"href":"https:\/\/www.suno.com.br\/noticias\/wp-json\/wp\/v2\/posts\/30023\/revisions"}],"wp:featuredmedia":[{"embeddable":true,"href":"https:\/\/www.suno.com.br\/noticias\/wp-json\/wp\/v2\/media\/30037"}],"wp:attachment":[{"href":"https:\/\/www.suno.com.br\/noticias\/wp-json\/wp\/v2\/media?parent=30023"}],"wp:term":[{"taxonomy":"category","embeddable":true,"href":"https:\/\/www.suno.com.br\/noticias\/wp-json\/wp\/v2\/categories?post=30023"},{"taxonomy":"post_tag","embeddable":true,"href":"https:\/\/www.suno.com.br\/noticias\/wp-json\/wp\/v2\/tags?post=30023"},{"taxonomy":"suno_strategy","embeddable":true,"href":"https:\/\/www.suno.com.br\/noticias\/wp-json\/wp\/v2\/suno_strategy?post=30023"}],"curies":[{"name":"wp","href":"https:\/\/api.w.org\/{rel}","templated":true}]}}