{"id":30016,"date":"2019-07-03T20:48:47","date_gmt":"2019-07-03T23:48:47","guid":{"rendered":"https:\/\/www.suno.com.br\/noticias\/?p=30016"},"modified":"2019-07-04T09:37:58","modified_gmt":"2019-07-04T12:37:58","slug":"acordo-policiais-previdencia","status":"publish","type":"post","link":"https:\/\/www.suno.com.br\/noticias\/acordo-policiais-previdencia\/","title":{"rendered":"N\u00e3o houve acordo com policiais na reforma da Previd\u00eancia, diz Maia"},"content":{"rendered":"<p>O presidente da C\u00e2mara dos Deputados, <strong>Rodrigo Maia (DEM-RJ)<\/strong>, afirmou\u00a0nesta que n\u00e3o houve acordo com <strong>policiais<\/strong> no texto da reforma da Previd\u00eancia. A declara\u00e7\u00e3o ocorreu no in\u00edcio da noite desta\u00a0quarta-feira (3).<\/p>\t<div class=\"wrapper-featured-image\">\n\t\t<figure class=\"spotlightImg\">\n\n\t\t\t<picture>\n\t\t\t\t<source media=\"(max-width: 768px)\" srcset=\"https:\/\/files.sunoresearch.com.br\/n\/uploads\/2018\/12\/66ee9f38-rodrigo-maia-400x200.webp\">\n\t\t\t\t<img loading=\"lazy\" decoding=\"async\" class=\"newsContent__article__imgCapa lazyloadDisabled newsContent__article__imgCapa--noCaption\" src=\"https:\/\/files.sunoresearch.com.br\/n\/uploads\/2018\/12\/66ee9f38-rodrigo-maia-800x450.webp\" width=\"800\" height=\"450\" alt=\"N\u00e3o houve acordo com policiais na reforma da Previd\u00eancia, diz Maia\" fetchpriority=high \/>\n\t\t\t<\/picture>\n\n\t\t\t<figcaption class=\"wp-caption-text wp-caption-text--hide\">N\u00e3o houve acordo com policiais na reforma da Previd\u00eancia, diz Maia<\/figcaption>\n\t\t<\/figure>\n\t<\/div>\n\n\n<p>Segundo o deputado federal,\u00a0a informa\u00e7\u00e3o de que a regra de aposentadoria para os policiais foi alterada n\u00e3o \u00e9 real. Al\u00e9m disso, Maia afirmou que a vota\u00e7\u00e3o do texto da <strong>reforma da Previd\u00eancia\u00a0<\/strong>na comiss\u00e3o especial da C\u00e2mara deve come\u00e7ar ainda nesta quarta-feira.<\/p>\n<p>Alguns l\u00edderes partid\u00e1rios\u00a0disseram que a idade de aposentadoria m\u00ednima para a categoria havia reduzido. Assim, sendo de 52 anos para policiais mulheres e 53 anos para os homens. No entanto, conforme Maia a idade continua sendo 55 anos para os policiais homens e as mulheres.<\/p>\n\t<p>\n\t\t<a href=\"https:\/\/lp2.suno.com.br\/lm\/minicurso-construindo-um-portfolio-milionario?utm_campaign=_SNCEBB048DA_sc.mcpm26&#038;utm_source=suno.com.br&#038;utm_medium=banner.noticias\" target=\"_blank\" data-element=\"shortcode-suno-banner\" title=\"Banner SUNO, clique e saiba mais\">\n\t\t\t<picture>\n\t\t\t\t<source media=\"(max-width: 500px)\" srcset=\"https:\/\/files.sunoresearch.com.br\/n\/uploads\/2026\/01\/MB-PS-HOME-DE-ARTIGOS-400x300-ID_01_x1-jpg.webp\">\n\t\t\t\t<img class=\"newsContent__article__imgCapa newsContent__article__imgCapa--banner\"\n\t\t\t\t\tsrc=\"https:\/\/files.sunoresearch.com.br\/n\/uploads\/2026\/01\/DT-PS-HOME-DE-ARTIGOS-1420x240-ID_01_x1-jpg.webp\"\n\t\t\t\t\tdata-promo-id=\"638432\"\t\t\t\t\t\t\t\t\t\twidth='1420' height='240'\t\t\t\t\talt=\"https:\/\/files.sunoresearch.com.br\/n\/uploads\/2026\/01\/DT-PS-HOME-DE-ARTIGOS-1420x240-ID_01_x1-jpg.webp\"\n\t\t\t\t>\n\t\t\t<\/picture>\n\t\t<\/a>\n\t<\/p>\n\n\n<p>&#8220;\u00c9 leg\u00edtimo que o presidente <strong>Bolsonaro<\/strong> entenda que um bom acordo \u00e9 melhor que um confronto. Estamos abertos a todo bom acordo que n\u00e3o descaracterize a reforma, ningu\u00e9m est\u00e1 satisfeito com as regras de transi\u00e7\u00e3o&#8221;, afirmou o presidente da C\u00e2mara.<\/p>\n<p>O parlamentar explicou que ao abrir exce\u00e7\u00e3o para os policiais, outras categorias podem protestar por mudan\u00e7as. Portanto, isso geraria um efeito cascata que prejudica o andamento da reforma.<\/p>\n<h2>Tentativa de Bolsonaro para alterar as regras<\/h2>\n<p>Na tarde desta quarta-feira, o presidente Jair Bolsonaro entrou em contato com l\u00edderes partid\u00e1rios e com o relator da Previd\u00eancia,\u00a0Samuel Moreira (PSDB-SP), para a ado\u00e7\u00e3o de novas regras aos policias na reforma.<\/p>\n<p><a href=\"https:\/\/www.suno.com.br\/noticias\/bolsonaro-regras-policiais-previdencia\/\">Saiba mais: Bolsonaro consegue regras diferentes para os policiais na Previd\u00eancia<\/a><\/p>\n<p>Conforme as informa\u00e7\u00f5es divulgadas pelo jornal Folha de S. Paulo, alguns l\u00edderes de partidos afirmaram que o presidente conseguiu convencer os parlamentares a aprovar novas regras.<\/p>\n<h2>Tentativa de tranquilizar militares ap\u00f3s protestos<\/h2>\n<p>No in\u00edcio do dia,\u00a0o presidente Jair Bolsonaro tentou\u00a0acalmar a classe policial durante uma cerim\u00f4nia do Ex\u00e9rcito, em S\u00e3o Paulo. Assim, Bolsonaro afirmou que a reforma atenderia a todos.<\/p>\n<p>As declara\u00e7\u00f5es ocorreram ap\u00f3s um grupo de policiais protestaram em frente ao Congresso enquanto diziam \u201cAcabou o amor, Bolsonaro traidor\u201d.<\/p>\n\t<p>\n\t\t<a href=\"https:\/\/lp.suno.com.br\/lm\/simulador-de-renda-passiva\/\" target=\"_blank\" data-element=\"shortcode-suno-banner\" title=\"Banner SUNO, clique e saiba mais\">\n\t\t\t<picture>\n\t\t\t\t<source media=\"(max-width: 500px)\" srcset=\"https:\/\/files.sunoresearch.com.br\/n\/uploads\/2024\/04\/Lead-Magnet-400x300-1.png\">\n\t\t\t\t<img class=\"newsContent__article__imgCapa newsContent__article__imgCapa--banner\"\n\t\t\t\t\tsrc=\"https:\/\/files.sunoresearch.com.br\/n\/uploads\/2024\/04\/Lead-Magnet-1420x240-1.png\"\n\t\t\t\t\tdata-promo-id=\"543552\"\t\t\t\t\t\t\t\t\t\twidth='1420' height='240'\t\t\t\t\talt=\"https:\/\/files.sunoresearch.com.br\/n\/uploads\/2024\/04\/Lead-Magnet-1420x240-1.png\"\n\t\t\t\t>\n\t\t\t<\/picture>\n\t\t<\/a>\n\t<\/p>\n\n\n<p>Al\u00e9m disso,\u00a0a\u00a0bancada policial\u00a0do PSL, partido de Bolsonaro,\u00a0na\u00a0C\u00e2mara dos Deputados amea\u00e7ou n\u00e3o votar a reforma da Previd\u00eancia nem na comiss\u00e3o especial e nem no plen\u00e1rio da Casa.<\/p>\n<p>Os policiais pediram regras mais brandas de aposentadoria. Assim, o presidente tentou promover altera\u00e7\u00f5es no texto da <strong>reforma da Previd\u00eancia<\/strong> para atender as\u00a0reivindica\u00e7\u00f5es dos policiais.<\/p>\n","protected":false},"excerpt":{"rendered":"<p>O presidente da C\u00e2mara dos Deputados, Rodrigo Maia (DEM-RJ), afirmou\u00a0nesta que n\u00e3o houve acordo com policiais no texto da reforma da Previd\u00eancia. A declara\u00e7\u00e3o ocorreu no in\u00edcio da noite desta\u00a0quarta-feira (3). N\u00e3o houve acordo com policiais na reforma da Previd\u00eancia, diz Maia Segundo o deputado federal,\u00a0a informa\u00e7\u00e3o de que a regra de aposentadoria para os [&hellip;]<\/p>\n","protected":false},"author":18,"featured_media":9438,"comment_status":"closed","ping_status":"closed","sticky":false,"template":"","format":"standard","meta":[],"categories":[61],"tags":[719,940,892],"suno_strategy":[],"class_list":["post-30016","post","type-post","status-publish","format-standard","has-post-thumbnail","hentry","category-politica","tag-jair-bolsonaro","tag-reforma-da-previdencia","tag-rodrigo-maia"],"yoast_head":"<!-- This site is optimized with the Yoast SEO plugin v24.4 - https:\/\/yoast.com\/wordpress\/plugins\/seo\/ -->\n<title>N\u00e3o houve acordo com policiais na reforma da Previd\u00eancia, diz Maia<\/title>\n<meta name=\"description\" content=\"Rodrigo Maia (DEM- RJ) afirmou que n\u00e3o houve acordo com policiais na reforma da Previd\u00eancia. Clique para saber mais.\" \/>\n<meta name=\"robots\" content=\"index, follow, max-snippet:-1, max-image-preview:large, max-video-preview:-1\" \/>\n<link rel=\"canonical\" href=\"https:\/\/www.suno.com.br\/noticias\/acordo-policiais-previdencia\/\" \/>\n<meta property=\"og:locale\" content=\"pt_BR\" \/>\n<meta property=\"og:type\" content=\"article\" \/>\n<meta property=\"og:title\" content=\"N\u00e3o houve acordo com policiais na reforma da Previd\u00eancia, diz Maia\" \/>\n<meta property=\"og:description\" content=\"Rodrigo Maia (DEM- RJ) afirmou que n\u00e3o houve acordo com policiais na reforma da Previd\u00eancia. Clique para saber mais.\" \/>\n<meta property=\"og:url\" content=\"https:\/\/www.suno.com.br\/noticias\/acordo-policiais-previdencia\/\" \/>\n<meta property=\"og:site_name\" content=\"Suno Not\u00edcias\" \/>\n<meta property=\"article:publisher\" content=\"https:\/\/facebook.com\/sunoresearch\" \/>\n<meta property=\"og:image\" content=\"https:\/\/files.sunoresearch.com.br\/n\/uploads\/2018\/12\/66ee9f38-rodrigo-maia.jpg\" \/>\n\t<meta property=\"og:image:width\" content=\"4221\" \/>\n\t<meta property=\"og:image:height\" content=\"2814\" \/>\n\t<meta property=\"og:image:type\" content=\"image\/jpeg\" \/>\n<meta name=\"author\" content=\"Giovanna Oliveira\" \/>\n<meta name=\"twitter:card\" content=\"summary_large_image\" \/>\n<meta name=\"twitter:creator\" content=\"@sunoresearch\" \/>\n<meta name=\"twitter:site\" content=\"@sunoresearch\" \/>\n<meta name=\"twitter:label1\" content=\"Escrito por\" \/>\n\t<meta name=\"twitter:data1\" content=\"Giovanna Oliveira\" \/>\n\t<meta name=\"twitter:label2\" content=\"Est. tempo de leitura\" \/>\n\t<meta name=\"twitter:data2\" content=\"2 minutos\" \/>\n<script type=\"application\/ld+json\" class=\"yoast-schema-graph\">{\"@context\":\"https:\/\/schema.org\",\"@graph\":[{\"@type\":\"NewsArticle\",\"@id\":\"https:\/\/www.suno.com.br\/noticias\/acordo-policiais-previdencia\/#article\",\"isPartOf\":{\"@id\":\"https:\/\/www.suno.com.br\/noticias\/acordo-policiais-previdencia\/\"},\"author\":{\"name\":\"Giovanna Oliveira\",\"@id\":\"https:\/\/www.suno.com.br\/noticias\/#\/schema\/person\/4e19e3d2575736e5283d58eb3199d120\"},\"headline\":\"N\u00e3o houve acordo com policiais na reforma da Previd\u00eancia, diz Maia\",\"datePublished\":\"2019-07-03T23:48:47+00:00\",\"dateModified\":\"2019-07-04T12:37:58+00:00\",\"mainEntityOfPage\":{\"@id\":\"https:\/\/www.suno.com.br\/noticias\/acordo-policiais-previdencia\/\"},\"wordCount\":439,\"publisher\":{\"@id\":\"https:\/\/www.suno.com.br\/noticias\/#organization\"},\"image\":{\"@id\":\"https:\/\/www.suno.com.br\/noticias\/acordo-policiais-previdencia\/#primaryimage\"},\"thumbnailUrl\":\"https:\/\/files.sunoresearch.com.br\/n\/uploads\/2018\/12\/66ee9f38-rodrigo-maia-scaled.webp\",\"keywords\":[\"Jair Bolsonaro\",\"Reforma da Previd\u00eancia\",\"Rodrigo Maia\"],\"articleSection\":[\"Pol\u00edtica\"],\"inLanguage\":\"pt-BR\"},{\"@type\":\"WebPage\",\"@id\":\"https:\/\/www.suno.com.br\/noticias\/acordo-policiais-previdencia\/\",\"url\":\"https:\/\/www.suno.com.br\/noticias\/acordo-policiais-previdencia\/\",\"name\":\"N\u00e3o houve acordo com policiais na reforma da Previd\u00eancia, diz Maia\",\"isPartOf\":{\"@id\":\"https:\/\/www.suno.com.br\/noticias\/#website\"},\"primaryImageOfPage\":{\"@id\":\"https:\/\/www.suno.com.br\/noticias\/acordo-policiais-previdencia\/#primaryimage\"},\"image\":{\"@id\":\"https:\/\/www.suno.com.br\/noticias\/acordo-policiais-previdencia\/#primaryimage\"},\"thumbnailUrl\":\"https:\/\/files.sunoresearch.com.br\/n\/uploads\/2018\/12\/66ee9f38-rodrigo-maia-scaled.webp\",\"datePublished\":\"2019-07-03T23:48:47+00:00\",\"dateModified\":\"2019-07-04T12:37:58+00:00\",\"description\":\"Rodrigo Maia (DEM- RJ) afirmou que n\u00e3o houve acordo com policiais na reforma da Previd\u00eancia. Clique para saber mais.\",\"breadcrumb\":{\"@id\":\"https:\/\/www.suno.com.br\/noticias\/acordo-policiais-previdencia\/#breadcrumb\"},\"inLanguage\":\"pt-BR\",\"potentialAction\":[{\"@type\":\"ReadAction\",\"target\":[\"https:\/\/www.suno.com.br\/noticias\/acordo-policiais-previdencia\/\"]}]},{\"@type\":\"ImageObject\",\"inLanguage\":\"pt-BR\",\"@id\":\"https:\/\/www.suno.com.br\/noticias\/acordo-policiais-previdencia\/#primaryimage\",\"url\":\"https:\/\/files.sunoresearch.com.br\/n\/uploads\/2018\/12\/66ee9f38-rodrigo-maia-scaled.webp\",\"contentUrl\":\"https:\/\/files.sunoresearch.com.br\/n\/uploads\/2018\/12\/66ee9f38-rodrigo-maia-scaled.webp\",\"width\":2560,\"height\":1707,\"caption\":\"N\u00e3o houve acordo com policiais na reforma da Previd\u00eancia, diz Maia\"},{\"@type\":\"BreadcrumbList\",\"@id\":\"https:\/\/www.suno.com.br\/noticias\/acordo-policiais-previdencia\/#breadcrumb\",\"itemListElement\":[{\"@type\":\"ListItem\",\"position\":1,\"name\":\"Not\u00edcias\",\"item\":\"https:\/\/www.suno.com.br\/noticias\/\"},{\"@type\":\"ListItem\",\"position\":2,\"name\":\"Pol\u00edtica\",\"item\":\"https:\/\/www.suno.com.br\/noticias\/politica\/\"},{\"@type\":\"ListItem\",\"position\":3,\"name\":\"N\u00e3o houve acordo com policiais na reforma da Previd\u00eancia, diz Maia\"}]},{\"@type\":\"WebSite\",\"@id\":\"https:\/\/www.suno.com.br\/noticias\/#website\",\"url\":\"https:\/\/www.suno.com.br\/noticias\/\",\"name\":\"Suno Not\u00edcias\",\"description\":\"Seu portal de informa\u00e7\u00e3o sobre o mundo dos investimentos\",\"publisher\":{\"@id\":\"https:\/\/www.suno.com.br\/noticias\/#organization\"},\"potentialAction\":[{\"@type\":\"SearchAction\",\"target\":{\"@type\":\"EntryPoint\",\"urlTemplate\":\"https:\/\/www.suno.com.br\/noticias\/?s={search_term_string}\"},\"query-input\":{\"@type\":\"PropertyValueSpecification\",\"valueRequired\":true,\"valueName\":\"search_term_string\"}}],\"inLanguage\":\"pt-BR\"},{\"@type\":\"Organization\",\"@id\":\"https:\/\/www.suno.com.br\/noticias\/#organization\",\"name\":\"Suno Not\u00edcias\",\"url\":\"https:\/\/www.suno.com.br\/noticias\/\",\"logo\":{\"@type\":\"ImageObject\",\"inLanguage\":\"pt-BR\",\"@id\":\"https:\/\/www.suno.com.br\/noticias\/#\/schema\/logo\/image\/\",\"url\":\"https:\/\/files.sunoresearch.com.br\/n\/uploads\/2021\/09\/suno-logo.png\",\"contentUrl\":\"https:\/\/files.sunoresearch.com.br\/n\/uploads\/2021\/09\/suno-logo.png\",\"width\":180,\"height\":180,\"caption\":\"Suno Not\u00edcias\"},\"image\":{\"@id\":\"https:\/\/www.suno.com.br\/noticias\/#\/schema\/logo\/image\/\"},\"sameAs\":[\"https:\/\/facebook.com\/sunoresearch\",\"https:\/\/x.com\/sunoresearch\",\"https:\/\/www.instagram.com\/suno\",\"https:\/\/www.linkedin.com\/company\/suno-research\/\",\"https:\/\/www.youtube.com\/c\/sunoresearch\"]},{\"@type\":\"Person\",\"@id\":\"https:\/\/www.suno.com.br\/noticias\/#\/schema\/person\/4e19e3d2575736e5283d58eb3199d120\",\"name\":\"Giovanna Oliveira\",\"image\":{\"@type\":\"ImageObject\",\"inLanguage\":\"pt-BR\",\"@id\":\"https:\/\/www.suno.com.br\/noticias\/#\/schema\/person\/image\/\",\"url\":\"https:\/\/secure.gravatar.com\/avatar\/9a37b3ae208962ac568992d0ffdbc2eb?s=96&r=g\",\"contentUrl\":\"https:\/\/secure.gravatar.com\/avatar\/9a37b3ae208962ac568992d0ffdbc2eb?s=96&r=g\",\"caption\":\"Giovanna Oliveira\"},\"description\":\"Giovanna Oliveira escreve sobre economia e pol\u00edtica. Foi rep\u00f3rter do portal de jornalismo da ESPM-SP e produziu conte\u00fado para a Corinthians TV. \u00c9 estudante da ESPM.\",\"url\":\"https:\/\/www.suno.com.br\/noticias\/author\/giovanna\/\"}]}<\/script>\n<!-- \/ Yoast SEO plugin. -->","yoast_head_json":{"title":"N\u00e3o houve acordo com policiais na reforma da Previd\u00eancia, diz Maia","description":"Rodrigo Maia (DEM- RJ) afirmou que n\u00e3o houve acordo com policiais na reforma da Previd\u00eancia. Clique para saber mais.","robots":{"index":"index","follow":"follow","max-snippet":"max-snippet:-1","max-image-preview":"max-image-preview:large","max-video-preview":"max-video-preview:-1"},"canonical":"https:\/\/www.suno.com.br\/noticias\/acordo-policiais-previdencia\/","og_locale":"pt_BR","og_type":"article","og_title":"N\u00e3o houve acordo com policiais na reforma da Previd\u00eancia, diz Maia","og_description":"Rodrigo Maia (DEM- RJ) afirmou que n\u00e3o houve acordo com policiais na reforma da Previd\u00eancia. Clique para saber mais.","og_url":"https:\/\/www.suno.com.br\/noticias\/acordo-policiais-previdencia\/","og_site_name":"Suno Not\u00edcias","article_publisher":"https:\/\/facebook.com\/sunoresearch","og_image":[{"width":4221,"height":2814,"url":"https:\/\/files.sunoresearch.com.br\/n\/uploads\/2018\/12\/66ee9f38-rodrigo-maia.jpg","type":"image\/jpeg"}],"author":"Giovanna Oliveira","twitter_card":"summary_large_image","twitter_creator":"@sunoresearch","twitter_site":"@sunoresearch","twitter_misc":{"Escrito por":"Giovanna Oliveira","Est. tempo de leitura":"2 minutos"},"schema":{"@context":"https:\/\/schema.org","@graph":[{"@type":"NewsArticle","@id":"https:\/\/www.suno.com.br\/noticias\/acordo-policiais-previdencia\/#article","isPartOf":{"@id":"https:\/\/www.suno.com.br\/noticias\/acordo-policiais-previdencia\/"},"author":{"name":"Giovanna Oliveira","@id":"https:\/\/www.suno.com.br\/noticias\/#\/schema\/person\/4e19e3d2575736e5283d58eb3199d120"},"headline":"N\u00e3o houve acordo com policiais na reforma da Previd\u00eancia, diz Maia","datePublished":"2019-07-03T23:48:47+00:00","dateModified":"2019-07-04T12:37:58+00:00","mainEntityOfPage":{"@id":"https:\/\/www.suno.com.br\/noticias\/acordo-policiais-previdencia\/"},"wordCount":439,"publisher":{"@id":"https:\/\/www.suno.com.br\/noticias\/#organization"},"image":{"@id":"https:\/\/www.suno.com.br\/noticias\/acordo-policiais-previdencia\/#primaryimage"},"thumbnailUrl":"https:\/\/files.sunoresearch.com.br\/n\/uploads\/2018\/12\/66ee9f38-rodrigo-maia-scaled.webp","keywords":["Jair Bolsonaro","Reforma da Previd\u00eancia","Rodrigo Maia"],"articleSection":["Pol\u00edtica"],"inLanguage":"pt-BR"},{"@type":"WebPage","@id":"https:\/\/www.suno.com.br\/noticias\/acordo-policiais-previdencia\/","url":"https:\/\/www.suno.com.br\/noticias\/acordo-policiais-previdencia\/","name":"N\u00e3o houve acordo com policiais na reforma da Previd\u00eancia, diz Maia","isPartOf":{"@id":"https:\/\/www.suno.com.br\/noticias\/#website"},"primaryImageOfPage":{"@id":"https:\/\/www.suno.com.br\/noticias\/acordo-policiais-previdencia\/#primaryimage"},"image":{"@id":"https:\/\/www.suno.com.br\/noticias\/acordo-policiais-previdencia\/#primaryimage"},"thumbnailUrl":"https:\/\/files.sunoresearch.com.br\/n\/uploads\/2018\/12\/66ee9f38-rodrigo-maia-scaled.webp","datePublished":"2019-07-03T23:48:47+00:00","dateModified":"2019-07-04T12:37:58+00:00","description":"Rodrigo Maia (DEM- RJ) afirmou que n\u00e3o houve acordo com policiais na reforma da Previd\u00eancia. Clique para saber mais.","breadcrumb":{"@id":"https:\/\/www.suno.com.br\/noticias\/acordo-policiais-previdencia\/#breadcrumb"},"inLanguage":"pt-BR","potentialAction":[{"@type":"ReadAction","target":["https:\/\/www.suno.com.br\/noticias\/acordo-policiais-previdencia\/"]}]},{"@type":"ImageObject","inLanguage":"pt-BR","@id":"https:\/\/www.suno.com.br\/noticias\/acordo-policiais-previdencia\/#primaryimage","url":"https:\/\/files.sunoresearch.com.br\/n\/uploads\/2018\/12\/66ee9f38-rodrigo-maia-scaled.webp","contentUrl":"https:\/\/files.sunoresearch.com.br\/n\/uploads\/2018\/12\/66ee9f38-rodrigo-maia-scaled.webp","width":2560,"height":1707,"caption":"N\u00e3o houve acordo com policiais na reforma da Previd\u00eancia, diz Maia"},{"@type":"BreadcrumbList","@id":"https:\/\/www.suno.com.br\/noticias\/acordo-policiais-previdencia\/#breadcrumb","itemListElement":[{"@type":"ListItem","position":1,"name":"Not\u00edcias","item":"https:\/\/www.suno.com.br\/noticias\/"},{"@type":"ListItem","position":2,"name":"Pol\u00edtica","item":"https:\/\/www.suno.com.br\/noticias\/politica\/"},{"@type":"ListItem","position":3,"name":"N\u00e3o houve acordo com policiais na reforma da Previd\u00eancia, diz Maia"}]},{"@type":"WebSite","@id":"https:\/\/www.suno.com.br\/noticias\/#website","url":"https:\/\/www.suno.com.br\/noticias\/","name":"Suno Not\u00edcias","description":"Seu portal de informa\u00e7\u00e3o sobre o mundo dos investimentos","publisher":{"@id":"https:\/\/www.suno.com.br\/noticias\/#organization"},"potentialAction":[{"@type":"SearchAction","target":{"@type":"EntryPoint","urlTemplate":"https:\/\/www.suno.com.br\/noticias\/?s={search_term_string}"},"query-input":{"@type":"PropertyValueSpecification","valueRequired":true,"valueName":"search_term_string"}}],"inLanguage":"pt-BR"},{"@type":"Organization","@id":"https:\/\/www.suno.com.br\/noticias\/#organization","name":"Suno Not\u00edcias","url":"https:\/\/www.suno.com.br\/noticias\/","logo":{"@type":"ImageObject","inLanguage":"pt-BR","@id":"https:\/\/www.suno.com.br\/noticias\/#\/schema\/logo\/image\/","url":"https:\/\/files.sunoresearch.com.br\/n\/uploads\/2021\/09\/suno-logo.png","contentUrl":"https:\/\/files.sunoresearch.com.br\/n\/uploads\/2021\/09\/suno-logo.png","width":180,"height":180,"caption":"Suno Not\u00edcias"},"image":{"@id":"https:\/\/www.suno.com.br\/noticias\/#\/schema\/logo\/image\/"},"sameAs":["https:\/\/facebook.com\/sunoresearch","https:\/\/x.com\/sunoresearch","https:\/\/www.instagram.com\/suno","https:\/\/www.linkedin.com\/company\/suno-research\/","https:\/\/www.youtube.com\/c\/sunoresearch"]},{"@type":"Person","@id":"https:\/\/www.suno.com.br\/noticias\/#\/schema\/person\/4e19e3d2575736e5283d58eb3199d120","name":"Giovanna Oliveira","image":{"@type":"ImageObject","inLanguage":"pt-BR","@id":"https:\/\/www.suno.com.br\/noticias\/#\/schema\/person\/image\/","url":"https:\/\/secure.gravatar.com\/avatar\/9a37b3ae208962ac568992d0ffdbc2eb?s=96&r=g","contentUrl":"https:\/\/secure.gravatar.com\/avatar\/9a37b3ae208962ac568992d0ffdbc2eb?s=96&r=g","caption":"Giovanna Oliveira"},"description":"Giovanna Oliveira escreve sobre economia e pol\u00edtica. Foi rep\u00f3rter do portal de jornalismo da ESPM-SP e produziu conte\u00fado para a Corinthians TV. \u00c9 estudante da ESPM.","url":"https:\/\/www.suno.com.br\/noticias\/author\/giovanna\/"}]}},"default_loop_html":"<div class=\"cardsPage__listCard__boxs\"><div class=\"cardsPage__listCard__boxs__img\"><a href=\"https:\/\/www.suno.com.br\/noticias\/acordo-policiais-previdencia\/\"><img class=\"mask\" src=\"https:\/\/www.suno.com.br\/noticias\/wp-content\/themes\/suno\/resources\/images\/spotlight\/spotlight1img\/bg-mask.png\" alt=\"Image Mask\"\/><img src=\"https:\/\/files.sunoresearch.com.br\/n\/uploads\/2018\/12\/66ee9f38-rodrigo-maia-400x200.webp\" alt=\"N\u00e3o houve acordo com policiais na reforma da Previd\u00eancia, diz Maia\"\/><\/a><span class=\"spotlightCategory\"><a href=\"https:\/\/www.suno.com.br\/noticias\/politica\/\">Pol\u00edtica<\/a><\/span><\/div><div class=\"cardsPage__listCard__boxs__content\"><a href=\"https:\/\/www.suno.com.br\/noticias\/acordo-policiais-previdencia\/\"><h2 class=\"content__title\">N\u00e3o houve acordo com policiais na reforma da Previd\u00eancia, diz Maia<\/h2><\/a><div class=\"newsContent__article__meta\"><div class=\"newsContent__article__meta__authorBox\"><a href=\"https:\/\/www.suno.com.br\/noticias\/author\/giovanna\/\" class=\"authorBox__avatar noMobi\"><img src=\"https:\/\/files.sunoresearch.com.br\/n\/uploads\/2019\/06\/952a89ca-screenshot_20190608-171507-150x150.webp\" alt=\"Giovanna Oliveira\"><\/a><div class=\"authorBox__name\"><span>por\n\t\t\t<a href=\"https:\/\/www.suno.com.br\/noticias\/author\/giovanna\/\"><span itemprop=\"author\">Giovanna Oliveira<\/span><\/a><\/span><time datetime=\"2019-07-03T20:48:47-03:00\" itemprop=\"datePublished\">03\/07\/2019 20:48<\/time><\/div><\/div><\/div><\/div><\/div>","single_layout":"posts","amp_enabled":true,"_links":{"self":[{"href":"https:\/\/www.suno.com.br\/noticias\/wp-json\/wp\/v2\/posts\/30016"}],"collection":[{"href":"https:\/\/www.suno.com.br\/noticias\/wp-json\/wp\/v2\/posts"}],"about":[{"href":"https:\/\/www.suno.com.br\/noticias\/wp-json\/wp\/v2\/types\/post"}],"author":[{"embeddable":true,"href":"https:\/\/www.suno.com.br\/noticias\/wp-json\/wp\/v2\/users\/18"}],"replies":[{"embeddable":true,"href":"https:\/\/www.suno.com.br\/noticias\/wp-json\/wp\/v2\/comments?post=30016"}],"version-history":[{"count":0,"href":"https:\/\/www.suno.com.br\/noticias\/wp-json\/wp\/v2\/posts\/30016\/revisions"}],"wp:featuredmedia":[{"embeddable":true,"href":"https:\/\/www.suno.com.br\/noticias\/wp-json\/wp\/v2\/media\/9438"}],"wp:attachment":[{"href":"https:\/\/www.suno.com.br\/noticias\/wp-json\/wp\/v2\/media?parent=30016"}],"wp:term":[{"taxonomy":"category","embeddable":true,"href":"https:\/\/www.suno.com.br\/noticias\/wp-json\/wp\/v2\/categories?post=30016"},{"taxonomy":"post_tag","embeddable":true,"href":"https:\/\/www.suno.com.br\/noticias\/wp-json\/wp\/v2\/tags?post=30016"},{"taxonomy":"suno_strategy","embeddable":true,"href":"https:\/\/www.suno.com.br\/noticias\/wp-json\/wp\/v2\/suno_strategy?post=30016"}],"curies":[{"name":"wp","href":"https:\/\/api.w.org\/{rel}","templated":true}]}}