{"id":300055,"date":"2022-09-20T22:08:55","date_gmt":"2022-09-21T01:08:55","guid":{"rendered":"https:\/\/www.suno.com.br\/noticias\/?p=300055"},"modified":"2022-09-20T22:08:55","modified_gmt":"2022-09-21T01:08:55","slug":"radar-weg-wege3-oi-oibr3-3r-petroleum-rrrp3","status":"publish","type":"post","link":"https:\/\/www.suno.com.br\/noticias\/radar-weg-wege3-oi-oibr3-3r-petroleum-rrrp3\/","title":{"rendered":"Radar: Weg (WEGE3) pagar\u00e1 R$ 185 mi em JCP; Oi (OIBR3) cai abaixo de R$ 0,50 e 3R Petroleum (RRRP3) deve valorizar com aquisi\u00e7\u00e3o, diz XP"},"content":{"rendered":"<p>A <a class=\"suno-keyword\" href=\"https:\/\/www.suno.com.br\/acoes\/WEGE3\/\" target=\"_blank\" rel=\"noopener\" data-force=\"yes\" data-priority=\"2\">Weg (WEGE3)<\/a> anunciou nesta ter\u00e7a-feira (20) que vai pagar R$ 185 milh\u00f5es em <a class=\"suno-keyword\" href=\"https:\/\/www.suno.com.br\/artigos\/entenda-o-jcp\/\" target=\"_blank\" rel=\"noopener\" data-force=\"no\" data-priority=\"1\">Juros Sobre Capital Pr\u00f3prio<\/a> (JCP) aos seus acionistas.<\/p>\t<div class=\"wrapper-featured-image\">\n\t\t<figure class=\"spotlightImg\">\n\n\t\t\t<picture>\n\t\t\t\t<source media=\"(max-width: 768px)\" srcset=\"https:\/\/files.sunoresearch.com.br\/n\/uploads\/2022\/07\/weg-400x200.jpg\">\n\t\t\t\t<img loading=\"lazy\" decoding=\"async\" class=\"newsContent__article__imgCapa lazyloadDisabled \" src=\"https:\/\/files.sunoresearch.com.br\/n\/uploads\/2022\/07\/weg-800x450.jpg\" width=\"800\" height=\"450\" alt=\"Radar: Weg (WEGE3) pagar\u00e1 R$ 185 mi em JCP; Oi (OIBR3) cai abaixo de R$ 0,50 e 3R Petroleum (RRRP3) deve valorizar com aquisi\u00e7\u00e3o, diz XP\" fetchpriority=high \/>\n\t\t\t<\/picture>\n\n\t\t\t<figcaption class=\"wp-caption-text wp-caption-text--show\">Weg (WEGE3). Foto: Divulga\u00e7\u00e3o<\/figcaption>\n\t\t<\/figure>\n\t<\/div>\n\n\n\t<p>\n\t\t<a href=\"\" target=\"_blank\" data-element=\"shortcode-suno-banner\" title=\"Banner SUNO, clique e saiba mais\">\n\t\t\t<picture>\n\t\t\t\t<source media=\"(max-width: 500px)\" srcset=\"\">\n\t\t\t\t<img class=\"newsContent__article__imgCapa newsContent__article__imgCapa--banner\"\n\t\t\t\t\tsrc=\"\"\n\t\t\t\t\tdata-promo-id=\"138420\"\t\t\t\t\t\t\t\t\t\t\t\t\t\t\talt=\"\"\n\t\t\t\t>\n\t\t\t<\/picture>\n\t\t<\/a>\n\t<\/p>\n\n\n<p>O valor dos <strong><a class=\"suno-keyword\" href=\"https:\/\/www.suno.com.br\/guias\/dividendos\/\" target=\"_blank\" rel=\"noopener\" data-force=\"no\" data-priority=\"1\">dividendos<\/a> da Weg<\/strong> por a\u00e7\u00e3o ser\u00e1 de R$ 0,044 aos titulares de <a class=\"suno-keyword\" href=\"https:\/\/www.suno.com.br\/artigos\/acoes-escriturais\/\" target=\"_blank\" rel=\"noopener\" data-force=\"no\" data-priority=\"1\">a\u00e7\u00f5es escriturais<\/a> posicionados at\u00e9 o final do preg\u00e3o em 23 de setembro de 2022.\u00a0A partir do dia 26 de setembro, as a\u00e7\u00f5es ser\u00e3o negociadas sem direito aos dividendos.<\/p>\n<p>O pagamento ser\u00e1 feito em 15 de mar\u00e7o de 2023.<\/p>\n<p>Segundo documento arquivado na Comiss\u00e3o de Valores Mobili\u00e1rios (CVM), esses proventos fazem parte dos dividendos obrigat\u00f3rios do exerc\u00edcio de 2022.<\/p>\n<p>O valor dos JCP ter\u00e1 reten\u00e7\u00e3o do imposto de renda na fonte, com al\u00edquota de 15%, resultando em aproximadamente R$ 0,037 por a\u00e7\u00e3o.<\/p>\n<h2>JCP da Weg<\/h2>\n<ul>\n<li>Valor total: R$ 185.118.326,49<\/li>\n<li>Valor por a\u00e7\u00e3o: R$ 0,044117647<\/li>\n<li>Data de corte: 23 de setembro<\/li>\n<li>Data do pagamento: 15 de mar\u00e7o de 2023<\/li>\n<li>Rendimento (dividend yield): 1,51%<\/li>\n<\/ul>\n\t<p>\n\t\t<a href=\"https:\/\/lp.suno.com.br\/planilha-controle-gastos\/\" target=\"_blank\" data-element=\"shortcode-suno-banner\" title=\"Banner SUNO, clique e saiba mais\">\n\t\t\t<picture>\n\t\t\t\t<source media=\"(max-width: 500px)\" srcset=\"https:\/\/files.sunoresearch.com.br\/n\/uploads\/2023\/03\/400x300-Planilha-controle-de-gastos.png\">\n\t\t\t\t<img class=\"newsContent__article__imgCapa newsContent__article__imgCapa--banner\"\n\t\t\t\t\tsrc=\"https:\/\/files.sunoresearch.com.br\/n\/uploads\/2023\/03\/1420x240-Planilha-controle-de-gastos.png\"\n\t\t\t\t\tdata-promo-id=\"101751\"\t\t\t\t\t\t\t\t\t\twidth='1420' height='240'\t\t\t\t\talt=\"https:\/\/files.sunoresearch.com.br\/n\/uploads\/2023\/03\/1420x240-Planilha-controle-de-gastos.png\"\n\t\t\t\t>\n\t\t\t<\/picture>\n\t\t<\/a>\n\t<\/p>\n\n\n<h2>A\u00e7\u00f5es da Oi (OIBR3) caem abaixo de R$ 0,50; BTG diz que quadro pode piorar<\/h2>\n<ul>\n<li>As a\u00e7\u00f5es da <a href=\"https:\/\/www.suno.com.br\/acoes\/oibr3\/\">Oi (OIBR3)<\/a> recuavam nesta ter\u00e7a-feira (20) mais uma vez, refletindo incertezas da venda dos ativos m\u00f3veis da empresa, depois de a <a class=\"suno-keyword\" href=\"https:\/\/www.suno.com.br\/acoes\/VIVT3\/\" target=\"_blank\" rel=\"noopener\" data-force=\"yes\" data-priority=\"2\">Vivo (VIVT3)<\/a>, a <a class=\"suno-keyword\" href=\"https:\/\/www.suno.com.br\/acoes\/TIMS3\/\" target=\"_blank\" rel=\"noopener\" data-force=\"yes\" data-priority=\"2\">Tim (TIMS3)<\/a> e a Claro pedirem ajustes nos valores.<\/li>\n<li>Os pap\u00e9is da Oi fecharam em queda de 6,38%, cotados a R$ 0,44. O BTG explica que as companhias de telefonia pedem que o pre\u00e7o de R$ 15,9 bilh\u00f5es seja reduzido em R$ 3,2 bilh\u00f5es para incluir m\u00e9tricas piores para:<\/li>\n<li>novos clientes l\u00edquidos;<\/li>\n<li><a class=\"suno-keyword\" href=\"https:\/\/www.suno.com.br\/artigos\/divida-liquida\/\" target=\"_blank\" rel=\"noopener\" data-force=\"no\" data-priority=\"1\">d\u00edvida l\u00edquida<\/a>;<\/li>\n<li>capital de giro;<\/li>\n<li>capex.<\/li>\n<li>A Oi informou que discorda das empresas.<\/li>\n<li>&#8220;Acreditamos que o reajuste de pre\u00e7o esteja relacionado principalmente ao n\u00famero de novos clientes l\u00edquidos&#8221;, explicam os analistas do BTG, que veem a not\u00edcia &#8220;muito ruim&#8221; para a Oi, que n\u00e3o receber\u00e1 de imediato o valor de\u00a0 R$ 1,4 bilh\u00e3o extra retido pelas tr\u00eas teles.<\/li>\n<li>Al\u00e9m disso, o caixa da Oi de <a class=\"suno-keyword\" href=\"https:\/\/www.suno.com.br\/artigos\/curto-prazo\/\" target=\"_blank\" rel=\"noopener\" data-force=\"no\" data-priority=\"1\">curto prazo<\/a> deve ficar sob press\u00e3o enquanto o valor final a ser reajustado estiver em discuss\u00e3o, diz o BTG.<\/li>\n<li>&#8220;Estamos revisando nosso modelo e planejamos publicar novas estimativas nas pr\u00f3ximas semanas&#8221;, conclu\u00edram os analistas.<\/li>\n<li>Os analistas da XP Investimentos explicaram por que pode ser positivo para <a class=\"suno-keyword\" href=\"https:\/\/www.suno.com.br\/acoes\/VIVT3\/\" target=\"_blank\" rel=\"noopener\" data-force=\"yes\" data-priority=\"2\">Telef\u00f4nica (VIVT3)<\/a> e TIM (TIMS3) o pedido de redu\u00e7\u00e3o de R$ 3,2 bilh\u00f5es no pre\u00e7o no valor total dos ativos m\u00f3veis da Oi (OIBR3), adquiridos pelas teles nos leil\u00f5es realizados.<\/li>\n<li>De acordo com os analistas, os compradores identificaram diverg\u00eancias em premissas que justificam uma proposta de altera\u00e7\u00e3o no valor, totalizando R$ 3,2 bilh\u00f5es, sendo R$ 1,4 bilh\u00f5es em benef\u00edcio da TIM e R$ 1,1 bilh\u00e3o para a dona da Vivo.<\/li>\n<li>As diverg\u00eancias est\u00e3o no capital de giro e d\u00edvida liquida, Capex, e ajustes na base de clientes.<\/li>\n<li>As a\u00e7\u00f5es da <strong>Oi<\/strong> ca\u00edam 4% cotadas a R$ 0,45 \u00e0s 16h20 desta ter\u00e7a-feira (20).<\/li>\n<\/ul>\n\t<p>\n\t\t<a href=\"https:\/\/lp.suno.com.br\/planilha-da-vida-financeira\/\" target=\"_blank\" data-element=\"shortcode-suno-banner\" title=\"Banner SUNO, clique e saiba mais\">\n\t\t\t<picture>\n\t\t\t\t<source media=\"(max-width: 500px)\" srcset=\"https:\/\/files.sunoresearch.com.br\/n\/uploads\/2023\/04\/400x300-Planilha-vida-financeira-true.png\">\n\t\t\t\t<img class=\"newsContent__article__imgCapa newsContent__article__imgCapa--banner\"\n\t\t\t\t\tsrc=\"https:\/\/files.sunoresearch.com.br\/n\/uploads\/2023\/04\/1420x240-Planilha-vida-financeira-true.png\"\n\t\t\t\t\tdata-promo-id=\"106682\"\t\t\t\t\t\t\t\t\t\twidth='1420' height='240'\t\t\t\t\talt=\"https:\/\/files.sunoresearch.com.br\/n\/uploads\/2023\/04\/1420x240-Planilha-vida-financeira-true.png\"\n\t\t\t\t>\n\t\t\t<\/picture>\n\t\t<\/a>\n\t<\/p>\n\n\n<h2 class=\"newsContent__article__title\">A\u00e7\u00e3o da 3R Petroleum (RRRP3) deve valorizar (muito) com aquisi\u00e7\u00e3o, diz XP<\/h2>\n<ul>\n<li>A <a href=\"https:\/\/www.suno.com.br\/acoes\/oibr3\/\">3R Petroleum (RRRP3)<\/a> foi tema de relat\u00f3rio otimista divulgado pela XP Investimentos nesta ter\u00e7a-feira (20).<\/li>\n<li>Sob o holofote, est\u00e1 a mais nova aquisi\u00e7\u00e3o da 3R Petroleum: 15% do capital da 3R Offshore.<\/li>\n<li>A XP n\u00e3o s\u00f3 reiterou a recomenda\u00e7\u00e3o de compra para as <strong>a\u00e7\u00f5es da 3R<\/strong>, como indicou que a aquisi\u00e7\u00e3o pode vir a acrescentar cerca de R$ 3,50 ao pre\u00e7o-alvo determinado pela XP para os pap\u00e9is da companhia, atualmente em R$ 82,50 por a\u00e7\u00e3o.<\/li>\n<li>A aquisi\u00e7\u00e3o ser\u00e1 realizada com base em uma cl\u00e1usula prevista no <a class=\"suno-keyword\" href=\"https:\/\/www.suno.com.br\/artigos\/acordo-de-acionistas\/\" target=\"_blank\" rel=\"noopener\" data-force=\"no\" data-priority=\"1\">Acordo de Acionistas<\/a> acertado entre as partes em 6 de maio de 2021 e alterado em 2 de agosto de 2022, que prev\u00ea que a empresa teria o direito de adquirir 15% da 3R Offshore por meio do pagamento de R$ 12 milh\u00f5es<\/li>\n<li>A opera\u00e7\u00e3o deve dar \u00e0 3R 85% do Cluster Pero\u00e1 e 53,13% do P\u00f3lo Papa Terra.<\/li>\n<li>Al\u00e9m disso, a<strong> nova aquisi\u00e7\u00e3o da 3R<\/strong> deve adicionar 10,3 milh\u00f5es de reservas de \u00f3leo da categoria 1P (provadas) e 16 milh\u00f5es de 2P (soma de provadas e prov\u00e1veis) para o Papa-Terra, como tamb\u00e9m 3,2 milh\u00f5es de boe de reservas de g\u00e1s 1P para Pero\u00e1.<\/li>\n<li>&#8220;Em termos de avalia\u00e7\u00e3o do ativo, esta aquisi\u00e7\u00e3o adiciona volumes de apenas US$ 0,17\/1P ou US$ 0,12\/2P (o mais barato de todos os neg\u00f3cios da 3R)&#8221;, afirmou a XP.<\/li>\n<li>Apesar do ceticismo do mercado sobre a execu\u00e7\u00e3o do Polo Papa-Terra, a XP encara a aquisi\u00e7\u00e3o como promissora.<\/li>\n<li>&#8220;Vemos esta aquisi\u00e7\u00e3o como altamente geradora de valor para a empresa&#8221;, disse a casa.<\/li>\n<li>As a\u00e7\u00f5es da 3R Petroleum fecharam o preg\u00e3o desta ter\u00e7a-feira acumulando alta de 1,89%, com negocia\u00e7\u00f5es do papel rondando os R$ 38,82 &#8212; o que implica um potencial de valoriza\u00e7\u00e3o de mais de 210%, segundo o pre\u00e7o-alvo estipulado pela XP.<\/li>\n<li>Se considerados os R$ 3,50 que a aquisi\u00e7\u00e3o pode adicionar ao pre\u00e7o-alvo, o potencial de valoriza\u00e7\u00e3o ultrapassa os 220%.<\/li>\n<li>Desde o in\u00edcio do ano, as a\u00e7\u00f5es da <strong>3R<\/strong> Petroleum acumulam alta de cerca de 13,67%.<\/li>\n<\/ul>\n<h2>Cemig (CMIG4) pagar\u00e1 R$ 471,5 milh\u00f5es em JCP; veja valor por a\u00e7\u00e3o<\/h2>\n<ul>\n<li>A <a href=\"https:\/\/www.suno.com.br\/acoes\/cmig4\/\">Cemig (CMIG4)<\/a> anunciou nesta ter\u00e7a-feira (20) que vai pagar R$ 471,5 milh\u00f5es em Juros Sobre Capital Pr\u00f3prio (JCP) aos seus acionistas.<\/li>\n<li>O valor dos proventos por a\u00e7\u00e3o ser\u00e1 de R$ 0,21, que ser\u00e3o pagos em duas parcelas iguais: a primeira at\u00e9 o dia 30 de junho de 2023 e a outra, 30 de dezembro de 2023.<\/li>\n<li>Apenas os investidores com <strong>a\u00e7\u00f5es da Cemig<\/strong> no dia 23 de setembro ter\u00e3o direito de receber os rendimentos. A partir do dia 26 de setembro, as a\u00e7\u00f5es ser\u00e3o negociadas sem direito aos dividendos.<\/li>\n<li>Segundo documento arquivado na Comiss\u00e3o de Valores Mobili\u00e1rios (CVM), esses proventos fazem parte dos dividendos m\u00ednimos obrigat\u00f3rios do exerc\u00edcio de 2022.<\/li>\n<li>O valor dos JCP ter\u00e1 reten\u00e7\u00e3o do imposto de renda na fonte, com al\u00edquota de 15%, resultando em aproximadamente R$ 0,18 por a\u00e7\u00e3o.<\/li>\n<li>Valor total: R$ 471.529.000,00<\/li>\n<li>Valor por a\u00e7\u00e3o: 0,21428027494 para CMIG3 e CMIG4<\/li>\n<li>Data de corte: 23 de setembro<\/li>\n<li>Data do pagamento: at\u00e9 30\/06\/23 e 30\/12\/23<\/li>\n<li>Rendimento (dividend yield): 12,55%<\/li>\n<li>Funcion\u00e1rios da\u00a0<strong>Cemig<\/strong>\u00a0(CMIG4)\u00a0e empres\u00e1rios do ramo de cabos e materiais el\u00e9tricos que atuam como fornecedores da estatal s\u00e3o investigados na \u201cOpera\u00e7\u00e3o Mau Contato\u201d. O Minist\u00e9rio P\u00fablico de Minas Gerais (MPMG) e de S\u00e3o Paulo (MPSP), em conjunto com as Pol\u00edcias Civis dos dois Estados e com a Secretaria da Fazenda de Minas Gerais, cumpriram nove mandados de busca e apreens\u00e3o contra os envolvidos.<\/li>\n<li>Conforme informou o MPMG, a\u00a0<strong>opera\u00e7\u00e3o contra as fraudes<\/strong>\u00a0marca o encerramento da primeira fase de investiga\u00e7\u00f5es de Procedimento Investigat\u00f3rio Criminal (PIC) que foi instaurado ap\u00f3s t\u00e9rmino de investiga\u00e7\u00e3o corporativa interna da pr\u00f3pria Cemig, conclu\u00edda ao final de 2020 e que resultou no afastamento de dirigentes e empregados da companhia e rescis\u00f5es de contratos com fornecedores, parte deles, agora, alvos da investiga\u00e7\u00e3o conduzida pelo Minist\u00e9rio P\u00fablico.<\/li>\n<li>\u201cAs dilig\u00eancias realizadas nesta ter\u00e7a-feira visam complementar as provas j\u00e1 produzidas, assim como aprofundar a hip\u00f3tese de ocorr\u00eancia de outros crimes contra a administra\u00e7\u00e3o p\u00fablica e financeiros, a partir da colheita de documentos, computadores, telefones celulares e dispositivos eletr\u00f4nicos pessoais dos envolvidos, medidas autorizadas pelo ju\u00edzo da Vara de Inqu\u00e9ritos da Capital\u201d, afirmou o MPMG.<\/li>\n<li>Tamb\u00e9m foi autorizado o bloqueio e indisponibilidade de bens dos envolvidos, em um montante da ordem de R$ 132,261 milh\u00f5es, com o intuito de garantir o futuro ressarcimento dos danos causados ao patrim\u00f4nio da Cemig e aos consumidores e usu\u00e1rios do servi\u00e7o.<\/li>\n<li>Segundo nota divulgada pelo\u00a0<strong>MPMG<\/strong>, as investiga\u00e7\u00f5es indicaram que um grupo de empregados da Cemig atuava em conluio com empres\u00e1rios do ramo de produ\u00e7\u00e3o e revenda de cabos condutores e outros materiais el\u00e9tricos para fraudar as contrata\u00e7\u00f5es da Cemig, desde a fase de licita\u00e7\u00e3o at\u00e9 a execu\u00e7\u00e3o dos contratos.<\/li>\n<li>No preg\u00e3o de hoje, a cota\u00e7\u00e3o das a\u00e7\u00f5es da\u00a0<strong>Cemig<\/strong> caiu 0,26%, cotada a R$ 11,67. No ano, o papel acumula alta de 17,76%.<\/li>\n<\/ul>\n\t<p>\n\t\t<a href=\"https:\/\/lp.suno.com.br\/ebook-como-analisar-uma-acao\/\" target=\"_blank\" data-element=\"shortcode-suno-banner\" title=\"Banner SUNO, clique e saiba mais\">\n\t\t\t<picture>\n\t\t\t\t<source media=\"(max-width: 500px)\" srcset=\"https:\/\/files.sunoresearch.com.br\/n\/uploads\/2023\/03\/Ebook-Acoes-Mobile-1.jpg\">\n\t\t\t\t<img class=\"newsContent__article__imgCapa newsContent__article__imgCapa--banner\"\n\t\t\t\t\tsrc=\"https:\/\/files.sunoresearch.com.br\/n\/uploads\/2023\/03\/Ebook-Acoes-Desktop-1.jpg\"\n\t\t\t\t\tdata-promo-id=\"171998\"\t\t\t\t\t\t\t\t\t\twidth='1420' height='286'\t\t\t\t\talt=\"https:\/\/files.sunoresearch.com.br\/n\/uploads\/2023\/03\/Ebook-Acoes-Desktop-1.jpg\"\n\t\t\t\t>\n\t\t\t<\/picture>\n\t\t<\/a>\n\t<\/p>\n\n\n<h2 class=\"newsContent__article__title\">Ambipar (AMBP3) compra empresa de reciclagem avaliada em R$ 68 milh\u00f5es<\/h2>\n<ul>\n<li>A <a class=\"suno-keyword\" href=\"https:\/\/www.suno.com.br\/acoes\/AMBP3\/\" target=\"_blank\" rel=\"noopener\" data-force=\"yes\" data-priority=\"2\"><strong>Ambipar<\/strong>\u00a0(AMBP3)<\/a> comunicou nesta ter\u00e7a-feira (20) que, junto de sua subsidi\u00e1ria Environmental ESG Participa\u00e7\u00f5es, adquiriu o controle societ\u00e1rio da Blz Recicla.<\/li>\n<li>De acordo com <a class=\"suno-keyword\" href=\"https:\/\/www.suno.com.br\/artigos\/fato-relevante\/\" target=\"_blank\" rel=\"noopener\" data-force=\"no\" data-priority=\"1\">fato relevante<\/a>\u00a0enviado pela Ambipar \u00e0 CVM, a\u00a0<strong>Blz Recicla<\/strong> teve faturamento de R$ 98 milh\u00f5es e Ebitda de R$ 19 milh\u00f5es nos \u00faltimos doze meses, e foi avaliada em R$ 68 milh\u00f5es.<\/li>\n<li>Segundo a Ambipar, a Blz Recicla \u00e9 l\u00edder no segmento e atua com a coleta, transporte e valoriza\u00e7\u00e3o de garrafas de vidro reutilizadas para a ind\u00fastria de bebidas. A empresa movimenta 10 milh\u00f5es garrafas de vidro e 5 mil toneladas de cacos de vidro por m\u00eas e conta com tr\u00eas unidades operacionais em S\u00e3o Paulo.<\/li>\n<li>\u201cA aquisi\u00e7\u00e3o adiciona o vidro \u00e0 plataforma de economia circular da Ambipar e incrementa seu portf\u00f3lio de solu\u00e7\u00f5es para a ind\u00fastria de bebidas, al\u00e9m de fortalecer o relacionamento com as cooperativas por meio da sua for\u00e7a nacional na capta\u00e7\u00e3o em diversos tipos de recicl\u00e1veis\u201d, diz a nota.<\/li>\n<li>A companhia afirma ainda que a <strong>compra da Blz Recicla<\/strong> est\u00e1 alinhada ao plano de verticaliza\u00e7\u00e3o da Ambipar, com aumento do acesso a recicl\u00e1veis e sua capacidade de oferecer solu\u00e7\u00f5es integradas para toda cadeia.<\/li>\n<li>\u201cNeste momento a Blz Recicla torna-se\u00a0<strong>Ambipar Environmental<\/strong>\u00a0e se integra \u00e0 cadeia de economia circular da Ambipar\u201d, informa a empresa.<\/li>\n<\/ul>\n<h2 class=\"newsContent__article__title\">Unipar (UNIP6) informa altera\u00e7\u00f5es no capital social; veja o que muda<\/h2>\n<ul>\n<li>A <a class=\"suno-keyword\" href=\"https:\/\/www.suno.com.br\/acoes\/UNIP6\/\" target=\"_blank\" rel=\"noopener\" data-force=\"yes\" data-priority=\"2\"><strong>Unipar<\/strong>\u00a0(UNIP6)<\/a>\u00a0informou nesta ter\u00e7a-feira (20) que converteu 2,3 mil\u00a0<a class=\"suno-keyword\" href=\"https:\/\/www.suno.com.br\/artigos\/acoes-preferenciais\/\" target=\"_blank\" rel=\"noopener\" data-force=\"no\" data-priority=\"1\">a\u00e7\u00f5es preferenciais<\/a> classe A para classe B, em igual n\u00famero, atendendo pedidos de acionistas detentores do primeiro tipo.<\/li>\n<li>De acordo com\u00a0<a class=\"suno-keyword\" href=\"https:\/\/www.suno.com.br\/artigos\/fato-relevante\/\" target=\"_blank\" rel=\"noopener\" data-force=\"no\" data-priority=\"1\">fato relevante<\/a>\u00a0enviado \u00e0 Comiss\u00e3o de Valores Mobili\u00e1rios (CVM), as convers\u00f5es modificaram a composi\u00e7\u00e3o do\u00a0<strong>capital social da Unipar<\/strong>:<\/li>\n<\/ul>\n<ul>\n<li><a class=\"suno-keyword\" href=\"https:\/\/www.suno.com.br\/artigos\/o-que-sao-acoes-ordinarias-preferenciais-e-units\/\" target=\"_blank\" rel=\"noopener\" data-force=\"no\" data-priority=\"1\">A\u00e7\u00f5es Ordin\u00e1rias<\/a>\u00a0(UNIP3): 36.308.767, sem altera\u00e7\u00f5es<\/li>\n<li>A\u00e7\u00f5es Preferenciais classe \u201cA\u201d (UNIP5): de 2.252.912 para 2.250.612<\/li>\n<li>A\u00e7\u00f5es Preferenciais classe \u201cB\u201d (UNIP6): de 65.314.479 para 65.316.779.<\/li>\n<li>No total, o capital da Unipar \u00e9 formado por 103.876.158 a\u00e7\u00f5es.<\/li>\n<\/ul>\n<h2 class=\"newsContent__article__title\">Ind\u00fastrias Romi (ROMI3) vai pagar R$ 15,4 milh\u00f5es em JCP; confira valor por a\u00e7\u00e3o<\/h2>\n<ul>\n<li>A <a class=\"suno-keyword\" href=\"https:\/\/www.suno.com.br\/acoes\/ROMI3\/\" target=\"_blank\" rel=\"noopener\" data-force=\"yes\" data-priority=\"2\"><strong>Ind\u00fastrias<\/strong>\u00a0<strong>Romi<\/strong>\u00a0(ROMI3)<\/a> anunciou nesta ter\u00e7a-feira (20) o pagamento de R$ 15,4 milh\u00f5es em Juros Sobre Capital Pr\u00f3prio\u00a0(JCP) aos seus acionistas.<\/li>\n<li>O valor dos proventos por a\u00e7\u00e3o ser\u00e1 de R$ 0,211, que ser\u00e3o pagos em 19 de outubro.<\/li>\n<li>Apenas os investidores com <strong>a\u00e7\u00f5es da Ind\u00fastrias Romi\u00a0<\/strong>no dia 26 de setembro ter\u00e3o direito de receber os rendimentos. A partir do dia 27 de setembro, as a\u00e7\u00f5es ser\u00e3o negociadas sem direito aos\u00a0<a class=\"suno-keyword\" href=\"https:\/\/www.suno.com.br\/guias\/dividendos\/\" target=\"_blank\" rel=\"noopener\" data-force=\"no\" data-priority=\"1\">dividendos<\/a>.<\/li>\n<li>Segundo documento arquivado na Comiss\u00e3o de Valores Mobili\u00e1rios (CVM), esses proventos fazem parte dos dividendos m\u00ednimos obrigat\u00f3rios do exerc\u00edcio de 2022.<\/li>\n<li>O valor dos JCP ter\u00e1 reten\u00e7\u00e3o do imposto de renda na fonte, com al\u00edquota de 15%, resultando em aproximadamente R$ 0,17935 por a\u00e7\u00e3o.<\/li>\n<\/ul>\n<h2>IRB Brasil (IRBR3) \u00e9 alvo de a\u00e7\u00e3o por preju\u00edzo aos acionistas<\/h2>\n<ul>\n<li>O <a href=\"https:\/\/www.suno.com.br\/acoes\/irbr3\/\">IRB Brasil (IRBR3)<\/a> est\u00e1 sendo alvo de uma a\u00e7\u00e3o civil p\u00fablica protocolada pelo Instituto Brasileiro de Cidadania (Ibraci) em decorr\u00eancia dos preju\u00edzos causados a seus acionistas, gra\u00e7as a uma forte queda no pre\u00e7o de a\u00e7\u00f5es da empresa ap\u00f3s a revela\u00e7\u00e3o de fraudes por parte da companhia.<\/li>\n<li>Na <strong>a\u00e7\u00e3o aberta contra o IRB<\/strong>, o Ibraci afirma que \u201cque a r\u00e9 agiu com dolo ao divulgar informa\u00e7\u00f5es mentirosas de forma fraudulenta, lesando os seus acionistas e investidores interessados na aquisi\u00e7\u00e3o de a\u00e7\u00f5es da companhia, uma vez que elas n\u00e3o refletiam a realidade\u201d.<\/li>\n<li>A empresa protagonizou um esc\u00e2ndalo cont\u00e1bil e despencou na <a class=\"suno-keyword\" href=\"https:\/\/www.suno.com.br\/guias\/bolsa-de-valores\/\" target=\"_blank\" rel=\"noopener\" data-force=\"no\" data-priority=\"3\">bolsa de valores<\/a> no in\u00edcio de 2020.<\/li>\n<li>No documento, tamb\u00e9m est\u00e1 disposto que, \u201cverificada a ocorr\u00eancia de fatos t\u00edpicos do crime contra o <a class=\"suno-keyword\" href=\"https:\/\/www.suno.com.br\/artigos\/sistema-financeiro-nacional\/\" target=\"_blank\" rel=\"noopener\" data-force=\"no\" data-priority=\"1\">Sistema Financeiro Nacional<\/a>\u201d, os investidores n\u00e3o devem ser \u201cobrigados a suportarem o \u00f4nus decorrente de atos il\u00edcitos praticados pela r\u00e9, cabendo a ela indeniz\u00e1-los, na forma do artigo 927 do C\u00f3digo Civil\u201d.<\/li>\n<li>A entidade ainda acusa a empresa de \u201cquebra da boa-f\u00e9 subjetiva, dada a atitude dolosa em fraudar suas informa\u00e7\u00f5es, induzindo os investidores a erro\u201d.<\/li>\n<li>\u201cO investidor n\u00e3o pode e n\u00e3o deve aceitar com passividade os preju\u00edzos an\u00f4malos, decorrentes de comportamentos distorcidos, descumprimento de regras de governan\u00e7a, viola\u00e7\u00e3o de normas do mercado e manipula\u00e7\u00e3o\u201d.<\/li>\n<li>O documento pontua a intensa desvaloriza\u00e7\u00e3o que os pap\u00e9is da companhia sofreram.<\/li>\n<li>\u201cA a\u00e7\u00e3o saiu de R$ 34,37 em 31\/01\/2020 para R$ 5,60 em 20\/03\/2020 e est\u00e1 em R$ 1,18, em 14\/09\/2022. Ou seja, a a\u00e7\u00e3o simplesmente virou p\u00f3\u201c. No preg\u00e3o desta ter\u00e7a (20), a <strong>a\u00e7\u00e3o do IRB<\/strong> est\u00e1 cotada a R$ 1,20.<\/li>\n<li>O Ibraci pede que o<strong> IRB seja condenado<\/strong> por dano moral coletivo e danos morais e materiais dos investidores no plano individual.<\/li>\n<li>Al\u00e9m disso, o Ibraci pede que seja publicado edital para que para que investidores e<strong> acionistas do IRB<\/strong> possam ingressar na a\u00e7\u00e3o e assim \u201ccomprovar os danos que experimentaram e serem ressarcidos\u201d.<\/li>\n<li>A a\u00e7\u00e3o foi ajuizada na quarta-feira (14) e distribu\u00edda na quinta-feira (15) para a 6\u00aa Vara Empresarial do Rio de Janeiro.<\/li>\n<li>Em comunicado ao mercado no dia 13 de setembro, o IRB deu informa\u00e7\u00f5es sobre um pedido de indeniza\u00e7\u00e3o, por parte de um acionista, na casa dos R$ 807 mil.<\/li>\n<li>O acionista em quest\u00e3o disse que adquiriu a\u00e7\u00f5es do IRB Brasil entre 9 de junho de 2020 e 20 de abril de 2021 e foi, posteriormente, surpreendido pela divulga\u00e7\u00e3o feita pela pr\u00f3pria companhia com:<\/li>\n<li>Informa\u00e7\u00f5es sobre o resultado de apura\u00e7\u00f5es internas que teriam constatado irregularidades no pagamento de supostos b\u00f4nus;<\/li>\n<li>Novas vers\u00f5es de <a class=\"suno-keyword\" href=\"https:\/\/www.suno.com.br\/artigos\/demonstracoes-financeiras\/\" target=\"_blank\" rel=\"noopener\" data-force=\"no\" data-priority=\"1\">demonstra\u00e7\u00f5es financeiras<\/a>, dos anos anteriores, constando irregularidades cometidas; e<\/li>\n<li>Divulga\u00e7\u00e3o de informa\u00e7\u00f5es inver\u00eddicas sobre a base acion\u00e1ria.<\/li>\n<li>O pedido de condena\u00e7\u00e3o da companhia inclui o pagamento do preju\u00edzo que o acionista alega ter sofrido, totalizando R$ 787,430 mil, com atualiza\u00e7\u00e3o e corre\u00e7\u00e3o monet\u00e1ria.<\/li>\n<li>Al\u00e9m disso, ele pede:<\/li>\n<li>Condena\u00e7\u00e3o da companhia ao pagamento de indeniza\u00e7\u00e3o de ordem moral ao dano alegadamente sofrido pelo requerente, no valor de R$ 20 mil;<\/li>\n<li>Invers\u00e3o do \u00f4nus da prova, para que a companhia demonstre que adotou as atitudes para reparar os danos alegadamente sofridos; e<\/li>\n<li>Condena\u00e7\u00e3o ao pagamento do \u00f4nus de sucumb\u00eancia, custas procedimentais, verbas honor\u00e1rias decorrentes do procedimento arbitral e honor\u00e1rios advocat\u00edcios, a serem arbitrados em 20% do valor da causa.<\/li>\n<li>&#8220;O requerente afirma que as a\u00e7\u00f5es de emiss\u00e3o da companhia por ele adquiridas apresentaram forte desvaloriza\u00e7\u00e3o em decorr\u00eancia desses fatos alegados, motivo pelo qual ele requer que a companhia lhe pague uma indeniza\u00e7\u00e3o\u201d, destacou o <strong>IRB<\/strong> Brasil, em nota.<\/li>\n<\/ul>\n<p>Da <strong>Weg<\/strong> ao IRB, essas foram as empresas que se destacaram hoje. Para ler todas as mat\u00e9rias <b data-stringify-type=\"bold\">clique aqui<\/b>.<\/p>\n\t<p>\n\t\t<a href=\"https:\/\/lp.suno.com.br\/planilha-de-controle-de-investimentos\/\" target=\"_blank\" data-element=\"shortcode-suno-banner\" title=\"Banner SUNO, clique e saiba mais\">\n\t\t\t<picture>\n\t\t\t\t<source media=\"(max-width: 500px)\" srcset=\"https:\/\/files.sunoresearch.com.br\/n\/uploads\/2023\/03\/400x300-Controle-de-Investimentos.png\">\n\t\t\t\t<img class=\"newsContent__article__imgCapa newsContent__article__imgCapa--banner\"\n\t\t\t\t\tsrc=\"https:\/\/files.sunoresearch.com.br\/n\/uploads\/2023\/03\/1420x240-Controle-de-Investimentos.png\"\n\t\t\t\t\tdata-promo-id=\"75934\"\t\t\t\t\t\t\t\t\t\twidth='1420' height='240'\t\t\t\t\talt=\"https:\/\/files.sunoresearch.com.br\/n\/uploads\/2023\/03\/1420x240-Controle-de-Investimentos.png\"\n\t\t\t\t>\n\t\t\t<\/picture>\n\t\t<\/a>\n\t<\/p>\n\n\n","protected":false},"excerpt":{"rendered":"<p>A Weg (WEGE3) anunciou nesta ter\u00e7a-feira (20) que vai pagar R$ 185 milh\u00f5es em Juros Sobre Capital Pr\u00f3prio (JCP) aos seus acionistas. Weg (WEGE3). Foto: Divulga\u00e7\u00e3o O valor dos dividendos da Weg por a\u00e7\u00e3o ser\u00e1 de R$ 0,044 aos titulares de a\u00e7\u00f5es escriturais posicionados at\u00e9 o final do preg\u00e3o em 23 de setembro de 2022.\u00a0A [&hellip;]<\/p>\n","protected":false},"author":194,"featured_media":277335,"comment_status":"closed","ping_status":"closed","sticky":false,"template":"","format":"standard","meta":[],"categories":[64],"tags":[105065,66864,420,509,1813,584,673,681],"suno_strategy":[],"class_list":["post-300055","post","type-post","status-publish","format-standard","has-post-thumbnail","hentry","category-negocios","tag-3r-petroleum-rrrp3","tag-ambipar-ambp3","tag-cemig-cmig3-cmig4","tag-industrias-romi-romi3","tag-irb-brasil-irbr3","tag-oi-oibr3-oibr4","tag-unipar-unip3-unip5-unip6","tag-weg-wege3"],"yoast_head":"<!-- This site is optimized with the Yoast SEO plugin v24.4 - https:\/\/yoast.com\/wordpress\/plugins\/seo\/ -->\n<title>Radar: Weg (WEGE3) pagar\u00e1 R$ 185 mi em JCP; Oi (OIBR3) cai abaixo de R$ 0,50 e 3R Petroleum (RRRP3) deve valorizar com aquisi\u00e7\u00e3o, diz XP<\/title>\n<meta name=\"description\" content=\"Weg anuncia que pagar\u00e1 JCP milion\u00e1rio, a\u00e7\u00f5es da Oi caem e Xp acredita que 3R Petroleum ir\u00e1 subir. Confira principais not\u00edcias.\" \/>\n<meta name=\"robots\" content=\"index, follow, max-snippet:-1, max-image-preview:large, max-video-preview:-1\" \/>\n<link rel=\"canonical\" href=\"https:\/\/www.suno.com.br\/noticias\/radar-weg-wege3-oi-oibr3-3r-petroleum-rrrp3\/\" \/>\n<meta property=\"og:locale\" content=\"pt_BR\" \/>\n<meta property=\"og:type\" content=\"article\" \/>\n<meta property=\"og:title\" content=\"Radar: Weg (WEGE3) pagar\u00e1 R$ 185 mi em JCP; Oi (OIBR3) cai abaixo de R$ 0,50 e 3R Petroleum (RRRP3) deve valorizar com aquisi\u00e7\u00e3o, diz XP\" \/>\n<meta property=\"og:description\" content=\"Weg anuncia que pagar\u00e1 JCP milion\u00e1rio, a\u00e7\u00f5es da Oi caem e Xp acredita que 3R Petroleum ir\u00e1 subir. Confira principais not\u00edcias.\" \/>\n<meta property=\"og:url\" content=\"https:\/\/www.suno.com.br\/noticias\/radar-weg-wege3-oi-oibr3-3r-petroleum-rrrp3\/\" \/>\n<meta property=\"og:site_name\" content=\"Suno Not\u00edcias\" \/>\n<meta property=\"article:publisher\" content=\"https:\/\/facebook.com\/sunoresearch\" \/>\n<meta property=\"og:image\" content=\"https:\/\/files.sunoresearch.com.br\/n\/uploads\/2022\/07\/weg.jpg\" \/>\n\t<meta property=\"og:image:width\" content=\"1400\" \/>\n\t<meta property=\"og:image:height\" content=\"824\" \/>\n\t<meta property=\"og:image:type\" content=\"image\/jpeg\" \/>\n<meta name=\"author\" content=\"Isabella Taglapietra\" \/>\n<meta name=\"twitter:card\" content=\"summary_large_image\" \/>\n<meta name=\"twitter:creator\" content=\"@sunoresearch\" \/>\n<meta name=\"twitter:site\" content=\"@sunoresearch\" \/>\n<meta name=\"twitter:label1\" content=\"Escrito por\" \/>\n\t<meta name=\"twitter:data1\" content=\"Isabella Taglapietra\" \/>\n\t<meta name=\"twitter:label2\" content=\"Est. tempo de leitura\" \/>\n\t<meta name=\"twitter:data2\" content=\"13 minutos\" \/>\n<script type=\"application\/ld+json\" class=\"yoast-schema-graph\">{\"@context\":\"https:\/\/schema.org\",\"@graph\":[{\"@type\":\"NewsArticle\",\"@id\":\"https:\/\/www.suno.com.br\/noticias\/radar-weg-wege3-oi-oibr3-3r-petroleum-rrrp3\/#article\",\"isPartOf\":{\"@id\":\"https:\/\/www.suno.com.br\/noticias\/radar-weg-wege3-oi-oibr3-3r-petroleum-rrrp3\/\"},\"author\":{\"name\":\"Isabella Taglapietra\",\"@id\":\"https:\/\/www.suno.com.br\/noticias\/#\/schema\/person\/a0be106724f6f5d705d70f04333cb249\"},\"headline\":\"Radar: Weg (WEGE3) pagar\u00e1 R$ 185 mi em JCP; Oi (OIBR3) cai abaixo de R$ 0,50 e 3R Petroleum (RRRP3) deve valorizar com aquisi\u00e7\u00e3o, diz XP\",\"datePublished\":\"2022-09-21T01:08:55+00:00\",\"mainEntityOfPage\":{\"@id\":\"https:\/\/www.suno.com.br\/noticias\/radar-weg-wege3-oi-oibr3-3r-petroleum-rrrp3\/\"},\"wordCount\":2549,\"publisher\":{\"@id\":\"https:\/\/www.suno.com.br\/noticias\/#organization\"},\"image\":{\"@id\":\"https:\/\/www.suno.com.br\/noticias\/radar-weg-wege3-oi-oibr3-3r-petroleum-rrrp3\/#primaryimage\"},\"thumbnailUrl\":\"https:\/\/files.sunoresearch.com.br\/n\/uploads\/2022\/07\/weg.jpg\",\"keywords\":[\"3R Petroleum (RRRP3)\",\"Ambipar (AMBP3)\",\"Cemig (CMIG3\/CMIG4)\",\"Ind\u00fastrias Romi (ROMI3)\",\"IRB Brasil (IRBR3)\",\"Oi (OIBR3\/OIBR4)\",\"Unipar (UNIP3\/UNIP5\/UNIP6)\",\"Weg (WEGE3)\"],\"articleSection\":[\"Neg\u00f3cios\"],\"inLanguage\":\"pt-BR\"},{\"@type\":\"WebPage\",\"@id\":\"https:\/\/www.suno.com.br\/noticias\/radar-weg-wege3-oi-oibr3-3r-petroleum-rrrp3\/\",\"url\":\"https:\/\/www.suno.com.br\/noticias\/radar-weg-wege3-oi-oibr3-3r-petroleum-rrrp3\/\",\"name\":\"Radar: Weg (WEGE3) pagar\u00e1 R$ 185 mi em JCP; Oi (OIBR3) cai abaixo de R$ 0,50 e 3R Petroleum (RRRP3) deve valorizar com aquisi\u00e7\u00e3o, diz XP\",\"isPartOf\":{\"@id\":\"https:\/\/www.suno.com.br\/noticias\/#website\"},\"primaryImageOfPage\":{\"@id\":\"https:\/\/www.suno.com.br\/noticias\/radar-weg-wege3-oi-oibr3-3r-petroleum-rrrp3\/#primaryimage\"},\"image\":{\"@id\":\"https:\/\/www.suno.com.br\/noticias\/radar-weg-wege3-oi-oibr3-3r-petroleum-rrrp3\/#primaryimage\"},\"thumbnailUrl\":\"https:\/\/files.sunoresearch.com.br\/n\/uploads\/2022\/07\/weg.jpg\",\"datePublished\":\"2022-09-21T01:08:55+00:00\",\"description\":\"Weg anuncia que pagar\u00e1 JCP milion\u00e1rio, a\u00e7\u00f5es da Oi caem e Xp acredita que 3R Petroleum ir\u00e1 subir. Confira principais not\u00edcias.\",\"breadcrumb\":{\"@id\":\"https:\/\/www.suno.com.br\/noticias\/radar-weg-wege3-oi-oibr3-3r-petroleum-rrrp3\/#breadcrumb\"},\"inLanguage\":\"pt-BR\",\"potentialAction\":[{\"@type\":\"ReadAction\",\"target\":[\"https:\/\/www.suno.com.br\/noticias\/radar-weg-wege3-oi-oibr3-3r-petroleum-rrrp3\/\"]}]},{\"@type\":\"ImageObject\",\"inLanguage\":\"pt-BR\",\"@id\":\"https:\/\/www.suno.com.br\/noticias\/radar-weg-wege3-oi-oibr3-3r-petroleum-rrrp3\/#primaryimage\",\"url\":\"https:\/\/files.sunoresearch.com.br\/n\/uploads\/2022\/07\/weg.jpg\",\"contentUrl\":\"https:\/\/files.sunoresearch.com.br\/n\/uploads\/2022\/07\/weg.jpg\",\"width\":1400,\"height\":824,\"caption\":\"Weg (WEGE3). Foto: Divulga\u00e7\u00e3o\"},{\"@type\":\"BreadcrumbList\",\"@id\":\"https:\/\/www.suno.com.br\/noticias\/radar-weg-wege3-oi-oibr3-3r-petroleum-rrrp3\/#breadcrumb\",\"itemListElement\":[{\"@type\":\"ListItem\",\"position\":1,\"name\":\"Not\u00edcias\",\"item\":\"https:\/\/www.suno.com.br\/noticias\/\"},{\"@type\":\"ListItem\",\"position\":2,\"name\":\"Neg\u00f3cios\",\"item\":\"https:\/\/www.suno.com.br\/noticias\/negocios\/\"},{\"@type\":\"ListItem\",\"position\":3,\"name\":\"Radar: Weg (WEGE3) pagar\u00e1 R$ 185 mi em JCP; Oi (OIBR3) cai abaixo de R$ 0,50 e 3R Petroleum (RRRP3) deve valorizar com aquisi\u00e7\u00e3o, diz XP\"}]},{\"@type\":\"WebSite\",\"@id\":\"https:\/\/www.suno.com.br\/noticias\/#website\",\"url\":\"https:\/\/www.suno.com.br\/noticias\/\",\"name\":\"Suno Not\u00edcias\",\"description\":\"Seu portal de informa\u00e7\u00e3o sobre o mundo dos investimentos\",\"publisher\":{\"@id\":\"https:\/\/www.suno.com.br\/noticias\/#organization\"},\"potentialAction\":[{\"@type\":\"SearchAction\",\"target\":{\"@type\":\"EntryPoint\",\"urlTemplate\":\"https:\/\/www.suno.com.br\/noticias\/?s={search_term_string}\"},\"query-input\":{\"@type\":\"PropertyValueSpecification\",\"valueRequired\":true,\"valueName\":\"search_term_string\"}}],\"inLanguage\":\"pt-BR\"},{\"@type\":\"Organization\",\"@id\":\"https:\/\/www.suno.com.br\/noticias\/#organization\",\"name\":\"Suno Not\u00edcias\",\"url\":\"https:\/\/www.suno.com.br\/noticias\/\",\"logo\":{\"@type\":\"ImageObject\",\"inLanguage\":\"pt-BR\",\"@id\":\"https:\/\/www.suno.com.br\/noticias\/#\/schema\/logo\/image\/\",\"url\":\"https:\/\/files.sunoresearch.com.br\/n\/uploads\/2021\/09\/suno-logo.png\",\"contentUrl\":\"https:\/\/files.sunoresearch.com.br\/n\/uploads\/2021\/09\/suno-logo.png\",\"width\":180,\"height\":180,\"caption\":\"Suno Not\u00edcias\"},\"image\":{\"@id\":\"https:\/\/www.suno.com.br\/noticias\/#\/schema\/logo\/image\/\"},\"sameAs\":[\"https:\/\/facebook.com\/sunoresearch\",\"https:\/\/x.com\/sunoresearch\",\"https:\/\/www.instagram.com\/suno\",\"https:\/\/www.linkedin.com\/company\/suno-research\/\",\"https:\/\/www.youtube.com\/c\/sunoresearch\"]},{\"@type\":\"Person\",\"@id\":\"https:\/\/www.suno.com.br\/noticias\/#\/schema\/person\/a0be106724f6f5d705d70f04333cb249\",\"name\":\"Isabella Taglapietra\",\"image\":{\"@type\":\"ImageObject\",\"inLanguage\":\"pt-BR\",\"@id\":\"https:\/\/www.suno.com.br\/noticias\/#\/schema\/person\/image\/\",\"url\":\"https:\/\/secure.gravatar.com\/avatar\/089c9e06b71de293117116aaf339e22f?s=96&r=g\",\"contentUrl\":\"https:\/\/secure.gravatar.com\/avatar\/089c9e06b71de293117116aaf339e22f?s=96&r=g\",\"caption\":\"Isabella Taglapietra\"},\"description\":\"Rep\u00f3rter freelancer no Suno Not\u00edcias, cobre not\u00edcias di\u00e1rias sobre economia, balan\u00e7os trimestrais e pesquisas. Formada em jornalismo pela Faculdade C\u00e1sper L\u00edbero e p\u00f3s-graduanda em mercado de capitais pela Fecap, atuou como rep\u00f3rter de economia e finan\u00e7as no portal CRC!News e Elas que Lucrem, al\u00e9m de social media para empresas do mercado financeiro.\",\"url\":\"https:\/\/www.suno.com.br\/noticias\/author\/isabella-taglapietra\/\"}]}<\/script>\n<!-- \/ Yoast SEO plugin. -->","yoast_head_json":{"title":"Radar: Weg (WEGE3) pagar\u00e1 R$ 185 mi em JCP; Oi (OIBR3) cai abaixo de R$ 0,50 e 3R Petroleum (RRRP3) deve valorizar com aquisi\u00e7\u00e3o, diz XP","description":"Weg anuncia que pagar\u00e1 JCP milion\u00e1rio, a\u00e7\u00f5es da Oi caem e Xp acredita que 3R Petroleum ir\u00e1 subir. Confira principais not\u00edcias.","robots":{"index":"index","follow":"follow","max-snippet":"max-snippet:-1","max-image-preview":"max-image-preview:large","max-video-preview":"max-video-preview:-1"},"canonical":"https:\/\/www.suno.com.br\/noticias\/radar-weg-wege3-oi-oibr3-3r-petroleum-rrrp3\/","og_locale":"pt_BR","og_type":"article","og_title":"Radar: Weg (WEGE3) pagar\u00e1 R$ 185 mi em JCP; Oi (OIBR3) cai abaixo de R$ 0,50 e 3R Petroleum (RRRP3) deve valorizar com aquisi\u00e7\u00e3o, diz XP","og_description":"Weg anuncia que pagar\u00e1 JCP milion\u00e1rio, a\u00e7\u00f5es da Oi caem e Xp acredita que 3R Petroleum ir\u00e1 subir. Confira principais not\u00edcias.","og_url":"https:\/\/www.suno.com.br\/noticias\/radar-weg-wege3-oi-oibr3-3r-petroleum-rrrp3\/","og_site_name":"Suno Not\u00edcias","article_publisher":"https:\/\/facebook.com\/sunoresearch","og_image":[{"width":1400,"height":824,"url":"https:\/\/files.sunoresearch.com.br\/n\/uploads\/2022\/07\/weg.jpg","type":"image\/jpeg"}],"author":"Isabella Taglapietra","twitter_card":"summary_large_image","twitter_creator":"@sunoresearch","twitter_site":"@sunoresearch","twitter_misc":{"Escrito por":"Isabella Taglapietra","Est. tempo de leitura":"13 minutos"},"schema":{"@context":"https:\/\/schema.org","@graph":[{"@type":"NewsArticle","@id":"https:\/\/www.suno.com.br\/noticias\/radar-weg-wege3-oi-oibr3-3r-petroleum-rrrp3\/#article","isPartOf":{"@id":"https:\/\/www.suno.com.br\/noticias\/radar-weg-wege3-oi-oibr3-3r-petroleum-rrrp3\/"},"author":{"name":"Isabella Taglapietra","@id":"https:\/\/www.suno.com.br\/noticias\/#\/schema\/person\/a0be106724f6f5d705d70f04333cb249"},"headline":"Radar: Weg (WEGE3) pagar\u00e1 R$ 185 mi em JCP; Oi (OIBR3) cai abaixo de R$ 0,50 e 3R Petroleum (RRRP3) deve valorizar com aquisi\u00e7\u00e3o, diz XP","datePublished":"2022-09-21T01:08:55+00:00","mainEntityOfPage":{"@id":"https:\/\/www.suno.com.br\/noticias\/radar-weg-wege3-oi-oibr3-3r-petroleum-rrrp3\/"},"wordCount":2549,"publisher":{"@id":"https:\/\/www.suno.com.br\/noticias\/#organization"},"image":{"@id":"https:\/\/www.suno.com.br\/noticias\/radar-weg-wege3-oi-oibr3-3r-petroleum-rrrp3\/#primaryimage"},"thumbnailUrl":"https:\/\/files.sunoresearch.com.br\/n\/uploads\/2022\/07\/weg.jpg","keywords":["3R Petroleum (RRRP3)","Ambipar (AMBP3)","Cemig (CMIG3\/CMIG4)","Ind\u00fastrias Romi (ROMI3)","IRB Brasil (IRBR3)","Oi (OIBR3\/OIBR4)","Unipar (UNIP3\/UNIP5\/UNIP6)","Weg (WEGE3)"],"articleSection":["Neg\u00f3cios"],"inLanguage":"pt-BR"},{"@type":"WebPage","@id":"https:\/\/www.suno.com.br\/noticias\/radar-weg-wege3-oi-oibr3-3r-petroleum-rrrp3\/","url":"https:\/\/www.suno.com.br\/noticias\/radar-weg-wege3-oi-oibr3-3r-petroleum-rrrp3\/","name":"Radar: Weg (WEGE3) pagar\u00e1 R$ 185 mi em JCP; Oi (OIBR3) cai abaixo de R$ 0,50 e 3R Petroleum (RRRP3) deve valorizar com aquisi\u00e7\u00e3o, diz XP","isPartOf":{"@id":"https:\/\/www.suno.com.br\/noticias\/#website"},"primaryImageOfPage":{"@id":"https:\/\/www.suno.com.br\/noticias\/radar-weg-wege3-oi-oibr3-3r-petroleum-rrrp3\/#primaryimage"},"image":{"@id":"https:\/\/www.suno.com.br\/noticias\/radar-weg-wege3-oi-oibr3-3r-petroleum-rrrp3\/#primaryimage"},"thumbnailUrl":"https:\/\/files.sunoresearch.com.br\/n\/uploads\/2022\/07\/weg.jpg","datePublished":"2022-09-21T01:08:55+00:00","description":"Weg anuncia que pagar\u00e1 JCP milion\u00e1rio, a\u00e7\u00f5es da Oi caem e Xp acredita que 3R Petroleum ir\u00e1 subir. Confira principais not\u00edcias.","breadcrumb":{"@id":"https:\/\/www.suno.com.br\/noticias\/radar-weg-wege3-oi-oibr3-3r-petroleum-rrrp3\/#breadcrumb"},"inLanguage":"pt-BR","potentialAction":[{"@type":"ReadAction","target":["https:\/\/www.suno.com.br\/noticias\/radar-weg-wege3-oi-oibr3-3r-petroleum-rrrp3\/"]}]},{"@type":"ImageObject","inLanguage":"pt-BR","@id":"https:\/\/www.suno.com.br\/noticias\/radar-weg-wege3-oi-oibr3-3r-petroleum-rrrp3\/#primaryimage","url":"https:\/\/files.sunoresearch.com.br\/n\/uploads\/2022\/07\/weg.jpg","contentUrl":"https:\/\/files.sunoresearch.com.br\/n\/uploads\/2022\/07\/weg.jpg","width":1400,"height":824,"caption":"Weg (WEGE3). Foto: Divulga\u00e7\u00e3o"},{"@type":"BreadcrumbList","@id":"https:\/\/www.suno.com.br\/noticias\/radar-weg-wege3-oi-oibr3-3r-petroleum-rrrp3\/#breadcrumb","itemListElement":[{"@type":"ListItem","position":1,"name":"Not\u00edcias","item":"https:\/\/www.suno.com.br\/noticias\/"},{"@type":"ListItem","position":2,"name":"Neg\u00f3cios","item":"https:\/\/www.suno.com.br\/noticias\/negocios\/"},{"@type":"ListItem","position":3,"name":"Radar: Weg (WEGE3) pagar\u00e1 R$ 185 mi em JCP; Oi (OIBR3) cai abaixo de R$ 0,50 e 3R Petroleum (RRRP3) deve valorizar com aquisi\u00e7\u00e3o, diz XP"}]},{"@type":"WebSite","@id":"https:\/\/www.suno.com.br\/noticias\/#website","url":"https:\/\/www.suno.com.br\/noticias\/","name":"Suno Not\u00edcias","description":"Seu portal de informa\u00e7\u00e3o sobre o mundo dos investimentos","publisher":{"@id":"https:\/\/www.suno.com.br\/noticias\/#organization"},"potentialAction":[{"@type":"SearchAction","target":{"@type":"EntryPoint","urlTemplate":"https:\/\/www.suno.com.br\/noticias\/?s={search_term_string}"},"query-input":{"@type":"PropertyValueSpecification","valueRequired":true,"valueName":"search_term_string"}}],"inLanguage":"pt-BR"},{"@type":"Organization","@id":"https:\/\/www.suno.com.br\/noticias\/#organization","name":"Suno Not\u00edcias","url":"https:\/\/www.suno.com.br\/noticias\/","logo":{"@type":"ImageObject","inLanguage":"pt-BR","@id":"https:\/\/www.suno.com.br\/noticias\/#\/schema\/logo\/image\/","url":"https:\/\/files.sunoresearch.com.br\/n\/uploads\/2021\/09\/suno-logo.png","contentUrl":"https:\/\/files.sunoresearch.com.br\/n\/uploads\/2021\/09\/suno-logo.png","width":180,"height":180,"caption":"Suno Not\u00edcias"},"image":{"@id":"https:\/\/www.suno.com.br\/noticias\/#\/schema\/logo\/image\/"},"sameAs":["https:\/\/facebook.com\/sunoresearch","https:\/\/x.com\/sunoresearch","https:\/\/www.instagram.com\/suno","https:\/\/www.linkedin.com\/company\/suno-research\/","https:\/\/www.youtube.com\/c\/sunoresearch"]},{"@type":"Person","@id":"https:\/\/www.suno.com.br\/noticias\/#\/schema\/person\/a0be106724f6f5d705d70f04333cb249","name":"Isabella Taglapietra","image":{"@type":"ImageObject","inLanguage":"pt-BR","@id":"https:\/\/www.suno.com.br\/noticias\/#\/schema\/person\/image\/","url":"https:\/\/secure.gravatar.com\/avatar\/089c9e06b71de293117116aaf339e22f?s=96&r=g","contentUrl":"https:\/\/secure.gravatar.com\/avatar\/089c9e06b71de293117116aaf339e22f?s=96&r=g","caption":"Isabella Taglapietra"},"description":"Rep\u00f3rter freelancer no Suno Not\u00edcias, cobre not\u00edcias di\u00e1rias sobre economia, balan\u00e7os trimestrais e pesquisas. Formada em jornalismo pela Faculdade C\u00e1sper L\u00edbero e p\u00f3s-graduanda em mercado de capitais pela Fecap, atuou como rep\u00f3rter de economia e finan\u00e7as no portal CRC!News e Elas que Lucrem, al\u00e9m de social media para empresas do mercado financeiro.","url":"https:\/\/www.suno.com.br\/noticias\/author\/isabella-taglapietra\/"}]}},"default_loop_html":"<div class=\"cardsPage__listCard__boxs\"><div class=\"cardsPage__listCard__boxs__img\"><a href=\"https:\/\/www.suno.com.br\/noticias\/radar-weg-wege3-oi-oibr3-3r-petroleum-rrrp3\/\"><img class=\"mask\" src=\"https:\/\/www.suno.com.br\/noticias\/wp-content\/themes\/suno\/resources\/images\/spotlight\/spotlight1img\/bg-mask.png\" alt=\"Image Mask\"\/><img src=\"https:\/\/files.sunoresearch.com.br\/n\/uploads\/2022\/07\/weg-400x200.jpg\" alt=\"Radar: Weg (WEGE3) pagar\u00e1 R$ 185 mi em JCP; Oi (OIBR3) cai abaixo de R$ 0,50 e 3R Petroleum (RRRP3) deve valorizar com aquisi\u00e7\u00e3o, diz XP\"\/><\/a><span class=\"spotlightCategory\"><a href=\"https:\/\/www.suno.com.br\/noticias\/negocios\/\">Neg\u00f3cios<\/a><\/span><\/div><div class=\"cardsPage__listCard__boxs__content\"><a href=\"https:\/\/www.suno.com.br\/noticias\/radar-weg-wege3-oi-oibr3-3r-petroleum-rrrp3\/\"><h2 class=\"content__title\">Radar: Weg (WEGE3) pagar\u00e1 R$ 185 mi em JCP; Oi (OIBR3) cai abaixo de R$ 0,50 e 3R Petroleum (RRRP3) deve valorizar com aquisi\u00e7\u00e3o, diz XP<\/h2><\/a><div class=\"newsContent__article__meta\"><div class=\"newsContent__article__meta__authorBox\"><a href=\"https:\/\/www.suno.com.br\/noticias\/author\/isabella-taglapietra\/\" class=\"authorBox__avatar noMobi\"><img src=\"https:\/\/files.sunoresearch.com.br\/n\/uploads\/2022\/08\/WhatsApp-Image-2022-08-04-at-12.40.27-150x150.jpeg\" alt=\"Isabella Taglapietra\"><\/a><div class=\"authorBox__name\"><span>por\n\t\t\t<a href=\"https:\/\/www.suno.com.br\/noticias\/author\/isabella-taglapietra\/\"><span itemprop=\"author\">Isabella Taglapietra<\/span><\/a><\/span><time datetime=\"2022-09-20T22:08:55-03:00\" itemprop=\"datePublished\">20\/09\/2022 22:08<\/time><\/div><\/div><\/div><\/div><\/div>","single_layout":"posts","amp_enabled":true,"_links":{"self":[{"href":"https:\/\/www.suno.com.br\/noticias\/wp-json\/wp\/v2\/posts\/300055"}],"collection":[{"href":"https:\/\/www.suno.com.br\/noticias\/wp-json\/wp\/v2\/posts"}],"about":[{"href":"https:\/\/www.suno.com.br\/noticias\/wp-json\/wp\/v2\/types\/post"}],"author":[{"embeddable":true,"href":"https:\/\/www.suno.com.br\/noticias\/wp-json\/wp\/v2\/users\/194"}],"replies":[{"embeddable":true,"href":"https:\/\/www.suno.com.br\/noticias\/wp-json\/wp\/v2\/comments?post=300055"}],"version-history":[{"count":3,"href":"https:\/\/www.suno.com.br\/noticias\/wp-json\/wp\/v2\/posts\/300055\/revisions"}],"predecessor-version":[{"id":300101,"href":"https:\/\/www.suno.com.br\/noticias\/wp-json\/wp\/v2\/posts\/300055\/revisions\/300101"}],"wp:featuredmedia":[{"embeddable":true,"href":"https:\/\/www.suno.com.br\/noticias\/wp-json\/wp\/v2\/media\/277335"}],"wp:attachment":[{"href":"https:\/\/www.suno.com.br\/noticias\/wp-json\/wp\/v2\/media?parent=300055"}],"wp:term":[{"taxonomy":"category","embeddable":true,"href":"https:\/\/www.suno.com.br\/noticias\/wp-json\/wp\/v2\/categories?post=300055"},{"taxonomy":"post_tag","embeddable":true,"href":"https:\/\/www.suno.com.br\/noticias\/wp-json\/wp\/v2\/tags?post=300055"},{"taxonomy":"suno_strategy","embeddable":true,"href":"https:\/\/www.suno.com.br\/noticias\/wp-json\/wp\/v2\/suno_strategy?post=300055"}],"curies":[{"name":"wp","href":"https:\/\/api.w.org\/{rel}","templated":true}]}}