{"id":29991,"date":"2019-07-03T16:05:05","date_gmt":"2019-07-03T19:05:05","guid":{"rendered":"https:\/\/www.suno.com.br\/noticias\/?p=29991"},"modified":"2019-07-03T16:58:58","modified_gmt":"2019-07-03T19:58:58","slug":"guedes-reduzir-impostos-importacao","status":"publish","type":"post","link":"https:\/\/www.suno.com.br\/noticias\/guedes-reduzir-impostos-importacao\/","title":{"rendered":"Paulo Guedes pode reduzir impostos de importa\u00e7\u00e3o para 20%"},"content":{"rendered":"<p>O ministro da Economia, <a href=\"https:\/\/www.suno.com.br\/tudo-sobre\/paulo-guedes\/\">Paulo Guedes<\/a>, prometeu reduzir os <strong>impostos<\/strong> de <strong>importa\u00e7\u00e3o<\/strong> para 20%. A informa\u00e7\u00e3o foi divulgada nesta quarta-feira (03) pelo\u00a0presidente da Associa\u00e7\u00e3o Brasileira das Empresas Importadoras e Fabricantes de Ve\u00edculos Automotores (Abeifa), Jos\u00e9 Luiz Gandini.<\/p>\t<div class=\"wrapper-featured-image\">\n\t\t<figure class=\"spotlightImg\">\n\n\t\t\t<picture>\n\t\t\t\t<source media=\"(max-width: 768px)\" srcset=\"https:\/\/files.sunoresearch.com.br\/n\/uploads\/2019\/01\/97d7c825-reforma-da-previd\u00eancia-400x200.webp\">\n\t\t\t\t<img loading=\"lazy\" decoding=\"async\" class=\"newsContent__article__imgCapa lazyloadDisabled newsContent__article__imgCapa--noCaption\" src=\"https:\/\/files.sunoresearch.com.br\/n\/uploads\/2019\/01\/97d7c825-reforma-da-previd\u00eancia-jpg.webp\" width=\"800\" height=\"450\" alt=\"Paulo Guedes pode reduzir impostos de importa\u00e7\u00e3o para 20%\" fetchpriority=high \/>\n\t\t\t<\/picture>\n\n\t\t\t<figcaption class=\"wp-caption-text wp-caption-text--hide\">Paulo Guedes pode reduzir impostos de importa\u00e7\u00e3o para 20%<\/figcaption>\n\t\t<\/figure>\n\t<\/div>\n\n\n<p>Conforme as informa\u00e7\u00f5es publicadas pelo jornal Estado de S. Paulo, <strong>Paulo Guedes<\/strong> informou a Gandini que a redu\u00e7\u00e3o s\u00f3 ser\u00e1 poss\u00edvel ap\u00f3s a aprova\u00e7\u00e3o das reformas. Atualmente, a taxa dos tributos de importa\u00e7\u00e3o \u00e9 de 35%.<\/p>\n<p>Dessa forma, o executivo afirmou que a aprova\u00e7\u00e3o da Previd\u00eancia e a reforma tribut\u00e1ria s\u00e3o mais relevantes do que o acordo entre o <a href=\"https:\/\/www.suno.com.br\/artigos\/mercosul\/\">Mercosul<\/a> e a <a href=\"https:\/\/www.suno.com.br\/artigos\/uniao-europeia\/\">Uni\u00e3o Europeia<\/a>.<\/p>\n<p><a href=\"https:\/\/www.suno.com.br\/noticias\/importadoras-de-veiculos-acreditam-que-reforma-da-previdencia-mais-importante-ue\/\">Saiba mais: Importadoras de ve\u00edculos acreditam que reforma da Previd\u00eancia \u00e9 mais importante que UE<\/a><\/p>\n<p>A associa\u00e7\u00e3o engloba marcas como Volvo, Ferrari, Porsche, Kia e Jac, BMW, Land Rover, Cao Chery e Suzuki.<\/p>\n<h2>Instabilidade econ\u00f4mica no Brasil<\/h2>\n<p>O presidente da Abeifa tamb\u00e9m falou sobre a redu\u00e7\u00e3o de 9,6% nas vendas de ve\u00edculos importados no Pa\u00eds no primeiro semestre de 2019. Segundo ele, a instabilidade econ\u00f4mica e oscila\u00e7\u00e3o do c\u00e2mbio afetaram as vendas.<\/p>\n<p>&#8220;Enquanto n\u00e3o aprovar a Previd\u00eancia, vamos ficar nesse marasmo. Ningu\u00e9m sabe o que vai acontecer, o mercado fica inst\u00e1vel, o c\u00e2mbio fica inst\u00e1vel&#8221;, ressaltou.<\/p>\n\t<p>\n\t\t<a href=\"https:\/\/lp.suno.com.br\/cl\/impacto-tarifas-trump\/?utm_source=sunoresearch&#038;utm_medium=banner.noticias&#038;utm_campaign=_SNC903E88AA_\" target=\"_blank\" data-element=\"shortcode-suno-banner\" title=\"Banner SUNO, clique e saiba mais\">\n\t\t\t<picture>\n\t\t\t\t<source media=\"(max-width: 500px)\" srcset=\"https:\/\/files.sunoresearch.com.br\/n\/uploads\/2025\/07\/trump-mobile.webp\">\n\t\t\t\t<img class=\"newsContent__article__imgCapa newsContent__article__imgCapa--banner\"\n\t\t\t\t\tsrc=\"https:\/\/files.sunoresearch.com.br\/n\/uploads\/2025\/07\/trump-banner-desktop.webp\"\n\t\t\t\t\tdata-promo-id=\"613126\"\t\t\t\t\t\t\t\t\t\twidth='1000' height='325'\t\t\t\t\talt=\"https:\/\/files.sunoresearch.com.br\/n\/uploads\/2025\/07\/trump-banner-desktop.webp\"\n\t\t\t\t>\n\t\t\t<\/picture>\n\t\t<\/a>\n\t<\/p>\n\n\n<p>Gandini afirmou que uma publica\u00e7\u00e3o de um dos filhos do presidente Jair Bolsonaro no Twitter \u00e9 capaz de aumentar a cota\u00e7\u00e3o do d\u00f3lar. Assim, tornando a situa\u00e7\u00e3o do <a href=\"https:\/\/www.suno.com.br\/artigos\/taxa-de-cambio-real\/\">c\u00e2mbio<\/a> vol\u00e1til.<\/p>\n<p>&#8220;Hoje o c\u00e2mbio est\u00e1 em R$ 3,83, mas estamos recebendo ainda os carros pagos na base de R$ 4,10. N\u00e3o d\u00e1 para repassar isso, o carro fica fora de mercado&#8221;, explicou o executivo.<\/p>\n<h2>Imposto \u00fanico e simplifica\u00e7\u00e3o tribut\u00e1ria<\/h2>\n<p>No in\u00edcio do \u00faltimo m\u00eas, o ministro da Economia\u00a0afirmou tamb\u00e9m que o governo busca uma simplifica\u00e7\u00e3o tribut\u00e1ria. Al\u00e9m disso, o chefe da equipe econ\u00f4mica tamb\u00e9m declarou que o Executivo planeja criar um imposto \u00fanico.<\/p>\n<p><a href=\"https:\/\/www.suno.com.br\/noticias\/governo-simplificacao-tributaria-imposto-unico-guedes\/\">Saiba mais: Governo quer simplifica\u00e7\u00e3o tribut\u00e1ria e pensa em imposto \u00fanico, diz Guedes<\/a><\/p>\n<p>A declara\u00e7\u00e3o ocorreu durante a Comiss\u00e3o de Finan\u00e7as e Tributa\u00e7\u00e3o da C\u00e2mara dos Deputados, da qual fez parte. Segundo Guedes, a medida \u00e9 uma das prioridades do presidente Jair Bolsonaro.<\/p>\n<p>O imposto \u00fanico ao qual o ministro se refere \u00e9 o Imposto sobre Valor Agregado \u2013 IVA. Conforme dito por <strong>Paulo Guedes<\/strong>, o\u00a0governo gostaria que cada Estado pudesse decidir se ir\u00e1 aderir ou n\u00e3o ao IVA.<\/p>\n","protected":false},"excerpt":{"rendered":"<p>O ministro da Economia, Paulo Guedes, prometeu reduzir os impostos de importa\u00e7\u00e3o para 20%. A informa\u00e7\u00e3o foi divulgada nesta quarta-feira (03) pelo\u00a0presidente da Associa\u00e7\u00e3o Brasileira das Empresas Importadoras e Fabricantes de Ve\u00edculos Automotores (Abeifa), Jos\u00e9 Luiz Gandini. Paulo Guedes pode reduzir impostos de importa\u00e7\u00e3o para 20% Conforme as informa\u00e7\u00f5es publicadas pelo jornal Estado de S. [&hellip;]<\/p>\n","protected":false},"author":18,"featured_media":12704,"comment_status":"closed","ping_status":"closed","sticky":false,"template":"","format":"standard","meta":[],"categories":[62],"tags":[706,704,796],"suno_strategy":[],"class_list":["post-29991","post","type-post","status-publish","format-standard","has-post-thumbnail","hentry","category-economia","tag-importacoes","tag-impostos","tag-paulo-guedes"],"yoast_head":"<!-- This site is optimized with the Yoast SEO plugin v24.4 - https:\/\/yoast.com\/wordpress\/plugins\/seo\/ -->\n<title>Paulo Guedes pode reduzir impostos de importa\u00e7\u00e3o para 20%<\/title>\n<meta name=\"description\" content=\"O ministro da Economia, Paulo Guedes, prometeu reduzir os impostos de importa\u00e7\u00e3o para 20%. Clique para saber mais.\" \/>\n<meta name=\"robots\" content=\"index, follow, max-snippet:-1, max-image-preview:large, max-video-preview:-1\" \/>\n<link rel=\"canonical\" href=\"https:\/\/www.suno.com.br\/noticias\/guedes-reduzir-impostos-importacao\/\" \/>\n<meta property=\"og:locale\" content=\"pt_BR\" \/>\n<meta property=\"og:type\" content=\"article\" \/>\n<meta property=\"og:title\" content=\"Paulo Guedes pode reduzir impostos de importa\u00e7\u00e3o para 20%\" \/>\n<meta property=\"og:description\" content=\"O ministro da Economia, Paulo Guedes, prometeu reduzir os impostos de importa\u00e7\u00e3o para 20%. Clique para saber mais.\" \/>\n<meta property=\"og:url\" content=\"https:\/\/www.suno.com.br\/noticias\/guedes-reduzir-impostos-importacao\/\" \/>\n<meta property=\"og:site_name\" content=\"Suno Not\u00edcias\" \/>\n<meta property=\"article:publisher\" content=\"https:\/\/facebook.com\/sunoresearch\" \/>\n<meta property=\"og:image\" content=\"https:\/\/files.sunoresearch.com.br\/n\/uploads\/2019\/01\/97d7c825-reforma-da-previd\u00eancia.jpg\" \/>\n\t<meta property=\"og:image:width\" content=\"754\" \/>\n\t<meta property=\"og:image:height\" content=\"503\" \/>\n\t<meta property=\"og:image:type\" content=\"image\/jpeg\" \/>\n<meta name=\"author\" content=\"Giovanna Oliveira\" \/>\n<meta name=\"twitter:card\" content=\"summary_large_image\" \/>\n<meta name=\"twitter:creator\" content=\"@sunoresearch\" \/>\n<meta name=\"twitter:site\" content=\"@sunoresearch\" \/>\n<meta name=\"twitter:label1\" content=\"Escrito por\" \/>\n\t<meta name=\"twitter:data1\" content=\"Giovanna Oliveira\" \/>\n\t<meta name=\"twitter:label2\" content=\"Est. tempo de leitura\" \/>\n\t<meta name=\"twitter:data2\" content=\"2 minutos\" \/>\n<script type=\"application\/ld+json\" class=\"yoast-schema-graph\">{\"@context\":\"https:\/\/schema.org\",\"@graph\":[{\"@type\":\"NewsArticle\",\"@id\":\"https:\/\/www.suno.com.br\/noticias\/guedes-reduzir-impostos-importacao\/#article\",\"isPartOf\":{\"@id\":\"https:\/\/www.suno.com.br\/noticias\/guedes-reduzir-impostos-importacao\/\"},\"author\":{\"name\":\"Giovanna Oliveira\",\"@id\":\"https:\/\/www.suno.com.br\/noticias\/#\/schema\/person\/4e19e3d2575736e5283d58eb3199d120\"},\"headline\":\"Paulo Guedes pode reduzir impostos de importa\u00e7\u00e3o para 20%\",\"datePublished\":\"2019-07-03T19:05:05+00:00\",\"dateModified\":\"2019-07-03T19:58:58+00:00\",\"mainEntityOfPage\":{\"@id\":\"https:\/\/www.suno.com.br\/noticias\/guedes-reduzir-impostos-importacao\/\"},\"wordCount\":438,\"publisher\":{\"@id\":\"https:\/\/www.suno.com.br\/noticias\/#organization\"},\"image\":{\"@id\":\"https:\/\/www.suno.com.br\/noticias\/guedes-reduzir-impostos-importacao\/#primaryimage\"},\"thumbnailUrl\":\"https:\/\/files.sunoresearch.com.br\/n\/uploads\/2019\/01\/97d7c825-reforma-da-previd\u00eancia-jpg.webp\",\"keywords\":[\"importa\u00e7\u00f5es\",\"impostos\",\"Paulo Guedes\"],\"articleSection\":[\"Economia\"],\"inLanguage\":\"pt-BR\"},{\"@type\":\"WebPage\",\"@id\":\"https:\/\/www.suno.com.br\/noticias\/guedes-reduzir-impostos-importacao\/\",\"url\":\"https:\/\/www.suno.com.br\/noticias\/guedes-reduzir-impostos-importacao\/\",\"name\":\"Paulo Guedes pode reduzir impostos de importa\u00e7\u00e3o para 20%\",\"isPartOf\":{\"@id\":\"https:\/\/www.suno.com.br\/noticias\/#website\"},\"primaryImageOfPage\":{\"@id\":\"https:\/\/www.suno.com.br\/noticias\/guedes-reduzir-impostos-importacao\/#primaryimage\"},\"image\":{\"@id\":\"https:\/\/www.suno.com.br\/noticias\/guedes-reduzir-impostos-importacao\/#primaryimage\"},\"thumbnailUrl\":\"https:\/\/files.sunoresearch.com.br\/n\/uploads\/2019\/01\/97d7c825-reforma-da-previd\u00eancia-jpg.webp\",\"datePublished\":\"2019-07-03T19:05:05+00:00\",\"dateModified\":\"2019-07-03T19:58:58+00:00\",\"description\":\"O ministro da Economia, Paulo Guedes, prometeu reduzir os impostos de importa\u00e7\u00e3o para 20%. Clique para saber mais.\",\"breadcrumb\":{\"@id\":\"https:\/\/www.suno.com.br\/noticias\/guedes-reduzir-impostos-importacao\/#breadcrumb\"},\"inLanguage\":\"pt-BR\",\"potentialAction\":[{\"@type\":\"ReadAction\",\"target\":[\"https:\/\/www.suno.com.br\/noticias\/guedes-reduzir-impostos-importacao\/\"]}]},{\"@type\":\"ImageObject\",\"inLanguage\":\"pt-BR\",\"@id\":\"https:\/\/www.suno.com.br\/noticias\/guedes-reduzir-impostos-importacao\/#primaryimage\",\"url\":\"https:\/\/files.sunoresearch.com.br\/n\/uploads\/2019\/01\/97d7c825-reforma-da-previd\u00eancia-jpg.webp\",\"contentUrl\":\"https:\/\/files.sunoresearch.com.br\/n\/uploads\/2019\/01\/97d7c825-reforma-da-previd\u00eancia-jpg.webp\",\"width\":754,\"height\":503,\"caption\":\"Paulo Guedes pode reduzir impostos de importa\u00e7\u00e3o para 20%\"},{\"@type\":\"BreadcrumbList\",\"@id\":\"https:\/\/www.suno.com.br\/noticias\/guedes-reduzir-impostos-importacao\/#breadcrumb\",\"itemListElement\":[{\"@type\":\"ListItem\",\"position\":1,\"name\":\"Not\u00edcias\",\"item\":\"https:\/\/www.suno.com.br\/noticias\/\"},{\"@type\":\"ListItem\",\"position\":2,\"name\":\"Economia\",\"item\":\"https:\/\/www.suno.com.br\/noticias\/economia\/\"},{\"@type\":\"ListItem\",\"position\":3,\"name\":\"Paulo Guedes pode reduzir impostos de importa\u00e7\u00e3o para 20%\"}]},{\"@type\":\"WebSite\",\"@id\":\"https:\/\/www.suno.com.br\/noticias\/#website\",\"url\":\"https:\/\/www.suno.com.br\/noticias\/\",\"name\":\"Suno Not\u00edcias\",\"description\":\"Seu portal de informa\u00e7\u00e3o sobre o mundo dos investimentos\",\"publisher\":{\"@id\":\"https:\/\/www.suno.com.br\/noticias\/#organization\"},\"potentialAction\":[{\"@type\":\"SearchAction\",\"target\":{\"@type\":\"EntryPoint\",\"urlTemplate\":\"https:\/\/www.suno.com.br\/noticias\/?s={search_term_string}\"},\"query-input\":{\"@type\":\"PropertyValueSpecification\",\"valueRequired\":true,\"valueName\":\"search_term_string\"}}],\"inLanguage\":\"pt-BR\"},{\"@type\":\"Organization\",\"@id\":\"https:\/\/www.suno.com.br\/noticias\/#organization\",\"name\":\"Suno Not\u00edcias\",\"url\":\"https:\/\/www.suno.com.br\/noticias\/\",\"logo\":{\"@type\":\"ImageObject\",\"inLanguage\":\"pt-BR\",\"@id\":\"https:\/\/www.suno.com.br\/noticias\/#\/schema\/logo\/image\/\",\"url\":\"https:\/\/files.sunoresearch.com.br\/n\/uploads\/2021\/09\/suno-logo.png\",\"contentUrl\":\"https:\/\/files.sunoresearch.com.br\/n\/uploads\/2021\/09\/suno-logo.png\",\"width\":180,\"height\":180,\"caption\":\"Suno Not\u00edcias\"},\"image\":{\"@id\":\"https:\/\/www.suno.com.br\/noticias\/#\/schema\/logo\/image\/\"},\"sameAs\":[\"https:\/\/facebook.com\/sunoresearch\",\"https:\/\/x.com\/sunoresearch\",\"https:\/\/www.instagram.com\/suno\",\"https:\/\/www.linkedin.com\/company\/suno-research\/\",\"https:\/\/www.youtube.com\/c\/sunoresearch\"]},{\"@type\":\"Person\",\"@id\":\"https:\/\/www.suno.com.br\/noticias\/#\/schema\/person\/4e19e3d2575736e5283d58eb3199d120\",\"name\":\"Giovanna Oliveira\",\"image\":{\"@type\":\"ImageObject\",\"inLanguage\":\"pt-BR\",\"@id\":\"https:\/\/www.suno.com.br\/noticias\/#\/schema\/person\/image\/\",\"url\":\"https:\/\/secure.gravatar.com\/avatar\/9a37b3ae208962ac568992d0ffdbc2eb?s=96&r=g\",\"contentUrl\":\"https:\/\/secure.gravatar.com\/avatar\/9a37b3ae208962ac568992d0ffdbc2eb?s=96&r=g\",\"caption\":\"Giovanna Oliveira\"},\"description\":\"Giovanna Oliveira escreve sobre economia e pol\u00edtica. Foi rep\u00f3rter do portal de jornalismo da ESPM-SP e produziu conte\u00fado para a Corinthians TV. \u00c9 estudante da ESPM.\",\"url\":\"https:\/\/www.suno.com.br\/noticias\/author\/giovanna\/\"}]}<\/script>\n<!-- \/ Yoast SEO plugin. -->","yoast_head_json":{"title":"Paulo Guedes pode reduzir impostos de importa\u00e7\u00e3o para 20%","description":"O ministro da Economia, Paulo Guedes, prometeu reduzir os impostos de importa\u00e7\u00e3o para 20%. Clique para saber mais.","robots":{"index":"index","follow":"follow","max-snippet":"max-snippet:-1","max-image-preview":"max-image-preview:large","max-video-preview":"max-video-preview:-1"},"canonical":"https:\/\/www.suno.com.br\/noticias\/guedes-reduzir-impostos-importacao\/","og_locale":"pt_BR","og_type":"article","og_title":"Paulo Guedes pode reduzir impostos de importa\u00e7\u00e3o para 20%","og_description":"O ministro da Economia, Paulo Guedes, prometeu reduzir os impostos de importa\u00e7\u00e3o para 20%. Clique para saber mais.","og_url":"https:\/\/www.suno.com.br\/noticias\/guedes-reduzir-impostos-importacao\/","og_site_name":"Suno Not\u00edcias","article_publisher":"https:\/\/facebook.com\/sunoresearch","og_image":[{"width":754,"height":503,"url":"https:\/\/files.sunoresearch.com.br\/n\/uploads\/2019\/01\/97d7c825-reforma-da-previd\u00eancia.jpg","type":"image\/jpeg"}],"author":"Giovanna Oliveira","twitter_card":"summary_large_image","twitter_creator":"@sunoresearch","twitter_site":"@sunoresearch","twitter_misc":{"Escrito por":"Giovanna Oliveira","Est. tempo de leitura":"2 minutos"},"schema":{"@context":"https:\/\/schema.org","@graph":[{"@type":"NewsArticle","@id":"https:\/\/www.suno.com.br\/noticias\/guedes-reduzir-impostos-importacao\/#article","isPartOf":{"@id":"https:\/\/www.suno.com.br\/noticias\/guedes-reduzir-impostos-importacao\/"},"author":{"name":"Giovanna Oliveira","@id":"https:\/\/www.suno.com.br\/noticias\/#\/schema\/person\/4e19e3d2575736e5283d58eb3199d120"},"headline":"Paulo Guedes pode reduzir impostos de importa\u00e7\u00e3o para 20%","datePublished":"2019-07-03T19:05:05+00:00","dateModified":"2019-07-03T19:58:58+00:00","mainEntityOfPage":{"@id":"https:\/\/www.suno.com.br\/noticias\/guedes-reduzir-impostos-importacao\/"},"wordCount":438,"publisher":{"@id":"https:\/\/www.suno.com.br\/noticias\/#organization"},"image":{"@id":"https:\/\/www.suno.com.br\/noticias\/guedes-reduzir-impostos-importacao\/#primaryimage"},"thumbnailUrl":"https:\/\/files.sunoresearch.com.br\/n\/uploads\/2019\/01\/97d7c825-reforma-da-previd\u00eancia-jpg.webp","keywords":["importa\u00e7\u00f5es","impostos","Paulo Guedes"],"articleSection":["Economia"],"inLanguage":"pt-BR"},{"@type":"WebPage","@id":"https:\/\/www.suno.com.br\/noticias\/guedes-reduzir-impostos-importacao\/","url":"https:\/\/www.suno.com.br\/noticias\/guedes-reduzir-impostos-importacao\/","name":"Paulo Guedes pode reduzir impostos de importa\u00e7\u00e3o para 20%","isPartOf":{"@id":"https:\/\/www.suno.com.br\/noticias\/#website"},"primaryImageOfPage":{"@id":"https:\/\/www.suno.com.br\/noticias\/guedes-reduzir-impostos-importacao\/#primaryimage"},"image":{"@id":"https:\/\/www.suno.com.br\/noticias\/guedes-reduzir-impostos-importacao\/#primaryimage"},"thumbnailUrl":"https:\/\/files.sunoresearch.com.br\/n\/uploads\/2019\/01\/97d7c825-reforma-da-previd\u00eancia-jpg.webp","datePublished":"2019-07-03T19:05:05+00:00","dateModified":"2019-07-03T19:58:58+00:00","description":"O ministro da Economia, Paulo Guedes, prometeu reduzir os impostos de importa\u00e7\u00e3o para 20%. Clique para saber mais.","breadcrumb":{"@id":"https:\/\/www.suno.com.br\/noticias\/guedes-reduzir-impostos-importacao\/#breadcrumb"},"inLanguage":"pt-BR","potentialAction":[{"@type":"ReadAction","target":["https:\/\/www.suno.com.br\/noticias\/guedes-reduzir-impostos-importacao\/"]}]},{"@type":"ImageObject","inLanguage":"pt-BR","@id":"https:\/\/www.suno.com.br\/noticias\/guedes-reduzir-impostos-importacao\/#primaryimage","url":"https:\/\/files.sunoresearch.com.br\/n\/uploads\/2019\/01\/97d7c825-reforma-da-previd\u00eancia-jpg.webp","contentUrl":"https:\/\/files.sunoresearch.com.br\/n\/uploads\/2019\/01\/97d7c825-reforma-da-previd\u00eancia-jpg.webp","width":754,"height":503,"caption":"Paulo Guedes pode reduzir impostos de importa\u00e7\u00e3o para 20%"},{"@type":"BreadcrumbList","@id":"https:\/\/www.suno.com.br\/noticias\/guedes-reduzir-impostos-importacao\/#breadcrumb","itemListElement":[{"@type":"ListItem","position":1,"name":"Not\u00edcias","item":"https:\/\/www.suno.com.br\/noticias\/"},{"@type":"ListItem","position":2,"name":"Economia","item":"https:\/\/www.suno.com.br\/noticias\/economia\/"},{"@type":"ListItem","position":3,"name":"Paulo Guedes pode reduzir impostos de importa\u00e7\u00e3o para 20%"}]},{"@type":"WebSite","@id":"https:\/\/www.suno.com.br\/noticias\/#website","url":"https:\/\/www.suno.com.br\/noticias\/","name":"Suno Not\u00edcias","description":"Seu portal de informa\u00e7\u00e3o sobre o mundo dos investimentos","publisher":{"@id":"https:\/\/www.suno.com.br\/noticias\/#organization"},"potentialAction":[{"@type":"SearchAction","target":{"@type":"EntryPoint","urlTemplate":"https:\/\/www.suno.com.br\/noticias\/?s={search_term_string}"},"query-input":{"@type":"PropertyValueSpecification","valueRequired":true,"valueName":"search_term_string"}}],"inLanguage":"pt-BR"},{"@type":"Organization","@id":"https:\/\/www.suno.com.br\/noticias\/#organization","name":"Suno Not\u00edcias","url":"https:\/\/www.suno.com.br\/noticias\/","logo":{"@type":"ImageObject","inLanguage":"pt-BR","@id":"https:\/\/www.suno.com.br\/noticias\/#\/schema\/logo\/image\/","url":"https:\/\/files.sunoresearch.com.br\/n\/uploads\/2021\/09\/suno-logo.png","contentUrl":"https:\/\/files.sunoresearch.com.br\/n\/uploads\/2021\/09\/suno-logo.png","width":180,"height":180,"caption":"Suno Not\u00edcias"},"image":{"@id":"https:\/\/www.suno.com.br\/noticias\/#\/schema\/logo\/image\/"},"sameAs":["https:\/\/facebook.com\/sunoresearch","https:\/\/x.com\/sunoresearch","https:\/\/www.instagram.com\/suno","https:\/\/www.linkedin.com\/company\/suno-research\/","https:\/\/www.youtube.com\/c\/sunoresearch"]},{"@type":"Person","@id":"https:\/\/www.suno.com.br\/noticias\/#\/schema\/person\/4e19e3d2575736e5283d58eb3199d120","name":"Giovanna Oliveira","image":{"@type":"ImageObject","inLanguage":"pt-BR","@id":"https:\/\/www.suno.com.br\/noticias\/#\/schema\/person\/image\/","url":"https:\/\/secure.gravatar.com\/avatar\/9a37b3ae208962ac568992d0ffdbc2eb?s=96&r=g","contentUrl":"https:\/\/secure.gravatar.com\/avatar\/9a37b3ae208962ac568992d0ffdbc2eb?s=96&r=g","caption":"Giovanna Oliveira"},"description":"Giovanna Oliveira escreve sobre economia e pol\u00edtica. Foi rep\u00f3rter do portal de jornalismo da ESPM-SP e produziu conte\u00fado para a Corinthians TV. \u00c9 estudante da ESPM.","url":"https:\/\/www.suno.com.br\/noticias\/author\/giovanna\/"}]}},"default_loop_html":"<div class=\"cardsPage__listCard__boxs\"><div class=\"cardsPage__listCard__boxs__img\"><a href=\"https:\/\/www.suno.com.br\/noticias\/guedes-reduzir-impostos-importacao\/\"><img class=\"mask\" src=\"https:\/\/www.suno.com.br\/noticias\/wp-content\/themes\/suno\/resources\/images\/spotlight\/spotlight1img\/bg-mask.png\" alt=\"Image Mask\"\/><img src=\"https:\/\/files.sunoresearch.com.br\/n\/uploads\/2019\/01\/97d7c825-reforma-da-previd\u00eancia-400x200.webp\" alt=\"Paulo Guedes pode reduzir impostos de importa\u00e7\u00e3o para 20%\"\/><\/a><span class=\"spotlightCategory\"><a href=\"https:\/\/www.suno.com.br\/noticias\/economia\/\">Economia<\/a><\/span><\/div><div class=\"cardsPage__listCard__boxs__content\"><a href=\"https:\/\/www.suno.com.br\/noticias\/guedes-reduzir-impostos-importacao\/\"><h2 class=\"content__title\">Paulo Guedes pode reduzir impostos de importa\u00e7\u00e3o para 20%<\/h2><\/a><div class=\"newsContent__article__meta\"><div class=\"newsContent__article__meta__authorBox\"><a href=\"https:\/\/www.suno.com.br\/noticias\/author\/giovanna\/\" class=\"authorBox__avatar noMobi\"><img src=\"https:\/\/files.sunoresearch.com.br\/n\/uploads\/2019\/06\/952a89ca-screenshot_20190608-171507-150x150.webp\" alt=\"Giovanna Oliveira\"><\/a><div class=\"authorBox__name\"><span>por\n\t\t\t<a href=\"https:\/\/www.suno.com.br\/noticias\/author\/giovanna\/\"><span itemprop=\"author\">Giovanna Oliveira<\/span><\/a><\/span><time datetime=\"2019-07-03T16:05:05-03:00\" itemprop=\"datePublished\">03\/07\/2019 16:05<\/time><\/div><\/div><\/div><\/div><\/div>","single_layout":"posts","amp_enabled":true,"_links":{"self":[{"href":"https:\/\/www.suno.com.br\/noticias\/wp-json\/wp\/v2\/posts\/29991"}],"collection":[{"href":"https:\/\/www.suno.com.br\/noticias\/wp-json\/wp\/v2\/posts"}],"about":[{"href":"https:\/\/www.suno.com.br\/noticias\/wp-json\/wp\/v2\/types\/post"}],"author":[{"embeddable":true,"href":"https:\/\/www.suno.com.br\/noticias\/wp-json\/wp\/v2\/users\/18"}],"replies":[{"embeddable":true,"href":"https:\/\/www.suno.com.br\/noticias\/wp-json\/wp\/v2\/comments?post=29991"}],"version-history":[{"count":0,"href":"https:\/\/www.suno.com.br\/noticias\/wp-json\/wp\/v2\/posts\/29991\/revisions"}],"wp:featuredmedia":[{"embeddable":true,"href":"https:\/\/www.suno.com.br\/noticias\/wp-json\/wp\/v2\/media\/12704"}],"wp:attachment":[{"href":"https:\/\/www.suno.com.br\/noticias\/wp-json\/wp\/v2\/media?parent=29991"}],"wp:term":[{"taxonomy":"category","embeddable":true,"href":"https:\/\/www.suno.com.br\/noticias\/wp-json\/wp\/v2\/categories?post=29991"},{"taxonomy":"post_tag","embeddable":true,"href":"https:\/\/www.suno.com.br\/noticias\/wp-json\/wp\/v2\/tags?post=29991"},{"taxonomy":"suno_strategy","embeddable":true,"href":"https:\/\/www.suno.com.br\/noticias\/wp-json\/wp\/v2\/suno_strategy?post=29991"}],"curies":[{"name":"wp","href":"https:\/\/api.w.org\/{rel}","templated":true}]}}