{"id":29981,"date":"2019-07-03T14:12:04","date_gmt":"2019-07-03T17:12:04","guid":{"rendered":"https:\/\/www.suno.com.br\/noticias\/?p=29981"},"modified":"2019-07-03T14:15:45","modified_gmt":"2019-07-03T17:15:45","slug":"importadoras-de-veiculos-acreditam-que-reforma-da-previdencia-mais-importante-ue","status":"publish","type":"post","link":"https:\/\/www.suno.com.br\/noticias\/importadoras-de-veiculos-acreditam-que-reforma-da-previdencia-mais-importante-ue\/","title":{"rendered":"Importadoras de ve\u00edculos acreditam que reforma da Previd\u00eancia \u00e9 mais importante que UE"},"content":{"rendered":"<p>O presidente da Associa\u00e7\u00e3o das Importadoras de Ve\u00edculos (Abeifa), Jos\u00e9 Luiz Gandini, disse nesta quarta-feira (3) que a confirma\u00e7\u00e3o da reforma da Previd\u00eancia \u00e9 o que mais interessa para o <strong>mercado automotivo<\/strong>. Sendo assim, o acordo entre Mercosul e Uni\u00e3o Europeia ficam para tr\u00e1s.<\/p>\t<div class=\"wrapper-featured-image\">\n\t\t<figure class=\"spotlightImg\">\n\n\t\t\t<picture>\n\t\t\t\t<source media=\"(max-width: 768px)\" srcset=\"https:\/\/files.sunoresearch.com.br\/n\/uploads\/2019\/01\/e4323b60-toyota-400x200.webp\">\n\t\t\t\t<img loading=\"lazy\" decoding=\"async\" class=\"newsContent__article__imgCapa lazyloadDisabled newsContent__article__imgCapa--noCaption\" src=\"https:\/\/files.sunoresearch.com.br\/n\/uploads\/2019\/01\/e4323b60-toyota-800x450.webp\" width=\"800\" height=\"450\" alt=\"Importadoras de ve\u00edculos acreditam que reforma da Previd\u00eancia \u00e9 mais importante que UE\" fetchpriority=high \/>\n\t\t\t<\/picture>\n\n\t\t\t<figcaption class=\"wp-caption-text wp-caption-text--hide\">Toyota investe US$ 394 milh\u00f5es em projeto de carro voador <\/figcaption>\n\t\t<\/figure>\n\t<\/div>\n\n\n<p>Para Gandini, se a reforma n\u00e3o for aprovada, o mercado de <b>ve\u00edculos <\/b>automotivos\u00a0permanecer\u00e1 inconstante. Ele ainda destacou a import\u00e2ncia da decis\u00e3o do governo.&#8221;Isso sim mexe com o mercado, muito antes do que o acordo com a Uni\u00e3o Europeia.&#8221;<\/p>\n<p>Al\u00e9m da inconst\u00e2ncia, o presidente da Abeifa tamb\u00e9m citou a estagna\u00e7\u00e3o do mercado.&#8221;Enquanto n\u00e3o aprovar a Previd\u00eancia, vamos ficar nesse marasmo. Ningu\u00e9m sabe o que vai acontecer, o mercado fica inst\u00e1vel, o c\u00e2mbio fica inst\u00e1vel&#8221;, observou.<\/p>\n<p>Das\u00a0 16 marcas que a\u00a0Abeifa integra, algumas s\u00f3 fazem importa\u00e7\u00f5es, como por exemplo:<\/p>\n<ul>\n<li>Volvo<\/li>\n<li>Ferrari<\/li>\n<li>Porsche<\/li>\n<li>Kia<\/li>\n<li>Jac<\/li>\n<\/ul>\n<p>O acordo entre <strong>Uni\u00e3o<\/strong> <strong>Europeia<\/strong> e <strong>Mercosul<\/strong> pressup\u00f5es uma queda nas tarifas de importa\u00e7\u00e3o de carros europeus. A tarifa que antes era de 35% ser\u00e1 de 17,5% no per\u00edodo de uma d\u00e9cada.\u00a0Sendo assim, com essa baixa, em 15 anos a taxa chegar\u00e1 a zero.<\/p>\n<p>O presidente da Abeifa tem d\u00favidas sobre a divis\u00e3o das cotas que vai ser feita no novo acordo Mercosul-UE. &#8220;Quem ser\u00e1 beneficiado? N\u00e3o s\u00e3o todas as marcas. Nem todas as associadas t\u00eam f\u00e1brica na Europa. E tem produtos na Europa que n\u00e3o est\u00e3o no Brasil, n\u00e3o sabemos como vai ser a aceita\u00e7\u00e3o aqui&#8221;, assegura.<\/p>\n\t<p>\n\t\t<a href=\"https:\/\/lp.suno.com.br\/minicurso-valuation\/\" target=\"_blank\" data-element=\"shortcode-suno-banner\" title=\"Banner SUNO, clique e saiba mais\">\n\t\t\t<picture>\n\t\t\t\t<source media=\"(max-width: 500px)\" srcset=\"https:\/\/files.sunoresearch.com.br\/n\/uploads\/2023\/03\/400x300-Minicurso-Valuation.png\">\n\t\t\t\t<img class=\"newsContent__article__imgCapa newsContent__article__imgCapa--banner\"\n\t\t\t\t\tsrc=\"https:\/\/files.sunoresearch.com.br\/n\/uploads\/2023\/03\/1420x240-Minicurso-Valuation.png\"\n\t\t\t\t\tdata-promo-id=\"383160\"\t\t\t\t\t\t\t\t\t\twidth='1420' height='240'\t\t\t\t\talt=\"https:\/\/files.sunoresearch.com.br\/n\/uploads\/2023\/03\/1420x240-Minicurso-Valuation.png\"\n\t\t\t\t>\n\t\t\t<\/picture>\n\t\t<\/a>\n\t<\/p>\n\n\n<p>O mercado automotivo cresceu no semestre, por\u00e9m os carros importados n\u00e3o acompanharam a evolu\u00e7\u00e3o nas vendas. Dessa forma, tiveram uma queda de 9,6% em compara\u00e7\u00e3o com o mesmo per\u00edodo do ano passado.<\/p>\n<p>Marcas com mais vendas de importados no Brasil, do primeiro semestre de 2019:<\/p>\n<ol>\n<li>Kia (4.649)<\/li>\n<li>Volvo (3.556)<\/li>\n<li>BMW (2.196)<\/li>\n<li>Land Rover (1.213).<\/li>\n<\/ol>\n<h2>Vendas de autom\u00f3veis tem alta de 11%<\/h2>\n<p>Segundo dados da Federa\u00e7\u00e3o Nacional de Distribui\u00e7\u00e3o de Ve\u00edculos Automotores (Fenabrave), divulgados nesta sexta-feira (3), o <span style=\"vertical-align: inherit;\">mercado automotivo teve um grande progresso. As vendas subiram 11,2% neste primeiro semestre.<\/span><\/p>\n<p>Se for levado em considera\u00e7\u00e3o o mesmo per\u00edodo de 2018, para um comparativo, a alta foi de 12%.<\/p>\n<p>O \u00d4nix,\u00a0da Chevrolet, permanece na primeira coloca\u00e7\u00e3o entre os <strong>ve\u00edculos<\/strong> mais queridos dos consumidores. Em segundo lugar est\u00e1 o HB20 e em terceiro do Ford Ka.<\/p>\n\t<p>\n\t\t<a href=\"https:\/\/lp2.suno.com.br\/cl\/black-friday-2025\/?utm_campaign=_SNCDF0E4858_\" target=\"_blank\" data-element=\"shortcode-suno-banner\" title=\"Banner SUNO, clique e saiba mais\">\n\t\t\t<picture>\n\t\t\t\t<source media=\"(max-width: 500px)\" srcset=\"https:\/\/files.sunoresearch.com.br\/n\/uploads\/2025\/10\/Artigos-e-Noticias-Banner-Home-artigos-01-Mobile_-400x300-1-png.webp\">\n\t\t\t\t<img class=\"newsContent__article__imgCapa newsContent__article__imgCapa--banner\"\n\t\t\t\t\tsrc=\"https:\/\/files.sunoresearch.com.br\/n\/uploads\/2025\/10\/Artigos-e-Noticias-Banner-Home-artigos-01-Desktop_-1420x240-1-png.webp\"\n\t\t\t\t\tdata-promo-id=\"311259\"\t\t\t\t\t\t\t\t\t\twidth='1420' height='240'\t\t\t\t\talt=\"https:\/\/files.sunoresearch.com.br\/n\/uploads\/2025\/10\/Artigos-e-Noticias-Banner-Home-artigos-01-Desktop_-1420x240-1-png.webp\"\n\t\t\t\t>\n\t\t\t<\/picture>\n\t\t<\/a>\n\t<\/p>\n\n\n","protected":false},"excerpt":{"rendered":"<p>O presidente da Associa\u00e7\u00e3o das Importadoras de Ve\u00edculos (Abeifa), Jos\u00e9 Luiz Gandini, disse nesta quarta-feira (3) que a confirma\u00e7\u00e3o da reforma da Previd\u00eancia \u00e9 o que mais interessa para o mercado automotivo. Sendo assim, o acordo entre Mercosul e Uni\u00e3o Europeia ficam para tr\u00e1s. Toyota investe US$ 394 milh\u00f5es em projeto de carro voador Para [&hellip;]<\/p>\n","protected":false},"author":19,"featured_media":12899,"comment_status":"closed","ping_status":"closed","sticky":false,"template":"","format":"standard","meta":[],"categories":[60],"tags":[868,940],"suno_strategy":[],"class_list":["post-29981","post","type-post","status-publish","format-standard","has-post-thumbnail","hentry","category-mercado","tag-mercosul","tag-reforma-da-previdencia"],"yoast_head":"<!-- This site is optimized with the Yoast SEO plugin v24.4 - https:\/\/yoast.com\/wordpress\/plugins\/seo\/ -->\n<title>Importadoras priorizam reforma da Previd\u00eancia a acordo Mercosul-UE<\/title>\n<meta name=\"description\" content=\"Segundo o mandat\u00e1rio da Abeifa, Jos\u00e9 Luiz Gandini, a aprova\u00e7\u00e3o da reforma \u00e9 o que mais importa para o setor de ve\u00edculos. Clique e saiba mais.\" \/>\n<meta name=\"robots\" content=\"index, follow, max-snippet:-1, max-image-preview:large, max-video-preview:-1\" \/>\n<link rel=\"canonical\" href=\"https:\/\/www.suno.com.br\/noticias\/importadoras-de-veiculos-acreditam-que-reforma-da-previdencia-mais-importante-ue\/\" \/>\n<meta property=\"og:locale\" content=\"pt_BR\" \/>\n<meta property=\"og:type\" content=\"article\" \/>\n<meta property=\"og:title\" content=\"Importadoras priorizam reforma da Previd\u00eancia a acordo Mercosul-UE\" \/>\n<meta property=\"og:description\" content=\"Segundo o mandat\u00e1rio da Abeifa, Jos\u00e9 Luiz Gandini, a aprova\u00e7\u00e3o da reforma \u00e9 o que mais importa para o setor de ve\u00edculos. Clique e saiba mais.\" \/>\n<meta property=\"og:url\" content=\"https:\/\/www.suno.com.br\/noticias\/importadoras-de-veiculos-acreditam-que-reforma-da-previdencia-mais-importante-ue\/\" \/>\n<meta property=\"og:site_name\" content=\"Suno Not\u00edcias\" \/>\n<meta property=\"article:publisher\" content=\"https:\/\/facebook.com\/sunoresearch\" \/>\n<meta property=\"og:image\" content=\"https:\/\/files.sunoresearch.com.br\/n\/uploads\/2019\/01\/e4323b60-toyota.jpg\" \/>\n\t<meta property=\"og:image:width\" content=\"1024\" \/>\n\t<meta property=\"og:image:height\" content=\"768\" \/>\n\t<meta property=\"og:image:type\" content=\"image\/jpeg\" \/>\n<meta name=\"author\" content=\"Juliano Passaro\" \/>\n<meta name=\"twitter:card\" content=\"summary_large_image\" \/>\n<meta name=\"twitter:creator\" content=\"@sunoresearch\" \/>\n<meta name=\"twitter:site\" content=\"@sunoresearch\" \/>\n<meta name=\"twitter:label1\" content=\"Escrito por\" \/>\n\t<meta name=\"twitter:data1\" content=\"Juliano Passaro\" \/>\n\t<meta name=\"twitter:label2\" content=\"Est. tempo de leitura\" \/>\n\t<meta name=\"twitter:data2\" content=\"2 minutos\" \/>\n<script type=\"application\/ld+json\" class=\"yoast-schema-graph\">{\"@context\":\"https:\/\/schema.org\",\"@graph\":[{\"@type\":\"NewsArticle\",\"@id\":\"https:\/\/www.suno.com.br\/noticias\/importadoras-de-veiculos-acreditam-que-reforma-da-previdencia-mais-importante-ue\/#article\",\"isPartOf\":{\"@id\":\"https:\/\/www.suno.com.br\/noticias\/importadoras-de-veiculos-acreditam-que-reforma-da-previdencia-mais-importante-ue\/\"},\"author\":{\"name\":\"Juliano Passaro\",\"@id\":\"https:\/\/www.suno.com.br\/noticias\/#\/schema\/person\/1db762f78ffd8919a648a63e425953e3\"},\"headline\":\"Importadoras de ve\u00edculos acreditam que reforma da Previd\u00eancia \u00e9 mais importante que UE\",\"datePublished\":\"2019-07-03T17:12:04+00:00\",\"dateModified\":\"2019-07-03T17:15:45+00:00\",\"mainEntityOfPage\":{\"@id\":\"https:\/\/www.suno.com.br\/noticias\/importadoras-de-veiculos-acreditam-que-reforma-da-previdencia-mais-importante-ue\/\"},\"wordCount\":427,\"publisher\":{\"@id\":\"https:\/\/www.suno.com.br\/noticias\/#organization\"},\"image\":{\"@id\":\"https:\/\/www.suno.com.br\/noticias\/importadoras-de-veiculos-acreditam-que-reforma-da-previdencia-mais-importante-ue\/#primaryimage\"},\"thumbnailUrl\":\"https:\/\/files.sunoresearch.com.br\/n\/uploads\/2019\/01\/e4323b60-toyota-jpg.webp\",\"keywords\":[\"Mercosul\",\"Reforma da Previd\u00eancia\"],\"articleSection\":[\"Mercado\"],\"inLanguage\":\"pt-BR\"},{\"@type\":\"WebPage\",\"@id\":\"https:\/\/www.suno.com.br\/noticias\/importadoras-de-veiculos-acreditam-que-reforma-da-previdencia-mais-importante-ue\/\",\"url\":\"https:\/\/www.suno.com.br\/noticias\/importadoras-de-veiculos-acreditam-que-reforma-da-previdencia-mais-importante-ue\/\",\"name\":\"Importadoras priorizam reforma da Previd\u00eancia a acordo Mercosul-UE\",\"isPartOf\":{\"@id\":\"https:\/\/www.suno.com.br\/noticias\/#website\"},\"primaryImageOfPage\":{\"@id\":\"https:\/\/www.suno.com.br\/noticias\/importadoras-de-veiculos-acreditam-que-reforma-da-previdencia-mais-importante-ue\/#primaryimage\"},\"image\":{\"@id\":\"https:\/\/www.suno.com.br\/noticias\/importadoras-de-veiculos-acreditam-que-reforma-da-previdencia-mais-importante-ue\/#primaryimage\"},\"thumbnailUrl\":\"https:\/\/files.sunoresearch.com.br\/n\/uploads\/2019\/01\/e4323b60-toyota-jpg.webp\",\"datePublished\":\"2019-07-03T17:12:04+00:00\",\"dateModified\":\"2019-07-03T17:15:45+00:00\",\"description\":\"Segundo o mandat\u00e1rio da Abeifa, Jos\u00e9 Luiz Gandini, a aprova\u00e7\u00e3o da reforma \u00e9 o que mais importa para o setor de ve\u00edculos. Clique e saiba mais.\",\"breadcrumb\":{\"@id\":\"https:\/\/www.suno.com.br\/noticias\/importadoras-de-veiculos-acreditam-que-reforma-da-previdencia-mais-importante-ue\/#breadcrumb\"},\"inLanguage\":\"pt-BR\",\"potentialAction\":[{\"@type\":\"ReadAction\",\"target\":[\"https:\/\/www.suno.com.br\/noticias\/importadoras-de-veiculos-acreditam-que-reforma-da-previdencia-mais-importante-ue\/\"]}]},{\"@type\":\"ImageObject\",\"inLanguage\":\"pt-BR\",\"@id\":\"https:\/\/www.suno.com.br\/noticias\/importadoras-de-veiculos-acreditam-que-reforma-da-previdencia-mais-importante-ue\/#primaryimage\",\"url\":\"https:\/\/files.sunoresearch.com.br\/n\/uploads\/2019\/01\/e4323b60-toyota-jpg.webp\",\"contentUrl\":\"https:\/\/files.sunoresearch.com.br\/n\/uploads\/2019\/01\/e4323b60-toyota-jpg.webp\",\"width\":1024,\"height\":768,\"caption\":\"Toyota investe US$ 394 milh\u00f5es em projeto de carro voador\"},{\"@type\":\"BreadcrumbList\",\"@id\":\"https:\/\/www.suno.com.br\/noticias\/importadoras-de-veiculos-acreditam-que-reforma-da-previdencia-mais-importante-ue\/#breadcrumb\",\"itemListElement\":[{\"@type\":\"ListItem\",\"position\":1,\"name\":\"Not\u00edcias\",\"item\":\"https:\/\/www.suno.com.br\/noticias\/\"},{\"@type\":\"ListItem\",\"position\":2,\"name\":\"Mercado\",\"item\":\"https:\/\/www.suno.com.br\/noticias\/mercado\/\"},{\"@type\":\"ListItem\",\"position\":3,\"name\":\"Importadoras de ve\u00edculos acreditam que reforma da Previd\u00eancia \u00e9 mais importante que UE\"}]},{\"@type\":\"WebSite\",\"@id\":\"https:\/\/www.suno.com.br\/noticias\/#website\",\"url\":\"https:\/\/www.suno.com.br\/noticias\/\",\"name\":\"Suno Not\u00edcias\",\"description\":\"Seu portal de informa\u00e7\u00e3o sobre o mundo dos investimentos\",\"publisher\":{\"@id\":\"https:\/\/www.suno.com.br\/noticias\/#organization\"},\"potentialAction\":[{\"@type\":\"SearchAction\",\"target\":{\"@type\":\"EntryPoint\",\"urlTemplate\":\"https:\/\/www.suno.com.br\/noticias\/?s={search_term_string}\"},\"query-input\":{\"@type\":\"PropertyValueSpecification\",\"valueRequired\":true,\"valueName\":\"search_term_string\"}}],\"inLanguage\":\"pt-BR\"},{\"@type\":\"Organization\",\"@id\":\"https:\/\/www.suno.com.br\/noticias\/#organization\",\"name\":\"Suno Not\u00edcias\",\"url\":\"https:\/\/www.suno.com.br\/noticias\/\",\"logo\":{\"@type\":\"ImageObject\",\"inLanguage\":\"pt-BR\",\"@id\":\"https:\/\/www.suno.com.br\/noticias\/#\/schema\/logo\/image\/\",\"url\":\"https:\/\/files.sunoresearch.com.br\/n\/uploads\/2021\/09\/suno-logo.png\",\"contentUrl\":\"https:\/\/files.sunoresearch.com.br\/n\/uploads\/2021\/09\/suno-logo.png\",\"width\":180,\"height\":180,\"caption\":\"Suno Not\u00edcias\"},\"image\":{\"@id\":\"https:\/\/www.suno.com.br\/noticias\/#\/schema\/logo\/image\/\"},\"sameAs\":[\"https:\/\/facebook.com\/sunoresearch\",\"https:\/\/x.com\/sunoresearch\",\"https:\/\/www.instagram.com\/suno\",\"https:\/\/www.linkedin.com\/company\/suno-research\/\",\"https:\/\/www.youtube.com\/c\/sunoresearch\"]},{\"@type\":\"Person\",\"@id\":\"https:\/\/www.suno.com.br\/noticias\/#\/schema\/person\/1db762f78ffd8919a648a63e425953e3\",\"name\":\"Juliano Passaro\",\"image\":{\"@type\":\"ImageObject\",\"inLanguage\":\"pt-BR\",\"@id\":\"https:\/\/www.suno.com.br\/noticias\/#\/schema\/person\/image\/\",\"url\":\"https:\/\/secure.gravatar.com\/avatar\/743d4df28eebf6dcc46b4ad03c319e92?s=96&r=g\",\"contentUrl\":\"https:\/\/secure.gravatar.com\/avatar\/743d4df28eebf6dcc46b4ad03c319e92?s=96&r=g\",\"caption\":\"Juliano Passaro\"},\"description\":\"Juliano Passaro escreve sobre pol\u00edtica, economia e neg\u00f3cios para o portal da Suno Research. Antes da Suno, trabalhou no Portal da Band. \u00c9 formado em jornalismo pela Universidade Presbiteriana Mackenzie.\",\"url\":\"https:\/\/www.suno.com.br\/noticias\/author\/juliano\/\"}]}<\/script>\n<!-- \/ Yoast SEO plugin. -->","yoast_head_json":{"title":"Importadoras priorizam reforma da Previd\u00eancia a acordo Mercosul-UE","description":"Segundo o mandat\u00e1rio da Abeifa, Jos\u00e9 Luiz Gandini, a aprova\u00e7\u00e3o da reforma \u00e9 o que mais importa para o setor de ve\u00edculos. Clique e saiba mais.","robots":{"index":"index","follow":"follow","max-snippet":"max-snippet:-1","max-image-preview":"max-image-preview:large","max-video-preview":"max-video-preview:-1"},"canonical":"https:\/\/www.suno.com.br\/noticias\/importadoras-de-veiculos-acreditam-que-reforma-da-previdencia-mais-importante-ue\/","og_locale":"pt_BR","og_type":"article","og_title":"Importadoras priorizam reforma da Previd\u00eancia a acordo Mercosul-UE","og_description":"Segundo o mandat\u00e1rio da Abeifa, Jos\u00e9 Luiz Gandini, a aprova\u00e7\u00e3o da reforma \u00e9 o que mais importa para o setor de ve\u00edculos. Clique e saiba mais.","og_url":"https:\/\/www.suno.com.br\/noticias\/importadoras-de-veiculos-acreditam-que-reforma-da-previdencia-mais-importante-ue\/","og_site_name":"Suno Not\u00edcias","article_publisher":"https:\/\/facebook.com\/sunoresearch","og_image":[{"width":1024,"height":768,"url":"https:\/\/files.sunoresearch.com.br\/n\/uploads\/2019\/01\/e4323b60-toyota.jpg","type":"image\/jpeg"}],"author":"Juliano Passaro","twitter_card":"summary_large_image","twitter_creator":"@sunoresearch","twitter_site":"@sunoresearch","twitter_misc":{"Escrito por":"Juliano Passaro","Est. tempo de leitura":"2 minutos"},"schema":{"@context":"https:\/\/schema.org","@graph":[{"@type":"NewsArticle","@id":"https:\/\/www.suno.com.br\/noticias\/importadoras-de-veiculos-acreditam-que-reforma-da-previdencia-mais-importante-ue\/#article","isPartOf":{"@id":"https:\/\/www.suno.com.br\/noticias\/importadoras-de-veiculos-acreditam-que-reforma-da-previdencia-mais-importante-ue\/"},"author":{"name":"Juliano Passaro","@id":"https:\/\/www.suno.com.br\/noticias\/#\/schema\/person\/1db762f78ffd8919a648a63e425953e3"},"headline":"Importadoras de ve\u00edculos acreditam que reforma da Previd\u00eancia \u00e9 mais importante que UE","datePublished":"2019-07-03T17:12:04+00:00","dateModified":"2019-07-03T17:15:45+00:00","mainEntityOfPage":{"@id":"https:\/\/www.suno.com.br\/noticias\/importadoras-de-veiculos-acreditam-que-reforma-da-previdencia-mais-importante-ue\/"},"wordCount":427,"publisher":{"@id":"https:\/\/www.suno.com.br\/noticias\/#organization"},"image":{"@id":"https:\/\/www.suno.com.br\/noticias\/importadoras-de-veiculos-acreditam-que-reforma-da-previdencia-mais-importante-ue\/#primaryimage"},"thumbnailUrl":"https:\/\/files.sunoresearch.com.br\/n\/uploads\/2019\/01\/e4323b60-toyota-jpg.webp","keywords":["Mercosul","Reforma da Previd\u00eancia"],"articleSection":["Mercado"],"inLanguage":"pt-BR"},{"@type":"WebPage","@id":"https:\/\/www.suno.com.br\/noticias\/importadoras-de-veiculos-acreditam-que-reforma-da-previdencia-mais-importante-ue\/","url":"https:\/\/www.suno.com.br\/noticias\/importadoras-de-veiculos-acreditam-que-reforma-da-previdencia-mais-importante-ue\/","name":"Importadoras priorizam reforma da Previd\u00eancia a acordo Mercosul-UE","isPartOf":{"@id":"https:\/\/www.suno.com.br\/noticias\/#website"},"primaryImageOfPage":{"@id":"https:\/\/www.suno.com.br\/noticias\/importadoras-de-veiculos-acreditam-que-reforma-da-previdencia-mais-importante-ue\/#primaryimage"},"image":{"@id":"https:\/\/www.suno.com.br\/noticias\/importadoras-de-veiculos-acreditam-que-reforma-da-previdencia-mais-importante-ue\/#primaryimage"},"thumbnailUrl":"https:\/\/files.sunoresearch.com.br\/n\/uploads\/2019\/01\/e4323b60-toyota-jpg.webp","datePublished":"2019-07-03T17:12:04+00:00","dateModified":"2019-07-03T17:15:45+00:00","description":"Segundo o mandat\u00e1rio da Abeifa, Jos\u00e9 Luiz Gandini, a aprova\u00e7\u00e3o da reforma \u00e9 o que mais importa para o setor de ve\u00edculos. Clique e saiba mais.","breadcrumb":{"@id":"https:\/\/www.suno.com.br\/noticias\/importadoras-de-veiculos-acreditam-que-reforma-da-previdencia-mais-importante-ue\/#breadcrumb"},"inLanguage":"pt-BR","potentialAction":[{"@type":"ReadAction","target":["https:\/\/www.suno.com.br\/noticias\/importadoras-de-veiculos-acreditam-que-reforma-da-previdencia-mais-importante-ue\/"]}]},{"@type":"ImageObject","inLanguage":"pt-BR","@id":"https:\/\/www.suno.com.br\/noticias\/importadoras-de-veiculos-acreditam-que-reforma-da-previdencia-mais-importante-ue\/#primaryimage","url":"https:\/\/files.sunoresearch.com.br\/n\/uploads\/2019\/01\/e4323b60-toyota-jpg.webp","contentUrl":"https:\/\/files.sunoresearch.com.br\/n\/uploads\/2019\/01\/e4323b60-toyota-jpg.webp","width":1024,"height":768,"caption":"Toyota investe US$ 394 milh\u00f5es em projeto de carro voador"},{"@type":"BreadcrumbList","@id":"https:\/\/www.suno.com.br\/noticias\/importadoras-de-veiculos-acreditam-que-reforma-da-previdencia-mais-importante-ue\/#breadcrumb","itemListElement":[{"@type":"ListItem","position":1,"name":"Not\u00edcias","item":"https:\/\/www.suno.com.br\/noticias\/"},{"@type":"ListItem","position":2,"name":"Mercado","item":"https:\/\/www.suno.com.br\/noticias\/mercado\/"},{"@type":"ListItem","position":3,"name":"Importadoras de ve\u00edculos acreditam que reforma da Previd\u00eancia \u00e9 mais importante que UE"}]},{"@type":"WebSite","@id":"https:\/\/www.suno.com.br\/noticias\/#website","url":"https:\/\/www.suno.com.br\/noticias\/","name":"Suno Not\u00edcias","description":"Seu portal de informa\u00e7\u00e3o sobre o mundo dos investimentos","publisher":{"@id":"https:\/\/www.suno.com.br\/noticias\/#organization"},"potentialAction":[{"@type":"SearchAction","target":{"@type":"EntryPoint","urlTemplate":"https:\/\/www.suno.com.br\/noticias\/?s={search_term_string}"},"query-input":{"@type":"PropertyValueSpecification","valueRequired":true,"valueName":"search_term_string"}}],"inLanguage":"pt-BR"},{"@type":"Organization","@id":"https:\/\/www.suno.com.br\/noticias\/#organization","name":"Suno Not\u00edcias","url":"https:\/\/www.suno.com.br\/noticias\/","logo":{"@type":"ImageObject","inLanguage":"pt-BR","@id":"https:\/\/www.suno.com.br\/noticias\/#\/schema\/logo\/image\/","url":"https:\/\/files.sunoresearch.com.br\/n\/uploads\/2021\/09\/suno-logo.png","contentUrl":"https:\/\/files.sunoresearch.com.br\/n\/uploads\/2021\/09\/suno-logo.png","width":180,"height":180,"caption":"Suno Not\u00edcias"},"image":{"@id":"https:\/\/www.suno.com.br\/noticias\/#\/schema\/logo\/image\/"},"sameAs":["https:\/\/facebook.com\/sunoresearch","https:\/\/x.com\/sunoresearch","https:\/\/www.instagram.com\/suno","https:\/\/www.linkedin.com\/company\/suno-research\/","https:\/\/www.youtube.com\/c\/sunoresearch"]},{"@type":"Person","@id":"https:\/\/www.suno.com.br\/noticias\/#\/schema\/person\/1db762f78ffd8919a648a63e425953e3","name":"Juliano Passaro","image":{"@type":"ImageObject","inLanguage":"pt-BR","@id":"https:\/\/www.suno.com.br\/noticias\/#\/schema\/person\/image\/","url":"https:\/\/secure.gravatar.com\/avatar\/743d4df28eebf6dcc46b4ad03c319e92?s=96&r=g","contentUrl":"https:\/\/secure.gravatar.com\/avatar\/743d4df28eebf6dcc46b4ad03c319e92?s=96&r=g","caption":"Juliano Passaro"},"description":"Juliano Passaro escreve sobre pol\u00edtica, economia e neg\u00f3cios para o portal da Suno Research. Antes da Suno, trabalhou no Portal da Band. \u00c9 formado em jornalismo pela Universidade Presbiteriana Mackenzie.","url":"https:\/\/www.suno.com.br\/noticias\/author\/juliano\/"}]}},"default_loop_html":"<div class=\"cardsPage__listCard__boxs\"><div class=\"cardsPage__listCard__boxs__img\"><a href=\"https:\/\/www.suno.com.br\/noticias\/importadoras-de-veiculos-acreditam-que-reforma-da-previdencia-mais-importante-ue\/\"><img class=\"mask\" src=\"https:\/\/www.suno.com.br\/noticias\/wp-content\/themes\/suno\/resources\/images\/spotlight\/spotlight1img\/bg-mask.png\" alt=\"Image Mask\"\/><img src=\"https:\/\/files.sunoresearch.com.br\/n\/uploads\/2019\/01\/e4323b60-toyota-400x200.webp\" alt=\"Importadoras de ve\u00edculos acreditam que reforma da Previd\u00eancia \u00e9 mais importante que UE\"\/><\/a><span class=\"spotlightCategory\"><a href=\"https:\/\/www.suno.com.br\/noticias\/mercado\/\">Mercado<\/a><\/span><\/div><div class=\"cardsPage__listCard__boxs__content\"><a href=\"https:\/\/www.suno.com.br\/noticias\/importadoras-de-veiculos-acreditam-que-reforma-da-previdencia-mais-importante-ue\/\"><h2 class=\"content__title\">Importadoras de ve\u00edculos acreditam que reforma da Previd\u00eancia \u00e9 mais importante que UE<\/h2><\/a><div class=\"newsContent__article__meta\"><div class=\"newsContent__article__meta__authorBox\"><a href=\"https:\/\/www.suno.com.br\/noticias\/author\/juliano\/\" class=\"authorBox__avatar noMobi\"><img src=\"https:\/\/files.sunoresearch.com.br\/n\/uploads\/2019\/06\/7cc3efea-whatsapp-image-2019-07-18-at-21.59.33-e1563499821209-150x150.webp\" alt=\"Juliano Passaro\"><\/a><div class=\"authorBox__name\"><span>por\n\t\t\t<a href=\"https:\/\/www.suno.com.br\/noticias\/author\/juliano\/\"><span itemprop=\"author\">Juliano Passaro<\/span><\/a><\/span><time datetime=\"2019-07-03T14:12:04-03:00\" itemprop=\"datePublished\">03\/07\/2019 14:12<\/time><\/div><\/div><\/div><\/div><\/div>","single_layout":"posts","amp_enabled":true,"_links":{"self":[{"href":"https:\/\/www.suno.com.br\/noticias\/wp-json\/wp\/v2\/posts\/29981"}],"collection":[{"href":"https:\/\/www.suno.com.br\/noticias\/wp-json\/wp\/v2\/posts"}],"about":[{"href":"https:\/\/www.suno.com.br\/noticias\/wp-json\/wp\/v2\/types\/post"}],"author":[{"embeddable":true,"href":"https:\/\/www.suno.com.br\/noticias\/wp-json\/wp\/v2\/users\/19"}],"replies":[{"embeddable":true,"href":"https:\/\/www.suno.com.br\/noticias\/wp-json\/wp\/v2\/comments?post=29981"}],"version-history":[{"count":0,"href":"https:\/\/www.suno.com.br\/noticias\/wp-json\/wp\/v2\/posts\/29981\/revisions"}],"wp:featuredmedia":[{"embeddable":true,"href":"https:\/\/www.suno.com.br\/noticias\/wp-json\/wp\/v2\/media\/12899"}],"wp:attachment":[{"href":"https:\/\/www.suno.com.br\/noticias\/wp-json\/wp\/v2\/media?parent=29981"}],"wp:term":[{"taxonomy":"category","embeddable":true,"href":"https:\/\/www.suno.com.br\/noticias\/wp-json\/wp\/v2\/categories?post=29981"},{"taxonomy":"post_tag","embeddable":true,"href":"https:\/\/www.suno.com.br\/noticias\/wp-json\/wp\/v2\/tags?post=29981"},{"taxonomy":"suno_strategy","embeddable":true,"href":"https:\/\/www.suno.com.br\/noticias\/wp-json\/wp\/v2\/suno_strategy?post=29981"}],"curies":[{"name":"wp","href":"https:\/\/api.w.org\/{rel}","templated":true}]}}