{"id":299784,"date":"2022-09-20T17:30:40","date_gmt":"2022-09-20T20:30:40","guid":{"rendered":"https:\/\/www.suno.com.br\/noticias\/?p=299784"},"modified":"2022-09-20T23:07:28","modified_gmt":"2022-09-21T02:07:28","slug":"copom-manter-selic-mercado-nao-descarta-alta","status":"publish","type":"post","link":"https:\/\/www.suno.com.br\/noticias\/copom-manter-selic-mercado-nao-descarta-alta\/","title":{"rendered":"Copom deve manter Selic em 13,75%, mas mercado n\u00e3o descarta nova alta; veja por qu\u00ea"},"content":{"rendered":"<p>A reuni\u00e3o do\u00a0<a class=\"suno-keyword\" href=\"https:\/\/www.suno.com.br\/artigos\/copom\/\" target=\"_blank\" rel=\"noopener\" data-force=\"no\" data-priority=\"2\">Comit\u00ea de Pol\u00edtica Monet\u00e1ria (Copom)<\/a>,\u00a0do Banco Central, que ir\u00e1 definir reajuste \u00e0\u00a0<a class=\"suno-keyword\" href=\"https:\/\/www.suno.com.br\/artigos\/taxa-de-juros\/\" target=\"_blank\" rel=\"noopener\" data-force=\"no\" data-priority=\"1\">taxa b\u00e1sica de juros<\/a>\u00a0do Brasil, a\u00a0<strong>Selic<\/strong>, come\u00e7ou nesta ter\u00e7a-feira (20). O comunicado oficial sobre a taxa ser\u00e1 divulgado ao mercado na quarta-feira (21), no final da tarde.<\/p>\t<div class=\"wrapper-featured-image\">\n\t\t<figure class=\"spotlightImg\">\n\n\t\t\t<picture>\n\t\t\t\t<source media=\"(max-width: 768px)\" srcset=\"https:\/\/files.sunoresearch.com.br\/n\/uploads\/2022\/06\/copom-400x200.jpg\">\n\t\t\t\t<img loading=\"lazy\" decoding=\"async\" class=\"newsContent__article__imgCapa lazyloadDisabled \" src=\"https:\/\/files.sunoresearch.com.br\/n\/uploads\/2022\/06\/copom-800x450.jpg\" width=\"800\" height=\"450\" alt=\"Copom deve manter Selic em 13,75%, mas mercado n\u00e3o descarta nova alta; veja por qu\u00ea\" fetchpriority=high \/>\n\t\t\t<\/picture>\n\n\t\t\t<figcaption class=\"wp-caption-text wp-caption-text--show\">Copom corta Selic. Foto: Marcello Casal Jr\/Ag\u00eancia Brasil<\/figcaption>\n\t\t<\/figure>\n\t<\/div>\n\n\n\t<p>\n\t\t<a href=\"\" target=\"_blank\" data-element=\"shortcode-suno-banner\" title=\"Banner SUNO, clique e saiba mais\">\n\t\t\t<picture>\n\t\t\t\t<source media=\"(max-width: 500px)\" srcset=\"\">\n\t\t\t\t<img class=\"newsContent__article__imgCapa newsContent__article__imgCapa--banner\"\n\t\t\t\t\tsrc=\"\"\n\t\t\t\t\tdata-promo-id=\"240038\"\t\t\t\t\t\t\t\t\t\t\t\t\t\t\talt=\"\"\n\t\t\t\t>\n\t\t\t<\/picture>\n\t\t<\/a>\n\t<\/p>\n\n\n<p>A estimativa do mercado financeiro, em geral, \u00e9 pela manuten\u00e7\u00e3o da defini\u00e7\u00e3o anterior, de 13,75%. No m\u00e1ximo, poder\u00e1 haver uma alta de 0,25 ponto percentual, patamar que far\u00e1 com que a Selic feche o ano em 14%.<\/p>\n<p>A <strong>ata do Copom<\/strong>, no in\u00edcio de agosto, revelou que o <strong>Banco Central<\/strong> (BC) deve manter a Selic em n\u00edvel elevado por um per\u00edodo \u201csuficientemente longo\u201d.<\/p>\n<p>Na vis\u00e3o de Gustavo Sung, economista chefe da <strong>Suno Research<\/strong>, a expectativa \u00e9 de que o comit\u00ea aumente a <strong>taxa Selic<\/strong> em 25 bps, sem descartar a possibilidade da manuten\u00e7\u00e3o do patamar atual. &#8220;Entendemos que grande parte do mercado precifica a manuten\u00e7\u00e3o da taxa em 13,75% a.a. Por\u00e9m, acreditamos que o Comit\u00ea deveria realizar um ajuste residual. Em ambos os casos, enxergamos o fim do ciclo de alta dos juros&#8221;, diz.<\/p>\n<p>De acordo com Sung, apesar da defla\u00e7\u00e3o do <a href=\"https:\/\/www.suno.com.br\/guias\/ipca\/\">\u00cdndice de Pre\u00e7os ao Consumidor Amplo (IPCA)<\/a> vista recentemente, a premissa \u00e9 de que continua sendo necess\u00e1rio terminar o ciclo de alta para combater a infla\u00e7\u00e3o. &#8220;Apesar da <strong>defla\u00e7\u00e3o do IPCA<\/strong> nos \u00faltimos meses, muito por causa das medidas tribut\u00e1rias e redu\u00e7\u00f5es de pre\u00e7os da Petrobras (PETR4), em agosto, sete dos nove grupos pesquisados registraram alta. Se retirarmos do IPCA os combust\u00edveis e energia, o \u00edndice apresentaria uma varia\u00e7\u00e3o positiva&#8221;, destaca.<\/p>\n<p>Outro fator que corrobora com a aposta do economista \u00e9 que o <strong><a class=\"suno-keyword\" href=\"https:\/\/www.suno.com.br\/artigos\/boletim-focus\/\" target=\"_blank\" rel=\"noopener\" data-force=\"no\" data-priority=\"2\">Boletim Focus<\/a><\/strong> continua a apontar altas na infla\u00e7\u00e3o de 2024, acima da meta do <strong>BC<\/strong> de 3%. Hoje, o mercado j\u00e1 prev\u00ea 3,47% no per\u00edodo.<\/p>\n<p>&#8220;Se a autoridade monet\u00e1ria n\u00e3o quiser perder de vista a converg\u00eancia da infla\u00e7\u00e3o de m\u00e9dio prazo, dar um ajuste residual agora pode ancorar melhorar as expectativas&#8221;, ressalta Gustavo.<\/p>\n<p>Al\u00e9m dessas previs\u00f5es, Sung afirma que o <strong>Copom<\/strong> deve discutir tamb\u00e9m:<\/p>\n<ul>\n<li>Incertezas quanto ao arcabou\u00e7o fiscal brasileiro, com candidatos \u00e0 presid\u00eancia falando da necessidade de uma nova \u00e2ncora fiscal, mas, tamb\u00e9m, de aumentar gastos;<\/li>\n<li>Uma poss\u00edvel alta da taxa de juros nos Estados Unidos, a ser realizada pelo Federal Reserve (Fed) igualmente nesta quarta-feira (21), pode causar volatilidade para o cen\u00e1rio dom\u00e9stico brasileiro.<\/li>\n<\/ul>\n<p>&#8220;O ponto principal para o Banco Central \u00e9 mostrar que a infla\u00e7\u00e3o ir\u00e1 convergir para perto da meta no horizonte relevante &#8211; 2023 e, em menor propor\u00e7\u00e3o, 2024.<br \/>\nCom a chegada das elei\u00e7\u00f5es, as perspectivas de manuten\u00e7\u00e3o dos <a class=\"suno-keyword\" href=\"https:\/\/www.suno.com.br\/artigos\/incentivos-fiscais\/\" target=\"_blank\" rel=\"noopener\" data-force=\"no\" data-priority=\"1\">incentivos fiscais<\/a> em 2023, e, principalmente, as expectativas Focus para infla\u00e7\u00e3o de 2024 estarem subindo acima da meta, um aumento residual de 25 bps poder\u00e1 resguardar o Copom no futuro, al\u00e9m de evitar uma perda de credibilidade&#8221;, finalizou.<\/p>\n<p>Para 41 das 50 institui\u00e7\u00f5es financeiras ouvidas pelo <i>Proje\u00e7\u00f5es Broadcast<\/i>, a taxa deve ser mantida em 13,75% na reuni\u00e3o que come\u00e7a hoje e termina amanh\u00e3, movimento que encerraria o mais longo ciclo de aperto monet\u00e1rio da hist\u00f3ria. No entanto, economistas reconhecem que aumentou o risco de ajuste residual de 0,25 ponto.<\/p>\n<p>Para Lu\u00eds Ot\u00e1vio de Souza Leal, economista-chefe do Banco Alfa, o cen\u00e1rio \u00e9 de manuten\u00e7\u00e3o dos juros em 13,75%, em uma decis\u00e3o que deve ser acompanhada de um discurso duro por parte do BC. O economista reconhece que, diante do aumento das proje\u00e7\u00f5es de infla\u00e7\u00e3o para 2024, o Copom pode optar por um aperto residual como forma de sinalizar ao mercado o seu comprometimento com a meta.<\/p>\n<p>&#8220;O \u00fanico motivo pelo qual eu vejo o risco de um aumento para 14% \u00e9 para refor\u00e7ar n\u00e3o s\u00f3 com palavras, mas com a\u00e7\u00f5es, esse discurso &#8216;hawkish&#8217; (inclina\u00e7\u00e3o por taxas de juros mais altas para conter a infla\u00e7\u00e3o). Em termos de converg\u00eancia da infla\u00e7\u00e3o, n\u00e3o vejo esse 0,25 ponto de diferen\u00e7a ter um impacto relevante, mas poderia ser uma forma de fazer o mercado reverter essa expectativa de 2024&#8221;, diz.<\/p>\n<h2><b>Cen\u00e1rio dividido<\/b><\/h2>\n<p>O economista Silvio Campos Neto, da Tend\u00eancias Consultoria Integrada, espera alta da Selic para 14% em setembro, mas reconhece um &#8220;cen\u00e1rio dividido&#8221; na reuni\u00e3o. &#8220;A possibilidade de encerrar o ciclo em 13,75% est\u00e1 em jogo, at\u00e9 porque os sinais desde o \u00faltimo Copom n\u00e3o foram claros&#8221;, diz.<\/p>\n<p>O economista-chefe da Trafalgar Investimentos, Guilherme Loureiro, afirma que o mais prov\u00e1vel \u00e9 a manuten\u00e7\u00e3o da Selic em 13,75%, embora reconhe\u00e7a o risco de um aumento residual de 0,25 ponto. &#8220;Do ponto de vista pr\u00e1tico, muda pouco, porque a gente est\u00e1 na boca de encerrar o ciclo&#8221;, afirma.<\/p>\n<p>Loureiro pondera que a redu\u00e7\u00e3o das proje\u00e7\u00f5es para a infla\u00e7\u00e3o de 2022 e 2023 no boletim Focus pode comprar um grau de conforto para o BC. Na mesma linha, a perspectiva de melhora do fiscal no curto prazo, com super\u00e1vit prim\u00e1rio este ano, sugeriria um cen\u00e1rio mais tranquilo.<\/p>\n<h2>Infla\u00e7\u00e3o americana pode influenciar poss\u00edvel alta da Selic<\/h2>\n<p>Para a especialista em renda fixa da Blue3 Investimentos, Let\u00edcia Cosenza, o <strong>cen\u00e1rio macroecon\u00f4mico<\/strong> mostra uma preocupa\u00e7\u00e3o mais intensa a respeito da <strong>alta da infla\u00e7\u00e3o<\/strong>. Ela relembra que tr\u00eas dos cinco bancos centrais mais importantes do mundo v\u00e3o tomar suas decis\u00f5es referentes \u00e0s pol\u00edticas monet\u00e1rias em breve, com foco no \u00edndice de infla\u00e7\u00e3o.<\/p>\n<p>Al\u00e9m disso, Cosenza reflete sobre como nos Estados Unidos o <strong>\u00cdndice de Pre\u00e7os ao Consumidor<\/strong> (CPI, na sigla em ingl\u00eas) de agosto ficou acima do esperado, com pre\u00e7os que seguem pressionados. A expectativa do mercado era de uma estabilidade em rela\u00e7\u00e3o a julho. &#8220;O mercado j\u00e1 precifica uma postura mais <em>hawkish<\/em> do Fed na reuni\u00e3o desta semana, de 0,75 p.p, podendo chegar a 1,0 p.p.&#8221;, diz. No Brasil, lembra ela, o BC come\u00e7ou sua pol\u00edtica de subir taxas para conter a infla\u00e7\u00e3o bem antes &#8212; em 2020.<\/p>\n<p><img loading=\"lazy\" decoding=\"async\" class=\"alignnone wp-image-299927 size-large\" src=\"https:\/\/files.sunoresearch.com.br\/n\/uploads\/2022\/09\/grfico-2-1024x683.jpeg\" alt=\"\" width=\"1024\" height=\"683\" srcset=\"https:\/\/files.sunoresearch.com.br\/n\/uploads\/2022\/09\/grfico-2-1024x683.jpeg 1024w, https:\/\/files.sunoresearch.com.br\/n\/uploads\/2022\/09\/grfico-2-300x200.jpeg 300w, https:\/\/files.sunoresearch.com.br\/n\/uploads\/2022\/09\/grfico-2-768x512.jpeg 768w, https:\/\/files.sunoresearch.com.br\/n\/uploads\/2022\/09\/grfico-2-150x100.jpeg 150w, https:\/\/files.sunoresearch.com.br\/n\/uploads\/2022\/09\/grfico-2.jpeg 1200w\" sizes=\"(max-width: 1024px) 100vw, 1024px\" \/><\/p>\n\t<p>\n\t\t<a href=\"https:\/\/lp.suno.com.br\/planilha-controle-gastos\/\" target=\"_blank\" data-element=\"shortcode-suno-banner\" title=\"Banner SUNO, clique e saiba mais\">\n\t\t\t<picture>\n\t\t\t\t<source media=\"(max-width: 500px)\" srcset=\"https:\/\/files.sunoresearch.com.br\/n\/uploads\/2023\/03\/400x300-Planilha-controle-de-gastos.png\">\n\t\t\t\t<img class=\"newsContent__article__imgCapa newsContent__article__imgCapa--banner\"\n\t\t\t\t\tsrc=\"https:\/\/files.sunoresearch.com.br\/n\/uploads\/2023\/03\/1420x240-Planilha-controle-de-gastos.png\"\n\t\t\t\t\tdata-promo-id=\"101751\"\t\t\t\t\t\t\t\t\t\twidth='1420' height='240'\t\t\t\t\talt=\"https:\/\/files.sunoresearch.com.br\/n\/uploads\/2023\/03\/1420x240-Planilha-controle-de-gastos.png\"\n\t\t\t\t>\n\t\t\t<\/picture>\n\t\t<\/a>\n\t<\/p>\n\n\n<p>&#8220;Ent\u00e3o a expectativa \u00e9 de que, apesar de o presidente do BC Roberto<strong>\u00a0Campos Neto<\/strong> ter deixado as portas abertas para um novo aumento de 0,25 p.p, n\u00f3s realmente estamos chegando ao fim do ciclo de alta, fechando 2022 com a Selic de 13,75% a.a.&#8221;, afirma.<\/p>\n<p>Com a infla\u00e7\u00e3o refletindo as medidas do governo e a<strong> redu\u00e7\u00e3o do ICMS<\/strong> sobre combust\u00edvel e energia, ser\u00e1 poss\u00edvel come\u00e7ar a ver uma infla\u00e7\u00e3o mais controlada, segundo Let\u00edcia. &#8220;A expectativa pra este ano \u00e9 fechar com o IPCA na casa dos 6% para o ano que vem, um arrefecimento ainda maior, para a casa dos 5%&#8221;.<\/p>\n<h2>Copom: apesar de\u00a0<em>hawkish<\/em>, a vis\u00e3o ainda \u00e9 positiva<\/h2>\n<p>A percep\u00e7\u00e3o de Davi Lelis, s\u00f3cio da Valor Investimentos, \u00e9 de que, no recado dado pelo Copom na \u00faltima alta, a autoridade monet\u00e1ria estava mantendo essa vis\u00e3o mais positiva de controle inflacion\u00e1rio, mas que avaliava uma poss\u00edvel alta residual na reuni\u00e3o deste m\u00eas. Ou seja, na vis\u00e3o dele, isso quer dizer que n\u00e3o deve ser um aumento muito significativo, dentro da casa de 0,25% a no m\u00e1ximo 0,5%. Ele espera, entretanto, que a Selic mantenha-se 13,75% ao ano.<\/p>\n<p>&#8220;A gente espera um Copom mais <i>hawkish <\/i>ainda, mantendo a taxa de juro real, positiva e acima da infla\u00e7\u00e3o por mais tempo. Nas palavras do pr\u00f3prio presidente do Banco Central, <a class=\"suno-keyword\" href=\"https:\/\/www.suno.com.br\/tudo-sobre\/roberto-campos-neto\/\" target=\"_blank\" rel=\"noopener\" data-force=\"no\" data-priority=\"2\">Roberto Campos Neto<\/a>, o Banco Central deve permanecer ainda vigilante e se manter firme no combate \u00e0 infla\u00e7\u00e3o&#8221;, afirma Davi.<\/p>\n<p>&#8220;Isso mostra que, mesmo com o tom de arrefecimento [da infla\u00e7\u00e3o], o BC deve manter um posicionamento esperando que a infla\u00e7\u00e3o realmente se mostre controlada, tanto pelo lado da demanda, quanto pelo lado da oferta&#8221;, argumenta o s\u00f3cio da Valor. &#8220;Isso envolve cadeias produtivas sendo refeitas e recolocadas, a economia mundial come\u00e7ando a entrar no eixo novamente. Se a guerra da R\u00fassia e da Ucr\u00e2nia ficar perto do final, pode ocorrer um desfecho como o mercado espera.&#8221;<\/p>\n\t<p>\n\t\t<a href=\"https:\/\/lp.suno.com.br\/planilha-da-vida-financeira\/\" target=\"_blank\" data-element=\"shortcode-suno-banner\" title=\"Banner SUNO, clique e saiba mais\">\n\t\t\t<picture>\n\t\t\t\t<source media=\"(max-width: 500px)\" srcset=\"https:\/\/files.sunoresearch.com.br\/n\/uploads\/2023\/04\/400x300-Planilha-vida-financeira-true.png\">\n\t\t\t\t<img class=\"newsContent__article__imgCapa newsContent__article__imgCapa--banner\"\n\t\t\t\t\tsrc=\"https:\/\/files.sunoresearch.com.br\/n\/uploads\/2023\/04\/1420x240-Planilha-vida-financeira-true.png\"\n\t\t\t\t\tdata-promo-id=\"106682\"\t\t\t\t\t\t\t\t\t\twidth='1420' height='240'\t\t\t\t\talt=\"https:\/\/files.sunoresearch.com.br\/n\/uploads\/2023\/04\/1420x240-Planilha-vida-financeira-true.png\"\n\t\t\t\t>\n\t\t\t<\/picture>\n\t\t<\/a>\n\t<\/p>\n\n\n<h2>Selic deve come\u00e7ar a cair no 2\u00ba semestre de 2023<\/h2>\n<p>Em outro \u00e2ngulo, Jo\u00e3o Beck, economista de s\u00f3cio da BR Advisors, diz que, mesmo com a expectativa de manuten\u00e7\u00e3o em 13,75% da Selic, prev\u00ea uma queda de juros iniciando-se no segundo semestre de 2023.<\/p>\n<p>&#8220;O Boletim Focus mostrou queda forte nas expectativas de infla\u00e7\u00e3o: 6,0% em 2022 e 5,0% em 2023; mais um motivo para o BC manter os juros em 13,75%. A expectativa de infla\u00e7\u00e3o nos 12 meses \u00e0 frente, tamb\u00e9m com queda significativa, em breve estar\u00e1 dentro da meta&#8221;, observa.<\/p>\n<p>Beck acredita que, apesar da probabilidade de manuten\u00e7\u00e3o da taxa, o mercado vem esperando sinais no comunicado de quando a taxa come\u00e7a a ceder. Sua previs\u00e3o tamb\u00e9m \u00e9 de um posicionamento mais <em>hawkish<\/em>, como tem sido nas \u00faltimas reuni\u00f5es, &#8220;principalmente jogando peso em cima da <a class=\"suno-keyword\" href=\"https:\/\/www.suno.com.br\/artigos\/politica-fiscal\/\" target=\"_blank\" rel=\"noopener\" data-force=\"no\" data-priority=\"1\">Pol\u00edtica Fiscal<\/a>&#8220;, explica.<\/p>\n<h2>Aumento de juros nos EUA pode pressionar c\u00e2mbio no Brasil<\/h2>\n<p>O economista da Guide Investimentos, Rafael Pacheco, espera que o Copom mantenha a Selic est\u00e1vel e fique assim durante algum tempo. Sua aposta tamb\u00e9m \u00e9 por uma postura <em>hawkish<\/em>, acrescentando que, diante do risco de desancoragem das expectativas para prazos mais longos, ser\u00e1 apropriada a manuten\u00e7\u00e3o da taxa por per\u00edodo \u201csuficientemente prolongado\u201d para a converg\u00eancia da meta no <a class=\"suno-keyword\" href=\"https:\/\/www.suno.com.br\/artigos\/longo-prazo\/\" target=\"_blank\" rel=\"noopener\" data-force=\"no\" data-priority=\"1\">longo prazo<\/a>.<\/p>\n<p>&#8220;N\u00e3o prevemos nova alta, mas, caso ela ocorra, acreditamos que ter\u00e1 um efeito marginal sobre a infla\u00e7\u00e3o e crescimento&#8221;, afirma. &#8220;O efeito maior ser\u00e1 sobre as expectativas de infla\u00e7\u00e3o, de maneira que. para 2024, ela possa come\u00e7ar a se estabilizar e, para 2023, deve seguir em queda. Nossa atual proje\u00e7\u00e3o para as duas vari\u00e1veis considera o cen\u00e1rio de uma Selic a 13,75% no restante do ano e prev\u00ea um IPCA em 2022 de 6% e 4,9% em 2023.<\/p>\n<p>&#8220;Como a <strong><a class=\"suno-keyword\" href=\"https:\/\/www.suno.com.br\/artigos\/politica-monetaria\/\" target=\"_blank\" rel=\"noopener\" data-force=\"no\" data-priority=\"1\">pol\u00edtica monet\u00e1ria<\/a><\/strong> tem efeito defasado de aproximadamente 18 meses, as proje\u00e7\u00f5es para este ano n\u00e3o s\u00e3o alteradas pela decis\u00e3o&#8221;, ressalta.<\/p>\n<p>Dentro do contexto internacional, os BCs das principais economias devem continuar com tom mais hawkish. De acordo com Rafael, &#8220;as decis\u00f5es do Fed devem balizar a de outras autoridades monet\u00e1rias, visto que o Fed tem poder suficiente para causar uma desacelera\u00e7\u00e3o em pre\u00e7os internacionais, como o de commodities&#8221;.<\/p>\n<p>Ou seja, com alta dos juros internacionais, o <strong>c\u00e2mbio<\/strong> do Brasil pode sentir uma press\u00e3o maior, com possibilidades de levar o Copom a acompanhar o movimento dos EUA. A Guide n\u00e3o acredita que isso ocorrer\u00e1, por causa do diferencial de juros j\u00e1 elevados o suficiente para minimizar esse efeito sobre o c\u00e2mbio.<\/p>\n\t<p>\n\t\t<a href=\"https:\/\/lp.suno.com.br\/ebook-como-analisar-uma-acao\/\" target=\"_blank\" data-element=\"shortcode-suno-banner\" title=\"Banner SUNO, clique e saiba mais\">\n\t\t\t<picture>\n\t\t\t\t<source media=\"(max-width: 500px)\" srcset=\"https:\/\/files.sunoresearch.com.br\/n\/uploads\/2023\/03\/Ebook-Acoes-Mobile-1.jpg\">\n\t\t\t\t<img class=\"newsContent__article__imgCapa newsContent__article__imgCapa--banner\"\n\t\t\t\t\tsrc=\"https:\/\/files.sunoresearch.com.br\/n\/uploads\/2023\/03\/Ebook-Acoes-Desktop-1.jpg\"\n\t\t\t\t\tdata-promo-id=\"171998\"\t\t\t\t\t\t\t\t\t\twidth='1420' height='286'\t\t\t\t\talt=\"https:\/\/files.sunoresearch.com.br\/n\/uploads\/2023\/03\/Ebook-Acoes-Desktop-1.jpg\"\n\t\t\t\t>\n\t\t\t<\/picture>\n\t\t<\/a>\n\t<\/p>\n\n\n<h2>Taxa mais alta deve se manter por um per\u00edodo mais longo<\/h2>\n<p>Mesmo com a possibilidade de alta residual na Selic por parte do Copom, Igor Cavaca, head de <a class=\"suno-keyword\" href=\"https:\/\/www.suno.com.br\/artigos\/gestao-de-investimentos\/\" target=\"_blank\" rel=\"noopener\" data-force=\"no\" data-priority=\"1\">gest\u00e3o de investimentos<\/a> da Warren Investimentos, acredita que continuar\u00e1 em 13,75%.<\/p>\n<p>&#8220;Existe a possibilidade de uma alta de 25 pontos adicionais, mas entendemos que, dado o comportamento da infla\u00e7\u00e3o nos \u00faltimos meses, o comit\u00ea n\u00e3o deve optar por uma pol\u00edtica monet\u00e1ria ainda mais contracionista. Em contrapartida, existe um enfoque na meta de 2024, que come\u00e7ou a apresentar leve aumento&#8221;, disse.<\/p>\n<p>Entretanto, Igor ressalta que, caso necess\u00e1rio, a autoridade monet\u00e1ria vai continuar com a taxa Selic em n\u00edveis mais altos por mais tempo em vez de prosseguir com novos aumentos para controle das expectativas de infla\u00e7\u00e3o para 2024.<\/p>\n<p>Em rela\u00e7\u00e3o ao posicionamento, a Warren espera um comportamento neutro, se houver somente a manuten\u00e7\u00e3o da taxa. &#8220;Entretanto, caso opte por um novo aumento da taxa Selic, o Copom ser\u00e1 entendido como <em>hawkish<\/em> pelo mercado, dada a precifica\u00e7\u00e3o dos juros DI muito pr\u00f3ximo de 13,75% para final de 2023&#8243;, disse.<\/p>\n<p>Igor Cavaca afirma que novas altas tendem a impactar negativamente o crescimento econ\u00f4mico e reduzir a infla\u00e7\u00e3o, e j\u00e1 come\u00e7am a ser vistos alguns efeitos da <a class=\"suno-keyword\" href=\"https:\/\/www.suno.com.br\/artigos\/politica-monetaria-contracionista\/\" target=\"_blank\" rel=\"noopener\" data-force=\"no\" data-priority=\"1\">pol\u00edtica monet\u00e1ria contracionista<\/a> no \u00faltimo indicador de vendas do varejo e produ\u00e7\u00e3o industrial. Segundo ele, quanto ao n\u00edvel de pre\u00e7o, o impacto tamb\u00e9m j\u00e1 pode ser sentido nos \u00faltimos tr\u00eas meses. A aten\u00e7\u00e3o se volta para a expectativa de infla\u00e7\u00e3o para 2024 em diante.<\/p>\n<h2>Balan\u00e7a da Selic pende para estabilidade<\/h2>\n<p>Por fim, os analistas do banco de investimentos Goldman Sachs afirmam que h\u00e1 60% de probabilidade de que o Copom mantenha a a taxa b\u00e1sica de juros inalterada em 13,75%, com orienta\u00e7\u00f5es <em>hawkish<\/em>, &#8220;e sugere que a taxa de pol\u00edtica deve permanecer em um n\u00edvel significativamente restritivo por um per\u00edodo de tempo razoavelmente longo&#8221;.<\/p>\n<p>H\u00e1 a avalia\u00e7\u00e3o de uma probabilidade significativa de 40% de um aumento final da taxa de 0,25 ponto percentual, com press\u00f5es de infla\u00e7\u00e3o, atividade real robusta e din\u00e2mica do <a class=\"suno-keyword\" href=\"https:\/\/www.suno.com.br\/artigos\/mercado-de-trabalho\/\" target=\"_blank\" rel=\"noopener\" data-force=\"no\" data-priority=\"2\">mercado de trabalho<\/a>, ligeiro aumento nas expectativas da infla\u00e7\u00e3o para o fim de 2024, persistente incerteza sobre a posi\u00e7\u00e3o fiscal em 2023 e anos subsequentes, sinais de infla\u00e7\u00e3o global intensa e o posicionamento\u00a0<em>hawkish <\/em>do Federal Reserve.<\/p>\n<p>&#8220;Em nossa avalia\u00e7\u00e3o, um aumento final em setembro n\u00e3o moveria a agulha em termos da trajet\u00f3ria de infla\u00e7\u00e3o esperada. Portanto, o valor de um aumento em setembro seria principalmente em termos de refor\u00e7o do sinal de postura monet\u00e1ria hawkish, mas esse sinal poderia ser enviado por um forte compromisso de manter a posi\u00e7\u00e3o monet\u00e1ria significativamente restritiva por um per\u00edodo prolongado de tempo&#8221;, afirmam os analistas a respeito da\u00a0<strong>Selic<\/strong>.<\/p>\n\t<p>\n\t\t<a href=\"https:\/\/lp.suno.com.br\/planilha-de-controle-de-investimentos\/\" target=\"_blank\" data-element=\"shortcode-suno-banner\" title=\"Banner SUNO, clique e saiba mais\">\n\t\t\t<picture>\n\t\t\t\t<source media=\"(max-width: 500px)\" srcset=\"https:\/\/files.sunoresearch.com.br\/n\/uploads\/2023\/03\/400x300-Controle-de-Investimentos.png\">\n\t\t\t\t<img class=\"newsContent__article__imgCapa newsContent__article__imgCapa--banner\"\n\t\t\t\t\tsrc=\"https:\/\/files.sunoresearch.com.br\/n\/uploads\/2023\/03\/1420x240-Controle-de-Investimentos.png\"\n\t\t\t\t\tdata-promo-id=\"75934\"\t\t\t\t\t\t\t\t\t\twidth='1420' height='240'\t\t\t\t\talt=\"https:\/\/files.sunoresearch.com.br\/n\/uploads\/2023\/03\/1420x240-Controle-de-Investimentos.png\"\n\t\t\t\t>\n\t\t\t<\/picture>\n\t\t<\/a>\n\t<\/p>\n\n\n<p><em>(Com informa\u00e7\u00f5es do Estad\u00e3o Conte\u00fado)<\/em><\/p>\n","protected":false},"excerpt":{"rendered":"<p>A reuni\u00e3o do\u00a0Comit\u00ea de Pol\u00edtica Monet\u00e1ria (Copom),\u00a0do Banco Central, que ir\u00e1 definir reajuste \u00e0\u00a0taxa b\u00e1sica de juros\u00a0do Brasil, a\u00a0Selic, come\u00e7ou nesta ter\u00e7a-feira (20). O comunicado oficial sobre a taxa ser\u00e1 divulgado ao mercado na quarta-feira (21), no final da tarde. Copom corta Selic. Foto: Marcello Casal Jr\/Ag\u00eancia Brasil A estimativa do mercado financeiro, em geral, [&hellip;]<\/p>\n","protected":false},"author":146,"featured_media":267838,"comment_status":"closed","ping_status":"closed","sticky":false,"template":"","format":"standard","meta":[],"categories":[62],"tags":[1842,1104,105815,105816,850,1752,290],"suno_strategy":[],"class_list":["post-299784","post","type-post","status-publish","format-standard","has-post-thumbnail","hentry","category-economia","tag-banco-central-bc","tag-copom","tag-especial","tag-especialistas","tag-inflacao","tag-taxa-de-juros","tag-taxa-selic"],"yoast_head":"<!-- This site is optimized with the Yoast SEO plugin v24.4 - https:\/\/yoast.com\/wordpress\/plugins\/seo\/ -->\n<title>Copom deve manter Selic em 13,75%; n\u00e3o est\u00e1 descartada mais uma alta<\/title>\n<meta name=\"description\" content=\"Para a reuni\u00e3o do Copom desta ter\u00e7a (20), o mercado v\u00ea a possibilidade de manuten\u00e7\u00e3o de 13,75% para a taxa Selic. Veja as previs\u00f5es aqui\" \/>\n<meta name=\"robots\" content=\"index, follow, max-snippet:-1, max-image-preview:large, max-video-preview:-1\" \/>\n<link rel=\"canonical\" href=\"https:\/\/www.suno.com.br\/noticias\/copom-manter-selic-mercado-nao-descarta-alta\/\" \/>\n<meta property=\"og:locale\" content=\"pt_BR\" \/>\n<meta property=\"og:type\" content=\"article\" \/>\n<meta property=\"og:title\" content=\"Copom deve manter Selic em 13,75%; n\u00e3o est\u00e1 descartada mais uma alta\" \/>\n<meta property=\"og:description\" content=\"Para a reuni\u00e3o do Copom desta ter\u00e7a (20), o mercado v\u00ea a possibilidade de manuten\u00e7\u00e3o de 13,75% para a taxa Selic. Veja as previs\u00f5es aqui\" \/>\n<meta property=\"og:url\" content=\"https:\/\/www.suno.com.br\/noticias\/copom-manter-selic-mercado-nao-descarta-alta\/\" \/>\n<meta property=\"og:site_name\" content=\"Suno Not\u00edcias\" \/>\n<meta property=\"article:publisher\" content=\"https:\/\/facebook.com\/sunoresearch\" \/>\n<meta property=\"og:image\" content=\"https:\/\/files.sunoresearch.com.br\/n\/uploads\/2022\/06\/copom.jpg\" \/>\n\t<meta property=\"og:image:width\" content=\"1280\" \/>\n\t<meta property=\"og:image:height\" content=\"853\" \/>\n\t<meta property=\"og:image:type\" content=\"image\/jpeg\" \/>\n<meta name=\"author\" content=\"Vict\u00f3ria Anhesini\" \/>\n<meta name=\"twitter:card\" content=\"summary_large_image\" \/>\n<meta name=\"twitter:creator\" content=\"@sunoresearch\" \/>\n<meta name=\"twitter:site\" content=\"@sunoresearch\" \/>\n<meta name=\"twitter:label1\" content=\"Escrito por\" \/>\n\t<meta name=\"twitter:data1\" content=\"Vict\u00f3ria Anhesini\" \/>\n\t<meta name=\"twitter:label2\" content=\"Est. tempo de leitura\" \/>\n\t<meta name=\"twitter:data2\" content=\"12 minutos\" \/>\n<script type=\"application\/ld+json\" class=\"yoast-schema-graph\">{\"@context\":\"https:\/\/schema.org\",\"@graph\":[{\"@type\":\"NewsArticle\",\"@id\":\"https:\/\/www.suno.com.br\/noticias\/copom-manter-selic-mercado-nao-descarta-alta\/#article\",\"isPartOf\":{\"@id\":\"https:\/\/www.suno.com.br\/noticias\/copom-manter-selic-mercado-nao-descarta-alta\/\"},\"author\":{\"name\":\"Vict\u00f3ria Anhesini\",\"@id\":\"https:\/\/www.suno.com.br\/noticias\/#\/schema\/person\/46d847cb19ad53fde0857adca989c23f\"},\"headline\":\"Copom deve manter Selic em 13,75%, mas mercado n\u00e3o descarta nova alta; veja por qu\u00ea\",\"datePublished\":\"2022-09-20T20:30:40+00:00\",\"dateModified\":\"2022-09-21T02:07:28+00:00\",\"mainEntityOfPage\":{\"@id\":\"https:\/\/www.suno.com.br\/noticias\/copom-manter-selic-mercado-nao-descarta-alta\/\"},\"wordCount\":2287,\"publisher\":{\"@id\":\"https:\/\/www.suno.com.br\/noticias\/#organization\"},\"image\":{\"@id\":\"https:\/\/www.suno.com.br\/noticias\/copom-manter-selic-mercado-nao-descarta-alta\/#primaryimage\"},\"thumbnailUrl\":\"https:\/\/files.sunoresearch.com.br\/n\/uploads\/2022\/06\/copom.jpg\",\"keywords\":[\"Banco Central (BC)\",\"Copom\",\"Especiais\",\"Especialistas\",\"infla\u00e7\u00e3o\",\"taxa de juros\",\"Taxa Selic\"],\"articleSection\":[\"Economia\"],\"inLanguage\":\"pt-BR\"},{\"@type\":\"WebPage\",\"@id\":\"https:\/\/www.suno.com.br\/noticias\/copom-manter-selic-mercado-nao-descarta-alta\/\",\"url\":\"https:\/\/www.suno.com.br\/noticias\/copom-manter-selic-mercado-nao-descarta-alta\/\",\"name\":\"Copom deve manter Selic em 13,75%; n\u00e3o est\u00e1 descartada mais uma alta\",\"isPartOf\":{\"@id\":\"https:\/\/www.suno.com.br\/noticias\/#website\"},\"primaryImageOfPage\":{\"@id\":\"https:\/\/www.suno.com.br\/noticias\/copom-manter-selic-mercado-nao-descarta-alta\/#primaryimage\"},\"image\":{\"@id\":\"https:\/\/www.suno.com.br\/noticias\/copom-manter-selic-mercado-nao-descarta-alta\/#primaryimage\"},\"thumbnailUrl\":\"https:\/\/files.sunoresearch.com.br\/n\/uploads\/2022\/06\/copom.jpg\",\"datePublished\":\"2022-09-20T20:30:40+00:00\",\"dateModified\":\"2022-09-21T02:07:28+00:00\",\"description\":\"Para a reuni\u00e3o do Copom desta ter\u00e7a (20), o mercado v\u00ea a possibilidade de manuten\u00e7\u00e3o de 13,75% para a taxa Selic. Veja as previs\u00f5es aqui\",\"breadcrumb\":{\"@id\":\"https:\/\/www.suno.com.br\/noticias\/copom-manter-selic-mercado-nao-descarta-alta\/#breadcrumb\"},\"inLanguage\":\"pt-BR\",\"potentialAction\":[{\"@type\":\"ReadAction\",\"target\":[\"https:\/\/www.suno.com.br\/noticias\/copom-manter-selic-mercado-nao-descarta-alta\/\"]}]},{\"@type\":\"ImageObject\",\"inLanguage\":\"pt-BR\",\"@id\":\"https:\/\/www.suno.com.br\/noticias\/copom-manter-selic-mercado-nao-descarta-alta\/#primaryimage\",\"url\":\"https:\/\/files.sunoresearch.com.br\/n\/uploads\/2022\/06\/copom.jpg\",\"contentUrl\":\"https:\/\/files.sunoresearch.com.br\/n\/uploads\/2022\/06\/copom.jpg\",\"width\":1280,\"height\":853,\"caption\":\"Copom corta Selic. Foto: Marcello Casal Jr\/Ag\u00eancia Brasil\"},{\"@type\":\"BreadcrumbList\",\"@id\":\"https:\/\/www.suno.com.br\/noticias\/copom-manter-selic-mercado-nao-descarta-alta\/#breadcrumb\",\"itemListElement\":[{\"@type\":\"ListItem\",\"position\":1,\"name\":\"Not\u00edcias\",\"item\":\"https:\/\/www.suno.com.br\/noticias\/\"},{\"@type\":\"ListItem\",\"position\":2,\"name\":\"Economia\",\"item\":\"https:\/\/www.suno.com.br\/noticias\/economia\/\"},{\"@type\":\"ListItem\",\"position\":3,\"name\":\"Copom deve manter Selic em 13,75%, mas mercado n\u00e3o descarta nova alta; veja por qu\u00ea\"}]},{\"@type\":\"WebSite\",\"@id\":\"https:\/\/www.suno.com.br\/noticias\/#website\",\"url\":\"https:\/\/www.suno.com.br\/noticias\/\",\"name\":\"Suno Not\u00edcias\",\"description\":\"Seu portal de informa\u00e7\u00e3o sobre o mundo dos investimentos\",\"publisher\":{\"@id\":\"https:\/\/www.suno.com.br\/noticias\/#organization\"},\"potentialAction\":[{\"@type\":\"SearchAction\",\"target\":{\"@type\":\"EntryPoint\",\"urlTemplate\":\"https:\/\/www.suno.com.br\/noticias\/?s={search_term_string}\"},\"query-input\":{\"@type\":\"PropertyValueSpecification\",\"valueRequired\":true,\"valueName\":\"search_term_string\"}}],\"inLanguage\":\"pt-BR\"},{\"@type\":\"Organization\",\"@id\":\"https:\/\/www.suno.com.br\/noticias\/#organization\",\"name\":\"Suno Not\u00edcias\",\"url\":\"https:\/\/www.suno.com.br\/noticias\/\",\"logo\":{\"@type\":\"ImageObject\",\"inLanguage\":\"pt-BR\",\"@id\":\"https:\/\/www.suno.com.br\/noticias\/#\/schema\/logo\/image\/\",\"url\":\"https:\/\/files.sunoresearch.com.br\/n\/uploads\/2021\/09\/suno-logo.png\",\"contentUrl\":\"https:\/\/files.sunoresearch.com.br\/n\/uploads\/2021\/09\/suno-logo.png\",\"width\":180,\"height\":180,\"caption\":\"Suno Not\u00edcias\"},\"image\":{\"@id\":\"https:\/\/www.suno.com.br\/noticias\/#\/schema\/logo\/image\/\"},\"sameAs\":[\"https:\/\/facebook.com\/sunoresearch\",\"https:\/\/x.com\/sunoresearch\",\"https:\/\/www.instagram.com\/suno\",\"https:\/\/www.linkedin.com\/company\/suno-research\/\",\"https:\/\/www.youtube.com\/c\/sunoresearch\"]},{\"@type\":\"Person\",\"@id\":\"https:\/\/www.suno.com.br\/noticias\/#\/schema\/person\/46d847cb19ad53fde0857adca989c23f\",\"name\":\"Vict\u00f3ria Anhesini\",\"image\":{\"@type\":\"ImageObject\",\"inLanguage\":\"pt-BR\",\"@id\":\"https:\/\/www.suno.com.br\/noticias\/#\/schema\/person\/image\/\",\"url\":\"https:\/\/secure.gravatar.com\/avatar\/0172bdfcd9129dd9dd68794804304e6e?s=96&r=g\",\"contentUrl\":\"https:\/\/secure.gravatar.com\/avatar\/0172bdfcd9129dd9dd68794804304e6e?s=96&r=g\",\"caption\":\"Vict\u00f3ria Anhesini\"},\"description\":\"Rep\u00f3rter no Suno Not\u00edcias, cobre mercados, neg\u00f3cios e economia, escrevendo majoritariamente sobre movimentos das empresas, cobertura de balan\u00e7os trimestrais e Bolsa de Valores. Formada em jornalismo pela Universidade Presbiteriana Mackenzie em 2019, passou pelo portal de economia e finan\u00e7as EuQueroInvestir como rep\u00f3rter e anteriormente, trabalhou na assessoria de imprensa PinePR, onde liderou com startups de inova\u00e7\u00e3o, tecnologia e finan\u00e7as. Em seu tempo livre, fala sobre m\u00fasica para ambos os sites do selo ForMusic, Wikimetal e Mad Sound, e faz trabalho volunt\u00e1rio no programa Escreve Cartas do Poupatempo.\",\"sameAs\":[\"https:\/\/www.linkedin.com\/in\/victoria-anhesini\/\"],\"url\":\"https:\/\/www.suno.com.br\/noticias\/author\/victoria\/\"}]}<\/script>\n<!-- \/ Yoast SEO plugin. -->","yoast_head_json":{"title":"Copom deve manter Selic em 13,75%; n\u00e3o est\u00e1 descartada mais uma alta","description":"Para a reuni\u00e3o do Copom desta ter\u00e7a (20), o mercado v\u00ea a possibilidade de manuten\u00e7\u00e3o de 13,75% para a taxa Selic. Veja as previs\u00f5es aqui","robots":{"index":"index","follow":"follow","max-snippet":"max-snippet:-1","max-image-preview":"max-image-preview:large","max-video-preview":"max-video-preview:-1"},"canonical":"https:\/\/www.suno.com.br\/noticias\/copom-manter-selic-mercado-nao-descarta-alta\/","og_locale":"pt_BR","og_type":"article","og_title":"Copom deve manter Selic em 13,75%; n\u00e3o est\u00e1 descartada mais uma alta","og_description":"Para a reuni\u00e3o do Copom desta ter\u00e7a (20), o mercado v\u00ea a possibilidade de manuten\u00e7\u00e3o de 13,75% para a taxa Selic. Veja as previs\u00f5es aqui","og_url":"https:\/\/www.suno.com.br\/noticias\/copom-manter-selic-mercado-nao-descarta-alta\/","og_site_name":"Suno Not\u00edcias","article_publisher":"https:\/\/facebook.com\/sunoresearch","og_image":[{"width":1280,"height":853,"url":"https:\/\/files.sunoresearch.com.br\/n\/uploads\/2022\/06\/copom.jpg","type":"image\/jpeg"}],"author":"Vict\u00f3ria Anhesini","twitter_card":"summary_large_image","twitter_creator":"@sunoresearch","twitter_site":"@sunoresearch","twitter_misc":{"Escrito por":"Vict\u00f3ria Anhesini","Est. tempo de leitura":"12 minutos"},"schema":{"@context":"https:\/\/schema.org","@graph":[{"@type":"NewsArticle","@id":"https:\/\/www.suno.com.br\/noticias\/copom-manter-selic-mercado-nao-descarta-alta\/#article","isPartOf":{"@id":"https:\/\/www.suno.com.br\/noticias\/copom-manter-selic-mercado-nao-descarta-alta\/"},"author":{"name":"Vict\u00f3ria Anhesini","@id":"https:\/\/www.suno.com.br\/noticias\/#\/schema\/person\/46d847cb19ad53fde0857adca989c23f"},"headline":"Copom deve manter Selic em 13,75%, mas mercado n\u00e3o descarta nova alta; veja por qu\u00ea","datePublished":"2022-09-20T20:30:40+00:00","dateModified":"2022-09-21T02:07:28+00:00","mainEntityOfPage":{"@id":"https:\/\/www.suno.com.br\/noticias\/copom-manter-selic-mercado-nao-descarta-alta\/"},"wordCount":2287,"publisher":{"@id":"https:\/\/www.suno.com.br\/noticias\/#organization"},"image":{"@id":"https:\/\/www.suno.com.br\/noticias\/copom-manter-selic-mercado-nao-descarta-alta\/#primaryimage"},"thumbnailUrl":"https:\/\/files.sunoresearch.com.br\/n\/uploads\/2022\/06\/copom.jpg","keywords":["Banco Central (BC)","Copom","Especiais","Especialistas","infla\u00e7\u00e3o","taxa de juros","Taxa Selic"],"articleSection":["Economia"],"inLanguage":"pt-BR"},{"@type":"WebPage","@id":"https:\/\/www.suno.com.br\/noticias\/copom-manter-selic-mercado-nao-descarta-alta\/","url":"https:\/\/www.suno.com.br\/noticias\/copom-manter-selic-mercado-nao-descarta-alta\/","name":"Copom deve manter Selic em 13,75%; n\u00e3o est\u00e1 descartada mais uma alta","isPartOf":{"@id":"https:\/\/www.suno.com.br\/noticias\/#website"},"primaryImageOfPage":{"@id":"https:\/\/www.suno.com.br\/noticias\/copom-manter-selic-mercado-nao-descarta-alta\/#primaryimage"},"image":{"@id":"https:\/\/www.suno.com.br\/noticias\/copom-manter-selic-mercado-nao-descarta-alta\/#primaryimage"},"thumbnailUrl":"https:\/\/files.sunoresearch.com.br\/n\/uploads\/2022\/06\/copom.jpg","datePublished":"2022-09-20T20:30:40+00:00","dateModified":"2022-09-21T02:07:28+00:00","description":"Para a reuni\u00e3o do Copom desta ter\u00e7a (20), o mercado v\u00ea a possibilidade de manuten\u00e7\u00e3o de 13,75% para a taxa Selic. Veja as previs\u00f5es aqui","breadcrumb":{"@id":"https:\/\/www.suno.com.br\/noticias\/copom-manter-selic-mercado-nao-descarta-alta\/#breadcrumb"},"inLanguage":"pt-BR","potentialAction":[{"@type":"ReadAction","target":["https:\/\/www.suno.com.br\/noticias\/copom-manter-selic-mercado-nao-descarta-alta\/"]}]},{"@type":"ImageObject","inLanguage":"pt-BR","@id":"https:\/\/www.suno.com.br\/noticias\/copom-manter-selic-mercado-nao-descarta-alta\/#primaryimage","url":"https:\/\/files.sunoresearch.com.br\/n\/uploads\/2022\/06\/copom.jpg","contentUrl":"https:\/\/files.sunoresearch.com.br\/n\/uploads\/2022\/06\/copom.jpg","width":1280,"height":853,"caption":"Copom corta Selic. Foto: Marcello Casal Jr\/Ag\u00eancia Brasil"},{"@type":"BreadcrumbList","@id":"https:\/\/www.suno.com.br\/noticias\/copom-manter-selic-mercado-nao-descarta-alta\/#breadcrumb","itemListElement":[{"@type":"ListItem","position":1,"name":"Not\u00edcias","item":"https:\/\/www.suno.com.br\/noticias\/"},{"@type":"ListItem","position":2,"name":"Economia","item":"https:\/\/www.suno.com.br\/noticias\/economia\/"},{"@type":"ListItem","position":3,"name":"Copom deve manter Selic em 13,75%, mas mercado n\u00e3o descarta nova alta; veja por qu\u00ea"}]},{"@type":"WebSite","@id":"https:\/\/www.suno.com.br\/noticias\/#website","url":"https:\/\/www.suno.com.br\/noticias\/","name":"Suno Not\u00edcias","description":"Seu portal de informa\u00e7\u00e3o sobre o mundo dos investimentos","publisher":{"@id":"https:\/\/www.suno.com.br\/noticias\/#organization"},"potentialAction":[{"@type":"SearchAction","target":{"@type":"EntryPoint","urlTemplate":"https:\/\/www.suno.com.br\/noticias\/?s={search_term_string}"},"query-input":{"@type":"PropertyValueSpecification","valueRequired":true,"valueName":"search_term_string"}}],"inLanguage":"pt-BR"},{"@type":"Organization","@id":"https:\/\/www.suno.com.br\/noticias\/#organization","name":"Suno Not\u00edcias","url":"https:\/\/www.suno.com.br\/noticias\/","logo":{"@type":"ImageObject","inLanguage":"pt-BR","@id":"https:\/\/www.suno.com.br\/noticias\/#\/schema\/logo\/image\/","url":"https:\/\/files.sunoresearch.com.br\/n\/uploads\/2021\/09\/suno-logo.png","contentUrl":"https:\/\/files.sunoresearch.com.br\/n\/uploads\/2021\/09\/suno-logo.png","width":180,"height":180,"caption":"Suno Not\u00edcias"},"image":{"@id":"https:\/\/www.suno.com.br\/noticias\/#\/schema\/logo\/image\/"},"sameAs":["https:\/\/facebook.com\/sunoresearch","https:\/\/x.com\/sunoresearch","https:\/\/www.instagram.com\/suno","https:\/\/www.linkedin.com\/company\/suno-research\/","https:\/\/www.youtube.com\/c\/sunoresearch"]},{"@type":"Person","@id":"https:\/\/www.suno.com.br\/noticias\/#\/schema\/person\/46d847cb19ad53fde0857adca989c23f","name":"Vict\u00f3ria Anhesini","image":{"@type":"ImageObject","inLanguage":"pt-BR","@id":"https:\/\/www.suno.com.br\/noticias\/#\/schema\/person\/image\/","url":"https:\/\/secure.gravatar.com\/avatar\/0172bdfcd9129dd9dd68794804304e6e?s=96&r=g","contentUrl":"https:\/\/secure.gravatar.com\/avatar\/0172bdfcd9129dd9dd68794804304e6e?s=96&r=g","caption":"Vict\u00f3ria Anhesini"},"description":"Rep\u00f3rter no Suno Not\u00edcias, cobre mercados, neg\u00f3cios e economia, escrevendo majoritariamente sobre movimentos das empresas, cobertura de balan\u00e7os trimestrais e Bolsa de Valores. Formada em jornalismo pela Universidade Presbiteriana Mackenzie em 2019, passou pelo portal de economia e finan\u00e7as EuQueroInvestir como rep\u00f3rter e anteriormente, trabalhou na assessoria de imprensa PinePR, onde liderou com startups de inova\u00e7\u00e3o, tecnologia e finan\u00e7as. Em seu tempo livre, fala sobre m\u00fasica para ambos os sites do selo ForMusic, Wikimetal e Mad Sound, e faz trabalho volunt\u00e1rio no programa Escreve Cartas do Poupatempo.","sameAs":["https:\/\/www.linkedin.com\/in\/victoria-anhesini\/"],"url":"https:\/\/www.suno.com.br\/noticias\/author\/victoria\/"}]}},"default_loop_html":"<div class=\"cardsPage__listCard__boxs\"><div class=\"cardsPage__listCard__boxs__img\"><a href=\"https:\/\/www.suno.com.br\/noticias\/copom-manter-selic-mercado-nao-descarta-alta\/\"><img class=\"mask\" src=\"https:\/\/www.suno.com.br\/noticias\/wp-content\/themes\/suno\/resources\/images\/spotlight\/spotlight1img\/bg-mask.png\" alt=\"Image Mask\"\/><img src=\"https:\/\/files.sunoresearch.com.br\/n\/uploads\/2022\/06\/copom-400x200.jpg\" alt=\"Copom deve manter Selic em 13,75%, mas mercado n\u00e3o descarta nova alta; veja por qu\u00ea\"\/><\/a><span class=\"spotlightCategory\"><a href=\"https:\/\/www.suno.com.br\/noticias\/economia\/\">Economia<\/a><\/span><\/div><div class=\"cardsPage__listCard__boxs__content\"><a href=\"https:\/\/www.suno.com.br\/noticias\/copom-manter-selic-mercado-nao-descarta-alta\/\"><h2 class=\"content__title\">Copom deve manter Selic em 13,75%, mas mercado n\u00e3o descarta nova alta; veja por qu\u00ea<\/h2><\/a><div class=\"newsContent__article__meta\"><div class=\"newsContent__article__meta__authorBox\"><a href=\"https:\/\/www.suno.com.br\/noticias\/author\/victoria\/\" class=\"authorBox__avatar noMobi\"><img src=\"https:\/\/files.sunoresearch.com.br\/n\/uploads\/2021\/12\/20190129VickyPINEAPPLE01-1-150x150.jpg\" alt=\"Vict\u00f3ria Anhesini\"><\/a><div class=\"authorBox__name\"><span>por\n\t\t\t<a href=\"https:\/\/www.suno.com.br\/noticias\/author\/victoria\/\"><span itemprop=\"author\">Vict\u00f3ria Anhesini<\/span><\/a><\/span><time datetime=\"2022-09-20T17:30:40-03:00\" itemprop=\"datePublished\">20\/09\/2022 17:30<\/time><\/div><\/div><\/div><\/div><\/div>","single_layout":"posts","amp_enabled":true,"_links":{"self":[{"href":"https:\/\/www.suno.com.br\/noticias\/wp-json\/wp\/v2\/posts\/299784"}],"collection":[{"href":"https:\/\/www.suno.com.br\/noticias\/wp-json\/wp\/v2\/posts"}],"about":[{"href":"https:\/\/www.suno.com.br\/noticias\/wp-json\/wp\/v2\/types\/post"}],"author":[{"embeddable":true,"href":"https:\/\/www.suno.com.br\/noticias\/wp-json\/wp\/v2\/users\/146"}],"replies":[{"embeddable":true,"href":"https:\/\/www.suno.com.br\/noticias\/wp-json\/wp\/v2\/comments?post=299784"}],"version-history":[{"count":3,"href":"https:\/\/www.suno.com.br\/noticias\/wp-json\/wp\/v2\/posts\/299784\/revisions"}],"predecessor-version":[{"id":300109,"href":"https:\/\/www.suno.com.br\/noticias\/wp-json\/wp\/v2\/posts\/299784\/revisions\/300109"}],"wp:featuredmedia":[{"embeddable":true,"href":"https:\/\/www.suno.com.br\/noticias\/wp-json\/wp\/v2\/media\/267838"}],"wp:attachment":[{"href":"https:\/\/www.suno.com.br\/noticias\/wp-json\/wp\/v2\/media?parent=299784"}],"wp:term":[{"taxonomy":"category","embeddable":true,"href":"https:\/\/www.suno.com.br\/noticias\/wp-json\/wp\/v2\/categories?post=299784"},{"taxonomy":"post_tag","embeddable":true,"href":"https:\/\/www.suno.com.br\/noticias\/wp-json\/wp\/v2\/tags?post=299784"},{"taxonomy":"suno_strategy","embeddable":true,"href":"https:\/\/www.suno.com.br\/noticias\/wp-json\/wp\/v2\/suno_strategy?post=299784"}],"curies":[{"name":"wp","href":"https:\/\/api.w.org\/{rel}","templated":true}]}}