{"id":299653,"date":"2022-09-26T08:27:11","date_gmt":"2022-09-26T11:27:11","guid":{"rendered":"https:\/\/www.suno.com.br\/noticias\/?p=299653"},"modified":"2022-10-24T08:30:54","modified_gmt":"2022-10-24T11:30:54","slug":"perspectivas-dos-fundos-imobiliarios-para-2023","status":"publish","type":"post","link":"https:\/\/www.suno.com.br\/noticias\/perspectivas-dos-fundos-imobiliarios-para-2023\/","title":{"rendered":"Quais as perspectivas para os fundos imobili\u00e1rios em 2023?"},"content":{"rendered":"<p>O mercado de<strong> fundos imobili\u00e1rios<\/strong> passou por \u201cmaus bocados\u201d entre meados de 2021 e durante todo o primeiro semestre de 2022. Com a infla\u00e7\u00e3o em alta, a taxa Selic em 13,75% e a renda fixa cada vez mais atrativa, as cotas dos fundos imobili\u00e1rios ficaram meses em queda. Mas o que esperar de 2023?<\/p>\t<div class=\"wrapper-featured-image\">\n\t\t<figure class=\"spotlightImg\">\n\n\t\t\t<picture>\n\t\t\t\t<source media=\"(max-width: 768px)\" srcset=\"https:\/\/files.sunoresearch.com.br\/n\/uploads\/2022\/09\/fundos-imobiliarios1-400x200.jpg\">\n\t\t\t\t<img loading=\"lazy\" decoding=\"async\" class=\"newsContent__article__imgCapa lazyloadDisabled \" src=\"https:\/\/files.sunoresearch.com.br\/n\/uploads\/2022\/09\/fundos-imobiliarios1-800x450.jpg\" width=\"800\" height=\"450\" alt=\"Quais as perspectivas para os fundos imobili\u00e1rios em 2023?\" fetchpriority=high \/>\n\t\t\t<\/picture>\n\n\t\t\t<figcaption class=\"wp-caption-text wp-caption-text--show\">Fundos imobili\u00e1rios - Fonte: Canva<\/figcaption>\n\t\t<\/figure>\n\t<\/div>\n\n\n\t<p>\n\t\t<a href=\"\" target=\"_blank\" data-element=\"shortcode-suno-banner\" title=\"Banner SUNO, clique e saiba mais\">\n\t\t\t<picture>\n\t\t\t\t<source media=\"(max-width: 500px)\" srcset=\"\">\n\t\t\t\t<img class=\"newsContent__article__imgCapa newsContent__article__imgCapa--banner\"\n\t\t\t\t\tsrc=\"\"\n\t\t\t\t\tdata-promo-id=\"301354\"\t\t\t\t\t\t\t\t\t\t\t\t\t\t\talt=\"\"\n\t\t\t\t>\n\t\t\t<\/picture>\n\t\t<\/a>\n\t<\/p>\n\n\n<p>Os especialistas ouvidos pelo <strong>Suno Not\u00edcias<\/strong> foram un\u00e2nimes: o ano de 2023 tende a ser melhor que o ano atual. A perspectiva de redu\u00e7\u00e3o das taxas de juros, com o fim do ciclo de alta da <a href=\"https:\/\/www.suno.com.br\/noticias\/copom-selic-decisao-juros-setembro-2022\/\"><strong>taxa Selic<\/strong><\/a>, ajuda muito na precifica\u00e7\u00e3o dos fundos imobili\u00e1rios, o que pode contribuir com a valoriza\u00e7\u00e3o das <strong>cotas dos FIIs<\/strong>.<\/p>\n<p>De igual modo, os especialistas tamb\u00e9m concordam que h\u00e1 incertezas no caminho, que podem gerar volatilidade, mas tamb\u00e9m oportunidades.<\/p>\n<p>Uma das possibilidades positivas para 2023 s\u00e3o fundos imobili\u00e1rios com dividendos atrativos, inclusive os fundos de papel &#8211; que investem na d\u00edvida do setor imobili\u00e1rio.<\/p>\n<p>Em outros setores, como fundos de lajes corporativas e FIIs de shoppings, tamb\u00e9m h\u00e1 possibilidades de maiores ganhos.<\/p>\n<p>Isso acontece porque o comportamento do mercado de fundos imobili\u00e1rios est\u00e1 diretamente associado \u00e0 taxa de juros Selic, infla\u00e7\u00e3o (IPCA) e ao PIB.<\/p>\n<p>Por isso, compreender essas vari\u00e1veis s\u00e3o essenciais para fazer qualquer proje\u00e7\u00e3o sobre o ano de 2023.<\/p>\n<p>Esta mat\u00e9ria faz parte da Semana de Fundos Imobili\u00e1rios do Suno Not\u00edcias, que come\u00e7a hoje vai at\u00e9 sexta-feira (30), com o apoio da Guardian, Fator, Mau\u00e1 Capital, TRX e HSI. Voc\u00ea pode <a href=\"http:\/\/www.suno.com.br\/noticias\/tags\/semana-fundos-imobiliarios-fiis\">acompanhar tudo neste link.<\/a><\/p>\n\t<p>\n\t\t<a href=\"\" target=\"_blank\" data-element=\"shortcode-suno-banner\" title=\"Banner SUNO, clique e saiba mais\">\n\t\t\t<picture>\n\t\t\t\t<source media=\"(max-width: 500px)\" srcset=\"\">\n\t\t\t\t<img class=\"newsContent__article__imgCapa newsContent__article__imgCapa--banner\"\n\t\t\t\t\tsrc=\"\"\n\t\t\t\t\tdata-promo-id=\"301355\"\t\t\t\t\t\t\t\t\t\t\t\t\t\t\talt=\"\"\n\t\t\t\t>\n\t\t\t<\/picture>\n\t\t<\/a>\n\t<\/p>\n\n\n<h2>Veja como o macro vai impactar os fundos imobili\u00e1rios<\/h2>\n<p>A expectativa da equipe de economia da XP \u00e9 o <a href=\"https:\/\/www.suno.com.br\/guias\/ipca\/\"><strong>IPCA<\/strong><\/a> fechar o ano de 2022 em 6,1%.<\/p>\n<p>Mesmo com a defla\u00e7\u00e3o no dos \u00faltimos meses, <strong>Maria Fernanda Violatti<\/strong>, que \u00e9 analista CNPI e especialista em FIIs d<strong>a XP, <\/strong>afirma que esse \u00e9 um movimento tempor\u00e1rio, devido \u00e0 redu\u00e7\u00e3o do ICMS que incidiu nos pre\u00e7os dos combust\u00edveis.<\/p>\n<p>O impacto foi no curto prazo, principalmente para os <a href=\"https:\/\/www.suno.com.br\/artigos\/fundos-de-papel\/\"><strong>fundos de papel<\/strong><\/a> com um portf\u00f3lio maior indexado a infla\u00e7\u00e3o.<\/p>\n<p>J\u00e1 sobre o ano que vem, os economistas da XP esperam que 2023 acabe com o IPCA no patamar de 5,3%. Ou seja, a infla\u00e7\u00e3o ainda estar\u00e1 alta e acima da meta do Banco Central, mesmo com uma queda consider\u00e1vel de 2022 para o ano seguinte.<\/p>\n<p>Al\u00e9m disso, a XP projeta que o ano que vem a taxa Selic deve fechar o ano em 10%. Ou seja, a taxa de juros ainda estar\u00e1 alta, ainda que menor que o patamar de 2022.<\/p>\n<p>Portanto, a proje\u00e7\u00e3o dos economistas \u00e9 um cen\u00e1rio de desinfla\u00e7\u00e3o, uma vez que a taxa de juros e outras medidas econ\u00f4micas t\u00eam se mostrado eficazes na redu\u00e7\u00e3o dos pre\u00e7os.<\/p>\n<p>Mas independente disso,<strong> Violatti <\/strong>faz uma proje\u00e7\u00e3o sobre o <strong>mercado de FIIs<\/strong> para o ano que vem, dizendo que \u201cos dividendos dos fundos imobili\u00e1rios ficar\u00e3o em patamares atrativos\u201d.<\/p>\n\t<p>\n\t\t<a href=\"\" target=\"_blank\" data-element=\"shortcode-suno-banner\" title=\"Banner SUNO, clique e saiba mais\">\n\t\t\t<picture>\n\t\t\t\t<source media=\"(max-width: 500px)\" srcset=\"\">\n\t\t\t\t<img class=\"newsContent__article__imgCapa newsContent__article__imgCapa--banner\"\n\t\t\t\t\tsrc=\"\"\n\t\t\t\t\tdata-promo-id=\"301356\"\t\t\t\t\t\t\t\t\t\t\t\t\t\t\talt=\"\"\n\t\t\t\t>\n\t\t\t<\/picture>\n\t\t<\/a>\n\t<\/p>\n\n\n<h2>O que esperar do desempenho dos fundos imobili\u00e1rios?<\/h2>\n<p>Por isso, os <strong>fundos de papel<\/strong> com ativos indexados \u00e0s taxas com os patamares atuais, ainda pagar\u00e3o dividendos nos patamares anualizados de dois d\u00edgitos.<\/p>\n<p>Sim, estar\u00e1 menor que os valores pagos de 2021, mas possivelmente, em 2023, o dividend yield dos fundos imobili\u00e1rios ser\u00e1 muito pr\u00f3ximo deste ano.<\/p>\n<p>Em rela\u00e7\u00e3o aos <a href=\"https:\/\/www.suno.com.br\/noticias\/fiis-de-tijolo-perspectivas-mercado\/\"><strong>fundos de tijolo<\/strong><\/a> &#8211; que investem diretamente em im\u00f3veis &#8211; houve uma oportunidade de compra e ganho de capital no segundo semestre deste ano.<\/p>\n<p>Principalmente ap\u00f3s a declara\u00e7\u00e3o do Banco Central em agosto, que possivelmente o ciclo de alta na taxa de juros, muitos investidores aproveitaram o grande desconto e investiram \u201cpesado\u201d nos fundos de tijolo.<\/p>\n<p>Ou seja, a perspectiva de juros menores foi suficiente para agitar o mercado e abrir boas oportunidades de compra. Por isso,\u00a0ainda este ano, poder\u00e1 existir bastante volatilidade no mercado, principalmente pelo cen\u00e1rio de elei\u00e7\u00f5es e incertezas pol\u00edticas.<\/p>\n<p>J\u00e1 para 2023, Violatti acredita que a reavalia\u00e7\u00e3o dos <strong>im\u00f3veis dos fundos imobili\u00e1rios<\/strong> pode sofrer uma altera\u00e7\u00e3o positiva, principalmente com a redu\u00e7\u00e3o da Selic.<\/p>\n<p>Com juros menores, a tend\u00eancia \u00e9 que os ativos sejam valorizados, contribuindo tamb\u00e9m para a valoriza\u00e7\u00e3o das cotas no mercado secund\u00e1rio.<\/p>\n<p>Embora j\u00e1 em 2022 alguns fundos tenham se valorizado bastante, h\u00e1 espa\u00e7o para encontrar ativos descontados, mas o investidor precisar\u00e1 ter maior cuidado na an\u00e1lise.<\/p>\n<p>De igual modo, a analista da XP n\u00e3o v\u00ea motivos para retirar da parcela de fundos de papel das <strong>carteiras de fundos imobili\u00e1rios<\/strong>.<\/p>\n<p>A analista entende que \u00e9 importante manter a diversifica\u00e7\u00e3o da carteira. De igual modo, \u00e9 necess\u00e1rio ser criterioso na escolha dos fundos de tijolos, considerando que alguns possuem maior potencial de valoriza\u00e7\u00e3o.<\/p>\n\t<p>\n\t\t<a href=\"\" target=\"_blank\" data-element=\"shortcode-suno-banner\" title=\"Banner SUNO, clique e saiba mais\">\n\t\t\t<picture>\n\t\t\t\t<source media=\"(max-width: 500px)\" srcset=\"\">\n\t\t\t\t<img class=\"newsContent__article__imgCapa newsContent__article__imgCapa--banner\"\n\t\t\t\t\tsrc=\"\"\n\t\t\t\t\tdata-promo-id=\"301357\"\t\t\t\t\t\t\t\t\t\t\t\t\t\t\talt=\"\"\n\t\t\t\t>\n\t\t\t<\/picture>\n\t\t<\/a>\n\t<\/p>\n\n\n<h2>Expectativas quanto aos principais segmentos do mercado imobili\u00e1rio<\/h2>\n<p>Alkeos Saroglou, s\u00f3cio da Alta Vista Investimentos, tamb\u00e9m acredita que faz sentido pensar que a taxa Selic continuar\u00e1 alta por um bom tempo.<\/p>\n<p>Deste modo, \u201cos fundos de papel seguem super atrativos e v\u00e3o continuar pagando bem em 2023\u201d, comenta o especialista.<\/p>\n<p>Quanto aos fundos de tijolo, alguns segmentos ainda ter\u00e3o muitos desafios no ano que vem. Neste ponto, o especialista v\u00ea com cautela a valoriza\u00e7\u00e3o dos fundos de <a href=\"https:\/\/www.suno.com.br\/artigos\/lajes-corporativas\/\"><strong>lajes corporativas<\/strong><\/a>.<\/p>\n<p>Em sua perspectiva, os fundos est\u00e3o demorando a reduzir suas vac\u00e2ncias. Por outro lado, os <strong>FIIs de shopping<\/strong> e <strong>fundos de galp\u00f5es log\u00edsticos<\/strong> possuem melhores perspectivas de seguir com novas loca\u00e7\u00f5es e at\u00e9 mesmo com possibilidade de aumentar o pre\u00e7o dos alugu\u00e9is.<\/p>\n<p>Com as perspectivas em rela\u00e7\u00e3o ao dados econ\u00f4micos de 2023, Saroglou disse que as cotas dos fundos de tijolo podem se valorizar ainda mais.<\/p>\n<p>Mas o s\u00f3cio da Alta Vista Investimentos acredita que vai depender de boas surpresas na diminui\u00e7\u00e3o dos juros reais para poder ver a continuidade dessa valoriza\u00e7\u00e3o.<\/p>\n<p>Em um cen\u00e1rio mais positivo de redu\u00e7\u00e3o de infla\u00e7\u00e3o e at\u00e9 mesmo de diminui\u00e7\u00e3o dos pr\u00eamio dos t\u00edtulos p\u00fablicos, os \u201cfundos de tijolo podem seguir se apreciando\u201d, destaca.<\/p>\n<p>Por outro lado, <strong>Rafael Ohmachi<\/strong>, Head de fundos l\u00edquidos da RB Capital Asset v\u00ea boas possibilidades para o segmento de lajes corporativas.<\/p>\n<p>Em sua vis\u00e3o, ainda em 2022 o movimento de \u201cvolta aos escrit\u00f3rios\u201d \u00e9 positivo, com boa perspectiva para 2023, com um vi\u00e9s melhor de recupera\u00e7\u00e3o das aloca\u00e7\u00f5es.<\/p>\n<p>Neste aspecto, o especialista explica que existe pouca oferta de novos ativos nos pr\u00f3ximos 2 anos, com <strong>vac\u00e2ncia<\/strong> elevada acima de 20% em S\u00e3o Paulo, principalmente com o aumento do custo de constru\u00e7\u00e3o e juros altos.<\/p>\n<p>Essa menor oferta de novas lajes pode ajudar a reduzir a vac\u00e2ncia atual.\u00a0Itaim Bibi e Faria Lima a vac\u00e2ncia est\u00e1 em 10%.<\/p>\n<p>Para 2023, as regi\u00f5es mais pr\u00f3ximas podem receber novos inquilinos, valorizando o setor como um todo. Como complemento, os <strong>fundos imobili\u00e1rios de lajes corporativas<\/strong> ainda seguem descontados na bolsa.<\/p>\n\t<p>\n\t\t<a href=\"\" target=\"_blank\" data-element=\"shortcode-suno-banner\" title=\"Banner SUNO, clique e saiba mais\">\n\t\t\t<picture>\n\t\t\t\t<source media=\"(max-width: 500px)\" srcset=\"\">\n\t\t\t\t<img class=\"newsContent__article__imgCapa newsContent__article__imgCapa--banner\"\n\t\t\t\t\tsrc=\"\"\n\t\t\t\t\tdata-promo-id=\"301353\"\t\t\t\t\t\t\t\t\t\t\t\t\t\t\talt=\"\"\n\t\t\t\t>\n\t\t\t<\/picture>\n\t\t<\/a>\n\t<\/p>\n\n\n<h2>Setor log\u00edstico ser\u00e1 est\u00e1vel, enquanto shoppings est\u00e3o &#8220;caros&#8221;<\/h2>\n<p>O especialista da RB Capital acredita que o <strong>setor de galp\u00f5es log\u00edsticos<\/strong> segue est\u00e1vel para 2023. Em sua vis\u00e3o, durante a pandemia, os galp\u00f5es foram beneficiados com loca\u00e7\u00f5es relacionadas ao aquecimento do e-commerce. Atualmente, houve um \u201carrefecimento dessa demanda\u201d, destaca<strong>.<\/strong><\/p>\n<p>Al\u00e9m disso, muitos fundos se \u201caventuraram\u201d com o desenvolvimento de novos galp\u00f5es, aumentando a oferta de loca\u00e7\u00f5es do setor. Por\u00e9m, a expectativa \u00e9 que oferta e demanda do segmento esteja no mesmo patamar para 2023.<\/p>\n<p>J\u00e1 em rela\u00e7\u00e3o ao setor de shoppings centers, \u00a0esse foi o segmento que mais se valorizou em 2022. Em contrapartida, os shoppings foram os que mais sofreram durante a pandemia. Essa retomada do setor foi surpreendente, com alugu\u00e9is praticados com valores acima de 2019, antes da pandemia.<\/p>\n<p>Para o ano que vem, o especialista observa o cen\u00e1rio um pouco diferente, principalmente se o PIB for menor que o deste ano.<\/p>\n<p>No mercado secund\u00e1rio, como os <strong>fundos imobili\u00e1rios de shoppings<\/strong> subiram bastante em 2022 e n\u00e3o est\u00e3o t\u00e3o baratos como no ano passado, \u00e9 preciso analisar com calma o crescimento do setor daqui para frente.<\/p>\n<p>Por fim, a <strong>perspectiva dos FIIs<\/strong> para 2023 ainda possui vari\u00e1veis incertas, \u201cmas com um vi\u00e9s mais positivo\u201d, refor\u00e7a Ohmachi.<\/p>\n<p>Com a Selic caindo para 10% ou 11% at\u00e9 o fim de 2023, o mercado de<strong> fundos imobili\u00e1rios<\/strong> deve ser positivamente impactado, principalmente se os juros entrarem de fato em rota de queda em 2023.<\/p>\n\t<p>\n\t\t<a href=\"\" target=\"_blank\" data-element=\"shortcode-suno-banner\" title=\"Banner SUNO, clique e saiba mais\">\n\t\t\t<picture>\n\t\t\t\t<source media=\"(max-width: 500px)\" srcset=\"\">\n\t\t\t\t<img class=\"newsContent__article__imgCapa newsContent__article__imgCapa--banner\"\n\t\t\t\t\tsrc=\"\"\n\t\t\t\t\tdata-promo-id=\"77050\"\t\t\t\t\t\t\t\t\t\t\t\t\t\t\talt=\"\"\n\t\t\t\t>\n\t\t\t<\/picture>\n\t\t<\/a>\n\t<\/p>\n\n\n","protected":false},"excerpt":{"rendered":"<p>O mercado de fundos imobili\u00e1rios passou por \u201cmaus bocados\u201d entre meados de 2021 e durante todo o primeiro semestre de 2022. Com a infla\u00e7\u00e3o em alta, a taxa Selic em 13,75% e a renda fixa cada vez mais atrativa, as cotas dos fundos imobili\u00e1rios ficaram meses em queda. Mas o que esperar de 2023? Fundos [&hellip;]<\/p>\n","protected":false},"author":172,"featured_media":301401,"comment_status":"closed","ping_status":"closed","sticky":false,"template":"","format":"standard","meta":[],"categories":[66],"tags":[315],"suno_strategy":[],"class_list":["post-299653","post","type-post","status-publish","format-standard","has-post-thumbnail","hentry","category-fiis","tag-fundos-imobiliarios-fiis"],"yoast_head":"<!-- This site is optimized with the Yoast SEO plugin v24.4 - https:\/\/yoast.com\/wordpress\/plugins\/seo\/ -->\n<title>Quais as perspectivas dos fundos imobili\u00e1rios para 2023?<\/title>\n<meta name=\"description\" content=\"O mercado de fundos imobili\u00e1rios passou por \u201cmal bocados\u201d em 2021 e parte de 2022. E agora, o que ser\u00e1 do mercado em 2023? Confira!\" \/>\n<meta name=\"robots\" content=\"index, follow, max-snippet:-1, max-image-preview:large, max-video-preview:-1\" \/>\n<link rel=\"canonical\" href=\"https:\/\/www.suno.com.br\/noticias\/perspectivas-dos-fundos-imobiliarios-para-2023\/\" \/>\n<meta property=\"og:locale\" content=\"pt_BR\" \/>\n<meta property=\"og:type\" content=\"article\" \/>\n<meta property=\"og:title\" content=\"Quais as perspectivas dos fundos imobili\u00e1rios para 2023?\" \/>\n<meta property=\"og:description\" content=\"O mercado de fundos imobili\u00e1rios passou por \u201cmal bocados\u201d em 2021 e parte de 2022. E agora, o que ser\u00e1 do mercado em 2023? Confira!\" \/>\n<meta property=\"og:url\" content=\"https:\/\/www.suno.com.br\/noticias\/perspectivas-dos-fundos-imobiliarios-para-2023\/\" \/>\n<meta property=\"og:site_name\" content=\"Suno Not\u00edcias\" \/>\n<meta property=\"article:publisher\" content=\"https:\/\/facebook.com\/sunoresearch\" \/>\n<meta property=\"og:image\" content=\"https:\/\/files.sunoresearch.com.br\/n\/uploads\/2022\/09\/fundos-imobiliarios1.jpg\" \/>\n\t<meta property=\"og:image:width\" content=\"1200\" \/>\n\t<meta property=\"og:image:height\" content=\"800\" \/>\n\t<meta property=\"og:image:type\" content=\"image\/jpeg\" \/>\n<meta name=\"author\" content=\"Gustavo Bianch\" \/>\n<meta name=\"twitter:card\" content=\"summary_large_image\" \/>\n<meta name=\"twitter:creator\" content=\"@sunoresearch\" \/>\n<meta name=\"twitter:site\" content=\"@sunoresearch\" \/>\n<meta name=\"twitter:label1\" content=\"Escrito por\" \/>\n\t<meta name=\"twitter:data1\" content=\"Gustavo Bianch\" \/>\n\t<meta name=\"twitter:label2\" content=\"Est. tempo de leitura\" \/>\n\t<meta name=\"twitter:data2\" content=\"8 minutos\" \/>\n<script type=\"application\/ld+json\" class=\"yoast-schema-graph\">{\"@context\":\"https:\/\/schema.org\",\"@graph\":[{\"@type\":\"NewsArticle\",\"@id\":\"https:\/\/www.suno.com.br\/noticias\/perspectivas-dos-fundos-imobiliarios-para-2023\/#article\",\"isPartOf\":{\"@id\":\"https:\/\/www.suno.com.br\/noticias\/perspectivas-dos-fundos-imobiliarios-para-2023\/\"},\"author\":{\"name\":\"Gustavo Bianch\",\"@id\":\"https:\/\/www.suno.com.br\/noticias\/#\/schema\/person\/a72c0794bc524e8100a01ae3d3b6becb\"},\"headline\":\"Quais as perspectivas para os fundos imobili\u00e1rios em 2023?\",\"datePublished\":\"2022-09-26T11:27:11+00:00\",\"dateModified\":\"2022-10-24T11:30:54+00:00\",\"mainEntityOfPage\":{\"@id\":\"https:\/\/www.suno.com.br\/noticias\/perspectivas-dos-fundos-imobiliarios-para-2023\/\"},\"wordCount\":1444,\"publisher\":{\"@id\":\"https:\/\/www.suno.com.br\/noticias\/#organization\"},\"image\":{\"@id\":\"https:\/\/www.suno.com.br\/noticias\/perspectivas-dos-fundos-imobiliarios-para-2023\/#primaryimage\"},\"thumbnailUrl\":\"https:\/\/files.sunoresearch.com.br\/n\/uploads\/2022\/09\/fundos-imobiliarios1.jpg\",\"keywords\":[\"Fundos Imobili\u00e1rios (FIIs)\"],\"articleSection\":[\"FIIs\"],\"inLanguage\":\"pt-BR\"},{\"@type\":\"WebPage\",\"@id\":\"https:\/\/www.suno.com.br\/noticias\/perspectivas-dos-fundos-imobiliarios-para-2023\/\",\"url\":\"https:\/\/www.suno.com.br\/noticias\/perspectivas-dos-fundos-imobiliarios-para-2023\/\",\"name\":\"Quais as perspectivas dos fundos imobili\u00e1rios para 2023?\",\"isPartOf\":{\"@id\":\"https:\/\/www.suno.com.br\/noticias\/#website\"},\"primaryImageOfPage\":{\"@id\":\"https:\/\/www.suno.com.br\/noticias\/perspectivas-dos-fundos-imobiliarios-para-2023\/#primaryimage\"},\"image\":{\"@id\":\"https:\/\/www.suno.com.br\/noticias\/perspectivas-dos-fundos-imobiliarios-para-2023\/#primaryimage\"},\"thumbnailUrl\":\"https:\/\/files.sunoresearch.com.br\/n\/uploads\/2022\/09\/fundos-imobiliarios1.jpg\",\"datePublished\":\"2022-09-26T11:27:11+00:00\",\"dateModified\":\"2022-10-24T11:30:54+00:00\",\"description\":\"O mercado de fundos imobili\u00e1rios passou por \u201cmal bocados\u201d em 2021 e parte de 2022. E agora, o que ser\u00e1 do mercado em 2023? Confira!\",\"breadcrumb\":{\"@id\":\"https:\/\/www.suno.com.br\/noticias\/perspectivas-dos-fundos-imobiliarios-para-2023\/#breadcrumb\"},\"inLanguage\":\"pt-BR\",\"potentialAction\":[{\"@type\":\"ReadAction\",\"target\":[\"https:\/\/www.suno.com.br\/noticias\/perspectivas-dos-fundos-imobiliarios-para-2023\/\"]}]},{\"@type\":\"ImageObject\",\"inLanguage\":\"pt-BR\",\"@id\":\"https:\/\/www.suno.com.br\/noticias\/perspectivas-dos-fundos-imobiliarios-para-2023\/#primaryimage\",\"url\":\"https:\/\/files.sunoresearch.com.br\/n\/uploads\/2022\/09\/fundos-imobiliarios1.jpg\",\"contentUrl\":\"https:\/\/files.sunoresearch.com.br\/n\/uploads\/2022\/09\/fundos-imobiliarios1.jpg\",\"width\":1200,\"height\":800,\"caption\":\"Fundos imobili\u00e1rios - Fonte: Canva\"},{\"@type\":\"BreadcrumbList\",\"@id\":\"https:\/\/www.suno.com.br\/noticias\/perspectivas-dos-fundos-imobiliarios-para-2023\/#breadcrumb\",\"itemListElement\":[{\"@type\":\"ListItem\",\"position\":1,\"name\":\"Not\u00edcias\",\"item\":\"https:\/\/www.suno.com.br\/noticias\/\"},{\"@type\":\"ListItem\",\"position\":2,\"name\":\"FIIs\",\"item\":\"https:\/\/www.suno.com.br\/noticias\/fiis\/\"},{\"@type\":\"ListItem\",\"position\":3,\"name\":\"Quais as perspectivas para os fundos imobili\u00e1rios em 2023?\"}]},{\"@type\":\"WebSite\",\"@id\":\"https:\/\/www.suno.com.br\/noticias\/#website\",\"url\":\"https:\/\/www.suno.com.br\/noticias\/\",\"name\":\"Suno Not\u00edcias\",\"description\":\"Seu portal de informa\u00e7\u00e3o sobre o mundo dos investimentos\",\"publisher\":{\"@id\":\"https:\/\/www.suno.com.br\/noticias\/#organization\"},\"potentialAction\":[{\"@type\":\"SearchAction\",\"target\":{\"@type\":\"EntryPoint\",\"urlTemplate\":\"https:\/\/www.suno.com.br\/noticias\/?s={search_term_string}\"},\"query-input\":{\"@type\":\"PropertyValueSpecification\",\"valueRequired\":true,\"valueName\":\"search_term_string\"}}],\"inLanguage\":\"pt-BR\"},{\"@type\":\"Organization\",\"@id\":\"https:\/\/www.suno.com.br\/noticias\/#organization\",\"name\":\"Suno Not\u00edcias\",\"url\":\"https:\/\/www.suno.com.br\/noticias\/\",\"logo\":{\"@type\":\"ImageObject\",\"inLanguage\":\"pt-BR\",\"@id\":\"https:\/\/www.suno.com.br\/noticias\/#\/schema\/logo\/image\/\",\"url\":\"https:\/\/files.sunoresearch.com.br\/n\/uploads\/2021\/09\/suno-logo.png\",\"contentUrl\":\"https:\/\/files.sunoresearch.com.br\/n\/uploads\/2021\/09\/suno-logo.png\",\"width\":180,\"height\":180,\"caption\":\"Suno Not\u00edcias\"},\"image\":{\"@id\":\"https:\/\/www.suno.com.br\/noticias\/#\/schema\/logo\/image\/\"},\"sameAs\":[\"https:\/\/facebook.com\/sunoresearch\",\"https:\/\/x.com\/sunoresearch\",\"https:\/\/www.instagram.com\/suno\",\"https:\/\/www.linkedin.com\/company\/suno-research\/\",\"https:\/\/www.youtube.com\/c\/sunoresearch\"]},{\"@type\":\"Person\",\"@id\":\"https:\/\/www.suno.com.br\/noticias\/#\/schema\/person\/a72c0794bc524e8100a01ae3d3b6becb\",\"name\":\"Gustavo Bianch\",\"image\":{\"@type\":\"ImageObject\",\"inLanguage\":\"pt-BR\",\"@id\":\"https:\/\/www.suno.com.br\/noticias\/#\/schema\/person\/image\/\",\"url\":\"https:\/\/secure.gravatar.com\/avatar\/a8da2835aade1ac6c1eede0339ead827?s=96&r=g\",\"contentUrl\":\"https:\/\/secure.gravatar.com\/avatar\/a8da2835aade1ac6c1eede0339ead827?s=96&r=g\",\"caption\":\"Gustavo Bianch\"},\"description\":\"Jornalista com doutorado pela UFMG e produtor de conte\u00fado da unidade de m\u00eddias da Suno. Tamb\u00e9m trabalha no FIIs.com.br e Funds Explorer, fazendo a cobertura sobre FIIs, Fiagro e FI-Infra.\",\"url\":\"https:\/\/www.suno.com.br\/noticias\/author\/gustavo-silva\/\"}]}<\/script>\n<!-- \/ Yoast SEO plugin. -->","yoast_head_json":{"title":"Quais as perspectivas dos fundos imobili\u00e1rios para 2023?","description":"O mercado de fundos imobili\u00e1rios passou por \u201cmal bocados\u201d em 2021 e parte de 2022. E agora, o que ser\u00e1 do mercado em 2023? Confira!","robots":{"index":"index","follow":"follow","max-snippet":"max-snippet:-1","max-image-preview":"max-image-preview:large","max-video-preview":"max-video-preview:-1"},"canonical":"https:\/\/www.suno.com.br\/noticias\/perspectivas-dos-fundos-imobiliarios-para-2023\/","og_locale":"pt_BR","og_type":"article","og_title":"Quais as perspectivas dos fundos imobili\u00e1rios para 2023?","og_description":"O mercado de fundos imobili\u00e1rios passou por \u201cmal bocados\u201d em 2021 e parte de 2022. E agora, o que ser\u00e1 do mercado em 2023? Confira!","og_url":"https:\/\/www.suno.com.br\/noticias\/perspectivas-dos-fundos-imobiliarios-para-2023\/","og_site_name":"Suno Not\u00edcias","article_publisher":"https:\/\/facebook.com\/sunoresearch","og_image":[{"width":1200,"height":800,"url":"https:\/\/files.sunoresearch.com.br\/n\/uploads\/2022\/09\/fundos-imobiliarios1.jpg","type":"image\/jpeg"}],"author":"Gustavo Bianch","twitter_card":"summary_large_image","twitter_creator":"@sunoresearch","twitter_site":"@sunoresearch","twitter_misc":{"Escrito por":"Gustavo Bianch","Est. tempo de leitura":"8 minutos"},"schema":{"@context":"https:\/\/schema.org","@graph":[{"@type":"NewsArticle","@id":"https:\/\/www.suno.com.br\/noticias\/perspectivas-dos-fundos-imobiliarios-para-2023\/#article","isPartOf":{"@id":"https:\/\/www.suno.com.br\/noticias\/perspectivas-dos-fundos-imobiliarios-para-2023\/"},"author":{"name":"Gustavo Bianch","@id":"https:\/\/www.suno.com.br\/noticias\/#\/schema\/person\/a72c0794bc524e8100a01ae3d3b6becb"},"headline":"Quais as perspectivas para os fundos imobili\u00e1rios em 2023?","datePublished":"2022-09-26T11:27:11+00:00","dateModified":"2022-10-24T11:30:54+00:00","mainEntityOfPage":{"@id":"https:\/\/www.suno.com.br\/noticias\/perspectivas-dos-fundos-imobiliarios-para-2023\/"},"wordCount":1444,"publisher":{"@id":"https:\/\/www.suno.com.br\/noticias\/#organization"},"image":{"@id":"https:\/\/www.suno.com.br\/noticias\/perspectivas-dos-fundos-imobiliarios-para-2023\/#primaryimage"},"thumbnailUrl":"https:\/\/files.sunoresearch.com.br\/n\/uploads\/2022\/09\/fundos-imobiliarios1.jpg","keywords":["Fundos Imobili\u00e1rios (FIIs)"],"articleSection":["FIIs"],"inLanguage":"pt-BR"},{"@type":"WebPage","@id":"https:\/\/www.suno.com.br\/noticias\/perspectivas-dos-fundos-imobiliarios-para-2023\/","url":"https:\/\/www.suno.com.br\/noticias\/perspectivas-dos-fundos-imobiliarios-para-2023\/","name":"Quais as perspectivas dos fundos imobili\u00e1rios para 2023?","isPartOf":{"@id":"https:\/\/www.suno.com.br\/noticias\/#website"},"primaryImageOfPage":{"@id":"https:\/\/www.suno.com.br\/noticias\/perspectivas-dos-fundos-imobiliarios-para-2023\/#primaryimage"},"image":{"@id":"https:\/\/www.suno.com.br\/noticias\/perspectivas-dos-fundos-imobiliarios-para-2023\/#primaryimage"},"thumbnailUrl":"https:\/\/files.sunoresearch.com.br\/n\/uploads\/2022\/09\/fundos-imobiliarios1.jpg","datePublished":"2022-09-26T11:27:11+00:00","dateModified":"2022-10-24T11:30:54+00:00","description":"O mercado de fundos imobili\u00e1rios passou por \u201cmal bocados\u201d em 2021 e parte de 2022. E agora, o que ser\u00e1 do mercado em 2023? Confira!","breadcrumb":{"@id":"https:\/\/www.suno.com.br\/noticias\/perspectivas-dos-fundos-imobiliarios-para-2023\/#breadcrumb"},"inLanguage":"pt-BR","potentialAction":[{"@type":"ReadAction","target":["https:\/\/www.suno.com.br\/noticias\/perspectivas-dos-fundos-imobiliarios-para-2023\/"]}]},{"@type":"ImageObject","inLanguage":"pt-BR","@id":"https:\/\/www.suno.com.br\/noticias\/perspectivas-dos-fundos-imobiliarios-para-2023\/#primaryimage","url":"https:\/\/files.sunoresearch.com.br\/n\/uploads\/2022\/09\/fundos-imobiliarios1.jpg","contentUrl":"https:\/\/files.sunoresearch.com.br\/n\/uploads\/2022\/09\/fundos-imobiliarios1.jpg","width":1200,"height":800,"caption":"Fundos imobili\u00e1rios - Fonte: Canva"},{"@type":"BreadcrumbList","@id":"https:\/\/www.suno.com.br\/noticias\/perspectivas-dos-fundos-imobiliarios-para-2023\/#breadcrumb","itemListElement":[{"@type":"ListItem","position":1,"name":"Not\u00edcias","item":"https:\/\/www.suno.com.br\/noticias\/"},{"@type":"ListItem","position":2,"name":"FIIs","item":"https:\/\/www.suno.com.br\/noticias\/fiis\/"},{"@type":"ListItem","position":3,"name":"Quais as perspectivas para os fundos imobili\u00e1rios em 2023?"}]},{"@type":"WebSite","@id":"https:\/\/www.suno.com.br\/noticias\/#website","url":"https:\/\/www.suno.com.br\/noticias\/","name":"Suno Not\u00edcias","description":"Seu portal de informa\u00e7\u00e3o sobre o mundo dos investimentos","publisher":{"@id":"https:\/\/www.suno.com.br\/noticias\/#organization"},"potentialAction":[{"@type":"SearchAction","target":{"@type":"EntryPoint","urlTemplate":"https:\/\/www.suno.com.br\/noticias\/?s={search_term_string}"},"query-input":{"@type":"PropertyValueSpecification","valueRequired":true,"valueName":"search_term_string"}}],"inLanguage":"pt-BR"},{"@type":"Organization","@id":"https:\/\/www.suno.com.br\/noticias\/#organization","name":"Suno Not\u00edcias","url":"https:\/\/www.suno.com.br\/noticias\/","logo":{"@type":"ImageObject","inLanguage":"pt-BR","@id":"https:\/\/www.suno.com.br\/noticias\/#\/schema\/logo\/image\/","url":"https:\/\/files.sunoresearch.com.br\/n\/uploads\/2021\/09\/suno-logo.png","contentUrl":"https:\/\/files.sunoresearch.com.br\/n\/uploads\/2021\/09\/suno-logo.png","width":180,"height":180,"caption":"Suno Not\u00edcias"},"image":{"@id":"https:\/\/www.suno.com.br\/noticias\/#\/schema\/logo\/image\/"},"sameAs":["https:\/\/facebook.com\/sunoresearch","https:\/\/x.com\/sunoresearch","https:\/\/www.instagram.com\/suno","https:\/\/www.linkedin.com\/company\/suno-research\/","https:\/\/www.youtube.com\/c\/sunoresearch"]},{"@type":"Person","@id":"https:\/\/www.suno.com.br\/noticias\/#\/schema\/person\/a72c0794bc524e8100a01ae3d3b6becb","name":"Gustavo Bianch","image":{"@type":"ImageObject","inLanguage":"pt-BR","@id":"https:\/\/www.suno.com.br\/noticias\/#\/schema\/person\/image\/","url":"https:\/\/secure.gravatar.com\/avatar\/a8da2835aade1ac6c1eede0339ead827?s=96&r=g","contentUrl":"https:\/\/secure.gravatar.com\/avatar\/a8da2835aade1ac6c1eede0339ead827?s=96&r=g","caption":"Gustavo Bianch"},"description":"Jornalista com doutorado pela UFMG e produtor de conte\u00fado da unidade de m\u00eddias da Suno. Tamb\u00e9m trabalha no FIIs.com.br e Funds Explorer, fazendo a cobertura sobre FIIs, Fiagro e FI-Infra.","url":"https:\/\/www.suno.com.br\/noticias\/author\/gustavo-silva\/"}]}},"default_loop_html":"<div class=\"cardsPage__listCard__boxs\"><div class=\"cardsPage__listCard__boxs__img\"><a href=\"https:\/\/www.suno.com.br\/noticias\/perspectivas-dos-fundos-imobiliarios-para-2023\/\"><img class=\"mask\" src=\"https:\/\/www.suno.com.br\/noticias\/wp-content\/themes\/suno\/resources\/images\/spotlight\/spotlight1img\/bg-mask.png\" alt=\"Image Mask\"\/><img src=\"https:\/\/files.sunoresearch.com.br\/n\/uploads\/2022\/09\/fundos-imobiliarios1-400x200.jpg\" alt=\"Quais as perspectivas para os fundos imobili\u00e1rios em 2023?\"\/><\/a><span class=\"spotlightCategory\"><a href=\"https:\/\/www.suno.com.br\/noticias\/fiis\/\">FIIs<\/a><\/span><\/div><div class=\"cardsPage__listCard__boxs__content\"><a href=\"https:\/\/www.suno.com.br\/noticias\/perspectivas-dos-fundos-imobiliarios-para-2023\/\"><h2 class=\"content__title\">Quais as perspectivas para os fundos imobili\u00e1rios em 2023?<\/h2><\/a><div class=\"newsContent__article__meta\"><div class=\"newsContent__article__meta__authorBox\"><a href=\"https:\/\/www.suno.com.br\/noticias\/author\/gustavo-silva\/\" class=\"authorBox__avatar noMobi\"><img src=\"https:\/\/files.sunoresearch.com.br\/n\/uploads\/2024\/06\/41337ec3172142e15d749bd3a95a5216.jpeg\" alt=\"Gustavo Bianch\"><\/a><div class=\"authorBox__name\"><span>por\n\t\t\t<a href=\"https:\/\/www.suno.com.br\/noticias\/author\/gustavo-silva\/\"><span itemprop=\"author\">Gustavo Bianch<\/span><\/a><\/span><time datetime=\"2022-09-26T08:27:11-03:00\" itemprop=\"datePublished\">26\/09\/2022 08:27<\/time><\/div><\/div><\/div><\/div><\/div>","single_layout":"posts","amp_enabled":true,"_links":{"self":[{"href":"https:\/\/www.suno.com.br\/noticias\/wp-json\/wp\/v2\/posts\/299653"}],"collection":[{"href":"https:\/\/www.suno.com.br\/noticias\/wp-json\/wp\/v2\/posts"}],"about":[{"href":"https:\/\/www.suno.com.br\/noticias\/wp-json\/wp\/v2\/types\/post"}],"author":[{"embeddable":true,"href":"https:\/\/www.suno.com.br\/noticias\/wp-json\/wp\/v2\/users\/172"}],"replies":[{"embeddable":true,"href":"https:\/\/www.suno.com.br\/noticias\/wp-json\/wp\/v2\/comments?post=299653"}],"version-history":[{"count":4,"href":"https:\/\/www.suno.com.br\/noticias\/wp-json\/wp\/v2\/posts\/299653\/revisions"}],"predecessor-version":[{"id":301744,"href":"https:\/\/www.suno.com.br\/noticias\/wp-json\/wp\/v2\/posts\/299653\/revisions\/301744"}],"wp:featuredmedia":[{"embeddable":true,"href":"https:\/\/www.suno.com.br\/noticias\/wp-json\/wp\/v2\/media\/301401"}],"wp:attachment":[{"href":"https:\/\/www.suno.com.br\/noticias\/wp-json\/wp\/v2\/media?parent=299653"}],"wp:term":[{"taxonomy":"category","embeddable":true,"href":"https:\/\/www.suno.com.br\/noticias\/wp-json\/wp\/v2\/categories?post=299653"},{"taxonomy":"post_tag","embeddable":true,"href":"https:\/\/www.suno.com.br\/noticias\/wp-json\/wp\/v2\/tags?post=299653"},{"taxonomy":"suno_strategy","embeddable":true,"href":"https:\/\/www.suno.com.br\/noticias\/wp-json\/wp\/v2\/suno_strategy?post=299653"}],"curies":[{"name":"wp","href":"https:\/\/api.w.org\/{rel}","templated":true}]}}