{"id":299617,"date":"2022-09-20T08:13:28","date_gmt":"2022-09-20T11:13:28","guid":{"rendered":"https:\/\/www.suno.com.br\/noticias\/?p=299617"},"modified":"2022-09-20T08:13:28","modified_gmt":"2022-09-20T11:13:28","slug":"fgc-fundo-garantidor-credito","status":"publish","type":"post","link":"https:\/\/www.suno.com.br\/noticias\/fgc-fundo-garantidor-credito\/","title":{"rendered":"FGC quer &#8216;monitorar de perto&#8217; a inadimpl\u00eancia"},"content":{"rendered":"<p>O n\u00edvel de inadimpl\u00eancia nas carteiras dos bancos est\u00e1 sendo acompanhado de perto pelo Fundo Garantidor de Cr\u00e9dito, o <strong>FGC<\/strong>, especialmente com a revis\u00e3o das proje\u00e7\u00f5es do mercado de corte da <a class=\"suno-keyword\" href=\"https:\/\/www.suno.com.br\/artigos\/taxa-selic\/\" target=\"_blank\" rel=\"noopener\" data-force=\"no\" data-priority=\"3\">taxa Selic<\/a> neste segundo semestre, al\u00e9m do aumento da exposi\u00e7\u00e3o dos poupadores \u00e0s institui\u00e7\u00f5es menores.<\/p><div class=\"videoFull \">\n\t\t\t<div class=\"videoWrapper yt-lazyload center\"\n\t\t\t\tdata-width=\"960\"\n\t\t\t\tdata-height=\"540\"\n\t\t\t\tdata-id=\"uK7nxadNgoM\"\n\t\t\t\tdata-alt=\"V\u00eddeo do YouTube - clique para reproduzir\"\n\t\t\t\tdata-logo=\"3\"\n\t\t\t\tdata-imagequality=\"maxres\">\n\t\t\t<\/div>\n\t\t<\/div><script type=\"application\/ld+json\">{\"@context\":\"https:\/\/schema.org\",\"@type\":\"VideoObject\",\"name\":\"MEIRELLES ANUNCIA APOIO A LULA | Ibovespa dispara 2% | Oi (OIBR3) desaba 11% | PETR4 baixa o diesel\",\"description\":\"#lula #meirelles #bolsonaro #elei\u00e7\u00f5es2022 #petrobras #petr4 #diesel #oibr3 #ibovespa #d\u00f3lar #investimentos #livedas19h #Not\u00edcias \ud83d\udc02 #BORABULL!! Seja um investidor mais completo: https:\/\/bit.ly\/Status3AnosLiveNoticias \ud83c\udfd9\ufe0f \ud835\uddd9\ud835\udddc\ud835\udddc \ud835\uddd8\ud835\uddeb\ud835\udde3\ud835\uddd8\ud835\udde5\ud835\udddc\ud835\uddd8\ud835\udde1\ud835\uddd6\ud835\uddd8: \ud835\udde3\ud835\uddee\ud835\uddff\ud835\ude01\ud835\uddf6\ud835\uddf0\ud835\uddf6\ud835\uddfd\ud835\uddf2 \ud835\uddf1\ud835\uddf2 \ud835\ude02\ud835\uddfa\ud835\uddee \ud835\uddf6\ud835\uddfa\ud835\uddf2\ud835\uddff\ud835\ude00\u00e3\ud835\uddfc \ud835\uddfd\ud835\uddff\ud835\uddf2\ud835\ude00\ud835\uddf2\ud835\uddfb\ud835\uddf0\ud835\uddf6\ud835\uddee\ud835\uddf9 \ud835\uddfd\ud835\uddee\ud835\uddff\ud835\uddee \ud835\uddfe\ud835\ude02\ud835\uddf2\ud835\uddfa \ud835\uddf6\ud835\uddfb\ud835\ude03\ud835\uddf2\ud835\ude00\ud835\ude01\ud835\uddf2 \ud835\uddf2\ud835\uddfa \ud835\uddd9\ud835\udddc\ud835\udddc\ud835\ude00 \ud835\uddf2 \ud835\uddfe\ud835\ude02\ud835\uddf2\ud835\uddff \ud835\ude00\ud835\uddf2 \ud835\uddf0\ud835\uddfc\ud835\uddfb\ud835\uddf2\ud835\uddf0\ud835\ude01\ud835\uddee\ud835\uddff \ud835\uddee \ud835\uddf4\ud835\uddff\ud835\uddee\ud835\uddfb\ud835\uddf1\ud835\uddf2\ud835\ude00 \ud835\uddfb\ud835\uddfc\ud835\uddfa\ud835\uddf2\ud835\ude00 \ud835\uddf1\ud835\uddfc \ud835\uddfa\ud835\uddf2\ud835\uddff\ud835\uddf0\ud835\uddee\ud835\uddf1\ud835\uddfc \ud83d\udc49https:\/\/bit.ly\/3qJQuUx \u23f1Minutagem 00:00 Escalada 02:30 Cota\u00e7\u00f5es do dia #IBOV #IFIX #dolar 03:11\u2026\",\"duration\":\"PT36M3S\",\"embedUrl\":\"https:\/\/www.youtube.com\/embed\/uK7nxadNgoM\",\"regionsAllowed\":\"pt-BR\",\"interactionStatistic\":{\"@type\":\"InteractionCounter\",\"interactionType\":{\"@type\":\"WatchAction\"},\"userInteractionCount\":4201},\"thumbnailUrl\":\"https:\/\/i.ytimg.com\/vi\/uK7nxadNgoM\/default.jpg\",\"uploadDate\":\"2022-09-19T22:41:18Z\"}<\/script>\n\n\t<p>\n\t\t<a href=\"\" target=\"_blank\" data-element=\"shortcode-suno-banner\" title=\"Banner SUNO, clique e saiba mais\">\n\t\t\t<picture>\n\t\t\t\t<source media=\"(max-width: 500px)\" srcset=\"\">\n\t\t\t\t<img class=\"newsContent__article__imgCapa newsContent__article__imgCapa--banner\"\n\t\t\t\t\tsrc=\"\"\n\t\t\t\t\tdata-promo-id=\"240038\"\t\t\t\t\t\t\t\t\t\t\t\t\t\t\talt=\"\"\n\t\t\t\t>\n\t\t\t<\/picture>\n\t\t<\/a>\n\t<\/p>\n\n\n<p>O diretor executivo do FGC, Daniel Lima, afirmou que o volume de dep\u00f3sitos entre as institui\u00e7\u00f5es de menor porte &#8211; classificadas pelo Banco Central (BC) como S2, S3, S4 e S5 &#8211; dobrou em pouco mais de dois anos, velocidade nunca vista anteriormente.<\/p>\n<p>Segundo ele, de R$ 1,86 trilh\u00e3o em <strong>dep\u00f3sitos<\/strong> que comp\u00f5e o limite de cobertura do fundo, R$ 320 bilh\u00f5es s\u00e3o de institui\u00e7\u00f5es S2, S3, S4 e S5. Esse risco era de cerca de R$ 150 bilh\u00f5es antes da pandemia, diz Lima.<\/p>\n<p>Criado em 1995, o <strong>fundo garantidor de cr\u00e9dito<\/strong> tem a fun\u00e7\u00e3o e ressarcir depositantes e investidores em caso de interven\u00e7\u00e3o e liquida\u00e7\u00e3o extrajudicial de uma institui\u00e7\u00e3o financeira, respeitando determinados limites de valores.<\/p>\n<p>&#8220;\u00c9 um aumento que precisa ser observado. O risco est\u00e1 crescendo e tem mais dep\u00f3sitos no mercado em institui\u00e7\u00f5es n\u00e3o S1&#8221;, disse Lima.<\/p>\n<p>Ele ponderou que esse crescimento fora do S1 \u00e9 natural, como reflexo da populariza\u00e7\u00e3o de corretoras e distribuidoras de valores mobili\u00e1rios e da agenda de descentraliza\u00e7\u00e3o do mercado.<\/p>\n<p>&#8220;Antes, quem queria captar tinha de gastar muita sola de sapato, agora est\u00e1 mais f\u00e1cil&#8221;, lembrou.<\/p>\n<p>O FGC come\u00e7ou a publicar mensalmente o detalhamento da exposi\u00e7\u00e3o de sua cobertura entre as <a class=\"suno-keyword\" href=\"https:\/\/www.suno.com.br\/artigos\/instituicoes-financeiras\/\" target=\"_blank\" rel=\"noopener\" data-force=\"no\" data-priority=\"1\">institui\u00e7\u00f5es financeiras<\/a> S1 (de porte igual ou superior a 10% do PIB) e as S2 (abaixo desse patamar, mas superior a 1% do PIB). Lima disse que o fundo sempre teve essa vis\u00e3o segmentada de sua exposi\u00e7\u00e3o, mas que resolveu torn\u00e1-la p\u00fablica para aumentar a transpar\u00eancia e dar ferramentas de <a class=\"suno-keyword\" href=\"https:\/\/www.suno.com.br\/artigos\/analise-risco\/\" target=\"_blank\" rel=\"noopener\" data-force=\"no\" data-priority=\"1\">an\u00e1lise de risco<\/a> ao mercado.<\/p>\n<p>Segundo ele, a inadimpl\u00eancia \u00e9 uma quest\u00e3o que tem permeado as preocupa\u00e7\u00f5es de todo o sistema financeiro, que, por sua vez, j\u00e1 vem se preparando para a nova realidade de pelo menos um ano e meio de <strong>infla\u00e7\u00e3o mais alta e de taxa de juro em patamar mais elevado<\/strong>.<\/p>\n<p>&#8220;Temos conversado bastante com as associadas, n\u00e3o enxergamos nenhum risco grande, mas \u00e9 um per\u00edodo em que temos de estar de olho e para ser acompanhado de perto&#8221;, afirmou.<\/p>\n\t<p>\n\t\t<a href=\"https:\/\/lp.suno.com.br\/planilha-controle-gastos\/\" target=\"_blank\" data-element=\"shortcode-suno-banner\" title=\"Banner SUNO, clique e saiba mais\">\n\t\t\t<picture>\n\t\t\t\t<source media=\"(max-width: 500px)\" srcset=\"https:\/\/files.sunoresearch.com.br\/n\/uploads\/2023\/03\/400x300-Planilha-controle-de-gastos.png\">\n\t\t\t\t<img class=\"newsContent__article__imgCapa newsContent__article__imgCapa--banner\"\n\t\t\t\t\tsrc=\"https:\/\/files.sunoresearch.com.br\/n\/uploads\/2023\/03\/1420x240-Planilha-controle-de-gastos.png\"\n\t\t\t\t\tdata-promo-id=\"101751\"\t\t\t\t\t\t\t\t\t\twidth='1420' height='240'\t\t\t\t\talt=\"https:\/\/files.sunoresearch.com.br\/n\/uploads\/2023\/03\/1420x240-Planilha-controle-de-gastos.png\"\n\t\t\t\t>\n\t\t\t<\/picture>\n\t\t<\/a>\n\t<\/p>\n\n\n<h2>Medidas tomadas pelo FGC<\/h2>\n<p>Lima observou ainda que, com a <strong>inadimpl\u00eancia<\/strong> no radar, os bancos anteciparam a gest\u00e3o de suas carteiras, com mudan\u00e7as nas linhas de concess\u00e3o para \u00e0quelas mais seguras, <strong>renegocia\u00e7\u00f5es de contratos<\/strong> e tomada de mais garantias, especialmente de empresas. &#8220;Mas as institui\u00e7\u00f5es ter\u00e3o de trabalhar muito ainda.&#8221;<\/p>\n<p>De olho na sua pr\u00f3pria liquidez, Lima disse que o FGC tem reciclado seu patrim\u00f4nio, tendo vendido metade das matr\u00edculas da carteira de im\u00f3veis do fundo e carteiras de cr\u00e9dito, entre 2020 e 2021.<\/p>\n<p>O executivo afirmou que o <strong>FGC<\/strong> n\u00e3o abre esses n\u00fameros detalhadamente em seu balan\u00e7o, inclusive para preservar a estabilidade do sistema e n\u00e3o gerar especula\u00e7\u00f5es.<\/p>\n<p class=\"newsProviderSignature\">Com Estad\u00e3o Conte\u00fado<\/p>\n\t<p>\n\t\t<a href=\"https:\/\/lp.suno.com.br\/planilha-da-vida-financeira\/\" target=\"_blank\" data-element=\"shortcode-suno-banner\" title=\"Banner SUNO, clique e saiba mais\">\n\t\t\t<picture>\n\t\t\t\t<source media=\"(max-width: 500px)\" srcset=\"https:\/\/files.sunoresearch.com.br\/n\/uploads\/2023\/04\/400x300-Planilha-vida-financeira-true.png\">\n\t\t\t\t<img class=\"newsContent__article__imgCapa newsContent__article__imgCapa--banner\"\n\t\t\t\t\tsrc=\"https:\/\/files.sunoresearch.com.br\/n\/uploads\/2023\/04\/1420x240-Planilha-vida-financeira-true.png\"\n\t\t\t\t\tdata-promo-id=\"106682\"\t\t\t\t\t\t\t\t\t\twidth='1420' height='240'\t\t\t\t\talt=\"https:\/\/files.sunoresearch.com.br\/n\/uploads\/2023\/04\/1420x240-Planilha-vida-financeira-true.png\"\n\t\t\t\t>\n\t\t\t<\/picture>\n\t\t<\/a>\n\t<\/p>\n\n\n","protected":false},"excerpt":{"rendered":"<p>O n\u00edvel de inadimpl\u00eancia nas carteiras dos bancos est\u00e1 sendo acompanhado de perto pelo Fundo Garantidor de Cr\u00e9dito, o FGC, especialmente com a revis\u00e3o das proje\u00e7\u00f5es do mercado de corte da taxa Selic neste segundo semestre, al\u00e9m do aumento da exposi\u00e7\u00e3o dos poupadores \u00e0s institui\u00e7\u00f5es menores. O diretor executivo do FGC, Daniel Lima, afirmou que [&hellip;]<\/p>\n","protected":false},"author":73,"featured_media":139912,"comment_status":"closed","ping_status":"closed","sticky":false,"template":"","format":"standard","meta":[],"categories":[62],"tags":[106444,289,943],"suno_strategy":[],"class_list":["post-299617","post","type-post","status-publish","format-standard","has-post-thumbnail","hentry","category-economia","tag-agencias","tag-bancos","tag-credito"],"yoast_head":"<!-- This site is optimized with the Yoast SEO plugin v24.4 - https:\/\/yoast.com\/wordpress\/plugins\/seo\/ -->\n<title>FGC quer &#039;monitorar de perto&#039; a inadimpl\u00eancia<\/title>\n<meta name=\"description\" content=\"O diretor executivo do FGC, Daniel Lima, afirmou os dep\u00f3sitos em institui\u00e7\u00f5es menores mais do que dobraram em mais de dois anos. Confira!\" \/>\n<meta name=\"robots\" content=\"index, follow, max-snippet:-1, max-image-preview:large, max-video-preview:-1\" \/>\n<link rel=\"canonical\" href=\"https:\/\/www.suno.com.br\/noticias\/fgc-fundo-garantidor-credito\/\" \/>\n<meta property=\"og:locale\" content=\"pt_BR\" \/>\n<meta property=\"og:type\" content=\"article\" \/>\n<meta property=\"og:title\" content=\"FGC quer &#039;monitorar de perto&#039; a inadimpl\u00eancia\" \/>\n<meta property=\"og:description\" content=\"O diretor executivo do FGC, Daniel Lima, afirmou os dep\u00f3sitos em institui\u00e7\u00f5es menores mais do que dobraram em mais de dois anos. Confira!\" \/>\n<meta property=\"og:url\" content=\"https:\/\/www.suno.com.br\/noticias\/fgc-fundo-garantidor-credito\/\" \/>\n<meta property=\"og:site_name\" content=\"Suno Not\u00edcias\" \/>\n<meta property=\"article:publisher\" content=\"https:\/\/facebook.com\/sunoresearch\" \/>\n<meta property=\"og:image\" content=\"https:\/\/files.sunoresearch.com.br\/n\/uploads\/2021\/04\/f9640bf4-ballots-1195056_1920.jpg\" \/>\n\t<meta property=\"og:image:width\" content=\"1920\" \/>\n\t<meta property=\"og:image:height\" content=\"1280\" \/>\n\t<meta property=\"og:image:type\" content=\"image\/jpeg\" \/>\n<meta name=\"author\" content=\"Eduardo Vargas\" \/>\n<meta name=\"twitter:card\" content=\"summary_large_image\" \/>\n<meta name=\"twitter:creator\" content=\"@sunoresearch\" \/>\n<meta name=\"twitter:site\" content=\"@sunoresearch\" \/>\n<meta name=\"twitter:label1\" content=\"Escrito por\" \/>\n\t<meta name=\"twitter:data1\" content=\"Eduardo Vargas\" \/>\n\t<meta name=\"twitter:label2\" content=\"Est. tempo de leitura\" \/>\n\t<meta name=\"twitter:data2\" content=\"3 minutos\" \/>\n<script type=\"application\/ld+json\" class=\"yoast-schema-graph\">{\"@context\":\"https:\/\/schema.org\",\"@graph\":[{\"@type\":\"NewsArticle\",\"@id\":\"https:\/\/www.suno.com.br\/noticias\/fgc-fundo-garantidor-credito\/#article\",\"isPartOf\":{\"@id\":\"https:\/\/www.suno.com.br\/noticias\/fgc-fundo-garantidor-credito\/\"},\"author\":{\"name\":\"Eduardo Vargas\",\"@id\":\"https:\/\/www.suno.com.br\/noticias\/#\/schema\/person\/7f4d362bf3518e76090143ae77bb49a5\"},\"headline\":\"FGC quer &#8216;monitorar de perto&#8217; a inadimpl\u00eancia\",\"datePublished\":\"2022-09-20T11:13:28+00:00\",\"mainEntityOfPage\":{\"@id\":\"https:\/\/www.suno.com.br\/noticias\/fgc-fundo-garantidor-credito\/\"},\"wordCount\":557,\"publisher\":{\"@id\":\"https:\/\/www.suno.com.br\/noticias\/#organization\"},\"image\":{\"@id\":\"https:\/\/www.suno.com.br\/noticias\/fgc-fundo-garantidor-credito\/#primaryimage\"},\"thumbnailUrl\":\"https:\/\/files.sunoresearch.com.br\/n\/uploads\/2021\/04\/f9640bf4-ballots-1195056_1920-jpg.webp\",\"keywords\":[\"Ag\u00eancias\",\"bancos\",\"cr\u00e9dito\"],\"articleSection\":[\"Economia\"],\"inLanguage\":\"pt-BR\"},{\"@type\":\"WebPage\",\"@id\":\"https:\/\/www.suno.com.br\/noticias\/fgc-fundo-garantidor-credito\/\",\"url\":\"https:\/\/www.suno.com.br\/noticias\/fgc-fundo-garantidor-credito\/\",\"name\":\"FGC quer 'monitorar de perto' a inadimpl\u00eancia\",\"isPartOf\":{\"@id\":\"https:\/\/www.suno.com.br\/noticias\/#website\"},\"primaryImageOfPage\":{\"@id\":\"https:\/\/www.suno.com.br\/noticias\/fgc-fundo-garantidor-credito\/#primaryimage\"},\"image\":{\"@id\":\"https:\/\/www.suno.com.br\/noticias\/fgc-fundo-garantidor-credito\/#primaryimage\"},\"thumbnailUrl\":\"https:\/\/files.sunoresearch.com.br\/n\/uploads\/2021\/04\/f9640bf4-ballots-1195056_1920-jpg.webp\",\"datePublished\":\"2022-09-20T11:13:28+00:00\",\"description\":\"O diretor executivo do FGC, Daniel Lima, afirmou os dep\u00f3sitos em institui\u00e7\u00f5es menores mais do que dobraram em mais de dois anos. Confira!\",\"breadcrumb\":{\"@id\":\"https:\/\/www.suno.com.br\/noticias\/fgc-fundo-garantidor-credito\/#breadcrumb\"},\"inLanguage\":\"pt-BR\",\"potentialAction\":[{\"@type\":\"ReadAction\",\"target\":[\"https:\/\/www.suno.com.br\/noticias\/fgc-fundo-garantidor-credito\/\"]}]},{\"@type\":\"ImageObject\",\"inLanguage\":\"pt-BR\",\"@id\":\"https:\/\/www.suno.com.br\/noticias\/fgc-fundo-garantidor-credito\/#primaryimage\",\"url\":\"https:\/\/files.sunoresearch.com.br\/n\/uploads\/2021\/04\/f9640bf4-ballots-1195056_1920-jpg.webp\",\"contentUrl\":\"https:\/\/files.sunoresearch.com.br\/n\/uploads\/2021\/04\/f9640bf4-ballots-1195056_1920-jpg.webp\",\"width\":1920,\"height\":1280,\"caption\":\"IPCA-15 sobe 0,52% em dezembro, fechando 2022 com alta de 5,90%. Foto: Pixabay\"},{\"@type\":\"BreadcrumbList\",\"@id\":\"https:\/\/www.suno.com.br\/noticias\/fgc-fundo-garantidor-credito\/#breadcrumb\",\"itemListElement\":[{\"@type\":\"ListItem\",\"position\":1,\"name\":\"Not\u00edcias\",\"item\":\"https:\/\/www.suno.com.br\/noticias\/\"},{\"@type\":\"ListItem\",\"position\":2,\"name\":\"Economia\",\"item\":\"https:\/\/www.suno.com.br\/noticias\/economia\/\"},{\"@type\":\"ListItem\",\"position\":3,\"name\":\"FGC quer &#8216;monitorar de perto&#8217; a inadimpl\u00eancia\"}]},{\"@type\":\"WebSite\",\"@id\":\"https:\/\/www.suno.com.br\/noticias\/#website\",\"url\":\"https:\/\/www.suno.com.br\/noticias\/\",\"name\":\"Suno Not\u00edcias\",\"description\":\"Seu portal de informa\u00e7\u00e3o sobre o mundo dos investimentos\",\"publisher\":{\"@id\":\"https:\/\/www.suno.com.br\/noticias\/#organization\"},\"potentialAction\":[{\"@type\":\"SearchAction\",\"target\":{\"@type\":\"EntryPoint\",\"urlTemplate\":\"https:\/\/www.suno.com.br\/noticias\/?s={search_term_string}\"},\"query-input\":{\"@type\":\"PropertyValueSpecification\",\"valueRequired\":true,\"valueName\":\"search_term_string\"}}],\"inLanguage\":\"pt-BR\"},{\"@type\":\"Organization\",\"@id\":\"https:\/\/www.suno.com.br\/noticias\/#organization\",\"name\":\"Suno Not\u00edcias\",\"url\":\"https:\/\/www.suno.com.br\/noticias\/\",\"logo\":{\"@type\":\"ImageObject\",\"inLanguage\":\"pt-BR\",\"@id\":\"https:\/\/www.suno.com.br\/noticias\/#\/schema\/logo\/image\/\",\"url\":\"https:\/\/files.sunoresearch.com.br\/n\/uploads\/2021\/09\/suno-logo.png\",\"contentUrl\":\"https:\/\/files.sunoresearch.com.br\/n\/uploads\/2021\/09\/suno-logo.png\",\"width\":180,\"height\":180,\"caption\":\"Suno Not\u00edcias\"},\"image\":{\"@id\":\"https:\/\/www.suno.com.br\/noticias\/#\/schema\/logo\/image\/\"},\"sameAs\":[\"https:\/\/facebook.com\/sunoresearch\",\"https:\/\/x.com\/sunoresearch\",\"https:\/\/www.instagram.com\/suno\",\"https:\/\/www.linkedin.com\/company\/suno-research\/\",\"https:\/\/www.youtube.com\/c\/sunoresearch\"]},{\"@type\":\"Person\",\"@id\":\"https:\/\/www.suno.com.br\/noticias\/#\/schema\/person\/7f4d362bf3518e76090143ae77bb49a5\",\"name\":\"Eduardo Vargas\",\"image\":{\"@type\":\"ImageObject\",\"inLanguage\":\"pt-BR\",\"@id\":\"https:\/\/www.suno.com.br\/noticias\/#\/schema\/person\/image\/\",\"url\":\"https:\/\/secure.gravatar.com\/avatar\/dac340933427a22924c9f99d1eb2e3f2?s=96&r=g\",\"contentUrl\":\"https:\/\/secure.gravatar.com\/avatar\/dac340933427a22924c9f99d1eb2e3f2?s=96&r=g\",\"caption\":\"Eduardo Vargas\"},\"description\":\"Jornalista formado pela UFSC, cobre macroeconomia, neg\u00f3cios e startups para o Suno Not\u00edcias, escrevendo principalmente not\u00edcias sobre o mercado financeiro e a bolsa de valores. No YouTube e no Instagram, \u00e9 respons\u00e1vel pela produ\u00e7\u00e3o de Reels e Shorts do Suno Not\u00edcias. Anteriormente, trabalhou cobrindo economia e cotidiano no ND+ e para o ND, maior jornal impresso de Santa Catarina. Cursou um semestre letivo de Estudos de M\u00eddia na Universidad de Buenos Aires.\",\"url\":\"https:\/\/www.suno.com.br\/noticias\/author\/eduardo-vargas\/\"}]}<\/script>\n<!-- \/ Yoast SEO plugin. -->","yoast_head_json":{"title":"FGC quer 'monitorar de perto' a inadimpl\u00eancia","description":"O diretor executivo do FGC, Daniel Lima, afirmou os dep\u00f3sitos em institui\u00e7\u00f5es menores mais do que dobraram em mais de dois anos. Confira!","robots":{"index":"index","follow":"follow","max-snippet":"max-snippet:-1","max-image-preview":"max-image-preview:large","max-video-preview":"max-video-preview:-1"},"canonical":"https:\/\/www.suno.com.br\/noticias\/fgc-fundo-garantidor-credito\/","og_locale":"pt_BR","og_type":"article","og_title":"FGC quer 'monitorar de perto' a inadimpl\u00eancia","og_description":"O diretor executivo do FGC, Daniel Lima, afirmou os dep\u00f3sitos em institui\u00e7\u00f5es menores mais do que dobraram em mais de dois anos. Confira!","og_url":"https:\/\/www.suno.com.br\/noticias\/fgc-fundo-garantidor-credito\/","og_site_name":"Suno Not\u00edcias","article_publisher":"https:\/\/facebook.com\/sunoresearch","og_image":[{"width":1920,"height":1280,"url":"https:\/\/files.sunoresearch.com.br\/n\/uploads\/2021\/04\/f9640bf4-ballots-1195056_1920.jpg","type":"image\/jpeg"}],"author":"Eduardo Vargas","twitter_card":"summary_large_image","twitter_creator":"@sunoresearch","twitter_site":"@sunoresearch","twitter_misc":{"Escrito por":"Eduardo Vargas","Est. tempo de leitura":"3 minutos"},"schema":{"@context":"https:\/\/schema.org","@graph":[{"@type":"NewsArticle","@id":"https:\/\/www.suno.com.br\/noticias\/fgc-fundo-garantidor-credito\/#article","isPartOf":{"@id":"https:\/\/www.suno.com.br\/noticias\/fgc-fundo-garantidor-credito\/"},"author":{"name":"Eduardo Vargas","@id":"https:\/\/www.suno.com.br\/noticias\/#\/schema\/person\/7f4d362bf3518e76090143ae77bb49a5"},"headline":"FGC quer &#8216;monitorar de perto&#8217; a inadimpl\u00eancia","datePublished":"2022-09-20T11:13:28+00:00","mainEntityOfPage":{"@id":"https:\/\/www.suno.com.br\/noticias\/fgc-fundo-garantidor-credito\/"},"wordCount":557,"publisher":{"@id":"https:\/\/www.suno.com.br\/noticias\/#organization"},"image":{"@id":"https:\/\/www.suno.com.br\/noticias\/fgc-fundo-garantidor-credito\/#primaryimage"},"thumbnailUrl":"https:\/\/files.sunoresearch.com.br\/n\/uploads\/2021\/04\/f9640bf4-ballots-1195056_1920-jpg.webp","keywords":["Ag\u00eancias","bancos","cr\u00e9dito"],"articleSection":["Economia"],"inLanguage":"pt-BR"},{"@type":"WebPage","@id":"https:\/\/www.suno.com.br\/noticias\/fgc-fundo-garantidor-credito\/","url":"https:\/\/www.suno.com.br\/noticias\/fgc-fundo-garantidor-credito\/","name":"FGC quer 'monitorar de perto' a inadimpl\u00eancia","isPartOf":{"@id":"https:\/\/www.suno.com.br\/noticias\/#website"},"primaryImageOfPage":{"@id":"https:\/\/www.suno.com.br\/noticias\/fgc-fundo-garantidor-credito\/#primaryimage"},"image":{"@id":"https:\/\/www.suno.com.br\/noticias\/fgc-fundo-garantidor-credito\/#primaryimage"},"thumbnailUrl":"https:\/\/files.sunoresearch.com.br\/n\/uploads\/2021\/04\/f9640bf4-ballots-1195056_1920-jpg.webp","datePublished":"2022-09-20T11:13:28+00:00","description":"O diretor executivo do FGC, Daniel Lima, afirmou os dep\u00f3sitos em institui\u00e7\u00f5es menores mais do que dobraram em mais de dois anos. Confira!","breadcrumb":{"@id":"https:\/\/www.suno.com.br\/noticias\/fgc-fundo-garantidor-credito\/#breadcrumb"},"inLanguage":"pt-BR","potentialAction":[{"@type":"ReadAction","target":["https:\/\/www.suno.com.br\/noticias\/fgc-fundo-garantidor-credito\/"]}]},{"@type":"ImageObject","inLanguage":"pt-BR","@id":"https:\/\/www.suno.com.br\/noticias\/fgc-fundo-garantidor-credito\/#primaryimage","url":"https:\/\/files.sunoresearch.com.br\/n\/uploads\/2021\/04\/f9640bf4-ballots-1195056_1920-jpg.webp","contentUrl":"https:\/\/files.sunoresearch.com.br\/n\/uploads\/2021\/04\/f9640bf4-ballots-1195056_1920-jpg.webp","width":1920,"height":1280,"caption":"IPCA-15 sobe 0,52% em dezembro, fechando 2022 com alta de 5,90%. Foto: Pixabay"},{"@type":"BreadcrumbList","@id":"https:\/\/www.suno.com.br\/noticias\/fgc-fundo-garantidor-credito\/#breadcrumb","itemListElement":[{"@type":"ListItem","position":1,"name":"Not\u00edcias","item":"https:\/\/www.suno.com.br\/noticias\/"},{"@type":"ListItem","position":2,"name":"Economia","item":"https:\/\/www.suno.com.br\/noticias\/economia\/"},{"@type":"ListItem","position":3,"name":"FGC quer &#8216;monitorar de perto&#8217; a inadimpl\u00eancia"}]},{"@type":"WebSite","@id":"https:\/\/www.suno.com.br\/noticias\/#website","url":"https:\/\/www.suno.com.br\/noticias\/","name":"Suno Not\u00edcias","description":"Seu portal de informa\u00e7\u00e3o sobre o mundo dos investimentos","publisher":{"@id":"https:\/\/www.suno.com.br\/noticias\/#organization"},"potentialAction":[{"@type":"SearchAction","target":{"@type":"EntryPoint","urlTemplate":"https:\/\/www.suno.com.br\/noticias\/?s={search_term_string}"},"query-input":{"@type":"PropertyValueSpecification","valueRequired":true,"valueName":"search_term_string"}}],"inLanguage":"pt-BR"},{"@type":"Organization","@id":"https:\/\/www.suno.com.br\/noticias\/#organization","name":"Suno Not\u00edcias","url":"https:\/\/www.suno.com.br\/noticias\/","logo":{"@type":"ImageObject","inLanguage":"pt-BR","@id":"https:\/\/www.suno.com.br\/noticias\/#\/schema\/logo\/image\/","url":"https:\/\/files.sunoresearch.com.br\/n\/uploads\/2021\/09\/suno-logo.png","contentUrl":"https:\/\/files.sunoresearch.com.br\/n\/uploads\/2021\/09\/suno-logo.png","width":180,"height":180,"caption":"Suno Not\u00edcias"},"image":{"@id":"https:\/\/www.suno.com.br\/noticias\/#\/schema\/logo\/image\/"},"sameAs":["https:\/\/facebook.com\/sunoresearch","https:\/\/x.com\/sunoresearch","https:\/\/www.instagram.com\/suno","https:\/\/www.linkedin.com\/company\/suno-research\/","https:\/\/www.youtube.com\/c\/sunoresearch"]},{"@type":"Person","@id":"https:\/\/www.suno.com.br\/noticias\/#\/schema\/person\/7f4d362bf3518e76090143ae77bb49a5","name":"Eduardo Vargas","image":{"@type":"ImageObject","inLanguage":"pt-BR","@id":"https:\/\/www.suno.com.br\/noticias\/#\/schema\/person\/image\/","url":"https:\/\/secure.gravatar.com\/avatar\/dac340933427a22924c9f99d1eb2e3f2?s=96&r=g","contentUrl":"https:\/\/secure.gravatar.com\/avatar\/dac340933427a22924c9f99d1eb2e3f2?s=96&r=g","caption":"Eduardo Vargas"},"description":"Jornalista formado pela UFSC, cobre macroeconomia, neg\u00f3cios e startups para o Suno Not\u00edcias, escrevendo principalmente not\u00edcias sobre o mercado financeiro e a bolsa de valores. No YouTube e no Instagram, \u00e9 respons\u00e1vel pela produ\u00e7\u00e3o de Reels e Shorts do Suno Not\u00edcias. Anteriormente, trabalhou cobrindo economia e cotidiano no ND+ e para o ND, maior jornal impresso de Santa Catarina. Cursou um semestre letivo de Estudos de M\u00eddia na Universidad de Buenos Aires.","url":"https:\/\/www.suno.com.br\/noticias\/author\/eduardo-vargas\/"}]}},"default_loop_html":"<div class=\"cardsPage__listCard__boxs\"><div class=\"cardsPage__listCard__boxs__img\"><a href=\"https:\/\/www.suno.com.br\/noticias\/fgc-fundo-garantidor-credito\/\"><img class=\"mask\" src=\"https:\/\/www.suno.com.br\/noticias\/wp-content\/themes\/suno\/resources\/images\/spotlight\/spotlight1img\/bg-mask.png\" alt=\"Image Mask\"\/><img src=\"https:\/\/files.sunoresearch.com.br\/n\/uploads\/2021\/04\/f9640bf4-ballots-1195056_1920-400x200.webp\" alt=\"FGC quer &#8216;monitorar de perto&#8217; a inadimpl\u00eancia\"\/><\/a><span class=\"spotlightCategory\"><a href=\"https:\/\/www.suno.com.br\/noticias\/economia\/\">Economia<\/a><\/span><\/div><div class=\"cardsPage__listCard__boxs__content\"><a href=\"https:\/\/www.suno.com.br\/noticias\/fgc-fundo-garantidor-credito\/\"><h2 class=\"content__title\">FGC quer &#8216;monitorar de perto&#8217; a inadimpl\u00eancia<\/h2><\/a><div class=\"newsContent__article__meta\"><div class=\"newsContent__article__meta__authorBox\"><a href=\"https:\/\/www.suno.com.br\/noticias\/author\/eduardo-vargas\/\" class=\"authorBox__avatar noMobi\"><img src=\"https:\/\/secure.gravatar.com\/avatar\/dac340933427a22924c9f99d1eb2e3f2?s=96&#038;r=g\" alt=\"Eduardo Vargas\"><\/a><div class=\"authorBox__name\"><span>por\n\t\t\t<a href=\"https:\/\/www.suno.com.br\/noticias\/author\/eduardo-vargas\/\"><span itemprop=\"author\">Eduardo Vargas<\/span><\/a><\/span><time datetime=\"2022-09-20T08:13:28-03:00\" itemprop=\"datePublished\">20\/09\/2022 08:13<\/time><\/div><\/div><\/div><\/div><\/div>","single_layout":"posts","amp_enabled":true,"_links":{"self":[{"href":"https:\/\/www.suno.com.br\/noticias\/wp-json\/wp\/v2\/posts\/299617"}],"collection":[{"href":"https:\/\/www.suno.com.br\/noticias\/wp-json\/wp\/v2\/posts"}],"about":[{"href":"https:\/\/www.suno.com.br\/noticias\/wp-json\/wp\/v2\/types\/post"}],"author":[{"embeddable":true,"href":"https:\/\/www.suno.com.br\/noticias\/wp-json\/wp\/v2\/users\/73"}],"replies":[{"embeddable":true,"href":"https:\/\/www.suno.com.br\/noticias\/wp-json\/wp\/v2\/comments?post=299617"}],"version-history":[{"count":2,"href":"https:\/\/www.suno.com.br\/noticias\/wp-json\/wp\/v2\/posts\/299617\/revisions"}],"predecessor-version":[{"id":299634,"href":"https:\/\/www.suno.com.br\/noticias\/wp-json\/wp\/v2\/posts\/299617\/revisions\/299634"}],"wp:featuredmedia":[{"embeddable":true,"href":"https:\/\/www.suno.com.br\/noticias\/wp-json\/wp\/v2\/media\/139912"}],"wp:attachment":[{"href":"https:\/\/www.suno.com.br\/noticias\/wp-json\/wp\/v2\/media?parent=299617"}],"wp:term":[{"taxonomy":"category","embeddable":true,"href":"https:\/\/www.suno.com.br\/noticias\/wp-json\/wp\/v2\/categories?post=299617"},{"taxonomy":"post_tag","embeddable":true,"href":"https:\/\/www.suno.com.br\/noticias\/wp-json\/wp\/v2\/tags?post=299617"},{"taxonomy":"suno_strategy","embeddable":true,"href":"https:\/\/www.suno.com.br\/noticias\/wp-json\/wp\/v2\/suno_strategy?post=299617"}],"curies":[{"name":"wp","href":"https:\/\/api.w.org\/{rel}","templated":true}]}}