{"id":29960,"date":"2019-07-03T12:44:31","date_gmt":"2019-07-03T15:44:31","guid":{"rendered":"https:\/\/www.suno.com.br\/noticias\/?p=29960"},"modified":"2019-07-03T12:44:31","modified_gmt":"2019-07-03T15:44:31","slug":"desemprego-medo-aumenta-satisfacao-vida-diminui","status":"publish","type":"post","link":"https:\/\/www.suno.com.br\/noticias\/desemprego-medo-aumenta-satisfacao-vida-diminui\/","title":{"rendered":"Medo do desemprego aumenta e satisfa\u00e7\u00e3o com a vida diminui entre brasileiros"},"content":{"rendered":"<p>Conforme a pesquisa da<strong> <a href=\"http:\/\/www.portaldaindustria.com.br\/cni\/en\/\">Confedera\u00e7\u00e3o Nacional da Industria<\/a><\/strong> (CNI), entre os brasileiros o medo do desemprego aumentou. Al\u00e9m disso, a pesquisa demonstra que a <strong>satisfa\u00e7\u00e3o<\/strong> com a vida diminuiu. A an\u00e1lise foi divulgada nesta quarta-feira (3).<\/p>\t<div class=\"wrapper-featured-image\">\n\t\t<figure class=\"spotlightImg\">\n\n\t\t\t<picture>\n\t\t\t\t<source media=\"(max-width: 768px)\" srcset=\"https:\/\/files.sunoresearch.com.br\/n\/uploads\/2019\/03\/cf0fd1b8-desemprego-400x200.webp\">\n\t\t\t\t<img loading=\"lazy\" decoding=\"async\" class=\"newsContent__article__imgCapa lazyloadDisabled newsContent__article__imgCapa--noCaption\" src=\"https:\/\/files.sunoresearch.com.br\/n\/uploads\/2019\/03\/cf0fd1b8-desemprego-800x450.webp\" width=\"800\" height=\"450\" alt=\"Medo do desemprego aumenta e satisfa\u00e7\u00e3o com a vida diminui entre brasileiros\" fetchpriority=high \/>\n\t\t\t<\/picture>\n\n\t\t\t<figcaption class=\"wp-caption-text wp-caption-text--hide\">No acumulado do ano at\u00e9 julho, os pedidos de seguro-desemprego cresceram 11,1% na compara\u00e7\u00e3o anual.<\/figcaption>\n\t\t<\/figure>\n\t<\/div>\n\n\n<p>A pesquisa da CNI aponta que o<strong> medo<\/strong> do <strong>desemprego<\/strong> cresceu 2,3 pontos este m\u00eas em compara\u00e7\u00e3o com abril, alcan\u00e7ando 59,3 pontos. Em rela\u00e7\u00e3o ao mesmo per\u00edodo do ano anterior, o indicador est\u00e1 8,6 pontos abaixo, no entanto, em compara\u00e7\u00e3o com a m\u00e9dia hist\u00f3rica est\u00e1 acima em 9,4 pontos.<\/p>\n<figure id=\"attachment_29970\" aria-describedby=\"caption-attachment-29970\" style=\"width: 2090px\" class=\"wp-caption aligncenter\"><img loading=\"lazy\" decoding=\"async\" class=\"wp-image-29970 size-full\" src=\"https:\/\/storage.googleapis.com\/wp-noticias\/2019\/07\/eca82f8b-medododesemprego_e_satisfacaocomavida_grafico_junho2019.png\" alt=\"Fonte: CNI - \u00cdndice de Medo do Desemprego e de Satisfa\u00e7\u00e3o com a Vida\" width=\"2090\" height=\"701\" \/><figcaption id=\"caption-attachment-29970\" class=\"wp-caption-text\">Fonte: CNI &#8211; \u00cdndice de Medo do Desemprego e de Satisfa\u00e7\u00e3o com a Vida<\/figcaption><\/figure>\n<p>De acordo com a institui\u00e7\u00e3o &#8220;para reverter essa situa\u00e7\u00e3o, \u00e9 preciso, fundamentalmente, que o Brasil volte a criar empregos&#8221;. Para o gerente-executivo de Pol\u00edtica Econ\u00f4mica da CNI, Fl\u00e1vio Castelo Branco, a confian\u00e7a aumentar\u00e1 quando a economia crescer.<\/p>\n<p>&#8220;Com a economia crescendo e as empresas empregando mais, a popula\u00e7\u00e3o encontrar\u00e1 emprego mais facilmente e a confian\u00e7a aumentar\u00e1&#8221;, disse Branco.<\/p>\n\t<p>\n\t\t<a href=\"https:\/\/lp.suno.com.br\/ao\/sessao-estrategica-consultoria-c\/?utm_source=suno-noticias&#038;utm_medium=banner&#038;utm_campaing=dividendos-taxacao-pl\" target=\"_blank\" data-element=\"shortcode-suno-banner\" title=\"Banner SUNO, clique e saiba mais\">\n\t\t\t<picture>\n\t\t\t\t<source media=\"(max-width: 500px)\" srcset=\"https:\/\/files.sunoresearch.com.br\/n\/uploads\/2025\/09\/300x400.webp\">\n\t\t\t\t<img class=\"newsContent__article__imgCapa newsContent__article__imgCapa--banner\"\n\t\t\t\t\tsrc=\"https:\/\/files.sunoresearch.com.br\/n\/uploads\/2025\/09\/SN-DT-1420x240-1.webp\"\n\t\t\t\t\tdata-promo-id=\"628283\"\t\t\t\t\t\t\t\t\t\twidth='1420' height='240'\t\t\t\t\talt=\"https:\/\/files.sunoresearch.com.br\/n\/uploads\/2025\/09\/SN-DT-1420x240-1.webp\"\n\t\t\t\t>\n\t\t\t<\/picture>\n\t\t<\/a>\n\t<\/p>\n\n\n<h2>Satisfa\u00e7\u00e3o dos brasileiros com a vida<\/h2>\n<p>A pesquisa feita pela CNI demonstrou que este m\u00eas os brasileiros est\u00e3o mais insatisfeitos com a vida em compara\u00e7\u00e3o com abril. O \u00edndice caiu 0,5 ponto alcan\u00e7ando 67,4 pontos.<\/p>\n<p>Esse valor \u00e9 menor do que a m\u00e9dia hist\u00f3rica do indicador, no entanto maior do que registrado em junho do ano passado. Al\u00e9m disso, o \u00edndice revela que o maior grau de insatisfa\u00e7\u00e3o est\u00e1 entre os brasileiros que t\u00eam curso superior.<\/p>\n<h2>Medo do Desemprego<\/h2>\n<p>Conforme a pesquisa o medo maior \u00e9 entre as pessoas com menor grau de instru\u00e7\u00e3o com mais de 45 anos de idade. Por sua vez, os brasileiros que t\u00eam entre 45 e 54 anos registraram aumento de 7,1 pontos em compara\u00e7\u00e3o com abril e alcan\u00e7ou 60,1 pontos neste m\u00eas.<\/p>\n<p><a href=\"\/\/www.suno.com.br\/noticias\/taxa-desemprego-diminui-123-maio-de-acordo-ibge\/\">Saiba Mais: Taxa de desemprego diminui para 12,3% em maio, de acordo com IBGE<\/a><\/p>\n<p>O medo do desemprego aumentou 6,1 pontos entre as pessoas que tem escolaridade at\u00e9 a quarta s\u00e9rie (quinto ano) do ensino fundamental e atingiu 65,1 pontos em junho.\u00a0Por localiza\u00e7\u00e3o, a regi\u00e3o nordeste predomina com o \u00edndice em 66 pontos. J\u00e1 a regi\u00e3o Sul demonstra menor medo do <strong>desemprego<\/strong> com 47,9 pontos.<\/p>\n","protected":false},"excerpt":{"rendered":"<p>Conforme a pesquisa da Confedera\u00e7\u00e3o Nacional da Industria (CNI), entre os brasileiros o medo do desemprego aumentou. Al\u00e9m disso, a pesquisa demonstra que a satisfa\u00e7\u00e3o com a vida diminuiu. A an\u00e1lise foi divulgada nesta quarta-feira (3). No acumulado do ano at\u00e9 julho, os pedidos de seguro-desemprego cresceram 11,1% na compara\u00e7\u00e3o anual. A pesquisa da CNI [&hellip;]<\/p>\n","protected":false},"author":15,"featured_media":19522,"comment_status":"closed","ping_status":"closed","sticky":false,"template":"","format":"standard","meta":[],"categories":[62],"tags":[878,1296],"suno_strategy":[],"class_list":["post-29960","post","type-post","status-publish","format-standard","has-post-thumbnail","hentry","category-economia","tag-cni","tag-desemprego"],"yoast_head":"<!-- This site is optimized with the Yoast SEO plugin v24.4 - https:\/\/yoast.com\/wordpress\/plugins\/seo\/ -->\n<title>Medo do desemprego aumenta e satisfa\u00e7\u00e3o com a vida diminui, diz CNI<\/title>\n<meta name=\"description\" content=\"Nesta quarta (3), a pesquisa da CNI revela que o medo do desemprego aumenta e a satisfa\u00e7\u00e3o com a vida diminui. Para saber mais clique aqui\" \/>\n<meta name=\"robots\" content=\"index, follow, max-snippet:-1, max-image-preview:large, max-video-preview:-1\" \/>\n<link rel=\"canonical\" href=\"https:\/\/www.suno.com.br\/noticias\/desemprego-medo-aumenta-satisfacao-vida-diminui\/\" \/>\n<meta property=\"og:locale\" content=\"pt_BR\" \/>\n<meta property=\"og:type\" content=\"article\" \/>\n<meta property=\"og:title\" content=\"Medo do desemprego aumenta e satisfa\u00e7\u00e3o com a vida diminui, diz CNI\" \/>\n<meta property=\"og:description\" content=\"Nesta quarta (3), a pesquisa da CNI revela que o medo do desemprego aumenta e a satisfa\u00e7\u00e3o com a vida diminui. Para saber mais clique aqui\" \/>\n<meta property=\"og:url\" content=\"https:\/\/www.suno.com.br\/noticias\/desemprego-medo-aumenta-satisfacao-vida-diminui\/\" \/>\n<meta property=\"og:site_name\" content=\"Suno Not\u00edcias\" \/>\n<meta property=\"article:publisher\" content=\"https:\/\/facebook.com\/sunoresearch\" \/>\n<meta property=\"og:image\" content=\"https:\/\/files.sunoresearch.com.br\/n\/uploads\/2019\/03\/cf0fd1b8-desemprego.jpg\" \/>\n\t<meta property=\"og:image:width\" content=\"2505\" \/>\n\t<meta property=\"og:image:height\" content=\"1772\" \/>\n\t<meta property=\"og:image:type\" content=\"image\/jpeg\" \/>\n<meta name=\"author\" content=\"Poliana Santos\" \/>\n<meta name=\"twitter:card\" content=\"summary_large_image\" \/>\n<meta name=\"twitter:creator\" content=\"@sunoresearch\" \/>\n<meta name=\"twitter:site\" content=\"@sunoresearch\" \/>\n<meta name=\"twitter:label1\" content=\"Escrito por\" \/>\n\t<meta name=\"twitter:data1\" content=\"Poliana Santos\" \/>\n\t<meta name=\"twitter:label2\" content=\"Est. tempo de leitura\" \/>\n\t<meta name=\"twitter:data2\" content=\"2 minutos\" \/>\n<script type=\"application\/ld+json\" class=\"yoast-schema-graph\">{\"@context\":\"https:\/\/schema.org\",\"@graph\":[{\"@type\":\"NewsArticle\",\"@id\":\"https:\/\/www.suno.com.br\/noticias\/desemprego-medo-aumenta-satisfacao-vida-diminui\/#article\",\"isPartOf\":{\"@id\":\"https:\/\/www.suno.com.br\/noticias\/desemprego-medo-aumenta-satisfacao-vida-diminui\/\"},\"author\":{\"name\":\"Poliana Santos\",\"@id\":\"https:\/\/www.suno.com.br\/noticias\/#\/schema\/person\/02ec1f752758247878a2bf4abee1aeda\"},\"headline\":\"Medo do desemprego aumenta e satisfa\u00e7\u00e3o com a vida diminui entre brasileiros\",\"datePublished\":\"2019-07-03T15:44:31+00:00\",\"mainEntityOfPage\":{\"@id\":\"https:\/\/www.suno.com.br\/noticias\/desemprego-medo-aumenta-satisfacao-vida-diminui\/\"},\"wordCount\":394,\"publisher\":{\"@id\":\"https:\/\/www.suno.com.br\/noticias\/#organization\"},\"image\":{\"@id\":\"https:\/\/www.suno.com.br\/noticias\/desemprego-medo-aumenta-satisfacao-vida-diminui\/#primaryimage\"},\"thumbnailUrl\":\"https:\/\/files.sunoresearch.com.br\/n\/uploads\/2019\/03\/cf0fd1b8-desemprego-jpg.webp\",\"keywords\":[\"CNI\",\"Desemprego\"],\"articleSection\":[\"Economia\"],\"inLanguage\":\"pt-BR\"},{\"@type\":\"WebPage\",\"@id\":\"https:\/\/www.suno.com.br\/noticias\/desemprego-medo-aumenta-satisfacao-vida-diminui\/\",\"url\":\"https:\/\/www.suno.com.br\/noticias\/desemprego-medo-aumenta-satisfacao-vida-diminui\/\",\"name\":\"Medo do desemprego aumenta e satisfa\u00e7\u00e3o com a vida diminui, diz CNI\",\"isPartOf\":{\"@id\":\"https:\/\/www.suno.com.br\/noticias\/#website\"},\"primaryImageOfPage\":{\"@id\":\"https:\/\/www.suno.com.br\/noticias\/desemprego-medo-aumenta-satisfacao-vida-diminui\/#primaryimage\"},\"image\":{\"@id\":\"https:\/\/www.suno.com.br\/noticias\/desemprego-medo-aumenta-satisfacao-vida-diminui\/#primaryimage\"},\"thumbnailUrl\":\"https:\/\/files.sunoresearch.com.br\/n\/uploads\/2019\/03\/cf0fd1b8-desemprego-jpg.webp\",\"datePublished\":\"2019-07-03T15:44:31+00:00\",\"description\":\"Nesta quarta (3), a pesquisa da CNI revela que o medo do desemprego aumenta e a satisfa\u00e7\u00e3o com a vida diminui. Para saber mais clique aqui\",\"breadcrumb\":{\"@id\":\"https:\/\/www.suno.com.br\/noticias\/desemprego-medo-aumenta-satisfacao-vida-diminui\/#breadcrumb\"},\"inLanguage\":\"pt-BR\",\"potentialAction\":[{\"@type\":\"ReadAction\",\"target\":[\"https:\/\/www.suno.com.br\/noticias\/desemprego-medo-aumenta-satisfacao-vida-diminui\/\"]}]},{\"@type\":\"ImageObject\",\"inLanguage\":\"pt-BR\",\"@id\":\"https:\/\/www.suno.com.br\/noticias\/desemprego-medo-aumenta-satisfacao-vida-diminui\/#primaryimage\",\"url\":\"https:\/\/files.sunoresearch.com.br\/n\/uploads\/2019\/03\/cf0fd1b8-desemprego-jpg.webp\",\"contentUrl\":\"https:\/\/files.sunoresearch.com.br\/n\/uploads\/2019\/03\/cf0fd1b8-desemprego-jpg.webp\",\"width\":2505,\"height\":1772,\"caption\":\"No acumulado do ano at\u00e9 julho, os pedidos de seguro-desemprego cresceram 11,1% na compara\u00e7\u00e3o anual.\"},{\"@type\":\"BreadcrumbList\",\"@id\":\"https:\/\/www.suno.com.br\/noticias\/desemprego-medo-aumenta-satisfacao-vida-diminui\/#breadcrumb\",\"itemListElement\":[{\"@type\":\"ListItem\",\"position\":1,\"name\":\"Not\u00edcias\",\"item\":\"https:\/\/www.suno.com.br\/noticias\/\"},{\"@type\":\"ListItem\",\"position\":2,\"name\":\"Economia\",\"item\":\"https:\/\/www.suno.com.br\/noticias\/economia\/\"},{\"@type\":\"ListItem\",\"position\":3,\"name\":\"Medo do desemprego aumenta e satisfa\u00e7\u00e3o com a vida diminui entre brasileiros\"}]},{\"@type\":\"WebSite\",\"@id\":\"https:\/\/www.suno.com.br\/noticias\/#website\",\"url\":\"https:\/\/www.suno.com.br\/noticias\/\",\"name\":\"Suno Not\u00edcias\",\"description\":\"Seu portal de informa\u00e7\u00e3o sobre o mundo dos investimentos\",\"publisher\":{\"@id\":\"https:\/\/www.suno.com.br\/noticias\/#organization\"},\"potentialAction\":[{\"@type\":\"SearchAction\",\"target\":{\"@type\":\"EntryPoint\",\"urlTemplate\":\"https:\/\/www.suno.com.br\/noticias\/?s={search_term_string}\"},\"query-input\":{\"@type\":\"PropertyValueSpecification\",\"valueRequired\":true,\"valueName\":\"search_term_string\"}}],\"inLanguage\":\"pt-BR\"},{\"@type\":\"Organization\",\"@id\":\"https:\/\/www.suno.com.br\/noticias\/#organization\",\"name\":\"Suno Not\u00edcias\",\"url\":\"https:\/\/www.suno.com.br\/noticias\/\",\"logo\":{\"@type\":\"ImageObject\",\"inLanguage\":\"pt-BR\",\"@id\":\"https:\/\/www.suno.com.br\/noticias\/#\/schema\/logo\/image\/\",\"url\":\"https:\/\/files.sunoresearch.com.br\/n\/uploads\/2021\/09\/suno-logo.png\",\"contentUrl\":\"https:\/\/files.sunoresearch.com.br\/n\/uploads\/2021\/09\/suno-logo.png\",\"width\":180,\"height\":180,\"caption\":\"Suno Not\u00edcias\"},\"image\":{\"@id\":\"https:\/\/www.suno.com.br\/noticias\/#\/schema\/logo\/image\/\"},\"sameAs\":[\"https:\/\/facebook.com\/sunoresearch\",\"https:\/\/x.com\/sunoresearch\",\"https:\/\/www.instagram.com\/suno\",\"https:\/\/www.linkedin.com\/company\/suno-research\/\",\"https:\/\/www.youtube.com\/c\/sunoresearch\"]},{\"@type\":\"Person\",\"@id\":\"https:\/\/www.suno.com.br\/noticias\/#\/schema\/person\/02ec1f752758247878a2bf4abee1aeda\",\"name\":\"Poliana Santos\",\"image\":{\"@type\":\"ImageObject\",\"inLanguage\":\"pt-BR\",\"@id\":\"https:\/\/www.suno.com.br\/noticias\/#\/schema\/person\/image\/\",\"url\":\"https:\/\/secure.gravatar.com\/avatar\/0645bd32f23d87b2130f2b2dff1d3f8d?s=96&r=g\",\"contentUrl\":\"https:\/\/secure.gravatar.com\/avatar\/0645bd32f23d87b2130f2b2dff1d3f8d?s=96&r=g\",\"caption\":\"Poliana Santos\"},\"description\":\"Rep\u00f3rter no Suno Not\u00edcias, com cobertura em mercado financeiro, economia, finan\u00e7as pessoais, renda fixa e varejo. Jornalista formada pela Faculdade C\u00e1sper L\u00edbero e possui passagem na R\u00e1dio Gazeta AM com a produ\u00e7\u00e3o de conte\u00fado sobre economia, pol\u00edtica, sa\u00fade, moda e m\u00fasica. Possui certificado de conclus\u00e3o do curso de An\u00e1lise de Balan\u00e7os pela Funda\u00e7\u00e3o Bradesco, Agenda Brasil pela FAAP, Educa\u00e7\u00e3o Pol\u00edtica por Alexandre Garcia e do Tesouro Direto e Mercado de A\u00e7\u00f5es pela B3.\",\"url\":\"https:\/\/www.suno.com.br\/noticias\/author\/poliana-santos\/\"}]}<\/script>\n<!-- \/ Yoast SEO plugin. -->","yoast_head_json":{"title":"Medo do desemprego aumenta e satisfa\u00e7\u00e3o com a vida diminui, diz CNI","description":"Nesta quarta (3), a pesquisa da CNI revela que o medo do desemprego aumenta e a satisfa\u00e7\u00e3o com a vida diminui. Para saber mais clique aqui","robots":{"index":"index","follow":"follow","max-snippet":"max-snippet:-1","max-image-preview":"max-image-preview:large","max-video-preview":"max-video-preview:-1"},"canonical":"https:\/\/www.suno.com.br\/noticias\/desemprego-medo-aumenta-satisfacao-vida-diminui\/","og_locale":"pt_BR","og_type":"article","og_title":"Medo do desemprego aumenta e satisfa\u00e7\u00e3o com a vida diminui, diz CNI","og_description":"Nesta quarta (3), a pesquisa da CNI revela que o medo do desemprego aumenta e a satisfa\u00e7\u00e3o com a vida diminui. Para saber mais clique aqui","og_url":"https:\/\/www.suno.com.br\/noticias\/desemprego-medo-aumenta-satisfacao-vida-diminui\/","og_site_name":"Suno Not\u00edcias","article_publisher":"https:\/\/facebook.com\/sunoresearch","og_image":[{"width":2505,"height":1772,"url":"https:\/\/files.sunoresearch.com.br\/n\/uploads\/2019\/03\/cf0fd1b8-desemprego.jpg","type":"image\/jpeg"}],"author":"Poliana Santos","twitter_card":"summary_large_image","twitter_creator":"@sunoresearch","twitter_site":"@sunoresearch","twitter_misc":{"Escrito por":"Poliana Santos","Est. tempo de leitura":"2 minutos"},"schema":{"@context":"https:\/\/schema.org","@graph":[{"@type":"NewsArticle","@id":"https:\/\/www.suno.com.br\/noticias\/desemprego-medo-aumenta-satisfacao-vida-diminui\/#article","isPartOf":{"@id":"https:\/\/www.suno.com.br\/noticias\/desemprego-medo-aumenta-satisfacao-vida-diminui\/"},"author":{"name":"Poliana Santos","@id":"https:\/\/www.suno.com.br\/noticias\/#\/schema\/person\/02ec1f752758247878a2bf4abee1aeda"},"headline":"Medo do desemprego aumenta e satisfa\u00e7\u00e3o com a vida diminui entre brasileiros","datePublished":"2019-07-03T15:44:31+00:00","mainEntityOfPage":{"@id":"https:\/\/www.suno.com.br\/noticias\/desemprego-medo-aumenta-satisfacao-vida-diminui\/"},"wordCount":394,"publisher":{"@id":"https:\/\/www.suno.com.br\/noticias\/#organization"},"image":{"@id":"https:\/\/www.suno.com.br\/noticias\/desemprego-medo-aumenta-satisfacao-vida-diminui\/#primaryimage"},"thumbnailUrl":"https:\/\/files.sunoresearch.com.br\/n\/uploads\/2019\/03\/cf0fd1b8-desemprego-jpg.webp","keywords":["CNI","Desemprego"],"articleSection":["Economia"],"inLanguage":"pt-BR"},{"@type":"WebPage","@id":"https:\/\/www.suno.com.br\/noticias\/desemprego-medo-aumenta-satisfacao-vida-diminui\/","url":"https:\/\/www.suno.com.br\/noticias\/desemprego-medo-aumenta-satisfacao-vida-diminui\/","name":"Medo do desemprego aumenta e satisfa\u00e7\u00e3o com a vida diminui, diz CNI","isPartOf":{"@id":"https:\/\/www.suno.com.br\/noticias\/#website"},"primaryImageOfPage":{"@id":"https:\/\/www.suno.com.br\/noticias\/desemprego-medo-aumenta-satisfacao-vida-diminui\/#primaryimage"},"image":{"@id":"https:\/\/www.suno.com.br\/noticias\/desemprego-medo-aumenta-satisfacao-vida-diminui\/#primaryimage"},"thumbnailUrl":"https:\/\/files.sunoresearch.com.br\/n\/uploads\/2019\/03\/cf0fd1b8-desemprego-jpg.webp","datePublished":"2019-07-03T15:44:31+00:00","description":"Nesta quarta (3), a pesquisa da CNI revela que o medo do desemprego aumenta e a satisfa\u00e7\u00e3o com a vida diminui. Para saber mais clique aqui","breadcrumb":{"@id":"https:\/\/www.suno.com.br\/noticias\/desemprego-medo-aumenta-satisfacao-vida-diminui\/#breadcrumb"},"inLanguage":"pt-BR","potentialAction":[{"@type":"ReadAction","target":["https:\/\/www.suno.com.br\/noticias\/desemprego-medo-aumenta-satisfacao-vida-diminui\/"]}]},{"@type":"ImageObject","inLanguage":"pt-BR","@id":"https:\/\/www.suno.com.br\/noticias\/desemprego-medo-aumenta-satisfacao-vida-diminui\/#primaryimage","url":"https:\/\/files.sunoresearch.com.br\/n\/uploads\/2019\/03\/cf0fd1b8-desemprego-jpg.webp","contentUrl":"https:\/\/files.sunoresearch.com.br\/n\/uploads\/2019\/03\/cf0fd1b8-desemprego-jpg.webp","width":2505,"height":1772,"caption":"No acumulado do ano at\u00e9 julho, os pedidos de seguro-desemprego cresceram 11,1% na compara\u00e7\u00e3o anual."},{"@type":"BreadcrumbList","@id":"https:\/\/www.suno.com.br\/noticias\/desemprego-medo-aumenta-satisfacao-vida-diminui\/#breadcrumb","itemListElement":[{"@type":"ListItem","position":1,"name":"Not\u00edcias","item":"https:\/\/www.suno.com.br\/noticias\/"},{"@type":"ListItem","position":2,"name":"Economia","item":"https:\/\/www.suno.com.br\/noticias\/economia\/"},{"@type":"ListItem","position":3,"name":"Medo do desemprego aumenta e satisfa\u00e7\u00e3o com a vida diminui entre brasileiros"}]},{"@type":"WebSite","@id":"https:\/\/www.suno.com.br\/noticias\/#website","url":"https:\/\/www.suno.com.br\/noticias\/","name":"Suno Not\u00edcias","description":"Seu portal de informa\u00e7\u00e3o sobre o mundo dos investimentos","publisher":{"@id":"https:\/\/www.suno.com.br\/noticias\/#organization"},"potentialAction":[{"@type":"SearchAction","target":{"@type":"EntryPoint","urlTemplate":"https:\/\/www.suno.com.br\/noticias\/?s={search_term_string}"},"query-input":{"@type":"PropertyValueSpecification","valueRequired":true,"valueName":"search_term_string"}}],"inLanguage":"pt-BR"},{"@type":"Organization","@id":"https:\/\/www.suno.com.br\/noticias\/#organization","name":"Suno Not\u00edcias","url":"https:\/\/www.suno.com.br\/noticias\/","logo":{"@type":"ImageObject","inLanguage":"pt-BR","@id":"https:\/\/www.suno.com.br\/noticias\/#\/schema\/logo\/image\/","url":"https:\/\/files.sunoresearch.com.br\/n\/uploads\/2021\/09\/suno-logo.png","contentUrl":"https:\/\/files.sunoresearch.com.br\/n\/uploads\/2021\/09\/suno-logo.png","width":180,"height":180,"caption":"Suno Not\u00edcias"},"image":{"@id":"https:\/\/www.suno.com.br\/noticias\/#\/schema\/logo\/image\/"},"sameAs":["https:\/\/facebook.com\/sunoresearch","https:\/\/x.com\/sunoresearch","https:\/\/www.instagram.com\/suno","https:\/\/www.linkedin.com\/company\/suno-research\/","https:\/\/www.youtube.com\/c\/sunoresearch"]},{"@type":"Person","@id":"https:\/\/www.suno.com.br\/noticias\/#\/schema\/person\/02ec1f752758247878a2bf4abee1aeda","name":"Poliana Santos","image":{"@type":"ImageObject","inLanguage":"pt-BR","@id":"https:\/\/www.suno.com.br\/noticias\/#\/schema\/person\/image\/","url":"https:\/\/secure.gravatar.com\/avatar\/0645bd32f23d87b2130f2b2dff1d3f8d?s=96&r=g","contentUrl":"https:\/\/secure.gravatar.com\/avatar\/0645bd32f23d87b2130f2b2dff1d3f8d?s=96&r=g","caption":"Poliana Santos"},"description":"Rep\u00f3rter no Suno Not\u00edcias, com cobertura em mercado financeiro, economia, finan\u00e7as pessoais, renda fixa e varejo. Jornalista formada pela Faculdade C\u00e1sper L\u00edbero e possui passagem na R\u00e1dio Gazeta AM com a produ\u00e7\u00e3o de conte\u00fado sobre economia, pol\u00edtica, sa\u00fade, moda e m\u00fasica. Possui certificado de conclus\u00e3o do curso de An\u00e1lise de Balan\u00e7os pela Funda\u00e7\u00e3o Bradesco, Agenda Brasil pela FAAP, Educa\u00e7\u00e3o Pol\u00edtica por Alexandre Garcia e do Tesouro Direto e Mercado de A\u00e7\u00f5es pela B3.","url":"https:\/\/www.suno.com.br\/noticias\/author\/poliana-santos\/"}]}},"default_loop_html":"<div class=\"cardsPage__listCard__boxs\"><div class=\"cardsPage__listCard__boxs__img\"><a href=\"https:\/\/www.suno.com.br\/noticias\/desemprego-medo-aumenta-satisfacao-vida-diminui\/\"><img class=\"mask\" src=\"https:\/\/www.suno.com.br\/noticias\/wp-content\/themes\/suno\/resources\/images\/spotlight\/spotlight1img\/bg-mask.png\" alt=\"Image Mask\"\/><img src=\"https:\/\/files.sunoresearch.com.br\/n\/uploads\/2019\/03\/cf0fd1b8-desemprego-400x200.webp\" alt=\"Medo do desemprego aumenta e satisfa\u00e7\u00e3o com a vida diminui entre brasileiros\"\/><\/a><span class=\"spotlightCategory\"><a href=\"https:\/\/www.suno.com.br\/noticias\/economia\/\">Economia<\/a><\/span><\/div><div class=\"cardsPage__listCard__boxs__content\"><a href=\"https:\/\/www.suno.com.br\/noticias\/desemprego-medo-aumenta-satisfacao-vida-diminui\/\"><h2 class=\"content__title\">Medo do desemprego aumenta e satisfa\u00e7\u00e3o com a vida diminui entre brasileiros<\/h2><\/a><div class=\"newsContent__article__meta\"><div class=\"newsContent__article__meta__authorBox\"><a href=\"https:\/\/www.suno.com.br\/noticias\/author\/poliana-santos\/\" class=\"authorBox__avatar noMobi\"><img src=\"https:\/\/files.sunoresearch.com.br\/n\/uploads\/2020\/08\/7ef34026-whatsapp-image-2020-08-03-at-12.37.57-150x150.webp\" alt=\"Poliana Santos\"><\/a><div class=\"authorBox__name\"><span>por\n\t\t\t<a href=\"https:\/\/www.suno.com.br\/noticias\/author\/poliana-santos\/\"><span itemprop=\"author\">Poliana Santos<\/span><\/a><\/span><time datetime=\"2019-07-03T12:44:31-03:00\" itemprop=\"datePublished\">03\/07\/2019 12:44<\/time><\/div><\/div><\/div><\/div><\/div>","single_layout":"posts","amp_enabled":true,"_links":{"self":[{"href":"https:\/\/www.suno.com.br\/noticias\/wp-json\/wp\/v2\/posts\/29960"}],"collection":[{"href":"https:\/\/www.suno.com.br\/noticias\/wp-json\/wp\/v2\/posts"}],"about":[{"href":"https:\/\/www.suno.com.br\/noticias\/wp-json\/wp\/v2\/types\/post"}],"author":[{"embeddable":true,"href":"https:\/\/www.suno.com.br\/noticias\/wp-json\/wp\/v2\/users\/15"}],"replies":[{"embeddable":true,"href":"https:\/\/www.suno.com.br\/noticias\/wp-json\/wp\/v2\/comments?post=29960"}],"version-history":[{"count":0,"href":"https:\/\/www.suno.com.br\/noticias\/wp-json\/wp\/v2\/posts\/29960\/revisions"}],"wp:featuredmedia":[{"embeddable":true,"href":"https:\/\/www.suno.com.br\/noticias\/wp-json\/wp\/v2\/media\/19522"}],"wp:attachment":[{"href":"https:\/\/www.suno.com.br\/noticias\/wp-json\/wp\/v2\/media?parent=29960"}],"wp:term":[{"taxonomy":"category","embeddable":true,"href":"https:\/\/www.suno.com.br\/noticias\/wp-json\/wp\/v2\/categories?post=29960"},{"taxonomy":"post_tag","embeddable":true,"href":"https:\/\/www.suno.com.br\/noticias\/wp-json\/wp\/v2\/tags?post=29960"},{"taxonomy":"suno_strategy","embeddable":true,"href":"https:\/\/www.suno.com.br\/noticias\/wp-json\/wp\/v2\/suno_strategy?post=29960"}],"curies":[{"name":"wp","href":"https:\/\/api.w.org\/{rel}","templated":true}]}}