{"id":299515,"date":"2022-09-19T20:32:48","date_gmt":"2022-09-19T23:32:48","guid":{"rendered":"https:\/\/www.suno.com.br\/noticias\/?p=299515"},"modified":"2022-09-19T20:32:48","modified_gmt":"2022-09-19T23:32:48","slug":"doacoes-eleitorais-lula-bolsonaro-eleicoes","status":"publish","type":"post","link":"https:\/\/www.suno.com.br\/noticias\/doacoes-eleitorais-lula-bolsonaro-eleicoes\/","title":{"rendered":"Doa\u00e7\u00f5es eleitorais: Lula e Bolsonaro recebem milh\u00f5es de empres\u00e1rios; veja valores"},"content":{"rendered":"<p>A corrida pelas elei\u00e7\u00f5es presidenciais de 2022 esquentar ainda mais, conforme a data para a popula\u00e7\u00e3o brasileira votar se aproxima. Nesta jornada, os partidos pol\u00edticos podem receber <strong>doa\u00e7\u00f5es eleitorais<\/strong> de qualquer executivo.<\/p>\t<div class=\"wrapper-featured-image\">\n\t\t<figure class=\"spotlightImg\">\n\n\t\t\t<picture>\n\t\t\t\t<source media=\"(max-width: 768px)\" srcset=\"https:\/\/files.sunoresearch.com.br\/n\/uploads\/2022\/08\/lula-e-bolsonaro-400x200.jpg\">\n\t\t\t\t<img loading=\"lazy\" decoding=\"async\" class=\"newsContent__article__imgCapa lazyloadDisabled \" src=\"https:\/\/files.sunoresearch.com.br\/n\/uploads\/2022\/08\/lula-e-bolsonaro-800x450.jpg\" width=\"800\" height=\"450\" alt=\"Doa\u00e7\u00f5es eleitorais: Lula e Bolsonaro recebem milh\u00f5es de empres\u00e1rios; veja valores\" fetchpriority=high \/>\n\t\t\t<\/picture>\n\n\t\t\t<figcaption class=\"wp-caption-text wp-caption-text--show\">Foto: Divulga\u00e7\u00e3o\/Ricardo Stuckert\/Alan Santos<\/figcaption>\n\t\t<\/figure>\n\t<\/div>\n\n\n\t<p>\n\t\t<a href=\"\" target=\"_blank\" data-element=\"shortcode-suno-banner\" title=\"Banner SUNO, clique e saiba mais\">\n\t\t\t<picture>\n\t\t\t\t<source media=\"(max-width: 500px)\" srcset=\"\">\n\t\t\t\t<img class=\"newsContent__article__imgCapa newsContent__article__imgCapa--banner\"\n\t\t\t\t\tsrc=\"\"\n\t\t\t\t\tdata-promo-id=\"240038\"\t\t\t\t\t\t\t\t\t\t\t\t\t\t\talt=\"\"\n\t\t\t\t>\n\t\t\t<\/picture>\n\t\t<\/a>\n\t<\/p>\n\n\n<p>Os principais concorrentes para a cadeira presidencial, Luiz In\u00e1cio <strong>Lula<\/strong> da Silva (PT) e Jair <strong>Bolsonaro <\/strong>(PL),\u00a0tamb\u00e9m contam com doa\u00e7\u00f5es eleitorais milion\u00e1rias feitas por empres\u00e1rios em suas campanhas.<\/p>\n<p>As informa\u00e7\u00f5es s\u00e3o do jornal Nexo.<\/p>\n<h2><strong>Doa\u00e7\u00f5es para Lula\/PT<\/strong><\/h2>\n<p>Os irm\u00e3os Jo\u00e3o e Walter Moreira Salles, antigos acionistas do <strong>Ita\u00fa<\/strong> (ITUB4) e hoje com participa\u00e7\u00e3o acion\u00e1ria na CBMM (Companhia Brasileira de Metal\u00fargica e Minera\u00e7\u00e3o), ofereceram juntos cerca de R$ 2 milh\u00f5es em doa\u00e7\u00f5es eleitorais para o partido de Luiz In\u00e1cio <strong>Lula<\/strong> da Silva, o PT.<\/p>\n<p>Outro par de irm\u00e3os, Pedro Grendene e Alexandre Grendene, co-fundadores da Grendene, mandaram mais de R$ 2 milh\u00f5es para o PT.<\/p>\n<p>Marcos Erm\u00edrio de Moraes, herdeiro e s\u00f3cio da Votorantim, doou mais de R$ 3 milh\u00f5es para partidos, com mais da metade voltada para o MDB. Ele tamb\u00e9m \u00e9 candidato a 2\u00ba suplente de senador por Goi\u00e1s pelo PSDB.<\/p>\n<p>O empres\u00e1rio tamb\u00e9m doou uma quantia n\u00e3o especificada para o PT e o<strong> PL.<\/strong><\/p>\n<p><a class=\"suno-keyword\" href=\"https:\/\/www.suno.com.br\/tudo-sobre\/arminio-fraga\/\" target=\"_blank\" rel=\"noopener\" data-force=\"no\" data-priority=\"2\">Arm\u00ednio Fraga<\/a>, s\u00f3cio fundador da G\u00e1vea Investimentos, e Robert Lyra, presidente da Delta Sucroenergia, tamb\u00e9m contribu\u00edram para o partido, mas as quantias n\u00e3o foram especificadas.<\/p>\n<p>A fam\u00edlia Koren de Lima doou R$ 1,25 milh\u00e3o para o PT, segundo a Veja.<\/p>\n<p>Confira abaixo a lista de doadores:<\/p>\n<ul>\n<li>Jo\u00e3o e Walter Moreira Salles: R$ 2 milh\u00f5es<\/li>\n<li>Pedro e Alexandre Grendene:R$ 2 milh\u00f5es<\/li>\n<li>Arm\u00ednio Fraga: N\u00e3o especificado<\/li>\n<li>Robert Lyra: N\u00e3o especificado<\/li>\n<li>Fam\u00edlia Koren de Lima: R$ 1,25 milh\u00e3o<\/li>\n<li>Marcos Erm\u00edrio de Moraes: N\u00e3o especificado<\/li>\n<\/ul>\n\t<p>\n\t\t<a href=\"https:\/\/lp.suno.com.br\/planilha-controle-gastos\/\" target=\"_blank\" data-element=\"shortcode-suno-banner\" title=\"Banner SUNO, clique e saiba mais\">\n\t\t\t<picture>\n\t\t\t\t<source media=\"(max-width: 500px)\" srcset=\"https:\/\/files.sunoresearch.com.br\/n\/uploads\/2023\/03\/400x300-Planilha-controle-de-gastos.png\">\n\t\t\t\t<img class=\"newsContent__article__imgCapa newsContent__article__imgCapa--banner\"\n\t\t\t\t\tsrc=\"https:\/\/files.sunoresearch.com.br\/n\/uploads\/2023\/03\/1420x240-Planilha-controle-de-gastos.png\"\n\t\t\t\t\tdata-promo-id=\"101751\"\t\t\t\t\t\t\t\t\t\twidth='1420' height='240'\t\t\t\t\talt=\"https:\/\/files.sunoresearch.com.br\/n\/uploads\/2023\/03\/1420x240-Planilha-controle-de-gastos.png\"\n\t\t\t\t>\n\t\t\t<\/picture>\n\t\t<\/a>\n\t<\/p>\n\n\n<h2><strong>Doa\u00e7\u00f5es para Bolsonaro\/PL<\/strong><\/h2>\n<p>Dois produtores rurais doaram diretamente para <strong>Bolsonaro<\/strong>. S\u00e3o Oscar Cervi, que ofereceu cerca de R$ 1 milh\u00e3o para<strong> Jair Bolsonaro<\/strong><strong>, <\/strong>e o agropecuarista Od\u00edlio Balbinotti, que doou cerca de R$ 500 mil.<\/p>\n<p>Balbinotti tamb\u00e9m enviou cerca de R$ 500 mil em doa\u00e7\u00f5es eleitorais para o PL.<\/p>\n<p>Salim Mattar, presidente da <a class=\"suno-keyword\" href=\"https:\/\/www.suno.com.br\/acoes\/RENT3\/\" target=\"_blank\" rel=\"noopener\" data-force=\"yes\" data-priority=\"2\">Localiza (RENT3)<\/a>, se desfez de R$ 3 milh\u00f5es em doa\u00e7\u00f5es eleitorais. No levantamento da Nexo, Mattar aparece com cerca de R$ 500 mil doado para o PL.<\/p>\n<p>Outro empres\u00e1rio que doou cerca de R$ 1 milh\u00e3o para o partido de Bolsonaro foi Ricardo Minatto, da Brametal.<\/p>\n<p>Por fim, Rubens Ometto, presidente do <a class=\"suno-keyword\" href=\"https:\/\/www.suno.com.br\/artigos\/conselho-administracao\/\" target=\"_blank\" rel=\"noopener\" data-force=\"no\" data-priority=\"1\">Conselho de Administra\u00e7\u00e3o<\/a> da <a class=\"suno-keyword\" href=\"https:\/\/www.suno.com.br\/acoes\/CSAN3\/\" target=\"_blank\" rel=\"noopener\" data-force=\"yes\" data-priority=\"2\">Cosan (CSAN3)<\/a>, <a class=\"suno-keyword\" href=\"https:\/\/www.suno.com.br\/acoes\/raiz4\/\" target=\"_blank\" rel=\"noopener\" data-force=\"yes\" data-priority=\"1\">Ra\u00edzen (RAIZ4)<\/a> e <a class=\"suno-keyword\" href=\"https:\/\/www.suno.com.br\/acoes\/CGAS5\/\" target=\"_blank\" rel=\"noopener\" data-force=\"yes\" data-priority=\"2\">Comg\u00e1s (CGAS5)<\/a>, doou pouco menos de R$ 1 mih\u00e3o para o PL.<\/p>\n<p>Abaixo, confira a lista:<\/p>\n<ul>\n<li>Oscar Cervi: ~R$ 1 milh\u00e3o<\/li>\n<li>Od\u00edlio Balbinotti: ~R$ 1 milh\u00e3o<\/li>\n<li>Ricardo Minatto: ~R$ 1 milh\u00e3o<\/li>\n<li>Rubens Ometto: ~R$ 900 mil<\/li>\n<li>Salim Mattar: ~R$ 500 mil<\/li>\n<li>Marcos Erm\u00edrio de Moraes: N\u00e3o especificado<\/li>\n<\/ul>\n<h2><strong>Abaixo, veja o ranking de doa\u00e7\u00f5es eleitorais por empres\u00e1rios:<\/strong><\/h2>\n<figure id=\"attachment_298678\" aria-describedby=\"caption-attachment-298678\" style=\"width: 1080px\" class=\"wp-caption alignnone\"><img loading=\"lazy\" decoding=\"async\" class=\"wp-image-298678 size-full\" src=\"https:\/\/files.sunoresearch.com.br\/n\/uploads\/2022\/09\/nexo-eleicoes.jpg\" alt=\"Os maiores doadores da campanha eleitoral\" width=\"1080\" height=\"1080\" srcset=\"https:\/\/files.sunoresearch.com.br\/n\/uploads\/2022\/09\/nexo-eleicoes.jpg 1080w, https:\/\/files.sunoresearch.com.br\/n\/uploads\/2022\/09\/nexo-eleicoes-300x300.jpg 300w, https:\/\/files.sunoresearch.com.br\/n\/uploads\/2022\/09\/nexo-eleicoes-1024x1024.jpg 1024w, https:\/\/files.sunoresearch.com.br\/n\/uploads\/2022\/09\/nexo-eleicoes-150x150.jpg 150w, https:\/\/files.sunoresearch.com.br\/n\/uploads\/2022\/09\/nexo-eleicoes-768x768.jpg 768w, https:\/\/files.sunoresearch.com.br\/n\/uploads\/2022\/09\/nexo-eleicoes-96x96.jpg 96w\" sizes=\"(max-width: 1080px) 100vw, 1080px\" \/><figcaption id=\"caption-attachment-298678\" class=\"wp-caption-text\">Fonte: NexoJornal\/Twitter<\/figcaption><\/figure>\n<p>Ao todos, foram quatorze empres\u00e1rios que distribu\u00edram recursos acima de R$ 1 milh\u00e3o neste ano em <strong>doa\u00e7\u00f5es eleitorais<\/strong>.<\/p>\n\t<p>\n\t\t<a href=\"https:\/\/lp.suno.com.br\/planilha-da-vida-financeira\/\" target=\"_blank\" data-element=\"shortcode-suno-banner\" title=\"Banner SUNO, clique e saiba mais\">\n\t\t\t<picture>\n\t\t\t\t<source media=\"(max-width: 500px)\" srcset=\"https:\/\/files.sunoresearch.com.br\/n\/uploads\/2023\/04\/400x300-Planilha-vida-financeira-true.png\">\n\t\t\t\t<img class=\"newsContent__article__imgCapa newsContent__article__imgCapa--banner\"\n\t\t\t\t\tsrc=\"https:\/\/files.sunoresearch.com.br\/n\/uploads\/2023\/04\/1420x240-Planilha-vida-financeira-true.png\"\n\t\t\t\t\tdata-promo-id=\"106682\"\t\t\t\t\t\t\t\t\t\twidth='1420' height='240'\t\t\t\t\talt=\"https:\/\/files.sunoresearch.com.br\/n\/uploads\/2023\/04\/1420x240-Planilha-vida-financeira-true.png\"\n\t\t\t\t>\n\t\t\t<\/picture>\n\t\t<\/a>\n\t<\/p>\n\n\n","protected":false},"excerpt":{"rendered":"<p>A corrida pelas elei\u00e7\u00f5es presidenciais de 2022 esquentar ainda mais, conforme a data para a popula\u00e7\u00e3o brasileira votar se aproxima. Nesta jornada, os partidos pol\u00edticos podem receber doa\u00e7\u00f5es eleitorais de qualquer executivo. Foto: Divulga\u00e7\u00e3o\/Ricardo Stuckert\/Alan Santos Os principais concorrentes para a cadeira presidencial, Luiz In\u00e1cio Lula da Silva (PT) e Jair Bolsonaro (PL),\u00a0tamb\u00e9m contam com [&hellip;]<\/p>\n","protected":false},"author":195,"featured_media":290468,"comment_status":"closed","ping_status":"closed","sticky":false,"template":"","format":"standard","meta":[],"categories":[61],"tags":[697,719,709],"suno_strategy":[],"class_list":["post-299515","post","type-post","status-publish","format-standard","has-post-thumbnail","hentry","category-politica","tag-eleicoes","tag-jair-bolsonaro","tag-lula"],"yoast_head":"<!-- This site is optimized with the Yoast SEO plugin v24.4 - https:\/\/yoast.com\/wordpress\/plugins\/seo\/ -->\n<title>Doa\u00e7\u00f5es eleitorais: Lula e Bolsonaro recebem milh\u00f5es de empres\u00e1rios; veja valores<\/title>\n<meta name=\"description\" content=\"Lula e Bolsonaro tamb\u00e9m contam com doa\u00e7\u00f5es eleitorais milion\u00e1rias feitas por empres\u00e1rios em suas campanhas eleitorais.\u00a0Confira os valores!\" \/>\n<meta name=\"robots\" content=\"index, follow, max-snippet:-1, max-image-preview:large, max-video-preview:-1\" \/>\n<link rel=\"canonical\" href=\"https:\/\/www.suno.com.br\/noticias\/doacoes-eleitorais-lula-bolsonaro-eleicoes\/\" \/>\n<meta property=\"og:locale\" content=\"pt_BR\" \/>\n<meta property=\"og:type\" content=\"article\" \/>\n<meta property=\"og:title\" content=\"Doa\u00e7\u00f5es eleitorais: Lula e Bolsonaro recebem milh\u00f5es de empres\u00e1rios; veja valores\" \/>\n<meta property=\"og:description\" content=\"Lula e Bolsonaro tamb\u00e9m contam com doa\u00e7\u00f5es eleitorais milion\u00e1rias feitas por empres\u00e1rios em suas campanhas eleitorais.\u00a0Confira os valores!\" \/>\n<meta property=\"og:url\" content=\"https:\/\/www.suno.com.br\/noticias\/doacoes-eleitorais-lula-bolsonaro-eleicoes\/\" \/>\n<meta property=\"og:site_name\" content=\"Suno Not\u00edcias\" \/>\n<meta property=\"article:publisher\" content=\"https:\/\/facebook.com\/sunoresearch\" \/>\n<meta property=\"og:image\" content=\"https:\/\/files.sunoresearch.com.br\/n\/uploads\/2022\/08\/lula-e-bolsonaro.jpg\" \/>\n\t<meta property=\"og:image:width\" content=\"1500\" \/>\n\t<meta property=\"og:image:height\" content=\"1000\" \/>\n\t<meta property=\"og:image:type\" content=\"image\/jpeg\" \/>\n<meta name=\"author\" content=\"Ana Clara Macedo\" \/>\n<meta name=\"twitter:card\" content=\"summary_large_image\" \/>\n<meta name=\"twitter:creator\" content=\"@sunoresearch\" \/>\n<meta name=\"twitter:site\" content=\"@sunoresearch\" \/>\n<meta name=\"twitter:label1\" content=\"Escrito por\" \/>\n\t<meta name=\"twitter:data1\" content=\"Ana Clara Macedo\" \/>\n\t<meta name=\"twitter:label2\" content=\"Est. tempo de leitura\" \/>\n\t<meta name=\"twitter:data2\" content=\"3 minutos\" \/>\n<script type=\"application\/ld+json\" class=\"yoast-schema-graph\">{\"@context\":\"https:\/\/schema.org\",\"@graph\":[{\"@type\":\"NewsArticle\",\"@id\":\"https:\/\/www.suno.com.br\/noticias\/doacoes-eleitorais-lula-bolsonaro-eleicoes\/#article\",\"isPartOf\":{\"@id\":\"https:\/\/www.suno.com.br\/noticias\/doacoes-eleitorais-lula-bolsonaro-eleicoes\/\"},\"author\":{\"name\":\"Ana Clara Macedo\",\"@id\":\"https:\/\/www.suno.com.br\/noticias\/#\/schema\/person\/a70f3c52ef8c814d62ed63b30bb30176\"},\"headline\":\"Doa\u00e7\u00f5es eleitorais: Lula e Bolsonaro recebem milh\u00f5es de empres\u00e1rios; veja valores\",\"datePublished\":\"2022-09-19T23:32:48+00:00\",\"mainEntityOfPage\":{\"@id\":\"https:\/\/www.suno.com.br\/noticias\/doacoes-eleitorais-lula-bolsonaro-eleicoes\/\"},\"wordCount\":546,\"publisher\":{\"@id\":\"https:\/\/www.suno.com.br\/noticias\/#organization\"},\"image\":{\"@id\":\"https:\/\/www.suno.com.br\/noticias\/doacoes-eleitorais-lula-bolsonaro-eleicoes\/#primaryimage\"},\"thumbnailUrl\":\"https:\/\/files.sunoresearch.com.br\/n\/uploads\/2022\/08\/lula-e-bolsonaro.jpg\",\"keywords\":[\"Elei\u00e7\u00f5es\",\"Jair Bolsonaro\",\"Lula\"],\"articleSection\":[\"Pol\u00edtica\"],\"inLanguage\":\"pt-BR\"},{\"@type\":\"WebPage\",\"@id\":\"https:\/\/www.suno.com.br\/noticias\/doacoes-eleitorais-lula-bolsonaro-eleicoes\/\",\"url\":\"https:\/\/www.suno.com.br\/noticias\/doacoes-eleitorais-lula-bolsonaro-eleicoes\/\",\"name\":\"Doa\u00e7\u00f5es eleitorais: Lula e Bolsonaro recebem milh\u00f5es de empres\u00e1rios; veja valores\",\"isPartOf\":{\"@id\":\"https:\/\/www.suno.com.br\/noticias\/#website\"},\"primaryImageOfPage\":{\"@id\":\"https:\/\/www.suno.com.br\/noticias\/doacoes-eleitorais-lula-bolsonaro-eleicoes\/#primaryimage\"},\"image\":{\"@id\":\"https:\/\/www.suno.com.br\/noticias\/doacoes-eleitorais-lula-bolsonaro-eleicoes\/#primaryimage\"},\"thumbnailUrl\":\"https:\/\/files.sunoresearch.com.br\/n\/uploads\/2022\/08\/lula-e-bolsonaro.jpg\",\"datePublished\":\"2022-09-19T23:32:48+00:00\",\"description\":\"Lula e Bolsonaro tamb\u00e9m contam com doa\u00e7\u00f5es eleitorais milion\u00e1rias feitas por empres\u00e1rios em suas campanhas eleitorais.\u00a0Confira os valores!\",\"breadcrumb\":{\"@id\":\"https:\/\/www.suno.com.br\/noticias\/doacoes-eleitorais-lula-bolsonaro-eleicoes\/#breadcrumb\"},\"inLanguage\":\"pt-BR\",\"potentialAction\":[{\"@type\":\"ReadAction\",\"target\":[\"https:\/\/www.suno.com.br\/noticias\/doacoes-eleitorais-lula-bolsonaro-eleicoes\/\"]}]},{\"@type\":\"ImageObject\",\"inLanguage\":\"pt-BR\",\"@id\":\"https:\/\/www.suno.com.br\/noticias\/doacoes-eleitorais-lula-bolsonaro-eleicoes\/#primaryimage\",\"url\":\"https:\/\/files.sunoresearch.com.br\/n\/uploads\/2022\/08\/lula-e-bolsonaro.jpg\",\"contentUrl\":\"https:\/\/files.sunoresearch.com.br\/n\/uploads\/2022\/08\/lula-e-bolsonaro.jpg\",\"width\":1500,\"height\":1000,\"caption\":\"Foto: Divulga\u00e7\u00e3o\/Ricardo Stuckert\/Alan Santos\"},{\"@type\":\"BreadcrumbList\",\"@id\":\"https:\/\/www.suno.com.br\/noticias\/doacoes-eleitorais-lula-bolsonaro-eleicoes\/#breadcrumb\",\"itemListElement\":[{\"@type\":\"ListItem\",\"position\":1,\"name\":\"Not\u00edcias\",\"item\":\"https:\/\/www.suno.com.br\/noticias\/\"},{\"@type\":\"ListItem\",\"position\":2,\"name\":\"Pol\u00edtica\",\"item\":\"https:\/\/www.suno.com.br\/noticias\/politica\/\"},{\"@type\":\"ListItem\",\"position\":3,\"name\":\"Doa\u00e7\u00f5es eleitorais: Lula e Bolsonaro recebem milh\u00f5es de empres\u00e1rios; veja valores\"}]},{\"@type\":\"WebSite\",\"@id\":\"https:\/\/www.suno.com.br\/noticias\/#website\",\"url\":\"https:\/\/www.suno.com.br\/noticias\/\",\"name\":\"Suno Not\u00edcias\",\"description\":\"Seu portal de informa\u00e7\u00e3o sobre o mundo dos investimentos\",\"publisher\":{\"@id\":\"https:\/\/www.suno.com.br\/noticias\/#organization\"},\"potentialAction\":[{\"@type\":\"SearchAction\",\"target\":{\"@type\":\"EntryPoint\",\"urlTemplate\":\"https:\/\/www.suno.com.br\/noticias\/?s={search_term_string}\"},\"query-input\":{\"@type\":\"PropertyValueSpecification\",\"valueRequired\":true,\"valueName\":\"search_term_string\"}}],\"inLanguage\":\"pt-BR\"},{\"@type\":\"Organization\",\"@id\":\"https:\/\/www.suno.com.br\/noticias\/#organization\",\"name\":\"Suno Not\u00edcias\",\"url\":\"https:\/\/www.suno.com.br\/noticias\/\",\"logo\":{\"@type\":\"ImageObject\",\"inLanguage\":\"pt-BR\",\"@id\":\"https:\/\/www.suno.com.br\/noticias\/#\/schema\/logo\/image\/\",\"url\":\"https:\/\/files.sunoresearch.com.br\/n\/uploads\/2021\/09\/suno-logo.png\",\"contentUrl\":\"https:\/\/files.sunoresearch.com.br\/n\/uploads\/2021\/09\/suno-logo.png\",\"width\":180,\"height\":180,\"caption\":\"Suno Not\u00edcias\"},\"image\":{\"@id\":\"https:\/\/www.suno.com.br\/noticias\/#\/schema\/logo\/image\/\"},\"sameAs\":[\"https:\/\/facebook.com\/sunoresearch\",\"https:\/\/x.com\/sunoresearch\",\"https:\/\/www.instagram.com\/suno\",\"https:\/\/www.linkedin.com\/company\/suno-research\/\",\"https:\/\/www.youtube.com\/c\/sunoresearch\"]},{\"@type\":\"Person\",\"@id\":\"https:\/\/www.suno.com.br\/noticias\/#\/schema\/person\/a70f3c52ef8c814d62ed63b30bb30176\",\"name\":\"Ana Clara Macedo\",\"image\":{\"@type\":\"ImageObject\",\"inLanguage\":\"pt-BR\",\"@id\":\"https:\/\/www.suno.com.br\/noticias\/#\/schema\/person\/image\/\",\"url\":\"https:\/\/secure.gravatar.com\/avatar\/40810da86786bd5619f8cd594b0f44ef?s=96&r=g\",\"contentUrl\":\"https:\/\/secure.gravatar.com\/avatar\/40810da86786bd5619f8cd594b0f44ef?s=96&r=g\",\"caption\":\"Ana Clara Macedo\"},\"description\":\"Rep\u00f3rter no Suno Not\u00edcias, cobrindo acontecimentos sobre neg\u00f3cios, mercado financeiro e economia. Anteriormente trabalhou como Rep\u00f3rter no Mercado News e produziu relat\u00f3rios e artigos sobre empresas de capital aberto.\",\"url\":\"https:\/\/www.suno.com.br\/noticias\/author\/ana-clara-macedo\/\"}]}<\/script>\n<!-- \/ Yoast SEO plugin. -->","yoast_head_json":{"title":"Doa\u00e7\u00f5es eleitorais: Lula e Bolsonaro recebem milh\u00f5es de empres\u00e1rios; veja valores","description":"Lula e Bolsonaro tamb\u00e9m contam com doa\u00e7\u00f5es eleitorais milion\u00e1rias feitas por empres\u00e1rios em suas campanhas eleitorais.\u00a0Confira os valores!","robots":{"index":"index","follow":"follow","max-snippet":"max-snippet:-1","max-image-preview":"max-image-preview:large","max-video-preview":"max-video-preview:-1"},"canonical":"https:\/\/www.suno.com.br\/noticias\/doacoes-eleitorais-lula-bolsonaro-eleicoes\/","og_locale":"pt_BR","og_type":"article","og_title":"Doa\u00e7\u00f5es eleitorais: Lula e Bolsonaro recebem milh\u00f5es de empres\u00e1rios; veja valores","og_description":"Lula e Bolsonaro tamb\u00e9m contam com doa\u00e7\u00f5es eleitorais milion\u00e1rias feitas por empres\u00e1rios em suas campanhas eleitorais.\u00a0Confira os valores!","og_url":"https:\/\/www.suno.com.br\/noticias\/doacoes-eleitorais-lula-bolsonaro-eleicoes\/","og_site_name":"Suno Not\u00edcias","article_publisher":"https:\/\/facebook.com\/sunoresearch","og_image":[{"width":1500,"height":1000,"url":"https:\/\/files.sunoresearch.com.br\/n\/uploads\/2022\/08\/lula-e-bolsonaro.jpg","type":"image\/jpeg"}],"author":"Ana Clara Macedo","twitter_card":"summary_large_image","twitter_creator":"@sunoresearch","twitter_site":"@sunoresearch","twitter_misc":{"Escrito por":"Ana Clara Macedo","Est. tempo de leitura":"3 minutos"},"schema":{"@context":"https:\/\/schema.org","@graph":[{"@type":"NewsArticle","@id":"https:\/\/www.suno.com.br\/noticias\/doacoes-eleitorais-lula-bolsonaro-eleicoes\/#article","isPartOf":{"@id":"https:\/\/www.suno.com.br\/noticias\/doacoes-eleitorais-lula-bolsonaro-eleicoes\/"},"author":{"name":"Ana Clara Macedo","@id":"https:\/\/www.suno.com.br\/noticias\/#\/schema\/person\/a70f3c52ef8c814d62ed63b30bb30176"},"headline":"Doa\u00e7\u00f5es eleitorais: Lula e Bolsonaro recebem milh\u00f5es de empres\u00e1rios; veja valores","datePublished":"2022-09-19T23:32:48+00:00","mainEntityOfPage":{"@id":"https:\/\/www.suno.com.br\/noticias\/doacoes-eleitorais-lula-bolsonaro-eleicoes\/"},"wordCount":546,"publisher":{"@id":"https:\/\/www.suno.com.br\/noticias\/#organization"},"image":{"@id":"https:\/\/www.suno.com.br\/noticias\/doacoes-eleitorais-lula-bolsonaro-eleicoes\/#primaryimage"},"thumbnailUrl":"https:\/\/files.sunoresearch.com.br\/n\/uploads\/2022\/08\/lula-e-bolsonaro.jpg","keywords":["Elei\u00e7\u00f5es","Jair Bolsonaro","Lula"],"articleSection":["Pol\u00edtica"],"inLanguage":"pt-BR"},{"@type":"WebPage","@id":"https:\/\/www.suno.com.br\/noticias\/doacoes-eleitorais-lula-bolsonaro-eleicoes\/","url":"https:\/\/www.suno.com.br\/noticias\/doacoes-eleitorais-lula-bolsonaro-eleicoes\/","name":"Doa\u00e7\u00f5es eleitorais: Lula e Bolsonaro recebem milh\u00f5es de empres\u00e1rios; veja valores","isPartOf":{"@id":"https:\/\/www.suno.com.br\/noticias\/#website"},"primaryImageOfPage":{"@id":"https:\/\/www.suno.com.br\/noticias\/doacoes-eleitorais-lula-bolsonaro-eleicoes\/#primaryimage"},"image":{"@id":"https:\/\/www.suno.com.br\/noticias\/doacoes-eleitorais-lula-bolsonaro-eleicoes\/#primaryimage"},"thumbnailUrl":"https:\/\/files.sunoresearch.com.br\/n\/uploads\/2022\/08\/lula-e-bolsonaro.jpg","datePublished":"2022-09-19T23:32:48+00:00","description":"Lula e Bolsonaro tamb\u00e9m contam com doa\u00e7\u00f5es eleitorais milion\u00e1rias feitas por empres\u00e1rios em suas campanhas eleitorais.\u00a0Confira os valores!","breadcrumb":{"@id":"https:\/\/www.suno.com.br\/noticias\/doacoes-eleitorais-lula-bolsonaro-eleicoes\/#breadcrumb"},"inLanguage":"pt-BR","potentialAction":[{"@type":"ReadAction","target":["https:\/\/www.suno.com.br\/noticias\/doacoes-eleitorais-lula-bolsonaro-eleicoes\/"]}]},{"@type":"ImageObject","inLanguage":"pt-BR","@id":"https:\/\/www.suno.com.br\/noticias\/doacoes-eleitorais-lula-bolsonaro-eleicoes\/#primaryimage","url":"https:\/\/files.sunoresearch.com.br\/n\/uploads\/2022\/08\/lula-e-bolsonaro.jpg","contentUrl":"https:\/\/files.sunoresearch.com.br\/n\/uploads\/2022\/08\/lula-e-bolsonaro.jpg","width":1500,"height":1000,"caption":"Foto: Divulga\u00e7\u00e3o\/Ricardo Stuckert\/Alan Santos"},{"@type":"BreadcrumbList","@id":"https:\/\/www.suno.com.br\/noticias\/doacoes-eleitorais-lula-bolsonaro-eleicoes\/#breadcrumb","itemListElement":[{"@type":"ListItem","position":1,"name":"Not\u00edcias","item":"https:\/\/www.suno.com.br\/noticias\/"},{"@type":"ListItem","position":2,"name":"Pol\u00edtica","item":"https:\/\/www.suno.com.br\/noticias\/politica\/"},{"@type":"ListItem","position":3,"name":"Doa\u00e7\u00f5es eleitorais: Lula e Bolsonaro recebem milh\u00f5es de empres\u00e1rios; veja valores"}]},{"@type":"WebSite","@id":"https:\/\/www.suno.com.br\/noticias\/#website","url":"https:\/\/www.suno.com.br\/noticias\/","name":"Suno Not\u00edcias","description":"Seu portal de informa\u00e7\u00e3o sobre o mundo dos investimentos","publisher":{"@id":"https:\/\/www.suno.com.br\/noticias\/#organization"},"potentialAction":[{"@type":"SearchAction","target":{"@type":"EntryPoint","urlTemplate":"https:\/\/www.suno.com.br\/noticias\/?s={search_term_string}"},"query-input":{"@type":"PropertyValueSpecification","valueRequired":true,"valueName":"search_term_string"}}],"inLanguage":"pt-BR"},{"@type":"Organization","@id":"https:\/\/www.suno.com.br\/noticias\/#organization","name":"Suno Not\u00edcias","url":"https:\/\/www.suno.com.br\/noticias\/","logo":{"@type":"ImageObject","inLanguage":"pt-BR","@id":"https:\/\/www.suno.com.br\/noticias\/#\/schema\/logo\/image\/","url":"https:\/\/files.sunoresearch.com.br\/n\/uploads\/2021\/09\/suno-logo.png","contentUrl":"https:\/\/files.sunoresearch.com.br\/n\/uploads\/2021\/09\/suno-logo.png","width":180,"height":180,"caption":"Suno Not\u00edcias"},"image":{"@id":"https:\/\/www.suno.com.br\/noticias\/#\/schema\/logo\/image\/"},"sameAs":["https:\/\/facebook.com\/sunoresearch","https:\/\/x.com\/sunoresearch","https:\/\/www.instagram.com\/suno","https:\/\/www.linkedin.com\/company\/suno-research\/","https:\/\/www.youtube.com\/c\/sunoresearch"]},{"@type":"Person","@id":"https:\/\/www.suno.com.br\/noticias\/#\/schema\/person\/a70f3c52ef8c814d62ed63b30bb30176","name":"Ana Clara Macedo","image":{"@type":"ImageObject","inLanguage":"pt-BR","@id":"https:\/\/www.suno.com.br\/noticias\/#\/schema\/person\/image\/","url":"https:\/\/secure.gravatar.com\/avatar\/40810da86786bd5619f8cd594b0f44ef?s=96&r=g","contentUrl":"https:\/\/secure.gravatar.com\/avatar\/40810da86786bd5619f8cd594b0f44ef?s=96&r=g","caption":"Ana Clara Macedo"},"description":"Rep\u00f3rter no Suno Not\u00edcias, cobrindo acontecimentos sobre neg\u00f3cios, mercado financeiro e economia. Anteriormente trabalhou como Rep\u00f3rter no Mercado News e produziu relat\u00f3rios e artigos sobre empresas de capital aberto.","url":"https:\/\/www.suno.com.br\/noticias\/author\/ana-clara-macedo\/"}]}},"default_loop_html":"<div class=\"cardsPage__listCard__boxs\"><div class=\"cardsPage__listCard__boxs__img\"><a href=\"https:\/\/www.suno.com.br\/noticias\/doacoes-eleitorais-lula-bolsonaro-eleicoes\/\"><img class=\"mask\" src=\"https:\/\/www.suno.com.br\/noticias\/wp-content\/themes\/suno\/resources\/images\/spotlight\/spotlight1img\/bg-mask.png\" alt=\"Image Mask\"\/><img src=\"https:\/\/files.sunoresearch.com.br\/n\/uploads\/2022\/08\/lula-e-bolsonaro-400x200.jpg\" alt=\"Doa\u00e7\u00f5es eleitorais: Lula e Bolsonaro recebem milh\u00f5es de empres\u00e1rios; veja valores\"\/><\/a><span class=\"spotlightCategory\"><a href=\"https:\/\/www.suno.com.br\/noticias\/politica\/\">Pol\u00edtica<\/a><\/span><\/div><div class=\"cardsPage__listCard__boxs__content\"><a href=\"https:\/\/www.suno.com.br\/noticias\/doacoes-eleitorais-lula-bolsonaro-eleicoes\/\"><h2 class=\"content__title\">Doa\u00e7\u00f5es eleitorais: Lula e Bolsonaro recebem milh\u00f5es de empres\u00e1rios; veja valores<\/h2><\/a><div class=\"newsContent__article__meta\"><div class=\"newsContent__article__meta__authorBox\"><a href=\"https:\/\/www.suno.com.br\/noticias\/author\/ana-clara-macedo\/\" class=\"authorBox__avatar noMobi\"><img src=\"https:\/\/secure.gravatar.com\/avatar\/40810da86786bd5619f8cd594b0f44ef?s=96&#038;r=g\" alt=\"Ana Clara Macedo\"><\/a><div class=\"authorBox__name\"><span>por\n\t\t\t<a href=\"https:\/\/www.suno.com.br\/noticias\/author\/ana-clara-macedo\/\"><span itemprop=\"author\">Ana Clara Macedo<\/span><\/a><\/span><time datetime=\"2022-09-19T20:32:48-03:00\" itemprop=\"datePublished\">19\/09\/2022 20:32<\/time><\/div><\/div><\/div><\/div><\/div>","single_layout":"posts","amp_enabled":true,"_links":{"self":[{"href":"https:\/\/www.suno.com.br\/noticias\/wp-json\/wp\/v2\/posts\/299515"}],"collection":[{"href":"https:\/\/www.suno.com.br\/noticias\/wp-json\/wp\/v2\/posts"}],"about":[{"href":"https:\/\/www.suno.com.br\/noticias\/wp-json\/wp\/v2\/types\/post"}],"author":[{"embeddable":true,"href":"https:\/\/www.suno.com.br\/noticias\/wp-json\/wp\/v2\/users\/195"}],"replies":[{"embeddable":true,"href":"https:\/\/www.suno.com.br\/noticias\/wp-json\/wp\/v2\/comments?post=299515"}],"version-history":[{"count":3,"href":"https:\/\/www.suno.com.br\/noticias\/wp-json\/wp\/v2\/posts\/299515\/revisions"}],"predecessor-version":[{"id":299570,"href":"https:\/\/www.suno.com.br\/noticias\/wp-json\/wp\/v2\/posts\/299515\/revisions\/299570"}],"wp:featuredmedia":[{"embeddable":true,"href":"https:\/\/www.suno.com.br\/noticias\/wp-json\/wp\/v2\/media\/290468"}],"wp:attachment":[{"href":"https:\/\/www.suno.com.br\/noticias\/wp-json\/wp\/v2\/media?parent=299515"}],"wp:term":[{"taxonomy":"category","embeddable":true,"href":"https:\/\/www.suno.com.br\/noticias\/wp-json\/wp\/v2\/categories?post=299515"},{"taxonomy":"post_tag","embeddable":true,"href":"https:\/\/www.suno.com.br\/noticias\/wp-json\/wp\/v2\/tags?post=299515"},{"taxonomy":"suno_strategy","embeddable":true,"href":"https:\/\/www.suno.com.br\/noticias\/wp-json\/wp\/v2\/suno_strategy?post=299515"}],"curies":[{"name":"wp","href":"https:\/\/api.w.org\/{rel}","templated":true}]}}