{"id":29951,"date":"2019-07-03T10:59:37","date_gmt":"2019-07-03T13:59:37","guid":{"rendered":"https:\/\/www.suno.com.br\/noticias\/?p=29951"},"modified":"2019-07-03T10:59:37","modified_gmt":"2019-07-03T13:59:37","slug":"raizen-avalia-refinarias-petrobras","status":"publish","type":"post","link":"https:\/\/www.suno.com.br\/noticias\/raizen-avalia-refinarias-petrobras\/","title":{"rendered":"Ra\u00edzen avalia refinarias que ser\u00e3o negociadas pela Petrobras"},"content":{"rendered":"<p>A Ra\u00edzen deve contratar um banco nos pr\u00f3ximos dias para avaliar as refinarias da Petrobras que foram colocadas \u00e0 venda, segundo o &#8220;Estado de S. Paulo&#8221;.<\/p>\t<div class=\"wrapper-featured-image\">\n\t\t<figure class=\"spotlightImg\">\n\n\t\t\t<picture>\n\t\t\t\t<source media=\"(max-width: 768px)\" srcset=\"https:\/\/files.sunoresearch.com.br\/n\/uploads\/2019\/07\/6a0959db-petrobras-400x200.webp\">\n\t\t\t\t<img loading=\"lazy\" decoding=\"async\" class=\"newsContent__article__imgCapa lazyloadDisabled newsContent__article__imgCapa--noCaption\" src=\"https:\/\/files.sunoresearch.com.br\/n\/uploads\/2019\/07\/6a0959db-petrobras-jpg.webp\" width=\"800\" height=\"450\" alt=\"Ra\u00edzen avalia refinarias que ser\u00e3o negociadas pela Petrobras\" fetchpriority=high \/>\n\t\t\t<\/picture>\n\n\t\t\t<figcaption class=\"wp-caption-text wp-caption-text--hide\">Ra\u00edzen avalia refinarias que ser\u00e3o negociadas pela Petrobras<\/figcaption>\n\t\t<\/figure>\n\t<\/div>\n\n\n<p>A <strong>Ra\u00edzen<\/strong> \u00e9 apontada como a principal interessada na compra dos ativos da Petrobras. A empresa \u00e9 um joint venture dos grupos Cosan e Shell. Atualmente, \u00e9 a segunda maior distribuidora de combust\u00edveis do Brasil, ficando atr\u00e1s apenas da <strong>BR Distribuidora<\/strong>, da <strong>Petrobras<\/strong>. No Brasil, a empresa ainda n\u00e3o atua no setor de refino.<\/p>\n\t<p>\n\t\t<a href=\"https:\/\/lp.suno.com.br\/ebook-como-analisar-uma-acao\/\" target=\"_blank\" data-element=\"shortcode-suno-banner\" title=\"Banner SUNO, clique e saiba mais\">\n\t\t\t<picture>\n\t\t\t\t<source media=\"(max-width: 500px)\" srcset=\"https:\/\/files.sunoresearch.com.br\/n\/uploads\/2023\/03\/Ebook-Acoes-Mobile.jpg\">\n\t\t\t\t<img class=\"newsContent__article__imgCapa newsContent__article__imgCapa--banner\"\n\t\t\t\t\tsrc=\"https:\/\/files.sunoresearch.com.br\/n\/uploads\/2023\/03\/Ebook-Acoes-Desktop.jpg\"\n\t\t\t\t\tdata-promo-id=\"311946\"\t\t\t\t\t\t\t\t\t\twidth='1420' height='286'\t\t\t\t\talt=\"https:\/\/files.sunoresearch.com.br\/n\/uploads\/2023\/03\/Ebook-Acoes-Desktop.jpg\"\n\t\t\t\t>\n\t\t\t<\/picture>\n\t\t<\/a>\n\t<\/p>\n\n\n<h2>Petrobras divulga refinarias<\/h2>\n<p>Na \u00faltima sexta-feira (28), a Petrobras anunciou que ser\u00e1 iniciado um processo de divulga\u00e7\u00e3o para a venda integral de oito refinarias e log\u00edstica associada.<\/p>\n<p>O processo de divulga\u00e7\u00e3o da venda das subsidi\u00e1rias da Petrobras ser\u00e1 feito em duas etapas. Na primeira delas est\u00e3o inclusas as <strong>refinarias<\/strong> e seus ativos log\u00edsticos de:<\/p>\n<ul>\n<li><strong>Abreu e Lima (RNEST) &#8211; Pernambuco;<\/strong><\/li>\n<li><strong>Landulpho Alves (RLAM) &#8211; Bahia;<\/strong><\/li>\n<li><strong>Presidente Get\u00falio Vargas (REPAR) &#8211; Paran\u00e1;<\/strong><\/li>\n<li><strong>Alberto Pasqualini (REFAP) &#8211; Rio Grande do Sul.<\/strong><\/li>\n<\/ul>\n<p><a href=\"https:\/\/www.suno.com.br\/noticias\/petrorbas-processo-venda-refinarias\/\">Saiba mais:\u00a0Petrobras inicia processo de divulga\u00e7\u00e3o para a venda de oito refinarias<\/a><\/p>\n<p>Para a segunda fase, ser\u00e3o envolvidas as <strong>refinarias<\/strong> de:<\/p>\n<ul>\n<li><strong>Gabriel Passos (REGAP);<\/strong><\/li>\n<li><strong>Isaac Sabb\u00e1 (REMAN);<\/strong><\/li>\n<li><strong>Unidade de Industrializa\u00e7\u00e3o do Xisto (SIX);<\/strong><\/li>\n<li><strong>Lubrificantes e Derivados de Petr\u00f3leo do Nordeste (LUBNOR).<\/strong><\/li>\n<\/ul>\n<p>No entanto, os teasers, para esta fase com as principais informa\u00e7\u00f5es para a sele\u00e7\u00e3o de potenciais participantes, ser\u00e3o divulgados ainda este ano.<\/p>\n<h2>Petrobras e BR Distribuidora<\/h2>\n<p>A estatal anunciou que reduzir\u00e1 sua participa\u00e7\u00e3o na <strong>BR Distribuidora<\/strong> nesta quarta-feira (3). A estatal enviou \u00e0 Comiss\u00e3o de Valores Mobili\u00e1rios (CVM) um pedido de oferta secund\u00e1ria de 291,3 milh\u00f5es de a\u00e7\u00f5es ordin\u00e1rias da subsidi\u00e1ria.<\/p>\n\t<p>\n\t\t<a href=\"https:\/\/lp.suno.com.br\/planilha-controle-gastos\/\" target=\"_blank\" data-element=\"shortcode-suno-banner\" title=\"Banner SUNO, clique e saiba mais\">\n\t\t\t<picture>\n\t\t\t\t<source media=\"(max-width: 500px)\" srcset=\"https:\/\/files.sunoresearch.com.br\/n\/uploads\/2023\/03\/400x300-Planilha-controle-de-gastos.png\">\n\t\t\t\t<img class=\"newsContent__article__imgCapa newsContent__article__imgCapa--banner\"\n\t\t\t\t\tsrc=\"https:\/\/files.sunoresearch.com.br\/n\/uploads\/2023\/03\/1420x240-Planilha-controle-de-gastos.png\"\n\t\t\t\t\tdata-promo-id=\"383122\"\t\t\t\t\t\t\t\t\t\twidth='1420' height='240'\t\t\t\t\talt=\"https:\/\/files.sunoresearch.com.br\/n\/uploads\/2023\/03\/1420x240-Planilha-controle-de-gastos.png\"\n\t\t\t\t>\n\t\t\t<\/picture>\n\t\t<\/a>\n\t<\/p>\n\n\n<p>Com base na cota\u00e7\u00e3o de 2 de julho, onde os pap\u00e9is BRDT3 ca\u00edra, -3,67%, a venda das a\u00e7\u00f5es fariam a <strong>Petrobras<\/strong> arrecadar R$ 6,874 bilh\u00f5es. No entanto, o pre\u00e7o por a\u00e7\u00e3o ainda n\u00e3o foi definido, o que dever\u00e1 ocorrer ap\u00f3s o processo de <em>bookbuilding<\/em> que dever\u00e1 acabar em 23 de julho. As negocia\u00e7\u00f5es deve acontecer em 25 de julho.<\/p>\n","protected":false},"excerpt":{"rendered":"<p>A Ra\u00edzen deve contratar um banco nos pr\u00f3ximos dias para avaliar as refinarias da Petrobras que foram colocadas \u00e0 venda, segundo o &#8220;Estado de S. Paulo&#8221;. Ra\u00edzen avalia refinarias que ser\u00e3o negociadas pela Petrobras A Ra\u00edzen \u00e9 apontada como a principal interessada na compra dos ativos da Petrobras. A empresa \u00e9 um joint venture dos [&hellip;]<\/p>\n","protected":false},"author":11,"featured_media":29952,"comment_status":"closed","ping_status":"closed","sticky":false,"template":"","format":"standard","meta":[],"categories":[64],"tags":[595,596],"suno_strategy":[],"class_list":["post-29951","post","type-post","status-publish","format-standard","has-post-thumbnail","hentry","category-negocios","tag-petrobras-petr4","tag-vibra-energia-vbbr3"],"yoast_head":"<!-- This site is optimized with the Yoast SEO plugin v24.4 - https:\/\/yoast.com\/wordpress\/plugins\/seo\/ -->\n<title>Ra\u00edzen avalia refinarias que ser\u00e3o negociadas pela Petrobras<\/title>\n<meta name=\"description\" content=\"Petrobras anunciu nesta quarta (3) que ir\u00e1 reduzir sua participa\u00e7\u00e3o na BR Distribuidora; Proposta foi enviado \u00e0 CVM. Clique e saiba mais.\" \/>\n<meta name=\"robots\" content=\"index, follow, max-snippet:-1, max-image-preview:large, max-video-preview:-1\" \/>\n<link rel=\"canonical\" href=\"https:\/\/www.suno.com.br\/noticias\/raizen-avalia-refinarias-petrobras\/\" \/>\n<meta property=\"og:locale\" content=\"pt_BR\" \/>\n<meta property=\"og:type\" content=\"article\" \/>\n<meta property=\"og:title\" content=\"Ra\u00edzen avalia refinarias que ser\u00e3o negociadas pela Petrobras\" \/>\n<meta property=\"og:description\" content=\"Petrobras anunciu nesta quarta (3) que ir\u00e1 reduzir sua participa\u00e7\u00e3o na BR Distribuidora; Proposta foi enviado \u00e0 CVM. Clique e saiba mais.\" \/>\n<meta property=\"og:url\" content=\"https:\/\/www.suno.com.br\/noticias\/raizen-avalia-refinarias-petrobras\/\" \/>\n<meta property=\"og:site_name\" content=\"Suno Not\u00edcias\" \/>\n<meta property=\"article:publisher\" content=\"https:\/\/facebook.com\/sunoresearch\" \/>\n<meta property=\"og:image\" content=\"https:\/\/files.sunoresearch.com.br\/n\/uploads\/2019\/07\/6a0959db-petrobras.jpg\" \/>\n\t<meta property=\"og:image:width\" content=\"678\" \/>\n\t<meta property=\"og:image:height\" content=\"230\" \/>\n\t<meta property=\"og:image:type\" content=\"image\/jpeg\" \/>\n<meta name=\"author\" content=\"Renan Bandeira\" \/>\n<meta name=\"twitter:card\" content=\"summary_large_image\" \/>\n<meta name=\"twitter:creator\" content=\"@sunoresearch\" \/>\n<meta name=\"twitter:site\" content=\"@sunoresearch\" \/>\n<meta name=\"twitter:label1\" content=\"Escrito por\" \/>\n\t<meta name=\"twitter:data1\" content=\"Renan Bandeira\" \/>\n\t<meta name=\"twitter:label2\" content=\"Est. tempo de leitura\" \/>\n\t<meta name=\"twitter:data2\" content=\"2 minutos\" \/>\n<script type=\"application\/ld+json\" class=\"yoast-schema-graph\">{\"@context\":\"https:\/\/schema.org\",\"@graph\":[{\"@type\":\"NewsArticle\",\"@id\":\"https:\/\/www.suno.com.br\/noticias\/raizen-avalia-refinarias-petrobras\/#article\",\"isPartOf\":{\"@id\":\"https:\/\/www.suno.com.br\/noticias\/raizen-avalia-refinarias-petrobras\/\"},\"author\":{\"name\":\"Renan Bandeira\",\"@id\":\"https:\/\/www.suno.com.br\/noticias\/#\/schema\/person\/fc144a1c6108bd1dcd43784e88a3c138\"},\"headline\":\"Ra\u00edzen avalia refinarias que ser\u00e3o negociadas pela Petrobras\",\"datePublished\":\"2019-07-03T13:59:37+00:00\",\"mainEntityOfPage\":{\"@id\":\"https:\/\/www.suno.com.br\/noticias\/raizen-avalia-refinarias-petrobras\/\"},\"wordCount\":363,\"publisher\":{\"@id\":\"https:\/\/www.suno.com.br\/noticias\/#organization\"},\"image\":{\"@id\":\"https:\/\/www.suno.com.br\/noticias\/raizen-avalia-refinarias-petrobras\/#primaryimage\"},\"thumbnailUrl\":\"https:\/\/files.sunoresearch.com.br\/n\/uploads\/2019\/07\/6a0959db-petrobras-jpg.webp\",\"keywords\":[\"Petrobras (PETR4)\",\"Vibra Energia (VBBR3)\"],\"articleSection\":[\"Neg\u00f3cios\"],\"inLanguage\":\"pt-BR\"},{\"@type\":\"WebPage\",\"@id\":\"https:\/\/www.suno.com.br\/noticias\/raizen-avalia-refinarias-petrobras\/\",\"url\":\"https:\/\/www.suno.com.br\/noticias\/raizen-avalia-refinarias-petrobras\/\",\"name\":\"Ra\u00edzen avalia refinarias que ser\u00e3o negociadas pela Petrobras\",\"isPartOf\":{\"@id\":\"https:\/\/www.suno.com.br\/noticias\/#website\"},\"primaryImageOfPage\":{\"@id\":\"https:\/\/www.suno.com.br\/noticias\/raizen-avalia-refinarias-petrobras\/#primaryimage\"},\"image\":{\"@id\":\"https:\/\/www.suno.com.br\/noticias\/raizen-avalia-refinarias-petrobras\/#primaryimage\"},\"thumbnailUrl\":\"https:\/\/files.sunoresearch.com.br\/n\/uploads\/2019\/07\/6a0959db-petrobras-jpg.webp\",\"datePublished\":\"2019-07-03T13:59:37+00:00\",\"description\":\"Petrobras anunciu nesta quarta (3) que ir\u00e1 reduzir sua participa\u00e7\u00e3o na BR Distribuidora; Proposta foi enviado \u00e0 CVM. Clique e saiba mais.\",\"breadcrumb\":{\"@id\":\"https:\/\/www.suno.com.br\/noticias\/raizen-avalia-refinarias-petrobras\/#breadcrumb\"},\"inLanguage\":\"pt-BR\",\"potentialAction\":[{\"@type\":\"ReadAction\",\"target\":[\"https:\/\/www.suno.com.br\/noticias\/raizen-avalia-refinarias-petrobras\/\"]}]},{\"@type\":\"ImageObject\",\"inLanguage\":\"pt-BR\",\"@id\":\"https:\/\/www.suno.com.br\/noticias\/raizen-avalia-refinarias-petrobras\/#primaryimage\",\"url\":\"https:\/\/files.sunoresearch.com.br\/n\/uploads\/2019\/07\/6a0959db-petrobras-jpg.webp\",\"contentUrl\":\"https:\/\/files.sunoresearch.com.br\/n\/uploads\/2019\/07\/6a0959db-petrobras-jpg.webp\",\"width\":678,\"height\":230,\"caption\":\"Ra\u00edzen avalia refinarias que ser\u00e3o negociadas pela Petrobras\"},{\"@type\":\"BreadcrumbList\",\"@id\":\"https:\/\/www.suno.com.br\/noticias\/raizen-avalia-refinarias-petrobras\/#breadcrumb\",\"itemListElement\":[{\"@type\":\"ListItem\",\"position\":1,\"name\":\"Not\u00edcias\",\"item\":\"https:\/\/www.suno.com.br\/noticias\/\"},{\"@type\":\"ListItem\",\"position\":2,\"name\":\"Neg\u00f3cios\",\"item\":\"https:\/\/www.suno.com.br\/noticias\/negocios\/\"},{\"@type\":\"ListItem\",\"position\":3,\"name\":\"Ra\u00edzen avalia refinarias que ser\u00e3o negociadas pela Petrobras\"}]},{\"@type\":\"WebSite\",\"@id\":\"https:\/\/www.suno.com.br\/noticias\/#website\",\"url\":\"https:\/\/www.suno.com.br\/noticias\/\",\"name\":\"Suno Not\u00edcias\",\"description\":\"Seu portal de informa\u00e7\u00e3o sobre o mundo dos investimentos\",\"publisher\":{\"@id\":\"https:\/\/www.suno.com.br\/noticias\/#organization\"},\"potentialAction\":[{\"@type\":\"SearchAction\",\"target\":{\"@type\":\"EntryPoint\",\"urlTemplate\":\"https:\/\/www.suno.com.br\/noticias\/?s={search_term_string}\"},\"query-input\":{\"@type\":\"PropertyValueSpecification\",\"valueRequired\":true,\"valueName\":\"search_term_string\"}}],\"inLanguage\":\"pt-BR\"},{\"@type\":\"Organization\",\"@id\":\"https:\/\/www.suno.com.br\/noticias\/#organization\",\"name\":\"Suno Not\u00edcias\",\"url\":\"https:\/\/www.suno.com.br\/noticias\/\",\"logo\":{\"@type\":\"ImageObject\",\"inLanguage\":\"pt-BR\",\"@id\":\"https:\/\/www.suno.com.br\/noticias\/#\/schema\/logo\/image\/\",\"url\":\"https:\/\/files.sunoresearch.com.br\/n\/uploads\/2021\/09\/suno-logo.png\",\"contentUrl\":\"https:\/\/files.sunoresearch.com.br\/n\/uploads\/2021\/09\/suno-logo.png\",\"width\":180,\"height\":180,\"caption\":\"Suno Not\u00edcias\"},\"image\":{\"@id\":\"https:\/\/www.suno.com.br\/noticias\/#\/schema\/logo\/image\/\"},\"sameAs\":[\"https:\/\/facebook.com\/sunoresearch\",\"https:\/\/x.com\/sunoresearch\",\"https:\/\/www.instagram.com\/suno\",\"https:\/\/www.linkedin.com\/company\/suno-research\/\",\"https:\/\/www.youtube.com\/c\/sunoresearch\"]},{\"@type\":\"Person\",\"@id\":\"https:\/\/www.suno.com.br\/noticias\/#\/schema\/person\/fc144a1c6108bd1dcd43784e88a3c138\",\"name\":\"Renan Bandeira\",\"image\":{\"@type\":\"ImageObject\",\"inLanguage\":\"pt-BR\",\"@id\":\"https:\/\/www.suno.com.br\/noticias\/#\/schema\/person\/image\/\",\"url\":\"https:\/\/secure.gravatar.com\/avatar\/68359cdb608f14f11bbefcb78f3fc747?s=96&r=g\",\"contentUrl\":\"https:\/\/secure.gravatar.com\/avatar\/68359cdb608f14f11bbefcb78f3fc747?s=96&r=g\",\"caption\":\"Renan Bandeira\"},\"description\":\"Renan Bandeira escreve sobre pol\u00edtica e economia para o portal da Suno Research. Antes da Suno, trabalhou em uma rede de televis\u00e3o, onde fazia reportagens sobre os mesmos temas. Estuda na Universidade Metodista de S\u00e3o Paulo.\",\"url\":\"https:\/\/www.suno.com.br\/noticias\/author\/renan-bandeira\/\"}]}<\/script>\n<!-- \/ Yoast SEO plugin. -->","yoast_head_json":{"title":"Ra\u00edzen avalia refinarias que ser\u00e3o negociadas pela Petrobras","description":"Petrobras anunciu nesta quarta (3) que ir\u00e1 reduzir sua participa\u00e7\u00e3o na BR Distribuidora; Proposta foi enviado \u00e0 CVM. Clique e saiba mais.","robots":{"index":"index","follow":"follow","max-snippet":"max-snippet:-1","max-image-preview":"max-image-preview:large","max-video-preview":"max-video-preview:-1"},"canonical":"https:\/\/www.suno.com.br\/noticias\/raizen-avalia-refinarias-petrobras\/","og_locale":"pt_BR","og_type":"article","og_title":"Ra\u00edzen avalia refinarias que ser\u00e3o negociadas pela Petrobras","og_description":"Petrobras anunciu nesta quarta (3) que ir\u00e1 reduzir sua participa\u00e7\u00e3o na BR Distribuidora; Proposta foi enviado \u00e0 CVM. Clique e saiba mais.","og_url":"https:\/\/www.suno.com.br\/noticias\/raizen-avalia-refinarias-petrobras\/","og_site_name":"Suno Not\u00edcias","article_publisher":"https:\/\/facebook.com\/sunoresearch","og_image":[{"width":678,"height":230,"url":"https:\/\/files.sunoresearch.com.br\/n\/uploads\/2019\/07\/6a0959db-petrobras.jpg","type":"image\/jpeg"}],"author":"Renan Bandeira","twitter_card":"summary_large_image","twitter_creator":"@sunoresearch","twitter_site":"@sunoresearch","twitter_misc":{"Escrito por":"Renan Bandeira","Est. tempo de leitura":"2 minutos"},"schema":{"@context":"https:\/\/schema.org","@graph":[{"@type":"NewsArticle","@id":"https:\/\/www.suno.com.br\/noticias\/raizen-avalia-refinarias-petrobras\/#article","isPartOf":{"@id":"https:\/\/www.suno.com.br\/noticias\/raizen-avalia-refinarias-petrobras\/"},"author":{"name":"Renan Bandeira","@id":"https:\/\/www.suno.com.br\/noticias\/#\/schema\/person\/fc144a1c6108bd1dcd43784e88a3c138"},"headline":"Ra\u00edzen avalia refinarias que ser\u00e3o negociadas pela Petrobras","datePublished":"2019-07-03T13:59:37+00:00","mainEntityOfPage":{"@id":"https:\/\/www.suno.com.br\/noticias\/raizen-avalia-refinarias-petrobras\/"},"wordCount":363,"publisher":{"@id":"https:\/\/www.suno.com.br\/noticias\/#organization"},"image":{"@id":"https:\/\/www.suno.com.br\/noticias\/raizen-avalia-refinarias-petrobras\/#primaryimage"},"thumbnailUrl":"https:\/\/files.sunoresearch.com.br\/n\/uploads\/2019\/07\/6a0959db-petrobras-jpg.webp","keywords":["Petrobras (PETR4)","Vibra Energia (VBBR3)"],"articleSection":["Neg\u00f3cios"],"inLanguage":"pt-BR"},{"@type":"WebPage","@id":"https:\/\/www.suno.com.br\/noticias\/raizen-avalia-refinarias-petrobras\/","url":"https:\/\/www.suno.com.br\/noticias\/raizen-avalia-refinarias-petrobras\/","name":"Ra\u00edzen avalia refinarias que ser\u00e3o negociadas pela Petrobras","isPartOf":{"@id":"https:\/\/www.suno.com.br\/noticias\/#website"},"primaryImageOfPage":{"@id":"https:\/\/www.suno.com.br\/noticias\/raizen-avalia-refinarias-petrobras\/#primaryimage"},"image":{"@id":"https:\/\/www.suno.com.br\/noticias\/raizen-avalia-refinarias-petrobras\/#primaryimage"},"thumbnailUrl":"https:\/\/files.sunoresearch.com.br\/n\/uploads\/2019\/07\/6a0959db-petrobras-jpg.webp","datePublished":"2019-07-03T13:59:37+00:00","description":"Petrobras anunciu nesta quarta (3) que ir\u00e1 reduzir sua participa\u00e7\u00e3o na BR Distribuidora; Proposta foi enviado \u00e0 CVM. Clique e saiba mais.","breadcrumb":{"@id":"https:\/\/www.suno.com.br\/noticias\/raizen-avalia-refinarias-petrobras\/#breadcrumb"},"inLanguage":"pt-BR","potentialAction":[{"@type":"ReadAction","target":["https:\/\/www.suno.com.br\/noticias\/raizen-avalia-refinarias-petrobras\/"]}]},{"@type":"ImageObject","inLanguage":"pt-BR","@id":"https:\/\/www.suno.com.br\/noticias\/raizen-avalia-refinarias-petrobras\/#primaryimage","url":"https:\/\/files.sunoresearch.com.br\/n\/uploads\/2019\/07\/6a0959db-petrobras-jpg.webp","contentUrl":"https:\/\/files.sunoresearch.com.br\/n\/uploads\/2019\/07\/6a0959db-petrobras-jpg.webp","width":678,"height":230,"caption":"Ra\u00edzen avalia refinarias que ser\u00e3o negociadas pela Petrobras"},{"@type":"BreadcrumbList","@id":"https:\/\/www.suno.com.br\/noticias\/raizen-avalia-refinarias-petrobras\/#breadcrumb","itemListElement":[{"@type":"ListItem","position":1,"name":"Not\u00edcias","item":"https:\/\/www.suno.com.br\/noticias\/"},{"@type":"ListItem","position":2,"name":"Neg\u00f3cios","item":"https:\/\/www.suno.com.br\/noticias\/negocios\/"},{"@type":"ListItem","position":3,"name":"Ra\u00edzen avalia refinarias que ser\u00e3o negociadas pela Petrobras"}]},{"@type":"WebSite","@id":"https:\/\/www.suno.com.br\/noticias\/#website","url":"https:\/\/www.suno.com.br\/noticias\/","name":"Suno Not\u00edcias","description":"Seu portal de informa\u00e7\u00e3o sobre o mundo dos investimentos","publisher":{"@id":"https:\/\/www.suno.com.br\/noticias\/#organization"},"potentialAction":[{"@type":"SearchAction","target":{"@type":"EntryPoint","urlTemplate":"https:\/\/www.suno.com.br\/noticias\/?s={search_term_string}"},"query-input":{"@type":"PropertyValueSpecification","valueRequired":true,"valueName":"search_term_string"}}],"inLanguage":"pt-BR"},{"@type":"Organization","@id":"https:\/\/www.suno.com.br\/noticias\/#organization","name":"Suno Not\u00edcias","url":"https:\/\/www.suno.com.br\/noticias\/","logo":{"@type":"ImageObject","inLanguage":"pt-BR","@id":"https:\/\/www.suno.com.br\/noticias\/#\/schema\/logo\/image\/","url":"https:\/\/files.sunoresearch.com.br\/n\/uploads\/2021\/09\/suno-logo.png","contentUrl":"https:\/\/files.sunoresearch.com.br\/n\/uploads\/2021\/09\/suno-logo.png","width":180,"height":180,"caption":"Suno Not\u00edcias"},"image":{"@id":"https:\/\/www.suno.com.br\/noticias\/#\/schema\/logo\/image\/"},"sameAs":["https:\/\/facebook.com\/sunoresearch","https:\/\/x.com\/sunoresearch","https:\/\/www.instagram.com\/suno","https:\/\/www.linkedin.com\/company\/suno-research\/","https:\/\/www.youtube.com\/c\/sunoresearch"]},{"@type":"Person","@id":"https:\/\/www.suno.com.br\/noticias\/#\/schema\/person\/fc144a1c6108bd1dcd43784e88a3c138","name":"Renan Bandeira","image":{"@type":"ImageObject","inLanguage":"pt-BR","@id":"https:\/\/www.suno.com.br\/noticias\/#\/schema\/person\/image\/","url":"https:\/\/secure.gravatar.com\/avatar\/68359cdb608f14f11bbefcb78f3fc747?s=96&r=g","contentUrl":"https:\/\/secure.gravatar.com\/avatar\/68359cdb608f14f11bbefcb78f3fc747?s=96&r=g","caption":"Renan Bandeira"},"description":"Renan Bandeira escreve sobre pol\u00edtica e economia para o portal da Suno Research. Antes da Suno, trabalhou em uma rede de televis\u00e3o, onde fazia reportagens sobre os mesmos temas. Estuda na Universidade Metodista de S\u00e3o Paulo.","url":"https:\/\/www.suno.com.br\/noticias\/author\/renan-bandeira\/"}]}},"default_loop_html":"<div class=\"cardsPage__listCard__boxs\"><div class=\"cardsPage__listCard__boxs__img\"><a href=\"https:\/\/www.suno.com.br\/noticias\/raizen-avalia-refinarias-petrobras\/\"><img class=\"mask\" src=\"https:\/\/www.suno.com.br\/noticias\/wp-content\/themes\/suno\/resources\/images\/spotlight\/spotlight1img\/bg-mask.png\" alt=\"Image Mask\"\/><img src=\"https:\/\/files.sunoresearch.com.br\/n\/uploads\/2019\/07\/6a0959db-petrobras-400x200.webp\" alt=\"Ra\u00edzen avalia refinarias que ser\u00e3o negociadas pela Petrobras\"\/><\/a><span class=\"spotlightCategory\"><a href=\"https:\/\/www.suno.com.br\/noticias\/negocios\/\">Neg\u00f3cios<\/a><\/span><\/div><div class=\"cardsPage__listCard__boxs__content\"><a href=\"https:\/\/www.suno.com.br\/noticias\/raizen-avalia-refinarias-petrobras\/\"><h2 class=\"content__title\">Ra\u00edzen avalia refinarias que ser\u00e3o negociadas pela Petrobras<\/h2><\/a><div class=\"newsContent__article__meta\"><div class=\"newsContent__article__meta__authorBox\"><a href=\"https:\/\/www.suno.com.br\/noticias\/author\/renan-bandeira\/\" class=\"authorBox__avatar noMobi\"><img src=\"https:\/\/secure.gravatar.com\/avatar\/68359cdb608f14f11bbefcb78f3fc747?s=96&#038;r=g\" alt=\"Renan Bandeira\"><\/a><div class=\"authorBox__name\"><span>por\n\t\t\t<a href=\"https:\/\/www.suno.com.br\/noticias\/author\/renan-bandeira\/\"><span itemprop=\"author\">Renan Bandeira<\/span><\/a><\/span><time datetime=\"2019-07-03T10:59:37-03:00\" itemprop=\"datePublished\">03\/07\/2019 10:59<\/time><\/div><\/div><\/div><\/div><\/div>","single_layout":"posts","amp_enabled":true,"_links":{"self":[{"href":"https:\/\/www.suno.com.br\/noticias\/wp-json\/wp\/v2\/posts\/29951"}],"collection":[{"href":"https:\/\/www.suno.com.br\/noticias\/wp-json\/wp\/v2\/posts"}],"about":[{"href":"https:\/\/www.suno.com.br\/noticias\/wp-json\/wp\/v2\/types\/post"}],"author":[{"embeddable":true,"href":"https:\/\/www.suno.com.br\/noticias\/wp-json\/wp\/v2\/users\/11"}],"replies":[{"embeddable":true,"href":"https:\/\/www.suno.com.br\/noticias\/wp-json\/wp\/v2\/comments?post=29951"}],"version-history":[{"count":0,"href":"https:\/\/www.suno.com.br\/noticias\/wp-json\/wp\/v2\/posts\/29951\/revisions"}],"wp:featuredmedia":[{"embeddable":true,"href":"https:\/\/www.suno.com.br\/noticias\/wp-json\/wp\/v2\/media\/29952"}],"wp:attachment":[{"href":"https:\/\/www.suno.com.br\/noticias\/wp-json\/wp\/v2\/media?parent=29951"}],"wp:term":[{"taxonomy":"category","embeddable":true,"href":"https:\/\/www.suno.com.br\/noticias\/wp-json\/wp\/v2\/categories?post=29951"},{"taxonomy":"post_tag","embeddable":true,"href":"https:\/\/www.suno.com.br\/noticias\/wp-json\/wp\/v2\/tags?post=29951"},{"taxonomy":"suno_strategy","embeddable":true,"href":"https:\/\/www.suno.com.br\/noticias\/wp-json\/wp\/v2\/suno_strategy?post=29951"}],"curies":[{"name":"wp","href":"https:\/\/api.w.org\/{rel}","templated":true}]}}