{"id":29949,"date":"2019-07-03T11:36:48","date_gmt":"2019-07-03T14:36:48","guid":{"rendered":"https:\/\/www.suno.com.br\/noticias\/?p=29949"},"modified":"2021-02-17T22:30:09","modified_gmt":"2021-02-18T01:30:09","slug":"gpa-microsoft-parceria-testar-tecnologias-de-varejo-sp","status":"publish","type":"post","link":"https:\/\/www.suno.com.br\/noticias\/gpa-microsoft-parceria-testar-tecnologias-de-varejo-sp\/","title":{"rendered":"GPA e Microsoft fazem parceria para testar tecnologias de varejo em SP"},"content":{"rendered":"<p>O Grupo P\u00e3o de A\u00e7\u00facar (GPA) e a <strong>Microsoft<\/strong> anunciaram nesta quarta-feira (3) que est\u00e3o juntos em uma parceria para testar novas tecnologias no ambiente da varejista do setor aliment\u00edcio.<\/p>\t<div class=\"wrapper-featured-image\">\n\t\t<figure class=\"spotlightImg\">\n\n\t\t\t<picture>\n\t\t\t\t<source media=\"(max-width: 768px)\" srcset=\"https:\/\/files.sunoresearch.com.br\/n\/uploads\/2019\/06\/ecee5fa6-pao-de-acucar-gpa--400x200.webp\">\n\t\t\t\t<img loading=\"lazy\" decoding=\"async\" class=\"newsContent__article__imgCapa lazyloadDisabled newsContent__article__imgCapa--noCaption\" src=\"https:\/\/files.sunoresearch.com.br\/n\/uploads\/2019\/06\/ecee5fa6-pao-de-acucar-gpa--800x450.webp\" width=\"800\" height=\"450\" alt=\"GPA e Microsoft fazem parceria para testar tecnologias de varejo em SP\" fetchpriority=high \/>\n\t\t\t<\/picture>\n\n\t\t\t<figcaption class=\"wp-caption-text wp-caption-text--hide\">A\u00e7\u00e3o PCAR3 desaba mais de 6% nesta sexta (4) Foto: Divulga\u00e7\u00e3o Grupo P\u00e3o de A\u00e7\u00facar<\/figcaption>\n\t\t<\/figure>\n\t<\/div>\n\n\n<p>Um dos planos das duas empresa \u00e9 abrir uma loja f\u00edsica do <strong>GPA<\/strong> at\u00e9 o final de 2019, em que o consumidor tenha acesso as novas altera\u00e7\u00f5es tecnol\u00f3gicas que ser\u00e3o implantadas. Em entrevista a &#8220;Reuters&#8221;, executivos das duas institui\u00e7\u00f5es disseram que as altera\u00e7\u00f5es s\u00e3o para melhorar a experi\u00eancia do cliente.<\/p>\n<p><div><a href=\"https:\/\/www.suno.com.br\/noticias\/magazine-luiza-acordo-carrefour\/\">Veja tamb\u00e9m:\u00a0Magazine Luiza tem acordo com Carrefour para vender eletrodom\u00e9sticos\u00a0<\/a><\/div>\n<\/p>\n<p>Em mar\u00e7o deste ano o concorrente do GPA, <strong>Carrefour<\/strong> <strong>Brasil<\/strong>, anunciou uma sociedade com a startup Zaitt. Sendo assim, o objetivo era abrir uma loja f\u00edsica 100% tecnol\u00f3gica e automatizada.<\/p>\n<h2>Carrefour tamb\u00e9m implanta tecnologia em lojas<\/h2>\n<p>O sistema piloto implantado pelo Carrefour possibilita que o cliente fa\u00e7a suas compras e n\u00e3o precise passar pelo caixa. Sendo assim, ele precisa apenas de um aplicativo para escanear seus produtos. Esse sistema come\u00e7ou a funcionar no final de 2018.<\/p>\n<p><iframe loading=\"lazy\" title=\"?Via Varejo come\u00e7a ofensiva contra Magalu, GPA e Microsoft testam tecnologias em SP e Petrobras\" width=\"200\" height=\"113\" src=\"https:\/\/www.youtube.com\/embed\/uKcKMNOjWxc?feature=oembed\" frameborder=\"0\" allow=\"accelerometer; autoplay; encrypted-media; gyroscope; picture-in-picture\" allowfullscreen><\/iframe><\/p>\n<p>Segundo o mercado, o objetivo \u00e9 diminuir, em mais de 50%, o tempo que o consumidor usa nas lojas.<\/p>\n<p>No fim de 2019, o Carrefour espera que todas as lojas <strong>Express<\/strong> e <strong>Market<\/strong> j\u00e1 tenham este servi\u00e7o dispon\u00edvel.\u00a0Esta tecnologia j\u00e1 \u00e9 utilizada pela empresa <strong>Amazon.com<\/strong>, nos EUA.<\/p>\n\t<p>\n\t\t<a href=\"https:\/\/lp.statusinvest.com.br\/cl\/carteira-automatizada\/\" target=\"_blank\" data-element=\"shortcode-suno-banner\" title=\"Banner SUNO, clique e saiba mais\">\n\t\t\t<picture>\n\t\t\t\t<source media=\"(max-width: 500px)\" srcset=\"https:\/\/files.sunoresearch.com.br\/n\/uploads\/2024\/02\/400x300-Mobile.png\">\n\t\t\t\t<img class=\"newsContent__article__imgCapa newsContent__article__imgCapa--banner\"\n\t\t\t\t\tsrc=\"https:\/\/files.sunoresearch.com.br\/n\/uploads\/2024\/02\/1420x240-Desktop.png\"\n\t\t\t\t\tdata-promo-id=\"518879\"\t\t\t\t\t\t\t\t\t\twidth='1420' height='240'\t\t\t\t\talt=\"https:\/\/files.sunoresearch.com.br\/n\/uploads\/2024\/02\/1420x240-Desktop.png\"\n\t\t\t\t>\n\t\t\t<\/picture>\n\t\t<\/a>\n\t<\/p>\n\n\n<h2>GPA e tecnologia<\/h2>\n<p>De acordo com Antonio Salvador,\u00a0diretor de transforma\u00e7\u00e3o digital do GPA, as negocia\u00e7\u00f5es com a Microsoft foram iniciadas h\u00e1 cerca de tr\u00eas meses.<\/p>\n<p>Com o novo sistema tecnol\u00f3gico, os objetivos iniciais do grupo varejista s\u00e3o:<\/p>\n<ul>\n<li>desenvolver as tecnologias de reconhecimento facial<\/li>\n<li>scan &amp; go (cliente faz a compra e faz o pagamento sem precisar ir ao caixa)<\/li>\n<li>arm\u00e1rios para retirada de mercadorias compradas na nova loja que ser\u00e1 inaugurada at\u00e9 o fim do ano em S\u00e3o Paulo<\/li>\n<\/ul>\n<p>O executivo do GPA destacou a for\u00e7a de sua marca nas plataformas digitais, em entrevista.&#8221;As pessoas j\u00e1 usam mobile em nossas lojas para ativar promo\u00e7\u00f5es no aplicativo ou evitar filas no caixa&#8230; Agora queremos desenvolver solu\u00e7\u00f5es mais robustas que possamos escalar para as demais lojas&#8221;, afirmou.<\/p>\n<h2>Magazine Luiza e Netshoes<\/h2>\n<p>Enquanto alguns querem ir para o mercado online, outros querem o f\u00edsico. A loja de artigos esportivos, <strong>Netshoes<\/strong>, ficou famosa por oferecer produtos apenas via internet. Muitos consumidores n\u00e3o gostavam do fato da empresa n\u00e3o ter uma loja f\u00edsica. Em junho deste ano, a <strong>Magazine Luiza<\/strong> comprou a Netshoes.<\/p>\n<p>O diretor da Magazine Luiza, Frederico Trajano, afirmou em entrevista, na \u00faltima segunda-feira (1), que a Netshoes tem interesse em abrir lojas f\u00edsicas.<\/p>\n<p>O\u00a0CEO fechou a compra da loja online de artigos esportivos por cerca de R$ 440 milh\u00f5es, em junho deste ano.<\/p>\n\t<p>\n\t\t<a href=\"https:\/\/lp.suno.com.br\/suno-one\/?utm_campaign=_SNC6964518A_\" target=\"_blank\" data-element=\"shortcode-suno-banner\" title=\"Banner SUNO, clique e saiba mais\">\n\t\t\t<picture>\n\t\t\t\t<source media=\"(max-width: 500px)\" srcset=\"https:\/\/files.sunoresearch.com.br\/n\/uploads\/2025\/09\/400x300-Suno-One-png.webp\">\n\t\t\t\t<img class=\"newsContent__article__imgCapa newsContent__article__imgCapa--banner\"\n\t\t\t\t\tsrc=\"https:\/\/files.sunoresearch.com.br\/n\/uploads\/2025\/09\/1420x240-Suno-One-png.webp\"\n\t\t\t\t\tdata-promo-id=\"383121\"\t\t\t\t\t\t\t\t\t\twidth='1420' height='240'\t\t\t\t\talt=\"https:\/\/files.sunoresearch.com.br\/n\/uploads\/2025\/09\/1420x240-Suno-One-png.webp\"\n\t\t\t\t>\n\t\t\t<\/picture>\n\t\t<\/a>\n\t<\/p>\n\n\n","protected":false},"excerpt":{"rendered":"<p>O Grupo P\u00e3o de A\u00e7\u00facar (GPA) e a Microsoft anunciaram nesta quarta-feira (3) que est\u00e3o juntos em uma parceria para testar novas tecnologias no ambiente da varejista do setor aliment\u00edcio. A\u00e7\u00e3o PCAR3 desaba mais de 6% nesta sexta (4) Foto: Divulga\u00e7\u00e3o Grupo P\u00e3o de A\u00e7\u00facar Um dos planos das duas empresa \u00e9 abrir uma loja [&hellip;]<\/p>\n","protected":false},"author":19,"featured_media":29342,"comment_status":"closed","ping_status":"closed","sticky":false,"template":"","format":"standard","meta":[],"categories":[64],"tags":[405,1964,688],"suno_strategy":[],"class_list":["post-29949","post","type-post","status-publish","format-standard","has-post-thumbnail","hentry","category-negocios","tag-carrefour-crfb3","tag-grupo-pao-de-acucar-pcar3-pcar4","tag-microsoft-msft34"],"yoast_head":"<!-- This site is optimized with the Yoast SEO plugin v24.4 - https:\/\/yoast.com\/wordpress\/plugins\/seo\/ -->\n<title>GPA e Microsoft fazem parceria para testar tecnologias de varejo em SP<\/title>\n<meta name=\"description\" content=\"O Grupo P\u00e3o de A\u00e7\u00facar (GPA) e a Microsoft anunciaram uma parceria tecnol\u00f3gica nesta quarta-feira (3). Clique aqui e saiba mais.\" \/>\n<meta name=\"robots\" content=\"index, follow, max-snippet:-1, max-image-preview:large, max-video-preview:-1\" \/>\n<link rel=\"canonical\" href=\"https:\/\/www.suno.com.br\/noticias\/gpa-microsoft-parceria-testar-tecnologias-de-varejo-sp\/\" \/>\n<meta property=\"og:locale\" content=\"pt_BR\" \/>\n<meta property=\"og:type\" content=\"article\" \/>\n<meta property=\"og:title\" content=\"GPA e Microsoft fazem parceria para testar tecnologias de varejo em SP\" \/>\n<meta property=\"og:description\" content=\"O Grupo P\u00e3o de A\u00e7\u00facar (GPA) e a Microsoft anunciaram uma parceria tecnol\u00f3gica nesta quarta-feira (3). Clique aqui e saiba mais.\" \/>\n<meta property=\"og:url\" content=\"https:\/\/www.suno.com.br\/noticias\/gpa-microsoft-parceria-testar-tecnologias-de-varejo-sp\/\" \/>\n<meta property=\"og:site_name\" content=\"Suno Not\u00edcias\" \/>\n<meta property=\"article:publisher\" content=\"https:\/\/facebook.com\/sunoresearch\" \/>\n<meta property=\"og:image\" content=\"https:\/\/files.sunoresearch.com.br\/n\/uploads\/2019\/06\/ecee5fa6-pao-de-acucar-gpa-.jpg\" \/>\n\t<meta property=\"og:image:width\" content=\"1600\" \/>\n\t<meta property=\"og:image:height\" content=\"1067\" \/>\n\t<meta property=\"og:image:type\" content=\"image\/jpeg\" \/>\n<meta name=\"author\" content=\"Juliano Passaro\" \/>\n<meta name=\"twitter:card\" content=\"summary_large_image\" \/>\n<meta name=\"twitter:creator\" content=\"@sunoresearch\" \/>\n<meta name=\"twitter:site\" content=\"@sunoresearch\" \/>\n<meta name=\"twitter:label1\" content=\"Escrito por\" \/>\n\t<meta name=\"twitter:data1\" content=\"Juliano Passaro\" \/>\n\t<meta name=\"twitter:label2\" content=\"Est. tempo de leitura\" \/>\n\t<meta name=\"twitter:data2\" content=\"2 minutos\" \/>\n<script type=\"application\/ld+json\" class=\"yoast-schema-graph\">{\"@context\":\"https:\/\/schema.org\",\"@graph\":[{\"@type\":\"NewsArticle\",\"@id\":\"https:\/\/www.suno.com.br\/noticias\/gpa-microsoft-parceria-testar-tecnologias-de-varejo-sp\/#article\",\"isPartOf\":{\"@id\":\"https:\/\/www.suno.com.br\/noticias\/gpa-microsoft-parceria-testar-tecnologias-de-varejo-sp\/\"},\"author\":{\"name\":\"Juliano Passaro\",\"@id\":\"https:\/\/www.suno.com.br\/noticias\/#\/schema\/person\/1db762f78ffd8919a648a63e425953e3\"},\"headline\":\"GPA e Microsoft fazem parceria para testar tecnologias de varejo em SP\",\"datePublished\":\"2019-07-03T14:36:48+00:00\",\"dateModified\":\"2021-02-18T01:30:09+00:00\",\"mainEntityOfPage\":{\"@id\":\"https:\/\/www.suno.com.br\/noticias\/gpa-microsoft-parceria-testar-tecnologias-de-varejo-sp\/\"},\"wordCount\":496,\"publisher\":{\"@id\":\"https:\/\/www.suno.com.br\/noticias\/#organization\"},\"image\":{\"@id\":\"https:\/\/www.suno.com.br\/noticias\/gpa-microsoft-parceria-testar-tecnologias-de-varejo-sp\/#primaryimage\"},\"thumbnailUrl\":\"https:\/\/files.sunoresearch.com.br\/n\/uploads\/2019\/06\/ecee5fa6-pao-de-acucar-gpa-.jpg\",\"keywords\":[\"Carrefour (CRFB3)\",\"Grupo P\u00e3o de A\u00e7\u00facar (PCAR3\/PCAR4)\",\"Microsoft (MSFT34)\"],\"articleSection\":[\"Neg\u00f3cios\"],\"inLanguage\":\"pt-BR\"},{\"@type\":\"WebPage\",\"@id\":\"https:\/\/www.suno.com.br\/noticias\/gpa-microsoft-parceria-testar-tecnologias-de-varejo-sp\/\",\"url\":\"https:\/\/www.suno.com.br\/noticias\/gpa-microsoft-parceria-testar-tecnologias-de-varejo-sp\/\",\"name\":\"GPA e Microsoft fazem parceria para testar tecnologias de varejo em SP\",\"isPartOf\":{\"@id\":\"https:\/\/www.suno.com.br\/noticias\/#website\"},\"primaryImageOfPage\":{\"@id\":\"https:\/\/www.suno.com.br\/noticias\/gpa-microsoft-parceria-testar-tecnologias-de-varejo-sp\/#primaryimage\"},\"image\":{\"@id\":\"https:\/\/www.suno.com.br\/noticias\/gpa-microsoft-parceria-testar-tecnologias-de-varejo-sp\/#primaryimage\"},\"thumbnailUrl\":\"https:\/\/files.sunoresearch.com.br\/n\/uploads\/2019\/06\/ecee5fa6-pao-de-acucar-gpa-.jpg\",\"datePublished\":\"2019-07-03T14:36:48+00:00\",\"dateModified\":\"2021-02-18T01:30:09+00:00\",\"description\":\"O Grupo P\u00e3o de A\u00e7\u00facar (GPA) e a Microsoft anunciaram uma parceria tecnol\u00f3gica nesta quarta-feira (3). Clique aqui e saiba mais.\",\"breadcrumb\":{\"@id\":\"https:\/\/www.suno.com.br\/noticias\/gpa-microsoft-parceria-testar-tecnologias-de-varejo-sp\/#breadcrumb\"},\"inLanguage\":\"pt-BR\",\"potentialAction\":[{\"@type\":\"ReadAction\",\"target\":[\"https:\/\/www.suno.com.br\/noticias\/gpa-microsoft-parceria-testar-tecnologias-de-varejo-sp\/\"]}]},{\"@type\":\"ImageObject\",\"inLanguage\":\"pt-BR\",\"@id\":\"https:\/\/www.suno.com.br\/noticias\/gpa-microsoft-parceria-testar-tecnologias-de-varejo-sp\/#primaryimage\",\"url\":\"https:\/\/files.sunoresearch.com.br\/n\/uploads\/2019\/06\/ecee5fa6-pao-de-acucar-gpa-.jpg\",\"contentUrl\":\"https:\/\/files.sunoresearch.com.br\/n\/uploads\/2019\/06\/ecee5fa6-pao-de-acucar-gpa-.jpg\",\"width\":1600,\"height\":1067,\"caption\":\"A\u00e7\u00e3o PCAR3 desaba mais de 6% nesta sexta (4) Foto: Divulga\u00e7\u00e3o Grupo P\u00e3o de A\u00e7\u00facar\"},{\"@type\":\"BreadcrumbList\",\"@id\":\"https:\/\/www.suno.com.br\/noticias\/gpa-microsoft-parceria-testar-tecnologias-de-varejo-sp\/#breadcrumb\",\"itemListElement\":[{\"@type\":\"ListItem\",\"position\":1,\"name\":\"Not\u00edcias\",\"item\":\"https:\/\/www.suno.com.br\/noticias\/\"},{\"@type\":\"ListItem\",\"position\":2,\"name\":\"Neg\u00f3cios\",\"item\":\"https:\/\/www.suno.com.br\/noticias\/negocios\/\"},{\"@type\":\"ListItem\",\"position\":3,\"name\":\"GPA e Microsoft fazem parceria para testar tecnologias de varejo em SP\"}]},{\"@type\":\"WebSite\",\"@id\":\"https:\/\/www.suno.com.br\/noticias\/#website\",\"url\":\"https:\/\/www.suno.com.br\/noticias\/\",\"name\":\"Suno Not\u00edcias\",\"description\":\"Seu portal de informa\u00e7\u00e3o sobre o mundo dos investimentos\",\"publisher\":{\"@id\":\"https:\/\/www.suno.com.br\/noticias\/#organization\"},\"potentialAction\":[{\"@type\":\"SearchAction\",\"target\":{\"@type\":\"EntryPoint\",\"urlTemplate\":\"https:\/\/www.suno.com.br\/noticias\/?s={search_term_string}\"},\"query-input\":{\"@type\":\"PropertyValueSpecification\",\"valueRequired\":true,\"valueName\":\"search_term_string\"}}],\"inLanguage\":\"pt-BR\"},{\"@type\":\"Organization\",\"@id\":\"https:\/\/www.suno.com.br\/noticias\/#organization\",\"name\":\"Suno Not\u00edcias\",\"url\":\"https:\/\/www.suno.com.br\/noticias\/\",\"logo\":{\"@type\":\"ImageObject\",\"inLanguage\":\"pt-BR\",\"@id\":\"https:\/\/www.suno.com.br\/noticias\/#\/schema\/logo\/image\/\",\"url\":\"https:\/\/files.sunoresearch.com.br\/n\/uploads\/2021\/09\/suno-logo.png\",\"contentUrl\":\"https:\/\/files.sunoresearch.com.br\/n\/uploads\/2021\/09\/suno-logo.png\",\"width\":180,\"height\":180,\"caption\":\"Suno Not\u00edcias\"},\"image\":{\"@id\":\"https:\/\/www.suno.com.br\/noticias\/#\/schema\/logo\/image\/\"},\"sameAs\":[\"https:\/\/facebook.com\/sunoresearch\",\"https:\/\/x.com\/sunoresearch\",\"https:\/\/www.instagram.com\/suno\",\"https:\/\/www.linkedin.com\/company\/suno-research\/\",\"https:\/\/www.youtube.com\/c\/sunoresearch\"]},{\"@type\":\"Person\",\"@id\":\"https:\/\/www.suno.com.br\/noticias\/#\/schema\/person\/1db762f78ffd8919a648a63e425953e3\",\"name\":\"Juliano Passaro\",\"image\":{\"@type\":\"ImageObject\",\"inLanguage\":\"pt-BR\",\"@id\":\"https:\/\/www.suno.com.br\/noticias\/#\/schema\/person\/image\/\",\"url\":\"https:\/\/secure.gravatar.com\/avatar\/743d4df28eebf6dcc46b4ad03c319e92?s=96&r=g\",\"contentUrl\":\"https:\/\/secure.gravatar.com\/avatar\/743d4df28eebf6dcc46b4ad03c319e92?s=96&r=g\",\"caption\":\"Juliano Passaro\"},\"description\":\"Juliano Passaro escreve sobre pol\u00edtica, economia e neg\u00f3cios para o portal da Suno Research. Antes da Suno, trabalhou no Portal da Band. \u00c9 formado em jornalismo pela Universidade Presbiteriana Mackenzie.\",\"url\":\"https:\/\/www.suno.com.br\/noticias\/author\/juliano\/\"}]}<\/script>\n<!-- \/ Yoast SEO plugin. -->","yoast_head_json":{"title":"GPA e Microsoft fazem parceria para testar tecnologias de varejo em SP","description":"O Grupo P\u00e3o de A\u00e7\u00facar (GPA) e a Microsoft anunciaram uma parceria tecnol\u00f3gica nesta quarta-feira (3). Clique aqui e saiba mais.","robots":{"index":"index","follow":"follow","max-snippet":"max-snippet:-1","max-image-preview":"max-image-preview:large","max-video-preview":"max-video-preview:-1"},"canonical":"https:\/\/www.suno.com.br\/noticias\/gpa-microsoft-parceria-testar-tecnologias-de-varejo-sp\/","og_locale":"pt_BR","og_type":"article","og_title":"GPA e Microsoft fazem parceria para testar tecnologias de varejo em SP","og_description":"O Grupo P\u00e3o de A\u00e7\u00facar (GPA) e a Microsoft anunciaram uma parceria tecnol\u00f3gica nesta quarta-feira (3). Clique aqui e saiba mais.","og_url":"https:\/\/www.suno.com.br\/noticias\/gpa-microsoft-parceria-testar-tecnologias-de-varejo-sp\/","og_site_name":"Suno Not\u00edcias","article_publisher":"https:\/\/facebook.com\/sunoresearch","og_image":[{"width":1600,"height":1067,"url":"https:\/\/files.sunoresearch.com.br\/n\/uploads\/2019\/06\/ecee5fa6-pao-de-acucar-gpa-.jpg","type":"image\/jpeg"}],"author":"Juliano Passaro","twitter_card":"summary_large_image","twitter_creator":"@sunoresearch","twitter_site":"@sunoresearch","twitter_misc":{"Escrito por":"Juliano Passaro","Est. tempo de leitura":"2 minutos"},"schema":{"@context":"https:\/\/schema.org","@graph":[{"@type":"NewsArticle","@id":"https:\/\/www.suno.com.br\/noticias\/gpa-microsoft-parceria-testar-tecnologias-de-varejo-sp\/#article","isPartOf":{"@id":"https:\/\/www.suno.com.br\/noticias\/gpa-microsoft-parceria-testar-tecnologias-de-varejo-sp\/"},"author":{"name":"Juliano Passaro","@id":"https:\/\/www.suno.com.br\/noticias\/#\/schema\/person\/1db762f78ffd8919a648a63e425953e3"},"headline":"GPA e Microsoft fazem parceria para testar tecnologias de varejo em SP","datePublished":"2019-07-03T14:36:48+00:00","dateModified":"2021-02-18T01:30:09+00:00","mainEntityOfPage":{"@id":"https:\/\/www.suno.com.br\/noticias\/gpa-microsoft-parceria-testar-tecnologias-de-varejo-sp\/"},"wordCount":496,"publisher":{"@id":"https:\/\/www.suno.com.br\/noticias\/#organization"},"image":{"@id":"https:\/\/www.suno.com.br\/noticias\/gpa-microsoft-parceria-testar-tecnologias-de-varejo-sp\/#primaryimage"},"thumbnailUrl":"https:\/\/files.sunoresearch.com.br\/n\/uploads\/2019\/06\/ecee5fa6-pao-de-acucar-gpa-.jpg","keywords":["Carrefour (CRFB3)","Grupo P\u00e3o de A\u00e7\u00facar (PCAR3\/PCAR4)","Microsoft (MSFT34)"],"articleSection":["Neg\u00f3cios"],"inLanguage":"pt-BR"},{"@type":"WebPage","@id":"https:\/\/www.suno.com.br\/noticias\/gpa-microsoft-parceria-testar-tecnologias-de-varejo-sp\/","url":"https:\/\/www.suno.com.br\/noticias\/gpa-microsoft-parceria-testar-tecnologias-de-varejo-sp\/","name":"GPA e Microsoft fazem parceria para testar tecnologias de varejo em SP","isPartOf":{"@id":"https:\/\/www.suno.com.br\/noticias\/#website"},"primaryImageOfPage":{"@id":"https:\/\/www.suno.com.br\/noticias\/gpa-microsoft-parceria-testar-tecnologias-de-varejo-sp\/#primaryimage"},"image":{"@id":"https:\/\/www.suno.com.br\/noticias\/gpa-microsoft-parceria-testar-tecnologias-de-varejo-sp\/#primaryimage"},"thumbnailUrl":"https:\/\/files.sunoresearch.com.br\/n\/uploads\/2019\/06\/ecee5fa6-pao-de-acucar-gpa-.jpg","datePublished":"2019-07-03T14:36:48+00:00","dateModified":"2021-02-18T01:30:09+00:00","description":"O Grupo P\u00e3o de A\u00e7\u00facar (GPA) e a Microsoft anunciaram uma parceria tecnol\u00f3gica nesta quarta-feira (3). Clique aqui e saiba mais.","breadcrumb":{"@id":"https:\/\/www.suno.com.br\/noticias\/gpa-microsoft-parceria-testar-tecnologias-de-varejo-sp\/#breadcrumb"},"inLanguage":"pt-BR","potentialAction":[{"@type":"ReadAction","target":["https:\/\/www.suno.com.br\/noticias\/gpa-microsoft-parceria-testar-tecnologias-de-varejo-sp\/"]}]},{"@type":"ImageObject","inLanguage":"pt-BR","@id":"https:\/\/www.suno.com.br\/noticias\/gpa-microsoft-parceria-testar-tecnologias-de-varejo-sp\/#primaryimage","url":"https:\/\/files.sunoresearch.com.br\/n\/uploads\/2019\/06\/ecee5fa6-pao-de-acucar-gpa-.jpg","contentUrl":"https:\/\/files.sunoresearch.com.br\/n\/uploads\/2019\/06\/ecee5fa6-pao-de-acucar-gpa-.jpg","width":1600,"height":1067,"caption":"A\u00e7\u00e3o PCAR3 desaba mais de 6% nesta sexta (4) Foto: Divulga\u00e7\u00e3o Grupo P\u00e3o de A\u00e7\u00facar"},{"@type":"BreadcrumbList","@id":"https:\/\/www.suno.com.br\/noticias\/gpa-microsoft-parceria-testar-tecnologias-de-varejo-sp\/#breadcrumb","itemListElement":[{"@type":"ListItem","position":1,"name":"Not\u00edcias","item":"https:\/\/www.suno.com.br\/noticias\/"},{"@type":"ListItem","position":2,"name":"Neg\u00f3cios","item":"https:\/\/www.suno.com.br\/noticias\/negocios\/"},{"@type":"ListItem","position":3,"name":"GPA e Microsoft fazem parceria para testar tecnologias de varejo em SP"}]},{"@type":"WebSite","@id":"https:\/\/www.suno.com.br\/noticias\/#website","url":"https:\/\/www.suno.com.br\/noticias\/","name":"Suno Not\u00edcias","description":"Seu portal de informa\u00e7\u00e3o sobre o mundo dos investimentos","publisher":{"@id":"https:\/\/www.suno.com.br\/noticias\/#organization"},"potentialAction":[{"@type":"SearchAction","target":{"@type":"EntryPoint","urlTemplate":"https:\/\/www.suno.com.br\/noticias\/?s={search_term_string}"},"query-input":{"@type":"PropertyValueSpecification","valueRequired":true,"valueName":"search_term_string"}}],"inLanguage":"pt-BR"},{"@type":"Organization","@id":"https:\/\/www.suno.com.br\/noticias\/#organization","name":"Suno Not\u00edcias","url":"https:\/\/www.suno.com.br\/noticias\/","logo":{"@type":"ImageObject","inLanguage":"pt-BR","@id":"https:\/\/www.suno.com.br\/noticias\/#\/schema\/logo\/image\/","url":"https:\/\/files.sunoresearch.com.br\/n\/uploads\/2021\/09\/suno-logo.png","contentUrl":"https:\/\/files.sunoresearch.com.br\/n\/uploads\/2021\/09\/suno-logo.png","width":180,"height":180,"caption":"Suno Not\u00edcias"},"image":{"@id":"https:\/\/www.suno.com.br\/noticias\/#\/schema\/logo\/image\/"},"sameAs":["https:\/\/facebook.com\/sunoresearch","https:\/\/x.com\/sunoresearch","https:\/\/www.instagram.com\/suno","https:\/\/www.linkedin.com\/company\/suno-research\/","https:\/\/www.youtube.com\/c\/sunoresearch"]},{"@type":"Person","@id":"https:\/\/www.suno.com.br\/noticias\/#\/schema\/person\/1db762f78ffd8919a648a63e425953e3","name":"Juliano Passaro","image":{"@type":"ImageObject","inLanguage":"pt-BR","@id":"https:\/\/www.suno.com.br\/noticias\/#\/schema\/person\/image\/","url":"https:\/\/secure.gravatar.com\/avatar\/743d4df28eebf6dcc46b4ad03c319e92?s=96&r=g","contentUrl":"https:\/\/secure.gravatar.com\/avatar\/743d4df28eebf6dcc46b4ad03c319e92?s=96&r=g","caption":"Juliano Passaro"},"description":"Juliano Passaro escreve sobre pol\u00edtica, economia e neg\u00f3cios para o portal da Suno Research. Antes da Suno, trabalhou no Portal da Band. \u00c9 formado em jornalismo pela Universidade Presbiteriana Mackenzie.","url":"https:\/\/www.suno.com.br\/noticias\/author\/juliano\/"}]}},"default_loop_html":"<div class=\"cardsPage__listCard__boxs\"><div class=\"cardsPage__listCard__boxs__img\"><a href=\"https:\/\/www.suno.com.br\/noticias\/gpa-microsoft-parceria-testar-tecnologias-de-varejo-sp\/\"><img class=\"mask\" src=\"https:\/\/www.suno.com.br\/noticias\/wp-content\/themes\/suno\/resources\/images\/spotlight\/spotlight1img\/bg-mask.png\" alt=\"Image Mask\"\/><img src=\"https:\/\/files.sunoresearch.com.br\/n\/uploads\/2019\/06\/ecee5fa6-pao-de-acucar-gpa--400x200.webp\" alt=\"GPA e Microsoft fazem parceria para testar tecnologias de varejo em SP\"\/><\/a><span class=\"spotlightCategory\"><a href=\"https:\/\/www.suno.com.br\/noticias\/negocios\/\">Neg\u00f3cios<\/a><\/span><\/div><div class=\"cardsPage__listCard__boxs__content\"><a href=\"https:\/\/www.suno.com.br\/noticias\/gpa-microsoft-parceria-testar-tecnologias-de-varejo-sp\/\"><h2 class=\"content__title\">GPA e Microsoft fazem parceria para testar tecnologias de varejo em SP<\/h2><\/a><div class=\"newsContent__article__meta\"><div class=\"newsContent__article__meta__authorBox\"><a href=\"https:\/\/www.suno.com.br\/noticias\/author\/juliano\/\" class=\"authorBox__avatar noMobi\"><img src=\"https:\/\/files.sunoresearch.com.br\/n\/uploads\/2019\/06\/7cc3efea-whatsapp-image-2019-07-18-at-21.59.33-e1563499821209-150x150.webp\" alt=\"Juliano Passaro\"><\/a><div class=\"authorBox__name\"><span>por\n\t\t\t<a href=\"https:\/\/www.suno.com.br\/noticias\/author\/juliano\/\"><span itemprop=\"author\">Juliano Passaro<\/span><\/a><\/span><time datetime=\"2019-07-03T11:36:48-03:00\" itemprop=\"datePublished\">03\/07\/2019 11:36<\/time><\/div><\/div><\/div><\/div><\/div>","single_layout":"posts","amp_enabled":true,"_links":{"self":[{"href":"https:\/\/www.suno.com.br\/noticias\/wp-json\/wp\/v2\/posts\/29949"}],"collection":[{"href":"https:\/\/www.suno.com.br\/noticias\/wp-json\/wp\/v2\/posts"}],"about":[{"href":"https:\/\/www.suno.com.br\/noticias\/wp-json\/wp\/v2\/types\/post"}],"author":[{"embeddable":true,"href":"https:\/\/www.suno.com.br\/noticias\/wp-json\/wp\/v2\/users\/19"}],"replies":[{"embeddable":true,"href":"https:\/\/www.suno.com.br\/noticias\/wp-json\/wp\/v2\/comments?post=29949"}],"version-history":[{"count":0,"href":"https:\/\/www.suno.com.br\/noticias\/wp-json\/wp\/v2\/posts\/29949\/revisions"}],"wp:featuredmedia":[{"embeddable":true,"href":"https:\/\/www.suno.com.br\/noticias\/wp-json\/wp\/v2\/media\/29342"}],"wp:attachment":[{"href":"https:\/\/www.suno.com.br\/noticias\/wp-json\/wp\/v2\/media?parent=29949"}],"wp:term":[{"taxonomy":"category","embeddable":true,"href":"https:\/\/www.suno.com.br\/noticias\/wp-json\/wp\/v2\/categories?post=29949"},{"taxonomy":"post_tag","embeddable":true,"href":"https:\/\/www.suno.com.br\/noticias\/wp-json\/wp\/v2\/tags?post=29949"},{"taxonomy":"suno_strategy","embeddable":true,"href":"https:\/\/www.suno.com.br\/noticias\/wp-json\/wp\/v2\/suno_strategy?post=29949"}],"curies":[{"name":"wp","href":"https:\/\/api.w.org\/{rel}","templated":true}]}}