{"id":299465,"date":"2022-09-19T22:13:22","date_gmt":"2022-09-20T01:13:22","guid":{"rendered":"https:\/\/www.suno.com.br\/noticias\/?p=299465"},"modified":"2022-09-19T22:13:22","modified_gmt":"2022-09-20T01:13:22","slug":"orcamento-2023-piso-da-enfermagem-fora-teto","status":"publish","type":"post","link":"https:\/\/www.suno.com.br\/noticias\/orcamento-2023-piso-da-enfermagem-fora-teto\/","title":{"rendered":"Or\u00e7amento 2023: Relator defende deixar piso da enfermagem fora do teto"},"content":{"rendered":"<p>O relator-geral do Or\u00e7amento de 2023, senador Marcelo Castro (MDB-PI), defendeu nesta segunda-feira (19) que os recursos para pagar o <strong>piso da enfermagem<\/strong> fiquem de fora do <a class=\"suno-keyword\" href=\"https:\/\/www.suno.com.br\/artigos\/teto-de-gastos\/\" target=\"_blank\" rel=\"noopener\" data-force=\"no\" data-priority=\"1\">teto de gastos<\/a> &#8211; a regra que limita o crescimento das despesas do governo \u00e0 infla\u00e7\u00e3o do ano anterior.<\/p>\t<div class=\"wrapper-featured-image\">\n\t\t<figure class=\"spotlightImg\">\n\n\t\t\t<picture>\n\t\t\t\t<source media=\"(max-width: 768px)\" srcset=\"https:\/\/files.sunoresearch.com.br\/n\/uploads\/2021\/07\/60d901f9-pzzb1951-2-400x200.jpg\">\n\t\t\t\t<img loading=\"lazy\" decoding=\"async\" class=\"newsContent__article__imgCapa lazyloadDisabled \" src=\"https:\/\/files.sunoresearch.com.br\/n\/uploads\/2021\/07\/60d901f9-pzzb1951-2-800x450.jpg\" width=\"800\" height=\"450\" alt=\"Or\u00e7amento 2023: Relator defende deixar piso da enfermagem fora do teto\" fetchpriority=high \/>\n\t\t\t<\/picture>\n\n\t\t\t<figcaption class=\"wp-caption-text wp-caption-text--show\">Congresso aprova Or\u00e7amento com sal\u00e1rio m\u00ednimo de R$ 1.320 para 2023. Foto: Fabio Rodrigues Pozzebom\/Ag\u00eancia Brasil<\/figcaption>\n\t\t<\/figure>\n\t<\/div>\n\n\n\t<p>\n\t\t<a href=\"\" target=\"_blank\" data-element=\"shortcode-suno-banner\" title=\"Banner SUNO, clique e saiba mais\">\n\t\t\t<picture>\n\t\t\t\t<source media=\"(max-width: 500px)\" srcset=\"\">\n\t\t\t\t<img class=\"newsContent__article__imgCapa newsContent__article__imgCapa--banner\"\n\t\t\t\t\tsrc=\"\"\n\t\t\t\t\tdata-promo-id=\"240038\"\t\t\t\t\t\t\t\t\t\t\t\t\t\t\talt=\"\"\n\t\t\t\t>\n\t\t\t<\/picture>\n\t\t<\/a>\n\t<\/p>\n\n\n<p>O parlamentar deve sugerir amanh\u00e3 ao presidente do Senado, Rodrigo Pacheco (PSD-MG), que a medida seja inclu\u00edda em eventual Proposta de Emenda \u00e0 Constitui\u00e7\u00e3o (PEC) para manter o valor do Aux\u00edlio Brasil em R$ 600.<\/p>\n<p>Pacheco se reuniu hoje com senadores e debateu alternativas para bancar o piso da enfermagem, anteriormente suspenso por determina\u00e7\u00e3o do Supremo Tribunal Federal (STF). O parlamentar tamb\u00e9m se encontrou com o ministro da Economia, <strong>Paulo Guedes<\/strong>.<\/p>\n<p>Ao comentar o assunto, Marcelo Castro lembrou que n\u00e3o h\u00e1 espa\u00e7o no <strong>Or\u00e7amento<\/strong> do ano que vem para o pagamento do Aux\u00edlio de R$ 600 e, por isso, o mais prov\u00e1vel \u00e9 que o Congresso aprove uma PEC para tornar esse valor permanente.<\/p>\n<p>\u00c0s v\u00e9speras da elei\u00e7\u00e3o, o governo patrocinou uma emenda constitucional para elevar esse montante de R$ 400 para R$ 600, mas a medida s\u00f3 vale at\u00e9 o final do ano. No Projeto de <a class=\"suno-keyword\" href=\"https:\/\/www.suno.com.br\/artigos\/lei-orcamentaria-anual\/\" target=\"_blank\" rel=\"noopener\" data-force=\"no\" data-priority=\"2\">Lei Or\u00e7ament\u00e1ria Anual<\/a> (PLOA) de 2023, o valor m\u00e9dio do Aux\u00edlio Brasil ficou em R$ 405.<\/p>\n<p>&#8220;J\u00e1 que vamos fazer a PEC para isso, n\u00f3s, ent\u00e3o, levar\u00edamos em conta esses recursos para a enfermagem&#8221;, disse Castro, ao enfatizar que os dois principais candidatos ao Pal\u00e1cio do Planalto, o presidente Jair Bolsonaro (PL) e o ex-presidente Luiz In\u00e1cio Lula da Silva (PT), j\u00e1 prometeram manter o Aux\u00edlio em R$ 600.<\/p>\n<p>&#8220;N\u00e3o h\u00e1 espa\u00e7o or\u00e7ament\u00e1rio para isso. Ent\u00e3o o que \u00e9 que eu disse: n\u00e3o h\u00e1 outra maneira de cumprir essa promessa a n\u00e3o ser excepcionalizando o teto de gastos. Para fazer essa excepcionaliza\u00e7\u00e3o, n\u00f3s precisamos apresentar uma emenda constitucional&#8221;, emendou o senador.<\/p>\n\t<p>\n\t\t<a href=\"https:\/\/lp.suno.com.br\/planilha-controle-gastos\/\" target=\"_blank\" data-element=\"shortcode-suno-banner\" title=\"Banner SUNO, clique e saiba mais\">\n\t\t\t<picture>\n\t\t\t\t<source media=\"(max-width: 500px)\" srcset=\"https:\/\/files.sunoresearch.com.br\/n\/uploads\/2023\/03\/400x300-Planilha-controle-de-gastos.png\">\n\t\t\t\t<img class=\"newsContent__article__imgCapa newsContent__article__imgCapa--banner\"\n\t\t\t\t\tsrc=\"https:\/\/files.sunoresearch.com.br\/n\/uploads\/2023\/03\/1420x240-Planilha-controle-de-gastos.png\"\n\t\t\t\t\tdata-promo-id=\"101751\"\t\t\t\t\t\t\t\t\t\twidth='1420' height='240'\t\t\t\t\talt=\"https:\/\/files.sunoresearch.com.br\/n\/uploads\/2023\/03\/1420x240-Planilha-controle-de-gastos.png\"\n\t\t\t\t>\n\t\t\t<\/picture>\n\t\t<\/a>\n\t<\/p>\n\n\n<p>Castro lembrou que n\u00e3o basta o governo indicar a fonte de recursos para bancar o Aux\u00edlio Brasil ou o piso da enfermagem. \u00c9 preciso acomodar as despesas no teto de gastos. &#8220;Para a gente gastar em uma rubrica, tem de tirar de outra. Ent\u00e3o, de onde n\u00f3s vamos tirar? \u00c9 imposs\u00edvel&#8221;, declarou.<\/p>\n<p>Senadores tamb\u00e9m sugeriram a Pacheco usar recursos do or\u00e7amento secreto para custear o piso da enfermagem. &#8220;Isso nos ajudaria em dois pontos, basicamente. Operacionalmente, em termos de or\u00e7amento, ajudaria a pagar, de fato, essa conta. E, em segundo lugar, politicamente, ajudaria o Congresso a melhorar sua imagem&#8221;, afirmou o senador Jean Paul Prates (PT-RN), l\u00edder da Minoria no Senado, que tamb\u00e9m sugeriu uma PEC para viabilizar esse arranjo<\/p>\n<p>O relator-geral do Or\u00e7amento, contudo, v\u00ea com ressalvas a possibilidade de usar a verba do or\u00e7amento secreto para garantir o piso. &#8220;Nesse aspecto, eu chamei a aten\u00e7\u00e3o de que esse RP9, essas emendas de relator, t\u00eam R$ 10 bilh\u00f5es que foram destinados para a Sa\u00fade e que isso comp\u00f5e o piso que a Sa\u00fade \u00e9 obrigada a gastar&#8221;, disse.<\/p>\n<p>&#8220;N\u00f3s precisar\u00edamos pegar uma parte do RP9 que n\u00e3o fosse desses R$ 10 bilh\u00f5es, porque se a gente tirar qualquer valor desses R$ 10 bilh\u00f5es, n\u00f3s deixar\u00edamos de cumprir os recursos da Sa\u00fade. A n\u00e3o ser que seja computada como despesa da Sa\u00fade, o que, evidentemente, para passar para os Estados e munic\u00edpios, n\u00e3o daria certo&#8221;, emendou Castro.<\/p>\n<h2><b>Suspens\u00e3o do piso da enfermagem\u00a0<\/b><\/h2>\n<p>Na \u00faltima quinta-feira, 15, o Supremo Tribunal Federal (STF) formou maioria pela suspens\u00e3o do piso nacional da enfermagem. Naquele dia, Pacheco disse que apresentaria &#8220;solu\u00e7\u00f5es poss\u00edveis&#8221; para garantir fontes de custeio para a manuten\u00e7\u00e3o da lei aprovada no Congresso.<\/p>\n<p>O piso da enfermagem foi sancionado pelo presidente Jair Bolsonaro (PL) no \u00faltimo dia 4, em cerim\u00f4nia no Planalto transformada em ato pol\u00edtico, ap\u00f3s intensas discuss\u00f5es nos bastidores do governo. A lei estabelece piso salarial que varia de R$ 2.375,00 a R$ 4.750,00 para enfermeiros, t\u00e9cnicos de enfermagem, auxiliares de enfermagem e parteiras.<\/p>\n<p>A decis\u00e3o de suspender o <strong>piso da enfermagem<\/strong> foi tomada no \u00faltimo dia 4 pelo ministro Lu\u00eds Roberto Barroso. O magistrado deu 60 dias para entidades p\u00fablicas e privadas de sa\u00fade se manifestarem sobre o impacto da medida na situa\u00e7\u00e3o financeira de Estados e munic\u00edpios.<\/p>\n<p class=\"newsProviderSignature\">(<em>Com informa\u00e7\u00f5es do Estad\u00e3o Conte\u00fado)<\/em><\/p>\n\t<p>\n\t\t<a href=\"https:\/\/lp.suno.com.br\/planilha-da-vida-financeira\/\" target=\"_blank\" data-element=\"shortcode-suno-banner\" title=\"Banner SUNO, clique e saiba mais\">\n\t\t\t<picture>\n\t\t\t\t<source media=\"(max-width: 500px)\" srcset=\"https:\/\/files.sunoresearch.com.br\/n\/uploads\/2023\/04\/400x300-Planilha-vida-financeira-true.png\">\n\t\t\t\t<img class=\"newsContent__article__imgCapa newsContent__article__imgCapa--banner\"\n\t\t\t\t\tsrc=\"https:\/\/files.sunoresearch.com.br\/n\/uploads\/2023\/04\/1420x240-Planilha-vida-financeira-true.png\"\n\t\t\t\t\tdata-promo-id=\"106682\"\t\t\t\t\t\t\t\t\t\twidth='1420' height='240'\t\t\t\t\talt=\"https:\/\/files.sunoresearch.com.br\/n\/uploads\/2023\/04\/1420x240-Planilha-vida-financeira-true.png\"\n\t\t\t\t>\n\t\t\t<\/picture>\n\t\t<\/a>\n\t<\/p>\n\n\n","protected":false},"excerpt":{"rendered":"<p>O relator-geral do Or\u00e7amento de 2023, senador Marcelo Castro (MDB-PI), defendeu nesta segunda-feira (19) que os recursos para pagar o piso da enfermagem fiquem de fora do teto de gastos &#8211; a regra que limita o crescimento das despesas do governo \u00e0 infla\u00e7\u00e3o do ano anterior. Congresso aprova Or\u00e7amento com sal\u00e1rio m\u00ednimo de R$ 1.320 [&hellip;]<\/p>\n","protected":false},"author":43,"featured_media":166071,"comment_status":"closed","ping_status":"closed","sticky":false,"template":"","format":"standard","meta":[],"categories":[62],"tags":[1128],"suno_strategy":[],"class_list":["post-299465","post","type-post","status-publish","format-standard","has-post-thumbnail","hentry","category-economia","tag-orcamento-publico"],"yoast_head":"<!-- This site is optimized with the Yoast SEO plugin v24.4 - https:\/\/yoast.com\/wordpress\/plugins\/seo\/ -->\n<title>Or\u00e7amento 2023: Relator defende deixar piso da enfermagem fora do teto<\/title>\n<meta name=\"description\" content=\"O relator-geral do Or\u00e7amento de 2023 defendeu nesta segunda (19) que o piso da enfermagem fiquem de fora do teto de gastos.\" \/>\n<meta name=\"robots\" content=\"index, follow, max-snippet:-1, max-image-preview:large, max-video-preview:-1\" \/>\n<link rel=\"canonical\" href=\"https:\/\/www.suno.com.br\/noticias\/orcamento-2023-piso-da-enfermagem-fora-teto\/\" \/>\n<meta property=\"og:locale\" content=\"pt_BR\" \/>\n<meta property=\"og:type\" content=\"article\" \/>\n<meta property=\"og:title\" content=\"Or\u00e7amento 2023: Relator defende deixar piso da enfermagem fora do teto\" \/>\n<meta property=\"og:description\" content=\"O relator-geral do Or\u00e7amento de 2023 defendeu nesta segunda (19) que o piso da enfermagem fiquem de fora do teto de gastos.\" \/>\n<meta property=\"og:url\" content=\"https:\/\/www.suno.com.br\/noticias\/orcamento-2023-piso-da-enfermagem-fora-teto\/\" \/>\n<meta property=\"og:site_name\" content=\"Suno Not\u00edcias\" \/>\n<meta property=\"article:publisher\" content=\"https:\/\/facebook.com\/sunoresearch\" \/>\n<meta property=\"article:author\" content=\"https:\/\/www.facebook.com\/sunonoticias\/\" \/>\n<meta property=\"og:image\" content=\"https:\/\/files.sunoresearch.com.br\/n\/uploads\/2021\/07\/60d901f9-pzzb1951-2-scaled.jpg\" \/>\n\t<meta property=\"og:image:width\" content=\"2560\" \/>\n\t<meta property=\"og:image:height\" content=\"1707\" \/>\n\t<meta property=\"og:image:type\" content=\"image\/jpeg\" \/>\n<meta name=\"author\" content=\"Reda\u00e7\u00e3o Suno Not\u00edcias\" \/>\n<meta name=\"twitter:card\" content=\"summary_large_image\" \/>\n<meta name=\"twitter:creator\" content=\"@https:\/\/twitter.com\/sunoresearch\" \/>\n<meta name=\"twitter:site\" content=\"@sunoresearch\" \/>\n<meta name=\"twitter:label1\" content=\"Escrito por\" \/>\n\t<meta name=\"twitter:data1\" content=\"Reda\u00e7\u00e3o Suno Not\u00edcias\" \/>\n\t<meta name=\"twitter:label2\" content=\"Est. tempo de leitura\" \/>\n\t<meta name=\"twitter:data2\" content=\"4 minutos\" \/>\n<script type=\"application\/ld+json\" class=\"yoast-schema-graph\">{\"@context\":\"https:\/\/schema.org\",\"@graph\":[{\"@type\":\"NewsArticle\",\"@id\":\"https:\/\/www.suno.com.br\/noticias\/orcamento-2023-piso-da-enfermagem-fora-teto\/#article\",\"isPartOf\":{\"@id\":\"https:\/\/www.suno.com.br\/noticias\/orcamento-2023-piso-da-enfermagem-fora-teto\/\"},\"author\":{\"name\":\"Reda\u00e7\u00e3o Suno Not\u00edcias\",\"@id\":\"https:\/\/www.suno.com.br\/noticias\/#\/schema\/person\/c1b1bd3727fa852bd045e9dbff3673ea\"},\"headline\":\"Or\u00e7amento 2023: Relator defende deixar piso da enfermagem fora do teto\",\"datePublished\":\"2022-09-20T01:13:22+00:00\",\"mainEntityOfPage\":{\"@id\":\"https:\/\/www.suno.com.br\/noticias\/orcamento-2023-piso-da-enfermagem-fora-teto\/\"},\"wordCount\":765,\"publisher\":{\"@id\":\"https:\/\/www.suno.com.br\/noticias\/#organization\"},\"image\":{\"@id\":\"https:\/\/www.suno.com.br\/noticias\/orcamento-2023-piso-da-enfermagem-fora-teto\/#primaryimage\"},\"thumbnailUrl\":\"https:\/\/files.sunoresearch.com.br\/n\/uploads\/2021\/07\/60d901f9-pzzb1951-2-scaled.jpg\",\"keywords\":[\"Or\u00e7amento P\u00fablico\"],\"articleSection\":[\"Economia\"],\"inLanguage\":\"pt-BR\"},{\"@type\":\"WebPage\",\"@id\":\"https:\/\/www.suno.com.br\/noticias\/orcamento-2023-piso-da-enfermagem-fora-teto\/\",\"url\":\"https:\/\/www.suno.com.br\/noticias\/orcamento-2023-piso-da-enfermagem-fora-teto\/\",\"name\":\"Or\u00e7amento 2023: Relator defende deixar piso da enfermagem fora do teto\",\"isPartOf\":{\"@id\":\"https:\/\/www.suno.com.br\/noticias\/#website\"},\"primaryImageOfPage\":{\"@id\":\"https:\/\/www.suno.com.br\/noticias\/orcamento-2023-piso-da-enfermagem-fora-teto\/#primaryimage\"},\"image\":{\"@id\":\"https:\/\/www.suno.com.br\/noticias\/orcamento-2023-piso-da-enfermagem-fora-teto\/#primaryimage\"},\"thumbnailUrl\":\"https:\/\/files.sunoresearch.com.br\/n\/uploads\/2021\/07\/60d901f9-pzzb1951-2-scaled.jpg\",\"datePublished\":\"2022-09-20T01:13:22+00:00\",\"description\":\"O relator-geral do Or\u00e7amento de 2023 defendeu nesta segunda (19) que o piso da enfermagem fiquem de fora do teto de gastos.\",\"breadcrumb\":{\"@id\":\"https:\/\/www.suno.com.br\/noticias\/orcamento-2023-piso-da-enfermagem-fora-teto\/#breadcrumb\"},\"inLanguage\":\"pt-BR\",\"potentialAction\":[{\"@type\":\"ReadAction\",\"target\":[\"https:\/\/www.suno.com.br\/noticias\/orcamento-2023-piso-da-enfermagem-fora-teto\/\"]}]},{\"@type\":\"ImageObject\",\"inLanguage\":\"pt-BR\",\"@id\":\"https:\/\/www.suno.com.br\/noticias\/orcamento-2023-piso-da-enfermagem-fora-teto\/#primaryimage\",\"url\":\"https:\/\/files.sunoresearch.com.br\/n\/uploads\/2021\/07\/60d901f9-pzzb1951-2-scaled.jpg\",\"contentUrl\":\"https:\/\/files.sunoresearch.com.br\/n\/uploads\/2021\/07\/60d901f9-pzzb1951-2-scaled.jpg\",\"width\":2560,\"height\":1707,\"caption\":\"Congresso aprova Or\u00e7amento com sal\u00e1rio m\u00ednimo de R$ 1.320 para 2023. Foto: Fabio Rodrigues Pozzebom\/Ag\u00eancia Brasil\"},{\"@type\":\"BreadcrumbList\",\"@id\":\"https:\/\/www.suno.com.br\/noticias\/orcamento-2023-piso-da-enfermagem-fora-teto\/#breadcrumb\",\"itemListElement\":[{\"@type\":\"ListItem\",\"position\":1,\"name\":\"Not\u00edcias\",\"item\":\"https:\/\/www.suno.com.br\/noticias\/\"},{\"@type\":\"ListItem\",\"position\":2,\"name\":\"Economia\",\"item\":\"https:\/\/www.suno.com.br\/noticias\/economia\/\"},{\"@type\":\"ListItem\",\"position\":3,\"name\":\"Or\u00e7amento 2023: Relator defende deixar piso da enfermagem fora do teto\"}]},{\"@type\":\"WebSite\",\"@id\":\"https:\/\/www.suno.com.br\/noticias\/#website\",\"url\":\"https:\/\/www.suno.com.br\/noticias\/\",\"name\":\"Suno Not\u00edcias\",\"description\":\"Seu portal de informa\u00e7\u00e3o sobre o mundo dos investimentos\",\"publisher\":{\"@id\":\"https:\/\/www.suno.com.br\/noticias\/#organization\"},\"potentialAction\":[{\"@type\":\"SearchAction\",\"target\":{\"@type\":\"EntryPoint\",\"urlTemplate\":\"https:\/\/www.suno.com.br\/noticias\/?s={search_term_string}\"},\"query-input\":{\"@type\":\"PropertyValueSpecification\",\"valueRequired\":true,\"valueName\":\"search_term_string\"}}],\"inLanguage\":\"pt-BR\"},{\"@type\":\"Organization\",\"@id\":\"https:\/\/www.suno.com.br\/noticias\/#organization\",\"name\":\"Suno Not\u00edcias\",\"url\":\"https:\/\/www.suno.com.br\/noticias\/\",\"logo\":{\"@type\":\"ImageObject\",\"inLanguage\":\"pt-BR\",\"@id\":\"https:\/\/www.suno.com.br\/noticias\/#\/schema\/logo\/image\/\",\"url\":\"https:\/\/files.sunoresearch.com.br\/n\/uploads\/2021\/09\/suno-logo.png\",\"contentUrl\":\"https:\/\/files.sunoresearch.com.br\/n\/uploads\/2021\/09\/suno-logo.png\",\"width\":180,\"height\":180,\"caption\":\"Suno Not\u00edcias\"},\"image\":{\"@id\":\"https:\/\/www.suno.com.br\/noticias\/#\/schema\/logo\/image\/\"},\"sameAs\":[\"https:\/\/facebook.com\/sunoresearch\",\"https:\/\/x.com\/sunoresearch\",\"https:\/\/www.instagram.com\/suno\",\"https:\/\/www.linkedin.com\/company\/suno-research\/\",\"https:\/\/www.youtube.com\/c\/sunoresearch\"]},{\"@type\":\"Person\",\"@id\":\"https:\/\/www.suno.com.br\/noticias\/#\/schema\/person\/c1b1bd3727fa852bd045e9dbff3673ea\",\"name\":\"Reda\u00e7\u00e3o Suno Not\u00edcias\",\"image\":{\"@type\":\"ImageObject\",\"inLanguage\":\"pt-BR\",\"@id\":\"https:\/\/www.suno.com.br\/noticias\/#\/schema\/person\/image\/\",\"url\":\"https:\/\/secure.gravatar.com\/avatar\/b8104b9b5a71985d5238ee59fbe418af?s=96&r=g\",\"contentUrl\":\"https:\/\/secure.gravatar.com\/avatar\/b8104b9b5a71985d5238ee59fbe418af?s=96&r=g\",\"caption\":\"Reda\u00e7\u00e3o Suno Not\u00edcias\"},\"description\":\"O Suno Not\u00edcias \u00e9 um portal de informa\u00e7\u00f5es sobre Mercado Financeiro, Pol\u00edtica, Neg\u00f3cios, Economia e Finan\u00e7as Pessoais.\",\"sameAs\":[\"https:\/\/www.suno.com.br\/noticias\",\"https:\/\/www.facebook.com\/sunonoticias\/\",\"https:\/\/www.instagram.com\/sunonoticias\/\",\"https:\/\/x.com\/https:\/\/twitter.com\/sunoresearch\",\"https:\/\/www.youtube.com\/sunonoticias\"],\"url\":\"https:\/\/www.suno.com.br\/noticias\/author\/redacao-suno\/\"}]}<\/script>\n<!-- \/ Yoast SEO plugin. -->","yoast_head_json":{"title":"Or\u00e7amento 2023: Relator defende deixar piso da enfermagem fora do teto","description":"O relator-geral do Or\u00e7amento de 2023 defendeu nesta segunda (19) que o piso da enfermagem fiquem de fora do teto de gastos.","robots":{"index":"index","follow":"follow","max-snippet":"max-snippet:-1","max-image-preview":"max-image-preview:large","max-video-preview":"max-video-preview:-1"},"canonical":"https:\/\/www.suno.com.br\/noticias\/orcamento-2023-piso-da-enfermagem-fora-teto\/","og_locale":"pt_BR","og_type":"article","og_title":"Or\u00e7amento 2023: Relator defende deixar piso da enfermagem fora do teto","og_description":"O relator-geral do Or\u00e7amento de 2023 defendeu nesta segunda (19) que o piso da enfermagem fiquem de fora do teto de gastos.","og_url":"https:\/\/www.suno.com.br\/noticias\/orcamento-2023-piso-da-enfermagem-fora-teto\/","og_site_name":"Suno Not\u00edcias","article_publisher":"https:\/\/facebook.com\/sunoresearch","article_author":"https:\/\/www.facebook.com\/sunonoticias\/","og_image":[{"width":2560,"height":1707,"url":"https:\/\/files.sunoresearch.com.br\/n\/uploads\/2021\/07\/60d901f9-pzzb1951-2-scaled.jpg","type":"image\/jpeg"}],"author":"Reda\u00e7\u00e3o Suno Not\u00edcias","twitter_card":"summary_large_image","twitter_creator":"@https:\/\/twitter.com\/sunoresearch","twitter_site":"@sunoresearch","twitter_misc":{"Escrito por":"Reda\u00e7\u00e3o Suno Not\u00edcias","Est. tempo de leitura":"4 minutos"},"schema":{"@context":"https:\/\/schema.org","@graph":[{"@type":"NewsArticle","@id":"https:\/\/www.suno.com.br\/noticias\/orcamento-2023-piso-da-enfermagem-fora-teto\/#article","isPartOf":{"@id":"https:\/\/www.suno.com.br\/noticias\/orcamento-2023-piso-da-enfermagem-fora-teto\/"},"author":{"name":"Reda\u00e7\u00e3o Suno Not\u00edcias","@id":"https:\/\/www.suno.com.br\/noticias\/#\/schema\/person\/c1b1bd3727fa852bd045e9dbff3673ea"},"headline":"Or\u00e7amento 2023: Relator defende deixar piso da enfermagem fora do teto","datePublished":"2022-09-20T01:13:22+00:00","mainEntityOfPage":{"@id":"https:\/\/www.suno.com.br\/noticias\/orcamento-2023-piso-da-enfermagem-fora-teto\/"},"wordCount":765,"publisher":{"@id":"https:\/\/www.suno.com.br\/noticias\/#organization"},"image":{"@id":"https:\/\/www.suno.com.br\/noticias\/orcamento-2023-piso-da-enfermagem-fora-teto\/#primaryimage"},"thumbnailUrl":"https:\/\/files.sunoresearch.com.br\/n\/uploads\/2021\/07\/60d901f9-pzzb1951-2-scaled.jpg","keywords":["Or\u00e7amento P\u00fablico"],"articleSection":["Economia"],"inLanguage":"pt-BR"},{"@type":"WebPage","@id":"https:\/\/www.suno.com.br\/noticias\/orcamento-2023-piso-da-enfermagem-fora-teto\/","url":"https:\/\/www.suno.com.br\/noticias\/orcamento-2023-piso-da-enfermagem-fora-teto\/","name":"Or\u00e7amento 2023: Relator defende deixar piso da enfermagem fora do teto","isPartOf":{"@id":"https:\/\/www.suno.com.br\/noticias\/#website"},"primaryImageOfPage":{"@id":"https:\/\/www.suno.com.br\/noticias\/orcamento-2023-piso-da-enfermagem-fora-teto\/#primaryimage"},"image":{"@id":"https:\/\/www.suno.com.br\/noticias\/orcamento-2023-piso-da-enfermagem-fora-teto\/#primaryimage"},"thumbnailUrl":"https:\/\/files.sunoresearch.com.br\/n\/uploads\/2021\/07\/60d901f9-pzzb1951-2-scaled.jpg","datePublished":"2022-09-20T01:13:22+00:00","description":"O relator-geral do Or\u00e7amento de 2023 defendeu nesta segunda (19) que o piso da enfermagem fiquem de fora do teto de gastos.","breadcrumb":{"@id":"https:\/\/www.suno.com.br\/noticias\/orcamento-2023-piso-da-enfermagem-fora-teto\/#breadcrumb"},"inLanguage":"pt-BR","potentialAction":[{"@type":"ReadAction","target":["https:\/\/www.suno.com.br\/noticias\/orcamento-2023-piso-da-enfermagem-fora-teto\/"]}]},{"@type":"ImageObject","inLanguage":"pt-BR","@id":"https:\/\/www.suno.com.br\/noticias\/orcamento-2023-piso-da-enfermagem-fora-teto\/#primaryimage","url":"https:\/\/files.sunoresearch.com.br\/n\/uploads\/2021\/07\/60d901f9-pzzb1951-2-scaled.jpg","contentUrl":"https:\/\/files.sunoresearch.com.br\/n\/uploads\/2021\/07\/60d901f9-pzzb1951-2-scaled.jpg","width":2560,"height":1707,"caption":"Congresso aprova Or\u00e7amento com sal\u00e1rio m\u00ednimo de R$ 1.320 para 2023. Foto: Fabio Rodrigues Pozzebom\/Ag\u00eancia Brasil"},{"@type":"BreadcrumbList","@id":"https:\/\/www.suno.com.br\/noticias\/orcamento-2023-piso-da-enfermagem-fora-teto\/#breadcrumb","itemListElement":[{"@type":"ListItem","position":1,"name":"Not\u00edcias","item":"https:\/\/www.suno.com.br\/noticias\/"},{"@type":"ListItem","position":2,"name":"Economia","item":"https:\/\/www.suno.com.br\/noticias\/economia\/"},{"@type":"ListItem","position":3,"name":"Or\u00e7amento 2023: Relator defende deixar piso da enfermagem fora do teto"}]},{"@type":"WebSite","@id":"https:\/\/www.suno.com.br\/noticias\/#website","url":"https:\/\/www.suno.com.br\/noticias\/","name":"Suno Not\u00edcias","description":"Seu portal de informa\u00e7\u00e3o sobre o mundo dos investimentos","publisher":{"@id":"https:\/\/www.suno.com.br\/noticias\/#organization"},"potentialAction":[{"@type":"SearchAction","target":{"@type":"EntryPoint","urlTemplate":"https:\/\/www.suno.com.br\/noticias\/?s={search_term_string}"},"query-input":{"@type":"PropertyValueSpecification","valueRequired":true,"valueName":"search_term_string"}}],"inLanguage":"pt-BR"},{"@type":"Organization","@id":"https:\/\/www.suno.com.br\/noticias\/#organization","name":"Suno Not\u00edcias","url":"https:\/\/www.suno.com.br\/noticias\/","logo":{"@type":"ImageObject","inLanguage":"pt-BR","@id":"https:\/\/www.suno.com.br\/noticias\/#\/schema\/logo\/image\/","url":"https:\/\/files.sunoresearch.com.br\/n\/uploads\/2021\/09\/suno-logo.png","contentUrl":"https:\/\/files.sunoresearch.com.br\/n\/uploads\/2021\/09\/suno-logo.png","width":180,"height":180,"caption":"Suno Not\u00edcias"},"image":{"@id":"https:\/\/www.suno.com.br\/noticias\/#\/schema\/logo\/image\/"},"sameAs":["https:\/\/facebook.com\/sunoresearch","https:\/\/x.com\/sunoresearch","https:\/\/www.instagram.com\/suno","https:\/\/www.linkedin.com\/company\/suno-research\/","https:\/\/www.youtube.com\/c\/sunoresearch"]},{"@type":"Person","@id":"https:\/\/www.suno.com.br\/noticias\/#\/schema\/person\/c1b1bd3727fa852bd045e9dbff3673ea","name":"Reda\u00e7\u00e3o Suno Not\u00edcias","image":{"@type":"ImageObject","inLanguage":"pt-BR","@id":"https:\/\/www.suno.com.br\/noticias\/#\/schema\/person\/image\/","url":"https:\/\/secure.gravatar.com\/avatar\/b8104b9b5a71985d5238ee59fbe418af?s=96&r=g","contentUrl":"https:\/\/secure.gravatar.com\/avatar\/b8104b9b5a71985d5238ee59fbe418af?s=96&r=g","caption":"Reda\u00e7\u00e3o Suno Not\u00edcias"},"description":"O Suno Not\u00edcias \u00e9 um portal de informa\u00e7\u00f5es sobre Mercado Financeiro, Pol\u00edtica, Neg\u00f3cios, Economia e Finan\u00e7as Pessoais.","sameAs":["https:\/\/www.suno.com.br\/noticias","https:\/\/www.facebook.com\/sunonoticias\/","https:\/\/www.instagram.com\/sunonoticias\/","https:\/\/x.com\/https:\/\/twitter.com\/sunoresearch","https:\/\/www.youtube.com\/sunonoticias"],"url":"https:\/\/www.suno.com.br\/noticias\/author\/redacao-suno\/"}]}},"default_loop_html":"<div class=\"cardsPage__listCard__boxs\"><div class=\"cardsPage__listCard__boxs__img\"><a href=\"https:\/\/www.suno.com.br\/noticias\/orcamento-2023-piso-da-enfermagem-fora-teto\/\"><img class=\"mask\" src=\"https:\/\/www.suno.com.br\/noticias\/wp-content\/themes\/suno\/resources\/images\/spotlight\/spotlight1img\/bg-mask.png\" alt=\"Image Mask\"\/><img src=\"https:\/\/files.sunoresearch.com.br\/n\/uploads\/2021\/07\/60d901f9-pzzb1951-2-400x200.jpg\" alt=\"Or\u00e7amento 2023: Relator defende deixar piso da enfermagem fora do teto\"\/><\/a><span class=\"spotlightCategory\"><a href=\"https:\/\/www.suno.com.br\/noticias\/economia\/\">Economia<\/a><\/span><\/div><div class=\"cardsPage__listCard__boxs__content\"><a href=\"https:\/\/www.suno.com.br\/noticias\/orcamento-2023-piso-da-enfermagem-fora-teto\/\"><h2 class=\"content__title\">Or\u00e7amento 2023: Relator defende deixar piso da enfermagem fora do teto<\/h2><\/a><div class=\"newsContent__article__meta\"><div class=\"newsContent__article__meta__authorBox\"><a href=\"https:\/\/www.suno.com.br\/noticias\/author\/redacao-suno\/\" class=\"authorBox__avatar noMobi\"><img src=\"https:\/\/files.sunoresearch.com.br\/n\/uploads\/2020\/08\/0ace682d-redacao-1-150x150.webp\" alt=\"Reda\u00e7\u00e3o Suno Not\u00edcias\"><\/a><div class=\"authorBox__name\"><span>por\n\t\t\t<a href=\"https:\/\/www.suno.com.br\/noticias\/author\/redacao-suno\/\"><span itemprop=\"author\">Reda\u00e7\u00e3o Suno Not\u00edcias<\/span><\/a><\/span><time datetime=\"2022-09-19T22:13:22-03:00\" itemprop=\"datePublished\">19\/09\/2022 22:13<\/time><\/div><\/div><\/div><\/div><\/div>","single_layout":"posts","amp_enabled":true,"_links":{"self":[{"href":"https:\/\/www.suno.com.br\/noticias\/wp-json\/wp\/v2\/posts\/299465"}],"collection":[{"href":"https:\/\/www.suno.com.br\/noticias\/wp-json\/wp\/v2\/posts"}],"about":[{"href":"https:\/\/www.suno.com.br\/noticias\/wp-json\/wp\/v2\/types\/post"}],"author":[{"embeddable":true,"href":"https:\/\/www.suno.com.br\/noticias\/wp-json\/wp\/v2\/users\/43"}],"replies":[{"embeddable":true,"href":"https:\/\/www.suno.com.br\/noticias\/wp-json\/wp\/v2\/comments?post=299465"}],"version-history":[{"count":3,"href":"https:\/\/www.suno.com.br\/noticias\/wp-json\/wp\/v2\/posts\/299465\/revisions"}],"predecessor-version":[{"id":299600,"href":"https:\/\/www.suno.com.br\/noticias\/wp-json\/wp\/v2\/posts\/299465\/revisions\/299600"}],"wp:featuredmedia":[{"embeddable":true,"href":"https:\/\/www.suno.com.br\/noticias\/wp-json\/wp\/v2\/media\/166071"}],"wp:attachment":[{"href":"https:\/\/www.suno.com.br\/noticias\/wp-json\/wp\/v2\/media?parent=299465"}],"wp:term":[{"taxonomy":"category","embeddable":true,"href":"https:\/\/www.suno.com.br\/noticias\/wp-json\/wp\/v2\/categories?post=299465"},{"taxonomy":"post_tag","embeddable":true,"href":"https:\/\/www.suno.com.br\/noticias\/wp-json\/wp\/v2\/tags?post=299465"},{"taxonomy":"suno_strategy","embeddable":true,"href":"https:\/\/www.suno.com.br\/noticias\/wp-json\/wp\/v2\/suno_strategy?post=299465"}],"curies":[{"name":"wp","href":"https:\/\/api.w.org\/{rel}","templated":true}]}}