{"id":29924,"date":"2019-07-03T10:17:34","date_gmt":"2019-07-03T13:17:34","guid":{"rendered":"https:\/\/www.suno.com.br\/noticias\/?p=29924"},"modified":"2019-07-03T10:17:34","modified_gmt":"2019-07-03T13:17:34","slug":"ibovespa-03072019","status":"publish","type":"post","link":"https:\/\/www.suno.com.br\/noticias\/ibovespa-03072019\/","title":{"rendered":"Ibovespa est\u00e1vel, com reforma da Previd\u00eancia e Petrobras no radar"},"content":{"rendered":"<p>O Ibovespa abre a sess\u00e3o desta quarta-feira (3) em leve recuo, operando igual ao \u00faltimo preg\u00e3o que foi afetado pela cautela do mercado em rela\u00e7\u00e3o a reforma da Previd\u00eancia.<\/p>\t<div class=\"wrapper-featured-image\">\n\t\t<figure class=\"spotlightImg\">\n\n\t\t\t<picture>\n\t\t\t\t<source media=\"(max-width: 768px)\" srcset=\"https:\/\/files.sunoresearch.com.br\/n\/uploads\/2018\/12\/ab21ee1f-ibovespa2-400x200.webp\">\n\t\t\t\t<img loading=\"lazy\" decoding=\"async\" class=\"newsContent__article__imgCapa lazyloadDisabled newsContent__article__imgCapa--noCaption\" src=\"https:\/\/files.sunoresearch.com.br\/n\/uploads\/2018\/12\/ab21ee1f-ibovespa2-800x450.webp\" width=\"800\" height=\"450\" alt=\"Ibovespa est\u00e1vel, com reforma da Previd\u00eancia e Petrobras no radar\" fetchpriority=high \/>\n\t\t\t<\/picture>\n\n\t\t\t<figcaption class=\"wp-caption-text wp-caption-text--hide\">Na \u00faltima sess\u00e3o, ter\u00e7a-feira (11), o Ibovespa encerrou em queda de 1,23%, a 102.174,398 pontos.\u00a0<\/figcaption>\n\t\t<\/figure>\n\t<\/div>\n\n\n<p>Por volta das 10h10, o <strong>Ibovespa<\/strong> indicava uma queda de -0,04% ficando com 100.568,14 pontos. O recuo acontece porque os investidores adotaram um tom de cautela por conta da inseguran\u00e7a sobre a for\u00e7a de tramita\u00e7\u00e3o do texto e sua aprova\u00e7\u00e3o.<\/p>\n\t<p>\n\t\t<a href=\"https:\/\/lp.statusinvest.com.br\/ao\/assessoria-status-invest\/\" target=\"_blank\" data-element=\"shortcode-suno-banner\" title=\"Banner SUNO, clique e saiba mais\">\n\t\t\t<picture>\n\t\t\t\t<source media=\"(max-width: 500px)\" srcset=\"https:\/\/files.sunoresearch.com.br\/n\/uploads\/2024\/03\/400x300-Mobile.png\">\n\t\t\t\t<img class=\"newsContent__article__imgCapa newsContent__article__imgCapa--banner\"\n\t\t\t\t\tsrc=\"https:\/\/files.sunoresearch.com.br\/n\/uploads\/2024\/03\/1420x240-Desktop.png\"\n\t\t\t\t\tdata-promo-id=\"537248\"\t\t\t\t\t\t\t\t\t\twidth='1400' height='240'\t\t\t\t\talt=\"https:\/\/files.sunoresearch.com.br\/n\/uploads\/2024\/03\/1420x240-Desktop.png\"\n\t\t\t\t>\n\t\t\t<\/picture>\n\t\t<\/a>\n\t<\/p>\n\n\n<p>O parecer foi lido pelo seu relator, <strong>Samuel<\/strong> <strong>Moreira<\/strong>, na \u00faltima ter\u00e7a-feira (2). Nesta quarta, uma reuni\u00e3o ser\u00e1 feita entre o presidente da comiss\u00e3o especial <strong>Marcelo<\/strong> <strong>Ramos<\/strong> e os l\u00edderes partid\u00e1rios, para que seja definido o calend\u00e1rio de vota\u00e7\u00e3o da proposta, que dever\u00e1 iniciar a nova fase de tramita\u00e7\u00e3o na quinta-feira (4). No entanto, o mercado segue com desconfian\u00e7a por conta de poss\u00edveis adiamentos, que poderiam atrasar mais ainda a <strong>aprova\u00e7\u00e3o da reforma<\/strong>.<\/p>\n<h2>Policiais da bancada do PSL amea\u00e7am reforma<\/h2>\n<p>A bancada de <strong>policiais<\/strong> do PSL na\u00a0C\u00e2mara dos Deputados amea\u00e7ou nesta data n\u00e3o votar a <strong>reforma da Previd\u00eancia<\/strong> na comiss\u00e3o especial da Casa, e tamb\u00e9m no plen\u00e1rio.<\/p>\n<p>Nem todos os 52 deputados desse grupo concordarem com a retalia\u00e7\u00e3o, apenas cerca de 22. A motiva\u00e7\u00e3o de os parlamentares do <strong>PSL<\/strong> n\u00e3o quererem votar o texto est\u00e1 nas\u00a0demandas da classe policial, que desejam regras mais brandas de aposentadoria.<\/p>\n<p><a href=\"https:\/\/www.suno.com.br\/noticias\/reforma-da-previdencia\/\">Confira as principais mudan\u00e7as no texto da reforma da Previd\u00eancia<\/a><\/p>\n<p><span style=\"font-size: 1.21429rem;\">De acordo com o &#8220;Estado de S. Paulo&#8221;, o ministro da Economia, <a href=\"https:\/\/www.suno.com.br\/tudo-sobre\/paulo-guedes\/\">Paulo Guedes<\/a>, posiciona-se contra o movimento liderado pelo PSL, que pode desidratar a reforma.<\/span><\/p>\n<p>O movimento da bancada policial atrapalha a confian\u00e7a dos investidores, pois o PSL \u00e9 o partido do presidente da Rep\u00fablica, <strong>Jair Bolsonaro<\/strong>.<\/p>\n<h2>Novo comando na Via Varejo<\/h2>\n<p>A <strong>Via Varejo<\/strong> anunciou que a respons\u00e1vel pelo marketing multicanais da Magazine Luiza h\u00e1 10 anos, Ilca Sierra, \u00e9 nova integrante da companhia. O objetivo da empresa \u00e9 reconquistar o lugar de prefer\u00eancia do mercado.<\/p>\n<p><a href=\"https:\/\/www.suno.com.br\/noticias\/via-varejo-klein-executivos-demissao\/\">Saiba mais:\u00a0Via Varejo demite 12 executivos e a\u00e7\u00f5es chegam a subir 6%<\/a><\/p>\n<p>De acordo com a Via Varejo a atua\u00e7\u00e3o online \u00e9 um dos principais pontos fracos da empresa, diferentemente de sua concorrente. Al\u00e9m disso, a companhia anunciou o executivo da empresa, Roberto Fulcherberguer, que prometeu reduzir o espa\u00e7o que a varejista tem perdido para o <strong>Magalu<\/strong>.<\/p>\n<h2>Petrobras e BR Distribuidora<\/h2>\n<p>A <strong>Petrobras<\/strong> anunciou que reduzir\u00e1 sua participa\u00e7\u00e3o na <strong>BR Distribuidora<\/strong> nesta quarta-feira (3). A estatal enviou \u00e0 Comiss\u00e3o de Valores Mobili\u00e1rios (CVM) um pedido de oferta secund\u00e1ria de 291,3 milh\u00f5es de a\u00e7\u00f5es ordin\u00e1rias da subsidi\u00e1ria.<\/p>\n<p>Com base na cota\u00e7\u00e3o de 2 de julho, onde os pap\u00e9is <strong>BRDT3<\/strong> ca\u00edra, -3,67%, a venda das a\u00e7\u00f5es fariam a Petrobras arrecadar R$ 6,874 bilh\u00f5es. No entanto, o pre\u00e7o por a\u00e7\u00e3o ainda n\u00e3o foi definido, o que dever\u00e1 ocorrer ap\u00f3s o processo de <em>bookbuilding<\/em> que dever\u00e1 acabar em 23 de julho. As negocia\u00e7\u00f5es deve acontecer em 25 de julho.<\/p>\n<h3>Destaques do Ibovespa na ter\u00e7a (2)<\/h3>\n<h3>Principais altas<\/h3>\n<ul>\n<li><strong>VVAR3<\/strong> alta de 6,45% (R$ 5,45)<\/li>\n<li><strong>BRFS3<\/strong> alta\u00a0de 3,49% (R$ 33,20)<\/li>\n<li><strong>JBSS3<\/strong> alta\u00a0de 3,17% (R$ 23,10)<\/li>\n<li><strong>QUAL3<\/strong> alta\u00a0de 2,79% (R$ 22,83)<\/li>\n<li><strong>KROT3<\/strong> alta\u00a0de 2,3% (R$ 11,10)<\/li>\n<\/ul>\n<h3>Principais quedas<\/h3>\n<ul>\n<li><strong>VALE3<\/strong> queda de 4,21% (R$ 51,39)<\/li>\n<li><strong>IRBR3<\/strong> queda de 4,2% (R$ 97,00)<\/li>\n<li><strong>BRAP4<\/strong> queda de 3,98% (R$ 32,30)<\/li>\n<li><strong>BRDT3<\/strong> queda de 3,67% (R$ 23,60)<\/li>\n<li><strong>CSNA3<\/strong> queda de 3,3% (R$ 16,43)<\/li>\n<\/ul>\n\t<p>\n\t\t<a href=\"https:\/\/www.suno.com.br\/asset\/fundos\/suno-acoes-xp-seg-prev\/\" target=\"_blank\" data-element=\"shortcode-suno-banner\" title=\"Banner SUNO, clique e saiba mais\">\n\t\t\t<picture>\n\t\t\t\t<source media=\"(max-width: 500px)\" srcset=\"https:\/\/files.sunoresearch.com.br\/n\/uploads\/2023\/10\/SUNOPREV-400x300-Mobile-Artigos-3.png\">\n\t\t\t\t<img class=\"newsContent__article__imgCapa newsContent__article__imgCapa--banner\"\n\t\t\t\t\tsrc=\"https:\/\/files.sunoresearch.com.br\/n\/uploads\/2023\/10\/SUNOPREV-1420x240-Banner-Artigos-1-_-Banner-Materias-1.png\"\n\t\t\t\t\tdata-promo-id=\"476310\"\t\t\t\t\t\t\t\t\t\twidth='1420' height='240'\t\t\t\t\talt=\"https:\/\/files.sunoresearch.com.br\/n\/uploads\/2023\/10\/SUNOPREV-1420x240-Banner-Artigos-1-_-Banner-Materias-1.png\"\n\t\t\t\t>\n\t\t\t<\/picture>\n\t\t<\/a>\n\t<\/p>\n\n\n<h2>\u00daltima cota\u00e7\u00e3o<\/h2>\n<p>Na \u00faltima sess\u00e3o, o <strong>Ibovespa<\/strong> registrou uma queda de -0,87% ficando abaixo do patamar dos 101 mil pontos e somando\u00a0100.520,35 pontos.<\/p>\n","protected":false},"excerpt":{"rendered":"<p>O Ibovespa abre a sess\u00e3o desta quarta-feira (3) em leve recuo, operando igual ao \u00faltimo preg\u00e3o que foi afetado pela cautela do mercado em rela\u00e7\u00e3o a reforma da Previd\u00eancia. Na \u00faltima sess\u00e3o, ter\u00e7a-feira (11), o Ibovespa encerrou em queda de 1,23%, a 102.174,398 pontos.\u00a0 Por volta das 10h10, o Ibovespa indicava uma queda de -0,04% [&hellip;]<\/p>\n","protected":false},"author":11,"featured_media":8123,"comment_status":"closed","ping_status":"closed","sticky":false,"template":"","format":"standard","meta":[],"categories":[60],"tags":[721],"suno_strategy":[],"class_list":["post-29924","post","type-post","status-publish","format-standard","has-post-thumbnail","hentry","category-mercado","tag-ibovespa"],"yoast_head":"<!-- This site is optimized with the Yoast SEO plugin v24.4 - https:\/\/yoast.com\/wordpress\/plugins\/seo\/ -->\n<title>Ibovespa em alta, com reforma da Previd\u00eancia e Petrobras no radar<\/title>\n<meta name=\"description\" content=\"Ibovespa em leve recuo de -0,04% ficando com 100.568,14 pontos, por volta das 10h10; Via Varejo tamb\u00e9m est\u00e1 no radar. Clique e saiba mais.\" \/>\n<meta name=\"robots\" content=\"index, follow, max-snippet:-1, max-image-preview:large, max-video-preview:-1\" \/>\n<link rel=\"canonical\" href=\"https:\/\/www.suno.com.br\/noticias\/ibovespa-03072019\/\" \/>\n<meta property=\"og:locale\" content=\"pt_BR\" \/>\n<meta property=\"og:type\" content=\"article\" \/>\n<meta property=\"og:title\" content=\"Ibovespa em alta, com reforma da Previd\u00eancia e Petrobras no radar\" \/>\n<meta property=\"og:description\" content=\"Ibovespa em leve recuo de -0,04% ficando com 100.568,14 pontos, por volta das 10h10; Via Varejo tamb\u00e9m est\u00e1 no radar. Clique e saiba mais.\" \/>\n<meta property=\"og:url\" content=\"https:\/\/www.suno.com.br\/noticias\/ibovespa-03072019\/\" \/>\n<meta property=\"og:site_name\" content=\"Suno Not\u00edcias\" \/>\n<meta property=\"article:publisher\" content=\"https:\/\/facebook.com\/sunoresearch\" \/>\n<meta property=\"og:image\" content=\"https:\/\/files.sunoresearch.com.br\/n\/uploads\/2018\/12\/ab21ee1f-ibovespa2.jpg\" \/>\n\t<meta property=\"og:image:width\" content=\"1909\" \/>\n\t<meta property=\"og:image:height\" content=\"1250\" \/>\n\t<meta property=\"og:image:type\" content=\"image\/jpeg\" \/>\n<meta name=\"author\" content=\"Renan Bandeira\" \/>\n<meta name=\"twitter:card\" content=\"summary_large_image\" \/>\n<meta name=\"twitter:creator\" content=\"@sunoresearch\" \/>\n<meta name=\"twitter:site\" content=\"@sunoresearch\" \/>\n<meta name=\"twitter:label1\" content=\"Escrito por\" \/>\n\t<meta name=\"twitter:data1\" content=\"Renan Bandeira\" \/>\n\t<meta name=\"twitter:label2\" content=\"Est. tempo de leitura\" \/>\n\t<meta name=\"twitter:data2\" content=\"3 minutos\" \/>\n<script type=\"application\/ld+json\" class=\"yoast-schema-graph\">{\"@context\":\"https:\/\/schema.org\",\"@graph\":[{\"@type\":\"NewsArticle\",\"@id\":\"https:\/\/www.suno.com.br\/noticias\/ibovespa-03072019\/#article\",\"isPartOf\":{\"@id\":\"https:\/\/www.suno.com.br\/noticias\/ibovespa-03072019\/\"},\"author\":{\"name\":\"Renan Bandeira\",\"@id\":\"https:\/\/www.suno.com.br\/noticias\/#\/schema\/person\/fc144a1c6108bd1dcd43784e88a3c138\"},\"headline\":\"Ibovespa est\u00e1vel, com reforma da Previd\u00eancia e Petrobras no radar\",\"datePublished\":\"2019-07-03T13:17:34+00:00\",\"mainEntityOfPage\":{\"@id\":\"https:\/\/www.suno.com.br\/noticias\/ibovespa-03072019\/\"},\"wordCount\":601,\"publisher\":{\"@id\":\"https:\/\/www.suno.com.br\/noticias\/#organization\"},\"image\":{\"@id\":\"https:\/\/www.suno.com.br\/noticias\/ibovespa-03072019\/#primaryimage\"},\"thumbnailUrl\":\"https:\/\/files.sunoresearch.com.br\/n\/uploads\/2018\/12\/ab21ee1f-ibovespa2-jpg.webp\",\"keywords\":[\"Ibovespa\"],\"articleSection\":[\"Mercado\"],\"inLanguage\":\"pt-BR\"},{\"@type\":\"WebPage\",\"@id\":\"https:\/\/www.suno.com.br\/noticias\/ibovespa-03072019\/\",\"url\":\"https:\/\/www.suno.com.br\/noticias\/ibovespa-03072019\/\",\"name\":\"Ibovespa em alta, com reforma da Previd\u00eancia e Petrobras no radar\",\"isPartOf\":{\"@id\":\"https:\/\/www.suno.com.br\/noticias\/#website\"},\"primaryImageOfPage\":{\"@id\":\"https:\/\/www.suno.com.br\/noticias\/ibovespa-03072019\/#primaryimage\"},\"image\":{\"@id\":\"https:\/\/www.suno.com.br\/noticias\/ibovespa-03072019\/#primaryimage\"},\"thumbnailUrl\":\"https:\/\/files.sunoresearch.com.br\/n\/uploads\/2018\/12\/ab21ee1f-ibovespa2-jpg.webp\",\"datePublished\":\"2019-07-03T13:17:34+00:00\",\"description\":\"Ibovespa em leve recuo de -0,04% ficando com 100.568,14 pontos, por volta das 10h10; Via Varejo tamb\u00e9m est\u00e1 no radar. Clique e saiba mais.\",\"breadcrumb\":{\"@id\":\"https:\/\/www.suno.com.br\/noticias\/ibovespa-03072019\/#breadcrumb\"},\"inLanguage\":\"pt-BR\",\"potentialAction\":[{\"@type\":\"ReadAction\",\"target\":[\"https:\/\/www.suno.com.br\/noticias\/ibovespa-03072019\/\"]}]},{\"@type\":\"ImageObject\",\"inLanguage\":\"pt-BR\",\"@id\":\"https:\/\/www.suno.com.br\/noticias\/ibovespa-03072019\/#primaryimage\",\"url\":\"https:\/\/files.sunoresearch.com.br\/n\/uploads\/2018\/12\/ab21ee1f-ibovespa2-jpg.webp\",\"contentUrl\":\"https:\/\/files.sunoresearch.com.br\/n\/uploads\/2018\/12\/ab21ee1f-ibovespa2-jpg.webp\",\"width\":1909,\"height\":1250,\"caption\":\"Na \u00faltima sess\u00e3o, ter\u00e7a-feira (11), o Ibovespa encerrou em queda de 1,23%, a 102.174,398 pontos.\u00a0\"},{\"@type\":\"BreadcrumbList\",\"@id\":\"https:\/\/www.suno.com.br\/noticias\/ibovespa-03072019\/#breadcrumb\",\"itemListElement\":[{\"@type\":\"ListItem\",\"position\":1,\"name\":\"Not\u00edcias\",\"item\":\"https:\/\/www.suno.com.br\/noticias\/\"},{\"@type\":\"ListItem\",\"position\":2,\"name\":\"Mercado\",\"item\":\"https:\/\/www.suno.com.br\/noticias\/mercado\/\"},{\"@type\":\"ListItem\",\"position\":3,\"name\":\"Ibovespa est\u00e1vel, com reforma da Previd\u00eancia e Petrobras no radar\"}]},{\"@type\":\"WebSite\",\"@id\":\"https:\/\/www.suno.com.br\/noticias\/#website\",\"url\":\"https:\/\/www.suno.com.br\/noticias\/\",\"name\":\"Suno Not\u00edcias\",\"description\":\"Seu portal de informa\u00e7\u00e3o sobre o mundo dos investimentos\",\"publisher\":{\"@id\":\"https:\/\/www.suno.com.br\/noticias\/#organization\"},\"potentialAction\":[{\"@type\":\"SearchAction\",\"target\":{\"@type\":\"EntryPoint\",\"urlTemplate\":\"https:\/\/www.suno.com.br\/noticias\/?s={search_term_string}\"},\"query-input\":{\"@type\":\"PropertyValueSpecification\",\"valueRequired\":true,\"valueName\":\"search_term_string\"}}],\"inLanguage\":\"pt-BR\"},{\"@type\":\"Organization\",\"@id\":\"https:\/\/www.suno.com.br\/noticias\/#organization\",\"name\":\"Suno Not\u00edcias\",\"url\":\"https:\/\/www.suno.com.br\/noticias\/\",\"logo\":{\"@type\":\"ImageObject\",\"inLanguage\":\"pt-BR\",\"@id\":\"https:\/\/www.suno.com.br\/noticias\/#\/schema\/logo\/image\/\",\"url\":\"https:\/\/files.sunoresearch.com.br\/n\/uploads\/2021\/09\/suno-logo.png\",\"contentUrl\":\"https:\/\/files.sunoresearch.com.br\/n\/uploads\/2021\/09\/suno-logo.png\",\"width\":180,\"height\":180,\"caption\":\"Suno Not\u00edcias\"},\"image\":{\"@id\":\"https:\/\/www.suno.com.br\/noticias\/#\/schema\/logo\/image\/\"},\"sameAs\":[\"https:\/\/facebook.com\/sunoresearch\",\"https:\/\/x.com\/sunoresearch\",\"https:\/\/www.instagram.com\/suno\",\"https:\/\/www.linkedin.com\/company\/suno-research\/\",\"https:\/\/www.youtube.com\/c\/sunoresearch\"]},{\"@type\":\"Person\",\"@id\":\"https:\/\/www.suno.com.br\/noticias\/#\/schema\/person\/fc144a1c6108bd1dcd43784e88a3c138\",\"name\":\"Renan Bandeira\",\"image\":{\"@type\":\"ImageObject\",\"inLanguage\":\"pt-BR\",\"@id\":\"https:\/\/www.suno.com.br\/noticias\/#\/schema\/person\/image\/\",\"url\":\"https:\/\/secure.gravatar.com\/avatar\/68359cdb608f14f11bbefcb78f3fc747?s=96&r=g\",\"contentUrl\":\"https:\/\/secure.gravatar.com\/avatar\/68359cdb608f14f11bbefcb78f3fc747?s=96&r=g\",\"caption\":\"Renan Bandeira\"},\"description\":\"Renan Bandeira escreve sobre pol\u00edtica e economia para o portal da Suno Research. Antes da Suno, trabalhou em uma rede de televis\u00e3o, onde fazia reportagens sobre os mesmos temas. Estuda na Universidade Metodista de S\u00e3o Paulo.\",\"url\":\"https:\/\/www.suno.com.br\/noticias\/author\/renan-bandeira\/\"}]}<\/script>\n<!-- \/ Yoast SEO plugin. -->","yoast_head_json":{"title":"Ibovespa em alta, com reforma da Previd\u00eancia e Petrobras no radar","description":"Ibovespa em leve recuo de -0,04% ficando com 100.568,14 pontos, por volta das 10h10; Via Varejo tamb\u00e9m est\u00e1 no radar. Clique e saiba mais.","robots":{"index":"index","follow":"follow","max-snippet":"max-snippet:-1","max-image-preview":"max-image-preview:large","max-video-preview":"max-video-preview:-1"},"canonical":"https:\/\/www.suno.com.br\/noticias\/ibovespa-03072019\/","og_locale":"pt_BR","og_type":"article","og_title":"Ibovespa em alta, com reforma da Previd\u00eancia e Petrobras no radar","og_description":"Ibovespa em leve recuo de -0,04% ficando com 100.568,14 pontos, por volta das 10h10; Via Varejo tamb\u00e9m est\u00e1 no radar. Clique e saiba mais.","og_url":"https:\/\/www.suno.com.br\/noticias\/ibovespa-03072019\/","og_site_name":"Suno Not\u00edcias","article_publisher":"https:\/\/facebook.com\/sunoresearch","og_image":[{"width":1909,"height":1250,"url":"https:\/\/files.sunoresearch.com.br\/n\/uploads\/2018\/12\/ab21ee1f-ibovespa2.jpg","type":"image\/jpeg"}],"author":"Renan Bandeira","twitter_card":"summary_large_image","twitter_creator":"@sunoresearch","twitter_site":"@sunoresearch","twitter_misc":{"Escrito por":"Renan Bandeira","Est. tempo de leitura":"3 minutos"},"schema":{"@context":"https:\/\/schema.org","@graph":[{"@type":"NewsArticle","@id":"https:\/\/www.suno.com.br\/noticias\/ibovespa-03072019\/#article","isPartOf":{"@id":"https:\/\/www.suno.com.br\/noticias\/ibovespa-03072019\/"},"author":{"name":"Renan Bandeira","@id":"https:\/\/www.suno.com.br\/noticias\/#\/schema\/person\/fc144a1c6108bd1dcd43784e88a3c138"},"headline":"Ibovespa est\u00e1vel, com reforma da Previd\u00eancia e Petrobras no radar","datePublished":"2019-07-03T13:17:34+00:00","mainEntityOfPage":{"@id":"https:\/\/www.suno.com.br\/noticias\/ibovespa-03072019\/"},"wordCount":601,"publisher":{"@id":"https:\/\/www.suno.com.br\/noticias\/#organization"},"image":{"@id":"https:\/\/www.suno.com.br\/noticias\/ibovespa-03072019\/#primaryimage"},"thumbnailUrl":"https:\/\/files.sunoresearch.com.br\/n\/uploads\/2018\/12\/ab21ee1f-ibovespa2-jpg.webp","keywords":["Ibovespa"],"articleSection":["Mercado"],"inLanguage":"pt-BR"},{"@type":"WebPage","@id":"https:\/\/www.suno.com.br\/noticias\/ibovespa-03072019\/","url":"https:\/\/www.suno.com.br\/noticias\/ibovespa-03072019\/","name":"Ibovespa em alta, com reforma da Previd\u00eancia e Petrobras no radar","isPartOf":{"@id":"https:\/\/www.suno.com.br\/noticias\/#website"},"primaryImageOfPage":{"@id":"https:\/\/www.suno.com.br\/noticias\/ibovespa-03072019\/#primaryimage"},"image":{"@id":"https:\/\/www.suno.com.br\/noticias\/ibovespa-03072019\/#primaryimage"},"thumbnailUrl":"https:\/\/files.sunoresearch.com.br\/n\/uploads\/2018\/12\/ab21ee1f-ibovespa2-jpg.webp","datePublished":"2019-07-03T13:17:34+00:00","description":"Ibovespa em leve recuo de -0,04% ficando com 100.568,14 pontos, por volta das 10h10; Via Varejo tamb\u00e9m est\u00e1 no radar. Clique e saiba mais.","breadcrumb":{"@id":"https:\/\/www.suno.com.br\/noticias\/ibovespa-03072019\/#breadcrumb"},"inLanguage":"pt-BR","potentialAction":[{"@type":"ReadAction","target":["https:\/\/www.suno.com.br\/noticias\/ibovespa-03072019\/"]}]},{"@type":"ImageObject","inLanguage":"pt-BR","@id":"https:\/\/www.suno.com.br\/noticias\/ibovespa-03072019\/#primaryimage","url":"https:\/\/files.sunoresearch.com.br\/n\/uploads\/2018\/12\/ab21ee1f-ibovespa2-jpg.webp","contentUrl":"https:\/\/files.sunoresearch.com.br\/n\/uploads\/2018\/12\/ab21ee1f-ibovespa2-jpg.webp","width":1909,"height":1250,"caption":"Na \u00faltima sess\u00e3o, ter\u00e7a-feira (11), o Ibovespa encerrou em queda de 1,23%, a 102.174,398 pontos.\u00a0"},{"@type":"BreadcrumbList","@id":"https:\/\/www.suno.com.br\/noticias\/ibovespa-03072019\/#breadcrumb","itemListElement":[{"@type":"ListItem","position":1,"name":"Not\u00edcias","item":"https:\/\/www.suno.com.br\/noticias\/"},{"@type":"ListItem","position":2,"name":"Mercado","item":"https:\/\/www.suno.com.br\/noticias\/mercado\/"},{"@type":"ListItem","position":3,"name":"Ibovespa est\u00e1vel, com reforma da Previd\u00eancia e Petrobras no radar"}]},{"@type":"WebSite","@id":"https:\/\/www.suno.com.br\/noticias\/#website","url":"https:\/\/www.suno.com.br\/noticias\/","name":"Suno Not\u00edcias","description":"Seu portal de informa\u00e7\u00e3o sobre o mundo dos investimentos","publisher":{"@id":"https:\/\/www.suno.com.br\/noticias\/#organization"},"potentialAction":[{"@type":"SearchAction","target":{"@type":"EntryPoint","urlTemplate":"https:\/\/www.suno.com.br\/noticias\/?s={search_term_string}"},"query-input":{"@type":"PropertyValueSpecification","valueRequired":true,"valueName":"search_term_string"}}],"inLanguage":"pt-BR"},{"@type":"Organization","@id":"https:\/\/www.suno.com.br\/noticias\/#organization","name":"Suno Not\u00edcias","url":"https:\/\/www.suno.com.br\/noticias\/","logo":{"@type":"ImageObject","inLanguage":"pt-BR","@id":"https:\/\/www.suno.com.br\/noticias\/#\/schema\/logo\/image\/","url":"https:\/\/files.sunoresearch.com.br\/n\/uploads\/2021\/09\/suno-logo.png","contentUrl":"https:\/\/files.sunoresearch.com.br\/n\/uploads\/2021\/09\/suno-logo.png","width":180,"height":180,"caption":"Suno Not\u00edcias"},"image":{"@id":"https:\/\/www.suno.com.br\/noticias\/#\/schema\/logo\/image\/"},"sameAs":["https:\/\/facebook.com\/sunoresearch","https:\/\/x.com\/sunoresearch","https:\/\/www.instagram.com\/suno","https:\/\/www.linkedin.com\/company\/suno-research\/","https:\/\/www.youtube.com\/c\/sunoresearch"]},{"@type":"Person","@id":"https:\/\/www.suno.com.br\/noticias\/#\/schema\/person\/fc144a1c6108bd1dcd43784e88a3c138","name":"Renan Bandeira","image":{"@type":"ImageObject","inLanguage":"pt-BR","@id":"https:\/\/www.suno.com.br\/noticias\/#\/schema\/person\/image\/","url":"https:\/\/secure.gravatar.com\/avatar\/68359cdb608f14f11bbefcb78f3fc747?s=96&r=g","contentUrl":"https:\/\/secure.gravatar.com\/avatar\/68359cdb608f14f11bbefcb78f3fc747?s=96&r=g","caption":"Renan Bandeira"},"description":"Renan Bandeira escreve sobre pol\u00edtica e economia para o portal da Suno Research. Antes da Suno, trabalhou em uma rede de televis\u00e3o, onde fazia reportagens sobre os mesmos temas. Estuda na Universidade Metodista de S\u00e3o Paulo.","url":"https:\/\/www.suno.com.br\/noticias\/author\/renan-bandeira\/"}]}},"default_loop_html":"<div class=\"cardsPage__listCard__boxs\"><div class=\"cardsPage__listCard__boxs__img\"><a href=\"https:\/\/www.suno.com.br\/noticias\/ibovespa-03072019\/\"><img class=\"mask\" src=\"https:\/\/www.suno.com.br\/noticias\/wp-content\/themes\/suno\/resources\/images\/spotlight\/spotlight1img\/bg-mask.png\" alt=\"Image Mask\"\/><img src=\"https:\/\/files.sunoresearch.com.br\/n\/uploads\/2018\/12\/ab21ee1f-ibovespa2-400x200.webp\" alt=\"Ibovespa est\u00e1vel, com reforma da Previd\u00eancia e Petrobras no radar\"\/><\/a><span class=\"spotlightCategory\"><a href=\"https:\/\/www.suno.com.br\/noticias\/mercado\/\">Mercado<\/a><\/span><\/div><div class=\"cardsPage__listCard__boxs__content\"><a href=\"https:\/\/www.suno.com.br\/noticias\/ibovespa-03072019\/\"><h2 class=\"content__title\">Ibovespa est\u00e1vel, com reforma da Previd\u00eancia e Petrobras no radar<\/h2><\/a><div class=\"newsContent__article__meta\"><div class=\"newsContent__article__meta__authorBox\"><a href=\"https:\/\/www.suno.com.br\/noticias\/author\/renan-bandeira\/\" class=\"authorBox__avatar noMobi\"><img src=\"https:\/\/secure.gravatar.com\/avatar\/68359cdb608f14f11bbefcb78f3fc747?s=96&#038;r=g\" alt=\"Renan Bandeira\"><\/a><div class=\"authorBox__name\"><span>por\n\t\t\t<a href=\"https:\/\/www.suno.com.br\/noticias\/author\/renan-bandeira\/\"><span itemprop=\"author\">Renan Bandeira<\/span><\/a><\/span><time datetime=\"2019-07-03T10:17:34-03:00\" itemprop=\"datePublished\">03\/07\/2019 10:17<\/time><\/div><\/div><\/div><\/div><\/div>","single_layout":"posts","amp_enabled":true,"_links":{"self":[{"href":"https:\/\/www.suno.com.br\/noticias\/wp-json\/wp\/v2\/posts\/29924"}],"collection":[{"href":"https:\/\/www.suno.com.br\/noticias\/wp-json\/wp\/v2\/posts"}],"about":[{"href":"https:\/\/www.suno.com.br\/noticias\/wp-json\/wp\/v2\/types\/post"}],"author":[{"embeddable":true,"href":"https:\/\/www.suno.com.br\/noticias\/wp-json\/wp\/v2\/users\/11"}],"replies":[{"embeddable":true,"href":"https:\/\/www.suno.com.br\/noticias\/wp-json\/wp\/v2\/comments?post=29924"}],"version-history":[{"count":0,"href":"https:\/\/www.suno.com.br\/noticias\/wp-json\/wp\/v2\/posts\/29924\/revisions"}],"wp:featuredmedia":[{"embeddable":true,"href":"https:\/\/www.suno.com.br\/noticias\/wp-json\/wp\/v2\/media\/8123"}],"wp:attachment":[{"href":"https:\/\/www.suno.com.br\/noticias\/wp-json\/wp\/v2\/media?parent=29924"}],"wp:term":[{"taxonomy":"category","embeddable":true,"href":"https:\/\/www.suno.com.br\/noticias\/wp-json\/wp\/v2\/categories?post=29924"},{"taxonomy":"post_tag","embeddable":true,"href":"https:\/\/www.suno.com.br\/noticias\/wp-json\/wp\/v2\/tags?post=29924"},{"taxonomy":"suno_strategy","embeddable":true,"href":"https:\/\/www.suno.com.br\/noticias\/wp-json\/wp\/v2\/suno_strategy?post=29924"}],"curies":[{"name":"wp","href":"https:\/\/api.w.org\/{rel}","templated":true}]}}