{"id":29920,"date":"2019-07-03T10:17:27","date_gmt":"2019-07-03T13:17:27","guid":{"rendered":"https:\/\/www.suno.com.br\/noticias\/?p=29920"},"modified":"2019-07-03T18:51:42","modified_gmt":"2019-07-03T21:51:42","slug":"via-varejo-magazine-luiza-diretora","status":"publish","type":"post","link":"https:\/\/www.suno.com.br\/noticias\/via-varejo-magazine-luiza-diretora\/","title":{"rendered":"Via Varejo anuncia ex-diretora do Magalu como nova integrante da equipe"},"content":{"rendered":"<p>A <a href=\"https:\/\/www.viavarejo.com.br\/\">Via Varejo<\/a> anunciou que a diretora respons\u00e1vel pelo marketing multicanais da <a href=\"https:\/\/ri.magazineluiza.com.br\/\"><strong>Magazine Luiza<\/strong><\/a>, h\u00e1 10 anos, Ilca Sierra, \u00e9 nova integrante da companhia. Dessa forma, o objetivo da empresa \u00e9 reconquistar o lugar de prefer\u00eancia do mercado.<\/p>\t<div class=\"wrapper-featured-image\">\n\t\t<figure class=\"spotlightImg\">\n\n\t\t\t<picture>\n\t\t\t\t<source media=\"(max-width: 768px)\" srcset=\"https:\/\/files.sunoresearch.com.br\/n\/uploads\/2019\/05\/cb4d8bbb-via-varejo-400x200.webp\">\n\t\t\t\t<img loading=\"lazy\" decoding=\"async\" class=\"newsContent__article__imgCapa lazyloadDisabled newsContent__article__imgCapa--noCaption\" src=\"https:\/\/files.sunoresearch.com.br\/n\/uploads\/2019\/05\/cb4d8bbb-via-varejo-800x450.webp\" width=\"800\" height=\"450\" alt=\"Via Varejo anuncia ex-diretora do Magalu como nova integrante da equipe\" fetchpriority=high \/>\n\t\t\t<\/picture>\n\n\t\t\t<figcaption class=\"wp-caption-text wp-caption-text--hide\">Via Varejo enfrenta volatilidade e desconfian\u00e7a ap\u00f3s fraudes<\/figcaption>\n\t\t<\/figure>\n\t<\/div>\n\n\n<p>De acordo com a <strong>Via Varejo<\/strong> a atua\u00e7\u00e3o online \u00e9 um dos principais pontos fracos da empresa, diferentemente de sua concorrente. Al\u00e9m disso, a companhia anunciou o novo executivo da empresa, Roberto Fulcherberguer, que prometeu reduzir o espa\u00e7o que a varejista tem perdido para o Magalu.<\/p>\n<p><iframe loading=\"lazy\" title=\"?Via Varejo come\u00e7a ofensiva contra Magalu, GPA e Microsoft testam tecnologias em SP e Petrobras\" width=\"200\" height=\"113\" src=\"https:\/\/www.youtube.com\/embed\/uKcKMNOjWxc?feature=oembed\" frameborder=\"0\" allow=\"accelerometer; autoplay; encrypted-media; gyroscope; picture-in-picture\" allowfullscreen><\/iframe><\/p>\n<p>As informa\u00e7\u00f5es foram divulgadas, nesta quarta-feira (3), pelo jornal &#8220;Estado de S.Paulo&#8221;. Conforme o executivo, &#8220;tem alguma coisa errada. Vendemos R$10 bilh\u00f5es a mais do que nossa principal concorrente, mas eles valem R$ 34 bilh\u00f5es a mais na <a href=\"https:\/\/www.suno.com.br\/artigos\/como-investir-em-acoes-na-bolsa-de-valores\/\">Bolsa<\/a>&#8220;.<\/p>\n<p>&#8220;Temos de voltar a fazer o b\u00e1sico bem feito. Vamos ter um rumo certo e preciso porque a Via Varejo tinha um rumo a cada ano&#8221;, disse Fulcherberguer sobre a nova reestrutura\u00e7\u00e3o da varejista.<\/p>\n\t<p>\n\t\t<a href=\"https:\/\/lp.statusinvest.com.br\/cl\/carteira-automatizada\/\" target=\"_blank\" data-element=\"shortcode-suno-banner\" title=\"Banner SUNO, clique e saiba mais\">\n\t\t\t<picture>\n\t\t\t\t<source media=\"(max-width: 500px)\" srcset=\"https:\/\/files.sunoresearch.com.br\/n\/uploads\/2024\/02\/400x300-Mobile.png\">\n\t\t\t\t<img class=\"newsContent__article__imgCapa newsContent__article__imgCapa--banner\"\n\t\t\t\t\tsrc=\"https:\/\/files.sunoresearch.com.br\/n\/uploads\/2024\/02\/1420x240-Desktop.png\"\n\t\t\t\t\tdata-promo-id=\"518879\"\t\t\t\t\t\t\t\t\t\twidth='1420' height='240'\t\t\t\t\talt=\"https:\/\/files.sunoresearch.com.br\/n\/uploads\/2024\/02\/1420x240-Desktop.png\"\n\t\t\t\t>\n\t\t\t<\/picture>\n\t\t<\/a>\n\t<\/p>\n\n\n<h2>Via Varejo demite 12 executivos<\/h2>\n<p>A Via Varejo que est\u00e1 sob o comando da fam\u00edlia Klein ap\u00f3s o Grupo P\u00e3o de A\u00e7\u00facar vender sua participa\u00e7\u00e3o demitiu 12 executivos de alto escal\u00e3o.<\/p>\n<p>&#8220;Unidos a um time inspirado e cheio de disposi\u00e7\u00e3o, seguimos trabalhando com o objetivo de sempre oferecer a melhor experi\u00eancia de compra ao cliente, o melhor ambiente de desenvolvimento e cria\u00e7\u00e3o para os nossos colaboradores, almejando resultados positivos e inovadores&#8221;, disse a empresa em sua rede social.<\/p>\n<p><a href=\"\/\/www.suno.com.br\/noticias\/via-varejo-michael-klein\/\">Saiba Mais:\u00a0Via Varejo anuncia Michael Klein como novo presidente do conselho de administra\u00e7\u00e3o<\/a><\/p>\n<p>Ap\u00f3s o an\u00fancio de reestrutura\u00e7\u00e3o o mercado reagiu bem. A empresa teve alta ultrapassada de 5% durante a manh\u00e3 da \u00faltima ter\u00e7a-feira (2). No fechamento, a cota\u00e7\u00e3o era de R$ 5,45 com subida de 6,45%.<\/p>\n<p>Dentre os diretores demitidos pela varejista est\u00e3o:<\/p>\n<ul>\n<li>Rubens Domene, diretor compras de eletrodom\u00e9sticos da linha branca;<\/li>\n<li>Sandro Gon\u00e7alves e Silva, diretor comercial.<\/li>\n<\/ul>\n<p>Na noite da \u00faltima segunda-feira (1\u00ba), a companhia anunciou pelas redes sociais as boas vindas aos novos executivos:<\/p>\n<ul>\n<li>Roberto Fulcherberguer \u00e9 o novo CEO;<\/li>\n<li>Abel Ornelas \u00e9 o novo COO;<\/li>\n<li>Orivaldo Padilha \u00e9 o novo CFO;<\/li>\n<li>Sergio Leme \u00e9 o novo vice-presidente administrativo;<\/li>\n<li>Felipe Negr\u00e3o, que permanece como diretor<\/li>\n<li>e o novo presidente do conselho administrativo, <a href=\"https:\/\/www.suno.com.br\/tudo-sobre\/michael-klein\/\">Michael Klein<\/a><\/li>\n<\/ul>\n\t<p>\n\t\t<a href=\"https:\/\/lp.suno.com.br\/ao\/cadastro-whatsapp\/\" target=\"_blank\" data-element=\"shortcode-suno-banner\" title=\"Banner SUNO, clique e saiba mais\">\n\t\t\t<picture>\n\t\t\t\t<source media=\"(max-width: 500px)\" srcset=\"https:\/\/files.sunoresearch.com.br\/n\/uploads\/2024\/02\/400x300-Mobile-Artigos-7.png\">\n\t\t\t\t<img class=\"newsContent__article__imgCapa newsContent__article__imgCapa--banner\"\n\t\t\t\t\tsrc=\"https:\/\/files.sunoresearch.com.br\/n\/uploads\/2024\/01\/1420x240-Banner-Artigos-1-_-Banner-Materias-8.png\"\n\t\t\t\t\tdata-promo-id=\"517344\"\t\t\t\t\t\t\t\t\t\twidth='1420' height='240'\t\t\t\t\talt=\"https:\/\/files.sunoresearch.com.br\/n\/uploads\/2024\/01\/1420x240-Banner-Artigos-1-_-Banner-Materias-8.png\"\n\t\t\t\t>\n\t\t\t<\/picture>\n\t\t<\/a>\n\t<\/p>\n\n\n<h2>\u00daltima cota\u00e7\u00e3o<\/h2>\n<p>Na \u00faltima sess\u00e3o, nesta quarta-feira (3), a <strong>Via Varejo<\/strong> (VVAR3) registrava alta de 1,65% sendo cotada a R$ 5,54.<\/p>\n","protected":false},"excerpt":{"rendered":"<p>A Via Varejo anunciou que a diretora respons\u00e1vel pelo marketing multicanais da Magazine Luiza, h\u00e1 10 anos, Ilca Sierra, \u00e9 nova integrante da companhia. Dessa forma, o objetivo da empresa \u00e9 reconquistar o lugar de prefer\u00eancia do mercado. Via Varejo enfrenta volatilidade e desconfian\u00e7a ap\u00f3s fraudes De acordo com a Via Varejo a atua\u00e7\u00e3o online [&hellip;]<\/p>\n","protected":false},"author":15,"featured_media":24614,"comment_status":"closed","ping_status":"closed","sticky":false,"template":"","format":"standard","meta":[],"categories":[64],"tags":[548,106935],"suno_strategy":[],"class_list":["post-29920","post","type-post","status-publish","format-standard","has-post-thumbnail","hentry","category-negocios","tag-magazine-luiza-mglu3","tag-via-viia3"],"yoast_head":"<!-- This site is optimized with the Yoast SEO plugin v24.4 - https:\/\/yoast.com\/wordpress\/plugins\/seo\/ -->\n<title>Via Varejo anuncia ex-diretora do Magalu como nova integrante da equipe<\/title>\n<meta name=\"description\" content=\"Com objetivo de reconquistar o lugar de prefer\u00eancia do mercado a Via Varejo anuncia que a diretora do Magazine Luiza \u00e9 nova integrante. Clique aqui\" \/>\n<meta name=\"robots\" content=\"index, follow, max-snippet:-1, max-image-preview:large, max-video-preview:-1\" \/>\n<link rel=\"canonical\" href=\"https:\/\/www.suno.com.br\/noticias\/via-varejo-magazine-luiza-diretora\/\" \/>\n<meta property=\"og:locale\" content=\"pt_BR\" \/>\n<meta property=\"og:type\" content=\"article\" \/>\n<meta property=\"og:title\" content=\"Via Varejo anuncia ex-diretora do Magalu como nova integrante da equipe\" \/>\n<meta property=\"og:description\" content=\"Com objetivo de reconquistar o lugar de prefer\u00eancia do mercado a Via Varejo anuncia que a diretora do Magazine Luiza \u00e9 nova integrante. Clique aqui\" \/>\n<meta property=\"og:url\" content=\"https:\/\/www.suno.com.br\/noticias\/via-varejo-magazine-luiza-diretora\/\" \/>\n<meta property=\"og:site_name\" content=\"Suno Not\u00edcias\" \/>\n<meta property=\"article:publisher\" content=\"https:\/\/facebook.com\/sunoresearch\" \/>\n<meta property=\"og:image\" content=\"https:\/\/files.sunoresearch.com.br\/n\/uploads\/2019\/05\/cb4d8bbb-via-varejo.jpg\" \/>\n\t<meta property=\"og:image:width\" content=\"1600\" \/>\n\t<meta property=\"og:image:height\" content=\"1200\" \/>\n\t<meta property=\"og:image:type\" content=\"image\/jpeg\" \/>\n<meta name=\"author\" content=\"Poliana Santos\" \/>\n<meta name=\"twitter:card\" content=\"summary_large_image\" \/>\n<meta name=\"twitter:creator\" content=\"@sunoresearch\" \/>\n<meta name=\"twitter:site\" content=\"@sunoresearch\" \/>\n<meta name=\"twitter:label1\" content=\"Escrito por\" \/>\n\t<meta name=\"twitter:data1\" content=\"Poliana Santos\" \/>\n\t<meta name=\"twitter:label2\" content=\"Est. tempo de leitura\" \/>\n\t<meta name=\"twitter:data2\" content=\"2 minutos\" \/>\n<script type=\"application\/ld+json\" class=\"yoast-schema-graph\">{\"@context\":\"https:\/\/schema.org\",\"@graph\":[{\"@type\":\"NewsArticle\",\"@id\":\"https:\/\/www.suno.com.br\/noticias\/via-varejo-magazine-luiza-diretora\/#article\",\"isPartOf\":{\"@id\":\"https:\/\/www.suno.com.br\/noticias\/via-varejo-magazine-luiza-diretora\/\"},\"author\":{\"name\":\"Poliana Santos\",\"@id\":\"https:\/\/www.suno.com.br\/noticias\/#\/schema\/person\/02ec1f752758247878a2bf4abee1aeda\"},\"headline\":\"Via Varejo anuncia ex-diretora do Magalu como nova integrante da equipe\",\"datePublished\":\"2019-07-03T13:17:27+00:00\",\"dateModified\":\"2019-07-03T21:51:42+00:00\",\"mainEntityOfPage\":{\"@id\":\"https:\/\/www.suno.com.br\/noticias\/via-varejo-magazine-luiza-diretora\/\"},\"wordCount\":424,\"publisher\":{\"@id\":\"https:\/\/www.suno.com.br\/noticias\/#organization\"},\"image\":{\"@id\":\"https:\/\/www.suno.com.br\/noticias\/via-varejo-magazine-luiza-diretora\/#primaryimage\"},\"thumbnailUrl\":\"https:\/\/files.sunoresearch.com.br\/n\/uploads\/2019\/05\/cb4d8bbb-via-varejo-jpg.webp\",\"keywords\":[\"Magazine Luiza (MGLU3)\",\"Via (VIIA3)\"],\"articleSection\":[\"Neg\u00f3cios\"],\"inLanguage\":\"pt-BR\"},{\"@type\":\"WebPage\",\"@id\":\"https:\/\/www.suno.com.br\/noticias\/via-varejo-magazine-luiza-diretora\/\",\"url\":\"https:\/\/www.suno.com.br\/noticias\/via-varejo-magazine-luiza-diretora\/\",\"name\":\"Via Varejo anuncia ex-diretora do Magalu como nova integrante da equipe\",\"isPartOf\":{\"@id\":\"https:\/\/www.suno.com.br\/noticias\/#website\"},\"primaryImageOfPage\":{\"@id\":\"https:\/\/www.suno.com.br\/noticias\/via-varejo-magazine-luiza-diretora\/#primaryimage\"},\"image\":{\"@id\":\"https:\/\/www.suno.com.br\/noticias\/via-varejo-magazine-luiza-diretora\/#primaryimage\"},\"thumbnailUrl\":\"https:\/\/files.sunoresearch.com.br\/n\/uploads\/2019\/05\/cb4d8bbb-via-varejo-jpg.webp\",\"datePublished\":\"2019-07-03T13:17:27+00:00\",\"dateModified\":\"2019-07-03T21:51:42+00:00\",\"description\":\"Com objetivo de reconquistar o lugar de prefer\u00eancia do mercado a Via Varejo anuncia que a diretora do Magazine Luiza \u00e9 nova integrante. Clique aqui\",\"breadcrumb\":{\"@id\":\"https:\/\/www.suno.com.br\/noticias\/via-varejo-magazine-luiza-diretora\/#breadcrumb\"},\"inLanguage\":\"pt-BR\",\"potentialAction\":[{\"@type\":\"ReadAction\",\"target\":[\"https:\/\/www.suno.com.br\/noticias\/via-varejo-magazine-luiza-diretora\/\"]}]},{\"@type\":\"ImageObject\",\"inLanguage\":\"pt-BR\",\"@id\":\"https:\/\/www.suno.com.br\/noticias\/via-varejo-magazine-luiza-diretora\/#primaryimage\",\"url\":\"https:\/\/files.sunoresearch.com.br\/n\/uploads\/2019\/05\/cb4d8bbb-via-varejo-jpg.webp\",\"contentUrl\":\"https:\/\/files.sunoresearch.com.br\/n\/uploads\/2019\/05\/cb4d8bbb-via-varejo-jpg.webp\",\"width\":1600,\"height\":1200,\"caption\":\"Via Varejo enfrenta volatilidade e desconfian\u00e7a ap\u00f3s fraudes\"},{\"@type\":\"BreadcrumbList\",\"@id\":\"https:\/\/www.suno.com.br\/noticias\/via-varejo-magazine-luiza-diretora\/#breadcrumb\",\"itemListElement\":[{\"@type\":\"ListItem\",\"position\":1,\"name\":\"Not\u00edcias\",\"item\":\"https:\/\/www.suno.com.br\/noticias\/\"},{\"@type\":\"ListItem\",\"position\":2,\"name\":\"Neg\u00f3cios\",\"item\":\"https:\/\/www.suno.com.br\/noticias\/negocios\/\"},{\"@type\":\"ListItem\",\"position\":3,\"name\":\"Via Varejo anuncia ex-diretora do Magalu como nova integrante da equipe\"}]},{\"@type\":\"WebSite\",\"@id\":\"https:\/\/www.suno.com.br\/noticias\/#website\",\"url\":\"https:\/\/www.suno.com.br\/noticias\/\",\"name\":\"Suno Not\u00edcias\",\"description\":\"Seu portal de informa\u00e7\u00e3o sobre o mundo dos investimentos\",\"publisher\":{\"@id\":\"https:\/\/www.suno.com.br\/noticias\/#organization\"},\"potentialAction\":[{\"@type\":\"SearchAction\",\"target\":{\"@type\":\"EntryPoint\",\"urlTemplate\":\"https:\/\/www.suno.com.br\/noticias\/?s={search_term_string}\"},\"query-input\":{\"@type\":\"PropertyValueSpecification\",\"valueRequired\":true,\"valueName\":\"search_term_string\"}}],\"inLanguage\":\"pt-BR\"},{\"@type\":\"Organization\",\"@id\":\"https:\/\/www.suno.com.br\/noticias\/#organization\",\"name\":\"Suno Not\u00edcias\",\"url\":\"https:\/\/www.suno.com.br\/noticias\/\",\"logo\":{\"@type\":\"ImageObject\",\"inLanguage\":\"pt-BR\",\"@id\":\"https:\/\/www.suno.com.br\/noticias\/#\/schema\/logo\/image\/\",\"url\":\"https:\/\/files.sunoresearch.com.br\/n\/uploads\/2021\/09\/suno-logo.png\",\"contentUrl\":\"https:\/\/files.sunoresearch.com.br\/n\/uploads\/2021\/09\/suno-logo.png\",\"width\":180,\"height\":180,\"caption\":\"Suno Not\u00edcias\"},\"image\":{\"@id\":\"https:\/\/www.suno.com.br\/noticias\/#\/schema\/logo\/image\/\"},\"sameAs\":[\"https:\/\/facebook.com\/sunoresearch\",\"https:\/\/x.com\/sunoresearch\",\"https:\/\/www.instagram.com\/suno\",\"https:\/\/www.linkedin.com\/company\/suno-research\/\",\"https:\/\/www.youtube.com\/c\/sunoresearch\"]},{\"@type\":\"Person\",\"@id\":\"https:\/\/www.suno.com.br\/noticias\/#\/schema\/person\/02ec1f752758247878a2bf4abee1aeda\",\"name\":\"Poliana Santos\",\"image\":{\"@type\":\"ImageObject\",\"inLanguage\":\"pt-BR\",\"@id\":\"https:\/\/www.suno.com.br\/noticias\/#\/schema\/person\/image\/\",\"url\":\"https:\/\/secure.gravatar.com\/avatar\/0645bd32f23d87b2130f2b2dff1d3f8d?s=96&r=g\",\"contentUrl\":\"https:\/\/secure.gravatar.com\/avatar\/0645bd32f23d87b2130f2b2dff1d3f8d?s=96&r=g\",\"caption\":\"Poliana Santos\"},\"description\":\"Rep\u00f3rter no Suno Not\u00edcias, com cobertura em mercado financeiro, economia, finan\u00e7as pessoais, renda fixa e varejo. Jornalista formada pela Faculdade C\u00e1sper L\u00edbero e possui passagem na R\u00e1dio Gazeta AM com a produ\u00e7\u00e3o de conte\u00fado sobre economia, pol\u00edtica, sa\u00fade, moda e m\u00fasica. Possui certificado de conclus\u00e3o do curso de An\u00e1lise de Balan\u00e7os pela Funda\u00e7\u00e3o Bradesco, Agenda Brasil pela FAAP, Educa\u00e7\u00e3o Pol\u00edtica por Alexandre Garcia e do Tesouro Direto e Mercado de A\u00e7\u00f5es pela B3.\",\"url\":\"https:\/\/www.suno.com.br\/noticias\/author\/poliana-santos\/\"}]}<\/script>\n<!-- \/ Yoast SEO plugin. -->","yoast_head_json":{"title":"Via Varejo anuncia ex-diretora do Magalu como nova integrante da equipe","description":"Com objetivo de reconquistar o lugar de prefer\u00eancia do mercado a Via Varejo anuncia que a diretora do Magazine Luiza \u00e9 nova integrante. Clique aqui","robots":{"index":"index","follow":"follow","max-snippet":"max-snippet:-1","max-image-preview":"max-image-preview:large","max-video-preview":"max-video-preview:-1"},"canonical":"https:\/\/www.suno.com.br\/noticias\/via-varejo-magazine-luiza-diretora\/","og_locale":"pt_BR","og_type":"article","og_title":"Via Varejo anuncia ex-diretora do Magalu como nova integrante da equipe","og_description":"Com objetivo de reconquistar o lugar de prefer\u00eancia do mercado a Via Varejo anuncia que a diretora do Magazine Luiza \u00e9 nova integrante. Clique aqui","og_url":"https:\/\/www.suno.com.br\/noticias\/via-varejo-magazine-luiza-diretora\/","og_site_name":"Suno Not\u00edcias","article_publisher":"https:\/\/facebook.com\/sunoresearch","og_image":[{"width":1600,"height":1200,"url":"https:\/\/files.sunoresearch.com.br\/n\/uploads\/2019\/05\/cb4d8bbb-via-varejo.jpg","type":"image\/jpeg"}],"author":"Poliana Santos","twitter_card":"summary_large_image","twitter_creator":"@sunoresearch","twitter_site":"@sunoresearch","twitter_misc":{"Escrito por":"Poliana Santos","Est. tempo de leitura":"2 minutos"},"schema":{"@context":"https:\/\/schema.org","@graph":[{"@type":"NewsArticle","@id":"https:\/\/www.suno.com.br\/noticias\/via-varejo-magazine-luiza-diretora\/#article","isPartOf":{"@id":"https:\/\/www.suno.com.br\/noticias\/via-varejo-magazine-luiza-diretora\/"},"author":{"name":"Poliana Santos","@id":"https:\/\/www.suno.com.br\/noticias\/#\/schema\/person\/02ec1f752758247878a2bf4abee1aeda"},"headline":"Via Varejo anuncia ex-diretora do Magalu como nova integrante da equipe","datePublished":"2019-07-03T13:17:27+00:00","dateModified":"2019-07-03T21:51:42+00:00","mainEntityOfPage":{"@id":"https:\/\/www.suno.com.br\/noticias\/via-varejo-magazine-luiza-diretora\/"},"wordCount":424,"publisher":{"@id":"https:\/\/www.suno.com.br\/noticias\/#organization"},"image":{"@id":"https:\/\/www.suno.com.br\/noticias\/via-varejo-magazine-luiza-diretora\/#primaryimage"},"thumbnailUrl":"https:\/\/files.sunoresearch.com.br\/n\/uploads\/2019\/05\/cb4d8bbb-via-varejo-jpg.webp","keywords":["Magazine Luiza (MGLU3)","Via (VIIA3)"],"articleSection":["Neg\u00f3cios"],"inLanguage":"pt-BR"},{"@type":"WebPage","@id":"https:\/\/www.suno.com.br\/noticias\/via-varejo-magazine-luiza-diretora\/","url":"https:\/\/www.suno.com.br\/noticias\/via-varejo-magazine-luiza-diretora\/","name":"Via Varejo anuncia ex-diretora do Magalu como nova integrante da equipe","isPartOf":{"@id":"https:\/\/www.suno.com.br\/noticias\/#website"},"primaryImageOfPage":{"@id":"https:\/\/www.suno.com.br\/noticias\/via-varejo-magazine-luiza-diretora\/#primaryimage"},"image":{"@id":"https:\/\/www.suno.com.br\/noticias\/via-varejo-magazine-luiza-diretora\/#primaryimage"},"thumbnailUrl":"https:\/\/files.sunoresearch.com.br\/n\/uploads\/2019\/05\/cb4d8bbb-via-varejo-jpg.webp","datePublished":"2019-07-03T13:17:27+00:00","dateModified":"2019-07-03T21:51:42+00:00","description":"Com objetivo de reconquistar o lugar de prefer\u00eancia do mercado a Via Varejo anuncia que a diretora do Magazine Luiza \u00e9 nova integrante. Clique aqui","breadcrumb":{"@id":"https:\/\/www.suno.com.br\/noticias\/via-varejo-magazine-luiza-diretora\/#breadcrumb"},"inLanguage":"pt-BR","potentialAction":[{"@type":"ReadAction","target":["https:\/\/www.suno.com.br\/noticias\/via-varejo-magazine-luiza-diretora\/"]}]},{"@type":"ImageObject","inLanguage":"pt-BR","@id":"https:\/\/www.suno.com.br\/noticias\/via-varejo-magazine-luiza-diretora\/#primaryimage","url":"https:\/\/files.sunoresearch.com.br\/n\/uploads\/2019\/05\/cb4d8bbb-via-varejo-jpg.webp","contentUrl":"https:\/\/files.sunoresearch.com.br\/n\/uploads\/2019\/05\/cb4d8bbb-via-varejo-jpg.webp","width":1600,"height":1200,"caption":"Via Varejo enfrenta volatilidade e desconfian\u00e7a ap\u00f3s fraudes"},{"@type":"BreadcrumbList","@id":"https:\/\/www.suno.com.br\/noticias\/via-varejo-magazine-luiza-diretora\/#breadcrumb","itemListElement":[{"@type":"ListItem","position":1,"name":"Not\u00edcias","item":"https:\/\/www.suno.com.br\/noticias\/"},{"@type":"ListItem","position":2,"name":"Neg\u00f3cios","item":"https:\/\/www.suno.com.br\/noticias\/negocios\/"},{"@type":"ListItem","position":3,"name":"Via Varejo anuncia ex-diretora do Magalu como nova integrante da equipe"}]},{"@type":"WebSite","@id":"https:\/\/www.suno.com.br\/noticias\/#website","url":"https:\/\/www.suno.com.br\/noticias\/","name":"Suno Not\u00edcias","description":"Seu portal de informa\u00e7\u00e3o sobre o mundo dos investimentos","publisher":{"@id":"https:\/\/www.suno.com.br\/noticias\/#organization"},"potentialAction":[{"@type":"SearchAction","target":{"@type":"EntryPoint","urlTemplate":"https:\/\/www.suno.com.br\/noticias\/?s={search_term_string}"},"query-input":{"@type":"PropertyValueSpecification","valueRequired":true,"valueName":"search_term_string"}}],"inLanguage":"pt-BR"},{"@type":"Organization","@id":"https:\/\/www.suno.com.br\/noticias\/#organization","name":"Suno Not\u00edcias","url":"https:\/\/www.suno.com.br\/noticias\/","logo":{"@type":"ImageObject","inLanguage":"pt-BR","@id":"https:\/\/www.suno.com.br\/noticias\/#\/schema\/logo\/image\/","url":"https:\/\/files.sunoresearch.com.br\/n\/uploads\/2021\/09\/suno-logo.png","contentUrl":"https:\/\/files.sunoresearch.com.br\/n\/uploads\/2021\/09\/suno-logo.png","width":180,"height":180,"caption":"Suno Not\u00edcias"},"image":{"@id":"https:\/\/www.suno.com.br\/noticias\/#\/schema\/logo\/image\/"},"sameAs":["https:\/\/facebook.com\/sunoresearch","https:\/\/x.com\/sunoresearch","https:\/\/www.instagram.com\/suno","https:\/\/www.linkedin.com\/company\/suno-research\/","https:\/\/www.youtube.com\/c\/sunoresearch"]},{"@type":"Person","@id":"https:\/\/www.suno.com.br\/noticias\/#\/schema\/person\/02ec1f752758247878a2bf4abee1aeda","name":"Poliana Santos","image":{"@type":"ImageObject","inLanguage":"pt-BR","@id":"https:\/\/www.suno.com.br\/noticias\/#\/schema\/person\/image\/","url":"https:\/\/secure.gravatar.com\/avatar\/0645bd32f23d87b2130f2b2dff1d3f8d?s=96&r=g","contentUrl":"https:\/\/secure.gravatar.com\/avatar\/0645bd32f23d87b2130f2b2dff1d3f8d?s=96&r=g","caption":"Poliana Santos"},"description":"Rep\u00f3rter no Suno Not\u00edcias, com cobertura em mercado financeiro, economia, finan\u00e7as pessoais, renda fixa e varejo. Jornalista formada pela Faculdade C\u00e1sper L\u00edbero e possui passagem na R\u00e1dio Gazeta AM com a produ\u00e7\u00e3o de conte\u00fado sobre economia, pol\u00edtica, sa\u00fade, moda e m\u00fasica. Possui certificado de conclus\u00e3o do curso de An\u00e1lise de Balan\u00e7os pela Funda\u00e7\u00e3o Bradesco, Agenda Brasil pela FAAP, Educa\u00e7\u00e3o Pol\u00edtica por Alexandre Garcia e do Tesouro Direto e Mercado de A\u00e7\u00f5es pela B3.","url":"https:\/\/www.suno.com.br\/noticias\/author\/poliana-santos\/"}]}},"default_loop_html":"<div class=\"cardsPage__listCard__boxs\"><div class=\"cardsPage__listCard__boxs__img\"><a href=\"https:\/\/www.suno.com.br\/noticias\/via-varejo-magazine-luiza-diretora\/\"><img class=\"mask\" src=\"https:\/\/www.suno.com.br\/noticias\/wp-content\/themes\/suno\/resources\/images\/spotlight\/spotlight1img\/bg-mask.png\" alt=\"Image Mask\"\/><img src=\"https:\/\/files.sunoresearch.com.br\/n\/uploads\/2019\/05\/cb4d8bbb-via-varejo-400x200.webp\" alt=\"Via Varejo anuncia ex-diretora do Magalu como nova integrante da equipe\"\/><\/a><span class=\"spotlightCategory\"><a href=\"https:\/\/www.suno.com.br\/noticias\/negocios\/\">Neg\u00f3cios<\/a><\/span><\/div><div class=\"cardsPage__listCard__boxs__content\"><a href=\"https:\/\/www.suno.com.br\/noticias\/via-varejo-magazine-luiza-diretora\/\"><h2 class=\"content__title\">Via Varejo anuncia ex-diretora do Magalu como nova integrante da equipe<\/h2><\/a><div class=\"newsContent__article__meta\"><div class=\"newsContent__article__meta__authorBox\"><a href=\"https:\/\/www.suno.com.br\/noticias\/author\/poliana-santos\/\" class=\"authorBox__avatar noMobi\"><img src=\"https:\/\/files.sunoresearch.com.br\/n\/uploads\/2020\/08\/7ef34026-whatsapp-image-2020-08-03-at-12.37.57-150x150.webp\" alt=\"Poliana Santos\"><\/a><div class=\"authorBox__name\"><span>por\n\t\t\t<a href=\"https:\/\/www.suno.com.br\/noticias\/author\/poliana-santos\/\"><span itemprop=\"author\">Poliana Santos<\/span><\/a><\/span><time datetime=\"2019-07-03T10:17:27-03:00\" itemprop=\"datePublished\">03\/07\/2019 10:17<\/time><\/div><\/div><\/div><\/div><\/div>","single_layout":"posts","amp_enabled":true,"_links":{"self":[{"href":"https:\/\/www.suno.com.br\/noticias\/wp-json\/wp\/v2\/posts\/29920"}],"collection":[{"href":"https:\/\/www.suno.com.br\/noticias\/wp-json\/wp\/v2\/posts"}],"about":[{"href":"https:\/\/www.suno.com.br\/noticias\/wp-json\/wp\/v2\/types\/post"}],"author":[{"embeddable":true,"href":"https:\/\/www.suno.com.br\/noticias\/wp-json\/wp\/v2\/users\/15"}],"replies":[{"embeddable":true,"href":"https:\/\/www.suno.com.br\/noticias\/wp-json\/wp\/v2\/comments?post=29920"}],"version-history":[{"count":0,"href":"https:\/\/www.suno.com.br\/noticias\/wp-json\/wp\/v2\/posts\/29920\/revisions"}],"wp:featuredmedia":[{"embeddable":true,"href":"https:\/\/www.suno.com.br\/noticias\/wp-json\/wp\/v2\/media\/24614"}],"wp:attachment":[{"href":"https:\/\/www.suno.com.br\/noticias\/wp-json\/wp\/v2\/media?parent=29920"}],"wp:term":[{"taxonomy":"category","embeddable":true,"href":"https:\/\/www.suno.com.br\/noticias\/wp-json\/wp\/v2\/categories?post=29920"},{"taxonomy":"post_tag","embeddable":true,"href":"https:\/\/www.suno.com.br\/noticias\/wp-json\/wp\/v2\/tags?post=29920"},{"taxonomy":"suno_strategy","embeddable":true,"href":"https:\/\/www.suno.com.br\/noticias\/wp-json\/wp\/v2\/suno_strategy?post=29920"}],"curies":[{"name":"wp","href":"https:\/\/api.w.org\/{rel}","templated":true}]}}