{"id":299189,"date":"2022-09-19T09:20:35","date_gmt":"2022-09-19T12:20:35","guid":{"rendered":"https:\/\/www.suno.com.br\/noticias\/?p=299189"},"modified":"2022-09-19T09:20:35","modified_gmt":"2022-09-19T12:20:35","slug":"eletrobras-elet3-ceo-novo","status":"publish","type":"post","link":"https:\/\/www.suno.com.br\/noticias\/eletrobras-elet3-ceo-novo\/","title":{"rendered":"Eletrobras (ELET3): Novo CEO, Wilson Ferreira J\u00fanior, assume nesta semana"},"content":{"rendered":"<p>O novo CEO da\u00a0<strong>Eletrobras<\/strong> (<a href=\"https:\/\/www.suno.com.br\/acoes\/ELET3\/\">ELET3<\/a>), <a class=\"suno-keyword\" href=\"https:\/\/www.suno.com.br\/tudo-sobre\/wilson-ferreira-junior\/\" target=\"_blank\" rel=\"noopener\" data-force=\"no\" data-priority=\"2\">Wilson Ferreira J\u00fanior<\/a>, assume seu posto oficialmente nesta semana ap\u00f3s ter deixado o comando da <a class=\"suno-keyword\" href=\"https:\/\/www.suno.com.br\/acoes\/vbbr3\/\" target=\"_blank\" rel=\"noopener\" data-force=\"yes\" data-priority=\"2\">Vibra (VBBR3)<\/a>.<\/p><div class=\"videoFull \">\n\t\t\t<div class=\"videoWrapper yt-lazyload center\"\n\t\t\t\tdata-width=\"960\"\n\t\t\t\tdata-height=\"540\"\n\t\t\t\tdata-id=\"HFEOnMAGdp4\"\n\t\t\t\tdata-alt=\"V\u00eddeo do YouTube - clique para reproduzir\"\n\t\t\t\tdata-logo=\"3\"\n\t\t\t\tdata-imagequality=\"maxres\">\n\t\t\t<\/div>\n\t\t<\/div><script type=\"application\/ld+json\">{\"@context\":\"https:\/\/schema.org\",\"@type\":\"VideoObject\",\"name\":\"Super Quarta no foco | Petrobras (PETR4) capta R$ 3 bilh\u00f5es | Sa\u00edda do Nubank (NUBR33) \u00e9 \u201cp\u00e9ssima\u201d\",\"description\":\"\ud83d\udc02 #BORABULL!! Seja um investidor mais completo: https:\/\/bit.ly\/Status3AnosLiveNoticias Nesta manh\u00e3 de segunda-feira, os \u00edndices futuros de Nova York recuam \u00e0 par das bolsas da Europa, no in\u00edcio de uma semana que ser\u00e1 marcada por importantes decis\u00f5es sobre a pol\u00edtica monet\u00e1ria. Nesta semana, os investidores aguardam a super quarta, com reuni\u00f5es do Federal Reserve (Fed) e\u2026\",\"duration\":\"PT25M1S\",\"embedUrl\":\"https:\/\/www.youtube.com\/embed\/HFEOnMAGdp4\",\"regionsAllowed\":\"pt-BR\",\"interactionStatistic\":{\"@type\":\"InteractionCounter\",\"interactionType\":{\"@type\":\"WatchAction\"},\"userInteractionCount\":4675},\"thumbnailUrl\":\"https:\/\/i.ytimg.com\/vi\/HFEOnMAGdp4\/default.jpg\",\"uploadDate\":\"2022-09-19T12:29:07Z\"}<\/script>\n\n\t<p>\n\t\t<a href=\"\" target=\"_blank\" data-element=\"shortcode-suno-banner\" title=\"Banner SUNO, clique e saiba mais\">\n\t\t\t<picture>\n\t\t\t\t<source media=\"(max-width: 500px)\" srcset=\"\">\n\t\t\t\t<img class=\"newsContent__article__imgCapa newsContent__article__imgCapa--banner\"\n\t\t\t\t\tsrc=\"\"\n\t\t\t\t\tdata-promo-id=\"265372\"\t\t\t\t\t\t\t\t\t\t\t\t\t\t\talt=\"\"\n\t\t\t\t>\n\t\t\t<\/picture>\n\t\t<\/a>\n\t<\/p>\n\n\n<p>A mudan\u00e7a foi comunicada oficialmente nesta segunda-feira (19), em <a class=\"suno-keyword\" href=\"https:\/\/www.suno.com.br\/artigos\/fato-relevante\/\" target=\"_blank\" rel=\"noopener\" data-force=\"no\" data-priority=\"1\">fato relevante<\/a> arquivado pela Eletrobras na <a href=\"https:\/\/www.suno.com.br\/artigos\/cvm\/\">Comiss\u00e3o de Valores Mobili\u00e1rios (CVM)<\/a>.<\/p>\n<p>Com isso, <strong>CEO da Eletrobras<\/strong> que atuava como interino, Rodrigo Limp Nascimento, passa a ser Diretor de Regula\u00e7\u00e3o e Rela\u00e7\u00f5es Institucionais efetivamente &#8211; antes da posse de Wilson Ferreira J\u00fanior, Limp acumulava os dois cargos.<\/p>\n<p>Vale lembrar que Ferreira J\u00fanior j\u00e1 presidiu a Eletrobras em meados de 2016, quando Michel Temer (MDB) o chamou para o cargo. \u00c0 \u00e9poca, a empresa era estatal.<\/p>\n<p>O executivo deixou a Vibra em agosto, conforme reportado pelo Suno Not\u00edcias.<\/p>\n<p>Ele havia assumido o cargo de CEO da empresa no in\u00edcio de 2021, vindo justamente da Eletrobras. Antes, Wilson Ferreira havia presidido a <a class=\"suno-keyword\" href=\"https:\/\/www.suno.com.br\/acoes\/CPFE3\/\" target=\"_blank\" rel=\"noopener\" data-force=\"yes\" data-priority=\"2\">CPFL (CPFE3)<\/a>, de 2002 at\u00e9 o ano de 2016.<\/p>\n<p>\u00c0 \u00e9poca, analistas do Bradesco BBI j\u00e1 citavam que a volta de Wilson Ferreira \u00e0 Eletrobras era &#8220;somente uma quest\u00e3o de tempo&#8221; e eventualmente deveria ocorrer.<\/p>\n<p>Com a mudan\u00e7a, a Vibra permanece com Andr\u00e9 Natal, o atual vice-presidente de finan\u00e7as, compras e RI da companhia, como CEO interino.<\/p>\n<p>O executivo est\u00e1 na Vibra desde 2019, quando teve in\u00edcio o processo de privatiza\u00e7\u00e3o da companhia.<\/p>\n\t<p>\n\t\t<a href=\"https:\/\/lp.suno.com.br\/planilha-controle-gastos\/\" target=\"_blank\" data-element=\"shortcode-suno-banner\" title=\"Banner SUNO, clique e saiba mais\">\n\t\t\t<picture>\n\t\t\t\t<source media=\"(max-width: 500px)\" srcset=\"https:\/\/files.sunoresearch.com.br\/n\/uploads\/2023\/03\/400x300-Planilha-controle-de-gastos.png\">\n\t\t\t\t<img class=\"newsContent__article__imgCapa newsContent__article__imgCapa--banner\"\n\t\t\t\t\tsrc=\"https:\/\/files.sunoresearch.com.br\/n\/uploads\/2023\/03\/1420x240-Planilha-controle-de-gastos.png\"\n\t\t\t\t\tdata-promo-id=\"101751\"\t\t\t\t\t\t\t\t\t\twidth='1420' height='240'\t\t\t\t\talt=\"https:\/\/files.sunoresearch.com.br\/n\/uploads\/2023\/03\/1420x240-Planilha-controle-de-gastos.png\"\n\t\t\t\t>\n\t\t\t<\/picture>\n\t\t<\/a>\n\t<\/p>\n\n\n<h2>Eletrobras \u00e9 &#8216;a\u00e7\u00e3o predileta&#8217; dos brasileiros<\/h2>\n<p>As a\u00e7\u00f5es <strong>ELET3<\/strong> foram escolhidas por investidores brasileiros como a &#8220;top pick&#8221;, em enquete do Ita\u00fa BBA.<\/p>\n<p>O Ita\u00fa BBA consultou 46 investidores brasileiros entre 24 de agosto e 1\u00ba de setembro, que apontaram as <strong>a\u00e7\u00f5es da Eletrobras<\/strong> como as preferidas no momento. Do total de entrevistados, 56,5% eram gestores e 43,5%, analistas. As informa\u00e7\u00f5es s\u00e3o do Valor Investe.<\/p>\n<p>As empresas apontadas como as principais escolhas foram:<\/p>\n<ul>\n<li>Eletrobras<\/li>\n<li><a class=\"suno-keyword\" href=\"https:\/\/www.suno.com.br\/acoes\/ITUB4\/\" target=\"_blank\" rel=\"noopener\" data-force=\"yes\" data-priority=\"2\">Ita\u00fa (ITUB4)<\/a><\/li>\n<li><a class=\"suno-keyword\" href=\"https:\/\/www.suno.com.br\/acoes\/RENT3\/\" target=\"_blank\" rel=\"noopener\" data-force=\"yes\" data-priority=\"2\">Localiza (RENT3)<\/a><\/li>\n<li><a class=\"suno-keyword\" href=\"https:\/\/www.suno.com.br\/acoes\/PETR4\/\" target=\"_blank\" rel=\"noopener\" data-force=\"yes\" data-priority=\"2\">Petrobras (PETR4)<\/a><\/li>\n<li><a class=\"suno-keyword\" href=\"https:\/\/www.suno.com.br\/acoes\/SBSP3\/\" target=\"_blank\" rel=\"noopener\" data-force=\"yes\" data-priority=\"2\">Sabesp (SBSP3)<\/a><\/li>\n<li><a class=\"suno-keyword\" href=\"https:\/\/www.suno.com.br\/acoes\/BPAC11\/\" target=\"_blank\" rel=\"noopener\" data-force=\"yes\" data-priority=\"2\">BTG Pactual (BPAC11)<\/a><\/li>\n<li><a href=\"https:\/\/www.suno.com.br\/acoes\/rumo3\/\">Rumo (RUMO3)<\/a><\/li>\n<li><a class=\"suno-keyword\" href=\"https:\/\/www.suno.com.br\/acoes\/ENEV3\/\" target=\"_blank\" rel=\"noopener\" data-force=\"yes\" data-priority=\"2\">Eneva (ENEV3)<\/a><\/li>\n<\/ul>\n<p>Em agosto, ap\u00f3s o resultado do <a href=\"https:\/\/www.suno.com.br\/noticias\/eletrobras-elet3-resultado-2t22-lucro\/\">segundo trimestre da Eletrobras<\/a>, o Ita\u00fa BBA discutiu suas perspectivas para a companhia el\u00e9trica.\u00a0Para os analistas do Ita\u00fa BBA, o <strong>resultado da Eletrobras<\/strong> foi neutro, afetado por diversos itens n\u00e3o recorrentes.<\/p>\n<p>Apesar disso, o Ita\u00fa segue com a recomenda\u00e7\u00e3o de compra para os pap\u00e9is da Eletrobras, com o pre\u00e7o-alvo de R$ 61,60.<\/p>\n<p>&#8220;A <strong>Eletrobras<\/strong> \u00e9 a nossa principal escolha no setor de utilities, pelo seu enorme porte, valuation muito atrativo, forte gera\u00e7\u00e3o de fluxo de caixa e capacidade de pagar um rendimento de <a class=\"suno-keyword\" href=\"https:\/\/www.suno.com.br\/guias\/dividendos\/\" target=\"_blank\" rel=\"noopener\" data-force=\"no\" data-priority=\"1\">dividendos<\/a> muito alto no m\u00e9dio prazo\u201d.<\/p>\n\t<p>\n\t\t<a href=\"https:\/\/lp.suno.com.br\/ebook-como-analisar-uma-acao\/\" target=\"_blank\" data-element=\"shortcode-suno-banner\" title=\"Banner SUNO, clique e saiba mais\">\n\t\t\t<picture>\n\t\t\t\t<source media=\"(max-width: 500px)\" srcset=\"https:\/\/files.sunoresearch.com.br\/n\/uploads\/2023\/03\/Ebook-Acoes-Mobile-1.jpg\">\n\t\t\t\t<img class=\"newsContent__article__imgCapa newsContent__article__imgCapa--banner\"\n\t\t\t\t\tsrc=\"https:\/\/files.sunoresearch.com.br\/n\/uploads\/2023\/03\/Ebook-Acoes-Desktop-1.jpg\"\n\t\t\t\t\tdata-promo-id=\"171998\"\t\t\t\t\t\t\t\t\t\twidth='1420' height='286'\t\t\t\t\talt=\"https:\/\/files.sunoresearch.com.br\/n\/uploads\/2023\/03\/Ebook-Acoes-Desktop-1.jpg\"\n\t\t\t\t>\n\t\t\t<\/picture>\n\t\t<\/a>\n\t<\/p>\n\n\n","protected":false},"excerpt":{"rendered":"<p>O novo CEO da\u00a0Eletrobras (ELET3), Wilson Ferreira J\u00fanior, assume seu posto oficialmente nesta semana ap\u00f3s ter deixado o comando da Vibra (VBBR3). A mudan\u00e7a foi comunicada oficialmente nesta segunda-feira (19), em fato relevante arquivado pela Eletrobras na Comiss\u00e3o de Valores Mobili\u00e1rios (CVM). Com isso, CEO da Eletrobras que atuava como interino, Rodrigo Limp Nascimento, passa [&hellip;]<\/p>\n","protected":false},"author":73,"featured_media":277178,"comment_status":"closed","ping_status":"closed","sticky":false,"template":"","format":"standard","meta":[],"categories":[64],"tags":[455,596,50986],"suno_strategy":[],"class_list":["post-299189","post","type-post","status-publish","format-standard","has-post-thumbnail","hentry","category-negocios","tag-eletrobras-elet3-elet5-elet6","tag-vibra-energia-vbbr3","tag-wilson-ferreira-junior"],"yoast_head":"<!-- This site is optimized with the Yoast SEO plugin v24.4 - https:\/\/yoast.com\/wordpress\/plugins\/seo\/ -->\n<title>Eletrobras (ELET3): Novo CEO, Wilson Ferreira, assume nesta semana<\/title>\n<meta name=\"description\" content=\"Com isso, CEO da Eletrobras que atuava como interino, Rodrigo Limp Nascimento, passa a ser Diretor de Regula\u00e7\u00e3o. Clique e confira!\" \/>\n<meta name=\"robots\" content=\"index, follow, max-snippet:-1, max-image-preview:large, max-video-preview:-1\" \/>\n<link rel=\"canonical\" href=\"https:\/\/www.suno.com.br\/noticias\/eletrobras-elet3-ceo-novo\/\" \/>\n<meta property=\"og:locale\" content=\"pt_BR\" \/>\n<meta property=\"og:type\" content=\"article\" \/>\n<meta property=\"og:title\" content=\"Eletrobras (ELET3): Novo CEO, Wilson Ferreira, assume nesta semana\" \/>\n<meta property=\"og:description\" content=\"Com isso, CEO da Eletrobras que atuava como interino, Rodrigo Limp Nascimento, passa a ser Diretor de Regula\u00e7\u00e3o. Clique e confira!\" \/>\n<meta property=\"og:url\" content=\"https:\/\/www.suno.com.br\/noticias\/eletrobras-elet3-ceo-novo\/\" \/>\n<meta property=\"og:site_name\" content=\"Suno Not\u00edcias\" \/>\n<meta property=\"article:publisher\" content=\"https:\/\/facebook.com\/sunoresearch\" \/>\n<meta property=\"og:image\" content=\"https:\/\/files.sunoresearch.com.br\/n\/uploads\/2022\/07\/presidente-vibra-vbbr3-scaled.jpg\" \/>\n\t<meta property=\"og:image:width\" content=\"2560\" \/>\n\t<meta property=\"og:image:height\" content=\"1707\" \/>\n\t<meta property=\"og:image:type\" content=\"image\/jpeg\" \/>\n<meta name=\"author\" content=\"Eduardo Vargas\" \/>\n<meta name=\"twitter:card\" content=\"summary_large_image\" \/>\n<meta name=\"twitter:creator\" content=\"@sunoresearch\" \/>\n<meta name=\"twitter:site\" content=\"@sunoresearch\" \/>\n<meta name=\"twitter:label1\" content=\"Escrito por\" \/>\n\t<meta name=\"twitter:data1\" content=\"Eduardo Vargas\" \/>\n\t<meta name=\"twitter:label2\" content=\"Est. tempo de leitura\" \/>\n\t<meta name=\"twitter:data2\" content=\"3 minutos\" \/>\n<script type=\"application\/ld+json\" class=\"yoast-schema-graph\">{\"@context\":\"https:\/\/schema.org\",\"@graph\":[{\"@type\":\"NewsArticle\",\"@id\":\"https:\/\/www.suno.com.br\/noticias\/eletrobras-elet3-ceo-novo\/#article\",\"isPartOf\":{\"@id\":\"https:\/\/www.suno.com.br\/noticias\/eletrobras-elet3-ceo-novo\/\"},\"author\":{\"name\":\"Eduardo Vargas\",\"@id\":\"https:\/\/www.suno.com.br\/noticias\/#\/schema\/person\/7f4d362bf3518e76090143ae77bb49a5\"},\"headline\":\"Eletrobras (ELET3): Novo CEO, Wilson Ferreira J\u00fanior, assume nesta semana\",\"datePublished\":\"2022-09-19T12:20:35+00:00\",\"mainEntityOfPage\":{\"@id\":\"https:\/\/www.suno.com.br\/noticias\/eletrobras-elet3-ceo-novo\/\"},\"wordCount\":431,\"publisher\":{\"@id\":\"https:\/\/www.suno.com.br\/noticias\/#organization\"},\"image\":{\"@id\":\"https:\/\/www.suno.com.br\/noticias\/eletrobras-elet3-ceo-novo\/#primaryimage\"},\"thumbnailUrl\":\"https:\/\/files.sunoresearch.com.br\/n\/uploads\/2022\/07\/presidente-vibra-vbbr3-scaled.jpg\",\"keywords\":[\"Eletrobras (ELET3\/ELET5\/ELET6)\",\"Vibra Energia (VBBR3)\",\"Wilson Ferreira Junior\"],\"articleSection\":[\"Neg\u00f3cios\"],\"inLanguage\":\"pt-BR\"},{\"@type\":\"WebPage\",\"@id\":\"https:\/\/www.suno.com.br\/noticias\/eletrobras-elet3-ceo-novo\/\",\"url\":\"https:\/\/www.suno.com.br\/noticias\/eletrobras-elet3-ceo-novo\/\",\"name\":\"Eletrobras (ELET3): Novo CEO, Wilson Ferreira, assume nesta semana\",\"isPartOf\":{\"@id\":\"https:\/\/www.suno.com.br\/noticias\/#website\"},\"primaryImageOfPage\":{\"@id\":\"https:\/\/www.suno.com.br\/noticias\/eletrobras-elet3-ceo-novo\/#primaryimage\"},\"image\":{\"@id\":\"https:\/\/www.suno.com.br\/noticias\/eletrobras-elet3-ceo-novo\/#primaryimage\"},\"thumbnailUrl\":\"https:\/\/files.sunoresearch.com.br\/n\/uploads\/2022\/07\/presidente-vibra-vbbr3-scaled.jpg\",\"datePublished\":\"2022-09-19T12:20:35+00:00\",\"description\":\"Com isso, CEO da Eletrobras que atuava como interino, Rodrigo Limp Nascimento, passa a ser Diretor de Regula\u00e7\u00e3o. Clique e confira!\",\"breadcrumb\":{\"@id\":\"https:\/\/www.suno.com.br\/noticias\/eletrobras-elet3-ceo-novo\/#breadcrumb\"},\"inLanguage\":\"pt-BR\",\"potentialAction\":[{\"@type\":\"ReadAction\",\"target\":[\"https:\/\/www.suno.com.br\/noticias\/eletrobras-elet3-ceo-novo\/\"]}]},{\"@type\":\"ImageObject\",\"inLanguage\":\"pt-BR\",\"@id\":\"https:\/\/www.suno.com.br\/noticias\/eletrobras-elet3-ceo-novo\/#primaryimage\",\"url\":\"https:\/\/files.sunoresearch.com.br\/n\/uploads\/2022\/07\/presidente-vibra-vbbr3-scaled.jpg\",\"contentUrl\":\"https:\/\/files.sunoresearch.com.br\/n\/uploads\/2022\/07\/presidente-vibra-vbbr3-scaled.jpg\",\"width\":2560,\"height\":1707,\"caption\":\"Wilson Ferreira, Eletrobras. Foto: Ag\u00eancia Brasil\"},{\"@type\":\"BreadcrumbList\",\"@id\":\"https:\/\/www.suno.com.br\/noticias\/eletrobras-elet3-ceo-novo\/#breadcrumb\",\"itemListElement\":[{\"@type\":\"ListItem\",\"position\":1,\"name\":\"Not\u00edcias\",\"item\":\"https:\/\/www.suno.com.br\/noticias\/\"},{\"@type\":\"ListItem\",\"position\":2,\"name\":\"Neg\u00f3cios\",\"item\":\"https:\/\/www.suno.com.br\/noticias\/negocios\/\"},{\"@type\":\"ListItem\",\"position\":3,\"name\":\"Eletrobras (ELET3): Novo CEO, Wilson Ferreira J\u00fanior, assume nesta semana\"}]},{\"@type\":\"WebSite\",\"@id\":\"https:\/\/www.suno.com.br\/noticias\/#website\",\"url\":\"https:\/\/www.suno.com.br\/noticias\/\",\"name\":\"Suno Not\u00edcias\",\"description\":\"Seu portal de informa\u00e7\u00e3o sobre o mundo dos investimentos\",\"publisher\":{\"@id\":\"https:\/\/www.suno.com.br\/noticias\/#organization\"},\"potentialAction\":[{\"@type\":\"SearchAction\",\"target\":{\"@type\":\"EntryPoint\",\"urlTemplate\":\"https:\/\/www.suno.com.br\/noticias\/?s={search_term_string}\"},\"query-input\":{\"@type\":\"PropertyValueSpecification\",\"valueRequired\":true,\"valueName\":\"search_term_string\"}}],\"inLanguage\":\"pt-BR\"},{\"@type\":\"Organization\",\"@id\":\"https:\/\/www.suno.com.br\/noticias\/#organization\",\"name\":\"Suno Not\u00edcias\",\"url\":\"https:\/\/www.suno.com.br\/noticias\/\",\"logo\":{\"@type\":\"ImageObject\",\"inLanguage\":\"pt-BR\",\"@id\":\"https:\/\/www.suno.com.br\/noticias\/#\/schema\/logo\/image\/\",\"url\":\"https:\/\/files.sunoresearch.com.br\/n\/uploads\/2021\/09\/suno-logo.png\",\"contentUrl\":\"https:\/\/files.sunoresearch.com.br\/n\/uploads\/2021\/09\/suno-logo.png\",\"width\":180,\"height\":180,\"caption\":\"Suno Not\u00edcias\"},\"image\":{\"@id\":\"https:\/\/www.suno.com.br\/noticias\/#\/schema\/logo\/image\/\"},\"sameAs\":[\"https:\/\/facebook.com\/sunoresearch\",\"https:\/\/x.com\/sunoresearch\",\"https:\/\/www.instagram.com\/suno\",\"https:\/\/www.linkedin.com\/company\/suno-research\/\",\"https:\/\/www.youtube.com\/c\/sunoresearch\"]},{\"@type\":\"Person\",\"@id\":\"https:\/\/www.suno.com.br\/noticias\/#\/schema\/person\/7f4d362bf3518e76090143ae77bb49a5\",\"name\":\"Eduardo Vargas\",\"image\":{\"@type\":\"ImageObject\",\"inLanguage\":\"pt-BR\",\"@id\":\"https:\/\/www.suno.com.br\/noticias\/#\/schema\/person\/image\/\",\"url\":\"https:\/\/secure.gravatar.com\/avatar\/dac340933427a22924c9f99d1eb2e3f2?s=96&r=g\",\"contentUrl\":\"https:\/\/secure.gravatar.com\/avatar\/dac340933427a22924c9f99d1eb2e3f2?s=96&r=g\",\"caption\":\"Eduardo Vargas\"},\"description\":\"Jornalista formado pela UFSC, cobre macroeconomia, neg\u00f3cios e startups para o Suno Not\u00edcias, escrevendo principalmente not\u00edcias sobre o mercado financeiro e a bolsa de valores. No YouTube e no Instagram, \u00e9 respons\u00e1vel pela produ\u00e7\u00e3o de Reels e Shorts do Suno Not\u00edcias. Anteriormente, trabalhou cobrindo economia e cotidiano no ND+ e para o ND, maior jornal impresso de Santa Catarina. Cursou um semestre letivo de Estudos de M\u00eddia na Universidad de Buenos Aires.\",\"url\":\"https:\/\/www.suno.com.br\/noticias\/author\/eduardo-vargas\/\"}]}<\/script>\n<!-- \/ Yoast SEO plugin. -->","yoast_head_json":{"title":"Eletrobras (ELET3): Novo CEO, Wilson Ferreira, assume nesta semana","description":"Com isso, CEO da Eletrobras que atuava como interino, Rodrigo Limp Nascimento, passa a ser Diretor de Regula\u00e7\u00e3o. Clique e confira!","robots":{"index":"index","follow":"follow","max-snippet":"max-snippet:-1","max-image-preview":"max-image-preview:large","max-video-preview":"max-video-preview:-1"},"canonical":"https:\/\/www.suno.com.br\/noticias\/eletrobras-elet3-ceo-novo\/","og_locale":"pt_BR","og_type":"article","og_title":"Eletrobras (ELET3): Novo CEO, Wilson Ferreira, assume nesta semana","og_description":"Com isso, CEO da Eletrobras que atuava como interino, Rodrigo Limp Nascimento, passa a ser Diretor de Regula\u00e7\u00e3o. Clique e confira!","og_url":"https:\/\/www.suno.com.br\/noticias\/eletrobras-elet3-ceo-novo\/","og_site_name":"Suno Not\u00edcias","article_publisher":"https:\/\/facebook.com\/sunoresearch","og_image":[{"width":2560,"height":1707,"url":"https:\/\/files.sunoresearch.com.br\/n\/uploads\/2022\/07\/presidente-vibra-vbbr3-scaled.jpg","type":"image\/jpeg"}],"author":"Eduardo Vargas","twitter_card":"summary_large_image","twitter_creator":"@sunoresearch","twitter_site":"@sunoresearch","twitter_misc":{"Escrito por":"Eduardo Vargas","Est. tempo de leitura":"3 minutos"},"schema":{"@context":"https:\/\/schema.org","@graph":[{"@type":"NewsArticle","@id":"https:\/\/www.suno.com.br\/noticias\/eletrobras-elet3-ceo-novo\/#article","isPartOf":{"@id":"https:\/\/www.suno.com.br\/noticias\/eletrobras-elet3-ceo-novo\/"},"author":{"name":"Eduardo Vargas","@id":"https:\/\/www.suno.com.br\/noticias\/#\/schema\/person\/7f4d362bf3518e76090143ae77bb49a5"},"headline":"Eletrobras (ELET3): Novo CEO, Wilson Ferreira J\u00fanior, assume nesta semana","datePublished":"2022-09-19T12:20:35+00:00","mainEntityOfPage":{"@id":"https:\/\/www.suno.com.br\/noticias\/eletrobras-elet3-ceo-novo\/"},"wordCount":431,"publisher":{"@id":"https:\/\/www.suno.com.br\/noticias\/#organization"},"image":{"@id":"https:\/\/www.suno.com.br\/noticias\/eletrobras-elet3-ceo-novo\/#primaryimage"},"thumbnailUrl":"https:\/\/files.sunoresearch.com.br\/n\/uploads\/2022\/07\/presidente-vibra-vbbr3-scaled.jpg","keywords":["Eletrobras (ELET3\/ELET5\/ELET6)","Vibra Energia (VBBR3)","Wilson Ferreira Junior"],"articleSection":["Neg\u00f3cios"],"inLanguage":"pt-BR"},{"@type":"WebPage","@id":"https:\/\/www.suno.com.br\/noticias\/eletrobras-elet3-ceo-novo\/","url":"https:\/\/www.suno.com.br\/noticias\/eletrobras-elet3-ceo-novo\/","name":"Eletrobras (ELET3): Novo CEO, Wilson Ferreira, assume nesta semana","isPartOf":{"@id":"https:\/\/www.suno.com.br\/noticias\/#website"},"primaryImageOfPage":{"@id":"https:\/\/www.suno.com.br\/noticias\/eletrobras-elet3-ceo-novo\/#primaryimage"},"image":{"@id":"https:\/\/www.suno.com.br\/noticias\/eletrobras-elet3-ceo-novo\/#primaryimage"},"thumbnailUrl":"https:\/\/files.sunoresearch.com.br\/n\/uploads\/2022\/07\/presidente-vibra-vbbr3-scaled.jpg","datePublished":"2022-09-19T12:20:35+00:00","description":"Com isso, CEO da Eletrobras que atuava como interino, Rodrigo Limp Nascimento, passa a ser Diretor de Regula\u00e7\u00e3o. Clique e confira!","breadcrumb":{"@id":"https:\/\/www.suno.com.br\/noticias\/eletrobras-elet3-ceo-novo\/#breadcrumb"},"inLanguage":"pt-BR","potentialAction":[{"@type":"ReadAction","target":["https:\/\/www.suno.com.br\/noticias\/eletrobras-elet3-ceo-novo\/"]}]},{"@type":"ImageObject","inLanguage":"pt-BR","@id":"https:\/\/www.suno.com.br\/noticias\/eletrobras-elet3-ceo-novo\/#primaryimage","url":"https:\/\/files.sunoresearch.com.br\/n\/uploads\/2022\/07\/presidente-vibra-vbbr3-scaled.jpg","contentUrl":"https:\/\/files.sunoresearch.com.br\/n\/uploads\/2022\/07\/presidente-vibra-vbbr3-scaled.jpg","width":2560,"height":1707,"caption":"Wilson Ferreira, Eletrobras. Foto: Ag\u00eancia Brasil"},{"@type":"BreadcrumbList","@id":"https:\/\/www.suno.com.br\/noticias\/eletrobras-elet3-ceo-novo\/#breadcrumb","itemListElement":[{"@type":"ListItem","position":1,"name":"Not\u00edcias","item":"https:\/\/www.suno.com.br\/noticias\/"},{"@type":"ListItem","position":2,"name":"Neg\u00f3cios","item":"https:\/\/www.suno.com.br\/noticias\/negocios\/"},{"@type":"ListItem","position":3,"name":"Eletrobras (ELET3): Novo CEO, Wilson Ferreira J\u00fanior, assume nesta semana"}]},{"@type":"WebSite","@id":"https:\/\/www.suno.com.br\/noticias\/#website","url":"https:\/\/www.suno.com.br\/noticias\/","name":"Suno Not\u00edcias","description":"Seu portal de informa\u00e7\u00e3o sobre o mundo dos investimentos","publisher":{"@id":"https:\/\/www.suno.com.br\/noticias\/#organization"},"potentialAction":[{"@type":"SearchAction","target":{"@type":"EntryPoint","urlTemplate":"https:\/\/www.suno.com.br\/noticias\/?s={search_term_string}"},"query-input":{"@type":"PropertyValueSpecification","valueRequired":true,"valueName":"search_term_string"}}],"inLanguage":"pt-BR"},{"@type":"Organization","@id":"https:\/\/www.suno.com.br\/noticias\/#organization","name":"Suno Not\u00edcias","url":"https:\/\/www.suno.com.br\/noticias\/","logo":{"@type":"ImageObject","inLanguage":"pt-BR","@id":"https:\/\/www.suno.com.br\/noticias\/#\/schema\/logo\/image\/","url":"https:\/\/files.sunoresearch.com.br\/n\/uploads\/2021\/09\/suno-logo.png","contentUrl":"https:\/\/files.sunoresearch.com.br\/n\/uploads\/2021\/09\/suno-logo.png","width":180,"height":180,"caption":"Suno Not\u00edcias"},"image":{"@id":"https:\/\/www.suno.com.br\/noticias\/#\/schema\/logo\/image\/"},"sameAs":["https:\/\/facebook.com\/sunoresearch","https:\/\/x.com\/sunoresearch","https:\/\/www.instagram.com\/suno","https:\/\/www.linkedin.com\/company\/suno-research\/","https:\/\/www.youtube.com\/c\/sunoresearch"]},{"@type":"Person","@id":"https:\/\/www.suno.com.br\/noticias\/#\/schema\/person\/7f4d362bf3518e76090143ae77bb49a5","name":"Eduardo Vargas","image":{"@type":"ImageObject","inLanguage":"pt-BR","@id":"https:\/\/www.suno.com.br\/noticias\/#\/schema\/person\/image\/","url":"https:\/\/secure.gravatar.com\/avatar\/dac340933427a22924c9f99d1eb2e3f2?s=96&r=g","contentUrl":"https:\/\/secure.gravatar.com\/avatar\/dac340933427a22924c9f99d1eb2e3f2?s=96&r=g","caption":"Eduardo Vargas"},"description":"Jornalista formado pela UFSC, cobre macroeconomia, neg\u00f3cios e startups para o Suno Not\u00edcias, escrevendo principalmente not\u00edcias sobre o mercado financeiro e a bolsa de valores. No YouTube e no Instagram, \u00e9 respons\u00e1vel pela produ\u00e7\u00e3o de Reels e Shorts do Suno Not\u00edcias. Anteriormente, trabalhou cobrindo economia e cotidiano no ND+ e para o ND, maior jornal impresso de Santa Catarina. Cursou um semestre letivo de Estudos de M\u00eddia na Universidad de Buenos Aires.","url":"https:\/\/www.suno.com.br\/noticias\/author\/eduardo-vargas\/"}]}},"default_loop_html":"<div class=\"cardsPage__listCard__boxs\"><div class=\"cardsPage__listCard__boxs__img\"><a href=\"https:\/\/www.suno.com.br\/noticias\/eletrobras-elet3-ceo-novo\/\"><img class=\"mask\" src=\"https:\/\/www.suno.com.br\/noticias\/wp-content\/themes\/suno\/resources\/images\/spotlight\/spotlight1img\/bg-mask.png\" alt=\"Image Mask\"\/><img src=\"https:\/\/files.sunoresearch.com.br\/n\/uploads\/2022\/07\/presidente-vibra-vbbr3-400x200.jpg\" alt=\"Eletrobras (ELET3): Novo CEO, Wilson Ferreira J\u00fanior, assume nesta semana\"\/><\/a><span class=\"spotlightCategory\"><a href=\"https:\/\/www.suno.com.br\/noticias\/negocios\/\">Neg\u00f3cios<\/a><\/span><\/div><div class=\"cardsPage__listCard__boxs__content\"><a href=\"https:\/\/www.suno.com.br\/noticias\/eletrobras-elet3-ceo-novo\/\"><h2 class=\"content__title\">Eletrobras (ELET3): Novo CEO, Wilson Ferreira J\u00fanior, assume nesta semana<\/h2><\/a><div class=\"newsContent__article__meta\"><div class=\"newsContent__article__meta__authorBox\"><a href=\"https:\/\/www.suno.com.br\/noticias\/author\/eduardo-vargas\/\" class=\"authorBox__avatar noMobi\"><img src=\"https:\/\/secure.gravatar.com\/avatar\/dac340933427a22924c9f99d1eb2e3f2?s=96&#038;r=g\" alt=\"Eduardo Vargas\"><\/a><div class=\"authorBox__name\"><span>por\n\t\t\t<a href=\"https:\/\/www.suno.com.br\/noticias\/author\/eduardo-vargas\/\"><span itemprop=\"author\">Eduardo Vargas<\/span><\/a><\/span><time datetime=\"2022-09-19T09:20:35-03:00\" itemprop=\"datePublished\">19\/09\/2022 09:20<\/time><\/div><\/div><\/div><\/div><\/div>","single_layout":"posts","amp_enabled":true,"_links":{"self":[{"href":"https:\/\/www.suno.com.br\/noticias\/wp-json\/wp\/v2\/posts\/299189"}],"collection":[{"href":"https:\/\/www.suno.com.br\/noticias\/wp-json\/wp\/v2\/posts"}],"about":[{"href":"https:\/\/www.suno.com.br\/noticias\/wp-json\/wp\/v2\/types\/post"}],"author":[{"embeddable":true,"href":"https:\/\/www.suno.com.br\/noticias\/wp-json\/wp\/v2\/users\/73"}],"replies":[{"embeddable":true,"href":"https:\/\/www.suno.com.br\/noticias\/wp-json\/wp\/v2\/comments?post=299189"}],"version-history":[{"count":1,"href":"https:\/\/www.suno.com.br\/noticias\/wp-json\/wp\/v2\/posts\/299189\/revisions"}],"predecessor-version":[{"id":299203,"href":"https:\/\/www.suno.com.br\/noticias\/wp-json\/wp\/v2\/posts\/299189\/revisions\/299203"}],"wp:featuredmedia":[{"embeddable":true,"href":"https:\/\/www.suno.com.br\/noticias\/wp-json\/wp\/v2\/media\/277178"}],"wp:attachment":[{"href":"https:\/\/www.suno.com.br\/noticias\/wp-json\/wp\/v2\/media?parent=299189"}],"wp:term":[{"taxonomy":"category","embeddable":true,"href":"https:\/\/www.suno.com.br\/noticias\/wp-json\/wp\/v2\/categories?post=299189"},{"taxonomy":"post_tag","embeddable":true,"href":"https:\/\/www.suno.com.br\/noticias\/wp-json\/wp\/v2\/tags?post=299189"},{"taxonomy":"suno_strategy","embeddable":true,"href":"https:\/\/www.suno.com.br\/noticias\/wp-json\/wp\/v2\/suno_strategy?post=299189"}],"curies":[{"name":"wp","href":"https:\/\/api.w.org\/{rel}","templated":true}]}}