{"id":299095,"date":"2022-09-18T11:30:35","date_gmt":"2022-09-18T14:30:35","guid":{"rendered":"https:\/\/www.suno.com.br\/noticias\/?p=299095"},"modified":"2022-09-18T11:30:35","modified_gmt":"2022-09-18T14:30:35","slug":"economia-brasileira-cresce-abaixo-media-global","status":"publish","type":"post","link":"https:\/\/www.suno.com.br\/noticias\/economia-brasileira-cresce-abaixo-media-global\/","title":{"rendered":"Economia brasileira cresce bem abaixo da m\u00e9dia global na pandemia"},"content":{"rendered":"<p>O Brasil ocupa a 32.\u00aa posi\u00e7\u00e3o num ranking de crescimento da <strong>economia<\/strong> de 50 pa\u00edses nos \u00faltimos tr\u00eas anos. Entre 2019 e 2021, o Produto Interno Brasileiro (PIB) cresceu 0,59% ao ano, ante m\u00e9dia mundial de 1,54%, de acordo com c\u00e1lculos do economista Sergio Gobetti, feitos a pedido do Estad\u00e3o, a partir de dados do <a class=\"suno-keyword\" href=\"https:\/\/www.suno.com.br\/artigos\/fmi\/\" target=\"_blank\" rel=\"noopener\" data-force=\"no\" data-priority=\"2\">Fundo Monet\u00e1rio Internacional (FMI)<\/a>.<\/p>\t<div class=\"wrapper-featured-image\">\n\t\t<figure class=\"spotlightImg\">\n\n\t\t\t<picture>\n\t\t\t\t<source media=\"(max-width: 768px)\" srcset=\"https:\/\/files.sunoresearch.com.br\/n\/uploads\/2020\/09\/6a3a41ed-11-inflacao-e-deflacao-400x200.webp\">\n\t\t\t\t<img loading=\"lazy\" decoding=\"async\" class=\"newsContent__article__imgCapa lazyloadDisabled \" src=\"https:\/\/files.sunoresearch.com.br\/n\/uploads\/2020\/09\/6a3a41ed-11-inflacao-e-deflacao-800x450.webp\" width=\"800\" height=\"450\" alt=\"Economia brasileira cresce bem abaixo da m\u00e9dia global na pandemia\" fetchpriority=high \/>\n\t\t\t<\/picture>\n\n\t\t\t<figcaption class=\"wp-caption-text wp-caption-text--show\">Foto: Pixabay<\/figcaption>\n\t\t<\/figure>\n\t<\/div>\n\n\n\t<p>\n\t\t<a href=\"\" target=\"_blank\" data-element=\"shortcode-suno-banner\" title=\"Banner SUNO, clique e saiba mais\">\n\t\t\t<picture>\n\t\t\t\t<source media=\"(max-width: 500px)\" srcset=\"\">\n\t\t\t\t<img class=\"newsContent__article__imgCapa newsContent__article__imgCapa--banner\"\n\t\t\t\t\tsrc=\"\"\n\t\t\t\t\tdata-promo-id=\"138420\"\t\t\t\t\t\t\t\t\t\t\t\t\t\t\talt=\"\"\n\t\t\t\t>\n\t\t\t<\/picture>\n\t\t<\/a>\n\t<\/p>\n\n\n<p>Nesse per\u00edodo, que abarcou os anos da pandemia da covid-19, a<strong> economia dos EUA<\/strong> cresceu 1,45% ao ano; os pa\u00edses da <a class=\"suno-keyword\" href=\"https:\/\/www.suno.com.br\/artigos\/zona-do-euro\/\" target=\"_blank\" rel=\"noopener\" data-force=\"no\" data-priority=\"1\">Zona do Euro<\/a>, 1,25%; e a \u00c1sia, 2,17%.<\/p>\n<p>A China, epicentro da pandemia, cresceu 5,4% ao ano no \u00faltimo tri\u00eanio. As compara\u00e7\u00f5es contrariam argumentos da atual equipe econ\u00f4mica, que tem ressaltado dados favor\u00e1veis sobre a <strong>economia brasileira<\/strong> em ano eleitoral.<\/p>\n\t<div data-element=\"shortcode-read-more\" class=\"knowMore\">\n\t\t\t\t<a class=\"knowMore__link\" href=\"https:\/\/www.suno.com.br\/noticias\/porto-pssa3-acao-descontada-banco-safra-preco\/\">\n\t\t\tA\u00e7\u00e3o da Porto (PSSA3) est\u00e1 descontada; Banco Safra eleva pre\u00e7o alvo\t\t<\/a>\n\t<\/div>\n\n\n<p>A situa\u00e7\u00e3o \u00e9 ainda pior quando se analisa a m\u00e9dia em dez anos (2012-2021): avan\u00e7o de 0,33% ao ano, quinto pior desempenho entre 50 pa\u00edses, \u00e0 frente apenas de Gr\u00e9cia, Ucr\u00e2nia, Argentina e It\u00e1lia.<\/p>\n<p>&#8220;Costum\u00e1vamos falar que os anos 1980 haviam sido a <a class=\"suno-keyword\" href=\"https:\/\/www.suno.com.br\/artigos\/decada-perdida\/\" target=\"_blank\" rel=\"noopener\" data-force=\"no\" data-priority=\"1\">d\u00e9cada perdida<\/a> pelo fato de a economia brasileira ter crescido menos de 2% ao ano, mas agora descobrimos que a verdadeira d\u00e9cada perdida \u00e9 a que estamos vivendo&#8221;, diz Gobetti.<\/p>\n<p>Mesmo que o PIB cres\u00e7a perto dos 3% estimados pelo ministro da Economia, Paulo Guedes, o ritmo ser\u00e1 inferior ao do resto do mundo, segundo proje\u00e7\u00f5es do FMI, que estima expans\u00e3o de 3,2% para a <strong>economia mundial em 2022<\/strong>. Oficialmente, o Minist\u00e9rio da Economia projeta alta de 2,7% neste ano.<\/p>\n<p>A s\u00e9rie hist\u00f3rica do FMI revela que, em compara\u00e7\u00e3o \u00e0 <strong>economia global<\/strong>, a melhor fase para o Pa\u00eds nas \u00faltimas duas d\u00e9cadas foi na segunda metade dos anos 2000, entre 2007 e 2010, quando o PIB brasileiro cresceu 4,6% ao ano, ante 1,87% no mundo.<\/p>\n<p>O resultado veio a despeito da crise de 2008, devido \u00e0 combina\u00e7\u00e3o entre uma grande expans\u00e3o do mercado consumidor dom\u00e9stico e o &#8220;boom&#8221; das commodities.<\/p>\n<h2>Chance perdida para o crescimento da economia<\/h2>\n<p>No per\u00edodo do governo Lula, segundo economistas, o Pa\u00eds n\u00e3o soube aproveitar essa bonan\u00e7a para fazer reformas que garantissem o aumento da produtividade, essencial para o crescimento.<\/p>\n<p>Entre 2015 e 2018, o crescimento m\u00e9dio brasileiro foi de 0,96%, enquanto a economia mundial estava em expans\u00e3o de 2,96% e a da Am\u00e9rica Latina, de 2,22%.<\/p>\n<p>Hoje, a expans\u00e3o do PIB se beneficia de uma alta <a class=\"suno-keyword\" href=\"https:\/\/www.suno.com.br\/artigos\/capacidade-ociosa\/\" target=\"_blank\" rel=\"noopener\" data-force=\"no\" data-priority=\"1\">capacidade ociosa<\/a> na economia. De acordo com Br\u00e1ulio Borges, economista da Funda\u00e7\u00e3o Get\u00falio Vargas e da LCA Consultores, h\u00e1 sete anos a economia brasileira vem operando abaixo do seu n\u00edvel potencial. O PIB potencial \u00e9 o n\u00edvel de crescimento que pode ser obtido com a plena utiliza\u00e7\u00e3o dos recursos dispon\u00edveis, sem press\u00f5es inflacion\u00e1rias.<\/p>\n<p>H\u00e1 mais de uma d\u00e9cada, por exemplo, a economia crescia a 4% ao ano e o PIB potencial, a 3%, o que estava criando um estrangulamento da <a class=\"suno-keyword\" href=\"https:\/\/www.suno.com.br\/artigos\/capacidade-produtiva\/\" target=\"_blank\" rel=\"noopener\" data-force=\"no\" data-priority=\"1\">capacidade produtiva<\/a>.<\/p>\n<p>Hoje o PIB potencial cresce pouco e o PIB efetivo menos ainda, mesmo tendo margem para crescer bem mais no <a class=\"suno-keyword\" href=\"https:\/\/www.suno.com.br\/artigos\/curto-prazo\/\" target=\"_blank\" rel=\"noopener\" data-force=\"no\" data-priority=\"1\">curto prazo<\/a>. &#8220;Com esse n\u00edvel de ociosidade h\u00e1 tanto tempo, era de se esperar que a economia brasileira estivesse crescendo bem mais do que a de outros pa\u00edses&#8221;, avalia Gobetti.<\/p>\n\t<p>\n\t\t<a href=\"https:\/\/lp.suno.com.br\/planilha-controle-gastos\/\" target=\"_blank\" data-element=\"shortcode-suno-banner\" title=\"Banner SUNO, clique e saiba mais\">\n\t\t\t<picture>\n\t\t\t\t<source media=\"(max-width: 500px)\" srcset=\"https:\/\/files.sunoresearch.com.br\/n\/uploads\/2023\/03\/400x300-Planilha-controle-de-gastos.png\">\n\t\t\t\t<img class=\"newsContent__article__imgCapa newsContent__article__imgCapa--banner\"\n\t\t\t\t\tsrc=\"https:\/\/files.sunoresearch.com.br\/n\/uploads\/2023\/03\/1420x240-Planilha-controle-de-gastos.png\"\n\t\t\t\t\tdata-promo-id=\"101751\"\t\t\t\t\t\t\t\t\t\twidth='1420' height='240'\t\t\t\t\talt=\"https:\/\/files.sunoresearch.com.br\/n\/uploads\/2023\/03\/1420x240-Planilha-controle-de-gastos.png\"\n\t\t\t\t>\n\t\t\t<\/picture>\n\t\t<\/a>\n\t<\/p>\n\n\n<h2>&#8216;Vit\u00f3ria de Pirro&#8217;<\/h2>\n<p>O avan\u00e7o atual \u00e9 visto com desconfian\u00e7a. &#8220;\u00c9 muito mais f\u00e1cil crescer 3%, como parece estar acontecendo agora, quando se tem excesso de ociosidade&#8221;, diz ele. Para ele, essa \u00e9 uma &#8220;vit\u00f3ria de Pirro&#8221;.<\/p>\n<p>Um per\u00edodo t\u00e3o longo da economia operando abaixo do <a class=\"suno-keyword\" href=\"https:\/\/www.suno.com.br\/artigos\/pleno-emprego\/\" target=\"_blank\" rel=\"noopener\" data-force=\"no\" data-priority=\"1\">pleno emprego<\/a> pode trazer impactos persistentes sobre o potencial de crescimento daqui em diante &#8211; fen\u00f4meno que os economistas t\u00eam chamado de &#8220;cicatrizes&#8221;.<\/p>\n<p>Os ind\u00edcios podem ser observados no mercado de trabalho. Entre eles est\u00e1 a fuga de &#8220;c\u00e9rebros&#8221;, os brasileiros qualificados que buscam oportunidades no exterior.<\/p>\n<p>O desemprego de longa dura\u00e7\u00e3o tamb\u00e9m reduz o potencial de crescimento. &#8220;Se uma pessoa fica dois, tr\u00eas anos fora do mercado, sem adquirir nenhuma habilidade, a reinser\u00e7\u00e3o fica muito mais dif\u00edcil&#8221;, ressalta Borges. Na pr\u00e1tica, ou a pessoa vai para a informalidade ou passa a exigir do governo algum tipo de prote\u00e7\u00e3o.<\/p>\n<p>Nessa situa\u00e7\u00e3o, as empresas tamb\u00e9m come\u00e7am a reduzir investimentos. Outra consequ\u00eancia \u00e9 o rebaixamento de expectativas dos agentes econ\u00f4micos. As pessoas come\u00e7am a ficar mais avessas ao risco, sem querer empreender.<\/p>\n<h2>Est\u00edmulo eleitoreiro da economia<\/h2>\n<p>Para Borges, a economia est\u00e1 surpreendendo em 2022. Mas essa melhora no curto prazo tem sido feita \u00e0 base de medidas eleitoreiras, como a libera\u00e7\u00e3o de recursos do FGTS e os recursos da PEC Kamikaze, que despejou R$ 41 bilh\u00f5es para o pagamento de benef\u00edcios sociais.<\/p>\n<p>A inc\u00f3gnita \u00e9 como vai se comportar o PIB em 2023. Enquanto a equipe econ\u00f4mica comemora dados no curto prazo e projeta alta de 2,5% para o ano que vem, o mercado estima avan\u00e7o bem mais modesto, de 0,5%.<\/p>\n<p>Borges lembra que a produtividade vem caindo e que o investimento em infraestrutura nos \u00faltimos tr\u00eas anos est\u00e1 em torno de 1,7% do PIB% ao ano, enquanto deveria estar ao redor de 4%.<\/p>\n<p>O economista da FGV alerta tamb\u00e9m para o impacto negativo na economia das reformas que n\u00e3o foram feitas, como a tribut\u00e1ria, al\u00e9m do que chama de contrarreformas, como a bomba fiscal que foi constru\u00edda para 2023, que dever\u00e1 exigir aumento da <a class=\"suno-keyword\" href=\"https:\/\/www.suno.com.br\/artigos\/carga-tributaria\/\" target=\"_blank\" rel=\"noopener\" data-force=\"no\" data-priority=\"1\">carga tribut\u00e1ria<\/a> no futuro. &#8220;Sem sustentabilidade fiscal, \u00e9 dif\u00edcil ter um trajet\u00f3ria de crescimento sustent\u00e1vel digna do nome.&#8221;<\/p>\n<p><em>As informa\u00e7\u00f5es s\u00e3o do jornal <b>O Estado de S. Paulo<\/b>, com Estad\u00e3o Conte\u00fado<\/em><\/p>\n\t<p>\n\t\t<a href=\"https:\/\/lp.suno.com.br\/planilha-da-vida-financeira\/\" target=\"_blank\" data-element=\"shortcode-suno-banner\" title=\"Banner SUNO, clique e saiba mais\">\n\t\t\t<picture>\n\t\t\t\t<source media=\"(max-width: 500px)\" srcset=\"https:\/\/files.sunoresearch.com.br\/n\/uploads\/2023\/04\/400x300-Planilha-vida-financeira-true.png\">\n\t\t\t\t<img class=\"newsContent__article__imgCapa newsContent__article__imgCapa--banner\"\n\t\t\t\t\tsrc=\"https:\/\/files.sunoresearch.com.br\/n\/uploads\/2023\/04\/1420x240-Planilha-vida-financeira-true.png\"\n\t\t\t\t\tdata-promo-id=\"106682\"\t\t\t\t\t\t\t\t\t\twidth='1420' height='240'\t\t\t\t\talt=\"https:\/\/files.sunoresearch.com.br\/n\/uploads\/2023\/04\/1420x240-Planilha-vida-financeira-true.png\"\n\t\t\t\t>\n\t\t\t<\/picture>\n\t\t<\/a>\n\t<\/p>\n\n\n","protected":false},"excerpt":{"rendered":"<p>O Brasil ocupa a 32.\u00aa posi\u00e7\u00e3o num ranking de crescimento da economia de 50 pa\u00edses nos \u00faltimos tr\u00eas anos. Entre 2019 e 2021, o Produto Interno Brasileiro (PIB) cresceu 0,59% ao ano, ante m\u00e9dia mundial de 1,54%, de acordo com c\u00e1lculos do economista Sergio Gobetti, feitos a pedido do Estad\u00e3o, a partir de dados do [&hellip;]<\/p>\n","protected":false},"author":43,"featured_media":84325,"comment_status":"closed","ping_status":"closed","sticky":false,"template":"","format":"standard","meta":[],"categories":[64],"tags":[1637,740,2251,93040],"suno_strategy":[],"class_list":["post-299095","post","type-post","status-publish","format-standard","has-post-thumbnail","hentry","category-negocios","tag-crescimento-economico","tag-economia","tag-economia-brasileira","tag-economia-global"],"yoast_head":"<!-- This site is optimized with the Yoast SEO plugin v24.4 - https:\/\/yoast.com\/wordpress\/plugins\/seo\/ -->\n<title>Economia brasileira cresce bem abaixo da m\u00e9dia global na pandemia<\/title>\n<meta name=\"description\" content=\"A economia brasileira cresceu bem abaixo da m\u00e9dia global na pandemia, segundo levantamento. Saiba mais sobre a economia brasileira.\" \/>\n<meta name=\"robots\" content=\"index, follow, max-snippet:-1, max-image-preview:large, max-video-preview:-1\" \/>\n<link rel=\"canonical\" href=\"https:\/\/www.suno.com.br\/noticias\/economia-brasileira-cresce-abaixo-media-global\/\" \/>\n<meta property=\"og:locale\" content=\"pt_BR\" \/>\n<meta property=\"og:type\" content=\"article\" \/>\n<meta property=\"og:title\" content=\"Economia brasileira cresce bem abaixo da m\u00e9dia global na pandemia\" \/>\n<meta property=\"og:description\" content=\"A economia brasileira cresceu bem abaixo da m\u00e9dia global na pandemia, segundo levantamento. Saiba mais sobre a economia brasileira.\" \/>\n<meta property=\"og:url\" content=\"https:\/\/www.suno.com.br\/noticias\/economia-brasileira-cresce-abaixo-media-global\/\" \/>\n<meta property=\"og:site_name\" content=\"Suno Not\u00edcias\" \/>\n<meta property=\"article:publisher\" content=\"https:\/\/facebook.com\/sunoresearch\" \/>\n<meta property=\"article:author\" content=\"https:\/\/www.facebook.com\/sunonoticias\/\" \/>\n<meta property=\"og:image\" content=\"https:\/\/files.sunoresearch.com.br\/n\/uploads\/2020\/09\/6a3a41ed-11-inflacao-e-deflacao.jpg\" \/>\n\t<meta property=\"og:image:width\" content=\"1280\" \/>\n\t<meta property=\"og:image:height\" content=\"720\" \/>\n\t<meta property=\"og:image:type\" content=\"image\/jpeg\" \/>\n<meta name=\"author\" content=\"Reda\u00e7\u00e3o Suno Not\u00edcias\" \/>\n<meta name=\"twitter:card\" content=\"summary_large_image\" \/>\n<meta name=\"twitter:creator\" content=\"@https:\/\/twitter.com\/sunoresearch\" \/>\n<meta name=\"twitter:site\" content=\"@sunoresearch\" \/>\n<meta name=\"twitter:label1\" content=\"Escrito por\" \/>\n\t<meta name=\"twitter:data1\" content=\"Reda\u00e7\u00e3o Suno Not\u00edcias\" \/>\n\t<meta name=\"twitter:label2\" content=\"Est. tempo de leitura\" \/>\n\t<meta name=\"twitter:data2\" content=\"5 minutos\" \/>\n<script type=\"application\/ld+json\" class=\"yoast-schema-graph\">{\"@context\":\"https:\/\/schema.org\",\"@graph\":[{\"@type\":\"NewsArticle\",\"@id\":\"https:\/\/www.suno.com.br\/noticias\/economia-brasileira-cresce-abaixo-media-global\/#article\",\"isPartOf\":{\"@id\":\"https:\/\/www.suno.com.br\/noticias\/economia-brasileira-cresce-abaixo-media-global\/\"},\"author\":{\"name\":\"Reda\u00e7\u00e3o Suno Not\u00edcias\",\"@id\":\"https:\/\/www.suno.com.br\/noticias\/#\/schema\/person\/c1b1bd3727fa852bd045e9dbff3673ea\"},\"headline\":\"Economia brasileira cresce bem abaixo da m\u00e9dia global na pandemia\",\"datePublished\":\"2022-09-18T14:30:35+00:00\",\"mainEntityOfPage\":{\"@id\":\"https:\/\/www.suno.com.br\/noticias\/economia-brasileira-cresce-abaixo-media-global\/\"},\"wordCount\":958,\"publisher\":{\"@id\":\"https:\/\/www.suno.com.br\/noticias\/#organization\"},\"image\":{\"@id\":\"https:\/\/www.suno.com.br\/noticias\/economia-brasileira-cresce-abaixo-media-global\/#primaryimage\"},\"thumbnailUrl\":\"https:\/\/files.sunoresearch.com.br\/n\/uploads\/2020\/09\/6a3a41ed-11-inflacao-e-deflacao-jpg.webp\",\"keywords\":[\"crescimento econ\u00f4mico\",\"Economia\",\"economia brasileira\",\"economia global\"],\"articleSection\":[\"Neg\u00f3cios\"],\"inLanguage\":\"pt-BR\"},{\"@type\":\"WebPage\",\"@id\":\"https:\/\/www.suno.com.br\/noticias\/economia-brasileira-cresce-abaixo-media-global\/\",\"url\":\"https:\/\/www.suno.com.br\/noticias\/economia-brasileira-cresce-abaixo-media-global\/\",\"name\":\"Economia brasileira cresce bem abaixo da m\u00e9dia global na pandemia\",\"isPartOf\":{\"@id\":\"https:\/\/www.suno.com.br\/noticias\/#website\"},\"primaryImageOfPage\":{\"@id\":\"https:\/\/www.suno.com.br\/noticias\/economia-brasileira-cresce-abaixo-media-global\/#primaryimage\"},\"image\":{\"@id\":\"https:\/\/www.suno.com.br\/noticias\/economia-brasileira-cresce-abaixo-media-global\/#primaryimage\"},\"thumbnailUrl\":\"https:\/\/files.sunoresearch.com.br\/n\/uploads\/2020\/09\/6a3a41ed-11-inflacao-e-deflacao-jpg.webp\",\"datePublished\":\"2022-09-18T14:30:35+00:00\",\"description\":\"A economia brasileira cresceu bem abaixo da m\u00e9dia global na pandemia, segundo levantamento. Saiba mais sobre a economia brasileira.\",\"breadcrumb\":{\"@id\":\"https:\/\/www.suno.com.br\/noticias\/economia-brasileira-cresce-abaixo-media-global\/#breadcrumb\"},\"inLanguage\":\"pt-BR\",\"potentialAction\":[{\"@type\":\"ReadAction\",\"target\":[\"https:\/\/www.suno.com.br\/noticias\/economia-brasileira-cresce-abaixo-media-global\/\"]}]},{\"@type\":\"ImageObject\",\"inLanguage\":\"pt-BR\",\"@id\":\"https:\/\/www.suno.com.br\/noticias\/economia-brasileira-cresce-abaixo-media-global\/#primaryimage\",\"url\":\"https:\/\/files.sunoresearch.com.br\/n\/uploads\/2020\/09\/6a3a41ed-11-inflacao-e-deflacao-jpg.webp\",\"contentUrl\":\"https:\/\/files.sunoresearch.com.br\/n\/uploads\/2020\/09\/6a3a41ed-11-inflacao-e-deflacao-jpg.webp\",\"width\":1280,\"height\":720,\"caption\":\"Foto: Pixabay\"},{\"@type\":\"BreadcrumbList\",\"@id\":\"https:\/\/www.suno.com.br\/noticias\/economia-brasileira-cresce-abaixo-media-global\/#breadcrumb\",\"itemListElement\":[{\"@type\":\"ListItem\",\"position\":1,\"name\":\"Not\u00edcias\",\"item\":\"https:\/\/www.suno.com.br\/noticias\/\"},{\"@type\":\"ListItem\",\"position\":2,\"name\":\"Neg\u00f3cios\",\"item\":\"https:\/\/www.suno.com.br\/noticias\/negocios\/\"},{\"@type\":\"ListItem\",\"position\":3,\"name\":\"Economia brasileira cresce bem abaixo da m\u00e9dia global na pandemia\"}]},{\"@type\":\"WebSite\",\"@id\":\"https:\/\/www.suno.com.br\/noticias\/#website\",\"url\":\"https:\/\/www.suno.com.br\/noticias\/\",\"name\":\"Suno Not\u00edcias\",\"description\":\"Seu portal de informa\u00e7\u00e3o sobre o mundo dos investimentos\",\"publisher\":{\"@id\":\"https:\/\/www.suno.com.br\/noticias\/#organization\"},\"potentialAction\":[{\"@type\":\"SearchAction\",\"target\":{\"@type\":\"EntryPoint\",\"urlTemplate\":\"https:\/\/www.suno.com.br\/noticias\/?s={search_term_string}\"},\"query-input\":{\"@type\":\"PropertyValueSpecification\",\"valueRequired\":true,\"valueName\":\"search_term_string\"}}],\"inLanguage\":\"pt-BR\"},{\"@type\":\"Organization\",\"@id\":\"https:\/\/www.suno.com.br\/noticias\/#organization\",\"name\":\"Suno Not\u00edcias\",\"url\":\"https:\/\/www.suno.com.br\/noticias\/\",\"logo\":{\"@type\":\"ImageObject\",\"inLanguage\":\"pt-BR\",\"@id\":\"https:\/\/www.suno.com.br\/noticias\/#\/schema\/logo\/image\/\",\"url\":\"https:\/\/files.sunoresearch.com.br\/n\/uploads\/2021\/09\/suno-logo.png\",\"contentUrl\":\"https:\/\/files.sunoresearch.com.br\/n\/uploads\/2021\/09\/suno-logo.png\",\"width\":180,\"height\":180,\"caption\":\"Suno Not\u00edcias\"},\"image\":{\"@id\":\"https:\/\/www.suno.com.br\/noticias\/#\/schema\/logo\/image\/\"},\"sameAs\":[\"https:\/\/facebook.com\/sunoresearch\",\"https:\/\/x.com\/sunoresearch\",\"https:\/\/www.instagram.com\/suno\",\"https:\/\/www.linkedin.com\/company\/suno-research\/\",\"https:\/\/www.youtube.com\/c\/sunoresearch\"]},{\"@type\":\"Person\",\"@id\":\"https:\/\/www.suno.com.br\/noticias\/#\/schema\/person\/c1b1bd3727fa852bd045e9dbff3673ea\",\"name\":\"Reda\u00e7\u00e3o Suno Not\u00edcias\",\"image\":{\"@type\":\"ImageObject\",\"inLanguage\":\"pt-BR\",\"@id\":\"https:\/\/www.suno.com.br\/noticias\/#\/schema\/person\/image\/\",\"url\":\"https:\/\/secure.gravatar.com\/avatar\/b8104b9b5a71985d5238ee59fbe418af?s=96&r=g\",\"contentUrl\":\"https:\/\/secure.gravatar.com\/avatar\/b8104b9b5a71985d5238ee59fbe418af?s=96&r=g\",\"caption\":\"Reda\u00e7\u00e3o Suno Not\u00edcias\"},\"description\":\"O Suno Not\u00edcias \u00e9 um portal de informa\u00e7\u00f5es sobre Mercado Financeiro, Pol\u00edtica, Neg\u00f3cios, Economia e Finan\u00e7as Pessoais.\",\"sameAs\":[\"https:\/\/www.suno.com.br\/noticias\",\"https:\/\/www.facebook.com\/sunonoticias\/\",\"https:\/\/www.instagram.com\/sunonoticias\/\",\"https:\/\/x.com\/https:\/\/twitter.com\/sunoresearch\",\"https:\/\/www.youtube.com\/sunonoticias\"],\"url\":\"https:\/\/www.suno.com.br\/noticias\/author\/redacao-suno\/\"}]}<\/script>\n<!-- \/ Yoast SEO plugin. -->","yoast_head_json":{"title":"Economia brasileira cresce bem abaixo da m\u00e9dia global na pandemia","description":"A economia brasileira cresceu bem abaixo da m\u00e9dia global na pandemia, segundo levantamento. Saiba mais sobre a economia brasileira.","robots":{"index":"index","follow":"follow","max-snippet":"max-snippet:-1","max-image-preview":"max-image-preview:large","max-video-preview":"max-video-preview:-1"},"canonical":"https:\/\/www.suno.com.br\/noticias\/economia-brasileira-cresce-abaixo-media-global\/","og_locale":"pt_BR","og_type":"article","og_title":"Economia brasileira cresce bem abaixo da m\u00e9dia global na pandemia","og_description":"A economia brasileira cresceu bem abaixo da m\u00e9dia global na pandemia, segundo levantamento. Saiba mais sobre a economia brasileira.","og_url":"https:\/\/www.suno.com.br\/noticias\/economia-brasileira-cresce-abaixo-media-global\/","og_site_name":"Suno Not\u00edcias","article_publisher":"https:\/\/facebook.com\/sunoresearch","article_author":"https:\/\/www.facebook.com\/sunonoticias\/","og_image":[{"width":1280,"height":720,"url":"https:\/\/files.sunoresearch.com.br\/n\/uploads\/2020\/09\/6a3a41ed-11-inflacao-e-deflacao.jpg","type":"image\/jpeg"}],"author":"Reda\u00e7\u00e3o Suno Not\u00edcias","twitter_card":"summary_large_image","twitter_creator":"@https:\/\/twitter.com\/sunoresearch","twitter_site":"@sunoresearch","twitter_misc":{"Escrito por":"Reda\u00e7\u00e3o Suno Not\u00edcias","Est. tempo de leitura":"5 minutos"},"schema":{"@context":"https:\/\/schema.org","@graph":[{"@type":"NewsArticle","@id":"https:\/\/www.suno.com.br\/noticias\/economia-brasileira-cresce-abaixo-media-global\/#article","isPartOf":{"@id":"https:\/\/www.suno.com.br\/noticias\/economia-brasileira-cresce-abaixo-media-global\/"},"author":{"name":"Reda\u00e7\u00e3o Suno Not\u00edcias","@id":"https:\/\/www.suno.com.br\/noticias\/#\/schema\/person\/c1b1bd3727fa852bd045e9dbff3673ea"},"headline":"Economia brasileira cresce bem abaixo da m\u00e9dia global na pandemia","datePublished":"2022-09-18T14:30:35+00:00","mainEntityOfPage":{"@id":"https:\/\/www.suno.com.br\/noticias\/economia-brasileira-cresce-abaixo-media-global\/"},"wordCount":958,"publisher":{"@id":"https:\/\/www.suno.com.br\/noticias\/#organization"},"image":{"@id":"https:\/\/www.suno.com.br\/noticias\/economia-brasileira-cresce-abaixo-media-global\/#primaryimage"},"thumbnailUrl":"https:\/\/files.sunoresearch.com.br\/n\/uploads\/2020\/09\/6a3a41ed-11-inflacao-e-deflacao-jpg.webp","keywords":["crescimento econ\u00f4mico","Economia","economia brasileira","economia global"],"articleSection":["Neg\u00f3cios"],"inLanguage":"pt-BR"},{"@type":"WebPage","@id":"https:\/\/www.suno.com.br\/noticias\/economia-brasileira-cresce-abaixo-media-global\/","url":"https:\/\/www.suno.com.br\/noticias\/economia-brasileira-cresce-abaixo-media-global\/","name":"Economia brasileira cresce bem abaixo da m\u00e9dia global na pandemia","isPartOf":{"@id":"https:\/\/www.suno.com.br\/noticias\/#website"},"primaryImageOfPage":{"@id":"https:\/\/www.suno.com.br\/noticias\/economia-brasileira-cresce-abaixo-media-global\/#primaryimage"},"image":{"@id":"https:\/\/www.suno.com.br\/noticias\/economia-brasileira-cresce-abaixo-media-global\/#primaryimage"},"thumbnailUrl":"https:\/\/files.sunoresearch.com.br\/n\/uploads\/2020\/09\/6a3a41ed-11-inflacao-e-deflacao-jpg.webp","datePublished":"2022-09-18T14:30:35+00:00","description":"A economia brasileira cresceu bem abaixo da m\u00e9dia global na pandemia, segundo levantamento. Saiba mais sobre a economia brasileira.","breadcrumb":{"@id":"https:\/\/www.suno.com.br\/noticias\/economia-brasileira-cresce-abaixo-media-global\/#breadcrumb"},"inLanguage":"pt-BR","potentialAction":[{"@type":"ReadAction","target":["https:\/\/www.suno.com.br\/noticias\/economia-brasileira-cresce-abaixo-media-global\/"]}]},{"@type":"ImageObject","inLanguage":"pt-BR","@id":"https:\/\/www.suno.com.br\/noticias\/economia-brasileira-cresce-abaixo-media-global\/#primaryimage","url":"https:\/\/files.sunoresearch.com.br\/n\/uploads\/2020\/09\/6a3a41ed-11-inflacao-e-deflacao-jpg.webp","contentUrl":"https:\/\/files.sunoresearch.com.br\/n\/uploads\/2020\/09\/6a3a41ed-11-inflacao-e-deflacao-jpg.webp","width":1280,"height":720,"caption":"Foto: Pixabay"},{"@type":"BreadcrumbList","@id":"https:\/\/www.suno.com.br\/noticias\/economia-brasileira-cresce-abaixo-media-global\/#breadcrumb","itemListElement":[{"@type":"ListItem","position":1,"name":"Not\u00edcias","item":"https:\/\/www.suno.com.br\/noticias\/"},{"@type":"ListItem","position":2,"name":"Neg\u00f3cios","item":"https:\/\/www.suno.com.br\/noticias\/negocios\/"},{"@type":"ListItem","position":3,"name":"Economia brasileira cresce bem abaixo da m\u00e9dia global na pandemia"}]},{"@type":"WebSite","@id":"https:\/\/www.suno.com.br\/noticias\/#website","url":"https:\/\/www.suno.com.br\/noticias\/","name":"Suno Not\u00edcias","description":"Seu portal de informa\u00e7\u00e3o sobre o mundo dos investimentos","publisher":{"@id":"https:\/\/www.suno.com.br\/noticias\/#organization"},"potentialAction":[{"@type":"SearchAction","target":{"@type":"EntryPoint","urlTemplate":"https:\/\/www.suno.com.br\/noticias\/?s={search_term_string}"},"query-input":{"@type":"PropertyValueSpecification","valueRequired":true,"valueName":"search_term_string"}}],"inLanguage":"pt-BR"},{"@type":"Organization","@id":"https:\/\/www.suno.com.br\/noticias\/#organization","name":"Suno Not\u00edcias","url":"https:\/\/www.suno.com.br\/noticias\/","logo":{"@type":"ImageObject","inLanguage":"pt-BR","@id":"https:\/\/www.suno.com.br\/noticias\/#\/schema\/logo\/image\/","url":"https:\/\/files.sunoresearch.com.br\/n\/uploads\/2021\/09\/suno-logo.png","contentUrl":"https:\/\/files.sunoresearch.com.br\/n\/uploads\/2021\/09\/suno-logo.png","width":180,"height":180,"caption":"Suno Not\u00edcias"},"image":{"@id":"https:\/\/www.suno.com.br\/noticias\/#\/schema\/logo\/image\/"},"sameAs":["https:\/\/facebook.com\/sunoresearch","https:\/\/x.com\/sunoresearch","https:\/\/www.instagram.com\/suno","https:\/\/www.linkedin.com\/company\/suno-research\/","https:\/\/www.youtube.com\/c\/sunoresearch"]},{"@type":"Person","@id":"https:\/\/www.suno.com.br\/noticias\/#\/schema\/person\/c1b1bd3727fa852bd045e9dbff3673ea","name":"Reda\u00e7\u00e3o Suno Not\u00edcias","image":{"@type":"ImageObject","inLanguage":"pt-BR","@id":"https:\/\/www.suno.com.br\/noticias\/#\/schema\/person\/image\/","url":"https:\/\/secure.gravatar.com\/avatar\/b8104b9b5a71985d5238ee59fbe418af?s=96&r=g","contentUrl":"https:\/\/secure.gravatar.com\/avatar\/b8104b9b5a71985d5238ee59fbe418af?s=96&r=g","caption":"Reda\u00e7\u00e3o Suno Not\u00edcias"},"description":"O Suno Not\u00edcias \u00e9 um portal de informa\u00e7\u00f5es sobre Mercado Financeiro, Pol\u00edtica, Neg\u00f3cios, Economia e Finan\u00e7as Pessoais.","sameAs":["https:\/\/www.suno.com.br\/noticias","https:\/\/www.facebook.com\/sunonoticias\/","https:\/\/www.instagram.com\/sunonoticias\/","https:\/\/x.com\/https:\/\/twitter.com\/sunoresearch","https:\/\/www.youtube.com\/sunonoticias"],"url":"https:\/\/www.suno.com.br\/noticias\/author\/redacao-suno\/"}]}},"default_loop_html":"<div class=\"cardsPage__listCard__boxs\"><div class=\"cardsPage__listCard__boxs__img\"><a href=\"https:\/\/www.suno.com.br\/noticias\/economia-brasileira-cresce-abaixo-media-global\/\"><img class=\"mask\" src=\"https:\/\/www.suno.com.br\/noticias\/wp-content\/themes\/suno\/resources\/images\/spotlight\/spotlight1img\/bg-mask.png\" alt=\"Image Mask\"\/><img src=\"https:\/\/files.sunoresearch.com.br\/n\/uploads\/2020\/09\/6a3a41ed-11-inflacao-e-deflacao-400x200.webp\" alt=\"Economia brasileira cresce bem abaixo da m\u00e9dia global na pandemia\"\/><\/a><span class=\"spotlightCategory\"><a href=\"https:\/\/www.suno.com.br\/noticias\/negocios\/\">Neg\u00f3cios<\/a><\/span><\/div><div class=\"cardsPage__listCard__boxs__content\"><a href=\"https:\/\/www.suno.com.br\/noticias\/economia-brasileira-cresce-abaixo-media-global\/\"><h2 class=\"content__title\">Economia brasileira cresce bem abaixo da m\u00e9dia global na pandemia<\/h2><\/a><div class=\"newsContent__article__meta\"><div class=\"newsContent__article__meta__authorBox\"><a href=\"https:\/\/www.suno.com.br\/noticias\/author\/redacao-suno\/\" class=\"authorBox__avatar noMobi\"><img src=\"https:\/\/files.sunoresearch.com.br\/n\/uploads\/2020\/08\/0ace682d-redacao-1-150x150.webp\" alt=\"Reda\u00e7\u00e3o Suno Not\u00edcias\"><\/a><div class=\"authorBox__name\"><span>por\n\t\t\t<a href=\"https:\/\/www.suno.com.br\/noticias\/author\/redacao-suno\/\"><span itemprop=\"author\">Reda\u00e7\u00e3o Suno Not\u00edcias<\/span><\/a><\/span><time datetime=\"2022-09-18T11:30:35-03:00\" itemprop=\"datePublished\">18\/09\/2022 11:30<\/time><\/div><\/div><\/div><\/div><\/div>","single_layout":"posts","amp_enabled":true,"_links":{"self":[{"href":"https:\/\/www.suno.com.br\/noticias\/wp-json\/wp\/v2\/posts\/299095"}],"collection":[{"href":"https:\/\/www.suno.com.br\/noticias\/wp-json\/wp\/v2\/posts"}],"about":[{"href":"https:\/\/www.suno.com.br\/noticias\/wp-json\/wp\/v2\/types\/post"}],"author":[{"embeddable":true,"href":"https:\/\/www.suno.com.br\/noticias\/wp-json\/wp\/v2\/users\/43"}],"replies":[{"embeddable":true,"href":"https:\/\/www.suno.com.br\/noticias\/wp-json\/wp\/v2\/comments?post=299095"}],"version-history":[{"count":2,"href":"https:\/\/www.suno.com.br\/noticias\/wp-json\/wp\/v2\/posts\/299095\/revisions"}],"predecessor-version":[{"id":299099,"href":"https:\/\/www.suno.com.br\/noticias\/wp-json\/wp\/v2\/posts\/299095\/revisions\/299099"}],"wp:featuredmedia":[{"embeddable":true,"href":"https:\/\/www.suno.com.br\/noticias\/wp-json\/wp\/v2\/media\/84325"}],"wp:attachment":[{"href":"https:\/\/www.suno.com.br\/noticias\/wp-json\/wp\/v2\/media?parent=299095"}],"wp:term":[{"taxonomy":"category","embeddable":true,"href":"https:\/\/www.suno.com.br\/noticias\/wp-json\/wp\/v2\/categories?post=299095"},{"taxonomy":"post_tag","embeddable":true,"href":"https:\/\/www.suno.com.br\/noticias\/wp-json\/wp\/v2\/tags?post=299095"},{"taxonomy":"suno_strategy","embeddable":true,"href":"https:\/\/www.suno.com.br\/noticias\/wp-json\/wp\/v2\/suno_strategy?post=299095"}],"curies":[{"name":"wp","href":"https:\/\/api.w.org\/{rel}","templated":true}]}}