{"id":298982,"date":"2022-09-17T17:25:49","date_gmt":"2022-09-17T20:25:49","guid":{"rendered":"https:\/\/www.suno.com.br\/noticias\/?p=298982"},"modified":"2022-09-17T17:25:49","modified_gmt":"2022-09-17T20:25:49","slug":"porto-pssa3-acao-descontada-banco-safra-preco","status":"publish","type":"post","link":"https:\/\/www.suno.com.br\/noticias\/porto-pssa3-acao-descontada-banco-safra-preco\/","title":{"rendered":"A\u00e7\u00e3o da Porto (PSSA3) est\u00e1 descontada; Banco Safra eleva pre\u00e7o alvo"},"content":{"rendered":"<p>O Banco Safra atualizou seu modelo de investimentos para a <a class=\"suno-keyword\" href=\"https:\/\/www.suno.com.br\/acoes\/PSSA3\/\" target=\"_blank\" rel=\"noopener\" data-force=\"yes\" data-priority=\"2\"><strong>Porto<\/strong> (PSSA3)<\/a> e elevou o <a class=\"suno-keyword\" href=\"https:\/\/www.suno.com.br\/artigos\/preco-alvo\/\" target=\"_blank\" rel=\"noopener\" data-force=\"no\" data-priority=\"1\">pre\u00e7o alvo<\/a> para R$ 32, contra R$ 28 anteriormente. Os analistas mant\u00eam a recomenda\u00e7\u00e3o de compra das a\u00e7\u00f5es.<\/p>\t<div class=\"wrapper-featured-image\">\n\t\t<figure class=\"spotlightImg\">\n\n\t\t\t<picture>\n\t\t\t\t<source media=\"(max-width: 768px)\" srcset=\"https:\/\/files.sunoresearch.com.br\/n\/uploads\/2021\/07\/4ffc377a-porto-seguro-divulgacao-e1627385621395-400x200.jpg\">\n\t\t\t\t<img loading=\"lazy\" decoding=\"async\" class=\"newsContent__article__imgCapa lazyloadDisabled \" src=\"https:\/\/files.sunoresearch.com.br\/n\/uploads\/2021\/07\/4ffc377a-porto-seguro-divulgacao-e1627385621395-800x450.jpg\" width=\"800\" height=\"450\" alt=\"A\u00e7\u00e3o da Porto (PSSA3) est\u00e1 descontada; Banco Safra eleva pre\u00e7o alvo\" fetchpriority=high \/>\n\t\t\t<\/picture>\n\n\t\t\t<figcaption class=\"wp-caption-text wp-caption-text--show\">Porto Seguro. Foto: Divulga\u00e7\u00e3o <\/figcaption>\n\t\t<\/figure>\n\t<\/div>\n\n\n\t<p>\n\t\t<a href=\"\" target=\"_blank\" data-element=\"shortcode-suno-banner\" title=\"Banner SUNO, clique e saiba mais\">\n\t\t\t<picture>\n\t\t\t\t<source media=\"(max-width: 500px)\" srcset=\"\">\n\t\t\t\t<img class=\"newsContent__article__imgCapa newsContent__article__imgCapa--banner\"\n\t\t\t\t\tsrc=\"\"\n\t\t\t\t\tdata-promo-id=\"138420\"\t\t\t\t\t\t\t\t\t\t\t\t\t\t\talt=\"\"\n\t\t\t\t>\n\t\t\t<\/picture>\n\t\t<\/a>\n\t<\/p>\n\n\n<p>&#8220;Em nossa opini\u00e3o, o cen\u00e1rio operacional desafiador visto no primeiro semestre de 2022 (1S22) deve atingir um ponto de inflex\u00e3o no segundo semestre (2S220, o que deve levar a um melhor momento de resultados no pr\u00f3ximo ano&#8221;, afirmam, em relat\u00f3rio.<\/p>\n<p>De acordo com o banco de investimentos, esse <strong>resultado da Porto<\/strong> deve ser impulsionado pelo crescimento ainda s\u00f3lido da receita &#8212; apoiado por pre\u00e7os de seguros mais altos, normaliza\u00e7\u00e3o da sinistralidade (especialmente no segmento de autom\u00f3veis, ap\u00f3s acomoda\u00e7\u00e3o de pre\u00e7os de carros e autope\u00e7as) e melhores resultados financeiros l\u00edquidos.<\/p>\n<p>Os n\u00fameros do\u00a0<strong>balan\u00e7o da Porto do 2T22<\/strong> foram mais fracos do que o esperado pelo Safra, devido a maior press\u00e3o no segmento de sinistros de autom\u00f3veis e resultados financeiros l\u00edquidos arrefecidos.<\/p>\n<p>Entretanto, apesar disso, &#8220;vemos uma boa din\u00e2mica no desempenho dos pr\u00eamios emitidos, que se mant\u00e9m bastante forte com pre\u00e7os mais altos. Isso deve se traduzir em uma boa evolu\u00e7\u00e3o do pr\u00eamio ganho no 2S22 e 2023&#8221;, diz o texto.<\/p>\n<p>Os analistas do Safra elevaram tamb\u00e9m as estimativas de pr\u00eamios ganhos totais da Porto em +5,6% (para R$ 22,068 bilh\u00f5es, dois d\u00edgitos s\u00f3lidos de 23,5% na compara\u00e7\u00e3o anual) em 2022 e +6,9% ano que vem (para R$ 25,033 bilh\u00f5es, tamb\u00e9m dois d\u00edgitos no ano a ano, de 13,4%).<\/p>\n<p>&#8220;A boa not\u00edcia \u00e9 a estabilidade dos pre\u00e7os dos carros nos \u00faltimos 4 meses (sugerindo que a sinistralidade pode se estabilizar nos pr\u00f3ximos trimestres) levando a boas perspectivas de recupera\u00e7\u00e3o das margens operacionais&#8221;, reportam.<\/p>\n\t<p>\n\t\t<a href=\"https:\/\/lp.suno.com.br\/planilha-controle-gastos\/\" target=\"_blank\" data-element=\"shortcode-suno-banner\" title=\"Banner SUNO, clique e saiba mais\">\n\t\t\t<picture>\n\t\t\t\t<source media=\"(max-width: 500px)\" srcset=\"https:\/\/files.sunoresearch.com.br\/n\/uploads\/2023\/03\/400x300-Planilha-controle-de-gastos.png\">\n\t\t\t\t<img class=\"newsContent__article__imgCapa newsContent__article__imgCapa--banner\"\n\t\t\t\t\tsrc=\"https:\/\/files.sunoresearch.com.br\/n\/uploads\/2023\/03\/1420x240-Planilha-controle-de-gastos.png\"\n\t\t\t\t\tdata-promo-id=\"101751\"\t\t\t\t\t\t\t\t\t\twidth='1420' height='240'\t\t\t\t\talt=\"https:\/\/files.sunoresearch.com.br\/n\/uploads\/2023\/03\/1420x240-Planilha-controle-de-gastos.png\"\n\t\t\t\t>\n\t\t\t<\/picture>\n\t\t<\/a>\n\t<\/p>\n\n\n<h2>Redu\u00e7\u00e3o das expectativas para o lucro da Porto<\/h2>\n<p>O Safra ressalta que reduziu as expectativas dos <strong>resultados financeiros l\u00edquidos da Porto<\/strong> para 2022, para -26% e 8% para 2023. O motivo foi a rentabilidade negativa,\u00a0impactada pelo desempenho dos capitais pr\u00f3prios e da carteira prefixada da Porto.<\/p>\n<p>Por isso, houve um corte profundo na estimativa de <strong>lucro da Porto<\/strong> para o ano, em -11%, para R$ 1 bilh\u00e3o, com base no desempenho do 2T22. Para 2023, houve aumento na proje\u00e7\u00e3o de <a class=\"suno-keyword\" href=\"https:\/\/www.suno.com.br\/artigos\/lucro-liquido\/\" target=\"_blank\" rel=\"noopener\" data-force=\"no\" data-priority=\"1\">lucro l\u00edquido<\/a>, para R$ 1,739 bilh\u00e3o, equivalente a uma alta de 3%.<\/p>\n<p>&#8220;Apesar de termos cortados as estimativas para Porto, estamos mais confiantes no seu desempenho daqui para a frente&#8221;, destaca o banco, em relat\u00f3rio.<\/p>\n<p>Com as nossas novas estimativas, as <strong>a\u00e7\u00f5es da Porto <\/strong>est\u00e3o sendo negociadas a Pre\u00e7o\/Lucro de 2023 em 8,0 vezes, ou seja, um desconto de 27% sobre sua m\u00e9dia hist\u00f3rica de 10 anos (de 11,2 vezes) e um P\/VP (Pre\u00e7o sobre <a class=\"suno-keyword\" href=\"https:\/\/www.suno.com.br\/artigos\/valor-patrimonial\/\" target=\"_blank\" rel=\"noopener\" data-force=\"no\" data-priority=\"1\">Valor Patrimonial<\/a>) de 1,4 vez, o que significa 19% de desconto.<\/p>\n<p>Esse conjunto de fatores parece bastante atraente em na vis\u00e3o dos analistas, especialmente ao ser considerado os exerc\u00edcios da companhia para acelerar o crescimento da receita de unidades de neg\u00f3cios.<\/p>\n<h2>Cota\u00e7\u00e3o<\/h2>\n<p>As a\u00e7\u00f5es da\u00a0<strong>Porto<\/strong> fecharam o preg\u00e3o da \u00faltima sexta-feira (16) em alta de 0,13%, cotadas a R$ 22,56.<\/p>\n\t<p>\n\t\t<a href=\"https:\/\/lp.suno.com.br\/planilha-da-vida-financeira\/\" target=\"_blank\" data-element=\"shortcode-suno-banner\" title=\"Banner SUNO, clique e saiba mais\">\n\t\t\t<picture>\n\t\t\t\t<source media=\"(max-width: 500px)\" srcset=\"https:\/\/files.sunoresearch.com.br\/n\/uploads\/2023\/04\/400x300-Planilha-vida-financeira-true.png\">\n\t\t\t\t<img class=\"newsContent__article__imgCapa newsContent__article__imgCapa--banner\"\n\t\t\t\t\tsrc=\"https:\/\/files.sunoresearch.com.br\/n\/uploads\/2023\/04\/1420x240-Planilha-vida-financeira-true.png\"\n\t\t\t\t\tdata-promo-id=\"106682\"\t\t\t\t\t\t\t\t\t\twidth='1420' height='240'\t\t\t\t\talt=\"https:\/\/files.sunoresearch.com.br\/n\/uploads\/2023\/04\/1420x240-Planilha-vida-financeira-true.png\"\n\t\t\t\t>\n\t\t\t<\/picture>\n\t\t<\/a>\n\t<\/p>\n\n\n","protected":false},"excerpt":{"rendered":"<p>O Banco Safra atualizou seu modelo de investimentos para a Porto (PSSA3) e elevou o pre\u00e7o alvo para R$ 32, contra R$ 28 anteriormente. Os analistas mant\u00eam a recomenda\u00e7\u00e3o de compra das a\u00e7\u00f5es. Porto Seguro. Foto: Divulga\u00e7\u00e3o &#8220;Em nossa opini\u00e3o, o cen\u00e1rio operacional desafiador visto no primeiro semestre de 2022 (1S22) deve atingir um ponto [&hellip;]<\/p>\n","protected":false},"author":146,"featured_media":169666,"comment_status":"closed","ping_status":"closed","sticky":false,"template":"","format":"standard","meta":[],"categories":[64],"tags":[1518,105816,603],"suno_strategy":[],"class_list":["post-298982","post","type-post","status-publish","format-standard","has-post-thumbnail","hentry","category-negocios","tag-banco-safra","tag-especialistas","tag-porto-seguro-pssa3"],"yoast_head":"<!-- This site is optimized with the Yoast SEO plugin v24.4 - https:\/\/yoast.com\/wordpress\/plugins\/seo\/ -->\n<title>A\u00e7\u00e3o da Porto (PSSA3) est\u00e1 descontada; Banco Safra eleva pre\u00e7o alvo<\/title>\n<meta name=\"description\" content=\"O Banco Safra atualizou seu modelo de investimentos para a Porto (PSSA3) e elevou o pre\u00e7o alvo para R$ 32, contra R$ 28 anteriormente.\" \/>\n<meta name=\"robots\" content=\"index, follow, max-snippet:-1, max-image-preview:large, max-video-preview:-1\" \/>\n<link rel=\"canonical\" href=\"https:\/\/www.suno.com.br\/noticias\/porto-pssa3-acao-descontada-banco-safra-preco\/\" \/>\n<meta property=\"og:locale\" content=\"pt_BR\" \/>\n<meta property=\"og:type\" content=\"article\" \/>\n<meta property=\"og:title\" content=\"A\u00e7\u00e3o da Porto (PSSA3) est\u00e1 descontada; Banco Safra eleva pre\u00e7o alvo\" \/>\n<meta property=\"og:description\" content=\"O Banco Safra atualizou seu modelo de investimentos para a Porto (PSSA3) e elevou o pre\u00e7o alvo para R$ 32, contra R$ 28 anteriormente.\" \/>\n<meta property=\"og:url\" content=\"https:\/\/www.suno.com.br\/noticias\/porto-pssa3-acao-descontada-banco-safra-preco\/\" \/>\n<meta property=\"og:site_name\" content=\"Suno Not\u00edcias\" \/>\n<meta property=\"article:publisher\" content=\"https:\/\/facebook.com\/sunoresearch\" \/>\n<meta property=\"og:image\" content=\"https:\/\/files.sunoresearch.com.br\/n\/uploads\/2021\/07\/4ffc377a-porto-seguro-divulgacao-e1627385621395.jpg\" \/>\n\t<meta property=\"og:image:width\" content=\"1272\" \/>\n\t<meta property=\"og:image:height\" content=\"748\" \/>\n\t<meta property=\"og:image:type\" content=\"image\/jpeg\" \/>\n<meta name=\"author\" content=\"Vict\u00f3ria Anhesini\" \/>\n<meta name=\"twitter:card\" content=\"summary_large_image\" \/>\n<meta name=\"twitter:creator\" content=\"@sunoresearch\" \/>\n<meta name=\"twitter:site\" content=\"@sunoresearch\" \/>\n<meta name=\"twitter:label1\" content=\"Escrito por\" \/>\n\t<meta name=\"twitter:data1\" content=\"Vict\u00f3ria Anhesini\" \/>\n\t<meta name=\"twitter:label2\" content=\"Est. tempo de leitura\" \/>\n\t<meta name=\"twitter:data2\" content=\"3 minutos\" \/>\n<script type=\"application\/ld+json\" class=\"yoast-schema-graph\">{\"@context\":\"https:\/\/schema.org\",\"@graph\":[{\"@type\":\"NewsArticle\",\"@id\":\"https:\/\/www.suno.com.br\/noticias\/porto-pssa3-acao-descontada-banco-safra-preco\/#article\",\"isPartOf\":{\"@id\":\"https:\/\/www.suno.com.br\/noticias\/porto-pssa3-acao-descontada-banco-safra-preco\/\"},\"author\":{\"name\":\"Vict\u00f3ria Anhesini\",\"@id\":\"https:\/\/www.suno.com.br\/noticias\/#\/schema\/person\/46d847cb19ad53fde0857adca989c23f\"},\"headline\":\"A\u00e7\u00e3o da Porto (PSSA3) est\u00e1 descontada; Banco Safra eleva pre\u00e7o alvo\",\"datePublished\":\"2022-09-17T20:25:49+00:00\",\"mainEntityOfPage\":{\"@id\":\"https:\/\/www.suno.com.br\/noticias\/porto-pssa3-acao-descontada-banco-safra-preco\/\"},\"wordCount\":548,\"publisher\":{\"@id\":\"https:\/\/www.suno.com.br\/noticias\/#organization\"},\"image\":{\"@id\":\"https:\/\/www.suno.com.br\/noticias\/porto-pssa3-acao-descontada-banco-safra-preco\/#primaryimage\"},\"thumbnailUrl\":\"https:\/\/files.sunoresearch.com.br\/n\/uploads\/2021\/07\/4ffc377a-porto-seguro-divulgacao-e1627385621395.jpg\",\"keywords\":[\"Banco Safra\",\"Especialistas\",\"Porto Seguro (PSSA3)\"],\"articleSection\":[\"Neg\u00f3cios\"],\"inLanguage\":\"pt-BR\"},{\"@type\":\"WebPage\",\"@id\":\"https:\/\/www.suno.com.br\/noticias\/porto-pssa3-acao-descontada-banco-safra-preco\/\",\"url\":\"https:\/\/www.suno.com.br\/noticias\/porto-pssa3-acao-descontada-banco-safra-preco\/\",\"name\":\"A\u00e7\u00e3o da Porto (PSSA3) est\u00e1 descontada; Banco Safra eleva pre\u00e7o alvo\",\"isPartOf\":{\"@id\":\"https:\/\/www.suno.com.br\/noticias\/#website\"},\"primaryImageOfPage\":{\"@id\":\"https:\/\/www.suno.com.br\/noticias\/porto-pssa3-acao-descontada-banco-safra-preco\/#primaryimage\"},\"image\":{\"@id\":\"https:\/\/www.suno.com.br\/noticias\/porto-pssa3-acao-descontada-banco-safra-preco\/#primaryimage\"},\"thumbnailUrl\":\"https:\/\/files.sunoresearch.com.br\/n\/uploads\/2021\/07\/4ffc377a-porto-seguro-divulgacao-e1627385621395.jpg\",\"datePublished\":\"2022-09-17T20:25:49+00:00\",\"description\":\"O Banco Safra atualizou seu modelo de investimentos para a Porto (PSSA3) e elevou o pre\u00e7o alvo para R$ 32, contra R$ 28 anteriormente.\",\"breadcrumb\":{\"@id\":\"https:\/\/www.suno.com.br\/noticias\/porto-pssa3-acao-descontada-banco-safra-preco\/#breadcrumb\"},\"inLanguage\":\"pt-BR\",\"potentialAction\":[{\"@type\":\"ReadAction\",\"target\":[\"https:\/\/www.suno.com.br\/noticias\/porto-pssa3-acao-descontada-banco-safra-preco\/\"]}]},{\"@type\":\"ImageObject\",\"inLanguage\":\"pt-BR\",\"@id\":\"https:\/\/www.suno.com.br\/noticias\/porto-pssa3-acao-descontada-banco-safra-preco\/#primaryimage\",\"url\":\"https:\/\/files.sunoresearch.com.br\/n\/uploads\/2021\/07\/4ffc377a-porto-seguro-divulgacao-e1627385621395.jpg\",\"contentUrl\":\"https:\/\/files.sunoresearch.com.br\/n\/uploads\/2021\/07\/4ffc377a-porto-seguro-divulgacao-e1627385621395.jpg\",\"width\":1272,\"height\":748,\"caption\":\"Porto Seguro. Foto: Divulga\u00e7\u00e3o\"},{\"@type\":\"BreadcrumbList\",\"@id\":\"https:\/\/www.suno.com.br\/noticias\/porto-pssa3-acao-descontada-banco-safra-preco\/#breadcrumb\",\"itemListElement\":[{\"@type\":\"ListItem\",\"position\":1,\"name\":\"Not\u00edcias\",\"item\":\"https:\/\/www.suno.com.br\/noticias\/\"},{\"@type\":\"ListItem\",\"position\":2,\"name\":\"Neg\u00f3cios\",\"item\":\"https:\/\/www.suno.com.br\/noticias\/negocios\/\"},{\"@type\":\"ListItem\",\"position\":3,\"name\":\"A\u00e7\u00e3o da Porto (PSSA3) est\u00e1 descontada; Banco Safra eleva pre\u00e7o alvo\"}]},{\"@type\":\"WebSite\",\"@id\":\"https:\/\/www.suno.com.br\/noticias\/#website\",\"url\":\"https:\/\/www.suno.com.br\/noticias\/\",\"name\":\"Suno Not\u00edcias\",\"description\":\"Seu portal de informa\u00e7\u00e3o sobre o mundo dos investimentos\",\"publisher\":{\"@id\":\"https:\/\/www.suno.com.br\/noticias\/#organization\"},\"potentialAction\":[{\"@type\":\"SearchAction\",\"target\":{\"@type\":\"EntryPoint\",\"urlTemplate\":\"https:\/\/www.suno.com.br\/noticias\/?s={search_term_string}\"},\"query-input\":{\"@type\":\"PropertyValueSpecification\",\"valueRequired\":true,\"valueName\":\"search_term_string\"}}],\"inLanguage\":\"pt-BR\"},{\"@type\":\"Organization\",\"@id\":\"https:\/\/www.suno.com.br\/noticias\/#organization\",\"name\":\"Suno Not\u00edcias\",\"url\":\"https:\/\/www.suno.com.br\/noticias\/\",\"logo\":{\"@type\":\"ImageObject\",\"inLanguage\":\"pt-BR\",\"@id\":\"https:\/\/www.suno.com.br\/noticias\/#\/schema\/logo\/image\/\",\"url\":\"https:\/\/files.sunoresearch.com.br\/n\/uploads\/2021\/09\/suno-logo.png\",\"contentUrl\":\"https:\/\/files.sunoresearch.com.br\/n\/uploads\/2021\/09\/suno-logo.png\",\"width\":180,\"height\":180,\"caption\":\"Suno Not\u00edcias\"},\"image\":{\"@id\":\"https:\/\/www.suno.com.br\/noticias\/#\/schema\/logo\/image\/\"},\"sameAs\":[\"https:\/\/facebook.com\/sunoresearch\",\"https:\/\/x.com\/sunoresearch\",\"https:\/\/www.instagram.com\/suno\",\"https:\/\/www.linkedin.com\/company\/suno-research\/\",\"https:\/\/www.youtube.com\/c\/sunoresearch\"]},{\"@type\":\"Person\",\"@id\":\"https:\/\/www.suno.com.br\/noticias\/#\/schema\/person\/46d847cb19ad53fde0857adca989c23f\",\"name\":\"Vict\u00f3ria Anhesini\",\"image\":{\"@type\":\"ImageObject\",\"inLanguage\":\"pt-BR\",\"@id\":\"https:\/\/www.suno.com.br\/noticias\/#\/schema\/person\/image\/\",\"url\":\"https:\/\/secure.gravatar.com\/avatar\/0172bdfcd9129dd9dd68794804304e6e?s=96&r=g\",\"contentUrl\":\"https:\/\/secure.gravatar.com\/avatar\/0172bdfcd9129dd9dd68794804304e6e?s=96&r=g\",\"caption\":\"Vict\u00f3ria Anhesini\"},\"description\":\"Rep\u00f3rter no Suno Not\u00edcias, cobre mercados, neg\u00f3cios e economia, escrevendo majoritariamente sobre movimentos das empresas, cobertura de balan\u00e7os trimestrais e Bolsa de Valores. Formada em jornalismo pela Universidade Presbiteriana Mackenzie em 2019, passou pelo portal de economia e finan\u00e7as EuQueroInvestir como rep\u00f3rter e anteriormente, trabalhou na assessoria de imprensa PinePR, onde liderou com startups de inova\u00e7\u00e3o, tecnologia e finan\u00e7as. Em seu tempo livre, fala sobre m\u00fasica para ambos os sites do selo ForMusic, Wikimetal e Mad Sound, e faz trabalho volunt\u00e1rio no programa Escreve Cartas do Poupatempo.\",\"sameAs\":[\"https:\/\/www.linkedin.com\/in\/victoria-anhesini\/\"],\"url\":\"https:\/\/www.suno.com.br\/noticias\/author\/victoria\/\"}]}<\/script>\n<!-- \/ Yoast SEO plugin. -->","yoast_head_json":{"title":"A\u00e7\u00e3o da Porto (PSSA3) est\u00e1 descontada; Banco Safra eleva pre\u00e7o alvo","description":"O Banco Safra atualizou seu modelo de investimentos para a Porto (PSSA3) e elevou o pre\u00e7o alvo para R$ 32, contra R$ 28 anteriormente.","robots":{"index":"index","follow":"follow","max-snippet":"max-snippet:-1","max-image-preview":"max-image-preview:large","max-video-preview":"max-video-preview:-1"},"canonical":"https:\/\/www.suno.com.br\/noticias\/porto-pssa3-acao-descontada-banco-safra-preco\/","og_locale":"pt_BR","og_type":"article","og_title":"A\u00e7\u00e3o da Porto (PSSA3) est\u00e1 descontada; Banco Safra eleva pre\u00e7o alvo","og_description":"O Banco Safra atualizou seu modelo de investimentos para a Porto (PSSA3) e elevou o pre\u00e7o alvo para R$ 32, contra R$ 28 anteriormente.","og_url":"https:\/\/www.suno.com.br\/noticias\/porto-pssa3-acao-descontada-banco-safra-preco\/","og_site_name":"Suno Not\u00edcias","article_publisher":"https:\/\/facebook.com\/sunoresearch","og_image":[{"width":1272,"height":748,"url":"https:\/\/files.sunoresearch.com.br\/n\/uploads\/2021\/07\/4ffc377a-porto-seguro-divulgacao-e1627385621395.jpg","type":"image\/jpeg"}],"author":"Vict\u00f3ria Anhesini","twitter_card":"summary_large_image","twitter_creator":"@sunoresearch","twitter_site":"@sunoresearch","twitter_misc":{"Escrito por":"Vict\u00f3ria Anhesini","Est. tempo de leitura":"3 minutos"},"schema":{"@context":"https:\/\/schema.org","@graph":[{"@type":"NewsArticle","@id":"https:\/\/www.suno.com.br\/noticias\/porto-pssa3-acao-descontada-banco-safra-preco\/#article","isPartOf":{"@id":"https:\/\/www.suno.com.br\/noticias\/porto-pssa3-acao-descontada-banco-safra-preco\/"},"author":{"name":"Vict\u00f3ria Anhesini","@id":"https:\/\/www.suno.com.br\/noticias\/#\/schema\/person\/46d847cb19ad53fde0857adca989c23f"},"headline":"A\u00e7\u00e3o da Porto (PSSA3) est\u00e1 descontada; Banco Safra eleva pre\u00e7o alvo","datePublished":"2022-09-17T20:25:49+00:00","mainEntityOfPage":{"@id":"https:\/\/www.suno.com.br\/noticias\/porto-pssa3-acao-descontada-banco-safra-preco\/"},"wordCount":548,"publisher":{"@id":"https:\/\/www.suno.com.br\/noticias\/#organization"},"image":{"@id":"https:\/\/www.suno.com.br\/noticias\/porto-pssa3-acao-descontada-banco-safra-preco\/#primaryimage"},"thumbnailUrl":"https:\/\/files.sunoresearch.com.br\/n\/uploads\/2021\/07\/4ffc377a-porto-seguro-divulgacao-e1627385621395.jpg","keywords":["Banco Safra","Especialistas","Porto Seguro (PSSA3)"],"articleSection":["Neg\u00f3cios"],"inLanguage":"pt-BR"},{"@type":"WebPage","@id":"https:\/\/www.suno.com.br\/noticias\/porto-pssa3-acao-descontada-banco-safra-preco\/","url":"https:\/\/www.suno.com.br\/noticias\/porto-pssa3-acao-descontada-banco-safra-preco\/","name":"A\u00e7\u00e3o da Porto (PSSA3) est\u00e1 descontada; Banco Safra eleva pre\u00e7o alvo","isPartOf":{"@id":"https:\/\/www.suno.com.br\/noticias\/#website"},"primaryImageOfPage":{"@id":"https:\/\/www.suno.com.br\/noticias\/porto-pssa3-acao-descontada-banco-safra-preco\/#primaryimage"},"image":{"@id":"https:\/\/www.suno.com.br\/noticias\/porto-pssa3-acao-descontada-banco-safra-preco\/#primaryimage"},"thumbnailUrl":"https:\/\/files.sunoresearch.com.br\/n\/uploads\/2021\/07\/4ffc377a-porto-seguro-divulgacao-e1627385621395.jpg","datePublished":"2022-09-17T20:25:49+00:00","description":"O Banco Safra atualizou seu modelo de investimentos para a Porto (PSSA3) e elevou o pre\u00e7o alvo para R$ 32, contra R$ 28 anteriormente.","breadcrumb":{"@id":"https:\/\/www.suno.com.br\/noticias\/porto-pssa3-acao-descontada-banco-safra-preco\/#breadcrumb"},"inLanguage":"pt-BR","potentialAction":[{"@type":"ReadAction","target":["https:\/\/www.suno.com.br\/noticias\/porto-pssa3-acao-descontada-banco-safra-preco\/"]}]},{"@type":"ImageObject","inLanguage":"pt-BR","@id":"https:\/\/www.suno.com.br\/noticias\/porto-pssa3-acao-descontada-banco-safra-preco\/#primaryimage","url":"https:\/\/files.sunoresearch.com.br\/n\/uploads\/2021\/07\/4ffc377a-porto-seguro-divulgacao-e1627385621395.jpg","contentUrl":"https:\/\/files.sunoresearch.com.br\/n\/uploads\/2021\/07\/4ffc377a-porto-seguro-divulgacao-e1627385621395.jpg","width":1272,"height":748,"caption":"Porto Seguro. Foto: Divulga\u00e7\u00e3o"},{"@type":"BreadcrumbList","@id":"https:\/\/www.suno.com.br\/noticias\/porto-pssa3-acao-descontada-banco-safra-preco\/#breadcrumb","itemListElement":[{"@type":"ListItem","position":1,"name":"Not\u00edcias","item":"https:\/\/www.suno.com.br\/noticias\/"},{"@type":"ListItem","position":2,"name":"Neg\u00f3cios","item":"https:\/\/www.suno.com.br\/noticias\/negocios\/"},{"@type":"ListItem","position":3,"name":"A\u00e7\u00e3o da Porto (PSSA3) est\u00e1 descontada; Banco Safra eleva pre\u00e7o alvo"}]},{"@type":"WebSite","@id":"https:\/\/www.suno.com.br\/noticias\/#website","url":"https:\/\/www.suno.com.br\/noticias\/","name":"Suno Not\u00edcias","description":"Seu portal de informa\u00e7\u00e3o sobre o mundo dos investimentos","publisher":{"@id":"https:\/\/www.suno.com.br\/noticias\/#organization"},"potentialAction":[{"@type":"SearchAction","target":{"@type":"EntryPoint","urlTemplate":"https:\/\/www.suno.com.br\/noticias\/?s={search_term_string}"},"query-input":{"@type":"PropertyValueSpecification","valueRequired":true,"valueName":"search_term_string"}}],"inLanguage":"pt-BR"},{"@type":"Organization","@id":"https:\/\/www.suno.com.br\/noticias\/#organization","name":"Suno Not\u00edcias","url":"https:\/\/www.suno.com.br\/noticias\/","logo":{"@type":"ImageObject","inLanguage":"pt-BR","@id":"https:\/\/www.suno.com.br\/noticias\/#\/schema\/logo\/image\/","url":"https:\/\/files.sunoresearch.com.br\/n\/uploads\/2021\/09\/suno-logo.png","contentUrl":"https:\/\/files.sunoresearch.com.br\/n\/uploads\/2021\/09\/suno-logo.png","width":180,"height":180,"caption":"Suno Not\u00edcias"},"image":{"@id":"https:\/\/www.suno.com.br\/noticias\/#\/schema\/logo\/image\/"},"sameAs":["https:\/\/facebook.com\/sunoresearch","https:\/\/x.com\/sunoresearch","https:\/\/www.instagram.com\/suno","https:\/\/www.linkedin.com\/company\/suno-research\/","https:\/\/www.youtube.com\/c\/sunoresearch"]},{"@type":"Person","@id":"https:\/\/www.suno.com.br\/noticias\/#\/schema\/person\/46d847cb19ad53fde0857adca989c23f","name":"Vict\u00f3ria Anhesini","image":{"@type":"ImageObject","inLanguage":"pt-BR","@id":"https:\/\/www.suno.com.br\/noticias\/#\/schema\/person\/image\/","url":"https:\/\/secure.gravatar.com\/avatar\/0172bdfcd9129dd9dd68794804304e6e?s=96&r=g","contentUrl":"https:\/\/secure.gravatar.com\/avatar\/0172bdfcd9129dd9dd68794804304e6e?s=96&r=g","caption":"Vict\u00f3ria Anhesini"},"description":"Rep\u00f3rter no Suno Not\u00edcias, cobre mercados, neg\u00f3cios e economia, escrevendo majoritariamente sobre movimentos das empresas, cobertura de balan\u00e7os trimestrais e Bolsa de Valores. Formada em jornalismo pela Universidade Presbiteriana Mackenzie em 2019, passou pelo portal de economia e finan\u00e7as EuQueroInvestir como rep\u00f3rter e anteriormente, trabalhou na assessoria de imprensa PinePR, onde liderou com startups de inova\u00e7\u00e3o, tecnologia e finan\u00e7as. Em seu tempo livre, fala sobre m\u00fasica para ambos os sites do selo ForMusic, Wikimetal e Mad Sound, e faz trabalho volunt\u00e1rio no programa Escreve Cartas do Poupatempo.","sameAs":["https:\/\/www.linkedin.com\/in\/victoria-anhesini\/"],"url":"https:\/\/www.suno.com.br\/noticias\/author\/victoria\/"}]}},"default_loop_html":"<div class=\"cardsPage__listCard__boxs\"><div class=\"cardsPage__listCard__boxs__img\"><a href=\"https:\/\/www.suno.com.br\/noticias\/porto-pssa3-acao-descontada-banco-safra-preco\/\"><img class=\"mask\" src=\"https:\/\/www.suno.com.br\/noticias\/wp-content\/themes\/suno\/resources\/images\/spotlight\/spotlight1img\/bg-mask.png\" alt=\"Image Mask\"\/><img src=\"https:\/\/files.sunoresearch.com.br\/n\/uploads\/2021\/07\/4ffc377a-porto-seguro-divulgacao-e1627385621395-400x200.jpg\" alt=\"A\u00e7\u00e3o da Porto (PSSA3) est\u00e1 descontada; Banco Safra eleva pre\u00e7o alvo\"\/><\/a><span class=\"spotlightCategory\"><a href=\"https:\/\/www.suno.com.br\/noticias\/negocios\/\">Neg\u00f3cios<\/a><\/span><\/div><div class=\"cardsPage__listCard__boxs__content\"><a href=\"https:\/\/www.suno.com.br\/noticias\/porto-pssa3-acao-descontada-banco-safra-preco\/\"><h2 class=\"content__title\">A\u00e7\u00e3o da Porto (PSSA3) est\u00e1 descontada; Banco Safra eleva pre\u00e7o alvo<\/h2><\/a><div class=\"newsContent__article__meta\"><div class=\"newsContent__article__meta__authorBox\"><a href=\"https:\/\/www.suno.com.br\/noticias\/author\/victoria\/\" class=\"authorBox__avatar noMobi\"><img src=\"https:\/\/files.sunoresearch.com.br\/n\/uploads\/2021\/12\/20190129VickyPINEAPPLE01-1-150x150.jpg\" alt=\"Vict\u00f3ria Anhesini\"><\/a><div class=\"authorBox__name\"><span>por\n\t\t\t<a href=\"https:\/\/www.suno.com.br\/noticias\/author\/victoria\/\"><span itemprop=\"author\">Vict\u00f3ria Anhesini<\/span><\/a><\/span><time datetime=\"2022-09-17T17:25:49-03:00\" itemprop=\"datePublished\">17\/09\/2022 17:25<\/time><\/div><\/div><\/div><\/div><\/div>","single_layout":"posts","amp_enabled":true,"_links":{"self":[{"href":"https:\/\/www.suno.com.br\/noticias\/wp-json\/wp\/v2\/posts\/298982"}],"collection":[{"href":"https:\/\/www.suno.com.br\/noticias\/wp-json\/wp\/v2\/posts"}],"about":[{"href":"https:\/\/www.suno.com.br\/noticias\/wp-json\/wp\/v2\/types\/post"}],"author":[{"embeddable":true,"href":"https:\/\/www.suno.com.br\/noticias\/wp-json\/wp\/v2\/users\/146"}],"replies":[{"embeddable":true,"href":"https:\/\/www.suno.com.br\/noticias\/wp-json\/wp\/v2\/comments?post=298982"}],"version-history":[{"count":1,"href":"https:\/\/www.suno.com.br\/noticias\/wp-json\/wp\/v2\/posts\/298982\/revisions"}],"predecessor-version":[{"id":298983,"href":"https:\/\/www.suno.com.br\/noticias\/wp-json\/wp\/v2\/posts\/298982\/revisions\/298983"}],"wp:featuredmedia":[{"embeddable":true,"href":"https:\/\/www.suno.com.br\/noticias\/wp-json\/wp\/v2\/media\/169666"}],"wp:attachment":[{"href":"https:\/\/www.suno.com.br\/noticias\/wp-json\/wp\/v2\/media?parent=298982"}],"wp:term":[{"taxonomy":"category","embeddable":true,"href":"https:\/\/www.suno.com.br\/noticias\/wp-json\/wp\/v2\/categories?post=298982"},{"taxonomy":"post_tag","embeddable":true,"href":"https:\/\/www.suno.com.br\/noticias\/wp-json\/wp\/v2\/tags?post=298982"},{"taxonomy":"suno_strategy","embeddable":true,"href":"https:\/\/www.suno.com.br\/noticias\/wp-json\/wp\/v2\/suno_strategy?post=298982"}],"curies":[{"name":"wp","href":"https:\/\/api.w.org\/{rel}","templated":true}]}}