{"id":298671,"date":"2022-09-16T19:05:31","date_gmt":"2022-09-16T22:05:31","guid":{"rendered":"https:\/\/www.suno.com.br\/noticias\/?p=298671"},"modified":"2022-09-16T19:10:32","modified_gmt":"2022-09-16T22:10:32","slug":"doadores-campanha-eleicoes-2022","status":"publish","type":"post","link":"https:\/\/www.suno.com.br\/noticias\/doadores-campanha-eleicoes-2022\/","title":{"rendered":"Elei\u00e7\u00f5es 2022: conhe\u00e7a os maiores doadores de campanha"},"content":{"rendered":"<p>Com as elei\u00e7\u00f5es de 2022 cada vez mais pr\u00f3ximas, aumentam os esfor\u00e7os de cada partido para conquistar eleitores. Muitos contam com a ajuda de doa\u00e7\u00f5es milion\u00e1rias. Veja agora quais s\u00e3o os <strong>doadores de campanhas eleitorais<\/strong> em 2022 de maior peso, segundo informa\u00e7\u00f5es do jornal Nexo.<\/p><div class=\"videoFull \">\n\t\t\t<div class=\"videoWrapper yt-lazyload center\"\n\t\t\t\tdata-width=\"960\"\n\t\t\t\tdata-height=\"540\"\n\t\t\t\tdata-id=\"Ph99RbVrwoA\"\n\t\t\t\tdata-alt=\"V\u00eddeo do YouTube - clique para reproduzir\"\n\t\t\t\tdata-logo=\"3\"\n\t\t\t\tdata-imagequality=\"maxres\">\n\t\t\t<\/div>\n\t\t<\/div><script type=\"application\/ld+json\">{\"@context\":\"https:\/\/schema.org\",\"@type\":\"VideoObject\",\"name\":\"Os maiores doadores da campanha eleitoral #shorts\",\"description\":\"#elei\u00e7\u00f5es2022 #lula #bolsonaro #cirogomes #pol\u00edtica #shorts #Not\u00edcias INSCREVA-SE NO CANAL E ATIVE O SINO \ud83d\udc49 https:\/\/bit.ly\/INSCREVA-SEATIVEOSINO \ud83d\udc47 \ud835\udc12\ud835\udc22\ud835\udc20\ud835\udc1a \ud835\udc27\ud835\udc28\ud835\udc2c\ud835\udc2c\ud835\udc1a\ud835\udc2c \ud835\udc2b\ud835\udc1e\ud835\udc1d\ud835\udc1e\ud835\udc2c \ud835\udc2c\ud835\udc28\ud835\udc1c\ud835\udc22\ud835\udc1a\ud835\udc22\ud835\udc2c: Portal Suno Not\u00edcias: https:\/\/www.suno.com.br\/noticias\/ Twitter: https:\/\/twitter.com\/sunonoticias Instagram: https:\/\/www.instagram.com\/sunonoticias\/ Telegram: https:\/\/t.me\/sunonoticias\",\"duration\":\"PT54S\",\"embedUrl\":\"https:\/\/www.youtube.com\/embed\/Ph99RbVrwoA\",\"regionsAllowed\":\"pt-BR\",\"interactionStatistic\":{\"@type\":\"InteractionCounter\",\"interactionType\":{\"@type\":\"WatchAction\"},\"userInteractionCount\":8072},\"thumbnailUrl\":\"https:\/\/i.ytimg.com\/vi\/Ph99RbVrwoA\/default.jpg\",\"uploadDate\":\"2022-09-15T15:56:40Z\"}<\/script>\n\n\t<p>\n\t\t<a href=\"\" target=\"_blank\" data-element=\"shortcode-suno-banner\" title=\"Banner SUNO, clique e saiba mais\">\n\t\t\t<picture>\n\t\t\t\t<source media=\"(max-width: 500px)\" srcset=\"\">\n\t\t\t\t<img class=\"newsContent__article__imgCapa newsContent__article__imgCapa--banner\"\n\t\t\t\t\tsrc=\"\"\n\t\t\t\t\tdata-promo-id=\"240038\"\t\t\t\t\t\t\t\t\t\t\t\t\t\t\talt=\"\"\n\t\t\t\t>\n\t\t\t<\/picture>\n\t\t<\/a>\n\t<\/p>\n\n\n<p>Marcos Erm\u00edrio de Moraes, herdeiro e s\u00f3cio da Votorantim, foi o empres\u00e1rio que mais doou no levantamento feito pela Nexo de 2022, at\u00e9 o dia 12 de setembro. Moraes doou mais de R$ 3 milh\u00f5es para os partidos, com mais da metade voltada para o MDB. Ele tamb\u00e9m \u00e9 candidato a 2\u00ba suplente de senador por Goi\u00e1s pelo PSDB.<\/p>\n<p>Os irm\u00e3os Jo\u00e3o e Walter Moreira Salles, antigos acionistas do <a class=\"suno-keyword\" href=\"https:\/\/www.suno.com.br\/acoes\/ITUB4\/\" target=\"_blank\" rel=\"noopener\" data-force=\"yes\" data-priority=\"2\">Ita\u00fa (ITUB4)<\/a> e hoje com participa\u00e7\u00e3o acion\u00e1ria na CBMM (Companhia Brasileira de Metal\u00fargica e Minera\u00e7\u00e3o), doaram juntos cerca de R$ 2 milh\u00f5es para o partido de Luiz In\u00e1cio<strong> Lula<\/strong> da Silva, o Partido dos Trabalhadores (<strong>PT<\/strong>). Tamb\u00e9m doaram para candidatos da coliga\u00e7\u00e3o de partidos que apoia Lula: PSOL, PC do B, Rede e PSB.<\/p>\n<p>Segundo o jornal, dois empres\u00e1rios doaram seus recursos para apenas um candidato cada. O produtor rural Oscar Cervi ofereceu cerca de R$ 1 milh\u00e3o para<strong> Jair Bolsonaro, <\/strong>do <strong>PL. <\/strong>Heitor Linden, da Beira-Rio, o terceiro que mais doou no ranking, doou cerca de R$ 2,5 milh\u00f5es destinados para Roberto Argenta, candidato a governador do Rio Grande do Sul pelo PSC.<\/p>\n<p>O agropecuarista Od\u00edlio Balbinotti foi outro que contribuiu diretamente para o presidente Jair Bolsonaro, com cerca de R$ 500 mil.<\/p>\n<p>No ranking da Nexo, <a class=\"suno-keyword\" href=\"https:\/\/www.suno.com.br\/tudo-sobre\/salim-mattar\/\" target=\"_blank\" rel=\"noopener\" data-force=\"no\" data-priority=\"2\">Salim Mattar<\/a>, presidente da <a class=\"suno-keyword\" href=\"https:\/\/www.suno.com.br\/acoes\/RENT3\/\" target=\"_blank\" rel=\"noopener\" data-force=\"yes\" data-priority=\"2\">Localiza (RENT3)<\/a> ocupa a segunda posi\u00e7\u00e3o, com mais de R$ 3 milh\u00f5es doados para campanhas. Deste total, mais de R$ 2 milh\u00f5es foram enviados para o Partido Novo.<\/p>\n<p>Quatorze empres\u00e1rios foram doadores de campanhas eleitorais que distribu\u00edram recursos acima de R$ 1 milh\u00e3o neste ano.<\/p>\n<p>Al\u00e9m disso,\u00a0Rubens Ometto, presidente do <a class=\"suno-keyword\" href=\"https:\/\/www.suno.com.br\/artigos\/conselho-administracao\/\" target=\"_blank\" rel=\"noopener\" data-force=\"no\" data-priority=\"1\">Conselho de Administra\u00e7\u00e3o<\/a> da <a class=\"suno-keyword\" href=\"https:\/\/www.suno.com.br\/acoes\/CSAN3\/\" target=\"_blank\" rel=\"noopener\" data-force=\"yes\" data-priority=\"2\">Cosan (CSAN3)<\/a>, <a class=\"suno-keyword\" href=\"https:\/\/www.suno.com.br\/acoes\/raiz4\/\" target=\"_blank\" rel=\"noopener\" data-force=\"yes\" data-priority=\"1\">Ra\u00edzen (RAIZ4)<\/a> e <a class=\"suno-keyword\" href=\"https:\/\/www.suno.com.br\/acoes\/CGAS5\/\" target=\"_blank\" rel=\"noopener\" data-force=\"yes\" data-priority=\"2\">Comg\u00e1s (CGAS5)<\/a>, Candido Bracher, ex-presidente do Ita\u00fa, Arm\u00ednio Fraga, s\u00f3cio fundador da G\u00e1vea Investimentos e Robert Lyra, presidente da Delta Sucroenergia, doaram para candidatos de diferentes partidos, principalmente para pol\u00edticos de direita e centro-direita.<\/p>\n\t<p>\n\t\t<a href=\"https:\/\/lp.suno.com.br\/planilha-controle-gastos\/\" target=\"_blank\" data-element=\"shortcode-suno-banner\" title=\"Banner SUNO, clique e saiba mais\">\n\t\t\t<picture>\n\t\t\t\t<source media=\"(max-width: 500px)\" srcset=\"https:\/\/files.sunoresearch.com.br\/n\/uploads\/2023\/03\/400x300-Planilha-controle-de-gastos.png\">\n\t\t\t\t<img class=\"newsContent__article__imgCapa newsContent__article__imgCapa--banner\"\n\t\t\t\t\tsrc=\"https:\/\/files.sunoresearch.com.br\/n\/uploads\/2023\/03\/1420x240-Planilha-controle-de-gastos.png\"\n\t\t\t\t\tdata-promo-id=\"101751\"\t\t\t\t\t\t\t\t\t\twidth='1420' height='240'\t\t\t\t\talt=\"https:\/\/files.sunoresearch.com.br\/n\/uploads\/2023\/03\/1420x240-Planilha-controle-de-gastos.png\"\n\t\t\t\t>\n\t\t\t<\/picture>\n\t\t<\/a>\n\t<\/p>\n\n\n<h2><strong>Abaixo, confira o ranking de doadores de campanhas eleitorais 2022:\u00a0<\/strong><\/h2>\n<figure id=\"attachment_298678\" aria-describedby=\"caption-attachment-298678\" style=\"width: 1080px\" class=\"wp-caption alignnone\"><img loading=\"lazy\" decoding=\"async\" class=\"wp-image-298678 size-full\" src=\"https:\/\/files.sunoresearch.com.br\/n\/uploads\/2022\/09\/nexo-eleicoes.jpg\" alt=\"Os maiores doadores da campanha eleitoral\" width=\"1080\" height=\"1080\" srcset=\"https:\/\/files.sunoresearch.com.br\/n\/uploads\/2022\/09\/nexo-eleicoes.jpg 1080w, https:\/\/files.sunoresearch.com.br\/n\/uploads\/2022\/09\/nexo-eleicoes-300x300.jpg 300w, https:\/\/files.sunoresearch.com.br\/n\/uploads\/2022\/09\/nexo-eleicoes-1024x1024.jpg 1024w, https:\/\/files.sunoresearch.com.br\/n\/uploads\/2022\/09\/nexo-eleicoes-150x150.jpg 150w, https:\/\/files.sunoresearch.com.br\/n\/uploads\/2022\/09\/nexo-eleicoes-768x768.jpg 768w, https:\/\/files.sunoresearch.com.br\/n\/uploads\/2022\/09\/nexo-eleicoes-96x96.jpg 96w\" sizes=\"(max-width: 1080px) 100vw, 1080px\" \/><figcaption id=\"caption-attachment-298678\" class=\"wp-caption-text\">Fonte: NexoJornal\/Twitter<\/figcaption><\/figure>\n<h2><strong>Guedes sobe o tom da campanha e diz que \u201cconservadores e liberais est\u00e3o juntos porque do outro lado tem o capeta\u201d<\/strong><\/h2>\n<p>Em eleva\u00e7\u00e3o do tom da campanha, o ministro da economia, Paulo Guedes disse que \u201cConservadores e liberais est\u00e3o juntos porque do outro lado tem o capeta, o caminho da mis\u00e9ria\u201d.<\/p>\n<p>A fala de Guedes se deu em encontro com empres\u00e1rios na Associa\u00e7\u00e3o Comercial do Rio de Janeiro (ACRJ).<\/p>\n<p>A todo instante o ministro interrompia suas an\u00e1lises para elogiar o governo e criticar, sem men\u00e7\u00f5es diretas, a candidatura do ex-presidente Lula (PT), que lidera as pesquisas de inten\u00e7\u00e3o de voto.<\/p>\n<p>\u201cQualquer brasileiro sabe qual \u00e9 o nosso plano. Ningu\u00e9m sabe qual \u00e9 o (plano) do outro lado\u201d, disse, arrancando aplausos da plateia de empres\u00e1rios.<\/p>\n\t<p>\n\t\t<a href=\"https:\/\/lp.suno.com.br\/planilha-da-vida-financeira\/\" target=\"_blank\" data-element=\"shortcode-suno-banner\" title=\"Banner SUNO, clique e saiba mais\">\n\t\t\t<picture>\n\t\t\t\t<source media=\"(max-width: 500px)\" srcset=\"https:\/\/files.sunoresearch.com.br\/n\/uploads\/2023\/04\/400x300-Planilha-vida-financeira-true.png\">\n\t\t\t\t<img class=\"newsContent__article__imgCapa newsContent__article__imgCapa--banner\"\n\t\t\t\t\tsrc=\"https:\/\/files.sunoresearch.com.br\/n\/uploads\/2023\/04\/1420x240-Planilha-vida-financeira-true.png\"\n\t\t\t\t\tdata-promo-id=\"106682\"\t\t\t\t\t\t\t\t\t\twidth='1420' height='240'\t\t\t\t\talt=\"https:\/\/files.sunoresearch.com.br\/n\/uploads\/2023\/04\/1420x240-Planilha-vida-financeira-true.png\"\n\t\t\t\t>\n\t\t\t<\/picture>\n\t\t<\/a>\n\t<\/p>\n\n\n","protected":false},"excerpt":{"rendered":"<p>Com as elei\u00e7\u00f5es de 2022 cada vez mais pr\u00f3ximas, aumentam os esfor\u00e7os de cada partido para conquistar eleitores. Muitos contam com a ajuda de doa\u00e7\u00f5es milion\u00e1rias. Veja agora quais s\u00e3o os doadores de campanhas eleitorais em 2022 de maior peso, segundo informa\u00e7\u00f5es do jornal Nexo. Marcos Erm\u00edrio de Moraes, herdeiro e s\u00f3cio da Votorantim, foi [&hellip;]<\/p>\n","protected":false},"author":195,"featured_media":278202,"comment_status":"closed","ping_status":"closed","sticky":false,"template":"","format":"standard","meta":[],"categories":[61],"tags":[697],"suno_strategy":[],"class_list":["post-298671","post","type-post","status-publish","format-standard","has-post-thumbnail","hentry","category-politica","tag-eleicoes"],"yoast_head":"<!-- This site is optimized with the Yoast SEO plugin v24.4 - https:\/\/yoast.com\/wordpress\/plugins\/seo\/ -->\n<title>Elei\u00e7\u00f5es 2022: conhe\u00e7a os maiores doadores de campanha<\/title>\n<meta name=\"description\" content=\"Confira os empres\u00e1rios que s\u00e3o os doadores de campanhas eleitorais em 2022 de maior peso, com recursos acima de R$ 1 milh\u00e3o.\" \/>\n<meta name=\"robots\" content=\"index, follow, max-snippet:-1, max-image-preview:large, max-video-preview:-1\" \/>\n<link rel=\"canonical\" href=\"https:\/\/www.suno.com.br\/noticias\/doadores-campanha-eleicoes-2022\/\" \/>\n<meta property=\"og:locale\" content=\"pt_BR\" \/>\n<meta property=\"og:type\" content=\"article\" \/>\n<meta property=\"og:title\" content=\"Elei\u00e7\u00f5es 2022: conhe\u00e7a os maiores doadores de campanha\" \/>\n<meta property=\"og:description\" content=\"Confira os empres\u00e1rios que s\u00e3o os doadores de campanhas eleitorais em 2022 de maior peso, com recursos acima de R$ 1 milh\u00e3o.\" \/>\n<meta property=\"og:url\" content=\"https:\/\/www.suno.com.br\/noticias\/doadores-campanha-eleicoes-2022\/\" \/>\n<meta property=\"og:site_name\" content=\"Suno Not\u00edcias\" \/>\n<meta property=\"article:publisher\" content=\"https:\/\/facebook.com\/sunoresearch\" \/>\n<meta property=\"og:image\" content=\"https:\/\/files.sunoresearch.com.br\/n\/uploads\/2022\/07\/Bolsonaro.jpg\" \/>\n\t<meta property=\"og:image:width\" content=\"1350\" \/>\n\t<meta property=\"og:image:height\" content=\"808\" \/>\n\t<meta property=\"og:image:type\" content=\"image\/jpeg\" \/>\n<meta name=\"author\" content=\"Ana Clara Macedo\" \/>\n<meta name=\"twitter:card\" content=\"summary_large_image\" \/>\n<meta name=\"twitter:creator\" content=\"@sunoresearch\" \/>\n<meta name=\"twitter:site\" content=\"@sunoresearch\" \/>\n<meta name=\"twitter:label1\" content=\"Escrito por\" \/>\n\t<meta name=\"twitter:data1\" content=\"Ana Clara Macedo\" \/>\n\t<meta name=\"twitter:label2\" content=\"Est. tempo de leitura\" \/>\n\t<meta name=\"twitter:data2\" content=\"3 minutos\" \/>\n<script type=\"application\/ld+json\" class=\"yoast-schema-graph\">{\"@context\":\"https:\/\/schema.org\",\"@graph\":[{\"@type\":\"NewsArticle\",\"@id\":\"https:\/\/www.suno.com.br\/noticias\/doadores-campanha-eleicoes-2022\/#article\",\"isPartOf\":{\"@id\":\"https:\/\/www.suno.com.br\/noticias\/doadores-campanha-eleicoes-2022\/\"},\"author\":{\"name\":\"Ana Clara Macedo\",\"@id\":\"https:\/\/www.suno.com.br\/noticias\/#\/schema\/person\/a70f3c52ef8c814d62ed63b30bb30176\"},\"headline\":\"Elei\u00e7\u00f5es 2022: conhe\u00e7a os maiores doadores de campanha\",\"datePublished\":\"2022-09-16T22:05:31+00:00\",\"dateModified\":\"2022-09-16T22:10:32+00:00\",\"mainEntityOfPage\":{\"@id\":\"https:\/\/www.suno.com.br\/noticias\/doadores-campanha-eleicoes-2022\/\"},\"wordCount\":547,\"publisher\":{\"@id\":\"https:\/\/www.suno.com.br\/noticias\/#organization\"},\"image\":{\"@id\":\"https:\/\/www.suno.com.br\/noticias\/doadores-campanha-eleicoes-2022\/#primaryimage\"},\"thumbnailUrl\":\"https:\/\/files.sunoresearch.com.br\/n\/uploads\/2022\/07\/Bolsonaro.jpg\",\"keywords\":[\"Elei\u00e7\u00f5es\"],\"articleSection\":[\"Pol\u00edtica\"],\"inLanguage\":\"pt-BR\"},{\"@type\":\"WebPage\",\"@id\":\"https:\/\/www.suno.com.br\/noticias\/doadores-campanha-eleicoes-2022\/\",\"url\":\"https:\/\/www.suno.com.br\/noticias\/doadores-campanha-eleicoes-2022\/\",\"name\":\"Elei\u00e7\u00f5es 2022: conhe\u00e7a os maiores doadores de campanha\",\"isPartOf\":{\"@id\":\"https:\/\/www.suno.com.br\/noticias\/#website\"},\"primaryImageOfPage\":{\"@id\":\"https:\/\/www.suno.com.br\/noticias\/doadores-campanha-eleicoes-2022\/#primaryimage\"},\"image\":{\"@id\":\"https:\/\/www.suno.com.br\/noticias\/doadores-campanha-eleicoes-2022\/#primaryimage\"},\"thumbnailUrl\":\"https:\/\/files.sunoresearch.com.br\/n\/uploads\/2022\/07\/Bolsonaro.jpg\",\"datePublished\":\"2022-09-16T22:05:31+00:00\",\"dateModified\":\"2022-09-16T22:10:32+00:00\",\"description\":\"Confira os empres\u00e1rios que s\u00e3o os doadores de campanhas eleitorais em 2022 de maior peso, com recursos acima de R$ 1 milh\u00e3o.\",\"breadcrumb\":{\"@id\":\"https:\/\/www.suno.com.br\/noticias\/doadores-campanha-eleicoes-2022\/#breadcrumb\"},\"inLanguage\":\"pt-BR\",\"potentialAction\":[{\"@type\":\"ReadAction\",\"target\":[\"https:\/\/www.suno.com.br\/noticias\/doadores-campanha-eleicoes-2022\/\"]}]},{\"@type\":\"ImageObject\",\"inLanguage\":\"pt-BR\",\"@id\":\"https:\/\/www.suno.com.br\/noticias\/doadores-campanha-eleicoes-2022\/#primaryimage\",\"url\":\"https:\/\/files.sunoresearch.com.br\/n\/uploads\/2022\/07\/Bolsonaro.jpg\",\"contentUrl\":\"https:\/\/files.sunoresearch.com.br\/n\/uploads\/2022\/07\/Bolsonaro.jpg\",\"width\":1350,\"height\":808,\"caption\":\"Bolsonaro voltou a defender a taxa\u00e7\u00e3o de dividendos. Foto: Tomaz Silva\/Ag\u00eancia Brasil\"},{\"@type\":\"BreadcrumbList\",\"@id\":\"https:\/\/www.suno.com.br\/noticias\/doadores-campanha-eleicoes-2022\/#breadcrumb\",\"itemListElement\":[{\"@type\":\"ListItem\",\"position\":1,\"name\":\"Not\u00edcias\",\"item\":\"https:\/\/www.suno.com.br\/noticias\/\"},{\"@type\":\"ListItem\",\"position\":2,\"name\":\"Pol\u00edtica\",\"item\":\"https:\/\/www.suno.com.br\/noticias\/politica\/\"},{\"@type\":\"ListItem\",\"position\":3,\"name\":\"Elei\u00e7\u00f5es 2022: conhe\u00e7a os maiores doadores de campanha\"}]},{\"@type\":\"WebSite\",\"@id\":\"https:\/\/www.suno.com.br\/noticias\/#website\",\"url\":\"https:\/\/www.suno.com.br\/noticias\/\",\"name\":\"Suno Not\u00edcias\",\"description\":\"Seu portal de informa\u00e7\u00e3o sobre o mundo dos investimentos\",\"publisher\":{\"@id\":\"https:\/\/www.suno.com.br\/noticias\/#organization\"},\"potentialAction\":[{\"@type\":\"SearchAction\",\"target\":{\"@type\":\"EntryPoint\",\"urlTemplate\":\"https:\/\/www.suno.com.br\/noticias\/?s={search_term_string}\"},\"query-input\":{\"@type\":\"PropertyValueSpecification\",\"valueRequired\":true,\"valueName\":\"search_term_string\"}}],\"inLanguage\":\"pt-BR\"},{\"@type\":\"Organization\",\"@id\":\"https:\/\/www.suno.com.br\/noticias\/#organization\",\"name\":\"Suno Not\u00edcias\",\"url\":\"https:\/\/www.suno.com.br\/noticias\/\",\"logo\":{\"@type\":\"ImageObject\",\"inLanguage\":\"pt-BR\",\"@id\":\"https:\/\/www.suno.com.br\/noticias\/#\/schema\/logo\/image\/\",\"url\":\"https:\/\/files.sunoresearch.com.br\/n\/uploads\/2021\/09\/suno-logo.png\",\"contentUrl\":\"https:\/\/files.sunoresearch.com.br\/n\/uploads\/2021\/09\/suno-logo.png\",\"width\":180,\"height\":180,\"caption\":\"Suno Not\u00edcias\"},\"image\":{\"@id\":\"https:\/\/www.suno.com.br\/noticias\/#\/schema\/logo\/image\/\"},\"sameAs\":[\"https:\/\/facebook.com\/sunoresearch\",\"https:\/\/x.com\/sunoresearch\",\"https:\/\/www.instagram.com\/suno\",\"https:\/\/www.linkedin.com\/company\/suno-research\/\",\"https:\/\/www.youtube.com\/c\/sunoresearch\"]},{\"@type\":\"Person\",\"@id\":\"https:\/\/www.suno.com.br\/noticias\/#\/schema\/person\/a70f3c52ef8c814d62ed63b30bb30176\",\"name\":\"Ana Clara Macedo\",\"image\":{\"@type\":\"ImageObject\",\"inLanguage\":\"pt-BR\",\"@id\":\"https:\/\/www.suno.com.br\/noticias\/#\/schema\/person\/image\/\",\"url\":\"https:\/\/secure.gravatar.com\/avatar\/40810da86786bd5619f8cd594b0f44ef?s=96&r=g\",\"contentUrl\":\"https:\/\/secure.gravatar.com\/avatar\/40810da86786bd5619f8cd594b0f44ef?s=96&r=g\",\"caption\":\"Ana Clara Macedo\"},\"description\":\"Rep\u00f3rter no Suno Not\u00edcias, cobrindo acontecimentos sobre neg\u00f3cios, mercado financeiro e economia. Anteriormente trabalhou como Rep\u00f3rter no Mercado News e produziu relat\u00f3rios e artigos sobre empresas de capital aberto.\",\"url\":\"https:\/\/www.suno.com.br\/noticias\/author\/ana-clara-macedo\/\"}]}<\/script>\n<!-- \/ Yoast SEO plugin. -->","yoast_head_json":{"title":"Elei\u00e7\u00f5es 2022: conhe\u00e7a os maiores doadores de campanha","description":"Confira os empres\u00e1rios que s\u00e3o os doadores de campanhas eleitorais em 2022 de maior peso, com recursos acima de R$ 1 milh\u00e3o.","robots":{"index":"index","follow":"follow","max-snippet":"max-snippet:-1","max-image-preview":"max-image-preview:large","max-video-preview":"max-video-preview:-1"},"canonical":"https:\/\/www.suno.com.br\/noticias\/doadores-campanha-eleicoes-2022\/","og_locale":"pt_BR","og_type":"article","og_title":"Elei\u00e7\u00f5es 2022: conhe\u00e7a os maiores doadores de campanha","og_description":"Confira os empres\u00e1rios que s\u00e3o os doadores de campanhas eleitorais em 2022 de maior peso, com recursos acima de R$ 1 milh\u00e3o.","og_url":"https:\/\/www.suno.com.br\/noticias\/doadores-campanha-eleicoes-2022\/","og_site_name":"Suno Not\u00edcias","article_publisher":"https:\/\/facebook.com\/sunoresearch","og_image":[{"width":1350,"height":808,"url":"https:\/\/files.sunoresearch.com.br\/n\/uploads\/2022\/07\/Bolsonaro.jpg","type":"image\/jpeg"}],"author":"Ana Clara Macedo","twitter_card":"summary_large_image","twitter_creator":"@sunoresearch","twitter_site":"@sunoresearch","twitter_misc":{"Escrito por":"Ana Clara Macedo","Est. tempo de leitura":"3 minutos"},"schema":{"@context":"https:\/\/schema.org","@graph":[{"@type":"NewsArticle","@id":"https:\/\/www.suno.com.br\/noticias\/doadores-campanha-eleicoes-2022\/#article","isPartOf":{"@id":"https:\/\/www.suno.com.br\/noticias\/doadores-campanha-eleicoes-2022\/"},"author":{"name":"Ana Clara Macedo","@id":"https:\/\/www.suno.com.br\/noticias\/#\/schema\/person\/a70f3c52ef8c814d62ed63b30bb30176"},"headline":"Elei\u00e7\u00f5es 2022: conhe\u00e7a os maiores doadores de campanha","datePublished":"2022-09-16T22:05:31+00:00","dateModified":"2022-09-16T22:10:32+00:00","mainEntityOfPage":{"@id":"https:\/\/www.suno.com.br\/noticias\/doadores-campanha-eleicoes-2022\/"},"wordCount":547,"publisher":{"@id":"https:\/\/www.suno.com.br\/noticias\/#organization"},"image":{"@id":"https:\/\/www.suno.com.br\/noticias\/doadores-campanha-eleicoes-2022\/#primaryimage"},"thumbnailUrl":"https:\/\/files.sunoresearch.com.br\/n\/uploads\/2022\/07\/Bolsonaro.jpg","keywords":["Elei\u00e7\u00f5es"],"articleSection":["Pol\u00edtica"],"inLanguage":"pt-BR"},{"@type":"WebPage","@id":"https:\/\/www.suno.com.br\/noticias\/doadores-campanha-eleicoes-2022\/","url":"https:\/\/www.suno.com.br\/noticias\/doadores-campanha-eleicoes-2022\/","name":"Elei\u00e7\u00f5es 2022: conhe\u00e7a os maiores doadores de campanha","isPartOf":{"@id":"https:\/\/www.suno.com.br\/noticias\/#website"},"primaryImageOfPage":{"@id":"https:\/\/www.suno.com.br\/noticias\/doadores-campanha-eleicoes-2022\/#primaryimage"},"image":{"@id":"https:\/\/www.suno.com.br\/noticias\/doadores-campanha-eleicoes-2022\/#primaryimage"},"thumbnailUrl":"https:\/\/files.sunoresearch.com.br\/n\/uploads\/2022\/07\/Bolsonaro.jpg","datePublished":"2022-09-16T22:05:31+00:00","dateModified":"2022-09-16T22:10:32+00:00","description":"Confira os empres\u00e1rios que s\u00e3o os doadores de campanhas eleitorais em 2022 de maior peso, com recursos acima de R$ 1 milh\u00e3o.","breadcrumb":{"@id":"https:\/\/www.suno.com.br\/noticias\/doadores-campanha-eleicoes-2022\/#breadcrumb"},"inLanguage":"pt-BR","potentialAction":[{"@type":"ReadAction","target":["https:\/\/www.suno.com.br\/noticias\/doadores-campanha-eleicoes-2022\/"]}]},{"@type":"ImageObject","inLanguage":"pt-BR","@id":"https:\/\/www.suno.com.br\/noticias\/doadores-campanha-eleicoes-2022\/#primaryimage","url":"https:\/\/files.sunoresearch.com.br\/n\/uploads\/2022\/07\/Bolsonaro.jpg","contentUrl":"https:\/\/files.sunoresearch.com.br\/n\/uploads\/2022\/07\/Bolsonaro.jpg","width":1350,"height":808,"caption":"Bolsonaro voltou a defender a taxa\u00e7\u00e3o de dividendos. Foto: Tomaz Silva\/Ag\u00eancia Brasil"},{"@type":"BreadcrumbList","@id":"https:\/\/www.suno.com.br\/noticias\/doadores-campanha-eleicoes-2022\/#breadcrumb","itemListElement":[{"@type":"ListItem","position":1,"name":"Not\u00edcias","item":"https:\/\/www.suno.com.br\/noticias\/"},{"@type":"ListItem","position":2,"name":"Pol\u00edtica","item":"https:\/\/www.suno.com.br\/noticias\/politica\/"},{"@type":"ListItem","position":3,"name":"Elei\u00e7\u00f5es 2022: conhe\u00e7a os maiores doadores de campanha"}]},{"@type":"WebSite","@id":"https:\/\/www.suno.com.br\/noticias\/#website","url":"https:\/\/www.suno.com.br\/noticias\/","name":"Suno Not\u00edcias","description":"Seu portal de informa\u00e7\u00e3o sobre o mundo dos investimentos","publisher":{"@id":"https:\/\/www.suno.com.br\/noticias\/#organization"},"potentialAction":[{"@type":"SearchAction","target":{"@type":"EntryPoint","urlTemplate":"https:\/\/www.suno.com.br\/noticias\/?s={search_term_string}"},"query-input":{"@type":"PropertyValueSpecification","valueRequired":true,"valueName":"search_term_string"}}],"inLanguage":"pt-BR"},{"@type":"Organization","@id":"https:\/\/www.suno.com.br\/noticias\/#organization","name":"Suno Not\u00edcias","url":"https:\/\/www.suno.com.br\/noticias\/","logo":{"@type":"ImageObject","inLanguage":"pt-BR","@id":"https:\/\/www.suno.com.br\/noticias\/#\/schema\/logo\/image\/","url":"https:\/\/files.sunoresearch.com.br\/n\/uploads\/2021\/09\/suno-logo.png","contentUrl":"https:\/\/files.sunoresearch.com.br\/n\/uploads\/2021\/09\/suno-logo.png","width":180,"height":180,"caption":"Suno Not\u00edcias"},"image":{"@id":"https:\/\/www.suno.com.br\/noticias\/#\/schema\/logo\/image\/"},"sameAs":["https:\/\/facebook.com\/sunoresearch","https:\/\/x.com\/sunoresearch","https:\/\/www.instagram.com\/suno","https:\/\/www.linkedin.com\/company\/suno-research\/","https:\/\/www.youtube.com\/c\/sunoresearch"]},{"@type":"Person","@id":"https:\/\/www.suno.com.br\/noticias\/#\/schema\/person\/a70f3c52ef8c814d62ed63b30bb30176","name":"Ana Clara Macedo","image":{"@type":"ImageObject","inLanguage":"pt-BR","@id":"https:\/\/www.suno.com.br\/noticias\/#\/schema\/person\/image\/","url":"https:\/\/secure.gravatar.com\/avatar\/40810da86786bd5619f8cd594b0f44ef?s=96&r=g","contentUrl":"https:\/\/secure.gravatar.com\/avatar\/40810da86786bd5619f8cd594b0f44ef?s=96&r=g","caption":"Ana Clara Macedo"},"description":"Rep\u00f3rter no Suno Not\u00edcias, cobrindo acontecimentos sobre neg\u00f3cios, mercado financeiro e economia. Anteriormente trabalhou como Rep\u00f3rter no Mercado News e produziu relat\u00f3rios e artigos sobre empresas de capital aberto.","url":"https:\/\/www.suno.com.br\/noticias\/author\/ana-clara-macedo\/"}]}},"default_loop_html":"<div class=\"cardsPage__listCard__boxs\"><div class=\"cardsPage__listCard__boxs__img\"><a href=\"https:\/\/www.suno.com.br\/noticias\/doadores-campanha-eleicoes-2022\/\"><img class=\"mask\" src=\"https:\/\/www.suno.com.br\/noticias\/wp-content\/themes\/suno\/resources\/images\/spotlight\/spotlight1img\/bg-mask.png\" alt=\"Image Mask\"\/><img src=\"https:\/\/files.sunoresearch.com.br\/n\/uploads\/2022\/07\/Bolsonaro-400x200.jpg\" alt=\"Elei\u00e7\u00f5es 2022: conhe\u00e7a os maiores doadores de campanha\"\/><\/a><span class=\"spotlightCategory\"><a href=\"https:\/\/www.suno.com.br\/noticias\/politica\/\">Pol\u00edtica<\/a><\/span><\/div><div class=\"cardsPage__listCard__boxs__content\"><a href=\"https:\/\/www.suno.com.br\/noticias\/doadores-campanha-eleicoes-2022\/\"><h2 class=\"content__title\">Elei\u00e7\u00f5es 2022: conhe\u00e7a os maiores doadores de campanha<\/h2><\/a><div class=\"newsContent__article__meta\"><div class=\"newsContent__article__meta__authorBox\"><a href=\"https:\/\/www.suno.com.br\/noticias\/author\/ana-clara-macedo\/\" class=\"authorBox__avatar noMobi\"><img src=\"https:\/\/secure.gravatar.com\/avatar\/40810da86786bd5619f8cd594b0f44ef?s=96&#038;r=g\" alt=\"Ana Clara Macedo\"><\/a><div class=\"authorBox__name\"><span>por\n\t\t\t<a href=\"https:\/\/www.suno.com.br\/noticias\/author\/ana-clara-macedo\/\"><span itemprop=\"author\">Ana Clara Macedo<\/span><\/a><\/span><time datetime=\"2022-09-16T19:05:31-03:00\" itemprop=\"datePublished\">16\/09\/2022 19:05<\/time><\/div><\/div><\/div><\/div><\/div>","single_layout":"posts","amp_enabled":true,"_links":{"self":[{"href":"https:\/\/www.suno.com.br\/noticias\/wp-json\/wp\/v2\/posts\/298671"}],"collection":[{"href":"https:\/\/www.suno.com.br\/noticias\/wp-json\/wp\/v2\/posts"}],"about":[{"href":"https:\/\/www.suno.com.br\/noticias\/wp-json\/wp\/v2\/types\/post"}],"author":[{"embeddable":true,"href":"https:\/\/www.suno.com.br\/noticias\/wp-json\/wp\/v2\/users\/195"}],"replies":[{"embeddable":true,"href":"https:\/\/www.suno.com.br\/noticias\/wp-json\/wp\/v2\/comments?post=298671"}],"version-history":[{"count":3,"href":"https:\/\/www.suno.com.br\/noticias\/wp-json\/wp\/v2\/posts\/298671\/revisions"}],"predecessor-version":[{"id":298803,"href":"https:\/\/www.suno.com.br\/noticias\/wp-json\/wp\/v2\/posts\/298671\/revisions\/298803"}],"wp:featuredmedia":[{"embeddable":true,"href":"https:\/\/www.suno.com.br\/noticias\/wp-json\/wp\/v2\/media\/278202"}],"wp:attachment":[{"href":"https:\/\/www.suno.com.br\/noticias\/wp-json\/wp\/v2\/media?parent=298671"}],"wp:term":[{"taxonomy":"category","embeddable":true,"href":"https:\/\/www.suno.com.br\/noticias\/wp-json\/wp\/v2\/categories?post=298671"},{"taxonomy":"post_tag","embeddable":true,"href":"https:\/\/www.suno.com.br\/noticias\/wp-json\/wp\/v2\/tags?post=298671"},{"taxonomy":"suno_strategy","embeddable":true,"href":"https:\/\/www.suno.com.br\/noticias\/wp-json\/wp\/v2\/suno_strategy?post=298671"}],"curies":[{"name":"wp","href":"https:\/\/api.w.org\/{rel}","templated":true}]}}