{"id":29796,"date":"2019-07-02T14:40:14","date_gmt":"2019-07-02T17:40:14","guid":{"rendered":"https:\/\/www.suno.com.br\/noticias\/?p=29796"},"modified":"2021-02-17T22:30:11","modified_gmt":"2021-02-18T01:30:11","slug":"via-varejo-klein-executivos-demissao","status":"publish","type":"post","link":"https:\/\/www.suno.com.br\/noticias\/via-varejo-klein-executivos-demissao\/","title":{"rendered":"Via Varejo demite 12 executivos e a\u00e7\u00f5es chegam a subir 6%"},"content":{"rendered":"<p>Sob o comando da <strong>fam\u00edlia Klein<\/strong>, ap\u00f3s o <strong>Grupo P\u00e3o de A\u00e7\u00facar<\/strong> (GPA\/PCAR4) vender sua participa\u00e7\u00e3o na Via Varejo (VVAR3), a varejista demitiu 12 executivos de alto escal\u00e3o. A informa\u00e7\u00e3o foi divulgada pelo jornal\u00a0 &#8220;O Estado de S. Paulo&#8221;.<\/p>\t<div class=\"wrapper-featured-image\">\n\t\t<figure class=\"spotlightImg\">\n\n\t\t\t<picture>\n\t\t\t\t<source media=\"(max-width: 768px)\" srcset=\"https:\/\/files.sunoresearch.com.br\/n\/uploads\/2019\/05\/4f09515c-via-varejo-400x200.webp\">\n\t\t\t\t<img loading=\"lazy\" decoding=\"async\" class=\"newsContent__article__imgCapa lazyloadDisabled newsContent__article__imgCapa--noCaption\" src=\"https:\/\/files.sunoresearch.com.br\/n\/uploads\/2019\/05\/4f09515c-via-varejo-800x450.webp\" width=\"800\" height=\"450\" alt=\"Via Varejo demite 12 executivos e a\u00e7\u00f5es chegam a subir 6%\" fetchpriority=high \/>\n\t\t\t<\/picture>\n\n\t\t\t<figcaption class=\"wp-caption-text wp-caption-text--hide\">A Via Varejo \u00e9 a dona das Casas Bahia e do Pontofrio. (divulga\u00e7\u00e3o)\n<\/figcaption>\n\t\t<\/figure>\n\t<\/div>\n\n\n<p>O mercado reagiu bem \u00e0 decis\u00e3o da <strong>Via Varejo<\/strong>, e a alta da empresa ultrapassou 5% durante a manh\u00e3 desta ter\u00e7a-feira (2). No fechamento, a cota\u00e7\u00e3o era de R$\u00a05,45 com subida de 6,45%.<\/p>\n<p><iframe loading=\"lazy\" title=\"?Previd\u00eancia; Christine Lagarde no BCE; ex-CEO da Vale indiciado e Via Varejo demite executivos\" width=\"200\" height=\"113\" src=\"https:\/\/www.youtube.com\/embed\/B762QIcIy7k?feature=oembed\" frameborder=\"0\" allow=\"accelerometer; autoplay; encrypted-media; gyroscope; picture-in-picture\" allowfullscreen><\/iframe><\/p>\n<p>Dentre os diretores demitidos pela varejista est\u00e3o:<\/p>\n<ul>\n<li>Rubens Domene, diretor compras de eletrodom\u00e9sticos da linha branca;<\/li>\n<li>Sandro Gon\u00e7alves e Silva, diretor comercial.<\/li>\n<\/ul>\n<p>Na noite da \u00faltima segunda-feira (1\u00ba), a companhia anunciou pelo pelas redes sociais que as boas vindas aos novos executivos:<\/p>\n<ul>\n<li>Roberto Fulcherberguer \u00e9 o novo CEO;<\/li>\n<li>Abel Ornelas \u00e9 o novo COO;<\/li>\n<li>Orivaldo Padilha \u00e9 o novo CFO;<\/li>\n<li>Sergio Leme \u00e9 o novo vice-presidente administrativo;<\/li>\n<li>Felipe Negr\u00e3o, que permanece como diretor<\/li>\n<li>e o novo presidente do conselho administrativo, <a href=\"https:\/\/www.suno.com.br\/tudo-sobre\/michael-klein\/\">Michael Klein<\/a>.<\/li>\n<\/ul>\n<p>&#8220;Unidos a um time inspirado e cheio de disposi\u00e7\u00e3o, seguimos trabalhando com o objetivo de sempre oferecer a melhor experi\u00eancia de compra ao cliente, o melhor ambiente de desenvolvimento e cria\u00e7\u00e3o para os nossos colaboradores, almejando resultados positivos e inovadores&#8221;, informou a empresa na rede social.<\/p>\n<p><a href=\"https:\/\/www.suno.com.br\/noticias\/via-varejo-michael-klein\/\">Saiba mais &#8211;\u00a0Via Varejo anuncia Michael Klein como novo presidente do conselho de administra\u00e7\u00e3o<\/a><\/p>\n<h2>Michael Klein adquire controle da Via Varejo<\/h2>\n<p>No dia 14 de junho, o empres\u00e1rio <strong>Michael Klein<\/strong> comprou cerca de R$ 100 milh\u00f5es em a\u00e7\u00f5es da <strong>Via Varejo<\/strong> (VVAR3) no leil\u00e3o que ocorreu durante a manh\u00e3. A varejista \u00e9 a controladora das marcas <strong>Casas Bahia<\/strong> e <strong>Pontofrio<\/strong>.<\/p>\n\t<p>\n\t\t<a href=\"https:\/\/lp.suno.com.br\/planilha-controle-gastos\/\" target=\"_blank\" data-element=\"shortcode-suno-banner\" title=\"Banner SUNO, clique e saiba mais\">\n\t\t\t<picture>\n\t\t\t\t<source media=\"(max-width: 500px)\" srcset=\"https:\/\/files.sunoresearch.com.br\/n\/uploads\/2023\/03\/400x300-Planilha-controle-de-gastos.png\">\n\t\t\t\t<img class=\"newsContent__article__imgCapa newsContent__article__imgCapa--banner\"\n\t\t\t\t\tsrc=\"https:\/\/files.sunoresearch.com.br\/n\/uploads\/2023\/03\/1420x240-Planilha-controle-de-gastos.png\"\n\t\t\t\t\tdata-promo-id=\"102417\"\t\t\t\t\t\t\t\t\t\twidth='1420' height='240'\t\t\t\t\talt=\"https:\/\/files.sunoresearch.com.br\/n\/uploads\/2023\/03\/1420x240-Planilha-controle-de-gastos.png\"\n\t\t\t\t>\n\t\t\t<\/picture>\n\t\t<\/a>\n\t<\/p>\n\n\n<p>E, por sua vez, a Via Varejo era controlada pelo <strong>Grupo P\u00e3o de A\u00e7\u00facar<\/strong> (GPA). O GPA vendeu sua participa\u00e7\u00e3o de 36,2% no leil\u00e3o na <a href=\"https:\/\/www.suno.com.br\/artigos\/b3\/\">Bolsa de Valores de S\u00e3o Paulo<\/a> (B3).<\/p>\n<p>As a\u00e7\u00f5es da <strong>Via Varejo<\/strong> foram vendidas pelo valor de R$ 4,90 cada, e a movimenta\u00e7\u00e3o foi de R$ 2,3 bilh\u00f5es. De acordo com a B3, foram negociados 470.026.600 papeis.<\/p>\n","protected":false},"excerpt":{"rendered":"<p>Sob o comando da fam\u00edlia Klein, ap\u00f3s o Grupo P\u00e3o de A\u00e7\u00facar (GPA\/PCAR4) vender sua participa\u00e7\u00e3o na Via Varejo (VVAR3), a varejista demitiu 12 executivos de alto escal\u00e3o. A informa\u00e7\u00e3o foi divulgada pelo jornal\u00a0 &#8220;O Estado de S. Paulo&#8221;. A Via Varejo \u00e9 a dona das Casas Bahia e do Pontofrio. (divulga\u00e7\u00e3o) O mercado reagiu [&hellip;]<\/p>\n","protected":false},"author":12,"featured_media":26618,"comment_status":"closed","ping_status":"closed","sticky":false,"template":"","format":"standard","meta":[],"categories":[64],"tags":[1964,106935],"suno_strategy":[],"class_list":["post-29796","post","type-post","status-publish","format-standard","has-post-thumbnail","hentry","category-negocios","tag-grupo-pao-de-acucar-pcar3-pcar4","tag-via-viia3"],"yoast_head":"<!-- This site is optimized with the Yoast SEO plugin v24.4 - https:\/\/yoast.com\/wordpress\/plugins\/seo\/ -->\n<title>Via Varejo demite 12 executivos e a\u00e7\u00f5es chegam a subir 6%<\/title>\n<meta name=\"description\" content=\"Sob o comando da fam\u00edlia Klein, a Via Varejo (VVAR3) demitiu 12 executivos; as a\u00e7\u00f5es da companhia sobem. Clique para saber mais.\" \/>\n<meta name=\"robots\" content=\"index, follow, max-snippet:-1, max-image-preview:large, max-video-preview:-1\" \/>\n<link rel=\"canonical\" href=\"https:\/\/www.suno.com.br\/noticias\/via-varejo-klein-executivos-demissao\/\" \/>\n<meta property=\"og:locale\" content=\"pt_BR\" \/>\n<meta property=\"og:type\" content=\"article\" \/>\n<meta property=\"og:title\" content=\"Via Varejo demite 12 executivos e a\u00e7\u00f5es chegam a subir 6%\" \/>\n<meta property=\"og:description\" content=\"Sob o comando da fam\u00edlia Klein, a Via Varejo (VVAR3) demitiu 12 executivos; as a\u00e7\u00f5es da companhia sobem. Clique para saber mais.\" \/>\n<meta property=\"og:url\" content=\"https:\/\/www.suno.com.br\/noticias\/via-varejo-klein-executivos-demissao\/\" \/>\n<meta property=\"og:site_name\" content=\"Suno Not\u00edcias\" \/>\n<meta property=\"article:publisher\" content=\"https:\/\/facebook.com\/sunoresearch\" \/>\n<meta property=\"og:image\" content=\"https:\/\/files.sunoresearch.com.br\/n\/uploads\/2019\/05\/4f09515c-via-varejo.jpg\" \/>\n\t<meta property=\"og:image:width\" content=\"1280\" \/>\n\t<meta property=\"og:image:height\" content=\"960\" \/>\n\t<meta property=\"og:image:type\" content=\"image\/jpeg\" \/>\n<meta name=\"author\" content=\"Amanda Gushiken\" \/>\n<meta name=\"twitter:card\" content=\"summary_large_image\" \/>\n<meta name=\"twitter:creator\" content=\"@sunoresearch\" \/>\n<meta name=\"twitter:site\" content=\"@sunoresearch\" \/>\n<meta name=\"twitter:label1\" content=\"Escrito por\" \/>\n\t<meta name=\"twitter:data1\" content=\"Amanda Gushiken\" \/>\n\t<meta name=\"twitter:label2\" content=\"Est. tempo de leitura\" \/>\n\t<meta name=\"twitter:data2\" content=\"2 minutos\" \/>\n<script type=\"application\/ld+json\" class=\"yoast-schema-graph\">{\"@context\":\"https:\/\/schema.org\",\"@graph\":[{\"@type\":\"NewsArticle\",\"@id\":\"https:\/\/www.suno.com.br\/noticias\/via-varejo-klein-executivos-demissao\/#article\",\"isPartOf\":{\"@id\":\"https:\/\/www.suno.com.br\/noticias\/via-varejo-klein-executivos-demissao\/\"},\"author\":{\"name\":\"Amanda Gushiken\",\"@id\":\"https:\/\/www.suno.com.br\/noticias\/#\/schema\/person\/a5b06fa4e879d8e8e119c6ed3cd630d1\"},\"headline\":\"Via Varejo demite 12 executivos e a\u00e7\u00f5es chegam a subir 6%\",\"datePublished\":\"2019-07-02T17:40:14+00:00\",\"dateModified\":\"2021-02-18T01:30:11+00:00\",\"mainEntityOfPage\":{\"@id\":\"https:\/\/www.suno.com.br\/noticias\/via-varejo-klein-executivos-demissao\/\"},\"wordCount\":362,\"publisher\":{\"@id\":\"https:\/\/www.suno.com.br\/noticias\/#organization\"},\"image\":{\"@id\":\"https:\/\/www.suno.com.br\/noticias\/via-varejo-klein-executivos-demissao\/#primaryimage\"},\"thumbnailUrl\":\"https:\/\/files.sunoresearch.com.br\/n\/uploads\/2019\/05\/4f09515c-via-varejo-jpg.webp\",\"keywords\":[\"Grupo P\u00e3o de A\u00e7\u00facar (PCAR3\/PCAR4)\",\"Via (VIIA3)\"],\"articleSection\":[\"Neg\u00f3cios\"],\"inLanguage\":\"pt-BR\"},{\"@type\":\"WebPage\",\"@id\":\"https:\/\/www.suno.com.br\/noticias\/via-varejo-klein-executivos-demissao\/\",\"url\":\"https:\/\/www.suno.com.br\/noticias\/via-varejo-klein-executivos-demissao\/\",\"name\":\"Via Varejo demite 12 executivos e a\u00e7\u00f5es chegam a subir 6%\",\"isPartOf\":{\"@id\":\"https:\/\/www.suno.com.br\/noticias\/#website\"},\"primaryImageOfPage\":{\"@id\":\"https:\/\/www.suno.com.br\/noticias\/via-varejo-klein-executivos-demissao\/#primaryimage\"},\"image\":{\"@id\":\"https:\/\/www.suno.com.br\/noticias\/via-varejo-klein-executivos-demissao\/#primaryimage\"},\"thumbnailUrl\":\"https:\/\/files.sunoresearch.com.br\/n\/uploads\/2019\/05\/4f09515c-via-varejo-jpg.webp\",\"datePublished\":\"2019-07-02T17:40:14+00:00\",\"dateModified\":\"2021-02-18T01:30:11+00:00\",\"description\":\"Sob o comando da fam\u00edlia Klein, a Via Varejo (VVAR3) demitiu 12 executivos; as a\u00e7\u00f5es da companhia sobem. Clique para saber mais.\",\"breadcrumb\":{\"@id\":\"https:\/\/www.suno.com.br\/noticias\/via-varejo-klein-executivos-demissao\/#breadcrumb\"},\"inLanguage\":\"pt-BR\",\"potentialAction\":[{\"@type\":\"ReadAction\",\"target\":[\"https:\/\/www.suno.com.br\/noticias\/via-varejo-klein-executivos-demissao\/\"]}]},{\"@type\":\"ImageObject\",\"inLanguage\":\"pt-BR\",\"@id\":\"https:\/\/www.suno.com.br\/noticias\/via-varejo-klein-executivos-demissao\/#primaryimage\",\"url\":\"https:\/\/files.sunoresearch.com.br\/n\/uploads\/2019\/05\/4f09515c-via-varejo-jpg.webp\",\"contentUrl\":\"https:\/\/files.sunoresearch.com.br\/n\/uploads\/2019\/05\/4f09515c-via-varejo-jpg.webp\",\"width\":1280,\"height\":960,\"caption\":\"A Via Varejo \u00e9 a dona das Casas Bahia e do Pontofrio. (divulga\u00e7\u00e3o)\"},{\"@type\":\"BreadcrumbList\",\"@id\":\"https:\/\/www.suno.com.br\/noticias\/via-varejo-klein-executivos-demissao\/#breadcrumb\",\"itemListElement\":[{\"@type\":\"ListItem\",\"position\":1,\"name\":\"Not\u00edcias\",\"item\":\"https:\/\/www.suno.com.br\/noticias\/\"},{\"@type\":\"ListItem\",\"position\":2,\"name\":\"Neg\u00f3cios\",\"item\":\"https:\/\/www.suno.com.br\/noticias\/negocios\/\"},{\"@type\":\"ListItem\",\"position\":3,\"name\":\"Via Varejo demite 12 executivos e a\u00e7\u00f5es chegam a subir 6%\"}]},{\"@type\":\"WebSite\",\"@id\":\"https:\/\/www.suno.com.br\/noticias\/#website\",\"url\":\"https:\/\/www.suno.com.br\/noticias\/\",\"name\":\"Suno Not\u00edcias\",\"description\":\"Seu portal de informa\u00e7\u00e3o sobre o mundo dos investimentos\",\"publisher\":{\"@id\":\"https:\/\/www.suno.com.br\/noticias\/#organization\"},\"potentialAction\":[{\"@type\":\"SearchAction\",\"target\":{\"@type\":\"EntryPoint\",\"urlTemplate\":\"https:\/\/www.suno.com.br\/noticias\/?s={search_term_string}\"},\"query-input\":{\"@type\":\"PropertyValueSpecification\",\"valueRequired\":true,\"valueName\":\"search_term_string\"}}],\"inLanguage\":\"pt-BR\"},{\"@type\":\"Organization\",\"@id\":\"https:\/\/www.suno.com.br\/noticias\/#organization\",\"name\":\"Suno Not\u00edcias\",\"url\":\"https:\/\/www.suno.com.br\/noticias\/\",\"logo\":{\"@type\":\"ImageObject\",\"inLanguage\":\"pt-BR\",\"@id\":\"https:\/\/www.suno.com.br\/noticias\/#\/schema\/logo\/image\/\",\"url\":\"https:\/\/files.sunoresearch.com.br\/n\/uploads\/2021\/09\/suno-logo.png\",\"contentUrl\":\"https:\/\/files.sunoresearch.com.br\/n\/uploads\/2021\/09\/suno-logo.png\",\"width\":180,\"height\":180,\"caption\":\"Suno Not\u00edcias\"},\"image\":{\"@id\":\"https:\/\/www.suno.com.br\/noticias\/#\/schema\/logo\/image\/\"},\"sameAs\":[\"https:\/\/facebook.com\/sunoresearch\",\"https:\/\/x.com\/sunoresearch\",\"https:\/\/www.instagram.com\/suno\",\"https:\/\/www.linkedin.com\/company\/suno-research\/\",\"https:\/\/www.youtube.com\/c\/sunoresearch\"]},{\"@type\":\"Person\",\"@id\":\"https:\/\/www.suno.com.br\/noticias\/#\/schema\/person\/a5b06fa4e879d8e8e119c6ed3cd630d1\",\"name\":\"Amanda Gushiken\",\"image\":{\"@type\":\"ImageObject\",\"inLanguage\":\"pt-BR\",\"@id\":\"https:\/\/www.suno.com.br\/noticias\/#\/schema\/person\/image\/\",\"url\":\"https:\/\/secure.gravatar.com\/avatar\/ecd84705e6b65e3685ae80d725501fbe?s=96&r=g\",\"contentUrl\":\"https:\/\/secure.gravatar.com\/avatar\/ecd84705e6b65e3685ae80d725501fbe?s=96&r=g\",\"caption\":\"Amanda Gushiken\"},\"description\":\"Amanda Sayuri Gushiken escreve sobre finan\u00e7as e neg\u00f3cios para o portal Suno Not\u00edcias. Antes, trabalhou selecionando not\u00edcias da imprensa para clientes do mercado financeiro. Tamb\u00e9m desenvolveu pesquisa acad\u00eamica pela Universidade Anhembi Morumbi na \u00e1rea de Teorias da Comunica\u00e7\u00e3o e \u00e9 fot\u00f3grafa nas horas vagas.\",\"url\":\"https:\/\/www.suno.com.br\/noticias\/author\/amanda\/\"}]}<\/script>\n<!-- \/ Yoast SEO plugin. -->","yoast_head_json":{"title":"Via Varejo demite 12 executivos e a\u00e7\u00f5es chegam a subir 6%","description":"Sob o comando da fam\u00edlia Klein, a Via Varejo (VVAR3) demitiu 12 executivos; as a\u00e7\u00f5es da companhia sobem. Clique para saber mais.","robots":{"index":"index","follow":"follow","max-snippet":"max-snippet:-1","max-image-preview":"max-image-preview:large","max-video-preview":"max-video-preview:-1"},"canonical":"https:\/\/www.suno.com.br\/noticias\/via-varejo-klein-executivos-demissao\/","og_locale":"pt_BR","og_type":"article","og_title":"Via Varejo demite 12 executivos e a\u00e7\u00f5es chegam a subir 6%","og_description":"Sob o comando da fam\u00edlia Klein, a Via Varejo (VVAR3) demitiu 12 executivos; as a\u00e7\u00f5es da companhia sobem. Clique para saber mais.","og_url":"https:\/\/www.suno.com.br\/noticias\/via-varejo-klein-executivos-demissao\/","og_site_name":"Suno Not\u00edcias","article_publisher":"https:\/\/facebook.com\/sunoresearch","og_image":[{"width":1280,"height":960,"url":"https:\/\/files.sunoresearch.com.br\/n\/uploads\/2019\/05\/4f09515c-via-varejo.jpg","type":"image\/jpeg"}],"author":"Amanda Gushiken","twitter_card":"summary_large_image","twitter_creator":"@sunoresearch","twitter_site":"@sunoresearch","twitter_misc":{"Escrito por":"Amanda Gushiken","Est. tempo de leitura":"2 minutos"},"schema":{"@context":"https:\/\/schema.org","@graph":[{"@type":"NewsArticle","@id":"https:\/\/www.suno.com.br\/noticias\/via-varejo-klein-executivos-demissao\/#article","isPartOf":{"@id":"https:\/\/www.suno.com.br\/noticias\/via-varejo-klein-executivos-demissao\/"},"author":{"name":"Amanda Gushiken","@id":"https:\/\/www.suno.com.br\/noticias\/#\/schema\/person\/a5b06fa4e879d8e8e119c6ed3cd630d1"},"headline":"Via Varejo demite 12 executivos e a\u00e7\u00f5es chegam a subir 6%","datePublished":"2019-07-02T17:40:14+00:00","dateModified":"2021-02-18T01:30:11+00:00","mainEntityOfPage":{"@id":"https:\/\/www.suno.com.br\/noticias\/via-varejo-klein-executivos-demissao\/"},"wordCount":362,"publisher":{"@id":"https:\/\/www.suno.com.br\/noticias\/#organization"},"image":{"@id":"https:\/\/www.suno.com.br\/noticias\/via-varejo-klein-executivos-demissao\/#primaryimage"},"thumbnailUrl":"https:\/\/files.sunoresearch.com.br\/n\/uploads\/2019\/05\/4f09515c-via-varejo-jpg.webp","keywords":["Grupo P\u00e3o de A\u00e7\u00facar (PCAR3\/PCAR4)","Via (VIIA3)"],"articleSection":["Neg\u00f3cios"],"inLanguage":"pt-BR"},{"@type":"WebPage","@id":"https:\/\/www.suno.com.br\/noticias\/via-varejo-klein-executivos-demissao\/","url":"https:\/\/www.suno.com.br\/noticias\/via-varejo-klein-executivos-demissao\/","name":"Via Varejo demite 12 executivos e a\u00e7\u00f5es chegam a subir 6%","isPartOf":{"@id":"https:\/\/www.suno.com.br\/noticias\/#website"},"primaryImageOfPage":{"@id":"https:\/\/www.suno.com.br\/noticias\/via-varejo-klein-executivos-demissao\/#primaryimage"},"image":{"@id":"https:\/\/www.suno.com.br\/noticias\/via-varejo-klein-executivos-demissao\/#primaryimage"},"thumbnailUrl":"https:\/\/files.sunoresearch.com.br\/n\/uploads\/2019\/05\/4f09515c-via-varejo-jpg.webp","datePublished":"2019-07-02T17:40:14+00:00","dateModified":"2021-02-18T01:30:11+00:00","description":"Sob o comando da fam\u00edlia Klein, a Via Varejo (VVAR3) demitiu 12 executivos; as a\u00e7\u00f5es da companhia sobem. Clique para saber mais.","breadcrumb":{"@id":"https:\/\/www.suno.com.br\/noticias\/via-varejo-klein-executivos-demissao\/#breadcrumb"},"inLanguage":"pt-BR","potentialAction":[{"@type":"ReadAction","target":["https:\/\/www.suno.com.br\/noticias\/via-varejo-klein-executivos-demissao\/"]}]},{"@type":"ImageObject","inLanguage":"pt-BR","@id":"https:\/\/www.suno.com.br\/noticias\/via-varejo-klein-executivos-demissao\/#primaryimage","url":"https:\/\/files.sunoresearch.com.br\/n\/uploads\/2019\/05\/4f09515c-via-varejo-jpg.webp","contentUrl":"https:\/\/files.sunoresearch.com.br\/n\/uploads\/2019\/05\/4f09515c-via-varejo-jpg.webp","width":1280,"height":960,"caption":"A Via Varejo \u00e9 a dona das Casas Bahia e do Pontofrio. (divulga\u00e7\u00e3o)"},{"@type":"BreadcrumbList","@id":"https:\/\/www.suno.com.br\/noticias\/via-varejo-klein-executivos-demissao\/#breadcrumb","itemListElement":[{"@type":"ListItem","position":1,"name":"Not\u00edcias","item":"https:\/\/www.suno.com.br\/noticias\/"},{"@type":"ListItem","position":2,"name":"Neg\u00f3cios","item":"https:\/\/www.suno.com.br\/noticias\/negocios\/"},{"@type":"ListItem","position":3,"name":"Via Varejo demite 12 executivos e a\u00e7\u00f5es chegam a subir 6%"}]},{"@type":"WebSite","@id":"https:\/\/www.suno.com.br\/noticias\/#website","url":"https:\/\/www.suno.com.br\/noticias\/","name":"Suno Not\u00edcias","description":"Seu portal de informa\u00e7\u00e3o sobre o mundo dos investimentos","publisher":{"@id":"https:\/\/www.suno.com.br\/noticias\/#organization"},"potentialAction":[{"@type":"SearchAction","target":{"@type":"EntryPoint","urlTemplate":"https:\/\/www.suno.com.br\/noticias\/?s={search_term_string}"},"query-input":{"@type":"PropertyValueSpecification","valueRequired":true,"valueName":"search_term_string"}}],"inLanguage":"pt-BR"},{"@type":"Organization","@id":"https:\/\/www.suno.com.br\/noticias\/#organization","name":"Suno Not\u00edcias","url":"https:\/\/www.suno.com.br\/noticias\/","logo":{"@type":"ImageObject","inLanguage":"pt-BR","@id":"https:\/\/www.suno.com.br\/noticias\/#\/schema\/logo\/image\/","url":"https:\/\/files.sunoresearch.com.br\/n\/uploads\/2021\/09\/suno-logo.png","contentUrl":"https:\/\/files.sunoresearch.com.br\/n\/uploads\/2021\/09\/suno-logo.png","width":180,"height":180,"caption":"Suno Not\u00edcias"},"image":{"@id":"https:\/\/www.suno.com.br\/noticias\/#\/schema\/logo\/image\/"},"sameAs":["https:\/\/facebook.com\/sunoresearch","https:\/\/x.com\/sunoresearch","https:\/\/www.instagram.com\/suno","https:\/\/www.linkedin.com\/company\/suno-research\/","https:\/\/www.youtube.com\/c\/sunoresearch"]},{"@type":"Person","@id":"https:\/\/www.suno.com.br\/noticias\/#\/schema\/person\/a5b06fa4e879d8e8e119c6ed3cd630d1","name":"Amanda Gushiken","image":{"@type":"ImageObject","inLanguage":"pt-BR","@id":"https:\/\/www.suno.com.br\/noticias\/#\/schema\/person\/image\/","url":"https:\/\/secure.gravatar.com\/avatar\/ecd84705e6b65e3685ae80d725501fbe?s=96&r=g","contentUrl":"https:\/\/secure.gravatar.com\/avatar\/ecd84705e6b65e3685ae80d725501fbe?s=96&r=g","caption":"Amanda Gushiken"},"description":"Amanda Sayuri Gushiken escreve sobre finan\u00e7as e neg\u00f3cios para o portal Suno Not\u00edcias. Antes, trabalhou selecionando not\u00edcias da imprensa para clientes do mercado financeiro. Tamb\u00e9m desenvolveu pesquisa acad\u00eamica pela Universidade Anhembi Morumbi na \u00e1rea de Teorias da Comunica\u00e7\u00e3o e \u00e9 fot\u00f3grafa nas horas vagas.","url":"https:\/\/www.suno.com.br\/noticias\/author\/amanda\/"}]}},"default_loop_html":"<div class=\"cardsPage__listCard__boxs\"><div class=\"cardsPage__listCard__boxs__img\"><a href=\"https:\/\/www.suno.com.br\/noticias\/via-varejo-klein-executivos-demissao\/\"><img class=\"mask\" src=\"https:\/\/www.suno.com.br\/noticias\/wp-content\/themes\/suno\/resources\/images\/spotlight\/spotlight1img\/bg-mask.png\" alt=\"Image Mask\"\/><img src=\"https:\/\/files.sunoresearch.com.br\/n\/uploads\/2019\/05\/4f09515c-via-varejo-400x200.webp\" alt=\"Via Varejo demite 12 executivos e a\u00e7\u00f5es chegam a subir 6%\"\/><\/a><span class=\"spotlightCategory\"><a href=\"https:\/\/www.suno.com.br\/noticias\/negocios\/\">Neg\u00f3cios<\/a><\/span><\/div><div class=\"cardsPage__listCard__boxs__content\"><a href=\"https:\/\/www.suno.com.br\/noticias\/via-varejo-klein-executivos-demissao\/\"><h2 class=\"content__title\">Via Varejo demite 12 executivos e a\u00e7\u00f5es chegam a subir 6%<\/h2><\/a><div class=\"newsContent__article__meta\"><div class=\"newsContent__article__meta__authorBox\"><a href=\"https:\/\/www.suno.com.br\/noticias\/author\/amanda\/\" class=\"authorBox__avatar noMobi\"><img src=\"https:\/\/files.sunoresearch.com.br\/n\/uploads\/2018\/11\/c6ad30be-amanda-150x150.webp\" alt=\"Amanda Gushiken\"><\/a><div class=\"authorBox__name\"><span>por\n\t\t\t<a href=\"https:\/\/www.suno.com.br\/noticias\/author\/amanda\/\"><span itemprop=\"author\">Amanda Gushiken<\/span><\/a><\/span><time datetime=\"2019-07-02T14:40:14-03:00\" itemprop=\"datePublished\">02\/07\/2019 14:40<\/time><\/div><\/div><\/div><\/div><\/div>","single_layout":"posts","amp_enabled":true,"_links":{"self":[{"href":"https:\/\/www.suno.com.br\/noticias\/wp-json\/wp\/v2\/posts\/29796"}],"collection":[{"href":"https:\/\/www.suno.com.br\/noticias\/wp-json\/wp\/v2\/posts"}],"about":[{"href":"https:\/\/www.suno.com.br\/noticias\/wp-json\/wp\/v2\/types\/post"}],"author":[{"embeddable":true,"href":"https:\/\/www.suno.com.br\/noticias\/wp-json\/wp\/v2\/users\/12"}],"replies":[{"embeddable":true,"href":"https:\/\/www.suno.com.br\/noticias\/wp-json\/wp\/v2\/comments?post=29796"}],"version-history":[{"count":0,"href":"https:\/\/www.suno.com.br\/noticias\/wp-json\/wp\/v2\/posts\/29796\/revisions"}],"wp:featuredmedia":[{"embeddable":true,"href":"https:\/\/www.suno.com.br\/noticias\/wp-json\/wp\/v2\/media\/26618"}],"wp:attachment":[{"href":"https:\/\/www.suno.com.br\/noticias\/wp-json\/wp\/v2\/media?parent=29796"}],"wp:term":[{"taxonomy":"category","embeddable":true,"href":"https:\/\/www.suno.com.br\/noticias\/wp-json\/wp\/v2\/categories?post=29796"},{"taxonomy":"post_tag","embeddable":true,"href":"https:\/\/www.suno.com.br\/noticias\/wp-json\/wp\/v2\/tags?post=29796"},{"taxonomy":"suno_strategy","embeddable":true,"href":"https:\/\/www.suno.com.br\/noticias\/wp-json\/wp\/v2\/suno_strategy?post=29796"}],"curies":[{"name":"wp","href":"https:\/\/api.w.org\/{rel}","templated":true}]}}