{"id":29776,"date":"2019-07-02T12:18:16","date_gmt":"2019-07-02T15:18:16","guid":{"rendered":"https:\/\/www.suno.com.br\/noticias\/?p=29776"},"modified":"2019-07-02T12:18:16","modified_gmt":"2019-07-02T15:18:16","slug":"allianz-oferta-automoveis-sulamerica","status":"publish","type":"post","link":"https:\/\/www.suno.com.br\/noticias\/allianz-oferta-automoveis-sulamerica\/","title":{"rendered":"Allianz faz oferta pelo setor de autom\u00f3veis da SulAmerica"},"content":{"rendered":"<p>A SulAm\u00e9rica\u00a0(SULA11) recebeu uma oferta n\u00e3o vinculante da Allianz pelo setor de Autom\u00f3veis e Ramos Elementares. A informa\u00e7\u00e3o foi divulgada pela pr\u00f3pria empresa na manh\u00e3 desta ter\u00e7a-feira (2), mas os valores n\u00e3o foram revelados.<\/p>\t<div class=\"wrapper-featured-image\">\n\t\t<figure class=\"spotlightImg\">\n\n\t\t\t<picture>\n\t\t\t\t<source media=\"(max-width: 768px)\" srcset=\"https:\/\/files.sunoresearch.com.br\/n\/uploads\/2019\/07\/f9b1e5c3-allianz-400x200.webp\">\n\t\t\t\t<img loading=\"lazy\" decoding=\"async\" class=\"newsContent__article__imgCapa lazyloadDisabled newsContent__article__imgCapa--noCaption\" src=\"https:\/\/files.sunoresearch.com.br\/n\/uploads\/2019\/07\/f9b1e5c3-allianz-800x450.webp\" width=\"800\" height=\"450\" alt=\"Allianz faz oferta pelo setor de autom\u00f3veis da SulAmerica\" fetchpriority=high \/>\n\t\t\t<\/picture>\n\n\t\t\t<figcaption class=\"wp-caption-text wp-caption-text--hide\">A SulAm\u00e9rica (SULA11) liderou ganhos do Ibovespa na Semana. Foto: divulga\u00e7\u00e3o<\/figcaption>\n\t\t<\/figure>\n\t<\/div>\n\n\n\t<p>\n\t\t<a href=\"https:\/\/lp.suno.com.br\/ao\/cadastro-whatsapp\/?utm_source=sunoresearch&#038;utm_medium=banner.sidebar&#038;utm_campaign=_SNC1787C4C9_\" target=\"_blank\" data-element=\"shortcode-suno-banner\" title=\"Banner SUNO, clique e saiba mais\">\n\t\t\t<picture>\n\t\t\t\t<source media=\"(max-width: 500px)\" srcset=\"https:\/\/files.sunoresearch.com.br\/n\/uploads\/2024\/09\/wpp-suno.png\">\n\t\t\t\t<img class=\"newsContent__article__imgCapa newsContent__article__imgCapa--banner\"\n\t\t\t\t\tsrc=\"https:\/\/files.sunoresearch.com.br\/n\/uploads\/2024\/09\/wpp-suno.png\"\n\t\t\t\t\tdata-promo-id=\"574195\"\t\t\t\t\t\t\t\t\t\twidth='360' height='98'\t\t\t\t\talt=\"https:\/\/files.sunoresearch.com.br\/n\/uploads\/2024\/09\/wpp-suno.png\"\n\t\t\t\t>\n\t\t\t<\/picture>\n\t\t<\/a>\n\t<\/p>\n\n\n<p><strong>SulAm\u00e9rica<\/strong> e <strong>Allianz<\/strong> passaram a tratar do assunto com discuss\u00f5es bilaterais, j\u00e1 que a seguradora pode atingir a concentra\u00e7\u00e3o das opera\u00e7\u00f5es de sa\u00fade, odontologia, vida, previd\u00eancia e gest\u00e3o de ativos com a negocia\u00e7\u00e3o.<\/p>\n<p>Uma oferta n\u00e3o vinculante \u00e9 aquela que n\u00e3o tem um compromisso definitivo entre as partes. Al\u00e9m disso, as condi\u00e7\u00f5es da negocia\u00e7\u00e3o podem ser alteradas ou uma das partes pode desistir que ningu\u00e9m ser\u00e1 responsabilidade.<\/p>\n<p>De acordo com a <strong>SulAmerica<\/strong>, &#8220;n\u00e3o existe, at\u00e9 o momento, qualquer defini\u00e7\u00e3o, conclus\u00e3o ou acordo vinculante relacionado a tais oportunidades, as quais, se e quando vierem a se concretizar, ser\u00e3o devidamente divulgadas ao mercado&#8221;.<\/p>\n<p>Durante o primeiro trimestre a empresa adquiriu R$ 844,6 milh\u00f5es em pr\u00eamios pelo <strong>setor de autom\u00f3veis<\/strong>. Outros R$ 50,7 milh\u00f5es foram alcan\u00e7ados pelos ramos elementares.<\/p>\n<h2>SulAmerica vende participa\u00e7\u00e3o da Caixa Seguradora<\/h2>\n<p>A SulAm\u00e9rica anunciou em maio a venda de sua participa\u00e7\u00e3o na <strong>Caixa Seguradora<\/strong>. Al\u00e9m disso, a empresa informou que ir\u00e1 investir na plataforma especializada em investimentos pessoais, a <strong>\u00d3rama<\/strong>.<\/p>\n<p><a href=\"https:\/\/www.suno.com.br\/noticias\/sulamerica-participacao-orama\/\">Saiba mais:\u00a0SulAm\u00e9rica vende participa\u00e7\u00e3o na Caixa Capitaliza\u00e7\u00e3o e investe na \u00d3rama<\/a><\/p>\n<p>Ao todo, a <strong>SulAm\u00e9rica<\/strong> comunicou que vendeu o equivalente a 24,5% da <strong>CaixaCap<\/strong> para o <strong>Grupo Icatu<\/strong> por R$ 100 milh\u00f5es. O grupo j\u00e1 \u00e9 acionista da empresa. Ademais, o montante pode incluir um adicional de at\u00e9 R$ 83 milh\u00f5es.<\/p>\n<h2>Lucro da empresa no 1T19<\/h2>\n<p>O lucro l\u00edquido da SulAm\u00e9rica cresceu 57,2% no primeiro trimestre de 2019 na compara\u00e7\u00e3o com o mesmo per\u00edodo do ano anterior, chegando a R$ 223,5 milh\u00f5es.<\/p>\n\t<p>\n\t\t<a href=\"https:\/\/lp.suno.com.br\/planilha-controle-gastos\/\" target=\"_blank\" data-element=\"shortcode-suno-banner\" title=\"Banner SUNO, clique e saiba mais\">\n\t\t\t<picture>\n\t\t\t\t<source media=\"(max-width: 500px)\" srcset=\"https:\/\/files.sunoresearch.com.br\/n\/uploads\/2023\/03\/400x300-Planilha-controle-de-gastos.png\">\n\t\t\t\t<img class=\"newsContent__article__imgCapa newsContent__article__imgCapa--banner\"\n\t\t\t\t\tsrc=\"https:\/\/files.sunoresearch.com.br\/n\/uploads\/2023\/03\/1420x240-Planilha-controle-de-gastos.png\"\n\t\t\t\t\tdata-promo-id=\"311945\"\t\t\t\t\t\t\t\t\t\twidth='1420' height='240'\t\t\t\t\talt=\"https:\/\/files.sunoresearch.com.br\/n\/uploads\/2023\/03\/1420x240-Planilha-controle-de-gastos.png\"\n\t\t\t\t>\n\t\t\t<\/picture>\n\t\t<\/a>\n\t<\/p>\n\n\n<p>As receitas operacionais da <strong>SulAm\u00e9rica<\/strong> ficaram em R$ 5,254 bilh\u00f5es, registrando um crescimento de 10,1% na compara\u00e7\u00e3o com o mesmo per\u00edodo de 2018. De acordo com a empresa, o principal destaque \u00e9 o setor de <strong>sa\u00fade<\/strong> e <strong>odontol\u00f3gico<\/strong>, que cresceu 12,3%.<\/p>\n","protected":false},"excerpt":{"rendered":"<p>A SulAm\u00e9rica\u00a0(SULA11) recebeu uma oferta n\u00e3o vinculante da Allianz pelo setor de Autom\u00f3veis e Ramos Elementares. A informa\u00e7\u00e3o foi divulgada pela pr\u00f3pria empresa na manh\u00e3 desta ter\u00e7a-feira (2), mas os valores n\u00e3o foram revelados. A SulAm\u00e9rica (SULA11) liderou ganhos do Ibovespa na Semana. Foto: divulga\u00e7\u00e3o SulAm\u00e9rica e Allianz passaram a tratar do assunto com discuss\u00f5es [&hellip;]<\/p>\n","protected":false},"author":11,"featured_media":29786,"comment_status":"closed","ping_status":"closed","sticky":false,"template":"","format":"standard","meta":[],"categories":[64],"tags":[],"suno_strategy":[],"class_list":["post-29776","post","type-post","status-publish","format-standard","has-post-thumbnail","hentry","category-negocios"],"yoast_head":"<!-- This site is optimized with the Yoast SEO plugin v24.4 - https:\/\/yoast.com\/wordpress\/plugins\/seo\/ -->\n<title>Allianz faz oferta pelo setor de autom\u00f3veis da SulAmerica<\/title>\n<meta name=\"description\" content=\"Os valores ainda n\u00e3o foram comunicados; Allianz e SulAmerica passaram a tratar do assunto em discuss\u00f5es bilaterais. Clique para saber mais.\" \/>\n<meta name=\"robots\" content=\"index, follow, max-snippet:-1, max-image-preview:large, max-video-preview:-1\" \/>\n<link rel=\"canonical\" href=\"https:\/\/www.suno.com.br\/noticias\/allianz-oferta-automoveis-sulamerica\/\" \/>\n<meta property=\"og:locale\" content=\"pt_BR\" \/>\n<meta property=\"og:type\" content=\"article\" \/>\n<meta property=\"og:title\" content=\"Allianz faz oferta pelo setor de autom\u00f3veis da SulAmerica\" \/>\n<meta property=\"og:description\" content=\"Os valores ainda n\u00e3o foram comunicados; Allianz e SulAmerica passaram a tratar do assunto em discuss\u00f5es bilaterais. Clique para saber mais.\" \/>\n<meta property=\"og:url\" content=\"https:\/\/www.suno.com.br\/noticias\/allianz-oferta-automoveis-sulamerica\/\" \/>\n<meta property=\"og:site_name\" content=\"Suno Not\u00edcias\" \/>\n<meta property=\"article:publisher\" content=\"https:\/\/facebook.com\/sunoresearch\" \/>\n<meta property=\"og:image\" content=\"https:\/\/files.sunoresearch.com.br\/n\/uploads\/2019\/07\/f9b1e5c3-allianz-1024x682.jpg\" \/>\n\t<meta property=\"og:image:width\" content=\"1024\" \/>\n\t<meta property=\"og:image:height\" content=\"682\" \/>\n\t<meta property=\"og:image:type\" content=\"image\/jpeg\" \/>\n<meta name=\"author\" content=\"Renan Bandeira\" \/>\n<meta name=\"twitter:card\" content=\"summary_large_image\" \/>\n<meta name=\"twitter:creator\" content=\"@sunoresearch\" \/>\n<meta name=\"twitter:site\" content=\"@sunoresearch\" \/>\n<meta name=\"twitter:label1\" content=\"Escrito por\" \/>\n\t<meta name=\"twitter:data1\" content=\"Renan Bandeira\" \/>\n\t<meta name=\"twitter:label2\" content=\"Est. tempo de leitura\" \/>\n\t<meta name=\"twitter:data2\" content=\"2 minutos\" \/>\n<script type=\"application\/ld+json\" class=\"yoast-schema-graph\">{\"@context\":\"https:\/\/schema.org\",\"@graph\":[{\"@type\":\"NewsArticle\",\"@id\":\"https:\/\/www.suno.com.br\/noticias\/allianz-oferta-automoveis-sulamerica\/#article\",\"isPartOf\":{\"@id\":\"https:\/\/www.suno.com.br\/noticias\/allianz-oferta-automoveis-sulamerica\/\"},\"author\":{\"name\":\"Renan Bandeira\",\"@id\":\"https:\/\/www.suno.com.br\/noticias\/#\/schema\/person\/fc144a1c6108bd1dcd43784e88a3c138\"},\"headline\":\"Allianz faz oferta pelo setor de autom\u00f3veis da SulAmerica\",\"datePublished\":\"2019-07-02T15:18:16+00:00\",\"mainEntityOfPage\":{\"@id\":\"https:\/\/www.suno.com.br\/noticias\/allianz-oferta-automoveis-sulamerica\/\"},\"wordCount\":371,\"publisher\":{\"@id\":\"https:\/\/www.suno.com.br\/noticias\/#organization\"},\"image\":{\"@id\":\"https:\/\/www.suno.com.br\/noticias\/allianz-oferta-automoveis-sulamerica\/#primaryimage\"},\"thumbnailUrl\":\"https:\/\/files.sunoresearch.com.br\/n\/uploads\/2019\/07\/f9b1e5c3-allianz-scaled.webp\",\"articleSection\":[\"Neg\u00f3cios\"],\"inLanguage\":\"pt-BR\"},{\"@type\":\"WebPage\",\"@id\":\"https:\/\/www.suno.com.br\/noticias\/allianz-oferta-automoveis-sulamerica\/\",\"url\":\"https:\/\/www.suno.com.br\/noticias\/allianz-oferta-automoveis-sulamerica\/\",\"name\":\"Allianz faz oferta pelo setor de autom\u00f3veis da SulAmerica\",\"isPartOf\":{\"@id\":\"https:\/\/www.suno.com.br\/noticias\/#website\"},\"primaryImageOfPage\":{\"@id\":\"https:\/\/www.suno.com.br\/noticias\/allianz-oferta-automoveis-sulamerica\/#primaryimage\"},\"image\":{\"@id\":\"https:\/\/www.suno.com.br\/noticias\/allianz-oferta-automoveis-sulamerica\/#primaryimage\"},\"thumbnailUrl\":\"https:\/\/files.sunoresearch.com.br\/n\/uploads\/2019\/07\/f9b1e5c3-allianz-scaled.webp\",\"datePublished\":\"2019-07-02T15:18:16+00:00\",\"description\":\"Os valores ainda n\u00e3o foram comunicados; Allianz e SulAmerica passaram a tratar do assunto em discuss\u00f5es bilaterais. Clique para saber mais.\",\"breadcrumb\":{\"@id\":\"https:\/\/www.suno.com.br\/noticias\/allianz-oferta-automoveis-sulamerica\/#breadcrumb\"},\"inLanguage\":\"pt-BR\",\"potentialAction\":[{\"@type\":\"ReadAction\",\"target\":[\"https:\/\/www.suno.com.br\/noticias\/allianz-oferta-automoveis-sulamerica\/\"]}]},{\"@type\":\"ImageObject\",\"inLanguage\":\"pt-BR\",\"@id\":\"https:\/\/www.suno.com.br\/noticias\/allianz-oferta-automoveis-sulamerica\/#primaryimage\",\"url\":\"https:\/\/files.sunoresearch.com.br\/n\/uploads\/2019\/07\/f9b1e5c3-allianz-scaled.webp\",\"contentUrl\":\"https:\/\/files.sunoresearch.com.br\/n\/uploads\/2019\/07\/f9b1e5c3-allianz-scaled.webp\",\"width\":2560,\"height\":1706,\"caption\":\"A SulAm\u00e9rica (SULA11) liderou ganhos do Ibovespa na Semana. Foto: divulga\u00e7\u00e3o\"},{\"@type\":\"BreadcrumbList\",\"@id\":\"https:\/\/www.suno.com.br\/noticias\/allianz-oferta-automoveis-sulamerica\/#breadcrumb\",\"itemListElement\":[{\"@type\":\"ListItem\",\"position\":1,\"name\":\"Not\u00edcias\",\"item\":\"https:\/\/www.suno.com.br\/noticias\/\"},{\"@type\":\"ListItem\",\"position\":2,\"name\":\"Neg\u00f3cios\",\"item\":\"https:\/\/www.suno.com.br\/noticias\/negocios\/\"},{\"@type\":\"ListItem\",\"position\":3,\"name\":\"Allianz faz oferta pelo setor de autom\u00f3veis da SulAmerica\"}]},{\"@type\":\"WebSite\",\"@id\":\"https:\/\/www.suno.com.br\/noticias\/#website\",\"url\":\"https:\/\/www.suno.com.br\/noticias\/\",\"name\":\"Suno Not\u00edcias\",\"description\":\"Seu portal de informa\u00e7\u00e3o sobre o mundo dos investimentos\",\"publisher\":{\"@id\":\"https:\/\/www.suno.com.br\/noticias\/#organization\"},\"potentialAction\":[{\"@type\":\"SearchAction\",\"target\":{\"@type\":\"EntryPoint\",\"urlTemplate\":\"https:\/\/www.suno.com.br\/noticias\/?s={search_term_string}\"},\"query-input\":{\"@type\":\"PropertyValueSpecification\",\"valueRequired\":true,\"valueName\":\"search_term_string\"}}],\"inLanguage\":\"pt-BR\"},{\"@type\":\"Organization\",\"@id\":\"https:\/\/www.suno.com.br\/noticias\/#organization\",\"name\":\"Suno Not\u00edcias\",\"url\":\"https:\/\/www.suno.com.br\/noticias\/\",\"logo\":{\"@type\":\"ImageObject\",\"inLanguage\":\"pt-BR\",\"@id\":\"https:\/\/www.suno.com.br\/noticias\/#\/schema\/logo\/image\/\",\"url\":\"https:\/\/files.sunoresearch.com.br\/n\/uploads\/2021\/09\/suno-logo.png\",\"contentUrl\":\"https:\/\/files.sunoresearch.com.br\/n\/uploads\/2021\/09\/suno-logo.png\",\"width\":180,\"height\":180,\"caption\":\"Suno Not\u00edcias\"},\"image\":{\"@id\":\"https:\/\/www.suno.com.br\/noticias\/#\/schema\/logo\/image\/\"},\"sameAs\":[\"https:\/\/facebook.com\/sunoresearch\",\"https:\/\/x.com\/sunoresearch\",\"https:\/\/www.instagram.com\/suno\",\"https:\/\/www.linkedin.com\/company\/suno-research\/\",\"https:\/\/www.youtube.com\/c\/sunoresearch\"]},{\"@type\":\"Person\",\"@id\":\"https:\/\/www.suno.com.br\/noticias\/#\/schema\/person\/fc144a1c6108bd1dcd43784e88a3c138\",\"name\":\"Renan Bandeira\",\"image\":{\"@type\":\"ImageObject\",\"inLanguage\":\"pt-BR\",\"@id\":\"https:\/\/www.suno.com.br\/noticias\/#\/schema\/person\/image\/\",\"url\":\"https:\/\/secure.gravatar.com\/avatar\/68359cdb608f14f11bbefcb78f3fc747?s=96&r=g\",\"contentUrl\":\"https:\/\/secure.gravatar.com\/avatar\/68359cdb608f14f11bbefcb78f3fc747?s=96&r=g\",\"caption\":\"Renan Bandeira\"},\"description\":\"Renan Bandeira escreve sobre pol\u00edtica e economia para o portal da Suno Research. Antes da Suno, trabalhou em uma rede de televis\u00e3o, onde fazia reportagens sobre os mesmos temas. Estuda na Universidade Metodista de S\u00e3o Paulo.\",\"url\":\"https:\/\/www.suno.com.br\/noticias\/author\/renan-bandeira\/\"}]}<\/script>\n<!-- \/ Yoast SEO plugin. -->","yoast_head_json":{"title":"Allianz faz oferta pelo setor de autom\u00f3veis da SulAmerica","description":"Os valores ainda n\u00e3o foram comunicados; Allianz e SulAmerica passaram a tratar do assunto em discuss\u00f5es bilaterais. Clique para saber mais.","robots":{"index":"index","follow":"follow","max-snippet":"max-snippet:-1","max-image-preview":"max-image-preview:large","max-video-preview":"max-video-preview:-1"},"canonical":"https:\/\/www.suno.com.br\/noticias\/allianz-oferta-automoveis-sulamerica\/","og_locale":"pt_BR","og_type":"article","og_title":"Allianz faz oferta pelo setor de autom\u00f3veis da SulAmerica","og_description":"Os valores ainda n\u00e3o foram comunicados; Allianz e SulAmerica passaram a tratar do assunto em discuss\u00f5es bilaterais. Clique para saber mais.","og_url":"https:\/\/www.suno.com.br\/noticias\/allianz-oferta-automoveis-sulamerica\/","og_site_name":"Suno Not\u00edcias","article_publisher":"https:\/\/facebook.com\/sunoresearch","og_image":[{"width":1024,"height":682,"url":"https:\/\/files.sunoresearch.com.br\/n\/uploads\/2019\/07\/f9b1e5c3-allianz-1024x682.jpg","type":"image\/jpeg"}],"author":"Renan Bandeira","twitter_card":"summary_large_image","twitter_creator":"@sunoresearch","twitter_site":"@sunoresearch","twitter_misc":{"Escrito por":"Renan Bandeira","Est. tempo de leitura":"2 minutos"},"schema":{"@context":"https:\/\/schema.org","@graph":[{"@type":"NewsArticle","@id":"https:\/\/www.suno.com.br\/noticias\/allianz-oferta-automoveis-sulamerica\/#article","isPartOf":{"@id":"https:\/\/www.suno.com.br\/noticias\/allianz-oferta-automoveis-sulamerica\/"},"author":{"name":"Renan Bandeira","@id":"https:\/\/www.suno.com.br\/noticias\/#\/schema\/person\/fc144a1c6108bd1dcd43784e88a3c138"},"headline":"Allianz faz oferta pelo setor de autom\u00f3veis da SulAmerica","datePublished":"2019-07-02T15:18:16+00:00","mainEntityOfPage":{"@id":"https:\/\/www.suno.com.br\/noticias\/allianz-oferta-automoveis-sulamerica\/"},"wordCount":371,"publisher":{"@id":"https:\/\/www.suno.com.br\/noticias\/#organization"},"image":{"@id":"https:\/\/www.suno.com.br\/noticias\/allianz-oferta-automoveis-sulamerica\/#primaryimage"},"thumbnailUrl":"https:\/\/files.sunoresearch.com.br\/n\/uploads\/2019\/07\/f9b1e5c3-allianz-scaled.webp","articleSection":["Neg\u00f3cios"],"inLanguage":"pt-BR"},{"@type":"WebPage","@id":"https:\/\/www.suno.com.br\/noticias\/allianz-oferta-automoveis-sulamerica\/","url":"https:\/\/www.suno.com.br\/noticias\/allianz-oferta-automoveis-sulamerica\/","name":"Allianz faz oferta pelo setor de autom\u00f3veis da SulAmerica","isPartOf":{"@id":"https:\/\/www.suno.com.br\/noticias\/#website"},"primaryImageOfPage":{"@id":"https:\/\/www.suno.com.br\/noticias\/allianz-oferta-automoveis-sulamerica\/#primaryimage"},"image":{"@id":"https:\/\/www.suno.com.br\/noticias\/allianz-oferta-automoveis-sulamerica\/#primaryimage"},"thumbnailUrl":"https:\/\/files.sunoresearch.com.br\/n\/uploads\/2019\/07\/f9b1e5c3-allianz-scaled.webp","datePublished":"2019-07-02T15:18:16+00:00","description":"Os valores ainda n\u00e3o foram comunicados; Allianz e SulAmerica passaram a tratar do assunto em discuss\u00f5es bilaterais. Clique para saber mais.","breadcrumb":{"@id":"https:\/\/www.suno.com.br\/noticias\/allianz-oferta-automoveis-sulamerica\/#breadcrumb"},"inLanguage":"pt-BR","potentialAction":[{"@type":"ReadAction","target":["https:\/\/www.suno.com.br\/noticias\/allianz-oferta-automoveis-sulamerica\/"]}]},{"@type":"ImageObject","inLanguage":"pt-BR","@id":"https:\/\/www.suno.com.br\/noticias\/allianz-oferta-automoveis-sulamerica\/#primaryimage","url":"https:\/\/files.sunoresearch.com.br\/n\/uploads\/2019\/07\/f9b1e5c3-allianz-scaled.webp","contentUrl":"https:\/\/files.sunoresearch.com.br\/n\/uploads\/2019\/07\/f9b1e5c3-allianz-scaled.webp","width":2560,"height":1706,"caption":"A SulAm\u00e9rica (SULA11) liderou ganhos do Ibovespa na Semana. Foto: divulga\u00e7\u00e3o"},{"@type":"BreadcrumbList","@id":"https:\/\/www.suno.com.br\/noticias\/allianz-oferta-automoveis-sulamerica\/#breadcrumb","itemListElement":[{"@type":"ListItem","position":1,"name":"Not\u00edcias","item":"https:\/\/www.suno.com.br\/noticias\/"},{"@type":"ListItem","position":2,"name":"Neg\u00f3cios","item":"https:\/\/www.suno.com.br\/noticias\/negocios\/"},{"@type":"ListItem","position":3,"name":"Allianz faz oferta pelo setor de autom\u00f3veis da SulAmerica"}]},{"@type":"WebSite","@id":"https:\/\/www.suno.com.br\/noticias\/#website","url":"https:\/\/www.suno.com.br\/noticias\/","name":"Suno Not\u00edcias","description":"Seu portal de informa\u00e7\u00e3o sobre o mundo dos investimentos","publisher":{"@id":"https:\/\/www.suno.com.br\/noticias\/#organization"},"potentialAction":[{"@type":"SearchAction","target":{"@type":"EntryPoint","urlTemplate":"https:\/\/www.suno.com.br\/noticias\/?s={search_term_string}"},"query-input":{"@type":"PropertyValueSpecification","valueRequired":true,"valueName":"search_term_string"}}],"inLanguage":"pt-BR"},{"@type":"Organization","@id":"https:\/\/www.suno.com.br\/noticias\/#organization","name":"Suno Not\u00edcias","url":"https:\/\/www.suno.com.br\/noticias\/","logo":{"@type":"ImageObject","inLanguage":"pt-BR","@id":"https:\/\/www.suno.com.br\/noticias\/#\/schema\/logo\/image\/","url":"https:\/\/files.sunoresearch.com.br\/n\/uploads\/2021\/09\/suno-logo.png","contentUrl":"https:\/\/files.sunoresearch.com.br\/n\/uploads\/2021\/09\/suno-logo.png","width":180,"height":180,"caption":"Suno Not\u00edcias"},"image":{"@id":"https:\/\/www.suno.com.br\/noticias\/#\/schema\/logo\/image\/"},"sameAs":["https:\/\/facebook.com\/sunoresearch","https:\/\/x.com\/sunoresearch","https:\/\/www.instagram.com\/suno","https:\/\/www.linkedin.com\/company\/suno-research\/","https:\/\/www.youtube.com\/c\/sunoresearch"]},{"@type":"Person","@id":"https:\/\/www.suno.com.br\/noticias\/#\/schema\/person\/fc144a1c6108bd1dcd43784e88a3c138","name":"Renan Bandeira","image":{"@type":"ImageObject","inLanguage":"pt-BR","@id":"https:\/\/www.suno.com.br\/noticias\/#\/schema\/person\/image\/","url":"https:\/\/secure.gravatar.com\/avatar\/68359cdb608f14f11bbefcb78f3fc747?s=96&r=g","contentUrl":"https:\/\/secure.gravatar.com\/avatar\/68359cdb608f14f11bbefcb78f3fc747?s=96&r=g","caption":"Renan Bandeira"},"description":"Renan Bandeira escreve sobre pol\u00edtica e economia para o portal da Suno Research. Antes da Suno, trabalhou em uma rede de televis\u00e3o, onde fazia reportagens sobre os mesmos temas. Estuda na Universidade Metodista de S\u00e3o Paulo.","url":"https:\/\/www.suno.com.br\/noticias\/author\/renan-bandeira\/"}]}},"default_loop_html":"<div class=\"cardsPage__listCard__boxs\"><div class=\"cardsPage__listCard__boxs__img\"><a href=\"https:\/\/www.suno.com.br\/noticias\/allianz-oferta-automoveis-sulamerica\/\"><img class=\"mask\" src=\"https:\/\/www.suno.com.br\/noticias\/wp-content\/themes\/suno\/resources\/images\/spotlight\/spotlight1img\/bg-mask.png\" alt=\"Image Mask\"\/><img src=\"https:\/\/files.sunoresearch.com.br\/n\/uploads\/2019\/07\/f9b1e5c3-allianz-400x200.webp\" alt=\"Allianz faz oferta pelo setor de autom\u00f3veis da SulAmerica\"\/><\/a><span class=\"spotlightCategory\"><a href=\"https:\/\/www.suno.com.br\/noticias\/negocios\/\">Neg\u00f3cios<\/a><\/span><\/div><div class=\"cardsPage__listCard__boxs__content\"><a href=\"https:\/\/www.suno.com.br\/noticias\/allianz-oferta-automoveis-sulamerica\/\"><h2 class=\"content__title\">Allianz faz oferta pelo setor de autom\u00f3veis da SulAmerica<\/h2><\/a><div class=\"newsContent__article__meta\"><div class=\"newsContent__article__meta__authorBox\"><a href=\"https:\/\/www.suno.com.br\/noticias\/author\/renan-bandeira\/\" class=\"authorBox__avatar noMobi\"><img src=\"https:\/\/secure.gravatar.com\/avatar\/68359cdb608f14f11bbefcb78f3fc747?s=96&#038;r=g\" alt=\"Renan Bandeira\"><\/a><div class=\"authorBox__name\"><span>por\n\t\t\t<a href=\"https:\/\/www.suno.com.br\/noticias\/author\/renan-bandeira\/\"><span itemprop=\"author\">Renan Bandeira<\/span><\/a><\/span><time datetime=\"2019-07-02T12:18:16-03:00\" itemprop=\"datePublished\">02\/07\/2019 12:18<\/time><\/div><\/div><\/div><\/div><\/div>","single_layout":"posts","amp_enabled":true,"_links":{"self":[{"href":"https:\/\/www.suno.com.br\/noticias\/wp-json\/wp\/v2\/posts\/29776"}],"collection":[{"href":"https:\/\/www.suno.com.br\/noticias\/wp-json\/wp\/v2\/posts"}],"about":[{"href":"https:\/\/www.suno.com.br\/noticias\/wp-json\/wp\/v2\/types\/post"}],"author":[{"embeddable":true,"href":"https:\/\/www.suno.com.br\/noticias\/wp-json\/wp\/v2\/users\/11"}],"replies":[{"embeddable":true,"href":"https:\/\/www.suno.com.br\/noticias\/wp-json\/wp\/v2\/comments?post=29776"}],"version-history":[{"count":0,"href":"https:\/\/www.suno.com.br\/noticias\/wp-json\/wp\/v2\/posts\/29776\/revisions"}],"wp:featuredmedia":[{"embeddable":true,"href":"https:\/\/www.suno.com.br\/noticias\/wp-json\/wp\/v2\/media\/29786"}],"wp:attachment":[{"href":"https:\/\/www.suno.com.br\/noticias\/wp-json\/wp\/v2\/media?parent=29776"}],"wp:term":[{"taxonomy":"category","embeddable":true,"href":"https:\/\/www.suno.com.br\/noticias\/wp-json\/wp\/v2\/categories?post=29776"},{"taxonomy":"post_tag","embeddable":true,"href":"https:\/\/www.suno.com.br\/noticias\/wp-json\/wp\/v2\/tags?post=29776"},{"taxonomy":"suno_strategy","embeddable":true,"href":"https:\/\/www.suno.com.br\/noticias\/wp-json\/wp\/v2\/suno_strategy?post=29776"}],"curies":[{"name":"wp","href":"https:\/\/api.w.org\/{rel}","templated":true}]}}