{"id":29765,"date":"2019-07-02T11:25:18","date_gmt":"2019-07-02T14:25:18","guid":{"rendered":"https:\/\/www.suno.com.br\/noticias\/?p=29765"},"modified":"2021-06-11T14:17:46","modified_gmt":"2021-06-11T17:17:46","slug":"light-prepara-oferta-acoes","status":"publish","type":"post","link":"https:\/\/www.suno.com.br\/noticias\/light-prepara-oferta-acoes\/","title":{"rendered":"Light prepara oferta de mais de R$ 2 bilh\u00f5es em a\u00e7\u00f5es"},"content":{"rendered":"<p>A companhia el\u00e9trica Light decidiu fazer uma oferta p\u00fablica prim\u00e1ria e secund\u00e1ria de 111,1 milh\u00f5es de a\u00e7\u00f5es. A medida foi aprovada pelo conselho de administra\u00e7\u00e3o da empresa e foi divulgado em fato relevante na \u00faltima segunda (1).<\/p>\t<div class=\"wrapper-featured-image\">\n\t\t<figure class=\"spotlightImg\">\n\n\t\t\t<picture>\n\t\t\t\t<source media=\"(max-width: 768px)\" srcset=\"https:\/\/files.sunoresearch.com.br\/n\/uploads\/2019\/07\/5cb3bb90-light-400x200.webp\">\n\t\t\t\t<img loading=\"lazy\" decoding=\"async\" class=\"newsContent__article__imgCapa lazyloadDisabled newsContent__article__imgCapa--noCaption\" src=\"https:\/\/files.sunoresearch.com.br\/n\/uploads\/2019\/07\/5cb3bb90-light-800x450.webp\" width=\"800\" height=\"450\" alt=\"Light prepara oferta de mais de R$ 2 bilh\u00f5es em a\u00e7\u00f5es\" fetchpriority=high \/>\n\t\t\t<\/picture>\n\n\t\t\t<figcaption class=\"wp-caption-text wp-caption-text--hide\">Light<\/figcaption>\n\t\t<\/figure>\n\t<\/div>\n\n\n\t<p>\n\t\t<a href=\"https:\/\/lp.suno.com.br\/ao\/sessao-estrategica-consultoria-c\/?utm_source=suno-noticias&#038;utm_medium=banner&#038;utm_campaign=_SNC36CE4E9F_&#038;utm_content=fundos-imobiliarios-ou-imoveis-onde-investir-500-mil-go\" target=\"_blank\" data-element=\"shortcode-suno-banner\" title=\"Banner SUNO, clique e saiba mais\">\n\t\t\t<picture>\n\t\t\t\t<source media=\"(max-width: 500px)\" srcset=\"https:\/\/files.sunoresearch.com.br\/n\/uploads\/2025\/09\/300x400.webp\">\n\t\t\t\t<img class=\"newsContent__article__imgCapa newsContent__article__imgCapa--banner\"\n\t\t\t\t\tsrc=\"https:\/\/files.sunoresearch.com.br\/n\/uploads\/2025\/09\/SN-DT-1420x240-1.webp\"\n\t\t\t\t\tdata-promo-id=\"635171\"\t\t\t\t\t\t\t\t\t\twidth='1420' height='240'\t\t\t\t\talt=\"https:\/\/files.sunoresearch.com.br\/n\/uploads\/2025\/09\/SN-DT-1420x240-1.webp\"\n\t\t\t\t>\n\t\t\t<\/picture>\n\t\t<\/a>\n\t<\/p>\n\n\n<p>De acordo com o documento da <strong>Light<\/strong>, ser\u00e3o 100 milh\u00f5es de a\u00e7\u00f5es ordin\u00e1rias e outras 11,1 milh\u00f5es de <strong>a\u00e7\u00f5es<\/strong> secund\u00e1rias que pertencem a <strong>Companhia Energ\u00e9tica de Minas Gerais (Cemig)<\/strong>, que possui 49,99% do capital da companhia el\u00e9trica, equivalente a cerca de 101,9 milh\u00f5es de a\u00e7\u00f5es. O processo de <em>bookbuilding<\/em> vai at\u00e9 8 de julho.<\/p>\n<p>Se os pap\u00e9is fossem negociados com o valor de fechamento do \u00faltimo preg\u00e3o (R$ 18,58 cada a\u00e7\u00e3o), o neg\u00f3cio movimentaria cerca de R$ 2,09 bilh\u00f5es.<\/p>\n<p>A Light ainda afirmou que as <strong>a\u00e7\u00f5es<\/strong> <strong>ofertadas<\/strong> podem ter um acr\u00e9scimo de 20%, chegando a 22,2 milh\u00f5es de pap\u00e9is, envolvendo a\u00e7\u00f5es da el\u00e9trica e da Cemig nos mesmo valores das demais negociadas.<\/p>\n<p>O valor das a\u00e7\u00f5es e a aprova\u00e7\u00e3o do <strong>aumento<\/strong> <strong>de<\/strong> <strong>capital<\/strong> v\u00e3o passar por avalia\u00e7\u00e3o do conselho de administra\u00e7\u00e3o da empresa. No entanto, isso s\u00f3 passar\u00e1 a ser discutido depois que a Light finalizar o processo de capta\u00e7\u00e3o de inten\u00e7\u00f5es de investimentos e investidores profissionais.<\/p>\n<p><a href=\"https:\/\/www.suno.com.br\/noticias\/magazine-luiza-abrir-lojas-fisicas-netshoes-no-pais\/\">Saiba mais:\u00a0Magazine Luiza estuda abrir lojas f\u00edsicas da Netshoes no pa\u00eds<\/a><\/p>\n<p>A oferta ser\u00e1 coordenada pelas seguintes institui\u00e7\u00f5es:<\/p>\n<ul>\n<li><strong>Banco Ita\u00fa (L\u00edder);<\/strong><\/li>\n<li><strong>Citi;<\/strong><\/li>\n<li><strong>Santander;<\/strong><\/li>\n<li><strong>XP;<\/strong><\/li>\n<li><strong>BTG Pactual;<\/strong><\/li>\n<li><strong>Bradesco BBI;<\/strong><\/li>\n<li><strong>BB Invetimentos.<\/strong><\/li>\n<\/ul>\n<p>De acordo com a empresa, ainda ser\u00e1 buscado uma coloca\u00e7\u00e3o das a\u00e7\u00f5es o exterior.<\/p>\n<h2>Recursos para a Light<\/h2>\n<p>Por meio do fato relevante a empresa afirmou que os recursos adquiridos no neg\u00f3cio ser\u00e3o destinados &#8220;para fortalecimento e otimiza\u00e7\u00e3o de sua estrutura de capital, reduzindo assim o seu n\u00edvel de endividamento e melhorando sua posi\u00e7\u00e3o de caixa.<\/p>\n\t<p>\n\t\t<a href=\"https:\/\/lp.suno.com.br\/ebook-investindo-em-dividendos\/\" target=\"_blank\" data-element=\"shortcode-suno-banner\" title=\"Banner SUNO, clique e saiba mais\">\n\t\t\t<picture>\n\t\t\t\t<source media=\"(max-width: 500px)\" srcset=\"https:\/\/files.sunoresearch.com.br\/n\/uploads\/2023\/03\/400x300-Dividendos.png\">\n\t\t\t\t<img class=\"newsContent__article__imgCapa newsContent__article__imgCapa--banner\"\n\t\t\t\t\tsrc=\"https:\/\/files.sunoresearch.com.br\/n\/uploads\/2023\/03\/1420x240-Dividendos.png\"\n\t\t\t\t\tdata-promo-id=\"383163\"\t\t\t\t\t\t\t\t\t\twidth='1420' height='240'\t\t\t\t\talt=\"https:\/\/files.sunoresearch.com.br\/n\/uploads\/2023\/03\/1420x240-Dividendos.png\"\n\t\t\t\t>\n\t\t\t<\/picture>\n\t\t<\/a>\n\t<\/p>\n\n\n<p>Alinhado a Light, a <strong>Cemig<\/strong> decidiu reduzir seu plano inicial de oferta de a\u00e7\u00f5es dando prefer\u00eancia para que a el\u00e9trica ofertasse mais pap\u00e9is e assim conseguisse mais recursos.<\/p>\n<p>A <strong>Light<\/strong> \u00e9 quem distribui eletricidade na regi\u00e3o metropolitana do Rio de Janeiro.<\/p>\n","protected":false},"excerpt":{"rendered":"<p>A companhia el\u00e9trica Light decidiu fazer uma oferta p\u00fablica prim\u00e1ria e secund\u00e1ria de 111,1 milh\u00f5es de a\u00e7\u00f5es. A medida foi aprovada pelo conselho de administra\u00e7\u00e3o da empresa e foi divulgado em fato relevante na \u00faltima segunda (1). Light De acordo com o documento da Light, ser\u00e3o 100 milh\u00f5es de a\u00e7\u00f5es ordin\u00e1rias e outras 11,1 milh\u00f5es [&hellip;]<\/p>\n","protected":false},"author":11,"featured_media":29775,"comment_status":"closed","ping_status":"closed","sticky":false,"template":"","format":"standard","meta":[],"categories":[64],"tags":[420,41531],"suno_strategy":[],"class_list":["post-29765","post","type-post","status-publish","format-standard","has-post-thumbnail","hentry","category-negocios","tag-cemig-cmig3-cmig4","tag-light-ligt3"],"yoast_head":"<!-- This site is optimized with the Yoast SEO plugin v24.4 - https:\/\/yoast.com\/wordpress\/plugins\/seo\/ -->\n<title>Light prepara oferta de mais de R$ 2 bilh\u00f5es em a\u00e7\u00f5es<\/title>\n<meta name=\"description\" content=\"A Light decidiu fazer uma oferta p\u00fablica prim\u00e1ria e secund\u00e1ria de soma 111,1 milh\u00f5es de a\u00e7\u00f5es. Clique para saber mais.\" \/>\n<meta name=\"robots\" content=\"index, follow, max-snippet:-1, max-image-preview:large, max-video-preview:-1\" \/>\n<link rel=\"canonical\" href=\"https:\/\/www.suno.com.br\/noticias\/light-prepara-oferta-acoes\/\" \/>\n<meta property=\"og:locale\" content=\"pt_BR\" \/>\n<meta property=\"og:type\" content=\"article\" \/>\n<meta property=\"og:title\" content=\"Light prepara oferta de mais de R$ 2 bilh\u00f5es em a\u00e7\u00f5es\" \/>\n<meta property=\"og:description\" content=\"A Light decidiu fazer uma oferta p\u00fablica prim\u00e1ria e secund\u00e1ria de soma 111,1 milh\u00f5es de a\u00e7\u00f5es. Clique para saber mais.\" \/>\n<meta property=\"og:url\" content=\"https:\/\/www.suno.com.br\/noticias\/light-prepara-oferta-acoes\/\" \/>\n<meta property=\"og:site_name\" content=\"Suno Not\u00edcias\" \/>\n<meta property=\"article:publisher\" content=\"https:\/\/facebook.com\/sunoresearch\" \/>\n<meta property=\"og:image\" content=\"https:\/\/files.sunoresearch.com.br\/n\/uploads\/2019\/07\/5cb3bb90-light.jpg\" \/>\n\t<meta property=\"og:image:width\" content=\"800\" \/>\n\t<meta property=\"og:image:height\" content=\"600\" \/>\n\t<meta property=\"og:image:type\" content=\"image\/jpeg\" \/>\n<meta name=\"author\" content=\"Renan Bandeira\" \/>\n<meta name=\"twitter:card\" content=\"summary_large_image\" \/>\n<meta name=\"twitter:creator\" content=\"@sunoresearch\" \/>\n<meta name=\"twitter:site\" content=\"@sunoresearch\" \/>\n<meta name=\"twitter:label1\" content=\"Escrito por\" \/>\n\t<meta name=\"twitter:data1\" content=\"Renan Bandeira\" \/>\n\t<meta name=\"twitter:label2\" content=\"Est. tempo de leitura\" \/>\n\t<meta name=\"twitter:data2\" content=\"2 minutos\" \/>\n<script type=\"application\/ld+json\" class=\"yoast-schema-graph\">{\"@context\":\"https:\/\/schema.org\",\"@graph\":[{\"@type\":\"NewsArticle\",\"@id\":\"https:\/\/www.suno.com.br\/noticias\/light-prepara-oferta-acoes\/#article\",\"isPartOf\":{\"@id\":\"https:\/\/www.suno.com.br\/noticias\/light-prepara-oferta-acoes\/\"},\"author\":{\"name\":\"Renan Bandeira\",\"@id\":\"https:\/\/www.suno.com.br\/noticias\/#\/schema\/person\/fc144a1c6108bd1dcd43784e88a3c138\"},\"headline\":\"Light prepara oferta de mais de R$ 2 bilh\u00f5es em a\u00e7\u00f5es\",\"datePublished\":\"2019-07-02T14:25:18+00:00\",\"dateModified\":\"2021-06-11T17:17:46+00:00\",\"mainEntityOfPage\":{\"@id\":\"https:\/\/www.suno.com.br\/noticias\/light-prepara-oferta-acoes\/\"},\"wordCount\":380,\"publisher\":{\"@id\":\"https:\/\/www.suno.com.br\/noticias\/#organization\"},\"image\":{\"@id\":\"https:\/\/www.suno.com.br\/noticias\/light-prepara-oferta-acoes\/#primaryimage\"},\"thumbnailUrl\":\"https:\/\/files.sunoresearch.com.br\/n\/uploads\/2019\/07\/5cb3bb90-light-jpg.webp\",\"keywords\":[\"Cemig (CMIG3\/CMIG4)\",\"Light (LIGT3)\"],\"articleSection\":[\"Neg\u00f3cios\"],\"inLanguage\":\"pt-BR\"},{\"@type\":\"WebPage\",\"@id\":\"https:\/\/www.suno.com.br\/noticias\/light-prepara-oferta-acoes\/\",\"url\":\"https:\/\/www.suno.com.br\/noticias\/light-prepara-oferta-acoes\/\",\"name\":\"Light prepara oferta de mais de R$ 2 bilh\u00f5es em a\u00e7\u00f5es\",\"isPartOf\":{\"@id\":\"https:\/\/www.suno.com.br\/noticias\/#website\"},\"primaryImageOfPage\":{\"@id\":\"https:\/\/www.suno.com.br\/noticias\/light-prepara-oferta-acoes\/#primaryimage\"},\"image\":{\"@id\":\"https:\/\/www.suno.com.br\/noticias\/light-prepara-oferta-acoes\/#primaryimage\"},\"thumbnailUrl\":\"https:\/\/files.sunoresearch.com.br\/n\/uploads\/2019\/07\/5cb3bb90-light-jpg.webp\",\"datePublished\":\"2019-07-02T14:25:18+00:00\",\"dateModified\":\"2021-06-11T17:17:46+00:00\",\"description\":\"A Light decidiu fazer uma oferta p\u00fablica prim\u00e1ria e secund\u00e1ria de soma 111,1 milh\u00f5es de a\u00e7\u00f5es. Clique para saber mais.\",\"breadcrumb\":{\"@id\":\"https:\/\/www.suno.com.br\/noticias\/light-prepara-oferta-acoes\/#breadcrumb\"},\"inLanguage\":\"pt-BR\",\"potentialAction\":[{\"@type\":\"ReadAction\",\"target\":[\"https:\/\/www.suno.com.br\/noticias\/light-prepara-oferta-acoes\/\"]}]},{\"@type\":\"ImageObject\",\"inLanguage\":\"pt-BR\",\"@id\":\"https:\/\/www.suno.com.br\/noticias\/light-prepara-oferta-acoes\/#primaryimage\",\"url\":\"https:\/\/files.sunoresearch.com.br\/n\/uploads\/2019\/07\/5cb3bb90-light-jpg.webp\",\"contentUrl\":\"https:\/\/files.sunoresearch.com.br\/n\/uploads\/2019\/07\/5cb3bb90-light-jpg.webp\",\"width\":800,\"height\":600,\"caption\":\"Light\"},{\"@type\":\"BreadcrumbList\",\"@id\":\"https:\/\/www.suno.com.br\/noticias\/light-prepara-oferta-acoes\/#breadcrumb\",\"itemListElement\":[{\"@type\":\"ListItem\",\"position\":1,\"name\":\"Not\u00edcias\",\"item\":\"https:\/\/www.suno.com.br\/noticias\/\"},{\"@type\":\"ListItem\",\"position\":2,\"name\":\"Neg\u00f3cios\",\"item\":\"https:\/\/www.suno.com.br\/noticias\/negocios\/\"},{\"@type\":\"ListItem\",\"position\":3,\"name\":\"Light prepara oferta de mais de R$ 2 bilh\u00f5es em a\u00e7\u00f5es\"}]},{\"@type\":\"WebSite\",\"@id\":\"https:\/\/www.suno.com.br\/noticias\/#website\",\"url\":\"https:\/\/www.suno.com.br\/noticias\/\",\"name\":\"Suno Not\u00edcias\",\"description\":\"Seu portal de informa\u00e7\u00e3o sobre o mundo dos investimentos\",\"publisher\":{\"@id\":\"https:\/\/www.suno.com.br\/noticias\/#organization\"},\"potentialAction\":[{\"@type\":\"SearchAction\",\"target\":{\"@type\":\"EntryPoint\",\"urlTemplate\":\"https:\/\/www.suno.com.br\/noticias\/?s={search_term_string}\"},\"query-input\":{\"@type\":\"PropertyValueSpecification\",\"valueRequired\":true,\"valueName\":\"search_term_string\"}}],\"inLanguage\":\"pt-BR\"},{\"@type\":\"Organization\",\"@id\":\"https:\/\/www.suno.com.br\/noticias\/#organization\",\"name\":\"Suno Not\u00edcias\",\"url\":\"https:\/\/www.suno.com.br\/noticias\/\",\"logo\":{\"@type\":\"ImageObject\",\"inLanguage\":\"pt-BR\",\"@id\":\"https:\/\/www.suno.com.br\/noticias\/#\/schema\/logo\/image\/\",\"url\":\"https:\/\/files.sunoresearch.com.br\/n\/uploads\/2021\/09\/suno-logo.png\",\"contentUrl\":\"https:\/\/files.sunoresearch.com.br\/n\/uploads\/2021\/09\/suno-logo.png\",\"width\":180,\"height\":180,\"caption\":\"Suno Not\u00edcias\"},\"image\":{\"@id\":\"https:\/\/www.suno.com.br\/noticias\/#\/schema\/logo\/image\/\"},\"sameAs\":[\"https:\/\/facebook.com\/sunoresearch\",\"https:\/\/x.com\/sunoresearch\",\"https:\/\/www.instagram.com\/suno\",\"https:\/\/www.linkedin.com\/company\/suno-research\/\",\"https:\/\/www.youtube.com\/c\/sunoresearch\"]},{\"@type\":\"Person\",\"@id\":\"https:\/\/www.suno.com.br\/noticias\/#\/schema\/person\/fc144a1c6108bd1dcd43784e88a3c138\",\"name\":\"Renan Bandeira\",\"image\":{\"@type\":\"ImageObject\",\"inLanguage\":\"pt-BR\",\"@id\":\"https:\/\/www.suno.com.br\/noticias\/#\/schema\/person\/image\/\",\"url\":\"https:\/\/secure.gravatar.com\/avatar\/68359cdb608f14f11bbefcb78f3fc747?s=96&r=g\",\"contentUrl\":\"https:\/\/secure.gravatar.com\/avatar\/68359cdb608f14f11bbefcb78f3fc747?s=96&r=g\",\"caption\":\"Renan Bandeira\"},\"description\":\"Renan Bandeira escreve sobre pol\u00edtica e economia para o portal da Suno Research. Antes da Suno, trabalhou em uma rede de televis\u00e3o, onde fazia reportagens sobre os mesmos temas. Estuda na Universidade Metodista de S\u00e3o Paulo.\",\"url\":\"https:\/\/www.suno.com.br\/noticias\/author\/renan-bandeira\/\"}]}<\/script>\n<!-- \/ Yoast SEO plugin. -->","yoast_head_json":{"title":"Light prepara oferta de mais de R$ 2 bilh\u00f5es em a\u00e7\u00f5es","description":"A Light decidiu fazer uma oferta p\u00fablica prim\u00e1ria e secund\u00e1ria de soma 111,1 milh\u00f5es de a\u00e7\u00f5es. Clique para saber mais.","robots":{"index":"index","follow":"follow","max-snippet":"max-snippet:-1","max-image-preview":"max-image-preview:large","max-video-preview":"max-video-preview:-1"},"canonical":"https:\/\/www.suno.com.br\/noticias\/light-prepara-oferta-acoes\/","og_locale":"pt_BR","og_type":"article","og_title":"Light prepara oferta de mais de R$ 2 bilh\u00f5es em a\u00e7\u00f5es","og_description":"A Light decidiu fazer uma oferta p\u00fablica prim\u00e1ria e secund\u00e1ria de soma 111,1 milh\u00f5es de a\u00e7\u00f5es. Clique para saber mais.","og_url":"https:\/\/www.suno.com.br\/noticias\/light-prepara-oferta-acoes\/","og_site_name":"Suno Not\u00edcias","article_publisher":"https:\/\/facebook.com\/sunoresearch","og_image":[{"width":800,"height":600,"url":"https:\/\/files.sunoresearch.com.br\/n\/uploads\/2019\/07\/5cb3bb90-light.jpg","type":"image\/jpeg"}],"author":"Renan Bandeira","twitter_card":"summary_large_image","twitter_creator":"@sunoresearch","twitter_site":"@sunoresearch","twitter_misc":{"Escrito por":"Renan Bandeira","Est. tempo de leitura":"2 minutos"},"schema":{"@context":"https:\/\/schema.org","@graph":[{"@type":"NewsArticle","@id":"https:\/\/www.suno.com.br\/noticias\/light-prepara-oferta-acoes\/#article","isPartOf":{"@id":"https:\/\/www.suno.com.br\/noticias\/light-prepara-oferta-acoes\/"},"author":{"name":"Renan Bandeira","@id":"https:\/\/www.suno.com.br\/noticias\/#\/schema\/person\/fc144a1c6108bd1dcd43784e88a3c138"},"headline":"Light prepara oferta de mais de R$ 2 bilh\u00f5es em a\u00e7\u00f5es","datePublished":"2019-07-02T14:25:18+00:00","dateModified":"2021-06-11T17:17:46+00:00","mainEntityOfPage":{"@id":"https:\/\/www.suno.com.br\/noticias\/light-prepara-oferta-acoes\/"},"wordCount":380,"publisher":{"@id":"https:\/\/www.suno.com.br\/noticias\/#organization"},"image":{"@id":"https:\/\/www.suno.com.br\/noticias\/light-prepara-oferta-acoes\/#primaryimage"},"thumbnailUrl":"https:\/\/files.sunoresearch.com.br\/n\/uploads\/2019\/07\/5cb3bb90-light-jpg.webp","keywords":["Cemig (CMIG3\/CMIG4)","Light (LIGT3)"],"articleSection":["Neg\u00f3cios"],"inLanguage":"pt-BR"},{"@type":"WebPage","@id":"https:\/\/www.suno.com.br\/noticias\/light-prepara-oferta-acoes\/","url":"https:\/\/www.suno.com.br\/noticias\/light-prepara-oferta-acoes\/","name":"Light prepara oferta de mais de R$ 2 bilh\u00f5es em a\u00e7\u00f5es","isPartOf":{"@id":"https:\/\/www.suno.com.br\/noticias\/#website"},"primaryImageOfPage":{"@id":"https:\/\/www.suno.com.br\/noticias\/light-prepara-oferta-acoes\/#primaryimage"},"image":{"@id":"https:\/\/www.suno.com.br\/noticias\/light-prepara-oferta-acoes\/#primaryimage"},"thumbnailUrl":"https:\/\/files.sunoresearch.com.br\/n\/uploads\/2019\/07\/5cb3bb90-light-jpg.webp","datePublished":"2019-07-02T14:25:18+00:00","dateModified":"2021-06-11T17:17:46+00:00","description":"A Light decidiu fazer uma oferta p\u00fablica prim\u00e1ria e secund\u00e1ria de soma 111,1 milh\u00f5es de a\u00e7\u00f5es. Clique para saber mais.","breadcrumb":{"@id":"https:\/\/www.suno.com.br\/noticias\/light-prepara-oferta-acoes\/#breadcrumb"},"inLanguage":"pt-BR","potentialAction":[{"@type":"ReadAction","target":["https:\/\/www.suno.com.br\/noticias\/light-prepara-oferta-acoes\/"]}]},{"@type":"ImageObject","inLanguage":"pt-BR","@id":"https:\/\/www.suno.com.br\/noticias\/light-prepara-oferta-acoes\/#primaryimage","url":"https:\/\/files.sunoresearch.com.br\/n\/uploads\/2019\/07\/5cb3bb90-light-jpg.webp","contentUrl":"https:\/\/files.sunoresearch.com.br\/n\/uploads\/2019\/07\/5cb3bb90-light-jpg.webp","width":800,"height":600,"caption":"Light"},{"@type":"BreadcrumbList","@id":"https:\/\/www.suno.com.br\/noticias\/light-prepara-oferta-acoes\/#breadcrumb","itemListElement":[{"@type":"ListItem","position":1,"name":"Not\u00edcias","item":"https:\/\/www.suno.com.br\/noticias\/"},{"@type":"ListItem","position":2,"name":"Neg\u00f3cios","item":"https:\/\/www.suno.com.br\/noticias\/negocios\/"},{"@type":"ListItem","position":3,"name":"Light prepara oferta de mais de R$ 2 bilh\u00f5es em a\u00e7\u00f5es"}]},{"@type":"WebSite","@id":"https:\/\/www.suno.com.br\/noticias\/#website","url":"https:\/\/www.suno.com.br\/noticias\/","name":"Suno Not\u00edcias","description":"Seu portal de informa\u00e7\u00e3o sobre o mundo dos investimentos","publisher":{"@id":"https:\/\/www.suno.com.br\/noticias\/#organization"},"potentialAction":[{"@type":"SearchAction","target":{"@type":"EntryPoint","urlTemplate":"https:\/\/www.suno.com.br\/noticias\/?s={search_term_string}"},"query-input":{"@type":"PropertyValueSpecification","valueRequired":true,"valueName":"search_term_string"}}],"inLanguage":"pt-BR"},{"@type":"Organization","@id":"https:\/\/www.suno.com.br\/noticias\/#organization","name":"Suno Not\u00edcias","url":"https:\/\/www.suno.com.br\/noticias\/","logo":{"@type":"ImageObject","inLanguage":"pt-BR","@id":"https:\/\/www.suno.com.br\/noticias\/#\/schema\/logo\/image\/","url":"https:\/\/files.sunoresearch.com.br\/n\/uploads\/2021\/09\/suno-logo.png","contentUrl":"https:\/\/files.sunoresearch.com.br\/n\/uploads\/2021\/09\/suno-logo.png","width":180,"height":180,"caption":"Suno Not\u00edcias"},"image":{"@id":"https:\/\/www.suno.com.br\/noticias\/#\/schema\/logo\/image\/"},"sameAs":["https:\/\/facebook.com\/sunoresearch","https:\/\/x.com\/sunoresearch","https:\/\/www.instagram.com\/suno","https:\/\/www.linkedin.com\/company\/suno-research\/","https:\/\/www.youtube.com\/c\/sunoresearch"]},{"@type":"Person","@id":"https:\/\/www.suno.com.br\/noticias\/#\/schema\/person\/fc144a1c6108bd1dcd43784e88a3c138","name":"Renan Bandeira","image":{"@type":"ImageObject","inLanguage":"pt-BR","@id":"https:\/\/www.suno.com.br\/noticias\/#\/schema\/person\/image\/","url":"https:\/\/secure.gravatar.com\/avatar\/68359cdb608f14f11bbefcb78f3fc747?s=96&r=g","contentUrl":"https:\/\/secure.gravatar.com\/avatar\/68359cdb608f14f11bbefcb78f3fc747?s=96&r=g","caption":"Renan Bandeira"},"description":"Renan Bandeira escreve sobre pol\u00edtica e economia para o portal da Suno Research. Antes da Suno, trabalhou em uma rede de televis\u00e3o, onde fazia reportagens sobre os mesmos temas. Estuda na Universidade Metodista de S\u00e3o Paulo.","url":"https:\/\/www.suno.com.br\/noticias\/author\/renan-bandeira\/"}]}},"default_loop_html":"<div class=\"cardsPage__listCard__boxs\"><div class=\"cardsPage__listCard__boxs__img\"><a href=\"https:\/\/www.suno.com.br\/noticias\/light-prepara-oferta-acoes\/\"><img class=\"mask\" src=\"https:\/\/www.suno.com.br\/noticias\/wp-content\/themes\/suno\/resources\/images\/spotlight\/spotlight1img\/bg-mask.png\" alt=\"Image Mask\"\/><img src=\"https:\/\/files.sunoresearch.com.br\/n\/uploads\/2019\/07\/5cb3bb90-light-400x200.webp\" alt=\"Light prepara oferta de mais de R$ 2 bilh\u00f5es em a\u00e7\u00f5es\"\/><\/a><span class=\"spotlightCategory\"><a href=\"https:\/\/www.suno.com.br\/noticias\/negocios\/\">Neg\u00f3cios<\/a><\/span><\/div><div class=\"cardsPage__listCard__boxs__content\"><a href=\"https:\/\/www.suno.com.br\/noticias\/light-prepara-oferta-acoes\/\"><h2 class=\"content__title\">Light prepara oferta de mais de R$ 2 bilh\u00f5es em a\u00e7\u00f5es<\/h2><\/a><div class=\"newsContent__article__meta\"><div class=\"newsContent__article__meta__authorBox\"><a href=\"https:\/\/www.suno.com.br\/noticias\/author\/renan-bandeira\/\" class=\"authorBox__avatar noMobi\"><img src=\"https:\/\/secure.gravatar.com\/avatar\/68359cdb608f14f11bbefcb78f3fc747?s=96&#038;r=g\" alt=\"Renan Bandeira\"><\/a><div class=\"authorBox__name\"><span>por\n\t\t\t<a href=\"https:\/\/www.suno.com.br\/noticias\/author\/renan-bandeira\/\"><span itemprop=\"author\">Renan Bandeira<\/span><\/a><\/span><time datetime=\"2019-07-02T11:25:18-03:00\" itemprop=\"datePublished\">02\/07\/2019 11:25<\/time><\/div><\/div><\/div><\/div><\/div>","single_layout":"posts","amp_enabled":true,"_links":{"self":[{"href":"https:\/\/www.suno.com.br\/noticias\/wp-json\/wp\/v2\/posts\/29765"}],"collection":[{"href":"https:\/\/www.suno.com.br\/noticias\/wp-json\/wp\/v2\/posts"}],"about":[{"href":"https:\/\/www.suno.com.br\/noticias\/wp-json\/wp\/v2\/types\/post"}],"author":[{"embeddable":true,"href":"https:\/\/www.suno.com.br\/noticias\/wp-json\/wp\/v2\/users\/11"}],"replies":[{"embeddable":true,"href":"https:\/\/www.suno.com.br\/noticias\/wp-json\/wp\/v2\/comments?post=29765"}],"version-history":[{"count":1,"href":"https:\/\/www.suno.com.br\/noticias\/wp-json\/wp\/v2\/posts\/29765\/revisions"}],"predecessor-version":[{"id":156349,"href":"https:\/\/www.suno.com.br\/noticias\/wp-json\/wp\/v2\/posts\/29765\/revisions\/156349"}],"wp:featuredmedia":[{"embeddable":true,"href":"https:\/\/www.suno.com.br\/noticias\/wp-json\/wp\/v2\/media\/29775"}],"wp:attachment":[{"href":"https:\/\/www.suno.com.br\/noticias\/wp-json\/wp\/v2\/media?parent=29765"}],"wp:term":[{"taxonomy":"category","embeddable":true,"href":"https:\/\/www.suno.com.br\/noticias\/wp-json\/wp\/v2\/categories?post=29765"},{"taxonomy":"post_tag","embeddable":true,"href":"https:\/\/www.suno.com.br\/noticias\/wp-json\/wp\/v2\/tags?post=29765"},{"taxonomy":"suno_strategy","embeddable":true,"href":"https:\/\/www.suno.com.br\/noticias\/wp-json\/wp\/v2\/suno_strategy?post=29765"}],"curies":[{"name":"wp","href":"https:\/\/api.w.org\/{rel}","templated":true}]}}