{"id":297508,"date":"2022-09-14T15:19:49","date_gmt":"2022-09-14T18:19:49","guid":{"rendered":"https:\/\/www.suno.com.br\/noticias\/?p=297508"},"modified":"2022-09-14T16:15:28","modified_gmt":"2022-09-14T19:15:28","slug":"petrobras-petr4-fiscal-inflacao-lula-bolsonaro","status":"publish","type":"post","link":"https:\/\/www.suno.com.br\/noticias\/petrobras-petr4-fiscal-inflacao-lula-bolsonaro\/","title":{"rendered":"Petrobras (PETR4), pol\u00edtica fiscal e infla\u00e7\u00e3o: o que esperar de Lula e Bolsonaro?"},"content":{"rendered":"<p>O que Jair <strong>Bolsonaro<\/strong> (PL) e Luiz In\u00e1cio Lula da Silva (PT) devem fazer com a economia, caso sejam eleitos \u00e0 presid\u00eancia do Brasil, \u00e9 uma das perguntas que mais mexem com mercado com a proximidade das elei\u00e7\u00f5es.<\/p>\t<div class=\"wrapper-featured-image\">\n\t\t<figure class=\"spotlightImg\">\n\n\t\t\t<picture>\n\t\t\t\t<source media=\"(max-width: 768px)\" srcset=\"https:\/\/files.sunoresearch.com.br\/n\/uploads\/2022\/09\/Lula-e-Bolsonaro-400x200.jpg\">\n\t\t\t\t<img loading=\"lazy\" decoding=\"async\" class=\"newsContent__article__imgCapa lazyloadDisabled \" src=\"https:\/\/files.sunoresearch.com.br\/n\/uploads\/2022\/09\/Lula-e-Bolsonaro-800x450.jpg\" width=\"800\" height=\"450\" alt=\"Petrobras (PETR4), pol\u00edtica fiscal e infla\u00e7\u00e3o: o que esperar de Lula e Bolsonaro?\" fetchpriority=high \/>\n\t\t\t<\/picture>\n\n\t\t\t<figcaption class=\"wp-caption-text wp-caption-text--show\">Tanto Lula quanto Bolsonaro devem taxar dividendos<\/figcaption>\n\t\t<\/figure>\n\t<\/div>\n\n\n\t<p>\n\t\t<a href=\"\" target=\"_blank\" data-element=\"shortcode-suno-banner\" title=\"Banner SUNO, clique e saiba mais\">\n\t\t\t<picture>\n\t\t\t\t<source media=\"(max-width: 500px)\" srcset=\"\">\n\t\t\t\t<img class=\"newsContent__article__imgCapa newsContent__article__imgCapa--banner\"\n\t\t\t\t\tsrc=\"\"\n\t\t\t\t\tdata-promo-id=\"254218\"\t\t\t\t\t\t\t\t\t\t\t\t\t\t\talt=\"\"\n\t\t\t\t>\n\t\t\t<\/picture>\n\t\t<\/a>\n\t<\/p>\n\n\n<p>Silvio Cascione, diretor da Eurasia Brasil, sabatinado no Bloomberg L\u00ednea Summit nesta quarta-feira (14), disse o que pode ocorrer com a <a class=\"suno-keyword\" href=\"https:\/\/www.suno.com.br\/acoes\/PETR4\/\" target=\"_blank\" rel=\"noopener\" data-force=\"yes\" data-priority=\"2\"><strong>Petrobras<\/strong> (PETR4)<\/a>, a infla\u00e7\u00e3o e a situa\u00e7\u00e3o fiscal do pa\u00eds com a eventual vit\u00f3ria de Lula ou Bolsonaro\u00a0nas<strong> elei\u00e7\u00f5es presidenciais.<\/strong><\/p>\n<p>Em mesa dividida com Karina Saade, Head da BlackRock Brasil, e Marcus Vin\u00edcios Gon\u00e7alves, diretor da Frankling Templeton, sobraram para Cascione as perguntas mais quentes, envolvendo os primeiros colocados nas pesquisas eleitorais.<\/p>\n<p>Logo de in\u00edcio, Cascione exp\u00f4s o cen\u00e1rio com o qual trabalha a Eurasia na previs\u00e3o das elei\u00e7\u00f5es.\u00a0O candidato Lula tem 65% de probabilidade de vit\u00f3ria em um eventual segundo turno, enquanto Bolsonaro tem 35%.<\/p>\n<p>E apesar de um atual vi\u00e9s de baixa para Lula, devido a uma recente melhora econ\u00f4mica na gest\u00e3o Bolsonaro, &#8220;at\u00e9 agora, n\u00e3o h\u00e1 dados para mudar esta probabilidade&#8221;, disse.<\/p>\n\t<p>\n\t\t<a href=\"https:\/\/lp.suno.com.br\/planilha-controle-gastos\/\" target=\"_blank\" data-element=\"shortcode-suno-banner\" title=\"Banner SUNO, clique e saiba mais\">\n\t\t\t<picture>\n\t\t\t\t<source media=\"(max-width: 500px)\" srcset=\"https:\/\/files.sunoresearch.com.br\/n\/uploads\/2023\/03\/400x300-Planilha-controle-de-gastos.png\">\n\t\t\t\t<img class=\"newsContent__article__imgCapa newsContent__article__imgCapa--banner\"\n\t\t\t\t\tsrc=\"https:\/\/files.sunoresearch.com.br\/n\/uploads\/2023\/03\/1420x240-Planilha-controle-de-gastos.png\"\n\t\t\t\t\tdata-promo-id=\"101751\"\t\t\t\t\t\t\t\t\t\twidth='1420' height='240'\t\t\t\t\talt=\"https:\/\/files.sunoresearch.com.br\/n\/uploads\/2023\/03\/1420x240-Planilha-controle-de-gastos.png\"\n\t\t\t\t>\n\t\t\t<\/picture>\n\t\t<\/a>\n\t<\/p>\n\n\n<h2><strong>Petrobras com Bolsonaro pode ser privatizada?<\/strong><\/h2>\n<p>Segundo o especialista, em um eventual segundo mandato, Bolsonaro continuaria com a agenda de colocar \u00e0 venda todas as estatais poss\u00edveis.<\/p>\n<p>&#8220;A Petrobras seria o carro chefe das<strong> privatiza\u00e7\u00f5es<\/strong> no segundo mandato&#8221;, disse.<\/p>\n<p>Cascione afirma que a empresa, no cen\u00e1rio com Bolsonaro, deve maximizar remunera\u00e7\u00e3o a acionistas e ser preparada para a venda.<\/p>\n<p>&#8220;No caso de Lula, as <strong>estatais<\/strong> n\u00e3o est\u00e3o \u00e0 venda. Elas s\u00e3o parte de estrat\u00e9gia do estado na indu\u00e7\u00e3o do crescimento econ\u00f4mico&#8221;, contrap\u00f4s.<\/p>\n<p>Em um cen\u00e1rio com Lula na presid\u00eancia, a estatal provavelmente se voltar\u00e1 para \u00e1reas como refino e g\u00e1s natural, das quais vem se retraindo.<\/p>\n<p>O palestrante pontuou, inclusive, que partes do n\u00facleo petista t\u00eam falado que a empresa atuaria em setores onde a <a class=\"suno-keyword\" href=\"https:\/\/www.suno.com.br\/acoes\/ELET3\/\" target=\"_blank\" rel=\"noopener\" data-force=\"yes\" data-priority=\"2\">Eletrobras (ELET3)<\/a>, privatizada na gest\u00e3o Bolsonaro, estava, como os renov\u00e1veis.<\/p>\n<p>&#8220;Deve, pouco a pouco, ela deve se transformar em uma empresa energ\u00e9tica, indo al\u00e9m do petr\u00f3leo e g\u00e1s. Para o acionista, menos <a class=\"suno-keyword\" href=\"https:\/\/www.suno.com.br\/guias\/dividendos\/\" target=\"_blank\" rel=\"noopener\" data-force=\"no\" data-priority=\"1\">dividendos<\/a> e mais investimentos no <a class=\"suno-keyword\" href=\"https:\/\/www.suno.com.br\/artigos\/longo-prazo\/\" target=\"_blank\" rel=\"noopener\" data-force=\"no\" data-priority=\"1\">longo prazo<\/a>&#8220;, disse.<\/p>\n\t<p>\n\t\t<a href=\"https:\/\/lp.suno.com.br\/ebook-como-analisar-uma-acao\/\" target=\"_blank\" data-element=\"shortcode-suno-banner\" title=\"Banner SUNO, clique e saiba mais\">\n\t\t\t<picture>\n\t\t\t\t<source media=\"(max-width: 500px)\" srcset=\"https:\/\/files.sunoresearch.com.br\/n\/uploads\/2023\/03\/Ebook-Acoes-Mobile-1.jpg\">\n\t\t\t\t<img class=\"newsContent__article__imgCapa newsContent__article__imgCapa--banner\"\n\t\t\t\t\tsrc=\"https:\/\/files.sunoresearch.com.br\/n\/uploads\/2023\/03\/Ebook-Acoes-Desktop-1.jpg\"\n\t\t\t\t\tdata-promo-id=\"171998\"\t\t\t\t\t\t\t\t\t\twidth='1420' height='286'\t\t\t\t\talt=\"https:\/\/files.sunoresearch.com.br\/n\/uploads\/2023\/03\/Ebook-Acoes-Desktop-1.jpg\"\n\t\t\t\t>\n\t\t\t<\/picture>\n\t\t<\/a>\n\t<\/p>\n\n\n<h2><strong>Pol\u00edtica monet\u00e1ria n\u00e3o muda<\/strong><\/h2>\n<p>Cascione foi enf\u00e1tico ao dizer que, independente do resultado do pleito, a <a class=\"suno-keyword\" href=\"https:\/\/www.suno.com.br\/artigos\/politica-monetaria\/\" target=\"_blank\" rel=\"noopener\" data-force=\"no\" data-priority=\"1\">pol\u00edtica monet\u00e1ria<\/a> n\u00e3o deve sofrer mudan\u00e7as dr\u00e1sticas.<\/p>\n<p>&#8220;A independ\u00eancia do Banco Central n\u00e3o muda e foco para atingimento da <a class=\"suno-keyword\" href=\"https:\/\/www.suno.com.br\/artigos\/meta-de-inflacao\/\" target=\"_blank\" rel=\"noopener\" data-force=\"no\" data-priority=\"1\">meta de infla\u00e7\u00e3o<\/a> tamb\u00e9m n\u00e3o&#8221;, disse.<\/p>\n<p>Ele lembra que, em 2002, Lula indicou o liberal Henrique Meirelles para a presid\u00eancia do BC, &#8220;podendo muito bem indicar figura para manter o BC no mesmo trilho&#8221;.<\/p>\n<h2>J\u00e1 a fiscal&#8230;<\/h2>\n<p>O diretor foi direto ao ponto para falar de diferentes cen\u00e1rios sobre a <a class=\"suno-keyword\" href=\"https:\/\/www.suno.com.br\/artigos\/politica-fiscal\/\" target=\"_blank\" rel=\"noopener\" data-force=\"no\" data-priority=\"1\">pol\u00edtica fiscal<\/a> no Brasil ap\u00f3s as elei\u00e7\u00f5es.<\/p>\n<p>Para o diretor, mesmo que o mercado esteja &#8220;traumatizado&#8221; com a quebra do <a class=\"suno-keyword\" href=\"https:\/\/www.suno.com.br\/artigos\/teto-de-gastos\/\" target=\"_blank\" rel=\"noopener\" data-force=\"no\" data-priority=\"1\">teto de gastos<\/a> por parte da gest\u00e3o Bolsonaro, ainda existem diferen\u00e7as relevantes a serem exploradas entre os dois planos de governo.<\/p>\n<p>Enquanto o petista visa aumentar o tamanho do estado, Bolsonaro deve retra\u00ed-lo.<\/p>\n<p>&#8220;Se Lula tem espa\u00e7o fiscal, a tend\u00eancia \u00e9 aumentar gasto. Se <strong>Bolsonaro<\/strong> tem espa\u00e7o fiscal, a tend\u00eancia \u00e9 cortar imposto&#8221;, cravou.<\/p>\n\t<p>\n\t\t<a href=\"https:\/\/lp.suno.com.br\/planilha-de-controle-de-investimentos\/\" target=\"_blank\" data-element=\"shortcode-suno-banner\" title=\"Banner SUNO, clique e saiba mais\">\n\t\t\t<picture>\n\t\t\t\t<source media=\"(max-width: 500px)\" srcset=\"https:\/\/files.sunoresearch.com.br\/n\/uploads\/2023\/03\/400x300-Controle-de-Investimentos.png\">\n\t\t\t\t<img class=\"newsContent__article__imgCapa newsContent__article__imgCapa--banner\"\n\t\t\t\t\tsrc=\"https:\/\/files.sunoresearch.com.br\/n\/uploads\/2023\/03\/1420x240-Controle-de-Investimentos.png\"\n\t\t\t\t\tdata-promo-id=\"75934\"\t\t\t\t\t\t\t\t\t\twidth='1420' height='240'\t\t\t\t\talt=\"https:\/\/files.sunoresearch.com.br\/n\/uploads\/2023\/03\/1420x240-Controle-de-Investimentos.png\"\n\t\t\t\t>\n\t\t\t<\/picture>\n\t\t<\/a>\n\t<\/p>\n\n\n","protected":false},"excerpt":{"rendered":"<p>O que Jair Bolsonaro (PL) e Luiz In\u00e1cio Lula da Silva (PT) devem fazer com a economia, caso sejam eleitos \u00e0 presid\u00eancia do Brasil, \u00e9 uma das perguntas que mais mexem com mercado com a proximidade das elei\u00e7\u00f5es. Tanto Lula quanto Bolsonaro devem taxar dividendos Silvio Cascione, diretor da Eurasia Brasil, sabatinado no Bloomberg L\u00ednea [&hellip;]<\/p>\n","protected":false},"author":192,"featured_media":297547,"comment_status":"closed","ping_status":"closed","sticky":false,"template":"","format":"standard","meta":[],"categories":[61],"tags":[697,105816,719,845,97358],"suno_strategy":[],"class_list":["post-297508","post","type-post","status-publish","format-standard","has-post-thumbnail","hentry","category-politica","tag-eleicoes","tag-especialistas","tag-jair-bolsonaro","tag-policia-federal","tag-politica-fiscal"],"yoast_head":"<!-- This site is optimized with the Yoast SEO plugin v24.4 - https:\/\/yoast.com\/wordpress\/plugins\/seo\/ -->\n<title>Petrobras (PETR4), pol\u00edtica fiscal e infla\u00e7\u00e3o: o Lula e Bolsonaro prop\u00f5em?<\/title>\n<meta name=\"description\" content=\"O diretor da Eurasia explicou os cen\u00e1rios da consultoria quanto a uma eventual vit\u00f3ria de Lula ou Bolsonaro nas elei\u00e7\u00f5es. Veja detalhes.\" \/>\n<meta name=\"robots\" content=\"index, follow, max-snippet:-1, max-image-preview:large, max-video-preview:-1\" \/>\n<link rel=\"canonical\" href=\"https:\/\/www.suno.com.br\/noticias\/petrobras-petr4-fiscal-inflacao-lula-bolsonaro\/\" \/>\n<meta property=\"og:locale\" content=\"pt_BR\" \/>\n<meta property=\"og:type\" content=\"article\" \/>\n<meta property=\"og:title\" content=\"Petrobras (PETR4), pol\u00edtica fiscal e infla\u00e7\u00e3o: o Lula e Bolsonaro prop\u00f5em?\" \/>\n<meta property=\"og:description\" content=\"O diretor da Eurasia explicou os cen\u00e1rios da consultoria quanto a uma eventual vit\u00f3ria de Lula ou Bolsonaro nas elei\u00e7\u00f5es. Veja detalhes.\" \/>\n<meta property=\"og:url\" content=\"https:\/\/www.suno.com.br\/noticias\/petrobras-petr4-fiscal-inflacao-lula-bolsonaro\/\" \/>\n<meta property=\"og:site_name\" content=\"Suno Not\u00edcias\" \/>\n<meta property=\"article:publisher\" content=\"https:\/\/facebook.com\/sunoresearch\" \/>\n<meta property=\"og:image\" content=\"https:\/\/files.sunoresearch.com.br\/n\/uploads\/2022\/09\/Lula-e-Bolsonaro.jpg\" \/>\n\t<meta property=\"og:image:width\" content=\"1252\" \/>\n\t<meta property=\"og:image:height\" content=\"804\" \/>\n\t<meta property=\"og:image:type\" content=\"image\/jpeg\" \/>\n<meta name=\"author\" content=\"Laura Intrieri\" \/>\n<meta name=\"twitter:card\" content=\"summary_large_image\" \/>\n<meta name=\"twitter:creator\" content=\"@sunoresearch\" \/>\n<meta name=\"twitter:site\" content=\"@sunoresearch\" \/>\n<meta name=\"twitter:label1\" content=\"Escrito por\" \/>\n\t<meta name=\"twitter:data1\" content=\"Laura Intrieri\" \/>\n\t<meta name=\"twitter:label2\" content=\"Est. tempo de leitura\" \/>\n\t<meta name=\"twitter:data2\" content=\"3 minutos\" \/>\n<script type=\"application\/ld+json\" class=\"yoast-schema-graph\">{\"@context\":\"https:\/\/schema.org\",\"@graph\":[{\"@type\":\"NewsArticle\",\"@id\":\"https:\/\/www.suno.com.br\/noticias\/petrobras-petr4-fiscal-inflacao-lula-bolsonaro\/#article\",\"isPartOf\":{\"@id\":\"https:\/\/www.suno.com.br\/noticias\/petrobras-petr4-fiscal-inflacao-lula-bolsonaro\/\"},\"author\":{\"name\":\"Laura Intrieri\",\"@id\":\"https:\/\/www.suno.com.br\/noticias\/#\/schema\/person\/653a8428016d45b19031651c57b94f82\"},\"headline\":\"Petrobras (PETR4), pol\u00edtica fiscal e infla\u00e7\u00e3o: o que esperar de Lula e Bolsonaro?\",\"datePublished\":\"2022-09-14T18:19:49+00:00\",\"dateModified\":\"2022-09-14T19:15:28+00:00\",\"mainEntityOfPage\":{\"@id\":\"https:\/\/www.suno.com.br\/noticias\/petrobras-petr4-fiscal-inflacao-lula-bolsonaro\/\"},\"wordCount\":586,\"publisher\":{\"@id\":\"https:\/\/www.suno.com.br\/noticias\/#organization\"},\"image\":{\"@id\":\"https:\/\/www.suno.com.br\/noticias\/petrobras-petr4-fiscal-inflacao-lula-bolsonaro\/#primaryimage\"},\"thumbnailUrl\":\"https:\/\/files.sunoresearch.com.br\/n\/uploads\/2022\/09\/Lula-e-Bolsonaro.jpg\",\"keywords\":[\"Elei\u00e7\u00f5es\",\"Especialistas\",\"Jair Bolsonaro\",\"Pol\u00edcia Federal\",\"pol\u00edtica fiscal\"],\"articleSection\":[\"Pol\u00edtica\"],\"inLanguage\":\"pt-BR\"},{\"@type\":\"WebPage\",\"@id\":\"https:\/\/www.suno.com.br\/noticias\/petrobras-petr4-fiscal-inflacao-lula-bolsonaro\/\",\"url\":\"https:\/\/www.suno.com.br\/noticias\/petrobras-petr4-fiscal-inflacao-lula-bolsonaro\/\",\"name\":\"Petrobras (PETR4), pol\u00edtica fiscal e infla\u00e7\u00e3o: o Lula e Bolsonaro prop\u00f5em?\",\"isPartOf\":{\"@id\":\"https:\/\/www.suno.com.br\/noticias\/#website\"},\"primaryImageOfPage\":{\"@id\":\"https:\/\/www.suno.com.br\/noticias\/petrobras-petr4-fiscal-inflacao-lula-bolsonaro\/#primaryimage\"},\"image\":{\"@id\":\"https:\/\/www.suno.com.br\/noticias\/petrobras-petr4-fiscal-inflacao-lula-bolsonaro\/#primaryimage\"},\"thumbnailUrl\":\"https:\/\/files.sunoresearch.com.br\/n\/uploads\/2022\/09\/Lula-e-Bolsonaro.jpg\",\"datePublished\":\"2022-09-14T18:19:49+00:00\",\"dateModified\":\"2022-09-14T19:15:28+00:00\",\"description\":\"O diretor da Eurasia explicou os cen\u00e1rios da consultoria quanto a uma eventual vit\u00f3ria de Lula ou Bolsonaro nas elei\u00e7\u00f5es. Veja detalhes.\",\"breadcrumb\":{\"@id\":\"https:\/\/www.suno.com.br\/noticias\/petrobras-petr4-fiscal-inflacao-lula-bolsonaro\/#breadcrumb\"},\"inLanguage\":\"pt-BR\",\"potentialAction\":[{\"@type\":\"ReadAction\",\"target\":[\"https:\/\/www.suno.com.br\/noticias\/petrobras-petr4-fiscal-inflacao-lula-bolsonaro\/\"]}]},{\"@type\":\"ImageObject\",\"inLanguage\":\"pt-BR\",\"@id\":\"https:\/\/www.suno.com.br\/noticias\/petrobras-petr4-fiscal-inflacao-lula-bolsonaro\/#primaryimage\",\"url\":\"https:\/\/files.sunoresearch.com.br\/n\/uploads\/2022\/09\/Lula-e-Bolsonaro.jpg\",\"contentUrl\":\"https:\/\/files.sunoresearch.com.br\/n\/uploads\/2022\/09\/Lula-e-Bolsonaro.jpg\",\"width\":1252,\"height\":804,\"caption\":\"Tanto Lula quanto Bolsonaro devem taxar dividendos\"},{\"@type\":\"BreadcrumbList\",\"@id\":\"https:\/\/www.suno.com.br\/noticias\/petrobras-petr4-fiscal-inflacao-lula-bolsonaro\/#breadcrumb\",\"itemListElement\":[{\"@type\":\"ListItem\",\"position\":1,\"name\":\"Not\u00edcias\",\"item\":\"https:\/\/www.suno.com.br\/noticias\/\"},{\"@type\":\"ListItem\",\"position\":2,\"name\":\"Pol\u00edtica\",\"item\":\"https:\/\/www.suno.com.br\/noticias\/politica\/\"},{\"@type\":\"ListItem\",\"position\":3,\"name\":\"Petrobras (PETR4), pol\u00edtica fiscal e infla\u00e7\u00e3o: o que esperar de Lula e Bolsonaro?\"}]},{\"@type\":\"WebSite\",\"@id\":\"https:\/\/www.suno.com.br\/noticias\/#website\",\"url\":\"https:\/\/www.suno.com.br\/noticias\/\",\"name\":\"Suno Not\u00edcias\",\"description\":\"Seu portal de informa\u00e7\u00e3o sobre o mundo dos investimentos\",\"publisher\":{\"@id\":\"https:\/\/www.suno.com.br\/noticias\/#organization\"},\"potentialAction\":[{\"@type\":\"SearchAction\",\"target\":{\"@type\":\"EntryPoint\",\"urlTemplate\":\"https:\/\/www.suno.com.br\/noticias\/?s={search_term_string}\"},\"query-input\":{\"@type\":\"PropertyValueSpecification\",\"valueRequired\":true,\"valueName\":\"search_term_string\"}}],\"inLanguage\":\"pt-BR\"},{\"@type\":\"Organization\",\"@id\":\"https:\/\/www.suno.com.br\/noticias\/#organization\",\"name\":\"Suno Not\u00edcias\",\"url\":\"https:\/\/www.suno.com.br\/noticias\/\",\"logo\":{\"@type\":\"ImageObject\",\"inLanguage\":\"pt-BR\",\"@id\":\"https:\/\/www.suno.com.br\/noticias\/#\/schema\/logo\/image\/\",\"url\":\"https:\/\/files.sunoresearch.com.br\/n\/uploads\/2021\/09\/suno-logo.png\",\"contentUrl\":\"https:\/\/files.sunoresearch.com.br\/n\/uploads\/2021\/09\/suno-logo.png\",\"width\":180,\"height\":180,\"caption\":\"Suno Not\u00edcias\"},\"image\":{\"@id\":\"https:\/\/www.suno.com.br\/noticias\/#\/schema\/logo\/image\/\"},\"sameAs\":[\"https:\/\/facebook.com\/sunoresearch\",\"https:\/\/x.com\/sunoresearch\",\"https:\/\/www.instagram.com\/suno\",\"https:\/\/www.linkedin.com\/company\/suno-research\/\",\"https:\/\/www.youtube.com\/c\/sunoresearch\"]},{\"@type\":\"Person\",\"@id\":\"https:\/\/www.suno.com.br\/noticias\/#\/schema\/person\/653a8428016d45b19031651c57b94f82\",\"name\":\"Laura Intrieri\",\"image\":{\"@type\":\"ImageObject\",\"inLanguage\":\"pt-BR\",\"@id\":\"https:\/\/www.suno.com.br\/noticias\/#\/schema\/person\/image\/\",\"url\":\"https:\/\/secure.gravatar.com\/avatar\/27e3058d15d09a0a778c3d387c062d71?s=96&r=g\",\"contentUrl\":\"https:\/\/secure.gravatar.com\/avatar\/27e3058d15d09a0a778c3d387c062d71?s=96&r=g\",\"caption\":\"Laura Intrieri\"},\"description\":\"Rep\u00f3rter no Suno Not\u00edcias, cobre mercados, pol\u00edtica e economia. Escreve sobre Bolsa de Valores. Formada em Administra\u00e7\u00e3o P\u00fablica pela Funda\u00e7\u00e3o Get\u00falio Vargas, j\u00e1 passou pelo portal Money Times, escrevendo sobre pol\u00edtica e economia para a editoria \\\"Brasil\\\". Tamb\u00e9m j\u00e1 contribuiu para Ag\u00eancia Estado, cobrindo balan\u00e7os trimestrais e relat\u00f3rios de casas de an\u00e1lise. J\u00e1 produziu podcasts educativos e corporativos para a FGV EAESP. Durante a gradua\u00e7\u00e3o, desempenhou atividades acad\u00eamicas com enfoque em Finan\u00e7as P\u00fablicas.\",\"url\":\"https:\/\/www.suno.com.br\/noticias\/author\/laura-intrieri\/\"}]}<\/script>\n<!-- \/ Yoast SEO plugin. -->","yoast_head_json":{"title":"Petrobras (PETR4), pol\u00edtica fiscal e infla\u00e7\u00e3o: o Lula e Bolsonaro prop\u00f5em?","description":"O diretor da Eurasia explicou os cen\u00e1rios da consultoria quanto a uma eventual vit\u00f3ria de Lula ou Bolsonaro nas elei\u00e7\u00f5es. Veja detalhes.","robots":{"index":"index","follow":"follow","max-snippet":"max-snippet:-1","max-image-preview":"max-image-preview:large","max-video-preview":"max-video-preview:-1"},"canonical":"https:\/\/www.suno.com.br\/noticias\/petrobras-petr4-fiscal-inflacao-lula-bolsonaro\/","og_locale":"pt_BR","og_type":"article","og_title":"Petrobras (PETR4), pol\u00edtica fiscal e infla\u00e7\u00e3o: o Lula e Bolsonaro prop\u00f5em?","og_description":"O diretor da Eurasia explicou os cen\u00e1rios da consultoria quanto a uma eventual vit\u00f3ria de Lula ou Bolsonaro nas elei\u00e7\u00f5es. Veja detalhes.","og_url":"https:\/\/www.suno.com.br\/noticias\/petrobras-petr4-fiscal-inflacao-lula-bolsonaro\/","og_site_name":"Suno Not\u00edcias","article_publisher":"https:\/\/facebook.com\/sunoresearch","og_image":[{"width":1252,"height":804,"url":"https:\/\/files.sunoresearch.com.br\/n\/uploads\/2022\/09\/Lula-e-Bolsonaro.jpg","type":"image\/jpeg"}],"author":"Laura Intrieri","twitter_card":"summary_large_image","twitter_creator":"@sunoresearch","twitter_site":"@sunoresearch","twitter_misc":{"Escrito por":"Laura Intrieri","Est. tempo de leitura":"3 minutos"},"schema":{"@context":"https:\/\/schema.org","@graph":[{"@type":"NewsArticle","@id":"https:\/\/www.suno.com.br\/noticias\/petrobras-petr4-fiscal-inflacao-lula-bolsonaro\/#article","isPartOf":{"@id":"https:\/\/www.suno.com.br\/noticias\/petrobras-petr4-fiscal-inflacao-lula-bolsonaro\/"},"author":{"name":"Laura Intrieri","@id":"https:\/\/www.suno.com.br\/noticias\/#\/schema\/person\/653a8428016d45b19031651c57b94f82"},"headline":"Petrobras (PETR4), pol\u00edtica fiscal e infla\u00e7\u00e3o: o que esperar de Lula e Bolsonaro?","datePublished":"2022-09-14T18:19:49+00:00","dateModified":"2022-09-14T19:15:28+00:00","mainEntityOfPage":{"@id":"https:\/\/www.suno.com.br\/noticias\/petrobras-petr4-fiscal-inflacao-lula-bolsonaro\/"},"wordCount":586,"publisher":{"@id":"https:\/\/www.suno.com.br\/noticias\/#organization"},"image":{"@id":"https:\/\/www.suno.com.br\/noticias\/petrobras-petr4-fiscal-inflacao-lula-bolsonaro\/#primaryimage"},"thumbnailUrl":"https:\/\/files.sunoresearch.com.br\/n\/uploads\/2022\/09\/Lula-e-Bolsonaro.jpg","keywords":["Elei\u00e7\u00f5es","Especialistas","Jair Bolsonaro","Pol\u00edcia Federal","pol\u00edtica fiscal"],"articleSection":["Pol\u00edtica"],"inLanguage":"pt-BR"},{"@type":"WebPage","@id":"https:\/\/www.suno.com.br\/noticias\/petrobras-petr4-fiscal-inflacao-lula-bolsonaro\/","url":"https:\/\/www.suno.com.br\/noticias\/petrobras-petr4-fiscal-inflacao-lula-bolsonaro\/","name":"Petrobras (PETR4), pol\u00edtica fiscal e infla\u00e7\u00e3o: o Lula e Bolsonaro prop\u00f5em?","isPartOf":{"@id":"https:\/\/www.suno.com.br\/noticias\/#website"},"primaryImageOfPage":{"@id":"https:\/\/www.suno.com.br\/noticias\/petrobras-petr4-fiscal-inflacao-lula-bolsonaro\/#primaryimage"},"image":{"@id":"https:\/\/www.suno.com.br\/noticias\/petrobras-petr4-fiscal-inflacao-lula-bolsonaro\/#primaryimage"},"thumbnailUrl":"https:\/\/files.sunoresearch.com.br\/n\/uploads\/2022\/09\/Lula-e-Bolsonaro.jpg","datePublished":"2022-09-14T18:19:49+00:00","dateModified":"2022-09-14T19:15:28+00:00","description":"O diretor da Eurasia explicou os cen\u00e1rios da consultoria quanto a uma eventual vit\u00f3ria de Lula ou Bolsonaro nas elei\u00e7\u00f5es. Veja detalhes.","breadcrumb":{"@id":"https:\/\/www.suno.com.br\/noticias\/petrobras-petr4-fiscal-inflacao-lula-bolsonaro\/#breadcrumb"},"inLanguage":"pt-BR","potentialAction":[{"@type":"ReadAction","target":["https:\/\/www.suno.com.br\/noticias\/petrobras-petr4-fiscal-inflacao-lula-bolsonaro\/"]}]},{"@type":"ImageObject","inLanguage":"pt-BR","@id":"https:\/\/www.suno.com.br\/noticias\/petrobras-petr4-fiscal-inflacao-lula-bolsonaro\/#primaryimage","url":"https:\/\/files.sunoresearch.com.br\/n\/uploads\/2022\/09\/Lula-e-Bolsonaro.jpg","contentUrl":"https:\/\/files.sunoresearch.com.br\/n\/uploads\/2022\/09\/Lula-e-Bolsonaro.jpg","width":1252,"height":804,"caption":"Tanto Lula quanto Bolsonaro devem taxar dividendos"},{"@type":"BreadcrumbList","@id":"https:\/\/www.suno.com.br\/noticias\/petrobras-petr4-fiscal-inflacao-lula-bolsonaro\/#breadcrumb","itemListElement":[{"@type":"ListItem","position":1,"name":"Not\u00edcias","item":"https:\/\/www.suno.com.br\/noticias\/"},{"@type":"ListItem","position":2,"name":"Pol\u00edtica","item":"https:\/\/www.suno.com.br\/noticias\/politica\/"},{"@type":"ListItem","position":3,"name":"Petrobras (PETR4), pol\u00edtica fiscal e infla\u00e7\u00e3o: o que esperar de Lula e Bolsonaro?"}]},{"@type":"WebSite","@id":"https:\/\/www.suno.com.br\/noticias\/#website","url":"https:\/\/www.suno.com.br\/noticias\/","name":"Suno Not\u00edcias","description":"Seu portal de informa\u00e7\u00e3o sobre o mundo dos investimentos","publisher":{"@id":"https:\/\/www.suno.com.br\/noticias\/#organization"},"potentialAction":[{"@type":"SearchAction","target":{"@type":"EntryPoint","urlTemplate":"https:\/\/www.suno.com.br\/noticias\/?s={search_term_string}"},"query-input":{"@type":"PropertyValueSpecification","valueRequired":true,"valueName":"search_term_string"}}],"inLanguage":"pt-BR"},{"@type":"Organization","@id":"https:\/\/www.suno.com.br\/noticias\/#organization","name":"Suno Not\u00edcias","url":"https:\/\/www.suno.com.br\/noticias\/","logo":{"@type":"ImageObject","inLanguage":"pt-BR","@id":"https:\/\/www.suno.com.br\/noticias\/#\/schema\/logo\/image\/","url":"https:\/\/files.sunoresearch.com.br\/n\/uploads\/2021\/09\/suno-logo.png","contentUrl":"https:\/\/files.sunoresearch.com.br\/n\/uploads\/2021\/09\/suno-logo.png","width":180,"height":180,"caption":"Suno Not\u00edcias"},"image":{"@id":"https:\/\/www.suno.com.br\/noticias\/#\/schema\/logo\/image\/"},"sameAs":["https:\/\/facebook.com\/sunoresearch","https:\/\/x.com\/sunoresearch","https:\/\/www.instagram.com\/suno","https:\/\/www.linkedin.com\/company\/suno-research\/","https:\/\/www.youtube.com\/c\/sunoresearch"]},{"@type":"Person","@id":"https:\/\/www.suno.com.br\/noticias\/#\/schema\/person\/653a8428016d45b19031651c57b94f82","name":"Laura Intrieri","image":{"@type":"ImageObject","inLanguage":"pt-BR","@id":"https:\/\/www.suno.com.br\/noticias\/#\/schema\/person\/image\/","url":"https:\/\/secure.gravatar.com\/avatar\/27e3058d15d09a0a778c3d387c062d71?s=96&r=g","contentUrl":"https:\/\/secure.gravatar.com\/avatar\/27e3058d15d09a0a778c3d387c062d71?s=96&r=g","caption":"Laura Intrieri"},"description":"Rep\u00f3rter no Suno Not\u00edcias, cobre mercados, pol\u00edtica e economia. Escreve sobre Bolsa de Valores. Formada em Administra\u00e7\u00e3o P\u00fablica pela Funda\u00e7\u00e3o Get\u00falio Vargas, j\u00e1 passou pelo portal Money Times, escrevendo sobre pol\u00edtica e economia para a editoria \"Brasil\". Tamb\u00e9m j\u00e1 contribuiu para Ag\u00eancia Estado, cobrindo balan\u00e7os trimestrais e relat\u00f3rios de casas de an\u00e1lise. J\u00e1 produziu podcasts educativos e corporativos para a FGV EAESP. Durante a gradua\u00e7\u00e3o, desempenhou atividades acad\u00eamicas com enfoque em Finan\u00e7as P\u00fablicas.","url":"https:\/\/www.suno.com.br\/noticias\/author\/laura-intrieri\/"}]}},"default_loop_html":"<div class=\"cardsPage__listCard__boxs\"><div class=\"cardsPage__listCard__boxs__img\"><a href=\"https:\/\/www.suno.com.br\/noticias\/petrobras-petr4-fiscal-inflacao-lula-bolsonaro\/\"><img class=\"mask\" src=\"https:\/\/www.suno.com.br\/noticias\/wp-content\/themes\/suno\/resources\/images\/spotlight\/spotlight1img\/bg-mask.png\" alt=\"Image Mask\"\/><img src=\"https:\/\/files.sunoresearch.com.br\/n\/uploads\/2022\/09\/Lula-e-Bolsonaro-400x200.jpg\" alt=\"Petrobras (PETR4), pol\u00edtica fiscal e infla\u00e7\u00e3o: o que esperar de Lula e Bolsonaro?\"\/><\/a><span class=\"spotlightCategory\"><a href=\"https:\/\/www.suno.com.br\/noticias\/politica\/\">Pol\u00edtica<\/a><\/span><\/div><div class=\"cardsPage__listCard__boxs__content\"><a href=\"https:\/\/www.suno.com.br\/noticias\/petrobras-petr4-fiscal-inflacao-lula-bolsonaro\/\"><h2 class=\"content__title\">Petrobras (PETR4), pol\u00edtica fiscal e infla\u00e7\u00e3o: o que esperar de Lula e Bolsonaro?<\/h2><\/a><div class=\"newsContent__article__meta\"><div class=\"newsContent__article__meta__authorBox\"><a href=\"https:\/\/www.suno.com.br\/noticias\/author\/laura-intrieri\/\" class=\"authorBox__avatar noMobi\"><img src=\"https:\/\/files.sunoresearch.com.br\/n\/uploads\/2022\/10\/WhatsApp-Image-2022-10-05-at-17.31.14-150x150.jpeg\" alt=\"Laura Intrieri\"><\/a><div class=\"authorBox__name\"><span>por\n\t\t\t<a href=\"https:\/\/www.suno.com.br\/noticias\/author\/laura-intrieri\/\"><span itemprop=\"author\">Laura Intrieri<\/span><\/a><\/span><time datetime=\"2022-09-14T15:19:49-03:00\" itemprop=\"datePublished\">14\/09\/2022 15:19<\/time><\/div><\/div><\/div><\/div><\/div>","single_layout":"posts","amp_enabled":true,"_links":{"self":[{"href":"https:\/\/www.suno.com.br\/noticias\/wp-json\/wp\/v2\/posts\/297508"}],"collection":[{"href":"https:\/\/www.suno.com.br\/noticias\/wp-json\/wp\/v2\/posts"}],"about":[{"href":"https:\/\/www.suno.com.br\/noticias\/wp-json\/wp\/v2\/types\/post"}],"author":[{"embeddable":true,"href":"https:\/\/www.suno.com.br\/noticias\/wp-json\/wp\/v2\/users\/192"}],"replies":[{"embeddable":true,"href":"https:\/\/www.suno.com.br\/noticias\/wp-json\/wp\/v2\/comments?post=297508"}],"version-history":[{"count":5,"href":"https:\/\/www.suno.com.br\/noticias\/wp-json\/wp\/v2\/posts\/297508\/revisions"}],"predecessor-version":[{"id":297615,"href":"https:\/\/www.suno.com.br\/noticias\/wp-json\/wp\/v2\/posts\/297508\/revisions\/297615"}],"wp:featuredmedia":[{"embeddable":true,"href":"https:\/\/www.suno.com.br\/noticias\/wp-json\/wp\/v2\/media\/297547"}],"wp:attachment":[{"href":"https:\/\/www.suno.com.br\/noticias\/wp-json\/wp\/v2\/media?parent=297508"}],"wp:term":[{"taxonomy":"category","embeddable":true,"href":"https:\/\/www.suno.com.br\/noticias\/wp-json\/wp\/v2\/categories?post=297508"},{"taxonomy":"post_tag","embeddable":true,"href":"https:\/\/www.suno.com.br\/noticias\/wp-json\/wp\/v2\/tags?post=297508"},{"taxonomy":"suno_strategy","embeddable":true,"href":"https:\/\/www.suno.com.br\/noticias\/wp-json\/wp\/v2\/suno_strategy?post=297508"}],"curies":[{"name":"wp","href":"https:\/\/api.w.org\/{rel}","templated":true}]}}