{"id":29740,"date":"2019-07-02T09:25:52","date_gmt":"2019-07-02T12:25:52","guid":{"rendered":"https:\/\/www.suno.com.br\/noticias\/?p=29740"},"modified":"2019-07-02T18:01:17","modified_gmt":"2019-07-02T21:01:17","slug":"dolar-02072019-2","status":"publish","type":"post","link":"https:\/\/www.suno.com.br\/noticias\/dolar-02072019-2\/","title":{"rendered":"D\u00f3lar em queda; Mercado de olho nas movimenta\u00e7\u00f5es sobre a reforma"},"content":{"rendered":"<p>O d\u00f3lar inicia a sess\u00e3o desta ter\u00e7a-feira (2) em queda, sendo contr\u00e1rio ao seu desempenho no \u00faltimo preg\u00e3o. Por volta das 9h20, a moeda norte-americana ca\u00eda 0,10% sendo cotada a R$ 3,8395 na venda<\/p>\t<div class=\"wrapper-featured-image\">\n\t\t<figure class=\"spotlightImg\">\n\n\t\t\t<picture>\n\t\t\t\t<source media=\"(max-width: 768px)\" srcset=\"https:\/\/files.sunoresearch.com.br\/n\/uploads\/2019\/04\/74ae7d56-d\u00f3lar-400x200.webp\">\n\t\t\t\t<img loading=\"lazy\" decoding=\"async\" class=\"newsContent__article__imgCapa lazyloadDisabled newsContent__article__imgCapa--noCaption\" src=\"https:\/\/files.sunoresearch.com.br\/n\/uploads\/2019\/04\/74ae7d56-d\u00f3lar-800x450.webp\" width=\"800\" height=\"450\" alt=\"D\u00f3lar em queda; Mercado de olho nas movimenta\u00e7\u00f5es sobre a reforma\" fetchpriority=high \/>\n\t\t\t<\/picture>\n\n\t\t\t<figcaption class=\"wp-caption-text wp-caption-text--hide\">Na \u00faltima sess\u00e3o, ter\u00e7a-feira (1), o d\u00f3lar encerrou o primeiro dia do m\u00eas de setembro com queda de 1,75%, negociado a R$ 5,3845.<\/figcaption>\n\t\t<\/figure>\n\t<\/div>\n\n\n<p>O acordo entre <strong>China<\/strong> e <strong>Estados<\/strong> <strong>Unidos<\/strong> para a retomada das negocia\u00e7\u00e3o e a poss\u00edvel leitura do parecer da<strong> reforma da Previd\u00eancia<\/strong> s\u00e3o os principais assuntos que devem movimentar o <strong>d\u00f3lar<\/strong> nesta ter\u00e7a. Al\u00e9m disso, a moeda ainda reflete aos dados divulgados na \u00faltima segunda (1) referentes a <strong>balan\u00e7a<\/strong> <strong>comercial<\/strong> e a <strong>atividade<\/strong> <strong>industrial<\/strong>.<\/p>\n\t<p>\n\t\t<a href=\"https:\/\/lp.suno.com.br\/ebook-como-analisar-uma-acao\/\" target=\"_blank\" data-element=\"shortcode-suno-banner\" title=\"Banner SUNO, clique e saiba mais\">\n\t\t\t<picture>\n\t\t\t\t<source media=\"(max-width: 500px)\" srcset=\"https:\/\/files.sunoresearch.com.br\/n\/uploads\/2023\/03\/Ebook-Acoes-Mobile.jpg\">\n\t\t\t\t<img class=\"newsContent__article__imgCapa newsContent__article__imgCapa--banner\"\n\t\t\t\t\tsrc=\"https:\/\/files.sunoresearch.com.br\/n\/uploads\/2023\/03\/Ebook-Acoes-Desktop.jpg\"\n\t\t\t\t\tdata-promo-id=\"378302\"\t\t\t\t\t\t\t\t\t\twidth='1420' height='286'\t\t\t\t\talt=\"https:\/\/files.sunoresearch.com.br\/n\/uploads\/2023\/03\/Ebook-Acoes-Desktop.jpg\"\n\t\t\t\t>\n\t\t\t<\/picture>\n\t\t<\/a>\n\t<\/p>\n\n\n<h2>Acordo entre China e EUA<\/h2>\n<p>No \u00faltimo s\u00e1bado (29), Estados Unidos e <strong>China<\/strong> realizaram um acordo para que as negocia\u00e7\u00f5es fossem retomadas, onde os EUA suspenderam as novas tarifas sobre <strong>exporta\u00e7\u00f5es<\/strong> chinesas, dando uma tr\u00e9gua para que o acordo comercial seja firmado.<\/p>\n<p>Al\u00e9m disso, o presidente norte-americano <strong>Donald Trump<\/strong>, permitiu que empresas dos Estados Unidos vendam pe\u00e7as para a <strong>Huawei<\/strong>, caso n\u00e3o haja riscos a seguran\u00e7a nacional.<\/p>\n<h2>Reforma da Previd\u00eancia<\/h2>\n<p>A comiss\u00e3o especial da C\u00e2mara dos Deputados pode se reunir nesta tarde para que o relator da <strong>reforma<\/strong> <strong>da<\/strong> <strong>Previd\u00eancia<\/strong>, <strong>Samuel<\/strong> <strong>Moreira<\/strong>, fa\u00e7a a leitura de seu parecer.<\/p>\n<p>Esta ter\u00e7a tamb\u00e9m \u00e9 marcada pela reuni\u00e3o entre o presidente da C\u00e2mara dos Deputados, <strong>Rodrigo<\/strong> <strong>Maia<\/strong>, o presidente do Senado Federal, <strong>Davi Alcolumbre<\/strong>, e alguns governadores.<\/p>\n<p>O objetivo da reuni\u00e3o \u00e9 discutir sobre a possibilidade dos Estados e munic\u00edpios fazerem parte do texto da reforma da Previd\u00eancia.<\/p>\n<h2>Atividade industrial<\/h2>\n<p>A <strong>Confedera\u00e7\u00e3o Nacional da Ind\u00fastria (CNI)<\/strong>\u00a0publicou uma pesquisa que aponta recuo da atividade industrial no m\u00eas de maio em compara\u00e7\u00e3o a abril.<\/p>\n<p><a href=\"https:\/\/www.suno.com.br\/noticias\/faturamento-industria-recua\/\">Saiba mais: faturamento real da ind\u00fastria recua 2,2% em maio, indica CNI<\/a><\/p>\n<p>O faturamento real da <strong>ind\u00fastria<\/strong> teve queda de 2,2% em maio. Durante o m\u00eas de abril, no entanto, o setor apresentou alta de 3,1%.<\/p>\n<p>\u201cO faturamento real continua alternando resultados positivos e negativos h\u00e1 praticamente um ano. Como as quedas superam as altas, a tend\u00eancia \u00e9 de queda\u201d, explicou a confedera\u00e7\u00e3o.<\/p>\n<h2>Balan\u00e7a comercial<\/h2>\n<p>Conforme a <strong>Secretaria de Com\u00e9rcio Exterior (Secex)<\/strong> do Minist\u00e9rio da Economia, a <strong>balan\u00e7a comercial<\/strong> do Brasil apresentou super\u00e1vit de US$ 5,019 bilh\u00f5es em junho.<\/p>\n<p><a href=\"https:\/\/www.suno.com.br\/noticias\/balanca-comercial-superavit-junho\/\">Saiba mais: Balan\u00e7a comercial tem super\u00e1vit de US$ 5,019 bilh\u00f5es em junho<\/a><\/p>\n<p>Em compara\u00e7\u00e3o ao mesmo per\u00edodo de 2018, o valor significa redu\u00e7\u00e3o de 4,2% na m\u00e9dia di\u00e1ria.<\/p>\n<p>A corrente de com\u00e9rcio para o m\u00eas de junho foi de US$ 31,07 bilh\u00f5es. Dessa forma, representando queda de 0,3% ante o mesmo m\u00eas do \u00faltimo ano.<\/p>\n\t<p>\n\t\t<a href=\"https:\/\/lp.statusinvest.com.br\/cl\/carteira-automatizada\/\" target=\"_blank\" data-element=\"shortcode-suno-banner\" title=\"Banner SUNO, clique e saiba mais\">\n\t\t\t<picture>\n\t\t\t\t<source media=\"(max-width: 500px)\" srcset=\"https:\/\/files.sunoresearch.com.br\/n\/uploads\/2024\/02\/400x300-Mobile.png\">\n\t\t\t\t<img class=\"newsContent__article__imgCapa newsContent__article__imgCapa--banner\"\n\t\t\t\t\tsrc=\"https:\/\/files.sunoresearch.com.br\/n\/uploads\/2024\/02\/1420x240-Desktop.png\"\n\t\t\t\t\tdata-promo-id=\"518879\"\t\t\t\t\t\t\t\t\t\twidth='1420' height='240'\t\t\t\t\talt=\"https:\/\/files.sunoresearch.com.br\/n\/uploads\/2024\/02\/1420x240-Desktop.png\"\n\t\t\t\t>\n\t\t\t<\/picture>\n\t\t<\/a>\n\t<\/p>\n\n\n<h2>\u00daltima cota\u00e7\u00e3o<\/h2>\n<p>O <strong>d\u00f3lar<\/strong> encerrou a primeira sess\u00e3o do semestre, na \u00faltima segunda (1), com uma alta de\u00a00,062% sendo negociado a R$ 3,8434 na venda.<\/p>\n","protected":false},"excerpt":{"rendered":"<p>O d\u00f3lar inicia a sess\u00e3o desta ter\u00e7a-feira (2) em queda, sendo contr\u00e1rio ao seu desempenho no \u00faltimo preg\u00e3o. Por volta das 9h20, a moeda norte-americana ca\u00eda 0,10% sendo cotada a R$ 3,8395 na venda Na \u00faltima sess\u00e3o, ter\u00e7a-feira (1), o d\u00f3lar encerrou o primeiro dia do m\u00eas de setembro com queda de 1,75%, negociado a [&hellip;]<\/p>\n","protected":false},"author":11,"featured_media":21796,"comment_status":"closed","ping_status":"closed","sticky":false,"template":"","format":"standard","meta":[],"categories":[60],"tags":[326],"suno_strategy":[],"class_list":["post-29740","post","type-post","status-publish","format-standard","has-post-thumbnail","hentry","category-mercado","tag-dolar"],"yoast_head":"<!-- This site is optimized with the Yoast SEO plugin v24.4 - https:\/\/yoast.com\/wordpress\/plugins\/seo\/ -->\n<title>D\u00f3lar em queda; Mercado de olho nas movimenta\u00e7\u00f5es sobre a reforma<\/title>\n<meta name=\"description\" content=\"O d\u00f3lar est\u00e1 pr\u00f3ximo da estabilidade, no entanto, o mercado aguarda cauteloso a tramita\u00e7\u00e3o da reforma hoje na C\u00e2mara. Clique para saber mais.\" \/>\n<meta name=\"robots\" content=\"index, follow, max-snippet:-1, max-image-preview:large, max-video-preview:-1\" \/>\n<link rel=\"canonical\" href=\"https:\/\/www.suno.com.br\/noticias\/dolar-02072019-2\/\" \/>\n<meta property=\"og:locale\" content=\"pt_BR\" \/>\n<meta property=\"og:type\" content=\"article\" \/>\n<meta property=\"og:title\" content=\"D\u00f3lar em queda; Mercado de olho nas movimenta\u00e7\u00f5es sobre a reforma\" \/>\n<meta property=\"og:description\" content=\"O d\u00f3lar est\u00e1 pr\u00f3ximo da estabilidade, no entanto, o mercado aguarda cauteloso a tramita\u00e7\u00e3o da reforma hoje na C\u00e2mara. Clique para saber mais.\" \/>\n<meta property=\"og:url\" content=\"https:\/\/www.suno.com.br\/noticias\/dolar-02072019-2\/\" \/>\n<meta property=\"og:site_name\" content=\"Suno Not\u00edcias\" \/>\n<meta property=\"article:publisher\" content=\"https:\/\/facebook.com\/sunoresearch\" \/>\n<meta property=\"og:image\" content=\"https:\/\/files.sunoresearch.com.br\/n\/uploads\/2019\/04\/74ae7d56-d\u00f3lar.jpg\" \/>\n\t<meta property=\"og:image:width\" content=\"3000\" \/>\n\t<meta property=\"og:image:height\" content=\"2000\" \/>\n\t<meta property=\"og:image:type\" content=\"image\/jpeg\" \/>\n<meta name=\"author\" content=\"Renan Bandeira\" \/>\n<meta name=\"twitter:card\" content=\"summary_large_image\" \/>\n<meta name=\"twitter:creator\" content=\"@sunoresearch\" \/>\n<meta name=\"twitter:site\" content=\"@sunoresearch\" \/>\n<meta name=\"twitter:label1\" content=\"Escrito por\" \/>\n\t<meta name=\"twitter:data1\" content=\"Renan Bandeira\" \/>\n\t<meta name=\"twitter:label2\" content=\"Est. tempo de leitura\" \/>\n\t<meta name=\"twitter:data2\" content=\"2 minutos\" \/>\n<script type=\"application\/ld+json\" class=\"yoast-schema-graph\">{\"@context\":\"https:\/\/schema.org\",\"@graph\":[{\"@type\":\"NewsArticle\",\"@id\":\"https:\/\/www.suno.com.br\/noticias\/dolar-02072019-2\/#article\",\"isPartOf\":{\"@id\":\"https:\/\/www.suno.com.br\/noticias\/dolar-02072019-2\/\"},\"author\":{\"name\":\"Renan Bandeira\",\"@id\":\"https:\/\/www.suno.com.br\/noticias\/#\/schema\/person\/fc144a1c6108bd1dcd43784e88a3c138\"},\"headline\":\"D\u00f3lar em queda; Mercado de olho nas movimenta\u00e7\u00f5es sobre a reforma\",\"datePublished\":\"2019-07-02T12:25:52+00:00\",\"dateModified\":\"2019-07-02T21:01:17+00:00\",\"mainEntityOfPage\":{\"@id\":\"https:\/\/www.suno.com.br\/noticias\/dolar-02072019-2\/\"},\"wordCount\":491,\"publisher\":{\"@id\":\"https:\/\/www.suno.com.br\/noticias\/#organization\"},\"image\":{\"@id\":\"https:\/\/www.suno.com.br\/noticias\/dolar-02072019-2\/#primaryimage\"},\"thumbnailUrl\":\"https:\/\/files.sunoresearch.com.br\/n\/uploads\/2019\/04\/74ae7d56-d\u00f3lar-scaled.webp\",\"keywords\":[\"d\u00f3lar\"],\"articleSection\":[\"Mercado\"],\"inLanguage\":\"pt-BR\"},{\"@type\":\"WebPage\",\"@id\":\"https:\/\/www.suno.com.br\/noticias\/dolar-02072019-2\/\",\"url\":\"https:\/\/www.suno.com.br\/noticias\/dolar-02072019-2\/\",\"name\":\"D\u00f3lar em queda; Mercado de olho nas movimenta\u00e7\u00f5es sobre a reforma\",\"isPartOf\":{\"@id\":\"https:\/\/www.suno.com.br\/noticias\/#website\"},\"primaryImageOfPage\":{\"@id\":\"https:\/\/www.suno.com.br\/noticias\/dolar-02072019-2\/#primaryimage\"},\"image\":{\"@id\":\"https:\/\/www.suno.com.br\/noticias\/dolar-02072019-2\/#primaryimage\"},\"thumbnailUrl\":\"https:\/\/files.sunoresearch.com.br\/n\/uploads\/2019\/04\/74ae7d56-d\u00f3lar-scaled.webp\",\"datePublished\":\"2019-07-02T12:25:52+00:00\",\"dateModified\":\"2019-07-02T21:01:17+00:00\",\"description\":\"O d\u00f3lar est\u00e1 pr\u00f3ximo da estabilidade, no entanto, o mercado aguarda cauteloso a tramita\u00e7\u00e3o da reforma hoje na C\u00e2mara. Clique para saber mais.\",\"breadcrumb\":{\"@id\":\"https:\/\/www.suno.com.br\/noticias\/dolar-02072019-2\/#breadcrumb\"},\"inLanguage\":\"pt-BR\",\"potentialAction\":[{\"@type\":\"ReadAction\",\"target\":[\"https:\/\/www.suno.com.br\/noticias\/dolar-02072019-2\/\"]}]},{\"@type\":\"ImageObject\",\"inLanguage\":\"pt-BR\",\"@id\":\"https:\/\/www.suno.com.br\/noticias\/dolar-02072019-2\/#primaryimage\",\"url\":\"https:\/\/files.sunoresearch.com.br\/n\/uploads\/2019\/04\/74ae7d56-d\u00f3lar-scaled.webp\",\"contentUrl\":\"https:\/\/files.sunoresearch.com.br\/n\/uploads\/2019\/04\/74ae7d56-d\u00f3lar-scaled.webp\",\"width\":2560,\"height\":1707,\"caption\":\"Na \u00faltima sess\u00e3o, ter\u00e7a-feira (1), o d\u00f3lar encerrou o primeiro dia do m\u00eas de setembro com queda de 1,75%, negociado a R$ 5,3845.\"},{\"@type\":\"BreadcrumbList\",\"@id\":\"https:\/\/www.suno.com.br\/noticias\/dolar-02072019-2\/#breadcrumb\",\"itemListElement\":[{\"@type\":\"ListItem\",\"position\":1,\"name\":\"Not\u00edcias\",\"item\":\"https:\/\/www.suno.com.br\/noticias\/\"},{\"@type\":\"ListItem\",\"position\":2,\"name\":\"Mercado\",\"item\":\"https:\/\/www.suno.com.br\/noticias\/mercado\/\"},{\"@type\":\"ListItem\",\"position\":3,\"name\":\"D\u00f3lar em queda; Mercado de olho nas movimenta\u00e7\u00f5es sobre a reforma\"}]},{\"@type\":\"WebSite\",\"@id\":\"https:\/\/www.suno.com.br\/noticias\/#website\",\"url\":\"https:\/\/www.suno.com.br\/noticias\/\",\"name\":\"Suno Not\u00edcias\",\"description\":\"Seu portal de informa\u00e7\u00e3o sobre o mundo dos investimentos\",\"publisher\":{\"@id\":\"https:\/\/www.suno.com.br\/noticias\/#organization\"},\"potentialAction\":[{\"@type\":\"SearchAction\",\"target\":{\"@type\":\"EntryPoint\",\"urlTemplate\":\"https:\/\/www.suno.com.br\/noticias\/?s={search_term_string}\"},\"query-input\":{\"@type\":\"PropertyValueSpecification\",\"valueRequired\":true,\"valueName\":\"search_term_string\"}}],\"inLanguage\":\"pt-BR\"},{\"@type\":\"Organization\",\"@id\":\"https:\/\/www.suno.com.br\/noticias\/#organization\",\"name\":\"Suno Not\u00edcias\",\"url\":\"https:\/\/www.suno.com.br\/noticias\/\",\"logo\":{\"@type\":\"ImageObject\",\"inLanguage\":\"pt-BR\",\"@id\":\"https:\/\/www.suno.com.br\/noticias\/#\/schema\/logo\/image\/\",\"url\":\"https:\/\/files.sunoresearch.com.br\/n\/uploads\/2021\/09\/suno-logo.png\",\"contentUrl\":\"https:\/\/files.sunoresearch.com.br\/n\/uploads\/2021\/09\/suno-logo.png\",\"width\":180,\"height\":180,\"caption\":\"Suno Not\u00edcias\"},\"image\":{\"@id\":\"https:\/\/www.suno.com.br\/noticias\/#\/schema\/logo\/image\/\"},\"sameAs\":[\"https:\/\/facebook.com\/sunoresearch\",\"https:\/\/x.com\/sunoresearch\",\"https:\/\/www.instagram.com\/suno\",\"https:\/\/www.linkedin.com\/company\/suno-research\/\",\"https:\/\/www.youtube.com\/c\/sunoresearch\"]},{\"@type\":\"Person\",\"@id\":\"https:\/\/www.suno.com.br\/noticias\/#\/schema\/person\/fc144a1c6108bd1dcd43784e88a3c138\",\"name\":\"Renan Bandeira\",\"image\":{\"@type\":\"ImageObject\",\"inLanguage\":\"pt-BR\",\"@id\":\"https:\/\/www.suno.com.br\/noticias\/#\/schema\/person\/image\/\",\"url\":\"https:\/\/secure.gravatar.com\/avatar\/68359cdb608f14f11bbefcb78f3fc747?s=96&r=g\",\"contentUrl\":\"https:\/\/secure.gravatar.com\/avatar\/68359cdb608f14f11bbefcb78f3fc747?s=96&r=g\",\"caption\":\"Renan Bandeira\"},\"description\":\"Renan Bandeira escreve sobre pol\u00edtica e economia para o portal da Suno Research. Antes da Suno, trabalhou em uma rede de televis\u00e3o, onde fazia reportagens sobre os mesmos temas. Estuda na Universidade Metodista de S\u00e3o Paulo.\",\"url\":\"https:\/\/www.suno.com.br\/noticias\/author\/renan-bandeira\/\"}]}<\/script>\n<!-- \/ Yoast SEO plugin. -->","yoast_head_json":{"title":"D\u00f3lar em queda; Mercado de olho nas movimenta\u00e7\u00f5es sobre a reforma","description":"O d\u00f3lar est\u00e1 pr\u00f3ximo da estabilidade, no entanto, o mercado aguarda cauteloso a tramita\u00e7\u00e3o da reforma hoje na C\u00e2mara. Clique para saber mais.","robots":{"index":"index","follow":"follow","max-snippet":"max-snippet:-1","max-image-preview":"max-image-preview:large","max-video-preview":"max-video-preview:-1"},"canonical":"https:\/\/www.suno.com.br\/noticias\/dolar-02072019-2\/","og_locale":"pt_BR","og_type":"article","og_title":"D\u00f3lar em queda; Mercado de olho nas movimenta\u00e7\u00f5es sobre a reforma","og_description":"O d\u00f3lar est\u00e1 pr\u00f3ximo da estabilidade, no entanto, o mercado aguarda cauteloso a tramita\u00e7\u00e3o da reforma hoje na C\u00e2mara. Clique para saber mais.","og_url":"https:\/\/www.suno.com.br\/noticias\/dolar-02072019-2\/","og_site_name":"Suno Not\u00edcias","article_publisher":"https:\/\/facebook.com\/sunoresearch","og_image":[{"width":3000,"height":2000,"url":"https:\/\/files.sunoresearch.com.br\/n\/uploads\/2019\/04\/74ae7d56-d\u00f3lar.jpg","type":"image\/jpeg"}],"author":"Renan Bandeira","twitter_card":"summary_large_image","twitter_creator":"@sunoresearch","twitter_site":"@sunoresearch","twitter_misc":{"Escrito por":"Renan Bandeira","Est. tempo de leitura":"2 minutos"},"schema":{"@context":"https:\/\/schema.org","@graph":[{"@type":"NewsArticle","@id":"https:\/\/www.suno.com.br\/noticias\/dolar-02072019-2\/#article","isPartOf":{"@id":"https:\/\/www.suno.com.br\/noticias\/dolar-02072019-2\/"},"author":{"name":"Renan Bandeira","@id":"https:\/\/www.suno.com.br\/noticias\/#\/schema\/person\/fc144a1c6108bd1dcd43784e88a3c138"},"headline":"D\u00f3lar em queda; Mercado de olho nas movimenta\u00e7\u00f5es sobre a reforma","datePublished":"2019-07-02T12:25:52+00:00","dateModified":"2019-07-02T21:01:17+00:00","mainEntityOfPage":{"@id":"https:\/\/www.suno.com.br\/noticias\/dolar-02072019-2\/"},"wordCount":491,"publisher":{"@id":"https:\/\/www.suno.com.br\/noticias\/#organization"},"image":{"@id":"https:\/\/www.suno.com.br\/noticias\/dolar-02072019-2\/#primaryimage"},"thumbnailUrl":"https:\/\/files.sunoresearch.com.br\/n\/uploads\/2019\/04\/74ae7d56-d\u00f3lar-scaled.webp","keywords":["d\u00f3lar"],"articleSection":["Mercado"],"inLanguage":"pt-BR"},{"@type":"WebPage","@id":"https:\/\/www.suno.com.br\/noticias\/dolar-02072019-2\/","url":"https:\/\/www.suno.com.br\/noticias\/dolar-02072019-2\/","name":"D\u00f3lar em queda; Mercado de olho nas movimenta\u00e7\u00f5es sobre a reforma","isPartOf":{"@id":"https:\/\/www.suno.com.br\/noticias\/#website"},"primaryImageOfPage":{"@id":"https:\/\/www.suno.com.br\/noticias\/dolar-02072019-2\/#primaryimage"},"image":{"@id":"https:\/\/www.suno.com.br\/noticias\/dolar-02072019-2\/#primaryimage"},"thumbnailUrl":"https:\/\/files.sunoresearch.com.br\/n\/uploads\/2019\/04\/74ae7d56-d\u00f3lar-scaled.webp","datePublished":"2019-07-02T12:25:52+00:00","dateModified":"2019-07-02T21:01:17+00:00","description":"O d\u00f3lar est\u00e1 pr\u00f3ximo da estabilidade, no entanto, o mercado aguarda cauteloso a tramita\u00e7\u00e3o da reforma hoje na C\u00e2mara. Clique para saber mais.","breadcrumb":{"@id":"https:\/\/www.suno.com.br\/noticias\/dolar-02072019-2\/#breadcrumb"},"inLanguage":"pt-BR","potentialAction":[{"@type":"ReadAction","target":["https:\/\/www.suno.com.br\/noticias\/dolar-02072019-2\/"]}]},{"@type":"ImageObject","inLanguage":"pt-BR","@id":"https:\/\/www.suno.com.br\/noticias\/dolar-02072019-2\/#primaryimage","url":"https:\/\/files.sunoresearch.com.br\/n\/uploads\/2019\/04\/74ae7d56-d\u00f3lar-scaled.webp","contentUrl":"https:\/\/files.sunoresearch.com.br\/n\/uploads\/2019\/04\/74ae7d56-d\u00f3lar-scaled.webp","width":2560,"height":1707,"caption":"Na \u00faltima sess\u00e3o, ter\u00e7a-feira (1), o d\u00f3lar encerrou o primeiro dia do m\u00eas de setembro com queda de 1,75%, negociado a R$ 5,3845."},{"@type":"BreadcrumbList","@id":"https:\/\/www.suno.com.br\/noticias\/dolar-02072019-2\/#breadcrumb","itemListElement":[{"@type":"ListItem","position":1,"name":"Not\u00edcias","item":"https:\/\/www.suno.com.br\/noticias\/"},{"@type":"ListItem","position":2,"name":"Mercado","item":"https:\/\/www.suno.com.br\/noticias\/mercado\/"},{"@type":"ListItem","position":3,"name":"D\u00f3lar em queda; Mercado de olho nas movimenta\u00e7\u00f5es sobre a reforma"}]},{"@type":"WebSite","@id":"https:\/\/www.suno.com.br\/noticias\/#website","url":"https:\/\/www.suno.com.br\/noticias\/","name":"Suno Not\u00edcias","description":"Seu portal de informa\u00e7\u00e3o sobre o mundo dos investimentos","publisher":{"@id":"https:\/\/www.suno.com.br\/noticias\/#organization"},"potentialAction":[{"@type":"SearchAction","target":{"@type":"EntryPoint","urlTemplate":"https:\/\/www.suno.com.br\/noticias\/?s={search_term_string}"},"query-input":{"@type":"PropertyValueSpecification","valueRequired":true,"valueName":"search_term_string"}}],"inLanguage":"pt-BR"},{"@type":"Organization","@id":"https:\/\/www.suno.com.br\/noticias\/#organization","name":"Suno Not\u00edcias","url":"https:\/\/www.suno.com.br\/noticias\/","logo":{"@type":"ImageObject","inLanguage":"pt-BR","@id":"https:\/\/www.suno.com.br\/noticias\/#\/schema\/logo\/image\/","url":"https:\/\/files.sunoresearch.com.br\/n\/uploads\/2021\/09\/suno-logo.png","contentUrl":"https:\/\/files.sunoresearch.com.br\/n\/uploads\/2021\/09\/suno-logo.png","width":180,"height":180,"caption":"Suno Not\u00edcias"},"image":{"@id":"https:\/\/www.suno.com.br\/noticias\/#\/schema\/logo\/image\/"},"sameAs":["https:\/\/facebook.com\/sunoresearch","https:\/\/x.com\/sunoresearch","https:\/\/www.instagram.com\/suno","https:\/\/www.linkedin.com\/company\/suno-research\/","https:\/\/www.youtube.com\/c\/sunoresearch"]},{"@type":"Person","@id":"https:\/\/www.suno.com.br\/noticias\/#\/schema\/person\/fc144a1c6108bd1dcd43784e88a3c138","name":"Renan Bandeira","image":{"@type":"ImageObject","inLanguage":"pt-BR","@id":"https:\/\/www.suno.com.br\/noticias\/#\/schema\/person\/image\/","url":"https:\/\/secure.gravatar.com\/avatar\/68359cdb608f14f11bbefcb78f3fc747?s=96&r=g","contentUrl":"https:\/\/secure.gravatar.com\/avatar\/68359cdb608f14f11bbefcb78f3fc747?s=96&r=g","caption":"Renan Bandeira"},"description":"Renan Bandeira escreve sobre pol\u00edtica e economia para o portal da Suno Research. Antes da Suno, trabalhou em uma rede de televis\u00e3o, onde fazia reportagens sobre os mesmos temas. Estuda na Universidade Metodista de S\u00e3o Paulo.","url":"https:\/\/www.suno.com.br\/noticias\/author\/renan-bandeira\/"}]}},"default_loop_html":"<div class=\"cardsPage__listCard__boxs\"><div class=\"cardsPage__listCard__boxs__img\"><a href=\"https:\/\/www.suno.com.br\/noticias\/dolar-02072019-2\/\"><img class=\"mask\" src=\"https:\/\/www.suno.com.br\/noticias\/wp-content\/themes\/suno\/resources\/images\/spotlight\/spotlight1img\/bg-mask.png\" alt=\"Image Mask\"\/><img src=\"https:\/\/files.sunoresearch.com.br\/n\/uploads\/2019\/04\/74ae7d56-d\u00f3lar-400x200.webp\" alt=\"D\u00f3lar em queda; Mercado de olho nas movimenta\u00e7\u00f5es sobre a reforma\"\/><\/a><span class=\"spotlightCategory\"><a href=\"https:\/\/www.suno.com.br\/noticias\/mercado\/\">Mercado<\/a><\/span><\/div><div class=\"cardsPage__listCard__boxs__content\"><a href=\"https:\/\/www.suno.com.br\/noticias\/dolar-02072019-2\/\"><h2 class=\"content__title\">D\u00f3lar em queda; Mercado de olho nas movimenta\u00e7\u00f5es sobre a reforma<\/h2><\/a><div class=\"newsContent__article__meta\"><div class=\"newsContent__article__meta__authorBox\"><a href=\"https:\/\/www.suno.com.br\/noticias\/author\/renan-bandeira\/\" class=\"authorBox__avatar noMobi\"><img src=\"https:\/\/secure.gravatar.com\/avatar\/68359cdb608f14f11bbefcb78f3fc747?s=96&#038;r=g\" alt=\"Renan Bandeira\"><\/a><div class=\"authorBox__name\"><span>por\n\t\t\t<a href=\"https:\/\/www.suno.com.br\/noticias\/author\/renan-bandeira\/\"><span itemprop=\"author\">Renan Bandeira<\/span><\/a><\/span><time datetime=\"2019-07-02T09:25:52-03:00\" itemprop=\"datePublished\">02\/07\/2019 09:25<\/time><\/div><\/div><\/div><\/div><\/div>","single_layout":"posts","amp_enabled":true,"_links":{"self":[{"href":"https:\/\/www.suno.com.br\/noticias\/wp-json\/wp\/v2\/posts\/29740"}],"collection":[{"href":"https:\/\/www.suno.com.br\/noticias\/wp-json\/wp\/v2\/posts"}],"about":[{"href":"https:\/\/www.suno.com.br\/noticias\/wp-json\/wp\/v2\/types\/post"}],"author":[{"embeddable":true,"href":"https:\/\/www.suno.com.br\/noticias\/wp-json\/wp\/v2\/users\/11"}],"replies":[{"embeddable":true,"href":"https:\/\/www.suno.com.br\/noticias\/wp-json\/wp\/v2\/comments?post=29740"}],"version-history":[{"count":0,"href":"https:\/\/www.suno.com.br\/noticias\/wp-json\/wp\/v2\/posts\/29740\/revisions"}],"wp:featuredmedia":[{"embeddable":true,"href":"https:\/\/www.suno.com.br\/noticias\/wp-json\/wp\/v2\/media\/21796"}],"wp:attachment":[{"href":"https:\/\/www.suno.com.br\/noticias\/wp-json\/wp\/v2\/media?parent=29740"}],"wp:term":[{"taxonomy":"category","embeddable":true,"href":"https:\/\/www.suno.com.br\/noticias\/wp-json\/wp\/v2\/categories?post=29740"},{"taxonomy":"post_tag","embeddable":true,"href":"https:\/\/www.suno.com.br\/noticias\/wp-json\/wp\/v2\/tags?post=29740"},{"taxonomy":"suno_strategy","embeddable":true,"href":"https:\/\/www.suno.com.br\/noticias\/wp-json\/wp\/v2\/suno_strategy?post=29740"}],"curies":[{"name":"wp","href":"https:\/\/api.w.org\/{rel}","templated":true}]}}