{"id":297373,"date":"2022-09-14T12:27:59","date_gmt":"2022-09-14T15:27:59","guid":{"rendered":"https:\/\/www.suno.com.br\/noticias\/?p=297373"},"modified":"2022-09-14T12:27:59","modified_gmt":"2022-09-14T15:27:59","slug":"vendas-varejo-julho","status":"publish","type":"post","link":"https:\/\/www.suno.com.br\/noticias\/vendas-varejo-julho\/","title":{"rendered":"Vendas no varejo caem 0,8% em julho, pior do que as proje\u00e7\u00f5es"},"content":{"rendered":"<p>O n\u00famero de vendas no <strong>varejo<\/strong> caiu 0,8% em julho segundo dados da Pesquisa Mensal de Com\u00e9rcio (PMC), <a href=\"https:\/\/www.suno.com.br\/artigos\/ibge\/\">divulgada nesta quarta-feira (14) pelo IBGE<\/a>.<\/p><div class=\"videoFull \">\n\t\t\t<div class=\"videoWrapper yt-lazyload center\"\n\t\t\t\tdata-width=\"960\"\n\t\t\t\tdata-height=\"540\"\n\t\t\t\tdata-id=\"q63K5jQ-uEw\"\n\t\t\t\tdata-alt=\"V\u00eddeo do YouTube - clique para reproduzir\"\n\t\t\t\tdata-logo=\"3\"\n\t\t\t\tdata-imagequality=\"maxres\">\n\t\t\t<\/div>\n\t\t<\/div><script type=\"application\/ld+json\">{\"@context\":\"https:\/\/schema.org\",\"@type\":\"VideoObject\",\"name\":\"VAREJO: VALE A PENA INVESTIR? | MGLU3, AMER3, VIIA3, CASH3 | Raio-X do Setor\",\"description\":\"O Raio-X \u00e9 o programa do Suno Not\u00edcias que abre espa\u00e7o para um olhar mais atento aos diferentes setores que comp\u00f5em o \u00edndice de refer\u00eancia da B3, o Ibovespa. Toda quarta-feira, ao meio-dia, gestores e especialistas conversam com nossos jornalistas e explicam as oportunidades e os desafios um setor diferente, falam sobre os pap\u00e9is importantes\u2026\",\"duration\":\"PT36M17S\",\"embedUrl\":\"https:\/\/www.youtube.com\/embed\/q63K5jQ-uEw\",\"regionsAllowed\":\"pt-BR\",\"interactionStatistic\":{\"@type\":\"InteractionCounter\",\"interactionType\":{\"@type\":\"WatchAction\"},\"userInteractionCount\":1736},\"thumbnailUrl\":\"https:\/\/i.ytimg.com\/vi\/q63K5jQ-uEw\/default.jpg\",\"uploadDate\":\"2022-08-24T15:39:06Z\"}<\/script>\n\n\t<p>\n\t\t<a href=\"\" target=\"_blank\" data-element=\"shortcode-suno-banner\" title=\"Banner SUNO, clique e saiba mais\">\n\t\t\t<picture>\n\t\t\t\t<source media=\"(max-width: 500px)\" srcset=\"\">\n\t\t\t\t<img class=\"newsContent__article__imgCapa newsContent__article__imgCapa--banner\"\n\t\t\t\t\tsrc=\"\"\n\t\t\t\t\tdata-promo-id=\"240038\"\t\t\t\t\t\t\t\t\t\t\t\t\t\t\talt=\"\"\n\t\t\t\t>\n\t\t\t<\/picture>\n\t\t<\/a>\n\t<\/p>\n\n\n<p>Na compara\u00e7\u00e3o com julho de 2021, o recuo das <a href=\"https:\/\/www.suno.com.br\/noticias\/varejo-fim-alta-selic-impulsionar-setor-especialistas\/\"><strong>vendas no varejo<\/strong><\/a> foi de 5,2%.<\/p>\n<p>Com essa varia\u00e7\u00e3o, o n\u00famero ficou abaixo das proje\u00e7\u00f5es, j\u00e1 que o consenso Refinitiv estimava uma alta de 0,3% no comparativo mensal e 3,5% no comparativo com igual per\u00edodo do ano anterior.<\/p>\n<p>De acordo com o gerente da pesquisa, Cristiano Santos, trata-se da terceira queda seguida ap\u00f3s meses de alta, mostrando uma <strong>retomada do varejo<\/strong> ainda irregular<\/p>\n<p>\u201cO setor repete a trajet\u00f3ria que vem acontecendo desde mar\u00e7o de 2020, com alta volatilidade\u201d, explica.<\/p>\n<p>&#8220;Esse patamar j\u00e1 esteve muito mais alto. Em julho de 2021, apresentou 5,3% acima de fevereiro de 2020\u201d, acrescenta Santos<\/p>\n<p>A <a href=\"https:\/\/www.suno.com.br\/artigos\/o-que-receita-bruta\/\">receita nominal<\/a> do varejo restrito acumulou baixa de 1,6% em julho, ante junho. Na compara\u00e7\u00e3o com julho de 2021, houve alta de 10,3%.<\/p>\n\t<p>\n\t\t<a href=\"https:\/\/lp.suno.com.br\/planilha-controle-gastos\/\" target=\"_blank\" data-element=\"shortcode-suno-banner\" title=\"Banner SUNO, clique e saiba mais\">\n\t\t\t<picture>\n\t\t\t\t<source media=\"(max-width: 500px)\" srcset=\"https:\/\/files.sunoresearch.com.br\/n\/uploads\/2023\/03\/400x300-Planilha-controle-de-gastos.png\">\n\t\t\t\t<img class=\"newsContent__article__imgCapa newsContent__article__imgCapa--banner\"\n\t\t\t\t\tsrc=\"https:\/\/files.sunoresearch.com.br\/n\/uploads\/2023\/03\/1420x240-Planilha-controle-de-gastos.png\"\n\t\t\t\t\tdata-promo-id=\"101751\"\t\t\t\t\t\t\t\t\t\twidth='1420' height='240'\t\t\t\t\talt=\"https:\/\/files.sunoresearch.com.br\/n\/uploads\/2023\/03\/1420x240-Planilha-controle-de-gastos.png\"\n\t\t\t\t>\n\t\t\t<\/picture>\n\t\t<\/a>\n\t<\/p>\n\n\n<p>J\u00e1 no <strong>varejo ampliado<\/strong> &#8211; que contempla vendas de ve\u00edculos e motos, partes e pe\u00e7as, e material de constru\u00e7\u00e3o &#8211; o volume de vendas diminuiu 0,7% na passagem entre junho e julho, j\u00e1 descontados os efeitos sazonais.<\/p>\n<p>A receita nominal do varejo ampliado recuou 0,1% em julho, frente a junho, na s\u00e9rie com ajuste sazonal. Na compara\u00e7\u00e3o com julho de 2021, houve alta, de 7,8%.<\/p>\n<p>\u201cEsse perfil negativo do com\u00e9rcio varejista em julho est\u00e1 bastante disseminado pelas atividades. Em combust\u00edveis, houve defla\u00e7\u00e3o, diminui\u00e7\u00e3o dos pre\u00e7os de combust\u00edveis em julho. E isso acaba impactando\u201d, conclui o gerente da pesquisa em refer\u00eancia <a href=\"https:\/\/www.suno.com.br\/noticias\/ipca-agosto-deflacao-mensal\/\">a \u00faltima leitura do IPCA<\/a>.<\/p>\n<h2>Combust\u00edveis s\u00e3o exce\u00e7\u00e3o no varejo ampliado<\/h2>\n<p>Dentre os setores que est\u00e3o queda nos indicadores do varejo, encontram-se:<\/p>\n<ul>\n<li>M\u00f3veis e eletrodom\u00e9sticos (-3,0%)<\/li>\n<li>Livros, jornais, revistas e papelaria (-2,0%)<\/li>\n<li>Equipamentos e material para escrit\u00f3rio inform\u00e1tica e comunica\u00e7\u00e3o (-1,5%)<\/li>\n<li>Artigos farmac\u00eauticos, m\u00e9dicos, ortop\u00e9dicos e de perfumaria (-1,4%)<\/li>\n<li>Hiper, supermercados, produtos aliment\u00edcios, bebidas e fumo (-0,6%)<\/li>\n<li>Outros artigos de uso pessoal e dom\u00e9stico (-0,5%)<\/li>\n<\/ul>\n<p>Dentro do varejo ampliado, apenas a atividade de Combust\u00edveis e lubrificantes (12,2%) mostrou crescimento.<\/p>\n<p>&#8220;Resultado da pol\u00edtica de redu\u00e7\u00e3o do pre\u00e7o dos combust\u00edveis\u201d, justifica Santos, reiterando a <a href=\"https:\/\/www.suno.com.br\/artigos\/deflacao\/\">defla\u00e7\u00e3o<\/a> como um fator relevante para o <strong>varejo<\/strong>.<\/p>\n\t<p>\n\t\t<a href=\"https:\/\/lp.suno.com.br\/planilha-da-vida-financeira\/\" target=\"_blank\" data-element=\"shortcode-suno-banner\" title=\"Banner SUNO, clique e saiba mais\">\n\t\t\t<picture>\n\t\t\t\t<source media=\"(max-width: 500px)\" srcset=\"https:\/\/files.sunoresearch.com.br\/n\/uploads\/2023\/04\/400x300-Planilha-vida-financeira-true.png\">\n\t\t\t\t<img class=\"newsContent__article__imgCapa newsContent__article__imgCapa--banner\"\n\t\t\t\t\tsrc=\"https:\/\/files.sunoresearch.com.br\/n\/uploads\/2023\/04\/1420x240-Planilha-vida-financeira-true.png\"\n\t\t\t\t\tdata-promo-id=\"106682\"\t\t\t\t\t\t\t\t\t\twidth='1420' height='240'\t\t\t\t\talt=\"https:\/\/files.sunoresearch.com.br\/n\/uploads\/2023\/04\/1420x240-Planilha-vida-financeira-true.png\"\n\t\t\t\t>\n\t\t\t<\/picture>\n\t\t<\/a>\n\t<\/p>\n\n\n","protected":false},"excerpt":{"rendered":"<p>O n\u00famero de vendas no varejo caiu 0,8% em julho segundo dados da Pesquisa Mensal de Com\u00e9rcio (PMC), divulgada nesta quarta-feira (14) pelo IBGE. Na compara\u00e7\u00e3o com julho de 2021, o recuo das vendas no varejo foi de 5,2%. Com essa varia\u00e7\u00e3o, o n\u00famero ficou abaixo das proje\u00e7\u00f5es, j\u00e1 que o consenso Refinitiv estimava uma [&hellip;]<\/p>\n","protected":false},"author":73,"featured_media":133206,"comment_status":"closed","ping_status":"closed","sticky":false,"template":"","format":"standard","meta":[],"categories":[62],"tags":[105816,803],"suno_strategy":[],"class_list":["post-297373","post","type-post","status-publish","format-standard","has-post-thumbnail","hentry","category-economia","tag-especialistas","tag-varejo"],"yoast_head":"<!-- This site is optimized with the Yoast SEO plugin v24.4 - https:\/\/yoast.com\/wordpress\/plugins\/seo\/ -->\n<title>Vendas no varejo caem 0,8% em julho, pior do que as proje\u00e7\u00f5es<\/title>\n<meta name=\"description\" content=\"Especialistas do consenso Refinitv esperavam uma estabilidade nos indicadores de vendas no varejo no mensal e no anualizado. Confira!\" \/>\n<meta name=\"robots\" content=\"index, follow, max-snippet:-1, max-image-preview:large, max-video-preview:-1\" \/>\n<link rel=\"canonical\" href=\"https:\/\/www.suno.com.br\/noticias\/vendas-varejo-julho\/\" \/>\n<meta property=\"og:locale\" content=\"pt_BR\" \/>\n<meta property=\"og:type\" content=\"article\" \/>\n<meta property=\"og:title\" content=\"Vendas no varejo caem 0,8% em julho, pior do que as proje\u00e7\u00f5es\" \/>\n<meta property=\"og:description\" content=\"Especialistas do consenso Refinitv esperavam uma estabilidade nos indicadores de vendas no varejo no mensal e no anualizado. Confira!\" \/>\n<meta property=\"og:url\" content=\"https:\/\/www.suno.com.br\/noticias\/vendas-varejo-julho\/\" \/>\n<meta property=\"og:site_name\" content=\"Suno Not\u00edcias\" \/>\n<meta property=\"article:publisher\" content=\"https:\/\/facebook.com\/sunoresearch\" \/>\n<meta property=\"og:image\" content=\"https:\/\/files.sunoresearch.com.br\/n\/uploads\/2021\/03\/3fa9c8da-magazine-luiza3.jpg\" \/>\n\t<meta property=\"og:image:width\" content=\"1200\" \/>\n\t<meta property=\"og:image:height\" content=\"800\" \/>\n\t<meta property=\"og:image:type\" content=\"image\/jpeg\" \/>\n<meta name=\"author\" content=\"Eduardo Vargas\" \/>\n<meta name=\"twitter:card\" content=\"summary_large_image\" \/>\n<meta name=\"twitter:creator\" content=\"@sunoresearch\" \/>\n<meta name=\"twitter:site\" content=\"@sunoresearch\" \/>\n<meta name=\"twitter:label1\" content=\"Escrito por\" \/>\n\t<meta name=\"twitter:data1\" content=\"Eduardo Vargas\" \/>\n\t<meta name=\"twitter:label2\" content=\"Est. tempo de leitura\" \/>\n\t<meta name=\"twitter:data2\" content=\"2 minutos\" \/>\n<script type=\"application\/ld+json\" class=\"yoast-schema-graph\">{\"@context\":\"https:\/\/schema.org\",\"@graph\":[{\"@type\":\"NewsArticle\",\"@id\":\"https:\/\/www.suno.com.br\/noticias\/vendas-varejo-julho\/#article\",\"isPartOf\":{\"@id\":\"https:\/\/www.suno.com.br\/noticias\/vendas-varejo-julho\/\"},\"author\":{\"name\":\"Eduardo Vargas\",\"@id\":\"https:\/\/www.suno.com.br\/noticias\/#\/schema\/person\/7f4d362bf3518e76090143ae77bb49a5\"},\"headline\":\"Vendas no varejo caem 0,8% em julho, pior do que as proje\u00e7\u00f5es\",\"datePublished\":\"2022-09-14T15:27:59+00:00\",\"mainEntityOfPage\":{\"@id\":\"https:\/\/www.suno.com.br\/noticias\/vendas-varejo-julho\/\"},\"wordCount\":402,\"publisher\":{\"@id\":\"https:\/\/www.suno.com.br\/noticias\/#organization\"},\"image\":{\"@id\":\"https:\/\/www.suno.com.br\/noticias\/vendas-varejo-julho\/#primaryimage\"},\"thumbnailUrl\":\"https:\/\/files.sunoresearch.com.br\/n\/uploads\/2021\/03\/3fa9c8da-magazine-luiza3-jpg.webp\",\"keywords\":[\"Especialistas\",\"varejo\"],\"articleSection\":[\"Economia\"],\"inLanguage\":\"pt-BR\"},{\"@type\":\"WebPage\",\"@id\":\"https:\/\/www.suno.com.br\/noticias\/vendas-varejo-julho\/\",\"url\":\"https:\/\/www.suno.com.br\/noticias\/vendas-varejo-julho\/\",\"name\":\"Vendas no varejo caem 0,8% em julho, pior do que as proje\u00e7\u00f5es\",\"isPartOf\":{\"@id\":\"https:\/\/www.suno.com.br\/noticias\/#website\"},\"primaryImageOfPage\":{\"@id\":\"https:\/\/www.suno.com.br\/noticias\/vendas-varejo-julho\/#primaryimage\"},\"image\":{\"@id\":\"https:\/\/www.suno.com.br\/noticias\/vendas-varejo-julho\/#primaryimage\"},\"thumbnailUrl\":\"https:\/\/files.sunoresearch.com.br\/n\/uploads\/2021\/03\/3fa9c8da-magazine-luiza3-jpg.webp\",\"datePublished\":\"2022-09-14T15:27:59+00:00\",\"description\":\"Especialistas do consenso Refinitv esperavam uma estabilidade nos indicadores de vendas no varejo no mensal e no anualizado. Confira!\",\"breadcrumb\":{\"@id\":\"https:\/\/www.suno.com.br\/noticias\/vendas-varejo-julho\/#breadcrumb\"},\"inLanguage\":\"pt-BR\",\"potentialAction\":[{\"@type\":\"ReadAction\",\"target\":[\"https:\/\/www.suno.com.br\/noticias\/vendas-varejo-julho\/\"]}]},{\"@type\":\"ImageObject\",\"inLanguage\":\"pt-BR\",\"@id\":\"https:\/\/www.suno.com.br\/noticias\/vendas-varejo-julho\/#primaryimage\",\"url\":\"https:\/\/files.sunoresearch.com.br\/n\/uploads\/2021\/03\/3fa9c8da-magazine-luiza3-jpg.webp\",\"contentUrl\":\"https:\/\/files.sunoresearch.com.br\/n\/uploads\/2021\/03\/3fa9c8da-magazine-luiza3-jpg.webp\",\"width\":1200,\"height\":800,\"caption\":\"Foto: Divulga\u00e7\u00e3o\"},{\"@type\":\"BreadcrumbList\",\"@id\":\"https:\/\/www.suno.com.br\/noticias\/vendas-varejo-julho\/#breadcrumb\",\"itemListElement\":[{\"@type\":\"ListItem\",\"position\":1,\"name\":\"Not\u00edcias\",\"item\":\"https:\/\/www.suno.com.br\/noticias\/\"},{\"@type\":\"ListItem\",\"position\":2,\"name\":\"Economia\",\"item\":\"https:\/\/www.suno.com.br\/noticias\/economia\/\"},{\"@type\":\"ListItem\",\"position\":3,\"name\":\"Vendas no varejo caem 0,8% em julho, pior do que as proje\u00e7\u00f5es\"}]},{\"@type\":\"WebSite\",\"@id\":\"https:\/\/www.suno.com.br\/noticias\/#website\",\"url\":\"https:\/\/www.suno.com.br\/noticias\/\",\"name\":\"Suno Not\u00edcias\",\"description\":\"Seu portal de informa\u00e7\u00e3o sobre o mundo dos investimentos\",\"publisher\":{\"@id\":\"https:\/\/www.suno.com.br\/noticias\/#organization\"},\"potentialAction\":[{\"@type\":\"SearchAction\",\"target\":{\"@type\":\"EntryPoint\",\"urlTemplate\":\"https:\/\/www.suno.com.br\/noticias\/?s={search_term_string}\"},\"query-input\":{\"@type\":\"PropertyValueSpecification\",\"valueRequired\":true,\"valueName\":\"search_term_string\"}}],\"inLanguage\":\"pt-BR\"},{\"@type\":\"Organization\",\"@id\":\"https:\/\/www.suno.com.br\/noticias\/#organization\",\"name\":\"Suno Not\u00edcias\",\"url\":\"https:\/\/www.suno.com.br\/noticias\/\",\"logo\":{\"@type\":\"ImageObject\",\"inLanguage\":\"pt-BR\",\"@id\":\"https:\/\/www.suno.com.br\/noticias\/#\/schema\/logo\/image\/\",\"url\":\"https:\/\/files.sunoresearch.com.br\/n\/uploads\/2021\/09\/suno-logo.png\",\"contentUrl\":\"https:\/\/files.sunoresearch.com.br\/n\/uploads\/2021\/09\/suno-logo.png\",\"width\":180,\"height\":180,\"caption\":\"Suno Not\u00edcias\"},\"image\":{\"@id\":\"https:\/\/www.suno.com.br\/noticias\/#\/schema\/logo\/image\/\"},\"sameAs\":[\"https:\/\/facebook.com\/sunoresearch\",\"https:\/\/x.com\/sunoresearch\",\"https:\/\/www.instagram.com\/suno\",\"https:\/\/www.linkedin.com\/company\/suno-research\/\",\"https:\/\/www.youtube.com\/c\/sunoresearch\"]},{\"@type\":\"Person\",\"@id\":\"https:\/\/www.suno.com.br\/noticias\/#\/schema\/person\/7f4d362bf3518e76090143ae77bb49a5\",\"name\":\"Eduardo Vargas\",\"image\":{\"@type\":\"ImageObject\",\"inLanguage\":\"pt-BR\",\"@id\":\"https:\/\/www.suno.com.br\/noticias\/#\/schema\/person\/image\/\",\"url\":\"https:\/\/secure.gravatar.com\/avatar\/dac340933427a22924c9f99d1eb2e3f2?s=96&r=g\",\"contentUrl\":\"https:\/\/secure.gravatar.com\/avatar\/dac340933427a22924c9f99d1eb2e3f2?s=96&r=g\",\"caption\":\"Eduardo Vargas\"},\"description\":\"Jornalista formado pela UFSC, cobre macroeconomia, neg\u00f3cios e startups para o Suno Not\u00edcias, escrevendo principalmente not\u00edcias sobre o mercado financeiro e a bolsa de valores. No YouTube e no Instagram, \u00e9 respons\u00e1vel pela produ\u00e7\u00e3o de Reels e Shorts do Suno Not\u00edcias. Anteriormente, trabalhou cobrindo economia e cotidiano no ND+ e para o ND, maior jornal impresso de Santa Catarina. Cursou um semestre letivo de Estudos de M\u00eddia na Universidad de Buenos Aires.\",\"url\":\"https:\/\/www.suno.com.br\/noticias\/author\/eduardo-vargas\/\"}]}<\/script>\n<!-- \/ Yoast SEO plugin. -->","yoast_head_json":{"title":"Vendas no varejo caem 0,8% em julho, pior do que as proje\u00e7\u00f5es","description":"Especialistas do consenso Refinitv esperavam uma estabilidade nos indicadores de vendas no varejo no mensal e no anualizado. Confira!","robots":{"index":"index","follow":"follow","max-snippet":"max-snippet:-1","max-image-preview":"max-image-preview:large","max-video-preview":"max-video-preview:-1"},"canonical":"https:\/\/www.suno.com.br\/noticias\/vendas-varejo-julho\/","og_locale":"pt_BR","og_type":"article","og_title":"Vendas no varejo caem 0,8% em julho, pior do que as proje\u00e7\u00f5es","og_description":"Especialistas do consenso Refinitv esperavam uma estabilidade nos indicadores de vendas no varejo no mensal e no anualizado. Confira!","og_url":"https:\/\/www.suno.com.br\/noticias\/vendas-varejo-julho\/","og_site_name":"Suno Not\u00edcias","article_publisher":"https:\/\/facebook.com\/sunoresearch","og_image":[{"width":1200,"height":800,"url":"https:\/\/files.sunoresearch.com.br\/n\/uploads\/2021\/03\/3fa9c8da-magazine-luiza3.jpg","type":"image\/jpeg"}],"author":"Eduardo Vargas","twitter_card":"summary_large_image","twitter_creator":"@sunoresearch","twitter_site":"@sunoresearch","twitter_misc":{"Escrito por":"Eduardo Vargas","Est. tempo de leitura":"2 minutos"},"schema":{"@context":"https:\/\/schema.org","@graph":[{"@type":"NewsArticle","@id":"https:\/\/www.suno.com.br\/noticias\/vendas-varejo-julho\/#article","isPartOf":{"@id":"https:\/\/www.suno.com.br\/noticias\/vendas-varejo-julho\/"},"author":{"name":"Eduardo Vargas","@id":"https:\/\/www.suno.com.br\/noticias\/#\/schema\/person\/7f4d362bf3518e76090143ae77bb49a5"},"headline":"Vendas no varejo caem 0,8% em julho, pior do que as proje\u00e7\u00f5es","datePublished":"2022-09-14T15:27:59+00:00","mainEntityOfPage":{"@id":"https:\/\/www.suno.com.br\/noticias\/vendas-varejo-julho\/"},"wordCount":402,"publisher":{"@id":"https:\/\/www.suno.com.br\/noticias\/#organization"},"image":{"@id":"https:\/\/www.suno.com.br\/noticias\/vendas-varejo-julho\/#primaryimage"},"thumbnailUrl":"https:\/\/files.sunoresearch.com.br\/n\/uploads\/2021\/03\/3fa9c8da-magazine-luiza3-jpg.webp","keywords":["Especialistas","varejo"],"articleSection":["Economia"],"inLanguage":"pt-BR"},{"@type":"WebPage","@id":"https:\/\/www.suno.com.br\/noticias\/vendas-varejo-julho\/","url":"https:\/\/www.suno.com.br\/noticias\/vendas-varejo-julho\/","name":"Vendas no varejo caem 0,8% em julho, pior do que as proje\u00e7\u00f5es","isPartOf":{"@id":"https:\/\/www.suno.com.br\/noticias\/#website"},"primaryImageOfPage":{"@id":"https:\/\/www.suno.com.br\/noticias\/vendas-varejo-julho\/#primaryimage"},"image":{"@id":"https:\/\/www.suno.com.br\/noticias\/vendas-varejo-julho\/#primaryimage"},"thumbnailUrl":"https:\/\/files.sunoresearch.com.br\/n\/uploads\/2021\/03\/3fa9c8da-magazine-luiza3-jpg.webp","datePublished":"2022-09-14T15:27:59+00:00","description":"Especialistas do consenso Refinitv esperavam uma estabilidade nos indicadores de vendas no varejo no mensal e no anualizado. Confira!","breadcrumb":{"@id":"https:\/\/www.suno.com.br\/noticias\/vendas-varejo-julho\/#breadcrumb"},"inLanguage":"pt-BR","potentialAction":[{"@type":"ReadAction","target":["https:\/\/www.suno.com.br\/noticias\/vendas-varejo-julho\/"]}]},{"@type":"ImageObject","inLanguage":"pt-BR","@id":"https:\/\/www.suno.com.br\/noticias\/vendas-varejo-julho\/#primaryimage","url":"https:\/\/files.sunoresearch.com.br\/n\/uploads\/2021\/03\/3fa9c8da-magazine-luiza3-jpg.webp","contentUrl":"https:\/\/files.sunoresearch.com.br\/n\/uploads\/2021\/03\/3fa9c8da-magazine-luiza3-jpg.webp","width":1200,"height":800,"caption":"Foto: Divulga\u00e7\u00e3o"},{"@type":"BreadcrumbList","@id":"https:\/\/www.suno.com.br\/noticias\/vendas-varejo-julho\/#breadcrumb","itemListElement":[{"@type":"ListItem","position":1,"name":"Not\u00edcias","item":"https:\/\/www.suno.com.br\/noticias\/"},{"@type":"ListItem","position":2,"name":"Economia","item":"https:\/\/www.suno.com.br\/noticias\/economia\/"},{"@type":"ListItem","position":3,"name":"Vendas no varejo caem 0,8% em julho, pior do que as proje\u00e7\u00f5es"}]},{"@type":"WebSite","@id":"https:\/\/www.suno.com.br\/noticias\/#website","url":"https:\/\/www.suno.com.br\/noticias\/","name":"Suno Not\u00edcias","description":"Seu portal de informa\u00e7\u00e3o sobre o mundo dos investimentos","publisher":{"@id":"https:\/\/www.suno.com.br\/noticias\/#organization"},"potentialAction":[{"@type":"SearchAction","target":{"@type":"EntryPoint","urlTemplate":"https:\/\/www.suno.com.br\/noticias\/?s={search_term_string}"},"query-input":{"@type":"PropertyValueSpecification","valueRequired":true,"valueName":"search_term_string"}}],"inLanguage":"pt-BR"},{"@type":"Organization","@id":"https:\/\/www.suno.com.br\/noticias\/#organization","name":"Suno Not\u00edcias","url":"https:\/\/www.suno.com.br\/noticias\/","logo":{"@type":"ImageObject","inLanguage":"pt-BR","@id":"https:\/\/www.suno.com.br\/noticias\/#\/schema\/logo\/image\/","url":"https:\/\/files.sunoresearch.com.br\/n\/uploads\/2021\/09\/suno-logo.png","contentUrl":"https:\/\/files.sunoresearch.com.br\/n\/uploads\/2021\/09\/suno-logo.png","width":180,"height":180,"caption":"Suno Not\u00edcias"},"image":{"@id":"https:\/\/www.suno.com.br\/noticias\/#\/schema\/logo\/image\/"},"sameAs":["https:\/\/facebook.com\/sunoresearch","https:\/\/x.com\/sunoresearch","https:\/\/www.instagram.com\/suno","https:\/\/www.linkedin.com\/company\/suno-research\/","https:\/\/www.youtube.com\/c\/sunoresearch"]},{"@type":"Person","@id":"https:\/\/www.suno.com.br\/noticias\/#\/schema\/person\/7f4d362bf3518e76090143ae77bb49a5","name":"Eduardo Vargas","image":{"@type":"ImageObject","inLanguage":"pt-BR","@id":"https:\/\/www.suno.com.br\/noticias\/#\/schema\/person\/image\/","url":"https:\/\/secure.gravatar.com\/avatar\/dac340933427a22924c9f99d1eb2e3f2?s=96&r=g","contentUrl":"https:\/\/secure.gravatar.com\/avatar\/dac340933427a22924c9f99d1eb2e3f2?s=96&r=g","caption":"Eduardo Vargas"},"description":"Jornalista formado pela UFSC, cobre macroeconomia, neg\u00f3cios e startups para o Suno Not\u00edcias, escrevendo principalmente not\u00edcias sobre o mercado financeiro e a bolsa de valores. No YouTube e no Instagram, \u00e9 respons\u00e1vel pela produ\u00e7\u00e3o de Reels e Shorts do Suno Not\u00edcias. Anteriormente, trabalhou cobrindo economia e cotidiano no ND+ e para o ND, maior jornal impresso de Santa Catarina. Cursou um semestre letivo de Estudos de M\u00eddia na Universidad de Buenos Aires.","url":"https:\/\/www.suno.com.br\/noticias\/author\/eduardo-vargas\/"}]}},"default_loop_html":"<div class=\"cardsPage__listCard__boxs\"><div class=\"cardsPage__listCard__boxs__img\"><a href=\"https:\/\/www.suno.com.br\/noticias\/vendas-varejo-julho\/\"><img class=\"mask\" src=\"https:\/\/www.suno.com.br\/noticias\/wp-content\/themes\/suno\/resources\/images\/spotlight\/spotlight1img\/bg-mask.png\" alt=\"Image Mask\"\/><img src=\"https:\/\/files.sunoresearch.com.br\/n\/uploads\/2021\/03\/3fa9c8da-magazine-luiza3-400x200.webp\" alt=\"Vendas no varejo caem 0,8% em julho, pior do que as proje\u00e7\u00f5es\"\/><\/a><span class=\"spotlightCategory\"><a href=\"https:\/\/www.suno.com.br\/noticias\/economia\/\">Economia<\/a><\/span><\/div><div class=\"cardsPage__listCard__boxs__content\"><a href=\"https:\/\/www.suno.com.br\/noticias\/vendas-varejo-julho\/\"><h2 class=\"content__title\">Vendas no varejo caem 0,8% em julho, pior do que as proje\u00e7\u00f5es<\/h2><\/a><div class=\"newsContent__article__meta\"><div class=\"newsContent__article__meta__authorBox\"><a href=\"https:\/\/www.suno.com.br\/noticias\/author\/eduardo-vargas\/\" class=\"authorBox__avatar noMobi\"><img src=\"https:\/\/secure.gravatar.com\/avatar\/dac340933427a22924c9f99d1eb2e3f2?s=96&#038;r=g\" alt=\"Eduardo Vargas\"><\/a><div class=\"authorBox__name\"><span>por\n\t\t\t<a href=\"https:\/\/www.suno.com.br\/noticias\/author\/eduardo-vargas\/\"><span itemprop=\"author\">Eduardo Vargas<\/span><\/a><\/span><time datetime=\"2022-09-14T12:27:59-03:00\" itemprop=\"datePublished\">14\/09\/2022 12:27<\/time><\/div><\/div><\/div><\/div><\/div>","single_layout":"posts","amp_enabled":true,"_links":{"self":[{"href":"https:\/\/www.suno.com.br\/noticias\/wp-json\/wp\/v2\/posts\/297373"}],"collection":[{"href":"https:\/\/www.suno.com.br\/noticias\/wp-json\/wp\/v2\/posts"}],"about":[{"href":"https:\/\/www.suno.com.br\/noticias\/wp-json\/wp\/v2\/types\/post"}],"author":[{"embeddable":true,"href":"https:\/\/www.suno.com.br\/noticias\/wp-json\/wp\/v2\/users\/73"}],"replies":[{"embeddable":true,"href":"https:\/\/www.suno.com.br\/noticias\/wp-json\/wp\/v2\/comments?post=297373"}],"version-history":[{"count":2,"href":"https:\/\/www.suno.com.br\/noticias\/wp-json\/wp\/v2\/posts\/297373\/revisions"}],"predecessor-version":[{"id":297465,"href":"https:\/\/www.suno.com.br\/noticias\/wp-json\/wp\/v2\/posts\/297373\/revisions\/297465"}],"wp:featuredmedia":[{"embeddable":true,"href":"https:\/\/www.suno.com.br\/noticias\/wp-json\/wp\/v2\/media\/133206"}],"wp:attachment":[{"href":"https:\/\/www.suno.com.br\/noticias\/wp-json\/wp\/v2\/media?parent=297373"}],"wp:term":[{"taxonomy":"category","embeddable":true,"href":"https:\/\/www.suno.com.br\/noticias\/wp-json\/wp\/v2\/categories?post=297373"},{"taxonomy":"post_tag","embeddable":true,"href":"https:\/\/www.suno.com.br\/noticias\/wp-json\/wp\/v2\/tags?post=297373"},{"taxonomy":"suno_strategy","embeddable":true,"href":"https:\/\/www.suno.com.br\/noticias\/wp-json\/wp\/v2\/suno_strategy?post=297373"}],"curies":[{"name":"wp","href":"https:\/\/api.w.org\/{rel}","templated":true}]}}