{"id":29721,"date":"2019-07-01T20:01:36","date_gmt":"2019-07-01T23:01:36","guid":{"rendered":"https:\/\/www.suno.com.br\/noticias\/?p=29721"},"modified":"2019-07-23T14:57:32","modified_gmt":"2019-07-23T17:57:32","slug":"santander-reduz-juro-do-credito-imobiliario-a-799-por-60-dias","status":"publish","type":"post","link":"https:\/\/www.suno.com.br\/noticias\/santander-reduz-juro-do-credito-imobiliario-a-799-por-60-dias\/","title":{"rendered":"Santander reduz juro do cr\u00e9dito imobili\u00e1rio a 7,99% por 60 dias"},"content":{"rendered":"<p>O banco Santander anunciou nesta segunda-feira (01) a redu\u00e7\u00e3o para 7,99% na taxa de\u00a0<strong><span style=\"font-size: 1.21429rem;\">cr\u00e9dito imobili\u00e1rio<\/span><\/strong><span style=\"font-size: 1.21429rem;\">. A diminui\u00e7\u00e3o serve a todos os segmentos de financiamento por um per\u00edodo de dois meses.\u00a0<\/span><\/p>\t<div class=\"wrapper-featured-image\">\n\t\t<figure class=\"spotlightImg\">\n\n\t\t\t<picture>\n\t\t\t\t<source media=\"(max-width: 768px)\" srcset=\"https:\/\/files.sunoresearch.com.br\/n\/uploads\/2019\/07\/06776d6b-santander-400x200.webp\">\n\t\t\t\t<img loading=\"lazy\" decoding=\"async\" class=\"newsContent__article__imgCapa lazyloadDisabled newsContent__article__imgCapa--noCaption\" src=\"https:\/\/files.sunoresearch.com.br\/n\/uploads\/2019\/07\/06776d6b-santander-800x450.webp\" width=\"800\" height=\"450\" alt=\"Santander reduz juro do cr\u00e9dito imobili\u00e1rio a 7,99% por 60 dias\" fetchpriority=high \/>\n\t\t\t<\/picture>\n\n\t\t\t<figcaption class=\"wp-caption-text wp-caption-text--hide\">Santander (SANB11). Foto: Divulga\u00e7\u00e3o.<\/figcaption>\n\t\t<\/figure>\n\t<\/div>\n\n\n<p>Conforme informado por Jos\u00e9 Roberto Machado,\u00a0diretor-executivo de Pessoa F\u00edsica do<strong> Santander<\/strong>, a manuten\u00e7\u00e3o do juro ap\u00f3s o per\u00edodo est\u00e1 relacionada com a redu\u00e7\u00e3o da <a href=\"https:\/\/www.suno.com.br\/artigos\/taxa-selic\/\"><strong>taxa Selic<\/strong><\/a>.<\/p>\n<p>A redu\u00e7\u00e3o come\u00e7a a valer na pr\u00f3xima ter\u00e7a-feira (02). Atualmente, a taxa de cr\u00e9dito imobili\u00e1rio do banco \u00e9 de\u00a08,99%.<\/p>\n\t<p>\n\t\t<a href=\"https:\/\/lp.suno.com.br\/ao\/servico-especializado-suno-tf\/?utm_source=adwords&#038;utm_medium=search&#038;utm_campaign=search.servico.funilconsultoria&#038;utm_content=1147_responsivo-a&#038;hsa_acc=2326072784&#038;hsa_cam=18022897917&#038;hsa_grp=141470255993&#038;hsa_ad=616145467912&#038;hsa_src=g&#038;hsa_tgt=kwd-303658942458&#038;hsa_kw=gestora+de+investimentos&#038;hsa_mt=b&#038;hsa_net=adwords&#038;hsa_ver=3&#038;gad_source=1&#038;gclid=CjwKCAjw1emzBhB8EiwAHwZZxQMvA3xJVRzLGZ70LmuSzR55X-KvxijSay8c5Hm88Sznnq97j8XbORoC-sMQAvD_BwE\" target=\"_blank\" data-element=\"shortcode-suno-banner\" title=\"Banner SUNO, clique e saiba mais\">\n\t\t\t<picture>\n\t\t\t\t<source media=\"(max-width: 500px)\" srcset=\"https:\/\/files.sunoresearch.com.br\/n\/uploads\/2024\/06\/400x300-Mobile-Artigos-4-1.png\">\n\t\t\t\t<img class=\"newsContent__article__imgCapa newsContent__article__imgCapa--banner\"\n\t\t\t\t\tsrc=\"https:\/\/files.sunoresearch.com.br\/n\/uploads\/2024\/06\/1420x240-Banner-Artigos-1-_-Banner-Materias-2-1.png\"\n\t\t\t\t\tdata-promo-id=\"563609\"\t\t\t\t\t\t\t\t\t\twidth='1420' height='240'\t\t\t\t\talt=\"https:\/\/files.sunoresearch.com.br\/n\/uploads\/2024\/06\/1420x240-Banner-Artigos-1-_-Banner-Materias-2-1.png\"\n\t\t\t\t>\n\t\t\t<\/picture>\n\t\t<\/a>\n\t<\/p>\n\n\n<p>Para solicitar o empr\u00e9stimo, \u00e9 necess\u00e1rio que a pessoa tenha <strong>renda min\u00edma<\/strong> de R$ 2.500. Al\u00e9m disso, o valor financiado deve ser no m\u00ednimo de R$ 60 mil com prazo m\u00e1ximo de 25 anos.<\/p>\n<p>O diretor-executivo ressaltou ainda que a redu\u00e7\u00e3o n\u00e3o \u00e9 valida somente para clientes do banco. Assim,\u00a0a institui\u00e7\u00e3o financeira quer atrair clientes de outros bancos atrav\u00e9s da <strong>portabilidade.<\/strong><\/p>\n<p>&#8220;Vamos aproveitar o momento de mercado, o qual entendemos que tem atra\u00eddo pessoas que est\u00e3o em busca de seu im\u00f3vel e tiveram esse desejo postergado pelo cen\u00e1rio macroecon\u00f4mico dif\u00edcil dos \u00faltimos anos&#8221;, explicou Machado.<\/p>\n\t<p>\n\t\t<a href=\"https:\/\/lp.suno.com.br\/ebook-guia-ir\/\" target=\"_blank\" data-element=\"shortcode-suno-banner\" title=\"Banner SUNO, clique e saiba mais\">\n\t\t\t<picture>\n\t\t\t\t<source media=\"(max-width: 500px)\" srcset=\"https:\/\/files.sunoresearch.com.br\/n\/uploads\/2023\/03\/400x300-Ebook-IR.png\">\n\t\t\t\t<img class=\"newsContent__article__imgCapa newsContent__article__imgCapa--banner\"\n\t\t\t\t\tsrc=\"https:\/\/files.sunoresearch.com.br\/n\/uploads\/2023\/03\/1420x240-Ebook-IR.png\"\n\t\t\t\t\tdata-promo-id=\"383124\"\t\t\t\t\t\t\t\t\t\twidth='1420' height='240'\t\t\t\t\talt=\"https:\/\/files.sunoresearch.com.br\/n\/uploads\/2023\/03\/1420x240-Ebook-IR.png\"\n\t\t\t\t>\n\t\t\t<\/picture>\n\t\t<\/a>\n\t<\/p>\n\n\n<h2>Taxa Selic e Previd\u00eancia<\/h2>\n<p>O\u00a0diretor de produtos de cr\u00e9dito para a pessoa f\u00edsica do Santander, Gustavo Alejo, declarou que a redu\u00e7\u00e3o pode durar mais tempo. Segundo ele, a promo\u00e7\u00e3o depende do mercado que influencia na taxa de juros.<\/p>\n<p><a href=\"https:\/\/www.suno.com.br\/noticias\/copom-taxa-selic-65-16\/\">Saiba mais: Copom mant\u00e9m taxa Selic a 6,5% pela 10\u00aa vez consecutiva<\/a><\/p>\n<p>Os representantes da institui\u00e7\u00e3o ainda falaram sobre a aprova\u00e7\u00e3o da <strong>reforma da Previd\u00eancia<\/strong> que pode voltar a reduzir a<strong> taxa Selic<\/strong>. Dessa forma, a promo\u00e7\u00e3o poderia durar por um tempo maior.<\/p>\n<h2>Campanha de marketing com a Magazine Luiza<\/h2>\n<p>A redu\u00e7\u00e3o dos juros faz parte de uma campanha em parceria com a <strong>Magazine Luiza<\/strong>. Portanto, ao comprar um im\u00f3vel nesse per\u00edodo, o comprador ganhar\u00e1 uma geladeira da loja.<\/p>\n\t<p>\n\t\t<a href=\"https:\/\/www.seculus.com.br\/blackfriday\" target=\"_blank\" data-element=\"shortcode-suno-banner\" title=\"Banner SUNO, clique e saiba mais\">\n\t\t\t<picture>\n\t\t\t\t<source media=\"(max-width: 500px)\" srcset=\"https:\/\/files.sunoresearch.com.br\/n\/uploads\/2023\/11\/seculus_suno_mobile_2.jpg\">\n\t\t\t\t<img class=\"newsContent__article__imgCapa newsContent__article__imgCapa--banner\"\n\t\t\t\t\tsrc=\"https:\/\/files.sunoresearch.com.br\/n\/uploads\/2023\/11\/seculus_suno_desktop_2.jpg\"\n\t\t\t\t\tdata-promo-id=\"474123\"\t\t\t\t\t\t\t\t\t\twidth='1420' height='240'\t\t\t\t\talt=\"https:\/\/files.sunoresearch.com.br\/n\/uploads\/2023\/11\/seculus_suno_desktop_2.jpg\"\n\t\t\t\t>\n\t\t\t<\/picture>\n\t\t<\/a>\n\t<\/p>\n\n\n<p>Luiza Trajano, a presidente do conselho da Magazine Luiza, ir\u00e1 apresentar uma campanha publicit\u00e1ria para divulgar a a\u00e7\u00e3o conjunta com o banco <strong>Santander<\/strong>.<\/p>\n","protected":false},"excerpt":{"rendered":"<p>O banco Santander anunciou nesta segunda-feira (01) a redu\u00e7\u00e3o para 7,99% na taxa de\u00a0cr\u00e9dito imobili\u00e1rio. A diminui\u00e7\u00e3o serve a todos os segmentos de financiamento por um per\u00edodo de dois meses.\u00a0 Santander (SANB11). Foto: Divulga\u00e7\u00e3o. Conforme informado por Jos\u00e9 Roberto Machado,\u00a0diretor-executivo de Pessoa F\u00edsica do Santander, a manuten\u00e7\u00e3o do juro ap\u00f3s o per\u00edodo est\u00e1 relacionada com [&hellip;]<\/p>\n","protected":false},"author":18,"featured_media":29724,"comment_status":"closed","ping_status":"closed","sticky":false,"template":"","format":"standard","meta":[],"categories":[64],"tags":[1527,548,624],"suno_strategy":[],"class_list":["post-29721","post","type-post","status-publish","format-standard","has-post-thumbnail","hentry","category-negocios","tag-credito-imobiliario","tag-magazine-luiza-mglu3","tag-santander-sanb11-sanb3-sanb4"],"yoast_head":"<!-- This site is optimized with the Yoast SEO plugin v24.4 - https:\/\/yoast.com\/wordpress\/plugins\/seo\/ -->\n<title>Santander reduz juro do cr\u00e9dito imobili\u00e1rio a 7,99% por 60 dias<\/title>\n<meta name=\"description\" content=\"O Banco Santander anunciou nesta segunda-feira (01) a redu\u00e7\u00e3o para 7,99% na taxa de\u00a0cr\u00e9dito imobili\u00e1rio. Clique para saber mais.\" \/>\n<meta name=\"robots\" content=\"index, follow, max-snippet:-1, max-image-preview:large, max-video-preview:-1\" \/>\n<link rel=\"canonical\" href=\"https:\/\/www.suno.com.br\/noticias\/santander-reduz-juro-do-credito-imobiliario-a-799-por-60-dias\/\" \/>\n<meta property=\"og:locale\" content=\"pt_BR\" \/>\n<meta property=\"og:type\" content=\"article\" \/>\n<meta property=\"og:title\" content=\"Santander reduz juro do cr\u00e9dito imobili\u00e1rio a 7,99% por 60 dias\" \/>\n<meta property=\"og:description\" content=\"O Banco Santander anunciou nesta segunda-feira (01) a redu\u00e7\u00e3o para 7,99% na taxa de\u00a0cr\u00e9dito imobili\u00e1rio. Clique para saber mais.\" \/>\n<meta property=\"og:url\" content=\"https:\/\/www.suno.com.br\/noticias\/santander-reduz-juro-do-credito-imobiliario-a-799-por-60-dias\/\" \/>\n<meta property=\"og:site_name\" content=\"Suno Not\u00edcias\" \/>\n<meta property=\"article:publisher\" content=\"https:\/\/facebook.com\/sunoresearch\" \/>\n<meta property=\"og:image\" content=\"https:\/\/files.sunoresearch.com.br\/n\/uploads\/2019\/07\/06776d6b-santander.jpg\" \/>\n\t<meta property=\"og:image:width\" content=\"2949\" \/>\n\t<meta property=\"og:image:height\" content=\"1729\" \/>\n\t<meta property=\"og:image:type\" content=\"image\/jpeg\" \/>\n<meta name=\"author\" content=\"Giovanna Oliveira\" \/>\n<meta name=\"twitter:card\" content=\"summary_large_image\" \/>\n<meta name=\"twitter:creator\" content=\"@sunoresearch\" \/>\n<meta name=\"twitter:site\" content=\"@sunoresearch\" \/>\n<meta name=\"twitter:label1\" content=\"Escrito por\" \/>\n\t<meta name=\"twitter:data1\" content=\"Giovanna Oliveira\" \/>\n\t<meta name=\"twitter:label2\" content=\"Est. tempo de leitura\" \/>\n\t<meta name=\"twitter:data2\" content=\"2 minutos\" \/>\n<script type=\"application\/ld+json\" class=\"yoast-schema-graph\">{\"@context\":\"https:\/\/schema.org\",\"@graph\":[{\"@type\":\"NewsArticle\",\"@id\":\"https:\/\/www.suno.com.br\/noticias\/santander-reduz-juro-do-credito-imobiliario-a-799-por-60-dias\/#article\",\"isPartOf\":{\"@id\":\"https:\/\/www.suno.com.br\/noticias\/santander-reduz-juro-do-credito-imobiliario-a-799-por-60-dias\/\"},\"author\":{\"name\":\"Giovanna Oliveira\",\"@id\":\"https:\/\/www.suno.com.br\/noticias\/#\/schema\/person\/4e19e3d2575736e5283d58eb3199d120\"},\"headline\":\"Santander reduz juro do cr\u00e9dito imobili\u00e1rio a 7,99% por 60 dias\",\"datePublished\":\"2019-07-01T23:01:36+00:00\",\"dateModified\":\"2019-07-23T17:57:32+00:00\",\"mainEntityOfPage\":{\"@id\":\"https:\/\/www.suno.com.br\/noticias\/santander-reduz-juro-do-credito-imobiliario-a-799-por-60-dias\/\"},\"wordCount\":370,\"publisher\":{\"@id\":\"https:\/\/www.suno.com.br\/noticias\/#organization\"},\"image\":{\"@id\":\"https:\/\/www.suno.com.br\/noticias\/santander-reduz-juro-do-credito-imobiliario-a-799-por-60-dias\/#primaryimage\"},\"thumbnailUrl\":\"https:\/\/files.sunoresearch.com.br\/n\/uploads\/2019\/07\/06776d6b-santander-scaled.webp\",\"keywords\":[\"cr\u00e9dito imobili\u00e1rio\",\"Magazine Luiza (MGLU3)\",\"Santander (SANB11\/SANB3\/SANB4)\"],\"articleSection\":[\"Neg\u00f3cios\"],\"inLanguage\":\"pt-BR\"},{\"@type\":\"WebPage\",\"@id\":\"https:\/\/www.suno.com.br\/noticias\/santander-reduz-juro-do-credito-imobiliario-a-799-por-60-dias\/\",\"url\":\"https:\/\/www.suno.com.br\/noticias\/santander-reduz-juro-do-credito-imobiliario-a-799-por-60-dias\/\",\"name\":\"Santander reduz juro do cr\u00e9dito imobili\u00e1rio a 7,99% por 60 dias\",\"isPartOf\":{\"@id\":\"https:\/\/www.suno.com.br\/noticias\/#website\"},\"primaryImageOfPage\":{\"@id\":\"https:\/\/www.suno.com.br\/noticias\/santander-reduz-juro-do-credito-imobiliario-a-799-por-60-dias\/#primaryimage\"},\"image\":{\"@id\":\"https:\/\/www.suno.com.br\/noticias\/santander-reduz-juro-do-credito-imobiliario-a-799-por-60-dias\/#primaryimage\"},\"thumbnailUrl\":\"https:\/\/files.sunoresearch.com.br\/n\/uploads\/2019\/07\/06776d6b-santander-scaled.webp\",\"datePublished\":\"2019-07-01T23:01:36+00:00\",\"dateModified\":\"2019-07-23T17:57:32+00:00\",\"description\":\"O Banco Santander anunciou nesta segunda-feira (01) a redu\u00e7\u00e3o para 7,99% na taxa de\u00a0cr\u00e9dito imobili\u00e1rio. Clique para saber mais.\",\"breadcrumb\":{\"@id\":\"https:\/\/www.suno.com.br\/noticias\/santander-reduz-juro-do-credito-imobiliario-a-799-por-60-dias\/#breadcrumb\"},\"inLanguage\":\"pt-BR\",\"potentialAction\":[{\"@type\":\"ReadAction\",\"target\":[\"https:\/\/www.suno.com.br\/noticias\/santander-reduz-juro-do-credito-imobiliario-a-799-por-60-dias\/\"]}]},{\"@type\":\"ImageObject\",\"inLanguage\":\"pt-BR\",\"@id\":\"https:\/\/www.suno.com.br\/noticias\/santander-reduz-juro-do-credito-imobiliario-a-799-por-60-dias\/#primaryimage\",\"url\":\"https:\/\/files.sunoresearch.com.br\/n\/uploads\/2019\/07\/06776d6b-santander-scaled.webp\",\"contentUrl\":\"https:\/\/files.sunoresearch.com.br\/n\/uploads\/2019\/07\/06776d6b-santander-scaled.webp\",\"width\":2560,\"height\":1501,\"caption\":\"Santander (SANB11). Foto: Divulga\u00e7\u00e3o.\"},{\"@type\":\"BreadcrumbList\",\"@id\":\"https:\/\/www.suno.com.br\/noticias\/santander-reduz-juro-do-credito-imobiliario-a-799-por-60-dias\/#breadcrumb\",\"itemListElement\":[{\"@type\":\"ListItem\",\"position\":1,\"name\":\"Not\u00edcias\",\"item\":\"https:\/\/www.suno.com.br\/noticias\/\"},{\"@type\":\"ListItem\",\"position\":2,\"name\":\"Neg\u00f3cios\",\"item\":\"https:\/\/www.suno.com.br\/noticias\/negocios\/\"},{\"@type\":\"ListItem\",\"position\":3,\"name\":\"Santander reduz juro do cr\u00e9dito imobili\u00e1rio a 7,99% por 60 dias\"}]},{\"@type\":\"WebSite\",\"@id\":\"https:\/\/www.suno.com.br\/noticias\/#website\",\"url\":\"https:\/\/www.suno.com.br\/noticias\/\",\"name\":\"Suno Not\u00edcias\",\"description\":\"Seu portal de informa\u00e7\u00e3o sobre o mundo dos investimentos\",\"publisher\":{\"@id\":\"https:\/\/www.suno.com.br\/noticias\/#organization\"},\"potentialAction\":[{\"@type\":\"SearchAction\",\"target\":{\"@type\":\"EntryPoint\",\"urlTemplate\":\"https:\/\/www.suno.com.br\/noticias\/?s={search_term_string}\"},\"query-input\":{\"@type\":\"PropertyValueSpecification\",\"valueRequired\":true,\"valueName\":\"search_term_string\"}}],\"inLanguage\":\"pt-BR\"},{\"@type\":\"Organization\",\"@id\":\"https:\/\/www.suno.com.br\/noticias\/#organization\",\"name\":\"Suno Not\u00edcias\",\"url\":\"https:\/\/www.suno.com.br\/noticias\/\",\"logo\":{\"@type\":\"ImageObject\",\"inLanguage\":\"pt-BR\",\"@id\":\"https:\/\/www.suno.com.br\/noticias\/#\/schema\/logo\/image\/\",\"url\":\"https:\/\/files.sunoresearch.com.br\/n\/uploads\/2021\/09\/suno-logo.png\",\"contentUrl\":\"https:\/\/files.sunoresearch.com.br\/n\/uploads\/2021\/09\/suno-logo.png\",\"width\":180,\"height\":180,\"caption\":\"Suno Not\u00edcias\"},\"image\":{\"@id\":\"https:\/\/www.suno.com.br\/noticias\/#\/schema\/logo\/image\/\"},\"sameAs\":[\"https:\/\/facebook.com\/sunoresearch\",\"https:\/\/x.com\/sunoresearch\",\"https:\/\/www.instagram.com\/suno\",\"https:\/\/www.linkedin.com\/company\/suno-research\/\",\"https:\/\/www.youtube.com\/c\/sunoresearch\"]},{\"@type\":\"Person\",\"@id\":\"https:\/\/www.suno.com.br\/noticias\/#\/schema\/person\/4e19e3d2575736e5283d58eb3199d120\",\"name\":\"Giovanna Oliveira\",\"image\":{\"@type\":\"ImageObject\",\"inLanguage\":\"pt-BR\",\"@id\":\"https:\/\/www.suno.com.br\/noticias\/#\/schema\/person\/image\/\",\"url\":\"https:\/\/secure.gravatar.com\/avatar\/9a37b3ae208962ac568992d0ffdbc2eb?s=96&r=g\",\"contentUrl\":\"https:\/\/secure.gravatar.com\/avatar\/9a37b3ae208962ac568992d0ffdbc2eb?s=96&r=g\",\"caption\":\"Giovanna Oliveira\"},\"description\":\"Giovanna Oliveira escreve sobre economia e pol\u00edtica. Foi rep\u00f3rter do portal de jornalismo da ESPM-SP e produziu conte\u00fado para a Corinthians TV. \u00c9 estudante da ESPM.\",\"url\":\"https:\/\/www.suno.com.br\/noticias\/author\/giovanna\/\"}]}<\/script>\n<!-- \/ Yoast SEO plugin. -->","yoast_head_json":{"title":"Santander reduz juro do cr\u00e9dito imobili\u00e1rio a 7,99% por 60 dias","description":"O Banco Santander anunciou nesta segunda-feira (01) a redu\u00e7\u00e3o para 7,99% na taxa de\u00a0cr\u00e9dito imobili\u00e1rio. Clique para saber mais.","robots":{"index":"index","follow":"follow","max-snippet":"max-snippet:-1","max-image-preview":"max-image-preview:large","max-video-preview":"max-video-preview:-1"},"canonical":"https:\/\/www.suno.com.br\/noticias\/santander-reduz-juro-do-credito-imobiliario-a-799-por-60-dias\/","og_locale":"pt_BR","og_type":"article","og_title":"Santander reduz juro do cr\u00e9dito imobili\u00e1rio a 7,99% por 60 dias","og_description":"O Banco Santander anunciou nesta segunda-feira (01) a redu\u00e7\u00e3o para 7,99% na taxa de\u00a0cr\u00e9dito imobili\u00e1rio. Clique para saber mais.","og_url":"https:\/\/www.suno.com.br\/noticias\/santander-reduz-juro-do-credito-imobiliario-a-799-por-60-dias\/","og_site_name":"Suno Not\u00edcias","article_publisher":"https:\/\/facebook.com\/sunoresearch","og_image":[{"width":2949,"height":1729,"url":"https:\/\/files.sunoresearch.com.br\/n\/uploads\/2019\/07\/06776d6b-santander.jpg","type":"image\/jpeg"}],"author":"Giovanna Oliveira","twitter_card":"summary_large_image","twitter_creator":"@sunoresearch","twitter_site":"@sunoresearch","twitter_misc":{"Escrito por":"Giovanna Oliveira","Est. tempo de leitura":"2 minutos"},"schema":{"@context":"https:\/\/schema.org","@graph":[{"@type":"NewsArticle","@id":"https:\/\/www.suno.com.br\/noticias\/santander-reduz-juro-do-credito-imobiliario-a-799-por-60-dias\/#article","isPartOf":{"@id":"https:\/\/www.suno.com.br\/noticias\/santander-reduz-juro-do-credito-imobiliario-a-799-por-60-dias\/"},"author":{"name":"Giovanna Oliveira","@id":"https:\/\/www.suno.com.br\/noticias\/#\/schema\/person\/4e19e3d2575736e5283d58eb3199d120"},"headline":"Santander reduz juro do cr\u00e9dito imobili\u00e1rio a 7,99% por 60 dias","datePublished":"2019-07-01T23:01:36+00:00","dateModified":"2019-07-23T17:57:32+00:00","mainEntityOfPage":{"@id":"https:\/\/www.suno.com.br\/noticias\/santander-reduz-juro-do-credito-imobiliario-a-799-por-60-dias\/"},"wordCount":370,"publisher":{"@id":"https:\/\/www.suno.com.br\/noticias\/#organization"},"image":{"@id":"https:\/\/www.suno.com.br\/noticias\/santander-reduz-juro-do-credito-imobiliario-a-799-por-60-dias\/#primaryimage"},"thumbnailUrl":"https:\/\/files.sunoresearch.com.br\/n\/uploads\/2019\/07\/06776d6b-santander-scaled.webp","keywords":["cr\u00e9dito imobili\u00e1rio","Magazine Luiza (MGLU3)","Santander (SANB11\/SANB3\/SANB4)"],"articleSection":["Neg\u00f3cios"],"inLanguage":"pt-BR"},{"@type":"WebPage","@id":"https:\/\/www.suno.com.br\/noticias\/santander-reduz-juro-do-credito-imobiliario-a-799-por-60-dias\/","url":"https:\/\/www.suno.com.br\/noticias\/santander-reduz-juro-do-credito-imobiliario-a-799-por-60-dias\/","name":"Santander reduz juro do cr\u00e9dito imobili\u00e1rio a 7,99% por 60 dias","isPartOf":{"@id":"https:\/\/www.suno.com.br\/noticias\/#website"},"primaryImageOfPage":{"@id":"https:\/\/www.suno.com.br\/noticias\/santander-reduz-juro-do-credito-imobiliario-a-799-por-60-dias\/#primaryimage"},"image":{"@id":"https:\/\/www.suno.com.br\/noticias\/santander-reduz-juro-do-credito-imobiliario-a-799-por-60-dias\/#primaryimage"},"thumbnailUrl":"https:\/\/files.sunoresearch.com.br\/n\/uploads\/2019\/07\/06776d6b-santander-scaled.webp","datePublished":"2019-07-01T23:01:36+00:00","dateModified":"2019-07-23T17:57:32+00:00","description":"O Banco Santander anunciou nesta segunda-feira (01) a redu\u00e7\u00e3o para 7,99% na taxa de\u00a0cr\u00e9dito imobili\u00e1rio. Clique para saber mais.","breadcrumb":{"@id":"https:\/\/www.suno.com.br\/noticias\/santander-reduz-juro-do-credito-imobiliario-a-799-por-60-dias\/#breadcrumb"},"inLanguage":"pt-BR","potentialAction":[{"@type":"ReadAction","target":["https:\/\/www.suno.com.br\/noticias\/santander-reduz-juro-do-credito-imobiliario-a-799-por-60-dias\/"]}]},{"@type":"ImageObject","inLanguage":"pt-BR","@id":"https:\/\/www.suno.com.br\/noticias\/santander-reduz-juro-do-credito-imobiliario-a-799-por-60-dias\/#primaryimage","url":"https:\/\/files.sunoresearch.com.br\/n\/uploads\/2019\/07\/06776d6b-santander-scaled.webp","contentUrl":"https:\/\/files.sunoresearch.com.br\/n\/uploads\/2019\/07\/06776d6b-santander-scaled.webp","width":2560,"height":1501,"caption":"Santander (SANB11). Foto: Divulga\u00e7\u00e3o."},{"@type":"BreadcrumbList","@id":"https:\/\/www.suno.com.br\/noticias\/santander-reduz-juro-do-credito-imobiliario-a-799-por-60-dias\/#breadcrumb","itemListElement":[{"@type":"ListItem","position":1,"name":"Not\u00edcias","item":"https:\/\/www.suno.com.br\/noticias\/"},{"@type":"ListItem","position":2,"name":"Neg\u00f3cios","item":"https:\/\/www.suno.com.br\/noticias\/negocios\/"},{"@type":"ListItem","position":3,"name":"Santander reduz juro do cr\u00e9dito imobili\u00e1rio a 7,99% por 60 dias"}]},{"@type":"WebSite","@id":"https:\/\/www.suno.com.br\/noticias\/#website","url":"https:\/\/www.suno.com.br\/noticias\/","name":"Suno Not\u00edcias","description":"Seu portal de informa\u00e7\u00e3o sobre o mundo dos investimentos","publisher":{"@id":"https:\/\/www.suno.com.br\/noticias\/#organization"},"potentialAction":[{"@type":"SearchAction","target":{"@type":"EntryPoint","urlTemplate":"https:\/\/www.suno.com.br\/noticias\/?s={search_term_string}"},"query-input":{"@type":"PropertyValueSpecification","valueRequired":true,"valueName":"search_term_string"}}],"inLanguage":"pt-BR"},{"@type":"Organization","@id":"https:\/\/www.suno.com.br\/noticias\/#organization","name":"Suno Not\u00edcias","url":"https:\/\/www.suno.com.br\/noticias\/","logo":{"@type":"ImageObject","inLanguage":"pt-BR","@id":"https:\/\/www.suno.com.br\/noticias\/#\/schema\/logo\/image\/","url":"https:\/\/files.sunoresearch.com.br\/n\/uploads\/2021\/09\/suno-logo.png","contentUrl":"https:\/\/files.sunoresearch.com.br\/n\/uploads\/2021\/09\/suno-logo.png","width":180,"height":180,"caption":"Suno Not\u00edcias"},"image":{"@id":"https:\/\/www.suno.com.br\/noticias\/#\/schema\/logo\/image\/"},"sameAs":["https:\/\/facebook.com\/sunoresearch","https:\/\/x.com\/sunoresearch","https:\/\/www.instagram.com\/suno","https:\/\/www.linkedin.com\/company\/suno-research\/","https:\/\/www.youtube.com\/c\/sunoresearch"]},{"@type":"Person","@id":"https:\/\/www.suno.com.br\/noticias\/#\/schema\/person\/4e19e3d2575736e5283d58eb3199d120","name":"Giovanna Oliveira","image":{"@type":"ImageObject","inLanguage":"pt-BR","@id":"https:\/\/www.suno.com.br\/noticias\/#\/schema\/person\/image\/","url":"https:\/\/secure.gravatar.com\/avatar\/9a37b3ae208962ac568992d0ffdbc2eb?s=96&r=g","contentUrl":"https:\/\/secure.gravatar.com\/avatar\/9a37b3ae208962ac568992d0ffdbc2eb?s=96&r=g","caption":"Giovanna Oliveira"},"description":"Giovanna Oliveira escreve sobre economia e pol\u00edtica. Foi rep\u00f3rter do portal de jornalismo da ESPM-SP e produziu conte\u00fado para a Corinthians TV. \u00c9 estudante da ESPM.","url":"https:\/\/www.suno.com.br\/noticias\/author\/giovanna\/"}]}},"default_loop_html":"<div class=\"cardsPage__listCard__boxs\"><div class=\"cardsPage__listCard__boxs__img\"><a href=\"https:\/\/www.suno.com.br\/noticias\/santander-reduz-juro-do-credito-imobiliario-a-799-por-60-dias\/\"><img class=\"mask\" src=\"https:\/\/www.suno.com.br\/noticias\/wp-content\/themes\/suno\/resources\/images\/spotlight\/spotlight1img\/bg-mask.png\" alt=\"Image Mask\"\/><img src=\"https:\/\/files.sunoresearch.com.br\/n\/uploads\/2019\/07\/06776d6b-santander-400x200.webp\" alt=\"Santander reduz juro do cr\u00e9dito imobili\u00e1rio a 7,99% por 60 dias\"\/><\/a><span class=\"spotlightCategory\"><a href=\"https:\/\/www.suno.com.br\/noticias\/negocios\/\">Neg\u00f3cios<\/a><\/span><\/div><div class=\"cardsPage__listCard__boxs__content\"><a href=\"https:\/\/www.suno.com.br\/noticias\/santander-reduz-juro-do-credito-imobiliario-a-799-por-60-dias\/\"><h2 class=\"content__title\">Santander reduz juro do cr\u00e9dito imobili\u00e1rio a 7,99% por 60 dias<\/h2><\/a><div class=\"newsContent__article__meta\"><div class=\"newsContent__article__meta__authorBox\"><a href=\"https:\/\/www.suno.com.br\/noticias\/author\/giovanna\/\" class=\"authorBox__avatar noMobi\"><img src=\"https:\/\/files.sunoresearch.com.br\/n\/uploads\/2019\/06\/952a89ca-screenshot_20190608-171507-150x150.webp\" alt=\"Giovanna Oliveira\"><\/a><div class=\"authorBox__name\"><span>por\n\t\t\t<a href=\"https:\/\/www.suno.com.br\/noticias\/author\/giovanna\/\"><span itemprop=\"author\">Giovanna Oliveira<\/span><\/a><\/span><time datetime=\"2019-07-01T20:01:36-03:00\" itemprop=\"datePublished\">01\/07\/2019 20:01<\/time><\/div><\/div><\/div><\/div><\/div>","single_layout":"posts","amp_enabled":true,"_links":{"self":[{"href":"https:\/\/www.suno.com.br\/noticias\/wp-json\/wp\/v2\/posts\/29721"}],"collection":[{"href":"https:\/\/www.suno.com.br\/noticias\/wp-json\/wp\/v2\/posts"}],"about":[{"href":"https:\/\/www.suno.com.br\/noticias\/wp-json\/wp\/v2\/types\/post"}],"author":[{"embeddable":true,"href":"https:\/\/www.suno.com.br\/noticias\/wp-json\/wp\/v2\/users\/18"}],"replies":[{"embeddable":true,"href":"https:\/\/www.suno.com.br\/noticias\/wp-json\/wp\/v2\/comments?post=29721"}],"version-history":[{"count":0,"href":"https:\/\/www.suno.com.br\/noticias\/wp-json\/wp\/v2\/posts\/29721\/revisions"}],"wp:featuredmedia":[{"embeddable":true,"href":"https:\/\/www.suno.com.br\/noticias\/wp-json\/wp\/v2\/media\/29724"}],"wp:attachment":[{"href":"https:\/\/www.suno.com.br\/noticias\/wp-json\/wp\/v2\/media?parent=29721"}],"wp:term":[{"taxonomy":"category","embeddable":true,"href":"https:\/\/www.suno.com.br\/noticias\/wp-json\/wp\/v2\/categories?post=29721"},{"taxonomy":"post_tag","embeddable":true,"href":"https:\/\/www.suno.com.br\/noticias\/wp-json\/wp\/v2\/tags?post=29721"},{"taxonomy":"suno_strategy","embeddable":true,"href":"https:\/\/www.suno.com.br\/noticias\/wp-json\/wp\/v2\/suno_strategy?post=29721"}],"curies":[{"name":"wp","href":"https:\/\/api.w.org\/{rel}","templated":true}]}}