{"id":29708,"date":"2019-07-01T19:19:05","date_gmt":"2019-07-01T22:19:05","guid":{"rendered":"https:\/\/www.suno.com.br\/noticias\/?p=29708"},"modified":"2021-02-17T23:03:59","modified_gmt":"2021-02-18T02:03:59","slug":"balanca-comercial-superavit-junho","status":"publish","type":"post","link":"https:\/\/www.suno.com.br\/noticias\/balanca-comercial-superavit-junho\/","title":{"rendered":"Balan\u00e7a comercial tem super\u00e1vit de US$ 5,019 bilh\u00f5es em junho"},"content":{"rendered":"<p>A<strong> Secretaria de Com\u00e9rcio Exterior (Secex)<\/strong> do <strong>Minist\u00e9rio da Economia<\/strong>, informou que a balan\u00e7a comercial brasileira apresentou super\u00e1vit de US$ 5,019 bilh\u00f5es em junho. Os dados foram divulgados nesta segunda-feira (01).<\/p>\t<div class=\"wrapper-featured-image\">\n\t\t<figure class=\"spotlightImg\">\n\n\t\t\t<picture>\n\t\t\t\t<source media=\"(max-width: 768px)\" srcset=\"https:\/\/files.sunoresearch.com.br\/n\/uploads\/2019\/07\/60482c1b-balan\u00e7acomercial-400x200.webp\">\n\t\t\t\t<img loading=\"lazy\" decoding=\"async\" class=\"newsContent__article__imgCapa lazyloadDisabled newsContent__article__imgCapa--noCaption\" src=\"https:\/\/files.sunoresearch.com.br\/n\/uploads\/2019\/07\/60482c1b-balan\u00e7acomercial-800x450.webp\" width=\"800\" height=\"450\" alt=\"Balan\u00e7a comercial tem super\u00e1vit de US$ 5,019 bilh\u00f5es em junho\" fetchpriority=high \/>\n\t\t\t<\/picture>\n\n\t\t\t<figcaption class=\"wp-caption-text wp-caption-text--hide\">Balan\u00e7a comercial tem super\u00e1vit de US$ 7,46 bi em junho<\/figcaption>\n\t\t<\/figure>\n\t<\/div>\n\n\n<p>Em compara\u00e7\u00e3o ao mesmo per\u00edodo de 2018, o valor significa redu\u00e7\u00e3o de 4,2% na m\u00e9dia di\u00e1ria da <strong>balan\u00e7a comercial<\/strong>. O super\u00e1vit da balan\u00e7a ocorre quando o valor das exporta\u00e7\u00f5es \u00e9 superior ao das importa\u00e7\u00f5es.<\/p>\n\t<p>\n\t\t<a href=\"https:\/\/lp.suno.com.br\/minicurso-contabilidade\/\" target=\"_blank\" data-element=\"shortcode-suno-banner\" title=\"Banner SUNO, clique e saiba mais\">\n\t\t\t<picture>\n\t\t\t\t<source media=\"(max-width: 500px)\" srcset=\"https:\/\/files.sunoresearch.com.br\/n\/uploads\/2023\/03\/400x300-Minicurso-Contabilidade.png\">\n\t\t\t\t<img class=\"newsContent__article__imgCapa newsContent__article__imgCapa--banner\"\n\t\t\t\t\tsrc=\"https:\/\/files.sunoresearch.com.br\/n\/uploads\/2023\/03\/1420x240-Minicurso-Contabilidade.png\"\n\t\t\t\t\tdata-promo-id=\"383158\"\t\t\t\t\t\t\t\t\t\twidth='1420' height='240'\t\t\t\t\talt=\"https:\/\/files.sunoresearch.com.br\/n\/uploads\/2023\/03\/1420x240-Minicurso-Contabilidade.png\"\n\t\t\t\t>\n\t\t\t<\/picture>\n\t\t<\/a>\n\t<\/p>\n\n\n<p>As exporta\u00e7\u00f5es no m\u00eas de junho tamb\u00e9m recuaram ante o mesmo m\u00eas de 2018. Neste ano, o valor total das <strong>exporta\u00e7\u00f5es<\/strong> em junho foi de US$ 18,05 bilh\u00f5es. Assim, representando queda de\u00a00,83% quando comparado ao ano passado.<\/p>\n<p>Por outro lado, o valor das<strong> importa\u00e7\u00f5es<\/strong>\u00a0teve alta de 0,51% e foi de US$ 13,03 bilh\u00f5es.<\/p>\n<h2>Primeiro semestre<\/h2>\n<p>Nos seis primeiros meses de 2019, a\u00a0balan\u00e7a comercial registrou um <strong>super\u00e1vit<\/strong> de US$ 27,13 bilh\u00f5es. Esse valor indica uma queda de 9,6% em compara\u00e7\u00e3o ao primeiro semestre de 2018.<\/p>\n<p>O valor das exporta\u00e7\u00f5es nesse per\u00edodo foi de US$ 110,9 bilh\u00f5es. Enquanto as importa\u00e7\u00f5es somaram US$ 83,77 bi. Quando comparado ao mesmo per\u00edodo do \u00faltimo ano, as exporta\u00e7\u00f5es ca\u00edram\u00a02,63% e as importa\u00e7\u00f5es ficaram est\u00e1veis.<\/p>\n\t<p>\n\t\t<a href=\"https:\/\/lp.suno.com.br\/asset\/fundos\/suno-fic-fia\/\" target=\"_blank\" data-element=\"shortcode-suno-banner\" title=\"Banner SUNO, clique e saiba mais\">\n\t\t\t<picture>\n\t\t\t\t<source media=\"(max-width: 500px)\" srcset=\"https:\/\/files.sunoresearch.com.br\/n\/uploads\/2023\/10\/SUNO-FIC-FIA-400x300-Mobile-Artigos-5-v2.png\">\n\t\t\t\t<img class=\"newsContent__article__imgCapa newsContent__article__imgCapa--banner\"\n\t\t\t\t\tsrc=\"https:\/\/files.sunoresearch.com.br\/n\/uploads\/2023\/10\/SUNO-FIC-FIA-1420x240-Banner-Artigos-1-_-Banner-Materias-4-v2-png.webp\"\n\t\t\t\t\tdata-promo-id=\"478743\"\t\t\t\t\t\t\t\t\t\twidth='2560' height='433'\t\t\t\t\talt=\"https:\/\/files.sunoresearch.com.br\/n\/uploads\/2023\/10\/SUNO-FIC-FIA-1420x240-Banner-Artigos-1-_-Banner-Materias-4-v2-png.webp\"\n\t\t\t\t>\n\t\t\t<\/picture>\n\t\t<\/a>\n\t<\/p>\n\n\n<p>A Secretaria de Com\u00e9rcio Exterior\u00a0divulgou ainda os valores da balan\u00e7a comercial de petr\u00f3leo e derivados. Conforme os dados, foi registrado um super\u00e1vit de US$ 5,370 bilh\u00f5es no primeiro semestre de 2019.<\/p>\n<h2>Alta das exporta\u00e7\u00f5es<\/h2>\n<p>As <a href=\"https:\/\/www.suno.com.br\/artigos\/comercio-internacional\/\">exporta\u00e7\u00f5es brasileiras<\/a> registraram no m\u00eas de maio uma alta de US$ 6,3 bilh\u00f5es. Esse valor \u00e9 correspondente a um aumento de 10% quando comparado com o mesmo m\u00eas do ano anterior. O destaque foi para as <strong>exporta\u00e7\u00f5es<\/strong> para os <strong>Estados Unidos<\/strong> que registraram alta, conforme a pesquisa da <strong>Funda\u00e7\u00e3o Get\u00falio Vargas<\/strong> (FGV).<\/p>\n<p><a href=\"https:\/\/www.suno.com.br\/noticias\/exportacoes-brasileiras-alta-eua\/\">Saiba mais: Exporta\u00e7\u00f5es brasileiras registram alta devido as vendas aos Estados Unidos<\/a><\/p>\n<p>De acordo com a an\u00e1lise da pesquisa as <strong>exporta\u00e7\u00f5es brasileiras<\/strong> para os <strong>EUA<\/strong> registraram alta de 72% comparado com maio do ano passado. Por sua vez, a <strong>China<\/strong> e a <strong>Argentina<\/strong> demonstraram queda.<\/p>\n<p>Em maio, as importa\u00e7\u00f5es somaram US$ 14,972 bilh\u00f5es e fizeram com que a <strong>balan\u00e7a comercial<\/strong> tivesse super\u00e1vit de\u00a0US$ 6,4 bilh\u00f5es.<\/p>\n","protected":false},"excerpt":{"rendered":"<p>A Secretaria de Com\u00e9rcio Exterior (Secex) do Minist\u00e9rio da Economia, informou que a balan\u00e7a comercial brasileira apresentou super\u00e1vit de US$ 5,019 bilh\u00f5es em junho. Os dados foram divulgados nesta segunda-feira (01). Balan\u00e7a comercial tem super\u00e1vit de US$ 7,46 bi em junho Em compara\u00e7\u00e3o ao mesmo per\u00edodo de 2018, o valor significa redu\u00e7\u00e3o de 4,2% na [&hellip;]<\/p>\n","protected":false},"author":18,"featured_media":29717,"comment_status":"closed","ping_status":"closed","sticky":false,"template":"","format":"standard","meta":[],"categories":[62],"tags":[914,706],"suno_strategy":[],"class_list":["post-29708","post","type-post","status-publish","format-standard","has-post-thumbnail","hentry","category-economia","tag-balanca-comercial","tag-importacoes"],"yoast_head":"<!-- This site is optimized with the Yoast SEO plugin v24.4 - https:\/\/yoast.com\/wordpress\/plugins\/seo\/ -->\n<title>Balan\u00e7a comercial tem super\u00e1vit de US$ 5,019 bilh\u00f5es em junho<\/title>\n<meta name=\"description\" content=\"A Secretaria de Com\u00e9rcio Exterior informou que a balan\u00e7a comercial teve super\u00e1vit de US$ 5,019 bilh\u00f5es em junho. Clique para saber mais.\" \/>\n<meta name=\"robots\" content=\"index, follow, max-snippet:-1, max-image-preview:large, max-video-preview:-1\" \/>\n<link rel=\"canonical\" href=\"https:\/\/www.suno.com.br\/noticias\/balanca-comercial-superavit-junho\/\" \/>\n<meta property=\"og:locale\" content=\"pt_BR\" \/>\n<meta property=\"og:type\" content=\"article\" \/>\n<meta property=\"og:title\" content=\"Balan\u00e7a comercial tem super\u00e1vit de US$ 5,019 bilh\u00f5es em junho\" \/>\n<meta property=\"og:description\" content=\"A Secretaria de Com\u00e9rcio Exterior informou que a balan\u00e7a comercial teve super\u00e1vit de US$ 5,019 bilh\u00f5es em junho. Clique para saber mais.\" \/>\n<meta property=\"og:url\" content=\"https:\/\/www.suno.com.br\/noticias\/balanca-comercial-superavit-junho\/\" \/>\n<meta property=\"og:site_name\" content=\"Suno Not\u00edcias\" \/>\n<meta property=\"article:publisher\" content=\"https:\/\/facebook.com\/sunoresearch\" \/>\n<meta property=\"og:image\" content=\"https:\/\/files.sunoresearch.com.br\/n\/uploads\/2019\/07\/60482c1b-balan\u00e7acomercial.jpg\" \/>\n\t<meta property=\"og:image:width\" content=\"1140\" \/>\n\t<meta property=\"og:image:height\" content=\"760\" \/>\n\t<meta property=\"og:image:type\" content=\"image\/jpeg\" \/>\n<meta name=\"author\" content=\"Giovanna Oliveira\" \/>\n<meta name=\"twitter:card\" content=\"summary_large_image\" \/>\n<meta name=\"twitter:creator\" content=\"@sunoresearch\" \/>\n<meta name=\"twitter:site\" content=\"@sunoresearch\" \/>\n<meta name=\"twitter:label1\" content=\"Escrito por\" \/>\n\t<meta name=\"twitter:data1\" content=\"Giovanna Oliveira\" \/>\n\t<meta name=\"twitter:label2\" content=\"Est. tempo de leitura\" \/>\n\t<meta name=\"twitter:data2\" content=\"2 minutos\" \/>\n<script type=\"application\/ld+json\" class=\"yoast-schema-graph\">{\"@context\":\"https:\/\/schema.org\",\"@graph\":[{\"@type\":\"NewsArticle\",\"@id\":\"https:\/\/www.suno.com.br\/noticias\/balanca-comercial-superavit-junho\/#article\",\"isPartOf\":{\"@id\":\"https:\/\/www.suno.com.br\/noticias\/balanca-comercial-superavit-junho\/\"},\"author\":{\"name\":\"Giovanna Oliveira\",\"@id\":\"https:\/\/www.suno.com.br\/noticias\/#\/schema\/person\/4e19e3d2575736e5283d58eb3199d120\"},\"headline\":\"Balan\u00e7a comercial tem super\u00e1vit de US$ 5,019 bilh\u00f5es em junho\",\"datePublished\":\"2019-07-01T22:19:05+00:00\",\"dateModified\":\"2021-02-18T02:03:59+00:00\",\"mainEntityOfPage\":{\"@id\":\"https:\/\/www.suno.com.br\/noticias\/balanca-comercial-superavit-junho\/\"},\"wordCount\":391,\"publisher\":{\"@id\":\"https:\/\/www.suno.com.br\/noticias\/#organization\"},\"image\":{\"@id\":\"https:\/\/www.suno.com.br\/noticias\/balanca-comercial-superavit-junho\/#primaryimage\"},\"thumbnailUrl\":\"https:\/\/files.sunoresearch.com.br\/n\/uploads\/2019\/07\/60482c1b-balan\u00e7acomercial-jpg.webp\",\"keywords\":[\"balan\u00e7a comercial\",\"importa\u00e7\u00f5es\"],\"articleSection\":[\"Economia\"],\"inLanguage\":\"pt-BR\"},{\"@type\":\"WebPage\",\"@id\":\"https:\/\/www.suno.com.br\/noticias\/balanca-comercial-superavit-junho\/\",\"url\":\"https:\/\/www.suno.com.br\/noticias\/balanca-comercial-superavit-junho\/\",\"name\":\"Balan\u00e7a comercial tem super\u00e1vit de US$ 5,019 bilh\u00f5es em junho\",\"isPartOf\":{\"@id\":\"https:\/\/www.suno.com.br\/noticias\/#website\"},\"primaryImageOfPage\":{\"@id\":\"https:\/\/www.suno.com.br\/noticias\/balanca-comercial-superavit-junho\/#primaryimage\"},\"image\":{\"@id\":\"https:\/\/www.suno.com.br\/noticias\/balanca-comercial-superavit-junho\/#primaryimage\"},\"thumbnailUrl\":\"https:\/\/files.sunoresearch.com.br\/n\/uploads\/2019\/07\/60482c1b-balan\u00e7acomercial-jpg.webp\",\"datePublished\":\"2019-07-01T22:19:05+00:00\",\"dateModified\":\"2021-02-18T02:03:59+00:00\",\"description\":\"A Secretaria de Com\u00e9rcio Exterior informou que a balan\u00e7a comercial teve super\u00e1vit de US$ 5,019 bilh\u00f5es em junho. Clique para saber mais.\",\"breadcrumb\":{\"@id\":\"https:\/\/www.suno.com.br\/noticias\/balanca-comercial-superavit-junho\/#breadcrumb\"},\"inLanguage\":\"pt-BR\",\"potentialAction\":[{\"@type\":\"ReadAction\",\"target\":[\"https:\/\/www.suno.com.br\/noticias\/balanca-comercial-superavit-junho\/\"]}]},{\"@type\":\"ImageObject\",\"inLanguage\":\"pt-BR\",\"@id\":\"https:\/\/www.suno.com.br\/noticias\/balanca-comercial-superavit-junho\/#primaryimage\",\"url\":\"https:\/\/files.sunoresearch.com.br\/n\/uploads\/2019\/07\/60482c1b-balan\u00e7acomercial-jpg.webp\",\"contentUrl\":\"https:\/\/files.sunoresearch.com.br\/n\/uploads\/2019\/07\/60482c1b-balan\u00e7acomercial-jpg.webp\",\"width\":1140,\"height\":760,\"caption\":\"Balan\u00e7a comercial tem super\u00e1vit de US$ 7,46 bi em junho\"},{\"@type\":\"BreadcrumbList\",\"@id\":\"https:\/\/www.suno.com.br\/noticias\/balanca-comercial-superavit-junho\/#breadcrumb\",\"itemListElement\":[{\"@type\":\"ListItem\",\"position\":1,\"name\":\"Not\u00edcias\",\"item\":\"https:\/\/www.suno.com.br\/noticias\/\"},{\"@type\":\"ListItem\",\"position\":2,\"name\":\"Economia\",\"item\":\"https:\/\/www.suno.com.br\/noticias\/economia\/\"},{\"@type\":\"ListItem\",\"position\":3,\"name\":\"Balan\u00e7a comercial tem super\u00e1vit de US$ 5,019 bilh\u00f5es em junho\"}]},{\"@type\":\"WebSite\",\"@id\":\"https:\/\/www.suno.com.br\/noticias\/#website\",\"url\":\"https:\/\/www.suno.com.br\/noticias\/\",\"name\":\"Suno Not\u00edcias\",\"description\":\"Seu portal de informa\u00e7\u00e3o sobre o mundo dos investimentos\",\"publisher\":{\"@id\":\"https:\/\/www.suno.com.br\/noticias\/#organization\"},\"potentialAction\":[{\"@type\":\"SearchAction\",\"target\":{\"@type\":\"EntryPoint\",\"urlTemplate\":\"https:\/\/www.suno.com.br\/noticias\/?s={search_term_string}\"},\"query-input\":{\"@type\":\"PropertyValueSpecification\",\"valueRequired\":true,\"valueName\":\"search_term_string\"}}],\"inLanguage\":\"pt-BR\"},{\"@type\":\"Organization\",\"@id\":\"https:\/\/www.suno.com.br\/noticias\/#organization\",\"name\":\"Suno Not\u00edcias\",\"url\":\"https:\/\/www.suno.com.br\/noticias\/\",\"logo\":{\"@type\":\"ImageObject\",\"inLanguage\":\"pt-BR\",\"@id\":\"https:\/\/www.suno.com.br\/noticias\/#\/schema\/logo\/image\/\",\"url\":\"https:\/\/files.sunoresearch.com.br\/n\/uploads\/2021\/09\/suno-logo.png\",\"contentUrl\":\"https:\/\/files.sunoresearch.com.br\/n\/uploads\/2021\/09\/suno-logo.png\",\"width\":180,\"height\":180,\"caption\":\"Suno Not\u00edcias\"},\"image\":{\"@id\":\"https:\/\/www.suno.com.br\/noticias\/#\/schema\/logo\/image\/\"},\"sameAs\":[\"https:\/\/facebook.com\/sunoresearch\",\"https:\/\/x.com\/sunoresearch\",\"https:\/\/www.instagram.com\/suno\",\"https:\/\/www.linkedin.com\/company\/suno-research\/\",\"https:\/\/www.youtube.com\/c\/sunoresearch\"]},{\"@type\":\"Person\",\"@id\":\"https:\/\/www.suno.com.br\/noticias\/#\/schema\/person\/4e19e3d2575736e5283d58eb3199d120\",\"name\":\"Giovanna Oliveira\",\"image\":{\"@type\":\"ImageObject\",\"inLanguage\":\"pt-BR\",\"@id\":\"https:\/\/www.suno.com.br\/noticias\/#\/schema\/person\/image\/\",\"url\":\"https:\/\/secure.gravatar.com\/avatar\/9a37b3ae208962ac568992d0ffdbc2eb?s=96&r=g\",\"contentUrl\":\"https:\/\/secure.gravatar.com\/avatar\/9a37b3ae208962ac568992d0ffdbc2eb?s=96&r=g\",\"caption\":\"Giovanna Oliveira\"},\"description\":\"Giovanna Oliveira escreve sobre economia e pol\u00edtica. Foi rep\u00f3rter do portal de jornalismo da ESPM-SP e produziu conte\u00fado para a Corinthians TV. \u00c9 estudante da ESPM.\",\"url\":\"https:\/\/www.suno.com.br\/noticias\/author\/giovanna\/\"}]}<\/script>\n<!-- \/ Yoast SEO plugin. -->","yoast_head_json":{"title":"Balan\u00e7a comercial tem super\u00e1vit de US$ 5,019 bilh\u00f5es em junho","description":"A Secretaria de Com\u00e9rcio Exterior informou que a balan\u00e7a comercial teve super\u00e1vit de US$ 5,019 bilh\u00f5es em junho. Clique para saber mais.","robots":{"index":"index","follow":"follow","max-snippet":"max-snippet:-1","max-image-preview":"max-image-preview:large","max-video-preview":"max-video-preview:-1"},"canonical":"https:\/\/www.suno.com.br\/noticias\/balanca-comercial-superavit-junho\/","og_locale":"pt_BR","og_type":"article","og_title":"Balan\u00e7a comercial tem super\u00e1vit de US$ 5,019 bilh\u00f5es em junho","og_description":"A Secretaria de Com\u00e9rcio Exterior informou que a balan\u00e7a comercial teve super\u00e1vit de US$ 5,019 bilh\u00f5es em junho. Clique para saber mais.","og_url":"https:\/\/www.suno.com.br\/noticias\/balanca-comercial-superavit-junho\/","og_site_name":"Suno Not\u00edcias","article_publisher":"https:\/\/facebook.com\/sunoresearch","og_image":[{"width":1140,"height":760,"url":"https:\/\/files.sunoresearch.com.br\/n\/uploads\/2019\/07\/60482c1b-balan\u00e7acomercial.jpg","type":"image\/jpeg"}],"author":"Giovanna Oliveira","twitter_card":"summary_large_image","twitter_creator":"@sunoresearch","twitter_site":"@sunoresearch","twitter_misc":{"Escrito por":"Giovanna Oliveira","Est. tempo de leitura":"2 minutos"},"schema":{"@context":"https:\/\/schema.org","@graph":[{"@type":"NewsArticle","@id":"https:\/\/www.suno.com.br\/noticias\/balanca-comercial-superavit-junho\/#article","isPartOf":{"@id":"https:\/\/www.suno.com.br\/noticias\/balanca-comercial-superavit-junho\/"},"author":{"name":"Giovanna Oliveira","@id":"https:\/\/www.suno.com.br\/noticias\/#\/schema\/person\/4e19e3d2575736e5283d58eb3199d120"},"headline":"Balan\u00e7a comercial tem super\u00e1vit de US$ 5,019 bilh\u00f5es em junho","datePublished":"2019-07-01T22:19:05+00:00","dateModified":"2021-02-18T02:03:59+00:00","mainEntityOfPage":{"@id":"https:\/\/www.suno.com.br\/noticias\/balanca-comercial-superavit-junho\/"},"wordCount":391,"publisher":{"@id":"https:\/\/www.suno.com.br\/noticias\/#organization"},"image":{"@id":"https:\/\/www.suno.com.br\/noticias\/balanca-comercial-superavit-junho\/#primaryimage"},"thumbnailUrl":"https:\/\/files.sunoresearch.com.br\/n\/uploads\/2019\/07\/60482c1b-balan\u00e7acomercial-jpg.webp","keywords":["balan\u00e7a comercial","importa\u00e7\u00f5es"],"articleSection":["Economia"],"inLanguage":"pt-BR"},{"@type":"WebPage","@id":"https:\/\/www.suno.com.br\/noticias\/balanca-comercial-superavit-junho\/","url":"https:\/\/www.suno.com.br\/noticias\/balanca-comercial-superavit-junho\/","name":"Balan\u00e7a comercial tem super\u00e1vit de US$ 5,019 bilh\u00f5es em junho","isPartOf":{"@id":"https:\/\/www.suno.com.br\/noticias\/#website"},"primaryImageOfPage":{"@id":"https:\/\/www.suno.com.br\/noticias\/balanca-comercial-superavit-junho\/#primaryimage"},"image":{"@id":"https:\/\/www.suno.com.br\/noticias\/balanca-comercial-superavit-junho\/#primaryimage"},"thumbnailUrl":"https:\/\/files.sunoresearch.com.br\/n\/uploads\/2019\/07\/60482c1b-balan\u00e7acomercial-jpg.webp","datePublished":"2019-07-01T22:19:05+00:00","dateModified":"2021-02-18T02:03:59+00:00","description":"A Secretaria de Com\u00e9rcio Exterior informou que a balan\u00e7a comercial teve super\u00e1vit de US$ 5,019 bilh\u00f5es em junho. Clique para saber mais.","breadcrumb":{"@id":"https:\/\/www.suno.com.br\/noticias\/balanca-comercial-superavit-junho\/#breadcrumb"},"inLanguage":"pt-BR","potentialAction":[{"@type":"ReadAction","target":["https:\/\/www.suno.com.br\/noticias\/balanca-comercial-superavit-junho\/"]}]},{"@type":"ImageObject","inLanguage":"pt-BR","@id":"https:\/\/www.suno.com.br\/noticias\/balanca-comercial-superavit-junho\/#primaryimage","url":"https:\/\/files.sunoresearch.com.br\/n\/uploads\/2019\/07\/60482c1b-balan\u00e7acomercial-jpg.webp","contentUrl":"https:\/\/files.sunoresearch.com.br\/n\/uploads\/2019\/07\/60482c1b-balan\u00e7acomercial-jpg.webp","width":1140,"height":760,"caption":"Balan\u00e7a comercial tem super\u00e1vit de US$ 7,46 bi em junho"},{"@type":"BreadcrumbList","@id":"https:\/\/www.suno.com.br\/noticias\/balanca-comercial-superavit-junho\/#breadcrumb","itemListElement":[{"@type":"ListItem","position":1,"name":"Not\u00edcias","item":"https:\/\/www.suno.com.br\/noticias\/"},{"@type":"ListItem","position":2,"name":"Economia","item":"https:\/\/www.suno.com.br\/noticias\/economia\/"},{"@type":"ListItem","position":3,"name":"Balan\u00e7a comercial tem super\u00e1vit de US$ 5,019 bilh\u00f5es em junho"}]},{"@type":"WebSite","@id":"https:\/\/www.suno.com.br\/noticias\/#website","url":"https:\/\/www.suno.com.br\/noticias\/","name":"Suno Not\u00edcias","description":"Seu portal de informa\u00e7\u00e3o sobre o mundo dos investimentos","publisher":{"@id":"https:\/\/www.suno.com.br\/noticias\/#organization"},"potentialAction":[{"@type":"SearchAction","target":{"@type":"EntryPoint","urlTemplate":"https:\/\/www.suno.com.br\/noticias\/?s={search_term_string}"},"query-input":{"@type":"PropertyValueSpecification","valueRequired":true,"valueName":"search_term_string"}}],"inLanguage":"pt-BR"},{"@type":"Organization","@id":"https:\/\/www.suno.com.br\/noticias\/#organization","name":"Suno Not\u00edcias","url":"https:\/\/www.suno.com.br\/noticias\/","logo":{"@type":"ImageObject","inLanguage":"pt-BR","@id":"https:\/\/www.suno.com.br\/noticias\/#\/schema\/logo\/image\/","url":"https:\/\/files.sunoresearch.com.br\/n\/uploads\/2021\/09\/suno-logo.png","contentUrl":"https:\/\/files.sunoresearch.com.br\/n\/uploads\/2021\/09\/suno-logo.png","width":180,"height":180,"caption":"Suno Not\u00edcias"},"image":{"@id":"https:\/\/www.suno.com.br\/noticias\/#\/schema\/logo\/image\/"},"sameAs":["https:\/\/facebook.com\/sunoresearch","https:\/\/x.com\/sunoresearch","https:\/\/www.instagram.com\/suno","https:\/\/www.linkedin.com\/company\/suno-research\/","https:\/\/www.youtube.com\/c\/sunoresearch"]},{"@type":"Person","@id":"https:\/\/www.suno.com.br\/noticias\/#\/schema\/person\/4e19e3d2575736e5283d58eb3199d120","name":"Giovanna Oliveira","image":{"@type":"ImageObject","inLanguage":"pt-BR","@id":"https:\/\/www.suno.com.br\/noticias\/#\/schema\/person\/image\/","url":"https:\/\/secure.gravatar.com\/avatar\/9a37b3ae208962ac568992d0ffdbc2eb?s=96&r=g","contentUrl":"https:\/\/secure.gravatar.com\/avatar\/9a37b3ae208962ac568992d0ffdbc2eb?s=96&r=g","caption":"Giovanna Oliveira"},"description":"Giovanna Oliveira escreve sobre economia e pol\u00edtica. Foi rep\u00f3rter do portal de jornalismo da ESPM-SP e produziu conte\u00fado para a Corinthians TV. \u00c9 estudante da ESPM.","url":"https:\/\/www.suno.com.br\/noticias\/author\/giovanna\/"}]}},"default_loop_html":"<div class=\"cardsPage__listCard__boxs\"><div class=\"cardsPage__listCard__boxs__img\"><a href=\"https:\/\/www.suno.com.br\/noticias\/balanca-comercial-superavit-junho\/\"><img class=\"mask\" src=\"https:\/\/www.suno.com.br\/noticias\/wp-content\/themes\/suno\/resources\/images\/spotlight\/spotlight1img\/bg-mask.png\" alt=\"Image Mask\"\/><img src=\"https:\/\/files.sunoresearch.com.br\/n\/uploads\/2019\/07\/60482c1b-balan\u00e7acomercial-400x200.webp\" alt=\"Balan\u00e7a comercial tem super\u00e1vit de US$ 5,019 bilh\u00f5es em junho\"\/><\/a><span class=\"spotlightCategory\"><a href=\"https:\/\/www.suno.com.br\/noticias\/economia\/\">Economia<\/a><\/span><\/div><div class=\"cardsPage__listCard__boxs__content\"><a href=\"https:\/\/www.suno.com.br\/noticias\/balanca-comercial-superavit-junho\/\"><h2 class=\"content__title\">Balan\u00e7a comercial tem super\u00e1vit de US$ 5,019 bilh\u00f5es em junho<\/h2><\/a><div class=\"newsContent__article__meta\"><div class=\"newsContent__article__meta__authorBox\"><a href=\"https:\/\/www.suno.com.br\/noticias\/author\/giovanna\/\" class=\"authorBox__avatar noMobi\"><img src=\"https:\/\/files.sunoresearch.com.br\/n\/uploads\/2019\/06\/952a89ca-screenshot_20190608-171507-150x150.webp\" alt=\"Giovanna Oliveira\"><\/a><div class=\"authorBox__name\"><span>por\n\t\t\t<a href=\"https:\/\/www.suno.com.br\/noticias\/author\/giovanna\/\"><span itemprop=\"author\">Giovanna Oliveira<\/span><\/a><\/span><time datetime=\"2019-07-01T19:19:05-03:00\" itemprop=\"datePublished\">01\/07\/2019 19:19<\/time><\/div><\/div><\/div><\/div><\/div>","single_layout":"posts","amp_enabled":true,"_links":{"self":[{"href":"https:\/\/www.suno.com.br\/noticias\/wp-json\/wp\/v2\/posts\/29708"}],"collection":[{"href":"https:\/\/www.suno.com.br\/noticias\/wp-json\/wp\/v2\/posts"}],"about":[{"href":"https:\/\/www.suno.com.br\/noticias\/wp-json\/wp\/v2\/types\/post"}],"author":[{"embeddable":true,"href":"https:\/\/www.suno.com.br\/noticias\/wp-json\/wp\/v2\/users\/18"}],"replies":[{"embeddable":true,"href":"https:\/\/www.suno.com.br\/noticias\/wp-json\/wp\/v2\/comments?post=29708"}],"version-history":[{"count":0,"href":"https:\/\/www.suno.com.br\/noticias\/wp-json\/wp\/v2\/posts\/29708\/revisions"}],"wp:featuredmedia":[{"embeddable":true,"href":"https:\/\/www.suno.com.br\/noticias\/wp-json\/wp\/v2\/media\/29717"}],"wp:attachment":[{"href":"https:\/\/www.suno.com.br\/noticias\/wp-json\/wp\/v2\/media?parent=29708"}],"wp:term":[{"taxonomy":"category","embeddable":true,"href":"https:\/\/www.suno.com.br\/noticias\/wp-json\/wp\/v2\/categories?post=29708"},{"taxonomy":"post_tag","embeddable":true,"href":"https:\/\/www.suno.com.br\/noticias\/wp-json\/wp\/v2\/tags?post=29708"},{"taxonomy":"suno_strategy","embeddable":true,"href":"https:\/\/www.suno.com.br\/noticias\/wp-json\/wp\/v2\/suno_strategy?post=29708"}],"curies":[{"name":"wp","href":"https:\/\/api.w.org\/{rel}","templated":true}]}}