{"id":29705,"date":"2019-07-01T18:06:44","date_gmt":"2019-07-01T21:06:44","guid":{"rendered":"https:\/\/www.suno.com.br\/noticias\/?p=29705"},"modified":"2019-07-01T20:13:21","modified_gmt":"2019-07-01T23:13:21","slug":"petrobras-braskem-mantem-interesse-venda","status":"publish","type":"post","link":"https:\/\/www.suno.com.br\/noticias\/petrobras-braskem-mantem-interesse-venda\/","title":{"rendered":"Petrobras ainda deseja vender participa\u00e7\u00e3o na Braskem, diz CEO"},"content":{"rendered":"<p>O presidente-executivo da Petrobras,<strong> <a href=\"https:\/\/www.suno.com.br\/tudo-sobre\/roberto-castello-branco\/\">Roberto Castello Branco<\/a><\/strong>, afirmou que a petroleira ainda tem interesse em desfazer-se da <strong>Braskem<\/strong> (BRKM3).<\/p>\t<div class=\"wrapper-featured-image\">\n\t\t<figure class=\"spotlightImg\">\n\n\t\t\t<picture>\n\t\t\t\t<source media=\"(max-width: 768px)\" srcset=\"https:\/\/files.sunoresearch.com.br\/n\/uploads\/2019\/07\/28d8918e-petrobras-400x200.webp\">\n\t\t\t\t<img loading=\"lazy\" decoding=\"async\" class=\"newsContent__article__imgCapa lazyloadDisabled newsContent__article__imgCapa--noCaption\" src=\"https:\/\/files.sunoresearch.com.br\/n\/uploads\/2019\/07\/28d8918e-petrobras-800x450.webp\" width=\"800\" height=\"450\" alt=\"Petrobras ainda deseja vender participa\u00e7\u00e3o na Braskem, diz CEO\" fetchpriority=high \/>\n\t\t\t<\/picture>\n\n\t\t\t<figcaption class=\"wp-caption-text wp-caption-text--hide\">Petr\u00f3leo a US$ 100 \u00e9 coisa do passado, diz Castello Branco<\/figcaption>\n\t\t<\/figure>\n\t<\/div>\n\n\n<p>\u201cA <strong>Petrobras<\/strong> tem participa\u00e7\u00e3o na Braskem, um investimento financeiro que n\u00e3o faz nenhum sentido\u201d, afirmou \u00e0 Imprensa ap\u00f3s evento do<strong> Grupo de L\u00edderes Empresariais<\/strong> (Lide), no Rio de Janeiro.<\/p>\n\t<p>\n\t\t<a href=\"https:\/\/lp.suno.com.br\/nossas-assinaturas\/?utm_campaign=_SNC8166F3A4_\" target=\"_blank\" data-element=\"shortcode-suno-banner\" title=\"Banner SUNO, clique e saiba mais\">\n\t\t\t<picture>\n\t\t\t\t<source media=\"(max-width: 500px)\" srcset=\"https:\/\/files.sunoresearch.com.br\/n\/uploads\/2025\/08\/Artigos-e-Noticias-Banner-Materias-01-Mobile_-400x300-1-png.webp\">\n\t\t\t\t<img class=\"newsContent__article__imgCapa newsContent__article__imgCapa--banner\"\n\t\t\t\t\tsrc=\"https:\/\/files.sunoresearch.com.br\/n\/uploads\/2025\/08\/Artigos-e-Noticias-Banner-Materias-01-Desktop_-1420x240-4-png.webp\"\n\t\t\t\t\tdata-promo-id=\"620371\"\t\t\t\t\t\t\t\t\t\twidth='1420' height='240'\t\t\t\t\talt=\"https:\/\/files.sunoresearch.com.br\/n\/uploads\/2025\/08\/Artigos-e-Noticias-Banner-Materias-01-Desktop_-1420x240-4-png.webp\"\n\t\t\t\t>\n\t\t\t<\/picture>\n\t\t<\/a>\n\t<\/p>\n\n\n<p>O executivo tamb\u00e9m declarou que as refinarias operadas pela <strong>Petrobras<\/strong> poder\u00e3o ser integradas a petroqu\u00edmicas no futuro. A medida, entretanto,\u00a0\u201cn\u00e3o tem nada a ver\u201d com o desejo da companhia de vender a participa\u00e7\u00e3o na <strong>Braskem<\/strong>.<\/p>\n<p>Castello Branco descartou a possibilidade de<strong> <a href=\"https:\/\/www.suno.com.br\/artigos\/privatizacao\/\">privatiza\u00e7\u00e3o<\/a><\/strong> da <a href=\"https:\/\/www.suno.com.br\/artigos\/estatal-so-se-for-de-graca\/\">estatal<\/a>.\u00a0\u201cA <strong>Petrobras<\/strong> n\u00e3o pertence ao minist\u00e9rio da Economia. \u00c9 uma empresa que tem acionistas privados. N\u00e3o est\u00e1 sujeita a esse programa\u201d, disse.<\/p>\n<p><a href=\"https:\/\/www.suno.com.br\/noticias\/petrorbas-processo-venda-refinarias\/\">Saiba mais &#8211;\u00a0Petrobras inicia processo de divulga\u00e7\u00e3o para a venda de oito refinarias<\/a><\/p>\n<h2>Venda das refinarias da Petrobras e poss\u00edvel integra\u00e7\u00e3o \u00e0s petroqu\u00edmicas<\/h2>\n<p>O CEO da petroleira afirmou que a integra\u00e7\u00e3o das refinarias \u00e0s petroqu\u00edmicas n\u00e3o foi debatida\u00a0&#8220;com profundidade [&#8230;] Daqui a dois anos a <strong>Petrobras<\/strong> ser\u00e1 uma companhia totalmente diferente do que \u00e9 hoje\u201d, afirmou.<\/p>\n<p><iframe loading=\"lazy\" title=\"?Boletim focus corta PIB, Magalu quer lojas fisicas da Netshoes e Petrobras quer vender Braskem\" width=\"200\" height=\"113\" src=\"https:\/\/www.youtube.com\/embed\/XfOc1iSAFvE?feature=oembed\" frameborder=\"0\" allow=\"accelerometer; autoplay; encrypted-media; gyroscope; picture-in-picture\" allowfullscreen><\/iframe><\/p>\n<p><strong>Castello Branco<\/strong> tamb\u00e9m destacou que a empresa mira a venda de oito de suas 13 <strong>refinarias<\/strong>. Na \u00faltima sexta-feira (28), a Petrobras iniciou formalmente o processo de desinvestimentos de quatro unidades:<\/p>\n<ul>\n<li>a Refinaria Abreu e Lima (Rnest), em Pernambuco;<\/li>\n<li>a Refinaria Landulpho Alves (Rlam), na Bahia;<\/li>\n<li>a Refinaria Presidente Get\u00falio Vargas (Repar) no Paran\u00e1;<\/li>\n<li>e a Refinaria Alberto Pasqualini (Refap), no Rio Grande do Sul.<\/li>\n<\/ul>\n\t<p>\n\t\t<a href=\"https:\/\/www.suno.com.br\/asset\/fundos\/suno-acoes-xp-seg-prev\/\" target=\"_blank\" data-element=\"shortcode-suno-banner\" title=\"Banner SUNO, clique e saiba mais\">\n\t\t\t<picture>\n\t\t\t\t<source media=\"(max-width: 500px)\" srcset=\"https:\/\/files.sunoresearch.com.br\/n\/uploads\/2023\/10\/SUNOPREV-400x300-Mobile-Artigos-3.png\">\n\t\t\t\t<img class=\"newsContent__article__imgCapa newsContent__article__imgCapa--banner\"\n\t\t\t\t\tsrc=\"https:\/\/files.sunoresearch.com.br\/n\/uploads\/2023\/10\/SUNOPREV-1420x240-Banner-Artigos-1-_-Banner-Materias-1.png\"\n\t\t\t\t\tdata-promo-id=\"476310\"\t\t\t\t\t\t\t\t\t\twidth='1420' height='240'\t\t\t\t\talt=\"https:\/\/files.sunoresearch.com.br\/n\/uploads\/2023\/10\/SUNOPREV-1420x240-Banner-Artigos-1-_-Banner-Materias-1.png\"\n\t\t\t\t>\n\t\t\t<\/picture>\n\t\t<\/a>\n\t<\/p>\n\n\n<p>Ap\u00f3s o evento, Castello Branco informou que a Petrobras deve abrir formalmente o processo de venda de mais <strong>quatro refinarias<\/strong>. A abertura deve ocorrer at\u00e9 o fim de agosto. Deste modo, as pr\u00f3ximas refinarias da lista de <strong>desinvestimentos<\/strong> s\u00e3o:<\/p>\n<ul>\n<li>a Refinaria Gabriel Passos (Regap), em Minas Gerais;<\/li>\n<li>a Refinaria Isaac Sabb\u00e1 (Reman), no Amazonas;<\/li>\n<li>a Unidade de Industrializa\u00e7\u00e3o do Xisto (Six), no Paran\u00e1;<\/li>\n<li>e Lubrificantes e Derivados de Petr\u00f3leo do Nordeste (Lubnor), no Cear\u00e1.<\/li>\n<\/ul>\n","protected":false},"excerpt":{"rendered":"<p>O presidente-executivo da Petrobras, Roberto Castello Branco, afirmou que a petroleira ainda tem interesse em desfazer-se da Braskem (BRKM3). Petr\u00f3leo a US$ 100 \u00e9 coisa do passado, diz Castello Branco \u201cA Petrobras tem participa\u00e7\u00e3o na Braskem, um investimento financeiro que n\u00e3o faz nenhum sentido\u201d, afirmou \u00e0 Imprensa ap\u00f3s evento do Grupo de L\u00edderes Empresariais (Lide), [&hellip;]<\/p>\n","protected":false},"author":12,"featured_media":29706,"comment_status":"closed","ping_status":"closed","sticky":false,"template":"","format":"standard","meta":[],"categories":[64],"tags":[595,946],"suno_strategy":[],"class_list":["post-29705","post","type-post","status-publish","format-standard","has-post-thumbnail","hentry","category-negocios","tag-petrobras-petr4","tag-roberto-castello-branco"],"yoast_head":"<!-- This site is optimized with the Yoast SEO plugin v24.4 - https:\/\/yoast.com\/wordpress\/plugins\/seo\/ -->\n<title>Petrobras ainda deseja vender participa\u00e7\u00e3o na Braskem, diz CEO<\/title>\n<meta name=\"description\" content=\"O CEO da Petrobras, Roberto Castello Branco, afirmou que o interesse em vender a participa\u00e7\u00e3o na Braskem est\u00e1 mantido. Clique para saber mais.\" \/>\n<meta name=\"robots\" content=\"index, follow, max-snippet:-1, max-image-preview:large, max-video-preview:-1\" \/>\n<link rel=\"canonical\" href=\"https:\/\/www.suno.com.br\/noticias\/petrobras-braskem-mantem-interesse-venda\/\" \/>\n<meta property=\"og:locale\" content=\"pt_BR\" \/>\n<meta property=\"og:type\" content=\"article\" \/>\n<meta property=\"og:title\" content=\"Petrobras ainda deseja vender participa\u00e7\u00e3o na Braskem, diz CEO\" \/>\n<meta property=\"og:description\" content=\"O CEO da Petrobras, Roberto Castello Branco, afirmou que o interesse em vender a participa\u00e7\u00e3o na Braskem est\u00e1 mantido. Clique para saber mais.\" \/>\n<meta property=\"og:url\" content=\"https:\/\/www.suno.com.br\/noticias\/petrobras-braskem-mantem-interesse-venda\/\" \/>\n<meta property=\"og:site_name\" content=\"Suno Not\u00edcias\" \/>\n<meta property=\"article:publisher\" content=\"https:\/\/facebook.com\/sunoresearch\" \/>\n<meta property=\"og:image\" content=\"https:\/\/files.sunoresearch.com.br\/n\/uploads\/2019\/07\/28d8918e-petrobras.jpg\" \/>\n\t<meta property=\"og:image:width\" content=\"1140\" \/>\n\t<meta property=\"og:image:height\" content=\"760\" \/>\n\t<meta property=\"og:image:type\" content=\"image\/jpeg\" \/>\n<meta name=\"author\" content=\"Amanda Gushiken\" \/>\n<meta name=\"twitter:card\" content=\"summary_large_image\" \/>\n<meta name=\"twitter:creator\" content=\"@sunoresearch\" \/>\n<meta name=\"twitter:site\" content=\"@sunoresearch\" \/>\n<meta name=\"twitter:label1\" content=\"Escrito por\" \/>\n\t<meta name=\"twitter:data1\" content=\"Amanda Gushiken\" \/>\n\t<meta name=\"twitter:label2\" content=\"Est. tempo de leitura\" \/>\n\t<meta name=\"twitter:data2\" content=\"2 minutos\" \/>\n<script type=\"application\/ld+json\" class=\"yoast-schema-graph\">{\"@context\":\"https:\/\/schema.org\",\"@graph\":[{\"@type\":\"NewsArticle\",\"@id\":\"https:\/\/www.suno.com.br\/noticias\/petrobras-braskem-mantem-interesse-venda\/#article\",\"isPartOf\":{\"@id\":\"https:\/\/www.suno.com.br\/noticias\/petrobras-braskem-mantem-interesse-venda\/\"},\"author\":{\"name\":\"Amanda Gushiken\",\"@id\":\"https:\/\/www.suno.com.br\/noticias\/#\/schema\/person\/a5b06fa4e879d8e8e119c6ed3cd630d1\"},\"headline\":\"Petrobras ainda deseja vender participa\u00e7\u00e3o na Braskem, diz CEO\",\"datePublished\":\"2019-07-01T21:06:44+00:00\",\"dateModified\":\"2019-07-01T23:13:21+00:00\",\"mainEntityOfPage\":{\"@id\":\"https:\/\/www.suno.com.br\/noticias\/petrobras-braskem-mantem-interesse-venda\/\"},\"wordCount\":360,\"publisher\":{\"@id\":\"https:\/\/www.suno.com.br\/noticias\/#organization\"},\"image\":{\"@id\":\"https:\/\/www.suno.com.br\/noticias\/petrobras-braskem-mantem-interesse-venda\/#primaryimage\"},\"thumbnailUrl\":\"https:\/\/files.sunoresearch.com.br\/n\/uploads\/2019\/07\/28d8918e-petrobras-jpg.webp\",\"keywords\":[\"Petrobras (PETR4)\",\"Roberto Castello Branco\"],\"articleSection\":[\"Neg\u00f3cios\"],\"inLanguage\":\"pt-BR\"},{\"@type\":\"WebPage\",\"@id\":\"https:\/\/www.suno.com.br\/noticias\/petrobras-braskem-mantem-interesse-venda\/\",\"url\":\"https:\/\/www.suno.com.br\/noticias\/petrobras-braskem-mantem-interesse-venda\/\",\"name\":\"Petrobras ainda deseja vender participa\u00e7\u00e3o na Braskem, diz CEO\",\"isPartOf\":{\"@id\":\"https:\/\/www.suno.com.br\/noticias\/#website\"},\"primaryImageOfPage\":{\"@id\":\"https:\/\/www.suno.com.br\/noticias\/petrobras-braskem-mantem-interesse-venda\/#primaryimage\"},\"image\":{\"@id\":\"https:\/\/www.suno.com.br\/noticias\/petrobras-braskem-mantem-interesse-venda\/#primaryimage\"},\"thumbnailUrl\":\"https:\/\/files.sunoresearch.com.br\/n\/uploads\/2019\/07\/28d8918e-petrobras-jpg.webp\",\"datePublished\":\"2019-07-01T21:06:44+00:00\",\"dateModified\":\"2019-07-01T23:13:21+00:00\",\"description\":\"O CEO da Petrobras, Roberto Castello Branco, afirmou que o interesse em vender a participa\u00e7\u00e3o na Braskem est\u00e1 mantido. Clique para saber mais.\",\"breadcrumb\":{\"@id\":\"https:\/\/www.suno.com.br\/noticias\/petrobras-braskem-mantem-interesse-venda\/#breadcrumb\"},\"inLanguage\":\"pt-BR\",\"potentialAction\":[{\"@type\":\"ReadAction\",\"target\":[\"https:\/\/www.suno.com.br\/noticias\/petrobras-braskem-mantem-interesse-venda\/\"]}]},{\"@type\":\"ImageObject\",\"inLanguage\":\"pt-BR\",\"@id\":\"https:\/\/www.suno.com.br\/noticias\/petrobras-braskem-mantem-interesse-venda\/#primaryimage\",\"url\":\"https:\/\/files.sunoresearch.com.br\/n\/uploads\/2019\/07\/28d8918e-petrobras-jpg.webp\",\"contentUrl\":\"https:\/\/files.sunoresearch.com.br\/n\/uploads\/2019\/07\/28d8918e-petrobras-jpg.webp\",\"width\":1140,\"height\":760,\"caption\":\"Petr\u00f3leo a US$ 100 \u00e9 coisa do passado, diz Castello Branco\"},{\"@type\":\"BreadcrumbList\",\"@id\":\"https:\/\/www.suno.com.br\/noticias\/petrobras-braskem-mantem-interesse-venda\/#breadcrumb\",\"itemListElement\":[{\"@type\":\"ListItem\",\"position\":1,\"name\":\"Not\u00edcias\",\"item\":\"https:\/\/www.suno.com.br\/noticias\/\"},{\"@type\":\"ListItem\",\"position\":2,\"name\":\"Neg\u00f3cios\",\"item\":\"https:\/\/www.suno.com.br\/noticias\/negocios\/\"},{\"@type\":\"ListItem\",\"position\":3,\"name\":\"Petrobras ainda deseja vender participa\u00e7\u00e3o na Braskem, diz CEO\"}]},{\"@type\":\"WebSite\",\"@id\":\"https:\/\/www.suno.com.br\/noticias\/#website\",\"url\":\"https:\/\/www.suno.com.br\/noticias\/\",\"name\":\"Suno Not\u00edcias\",\"description\":\"Seu portal de informa\u00e7\u00e3o sobre o mundo dos investimentos\",\"publisher\":{\"@id\":\"https:\/\/www.suno.com.br\/noticias\/#organization\"},\"potentialAction\":[{\"@type\":\"SearchAction\",\"target\":{\"@type\":\"EntryPoint\",\"urlTemplate\":\"https:\/\/www.suno.com.br\/noticias\/?s={search_term_string}\"},\"query-input\":{\"@type\":\"PropertyValueSpecification\",\"valueRequired\":true,\"valueName\":\"search_term_string\"}}],\"inLanguage\":\"pt-BR\"},{\"@type\":\"Organization\",\"@id\":\"https:\/\/www.suno.com.br\/noticias\/#organization\",\"name\":\"Suno Not\u00edcias\",\"url\":\"https:\/\/www.suno.com.br\/noticias\/\",\"logo\":{\"@type\":\"ImageObject\",\"inLanguage\":\"pt-BR\",\"@id\":\"https:\/\/www.suno.com.br\/noticias\/#\/schema\/logo\/image\/\",\"url\":\"https:\/\/files.sunoresearch.com.br\/n\/uploads\/2021\/09\/suno-logo.png\",\"contentUrl\":\"https:\/\/files.sunoresearch.com.br\/n\/uploads\/2021\/09\/suno-logo.png\",\"width\":180,\"height\":180,\"caption\":\"Suno Not\u00edcias\"},\"image\":{\"@id\":\"https:\/\/www.suno.com.br\/noticias\/#\/schema\/logo\/image\/\"},\"sameAs\":[\"https:\/\/facebook.com\/sunoresearch\",\"https:\/\/x.com\/sunoresearch\",\"https:\/\/www.instagram.com\/suno\",\"https:\/\/www.linkedin.com\/company\/suno-research\/\",\"https:\/\/www.youtube.com\/c\/sunoresearch\"]},{\"@type\":\"Person\",\"@id\":\"https:\/\/www.suno.com.br\/noticias\/#\/schema\/person\/a5b06fa4e879d8e8e119c6ed3cd630d1\",\"name\":\"Amanda Gushiken\",\"image\":{\"@type\":\"ImageObject\",\"inLanguage\":\"pt-BR\",\"@id\":\"https:\/\/www.suno.com.br\/noticias\/#\/schema\/person\/image\/\",\"url\":\"https:\/\/secure.gravatar.com\/avatar\/ecd84705e6b65e3685ae80d725501fbe?s=96&r=g\",\"contentUrl\":\"https:\/\/secure.gravatar.com\/avatar\/ecd84705e6b65e3685ae80d725501fbe?s=96&r=g\",\"caption\":\"Amanda Gushiken\"},\"description\":\"Amanda Sayuri Gushiken escreve sobre finan\u00e7as e neg\u00f3cios para o portal Suno Not\u00edcias. Antes, trabalhou selecionando not\u00edcias da imprensa para clientes do mercado financeiro. Tamb\u00e9m desenvolveu pesquisa acad\u00eamica pela Universidade Anhembi Morumbi na \u00e1rea de Teorias da Comunica\u00e7\u00e3o e \u00e9 fot\u00f3grafa nas horas vagas.\",\"url\":\"https:\/\/www.suno.com.br\/noticias\/author\/amanda\/\"}]}<\/script>\n<!-- \/ Yoast SEO plugin. -->","yoast_head_json":{"title":"Petrobras ainda deseja vender participa\u00e7\u00e3o na Braskem, diz CEO","description":"O CEO da Petrobras, Roberto Castello Branco, afirmou que o interesse em vender a participa\u00e7\u00e3o na Braskem est\u00e1 mantido. Clique para saber mais.","robots":{"index":"index","follow":"follow","max-snippet":"max-snippet:-1","max-image-preview":"max-image-preview:large","max-video-preview":"max-video-preview:-1"},"canonical":"https:\/\/www.suno.com.br\/noticias\/petrobras-braskem-mantem-interesse-venda\/","og_locale":"pt_BR","og_type":"article","og_title":"Petrobras ainda deseja vender participa\u00e7\u00e3o na Braskem, diz CEO","og_description":"O CEO da Petrobras, Roberto Castello Branco, afirmou que o interesse em vender a participa\u00e7\u00e3o na Braskem est\u00e1 mantido. Clique para saber mais.","og_url":"https:\/\/www.suno.com.br\/noticias\/petrobras-braskem-mantem-interesse-venda\/","og_site_name":"Suno Not\u00edcias","article_publisher":"https:\/\/facebook.com\/sunoresearch","og_image":[{"width":1140,"height":760,"url":"https:\/\/files.sunoresearch.com.br\/n\/uploads\/2019\/07\/28d8918e-petrobras.jpg","type":"image\/jpeg"}],"author":"Amanda Gushiken","twitter_card":"summary_large_image","twitter_creator":"@sunoresearch","twitter_site":"@sunoresearch","twitter_misc":{"Escrito por":"Amanda Gushiken","Est. tempo de leitura":"2 minutos"},"schema":{"@context":"https:\/\/schema.org","@graph":[{"@type":"NewsArticle","@id":"https:\/\/www.suno.com.br\/noticias\/petrobras-braskem-mantem-interesse-venda\/#article","isPartOf":{"@id":"https:\/\/www.suno.com.br\/noticias\/petrobras-braskem-mantem-interesse-venda\/"},"author":{"name":"Amanda Gushiken","@id":"https:\/\/www.suno.com.br\/noticias\/#\/schema\/person\/a5b06fa4e879d8e8e119c6ed3cd630d1"},"headline":"Petrobras ainda deseja vender participa\u00e7\u00e3o na Braskem, diz CEO","datePublished":"2019-07-01T21:06:44+00:00","dateModified":"2019-07-01T23:13:21+00:00","mainEntityOfPage":{"@id":"https:\/\/www.suno.com.br\/noticias\/petrobras-braskem-mantem-interesse-venda\/"},"wordCount":360,"publisher":{"@id":"https:\/\/www.suno.com.br\/noticias\/#organization"},"image":{"@id":"https:\/\/www.suno.com.br\/noticias\/petrobras-braskem-mantem-interesse-venda\/#primaryimage"},"thumbnailUrl":"https:\/\/files.sunoresearch.com.br\/n\/uploads\/2019\/07\/28d8918e-petrobras-jpg.webp","keywords":["Petrobras (PETR4)","Roberto Castello Branco"],"articleSection":["Neg\u00f3cios"],"inLanguage":"pt-BR"},{"@type":"WebPage","@id":"https:\/\/www.suno.com.br\/noticias\/petrobras-braskem-mantem-interesse-venda\/","url":"https:\/\/www.suno.com.br\/noticias\/petrobras-braskem-mantem-interesse-venda\/","name":"Petrobras ainda deseja vender participa\u00e7\u00e3o na Braskem, diz CEO","isPartOf":{"@id":"https:\/\/www.suno.com.br\/noticias\/#website"},"primaryImageOfPage":{"@id":"https:\/\/www.suno.com.br\/noticias\/petrobras-braskem-mantem-interesse-venda\/#primaryimage"},"image":{"@id":"https:\/\/www.suno.com.br\/noticias\/petrobras-braskem-mantem-interesse-venda\/#primaryimage"},"thumbnailUrl":"https:\/\/files.sunoresearch.com.br\/n\/uploads\/2019\/07\/28d8918e-petrobras-jpg.webp","datePublished":"2019-07-01T21:06:44+00:00","dateModified":"2019-07-01T23:13:21+00:00","description":"O CEO da Petrobras, Roberto Castello Branco, afirmou que o interesse em vender a participa\u00e7\u00e3o na Braskem est\u00e1 mantido. Clique para saber mais.","breadcrumb":{"@id":"https:\/\/www.suno.com.br\/noticias\/petrobras-braskem-mantem-interesse-venda\/#breadcrumb"},"inLanguage":"pt-BR","potentialAction":[{"@type":"ReadAction","target":["https:\/\/www.suno.com.br\/noticias\/petrobras-braskem-mantem-interesse-venda\/"]}]},{"@type":"ImageObject","inLanguage":"pt-BR","@id":"https:\/\/www.suno.com.br\/noticias\/petrobras-braskem-mantem-interesse-venda\/#primaryimage","url":"https:\/\/files.sunoresearch.com.br\/n\/uploads\/2019\/07\/28d8918e-petrobras-jpg.webp","contentUrl":"https:\/\/files.sunoresearch.com.br\/n\/uploads\/2019\/07\/28d8918e-petrobras-jpg.webp","width":1140,"height":760,"caption":"Petr\u00f3leo a US$ 100 \u00e9 coisa do passado, diz Castello Branco"},{"@type":"BreadcrumbList","@id":"https:\/\/www.suno.com.br\/noticias\/petrobras-braskem-mantem-interesse-venda\/#breadcrumb","itemListElement":[{"@type":"ListItem","position":1,"name":"Not\u00edcias","item":"https:\/\/www.suno.com.br\/noticias\/"},{"@type":"ListItem","position":2,"name":"Neg\u00f3cios","item":"https:\/\/www.suno.com.br\/noticias\/negocios\/"},{"@type":"ListItem","position":3,"name":"Petrobras ainda deseja vender participa\u00e7\u00e3o na Braskem, diz CEO"}]},{"@type":"WebSite","@id":"https:\/\/www.suno.com.br\/noticias\/#website","url":"https:\/\/www.suno.com.br\/noticias\/","name":"Suno Not\u00edcias","description":"Seu portal de informa\u00e7\u00e3o sobre o mundo dos investimentos","publisher":{"@id":"https:\/\/www.suno.com.br\/noticias\/#organization"},"potentialAction":[{"@type":"SearchAction","target":{"@type":"EntryPoint","urlTemplate":"https:\/\/www.suno.com.br\/noticias\/?s={search_term_string}"},"query-input":{"@type":"PropertyValueSpecification","valueRequired":true,"valueName":"search_term_string"}}],"inLanguage":"pt-BR"},{"@type":"Organization","@id":"https:\/\/www.suno.com.br\/noticias\/#organization","name":"Suno Not\u00edcias","url":"https:\/\/www.suno.com.br\/noticias\/","logo":{"@type":"ImageObject","inLanguage":"pt-BR","@id":"https:\/\/www.suno.com.br\/noticias\/#\/schema\/logo\/image\/","url":"https:\/\/files.sunoresearch.com.br\/n\/uploads\/2021\/09\/suno-logo.png","contentUrl":"https:\/\/files.sunoresearch.com.br\/n\/uploads\/2021\/09\/suno-logo.png","width":180,"height":180,"caption":"Suno Not\u00edcias"},"image":{"@id":"https:\/\/www.suno.com.br\/noticias\/#\/schema\/logo\/image\/"},"sameAs":["https:\/\/facebook.com\/sunoresearch","https:\/\/x.com\/sunoresearch","https:\/\/www.instagram.com\/suno","https:\/\/www.linkedin.com\/company\/suno-research\/","https:\/\/www.youtube.com\/c\/sunoresearch"]},{"@type":"Person","@id":"https:\/\/www.suno.com.br\/noticias\/#\/schema\/person\/a5b06fa4e879d8e8e119c6ed3cd630d1","name":"Amanda Gushiken","image":{"@type":"ImageObject","inLanguage":"pt-BR","@id":"https:\/\/www.suno.com.br\/noticias\/#\/schema\/person\/image\/","url":"https:\/\/secure.gravatar.com\/avatar\/ecd84705e6b65e3685ae80d725501fbe?s=96&r=g","contentUrl":"https:\/\/secure.gravatar.com\/avatar\/ecd84705e6b65e3685ae80d725501fbe?s=96&r=g","caption":"Amanda Gushiken"},"description":"Amanda Sayuri Gushiken escreve sobre finan\u00e7as e neg\u00f3cios para o portal Suno Not\u00edcias. Antes, trabalhou selecionando not\u00edcias da imprensa para clientes do mercado financeiro. Tamb\u00e9m desenvolveu pesquisa acad\u00eamica pela Universidade Anhembi Morumbi na \u00e1rea de Teorias da Comunica\u00e7\u00e3o e \u00e9 fot\u00f3grafa nas horas vagas.","url":"https:\/\/www.suno.com.br\/noticias\/author\/amanda\/"}]}},"default_loop_html":"<div class=\"cardsPage__listCard__boxs\"><div class=\"cardsPage__listCard__boxs__img\"><a href=\"https:\/\/www.suno.com.br\/noticias\/petrobras-braskem-mantem-interesse-venda\/\"><img class=\"mask\" src=\"https:\/\/www.suno.com.br\/noticias\/wp-content\/themes\/suno\/resources\/images\/spotlight\/spotlight1img\/bg-mask.png\" alt=\"Image Mask\"\/><img src=\"https:\/\/files.sunoresearch.com.br\/n\/uploads\/2019\/07\/28d8918e-petrobras-400x200.webp\" alt=\"Petrobras ainda deseja vender participa\u00e7\u00e3o na Braskem, diz CEO\"\/><\/a><span class=\"spotlightCategory\"><a href=\"https:\/\/www.suno.com.br\/noticias\/negocios\/\">Neg\u00f3cios<\/a><\/span><\/div><div class=\"cardsPage__listCard__boxs__content\"><a href=\"https:\/\/www.suno.com.br\/noticias\/petrobras-braskem-mantem-interesse-venda\/\"><h2 class=\"content__title\">Petrobras ainda deseja vender participa\u00e7\u00e3o na Braskem, diz CEO<\/h2><\/a><div class=\"newsContent__article__meta\"><div class=\"newsContent__article__meta__authorBox\"><a href=\"https:\/\/www.suno.com.br\/noticias\/author\/amanda\/\" class=\"authorBox__avatar noMobi\"><img src=\"https:\/\/files.sunoresearch.com.br\/n\/uploads\/2018\/11\/c6ad30be-amanda-150x150.webp\" alt=\"Amanda Gushiken\"><\/a><div class=\"authorBox__name\"><span>por\n\t\t\t<a href=\"https:\/\/www.suno.com.br\/noticias\/author\/amanda\/\"><span itemprop=\"author\">Amanda Gushiken<\/span><\/a><\/span><time datetime=\"2019-07-01T18:06:44-03:00\" itemprop=\"datePublished\">01\/07\/2019 18:06<\/time><\/div><\/div><\/div><\/div><\/div>","single_layout":"posts","amp_enabled":true,"_links":{"self":[{"href":"https:\/\/www.suno.com.br\/noticias\/wp-json\/wp\/v2\/posts\/29705"}],"collection":[{"href":"https:\/\/www.suno.com.br\/noticias\/wp-json\/wp\/v2\/posts"}],"about":[{"href":"https:\/\/www.suno.com.br\/noticias\/wp-json\/wp\/v2\/types\/post"}],"author":[{"embeddable":true,"href":"https:\/\/www.suno.com.br\/noticias\/wp-json\/wp\/v2\/users\/12"}],"replies":[{"embeddable":true,"href":"https:\/\/www.suno.com.br\/noticias\/wp-json\/wp\/v2\/comments?post=29705"}],"version-history":[{"count":0,"href":"https:\/\/www.suno.com.br\/noticias\/wp-json\/wp\/v2\/posts\/29705\/revisions"}],"wp:featuredmedia":[{"embeddable":true,"href":"https:\/\/www.suno.com.br\/noticias\/wp-json\/wp\/v2\/media\/29706"}],"wp:attachment":[{"href":"https:\/\/www.suno.com.br\/noticias\/wp-json\/wp\/v2\/media?parent=29705"}],"wp:term":[{"taxonomy":"category","embeddable":true,"href":"https:\/\/www.suno.com.br\/noticias\/wp-json\/wp\/v2\/categories?post=29705"},{"taxonomy":"post_tag","embeddable":true,"href":"https:\/\/www.suno.com.br\/noticias\/wp-json\/wp\/v2\/tags?post=29705"},{"taxonomy":"suno_strategy","embeddable":true,"href":"https:\/\/www.suno.com.br\/noticias\/wp-json\/wp\/v2\/suno_strategy?post=29705"}],"curies":[{"name":"wp","href":"https:\/\/api.w.org\/{rel}","templated":true}]}}