{"id":29694,"date":"2019-07-01T17:37:37","date_gmt":"2019-07-01T20:37:37","guid":{"rendered":"https:\/\/www.suno.com.br\/noticias\/?p=29694"},"modified":"2019-07-01T18:24:58","modified_gmt":"2019-07-01T21:24:58","slug":"ibovespa-fechamento-01072019","status":"publish","type":"post","link":"https:\/\/www.suno.com.br\/noticias\/ibovespa-fechamento-01072019\/","title":{"rendered":"Ibovespa encerra em alta ap\u00f3s tr\u00e9gua da guerra comercial"},"content":{"rendered":"<p>Com a tr\u00e9gua na <strong>guerra comercial<\/strong>, e seguindo a tend\u00eancia dos principais \u00edndices acion\u00e1rios do mundo, o Ibovespa encerrou com alta de\u00a00,37% e\u00a0101.339,68 pontos nesta segunda-feira (1\u00ba).<\/p>\t<div class=\"wrapper-featured-image\">\n\t\t<figure class=\"spotlightImg\">\n\n\t\t\t<picture>\n\t\t\t\t<source media=\"(max-width: 768px)\" srcset=\"https:\/\/files.sunoresearch.com.br\/n\/uploads\/2018\/12\/f00f723f-ibovespa-400x200.webp\">\n\t\t\t\t<img loading=\"lazy\" decoding=\"async\" class=\"newsContent__article__imgCapa lazyloadDisabled newsContent__article__imgCapa--noCaption\" src=\"https:\/\/files.sunoresearch.com.br\/n\/uploads\/2018\/12\/f00f723f-ibovespa-800x450.webp\" width=\"800\" height=\"450\" alt=\"Ibovespa encerra em alta ap\u00f3s tr\u00e9gua da guerra comercial\" fetchpriority=high \/>\n\t\t\t<\/picture>\n\n\t\t\t<figcaption class=\"wp-caption-text wp-caption-text--hide\">O Ibovespa encerrou em alta, ampliando os ganhos da \u00faltima ter\u00e7a<\/figcaption>\n\t\t<\/figure>\n\t<\/div>\n\n\n<p>Dentre as empresas que foram destaque do <strong>Ibovespa<\/strong> est\u00e3o aquelas que produzem carne: <strong>BRF<\/strong>, <strong>JBS<\/strong> e <strong>Marfrig<\/strong>. A ascens\u00e3o da cota\u00e7\u00e3o destas companhias ocorreu em detrimento da possibilidade do surto de febre su\u00edna africana na <strong>China<\/strong> ser maior do que o que foi divulgado oficialmente.<\/p>\n<p>A pontua\u00e7\u00e3o m\u00ednima do <strong>Ibovespa<\/strong> foi de\u00a0100.973,48 pontos, e a m\u00e1xima de\u00a0102.431,61 pontos.<\/p>\n\t<p>\n\t\t<a href=\"https:\/\/lp.suno.com.br\/planilha-da-vida-financeira\/\" target=\"_blank\" data-element=\"shortcode-suno-banner\" title=\"Banner SUNO, clique e saiba mais\">\n\t\t\t<picture>\n\t\t\t\t<source media=\"(max-width: 500px)\" srcset=\"https:\/\/files.sunoresearch.com.br\/n\/uploads\/2023\/04\/400x300-Planilha-vida-financeira-true.png\">\n\t\t\t\t<img class=\"newsContent__article__imgCapa newsContent__article__imgCapa--banner\"\n\t\t\t\t\tsrc=\"https:\/\/files.sunoresearch.com.br\/n\/uploads\/2023\/04\/1420x240-Planilha-vida-financeira-true.png\"\n\t\t\t\t\tdata-promo-id=\"106682\"\t\t\t\t\t\t\t\t\t\twidth='1420' height='240'\t\t\t\t\talt=\"https:\/\/files.sunoresearch.com.br\/n\/uploads\/2023\/04\/1420x240-Planilha-vida-financeira-true.png\"\n\t\t\t\t>\n\t\t\t<\/picture>\n\t\t<\/a>\n\t<\/p>\n\n\n<h2>Guerra comercial tem nova tr\u00e9gua<\/h2>\n<p>Os presidentes dos EUA,<strong> <a href=\"https:\/\/www.suno.com.br\/tudo-sobre\/donald-trump\/\">Donald Trump<\/a><\/strong>, e da China, <strong>Xi Jinping<\/strong>, tiveram o esperado encontro no \u00faltimo s\u00e1bado (29) durante a c\u00fapula do <a href=\"https:\/\/www.suno.com.br\/artigos\/g20\/\">G20<\/a>. Na reuni\u00e3o, os mandat\u00e1rios concordaram com uma <strong>nova tr\u00e9gua<\/strong> na <strong><a href=\"https:\/\/www.suno.com.br\/artigos\/guerra-comercial\/\">guerra comercial<\/a><\/strong>.<\/p>\n<p>A <strong>China<\/strong> e os <strong>EUA<\/strong> tamb\u00e9m concordaram com o retorno das <strong>negocia\u00e7\u00f5es<\/strong>. Assim, as na\u00e7\u00f5es demonstram engajamento para que as na\u00e7\u00f5es cheguem a um acordo e encerrem a <strong>guerra comercial<\/strong>. A nova <strong>tr\u00e9gua<\/strong> n\u00e3o tem per\u00edodo definido.<\/p>\n<p><a href=\"https:\/\/www.suno.com.br\/noticias\/guerra-comercial-nova-tregua\/\">Saiba mais &#8211; Guerra comercial tem nova tr\u00e9gua ap\u00f3s encontro entre Trump e Xi<\/a><\/p>\n<h2>BRF emite deb\u00eantures simples<\/h2>\n<p>A\u00a0BRF\u00a0consumou a oferta p\u00fablica referente \u00e0 primeira emiss\u00e3o de <a href=\"https:\/\/www.suno.com.br\/artigos\/o-que-sao-debentures\/\"><strong>deb\u00eantures<\/strong><\/a> simples, n\u00e3o convers\u00edveis em a\u00e7\u00f5es, da esp\u00e9cie quirograf\u00e1ria e com esfor\u00e7os restritos, na qual foram subscritos 750 mil t\u00edtulos, totalizando R$ 750 milh\u00f5es.<\/p>\n<p><a href=\"https:\/\/www.suno.com.br\/noticias\/brf-vende-r750-milhoes-em-debentures-a-procura-de-financiamento\/\">Saiba mais &#8211;\u00a0BRF vende R$750 milh\u00f5es em deb\u00eantures a procura de financiamento<\/a><\/p>\n<h2>BRF, JBS e Marfrig s\u00e3o destaques positivos do Ibovespa<\/h2>\n<p>O surto de <strong>febre su\u00edna africana<\/strong> na China pode ter acometido a morte do dobro do n\u00famero oficialmente divulgado de <strong>porcos<\/strong> reprodutores no pa\u00eds, conforme apura\u00e7\u00e3o da ag\u00eancia &#8220;Reuters&#8221;.<\/p>\n<p>&#8220;Algo como 50 por cento das <strong>porcas<\/strong> est\u00e3o mortas&#8221;, afirmou o veterin\u00e1rio Edgar Wayne Johnson \u00e0 ag\u00eancia. As <strong>f\u00eameas adultas<\/strong> representam cerca de um em cada 10 porcos. A redu\u00e7\u00e3o da quantidade das porcas implica em diminui\u00e7\u00e3o similar no total da produ\u00e7\u00e3o de su\u00ednos, conforme especialistas.<\/p>\n<p>Com a poss\u00edvel menor oferta de carne su\u00edna na China, maior produtor e consumidor mundial, a procura pela carne brasileira deve aumentar. O que explica a valoriza\u00e7\u00e3o das gigantes dos alimentos <strong>JBS<\/strong>, <strong>BRF<\/strong> e <strong>Marfrig<\/strong>.<\/p>\n<p><a href=\"https:\/\/www.suno.com.br\/noticias\/jbs-brf-marfrig-porcos-china\/\">Saiba mais &#8211;\u00a0JBS, BRF e Marfrig sobem com dobro de mortes de porcos na China\u00a0<\/a><\/p>\n<h2>Neoenergia estreia IPO na B3<\/h2>\n<p>A Neoenergia estreou sua<strong> <a href=\"https:\/\/www.suno.com.br\/artigos\/ipo\/\">oferta p\u00fablica inicial de a\u00e7\u00f5es<\/a><\/strong> (IPO) nesta segunda-feira (1\u00ba). Sob o ticker <strong>NEOE3<\/strong>, a empresa iniciou os trabalhos na <a href=\"https:\/\/www.suno.com.br\/artigos\/b3\/\">Bolsa de Valores de S\u00e3o Paulo<\/a> (B3) apresentando alta de 8,37% no fechamento, com cota\u00e7\u00e3o a R$ 16,96. A a\u00e7\u00e3o havia sido precificada a R$ 15,65.<\/p>\n<p><p style=\"text-align: left;\"><a href=\"https:\/\/www.suno.com.br\/noticias\/neoenergia-estreia-ipo-alta\/\">Saiba mais &#8211;\u00a0Neoenergia sobe mais de 8% em estreia de IPO na B3\u00a0<\/a><\/p>\n<\/p>\n<h2>Bolsas internacionais<\/h2>\n<ul>\n<li>Nasdaq (Estados Unidos): alta de 1,06%<\/li>\n<li>FTSE 100 (Reino Unido): alta de 0,97%<\/li>\n<li>Nikkei (Jap\u00e3o): alta de 2,13%<\/li>\n<li>CAC40 (Fran\u00e7a): alta de 0,52%<\/li>\n<\/ul>\n<h2>Maiores altas do Ibovespa<\/h2>\n<ul>\n<li>BRFS3 alta de 8,37% (R$ 31,99)<\/li>\n<li>JBSS3 alta\u00a0de 5,7% (R$ 22,43)<\/li>\n<li>MRFG3 alta\u00a0de 3,82% (R$ 6,53)<\/li>\n<li>VALE3 alta\u00a0de 3,61% (R$ 53,69)<\/li>\n<li>IRBR3 alta\u00a0de 2,79% (R$ 101,25)<\/li>\n<\/ul>\n<h2>Maiores quedas do Ibovespa<\/h2>\n<ul>\n<li>SUZB3 queda de 3,9% (R$ 31,57)<\/li>\n<li>SMLS3 queda de 3,33% (R$ 40,60)<\/li>\n<li>HYPE3 queda de 2,9% (R$ 29,12)<\/li>\n<li>LAME4 queda de 2,55% (R$ 16,05)<\/li>\n<li>QUAL3 queda de 2,44% (R$ 22,41)<\/li>\n<\/ul>\n","protected":false},"excerpt":{"rendered":"<p>Com a tr\u00e9gua na guerra comercial, e seguindo a tend\u00eancia dos principais \u00edndices acion\u00e1rios do mundo, o Ibovespa encerrou com alta de\u00a00,37% e\u00a0101.339,68 pontos nesta segunda-feira (1\u00ba). O Ibovespa encerrou em alta, ampliando os ganhos da \u00faltima ter\u00e7a Dentre as empresas que foram destaque do Ibovespa est\u00e3o aquelas que produzem carne: BRF, JBS e Marfrig. [&hellip;]<\/p>\n","protected":false},"author":12,"featured_media":7832,"comment_status":"closed","ping_status":"closed","sticky":false,"template":"","format":"standard","meta":[],"categories":[60],"tags":[367,397,724,801,980,721,319,521,552,575,913],"suno_strategy":[],"class_list":["post-29694","post","type-post","status-publish","format-standard","has-post-thumbnail","hentry","category-mercado","tag-b3-b3sa3","tag-brf-brfs3","tag-donald-trump","tag-g20","tag-guerra-comercial","tag-ibovespa","tag-ipo-oferta-inicial-de-acoes","tag-jbs-jbss3","tag-marfrig-mrfg3","tag-neoenergia-neoe3","tag-xi-jinping"],"yoast_head":"<!-- This site is optimized with the Yoast SEO plugin v24.4 - https:\/\/yoast.com\/wordpress\/plugins\/seo\/ -->\n<title>Ibovespa encerra em alta ap\u00f3s tr\u00e9gua da guerra comercial<\/title>\n<meta name=\"description\" content=\"O Ibovespa encerrou em leve alta nesta segunda-feira (1\u00ba) devido \u00e0 tr\u00e9gua da guerra comercial; Neoenergia estreia IPO. Clique para saber mais.\" \/>\n<meta name=\"robots\" content=\"index, follow, max-snippet:-1, max-image-preview:large, max-video-preview:-1\" \/>\n<link rel=\"canonical\" href=\"https:\/\/www.suno.com.br\/noticias\/ibovespa-fechamento-01072019\/\" \/>\n<meta property=\"og:locale\" content=\"pt_BR\" \/>\n<meta property=\"og:type\" content=\"article\" \/>\n<meta property=\"og:title\" content=\"Ibovespa encerra em alta ap\u00f3s tr\u00e9gua da guerra comercial\" \/>\n<meta property=\"og:description\" content=\"O Ibovespa encerrou em leve alta nesta segunda-feira (1\u00ba) devido \u00e0 tr\u00e9gua da guerra comercial; Neoenergia estreia IPO. Clique para saber mais.\" \/>\n<meta property=\"og:url\" content=\"https:\/\/www.suno.com.br\/noticias\/ibovespa-fechamento-01072019\/\" \/>\n<meta property=\"og:site_name\" content=\"Suno Not\u00edcias\" \/>\n<meta property=\"article:publisher\" content=\"https:\/\/facebook.com\/sunoresearch\" \/>\n<meta property=\"og:image\" content=\"https:\/\/files.sunoresearch.com.br\/n\/uploads\/2018\/12\/f00f723f-ibovespa.jpg\" \/>\n\t<meta property=\"og:image:width\" content=\"960\" \/>\n\t<meta property=\"og:image:height\" content=\"678\" \/>\n\t<meta property=\"og:image:type\" content=\"image\/jpeg\" \/>\n<meta name=\"author\" content=\"Amanda Gushiken\" \/>\n<meta name=\"twitter:card\" content=\"summary_large_image\" \/>\n<meta name=\"twitter:creator\" content=\"@sunoresearch\" \/>\n<meta name=\"twitter:site\" content=\"@sunoresearch\" \/>\n<meta name=\"twitter:label1\" content=\"Escrito por\" \/>\n\t<meta name=\"twitter:data1\" content=\"Amanda Gushiken\" \/>\n\t<meta name=\"twitter:label2\" content=\"Est. tempo de leitura\" \/>\n\t<meta name=\"twitter:data2\" content=\"3 minutos\" \/>\n<script type=\"application\/ld+json\" class=\"yoast-schema-graph\">{\"@context\":\"https:\/\/schema.org\",\"@graph\":[{\"@type\":\"NewsArticle\",\"@id\":\"https:\/\/www.suno.com.br\/noticias\/ibovespa-fechamento-01072019\/#article\",\"isPartOf\":{\"@id\":\"https:\/\/www.suno.com.br\/noticias\/ibovespa-fechamento-01072019\/\"},\"author\":{\"name\":\"Amanda Gushiken\",\"@id\":\"https:\/\/www.suno.com.br\/noticias\/#\/schema\/person\/a5b06fa4e879d8e8e119c6ed3cd630d1\"},\"headline\":\"Ibovespa encerra em alta ap\u00f3s tr\u00e9gua da guerra comercial\",\"datePublished\":\"2019-07-01T20:37:37+00:00\",\"dateModified\":\"2019-07-01T21:24:58+00:00\",\"mainEntityOfPage\":{\"@id\":\"https:\/\/www.suno.com.br\/noticias\/ibovespa-fechamento-01072019\/\"},\"wordCount\":564,\"publisher\":{\"@id\":\"https:\/\/www.suno.com.br\/noticias\/#organization\"},\"image\":{\"@id\":\"https:\/\/www.suno.com.br\/noticias\/ibovespa-fechamento-01072019\/#primaryimage\"},\"thumbnailUrl\":\"https:\/\/files.sunoresearch.com.br\/n\/uploads\/2018\/12\/f00f723f-ibovespa-jpg.webp\",\"keywords\":[\"B3 (B3SA3)\",\"BRF (BRFS3)\",\"Donald Trump\",\"G20\",\"guerra comercial\",\"Ibovespa\",\"IPO (Oferta Inicial de A\u00e7\u00f5es)\",\"JBS (JBSS3)\",\"Marfrig (MRFG3)\",\"Neoenergia (NEOE3)\",\"Xi Jinping\"],\"articleSection\":[\"Mercado\"],\"inLanguage\":\"pt-BR\"},{\"@type\":\"WebPage\",\"@id\":\"https:\/\/www.suno.com.br\/noticias\/ibovespa-fechamento-01072019\/\",\"url\":\"https:\/\/www.suno.com.br\/noticias\/ibovespa-fechamento-01072019\/\",\"name\":\"Ibovespa encerra em alta ap\u00f3s tr\u00e9gua da guerra comercial\",\"isPartOf\":{\"@id\":\"https:\/\/www.suno.com.br\/noticias\/#website\"},\"primaryImageOfPage\":{\"@id\":\"https:\/\/www.suno.com.br\/noticias\/ibovespa-fechamento-01072019\/#primaryimage\"},\"image\":{\"@id\":\"https:\/\/www.suno.com.br\/noticias\/ibovespa-fechamento-01072019\/#primaryimage\"},\"thumbnailUrl\":\"https:\/\/files.sunoresearch.com.br\/n\/uploads\/2018\/12\/f00f723f-ibovespa-jpg.webp\",\"datePublished\":\"2019-07-01T20:37:37+00:00\",\"dateModified\":\"2019-07-01T21:24:58+00:00\",\"description\":\"O Ibovespa encerrou em leve alta nesta segunda-feira (1\u00ba) devido \u00e0 tr\u00e9gua da guerra comercial; Neoenergia estreia IPO. Clique para saber mais.\",\"breadcrumb\":{\"@id\":\"https:\/\/www.suno.com.br\/noticias\/ibovespa-fechamento-01072019\/#breadcrumb\"},\"inLanguage\":\"pt-BR\",\"potentialAction\":[{\"@type\":\"ReadAction\",\"target\":[\"https:\/\/www.suno.com.br\/noticias\/ibovespa-fechamento-01072019\/\"]}]},{\"@type\":\"ImageObject\",\"inLanguage\":\"pt-BR\",\"@id\":\"https:\/\/www.suno.com.br\/noticias\/ibovespa-fechamento-01072019\/#primaryimage\",\"url\":\"https:\/\/files.sunoresearch.com.br\/n\/uploads\/2018\/12\/f00f723f-ibovespa-jpg.webp\",\"contentUrl\":\"https:\/\/files.sunoresearch.com.br\/n\/uploads\/2018\/12\/f00f723f-ibovespa-jpg.webp\",\"width\":960,\"height\":678,\"caption\":\"O Ibovespa encerrou em alta, ampliando os ganhos da \u00faltima ter\u00e7a\"},{\"@type\":\"BreadcrumbList\",\"@id\":\"https:\/\/www.suno.com.br\/noticias\/ibovespa-fechamento-01072019\/#breadcrumb\",\"itemListElement\":[{\"@type\":\"ListItem\",\"position\":1,\"name\":\"Not\u00edcias\",\"item\":\"https:\/\/www.suno.com.br\/noticias\/\"},{\"@type\":\"ListItem\",\"position\":2,\"name\":\"Mercado\",\"item\":\"https:\/\/www.suno.com.br\/noticias\/mercado\/\"},{\"@type\":\"ListItem\",\"position\":3,\"name\":\"Ibovespa encerra em alta ap\u00f3s tr\u00e9gua da guerra comercial\"}]},{\"@type\":\"WebSite\",\"@id\":\"https:\/\/www.suno.com.br\/noticias\/#website\",\"url\":\"https:\/\/www.suno.com.br\/noticias\/\",\"name\":\"Suno Not\u00edcias\",\"description\":\"Seu portal de informa\u00e7\u00e3o sobre o mundo dos investimentos\",\"publisher\":{\"@id\":\"https:\/\/www.suno.com.br\/noticias\/#organization\"},\"potentialAction\":[{\"@type\":\"SearchAction\",\"target\":{\"@type\":\"EntryPoint\",\"urlTemplate\":\"https:\/\/www.suno.com.br\/noticias\/?s={search_term_string}\"},\"query-input\":{\"@type\":\"PropertyValueSpecification\",\"valueRequired\":true,\"valueName\":\"search_term_string\"}}],\"inLanguage\":\"pt-BR\"},{\"@type\":\"Organization\",\"@id\":\"https:\/\/www.suno.com.br\/noticias\/#organization\",\"name\":\"Suno Not\u00edcias\",\"url\":\"https:\/\/www.suno.com.br\/noticias\/\",\"logo\":{\"@type\":\"ImageObject\",\"inLanguage\":\"pt-BR\",\"@id\":\"https:\/\/www.suno.com.br\/noticias\/#\/schema\/logo\/image\/\",\"url\":\"https:\/\/files.sunoresearch.com.br\/n\/uploads\/2021\/09\/suno-logo.png\",\"contentUrl\":\"https:\/\/files.sunoresearch.com.br\/n\/uploads\/2021\/09\/suno-logo.png\",\"width\":180,\"height\":180,\"caption\":\"Suno Not\u00edcias\"},\"image\":{\"@id\":\"https:\/\/www.suno.com.br\/noticias\/#\/schema\/logo\/image\/\"},\"sameAs\":[\"https:\/\/facebook.com\/sunoresearch\",\"https:\/\/x.com\/sunoresearch\",\"https:\/\/www.instagram.com\/suno\",\"https:\/\/www.linkedin.com\/company\/suno-research\/\",\"https:\/\/www.youtube.com\/c\/sunoresearch\"]},{\"@type\":\"Person\",\"@id\":\"https:\/\/www.suno.com.br\/noticias\/#\/schema\/person\/a5b06fa4e879d8e8e119c6ed3cd630d1\",\"name\":\"Amanda Gushiken\",\"image\":{\"@type\":\"ImageObject\",\"inLanguage\":\"pt-BR\",\"@id\":\"https:\/\/www.suno.com.br\/noticias\/#\/schema\/person\/image\/\",\"url\":\"https:\/\/secure.gravatar.com\/avatar\/ecd84705e6b65e3685ae80d725501fbe?s=96&r=g\",\"contentUrl\":\"https:\/\/secure.gravatar.com\/avatar\/ecd84705e6b65e3685ae80d725501fbe?s=96&r=g\",\"caption\":\"Amanda Gushiken\"},\"description\":\"Amanda Sayuri Gushiken escreve sobre finan\u00e7as e neg\u00f3cios para o portal Suno Not\u00edcias. Antes, trabalhou selecionando not\u00edcias da imprensa para clientes do mercado financeiro. Tamb\u00e9m desenvolveu pesquisa acad\u00eamica pela Universidade Anhembi Morumbi na \u00e1rea de Teorias da Comunica\u00e7\u00e3o e \u00e9 fot\u00f3grafa nas horas vagas.\",\"url\":\"https:\/\/www.suno.com.br\/noticias\/author\/amanda\/\"}]}<\/script>\n<!-- \/ Yoast SEO plugin. -->","yoast_head_json":{"title":"Ibovespa encerra em alta ap\u00f3s tr\u00e9gua da guerra comercial","description":"O Ibovespa encerrou em leve alta nesta segunda-feira (1\u00ba) devido \u00e0 tr\u00e9gua da guerra comercial; Neoenergia estreia IPO. Clique para saber mais.","robots":{"index":"index","follow":"follow","max-snippet":"max-snippet:-1","max-image-preview":"max-image-preview:large","max-video-preview":"max-video-preview:-1"},"canonical":"https:\/\/www.suno.com.br\/noticias\/ibovespa-fechamento-01072019\/","og_locale":"pt_BR","og_type":"article","og_title":"Ibovespa encerra em alta ap\u00f3s tr\u00e9gua da guerra comercial","og_description":"O Ibovespa encerrou em leve alta nesta segunda-feira (1\u00ba) devido \u00e0 tr\u00e9gua da guerra comercial; Neoenergia estreia IPO. Clique para saber mais.","og_url":"https:\/\/www.suno.com.br\/noticias\/ibovespa-fechamento-01072019\/","og_site_name":"Suno Not\u00edcias","article_publisher":"https:\/\/facebook.com\/sunoresearch","og_image":[{"width":960,"height":678,"url":"https:\/\/files.sunoresearch.com.br\/n\/uploads\/2018\/12\/f00f723f-ibovespa.jpg","type":"image\/jpeg"}],"author":"Amanda Gushiken","twitter_card":"summary_large_image","twitter_creator":"@sunoresearch","twitter_site":"@sunoresearch","twitter_misc":{"Escrito por":"Amanda Gushiken","Est. tempo de leitura":"3 minutos"},"schema":{"@context":"https:\/\/schema.org","@graph":[{"@type":"NewsArticle","@id":"https:\/\/www.suno.com.br\/noticias\/ibovespa-fechamento-01072019\/#article","isPartOf":{"@id":"https:\/\/www.suno.com.br\/noticias\/ibovespa-fechamento-01072019\/"},"author":{"name":"Amanda Gushiken","@id":"https:\/\/www.suno.com.br\/noticias\/#\/schema\/person\/a5b06fa4e879d8e8e119c6ed3cd630d1"},"headline":"Ibovespa encerra em alta ap\u00f3s tr\u00e9gua da guerra comercial","datePublished":"2019-07-01T20:37:37+00:00","dateModified":"2019-07-01T21:24:58+00:00","mainEntityOfPage":{"@id":"https:\/\/www.suno.com.br\/noticias\/ibovespa-fechamento-01072019\/"},"wordCount":564,"publisher":{"@id":"https:\/\/www.suno.com.br\/noticias\/#organization"},"image":{"@id":"https:\/\/www.suno.com.br\/noticias\/ibovespa-fechamento-01072019\/#primaryimage"},"thumbnailUrl":"https:\/\/files.sunoresearch.com.br\/n\/uploads\/2018\/12\/f00f723f-ibovespa-jpg.webp","keywords":["B3 (B3SA3)","BRF (BRFS3)","Donald Trump","G20","guerra comercial","Ibovespa","IPO (Oferta Inicial de A\u00e7\u00f5es)","JBS (JBSS3)","Marfrig (MRFG3)","Neoenergia (NEOE3)","Xi Jinping"],"articleSection":["Mercado"],"inLanguage":"pt-BR"},{"@type":"WebPage","@id":"https:\/\/www.suno.com.br\/noticias\/ibovespa-fechamento-01072019\/","url":"https:\/\/www.suno.com.br\/noticias\/ibovespa-fechamento-01072019\/","name":"Ibovespa encerra em alta ap\u00f3s tr\u00e9gua da guerra comercial","isPartOf":{"@id":"https:\/\/www.suno.com.br\/noticias\/#website"},"primaryImageOfPage":{"@id":"https:\/\/www.suno.com.br\/noticias\/ibovespa-fechamento-01072019\/#primaryimage"},"image":{"@id":"https:\/\/www.suno.com.br\/noticias\/ibovespa-fechamento-01072019\/#primaryimage"},"thumbnailUrl":"https:\/\/files.sunoresearch.com.br\/n\/uploads\/2018\/12\/f00f723f-ibovespa-jpg.webp","datePublished":"2019-07-01T20:37:37+00:00","dateModified":"2019-07-01T21:24:58+00:00","description":"O Ibovespa encerrou em leve alta nesta segunda-feira (1\u00ba) devido \u00e0 tr\u00e9gua da guerra comercial; Neoenergia estreia IPO. Clique para saber mais.","breadcrumb":{"@id":"https:\/\/www.suno.com.br\/noticias\/ibovespa-fechamento-01072019\/#breadcrumb"},"inLanguage":"pt-BR","potentialAction":[{"@type":"ReadAction","target":["https:\/\/www.suno.com.br\/noticias\/ibovespa-fechamento-01072019\/"]}]},{"@type":"ImageObject","inLanguage":"pt-BR","@id":"https:\/\/www.suno.com.br\/noticias\/ibovespa-fechamento-01072019\/#primaryimage","url":"https:\/\/files.sunoresearch.com.br\/n\/uploads\/2018\/12\/f00f723f-ibovespa-jpg.webp","contentUrl":"https:\/\/files.sunoresearch.com.br\/n\/uploads\/2018\/12\/f00f723f-ibovespa-jpg.webp","width":960,"height":678,"caption":"O Ibovespa encerrou em alta, ampliando os ganhos da \u00faltima ter\u00e7a"},{"@type":"BreadcrumbList","@id":"https:\/\/www.suno.com.br\/noticias\/ibovespa-fechamento-01072019\/#breadcrumb","itemListElement":[{"@type":"ListItem","position":1,"name":"Not\u00edcias","item":"https:\/\/www.suno.com.br\/noticias\/"},{"@type":"ListItem","position":2,"name":"Mercado","item":"https:\/\/www.suno.com.br\/noticias\/mercado\/"},{"@type":"ListItem","position":3,"name":"Ibovespa encerra em alta ap\u00f3s tr\u00e9gua da guerra comercial"}]},{"@type":"WebSite","@id":"https:\/\/www.suno.com.br\/noticias\/#website","url":"https:\/\/www.suno.com.br\/noticias\/","name":"Suno Not\u00edcias","description":"Seu portal de informa\u00e7\u00e3o sobre o mundo dos investimentos","publisher":{"@id":"https:\/\/www.suno.com.br\/noticias\/#organization"},"potentialAction":[{"@type":"SearchAction","target":{"@type":"EntryPoint","urlTemplate":"https:\/\/www.suno.com.br\/noticias\/?s={search_term_string}"},"query-input":{"@type":"PropertyValueSpecification","valueRequired":true,"valueName":"search_term_string"}}],"inLanguage":"pt-BR"},{"@type":"Organization","@id":"https:\/\/www.suno.com.br\/noticias\/#organization","name":"Suno Not\u00edcias","url":"https:\/\/www.suno.com.br\/noticias\/","logo":{"@type":"ImageObject","inLanguage":"pt-BR","@id":"https:\/\/www.suno.com.br\/noticias\/#\/schema\/logo\/image\/","url":"https:\/\/files.sunoresearch.com.br\/n\/uploads\/2021\/09\/suno-logo.png","contentUrl":"https:\/\/files.sunoresearch.com.br\/n\/uploads\/2021\/09\/suno-logo.png","width":180,"height":180,"caption":"Suno Not\u00edcias"},"image":{"@id":"https:\/\/www.suno.com.br\/noticias\/#\/schema\/logo\/image\/"},"sameAs":["https:\/\/facebook.com\/sunoresearch","https:\/\/x.com\/sunoresearch","https:\/\/www.instagram.com\/suno","https:\/\/www.linkedin.com\/company\/suno-research\/","https:\/\/www.youtube.com\/c\/sunoresearch"]},{"@type":"Person","@id":"https:\/\/www.suno.com.br\/noticias\/#\/schema\/person\/a5b06fa4e879d8e8e119c6ed3cd630d1","name":"Amanda Gushiken","image":{"@type":"ImageObject","inLanguage":"pt-BR","@id":"https:\/\/www.suno.com.br\/noticias\/#\/schema\/person\/image\/","url":"https:\/\/secure.gravatar.com\/avatar\/ecd84705e6b65e3685ae80d725501fbe?s=96&r=g","contentUrl":"https:\/\/secure.gravatar.com\/avatar\/ecd84705e6b65e3685ae80d725501fbe?s=96&r=g","caption":"Amanda Gushiken"},"description":"Amanda Sayuri Gushiken escreve sobre finan\u00e7as e neg\u00f3cios para o portal Suno Not\u00edcias. Antes, trabalhou selecionando not\u00edcias da imprensa para clientes do mercado financeiro. Tamb\u00e9m desenvolveu pesquisa acad\u00eamica pela Universidade Anhembi Morumbi na \u00e1rea de Teorias da Comunica\u00e7\u00e3o e \u00e9 fot\u00f3grafa nas horas vagas.","url":"https:\/\/www.suno.com.br\/noticias\/author\/amanda\/"}]}},"default_loop_html":"<div class=\"cardsPage__listCard__boxs\"><div class=\"cardsPage__listCard__boxs__img\"><a href=\"https:\/\/www.suno.com.br\/noticias\/ibovespa-fechamento-01072019\/\"><img class=\"mask\" src=\"https:\/\/www.suno.com.br\/noticias\/wp-content\/themes\/suno\/resources\/images\/spotlight\/spotlight1img\/bg-mask.png\" alt=\"Image Mask\"\/><img src=\"https:\/\/files.sunoresearch.com.br\/n\/uploads\/2018\/12\/f00f723f-ibovespa-400x200.webp\" alt=\"Ibovespa encerra em alta ap\u00f3s tr\u00e9gua da guerra comercial\"\/><\/a><span class=\"spotlightCategory\"><a href=\"https:\/\/www.suno.com.br\/noticias\/mercado\/\">Mercado<\/a><\/span><\/div><div class=\"cardsPage__listCard__boxs__content\"><a href=\"https:\/\/www.suno.com.br\/noticias\/ibovespa-fechamento-01072019\/\"><h2 class=\"content__title\">Ibovespa encerra em alta ap\u00f3s tr\u00e9gua da guerra comercial<\/h2><\/a><div class=\"newsContent__article__meta\"><div class=\"newsContent__article__meta__authorBox\"><a href=\"https:\/\/www.suno.com.br\/noticias\/author\/amanda\/\" class=\"authorBox__avatar noMobi\"><img src=\"https:\/\/files.sunoresearch.com.br\/n\/uploads\/2018\/11\/c6ad30be-amanda-150x150.webp\" alt=\"Amanda Gushiken\"><\/a><div class=\"authorBox__name\"><span>por\n\t\t\t<a href=\"https:\/\/www.suno.com.br\/noticias\/author\/amanda\/\"><span itemprop=\"author\">Amanda Gushiken<\/span><\/a><\/span><time datetime=\"2019-07-01T17:37:37-03:00\" itemprop=\"datePublished\">01\/07\/2019 17:37<\/time><\/div><\/div><\/div><\/div><\/div>","single_layout":"posts","amp_enabled":true,"_links":{"self":[{"href":"https:\/\/www.suno.com.br\/noticias\/wp-json\/wp\/v2\/posts\/29694"}],"collection":[{"href":"https:\/\/www.suno.com.br\/noticias\/wp-json\/wp\/v2\/posts"}],"about":[{"href":"https:\/\/www.suno.com.br\/noticias\/wp-json\/wp\/v2\/types\/post"}],"author":[{"embeddable":true,"href":"https:\/\/www.suno.com.br\/noticias\/wp-json\/wp\/v2\/users\/12"}],"replies":[{"embeddable":true,"href":"https:\/\/www.suno.com.br\/noticias\/wp-json\/wp\/v2\/comments?post=29694"}],"version-history":[{"count":0,"href":"https:\/\/www.suno.com.br\/noticias\/wp-json\/wp\/v2\/posts\/29694\/revisions"}],"wp:featuredmedia":[{"embeddable":true,"href":"https:\/\/www.suno.com.br\/noticias\/wp-json\/wp\/v2\/media\/7832"}],"wp:attachment":[{"href":"https:\/\/www.suno.com.br\/noticias\/wp-json\/wp\/v2\/media?parent=29694"}],"wp:term":[{"taxonomy":"category","embeddable":true,"href":"https:\/\/www.suno.com.br\/noticias\/wp-json\/wp\/v2\/categories?post=29694"},{"taxonomy":"post_tag","embeddable":true,"href":"https:\/\/www.suno.com.br\/noticias\/wp-json\/wp\/v2\/tags?post=29694"},{"taxonomy":"suno_strategy","embeddable":true,"href":"https:\/\/www.suno.com.br\/noticias\/wp-json\/wp\/v2\/suno_strategy?post=29694"}],"curies":[{"name":"wp","href":"https:\/\/api.w.org\/{rel}","templated":true}]}}