{"id":296853,"date":"2022-09-13T09:15:15","date_gmt":"2022-09-13T12:15:15","guid":{"rendered":"https:\/\/www.suno.com.br\/noticias\/?p=296853"},"modified":"2022-09-13T12:06:31","modified_gmt":"2022-09-13T15:06:31","slug":"reforma-teto-de-gastos-candidatos-presidenciaveis","status":"publish","type":"post","link":"https:\/\/www.suno.com.br\/noticias\/reforma-teto-de-gastos-candidatos-presidenciaveis\/","title":{"rendered":"Reforma no teto de gastos \u00e9 desejo de todos os presidenci\u00e1veis"},"content":{"rendered":"<p>O <strong><a class=\"suno-keyword\" href=\"https:\/\/www.suno.com.br\/artigos\/teto-de-gastos\/\" target=\"_blank\" rel=\"noopener\" data-force=\"no\" data-priority=\"1\">teto de gastos<\/a> <\/strong>est\u00e1 na mira de todos os quatros candidatos \u00e0 Presid\u00eancia com melhor desempenho nas pesquisas eleitorais de 2022.<\/p>\t<div class=\"wrapper-featured-image\">\n\t\t<figure class=\"spotlightImg\">\n\n\t\t\t<picture>\n\t\t\t\t<source media=\"(max-width: 768px)\" srcset=\"https:\/\/files.sunoresearch.com.br\/n\/uploads\/2022\/09\/candidatos-Presidencia-20221-1-400x200.png\">\n\t\t\t\t<img loading=\"lazy\" decoding=\"async\" class=\"newsContent__article__imgCapa lazyloadDisabled \" src=\"https:\/\/files.sunoresearch.com.br\/n\/uploads\/2022\/09\/candidatos-Presidencia-20221-1-800x450.png\" width=\"800\" height=\"450\" alt=\"Reforma no teto de gastos \u00e9 desejo de todos os presidenci\u00e1veis\" fetchpriority=high \/>\n\t\t\t<\/picture>\n\n\t\t\t<figcaption class=\"wp-caption-text wp-caption-text--show\">Foto: Ricardo Stucker\/Instituto Lula\/Flickr; Reprodu\u00e7\u00e3o\/divulga\u00e7\u00e3o; Reprodu\u00e7\u00e3o\/Twitter; Reprodu\u00e7\u00e3o\/divulga\u00e7\u00e3o<\/figcaption>\n\t\t<\/figure>\n\t<\/div>\n\n\n\t<p>\n\t\t<a href=\"\" target=\"_blank\" data-element=\"shortcode-suno-banner\" title=\"Banner SUNO, clique e saiba mais\">\n\t\t\t<picture>\n\t\t\t\t<source media=\"(max-width: 500px)\" srcset=\"\">\n\t\t\t\t<img class=\"newsContent__article__imgCapa newsContent__article__imgCapa--banner\"\n\t\t\t\t\tsrc=\"\"\n\t\t\t\t\tdata-promo-id=\"240038\"\t\t\t\t\t\t\t\t\t\t\t\t\t\t\talt=\"\"\n\t\t\t\t>\n\t\t\t<\/picture>\n\t\t<\/a>\n\t<\/p>\n\n\n<p>A leitura consensual \u00e9 que o teto de gastos j\u00e1 n\u00e3o existe, na pr\u00e1tica, nos moldes em que foi criado.<\/p>\n<p>\u00c0 Folha de S\u00e3o Paulo, o economista e um dos criadores do teto Marcos Mendes avalia que a norma foi eficiente s\u00f3 no <a class=\"suno-keyword\" href=\"https:\/\/www.suno.com.br\/artigos\/curto-prazo\/\" target=\"_blank\" rel=\"noopener\" data-force=\"no\" data-priority=\"1\">curto prazo<\/a>, pois, quando surgiram demandas de recursos que necessariamente furariam o teto, a regra perdeu a disputa para as rela\u00e7\u00f5es de poder da pol\u00edtica.<\/p>\n<p>&#8220;Fica muito dif\u00edcil controlar gastos se n\u00e3o mudar isso. No regime presidencialista, quem tem poder sobre o Or\u00e7amento \u00e9 o Executivo, e ponto final. N\u00e3o h\u00e1 no mundo um Congresso que possa incluir tantas emendas e mexer com tal n\u00edvel de detalhamento em um Or\u00e7amento como o nosso. N\u00e3o se v\u00ea isso nem em pa\u00edses parlamentaristas&#8221;, diz.<\/p>\n\t<p>\n\t\t<a href=\"https:\/\/lp.suno.com.br\/planilha-controle-gastos\/\" target=\"_blank\" data-element=\"shortcode-suno-banner\" title=\"Banner SUNO, clique e saiba mais\">\n\t\t\t<picture>\n\t\t\t\t<source media=\"(max-width: 500px)\" srcset=\"https:\/\/files.sunoresearch.com.br\/n\/uploads\/2023\/03\/400x300-Planilha-controle-de-gastos.png\">\n\t\t\t\t<img class=\"newsContent__article__imgCapa newsContent__article__imgCapa--banner\"\n\t\t\t\t\tsrc=\"https:\/\/files.sunoresearch.com.br\/n\/uploads\/2023\/03\/1420x240-Planilha-controle-de-gastos.png\"\n\t\t\t\t\tdata-promo-id=\"101751\"\t\t\t\t\t\t\t\t\t\twidth='1420' height='240'\t\t\t\t\talt=\"https:\/\/files.sunoresearch.com.br\/n\/uploads\/2023\/03\/1420x240-Planilha-controle-de-gastos.png\"\n\t\t\t\t>\n\t\t\t<\/picture>\n\t\t<\/a>\n\t<\/p>\n\n\n<h2>O que pensam os candidatos sobre o teto de gastos<\/h2>\n<p>L\u00edder na pesquisas, o candidato e ex-presidente Luiz In\u00e1cio Lula da Silva (PT) j\u00e1 deixou claro que vai<strong> abolir o teto de gastos<\/strong>, considerado por ele e sua equipe como muito restritivo para planos de uma pol\u00edtica social mais robusta.<\/p>\n<p>O programa de governo petista tamb\u00e9m estuda revisar os limites da<strong> Lei de Responsabilidade Fiscal<\/strong>, que estabelece regras para o controle, planejamento e transpar\u00eancia do gasto p\u00fablico, e da<strong> <a class=\"suno-keyword\" href=\"https:\/\/www.suno.com.br\/artigos\/regra-de-ouro\/\" target=\"_blank\" rel=\"noopener\" data-force=\"no\" data-priority=\"1\">Regra de Ouro<\/a><\/strong>, que pro\u00edbe o endividamento para pagar despesas correntes, como sal\u00e1rios e aposentadorias.<\/p>\n<p>Jair Bolsonaro (PL), que concorre \u00e0 reelei\u00e7\u00e3o, n\u00e3o fala abertamente em desistir do teto. Entretanto, o pr\u00f3prio presidente j\u00e1 afirmou em entrevistas que a regra pode sim ser alterada em um eventual segundo mandato.<\/p>\n<p>O ministro da Economia Paulo Guedes tamb\u00e9m j\u00e1 se mostrou reticente \u00e0 regra do jeito como est\u00e1, afirmando que era imperfeita e que era necess\u00e1rio alter\u00e1-la.<\/p>\n<p>Um problema citado por Guedes \u00e9 o da chamada <a class=\"suno-keyword\" href=\"https:\/\/www.suno.com.br\/artigos\/cessao-onerosa\/\" target=\"_blank\" rel=\"noopener\" data-force=\"no\" data-priority=\"1\">cess\u00e3o onerosa<\/a>. A Uni\u00e3o, em certo momento, entendeu que teria de transferir parte dos ganhos a Estados e munic\u00edpios.<\/p>\n<p>A transfer\u00eancia, apesar de pontual, era vetada pelo teto, o que levou \u00e0 primeira altera\u00e7\u00e3o na regra, por meio de uma PEC.<\/p>\n\t<p>\n\t\t<a href=\"https:\/\/lp.suno.com.br\/planilha-da-vida-financeira\/\" target=\"_blank\" data-element=\"shortcode-suno-banner\" title=\"Banner SUNO, clique e saiba mais\">\n\t\t\t<picture>\n\t\t\t\t<source media=\"(max-width: 500px)\" srcset=\"https:\/\/files.sunoresearch.com.br\/n\/uploads\/2023\/04\/400x300-Planilha-vida-financeira-true.png\">\n\t\t\t\t<img class=\"newsContent__article__imgCapa newsContent__article__imgCapa--banner\"\n\t\t\t\t\tsrc=\"https:\/\/files.sunoresearch.com.br\/n\/uploads\/2023\/04\/1420x240-Planilha-vida-financeira-true.png\"\n\t\t\t\t\tdata-promo-id=\"106682\"\t\t\t\t\t\t\t\t\t\twidth='1420' height='240'\t\t\t\t\talt=\"https:\/\/files.sunoresearch.com.br\/n\/uploads\/2023\/04\/1420x240-Planilha-vida-financeira-true.png\"\n\t\t\t\t>\n\t\t\t<\/picture>\n\t\t<\/a>\n\t<\/p>\n\n\n<p>O ex-ministro Ciro Gomes tamb\u00e9m fala abertamente em<strong> revogar o teto de gastos<\/strong> atual.<\/p>\n<p>Na \u00faltima sexta-feira (9), ele afirmou que a revis\u00e3o da norma beneficiaria a educa\u00e7\u00e3o.<\/p>\n<p>Nelson Marconi, economista que est\u00e1 na coordena\u00e7\u00e3o do programa de governo de Ciro, disse \u00e0 Folha que est\u00e1 em estudo uma regra de limite para o gasto associada ao PIB. &#8220;Da forma como ele est\u00e1, o teto virou uma obra de fic\u00e7\u00e3o&#8221;, diz.<\/p>\n<p>&#8220;Estamos avaliando uma regra que inclua um adicional al\u00e9m da infla\u00e7\u00e3o, atrelado ao PIB, mas com car\u00e1ter contrac\u00edclico&#8221; &#8211; que permita eleva\u00e7\u00e3o de gasto em momentos de retra\u00e7\u00e3o econ\u00f4mica, especialmente para que o Estado possa ter uma pol\u00edtica social mais presente em per\u00edodos mais cr\u00edticos.<\/p>\n<p>J\u00e1 Simone Tebet (MDB) acredita que realizar altera\u00e7\u00f5es na regra \u00e9 o caminho para justamente <strong>resgatar o teto de gastos.\u00a0<\/strong><\/p>\n<p>A equipe econ\u00f4mica da presidenci\u00e1vel seria, inclusive, parte de uma discuss\u00e3o maior sobre uma reorganiza\u00e7\u00e3o geral da estrutura or\u00e7ament\u00e1ria brasileira.<\/p>\n<p>&#8220;A gente precisa deixar bem expl\u00edcito que qualquer flexibiliza\u00e7\u00e3o de despesa precisa estar vinculado a ganhos com reformas, e n\u00e3o \u00e9 aquela reforma para o cara dizer que fez porque \u00e9 liberal, \u00e9 fiscalista, mas aquela reforma que gera recursos para economia verde, para novas tecnologias, para a recupera\u00e7\u00e3o do aprendizado e valoriza\u00e7\u00e3o do professor&#8221;, disse \u00e0 Folha a economista Elena Landau, coordenadora do programa econ\u00f4mico de Tebet.<\/p>\n<p>&#8220;A import\u00e2ncia do<strong> teto de gastos<\/strong> no controle da despesa \u00e9 ineg\u00e1vel. A gente viu como ele foi importante para derrubar a <a class=\"suno-keyword\" href=\"https:\/\/www.suno.com.br\/artigos\/juros\/\" target=\"_blank\" rel=\"noopener\" data-force=\"no\" data-priority=\"2\">taxa de juros<\/a> de dois para um d\u00edgito e para reduzir a infla\u00e7\u00e3o&#8221;<\/p>\n\t<p>\n\t\t<a href=\"https:\/\/lp.suno.com.br\/ebook-como-analisar-uma-acao\/\" target=\"_blank\" data-element=\"shortcode-suno-banner\" title=\"Banner SUNO, clique e saiba mais\">\n\t\t\t<picture>\n\t\t\t\t<source media=\"(max-width: 500px)\" srcset=\"https:\/\/files.sunoresearch.com.br\/n\/uploads\/2023\/03\/Ebook-Acoes-Mobile-1.jpg\">\n\t\t\t\t<img class=\"newsContent__article__imgCapa newsContent__article__imgCapa--banner\"\n\t\t\t\t\tsrc=\"https:\/\/files.sunoresearch.com.br\/n\/uploads\/2023\/03\/Ebook-Acoes-Desktop-1.jpg\"\n\t\t\t\t\tdata-promo-id=\"171998\"\t\t\t\t\t\t\t\t\t\twidth='1420' height='286'\t\t\t\t\talt=\"https:\/\/files.sunoresearch.com.br\/n\/uploads\/2023\/03\/Ebook-Acoes-Desktop-1.jpg\"\n\t\t\t\t>\n\t\t\t<\/picture>\n\t\t<\/a>\n\t<\/p>\n\n\n","protected":false},"excerpt":{"rendered":"<p>O teto de gastos est\u00e1 na mira de todos os quatros candidatos \u00e0 Presid\u00eancia com melhor desempenho nas pesquisas eleitorais de 2022. Foto: Ricardo Stucker\/Instituto Lula\/Flickr; Reprodu\u00e7\u00e3o\/divulga\u00e7\u00e3o; Reprodu\u00e7\u00e3o\/Twitter; Reprodu\u00e7\u00e3o\/divulga\u00e7\u00e3o A leitura consensual \u00e9 que o teto de gastos j\u00e1 n\u00e3o existe, na pr\u00e1tica, nos moldes em que foi criado. \u00c0 Folha de S\u00e3o Paulo, o [&hellip;]<\/p>\n","protected":false},"author":192,"featured_media":296973,"comment_status":"closed","ping_status":"closed","sticky":false,"template":"","format":"standard","meta":[],"categories":[61],"tags":[690,740,697,719,709,97358,83329],"suno_strategy":[],"class_list":["post-296853","post","type-post","status-publish","format-standard","has-post-thumbnail","hentry","category-politica","tag-ciro-gomes","tag-economia","tag-eleicoes","tag-jair-bolsonaro","tag-lula","tag-politica-fiscal","tag-teto-de-gastos"],"yoast_head":"<!-- This site is optimized with the Yoast SEO plugin v24.4 - https:\/\/yoast.com\/wordpress\/plugins\/seo\/ -->\n<title>Reforma no teto de gastos \u00e9 desejo de todos os presidenci\u00e1veis<\/title>\n<meta name=\"description\" content=\"Cada um de sua forma, todos os principais candidatos \u00e0 Presid\u00eancia querem mudar o teto de gastos para 2023. Veja cada proposta!\" \/>\n<meta name=\"robots\" content=\"index, follow, max-snippet:-1, max-image-preview:large, max-video-preview:-1\" \/>\n<link rel=\"canonical\" href=\"https:\/\/www.suno.com.br\/noticias\/reforma-teto-de-gastos-candidatos-presidenciaveis\/\" \/>\n<meta property=\"og:locale\" content=\"pt_BR\" \/>\n<meta property=\"og:type\" content=\"article\" \/>\n<meta property=\"og:title\" content=\"Reforma no teto de gastos \u00e9 desejo de todos os presidenci\u00e1veis\" \/>\n<meta property=\"og:description\" content=\"Cada um de sua forma, todos os principais candidatos \u00e0 Presid\u00eancia querem mudar o teto de gastos para 2023. Veja cada proposta!\" \/>\n<meta property=\"og:url\" content=\"https:\/\/www.suno.com.br\/noticias\/reforma-teto-de-gastos-candidatos-presidenciaveis\/\" \/>\n<meta property=\"og:site_name\" content=\"Suno Not\u00edcias\" \/>\n<meta property=\"article:publisher\" content=\"https:\/\/facebook.com\/sunoresearch\" \/>\n<meta property=\"og:image\" content=\"https:\/\/files.sunoresearch.com.br\/n\/uploads\/2022\/09\/candidatos-Presidencia-20221-1.png\" \/>\n\t<meta property=\"og:image:width\" content=\"1280\" \/>\n\t<meta property=\"og:image:height\" content=\"1024\" \/>\n\t<meta property=\"og:image:type\" content=\"image\/png\" \/>\n<meta name=\"author\" content=\"Laura Intrieri\" \/>\n<meta name=\"twitter:card\" content=\"summary_large_image\" \/>\n<meta name=\"twitter:creator\" content=\"@sunoresearch\" \/>\n<meta name=\"twitter:site\" content=\"@sunoresearch\" \/>\n<meta name=\"twitter:label1\" content=\"Escrito por\" \/>\n\t<meta name=\"twitter:data1\" content=\"Laura Intrieri\" \/>\n\t<meta name=\"twitter:label2\" content=\"Est. tempo de leitura\" \/>\n\t<meta name=\"twitter:data2\" content=\"4 minutos\" \/>\n<script type=\"application\/ld+json\" class=\"yoast-schema-graph\">{\"@context\":\"https:\/\/schema.org\",\"@graph\":[{\"@type\":\"NewsArticle\",\"@id\":\"https:\/\/www.suno.com.br\/noticias\/reforma-teto-de-gastos-candidatos-presidenciaveis\/#article\",\"isPartOf\":{\"@id\":\"https:\/\/www.suno.com.br\/noticias\/reforma-teto-de-gastos-candidatos-presidenciaveis\/\"},\"author\":{\"name\":\"Laura Intrieri\",\"@id\":\"https:\/\/www.suno.com.br\/noticias\/#\/schema\/person\/653a8428016d45b19031651c57b94f82\"},\"headline\":\"Reforma no teto de gastos \u00e9 desejo de todos os presidenci\u00e1veis\",\"datePublished\":\"2022-09-13T12:15:15+00:00\",\"dateModified\":\"2022-09-13T15:06:31+00:00\",\"mainEntityOfPage\":{\"@id\":\"https:\/\/www.suno.com.br\/noticias\/reforma-teto-de-gastos-candidatos-presidenciaveis\/\"},\"wordCount\":681,\"publisher\":{\"@id\":\"https:\/\/www.suno.com.br\/noticias\/#organization\"},\"image\":{\"@id\":\"https:\/\/www.suno.com.br\/noticias\/reforma-teto-de-gastos-candidatos-presidenciaveis\/#primaryimage\"},\"thumbnailUrl\":\"https:\/\/files.sunoresearch.com.br\/n\/uploads\/2022\/09\/candidatos-Presidencia-20221-1.png\",\"keywords\":[\"Ciro Gomes\",\"Economia\",\"Elei\u00e7\u00f5es\",\"Jair Bolsonaro\",\"Lula\",\"pol\u00edtica fiscal\",\"teto de gastos\"],\"articleSection\":[\"Pol\u00edtica\"],\"inLanguage\":\"pt-BR\"},{\"@type\":\"WebPage\",\"@id\":\"https:\/\/www.suno.com.br\/noticias\/reforma-teto-de-gastos-candidatos-presidenciaveis\/\",\"url\":\"https:\/\/www.suno.com.br\/noticias\/reforma-teto-de-gastos-candidatos-presidenciaveis\/\",\"name\":\"Reforma no teto de gastos \u00e9 desejo de todos os presidenci\u00e1veis\",\"isPartOf\":{\"@id\":\"https:\/\/www.suno.com.br\/noticias\/#website\"},\"primaryImageOfPage\":{\"@id\":\"https:\/\/www.suno.com.br\/noticias\/reforma-teto-de-gastos-candidatos-presidenciaveis\/#primaryimage\"},\"image\":{\"@id\":\"https:\/\/www.suno.com.br\/noticias\/reforma-teto-de-gastos-candidatos-presidenciaveis\/#primaryimage\"},\"thumbnailUrl\":\"https:\/\/files.sunoresearch.com.br\/n\/uploads\/2022\/09\/candidatos-Presidencia-20221-1.png\",\"datePublished\":\"2022-09-13T12:15:15+00:00\",\"dateModified\":\"2022-09-13T15:06:31+00:00\",\"description\":\"Cada um de sua forma, todos os principais candidatos \u00e0 Presid\u00eancia querem mudar o teto de gastos para 2023. Veja cada proposta!\",\"breadcrumb\":{\"@id\":\"https:\/\/www.suno.com.br\/noticias\/reforma-teto-de-gastos-candidatos-presidenciaveis\/#breadcrumb\"},\"inLanguage\":\"pt-BR\",\"potentialAction\":[{\"@type\":\"ReadAction\",\"target\":[\"https:\/\/www.suno.com.br\/noticias\/reforma-teto-de-gastos-candidatos-presidenciaveis\/\"]}]},{\"@type\":\"ImageObject\",\"inLanguage\":\"pt-BR\",\"@id\":\"https:\/\/www.suno.com.br\/noticias\/reforma-teto-de-gastos-candidatos-presidenciaveis\/#primaryimage\",\"url\":\"https:\/\/files.sunoresearch.com.br\/n\/uploads\/2022\/09\/candidatos-Presidencia-20221-1.png\",\"contentUrl\":\"https:\/\/files.sunoresearch.com.br\/n\/uploads\/2022\/09\/candidatos-Presidencia-20221-1.png\",\"width\":1280,\"height\":1024,\"caption\":\"Foto: Ricardo Stucker\/Instituto Lula\/Flickr; Reprodu\u00e7\u00e3o\/divulga\u00e7\u00e3o; Reprodu\u00e7\u00e3o\/Twitter; Reprodu\u00e7\u00e3o\/divulga\u00e7\u00e3o\"},{\"@type\":\"BreadcrumbList\",\"@id\":\"https:\/\/www.suno.com.br\/noticias\/reforma-teto-de-gastos-candidatos-presidenciaveis\/#breadcrumb\",\"itemListElement\":[{\"@type\":\"ListItem\",\"position\":1,\"name\":\"Not\u00edcias\",\"item\":\"https:\/\/www.suno.com.br\/noticias\/\"},{\"@type\":\"ListItem\",\"position\":2,\"name\":\"Pol\u00edtica\",\"item\":\"https:\/\/www.suno.com.br\/noticias\/politica\/\"},{\"@type\":\"ListItem\",\"position\":3,\"name\":\"Reforma no teto de gastos \u00e9 desejo de todos os presidenci\u00e1veis\"}]},{\"@type\":\"WebSite\",\"@id\":\"https:\/\/www.suno.com.br\/noticias\/#website\",\"url\":\"https:\/\/www.suno.com.br\/noticias\/\",\"name\":\"Suno Not\u00edcias\",\"description\":\"Seu portal de informa\u00e7\u00e3o sobre o mundo dos investimentos\",\"publisher\":{\"@id\":\"https:\/\/www.suno.com.br\/noticias\/#organization\"},\"potentialAction\":[{\"@type\":\"SearchAction\",\"target\":{\"@type\":\"EntryPoint\",\"urlTemplate\":\"https:\/\/www.suno.com.br\/noticias\/?s={search_term_string}\"},\"query-input\":{\"@type\":\"PropertyValueSpecification\",\"valueRequired\":true,\"valueName\":\"search_term_string\"}}],\"inLanguage\":\"pt-BR\"},{\"@type\":\"Organization\",\"@id\":\"https:\/\/www.suno.com.br\/noticias\/#organization\",\"name\":\"Suno Not\u00edcias\",\"url\":\"https:\/\/www.suno.com.br\/noticias\/\",\"logo\":{\"@type\":\"ImageObject\",\"inLanguage\":\"pt-BR\",\"@id\":\"https:\/\/www.suno.com.br\/noticias\/#\/schema\/logo\/image\/\",\"url\":\"https:\/\/files.sunoresearch.com.br\/n\/uploads\/2021\/09\/suno-logo.png\",\"contentUrl\":\"https:\/\/files.sunoresearch.com.br\/n\/uploads\/2021\/09\/suno-logo.png\",\"width\":180,\"height\":180,\"caption\":\"Suno Not\u00edcias\"},\"image\":{\"@id\":\"https:\/\/www.suno.com.br\/noticias\/#\/schema\/logo\/image\/\"},\"sameAs\":[\"https:\/\/facebook.com\/sunoresearch\",\"https:\/\/x.com\/sunoresearch\",\"https:\/\/www.instagram.com\/suno\",\"https:\/\/www.linkedin.com\/company\/suno-research\/\",\"https:\/\/www.youtube.com\/c\/sunoresearch\"]},{\"@type\":\"Person\",\"@id\":\"https:\/\/www.suno.com.br\/noticias\/#\/schema\/person\/653a8428016d45b19031651c57b94f82\",\"name\":\"Laura Intrieri\",\"image\":{\"@type\":\"ImageObject\",\"inLanguage\":\"pt-BR\",\"@id\":\"https:\/\/www.suno.com.br\/noticias\/#\/schema\/person\/image\/\",\"url\":\"https:\/\/secure.gravatar.com\/avatar\/27e3058d15d09a0a778c3d387c062d71?s=96&r=g\",\"contentUrl\":\"https:\/\/secure.gravatar.com\/avatar\/27e3058d15d09a0a778c3d387c062d71?s=96&r=g\",\"caption\":\"Laura Intrieri\"},\"description\":\"Rep\u00f3rter no Suno Not\u00edcias, cobre mercados, pol\u00edtica e economia. Escreve sobre Bolsa de Valores. Formada em Administra\u00e7\u00e3o P\u00fablica pela Funda\u00e7\u00e3o Get\u00falio Vargas, j\u00e1 passou pelo portal Money Times, escrevendo sobre pol\u00edtica e economia para a editoria \\\"Brasil\\\". Tamb\u00e9m j\u00e1 contribuiu para Ag\u00eancia Estado, cobrindo balan\u00e7os trimestrais e relat\u00f3rios de casas de an\u00e1lise. J\u00e1 produziu podcasts educativos e corporativos para a FGV EAESP. Durante a gradua\u00e7\u00e3o, desempenhou atividades acad\u00eamicas com enfoque em Finan\u00e7as P\u00fablicas.\",\"url\":\"https:\/\/www.suno.com.br\/noticias\/author\/laura-intrieri\/\"}]}<\/script>\n<!-- \/ Yoast SEO plugin. -->","yoast_head_json":{"title":"Reforma no teto de gastos \u00e9 desejo de todos os presidenci\u00e1veis","description":"Cada um de sua forma, todos os principais candidatos \u00e0 Presid\u00eancia querem mudar o teto de gastos para 2023. Veja cada proposta!","robots":{"index":"index","follow":"follow","max-snippet":"max-snippet:-1","max-image-preview":"max-image-preview:large","max-video-preview":"max-video-preview:-1"},"canonical":"https:\/\/www.suno.com.br\/noticias\/reforma-teto-de-gastos-candidatos-presidenciaveis\/","og_locale":"pt_BR","og_type":"article","og_title":"Reforma no teto de gastos \u00e9 desejo de todos os presidenci\u00e1veis","og_description":"Cada um de sua forma, todos os principais candidatos \u00e0 Presid\u00eancia querem mudar o teto de gastos para 2023. Veja cada proposta!","og_url":"https:\/\/www.suno.com.br\/noticias\/reforma-teto-de-gastos-candidatos-presidenciaveis\/","og_site_name":"Suno Not\u00edcias","article_publisher":"https:\/\/facebook.com\/sunoresearch","og_image":[{"width":1280,"height":1024,"url":"https:\/\/files.sunoresearch.com.br\/n\/uploads\/2022\/09\/candidatos-Presidencia-20221-1.png","type":"image\/png"}],"author":"Laura Intrieri","twitter_card":"summary_large_image","twitter_creator":"@sunoresearch","twitter_site":"@sunoresearch","twitter_misc":{"Escrito por":"Laura Intrieri","Est. tempo de leitura":"4 minutos"},"schema":{"@context":"https:\/\/schema.org","@graph":[{"@type":"NewsArticle","@id":"https:\/\/www.suno.com.br\/noticias\/reforma-teto-de-gastos-candidatos-presidenciaveis\/#article","isPartOf":{"@id":"https:\/\/www.suno.com.br\/noticias\/reforma-teto-de-gastos-candidatos-presidenciaveis\/"},"author":{"name":"Laura Intrieri","@id":"https:\/\/www.suno.com.br\/noticias\/#\/schema\/person\/653a8428016d45b19031651c57b94f82"},"headline":"Reforma no teto de gastos \u00e9 desejo de todos os presidenci\u00e1veis","datePublished":"2022-09-13T12:15:15+00:00","dateModified":"2022-09-13T15:06:31+00:00","mainEntityOfPage":{"@id":"https:\/\/www.suno.com.br\/noticias\/reforma-teto-de-gastos-candidatos-presidenciaveis\/"},"wordCount":681,"publisher":{"@id":"https:\/\/www.suno.com.br\/noticias\/#organization"},"image":{"@id":"https:\/\/www.suno.com.br\/noticias\/reforma-teto-de-gastos-candidatos-presidenciaveis\/#primaryimage"},"thumbnailUrl":"https:\/\/files.sunoresearch.com.br\/n\/uploads\/2022\/09\/candidatos-Presidencia-20221-1.png","keywords":["Ciro Gomes","Economia","Elei\u00e7\u00f5es","Jair Bolsonaro","Lula","pol\u00edtica fiscal","teto de gastos"],"articleSection":["Pol\u00edtica"],"inLanguage":"pt-BR"},{"@type":"WebPage","@id":"https:\/\/www.suno.com.br\/noticias\/reforma-teto-de-gastos-candidatos-presidenciaveis\/","url":"https:\/\/www.suno.com.br\/noticias\/reforma-teto-de-gastos-candidatos-presidenciaveis\/","name":"Reforma no teto de gastos \u00e9 desejo de todos os presidenci\u00e1veis","isPartOf":{"@id":"https:\/\/www.suno.com.br\/noticias\/#website"},"primaryImageOfPage":{"@id":"https:\/\/www.suno.com.br\/noticias\/reforma-teto-de-gastos-candidatos-presidenciaveis\/#primaryimage"},"image":{"@id":"https:\/\/www.suno.com.br\/noticias\/reforma-teto-de-gastos-candidatos-presidenciaveis\/#primaryimage"},"thumbnailUrl":"https:\/\/files.sunoresearch.com.br\/n\/uploads\/2022\/09\/candidatos-Presidencia-20221-1.png","datePublished":"2022-09-13T12:15:15+00:00","dateModified":"2022-09-13T15:06:31+00:00","description":"Cada um de sua forma, todos os principais candidatos \u00e0 Presid\u00eancia querem mudar o teto de gastos para 2023. Veja cada proposta!","breadcrumb":{"@id":"https:\/\/www.suno.com.br\/noticias\/reforma-teto-de-gastos-candidatos-presidenciaveis\/#breadcrumb"},"inLanguage":"pt-BR","potentialAction":[{"@type":"ReadAction","target":["https:\/\/www.suno.com.br\/noticias\/reforma-teto-de-gastos-candidatos-presidenciaveis\/"]}]},{"@type":"ImageObject","inLanguage":"pt-BR","@id":"https:\/\/www.suno.com.br\/noticias\/reforma-teto-de-gastos-candidatos-presidenciaveis\/#primaryimage","url":"https:\/\/files.sunoresearch.com.br\/n\/uploads\/2022\/09\/candidatos-Presidencia-20221-1.png","contentUrl":"https:\/\/files.sunoresearch.com.br\/n\/uploads\/2022\/09\/candidatos-Presidencia-20221-1.png","width":1280,"height":1024,"caption":"Foto: Ricardo Stucker\/Instituto Lula\/Flickr; Reprodu\u00e7\u00e3o\/divulga\u00e7\u00e3o; Reprodu\u00e7\u00e3o\/Twitter; Reprodu\u00e7\u00e3o\/divulga\u00e7\u00e3o"},{"@type":"BreadcrumbList","@id":"https:\/\/www.suno.com.br\/noticias\/reforma-teto-de-gastos-candidatos-presidenciaveis\/#breadcrumb","itemListElement":[{"@type":"ListItem","position":1,"name":"Not\u00edcias","item":"https:\/\/www.suno.com.br\/noticias\/"},{"@type":"ListItem","position":2,"name":"Pol\u00edtica","item":"https:\/\/www.suno.com.br\/noticias\/politica\/"},{"@type":"ListItem","position":3,"name":"Reforma no teto de gastos \u00e9 desejo de todos os presidenci\u00e1veis"}]},{"@type":"WebSite","@id":"https:\/\/www.suno.com.br\/noticias\/#website","url":"https:\/\/www.suno.com.br\/noticias\/","name":"Suno Not\u00edcias","description":"Seu portal de informa\u00e7\u00e3o sobre o mundo dos investimentos","publisher":{"@id":"https:\/\/www.suno.com.br\/noticias\/#organization"},"potentialAction":[{"@type":"SearchAction","target":{"@type":"EntryPoint","urlTemplate":"https:\/\/www.suno.com.br\/noticias\/?s={search_term_string}"},"query-input":{"@type":"PropertyValueSpecification","valueRequired":true,"valueName":"search_term_string"}}],"inLanguage":"pt-BR"},{"@type":"Organization","@id":"https:\/\/www.suno.com.br\/noticias\/#organization","name":"Suno Not\u00edcias","url":"https:\/\/www.suno.com.br\/noticias\/","logo":{"@type":"ImageObject","inLanguage":"pt-BR","@id":"https:\/\/www.suno.com.br\/noticias\/#\/schema\/logo\/image\/","url":"https:\/\/files.sunoresearch.com.br\/n\/uploads\/2021\/09\/suno-logo.png","contentUrl":"https:\/\/files.sunoresearch.com.br\/n\/uploads\/2021\/09\/suno-logo.png","width":180,"height":180,"caption":"Suno Not\u00edcias"},"image":{"@id":"https:\/\/www.suno.com.br\/noticias\/#\/schema\/logo\/image\/"},"sameAs":["https:\/\/facebook.com\/sunoresearch","https:\/\/x.com\/sunoresearch","https:\/\/www.instagram.com\/suno","https:\/\/www.linkedin.com\/company\/suno-research\/","https:\/\/www.youtube.com\/c\/sunoresearch"]},{"@type":"Person","@id":"https:\/\/www.suno.com.br\/noticias\/#\/schema\/person\/653a8428016d45b19031651c57b94f82","name":"Laura Intrieri","image":{"@type":"ImageObject","inLanguage":"pt-BR","@id":"https:\/\/www.suno.com.br\/noticias\/#\/schema\/person\/image\/","url":"https:\/\/secure.gravatar.com\/avatar\/27e3058d15d09a0a778c3d387c062d71?s=96&r=g","contentUrl":"https:\/\/secure.gravatar.com\/avatar\/27e3058d15d09a0a778c3d387c062d71?s=96&r=g","caption":"Laura Intrieri"},"description":"Rep\u00f3rter no Suno Not\u00edcias, cobre mercados, pol\u00edtica e economia. Escreve sobre Bolsa de Valores. Formada em Administra\u00e7\u00e3o P\u00fablica pela Funda\u00e7\u00e3o Get\u00falio Vargas, j\u00e1 passou pelo portal Money Times, escrevendo sobre pol\u00edtica e economia para a editoria \"Brasil\". Tamb\u00e9m j\u00e1 contribuiu para Ag\u00eancia Estado, cobrindo balan\u00e7os trimestrais e relat\u00f3rios de casas de an\u00e1lise. J\u00e1 produziu podcasts educativos e corporativos para a FGV EAESP. Durante a gradua\u00e7\u00e3o, desempenhou atividades acad\u00eamicas com enfoque em Finan\u00e7as P\u00fablicas.","url":"https:\/\/www.suno.com.br\/noticias\/author\/laura-intrieri\/"}]}},"default_loop_html":"<div class=\"cardsPage__listCard__boxs\"><div class=\"cardsPage__listCard__boxs__img\"><a href=\"https:\/\/www.suno.com.br\/noticias\/reforma-teto-de-gastos-candidatos-presidenciaveis\/\"><img class=\"mask\" src=\"https:\/\/www.suno.com.br\/noticias\/wp-content\/themes\/suno\/resources\/images\/spotlight\/spotlight1img\/bg-mask.png\" alt=\"Image Mask\"\/><img src=\"https:\/\/files.sunoresearch.com.br\/n\/uploads\/2022\/09\/candidatos-Presidencia-20221-1-400x200.png\" alt=\"Reforma no teto de gastos \u00e9 desejo de todos os presidenci\u00e1veis\"\/><\/a><span class=\"spotlightCategory\"><a href=\"https:\/\/www.suno.com.br\/noticias\/politica\/\">Pol\u00edtica<\/a><\/span><\/div><div class=\"cardsPage__listCard__boxs__content\"><a href=\"https:\/\/www.suno.com.br\/noticias\/reforma-teto-de-gastos-candidatos-presidenciaveis\/\"><h2 class=\"content__title\">Reforma no teto de gastos \u00e9 desejo de todos os presidenci\u00e1veis<\/h2><\/a><div class=\"newsContent__article__meta\"><div class=\"newsContent__article__meta__authorBox\"><a href=\"https:\/\/www.suno.com.br\/noticias\/author\/laura-intrieri\/\" class=\"authorBox__avatar noMobi\"><img src=\"https:\/\/files.sunoresearch.com.br\/n\/uploads\/2022\/10\/WhatsApp-Image-2022-10-05-at-17.31.14-150x150.jpeg\" alt=\"Laura Intrieri\"><\/a><div class=\"authorBox__name\"><span>por\n\t\t\t<a href=\"https:\/\/www.suno.com.br\/noticias\/author\/laura-intrieri\/\"><span itemprop=\"author\">Laura Intrieri<\/span><\/a><\/span><time datetime=\"2022-09-13T09:15:15-03:00\" itemprop=\"datePublished\">13\/09\/2022 09:15<\/time><\/div><\/div><\/div><\/div><\/div>","single_layout":"posts","amp_enabled":true,"_links":{"self":[{"href":"https:\/\/www.suno.com.br\/noticias\/wp-json\/wp\/v2\/posts\/296853"}],"collection":[{"href":"https:\/\/www.suno.com.br\/noticias\/wp-json\/wp\/v2\/posts"}],"about":[{"href":"https:\/\/www.suno.com.br\/noticias\/wp-json\/wp\/v2\/types\/post"}],"author":[{"embeddable":true,"href":"https:\/\/www.suno.com.br\/noticias\/wp-json\/wp\/v2\/users\/192"}],"replies":[{"embeddable":true,"href":"https:\/\/www.suno.com.br\/noticias\/wp-json\/wp\/v2\/comments?post=296853"}],"version-history":[{"count":3,"href":"https:\/\/www.suno.com.br\/noticias\/wp-json\/wp\/v2\/posts\/296853\/revisions"}],"predecessor-version":[{"id":296865,"href":"https:\/\/www.suno.com.br\/noticias\/wp-json\/wp\/v2\/posts\/296853\/revisions\/296865"}],"wp:featuredmedia":[{"embeddable":true,"href":"https:\/\/www.suno.com.br\/noticias\/wp-json\/wp\/v2\/media\/296973"}],"wp:attachment":[{"href":"https:\/\/www.suno.com.br\/noticias\/wp-json\/wp\/v2\/media?parent=296853"}],"wp:term":[{"taxonomy":"category","embeddable":true,"href":"https:\/\/www.suno.com.br\/noticias\/wp-json\/wp\/v2\/categories?post=296853"},{"taxonomy":"post_tag","embeddable":true,"href":"https:\/\/www.suno.com.br\/noticias\/wp-json\/wp\/v2\/tags?post=296853"},{"taxonomy":"suno_strategy","embeddable":true,"href":"https:\/\/www.suno.com.br\/noticias\/wp-json\/wp\/v2\/suno_strategy?post=296853"}],"curies":[{"name":"wp","href":"https:\/\/api.w.org\/{rel}","templated":true}]}}