{"id":296756,"date":"2022-09-12T23:48:17","date_gmt":"2022-09-13T02:48:17","guid":{"rendered":"https:\/\/www.suno.com.br\/noticias\/?p=296756"},"modified":"2022-09-12T23:48:17","modified_gmt":"2022-09-13T02:48:17","slug":"radar-tim-tims3-petrobras-petra4-hglg11","status":"publish","type":"post","link":"https:\/\/www.suno.com.br\/noticias\/radar-tim-tims3-petrobras-petra4-hglg11\/","title":{"rendered":"Radar: TIM (TIMS3) pagar\u00e1 JCP milion\u00e1rio, Petrobras (PETRA4) deixa carteira da Warren e HGLG11 assegura bom rendimento no m\u00eas"},"content":{"rendered":"<p>A <a class=\"suno-keyword\" href=\"https:\/\/www.suno.com.br\/acoes\/TIMS3\/\" target=\"_blank\" rel=\"noopener\" data-force=\"yes\" data-priority=\"2\"><strong>TIM<\/strong> (TIMS3)<\/a> anunciou nesta segunda-feira (12) que vai pagar R$ 480 milh\u00f5es em <a class=\"suno-keyword\" href=\"https:\/\/www.suno.com.br\/artigos\/entenda-o-jcp\/\" target=\"_blank\" rel=\"noopener\" data-force=\"no\" data-priority=\"1\">Juros Sobre Capital Pr\u00f3prio<\/a> (JCP) aos seus acionistas.<\/p>\t<div class=\"wrapper-featured-image\">\n\t\t<figure class=\"spotlightImg\">\n\n\t\t\t<picture>\n\t\t\t\t<source media=\"(max-width: 768px)\" srcset=\"https:\/\/files.sunoresearch.com.br\/n\/uploads\/2022\/03\/tim-itajai-shopping-400x200.jpg\">\n\t\t\t\t<img loading=\"lazy\" decoding=\"async\" class=\"newsContent__article__imgCapa lazyloadDisabled \" src=\"https:\/\/files.sunoresearch.com.br\/n\/uploads\/2022\/03\/tim-itajai-shopping-800x450.jpg\" width=\"800\" height=\"450\" alt=\"Radar: TIM (TIMS3) pagar\u00e1 JCP milion\u00e1rio, Petrobras (PETRA4) deixa carteira da Warren e HGLG11 assegura bom rendimento no m\u00eas\" fetchpriority=high \/>\n\t\t\t<\/picture>\n\n\t\t\t<figcaption class=\"wp-caption-text wp-caption-text--show\">Loja da TIM. Foto: Reprodu\u00e7\u00e3o Itaja\u00ed Shopping. <\/figcaption>\n\t\t<\/figure>\n\t<\/div>\n\n\n\t<p>\n\t\t<a href=\"\" target=\"_blank\" data-element=\"shortcode-suno-banner\" title=\"Banner SUNO, clique e saiba mais\">\n\t\t\t<picture>\n\t\t\t\t<source media=\"(max-width: 500px)\" srcset=\"\">\n\t\t\t\t<img class=\"newsContent__article__imgCapa newsContent__article__imgCapa--banner\"\n\t\t\t\t\tsrc=\"\"\n\t\t\t\t\tdata-promo-id=\"138420\"\t\t\t\t\t\t\t\t\t\t\t\t\t\t\talt=\"\"\n\t\t\t\t>\n\t\t\t<\/picture>\n\t\t<\/a>\n\t<\/p>\n\n\n<p>De acordo com <a class=\"suno-keyword\" href=\"https:\/\/www.suno.com.br\/artigos\/fato-relevante\/\" target=\"_blank\" rel=\"noopener\" data-force=\"no\" data-priority=\"1\">fato relevante<\/a> divulgado pela empresa, o pagamento ocorrer\u00e1 em duas parcelas, da seguinte forma:<\/p>\n<ul>\n<li>O primeiro pagamento (equivalente a R$ 235 milh\u00f5es), feito at\u00e9 dia 31 de outubro, ser\u00e1 de R$ 0,09;<\/li>\n<li>A segunda parcela (que corresponde a R$ 245 milh\u00f5es), a ser pago at\u00e9 31 de janeiro de 2023, ser\u00e1 de R$ 0,10.<\/li>\n<\/ul>\n<p>No total,\u00a0 o <strong>JCP da TIM<\/strong> ser\u00e1 de R$ 0,198327689.<\/p>\n<p>Apenas os investidores com <strong>a\u00e7\u00f5es da TIM<\/strong> no dia 21 de setembro ter\u00e3o direito de receber os rendimentos. A partir do dia 22 de setembro, as a\u00e7\u00f5es ser\u00e3o negociadas sem direito aos <a class=\"suno-keyword\" href=\"https:\/\/www.suno.com.br\/guias\/dividendos\/\" target=\"_blank\" rel=\"noopener\" data-force=\"no\" data-priority=\"1\">dividendos<\/a>.<\/p>\n<p>Segundo documento arquivado na Comiss\u00e3o de Valores Mobili\u00e1rios (CVM), esses proventos fazem parte dos dividendos obrigat\u00f3rios do exerc\u00edcio de 2022.<\/p>\n<p>O valor dos JCP ter\u00e1 reten\u00e7\u00e3o do imposto de renda na fonte, com al\u00edquota de 15%, resultando em aproximadamente R$ 0,16 por a\u00e7\u00e3o.<\/p>\n<h2>JCP da TIM<\/h2>\n<ul>\n<li>Valor total: R$ 480 milh\u00f5es<\/li>\n<li>Valor por a\u00e7\u00e3o: R$ 0,198327689<\/li>\n<li>Data de corte: 21 de setembro<\/li>\n<li>Data do pagamento: primeira parcela at\u00e9 31 de outubro e a segunda, at\u00e9 31 de janeiro de 2023<\/li>\n<li>Rendimento (dividend yield): 3,78%<\/li>\n<\/ul>\n<h2>TIM registra queda de 54,1% no lucro l\u00edquido, para R$ 313 milh\u00f5es<\/h2>\n<p>A\u00a0<a class=\"suno-keyword\" href=\"https:\/\/www.suno.com.br\/acoes\/TIMS3\/\" target=\"_blank\" rel=\"noopener\" data-force=\"yes\" data-priority=\"2\"><strong>TIM<\/strong>\u00a0(TIMS3)<\/a>\u00a0divulgou nesta segunda-feira (1\u00ba) que teve\u00a0<a class=\"suno-keyword\" href=\"https:\/\/www.suno.com.br\/artigos\/lucro-liquido\/\" target=\"_blank\" rel=\"noopener\" data-force=\"no\" data-priority=\"1\">lucro l\u00edquido<\/a>\u00a0normalizado de R$ 313 milh\u00f5es no segundo trimestre de 2022 (2T22), queda de 54,1% em rela\u00e7\u00e3o ao mesmo intervalo de 2021.<\/p>\n<p>O\u00a0<strong>Ebitda normalizado da TIM\u00a0<\/strong>(lucro antes dos juros, impostos,\u00a0<a class=\"suno-keyword\" href=\"https:\/\/www.suno.com.br\/artigos\/depreciacao-amortizacao\/\" target=\"_blank\" rel=\"noopener\" data-force=\"no\" data-priority=\"1\">deprecia\u00e7\u00e3o e amortiza\u00e7\u00e3o<\/a>) atingiu R$ 2,4 bilh\u00f5es no per\u00edodo, avan\u00e7o de 18,3% na mesma base de compara\u00e7\u00e3o anual. A\u00a0<a class=\"suno-keyword\" href=\"https:\/\/www.suno.com.br\/artigos\/margem-ebitda\/\" target=\"_blank\" rel=\"noopener\" data-force=\"no\" data-priority=\"1\">margem Ebitda<\/a>\u00a0caiu 1,4 ponto porcentual, para 46,3%.<\/p>\n<p>\u201cO 2T22 marca um momento de transforma\u00e7\u00e3o para TIM. Em abril conclu\u00edmos a aquisi\u00e7\u00e3o dos ativos m\u00f3veis da Oi OIBR3) que nos torna ainda mais eficientes nas frentes comercial e de infraestrutura, enquanto transformamos a experi\u00eancia do cliente com a maior rede do Brasil\u201d, diz o\u00a0<strong>balan\u00e7o da TIM do 2T22<\/strong>.<\/p>\n<p>A empresa destaca ainda que o trimestre foi impactado por uma forte performance comercial que sustenta a expans\u00e3o da receita e os patamares de crescimento do Ebitda. \u201cAl\u00e9m disso, temos a incorpora\u00e7\u00e3o dos resultados financeiros e operacionais da Cozani (empresa que constitui os ativos m\u00f3veis adquiridos pela TIM) a partir de 1\u00ba de maio\u201d, afirma a companhia.<\/p>\n<p>A\u00a0<a class=\"suno-keyword\" href=\"https:\/\/www.suno.com.br\/artigos\/o-que-receita-liquida\/\" target=\"_blank\" rel=\"noopener\" data-force=\"no\" data-priority=\"1\">receita l\u00edquida<\/a> cresceu 21,8% entre abril e junho, totalizando R$ 5,368 bilh\u00f5es, com todas as linhas contribuindo de forma positiva.<\/p>\n<p>O p\u00f3s-pago m\u00f3vel subiu 22,1% na compara\u00e7\u00e3o anual. J\u00e1 o pr\u00e9-pago m\u00f3vel teve alta de 20,6% e a receita de plataforma de clientes totalizou R$ 52 milh\u00f5es no 2T22.<\/p>\n<p>Neste contexto, apenas a Receita de Interconex\u00e3o (ITX) apresentou uma queda de 16,6%\u00a0 no 2T22, sobre a compara\u00e7\u00e3o anual.<\/p>\n<h2>Cota\u00e7\u00e3o<\/h2>\n<p>No preg\u00e3o de hoje, a cota\u00e7\u00e3o das a\u00e7\u00f5es da <strong>TIM<\/strong> caiu 0,78%, cotada a R$ 12,69. No ano, o papel acumula alta de 0,48%.<\/p>\n<p>Al\u00e9m da\u00a0<strong>Tim<\/strong>, confira outros destaques desta segunda-feira:<\/p>\n\t<p>\n\t\t<a href=\"https:\/\/lp.suno.com.br\/planilha-controle-gastos\/\" target=\"_blank\" data-element=\"shortcode-suno-banner\" title=\"Banner SUNO, clique e saiba mais\">\n\t\t\t<picture>\n\t\t\t\t<source media=\"(max-width: 500px)\" srcset=\"https:\/\/files.sunoresearch.com.br\/n\/uploads\/2023\/03\/400x300-Planilha-controle-de-gastos.png\">\n\t\t\t\t<img class=\"newsContent__article__imgCapa newsContent__article__imgCapa--banner\"\n\t\t\t\t\tsrc=\"https:\/\/files.sunoresearch.com.br\/n\/uploads\/2023\/03\/1420x240-Planilha-controle-de-gastos.png\"\n\t\t\t\t\tdata-promo-id=\"101751\"\t\t\t\t\t\t\t\t\t\twidth='1420' height='240'\t\t\t\t\talt=\"https:\/\/files.sunoresearch.com.br\/n\/uploads\/2023\/03\/1420x240-Planilha-controle-de-gastos.png\"\n\t\t\t\t>\n\t\t\t<\/picture>\n\t\t<\/a>\n\t<\/p>\n\n\n<h2><b>Petrobras (PETR4) deixa carteira da Warren; veja substitui\u00e7\u00f5es<\/b><\/h2>\n<ul>\n<li>A <a class=\"suno-keyword\" href=\"https:\/\/www.suno.com.br\/artigos\/carteira-recomendada\/\" target=\"_blank\" rel=\"noopener\" data-force=\"no\" data-priority=\"1\">carteira recomendada<\/a> da semana feita pela Warren Investimentos apresentou duas altera\u00e7\u00f5es, uma delas em especial: <a class=\"suno-keyword\" href=\"https:\/\/www.suno.com.br\/acoes\/PETR4\/\" target=\"_blank\" rel=\"noopener\" data-force=\"yes\" data-priority=\"2\"><strong>Petrobras<\/strong> (PETR4)<\/a> sai da carteira, assim como <a class=\"suno-keyword\" href=\"https:\/\/www.suno.com.br\/acoes\/LREN3\/\" target=\"_blank\" rel=\"noopener\" data-force=\"yes\" data-priority=\"2\">Lojas Renner (LREN3)<\/a>. Para substituir as empresas, entraram <a class=\"suno-keyword\" href=\"https:\/\/www.suno.com.br\/acoes\/CSNA3\/\" target=\"_blank\" rel=\"noopener\" data-force=\"yes\" data-priority=\"2\">CSN (CSNA3)<\/a>e Bemobi (BMOB3). Os ativos mantidos foram <a class=\"suno-keyword\" href=\"https:\/\/www.suno.com.br\/acoes\/EZTC3\/\" target=\"_blank\" rel=\"noopener\" data-force=\"yes\" data-priority=\"2\">Eztec (EZTC3)<\/a>, <a class=\"suno-keyword\" href=\"https:\/\/www.suno.com.br\/acoes\/EGIE3\/\" target=\"_blank\" rel=\"noopener\" data-force=\"yes\" data-priority=\"2\">Engie (EGIE3)<\/a> e <a class=\"suno-keyword\" href=\"https:\/\/www.suno.com.br\/acoes\/FLRY3\/\" target=\"_blank\" rel=\"noopener\" data-force=\"yes\" data-priority=\"2\">Fleury (FLRY3)<\/a>.<\/li>\n<li>Na semana anterior, os analistas da Warren afirmaram que a semana seria decisiva para as <strong>a\u00e7\u00f5es da Petrobras<\/strong>, uma vez que o fluxo comprador at\u00e9 ent\u00e3o n\u00e3o havia sofrido altera\u00e7\u00e3o. A empresa acabou n\u00e3o entregando o que os especialistas esperavam, ao acumular uma queda de 4,88% na semana de 5 a 9 de setembro.<\/li>\n<li>No per\u00edodo, as a\u00e7\u00f5es recomendadas encerraram abaixo do <strong>Ibovespa<\/strong>, com queda de 0,78% de rentabilidade, contra alta de 1,30% do \u00edndice de refer\u00eancia.<\/li>\n<li>\u201cEm uma semana muito ruim para Petrobras que caiu quase 5% no per\u00edodo, assistimos \u00e0 <a class=\"suno-keyword\" href=\"https:\/\/www.suno.com.br\/acoes\/VALE3\/\" target=\"_blank\" rel=\"noopener\" data-force=\"yes\" data-priority=\"2\"><strong>Vale<\/strong> (VALE3)<\/a>, o ativo mais pesado do Ibovespa, subir 10,5% e mudando todo o equil\u00edbrio do \u00edndice. No caso, desta vez, est\u00e1vamos na balan\u00e7a negativa\u201d, explicam.<\/li>\n<li>No per\u00edodo de refer\u00eancia, as <strong>a\u00e7\u00f5es da Engie<\/strong> chegaram a uma \u201cregi\u00e3o relevante de suporte em R$ 40,00. Desde abril, ela vem respeitando essa faixa e voltando a subir para R$ 42,00. Somado a isso, ainda temos a presen\u00e7a das m\u00e9dias de 200 na regi\u00e3o. O alvo almejado \u00e9 de R$ 43,00\u201d, pontua o relat\u00f3rio.<\/li>\n<li>No relat\u00f3rio enviado na segunda-feira passada (5), a entrada das <strong>a\u00e7\u00f5es do Fleury<\/strong>ocorreu decorrente de um crescimento de fluxo comprador. Cumprindo ao que veio, no gr\u00e1fico semanal, o papel atingiu o primeiro alvo em R$ 17,50, e a nova mira fica na faixa de R$ 19,00. \u201cPor enquanto, n\u00e3o h\u00e1 amea\u00e7as \u00e0 forma\u00e7\u00e3o da tend\u00eancia de alta presente no gr\u00e1fico semanal, somente o antigo fundo da pandemia (R$ 17,50) que pode funcionar como resist\u00eancia\u201d, afirmaram.<\/li>\n<li>Cada a\u00e7\u00e3o presente na carteira possui uma representa\u00e7\u00e3o de 20%.<\/li>\n<li>As <a class=\"suno-keyword\" href=\"https:\/\/www.suno.com.br\/artigos\/acoes-preferenciais\/\" target=\"_blank\" rel=\"noopener\" data-force=\"no\" data-priority=\"1\">a\u00e7\u00f5es preferenciais<\/a> da <b>Petrobras <\/b>encerraram o dia em queda de 0,66%, cotadas a R$ 31,58.<\/li>\n<\/ul>\n\t<p>\n\t\t<a href=\"https:\/\/lp.suno.com.br\/planilha-da-vida-financeira\/\" target=\"_blank\" data-element=\"shortcode-suno-banner\" title=\"Banner SUNO, clique e saiba mais\">\n\t\t\t<picture>\n\t\t\t\t<source media=\"(max-width: 500px)\" srcset=\"https:\/\/files.sunoresearch.com.br\/n\/uploads\/2023\/04\/400x300-Planilha-vida-financeira-true.png\">\n\t\t\t\t<img class=\"newsContent__article__imgCapa newsContent__article__imgCapa--banner\"\n\t\t\t\t\tsrc=\"https:\/\/files.sunoresearch.com.br\/n\/uploads\/2023\/04\/1420x240-Planilha-vida-financeira-true.png\"\n\t\t\t\t\tdata-promo-id=\"106682\"\t\t\t\t\t\t\t\t\t\twidth='1420' height='240'\t\t\t\t\talt=\"https:\/\/files.sunoresearch.com.br\/n\/uploads\/2023\/04\/1420x240-Planilha-vida-financeira-true.png\"\n\t\t\t\t>\n\t\t\t<\/picture>\n\t\t<\/a>\n\t<\/p>\n\n\n<h2><b>HGLG11: caixa acumulado garante bom rendimento; entenda<\/b><\/h2>\n<ul>\n<li>O <a href=\"https:\/\/www.suno.com.br\/fundos-imobiliarios\/hglg11\/\"><strong>Fundo Imobili\u00e1rio HGLG11<\/strong><\/a> informou na \u00faltima sexta-feira que seus resultados foram menores em agosto. Mesmo assim, o fundo de log\u00edstica gerido pela Credit Suisse manteve seus rendimentos, em virtude do caixa acumulado que foi utilizado para dar previsibilidade \u00e0 distribui\u00e7\u00e3o do fundo.<\/li>\n<li>Referente ao m\u00eas de agosto, o HGLG11 teve uma receita total de R$ 23,4 milh\u00f5es, levando a um resultado de R$ 20,1 milh\u00f5es, o equivalente a R$ 0,89 por cota. O fundo conseguiu entregar os mesmos dividendos do m\u00eas anterior, gra\u00e7as ao caixa acumulado.<\/li>\n<li>Diante disso, os<strong> dividendos do HGLG11<\/strong> foram de R$ 1,10 por cota, uma distribui\u00e7\u00e3o de 97,0% do resultado no per\u00edodo entre julho e agosto. O fundo tem agora um caixa de resultados equivalente a R$ 0,77. Esse valor pode ser utilizado para compor os pr\u00f3ximos rendimentos caso seja necess\u00e1rio.<\/li>\n<li>A gestora tamb\u00e9m destacou que o <strong>resultado do HGLG11<\/strong> ainda n\u00e3o foi impactado pelo pagamento do aluguel trimestral da Volkswagen, que representa uma receita proporcional mensal de R$ 0,15 por cota \u2013 uma vez que os vencimentos desse contrato ocorrem nos meses de janeiro, abril, julho e outubro.<\/li>\n<li>O m\u00eas de agosto teve uma pequena altera\u00e7\u00e3o na <strong>vac\u00e2ncia financeira <\/strong>do HGLG11<strong>,<\/strong>com o t\u00e9rmino da loca\u00e7\u00e3o tempor\u00e1ria no HGLG Washington Luiz. Deste modo, o aumento foi em 0,2%. Agora, a vac\u00e2ncia do fundo est\u00e1 em 6,0%. Mas esse valor deve aumentar.<\/li>\n<li>No dia 18 de agosto, o G200 do HGLG Itupeva recebeu o certificado Habite-se, conferindo aos im\u00f3veis a possibilidade de serem ocupados. Por isso, a partir do pr\u00f3ximo m\u00eas haver\u00e1 um incremento na <strong><a href=\"https:\/\/www.suno.com.br\/artigos\/taxa-de-vacancia\/\">vac\u00e2ncia<\/a> do HGLG11<\/strong> com a entrada efetiva dos aproximadamente 90.000 m\u00b2 deste ativo. Ou seja, a vac\u00e2ncia f\u00edsica ir\u00e1 para aproximadamente 17%, avisa a gestora.<\/li>\n<li>Por\u00e9m, a gestora j\u00e1 iniciou os esfor\u00e7os para loca\u00e7\u00e3o dos ativos rec\u00e9m-constru\u00eddos ou em fase de conclus\u00e3o. Com diversas negocia\u00e7\u00f5es, o FII quer fechar novos contratos. O Credit Suisse informou que \u201calguns processos est\u00e3o levando mais tempo do que o esperado inicialmente, por indefini\u00e7\u00f5es do cliente ou por ajustes de \u00e1rea demandada\u201d. A gestora diz estar confiante em fechar grandes loca\u00e7\u00f5es at\u00e9 o fim deste ano.<\/li>\n<li>Em rela\u00e7\u00e3o \u00e0 desocupa\u00e7\u00e3o do HGLG Betim pela Americanas (AMER3), a gestora segue com discuss\u00f5es extrajudiciais acerca das penalidades. O FII HGLG11 mant\u00e9m sua posi\u00e7\u00e3o de seguir estritamente o contrato e n\u00e3o quer renunciar qualquer penalidade.<\/li>\n<li>Por outro lado, a empresa tamb\u00e9m reitera sua posi\u00e7\u00e3o, agora com nova data de devolu\u00e7\u00e3o do im\u00f3vel, com previs\u00e3o para\u00a0 final de outubro.<\/li>\n<li>Al\u00e9m disso, o <strong>fundo HGLG11<\/strong> possui duas negocia\u00e7\u00f5es para loca\u00e7\u00e3o em vias de fechamento de contrato, somando aproximadamente 30.000 m\u00b2 e com um valor de cerca de 35% superior ao contratado atualmente no ativo.<\/li>\n<li>No HGLG Washington Luiz e HGLG S\u00e3o Jos\u00e9 dos Campos, os processos de loca\u00e7\u00e3o seguem em an\u00e1lise e discuss\u00e3o, por\u00e9m, \u201cperderam o f\u00f4lego\u201d. Paralelamente, a gestora quer encontrar novos potenciais ocupantes enquanto as negocia\u00e7\u00f5es atuais n\u00e3o avan\u00e7am.<\/li>\n<li>O <a href=\"https:\/\/www.suno.com.br\/noticias\/hglg11-mantem-dividendos-no-segundo-semestre\/\"><strong>CSHG Log\u00edstica FII<\/strong><\/a> tem por objeto a explora\u00e7\u00e3o de empreendimentos imobili\u00e1rios voltados primordialmente para opera\u00e7\u00f5es log\u00edsticas e industriais, por meio de aquisi\u00e7\u00e3o de terrenos para sua constru\u00e7\u00e3o ou aquisi\u00e7\u00e3o de im\u00f3veis em constru\u00e7\u00e3o ou prontos, para posterior aliena\u00e7\u00e3o, loca\u00e7\u00e3o ou arrendamento.<\/li>\n<li>O <strong>HGLG11<\/strong> possui R$ 3,43 bilh\u00f5es de patrim\u00f4nio l\u00edquido e tem aproximadamente 327.788 de cotistas, com taxa de administra\u00e7\u00e3o de 0,75% at\u00e9 0.95%a.a. sobre patrim\u00f4nio l\u00edquido.<\/li>\n<\/ul>\n<h2><b>Magazine Luiza (MGLU3) sobe 9% no Ibovespa em dia de alta de varejistas; veja por qu\u00ea<\/b><\/h2>\n<ul>\n<li>As a\u00e7\u00f5es das principais varejistas do Ibovespa fecharam em alta nesta segunda-feira (12). <a href=\"https:\/\/www.suno.com.br\/acoes\/MGLU3\/\"><strong>Magazine Luiza<\/strong>\u00a0(MGLU3)<\/a>, Via (VIIA3) e Americanas (AMER3) subiram 9,13%, 4,91% e 4,35%, respectivamente.<\/li>\n<li>As <strong>a\u00e7\u00f5es do Magazine Luiza<\/strong> e seus pares fecharam em alta especialmente pelo movimento de apetite ao risco global, al\u00e9m da nova expectativa de redu\u00e7\u00e3o na infla\u00e7\u00e3o para 2022 e 2023, divulgada na manh\u00e3 desta segunda pelo Boletim Focus.<\/li>\n<li>O\u00a0<strong><a class=\"suno-keyword\" href=\"https:\/\/www.suno.com.br\/artigos\/boletim-focus\/\" target=\"_blank\" rel=\"noopener\" data-force=\"no\" data-priority=\"2\">Boletim Focus<\/a><\/strong>, divulgado pelo Banco Central (BC), indicou que a infla\u00e7\u00e3o prevista pelo mercado para 2022 dever\u00e1 ser de 6,40%.\u00a0 Para 2023, a estimativa \u00e9 de 5,17%. Os n\u00fameros representam uma redu\u00e7\u00e3o de 0,21 e 0,10 ponto percentual em rela\u00e7\u00e3o ao \u00faltimo Boletim Focus divulgado pela institui\u00e7\u00e3o, publicado em 29 de agosto.<\/li>\n<li>Na semana passada, o mercado precificou a <strong>alta da\u00a0<a class=\"suno-keyword\" href=\"https:\/\/www.suno.com.br\/artigos\/juros\/\" target=\"_blank\" rel=\"noopener\" data-force=\"no\" data-priority=\"2\">taxa de juros<\/a><\/strong>, movimento que prejudicou o <strong>setor varejista<\/strong>.<\/li>\n<li>Mas os \u00edndices de infla\u00e7\u00e3o recuaram. \u201cNos \u00faltimos 30 dias as a\u00e7\u00f5es da varejista sobem mais de 30% e v\u00eam sendo impulsionadas pela perspectiva de menor infla\u00e7\u00e3o e maior avan\u00e7o do PIB\u201d, disse Alexsandro Nishimura, economista, head de conte\u00fado e s\u00f3cio da BRA.<\/li>\n<li>\u201cO IPCA em queda nos dois \u00faltimos meses pode induzir o Banco Central a encerrar o ciclo de alta dos juros. Alguns players come\u00e7aram a indagar se estar\u00edamos em um ponto de inflex\u00e3o para estes pap\u00e9is, que s\u00e3o extremamente sens\u00edveis ao cen\u00e1rio macroecon\u00f4mico\u201d, completou o analista.<\/li>\n<li>Rodrigo Azevedo, economista e s\u00f3cio-fundador da GT Capital, afirmou que para setembro ainda se espera um cen\u00e1rio de defla\u00e7\u00e3o. Em agosto, o dado foi reflexo das medidas do governo de redu\u00e7\u00e3o da cobran\u00e7a de ICMS (imposto estadual) sobre combust\u00edveis, energia, transporte e telecomunica\u00e7\u00f5es, avaliou o especialista.<\/li>\n<li>\u201cMesmo com cen\u00e1rio de defla\u00e7\u00e3o, o Banco Central deve manter a taxa de juros altas por mais tempo ainda, uma vez que os efeitos da\u00a0<a class=\"suno-keyword\" href=\"https:\/\/www.suno.com.br\/artigos\/politica-monetaria\/\" target=\"_blank\" rel=\"noopener\" data-force=\"no\" data-priority=\"1\">pol\u00edtica monet\u00e1ria<\/a>\u00a0ainda s\u00e3o lentos\u201d, pontua.<\/li>\n<li>No acumulado de agosto, o\u00a0<strong>Magazine Luiza\u00a0<\/strong>ficou entre os principais destaques de alta, com valoriza\u00e7\u00e3o de 65,50%, dando continuidade \u00e0 alta de 10,23% em julho. A Via teve uma alta de 34,17%, dando seguimento ao avan\u00e7o de 25,00% registrada em julho.<\/li>\n<\/ul>\n\t<p>\n\t\t<a href=\"https:\/\/lp.suno.com.br\/ebook-como-analisar-uma-acao\/\" target=\"_blank\" data-element=\"shortcode-suno-banner\" title=\"Banner SUNO, clique e saiba mais\">\n\t\t\t<picture>\n\t\t\t\t<source media=\"(max-width: 500px)\" srcset=\"https:\/\/files.sunoresearch.com.br\/n\/uploads\/2023\/03\/Ebook-Acoes-Mobile-1.jpg\">\n\t\t\t\t<img class=\"newsContent__article__imgCapa newsContent__article__imgCapa--banner\"\n\t\t\t\t\tsrc=\"https:\/\/files.sunoresearch.com.br\/n\/uploads\/2023\/03\/Ebook-Acoes-Desktop-1.jpg\"\n\t\t\t\t\tdata-promo-id=\"171998\"\t\t\t\t\t\t\t\t\t\twidth='1420' height='286'\t\t\t\t\talt=\"https:\/\/files.sunoresearch.com.br\/n\/uploads\/2023\/03\/Ebook-Acoes-Desktop-1.jpg\"\n\t\t\t\t>\n\t\t\t<\/picture>\n\t\t<\/a>\n\t<\/p>\n\n\n<h2 class=\"newsContent__article__title\">Vamos (VAMO3): oferta de a\u00e7\u00f5es pode levantar R$ 1,05 bilh\u00e3o<\/h2>\n<ul>\n<li>A <a class=\"suno-keyword\" href=\"https:\/\/www.suno.com.br\/acoes\/vamo3\/\" target=\"_blank\" rel=\"noopener\" data-force=\"yes\" data-priority=\"2\"><strong>Vamos<\/strong>\u00a0(VAMO3)<\/a>, empresa de loca\u00e7\u00e3o de caminh\u00f5es, m\u00e1quinas e equipamentos, informou nesta segunda-feira (12) que vai realizar uma oferta prim\u00e1ria de a\u00e7\u00f5es para capta\u00e7\u00e3o de at\u00e9 R$ 1,05 bilh\u00e3o.<\/li>\n<li>No total, foi aprovada a realiza\u00e7\u00e3o da oferta p\u00fablica de distribui\u00e7\u00e3o prim\u00e1ria de, inicialmente, 48.410.000 a\u00e7\u00f5es. O valor considera o pre\u00e7o de fechamento do papel na sexta-feira (9), a R$ 14,46, e um lote adicional.<\/li>\n<li>O montante a ser captado ser\u00e1 conhecido somente com a fixa\u00e7\u00e3o do pre\u00e7o por a\u00e7\u00e3o em 21 de setembro, de acordo com <a class=\"suno-keyword\" href=\"https:\/\/www.suno.com.br\/artigos\/fato-relevante\/\" target=\"_blank\" rel=\"noopener\" data-force=\"no\" data-priority=\"1\">fato relevante<\/a> enviado \u00e0 Comiss\u00e3o de Valores Mobili\u00e1rios (CVM).<\/li>\n<li>Os recursos ser\u00e3o destinados para investimentos em crescimento org\u00e2nico, com aquisi\u00e7\u00e3o de caminh\u00f5es e m\u00e1quinas, disse a companhia.<\/li>\n<\/ul>\n<h2 class=\"newsContent__article__title\">BR Properties (BRPR3) marca data de pagamento de R$ 1,1 bi aos acionistas; veja como receber<\/h2>\n<ul>\n<li>A <a class=\"suno-keyword\" href=\"https:\/\/www.suno.com.br\/acoes\/BRPR3\/\" target=\"_blank\" rel=\"noopener\" data-force=\"yes\" data-priority=\"2\"><strong>BR Properties<\/strong>\u00a0(BRPR3)<\/a>\u00a0informou nesta segunda-feira (12) as etapas seguintes da\u00a0<a class=\"suno-keyword\" href=\"https:\/\/www.suno.com.br\/artigos\/reducao-capital\/\" target=\"_blank\" rel=\"noopener\" data-force=\"no\" data-priority=\"1\">redu\u00e7\u00e3o de capital<\/a> social da companhia, anunciada inicialmente em julho deste ano.<\/li>\n<li>A redu\u00e7\u00e3o traz, como consequ\u00eancia, o pagamento de R$ 1,1 bilh\u00e3o a quem possui\u00a0<strong>a\u00e7\u00f5es da BR Properties<\/strong>.<\/li>\n<li>De acordo com o <a class=\"suno-keyword\" href=\"https:\/\/www.suno.com.br\/artigos\/fato-relevante\/\" target=\"_blank\" rel=\"noopener\" data-force=\"no\" data-priority=\"1\">fato relevante<\/a>\u00a0enviado \u00e0 Comiss\u00e3o de Valores Mobili\u00e1rios (CVM), a BR Properties vai pagar R$ 2,42 por a\u00e7\u00e3o a quem tiver posi\u00e7\u00e3o acion\u00e1ria no dia 30 de setembro. A empresa considera o total de 464.243.333\u00a0<a class=\"suno-keyword\" href=\"https:\/\/www.suno.com.br\/artigos\/o-que-sao-acoes-ordinarias-preferenciais-e-units\/\" target=\"_blank\" rel=\"noopener\" data-force=\"no\" data-priority=\"1\">a\u00e7\u00f5es ordin\u00e1rias<\/a>, n\u00e3o incluindo as mantidas em tesouraria, em circula\u00e7\u00e3o<\/li>\n<li>Os ativos da BR Properties passam a ser negociadas sem direito \u00e0 restitui\u00e7\u00e3o de capital a partir de 3 de outubro. Ainda ser\u00e1 realizado um ajuste referente ao capital devolvido aos acionistas.<\/li>\n<li>A companhia informou que o pagamento deve ser realizado at\u00e9 14 de outubro.<\/li>\n<li>No final de julho, a BR Properties recebeu metade do valor previsto no acordo da venda de 80% de seu portf\u00f3lio imobili\u00e1rio para o fundo canadense <strong>Brookfield<\/strong>, no valor de R$ 2,92 bilh\u00f5es.<\/li>\n<li>A redu\u00e7\u00e3o de capital vem a partir da premissa de que a prioridade era amortizar todas d\u00edvidas existentes, com o objetivo de transformar a posi\u00e7\u00e3o de d\u00edvida l\u00edquida em uma de caixa l\u00edquido.<\/li>\n<li>Sem novos investimentos relevantes no <a class=\"suno-keyword\" href=\"https:\/\/www.suno.com.br\/artigos\/curto-prazo\/\" target=\"_blank\" rel=\"noopener\" data-force=\"no\" data-priority=\"1\">curto prazo<\/a>, o\u00a0<strong><a class=\"suno-keyword\" href=\"https:\/\/www.suno.com.br\/artigos\/capital-social\/\" target=\"_blank\" rel=\"noopener\" data-force=\"no\" data-priority=\"2\">capital social<\/a>\u00a0da BR Properties<\/strong> se tornaria excessivo. Ou seja, o caixa da companhia ficou grande demais com o pagamento da Brookfield.<\/li>\n<li>A companhia esclareceu que, com o dinheiro recebido, j\u00e1 utilizou R$ 1,17 bilh\u00e3o para quitar totalmente o saldo devedor de tr\u00eas emiss\u00f5es de deb\u00eantures e de c\u00e9dulas de cr\u00e9dito imobili\u00e1rio (CCIs), lastreadas no bloco B do JK Iguatemi.<\/li>\n<li>Antes da opera\u00e7\u00e3o, a empresa possu\u00eda aproximadamente R$ 2,15 bilh\u00f5es em endividamento l\u00edquido e R$ 860 milh\u00f5es em caixa. Com a aquisi\u00e7\u00e3o feita pela Brookfield, a empresa ainda tem quase R$ 3 bilh\u00f5es a receber.<\/li>\n<\/ul>\n<h2><b>Carrefour (CRFB3) pagar\u00e1 JCP de R$ 270 milh\u00f5es; veja valor por a\u00e7\u00e3o<\/b><\/h2>\n<ul>\n<li>Nesta segunda-feira (12), ap\u00f3s o <a class=\"suno-keyword\" href=\"https:\/\/www.suno.com.br\/artigos\/fechamento-do-mercado\/\" target=\"_blank\" rel=\"noopener\" data-force=\"no\" data-priority=\"1\">fechamento do mercado<\/a>, o<strong> <a class=\"suno-keyword\" href=\"https:\/\/www.suno.com.br\/acoes\/CRFB3\/\" target=\"_blank\" rel=\"noopener\" data-force=\"yes\" data-priority=\"2\">Carrefour (CRFB3)<\/a><\/strong>anunciou que aprovou o pagamento de <a class=\"suno-keyword\" href=\"https:\/\/www.suno.com.br\/artigos\/entenda-o-jcp\/\" target=\"_blank\" rel=\"noopener\" data-force=\"no\" data-priority=\"1\">Juros sobre Capital Pr\u00f3prio<\/a> (JCP) no valor de R$ 270 milh\u00f5es, equivalente a R$ 0,12 por a\u00e7\u00e3o.<\/li>\n<li>O pagamento do <strong>JCP do Carrefour<\/strong> ser\u00e1 realizado dia 29 de setembro.<\/li>\n<li>Somente os investidores do Carrefour posicionados at\u00e9 o final do preg\u00e3o em 16 de setembro\u00a0 ter\u00e3o direito ao pagamento de JCP. A partir do dia 17 de setembro, as a\u00e7\u00f5es ser\u00e3o negociadas sem direito aos proventos.<\/li>\n<li>O valor do pagamento ir\u00e1 variar de acordo com a propor\u00e7\u00e3o da participa\u00e7\u00e3o de cada acionista, com reten\u00e7\u00e3o do Imposto de Renda na fonte, exceto para os acionistas comprovadamente imunes ou isentos, explicou o Carrefour em <a class=\"suno-keyword\" href=\"https:\/\/www.suno.com.br\/artigos\/fato-relevante\/\" target=\"_blank\" rel=\"noopener\" data-force=\"no\" data-priority=\"1\">Fato Relevante<\/a>.<\/li>\n<li>Al\u00e9m disso, o Carrefour avisou que o valor por a\u00e7\u00e3o de R$ 0,12 pode ser modificado em raz\u00e3o das \u201cvaria\u00e7\u00f5es na quantidade de a\u00e7\u00f5es decorrentes de emiss\u00f5es de a\u00e7\u00f5es ou negocia\u00e7\u00f5es com as pr\u00f3prias a\u00e7\u00f5es pela Companhia\u201d.<\/li>\n<li>Valor total: R$ 270 milh\u00f5es<\/li>\n<li>Valor por a\u00e7\u00e3o: R$ 0,128350843<\/li>\n<li>Data de corte: 16 de setembro<\/li>\n<li>Data do pagamento: 29 de setembro<\/li>\n<li>Rendimento (dividend yield): 2,80%<\/li>\n<li>O Carrefour lidera a lista das maiores empresas varejistas brasileiras, de acordo com o Ranking Ibevar-FIA, do Instituto Brasileiro de Executivos de <strong>Varejo<\/strong> &amp; Mercado de Consumo, divulgado nesta segunda-feira (12).<\/li>\n<li>Com um faturamento anual de R$ 81,1 bilh\u00f5es, a varejista de origem francesa lidera a lista das 120 organiza\u00e7\u00f5es que comp\u00f5em a edi\u00e7\u00e3o 2022, que avalia dados de 2021.<\/li>\n<li>Na sequ\u00eancia est\u00e3o:<\/li>\n<li><strong>Assa\u00ed<\/strong> (ASAI3), com R$ 45,6 bilh\u00f5es de faturamento;<\/li>\n<li><strong>Magazine Luiza<\/strong> (MGLU3), R$ 42,9 bilh\u00f5es;<\/li>\n<li><strong>Via<\/strong> (VIIA3), R$ 36,3 bilh\u00f5es;<\/li>\n<li><strong>Americanas<\/strong> (AMER3), R$ 32,2 bilh\u00f5es; e<\/li>\n<li><strong>P\u00e3o de A\u00e7\u00facar<\/strong> (PCAR3), R$ 29 bilh\u00f5es.<\/li>\n<li>As seis primeiras empresas em conjunto representavam 36,7% do total de faturamento das 120 empresas da lista em 2021. Em 2020 a participa\u00e7\u00e3o das seis maiores era ligeiramente maior, 37,3%. Ou seja, o Instituto Brasileiro de Executivos de Varejo &amp; Mercado de Consumo (Ibevar) observou um discreto processo de desconcentra\u00e7\u00e3o.<\/li>\n<\/ul>\n<p>Da <b>Tim\u00a0<\/b>ao Carrefour, essas foram as empresas que se destacaram hoje. Para ler todas as mat\u00e9rias <b data-stringify-type=\"bold\"><a class=\"c-link\" tabindex=\"-1\" href=\"https:\/\/www.suno.com.br\/noticias\/\" target=\"_blank\" rel=\"noopener noreferrer\" data-stringify-link=\"https:\/\/www.suno.com.br\/noticias\/\" data-sk=\"tooltip_parent\" data-remove-tab-index=\"true\">clique aqui<\/a><\/b>.<\/p>\n\t<p>\n\t\t<a href=\"https:\/\/lp.suno.com.br\/planilha-de-controle-de-investimentos\/\" target=\"_blank\" data-element=\"shortcode-suno-banner\" title=\"Banner SUNO, clique e saiba mais\">\n\t\t\t<picture>\n\t\t\t\t<source media=\"(max-width: 500px)\" srcset=\"https:\/\/files.sunoresearch.com.br\/n\/uploads\/2023\/03\/400x300-Controle-de-Investimentos.png\">\n\t\t\t\t<img class=\"newsContent__article__imgCapa newsContent__article__imgCapa--banner\"\n\t\t\t\t\tsrc=\"https:\/\/files.sunoresearch.com.br\/n\/uploads\/2023\/03\/1420x240-Controle-de-Investimentos.png\"\n\t\t\t\t\tdata-promo-id=\"75934\"\t\t\t\t\t\t\t\t\t\twidth='1420' height='240'\t\t\t\t\talt=\"https:\/\/files.sunoresearch.com.br\/n\/uploads\/2023\/03\/1420x240-Controle-de-Investimentos.png\"\n\t\t\t\t>\n\t\t\t<\/picture>\n\t\t<\/a>\n\t<\/p>\n\n\n","protected":false},"excerpt":{"rendered":"<p>A TIM (TIMS3) anunciou nesta segunda-feira (12) que vai pagar R$ 480 milh\u00f5es em Juros Sobre Capital Pr\u00f3prio (JCP) aos seus acionistas. Loja da TIM. Foto: Reprodu\u00e7\u00e3o Itaja\u00ed Shopping. De acordo com fato relevante divulgado pela empresa, o pagamento ocorrer\u00e1 em duas parcelas, da seguinte forma: O primeiro pagamento (equivalente a R$ 235 milh\u00f5es), feito [&hellip;]<\/p>\n","protected":false},"author":194,"featured_media":244179,"comment_status":"closed","ping_status":"closed","sticky":false,"template":"","format":"standard","meta":[],"categories":[64],"tags":[663],"suno_strategy":[],"class_list":["post-296756","post","type-post","status-publish","format-standard","has-post-thumbnail","hentry","category-negocios","tag-tim-tims3"],"yoast_head":"<!-- This site is optimized with the Yoast SEO plugin v24.4 - https:\/\/yoast.com\/wordpress\/plugins\/seo\/ -->\n<title>Radar: TIM (TIMS3) pagar\u00e1 JCP milion\u00e1rio, Petrobras (PETRA4) deixa carteira da Warren e HGLG11 assegura bom rendimento no m\u00eas<\/title>\n<meta name=\"description\" content=\"Tim vai pagar R$ 480 milh\u00f5es em JCP aos acionistas e Petrobras sai da carteira recomendada da Warren. Confira principais not\u00edcias.\" \/>\n<meta name=\"robots\" content=\"index, follow, max-snippet:-1, max-image-preview:large, max-video-preview:-1\" \/>\n<link rel=\"canonical\" href=\"https:\/\/www.suno.com.br\/noticias\/radar-tim-tims3-petrobras-petra4-hglg11\/\" \/>\n<meta property=\"og:locale\" content=\"pt_BR\" \/>\n<meta property=\"og:type\" content=\"article\" \/>\n<meta property=\"og:title\" content=\"Radar: TIM (TIMS3) pagar\u00e1 JCP milion\u00e1rio, Petrobras (PETRA4) deixa carteira da Warren e HGLG11 assegura bom rendimento no m\u00eas\" \/>\n<meta property=\"og:description\" content=\"Tim vai pagar R$ 480 milh\u00f5es em JCP aos acionistas e Petrobras sai da carteira recomendada da Warren. Confira principais not\u00edcias.\" \/>\n<meta property=\"og:url\" content=\"https:\/\/www.suno.com.br\/noticias\/radar-tim-tims3-petrobras-petra4-hglg11\/\" \/>\n<meta property=\"og:site_name\" content=\"Suno Not\u00edcias\" \/>\n<meta property=\"article:publisher\" content=\"https:\/\/facebook.com\/sunoresearch\" \/>\n<meta property=\"og:image\" content=\"https:\/\/files.sunoresearch.com.br\/n\/uploads\/2022\/03\/tim-itajai-shopping.jpg\" \/>\n\t<meta property=\"og:image:width\" content=\"1200\" \/>\n\t<meta property=\"og:image:height\" content=\"801\" \/>\n\t<meta property=\"og:image:type\" content=\"image\/jpeg\" \/>\n<meta name=\"author\" content=\"Isabella Taglapietra\" \/>\n<meta name=\"twitter:card\" content=\"summary_large_image\" \/>\n<meta name=\"twitter:creator\" content=\"@sunoresearch\" \/>\n<meta name=\"twitter:site\" content=\"@sunoresearch\" \/>\n<meta name=\"twitter:label1\" content=\"Escrito por\" \/>\n\t<meta name=\"twitter:data1\" content=\"Isabella Taglapietra\" \/>\n\t<meta name=\"twitter:label2\" content=\"Est. tempo de leitura\" \/>\n\t<meta name=\"twitter:data2\" content=\"15 minutos\" \/>\n<script type=\"application\/ld+json\" class=\"yoast-schema-graph\">{\"@context\":\"https:\/\/schema.org\",\"@graph\":[{\"@type\":\"NewsArticle\",\"@id\":\"https:\/\/www.suno.com.br\/noticias\/radar-tim-tims3-petrobras-petra4-hglg11\/#article\",\"isPartOf\":{\"@id\":\"https:\/\/www.suno.com.br\/noticias\/radar-tim-tims3-petrobras-petra4-hglg11\/\"},\"author\":{\"name\":\"Isabella Taglapietra\",\"@id\":\"https:\/\/www.suno.com.br\/noticias\/#\/schema\/person\/a0be106724f6f5d705d70f04333cb249\"},\"headline\":\"Radar: TIM (TIMS3) pagar\u00e1 JCP milion\u00e1rio, Petrobras (PETRA4) deixa carteira da Warren e HGLG11 assegura bom rendimento no m\u00eas\",\"datePublished\":\"2022-09-13T02:48:17+00:00\",\"mainEntityOfPage\":{\"@id\":\"https:\/\/www.suno.com.br\/noticias\/radar-tim-tims3-petrobras-petra4-hglg11\/\"},\"wordCount\":2734,\"publisher\":{\"@id\":\"https:\/\/www.suno.com.br\/noticias\/#organization\"},\"image\":{\"@id\":\"https:\/\/www.suno.com.br\/noticias\/radar-tim-tims3-petrobras-petra4-hglg11\/#primaryimage\"},\"thumbnailUrl\":\"https:\/\/files.sunoresearch.com.br\/n\/uploads\/2022\/03\/tim-itajai-shopping.jpg\",\"keywords\":[\"TIM (TIMS3)\"],\"articleSection\":[\"Neg\u00f3cios\"],\"inLanguage\":\"pt-BR\"},{\"@type\":\"WebPage\",\"@id\":\"https:\/\/www.suno.com.br\/noticias\/radar-tim-tims3-petrobras-petra4-hglg11\/\",\"url\":\"https:\/\/www.suno.com.br\/noticias\/radar-tim-tims3-petrobras-petra4-hglg11\/\",\"name\":\"Radar: TIM (TIMS3) pagar\u00e1 JCP milion\u00e1rio, Petrobras (PETRA4) deixa carteira da Warren e HGLG11 assegura bom rendimento no m\u00eas\",\"isPartOf\":{\"@id\":\"https:\/\/www.suno.com.br\/noticias\/#website\"},\"primaryImageOfPage\":{\"@id\":\"https:\/\/www.suno.com.br\/noticias\/radar-tim-tims3-petrobras-petra4-hglg11\/#primaryimage\"},\"image\":{\"@id\":\"https:\/\/www.suno.com.br\/noticias\/radar-tim-tims3-petrobras-petra4-hglg11\/#primaryimage\"},\"thumbnailUrl\":\"https:\/\/files.sunoresearch.com.br\/n\/uploads\/2022\/03\/tim-itajai-shopping.jpg\",\"datePublished\":\"2022-09-13T02:48:17+00:00\",\"description\":\"Tim vai pagar R$ 480 milh\u00f5es em JCP aos acionistas e Petrobras sai da carteira recomendada da Warren. Confira principais not\u00edcias.\",\"breadcrumb\":{\"@id\":\"https:\/\/www.suno.com.br\/noticias\/radar-tim-tims3-petrobras-petra4-hglg11\/#breadcrumb\"},\"inLanguage\":\"pt-BR\",\"potentialAction\":[{\"@type\":\"ReadAction\",\"target\":[\"https:\/\/www.suno.com.br\/noticias\/radar-tim-tims3-petrobras-petra4-hglg11\/\"]}]},{\"@type\":\"ImageObject\",\"inLanguage\":\"pt-BR\",\"@id\":\"https:\/\/www.suno.com.br\/noticias\/radar-tim-tims3-petrobras-petra4-hglg11\/#primaryimage\",\"url\":\"https:\/\/files.sunoresearch.com.br\/n\/uploads\/2022\/03\/tim-itajai-shopping.jpg\",\"contentUrl\":\"https:\/\/files.sunoresearch.com.br\/n\/uploads\/2022\/03\/tim-itajai-shopping.jpg\",\"width\":1200,\"height\":801,\"caption\":\"Loja da TIM. Foto: Reprodu\u00e7\u00e3o Itaja\u00ed Shopping.\"},{\"@type\":\"BreadcrumbList\",\"@id\":\"https:\/\/www.suno.com.br\/noticias\/radar-tim-tims3-petrobras-petra4-hglg11\/#breadcrumb\",\"itemListElement\":[{\"@type\":\"ListItem\",\"position\":1,\"name\":\"Not\u00edcias\",\"item\":\"https:\/\/www.suno.com.br\/noticias\/\"},{\"@type\":\"ListItem\",\"position\":2,\"name\":\"Neg\u00f3cios\",\"item\":\"https:\/\/www.suno.com.br\/noticias\/negocios\/\"},{\"@type\":\"ListItem\",\"position\":3,\"name\":\"Radar: TIM (TIMS3) pagar\u00e1 JCP milion\u00e1rio, Petrobras (PETRA4) deixa carteira da Warren e HGLG11 assegura bom rendimento no m\u00eas\"}]},{\"@type\":\"WebSite\",\"@id\":\"https:\/\/www.suno.com.br\/noticias\/#website\",\"url\":\"https:\/\/www.suno.com.br\/noticias\/\",\"name\":\"Suno Not\u00edcias\",\"description\":\"Seu portal de informa\u00e7\u00e3o sobre o mundo dos investimentos\",\"publisher\":{\"@id\":\"https:\/\/www.suno.com.br\/noticias\/#organization\"},\"potentialAction\":[{\"@type\":\"SearchAction\",\"target\":{\"@type\":\"EntryPoint\",\"urlTemplate\":\"https:\/\/www.suno.com.br\/noticias\/?s={search_term_string}\"},\"query-input\":{\"@type\":\"PropertyValueSpecification\",\"valueRequired\":true,\"valueName\":\"search_term_string\"}}],\"inLanguage\":\"pt-BR\"},{\"@type\":\"Organization\",\"@id\":\"https:\/\/www.suno.com.br\/noticias\/#organization\",\"name\":\"Suno Not\u00edcias\",\"url\":\"https:\/\/www.suno.com.br\/noticias\/\",\"logo\":{\"@type\":\"ImageObject\",\"inLanguage\":\"pt-BR\",\"@id\":\"https:\/\/www.suno.com.br\/noticias\/#\/schema\/logo\/image\/\",\"url\":\"https:\/\/files.sunoresearch.com.br\/n\/uploads\/2021\/09\/suno-logo.png\",\"contentUrl\":\"https:\/\/files.sunoresearch.com.br\/n\/uploads\/2021\/09\/suno-logo.png\",\"width\":180,\"height\":180,\"caption\":\"Suno Not\u00edcias\"},\"image\":{\"@id\":\"https:\/\/www.suno.com.br\/noticias\/#\/schema\/logo\/image\/\"},\"sameAs\":[\"https:\/\/facebook.com\/sunoresearch\",\"https:\/\/x.com\/sunoresearch\",\"https:\/\/www.instagram.com\/suno\",\"https:\/\/www.linkedin.com\/company\/suno-research\/\",\"https:\/\/www.youtube.com\/c\/sunoresearch\"]},{\"@type\":\"Person\",\"@id\":\"https:\/\/www.suno.com.br\/noticias\/#\/schema\/person\/a0be106724f6f5d705d70f04333cb249\",\"name\":\"Isabella Taglapietra\",\"image\":{\"@type\":\"ImageObject\",\"inLanguage\":\"pt-BR\",\"@id\":\"https:\/\/www.suno.com.br\/noticias\/#\/schema\/person\/image\/\",\"url\":\"https:\/\/secure.gravatar.com\/avatar\/089c9e06b71de293117116aaf339e22f?s=96&r=g\",\"contentUrl\":\"https:\/\/secure.gravatar.com\/avatar\/089c9e06b71de293117116aaf339e22f?s=96&r=g\",\"caption\":\"Isabella Taglapietra\"},\"description\":\"Rep\u00f3rter freelancer no Suno Not\u00edcias, cobre not\u00edcias di\u00e1rias sobre economia, balan\u00e7os trimestrais e pesquisas. Formada em jornalismo pela Faculdade C\u00e1sper L\u00edbero e p\u00f3s-graduanda em mercado de capitais pela Fecap, atuou como rep\u00f3rter de economia e finan\u00e7as no portal CRC!News e Elas que Lucrem, al\u00e9m de social media para empresas do mercado financeiro.\",\"url\":\"https:\/\/www.suno.com.br\/noticias\/author\/isabella-taglapietra\/\"}]}<\/script>\n<!-- \/ Yoast SEO plugin. -->","yoast_head_json":{"title":"Radar: TIM (TIMS3) pagar\u00e1 JCP milion\u00e1rio, Petrobras (PETRA4) deixa carteira da Warren e HGLG11 assegura bom rendimento no m\u00eas","description":"Tim vai pagar R$ 480 milh\u00f5es em JCP aos acionistas e Petrobras sai da carteira recomendada da Warren. Confira principais not\u00edcias.","robots":{"index":"index","follow":"follow","max-snippet":"max-snippet:-1","max-image-preview":"max-image-preview:large","max-video-preview":"max-video-preview:-1"},"canonical":"https:\/\/www.suno.com.br\/noticias\/radar-tim-tims3-petrobras-petra4-hglg11\/","og_locale":"pt_BR","og_type":"article","og_title":"Radar: TIM (TIMS3) pagar\u00e1 JCP milion\u00e1rio, Petrobras (PETRA4) deixa carteira da Warren e HGLG11 assegura bom rendimento no m\u00eas","og_description":"Tim vai pagar R$ 480 milh\u00f5es em JCP aos acionistas e Petrobras sai da carteira recomendada da Warren. Confira principais not\u00edcias.","og_url":"https:\/\/www.suno.com.br\/noticias\/radar-tim-tims3-petrobras-petra4-hglg11\/","og_site_name":"Suno Not\u00edcias","article_publisher":"https:\/\/facebook.com\/sunoresearch","og_image":[{"width":1200,"height":801,"url":"https:\/\/files.sunoresearch.com.br\/n\/uploads\/2022\/03\/tim-itajai-shopping.jpg","type":"image\/jpeg"}],"author":"Isabella Taglapietra","twitter_card":"summary_large_image","twitter_creator":"@sunoresearch","twitter_site":"@sunoresearch","twitter_misc":{"Escrito por":"Isabella Taglapietra","Est. tempo de leitura":"15 minutos"},"schema":{"@context":"https:\/\/schema.org","@graph":[{"@type":"NewsArticle","@id":"https:\/\/www.suno.com.br\/noticias\/radar-tim-tims3-petrobras-petra4-hglg11\/#article","isPartOf":{"@id":"https:\/\/www.suno.com.br\/noticias\/radar-tim-tims3-petrobras-petra4-hglg11\/"},"author":{"name":"Isabella Taglapietra","@id":"https:\/\/www.suno.com.br\/noticias\/#\/schema\/person\/a0be106724f6f5d705d70f04333cb249"},"headline":"Radar: TIM (TIMS3) pagar\u00e1 JCP milion\u00e1rio, Petrobras (PETRA4) deixa carteira da Warren e HGLG11 assegura bom rendimento no m\u00eas","datePublished":"2022-09-13T02:48:17+00:00","mainEntityOfPage":{"@id":"https:\/\/www.suno.com.br\/noticias\/radar-tim-tims3-petrobras-petra4-hglg11\/"},"wordCount":2734,"publisher":{"@id":"https:\/\/www.suno.com.br\/noticias\/#organization"},"image":{"@id":"https:\/\/www.suno.com.br\/noticias\/radar-tim-tims3-petrobras-petra4-hglg11\/#primaryimage"},"thumbnailUrl":"https:\/\/files.sunoresearch.com.br\/n\/uploads\/2022\/03\/tim-itajai-shopping.jpg","keywords":["TIM (TIMS3)"],"articleSection":["Neg\u00f3cios"],"inLanguage":"pt-BR"},{"@type":"WebPage","@id":"https:\/\/www.suno.com.br\/noticias\/radar-tim-tims3-petrobras-petra4-hglg11\/","url":"https:\/\/www.suno.com.br\/noticias\/radar-tim-tims3-petrobras-petra4-hglg11\/","name":"Radar: TIM (TIMS3) pagar\u00e1 JCP milion\u00e1rio, Petrobras (PETRA4) deixa carteira da Warren e HGLG11 assegura bom rendimento no m\u00eas","isPartOf":{"@id":"https:\/\/www.suno.com.br\/noticias\/#website"},"primaryImageOfPage":{"@id":"https:\/\/www.suno.com.br\/noticias\/radar-tim-tims3-petrobras-petra4-hglg11\/#primaryimage"},"image":{"@id":"https:\/\/www.suno.com.br\/noticias\/radar-tim-tims3-petrobras-petra4-hglg11\/#primaryimage"},"thumbnailUrl":"https:\/\/files.sunoresearch.com.br\/n\/uploads\/2022\/03\/tim-itajai-shopping.jpg","datePublished":"2022-09-13T02:48:17+00:00","description":"Tim vai pagar R$ 480 milh\u00f5es em JCP aos acionistas e Petrobras sai da carteira recomendada da Warren. Confira principais not\u00edcias.","breadcrumb":{"@id":"https:\/\/www.suno.com.br\/noticias\/radar-tim-tims3-petrobras-petra4-hglg11\/#breadcrumb"},"inLanguage":"pt-BR","potentialAction":[{"@type":"ReadAction","target":["https:\/\/www.suno.com.br\/noticias\/radar-tim-tims3-petrobras-petra4-hglg11\/"]}]},{"@type":"ImageObject","inLanguage":"pt-BR","@id":"https:\/\/www.suno.com.br\/noticias\/radar-tim-tims3-petrobras-petra4-hglg11\/#primaryimage","url":"https:\/\/files.sunoresearch.com.br\/n\/uploads\/2022\/03\/tim-itajai-shopping.jpg","contentUrl":"https:\/\/files.sunoresearch.com.br\/n\/uploads\/2022\/03\/tim-itajai-shopping.jpg","width":1200,"height":801,"caption":"Loja da TIM. Foto: Reprodu\u00e7\u00e3o Itaja\u00ed Shopping."},{"@type":"BreadcrumbList","@id":"https:\/\/www.suno.com.br\/noticias\/radar-tim-tims3-petrobras-petra4-hglg11\/#breadcrumb","itemListElement":[{"@type":"ListItem","position":1,"name":"Not\u00edcias","item":"https:\/\/www.suno.com.br\/noticias\/"},{"@type":"ListItem","position":2,"name":"Neg\u00f3cios","item":"https:\/\/www.suno.com.br\/noticias\/negocios\/"},{"@type":"ListItem","position":3,"name":"Radar: TIM (TIMS3) pagar\u00e1 JCP milion\u00e1rio, Petrobras (PETRA4) deixa carteira da Warren e HGLG11 assegura bom rendimento no m\u00eas"}]},{"@type":"WebSite","@id":"https:\/\/www.suno.com.br\/noticias\/#website","url":"https:\/\/www.suno.com.br\/noticias\/","name":"Suno Not\u00edcias","description":"Seu portal de informa\u00e7\u00e3o sobre o mundo dos investimentos","publisher":{"@id":"https:\/\/www.suno.com.br\/noticias\/#organization"},"potentialAction":[{"@type":"SearchAction","target":{"@type":"EntryPoint","urlTemplate":"https:\/\/www.suno.com.br\/noticias\/?s={search_term_string}"},"query-input":{"@type":"PropertyValueSpecification","valueRequired":true,"valueName":"search_term_string"}}],"inLanguage":"pt-BR"},{"@type":"Organization","@id":"https:\/\/www.suno.com.br\/noticias\/#organization","name":"Suno Not\u00edcias","url":"https:\/\/www.suno.com.br\/noticias\/","logo":{"@type":"ImageObject","inLanguage":"pt-BR","@id":"https:\/\/www.suno.com.br\/noticias\/#\/schema\/logo\/image\/","url":"https:\/\/files.sunoresearch.com.br\/n\/uploads\/2021\/09\/suno-logo.png","contentUrl":"https:\/\/files.sunoresearch.com.br\/n\/uploads\/2021\/09\/suno-logo.png","width":180,"height":180,"caption":"Suno Not\u00edcias"},"image":{"@id":"https:\/\/www.suno.com.br\/noticias\/#\/schema\/logo\/image\/"},"sameAs":["https:\/\/facebook.com\/sunoresearch","https:\/\/x.com\/sunoresearch","https:\/\/www.instagram.com\/suno","https:\/\/www.linkedin.com\/company\/suno-research\/","https:\/\/www.youtube.com\/c\/sunoresearch"]},{"@type":"Person","@id":"https:\/\/www.suno.com.br\/noticias\/#\/schema\/person\/a0be106724f6f5d705d70f04333cb249","name":"Isabella Taglapietra","image":{"@type":"ImageObject","inLanguage":"pt-BR","@id":"https:\/\/www.suno.com.br\/noticias\/#\/schema\/person\/image\/","url":"https:\/\/secure.gravatar.com\/avatar\/089c9e06b71de293117116aaf339e22f?s=96&r=g","contentUrl":"https:\/\/secure.gravatar.com\/avatar\/089c9e06b71de293117116aaf339e22f?s=96&r=g","caption":"Isabella Taglapietra"},"description":"Rep\u00f3rter freelancer no Suno Not\u00edcias, cobre not\u00edcias di\u00e1rias sobre economia, balan\u00e7os trimestrais e pesquisas. Formada em jornalismo pela Faculdade C\u00e1sper L\u00edbero e p\u00f3s-graduanda em mercado de capitais pela Fecap, atuou como rep\u00f3rter de economia e finan\u00e7as no portal CRC!News e Elas que Lucrem, al\u00e9m de social media para empresas do mercado financeiro.","url":"https:\/\/www.suno.com.br\/noticias\/author\/isabella-taglapietra\/"}]}},"default_loop_html":"<div class=\"cardsPage__listCard__boxs\"><div class=\"cardsPage__listCard__boxs__img\"><a href=\"https:\/\/www.suno.com.br\/noticias\/radar-tim-tims3-petrobras-petra4-hglg11\/\"><img class=\"mask\" src=\"https:\/\/www.suno.com.br\/noticias\/wp-content\/themes\/suno\/resources\/images\/spotlight\/spotlight1img\/bg-mask.png\" alt=\"Image Mask\"\/><img src=\"https:\/\/files.sunoresearch.com.br\/n\/uploads\/2022\/03\/tim-itajai-shopping-400x200.jpg\" alt=\"Radar: TIM (TIMS3) pagar\u00e1 JCP milion\u00e1rio, Petrobras (PETRA4) deixa carteira da Warren e HGLG11 assegura bom rendimento no m\u00eas\"\/><\/a><span class=\"spotlightCategory\"><a href=\"https:\/\/www.suno.com.br\/noticias\/negocios\/\">Neg\u00f3cios<\/a><\/span><\/div><div class=\"cardsPage__listCard__boxs__content\"><a href=\"https:\/\/www.suno.com.br\/noticias\/radar-tim-tims3-petrobras-petra4-hglg11\/\"><h2 class=\"content__title\">Radar: TIM (TIMS3) pagar\u00e1 JCP milion\u00e1rio, Petrobras (PETRA4) deixa carteira da Warren e HGLG11 assegura bom rendimento no m\u00eas<\/h2><\/a><div class=\"newsContent__article__meta\"><div class=\"newsContent__article__meta__authorBox\"><a href=\"https:\/\/www.suno.com.br\/noticias\/author\/isabella-taglapietra\/\" class=\"authorBox__avatar noMobi\"><img src=\"https:\/\/files.sunoresearch.com.br\/n\/uploads\/2022\/08\/WhatsApp-Image-2022-08-04-at-12.40.27-150x150.jpeg\" alt=\"Isabella Taglapietra\"><\/a><div class=\"authorBox__name\"><span>por\n\t\t\t<a href=\"https:\/\/www.suno.com.br\/noticias\/author\/isabella-taglapietra\/\"><span itemprop=\"author\">Isabella Taglapietra<\/span><\/a><\/span><time datetime=\"2022-09-12T23:48:17-03:00\" itemprop=\"datePublished\">12\/09\/2022 23:48<\/time><\/div><\/div><\/div><\/div><\/div>","single_layout":"posts","amp_enabled":true,"_links":{"self":[{"href":"https:\/\/www.suno.com.br\/noticias\/wp-json\/wp\/v2\/posts\/296756"}],"collection":[{"href":"https:\/\/www.suno.com.br\/noticias\/wp-json\/wp\/v2\/posts"}],"about":[{"href":"https:\/\/www.suno.com.br\/noticias\/wp-json\/wp\/v2\/types\/post"}],"author":[{"embeddable":true,"href":"https:\/\/www.suno.com.br\/noticias\/wp-json\/wp\/v2\/users\/194"}],"replies":[{"embeddable":true,"href":"https:\/\/www.suno.com.br\/noticias\/wp-json\/wp\/v2\/comments?post=296756"}],"version-history":[{"count":3,"href":"https:\/\/www.suno.com.br\/noticias\/wp-json\/wp\/v2\/posts\/296756\/revisions"}],"predecessor-version":[{"id":296807,"href":"https:\/\/www.suno.com.br\/noticias\/wp-json\/wp\/v2\/posts\/296756\/revisions\/296807"}],"wp:featuredmedia":[{"embeddable":true,"href":"https:\/\/www.suno.com.br\/noticias\/wp-json\/wp\/v2\/media\/244179"}],"wp:attachment":[{"href":"https:\/\/www.suno.com.br\/noticias\/wp-json\/wp\/v2\/media?parent=296756"}],"wp:term":[{"taxonomy":"category","embeddable":true,"href":"https:\/\/www.suno.com.br\/noticias\/wp-json\/wp\/v2\/categories?post=296756"},{"taxonomy":"post_tag","embeddable":true,"href":"https:\/\/www.suno.com.br\/noticias\/wp-json\/wp\/v2\/tags?post=296756"},{"taxonomy":"suno_strategy","embeddable":true,"href":"https:\/\/www.suno.com.br\/noticias\/wp-json\/wp\/v2\/suno_strategy?post=296756"}],"curies":[{"name":"wp","href":"https:\/\/api.w.org\/{rel}","templated":true}]}}