{"id":296370,"date":"2022-09-12T16:32:10","date_gmt":"2022-09-12T19:32:10","guid":{"rendered":"https:\/\/www.suno.com.br\/noticias\/?p=296370"},"modified":"2022-09-12T18:23:21","modified_gmt":"2022-09-12T21:23:21","slug":"leo-siqueira-felipe-davila","status":"publish","type":"post","link":"https:\/\/www.suno.com.br\/noticias\/leo-siqueira-felipe-davila\/","title":{"rendered":"Leo Siqueira \u00e9 escolhido por Felipe D&#8217;Avila para coordenar programa econ\u00f4mico"},"content":{"rendered":"<p>O ex-economista chefe da Suno Research<strong> Leo Siqueira<\/strong> foi nomeado pelo presidenci\u00e1vel Felipe D&#8217;Avila (Partido Novo) para coordenar o programa econ\u00f4mico do candidato \u00e0 presid\u00eancia.<\/p>\t<div class=\"wrapper-featured-image\">\n\t\t<figure class=\"spotlightImg\">\n\n\t\t\t<picture>\n\t\t\t\t<source media=\"(max-width: 768px)\" srcset=\"https:\/\/files.sunoresearch.com.br\/n\/uploads\/2022\/08\/Leo-Siqueira-400x200.jpg\">\n\t\t\t\t<img loading=\"lazy\" decoding=\"async\" class=\"newsContent__article__imgCapa lazyloadDisabled \" src=\"https:\/\/files.sunoresearch.com.br\/n\/uploads\/2022\/08\/Leo-Siqueira-800x450.jpg\" width=\"800\" height=\"450\" alt=\"Leo Siqueira \u00e9 escolhido por Felipe D&#8217;Avila para coordenar programa econ\u00f4mico\" fetchpriority=high \/>\n\t\t\t<\/picture>\n\n\t\t\t<figcaption class=\"wp-caption-text wp-caption-text--show\">Leo Siqueira, ex-colaborador da Suno. Foto: Divulga\u00e7\u00e3o<\/figcaption>\n\t\t<\/figure>\n\t<\/div>\n\n\n\t<p>\n\t\t<a href=\"\" target=\"_blank\" data-element=\"shortcode-suno-banner\" title=\"Banner SUNO, clique e saiba mais\">\n\t\t\t<picture>\n\t\t\t\t<source media=\"(max-width: 500px)\" srcset=\"\">\n\t\t\t\t<img class=\"newsContent__article__imgCapa newsContent__article__imgCapa--banner\"\n\t\t\t\t\tsrc=\"\"\n\t\t\t\t\tdata-promo-id=\"240038\"\t\t\t\t\t\t\t\t\t\t\t\t\t\t\talt=\"\"\n\t\t\t\t>\n\t\t\t<\/picture>\n\t\t<\/a>\n\t<\/p>\n\n\n<p>Formado pela FGV\/EESP, com mestrado em Economia pela Barcelona School of Economics e atualmente doutorando em Economia no Insper, Leo Siqueira foi respons\u00e1vel por iniciar o relat\u00f3rio de Economia da Suno, hoje liderado por Gustavo Sung. Antes de se juntar \u00e0 Suno Research, Leo Siqueira passou pelo BTG Pactual e o Ita\u00fa BBA.<\/p>\n<p>Siqueira tamb\u00e9m \u00e9 candidato a deputado estadual em S\u00e3o Paulo, pelo Partido Novo. Em suas redes sociais, produz conte\u00fados voltados para a \u00e1rea de economia e finan\u00e7as pessoais.<\/p>\n<p>O <strong>programa de governo de Felipe D&#8217;Avila<\/strong>, j\u00e1 protocolado no Tribunal Superior Eleitoral (TSE), teve participa\u00e7\u00e3o de especialistas de diversas \u00e1reas. S\u00e3o mais de 40 nomes, sendo alguns deles: Sandra Rios (Diretora do Centro de Estudos de Integra\u00e7\u00e3o e Desenvolvimento), Gesner Oliveira (professor de economia na FGV) e Edmar Bacha, que participou da elabora\u00e7\u00e3o do <strong>Plano Real.<\/strong><\/p>\n<p>O candidato ainda est\u00e1 recebendo contribui\u00e7\u00f5es e sugest\u00f5es de eleitores e internautas por meio de sua p\u00e1gina na internet.<\/p>\n\t<p>\n\t\t<a href=\"https:\/\/lp.suno.com.br\/planilha-controle-gastos\/\" target=\"_blank\" data-element=\"shortcode-suno-banner\" title=\"Banner SUNO, clique e saiba mais\">\n\t\t\t<picture>\n\t\t\t\t<source media=\"(max-width: 500px)\" srcset=\"https:\/\/files.sunoresearch.com.br\/n\/uploads\/2023\/03\/400x300-Planilha-controle-de-gastos.png\">\n\t\t\t\t<img class=\"newsContent__article__imgCapa newsContent__article__imgCapa--banner\"\n\t\t\t\t\tsrc=\"https:\/\/files.sunoresearch.com.br\/n\/uploads\/2023\/03\/1420x240-Planilha-controle-de-gastos.png\"\n\t\t\t\t\tdata-promo-id=\"101751\"\t\t\t\t\t\t\t\t\t\twidth='1420' height='240'\t\t\t\t\talt=\"https:\/\/files.sunoresearch.com.br\/n\/uploads\/2023\/03\/1420x240-Planilha-controle-de-gastos.png\"\n\t\t\t\t>\n\t\t\t<\/picture>\n\t\t<\/a>\n\t<\/p>\n\n\n<h2>Leo Siqueira lidera \u201cvaquinha\u201d para campanha<\/h2>\n<p>O ex-colaborador da Suno fez uma \u201cvaquinha\u201d para arrecada\u00e7\u00e3o financeira para sua campanha de deputado estadual.<\/p>\n<p>Com quase R$ 90 mil arrecadados at\u00e9 agora, o economista e aspirante ao cargo pol\u00edtico \u00e9 contra usar qualquer recurso p\u00fablico para financiamento eleitoral.<\/p>\n<p>Em site para arrecada\u00e7\u00e3o financeira de sua candidatura, Siqueira diz que \u201cn\u00e3o usar\u00e1 nem 1 centavo do <strong>fund\u00e3o eleitoral<\/strong>\u201d, contando apenas com a ajuda volunt\u00e1ria de apoiadores para se eleger como deputado.<\/p>\n<p>Conhecido por ter um dos maiores engajamentos nas suas redes sociais, Leonardo Siqueira ajudou a construir o relat\u00f3rio de Economia da Suno. At\u00e9 o momento, a<strong> vaquinha de Leo Siqueira<\/strong> j\u00e1 teve mais de 533 doadores.<\/p>\n<p>Com forma\u00e7\u00e3o liberal, Leo Siqueira quer chegar \u00e0 Assembleia Legislativa de S\u00e3o Paulo carregando a seguinte pauta pol\u00edtica:<\/p>\n<ul>\n<li>Igualdade de oportunidades<\/li>\n<li>Combate aos privil\u00e9gios<\/li>\n<li>Melhora no ambiente de neg\u00f3cios<\/li>\n<\/ul>\n<p>De acordo com <strong>Leo Siqueira<\/strong>, \u201cs\u00e3o necess\u00e1rios mais dados e evid\u00eancia no debate pol\u00edtico. E menos ideologia. E s\u00f3 gente nova e com cabe\u00e7a boa pode trazer isso\u201d.<\/p>\n\t<p>\n\t\t<a href=\"https:\/\/lp.suno.com.br\/planilha-da-vida-financeira\/\" target=\"_blank\" data-element=\"shortcode-suno-banner\" title=\"Banner SUNO, clique e saiba mais\">\n\t\t\t<picture>\n\t\t\t\t<source media=\"(max-width: 500px)\" srcset=\"https:\/\/files.sunoresearch.com.br\/n\/uploads\/2023\/04\/400x300-Planilha-vida-financeira-true.png\">\n\t\t\t\t<img class=\"newsContent__article__imgCapa newsContent__article__imgCapa--banner\"\n\t\t\t\t\tsrc=\"https:\/\/files.sunoresearch.com.br\/n\/uploads\/2023\/04\/1420x240-Planilha-vida-financeira-true.png\"\n\t\t\t\t\tdata-promo-id=\"106682\"\t\t\t\t\t\t\t\t\t\twidth='1420' height='240'\t\t\t\t\talt=\"https:\/\/files.sunoresearch.com.br\/n\/uploads\/2023\/04\/1420x240-Planilha-vida-financeira-true.png\"\n\t\t\t\t>\n\t\t\t<\/picture>\n\t\t<\/a>\n\t<\/p>\n\n\n","protected":false},"excerpt":{"rendered":"<p>O ex-economista chefe da Suno Research Leo Siqueira foi nomeado pelo presidenci\u00e1vel Felipe D&#8217;Avila (Partido Novo) para coordenar o programa econ\u00f4mico do candidato \u00e0 presid\u00eancia. Leo Siqueira, ex-colaborador da Suno. Foto: Divulga\u00e7\u00e3o Formado pela FGV\/EESP, com mestrado em Economia pela Barcelona School of Economics e atualmente doutorando em Economia no Insper, Leo Siqueira foi respons\u00e1vel [&hellip;]<\/p>\n","protected":false},"author":192,"featured_media":283693,"comment_status":"closed","ping_status":"closed","sticky":false,"template":"","format":"standard","meta":[],"categories":[61],"tags":[697],"suno_strategy":[],"class_list":["post-296370","post","type-post","status-publish","format-standard","has-post-thumbnail","hentry","category-politica","tag-eleicoes"],"yoast_head":"<!-- This site is optimized with the Yoast SEO plugin v24.4 - https:\/\/yoast.com\/wordpress\/plugins\/seo\/ -->\n<title>Leo Siqueira \u00e9 escolhido por D&#039;Avila para coordenar programa econ\u00f4mico<\/title>\n<meta name=\"description\" content=\"Leo Siqueira \u00e9 formado pela FGV e doutorando pelo Insper. Passou pelo BTG Pactual e Ita\u00fa BBA, al\u00e9m da Suno Research. Veja propostas.\" \/>\n<meta name=\"robots\" content=\"index, follow, max-snippet:-1, max-image-preview:large, max-video-preview:-1\" \/>\n<link rel=\"canonical\" href=\"https:\/\/www.suno.com.br\/noticias\/leo-siqueira-felipe-davila\/\" \/>\n<meta property=\"og:locale\" content=\"pt_BR\" \/>\n<meta property=\"og:type\" content=\"article\" \/>\n<meta property=\"og:title\" content=\"Leo Siqueira \u00e9 escolhido por D&#039;Avila para coordenar programa econ\u00f4mico\" \/>\n<meta property=\"og:description\" content=\"Leo Siqueira \u00e9 formado pela FGV e doutorando pelo Insper. Passou pelo BTG Pactual e Ita\u00fa BBA, al\u00e9m da Suno Research. Veja propostas.\" \/>\n<meta property=\"og:url\" content=\"https:\/\/www.suno.com.br\/noticias\/leo-siqueira-felipe-davila\/\" \/>\n<meta property=\"og:site_name\" content=\"Suno Not\u00edcias\" \/>\n<meta property=\"article:publisher\" content=\"https:\/\/facebook.com\/sunoresearch\" \/>\n<meta property=\"og:image\" content=\"https:\/\/files.sunoresearch.com.br\/n\/uploads\/2022\/08\/Leo-Siqueira.jpg\" \/>\n\t<meta property=\"og:image:width\" content=\"1200\" \/>\n\t<meta property=\"og:image:height\" content=\"800\" \/>\n\t<meta property=\"og:image:type\" content=\"image\/jpeg\" \/>\n<meta name=\"author\" content=\"Laura Intrieri\" \/>\n<meta name=\"twitter:card\" content=\"summary_large_image\" \/>\n<meta name=\"twitter:creator\" content=\"@sunoresearch\" \/>\n<meta name=\"twitter:site\" content=\"@sunoresearch\" \/>\n<meta name=\"twitter:label1\" content=\"Escrito por\" \/>\n\t<meta name=\"twitter:data1\" content=\"Laura Intrieri\" \/>\n\t<meta name=\"twitter:label2\" content=\"Est. tempo de leitura\" \/>\n\t<meta name=\"twitter:data2\" content=\"2 minutos\" \/>\n<script type=\"application\/ld+json\" class=\"yoast-schema-graph\">{\"@context\":\"https:\/\/schema.org\",\"@graph\":[{\"@type\":\"NewsArticle\",\"@id\":\"https:\/\/www.suno.com.br\/noticias\/leo-siqueira-felipe-davila\/#article\",\"isPartOf\":{\"@id\":\"https:\/\/www.suno.com.br\/noticias\/leo-siqueira-felipe-davila\/\"},\"author\":{\"name\":\"Laura Intrieri\",\"@id\":\"https:\/\/www.suno.com.br\/noticias\/#\/schema\/person\/653a8428016d45b19031651c57b94f82\"},\"headline\":\"Leo Siqueira \u00e9 escolhido por Felipe D&#8217;Avila para coordenar programa econ\u00f4mico\",\"datePublished\":\"2022-09-12T19:32:10+00:00\",\"dateModified\":\"2022-09-12T21:23:21+00:00\",\"mainEntityOfPage\":{\"@id\":\"https:\/\/www.suno.com.br\/noticias\/leo-siqueira-felipe-davila\/\"},\"wordCount\":402,\"publisher\":{\"@id\":\"https:\/\/www.suno.com.br\/noticias\/#organization\"},\"image\":{\"@id\":\"https:\/\/www.suno.com.br\/noticias\/leo-siqueira-felipe-davila\/#primaryimage\"},\"thumbnailUrl\":\"https:\/\/files.sunoresearch.com.br\/n\/uploads\/2022\/08\/Leo-Siqueira.jpg\",\"keywords\":[\"Elei\u00e7\u00f5es\"],\"articleSection\":[\"Pol\u00edtica\"],\"inLanguage\":\"pt-BR\"},{\"@type\":\"WebPage\",\"@id\":\"https:\/\/www.suno.com.br\/noticias\/leo-siqueira-felipe-davila\/\",\"url\":\"https:\/\/www.suno.com.br\/noticias\/leo-siqueira-felipe-davila\/\",\"name\":\"Leo Siqueira \u00e9 escolhido por D'Avila para coordenar programa econ\u00f4mico\",\"isPartOf\":{\"@id\":\"https:\/\/www.suno.com.br\/noticias\/#website\"},\"primaryImageOfPage\":{\"@id\":\"https:\/\/www.suno.com.br\/noticias\/leo-siqueira-felipe-davila\/#primaryimage\"},\"image\":{\"@id\":\"https:\/\/www.suno.com.br\/noticias\/leo-siqueira-felipe-davila\/#primaryimage\"},\"thumbnailUrl\":\"https:\/\/files.sunoresearch.com.br\/n\/uploads\/2022\/08\/Leo-Siqueira.jpg\",\"datePublished\":\"2022-09-12T19:32:10+00:00\",\"dateModified\":\"2022-09-12T21:23:21+00:00\",\"description\":\"Leo Siqueira \u00e9 formado pela FGV e doutorando pelo Insper. Passou pelo BTG Pactual e Ita\u00fa BBA, al\u00e9m da Suno Research. Veja propostas.\",\"breadcrumb\":{\"@id\":\"https:\/\/www.suno.com.br\/noticias\/leo-siqueira-felipe-davila\/#breadcrumb\"},\"inLanguage\":\"pt-BR\",\"potentialAction\":[{\"@type\":\"ReadAction\",\"target\":[\"https:\/\/www.suno.com.br\/noticias\/leo-siqueira-felipe-davila\/\"]}]},{\"@type\":\"ImageObject\",\"inLanguage\":\"pt-BR\",\"@id\":\"https:\/\/www.suno.com.br\/noticias\/leo-siqueira-felipe-davila\/#primaryimage\",\"url\":\"https:\/\/files.sunoresearch.com.br\/n\/uploads\/2022\/08\/Leo-Siqueira.jpg\",\"contentUrl\":\"https:\/\/files.sunoresearch.com.br\/n\/uploads\/2022\/08\/Leo-Siqueira.jpg\",\"width\":1200,\"height\":800,\"caption\":\"Leo Siqueira, ex-colaborador da Suno. Foto: Divulga\u00e7\u00e3o\"},{\"@type\":\"BreadcrumbList\",\"@id\":\"https:\/\/www.suno.com.br\/noticias\/leo-siqueira-felipe-davila\/#breadcrumb\",\"itemListElement\":[{\"@type\":\"ListItem\",\"position\":1,\"name\":\"Not\u00edcias\",\"item\":\"https:\/\/www.suno.com.br\/noticias\/\"},{\"@type\":\"ListItem\",\"position\":2,\"name\":\"Pol\u00edtica\",\"item\":\"https:\/\/www.suno.com.br\/noticias\/politica\/\"},{\"@type\":\"ListItem\",\"position\":3,\"name\":\"Leo Siqueira \u00e9 escolhido por Felipe D&#8217;Avila para coordenar programa econ\u00f4mico\"}]},{\"@type\":\"WebSite\",\"@id\":\"https:\/\/www.suno.com.br\/noticias\/#website\",\"url\":\"https:\/\/www.suno.com.br\/noticias\/\",\"name\":\"Suno Not\u00edcias\",\"description\":\"Seu portal de informa\u00e7\u00e3o sobre o mundo dos investimentos\",\"publisher\":{\"@id\":\"https:\/\/www.suno.com.br\/noticias\/#organization\"},\"potentialAction\":[{\"@type\":\"SearchAction\",\"target\":{\"@type\":\"EntryPoint\",\"urlTemplate\":\"https:\/\/www.suno.com.br\/noticias\/?s={search_term_string}\"},\"query-input\":{\"@type\":\"PropertyValueSpecification\",\"valueRequired\":true,\"valueName\":\"search_term_string\"}}],\"inLanguage\":\"pt-BR\"},{\"@type\":\"Organization\",\"@id\":\"https:\/\/www.suno.com.br\/noticias\/#organization\",\"name\":\"Suno Not\u00edcias\",\"url\":\"https:\/\/www.suno.com.br\/noticias\/\",\"logo\":{\"@type\":\"ImageObject\",\"inLanguage\":\"pt-BR\",\"@id\":\"https:\/\/www.suno.com.br\/noticias\/#\/schema\/logo\/image\/\",\"url\":\"https:\/\/files.sunoresearch.com.br\/n\/uploads\/2021\/09\/suno-logo.png\",\"contentUrl\":\"https:\/\/files.sunoresearch.com.br\/n\/uploads\/2021\/09\/suno-logo.png\",\"width\":180,\"height\":180,\"caption\":\"Suno Not\u00edcias\"},\"image\":{\"@id\":\"https:\/\/www.suno.com.br\/noticias\/#\/schema\/logo\/image\/\"},\"sameAs\":[\"https:\/\/facebook.com\/sunoresearch\",\"https:\/\/x.com\/sunoresearch\",\"https:\/\/www.instagram.com\/suno\",\"https:\/\/www.linkedin.com\/company\/suno-research\/\",\"https:\/\/www.youtube.com\/c\/sunoresearch\"]},{\"@type\":\"Person\",\"@id\":\"https:\/\/www.suno.com.br\/noticias\/#\/schema\/person\/653a8428016d45b19031651c57b94f82\",\"name\":\"Laura Intrieri\",\"image\":{\"@type\":\"ImageObject\",\"inLanguage\":\"pt-BR\",\"@id\":\"https:\/\/www.suno.com.br\/noticias\/#\/schema\/person\/image\/\",\"url\":\"https:\/\/secure.gravatar.com\/avatar\/27e3058d15d09a0a778c3d387c062d71?s=96&r=g\",\"contentUrl\":\"https:\/\/secure.gravatar.com\/avatar\/27e3058d15d09a0a778c3d387c062d71?s=96&r=g\",\"caption\":\"Laura Intrieri\"},\"description\":\"Rep\u00f3rter no Suno Not\u00edcias, cobre mercados, pol\u00edtica e economia. Escreve sobre Bolsa de Valores. Formada em Administra\u00e7\u00e3o P\u00fablica pela Funda\u00e7\u00e3o Get\u00falio Vargas, j\u00e1 passou pelo portal Money Times, escrevendo sobre pol\u00edtica e economia para a editoria \\\"Brasil\\\". Tamb\u00e9m j\u00e1 contribuiu para Ag\u00eancia Estado, cobrindo balan\u00e7os trimestrais e relat\u00f3rios de casas de an\u00e1lise. J\u00e1 produziu podcasts educativos e corporativos para a FGV EAESP. Durante a gradua\u00e7\u00e3o, desempenhou atividades acad\u00eamicas com enfoque em Finan\u00e7as P\u00fablicas.\",\"url\":\"https:\/\/www.suno.com.br\/noticias\/author\/laura-intrieri\/\"}]}<\/script>\n<!-- \/ Yoast SEO plugin. -->","yoast_head_json":{"title":"Leo Siqueira \u00e9 escolhido por D'Avila para coordenar programa econ\u00f4mico","description":"Leo Siqueira \u00e9 formado pela FGV e doutorando pelo Insper. Passou pelo BTG Pactual e Ita\u00fa BBA, al\u00e9m da Suno Research. Veja propostas.","robots":{"index":"index","follow":"follow","max-snippet":"max-snippet:-1","max-image-preview":"max-image-preview:large","max-video-preview":"max-video-preview:-1"},"canonical":"https:\/\/www.suno.com.br\/noticias\/leo-siqueira-felipe-davila\/","og_locale":"pt_BR","og_type":"article","og_title":"Leo Siqueira \u00e9 escolhido por D'Avila para coordenar programa econ\u00f4mico","og_description":"Leo Siqueira \u00e9 formado pela FGV e doutorando pelo Insper. Passou pelo BTG Pactual e Ita\u00fa BBA, al\u00e9m da Suno Research. Veja propostas.","og_url":"https:\/\/www.suno.com.br\/noticias\/leo-siqueira-felipe-davila\/","og_site_name":"Suno Not\u00edcias","article_publisher":"https:\/\/facebook.com\/sunoresearch","og_image":[{"width":1200,"height":800,"url":"https:\/\/files.sunoresearch.com.br\/n\/uploads\/2022\/08\/Leo-Siqueira.jpg","type":"image\/jpeg"}],"author":"Laura Intrieri","twitter_card":"summary_large_image","twitter_creator":"@sunoresearch","twitter_site":"@sunoresearch","twitter_misc":{"Escrito por":"Laura Intrieri","Est. tempo de leitura":"2 minutos"},"schema":{"@context":"https:\/\/schema.org","@graph":[{"@type":"NewsArticle","@id":"https:\/\/www.suno.com.br\/noticias\/leo-siqueira-felipe-davila\/#article","isPartOf":{"@id":"https:\/\/www.suno.com.br\/noticias\/leo-siqueira-felipe-davila\/"},"author":{"name":"Laura Intrieri","@id":"https:\/\/www.suno.com.br\/noticias\/#\/schema\/person\/653a8428016d45b19031651c57b94f82"},"headline":"Leo Siqueira \u00e9 escolhido por Felipe D&#8217;Avila para coordenar programa econ\u00f4mico","datePublished":"2022-09-12T19:32:10+00:00","dateModified":"2022-09-12T21:23:21+00:00","mainEntityOfPage":{"@id":"https:\/\/www.suno.com.br\/noticias\/leo-siqueira-felipe-davila\/"},"wordCount":402,"publisher":{"@id":"https:\/\/www.suno.com.br\/noticias\/#organization"},"image":{"@id":"https:\/\/www.suno.com.br\/noticias\/leo-siqueira-felipe-davila\/#primaryimage"},"thumbnailUrl":"https:\/\/files.sunoresearch.com.br\/n\/uploads\/2022\/08\/Leo-Siqueira.jpg","keywords":["Elei\u00e7\u00f5es"],"articleSection":["Pol\u00edtica"],"inLanguage":"pt-BR"},{"@type":"WebPage","@id":"https:\/\/www.suno.com.br\/noticias\/leo-siqueira-felipe-davila\/","url":"https:\/\/www.suno.com.br\/noticias\/leo-siqueira-felipe-davila\/","name":"Leo Siqueira \u00e9 escolhido por D'Avila para coordenar programa econ\u00f4mico","isPartOf":{"@id":"https:\/\/www.suno.com.br\/noticias\/#website"},"primaryImageOfPage":{"@id":"https:\/\/www.suno.com.br\/noticias\/leo-siqueira-felipe-davila\/#primaryimage"},"image":{"@id":"https:\/\/www.suno.com.br\/noticias\/leo-siqueira-felipe-davila\/#primaryimage"},"thumbnailUrl":"https:\/\/files.sunoresearch.com.br\/n\/uploads\/2022\/08\/Leo-Siqueira.jpg","datePublished":"2022-09-12T19:32:10+00:00","dateModified":"2022-09-12T21:23:21+00:00","description":"Leo Siqueira \u00e9 formado pela FGV e doutorando pelo Insper. Passou pelo BTG Pactual e Ita\u00fa BBA, al\u00e9m da Suno Research. Veja propostas.","breadcrumb":{"@id":"https:\/\/www.suno.com.br\/noticias\/leo-siqueira-felipe-davila\/#breadcrumb"},"inLanguage":"pt-BR","potentialAction":[{"@type":"ReadAction","target":["https:\/\/www.suno.com.br\/noticias\/leo-siqueira-felipe-davila\/"]}]},{"@type":"ImageObject","inLanguage":"pt-BR","@id":"https:\/\/www.suno.com.br\/noticias\/leo-siqueira-felipe-davila\/#primaryimage","url":"https:\/\/files.sunoresearch.com.br\/n\/uploads\/2022\/08\/Leo-Siqueira.jpg","contentUrl":"https:\/\/files.sunoresearch.com.br\/n\/uploads\/2022\/08\/Leo-Siqueira.jpg","width":1200,"height":800,"caption":"Leo Siqueira, ex-colaborador da Suno. Foto: Divulga\u00e7\u00e3o"},{"@type":"BreadcrumbList","@id":"https:\/\/www.suno.com.br\/noticias\/leo-siqueira-felipe-davila\/#breadcrumb","itemListElement":[{"@type":"ListItem","position":1,"name":"Not\u00edcias","item":"https:\/\/www.suno.com.br\/noticias\/"},{"@type":"ListItem","position":2,"name":"Pol\u00edtica","item":"https:\/\/www.suno.com.br\/noticias\/politica\/"},{"@type":"ListItem","position":3,"name":"Leo Siqueira \u00e9 escolhido por Felipe D&#8217;Avila para coordenar programa econ\u00f4mico"}]},{"@type":"WebSite","@id":"https:\/\/www.suno.com.br\/noticias\/#website","url":"https:\/\/www.suno.com.br\/noticias\/","name":"Suno Not\u00edcias","description":"Seu portal de informa\u00e7\u00e3o sobre o mundo dos investimentos","publisher":{"@id":"https:\/\/www.suno.com.br\/noticias\/#organization"},"potentialAction":[{"@type":"SearchAction","target":{"@type":"EntryPoint","urlTemplate":"https:\/\/www.suno.com.br\/noticias\/?s={search_term_string}"},"query-input":{"@type":"PropertyValueSpecification","valueRequired":true,"valueName":"search_term_string"}}],"inLanguage":"pt-BR"},{"@type":"Organization","@id":"https:\/\/www.suno.com.br\/noticias\/#organization","name":"Suno Not\u00edcias","url":"https:\/\/www.suno.com.br\/noticias\/","logo":{"@type":"ImageObject","inLanguage":"pt-BR","@id":"https:\/\/www.suno.com.br\/noticias\/#\/schema\/logo\/image\/","url":"https:\/\/files.sunoresearch.com.br\/n\/uploads\/2021\/09\/suno-logo.png","contentUrl":"https:\/\/files.sunoresearch.com.br\/n\/uploads\/2021\/09\/suno-logo.png","width":180,"height":180,"caption":"Suno Not\u00edcias"},"image":{"@id":"https:\/\/www.suno.com.br\/noticias\/#\/schema\/logo\/image\/"},"sameAs":["https:\/\/facebook.com\/sunoresearch","https:\/\/x.com\/sunoresearch","https:\/\/www.instagram.com\/suno","https:\/\/www.linkedin.com\/company\/suno-research\/","https:\/\/www.youtube.com\/c\/sunoresearch"]},{"@type":"Person","@id":"https:\/\/www.suno.com.br\/noticias\/#\/schema\/person\/653a8428016d45b19031651c57b94f82","name":"Laura Intrieri","image":{"@type":"ImageObject","inLanguage":"pt-BR","@id":"https:\/\/www.suno.com.br\/noticias\/#\/schema\/person\/image\/","url":"https:\/\/secure.gravatar.com\/avatar\/27e3058d15d09a0a778c3d387c062d71?s=96&r=g","contentUrl":"https:\/\/secure.gravatar.com\/avatar\/27e3058d15d09a0a778c3d387c062d71?s=96&r=g","caption":"Laura Intrieri"},"description":"Rep\u00f3rter no Suno Not\u00edcias, cobre mercados, pol\u00edtica e economia. Escreve sobre Bolsa de Valores. Formada em Administra\u00e7\u00e3o P\u00fablica pela Funda\u00e7\u00e3o Get\u00falio Vargas, j\u00e1 passou pelo portal Money Times, escrevendo sobre pol\u00edtica e economia para a editoria \"Brasil\". Tamb\u00e9m j\u00e1 contribuiu para Ag\u00eancia Estado, cobrindo balan\u00e7os trimestrais e relat\u00f3rios de casas de an\u00e1lise. J\u00e1 produziu podcasts educativos e corporativos para a FGV EAESP. Durante a gradua\u00e7\u00e3o, desempenhou atividades acad\u00eamicas com enfoque em Finan\u00e7as P\u00fablicas.","url":"https:\/\/www.suno.com.br\/noticias\/author\/laura-intrieri\/"}]}},"default_loop_html":"<div class=\"cardsPage__listCard__boxs\"><div class=\"cardsPage__listCard__boxs__img\"><a href=\"https:\/\/www.suno.com.br\/noticias\/leo-siqueira-felipe-davila\/\"><img class=\"mask\" src=\"https:\/\/www.suno.com.br\/noticias\/wp-content\/themes\/suno\/resources\/images\/spotlight\/spotlight1img\/bg-mask.png\" alt=\"Image Mask\"\/><img src=\"https:\/\/files.sunoresearch.com.br\/n\/uploads\/2022\/08\/Leo-Siqueira-400x200.jpg\" alt=\"Leo Siqueira \u00e9 escolhido por Felipe D&#8217;Avila para coordenar programa econ\u00f4mico\"\/><\/a><span class=\"spotlightCategory\"><a href=\"https:\/\/www.suno.com.br\/noticias\/politica\/\">Pol\u00edtica<\/a><\/span><\/div><div class=\"cardsPage__listCard__boxs__content\"><a href=\"https:\/\/www.suno.com.br\/noticias\/leo-siqueira-felipe-davila\/\"><h2 class=\"content__title\">Leo Siqueira \u00e9 escolhido por Felipe D&#8217;Avila para coordenar programa econ\u00f4mico<\/h2><\/a><div class=\"newsContent__article__meta\"><div class=\"newsContent__article__meta__authorBox\"><a href=\"https:\/\/www.suno.com.br\/noticias\/author\/laura-intrieri\/\" class=\"authorBox__avatar noMobi\"><img src=\"https:\/\/files.sunoresearch.com.br\/n\/uploads\/2022\/10\/WhatsApp-Image-2022-10-05-at-17.31.14-150x150.jpeg\" alt=\"Laura Intrieri\"><\/a><div class=\"authorBox__name\"><span>por\n\t\t\t<a href=\"https:\/\/www.suno.com.br\/noticias\/author\/laura-intrieri\/\"><span itemprop=\"author\">Laura Intrieri<\/span><\/a><\/span><time datetime=\"2022-09-12T16:32:10-03:00\" itemprop=\"datePublished\">12\/09\/2022 16:32<\/time><\/div><\/div><\/div><\/div><\/div>","single_layout":"posts","amp_enabled":true,"_links":{"self":[{"href":"https:\/\/www.suno.com.br\/noticias\/wp-json\/wp\/v2\/posts\/296370"}],"collection":[{"href":"https:\/\/www.suno.com.br\/noticias\/wp-json\/wp\/v2\/posts"}],"about":[{"href":"https:\/\/www.suno.com.br\/noticias\/wp-json\/wp\/v2\/types\/post"}],"author":[{"embeddable":true,"href":"https:\/\/www.suno.com.br\/noticias\/wp-json\/wp\/v2\/users\/192"}],"replies":[{"embeddable":true,"href":"https:\/\/www.suno.com.br\/noticias\/wp-json\/wp\/v2\/comments?post=296370"}],"version-history":[{"count":5,"href":"https:\/\/www.suno.com.br\/noticias\/wp-json\/wp\/v2\/posts\/296370\/revisions"}],"predecessor-version":[{"id":296701,"href":"https:\/\/www.suno.com.br\/noticias\/wp-json\/wp\/v2\/posts\/296370\/revisions\/296701"}],"wp:featuredmedia":[{"embeddable":true,"href":"https:\/\/www.suno.com.br\/noticias\/wp-json\/wp\/v2\/media\/283693"}],"wp:attachment":[{"href":"https:\/\/www.suno.com.br\/noticias\/wp-json\/wp\/v2\/media?parent=296370"}],"wp:term":[{"taxonomy":"category","embeddable":true,"href":"https:\/\/www.suno.com.br\/noticias\/wp-json\/wp\/v2\/categories?post=296370"},{"taxonomy":"post_tag","embeddable":true,"href":"https:\/\/www.suno.com.br\/noticias\/wp-json\/wp\/v2\/tags?post=296370"},{"taxonomy":"suno_strategy","embeddable":true,"href":"https:\/\/www.suno.com.br\/noticias\/wp-json\/wp\/v2\/suno_strategy?post=296370"}],"curies":[{"name":"wp","href":"https:\/\/api.w.org\/{rel}","templated":true}]}}