{"id":29615,"date":"2019-07-01T10:42:05","date_gmt":"2019-07-01T13:42:05","guid":{"rendered":"https:\/\/www.suno.com.br\/noticias\/?p=29615"},"modified":"2019-07-01T11:48:00","modified_gmt":"2019-07-01T14:48:00","slug":"ibovespa-01072019","status":"publish","type":"post","link":"https:\/\/www.suno.com.br\/noticias\/ibovespa-01072019\/","title":{"rendered":"Ibovespa sobe; Boletim Focus, BRF, Braskem, Magalu e reforma no radar"},"content":{"rendered":"<p>O Ibovespa iniciou a manh\u00e3 desta segunda-feira (2) em alta. O otimismo relativo a reforma da Previd\u00eancia e tamb\u00e9m ao acordo comercial entre Mercosul e Uni\u00e3o Europeia elevaram o principal \u00edndice da Bolsa de Valores.<\/p>\t<div class=\"wrapper-featured-image\">\n\t\t<figure class=\"spotlightImg\">\n\n\t\t\t<picture>\n\t\t\t\t<source media=\"(max-width: 768px)\" srcset=\"https:\/\/files.sunoresearch.com.br\/n\/uploads\/2019\/07\/0bff64a7-ibovespa-400x200.webp\">\n\t\t\t\t<img loading=\"lazy\" decoding=\"async\" class=\"newsContent__article__imgCapa lazyloadDisabled newsContent__article__imgCapa--noCaption\" src=\"https:\/\/files.sunoresearch.com.br\/n\/uploads\/2019\/07\/0bff64a7-ibovespa-800x450.webp\" width=\"800\" height=\"450\" alt=\"Ibovespa sobe; Boletim Focus, BRF, Braskem, Magalu e reforma no radar\" fetchpriority=high \/>\n\t\t\t<\/picture>\n\n\t\t\t<figcaption class=\"wp-caption-text wp-caption-text--hide\">O Ibovespa hoje encerrou em alta acompanhando as bolas internacionais<\/figcaption>\n\t\t<\/figure>\n\t<\/div>\n\n\n<p>Por volta das 10h40, o <strong>Ibovespa<\/strong> registrava uma alta de 1,31% somando 102.294,34 pontos.<\/p>\n\t<p>\n\t\t<a href=\"https:\/\/lp.suno.com.br\/planilha-da-vida-financeira\/\" target=\"_blank\" data-element=\"shortcode-suno-banner\" title=\"Banner SUNO, clique e saiba mais\">\n\t\t\t<picture>\n\t\t\t\t<source media=\"(max-width: 500px)\" srcset=\"https:\/\/files.sunoresearch.com.br\/n\/uploads\/2023\/04\/400x300-Planilha-vida-financeira-true.png\">\n\t\t\t\t<img class=\"newsContent__article__imgCapa newsContent__article__imgCapa--banner\"\n\t\t\t\t\tsrc=\"https:\/\/files.sunoresearch.com.br\/n\/uploads\/2023\/04\/1420x240-Planilha-vida-financeira-true.png\"\n\t\t\t\t\tdata-promo-id=\"106682\"\t\t\t\t\t\t\t\t\t\twidth='1420' height='240'\t\t\t\t\talt=\"https:\/\/files.sunoresearch.com.br\/n\/uploads\/2023\/04\/1420x240-Planilha-vida-financeira-true.png\"\n\t\t\t\t>\n\t\t\t<\/picture>\n\t\t<\/a>\n\t<\/p>\n\n\n<p>O otimismo dos investidores neste ano fizeram o Ibovespa crescer 14,88% no primeiro semestre deste ano. Al\u00e9m disso, as expectativas sobre a retomada econ\u00f4mica com base, principalmente, na aprova\u00e7\u00e3o da <strong>reforma da Previd\u00eancia<\/strong> fizeram o m\u00eas de junho registrar uma alta de 4,05% no \u00edndice.<\/p>\n<p>Nesta sess\u00e3o, al\u00e9m da reforma e do acordo entre Mercosul e Uni\u00e3o Europeia, outros fatores devem influenciar o \u00edndice, sendo eles:<\/p>\n<ul>\n<li><strong>BRF recebe oferta no Oriente M\u00e9dio;<\/strong><\/li>\n<li><strong>Bancos querem negociar a\u00e7\u00f5es da Braskem;<\/strong><\/li>\n<li><strong>CEO do Magalu fala sobre lojas f\u00edsicas da Netshoes;<\/strong><\/li>\n<li><strong>Boletim Focus reduz previs\u00e3o do PIB;<\/strong><\/li>\n<li><strong>IPO Neoenergia.<\/strong><\/li>\n<\/ul>\n<h2>Reforma da Previd\u00eancia<\/h2>\n<p>Na manh\u00e3 da pr\u00f3xima ter\u00e7a-feira (2), uma reuni\u00e3o deve ser feita pela manh\u00e3 entre deputados e governadores para discutir o texto da reforma. Al\u00e9m desses, devem participar do encontro o presidente da C\u00e2mara, <strong>Rodrigo<\/strong> <strong>Maia<\/strong> e o relator do parecer, <strong>Samuel<\/strong> <strong>Moreira<\/strong>.<\/p>\n<p>Esta semana \u00e9 crucial para a <strong>reforma<\/strong> <strong>da Previd\u00eancia<\/strong> na C\u00e2mara dos Deputados, uma vez que estados e munic\u00edpios podem ser reinclu\u00eddos no texto.<\/p>\n<p>Al\u00e9m disso, caso o cronograma inicial seja mantido, a proposta dever\u00e1 ser votada nesta semana na <strong>comiss\u00e3o<\/strong> <strong>especial<\/strong> da C\u00e2mara.<\/p>\n<h2>Mercosul e Uni\u00e3o Europeia<\/h2>\n<p>Na \u00faltima sexta-feira (29), o <strong>Mercosul<\/strong> e <strong>Uni\u00e3o<\/strong> <strong>Europeia<\/strong> firmaram um acordo de livre-com\u00e9rcio que estava em pauta h\u00e1 20 anos.<\/p>\n<p>No entanto, o acordo t\u00e3o esperado pelo blocos econ\u00f4micos j\u00e1 mostrou suas primeiras diverg\u00eancias.<\/p>\n<p><a href=\"https:\/\/www.suno.com.br\/noticias\/mercosul-e-uniao-europeia-firmam-acordo-de-livre-comercio\/\">Saiba mais:\u00a0Mercosul e Uni\u00e3o Europeia firmam acordo de livre-com\u00e9rcio<\/a><\/p>\n<p>A margem para que a Uni\u00e3o Europeia barre importa\u00e7\u00f5es agr\u00edcolas vindas do Mercosul \u00e9 um dos pontos que deve dificultar a finaliza\u00e7\u00e3o do acordo.<\/p>\n<h2>Oferta para a BRF no Oriente M\u00e9dio<\/h2>\n<p>A <strong>BRF<\/strong> recebeu uma oferta por parte de seus ativos no Oriente M\u00e9dio, segundo o &#8220;Valor&#8221;.<\/p>\n<p><a href=\"https:\/\/www.suno.com.br\/noticias\/brf-venda-unidades-europa-tailandia-tyson\/\">Saiba mais: BRF conclui venda de unidades na Europa e Tail\u00e2ndia para Tyson<\/a><\/p>\n<p>A opera\u00e7\u00e3o ser\u00e1 assessorada pelo <strong>Bank of America Merrill Lynch (BofA)<\/strong> e devera girar em torno de US$ 350 milh\u00f5es ou R$ 1,3 bilh\u00e3o.<\/p>\n<h2>Netshoes deve ter lojas f\u00edsicas<\/h2>\n<p>Em junho deste ano, a varejista <strong>Magazine<\/strong> <strong>Luiza<\/strong> fechou a compra da <strong>Netshoes<\/strong> por cerca de R$ 440 milh\u00f5es. No entanto, o CEO da empresa, <strong>Frederico<\/strong> <strong>Trajano<\/strong> demonstrou interesse de expandir o com\u00e9rcio com a abertura de lojas f\u00edsicas do segmento.<\/p>\n<p><a href=\"https:\/\/www.suno.com.br\/noticias\/assembleia-netshoes-oferta-magalu\/\">Saiba mais:\u00a0Assembleia da Netshoes aprova oferta da Magalu a US$ 3,70<\/a><\/p>\n<p>Trajano disse que \u00e9 uma possibilidade mas n\u00e3o confirmou nada. &#8220;Marcio Kumruian, cofundador da <strong>Netshoes<\/strong>, insiste muito nessa ideia porque acha que \u00e9 importante para as marcas. \u00c9 uma possibilidade, mas n\u00e3o uma certeza&#8221;, afirma.<\/p>\n<h2>Bancos querem negociar a\u00e7\u00f5es da Braskem<\/h2>\n<p>Os bancos est\u00e3o dispostos a negociar com a <strong>Odebrecht<\/strong> as a\u00e7\u00f5es da <strong>Braskem<\/strong> que est\u00e3o na aliena\u00e7\u00e3o fiduci\u00e1ria.<\/p>\n<p><a href=\"https:\/\/www.suno.com.br\/noticias\/odebrecht-justica-defere-recuperacao-judicial\/\">Saiba mais: Odebrecht: Justi\u00e7a de S\u00e3o Paulo defere pedido de recupera\u00e7\u00e3o judicial<\/a><\/p>\n<p>A <strong>recupera\u00e7\u00e3o<\/strong> <strong>judicial<\/strong> da Odebrecht foi deferida pela 1\u00aa Vara de FaL\u00eancias e Recupera\u00e7\u00f5es Judiciais de S\u00e3o Paulo em 18 de junho, sendo considerada a maior do Brasil, uma vez que a d\u00edvida atingiu os R$ 98,5 bilh\u00f5es.<\/p>\n<h2>PIB reduzido pelo Focus<\/h2>\n<p>A previs\u00e3o para o <strong>Produto Interno Bruto (PIB)<\/strong> foi reduzida novamente pelo Boletim Focus, emitido semanalmente pelo Banco Central do Brasil.<\/p>\n<p><a href=\"https:\/\/www.suno.com.br\/noticias\/boletim-focus-01072019\/\">Saiba mais:\u00a0Boletim Focus: Previs\u00e3o do PIB \u00e9 reduzida pela 18\u00aa vez seguida no ano<\/a><\/p>\n<p>Nesta segunda-feira, o relat\u00f3rio apontou, com base em analistas de institui\u00e7\u00f5es financeiras, que a <strong>economia<\/strong> <strong>nacional<\/strong> deve crescer 0,85% ao ano e n\u00e3o mais 0,87%, como havia sido estimado na \u00faltima segunda (24).<\/p>\n<h2>IPO Neoenergia<\/h2>\n<p>O <strong>IPO<\/strong> (oferta p\u00fablica inicial de a\u00e7\u00f5es, traduzido do ingl\u00eas) da <strong>Neoenergia<\/strong> ser\u00e1 negociado nesta segunda.<\/p>\n<p><a href=\"https:\/\/www.suno.com.br\/noticias\/neoenergia-ipo-oferta-publica-acoes-preco\/\">Saiba mais:\u00a0Neoenergia encerra oferta inicial em R$ 15,65 por a\u00e7\u00e3o<\/a><\/p>\n<p>Os pap\u00e9is tiveram valor fixado em R$ 15,65 por a\u00e7\u00e3o e ser\u00e3o negociados 208.044.383 a\u00e7\u00f5es ordin\u00e1rias e mais um lote adicional, totalizando 239.251.050 <strong>a\u00e7\u00f5es<\/strong>.<\/p>\n<p>A opera\u00e7\u00e3o deve movimentar R$ 3,744 bilh\u00f5es.<\/p>\n\t<p>\n\t\t<a href=\"https:\/\/lp.suno.com.br\/planilha-de-controle-de-investimentos\/\" target=\"_blank\" data-element=\"shortcode-suno-banner\" title=\"Banner SUNO, clique e saiba mais\">\n\t\t\t<picture>\n\t\t\t\t<source media=\"(max-width: 500px)\" srcset=\"https:\/\/files.sunoresearch.com.br\/n\/uploads\/2023\/03\/400x300-Controle-de-Investimentos.png\">\n\t\t\t\t<img class=\"newsContent__article__imgCapa newsContent__article__imgCapa--banner\"\n\t\t\t\t\tsrc=\"https:\/\/files.sunoresearch.com.br\/n\/uploads\/2023\/03\/1420x240-Controle-de-Investimentos.png\"\n\t\t\t\t\tdata-promo-id=\"75934\"\t\t\t\t\t\t\t\t\t\twidth='1420' height='240'\t\t\t\t\talt=\"https:\/\/files.sunoresearch.com.br\/n\/uploads\/2023\/03\/1420x240-Controle-de-Investimentos.png\"\n\t\t\t\t>\n\t\t\t<\/picture>\n\t\t<\/a>\n\t<\/p>\n\n\n<h2>\u00daltima cota\u00e7\u00e3o<\/h2>\n<p>Na \u00faltima sess\u00e3o, na sexta-feira (28), o <strong>Ibovespa<\/strong> registrou uma alta de 0,24% somando 100.967,20 pontos.<\/p>\n","protected":false},"excerpt":{"rendered":"<p>O Ibovespa iniciou a manh\u00e3 desta segunda-feira (2) em alta. O otimismo relativo a reforma da Previd\u00eancia e tamb\u00e9m ao acordo comercial entre Mercosul e Uni\u00e3o Europeia elevaram o principal \u00edndice da Bolsa de Valores. O Ibovespa hoje encerrou em alta acompanhando as bolas internacionais Por volta das 10h40, o Ibovespa registrava uma alta de [&hellip;]<\/p>\n","protected":false},"author":11,"featured_media":29631,"comment_status":"closed","ping_status":"closed","sticky":false,"template":"","format":"standard","meta":[],"categories":[60],"tags":[721],"suno_strategy":[],"class_list":["post-29615","post","type-post","status-publish","format-standard","has-post-thumbnail","hentry","category-mercado","tag-ibovespa"],"yoast_head":"<!-- This site is optimized with the Yoast SEO plugin v24.4 - https:\/\/yoast.com\/wordpress\/plugins\/seo\/ -->\n<title>Ibovespa sobe; Boletim Focus, BRF, Braskem, Magalu e reforma no radar<\/title>\n<meta name=\"description\" content=\"O Ibovespa tamb\u00e9m \u00e9 movimentado pelos acordos entre China e Estados Unidos e Mercosul e Uni\u00e3o Europeia. Clique para saber mais.\" \/>\n<meta name=\"robots\" content=\"index, follow, max-snippet:-1, max-image-preview:large, max-video-preview:-1\" \/>\n<link rel=\"canonical\" href=\"https:\/\/www.suno.com.br\/noticias\/ibovespa-01072019\/\" \/>\n<meta property=\"og:locale\" content=\"pt_BR\" \/>\n<meta property=\"og:type\" content=\"article\" \/>\n<meta property=\"og:title\" content=\"Ibovespa sobe; Boletim Focus, BRF, Braskem, Magalu e reforma no radar\" \/>\n<meta property=\"og:description\" content=\"O Ibovespa tamb\u00e9m \u00e9 movimentado pelos acordos entre China e Estados Unidos e Mercosul e Uni\u00e3o Europeia. Clique para saber mais.\" \/>\n<meta property=\"og:url\" content=\"https:\/\/www.suno.com.br\/noticias\/ibovespa-01072019\/\" \/>\n<meta property=\"og:site_name\" content=\"Suno Not\u00edcias\" \/>\n<meta property=\"article:publisher\" content=\"https:\/\/facebook.com\/sunoresearch\" \/>\n<meta property=\"og:image\" content=\"https:\/\/files.sunoresearch.com.br\/n\/uploads\/2019\/07\/0bff64a7-ibovespa.jpg\" \/>\n\t<meta property=\"og:image:width\" content=\"1200\" \/>\n\t<meta property=\"og:image:height\" content=\"630\" \/>\n\t<meta property=\"og:image:type\" content=\"image\/jpeg\" \/>\n<meta name=\"author\" content=\"Renan Bandeira\" \/>\n<meta name=\"twitter:card\" content=\"summary_large_image\" \/>\n<meta name=\"twitter:creator\" content=\"@sunoresearch\" \/>\n<meta name=\"twitter:site\" content=\"@sunoresearch\" \/>\n<meta name=\"twitter:label1\" content=\"Escrito por\" \/>\n\t<meta name=\"twitter:data1\" content=\"Renan Bandeira\" \/>\n\t<meta name=\"twitter:label2\" content=\"Est. tempo de leitura\" \/>\n\t<meta name=\"twitter:data2\" content=\"4 minutos\" \/>\n<script type=\"application\/ld+json\" class=\"yoast-schema-graph\">{\"@context\":\"https:\/\/schema.org\",\"@graph\":[{\"@type\":\"NewsArticle\",\"@id\":\"https:\/\/www.suno.com.br\/noticias\/ibovespa-01072019\/#article\",\"isPartOf\":{\"@id\":\"https:\/\/www.suno.com.br\/noticias\/ibovespa-01072019\/\"},\"author\":{\"name\":\"Renan Bandeira\",\"@id\":\"https:\/\/www.suno.com.br\/noticias\/#\/schema\/person\/fc144a1c6108bd1dcd43784e88a3c138\"},\"headline\":\"Ibovespa sobe; Boletim Focus, BRF, Braskem, Magalu e reforma no radar\",\"datePublished\":\"2019-07-01T13:42:05+00:00\",\"dateModified\":\"2019-07-01T14:48:00+00:00\",\"mainEntityOfPage\":{\"@id\":\"https:\/\/www.suno.com.br\/noticias\/ibovespa-01072019\/\"},\"wordCount\":754,\"publisher\":{\"@id\":\"https:\/\/www.suno.com.br\/noticias\/#organization\"},\"image\":{\"@id\":\"https:\/\/www.suno.com.br\/noticias\/ibovespa-01072019\/#primaryimage\"},\"thumbnailUrl\":\"https:\/\/files.sunoresearch.com.br\/n\/uploads\/2019\/07\/0bff64a7-ibovespa-jpg.webp\",\"keywords\":[\"Ibovespa\"],\"articleSection\":[\"Mercado\"],\"inLanguage\":\"pt-BR\"},{\"@type\":\"WebPage\",\"@id\":\"https:\/\/www.suno.com.br\/noticias\/ibovespa-01072019\/\",\"url\":\"https:\/\/www.suno.com.br\/noticias\/ibovespa-01072019\/\",\"name\":\"Ibovespa sobe; Boletim Focus, BRF, Braskem, Magalu e reforma no radar\",\"isPartOf\":{\"@id\":\"https:\/\/www.suno.com.br\/noticias\/#website\"},\"primaryImageOfPage\":{\"@id\":\"https:\/\/www.suno.com.br\/noticias\/ibovespa-01072019\/#primaryimage\"},\"image\":{\"@id\":\"https:\/\/www.suno.com.br\/noticias\/ibovespa-01072019\/#primaryimage\"},\"thumbnailUrl\":\"https:\/\/files.sunoresearch.com.br\/n\/uploads\/2019\/07\/0bff64a7-ibovespa-jpg.webp\",\"datePublished\":\"2019-07-01T13:42:05+00:00\",\"dateModified\":\"2019-07-01T14:48:00+00:00\",\"description\":\"O Ibovespa tamb\u00e9m \u00e9 movimentado pelos acordos entre China e Estados Unidos e Mercosul e Uni\u00e3o Europeia. Clique para saber mais.\",\"breadcrumb\":{\"@id\":\"https:\/\/www.suno.com.br\/noticias\/ibovespa-01072019\/#breadcrumb\"},\"inLanguage\":\"pt-BR\",\"potentialAction\":[{\"@type\":\"ReadAction\",\"target\":[\"https:\/\/www.suno.com.br\/noticias\/ibovespa-01072019\/\"]}]},{\"@type\":\"ImageObject\",\"inLanguage\":\"pt-BR\",\"@id\":\"https:\/\/www.suno.com.br\/noticias\/ibovespa-01072019\/#primaryimage\",\"url\":\"https:\/\/files.sunoresearch.com.br\/n\/uploads\/2019\/07\/0bff64a7-ibovespa-jpg.webp\",\"contentUrl\":\"https:\/\/files.sunoresearch.com.br\/n\/uploads\/2019\/07\/0bff64a7-ibovespa-jpg.webp\",\"width\":1200,\"height\":630,\"caption\":\"O Ibovespa hoje encerrou em alta acompanhando as bolas internacionais\"},{\"@type\":\"BreadcrumbList\",\"@id\":\"https:\/\/www.suno.com.br\/noticias\/ibovespa-01072019\/#breadcrumb\",\"itemListElement\":[{\"@type\":\"ListItem\",\"position\":1,\"name\":\"Not\u00edcias\",\"item\":\"https:\/\/www.suno.com.br\/noticias\/\"},{\"@type\":\"ListItem\",\"position\":2,\"name\":\"Mercado\",\"item\":\"https:\/\/www.suno.com.br\/noticias\/mercado\/\"},{\"@type\":\"ListItem\",\"position\":3,\"name\":\"Ibovespa sobe; Boletim Focus, BRF, Braskem, Magalu e reforma no radar\"}]},{\"@type\":\"WebSite\",\"@id\":\"https:\/\/www.suno.com.br\/noticias\/#website\",\"url\":\"https:\/\/www.suno.com.br\/noticias\/\",\"name\":\"Suno Not\u00edcias\",\"description\":\"Seu portal de informa\u00e7\u00e3o sobre o mundo dos investimentos\",\"publisher\":{\"@id\":\"https:\/\/www.suno.com.br\/noticias\/#organization\"},\"potentialAction\":[{\"@type\":\"SearchAction\",\"target\":{\"@type\":\"EntryPoint\",\"urlTemplate\":\"https:\/\/www.suno.com.br\/noticias\/?s={search_term_string}\"},\"query-input\":{\"@type\":\"PropertyValueSpecification\",\"valueRequired\":true,\"valueName\":\"search_term_string\"}}],\"inLanguage\":\"pt-BR\"},{\"@type\":\"Organization\",\"@id\":\"https:\/\/www.suno.com.br\/noticias\/#organization\",\"name\":\"Suno Not\u00edcias\",\"url\":\"https:\/\/www.suno.com.br\/noticias\/\",\"logo\":{\"@type\":\"ImageObject\",\"inLanguage\":\"pt-BR\",\"@id\":\"https:\/\/www.suno.com.br\/noticias\/#\/schema\/logo\/image\/\",\"url\":\"https:\/\/files.sunoresearch.com.br\/n\/uploads\/2021\/09\/suno-logo.png\",\"contentUrl\":\"https:\/\/files.sunoresearch.com.br\/n\/uploads\/2021\/09\/suno-logo.png\",\"width\":180,\"height\":180,\"caption\":\"Suno Not\u00edcias\"},\"image\":{\"@id\":\"https:\/\/www.suno.com.br\/noticias\/#\/schema\/logo\/image\/\"},\"sameAs\":[\"https:\/\/facebook.com\/sunoresearch\",\"https:\/\/x.com\/sunoresearch\",\"https:\/\/www.instagram.com\/suno\",\"https:\/\/www.linkedin.com\/company\/suno-research\/\",\"https:\/\/www.youtube.com\/c\/sunoresearch\"]},{\"@type\":\"Person\",\"@id\":\"https:\/\/www.suno.com.br\/noticias\/#\/schema\/person\/fc144a1c6108bd1dcd43784e88a3c138\",\"name\":\"Renan Bandeira\",\"image\":{\"@type\":\"ImageObject\",\"inLanguage\":\"pt-BR\",\"@id\":\"https:\/\/www.suno.com.br\/noticias\/#\/schema\/person\/image\/\",\"url\":\"https:\/\/secure.gravatar.com\/avatar\/68359cdb608f14f11bbefcb78f3fc747?s=96&r=g\",\"contentUrl\":\"https:\/\/secure.gravatar.com\/avatar\/68359cdb608f14f11bbefcb78f3fc747?s=96&r=g\",\"caption\":\"Renan Bandeira\"},\"description\":\"Renan Bandeira escreve sobre pol\u00edtica e economia para o portal da Suno Research. Antes da Suno, trabalhou em uma rede de televis\u00e3o, onde fazia reportagens sobre os mesmos temas. Estuda na Universidade Metodista de S\u00e3o Paulo.\",\"url\":\"https:\/\/www.suno.com.br\/noticias\/author\/renan-bandeira\/\"}]}<\/script>\n<!-- \/ Yoast SEO plugin. -->","yoast_head_json":{"title":"Ibovespa sobe; Boletim Focus, BRF, Braskem, Magalu e reforma no radar","description":"O Ibovespa tamb\u00e9m \u00e9 movimentado pelos acordos entre China e Estados Unidos e Mercosul e Uni\u00e3o Europeia. Clique para saber mais.","robots":{"index":"index","follow":"follow","max-snippet":"max-snippet:-1","max-image-preview":"max-image-preview:large","max-video-preview":"max-video-preview:-1"},"canonical":"https:\/\/www.suno.com.br\/noticias\/ibovespa-01072019\/","og_locale":"pt_BR","og_type":"article","og_title":"Ibovespa sobe; Boletim Focus, BRF, Braskem, Magalu e reforma no radar","og_description":"O Ibovespa tamb\u00e9m \u00e9 movimentado pelos acordos entre China e Estados Unidos e Mercosul e Uni\u00e3o Europeia. Clique para saber mais.","og_url":"https:\/\/www.suno.com.br\/noticias\/ibovespa-01072019\/","og_site_name":"Suno Not\u00edcias","article_publisher":"https:\/\/facebook.com\/sunoresearch","og_image":[{"width":1200,"height":630,"url":"https:\/\/files.sunoresearch.com.br\/n\/uploads\/2019\/07\/0bff64a7-ibovespa.jpg","type":"image\/jpeg"}],"author":"Renan Bandeira","twitter_card":"summary_large_image","twitter_creator":"@sunoresearch","twitter_site":"@sunoresearch","twitter_misc":{"Escrito por":"Renan Bandeira","Est. tempo de leitura":"4 minutos"},"schema":{"@context":"https:\/\/schema.org","@graph":[{"@type":"NewsArticle","@id":"https:\/\/www.suno.com.br\/noticias\/ibovespa-01072019\/#article","isPartOf":{"@id":"https:\/\/www.suno.com.br\/noticias\/ibovespa-01072019\/"},"author":{"name":"Renan Bandeira","@id":"https:\/\/www.suno.com.br\/noticias\/#\/schema\/person\/fc144a1c6108bd1dcd43784e88a3c138"},"headline":"Ibovespa sobe; Boletim Focus, BRF, Braskem, Magalu e reforma no radar","datePublished":"2019-07-01T13:42:05+00:00","dateModified":"2019-07-01T14:48:00+00:00","mainEntityOfPage":{"@id":"https:\/\/www.suno.com.br\/noticias\/ibovespa-01072019\/"},"wordCount":754,"publisher":{"@id":"https:\/\/www.suno.com.br\/noticias\/#organization"},"image":{"@id":"https:\/\/www.suno.com.br\/noticias\/ibovespa-01072019\/#primaryimage"},"thumbnailUrl":"https:\/\/files.sunoresearch.com.br\/n\/uploads\/2019\/07\/0bff64a7-ibovespa-jpg.webp","keywords":["Ibovespa"],"articleSection":["Mercado"],"inLanguage":"pt-BR"},{"@type":"WebPage","@id":"https:\/\/www.suno.com.br\/noticias\/ibovespa-01072019\/","url":"https:\/\/www.suno.com.br\/noticias\/ibovespa-01072019\/","name":"Ibovespa sobe; Boletim Focus, BRF, Braskem, Magalu e reforma no radar","isPartOf":{"@id":"https:\/\/www.suno.com.br\/noticias\/#website"},"primaryImageOfPage":{"@id":"https:\/\/www.suno.com.br\/noticias\/ibovespa-01072019\/#primaryimage"},"image":{"@id":"https:\/\/www.suno.com.br\/noticias\/ibovespa-01072019\/#primaryimage"},"thumbnailUrl":"https:\/\/files.sunoresearch.com.br\/n\/uploads\/2019\/07\/0bff64a7-ibovespa-jpg.webp","datePublished":"2019-07-01T13:42:05+00:00","dateModified":"2019-07-01T14:48:00+00:00","description":"O Ibovespa tamb\u00e9m \u00e9 movimentado pelos acordos entre China e Estados Unidos e Mercosul e Uni\u00e3o Europeia. Clique para saber mais.","breadcrumb":{"@id":"https:\/\/www.suno.com.br\/noticias\/ibovespa-01072019\/#breadcrumb"},"inLanguage":"pt-BR","potentialAction":[{"@type":"ReadAction","target":["https:\/\/www.suno.com.br\/noticias\/ibovespa-01072019\/"]}]},{"@type":"ImageObject","inLanguage":"pt-BR","@id":"https:\/\/www.suno.com.br\/noticias\/ibovespa-01072019\/#primaryimage","url":"https:\/\/files.sunoresearch.com.br\/n\/uploads\/2019\/07\/0bff64a7-ibovespa-jpg.webp","contentUrl":"https:\/\/files.sunoresearch.com.br\/n\/uploads\/2019\/07\/0bff64a7-ibovespa-jpg.webp","width":1200,"height":630,"caption":"O Ibovespa hoje encerrou em alta acompanhando as bolas internacionais"},{"@type":"BreadcrumbList","@id":"https:\/\/www.suno.com.br\/noticias\/ibovespa-01072019\/#breadcrumb","itemListElement":[{"@type":"ListItem","position":1,"name":"Not\u00edcias","item":"https:\/\/www.suno.com.br\/noticias\/"},{"@type":"ListItem","position":2,"name":"Mercado","item":"https:\/\/www.suno.com.br\/noticias\/mercado\/"},{"@type":"ListItem","position":3,"name":"Ibovespa sobe; Boletim Focus, BRF, Braskem, Magalu e reforma no radar"}]},{"@type":"WebSite","@id":"https:\/\/www.suno.com.br\/noticias\/#website","url":"https:\/\/www.suno.com.br\/noticias\/","name":"Suno Not\u00edcias","description":"Seu portal de informa\u00e7\u00e3o sobre o mundo dos investimentos","publisher":{"@id":"https:\/\/www.suno.com.br\/noticias\/#organization"},"potentialAction":[{"@type":"SearchAction","target":{"@type":"EntryPoint","urlTemplate":"https:\/\/www.suno.com.br\/noticias\/?s={search_term_string}"},"query-input":{"@type":"PropertyValueSpecification","valueRequired":true,"valueName":"search_term_string"}}],"inLanguage":"pt-BR"},{"@type":"Organization","@id":"https:\/\/www.suno.com.br\/noticias\/#organization","name":"Suno Not\u00edcias","url":"https:\/\/www.suno.com.br\/noticias\/","logo":{"@type":"ImageObject","inLanguage":"pt-BR","@id":"https:\/\/www.suno.com.br\/noticias\/#\/schema\/logo\/image\/","url":"https:\/\/files.sunoresearch.com.br\/n\/uploads\/2021\/09\/suno-logo.png","contentUrl":"https:\/\/files.sunoresearch.com.br\/n\/uploads\/2021\/09\/suno-logo.png","width":180,"height":180,"caption":"Suno Not\u00edcias"},"image":{"@id":"https:\/\/www.suno.com.br\/noticias\/#\/schema\/logo\/image\/"},"sameAs":["https:\/\/facebook.com\/sunoresearch","https:\/\/x.com\/sunoresearch","https:\/\/www.instagram.com\/suno","https:\/\/www.linkedin.com\/company\/suno-research\/","https:\/\/www.youtube.com\/c\/sunoresearch"]},{"@type":"Person","@id":"https:\/\/www.suno.com.br\/noticias\/#\/schema\/person\/fc144a1c6108bd1dcd43784e88a3c138","name":"Renan Bandeira","image":{"@type":"ImageObject","inLanguage":"pt-BR","@id":"https:\/\/www.suno.com.br\/noticias\/#\/schema\/person\/image\/","url":"https:\/\/secure.gravatar.com\/avatar\/68359cdb608f14f11bbefcb78f3fc747?s=96&r=g","contentUrl":"https:\/\/secure.gravatar.com\/avatar\/68359cdb608f14f11bbefcb78f3fc747?s=96&r=g","caption":"Renan Bandeira"},"description":"Renan Bandeira escreve sobre pol\u00edtica e economia para o portal da Suno Research. Antes da Suno, trabalhou em uma rede de televis\u00e3o, onde fazia reportagens sobre os mesmos temas. Estuda na Universidade Metodista de S\u00e3o Paulo.","url":"https:\/\/www.suno.com.br\/noticias\/author\/renan-bandeira\/"}]}},"default_loop_html":"<div class=\"cardsPage__listCard__boxs\"><div class=\"cardsPage__listCard__boxs__img\"><a href=\"https:\/\/www.suno.com.br\/noticias\/ibovespa-01072019\/\"><img class=\"mask\" src=\"https:\/\/www.suno.com.br\/noticias\/wp-content\/themes\/suno\/resources\/images\/spotlight\/spotlight1img\/bg-mask.png\" alt=\"Image Mask\"\/><img src=\"https:\/\/files.sunoresearch.com.br\/n\/uploads\/2019\/07\/0bff64a7-ibovespa-400x200.webp\" alt=\"Ibovespa sobe; Boletim Focus, BRF, Braskem, Magalu e reforma no radar\"\/><\/a><span class=\"spotlightCategory\"><a href=\"https:\/\/www.suno.com.br\/noticias\/mercado\/\">Mercado<\/a><\/span><\/div><div class=\"cardsPage__listCard__boxs__content\"><a href=\"https:\/\/www.suno.com.br\/noticias\/ibovespa-01072019\/\"><h2 class=\"content__title\">Ibovespa sobe; Boletim Focus, BRF, Braskem, Magalu e reforma no radar<\/h2><\/a><div class=\"newsContent__article__meta\"><div class=\"newsContent__article__meta__authorBox\"><a href=\"https:\/\/www.suno.com.br\/noticias\/author\/renan-bandeira\/\" class=\"authorBox__avatar noMobi\"><img src=\"https:\/\/secure.gravatar.com\/avatar\/68359cdb608f14f11bbefcb78f3fc747?s=96&#038;r=g\" alt=\"Renan Bandeira\"><\/a><div class=\"authorBox__name\"><span>por\n\t\t\t<a href=\"https:\/\/www.suno.com.br\/noticias\/author\/renan-bandeira\/\"><span itemprop=\"author\">Renan Bandeira<\/span><\/a><\/span><time datetime=\"2019-07-01T10:42:05-03:00\" itemprop=\"datePublished\">01\/07\/2019 10:42<\/time><\/div><\/div><\/div><\/div><\/div>","single_layout":"posts","amp_enabled":true,"_links":{"self":[{"href":"https:\/\/www.suno.com.br\/noticias\/wp-json\/wp\/v2\/posts\/29615"}],"collection":[{"href":"https:\/\/www.suno.com.br\/noticias\/wp-json\/wp\/v2\/posts"}],"about":[{"href":"https:\/\/www.suno.com.br\/noticias\/wp-json\/wp\/v2\/types\/post"}],"author":[{"embeddable":true,"href":"https:\/\/www.suno.com.br\/noticias\/wp-json\/wp\/v2\/users\/11"}],"replies":[{"embeddable":true,"href":"https:\/\/www.suno.com.br\/noticias\/wp-json\/wp\/v2\/comments?post=29615"}],"version-history":[{"count":0,"href":"https:\/\/www.suno.com.br\/noticias\/wp-json\/wp\/v2\/posts\/29615\/revisions"}],"wp:featuredmedia":[{"embeddable":true,"href":"https:\/\/www.suno.com.br\/noticias\/wp-json\/wp\/v2\/media\/29631"}],"wp:attachment":[{"href":"https:\/\/www.suno.com.br\/noticias\/wp-json\/wp\/v2\/media?parent=29615"}],"wp:term":[{"taxonomy":"category","embeddable":true,"href":"https:\/\/www.suno.com.br\/noticias\/wp-json\/wp\/v2\/categories?post=29615"},{"taxonomy":"post_tag","embeddable":true,"href":"https:\/\/www.suno.com.br\/noticias\/wp-json\/wp\/v2\/tags?post=29615"},{"taxonomy":"suno_strategy","embeddable":true,"href":"https:\/\/www.suno.com.br\/noticias\/wp-json\/wp\/v2\/suno_strategy?post=29615"}],"curies":[{"name":"wp","href":"https:\/\/api.w.org\/{rel}","templated":true}]}}