{"id":29597,"date":"2019-06-30T17:19:35","date_gmt":"2019-06-30T20:19:35","guid":{"rendered":"https:\/\/www.suno.com.br\/noticias\/?p=29597"},"modified":"2019-06-30T17:35:33","modified_gmt":"2019-06-30T20:35:33","slug":"bolsonaro-brasil-primeiro-pais-aprovar-acordo-mercosul-ue","status":"publish","type":"post","link":"https:\/\/www.suno.com.br\/noticias\/bolsonaro-brasil-primeiro-pais-aprovar-acordo-mercosul-ue\/","title":{"rendered":"Bolsonaro quer Brasil como primeiro pa\u00eds a aprovar acordo Mercosul-UE"},"content":{"rendered":"<p>O presidente\u00a0Jair Bolsonaro (PSL)\u00a0disse que &#8220;espera&#8221; que o Parlamento brasileiro seja o primeiro a confirmar o\u00a0acordo de livre com\u00e9rcio entre o <strong>Mercosul<\/strong> e a <strong>Uni\u00e3o<\/strong> <strong>Europeia<\/strong> <strong>(UE)<\/strong>. A declara\u00e7\u00e3o foi dada neste domingo (30).<\/p>\t<div class=\"wrapper-featured-image\">\n\t\t<figure class=\"spotlightImg\">\n\n\t\t\t<picture>\n\t\t\t\t<source media=\"(max-width: 768px)\" srcset=\"https:\/\/files.sunoresearch.com.br\/n\/uploads\/2019\/06\/1dc03030-bolsonaroue-400x200.webp\">\n\t\t\t\t<img loading=\"lazy\" decoding=\"async\" class=\"newsContent__article__imgCapa lazyloadDisabled newsContent__article__imgCapa--noCaption\" src=\"https:\/\/files.sunoresearch.com.br\/n\/uploads\/2019\/06\/1dc03030-bolsonaroue-800x450.webp\" width=\"800\" height=\"450\" alt=\"Bolsonaro quer Brasil como primeiro pa\u00eds a aprovar acordo Mercosul-UE\" fetchpriority=high \/>\n\t\t\t<\/picture>\n\n\t\t\t<figcaption class=\"wp-caption-text wp-caption-text--hide\">Bolsonaro segundo exame para coronav\u00edrus dentro de sete dias<\/figcaption>\n\t\t<\/figure>\n\t<\/div>\n\n\n<p>Contudo, o <strong>acordo<\/strong> foi assinado na \u00faltima sexta-feira (28).\u00a0 Desta forma, ainda necessita da legitima\u00e7\u00e3o dos parlamentos dos pa\u00edses membros dos dois blocos.<\/p>\n\t<p>\n\t\t<a href=\"https:\/\/lp.suno.com.br\/ebook-como-analisar-uma-acao\/\" target=\"_blank\" data-element=\"shortcode-suno-banner\" title=\"Banner SUNO, clique e saiba mais\">\n\t\t\t<picture>\n\t\t\t\t<source media=\"(max-width: 500px)\" srcset=\"https:\/\/files.sunoresearch.com.br\/n\/uploads\/2023\/12\/Ebook-Acoes-Mobile.jpg\">\n\t\t\t\t<img class=\"newsContent__article__imgCapa newsContent__article__imgCapa--banner\"\n\t\t\t\t\tsrc=\"https:\/\/files.sunoresearch.com.br\/n\/uploads\/2023\/12\/Ebook-Acoes-Mobile.jpg\"\n\t\t\t\t\tdata-promo-id=\"101750\"\t\t\t\t\t\t\t\t\t\twidth='400' height='300'\t\t\t\t\talt=\"https:\/\/files.sunoresearch.com.br\/n\/uploads\/2023\/12\/Ebook-Acoes-Mobile.jpg\"\n\t\t\t\t>\n\t\t\t<\/picture>\n\t\t<\/a>\n\t<\/p>\n\n\n<p>&#8220;Miss\u00e3o cumprida. Atingimos todos os objetivos. No meio do evento, houve a concretiza\u00e7\u00e3o do <strong>Mercosul<\/strong>. As informa\u00e7\u00f5es que eu tenho s\u00e3o as melhores poss\u00edveis. Entra em vigor daqui a uns dois anos ou tr\u00eas, depende dos parlamentos&#8221;, informou o presidente.<\/p>\n<p>Assim sendo, <strong>Bolsonaro<\/strong> evidenciou o desejo de ser um dos primeiros pa\u00edses a aprovar o acordo oficialmente. &#8220;Vamos ver se o nosso aqui&#8230;Talvez seja um dos primeiros a aprovar, espero.&#8221;, disse o presidente.<\/p>\n<h2>Tempo estimado para ratifica\u00e7\u00e3o do acordo comercial<\/h2>\n<p>De acordo com especialistas, a aprova\u00e7\u00e3o e ratifica\u00e7\u00e3o do acordo comercial entre <strong>Mercosul<\/strong> e <strong>UE<\/strong> deve demorar aproximadamente de dois a cinco anos.<\/p>\n<p>O processo de aprova\u00e7\u00e3o poderia demorar apenas dois anos. Entretanto, como \u00e9 necess\u00e1rio o aval de cada um dos parlamentos, a previs\u00e3o \u00e9 que o debate se estenda por um prazo maior.<\/p>\n<p>Depois das aprova\u00e7\u00f5es e ratifica\u00e7\u00f5es, a diminui\u00e7\u00e3o de tarifas entre os blocos come\u00e7a a entrar em vigor. Entretanto, de forma gradual, no decorrer de dez anos.<\/p>\n<p>Um dos principais obst\u00e1culos para a sua aprova\u00e7\u00e3o efetiva acontecer\u00e1 no <strong>Parlamento<\/strong> <strong>Europeu<\/strong>, onde os &#8220;verdes&#8221; ganharam poder de influ\u00eancia. Portanto, eles podem atrapalhar a aprova\u00e7\u00e3o do texto em revide \u00e0 pol\u00edtica ambiental do governo brasileiro.<\/p>\n<p>Em um comunicado, o bloco dos verdes no\u00a0Parlamento Europeu\u00a0assegurou que o acordo <strong>Mercosul<\/strong>&#8211;<strong>UE<\/strong> &#8220;\u00e9 um mau compromisso e vem no momento errado, quando h\u00e1 uma demanda crescente por desenvolvimento sustent\u00e1vel&#8221;.<\/p>\n<p><a href=\"https:\/\/www.suno.com.br\/noticias\/bolsonaro-acordo-mercosul-ue-mantem-conquistas-lei-da-inovacao\/\">Saiba mais:\u00a0Bolsonaro: Acordo Mercosul-UE mant\u00e9m conquistas da Lei da Inova\u00e7\u00e3o\u00a0<\/a><\/p>\n<h2>Mercosul e UE em acordo comercial<\/h2>\n<p>O <strong>Mercosul<\/strong> e a\u00a0<strong>Uni\u00e3o<\/strong> <strong>Europeia<\/strong> concretizaram as negocia\u00e7\u00f5es para o acordo comercial entre os dois blocos na tarde da \u00faltima sexta-feira (28).<\/p>\n<p>Desde quinta-feira (27), os ministros do <strong>Mercosul<\/strong> e da <strong>UE<\/strong> estavam conversando sobre o poss\u00edvel acordo, em Bruxelas, capital da B\u00e9lgica.<\/p>\n<p>O tratado comercial inclui servi\u00e7os, investimentos, bens e compras governamentais.\u00a0O <strong>acordo<\/strong>\u00a0estava em pauta h\u00e1 duas d\u00e9cadas.<\/p>\n<p>O\u00a0<strong>Brasil<\/strong>\u00a0exportou, em 2018, US$ 42 bilh\u00f5es aos pa\u00edses da <strong>Uni\u00e3o Europeia<\/strong>. Juntos, eles s\u00e3o o segundo maior mercado para os brasileiros no mundo. Sendo assim, ficam apenas atr\u00e1s da <strong>China<\/strong>.<\/p>\n\t<p>\n\t\t<a href=\"https:\/\/lp.suno.com.br\/pv\/sr-premium\/trial-1-real\/\" target=\"_blank\" data-element=\"shortcode-suno-banner\" title=\"Banner SUNO, clique e saiba mais\">\n\t\t\t<picture>\n\t\t\t\t<source media=\"(max-width: 500px)\" srcset=\"https:\/\/files.sunoresearch.com.br\/n\/uploads\/2024\/04\/400x300-Banner-Home-2.png\">\n\t\t\t\t<img class=\"newsContent__article__imgCapa newsContent__article__imgCapa--banner\"\n\t\t\t\t\tsrc=\"https:\/\/files.sunoresearch.com.br\/n\/uploads\/2024\/04\/1420x240-Banner-Home-2.png\"\n\t\t\t\t\tdata-promo-id=\"541556\"\t\t\t\t\t\t\t\t\t\twidth='1420' height='240'\t\t\t\t\talt=\"https:\/\/files.sunoresearch.com.br\/n\/uploads\/2024\/04\/1420x240-Banner-Home-2.png\"\n\t\t\t\t>\n\t\t\t<\/picture>\n\t\t<\/a>\n\t<\/p>\n\n\n","protected":false},"excerpt":{"rendered":"<p>O presidente\u00a0Jair Bolsonaro (PSL)\u00a0disse que &#8220;espera&#8221; que o Parlamento brasileiro seja o primeiro a confirmar o\u00a0acordo de livre com\u00e9rcio entre o Mercosul e a Uni\u00e3o Europeia (UE). A declara\u00e7\u00e3o foi dada neste domingo (30). Bolsonaro segundo exame para coronav\u00edrus dentro de sete dias Contudo, o acordo foi assinado na \u00faltima sexta-feira (28).\u00a0 Desta forma, ainda [&hellip;]<\/p>\n","protected":false},"author":19,"featured_media":29598,"comment_status":"closed","ping_status":"closed","sticky":false,"template":"","format":"standard","meta":[],"categories":[61],"tags":[719,868,731],"suno_strategy":[],"class_list":["post-29597","post","type-post","status-publish","format-standard","has-post-thumbnail","hentry","category-politica","tag-jair-bolsonaro","tag-mercosul","tag-uniao-europeia"],"yoast_head":"<!-- This site is optimized with the Yoast SEO plugin v24.4 - https:\/\/yoast.com\/wordpress\/plugins\/seo\/ -->\n<title>Bolsonaro quer Brasil como primeiro pa\u00eds a aprovar acordo Mercosul-UE<\/title>\n<meta name=\"description\" content=\"Bolsonaro &quot;espera&quot; que o Brasil seja o primeiro a confirmar o\u00a0acordo de livre com\u00e9rcio entre o Mercosul e a UE. Clique aqui e saiba mais.\" \/>\n<meta name=\"robots\" content=\"index, follow, max-snippet:-1, max-image-preview:large, max-video-preview:-1\" \/>\n<link rel=\"canonical\" href=\"https:\/\/www.suno.com.br\/noticias\/bolsonaro-brasil-primeiro-pais-aprovar-acordo-mercosul-ue\/\" \/>\n<meta property=\"og:locale\" content=\"pt_BR\" \/>\n<meta property=\"og:type\" content=\"article\" \/>\n<meta property=\"og:title\" content=\"Bolsonaro quer Brasil como primeiro pa\u00eds a aprovar acordo Mercosul-UE\" \/>\n<meta property=\"og:description\" content=\"Bolsonaro &quot;espera&quot; que o Brasil seja o primeiro a confirmar o\u00a0acordo de livre com\u00e9rcio entre o Mercosul e a UE. Clique aqui e saiba mais.\" \/>\n<meta property=\"og:url\" content=\"https:\/\/www.suno.com.br\/noticias\/bolsonaro-brasil-primeiro-pais-aprovar-acordo-mercosul-ue\/\" \/>\n<meta property=\"og:site_name\" content=\"Suno Not\u00edcias\" \/>\n<meta property=\"article:publisher\" content=\"https:\/\/facebook.com\/sunoresearch\" \/>\n<meta property=\"og:image\" content=\"https:\/\/files.sunoresearch.com.br\/n\/uploads\/2019\/06\/1dc03030-bolsonaroue.jpg\" \/>\n\t<meta property=\"og:image:width\" content=\"1140\" \/>\n\t<meta property=\"og:image:height\" content=\"760\" \/>\n\t<meta property=\"og:image:type\" content=\"image\/jpeg\" \/>\n<meta name=\"author\" content=\"Juliano Passaro\" \/>\n<meta name=\"twitter:card\" content=\"summary_large_image\" \/>\n<meta name=\"twitter:creator\" content=\"@sunoresearch\" \/>\n<meta name=\"twitter:site\" content=\"@sunoresearch\" \/>\n<meta name=\"twitter:label1\" content=\"Escrito por\" \/>\n\t<meta name=\"twitter:data1\" content=\"Juliano Passaro\" \/>\n\t<meta name=\"twitter:label2\" content=\"Est. tempo de leitura\" \/>\n\t<meta name=\"twitter:data2\" content=\"2 minutos\" \/>\n<script type=\"application\/ld+json\" class=\"yoast-schema-graph\">{\"@context\":\"https:\/\/schema.org\",\"@graph\":[{\"@type\":\"NewsArticle\",\"@id\":\"https:\/\/www.suno.com.br\/noticias\/bolsonaro-brasil-primeiro-pais-aprovar-acordo-mercosul-ue\/#article\",\"isPartOf\":{\"@id\":\"https:\/\/www.suno.com.br\/noticias\/bolsonaro-brasil-primeiro-pais-aprovar-acordo-mercosul-ue\/\"},\"author\":{\"name\":\"Juliano Passaro\",\"@id\":\"https:\/\/www.suno.com.br\/noticias\/#\/schema\/person\/1db762f78ffd8919a648a63e425953e3\"},\"headline\":\"Bolsonaro quer Brasil como primeiro pa\u00eds a aprovar acordo Mercosul-UE\",\"datePublished\":\"2019-06-30T20:19:35+00:00\",\"dateModified\":\"2019-06-30T20:35:33+00:00\",\"mainEntityOfPage\":{\"@id\":\"https:\/\/www.suno.com.br\/noticias\/bolsonaro-brasil-primeiro-pais-aprovar-acordo-mercosul-ue\/\"},\"wordCount\":449,\"publisher\":{\"@id\":\"https:\/\/www.suno.com.br\/noticias\/#organization\"},\"image\":{\"@id\":\"https:\/\/www.suno.com.br\/noticias\/bolsonaro-brasil-primeiro-pais-aprovar-acordo-mercosul-ue\/#primaryimage\"},\"thumbnailUrl\":\"https:\/\/files.sunoresearch.com.br\/n\/uploads\/2019\/06\/1dc03030-bolsonaroue-jpg.webp\",\"keywords\":[\"Jair Bolsonaro\",\"Mercosul\",\"Uni\u00e3o Europeia\"],\"articleSection\":[\"Pol\u00edtica\"],\"inLanguage\":\"pt-BR\"},{\"@type\":\"WebPage\",\"@id\":\"https:\/\/www.suno.com.br\/noticias\/bolsonaro-brasil-primeiro-pais-aprovar-acordo-mercosul-ue\/\",\"url\":\"https:\/\/www.suno.com.br\/noticias\/bolsonaro-brasil-primeiro-pais-aprovar-acordo-mercosul-ue\/\",\"name\":\"Bolsonaro quer Brasil como primeiro pa\u00eds a aprovar acordo Mercosul-UE\",\"isPartOf\":{\"@id\":\"https:\/\/www.suno.com.br\/noticias\/#website\"},\"primaryImageOfPage\":{\"@id\":\"https:\/\/www.suno.com.br\/noticias\/bolsonaro-brasil-primeiro-pais-aprovar-acordo-mercosul-ue\/#primaryimage\"},\"image\":{\"@id\":\"https:\/\/www.suno.com.br\/noticias\/bolsonaro-brasil-primeiro-pais-aprovar-acordo-mercosul-ue\/#primaryimage\"},\"thumbnailUrl\":\"https:\/\/files.sunoresearch.com.br\/n\/uploads\/2019\/06\/1dc03030-bolsonaroue-jpg.webp\",\"datePublished\":\"2019-06-30T20:19:35+00:00\",\"dateModified\":\"2019-06-30T20:35:33+00:00\",\"description\":\"Bolsonaro \\\"espera\\\" que o Brasil seja o primeiro a confirmar o\u00a0acordo de livre com\u00e9rcio entre o Mercosul e a UE. Clique aqui e saiba mais.\",\"breadcrumb\":{\"@id\":\"https:\/\/www.suno.com.br\/noticias\/bolsonaro-brasil-primeiro-pais-aprovar-acordo-mercosul-ue\/#breadcrumb\"},\"inLanguage\":\"pt-BR\",\"potentialAction\":[{\"@type\":\"ReadAction\",\"target\":[\"https:\/\/www.suno.com.br\/noticias\/bolsonaro-brasil-primeiro-pais-aprovar-acordo-mercosul-ue\/\"]}]},{\"@type\":\"ImageObject\",\"inLanguage\":\"pt-BR\",\"@id\":\"https:\/\/www.suno.com.br\/noticias\/bolsonaro-brasil-primeiro-pais-aprovar-acordo-mercosul-ue\/#primaryimage\",\"url\":\"https:\/\/files.sunoresearch.com.br\/n\/uploads\/2019\/06\/1dc03030-bolsonaroue-jpg.webp\",\"contentUrl\":\"https:\/\/files.sunoresearch.com.br\/n\/uploads\/2019\/06\/1dc03030-bolsonaroue-jpg.webp\",\"width\":1140,\"height\":760,\"caption\":\"Bolsonaro segundo exame para coronav\u00edrus dentro de sete dias\"},{\"@type\":\"BreadcrumbList\",\"@id\":\"https:\/\/www.suno.com.br\/noticias\/bolsonaro-brasil-primeiro-pais-aprovar-acordo-mercosul-ue\/#breadcrumb\",\"itemListElement\":[{\"@type\":\"ListItem\",\"position\":1,\"name\":\"Not\u00edcias\",\"item\":\"https:\/\/www.suno.com.br\/noticias\/\"},{\"@type\":\"ListItem\",\"position\":2,\"name\":\"Pol\u00edtica\",\"item\":\"https:\/\/www.suno.com.br\/noticias\/politica\/\"},{\"@type\":\"ListItem\",\"position\":3,\"name\":\"Bolsonaro quer Brasil como primeiro pa\u00eds a aprovar acordo Mercosul-UE\"}]},{\"@type\":\"WebSite\",\"@id\":\"https:\/\/www.suno.com.br\/noticias\/#website\",\"url\":\"https:\/\/www.suno.com.br\/noticias\/\",\"name\":\"Suno Not\u00edcias\",\"description\":\"Seu portal de informa\u00e7\u00e3o sobre o mundo dos investimentos\",\"publisher\":{\"@id\":\"https:\/\/www.suno.com.br\/noticias\/#organization\"},\"potentialAction\":[{\"@type\":\"SearchAction\",\"target\":{\"@type\":\"EntryPoint\",\"urlTemplate\":\"https:\/\/www.suno.com.br\/noticias\/?s={search_term_string}\"},\"query-input\":{\"@type\":\"PropertyValueSpecification\",\"valueRequired\":true,\"valueName\":\"search_term_string\"}}],\"inLanguage\":\"pt-BR\"},{\"@type\":\"Organization\",\"@id\":\"https:\/\/www.suno.com.br\/noticias\/#organization\",\"name\":\"Suno Not\u00edcias\",\"url\":\"https:\/\/www.suno.com.br\/noticias\/\",\"logo\":{\"@type\":\"ImageObject\",\"inLanguage\":\"pt-BR\",\"@id\":\"https:\/\/www.suno.com.br\/noticias\/#\/schema\/logo\/image\/\",\"url\":\"https:\/\/files.sunoresearch.com.br\/n\/uploads\/2021\/09\/suno-logo.png\",\"contentUrl\":\"https:\/\/files.sunoresearch.com.br\/n\/uploads\/2021\/09\/suno-logo.png\",\"width\":180,\"height\":180,\"caption\":\"Suno Not\u00edcias\"},\"image\":{\"@id\":\"https:\/\/www.suno.com.br\/noticias\/#\/schema\/logo\/image\/\"},\"sameAs\":[\"https:\/\/facebook.com\/sunoresearch\",\"https:\/\/x.com\/sunoresearch\",\"https:\/\/www.instagram.com\/suno\",\"https:\/\/www.linkedin.com\/company\/suno-research\/\",\"https:\/\/www.youtube.com\/c\/sunoresearch\"]},{\"@type\":\"Person\",\"@id\":\"https:\/\/www.suno.com.br\/noticias\/#\/schema\/person\/1db762f78ffd8919a648a63e425953e3\",\"name\":\"Juliano Passaro\",\"image\":{\"@type\":\"ImageObject\",\"inLanguage\":\"pt-BR\",\"@id\":\"https:\/\/www.suno.com.br\/noticias\/#\/schema\/person\/image\/\",\"url\":\"https:\/\/secure.gravatar.com\/avatar\/743d4df28eebf6dcc46b4ad03c319e92?s=96&r=g\",\"contentUrl\":\"https:\/\/secure.gravatar.com\/avatar\/743d4df28eebf6dcc46b4ad03c319e92?s=96&r=g\",\"caption\":\"Juliano Passaro\"},\"description\":\"Juliano Passaro escreve sobre pol\u00edtica, economia e neg\u00f3cios para o portal da Suno Research. Antes da Suno, trabalhou no Portal da Band. \u00c9 formado em jornalismo pela Universidade Presbiteriana Mackenzie.\",\"url\":\"https:\/\/www.suno.com.br\/noticias\/author\/juliano\/\"}]}<\/script>\n<!-- \/ Yoast SEO plugin. -->","yoast_head_json":{"title":"Bolsonaro quer Brasil como primeiro pa\u00eds a aprovar acordo Mercosul-UE","description":"Bolsonaro \"espera\" que o Brasil seja o primeiro a confirmar o\u00a0acordo de livre com\u00e9rcio entre o Mercosul e a UE. Clique aqui e saiba mais.","robots":{"index":"index","follow":"follow","max-snippet":"max-snippet:-1","max-image-preview":"max-image-preview:large","max-video-preview":"max-video-preview:-1"},"canonical":"https:\/\/www.suno.com.br\/noticias\/bolsonaro-brasil-primeiro-pais-aprovar-acordo-mercosul-ue\/","og_locale":"pt_BR","og_type":"article","og_title":"Bolsonaro quer Brasil como primeiro pa\u00eds a aprovar acordo Mercosul-UE","og_description":"Bolsonaro \"espera\" que o Brasil seja o primeiro a confirmar o\u00a0acordo de livre com\u00e9rcio entre o Mercosul e a UE. Clique aqui e saiba mais.","og_url":"https:\/\/www.suno.com.br\/noticias\/bolsonaro-brasil-primeiro-pais-aprovar-acordo-mercosul-ue\/","og_site_name":"Suno Not\u00edcias","article_publisher":"https:\/\/facebook.com\/sunoresearch","og_image":[{"width":1140,"height":760,"url":"https:\/\/files.sunoresearch.com.br\/n\/uploads\/2019\/06\/1dc03030-bolsonaroue.jpg","type":"image\/jpeg"}],"author":"Juliano Passaro","twitter_card":"summary_large_image","twitter_creator":"@sunoresearch","twitter_site":"@sunoresearch","twitter_misc":{"Escrito por":"Juliano Passaro","Est. tempo de leitura":"2 minutos"},"schema":{"@context":"https:\/\/schema.org","@graph":[{"@type":"NewsArticle","@id":"https:\/\/www.suno.com.br\/noticias\/bolsonaro-brasil-primeiro-pais-aprovar-acordo-mercosul-ue\/#article","isPartOf":{"@id":"https:\/\/www.suno.com.br\/noticias\/bolsonaro-brasil-primeiro-pais-aprovar-acordo-mercosul-ue\/"},"author":{"name":"Juliano Passaro","@id":"https:\/\/www.suno.com.br\/noticias\/#\/schema\/person\/1db762f78ffd8919a648a63e425953e3"},"headline":"Bolsonaro quer Brasil como primeiro pa\u00eds a aprovar acordo Mercosul-UE","datePublished":"2019-06-30T20:19:35+00:00","dateModified":"2019-06-30T20:35:33+00:00","mainEntityOfPage":{"@id":"https:\/\/www.suno.com.br\/noticias\/bolsonaro-brasil-primeiro-pais-aprovar-acordo-mercosul-ue\/"},"wordCount":449,"publisher":{"@id":"https:\/\/www.suno.com.br\/noticias\/#organization"},"image":{"@id":"https:\/\/www.suno.com.br\/noticias\/bolsonaro-brasil-primeiro-pais-aprovar-acordo-mercosul-ue\/#primaryimage"},"thumbnailUrl":"https:\/\/files.sunoresearch.com.br\/n\/uploads\/2019\/06\/1dc03030-bolsonaroue-jpg.webp","keywords":["Jair Bolsonaro","Mercosul","Uni\u00e3o Europeia"],"articleSection":["Pol\u00edtica"],"inLanguage":"pt-BR"},{"@type":"WebPage","@id":"https:\/\/www.suno.com.br\/noticias\/bolsonaro-brasil-primeiro-pais-aprovar-acordo-mercosul-ue\/","url":"https:\/\/www.suno.com.br\/noticias\/bolsonaro-brasil-primeiro-pais-aprovar-acordo-mercosul-ue\/","name":"Bolsonaro quer Brasil como primeiro pa\u00eds a aprovar acordo Mercosul-UE","isPartOf":{"@id":"https:\/\/www.suno.com.br\/noticias\/#website"},"primaryImageOfPage":{"@id":"https:\/\/www.suno.com.br\/noticias\/bolsonaro-brasil-primeiro-pais-aprovar-acordo-mercosul-ue\/#primaryimage"},"image":{"@id":"https:\/\/www.suno.com.br\/noticias\/bolsonaro-brasil-primeiro-pais-aprovar-acordo-mercosul-ue\/#primaryimage"},"thumbnailUrl":"https:\/\/files.sunoresearch.com.br\/n\/uploads\/2019\/06\/1dc03030-bolsonaroue-jpg.webp","datePublished":"2019-06-30T20:19:35+00:00","dateModified":"2019-06-30T20:35:33+00:00","description":"Bolsonaro \"espera\" que o Brasil seja o primeiro a confirmar o\u00a0acordo de livre com\u00e9rcio entre o Mercosul e a UE. Clique aqui e saiba mais.","breadcrumb":{"@id":"https:\/\/www.suno.com.br\/noticias\/bolsonaro-brasil-primeiro-pais-aprovar-acordo-mercosul-ue\/#breadcrumb"},"inLanguage":"pt-BR","potentialAction":[{"@type":"ReadAction","target":["https:\/\/www.suno.com.br\/noticias\/bolsonaro-brasil-primeiro-pais-aprovar-acordo-mercosul-ue\/"]}]},{"@type":"ImageObject","inLanguage":"pt-BR","@id":"https:\/\/www.suno.com.br\/noticias\/bolsonaro-brasil-primeiro-pais-aprovar-acordo-mercosul-ue\/#primaryimage","url":"https:\/\/files.sunoresearch.com.br\/n\/uploads\/2019\/06\/1dc03030-bolsonaroue-jpg.webp","contentUrl":"https:\/\/files.sunoresearch.com.br\/n\/uploads\/2019\/06\/1dc03030-bolsonaroue-jpg.webp","width":1140,"height":760,"caption":"Bolsonaro segundo exame para coronav\u00edrus dentro de sete dias"},{"@type":"BreadcrumbList","@id":"https:\/\/www.suno.com.br\/noticias\/bolsonaro-brasil-primeiro-pais-aprovar-acordo-mercosul-ue\/#breadcrumb","itemListElement":[{"@type":"ListItem","position":1,"name":"Not\u00edcias","item":"https:\/\/www.suno.com.br\/noticias\/"},{"@type":"ListItem","position":2,"name":"Pol\u00edtica","item":"https:\/\/www.suno.com.br\/noticias\/politica\/"},{"@type":"ListItem","position":3,"name":"Bolsonaro quer Brasil como primeiro pa\u00eds a aprovar acordo Mercosul-UE"}]},{"@type":"WebSite","@id":"https:\/\/www.suno.com.br\/noticias\/#website","url":"https:\/\/www.suno.com.br\/noticias\/","name":"Suno Not\u00edcias","description":"Seu portal de informa\u00e7\u00e3o sobre o mundo dos investimentos","publisher":{"@id":"https:\/\/www.suno.com.br\/noticias\/#organization"},"potentialAction":[{"@type":"SearchAction","target":{"@type":"EntryPoint","urlTemplate":"https:\/\/www.suno.com.br\/noticias\/?s={search_term_string}"},"query-input":{"@type":"PropertyValueSpecification","valueRequired":true,"valueName":"search_term_string"}}],"inLanguage":"pt-BR"},{"@type":"Organization","@id":"https:\/\/www.suno.com.br\/noticias\/#organization","name":"Suno Not\u00edcias","url":"https:\/\/www.suno.com.br\/noticias\/","logo":{"@type":"ImageObject","inLanguage":"pt-BR","@id":"https:\/\/www.suno.com.br\/noticias\/#\/schema\/logo\/image\/","url":"https:\/\/files.sunoresearch.com.br\/n\/uploads\/2021\/09\/suno-logo.png","contentUrl":"https:\/\/files.sunoresearch.com.br\/n\/uploads\/2021\/09\/suno-logo.png","width":180,"height":180,"caption":"Suno Not\u00edcias"},"image":{"@id":"https:\/\/www.suno.com.br\/noticias\/#\/schema\/logo\/image\/"},"sameAs":["https:\/\/facebook.com\/sunoresearch","https:\/\/x.com\/sunoresearch","https:\/\/www.instagram.com\/suno","https:\/\/www.linkedin.com\/company\/suno-research\/","https:\/\/www.youtube.com\/c\/sunoresearch"]},{"@type":"Person","@id":"https:\/\/www.suno.com.br\/noticias\/#\/schema\/person\/1db762f78ffd8919a648a63e425953e3","name":"Juliano Passaro","image":{"@type":"ImageObject","inLanguage":"pt-BR","@id":"https:\/\/www.suno.com.br\/noticias\/#\/schema\/person\/image\/","url":"https:\/\/secure.gravatar.com\/avatar\/743d4df28eebf6dcc46b4ad03c319e92?s=96&r=g","contentUrl":"https:\/\/secure.gravatar.com\/avatar\/743d4df28eebf6dcc46b4ad03c319e92?s=96&r=g","caption":"Juliano Passaro"},"description":"Juliano Passaro escreve sobre pol\u00edtica, economia e neg\u00f3cios para o portal da Suno Research. Antes da Suno, trabalhou no Portal da Band. \u00c9 formado em jornalismo pela Universidade Presbiteriana Mackenzie.","url":"https:\/\/www.suno.com.br\/noticias\/author\/juliano\/"}]}},"default_loop_html":"<div class=\"cardsPage__listCard__boxs\"><div class=\"cardsPage__listCard__boxs__img\"><a href=\"https:\/\/www.suno.com.br\/noticias\/bolsonaro-brasil-primeiro-pais-aprovar-acordo-mercosul-ue\/\"><img class=\"mask\" src=\"https:\/\/www.suno.com.br\/noticias\/wp-content\/themes\/suno\/resources\/images\/spotlight\/spotlight1img\/bg-mask.png\" alt=\"Image Mask\"\/><img src=\"https:\/\/files.sunoresearch.com.br\/n\/uploads\/2019\/06\/1dc03030-bolsonaroue-400x200.webp\" alt=\"Bolsonaro quer Brasil como primeiro pa\u00eds a aprovar acordo Mercosul-UE\"\/><\/a><span class=\"spotlightCategory\"><a href=\"https:\/\/www.suno.com.br\/noticias\/politica\/\">Pol\u00edtica<\/a><\/span><\/div><div class=\"cardsPage__listCard__boxs__content\"><a href=\"https:\/\/www.suno.com.br\/noticias\/bolsonaro-brasil-primeiro-pais-aprovar-acordo-mercosul-ue\/\"><h2 class=\"content__title\">Bolsonaro quer Brasil como primeiro pa\u00eds a aprovar acordo Mercosul-UE<\/h2><\/a><div class=\"newsContent__article__meta\"><div class=\"newsContent__article__meta__authorBox\"><a href=\"https:\/\/www.suno.com.br\/noticias\/author\/juliano\/\" class=\"authorBox__avatar noMobi\"><img src=\"https:\/\/files.sunoresearch.com.br\/n\/uploads\/2019\/06\/7cc3efea-whatsapp-image-2019-07-18-at-21.59.33-e1563499821209-150x150.webp\" alt=\"Juliano Passaro\"><\/a><div class=\"authorBox__name\"><span>por\n\t\t\t<a href=\"https:\/\/www.suno.com.br\/noticias\/author\/juliano\/\"><span itemprop=\"author\">Juliano Passaro<\/span><\/a><\/span><time datetime=\"2019-06-30T17:19:35-03:00\" itemprop=\"datePublished\">30\/06\/2019 17:19<\/time><\/div><\/div><\/div><\/div><\/div>","single_layout":"posts","amp_enabled":true,"_links":{"self":[{"href":"https:\/\/www.suno.com.br\/noticias\/wp-json\/wp\/v2\/posts\/29597"}],"collection":[{"href":"https:\/\/www.suno.com.br\/noticias\/wp-json\/wp\/v2\/posts"}],"about":[{"href":"https:\/\/www.suno.com.br\/noticias\/wp-json\/wp\/v2\/types\/post"}],"author":[{"embeddable":true,"href":"https:\/\/www.suno.com.br\/noticias\/wp-json\/wp\/v2\/users\/19"}],"replies":[{"embeddable":true,"href":"https:\/\/www.suno.com.br\/noticias\/wp-json\/wp\/v2\/comments?post=29597"}],"version-history":[{"count":0,"href":"https:\/\/www.suno.com.br\/noticias\/wp-json\/wp\/v2\/posts\/29597\/revisions"}],"wp:featuredmedia":[{"embeddable":true,"href":"https:\/\/www.suno.com.br\/noticias\/wp-json\/wp\/v2\/media\/29598"}],"wp:attachment":[{"href":"https:\/\/www.suno.com.br\/noticias\/wp-json\/wp\/v2\/media?parent=29597"}],"wp:term":[{"taxonomy":"category","embeddable":true,"href":"https:\/\/www.suno.com.br\/noticias\/wp-json\/wp\/v2\/categories?post=29597"},{"taxonomy":"post_tag","embeddable":true,"href":"https:\/\/www.suno.com.br\/noticias\/wp-json\/wp\/v2\/tags?post=29597"},{"taxonomy":"suno_strategy","embeddable":true,"href":"https:\/\/www.suno.com.br\/noticias\/wp-json\/wp\/v2\/suno_strategy?post=29597"}],"curies":[{"name":"wp","href":"https:\/\/api.w.org\/{rel}","templated":true}]}}