{"id":29591,"date":"2019-06-30T15:19:30","date_gmt":"2019-06-30T18:19:30","guid":{"rendered":"https:\/\/www.suno.com.br\/noticias\/?p=29591"},"modified":"2019-07-02T10:35:01","modified_gmt":"2019-07-02T13:35:01","slug":"ministro-do-petroleo-iraquiano-aguarda-prorrogacao-de-oferta-da-opep","status":"publish","type":"post","link":"https:\/\/www.suno.com.br\/noticias\/ministro-do-petroleo-iraquiano-aguarda-prorrogacao-de-oferta-da-opep\/","title":{"rendered":"Ministro do petr\u00f3leo iraquiano aguarda prorroga\u00e7\u00e3o de oferta da Opep"},"content":{"rendered":"<p><strong>Thamer<\/strong>\u00a0G<strong>hadhban<\/strong>, ministro iraquiano do petr\u00f3leo, disse neste domingo (30) que aguarda que um tratado global, que confirma a diminui\u00e7\u00e3o da produ\u00e7\u00e3o de <strong>petr\u00f3leo<\/strong>, seja estendido por mais seis a nove meses.<\/p>\t<div class=\"wrapper-featured-image\">\n\t\t<figure class=\"spotlightImg\">\n\n\t\t\t<picture>\n\t\t\t\t<source media=\"(max-width: 768px)\" srcset=\"https:\/\/files.sunoresearch.com.br\/n\/uploads\/2018\/12\/e34df4b5-opep-400x200.webp\">\n\t\t\t\t<img loading=\"lazy\" decoding=\"async\" class=\"newsContent__article__imgCapa lazyloadDisabled newsContent__article__imgCapa--noCaption\" src=\"https:\/\/files.sunoresearch.com.br\/n\/uploads\/2018\/12\/e34df4b5-opep-jpg.webp\" width=\"800\" height=\"450\" alt=\"Ministro do petr\u00f3leo iraquiano aguarda prorroga\u00e7\u00e3o de oferta da Opep\" fetchpriority=high \/>\n\t\t\t<\/picture>\n\n\t\t\t<figcaption class=\"wp-caption-text wp-caption-text--hide\">Demanda por petr\u00f3leo deve ter crescimento recorde em 2021, prev\u00ea Opep<\/figcaption>\n\t\t<\/figure>\n\t<\/div>\n\n\n<p>Sendo assim, a <strong>R\u00fassia<\/strong> pactuou com a Ar\u00e1bia Saudita para prolongar o acordo com a <strong>Organiza\u00e7\u00e3o dos pa\u00edses Exportadores de Petr\u00f3leo (Opep)<\/strong>.<\/p>\n<p>&#8220;Os principais produtores de petr\u00f3leo est\u00e3o caminhando para uma decis\u00e3o de estender o acordo de produ\u00e7\u00e3o por sei a nove meses&#8221;, afirmou o ministro em uma nota.<\/p>\n<p>Ministros do Petr\u00f3leo da <strong>Opep<\/strong> se reunir\u00e3o nesta segunda-feira (1), em Viena. Entretanto, ter\u00e3o outra reuni\u00e3o com produtores de petr\u00f3leo que n\u00e3o fazem parte da organiza\u00e7\u00e3o na ter\u00e7a-feira (2).<\/p>\n<p><a href=\"https:\/\/www.suno.com.br\/noticias\/eua-pretoleo-ira-sancoes\/\">Saiba mais:\u00a0EUA v\u00e3o aplicar san\u00e7\u00f5es econ\u00f4micas a pa\u00edses que importarem petr\u00f3leo do Ir\u00e3\u00a0<\/a><\/p>\n<h2>Alta do petr\u00f3leo<\/h2>\n<p>Na \u00faltima quarta-feira (26) o\u00a0barril do petr\u00f3leo foi valorizado no mercado internacional . Com alta maior do que 2%, o movimento ocorreu em raz\u00e3o do menor estoque da <strong><a href=\"https:\/\/www.suno.com.br\/artigos\/o-que-commodities\/\">commodity<\/a><\/strong> nos <strong>EUA<\/strong>.<\/p>\n<p>Veja a alta das principais refer\u00eancias do <strong>petr\u00f3leo<\/strong> no fechamento:<\/p>\n<ul>\n<li>Na <strong>New York Mercantile Exchange<\/strong> (Nymex),\u00a0maior mercado mundial n\u00e3o-virtual que negocia futuros de commodities, o <strong>petr\u00f3leo WTI<\/strong> para entrega em agosto\u00a0subiu 2,68%, com o barril cotado a US$ 59,38.<\/li>\n<li>Na\u00a0<strong>Intercontinental Exchange<\/strong> (ICE),\u00a0empresa norte-americana que comercializa via internet futuros e derivativos, o <strong>petr\u00f3leo Brent<\/strong> para entrega em setembro avan\u00e7ou 2,20%, com o barril cotado a US$ 65,69.<\/li>\n<\/ul>\n<p>O <strong>Brent<\/strong> trata-se do petr\u00f3leo\u00a0extra\u00eddo no <strong>Mar do Norte<\/strong> e no <strong>Oriente M\u00e9dio<\/strong>. Sendo assim, o Brent \u00e9 a principal base do valor da commodity no mercado europeu.<\/p>\n<h2>EUA e Ir\u00e3 impactam\u00a0valor do petr\u00f3leo<\/h2>\n<p>Na \u00faltima semana, o presidente <strong>Donald<\/strong> <strong>Trump<\/strong> afirmou que ir\u00e1 impor san\u00e7\u00f5es a qualquer pa\u00eds que importe petr\u00f3leo do Ir\u00e3. Sendo assim, o comunicado foi feito na \u00faltima sexta-feira (28), por <strong>Brian Hook, <\/strong>enviado especial\u00a0dos <strong>EUA<\/strong> ao Ir\u00e3.<\/p>\n","protected":false},"excerpt":{"rendered":"<p>Thamer\u00a0Ghadhban, ministro iraquiano do petr\u00f3leo, disse neste domingo (30) que aguarda que um tratado global, que confirma a diminui\u00e7\u00e3o da produ\u00e7\u00e3o de petr\u00f3leo, seja estendido por mais seis a nove meses. Demanda por petr\u00f3leo deve ter crescimento recorde em 2021, prev\u00ea Opep Sendo assim, a R\u00fassia pactuou com a Ar\u00e1bia Saudita para prolongar o acordo [&hellip;]<\/p>\n","protected":false},"author":19,"featured_media":8162,"comment_status":"closed","ping_status":"closed","sticky":false,"template":"","format":"standard","meta":[],"categories":[63],"tags":[793,1458,811,766],"suno_strategy":[],"class_list":["post-29591","post","type-post","status-publish","format-standard","has-post-thumbnail","hentry","category-internacional","tag-estados-unidos-eua","tag-ira","tag-opep","tag-petroleo"],"yoast_head":"<!-- This site is optimized with the Yoast SEO plugin v24.4 - https:\/\/yoast.com\/wordpress\/plugins\/seo\/ -->\n<title>Ministro do petr\u00f3leo iraquiano aguarda prorroga\u00e7\u00e3o de oferta da Opep<\/title>\n<meta name=\"description\" content=\"Ministro iraquiano do petr\u00f3leo afirmou que aguarda que um tratado global seja estendido por mais seis a nove meses. Clique e saiba mais.\" \/>\n<meta name=\"robots\" content=\"index, follow, max-snippet:-1, max-image-preview:large, max-video-preview:-1\" \/>\n<link rel=\"canonical\" href=\"https:\/\/www.suno.com.br\/noticias\/ministro-do-petroleo-iraquiano-aguarda-prorrogacao-de-oferta-da-opep\/\" \/>\n<meta property=\"og:locale\" content=\"pt_BR\" \/>\n<meta property=\"og:type\" content=\"article\" \/>\n<meta property=\"og:title\" content=\"Ministro do petr\u00f3leo iraquiano aguarda prorroga\u00e7\u00e3o de oferta da Opep\" \/>\n<meta property=\"og:description\" content=\"Ministro iraquiano do petr\u00f3leo afirmou que aguarda que um tratado global seja estendido por mais seis a nove meses. Clique e saiba mais.\" \/>\n<meta property=\"og:url\" content=\"https:\/\/www.suno.com.br\/noticias\/ministro-do-petroleo-iraquiano-aguarda-prorrogacao-de-oferta-da-opep\/\" \/>\n<meta property=\"og:site_name\" content=\"Suno Not\u00edcias\" \/>\n<meta property=\"article:publisher\" content=\"https:\/\/facebook.com\/sunoresearch\" \/>\n<meta property=\"og:image\" content=\"https:\/\/files.sunoresearch.com.br\/n\/uploads\/2018\/12\/e34df4b5-opep.jpg\" \/>\n\t<meta property=\"og:image:width\" content=\"600\" \/>\n\t<meta property=\"og:image:height\" content=\"337\" \/>\n\t<meta property=\"og:image:type\" content=\"image\/jpeg\" \/>\n<meta name=\"author\" content=\"Juliano Passaro\" \/>\n<meta name=\"twitter:card\" content=\"summary_large_image\" \/>\n<meta name=\"twitter:creator\" content=\"@sunoresearch\" \/>\n<meta name=\"twitter:site\" content=\"@sunoresearch\" \/>\n<meta name=\"twitter:label1\" content=\"Escrito por\" \/>\n\t<meta name=\"twitter:data1\" content=\"Juliano Passaro\" \/>\n\t<meta name=\"twitter:label2\" content=\"Est. tempo de leitura\" \/>\n\t<meta name=\"twitter:data2\" content=\"2 minutos\" \/>\n<script type=\"application\/ld+json\" class=\"yoast-schema-graph\">{\"@context\":\"https:\/\/schema.org\",\"@graph\":[{\"@type\":\"NewsArticle\",\"@id\":\"https:\/\/www.suno.com.br\/noticias\/ministro-do-petroleo-iraquiano-aguarda-prorrogacao-de-oferta-da-opep\/#article\",\"isPartOf\":{\"@id\":\"https:\/\/www.suno.com.br\/noticias\/ministro-do-petroleo-iraquiano-aguarda-prorrogacao-de-oferta-da-opep\/\"},\"author\":{\"name\":\"Juliano Passaro\",\"@id\":\"https:\/\/www.suno.com.br\/noticias\/#\/schema\/person\/1db762f78ffd8919a648a63e425953e3\"},\"headline\":\"Ministro do petr\u00f3leo iraquiano aguarda prorroga\u00e7\u00e3o de oferta da Opep\",\"datePublished\":\"2019-06-30T18:19:30+00:00\",\"dateModified\":\"2019-07-02T13:35:01+00:00\",\"mainEntityOfPage\":{\"@id\":\"https:\/\/www.suno.com.br\/noticias\/ministro-do-petroleo-iraquiano-aguarda-prorrogacao-de-oferta-da-opep\/\"},\"wordCount\":346,\"publisher\":{\"@id\":\"https:\/\/www.suno.com.br\/noticias\/#organization\"},\"image\":{\"@id\":\"https:\/\/www.suno.com.br\/noticias\/ministro-do-petroleo-iraquiano-aguarda-prorrogacao-de-oferta-da-opep\/#primaryimage\"},\"thumbnailUrl\":\"https:\/\/files.sunoresearch.com.br\/n\/uploads\/2018\/12\/e34df4b5-opep-jpg.webp\",\"keywords\":[\"Estados Unidos (EUA)\",\"Ir\u00e3\",\"OPEP\",\"Petr\u00f3leo\"],\"articleSection\":[\"Internacional\"],\"inLanguage\":\"pt-BR\"},{\"@type\":\"WebPage\",\"@id\":\"https:\/\/www.suno.com.br\/noticias\/ministro-do-petroleo-iraquiano-aguarda-prorrogacao-de-oferta-da-opep\/\",\"url\":\"https:\/\/www.suno.com.br\/noticias\/ministro-do-petroleo-iraquiano-aguarda-prorrogacao-de-oferta-da-opep\/\",\"name\":\"Ministro do petr\u00f3leo iraquiano aguarda prorroga\u00e7\u00e3o de oferta da Opep\",\"isPartOf\":{\"@id\":\"https:\/\/www.suno.com.br\/noticias\/#website\"},\"primaryImageOfPage\":{\"@id\":\"https:\/\/www.suno.com.br\/noticias\/ministro-do-petroleo-iraquiano-aguarda-prorrogacao-de-oferta-da-opep\/#primaryimage\"},\"image\":{\"@id\":\"https:\/\/www.suno.com.br\/noticias\/ministro-do-petroleo-iraquiano-aguarda-prorrogacao-de-oferta-da-opep\/#primaryimage\"},\"thumbnailUrl\":\"https:\/\/files.sunoresearch.com.br\/n\/uploads\/2018\/12\/e34df4b5-opep-jpg.webp\",\"datePublished\":\"2019-06-30T18:19:30+00:00\",\"dateModified\":\"2019-07-02T13:35:01+00:00\",\"description\":\"Ministro iraquiano do petr\u00f3leo afirmou que aguarda que um tratado global seja estendido por mais seis a nove meses. Clique e saiba mais.\",\"breadcrumb\":{\"@id\":\"https:\/\/www.suno.com.br\/noticias\/ministro-do-petroleo-iraquiano-aguarda-prorrogacao-de-oferta-da-opep\/#breadcrumb\"},\"inLanguage\":\"pt-BR\",\"potentialAction\":[{\"@type\":\"ReadAction\",\"target\":[\"https:\/\/www.suno.com.br\/noticias\/ministro-do-petroleo-iraquiano-aguarda-prorrogacao-de-oferta-da-opep\/\"]}]},{\"@type\":\"ImageObject\",\"inLanguage\":\"pt-BR\",\"@id\":\"https:\/\/www.suno.com.br\/noticias\/ministro-do-petroleo-iraquiano-aguarda-prorrogacao-de-oferta-da-opep\/#primaryimage\",\"url\":\"https:\/\/files.sunoresearch.com.br\/n\/uploads\/2018\/12\/e34df4b5-opep-jpg.webp\",\"contentUrl\":\"https:\/\/files.sunoresearch.com.br\/n\/uploads\/2018\/12\/e34df4b5-opep-jpg.webp\",\"width\":600,\"height\":337,\"caption\":\"Demanda por petr\u00f3leo deve ter crescimento recorde em 2021, prev\u00ea Opep\"},{\"@type\":\"BreadcrumbList\",\"@id\":\"https:\/\/www.suno.com.br\/noticias\/ministro-do-petroleo-iraquiano-aguarda-prorrogacao-de-oferta-da-opep\/#breadcrumb\",\"itemListElement\":[{\"@type\":\"ListItem\",\"position\":1,\"name\":\"Not\u00edcias\",\"item\":\"https:\/\/www.suno.com.br\/noticias\/\"},{\"@type\":\"ListItem\",\"position\":2,\"name\":\"Internacional\",\"item\":\"https:\/\/www.suno.com.br\/noticias\/internacional\/\"},{\"@type\":\"ListItem\",\"position\":3,\"name\":\"Ministro do petr\u00f3leo iraquiano aguarda prorroga\u00e7\u00e3o de oferta da Opep\"}]},{\"@type\":\"WebSite\",\"@id\":\"https:\/\/www.suno.com.br\/noticias\/#website\",\"url\":\"https:\/\/www.suno.com.br\/noticias\/\",\"name\":\"Suno Not\u00edcias\",\"description\":\"Seu portal de informa\u00e7\u00e3o sobre o mundo dos investimentos\",\"publisher\":{\"@id\":\"https:\/\/www.suno.com.br\/noticias\/#organization\"},\"potentialAction\":[{\"@type\":\"SearchAction\",\"target\":{\"@type\":\"EntryPoint\",\"urlTemplate\":\"https:\/\/www.suno.com.br\/noticias\/?s={search_term_string}\"},\"query-input\":{\"@type\":\"PropertyValueSpecification\",\"valueRequired\":true,\"valueName\":\"search_term_string\"}}],\"inLanguage\":\"pt-BR\"},{\"@type\":\"Organization\",\"@id\":\"https:\/\/www.suno.com.br\/noticias\/#organization\",\"name\":\"Suno Not\u00edcias\",\"url\":\"https:\/\/www.suno.com.br\/noticias\/\",\"logo\":{\"@type\":\"ImageObject\",\"inLanguage\":\"pt-BR\",\"@id\":\"https:\/\/www.suno.com.br\/noticias\/#\/schema\/logo\/image\/\",\"url\":\"https:\/\/files.sunoresearch.com.br\/n\/uploads\/2021\/09\/suno-logo.png\",\"contentUrl\":\"https:\/\/files.sunoresearch.com.br\/n\/uploads\/2021\/09\/suno-logo.png\",\"width\":180,\"height\":180,\"caption\":\"Suno Not\u00edcias\"},\"image\":{\"@id\":\"https:\/\/www.suno.com.br\/noticias\/#\/schema\/logo\/image\/\"},\"sameAs\":[\"https:\/\/facebook.com\/sunoresearch\",\"https:\/\/x.com\/sunoresearch\",\"https:\/\/www.instagram.com\/suno\",\"https:\/\/www.linkedin.com\/company\/suno-research\/\",\"https:\/\/www.youtube.com\/c\/sunoresearch\"]},{\"@type\":\"Person\",\"@id\":\"https:\/\/www.suno.com.br\/noticias\/#\/schema\/person\/1db762f78ffd8919a648a63e425953e3\",\"name\":\"Juliano Passaro\",\"image\":{\"@type\":\"ImageObject\",\"inLanguage\":\"pt-BR\",\"@id\":\"https:\/\/www.suno.com.br\/noticias\/#\/schema\/person\/image\/\",\"url\":\"https:\/\/secure.gravatar.com\/avatar\/743d4df28eebf6dcc46b4ad03c319e92?s=96&r=g\",\"contentUrl\":\"https:\/\/secure.gravatar.com\/avatar\/743d4df28eebf6dcc46b4ad03c319e92?s=96&r=g\",\"caption\":\"Juliano Passaro\"},\"description\":\"Juliano Passaro escreve sobre pol\u00edtica, economia e neg\u00f3cios para o portal da Suno Research. Antes da Suno, trabalhou no Portal da Band. \u00c9 formado em jornalismo pela Universidade Presbiteriana Mackenzie.\",\"url\":\"https:\/\/www.suno.com.br\/noticias\/author\/juliano\/\"}]}<\/script>\n<!-- \/ Yoast SEO plugin. -->","yoast_head_json":{"title":"Ministro do petr\u00f3leo iraquiano aguarda prorroga\u00e7\u00e3o de oferta da Opep","description":"Ministro iraquiano do petr\u00f3leo afirmou que aguarda que um tratado global seja estendido por mais seis a nove meses. Clique e saiba mais.","robots":{"index":"index","follow":"follow","max-snippet":"max-snippet:-1","max-image-preview":"max-image-preview:large","max-video-preview":"max-video-preview:-1"},"canonical":"https:\/\/www.suno.com.br\/noticias\/ministro-do-petroleo-iraquiano-aguarda-prorrogacao-de-oferta-da-opep\/","og_locale":"pt_BR","og_type":"article","og_title":"Ministro do petr\u00f3leo iraquiano aguarda prorroga\u00e7\u00e3o de oferta da Opep","og_description":"Ministro iraquiano do petr\u00f3leo afirmou que aguarda que um tratado global seja estendido por mais seis a nove meses. Clique e saiba mais.","og_url":"https:\/\/www.suno.com.br\/noticias\/ministro-do-petroleo-iraquiano-aguarda-prorrogacao-de-oferta-da-opep\/","og_site_name":"Suno Not\u00edcias","article_publisher":"https:\/\/facebook.com\/sunoresearch","og_image":[{"width":600,"height":337,"url":"https:\/\/files.sunoresearch.com.br\/n\/uploads\/2018\/12\/e34df4b5-opep.jpg","type":"image\/jpeg"}],"author":"Juliano Passaro","twitter_card":"summary_large_image","twitter_creator":"@sunoresearch","twitter_site":"@sunoresearch","twitter_misc":{"Escrito por":"Juliano Passaro","Est. tempo de leitura":"2 minutos"},"schema":{"@context":"https:\/\/schema.org","@graph":[{"@type":"NewsArticle","@id":"https:\/\/www.suno.com.br\/noticias\/ministro-do-petroleo-iraquiano-aguarda-prorrogacao-de-oferta-da-opep\/#article","isPartOf":{"@id":"https:\/\/www.suno.com.br\/noticias\/ministro-do-petroleo-iraquiano-aguarda-prorrogacao-de-oferta-da-opep\/"},"author":{"name":"Juliano Passaro","@id":"https:\/\/www.suno.com.br\/noticias\/#\/schema\/person\/1db762f78ffd8919a648a63e425953e3"},"headline":"Ministro do petr\u00f3leo iraquiano aguarda prorroga\u00e7\u00e3o de oferta da Opep","datePublished":"2019-06-30T18:19:30+00:00","dateModified":"2019-07-02T13:35:01+00:00","mainEntityOfPage":{"@id":"https:\/\/www.suno.com.br\/noticias\/ministro-do-petroleo-iraquiano-aguarda-prorrogacao-de-oferta-da-opep\/"},"wordCount":346,"publisher":{"@id":"https:\/\/www.suno.com.br\/noticias\/#organization"},"image":{"@id":"https:\/\/www.suno.com.br\/noticias\/ministro-do-petroleo-iraquiano-aguarda-prorrogacao-de-oferta-da-opep\/#primaryimage"},"thumbnailUrl":"https:\/\/files.sunoresearch.com.br\/n\/uploads\/2018\/12\/e34df4b5-opep-jpg.webp","keywords":["Estados Unidos (EUA)","Ir\u00e3","OPEP","Petr\u00f3leo"],"articleSection":["Internacional"],"inLanguage":"pt-BR"},{"@type":"WebPage","@id":"https:\/\/www.suno.com.br\/noticias\/ministro-do-petroleo-iraquiano-aguarda-prorrogacao-de-oferta-da-opep\/","url":"https:\/\/www.suno.com.br\/noticias\/ministro-do-petroleo-iraquiano-aguarda-prorrogacao-de-oferta-da-opep\/","name":"Ministro do petr\u00f3leo iraquiano aguarda prorroga\u00e7\u00e3o de oferta da Opep","isPartOf":{"@id":"https:\/\/www.suno.com.br\/noticias\/#website"},"primaryImageOfPage":{"@id":"https:\/\/www.suno.com.br\/noticias\/ministro-do-petroleo-iraquiano-aguarda-prorrogacao-de-oferta-da-opep\/#primaryimage"},"image":{"@id":"https:\/\/www.suno.com.br\/noticias\/ministro-do-petroleo-iraquiano-aguarda-prorrogacao-de-oferta-da-opep\/#primaryimage"},"thumbnailUrl":"https:\/\/files.sunoresearch.com.br\/n\/uploads\/2018\/12\/e34df4b5-opep-jpg.webp","datePublished":"2019-06-30T18:19:30+00:00","dateModified":"2019-07-02T13:35:01+00:00","description":"Ministro iraquiano do petr\u00f3leo afirmou que aguarda que um tratado global seja estendido por mais seis a nove meses. Clique e saiba mais.","breadcrumb":{"@id":"https:\/\/www.suno.com.br\/noticias\/ministro-do-petroleo-iraquiano-aguarda-prorrogacao-de-oferta-da-opep\/#breadcrumb"},"inLanguage":"pt-BR","potentialAction":[{"@type":"ReadAction","target":["https:\/\/www.suno.com.br\/noticias\/ministro-do-petroleo-iraquiano-aguarda-prorrogacao-de-oferta-da-opep\/"]}]},{"@type":"ImageObject","inLanguage":"pt-BR","@id":"https:\/\/www.suno.com.br\/noticias\/ministro-do-petroleo-iraquiano-aguarda-prorrogacao-de-oferta-da-opep\/#primaryimage","url":"https:\/\/files.sunoresearch.com.br\/n\/uploads\/2018\/12\/e34df4b5-opep-jpg.webp","contentUrl":"https:\/\/files.sunoresearch.com.br\/n\/uploads\/2018\/12\/e34df4b5-opep-jpg.webp","width":600,"height":337,"caption":"Demanda por petr\u00f3leo deve ter crescimento recorde em 2021, prev\u00ea Opep"},{"@type":"BreadcrumbList","@id":"https:\/\/www.suno.com.br\/noticias\/ministro-do-petroleo-iraquiano-aguarda-prorrogacao-de-oferta-da-opep\/#breadcrumb","itemListElement":[{"@type":"ListItem","position":1,"name":"Not\u00edcias","item":"https:\/\/www.suno.com.br\/noticias\/"},{"@type":"ListItem","position":2,"name":"Internacional","item":"https:\/\/www.suno.com.br\/noticias\/internacional\/"},{"@type":"ListItem","position":3,"name":"Ministro do petr\u00f3leo iraquiano aguarda prorroga\u00e7\u00e3o de oferta da Opep"}]},{"@type":"WebSite","@id":"https:\/\/www.suno.com.br\/noticias\/#website","url":"https:\/\/www.suno.com.br\/noticias\/","name":"Suno Not\u00edcias","description":"Seu portal de informa\u00e7\u00e3o sobre o mundo dos investimentos","publisher":{"@id":"https:\/\/www.suno.com.br\/noticias\/#organization"},"potentialAction":[{"@type":"SearchAction","target":{"@type":"EntryPoint","urlTemplate":"https:\/\/www.suno.com.br\/noticias\/?s={search_term_string}"},"query-input":{"@type":"PropertyValueSpecification","valueRequired":true,"valueName":"search_term_string"}}],"inLanguage":"pt-BR"},{"@type":"Organization","@id":"https:\/\/www.suno.com.br\/noticias\/#organization","name":"Suno Not\u00edcias","url":"https:\/\/www.suno.com.br\/noticias\/","logo":{"@type":"ImageObject","inLanguage":"pt-BR","@id":"https:\/\/www.suno.com.br\/noticias\/#\/schema\/logo\/image\/","url":"https:\/\/files.sunoresearch.com.br\/n\/uploads\/2021\/09\/suno-logo.png","contentUrl":"https:\/\/files.sunoresearch.com.br\/n\/uploads\/2021\/09\/suno-logo.png","width":180,"height":180,"caption":"Suno Not\u00edcias"},"image":{"@id":"https:\/\/www.suno.com.br\/noticias\/#\/schema\/logo\/image\/"},"sameAs":["https:\/\/facebook.com\/sunoresearch","https:\/\/x.com\/sunoresearch","https:\/\/www.instagram.com\/suno","https:\/\/www.linkedin.com\/company\/suno-research\/","https:\/\/www.youtube.com\/c\/sunoresearch"]},{"@type":"Person","@id":"https:\/\/www.suno.com.br\/noticias\/#\/schema\/person\/1db762f78ffd8919a648a63e425953e3","name":"Juliano Passaro","image":{"@type":"ImageObject","inLanguage":"pt-BR","@id":"https:\/\/www.suno.com.br\/noticias\/#\/schema\/person\/image\/","url":"https:\/\/secure.gravatar.com\/avatar\/743d4df28eebf6dcc46b4ad03c319e92?s=96&r=g","contentUrl":"https:\/\/secure.gravatar.com\/avatar\/743d4df28eebf6dcc46b4ad03c319e92?s=96&r=g","caption":"Juliano Passaro"},"description":"Juliano Passaro escreve sobre pol\u00edtica, economia e neg\u00f3cios para o portal da Suno Research. Antes da Suno, trabalhou no Portal da Band. \u00c9 formado em jornalismo pela Universidade Presbiteriana Mackenzie.","url":"https:\/\/www.suno.com.br\/noticias\/author\/juliano\/"}]}},"default_loop_html":"<div class=\"cardsPage__listCard__boxs\"><div class=\"cardsPage__listCard__boxs__img\"><a href=\"https:\/\/www.suno.com.br\/noticias\/ministro-do-petroleo-iraquiano-aguarda-prorrogacao-de-oferta-da-opep\/\"><img class=\"mask\" src=\"https:\/\/www.suno.com.br\/noticias\/wp-content\/themes\/suno\/resources\/images\/spotlight\/spotlight1img\/bg-mask.png\" alt=\"Image Mask\"\/><img src=\"https:\/\/files.sunoresearch.com.br\/n\/uploads\/2018\/12\/e34df4b5-opep-400x200.webp\" alt=\"Ministro do petr\u00f3leo iraquiano aguarda prorroga\u00e7\u00e3o de oferta da Opep\"\/><\/a><span class=\"spotlightCategory\"><a href=\"https:\/\/www.suno.com.br\/noticias\/internacional\/\">Internacional<\/a><\/span><\/div><div class=\"cardsPage__listCard__boxs__content\"><a href=\"https:\/\/www.suno.com.br\/noticias\/ministro-do-petroleo-iraquiano-aguarda-prorrogacao-de-oferta-da-opep\/\"><h2 class=\"content__title\">Ministro do petr\u00f3leo iraquiano aguarda prorroga\u00e7\u00e3o de oferta da Opep<\/h2><\/a><div class=\"newsContent__article__meta\"><div class=\"newsContent__article__meta__authorBox\"><a href=\"https:\/\/www.suno.com.br\/noticias\/author\/juliano\/\" class=\"authorBox__avatar noMobi\"><img src=\"https:\/\/files.sunoresearch.com.br\/n\/uploads\/2019\/06\/7cc3efea-whatsapp-image-2019-07-18-at-21.59.33-e1563499821209-150x150.webp\" alt=\"Juliano Passaro\"><\/a><div class=\"authorBox__name\"><span>por\n\t\t\t<a href=\"https:\/\/www.suno.com.br\/noticias\/author\/juliano\/\"><span itemprop=\"author\">Juliano Passaro<\/span><\/a><\/span><time datetime=\"2019-06-30T15:19:30-03:00\" itemprop=\"datePublished\">30\/06\/2019 15:19<\/time><\/div><\/div><\/div><\/div><\/div>","single_layout":"posts","amp_enabled":true,"_links":{"self":[{"href":"https:\/\/www.suno.com.br\/noticias\/wp-json\/wp\/v2\/posts\/29591"}],"collection":[{"href":"https:\/\/www.suno.com.br\/noticias\/wp-json\/wp\/v2\/posts"}],"about":[{"href":"https:\/\/www.suno.com.br\/noticias\/wp-json\/wp\/v2\/types\/post"}],"author":[{"embeddable":true,"href":"https:\/\/www.suno.com.br\/noticias\/wp-json\/wp\/v2\/users\/19"}],"replies":[{"embeddable":true,"href":"https:\/\/www.suno.com.br\/noticias\/wp-json\/wp\/v2\/comments?post=29591"}],"version-history":[{"count":0,"href":"https:\/\/www.suno.com.br\/noticias\/wp-json\/wp\/v2\/posts\/29591\/revisions"}],"wp:featuredmedia":[{"embeddable":true,"href":"https:\/\/www.suno.com.br\/noticias\/wp-json\/wp\/v2\/media\/8162"}],"wp:attachment":[{"href":"https:\/\/www.suno.com.br\/noticias\/wp-json\/wp\/v2\/media?parent=29591"}],"wp:term":[{"taxonomy":"category","embeddable":true,"href":"https:\/\/www.suno.com.br\/noticias\/wp-json\/wp\/v2\/categories?post=29591"},{"taxonomy":"post_tag","embeddable":true,"href":"https:\/\/www.suno.com.br\/noticias\/wp-json\/wp\/v2\/tags?post=29591"},{"taxonomy":"suno_strategy","embeddable":true,"href":"https:\/\/www.suno.com.br\/noticias\/wp-json\/wp\/v2\/suno_strategy?post=29591"}],"curies":[{"name":"wp","href":"https:\/\/api.w.org\/{rel}","templated":true}]}}