{"id":29584,"date":"2019-06-30T13:37:07","date_gmt":"2019-06-30T16:37:07","guid":{"rendered":"https:\/\/www.suno.com.br\/noticias\/?p=29584"},"modified":"2019-06-30T13:42:37","modified_gmt":"2019-06-30T16:42:37","slug":"bolsonaro-acordo-mercosul-ue-mantem-conquistas-lei-da-inovacao","status":"publish","type":"post","link":"https:\/\/www.suno.com.br\/noticias\/bolsonaro-acordo-mercosul-ue-mantem-conquistas-lei-da-inovacao\/","title":{"rendered":"Bolsonaro: Acordo Mercosul-UE mant\u00e9m conquistas da Lei da Inova\u00e7\u00e3o"},"content":{"rendered":"<p>Em sua conta do Twitter, o presidente <strong>Jair<\/strong> <strong>Bolsonaro<\/strong> <strong>(PSL)<\/strong> declarou, neste domingo (30), que o Brasil manteve todas as conquistas da Lei da Inova\u00e7\u00e3o no acordo comercial entre\u00a0<strong>Mercosul\u00a0<\/strong>e\u00a0<strong>Uni\u00e3o Europeia (UE).<\/strong><\/p>\t<div class=\"wrapper-featured-image\">\n\t\t<figure class=\"spotlightImg\">\n\n\t\t\t<picture>\n\t\t\t\t<source media=\"(max-width: 768px)\" srcset=\"https:\/\/files.sunoresearch.com.br\/n\/uploads\/2019\/06\/9d5dcff2-bolsonaro1-400x200.webp\">\n\t\t\t\t<img loading=\"lazy\" decoding=\"async\" class=\"newsContent__article__imgCapa lazyloadDisabled newsContent__article__imgCapa--noCaption\" src=\"https:\/\/files.sunoresearch.com.br\/n\/uploads\/2019\/06\/9d5dcff2-bolsonaro1-800x450.webp\" width=\"800\" height=\"450\" alt=\"Bolsonaro: Acordo Mercosul-UE mant\u00e9m conquistas da Lei da Inova\u00e7\u00e3o\" fetchpriority=high \/>\n\t\t\t<\/picture>\n\n\t\t\t<figcaption class=\"wp-caption-text wp-caption-text--hide\">Presidente da Rep\u00fablica, Jair Bolsonaro.<\/figcaption>\n\t\t<\/figure>\n\t<\/div>\n\n\n<p>\u201cO Brasil manteve todas as conquistas da <strong>Lei da Inova\u00e7\u00e3o<\/strong>, as encomendas tecnol\u00f3gicas, as compras de pequenas e micro empresas e, sobretudo, a previs\u00e3o que permite a exig\u00eancia de transfer\u00eancia de tecnologia nos contratos internacionais\u201d, afirmou o presidente.<\/p>\n\t<p>\n\t\t<a href=\"https:\/\/lp.suno.com.br\/asset\/fundos\/suno-fic-fia\/\" target=\"_blank\" data-element=\"shortcode-suno-banner\" title=\"Banner SUNO, clique e saiba mais\">\n\t\t\t<picture>\n\t\t\t\t<source media=\"(max-width: 500px)\" srcset=\"https:\/\/files.sunoresearch.com.br\/n\/uploads\/2023\/10\/SUNO-FIC-FIA-400x300-Mobile-Artigos-5-v2.png\">\n\t\t\t\t<img class=\"newsContent__article__imgCapa newsContent__article__imgCapa--banner\"\n\t\t\t\t\tsrc=\"https:\/\/files.sunoresearch.com.br\/n\/uploads\/2023\/10\/SUNO-FIC-FIA-1420x240-Banner-Artigos-1-_-Banner-Materias-4-v2-png.webp\"\n\t\t\t\t\tdata-promo-id=\"478743\"\t\t\t\t\t\t\t\t\t\twidth='2560' height='433'\t\t\t\t\talt=\"https:\/\/files.sunoresearch.com.br\/n\/uploads\/2023\/10\/SUNO-FIC-FIA-1420x240-Banner-Artigos-1-_-Banner-Materias-4-v2-png.webp\"\n\t\t\t\t>\n\t\t\t<\/picture>\n\t\t<\/a>\n\t<\/p>\n\n\n<p>Na mesma publica\u00e7\u00e3o, <strong>Bolsonaro<\/strong> tamb\u00e9m elogiou o ministro da Ci\u00eancia e Tecnologia,<strong> Marcos Pontes<\/strong>, pelos recentes feitos.<\/p>\n<h2>Acordo entre Mercosul e UE<\/h2>\n<div class=\"footer-ad\">\n<div class=\"amp-hidden\">\n<p>O acordo comercial firmado entre <strong>Uni\u00e3o Europeia (UE)<\/strong> e <strong>Mercosul<\/strong> tem 22 cap\u00edtulos e anexos que correspondem a diversos temas. Entretanto, alguns merecem mais destaque, como por exemplo:<\/p>\n<ul>\n<li>acesso tarif\u00e1rio ao mercado de bens;<\/li>\n<li>medidas sanit\u00e1rias e fitossanit\u00e1rias;<\/li>\n<li>barreiras t\u00e9cnicas ao com\u00e9rcio (com um anexo automotivo);<\/li>\n<li>defesa comercial;<\/li>\n<li>defesa da concorr\u00eancia;<\/li>\n<li>coopera\u00e7\u00e3o aduaneira;<\/li>\n<li>facilita\u00e7\u00e3o de com\u00e9rcio;<\/li>\n<li>antifraude;<\/li>\n<li>compras governamentais;<\/li>\n<li>solu\u00e7\u00e3o de controv\u00e9rsias;<\/li>\n<li>integra\u00e7\u00e3o regional;<\/li>\n<li>di\u00e1logos;<\/li>\n<li>empresas estatais;<\/li>\n<li>subs\u00eddios;<\/li>\n<li>com\u00e9rcio e desenvolvimento sustent\u00e1vel<\/li>\n<\/ul>\n<p>O <strong>governo brasileiro<\/strong> divulgou que foram estabelecidas diretrizes comuns em telecomunica\u00e7\u00f5es, servi\u00e7os postais e, tamb\u00e9m, financeiros. A comunica\u00e7\u00e3o foi feita em um documento, pelos minist\u00e9rios de Rela\u00e7\u00f5es Exteriores, Economia e Agricultura.<\/p>\n<p><a href=\"https:\/\/www.suno.com.br\/noticias\/omc-diretor-geral-acordo-mercosul-ue\/\">Saiba mais:\u00a0Diretor da OMC diz que acordo entre Mercosul e UE dar\u00e1 salto para o Brasil\u00a0<\/a><\/p>\n<div class=\"footer-ad\">\n<div class=\"amp-hidden\">\n<p>Foram acordados tamb\u00e9m dispositivos como a \u201caceita\u00e7\u00e3o geral de documentos eletr\u00f4nicos em substitui\u00e7\u00e3o aos de papel&#8221;. Tamb\u00e9m n\u00e3o ter\u00e1 a determina\u00e7\u00e3o de modelos espec\u00edficos de assinatura digital entre partes de um contrato.<\/p>\n<h2>Fechamento do acordo<\/h2>\n<p>A\u00a0<strong>Uni\u00e3o<\/strong> <strong>Europeia<\/strong>\u00a0e o <strong>Mercosul<\/strong> finalizaram as negocia\u00e7\u00f5es para o acordo comercial entre os dois blocos na tarde da \u00faltima sexta-feira (28).<\/p>\n<p>Os ministros do <strong>Mercosul<\/strong> e da <strong>UE<\/strong> estavam conversando sobre o poss\u00edvel acordo, em Bruxelas, capital da B\u00e9lgica, desde quinta-feira (27).<\/p>\n<p>O documento com o texto oficial do acordo ainda n\u00e3o foi divulgado.<\/p>\n\t<p>\n\t\t<a href=\"https:\/\/www.seculus.com.br\/blackfriday\" target=\"_blank\" data-element=\"shortcode-suno-banner\" title=\"Banner SUNO, clique e saiba mais\">\n\t\t\t<picture>\n\t\t\t\t<source media=\"(max-width: 500px)\" srcset=\"https:\/\/files.sunoresearch.com.br\/n\/uploads\/2023\/11\/seculus_suno_mobile_3.jpg\">\n\t\t\t\t<img class=\"newsContent__article__imgCapa newsContent__article__imgCapa--banner\"\n\t\t\t\t\tsrc=\"https:\/\/files.sunoresearch.com.br\/n\/uploads\/2023\/11\/seculus_suno_desktop_3.jpg\"\n\t\t\t\t\tdata-promo-id=\"474124\"\t\t\t\t\t\t\t\t\t\twidth='1420' height='240'\t\t\t\t\talt=\"https:\/\/files.sunoresearch.com.br\/n\/uploads\/2023\/11\/seculus_suno_desktop_3.jpg\"\n\t\t\t\t>\n\t\t\t<\/picture>\n\t\t<\/a>\n\t<\/p>\n\n\n<div class=\"footer-ad\">\n<div class=\"amp-hidden\"><\/div>\n<\/div>\n<\/div>\n<\/div>\n<\/div>\n<\/div>\n","protected":false},"excerpt":{"rendered":"<p>Em sua conta do Twitter, o presidente Jair Bolsonaro (PSL) declarou, neste domingo (30), que o Brasil manteve todas as conquistas da Lei da Inova\u00e7\u00e3o no acordo comercial entre\u00a0Mercosul\u00a0e\u00a0Uni\u00e3o Europeia (UE). Presidente da Rep\u00fablica, Jair Bolsonaro. \u201cO Brasil manteve todas as conquistas da Lei da Inova\u00e7\u00e3o, as encomendas tecnol\u00f3gicas, as compras de pequenas e micro [&hellip;]<\/p>\n","protected":false},"author":19,"featured_media":29586,"comment_status":"closed","ping_status":"closed","sticky":false,"template":"","format":"standard","meta":[],"categories":[61],"tags":[719,868],"suno_strategy":[],"class_list":["post-29584","post","type-post","status-publish","format-standard","has-post-thumbnail","hentry","category-politica","tag-jair-bolsonaro","tag-mercosul"],"yoast_head":"<!-- This site is optimized with the Yoast SEO plugin v24.4 - https:\/\/yoast.com\/wordpress\/plugins\/seo\/ -->\n<title>Bolsonaro: Acordo Mercosul-UE mant\u00e9m conquistas da lei da Inova\u00e7\u00e3o<\/title>\n<meta name=\"description\" content=\"Bolsonaro declarou, neste domingo (30), que o Brasil manteve todas as conquistas da Lei da Inova\u00e7\u00e3o no acordo comercial. Clique e saiba mais.\" \/>\n<meta name=\"robots\" content=\"index, follow, max-snippet:-1, max-image-preview:large, max-video-preview:-1\" \/>\n<link rel=\"canonical\" href=\"https:\/\/www.suno.com.br\/noticias\/bolsonaro-acordo-mercosul-ue-mantem-conquistas-lei-da-inovacao\/\" \/>\n<meta property=\"og:locale\" content=\"pt_BR\" \/>\n<meta property=\"og:type\" content=\"article\" \/>\n<meta property=\"og:title\" content=\"Bolsonaro: Acordo Mercosul-UE mant\u00e9m conquistas da lei da Inova\u00e7\u00e3o\" \/>\n<meta property=\"og:description\" content=\"Bolsonaro declarou, neste domingo (30), que o Brasil manteve todas as conquistas da Lei da Inova\u00e7\u00e3o no acordo comercial. Clique e saiba mais.\" \/>\n<meta property=\"og:url\" content=\"https:\/\/www.suno.com.br\/noticias\/bolsonaro-acordo-mercosul-ue-mantem-conquistas-lei-da-inovacao\/\" \/>\n<meta property=\"og:site_name\" content=\"Suno Not\u00edcias\" \/>\n<meta property=\"article:publisher\" content=\"https:\/\/facebook.com\/sunoresearch\" \/>\n<meta property=\"og:image\" content=\"https:\/\/files.sunoresearch.com.br\/n\/uploads\/2019\/06\/9d5dcff2-bolsonaro1.jpg\" \/>\n\t<meta property=\"og:image:width\" content=\"1140\" \/>\n\t<meta property=\"og:image:height\" content=\"760\" \/>\n\t<meta property=\"og:image:type\" content=\"image\/jpeg\" \/>\n<meta name=\"author\" content=\"Juliano Passaro\" \/>\n<meta name=\"twitter:card\" content=\"summary_large_image\" \/>\n<meta name=\"twitter:creator\" content=\"@sunoresearch\" \/>\n<meta name=\"twitter:site\" content=\"@sunoresearch\" \/>\n<meta name=\"twitter:label1\" content=\"Escrito por\" \/>\n\t<meta name=\"twitter:data1\" content=\"Juliano Passaro\" \/>\n\t<meta name=\"twitter:label2\" content=\"Est. tempo de leitura\" \/>\n\t<meta name=\"twitter:data2\" content=\"2 minutos\" \/>\n<script type=\"application\/ld+json\" class=\"yoast-schema-graph\">{\"@context\":\"https:\/\/schema.org\",\"@graph\":[{\"@type\":\"NewsArticle\",\"@id\":\"https:\/\/www.suno.com.br\/noticias\/bolsonaro-acordo-mercosul-ue-mantem-conquistas-lei-da-inovacao\/#article\",\"isPartOf\":{\"@id\":\"https:\/\/www.suno.com.br\/noticias\/bolsonaro-acordo-mercosul-ue-mantem-conquistas-lei-da-inovacao\/\"},\"author\":{\"name\":\"Juliano Passaro\",\"@id\":\"https:\/\/www.suno.com.br\/noticias\/#\/schema\/person\/1db762f78ffd8919a648a63e425953e3\"},\"headline\":\"Bolsonaro: Acordo Mercosul-UE mant\u00e9m conquistas da Lei da Inova\u00e7\u00e3o\",\"datePublished\":\"2019-06-30T16:37:07+00:00\",\"dateModified\":\"2019-06-30T16:42:37+00:00\",\"mainEntityOfPage\":{\"@id\":\"https:\/\/www.suno.com.br\/noticias\/bolsonaro-acordo-mercosul-ue-mantem-conquistas-lei-da-inovacao\/\"},\"wordCount\":365,\"publisher\":{\"@id\":\"https:\/\/www.suno.com.br\/noticias\/#organization\"},\"image\":{\"@id\":\"https:\/\/www.suno.com.br\/noticias\/bolsonaro-acordo-mercosul-ue-mantem-conquistas-lei-da-inovacao\/#primaryimage\"},\"thumbnailUrl\":\"https:\/\/files.sunoresearch.com.br\/n\/uploads\/2019\/06\/9d5dcff2-bolsonaro1-jpg.webp\",\"keywords\":[\"Jair Bolsonaro\",\"Mercosul\"],\"articleSection\":[\"Pol\u00edtica\"],\"inLanguage\":\"pt-BR\"},{\"@type\":\"WebPage\",\"@id\":\"https:\/\/www.suno.com.br\/noticias\/bolsonaro-acordo-mercosul-ue-mantem-conquistas-lei-da-inovacao\/\",\"url\":\"https:\/\/www.suno.com.br\/noticias\/bolsonaro-acordo-mercosul-ue-mantem-conquistas-lei-da-inovacao\/\",\"name\":\"Bolsonaro: Acordo Mercosul-UE mant\u00e9m conquistas da lei da Inova\u00e7\u00e3o\",\"isPartOf\":{\"@id\":\"https:\/\/www.suno.com.br\/noticias\/#website\"},\"primaryImageOfPage\":{\"@id\":\"https:\/\/www.suno.com.br\/noticias\/bolsonaro-acordo-mercosul-ue-mantem-conquistas-lei-da-inovacao\/#primaryimage\"},\"image\":{\"@id\":\"https:\/\/www.suno.com.br\/noticias\/bolsonaro-acordo-mercosul-ue-mantem-conquistas-lei-da-inovacao\/#primaryimage\"},\"thumbnailUrl\":\"https:\/\/files.sunoresearch.com.br\/n\/uploads\/2019\/06\/9d5dcff2-bolsonaro1-jpg.webp\",\"datePublished\":\"2019-06-30T16:37:07+00:00\",\"dateModified\":\"2019-06-30T16:42:37+00:00\",\"description\":\"Bolsonaro declarou, neste domingo (30), que o Brasil manteve todas as conquistas da Lei da Inova\u00e7\u00e3o no acordo comercial. Clique e saiba mais.\",\"breadcrumb\":{\"@id\":\"https:\/\/www.suno.com.br\/noticias\/bolsonaro-acordo-mercosul-ue-mantem-conquistas-lei-da-inovacao\/#breadcrumb\"},\"inLanguage\":\"pt-BR\",\"potentialAction\":[{\"@type\":\"ReadAction\",\"target\":[\"https:\/\/www.suno.com.br\/noticias\/bolsonaro-acordo-mercosul-ue-mantem-conquistas-lei-da-inovacao\/\"]}]},{\"@type\":\"ImageObject\",\"inLanguage\":\"pt-BR\",\"@id\":\"https:\/\/www.suno.com.br\/noticias\/bolsonaro-acordo-mercosul-ue-mantem-conquistas-lei-da-inovacao\/#primaryimage\",\"url\":\"https:\/\/files.sunoresearch.com.br\/n\/uploads\/2019\/06\/9d5dcff2-bolsonaro1-jpg.webp\",\"contentUrl\":\"https:\/\/files.sunoresearch.com.br\/n\/uploads\/2019\/06\/9d5dcff2-bolsonaro1-jpg.webp\",\"width\":1140,\"height\":760,\"caption\":\"Presidente da Rep\u00fablica, Jair Bolsonaro.\"},{\"@type\":\"BreadcrumbList\",\"@id\":\"https:\/\/www.suno.com.br\/noticias\/bolsonaro-acordo-mercosul-ue-mantem-conquistas-lei-da-inovacao\/#breadcrumb\",\"itemListElement\":[{\"@type\":\"ListItem\",\"position\":1,\"name\":\"Not\u00edcias\",\"item\":\"https:\/\/www.suno.com.br\/noticias\/\"},{\"@type\":\"ListItem\",\"position\":2,\"name\":\"Pol\u00edtica\",\"item\":\"https:\/\/www.suno.com.br\/noticias\/politica\/\"},{\"@type\":\"ListItem\",\"position\":3,\"name\":\"Bolsonaro: Acordo Mercosul-UE mant\u00e9m conquistas da Lei da Inova\u00e7\u00e3o\"}]},{\"@type\":\"WebSite\",\"@id\":\"https:\/\/www.suno.com.br\/noticias\/#website\",\"url\":\"https:\/\/www.suno.com.br\/noticias\/\",\"name\":\"Suno Not\u00edcias\",\"description\":\"Seu portal de informa\u00e7\u00e3o sobre o mundo dos investimentos\",\"publisher\":{\"@id\":\"https:\/\/www.suno.com.br\/noticias\/#organization\"},\"potentialAction\":[{\"@type\":\"SearchAction\",\"target\":{\"@type\":\"EntryPoint\",\"urlTemplate\":\"https:\/\/www.suno.com.br\/noticias\/?s={search_term_string}\"},\"query-input\":{\"@type\":\"PropertyValueSpecification\",\"valueRequired\":true,\"valueName\":\"search_term_string\"}}],\"inLanguage\":\"pt-BR\"},{\"@type\":\"Organization\",\"@id\":\"https:\/\/www.suno.com.br\/noticias\/#organization\",\"name\":\"Suno Not\u00edcias\",\"url\":\"https:\/\/www.suno.com.br\/noticias\/\",\"logo\":{\"@type\":\"ImageObject\",\"inLanguage\":\"pt-BR\",\"@id\":\"https:\/\/www.suno.com.br\/noticias\/#\/schema\/logo\/image\/\",\"url\":\"https:\/\/files.sunoresearch.com.br\/n\/uploads\/2021\/09\/suno-logo.png\",\"contentUrl\":\"https:\/\/files.sunoresearch.com.br\/n\/uploads\/2021\/09\/suno-logo.png\",\"width\":180,\"height\":180,\"caption\":\"Suno Not\u00edcias\"},\"image\":{\"@id\":\"https:\/\/www.suno.com.br\/noticias\/#\/schema\/logo\/image\/\"},\"sameAs\":[\"https:\/\/facebook.com\/sunoresearch\",\"https:\/\/x.com\/sunoresearch\",\"https:\/\/www.instagram.com\/suno\",\"https:\/\/www.linkedin.com\/company\/suno-research\/\",\"https:\/\/www.youtube.com\/c\/sunoresearch\"]},{\"@type\":\"Person\",\"@id\":\"https:\/\/www.suno.com.br\/noticias\/#\/schema\/person\/1db762f78ffd8919a648a63e425953e3\",\"name\":\"Juliano Passaro\",\"image\":{\"@type\":\"ImageObject\",\"inLanguage\":\"pt-BR\",\"@id\":\"https:\/\/www.suno.com.br\/noticias\/#\/schema\/person\/image\/\",\"url\":\"https:\/\/secure.gravatar.com\/avatar\/743d4df28eebf6dcc46b4ad03c319e92?s=96&r=g\",\"contentUrl\":\"https:\/\/secure.gravatar.com\/avatar\/743d4df28eebf6dcc46b4ad03c319e92?s=96&r=g\",\"caption\":\"Juliano Passaro\"},\"description\":\"Juliano Passaro escreve sobre pol\u00edtica, economia e neg\u00f3cios para o portal da Suno Research. Antes da Suno, trabalhou no Portal da Band. \u00c9 formado em jornalismo pela Universidade Presbiteriana Mackenzie.\",\"url\":\"https:\/\/www.suno.com.br\/noticias\/author\/juliano\/\"}]}<\/script>\n<!-- \/ Yoast SEO plugin. -->","yoast_head_json":{"title":"Bolsonaro: Acordo Mercosul-UE mant\u00e9m conquistas da lei da Inova\u00e7\u00e3o","description":"Bolsonaro declarou, neste domingo (30), que o Brasil manteve todas as conquistas da Lei da Inova\u00e7\u00e3o no acordo comercial. Clique e saiba mais.","robots":{"index":"index","follow":"follow","max-snippet":"max-snippet:-1","max-image-preview":"max-image-preview:large","max-video-preview":"max-video-preview:-1"},"canonical":"https:\/\/www.suno.com.br\/noticias\/bolsonaro-acordo-mercosul-ue-mantem-conquistas-lei-da-inovacao\/","og_locale":"pt_BR","og_type":"article","og_title":"Bolsonaro: Acordo Mercosul-UE mant\u00e9m conquistas da lei da Inova\u00e7\u00e3o","og_description":"Bolsonaro declarou, neste domingo (30), que o Brasil manteve todas as conquistas da Lei da Inova\u00e7\u00e3o no acordo comercial. Clique e saiba mais.","og_url":"https:\/\/www.suno.com.br\/noticias\/bolsonaro-acordo-mercosul-ue-mantem-conquistas-lei-da-inovacao\/","og_site_name":"Suno Not\u00edcias","article_publisher":"https:\/\/facebook.com\/sunoresearch","og_image":[{"width":1140,"height":760,"url":"https:\/\/files.sunoresearch.com.br\/n\/uploads\/2019\/06\/9d5dcff2-bolsonaro1.jpg","type":"image\/jpeg"}],"author":"Juliano Passaro","twitter_card":"summary_large_image","twitter_creator":"@sunoresearch","twitter_site":"@sunoresearch","twitter_misc":{"Escrito por":"Juliano Passaro","Est. tempo de leitura":"2 minutos"},"schema":{"@context":"https:\/\/schema.org","@graph":[{"@type":"NewsArticle","@id":"https:\/\/www.suno.com.br\/noticias\/bolsonaro-acordo-mercosul-ue-mantem-conquistas-lei-da-inovacao\/#article","isPartOf":{"@id":"https:\/\/www.suno.com.br\/noticias\/bolsonaro-acordo-mercosul-ue-mantem-conquistas-lei-da-inovacao\/"},"author":{"name":"Juliano Passaro","@id":"https:\/\/www.suno.com.br\/noticias\/#\/schema\/person\/1db762f78ffd8919a648a63e425953e3"},"headline":"Bolsonaro: Acordo Mercosul-UE mant\u00e9m conquistas da Lei da Inova\u00e7\u00e3o","datePublished":"2019-06-30T16:37:07+00:00","dateModified":"2019-06-30T16:42:37+00:00","mainEntityOfPage":{"@id":"https:\/\/www.suno.com.br\/noticias\/bolsonaro-acordo-mercosul-ue-mantem-conquistas-lei-da-inovacao\/"},"wordCount":365,"publisher":{"@id":"https:\/\/www.suno.com.br\/noticias\/#organization"},"image":{"@id":"https:\/\/www.suno.com.br\/noticias\/bolsonaro-acordo-mercosul-ue-mantem-conquistas-lei-da-inovacao\/#primaryimage"},"thumbnailUrl":"https:\/\/files.sunoresearch.com.br\/n\/uploads\/2019\/06\/9d5dcff2-bolsonaro1-jpg.webp","keywords":["Jair Bolsonaro","Mercosul"],"articleSection":["Pol\u00edtica"],"inLanguage":"pt-BR"},{"@type":"WebPage","@id":"https:\/\/www.suno.com.br\/noticias\/bolsonaro-acordo-mercosul-ue-mantem-conquistas-lei-da-inovacao\/","url":"https:\/\/www.suno.com.br\/noticias\/bolsonaro-acordo-mercosul-ue-mantem-conquistas-lei-da-inovacao\/","name":"Bolsonaro: Acordo Mercosul-UE mant\u00e9m conquistas da lei da Inova\u00e7\u00e3o","isPartOf":{"@id":"https:\/\/www.suno.com.br\/noticias\/#website"},"primaryImageOfPage":{"@id":"https:\/\/www.suno.com.br\/noticias\/bolsonaro-acordo-mercosul-ue-mantem-conquistas-lei-da-inovacao\/#primaryimage"},"image":{"@id":"https:\/\/www.suno.com.br\/noticias\/bolsonaro-acordo-mercosul-ue-mantem-conquistas-lei-da-inovacao\/#primaryimage"},"thumbnailUrl":"https:\/\/files.sunoresearch.com.br\/n\/uploads\/2019\/06\/9d5dcff2-bolsonaro1-jpg.webp","datePublished":"2019-06-30T16:37:07+00:00","dateModified":"2019-06-30T16:42:37+00:00","description":"Bolsonaro declarou, neste domingo (30), que o Brasil manteve todas as conquistas da Lei da Inova\u00e7\u00e3o no acordo comercial. Clique e saiba mais.","breadcrumb":{"@id":"https:\/\/www.suno.com.br\/noticias\/bolsonaro-acordo-mercosul-ue-mantem-conquistas-lei-da-inovacao\/#breadcrumb"},"inLanguage":"pt-BR","potentialAction":[{"@type":"ReadAction","target":["https:\/\/www.suno.com.br\/noticias\/bolsonaro-acordo-mercosul-ue-mantem-conquistas-lei-da-inovacao\/"]}]},{"@type":"ImageObject","inLanguage":"pt-BR","@id":"https:\/\/www.suno.com.br\/noticias\/bolsonaro-acordo-mercosul-ue-mantem-conquistas-lei-da-inovacao\/#primaryimage","url":"https:\/\/files.sunoresearch.com.br\/n\/uploads\/2019\/06\/9d5dcff2-bolsonaro1-jpg.webp","contentUrl":"https:\/\/files.sunoresearch.com.br\/n\/uploads\/2019\/06\/9d5dcff2-bolsonaro1-jpg.webp","width":1140,"height":760,"caption":"Presidente da Rep\u00fablica, Jair Bolsonaro."},{"@type":"BreadcrumbList","@id":"https:\/\/www.suno.com.br\/noticias\/bolsonaro-acordo-mercosul-ue-mantem-conquistas-lei-da-inovacao\/#breadcrumb","itemListElement":[{"@type":"ListItem","position":1,"name":"Not\u00edcias","item":"https:\/\/www.suno.com.br\/noticias\/"},{"@type":"ListItem","position":2,"name":"Pol\u00edtica","item":"https:\/\/www.suno.com.br\/noticias\/politica\/"},{"@type":"ListItem","position":3,"name":"Bolsonaro: Acordo Mercosul-UE mant\u00e9m conquistas da Lei da Inova\u00e7\u00e3o"}]},{"@type":"WebSite","@id":"https:\/\/www.suno.com.br\/noticias\/#website","url":"https:\/\/www.suno.com.br\/noticias\/","name":"Suno Not\u00edcias","description":"Seu portal de informa\u00e7\u00e3o sobre o mundo dos investimentos","publisher":{"@id":"https:\/\/www.suno.com.br\/noticias\/#organization"},"potentialAction":[{"@type":"SearchAction","target":{"@type":"EntryPoint","urlTemplate":"https:\/\/www.suno.com.br\/noticias\/?s={search_term_string}"},"query-input":{"@type":"PropertyValueSpecification","valueRequired":true,"valueName":"search_term_string"}}],"inLanguage":"pt-BR"},{"@type":"Organization","@id":"https:\/\/www.suno.com.br\/noticias\/#organization","name":"Suno Not\u00edcias","url":"https:\/\/www.suno.com.br\/noticias\/","logo":{"@type":"ImageObject","inLanguage":"pt-BR","@id":"https:\/\/www.suno.com.br\/noticias\/#\/schema\/logo\/image\/","url":"https:\/\/files.sunoresearch.com.br\/n\/uploads\/2021\/09\/suno-logo.png","contentUrl":"https:\/\/files.sunoresearch.com.br\/n\/uploads\/2021\/09\/suno-logo.png","width":180,"height":180,"caption":"Suno Not\u00edcias"},"image":{"@id":"https:\/\/www.suno.com.br\/noticias\/#\/schema\/logo\/image\/"},"sameAs":["https:\/\/facebook.com\/sunoresearch","https:\/\/x.com\/sunoresearch","https:\/\/www.instagram.com\/suno","https:\/\/www.linkedin.com\/company\/suno-research\/","https:\/\/www.youtube.com\/c\/sunoresearch"]},{"@type":"Person","@id":"https:\/\/www.suno.com.br\/noticias\/#\/schema\/person\/1db762f78ffd8919a648a63e425953e3","name":"Juliano Passaro","image":{"@type":"ImageObject","inLanguage":"pt-BR","@id":"https:\/\/www.suno.com.br\/noticias\/#\/schema\/person\/image\/","url":"https:\/\/secure.gravatar.com\/avatar\/743d4df28eebf6dcc46b4ad03c319e92?s=96&r=g","contentUrl":"https:\/\/secure.gravatar.com\/avatar\/743d4df28eebf6dcc46b4ad03c319e92?s=96&r=g","caption":"Juliano Passaro"},"description":"Juliano Passaro escreve sobre pol\u00edtica, economia e neg\u00f3cios para o portal da Suno Research. Antes da Suno, trabalhou no Portal da Band. \u00c9 formado em jornalismo pela Universidade Presbiteriana Mackenzie.","url":"https:\/\/www.suno.com.br\/noticias\/author\/juliano\/"}]}},"default_loop_html":"<div class=\"cardsPage__listCard__boxs\"><div class=\"cardsPage__listCard__boxs__img\"><a href=\"https:\/\/www.suno.com.br\/noticias\/bolsonaro-acordo-mercosul-ue-mantem-conquistas-lei-da-inovacao\/\"><img class=\"mask\" src=\"https:\/\/www.suno.com.br\/noticias\/wp-content\/themes\/suno\/resources\/images\/spotlight\/spotlight1img\/bg-mask.png\" alt=\"Image Mask\"\/><img src=\"https:\/\/files.sunoresearch.com.br\/n\/uploads\/2019\/06\/9d5dcff2-bolsonaro1-400x200.webp\" alt=\"Bolsonaro: Acordo Mercosul-UE mant\u00e9m conquistas da Lei da Inova\u00e7\u00e3o\"\/><\/a><span class=\"spotlightCategory\"><a href=\"https:\/\/www.suno.com.br\/noticias\/politica\/\">Pol\u00edtica<\/a><\/span><\/div><div class=\"cardsPage__listCard__boxs__content\"><a href=\"https:\/\/www.suno.com.br\/noticias\/bolsonaro-acordo-mercosul-ue-mantem-conquistas-lei-da-inovacao\/\"><h2 class=\"content__title\">Bolsonaro: Acordo Mercosul-UE mant\u00e9m conquistas da Lei da Inova\u00e7\u00e3o<\/h2><\/a><div class=\"newsContent__article__meta\"><div class=\"newsContent__article__meta__authorBox\"><a href=\"https:\/\/www.suno.com.br\/noticias\/author\/juliano\/\" class=\"authorBox__avatar noMobi\"><img src=\"https:\/\/files.sunoresearch.com.br\/n\/uploads\/2019\/06\/7cc3efea-whatsapp-image-2019-07-18-at-21.59.33-e1563499821209-150x150.webp\" alt=\"Juliano Passaro\"><\/a><div class=\"authorBox__name\"><span>por\n\t\t\t<a href=\"https:\/\/www.suno.com.br\/noticias\/author\/juliano\/\"><span itemprop=\"author\">Juliano Passaro<\/span><\/a><\/span><time datetime=\"2019-06-30T13:37:07-03:00\" itemprop=\"datePublished\">30\/06\/2019 13:37<\/time><\/div><\/div><\/div><\/div><\/div>","single_layout":"posts","amp_enabled":true,"_links":{"self":[{"href":"https:\/\/www.suno.com.br\/noticias\/wp-json\/wp\/v2\/posts\/29584"}],"collection":[{"href":"https:\/\/www.suno.com.br\/noticias\/wp-json\/wp\/v2\/posts"}],"about":[{"href":"https:\/\/www.suno.com.br\/noticias\/wp-json\/wp\/v2\/types\/post"}],"author":[{"embeddable":true,"href":"https:\/\/www.suno.com.br\/noticias\/wp-json\/wp\/v2\/users\/19"}],"replies":[{"embeddable":true,"href":"https:\/\/www.suno.com.br\/noticias\/wp-json\/wp\/v2\/comments?post=29584"}],"version-history":[{"count":0,"href":"https:\/\/www.suno.com.br\/noticias\/wp-json\/wp\/v2\/posts\/29584\/revisions"}],"wp:featuredmedia":[{"embeddable":true,"href":"https:\/\/www.suno.com.br\/noticias\/wp-json\/wp\/v2\/media\/29586"}],"wp:attachment":[{"href":"https:\/\/www.suno.com.br\/noticias\/wp-json\/wp\/v2\/media?parent=29584"}],"wp:term":[{"taxonomy":"category","embeddable":true,"href":"https:\/\/www.suno.com.br\/noticias\/wp-json\/wp\/v2\/categories?post=29584"},{"taxonomy":"post_tag","embeddable":true,"href":"https:\/\/www.suno.com.br\/noticias\/wp-json\/wp\/v2\/tags?post=29584"},{"taxonomy":"suno_strategy","embeddable":true,"href":"https:\/\/www.suno.com.br\/noticias\/wp-json\/wp\/v2\/suno_strategy?post=29584"}],"curies":[{"name":"wp","href":"https:\/\/api.w.org\/{rel}","templated":true}]}}