{"id":29568,"date":"2019-06-29T16:51:51","date_gmt":"2019-06-29T19:51:51","guid":{"rendered":"https:\/\/www.suno.com.br\/noticias\/?p=29568"},"modified":"2019-06-29T17:09:20","modified_gmt":"2019-06-29T20:09:20","slug":"omc-diretor-geral-acordo-mercosul-ue","status":"publish","type":"post","link":"https:\/\/www.suno.com.br\/noticias\/omc-diretor-geral-acordo-mercosul-ue\/","title":{"rendered":"Diretor da OMC diz que acordo entre Mercosul e UE dar\u00e1 salto para o Brasil"},"content":{"rendered":"<p>O diretor-geral da<strong> <a href=\"https:\/\/www.suno.com.br\/artigos\/omc-organizacao-mundial-do-comercio\/\">Organiza\u00e7\u00e3o Mundial do Com\u00e9rcio<\/a><\/strong> (OMC), Roberto Azev\u00eado, afirmou a jornalistas que acredita que o acordo de <strong>livre com\u00e9rcio<\/strong> entre o Mercosul e a <strong><a href=\"https:\/\/www.suno.com.br\/artigos\/uniao-europeia\/\">Uni\u00e3o Europeia<\/a><\/strong> (UE) proporcionar\u00e1 um <strong>salto<\/strong> de competitividade\u00a0&#8221;muito positivo e h\u00e1 muito tempo esperado para a <strong>ind\u00fastria brasileira<\/strong>&#8221;.<\/p>\t<div class=\"wrapper-featured-image\">\n\t\t<figure class=\"spotlightImg\">\n\n\t\t\t<picture>\n\t\t\t\t<source media=\"(max-width: 768px)\" srcset=\"https:\/\/files.sunoresearch.com.br\/n\/uploads\/2018\/12\/b501b30c-roberto-azevedo-400x200.webp\">\n\t\t\t\t<img loading=\"lazy\" decoding=\"async\" class=\"newsContent__article__imgCapa lazyloadDisabled newsContent__article__imgCapa--noCaption\" src=\"https:\/\/files.sunoresearch.com.br\/n\/uploads\/2018\/12\/b501b30c-roberto-azevedo-800x450.webp\" width=\"800\" height=\"450\" alt=\"Diretor da OMC diz que acordo entre Mercosul e UE dar\u00e1 salto para o Brasil\" fetchpriority=high \/>\n\t\t\t<\/picture>\n\n\t\t\t<figcaption class=\"wp-caption-text wp-caption-text--hide\">Roberto Azev\u00eado<\/figcaption>\n\t\t<\/figure>\n\t<\/div>\n\n\n<p>A declara\u00e7\u00e3o foi dada na<strong> 14\u00aa c\u00fapula do <a href=\"https:\/\/www.suno.com.br\/artigos\/g20\/\">G20<\/a><\/strong>, que ocorre em Osaka, no <strong>Jap\u00e3o<\/strong> neste ano. O <strong>Mercosul<\/strong> fechou o acordo com a UE na\u00a0\u00faltima sexta-feira (28).<\/p>\n\t<p>\n\t\t<a href=\"https:\/\/lp.suno.com.br\/ebook-investindo-em-fiis\/\" target=\"_blank\" data-element=\"shortcode-suno-banner\" title=\"Banner SUNO, clique e saiba mais\">\n\t\t\t<picture>\n\t\t\t\t<source media=\"(max-width: 500px)\" srcset=\"https:\/\/files.sunoresearch.com.br\/n\/uploads\/2023\/07\/Ebook-Fundos-Imobiliarios-Mobile.jpg\">\n\t\t\t\t<img class=\"newsContent__article__imgCapa newsContent__article__imgCapa--banner\"\n\t\t\t\t\tsrc=\"https:\/\/files.sunoresearch.com.br\/n\/uploads\/2023\/07\/Ebook-Fundos-Imobiliarios-Desktop.jpg\"\n\t\t\t\t\tdata-promo-id=\"378301\"\t\t\t\t\t\t\t\t\t\twidth='1420' height='286'\t\t\t\t\talt=\"https:\/\/files.sunoresearch.com.br\/n\/uploads\/2023\/07\/Ebook-Fundos-Imobiliarios-Desktop.jpg\"\n\t\t\t\t>\n\t\t\t<\/picture>\n\t\t<\/a>\n\t<\/p>\n\n\n<p>Azev\u00eado projeta que haver\u00e1 redu\u00e7\u00e3o do custos de insumos, e tamb\u00e9m maior poder de <strong>competi\u00e7\u00e3o<\/strong> para a <strong>exporta\u00e7\u00e3o<\/strong> do Brasil.<\/p>\n<p>&#8220;Haver\u00e1 redu\u00e7\u00e3o do custo de insumos, dos pre\u00e7os para o consumidor brasileiro, al\u00e9m de uma abertura do mercado europeu. Onde a partir de agora o exportador brasileiro poder\u00e1 competir em <strong>igualdade<\/strong> de condi\u00e7\u00f5es com todos os supridores europeus, e com pa\u00edses com os quais a <strong>UE<\/strong> tem acordos de prefer\u00eancia&#8221;, explicou Azev\u00eado.<\/p>\n<h2>Mercosul e Uni\u00e3o Europeia fecham acordo<\/h2>\n<p>O acordo do <strong>Mercosul<\/strong> com a <strong>Uni\u00e3o Europeia<\/strong>, feito em Bruxelas, formar\u00e1 uma das maiores \u00e1reas de livre com\u00e9rcio do mundo. Os dois <a href=\"https:\/\/www.suno.com.br\/artigos\/blocos-economicos\/\">blocos econ\u00f4micos<\/a> juntos representam cerca de 25% da economia mundial, e um <strong>mercado<\/strong> de 780 milh\u00f5es de pessoas.<\/p>\n<p>Conforme a &#8220;Ag\u00eancia Brasil&#8221;, em rela\u00e7\u00e3o \u00e0 quantidade de pa\u00edses vinculados ao acordo e a extens\u00e3o territorial, o acordo entre o Mercosul e a UE s\u00f3 fica atr\u00e1s do<strong>\u00a0Tratado Continental Africano de Livre Com\u00e9rcio<\/strong>, que envolve 44 pa\u00edses da \u00c1frica e foi assinado em mar\u00e7o deste ano.<\/p>\n\t<p>\n\t\t<a href=\"https:\/\/lp.suno.com.br\/ebook-gratuito-investindo-no-exterior\/\" target=\"_blank\" data-element=\"shortcode-suno-banner\" title=\"Banner SUNO, clique e saiba mais\">\n\t\t\t<picture>\n\t\t\t\t<source media=\"(max-width: 500px)\" srcset=\"https:\/\/files.sunoresearch.com.br\/n\/uploads\/2023\/03\/400x300-Investindo-no-exterior.png\">\n\t\t\t\t<img class=\"newsContent__article__imgCapa newsContent__article__imgCapa--banner\"\n\t\t\t\t\tsrc=\"https:\/\/files.sunoresearch.com.br\/n\/uploads\/2023\/03\/1420x240-Investindo-no-exterior.png\"\n\t\t\t\t\tdata-promo-id=\"383161\"\t\t\t\t\t\t\t\t\t\twidth='1420' height='240'\t\t\t\t\talt=\"https:\/\/files.sunoresearch.com.br\/n\/uploads\/2023\/03\/1420x240-Investindo-no-exterior.png\"\n\t\t\t\t>\n\t\t\t<\/picture>\n\t\t<\/a>\n\t<\/p>\n\n\n<p>Proje\u00e7\u00f5es do minist\u00e9rio da Economia indicam que o acordo deve representar uma alta do <strong><a href=\"https:\/\/www.suno.com.br\/artigos\/pib-produto-interno-bruto\/\">Produto Interno Bruto<\/a><\/strong> (PIB) do Brasil em cerca de\u00a0US$ 87,5 bilh\u00f5es em 15 anos.<\/p>\n<p>O montante pode subir para\u00a0US$ 125 bilh\u00f5es no mesmo per\u00edodo se forem considerados:<\/p>\n<ul>\n<li>a redu\u00e7\u00e3o das <strong>barreiras<\/strong> n\u00e3o tarif\u00e1rias;<\/li>\n<li>e o incremento esperado na <strong>produtividade<\/strong>.<\/li>\n<\/ul>\n<p>Al\u00e9m disso, o <a href=\"https:\/\/www.suno.com.br\/artigos\/investimento-estrangeiro-direto-ied\/\">investimento estrangeiro<\/a> no Brasil, tamb\u00e9m no mesmo per\u00edodo, \u00e9 estimado em\u00a0US$ 113 bilh\u00f5es. Com rela\u00e7\u00e3o \u00e0 <strong>exporta\u00e7\u00e3o<\/strong> brasileira para a <strong>Uni\u00e3o Europeia<\/strong>, os ganhos devem chegar a quase US$ 100 bilh\u00f5es at\u00e9 2035.<\/p>\n<p><a href=\"https:\/\/www.suno.com.br\/noticias\/mercosul-ue-aumentar-pib\/\">Saiba mais &#8211;\u00a0Acordo do Mercosul com UE pode aumentar PIB do Brasil em US$ 125 bi<\/a><\/p>\n<h2>Acordo precisa ser ratificado<\/h2>\n<p>Apesar dos 20 anos transcorridos de <strong>negocia\u00e7\u00e3o<\/strong>, o acordo ainda tem um longo caminho at\u00e9 entrar em vigor. Pois o mesmo precisa ser <strong>ratificado<\/strong> e internalizado por cada um dos Estados integrantes de ambos os blocos econ\u00f4micos.<\/p>\n<p>S\u00e3o 31 pa\u00edses envolvidos, nos quais o acordo deve ser aprovado por <strong>parlamentares<\/strong> e <strong>governos nacionais<\/strong>. A tramita\u00e7\u00e3o destas ramifica\u00e7\u00f5es pelos pa\u00edses pode levar anos e enfrentar resist\u00eancias.<\/p>\n<p>No Brasil, o acordo do <strong>Mercosul<\/strong> com a UE ser\u00e1 analisado pelos minist\u00e9rios envolvidos e ent\u00e3o enviado ao Congresso Nacional. O texto dever\u00e1 ser aprovado pela <strong>C\u00e2mara dos Deputados<\/strong> e pelo <strong>Senado<\/strong>.<\/p>\n","protected":false},"excerpt":{"rendered":"<p>O diretor-geral da Organiza\u00e7\u00e3o Mundial do Com\u00e9rcio (OMC), Roberto Azev\u00eado, afirmou a jornalistas que acredita que o acordo de livre com\u00e9rcio entre o Mercosul e a Uni\u00e3o Europeia (UE) proporcionar\u00e1 um salto de competitividade\u00a0&#8221;muito positivo e h\u00e1 muito tempo esperado para a ind\u00fastria brasileira&#8221;. Roberto Azev\u00eado A declara\u00e7\u00e3o foi dada na 14\u00aa c\u00fapula do G20, [&hellip;]<\/p>\n","protected":false},"author":12,"featured_media":7993,"comment_status":"closed","ping_status":"closed","sticky":false,"template":"","format":"standard","meta":[],"categories":[62],"tags":[801,868,813,731],"suno_strategy":[],"class_list":["post-29568","post","type-post","status-publish","format-standard","has-post-thumbnail","hentry","category-economia","tag-g20","tag-mercosul","tag-omc","tag-uniao-europeia"],"yoast_head":"<!-- This site is optimized with the Yoast SEO plugin v24.4 - https:\/\/yoast.com\/wordpress\/plugins\/seo\/ -->\n<title>Diretor da OMC diz que acordo entre Mercosul e UE dar\u00e1 salto para Brasil<\/title>\n<meta name=\"description\" content=\"Diretor-geral da OMC acredita que acordo entre Mercosul e Uni\u00e3o Europeia dar\u00e1 salto \u00e0 ind\u00fastria brasileira. Clique para saber mais.\" \/>\n<meta name=\"robots\" content=\"index, follow, max-snippet:-1, max-image-preview:large, max-video-preview:-1\" \/>\n<link rel=\"canonical\" href=\"https:\/\/www.suno.com.br\/noticias\/omc-diretor-geral-acordo-mercosul-ue\/\" \/>\n<meta property=\"og:locale\" content=\"pt_BR\" \/>\n<meta property=\"og:type\" content=\"article\" \/>\n<meta property=\"og:title\" content=\"Diretor da OMC diz que acordo entre Mercosul e UE dar\u00e1 salto para Brasil\" \/>\n<meta property=\"og:description\" content=\"Diretor-geral da OMC acredita que acordo entre Mercosul e Uni\u00e3o Europeia dar\u00e1 salto \u00e0 ind\u00fastria brasileira. Clique para saber mais.\" \/>\n<meta property=\"og:url\" content=\"https:\/\/www.suno.com.br\/noticias\/omc-diretor-geral-acordo-mercosul-ue\/\" \/>\n<meta property=\"og:site_name\" content=\"Suno Not\u00edcias\" \/>\n<meta property=\"article:publisher\" content=\"https:\/\/facebook.com\/sunoresearch\" \/>\n<meta property=\"og:image\" content=\"https:\/\/files.sunoresearch.com.br\/n\/uploads\/2018\/12\/b501b30c-roberto-azevedo-1024x681.jpg\" \/>\n\t<meta property=\"og:image:width\" content=\"1024\" \/>\n\t<meta property=\"og:image:height\" content=\"681\" \/>\n\t<meta property=\"og:image:type\" content=\"image\/jpeg\" \/>\n<meta name=\"author\" content=\"Amanda Gushiken\" \/>\n<meta name=\"twitter:card\" content=\"summary_large_image\" \/>\n<meta name=\"twitter:creator\" content=\"@sunoresearch\" \/>\n<meta name=\"twitter:site\" content=\"@sunoresearch\" \/>\n<meta name=\"twitter:label1\" content=\"Escrito por\" \/>\n\t<meta name=\"twitter:data1\" content=\"Amanda Gushiken\" \/>\n\t<meta name=\"twitter:label2\" content=\"Est. tempo de leitura\" \/>\n\t<meta name=\"twitter:data2\" content=\"3 minutos\" \/>\n<script type=\"application\/ld+json\" class=\"yoast-schema-graph\">{\"@context\":\"https:\/\/schema.org\",\"@graph\":[{\"@type\":\"NewsArticle\",\"@id\":\"https:\/\/www.suno.com.br\/noticias\/omc-diretor-geral-acordo-mercosul-ue\/#article\",\"isPartOf\":{\"@id\":\"https:\/\/www.suno.com.br\/noticias\/omc-diretor-geral-acordo-mercosul-ue\/\"},\"author\":{\"name\":\"Amanda Gushiken\",\"@id\":\"https:\/\/www.suno.com.br\/noticias\/#\/schema\/person\/a5b06fa4e879d8e8e119c6ed3cd630d1\"},\"headline\":\"Diretor da OMC diz que acordo entre Mercosul e UE dar\u00e1 salto para o Brasil\",\"datePublished\":\"2019-06-29T19:51:51+00:00\",\"dateModified\":\"2019-06-29T20:09:20+00:00\",\"mainEntityOfPage\":{\"@id\":\"https:\/\/www.suno.com.br\/noticias\/omc-diretor-geral-acordo-mercosul-ue\/\"},\"wordCount\":516,\"publisher\":{\"@id\":\"https:\/\/www.suno.com.br\/noticias\/#organization\"},\"image\":{\"@id\":\"https:\/\/www.suno.com.br\/noticias\/omc-diretor-geral-acordo-mercosul-ue\/#primaryimage\"},\"thumbnailUrl\":\"https:\/\/files.sunoresearch.com.br\/n\/uploads\/2018\/12\/b501b30c-roberto-azevedo-scaled.webp\",\"keywords\":[\"G20\",\"Mercosul\",\"OMC\",\"Uni\u00e3o Europeia\"],\"articleSection\":[\"Economia\"],\"inLanguage\":\"pt-BR\"},{\"@type\":\"WebPage\",\"@id\":\"https:\/\/www.suno.com.br\/noticias\/omc-diretor-geral-acordo-mercosul-ue\/\",\"url\":\"https:\/\/www.suno.com.br\/noticias\/omc-diretor-geral-acordo-mercosul-ue\/\",\"name\":\"Diretor da OMC diz que acordo entre Mercosul e UE dar\u00e1 salto para Brasil\",\"isPartOf\":{\"@id\":\"https:\/\/www.suno.com.br\/noticias\/#website\"},\"primaryImageOfPage\":{\"@id\":\"https:\/\/www.suno.com.br\/noticias\/omc-diretor-geral-acordo-mercosul-ue\/#primaryimage\"},\"image\":{\"@id\":\"https:\/\/www.suno.com.br\/noticias\/omc-diretor-geral-acordo-mercosul-ue\/#primaryimage\"},\"thumbnailUrl\":\"https:\/\/files.sunoresearch.com.br\/n\/uploads\/2018\/12\/b501b30c-roberto-azevedo-scaled.webp\",\"datePublished\":\"2019-06-29T19:51:51+00:00\",\"dateModified\":\"2019-06-29T20:09:20+00:00\",\"description\":\"Diretor-geral da OMC acredita que acordo entre Mercosul e Uni\u00e3o Europeia dar\u00e1 salto \u00e0 ind\u00fastria brasileira. Clique para saber mais.\",\"breadcrumb\":{\"@id\":\"https:\/\/www.suno.com.br\/noticias\/omc-diretor-geral-acordo-mercosul-ue\/#breadcrumb\"},\"inLanguage\":\"pt-BR\",\"potentialAction\":[{\"@type\":\"ReadAction\",\"target\":[\"https:\/\/www.suno.com.br\/noticias\/omc-diretor-geral-acordo-mercosul-ue\/\"]}]},{\"@type\":\"ImageObject\",\"inLanguage\":\"pt-BR\",\"@id\":\"https:\/\/www.suno.com.br\/noticias\/omc-diretor-geral-acordo-mercosul-ue\/#primaryimage\",\"url\":\"https:\/\/files.sunoresearch.com.br\/n\/uploads\/2018\/12\/b501b30c-roberto-azevedo-scaled.webp\",\"contentUrl\":\"https:\/\/files.sunoresearch.com.br\/n\/uploads\/2018\/12\/b501b30c-roberto-azevedo-scaled.webp\",\"width\":2560,\"height\":1702,\"caption\":\"Roberto Azev\u00eado\"},{\"@type\":\"BreadcrumbList\",\"@id\":\"https:\/\/www.suno.com.br\/noticias\/omc-diretor-geral-acordo-mercosul-ue\/#breadcrumb\",\"itemListElement\":[{\"@type\":\"ListItem\",\"position\":1,\"name\":\"Not\u00edcias\",\"item\":\"https:\/\/www.suno.com.br\/noticias\/\"},{\"@type\":\"ListItem\",\"position\":2,\"name\":\"Economia\",\"item\":\"https:\/\/www.suno.com.br\/noticias\/economia\/\"},{\"@type\":\"ListItem\",\"position\":3,\"name\":\"Diretor da OMC diz que acordo entre Mercosul e UE dar\u00e1 salto para o Brasil\"}]},{\"@type\":\"WebSite\",\"@id\":\"https:\/\/www.suno.com.br\/noticias\/#website\",\"url\":\"https:\/\/www.suno.com.br\/noticias\/\",\"name\":\"Suno Not\u00edcias\",\"description\":\"Seu portal de informa\u00e7\u00e3o sobre o mundo dos investimentos\",\"publisher\":{\"@id\":\"https:\/\/www.suno.com.br\/noticias\/#organization\"},\"potentialAction\":[{\"@type\":\"SearchAction\",\"target\":{\"@type\":\"EntryPoint\",\"urlTemplate\":\"https:\/\/www.suno.com.br\/noticias\/?s={search_term_string}\"},\"query-input\":{\"@type\":\"PropertyValueSpecification\",\"valueRequired\":true,\"valueName\":\"search_term_string\"}}],\"inLanguage\":\"pt-BR\"},{\"@type\":\"Organization\",\"@id\":\"https:\/\/www.suno.com.br\/noticias\/#organization\",\"name\":\"Suno Not\u00edcias\",\"url\":\"https:\/\/www.suno.com.br\/noticias\/\",\"logo\":{\"@type\":\"ImageObject\",\"inLanguage\":\"pt-BR\",\"@id\":\"https:\/\/www.suno.com.br\/noticias\/#\/schema\/logo\/image\/\",\"url\":\"https:\/\/files.sunoresearch.com.br\/n\/uploads\/2021\/09\/suno-logo.png\",\"contentUrl\":\"https:\/\/files.sunoresearch.com.br\/n\/uploads\/2021\/09\/suno-logo.png\",\"width\":180,\"height\":180,\"caption\":\"Suno Not\u00edcias\"},\"image\":{\"@id\":\"https:\/\/www.suno.com.br\/noticias\/#\/schema\/logo\/image\/\"},\"sameAs\":[\"https:\/\/facebook.com\/sunoresearch\",\"https:\/\/x.com\/sunoresearch\",\"https:\/\/www.instagram.com\/suno\",\"https:\/\/www.linkedin.com\/company\/suno-research\/\",\"https:\/\/www.youtube.com\/c\/sunoresearch\"]},{\"@type\":\"Person\",\"@id\":\"https:\/\/www.suno.com.br\/noticias\/#\/schema\/person\/a5b06fa4e879d8e8e119c6ed3cd630d1\",\"name\":\"Amanda Gushiken\",\"image\":{\"@type\":\"ImageObject\",\"inLanguage\":\"pt-BR\",\"@id\":\"https:\/\/www.suno.com.br\/noticias\/#\/schema\/person\/image\/\",\"url\":\"https:\/\/secure.gravatar.com\/avatar\/ecd84705e6b65e3685ae80d725501fbe?s=96&r=g\",\"contentUrl\":\"https:\/\/secure.gravatar.com\/avatar\/ecd84705e6b65e3685ae80d725501fbe?s=96&r=g\",\"caption\":\"Amanda Gushiken\"},\"description\":\"Amanda Sayuri Gushiken escreve sobre finan\u00e7as e neg\u00f3cios para o portal Suno Not\u00edcias. Antes, trabalhou selecionando not\u00edcias da imprensa para clientes do mercado financeiro. Tamb\u00e9m desenvolveu pesquisa acad\u00eamica pela Universidade Anhembi Morumbi na \u00e1rea de Teorias da Comunica\u00e7\u00e3o e \u00e9 fot\u00f3grafa nas horas vagas.\",\"url\":\"https:\/\/www.suno.com.br\/noticias\/author\/amanda\/\"}]}<\/script>\n<!-- \/ Yoast SEO plugin. -->","yoast_head_json":{"title":"Diretor da OMC diz que acordo entre Mercosul e UE dar\u00e1 salto para Brasil","description":"Diretor-geral da OMC acredita que acordo entre Mercosul e Uni\u00e3o Europeia dar\u00e1 salto \u00e0 ind\u00fastria brasileira. Clique para saber mais.","robots":{"index":"index","follow":"follow","max-snippet":"max-snippet:-1","max-image-preview":"max-image-preview:large","max-video-preview":"max-video-preview:-1"},"canonical":"https:\/\/www.suno.com.br\/noticias\/omc-diretor-geral-acordo-mercosul-ue\/","og_locale":"pt_BR","og_type":"article","og_title":"Diretor da OMC diz que acordo entre Mercosul e UE dar\u00e1 salto para Brasil","og_description":"Diretor-geral da OMC acredita que acordo entre Mercosul e Uni\u00e3o Europeia dar\u00e1 salto \u00e0 ind\u00fastria brasileira. Clique para saber mais.","og_url":"https:\/\/www.suno.com.br\/noticias\/omc-diretor-geral-acordo-mercosul-ue\/","og_site_name":"Suno Not\u00edcias","article_publisher":"https:\/\/facebook.com\/sunoresearch","og_image":[{"width":1024,"height":681,"url":"https:\/\/files.sunoresearch.com.br\/n\/uploads\/2018\/12\/b501b30c-roberto-azevedo-1024x681.jpg","type":"image\/jpeg"}],"author":"Amanda Gushiken","twitter_card":"summary_large_image","twitter_creator":"@sunoresearch","twitter_site":"@sunoresearch","twitter_misc":{"Escrito por":"Amanda Gushiken","Est. tempo de leitura":"3 minutos"},"schema":{"@context":"https:\/\/schema.org","@graph":[{"@type":"NewsArticle","@id":"https:\/\/www.suno.com.br\/noticias\/omc-diretor-geral-acordo-mercosul-ue\/#article","isPartOf":{"@id":"https:\/\/www.suno.com.br\/noticias\/omc-diretor-geral-acordo-mercosul-ue\/"},"author":{"name":"Amanda Gushiken","@id":"https:\/\/www.suno.com.br\/noticias\/#\/schema\/person\/a5b06fa4e879d8e8e119c6ed3cd630d1"},"headline":"Diretor da OMC diz que acordo entre Mercosul e UE dar\u00e1 salto para o Brasil","datePublished":"2019-06-29T19:51:51+00:00","dateModified":"2019-06-29T20:09:20+00:00","mainEntityOfPage":{"@id":"https:\/\/www.suno.com.br\/noticias\/omc-diretor-geral-acordo-mercosul-ue\/"},"wordCount":516,"publisher":{"@id":"https:\/\/www.suno.com.br\/noticias\/#organization"},"image":{"@id":"https:\/\/www.suno.com.br\/noticias\/omc-diretor-geral-acordo-mercosul-ue\/#primaryimage"},"thumbnailUrl":"https:\/\/files.sunoresearch.com.br\/n\/uploads\/2018\/12\/b501b30c-roberto-azevedo-scaled.webp","keywords":["G20","Mercosul","OMC","Uni\u00e3o Europeia"],"articleSection":["Economia"],"inLanguage":"pt-BR"},{"@type":"WebPage","@id":"https:\/\/www.suno.com.br\/noticias\/omc-diretor-geral-acordo-mercosul-ue\/","url":"https:\/\/www.suno.com.br\/noticias\/omc-diretor-geral-acordo-mercosul-ue\/","name":"Diretor da OMC diz que acordo entre Mercosul e UE dar\u00e1 salto para Brasil","isPartOf":{"@id":"https:\/\/www.suno.com.br\/noticias\/#website"},"primaryImageOfPage":{"@id":"https:\/\/www.suno.com.br\/noticias\/omc-diretor-geral-acordo-mercosul-ue\/#primaryimage"},"image":{"@id":"https:\/\/www.suno.com.br\/noticias\/omc-diretor-geral-acordo-mercosul-ue\/#primaryimage"},"thumbnailUrl":"https:\/\/files.sunoresearch.com.br\/n\/uploads\/2018\/12\/b501b30c-roberto-azevedo-scaled.webp","datePublished":"2019-06-29T19:51:51+00:00","dateModified":"2019-06-29T20:09:20+00:00","description":"Diretor-geral da OMC acredita que acordo entre Mercosul e Uni\u00e3o Europeia dar\u00e1 salto \u00e0 ind\u00fastria brasileira. Clique para saber mais.","breadcrumb":{"@id":"https:\/\/www.suno.com.br\/noticias\/omc-diretor-geral-acordo-mercosul-ue\/#breadcrumb"},"inLanguage":"pt-BR","potentialAction":[{"@type":"ReadAction","target":["https:\/\/www.suno.com.br\/noticias\/omc-diretor-geral-acordo-mercosul-ue\/"]}]},{"@type":"ImageObject","inLanguage":"pt-BR","@id":"https:\/\/www.suno.com.br\/noticias\/omc-diretor-geral-acordo-mercosul-ue\/#primaryimage","url":"https:\/\/files.sunoresearch.com.br\/n\/uploads\/2018\/12\/b501b30c-roberto-azevedo-scaled.webp","contentUrl":"https:\/\/files.sunoresearch.com.br\/n\/uploads\/2018\/12\/b501b30c-roberto-azevedo-scaled.webp","width":2560,"height":1702,"caption":"Roberto Azev\u00eado"},{"@type":"BreadcrumbList","@id":"https:\/\/www.suno.com.br\/noticias\/omc-diretor-geral-acordo-mercosul-ue\/#breadcrumb","itemListElement":[{"@type":"ListItem","position":1,"name":"Not\u00edcias","item":"https:\/\/www.suno.com.br\/noticias\/"},{"@type":"ListItem","position":2,"name":"Economia","item":"https:\/\/www.suno.com.br\/noticias\/economia\/"},{"@type":"ListItem","position":3,"name":"Diretor da OMC diz que acordo entre Mercosul e UE dar\u00e1 salto para o Brasil"}]},{"@type":"WebSite","@id":"https:\/\/www.suno.com.br\/noticias\/#website","url":"https:\/\/www.suno.com.br\/noticias\/","name":"Suno Not\u00edcias","description":"Seu portal de informa\u00e7\u00e3o sobre o mundo dos investimentos","publisher":{"@id":"https:\/\/www.suno.com.br\/noticias\/#organization"},"potentialAction":[{"@type":"SearchAction","target":{"@type":"EntryPoint","urlTemplate":"https:\/\/www.suno.com.br\/noticias\/?s={search_term_string}"},"query-input":{"@type":"PropertyValueSpecification","valueRequired":true,"valueName":"search_term_string"}}],"inLanguage":"pt-BR"},{"@type":"Organization","@id":"https:\/\/www.suno.com.br\/noticias\/#organization","name":"Suno Not\u00edcias","url":"https:\/\/www.suno.com.br\/noticias\/","logo":{"@type":"ImageObject","inLanguage":"pt-BR","@id":"https:\/\/www.suno.com.br\/noticias\/#\/schema\/logo\/image\/","url":"https:\/\/files.sunoresearch.com.br\/n\/uploads\/2021\/09\/suno-logo.png","contentUrl":"https:\/\/files.sunoresearch.com.br\/n\/uploads\/2021\/09\/suno-logo.png","width":180,"height":180,"caption":"Suno Not\u00edcias"},"image":{"@id":"https:\/\/www.suno.com.br\/noticias\/#\/schema\/logo\/image\/"},"sameAs":["https:\/\/facebook.com\/sunoresearch","https:\/\/x.com\/sunoresearch","https:\/\/www.instagram.com\/suno","https:\/\/www.linkedin.com\/company\/suno-research\/","https:\/\/www.youtube.com\/c\/sunoresearch"]},{"@type":"Person","@id":"https:\/\/www.suno.com.br\/noticias\/#\/schema\/person\/a5b06fa4e879d8e8e119c6ed3cd630d1","name":"Amanda Gushiken","image":{"@type":"ImageObject","inLanguage":"pt-BR","@id":"https:\/\/www.suno.com.br\/noticias\/#\/schema\/person\/image\/","url":"https:\/\/secure.gravatar.com\/avatar\/ecd84705e6b65e3685ae80d725501fbe?s=96&r=g","contentUrl":"https:\/\/secure.gravatar.com\/avatar\/ecd84705e6b65e3685ae80d725501fbe?s=96&r=g","caption":"Amanda Gushiken"},"description":"Amanda Sayuri Gushiken escreve sobre finan\u00e7as e neg\u00f3cios para o portal Suno Not\u00edcias. Antes, trabalhou selecionando not\u00edcias da imprensa para clientes do mercado financeiro. Tamb\u00e9m desenvolveu pesquisa acad\u00eamica pela Universidade Anhembi Morumbi na \u00e1rea de Teorias da Comunica\u00e7\u00e3o e \u00e9 fot\u00f3grafa nas horas vagas.","url":"https:\/\/www.suno.com.br\/noticias\/author\/amanda\/"}]}},"default_loop_html":"<div class=\"cardsPage__listCard__boxs\"><div class=\"cardsPage__listCard__boxs__img\"><a href=\"https:\/\/www.suno.com.br\/noticias\/omc-diretor-geral-acordo-mercosul-ue\/\"><img class=\"mask\" src=\"https:\/\/www.suno.com.br\/noticias\/wp-content\/themes\/suno\/resources\/images\/spotlight\/spotlight1img\/bg-mask.png\" alt=\"Image Mask\"\/><img src=\"https:\/\/files.sunoresearch.com.br\/n\/uploads\/2018\/12\/b501b30c-roberto-azevedo-400x200.webp\" alt=\"Diretor da OMC diz que acordo entre Mercosul e UE dar\u00e1 salto para o Brasil\"\/><\/a><span class=\"spotlightCategory\"><a href=\"https:\/\/www.suno.com.br\/noticias\/economia\/\">Economia<\/a><\/span><\/div><div class=\"cardsPage__listCard__boxs__content\"><a href=\"https:\/\/www.suno.com.br\/noticias\/omc-diretor-geral-acordo-mercosul-ue\/\"><h2 class=\"content__title\">Diretor da OMC diz que acordo entre Mercosul e UE dar\u00e1 salto para o Brasil<\/h2><\/a><div class=\"newsContent__article__meta\"><div class=\"newsContent__article__meta__authorBox\"><a href=\"https:\/\/www.suno.com.br\/noticias\/author\/amanda\/\" class=\"authorBox__avatar noMobi\"><img src=\"https:\/\/files.sunoresearch.com.br\/n\/uploads\/2018\/11\/c6ad30be-amanda-150x150.webp\" alt=\"Amanda Gushiken\"><\/a><div class=\"authorBox__name\"><span>por\n\t\t\t<a href=\"https:\/\/www.suno.com.br\/noticias\/author\/amanda\/\"><span itemprop=\"author\">Amanda Gushiken<\/span><\/a><\/span><time datetime=\"2019-06-29T16:51:51-03:00\" itemprop=\"datePublished\">29\/06\/2019 16:51<\/time><\/div><\/div><\/div><\/div><\/div>","single_layout":"posts","amp_enabled":true,"_links":{"self":[{"href":"https:\/\/www.suno.com.br\/noticias\/wp-json\/wp\/v2\/posts\/29568"}],"collection":[{"href":"https:\/\/www.suno.com.br\/noticias\/wp-json\/wp\/v2\/posts"}],"about":[{"href":"https:\/\/www.suno.com.br\/noticias\/wp-json\/wp\/v2\/types\/post"}],"author":[{"embeddable":true,"href":"https:\/\/www.suno.com.br\/noticias\/wp-json\/wp\/v2\/users\/12"}],"replies":[{"embeddable":true,"href":"https:\/\/www.suno.com.br\/noticias\/wp-json\/wp\/v2\/comments?post=29568"}],"version-history":[{"count":0,"href":"https:\/\/www.suno.com.br\/noticias\/wp-json\/wp\/v2\/posts\/29568\/revisions"}],"wp:featuredmedia":[{"embeddable":true,"href":"https:\/\/www.suno.com.br\/noticias\/wp-json\/wp\/v2\/media\/7993"}],"wp:attachment":[{"href":"https:\/\/www.suno.com.br\/noticias\/wp-json\/wp\/v2\/media?parent=29568"}],"wp:term":[{"taxonomy":"category","embeddable":true,"href":"https:\/\/www.suno.com.br\/noticias\/wp-json\/wp\/v2\/categories?post=29568"},{"taxonomy":"post_tag","embeddable":true,"href":"https:\/\/www.suno.com.br\/noticias\/wp-json\/wp\/v2\/tags?post=29568"},{"taxonomy":"suno_strategy","embeddable":true,"href":"https:\/\/www.suno.com.br\/noticias\/wp-json\/wp\/v2\/suno_strategy?post=29568"}],"curies":[{"name":"wp","href":"https:\/\/api.w.org\/{rel}","templated":true}]}}