{"id":29556,"date":"2019-06-29T13:42:28","date_gmt":"2019-06-29T16:42:28","guid":{"rendered":"https:\/\/www.suno.com.br\/noticias\/?p=29556"},"modified":"2021-06-13T23:42:59","modified_gmt":"2021-06-14T02:42:59","slug":"bolsonaro-mercosul-ue-efeito-domino","status":"publish","type":"post","link":"https:\/\/www.suno.com.br\/noticias\/bolsonaro-mercosul-ue-efeito-domino\/","title":{"rendered":"Bolsonaro diz que acordo entre Mercosul e UE deve gerar &#8220;efeito domin\u00f3&#8221;"},"content":{"rendered":"<p>O presidente da Rep\u00fablica, <strong>Jair Bolsonaro<\/strong> (PSL), afirmou em entrevista coletiva \u00e0 Imprensa em Osaka, no Jap\u00e3o, que o <strong>acordo<\/strong> fechado entre a <a href=\"https:\/\/www.suno.com.br\/artigos\/uniao-europeia\/\">Uni\u00e3o Europeia<\/a> (UE) e o Mercosul na \u00faltima sexta-feira (28) deve gerar um &#8220;<strong>efeito domin\u00f3<\/strong>&#8221; para que novos acordos sejam feitos.<\/p>\t<div class=\"wrapper-featured-image\">\n\t\t<figure class=\"spotlightImg\">\n\n\t\t\t<picture>\n\t\t\t\t<source media=\"(max-width: 768px)\" srcset=\"https:\/\/files.sunoresearch.com.br\/n\/uploads\/2019\/06\/a24fead8-mercosul-400x200.webp\">\n\t\t\t\t<img loading=\"lazy\" decoding=\"async\" class=\"newsContent__article__imgCapa lazyloadDisabled newsContent__article__imgCapa--noCaption\" src=\"https:\/\/files.sunoresearch.com.br\/n\/uploads\/2019\/06\/a24fead8-mercosul-800x450.webp\" width=\"800\" height=\"450\" alt=\"Bolsonaro diz que acordo entre Mercosul e UE deve gerar &#8220;efeito domin\u00f3&#8221;\" fetchpriority=high \/>\n\t\t\t<\/picture>\n\n\t\t\t<figcaption class=\"wp-caption-text wp-caption-text--hide\">Bolsonaro, que participa do G20, diz que acordo entre Mercosul e UE deve gerar efeito domin\u00f3. (Fonte: Ag\u00eancia Brasil)<\/figcaption>\n\t\t<\/figure>\n\t<\/div>\n\n\n<p>De acordo com <strong>Bolsonaro<\/strong>, que participa da<strong> 14\u00aa c\u00fapula do G20<\/strong>, a alian\u00e7a entre o Mercosul e a UE deve inspirar novos pa\u00edses a fecharem acordos com o <strong>Brasil<\/strong>.\u00a0&#8220;O acordo foi muito bom para o Brasil, pelas informa\u00e7\u00f5es que recebi&#8221;, afirmou o presidente ao &#8220;Valor Econ\u00f4mico&#8221;.<\/p>\n\t<p>\n\t\t<a href=\"https:\/\/lp.suno.com.br\/ao\/cadastro-whatsapp\/\" target=\"_blank\" data-element=\"shortcode-suno-banner\" title=\"Banner SUNO, clique e saiba mais\">\n\t\t\t<picture>\n\t\t\t\t<source media=\"(max-width: 500px)\" srcset=\"https:\/\/files.sunoresearch.com.br\/n\/uploads\/2024\/02\/400x300-Mobile-Artigos-7.png\">\n\t\t\t\t<img class=\"newsContent__article__imgCapa newsContent__article__imgCapa--banner\"\n\t\t\t\t\tsrc=\"https:\/\/files.sunoresearch.com.br\/n\/uploads\/2024\/01\/1420x240-Banner-Artigos-1-_-Banner-Materias-8.png\"\n\t\t\t\t\tdata-promo-id=\"517344\"\t\t\t\t\t\t\t\t\t\twidth='1420' height='240'\t\t\t\t\talt=\"https:\/\/files.sunoresearch.com.br\/n\/uploads\/2024\/01\/1420x240-Banner-Artigos-1-_-Banner-Materias-8.png\"\n\t\t\t\t>\n\t\t\t<\/picture>\n\t\t<\/a>\n\t<\/p>\n\n\n<p>O mandat\u00e1rio brasileiro apontou duas pautas que no per\u00edodo final das negocia\u00e7\u00f5es foram desafios superados:<\/p>\n<ul>\n<li>o vinho;<\/li>\n<li>e os latic\u00ednios.<\/li>\n<\/ul>\n<p>No caso dos vinhos, Bolsonaro apontou que a UE almejava maior acesso para seus vinhos no <strong>Mercosul<\/strong>. A fim de resolver o impasse, o ministro da Casa Civil, <strong>Onyx Lorenzoni<\/strong>, iniciou os trabalhos e fez reuni\u00f5es em Bras\u00edlia com os produtores do <strong>Rio Grande do Sul<\/strong>.<\/p>\n<p><strong>Bolsonaro<\/strong> tamb\u00e9m enalteceu o ministro das Rela\u00e7\u00f5es Exteriores, Ernesto Ara\u00fajo, e a ministra da Agricultura,\u00a0Teresa Cristina.\u00a0&#8220;Os ministros Ernesto Ara\u00fajo e Teresa Cristina foram essenciais no <strong>acordo<\/strong>&#8220;, disse ele.<\/p>\n<p><a href=\"https:\/\/www.suno.com.br\/noticias\/mercosul-e-uniao-europeia-firmam-acordo-de-livre-comercio\/\">Saiba mais &#8211;\u00a0Mercosul e Uni\u00e3o Europeia firmam acordo de livre-com\u00e9rcio<\/a><\/p>\n<h2>Bolsonaro e Trump no G20<\/h2>\n<p>Na v\u00e9spera, <strong>Bolsonaro<\/strong> encontrou-se com o presidente dos Estados Unidos, <strong><a href=\"https:\/\/www.suno.com.br\/tudo-sobre\/donald-trump\/\">Donald Trump<\/a><\/strong>, e ambos fizeram elogio ao outro para a Imprensa. A informa\u00e7\u00e3o \u00e9 da &#8220;Folha de S. Paulo&#8221;.<\/p>\n<p>\u201cEle [Bolsonaro] \u00e9 um <strong>homem especial<\/strong> que est\u00e1 indo muito bem e \u00e9 muito amado pelas pessoas do Brasil\u201d, afirmou Trump. &#8220;Espero que nos visite antes das <strong>elei\u00e7\u00f5es<\/strong>, se for poss\u00edvel. [Ser\u00e1] motivo de orgulho e satisfa\u00e7\u00e3o. E [a visita] vai mostrar para o mundo que a <strong>pol\u00edtica<\/strong> do Brasil mudou de verdade. Nos interessa e temos o prazer de nos aproximarmos dos <strong>Estados Unidos<\/strong>&#8220;, completou.<\/p>\n<p>Por sua vez, <strong>Bolsonaro<\/strong> afirmou que sempre o admirou &#8220;desde antes das elei\u00e7\u00f5es, temos muita coisa em comum. Somos dois grandes pa\u00edses que juntos podem fazer muito pelos seus <strong>povos<\/strong>&#8220;.<\/p>\n<p><a href=\"https:\/\/www.suno.com.br\/noticias\/guerra-comercial-nova-tregua\/\">Saiba mais &#8211;\u00a0Guerra comercial tem nova tr\u00e9gua ap\u00f3s encontro entre Trump e Xi\u00a0<\/a><\/p>\n<p>Mais tarde no evento, quando perguntado sobre a possibilidade de o <strong>Mercosul<\/strong> ter negocia\u00e7\u00f5es com os <strong>EUA<\/strong>, devido \u00e0 proximidade com o governo Trump, <strong>Bolsonaro<\/strong> n\u00e3o descartou a hip\u00f3tese. E mencionou tamb\u00e9m o Jap\u00e3o, que almeja um acordo com a regi\u00e3o do <strong>Cone Sul<\/strong> (Argentina, Brasil, Chile, Uruguai e Paraguai).<\/p>\n<h2>Bolsonaro preocupa-se com elei\u00e7\u00f5es na Argentina<\/h2>\n<p>Na vis\u00e3o do presidente brasileiro, o retorno de\u00a0de <strong>Cristina Kirchner<\/strong> ao poder, mesmo como vice-presidente, pode representar o risco de uma &#8220;Venezuela&#8221; no <strong>Cone Sul<\/strong>. A elei\u00e7\u00e3o presidencial da <strong>Argentina<\/strong> est\u00e1 marcada para ocorrer em 27 de outubro de 2019.<\/p>\n<p>Trump teria mencionado a possibilidade de visitar a Argentina no m\u00eas de julho. <strong>Bolsonaro<\/strong> prop\u00f4s ao mandat\u00e1rio norte-americano para reunir-se tamb\u00e9m com o\u00a0Brasil, Chile, Paraguai, Colombia, Peru. \u201cEstamos afinados com Trump\u201d, afirmou.<\/p>\n<p>\u201cA <strong>Am\u00e9rica do Sul<\/strong> est\u00e1 deixando um pouco a esquerda e indo para o centro, em alguns casos para a centro-direita\u201d, opinou.<\/p>\n<p><a href=\"https:\/\/www.suno.com.br\/noticias\/bolsonaro-macron-encontro-g20\/\">Saiba mais &#8211;\u00a0Bolsonaro afirma permanecer no Acordo de Paris ap\u00f3s reuni\u00e3o com Macron\u00a0<\/a><\/p>\n<h2>Bolsonaro cancela reuni\u00e3o bilateral com presidente da China<\/h2>\n<p><strong>Jair Bolsonaro<\/strong> cancelou a reuni\u00e3o bilateral com o presidente da <strong>China<\/strong>, Xi Jinping. O encontro estava agendado para \u00e0s 14h30 deste s\u00e1bado (29), e seria o \u00faltimo compromisso do l\u00edder brasileiro na c\u00fapula do <strong>G20<\/strong>.<\/p>\n<p>\u201cTemos uma incompatibilidade de <strong>agendas<\/strong> em fun\u00e7\u00e3o de atraso das bilaterais. N\u00f3s esperamos at\u00e9 o presente momento, mas n\u00f3s temos um hor\u00e1rio para a decolagem e ainda temos que retornar ao hotel para fazer o fechamento\u201d, informou o porta-voz da Presid\u00eancia, general Ot\u00e1vio R\u00eago Barros.<\/p>\n\t<p>\n\t\t<a href=\"https:\/\/lp.suno.com.br\/ao\/cadastro-whatsapp\/?utm_source=sunoresearch&#038;utm_medium=banner.sidebar&#038;utm_campaign=_SNC1787C4C9_\" target=\"_blank\" data-element=\"shortcode-suno-banner\" title=\"Banner SUNO, clique e saiba mais\">\n\t\t\t<picture>\n\t\t\t\t<source media=\"(max-width: 500px)\" srcset=\"https:\/\/files.sunoresearch.com.br\/n\/uploads\/2024\/09\/wpp-suno.png\">\n\t\t\t\t<img class=\"newsContent__article__imgCapa newsContent__article__imgCapa--banner\"\n\t\t\t\t\tsrc=\"https:\/\/files.sunoresearch.com.br\/n\/uploads\/2024\/09\/wpp-suno.png\"\n\t\t\t\t\tdata-promo-id=\"574195\"\t\t\t\t\t\t\t\t\t\twidth='360' height='98'\t\t\t\t\talt=\"https:\/\/files.sunoresearch.com.br\/n\/uploads\/2024\/09\/wpp-suno.png\"\n\t\t\t\t>\n\t\t\t<\/picture>\n\t\t<\/a>\n\t<\/p>\n\n\n<h2>Mercosul e Uni\u00e3o Europeia fecham acordo<\/h2>\n<p>O acordo do <strong>Mercosul<\/strong> com a <strong>Uni\u00e3o Europeia<\/strong>, feito em Bruxelas, formar\u00e1 uma das maiores \u00e1reas de livre com\u00e9rcio do mundo. Os dois <a href=\"https:\/\/www.suno.com.br\/artigos\/blocos-economicos\/\">blocos econ\u00f4micos<\/a> juntos representam cerca de 25% da economia mundial, e um <strong>mercado<\/strong> de 780 milh\u00f5es de pessoas.<\/p>\n<p>Conforme a &#8220;Ag\u00eancia Brasil&#8221;, em rela\u00e7\u00e3o \u00e0 quantidade de pa\u00edses vinculados ao acordo e a extens\u00e3o territorial, o acordo entre o Mercosul e a UE s\u00f3 fica atr\u00e1s do<strong>\u00a0Tratado Continental Africano de Livre Com\u00e9rcio<\/strong>, que envolve 44 pa\u00edses da \u00c1frica e foi assinado em mar\u00e7o deste ano.<\/p>\n\t<p>\n\t\t<a href=\"https:\/\/lp.suno.com.br\/ebook-10-livros\/\" target=\"_blank\" data-element=\"shortcode-suno-banner\" title=\"Banner SUNO, clique e saiba mais\">\n\t\t\t<picture>\n\t\t\t\t<source media=\"(max-width: 500px)\" srcset=\"https:\/\/files.sunoresearch.com.br\/n\/uploads\/2023\/03\/400x300-10-livros.png\">\n\t\t\t\t<img class=\"newsContent__article__imgCapa newsContent__article__imgCapa--banner\"\n\t\t\t\t\tsrc=\"https:\/\/files.sunoresearch.com.br\/n\/uploads\/2023\/03\/1420x240-10-livros.png\"\n\t\t\t\t\tdata-promo-id=\"383159\"\t\t\t\t\t\t\t\t\t\twidth='1420' height='240'\t\t\t\t\talt=\"https:\/\/files.sunoresearch.com.br\/n\/uploads\/2023\/03\/1420x240-10-livros.png\"\n\t\t\t\t>\n\t\t\t<\/picture>\n\t\t<\/a>\n\t<\/p>\n\n\n<p>Proje\u00e7\u00f5es do minist\u00e9rio da Economia indicam que o acordo deve representar uma alta do <strong><a href=\"https:\/\/www.suno.com.br\/artigos\/pib-produto-interno-bruto\/\">Produto Interno Bruto<\/a><\/strong> (PIB) do Brasil em cerca de\u00a0US$ 87,5 bilh\u00f5es em 15 anos.<\/p>\n<p>O montante pode subir para\u00a0US$ 125 bilh\u00f5es no mesmo per\u00edodo se forem considerados:<\/p>\n<ul>\n<li>a redu\u00e7\u00e3o das <strong>barreiras<\/strong> n\u00e3o tarif\u00e1rias;<\/li>\n<li>e o incremento esperado na <strong>produtividade<\/strong>.<\/li>\n<\/ul>\n<p>Al\u00e9m disso, o <a href=\"https:\/\/www.suno.com.br\/artigos\/investimento-estrangeiro-direto-ied\/\">investimento estrangeiro<\/a> no Brasil, tamb\u00e9m no mesmo per\u00edodo, \u00e9 estimado em\u00a0US$ 113 bilh\u00f5es. Com rela\u00e7\u00e3o \u00e0 <strong>exporta\u00e7\u00e3o<\/strong> brasileira para a <strong>Uni\u00e3o Europeia<\/strong>, os ganhos devem chegar a quase US$ 100 bilh\u00f5es at\u00e9 2035.<\/p>\n<p><a href=\"https:\/\/www.suno.com.br\/noticias\/mercosul-ue-aumentar-pib\/\">Saiba mais &#8211;\u00a0Acordo do Mercosul com UE pode aumentar PIB do Brasil em US$ 125 bi<\/a><\/p>\n<h2>Acordo entre Mercosul e UE precisa ser ratificado<\/h2>\n<p>Apesar dos 20 anos transcorridos de <strong>negocia\u00e7\u00e3o<\/strong>, o acordo ainda tem um longo caminho at\u00e9 entrar em vigor. Pois o mesmo precisa ser <strong>ratificado<\/strong> e internalizado por cada um dos Estados integrantes de ambos os blocos econ\u00f4micos.<\/p>\n<p>S\u00e3o 31 pa\u00edses envolvidos, nos quais o acordo deve ser aprovado por <strong>parlamentares<\/strong> e <strong>governos nacionais<\/strong>. A tramita\u00e7\u00e3o destas ramifica\u00e7\u00f5es pelos pa\u00edses pode levar anos e enfrentar resist\u00eancias.<\/p>\n<p>No Brasil, o acordo ser\u00e1 analisado pelos minist\u00e9rios envolvidos e ent\u00e3o enviado ao <strong>Congresso Nacional<\/strong>. O texto dever\u00e1 ser aprovado pela <strong>C\u00e2mara dos Deputados<\/strong> e pelo <strong>Senado<\/strong>.<\/p>\n","protected":false},"excerpt":{"rendered":"<p>O presidente da Rep\u00fablica, Jair Bolsonaro (PSL), afirmou em entrevista coletiva \u00e0 Imprensa em Osaka, no Jap\u00e3o, que o acordo fechado entre a Uni\u00e3o Europeia (UE) e o Mercosul na \u00faltima sexta-feira (28) deve gerar um &#8220;efeito domin\u00f3&#8221; para que novos acordos sejam feitos. Bolsonaro, que participa do G20, diz que acordo entre Mercosul e [&hellip;]<\/p>\n","protected":false},"author":12,"featured_media":29557,"comment_status":"closed","ping_status":"closed","sticky":false,"template":"","format":"standard","meta":[],"categories":[62],"tags":[938,711,724,1275,793,707,719,868,1122,1274,939,1068,731,913],"suno_strategy":[],"class_list":["post-29556","post","type-post","status-publish","format-standard","has-post-thumbnail","hentry","category-economia","tag-camara-dos-deputados","tag-china","tag-donald-trump","tag-ernesto-araujo","tag-estados-unidos-eua","tag-exportacoes","tag-jair-bolsonaro","tag-mercosul","tag-ministerio-da-agricultura","tag-ministerio-das-relacoes-exteriores","tag-onyx-lorenzoni","tag-senado-federal","tag-uniao-europeia","tag-xi-jinping"],"yoast_head":"<!-- This site is optimized with the Yoast SEO plugin v24.4 - https:\/\/yoast.com\/wordpress\/plugins\/seo\/ -->\n<title>Bolsonaro diz que acordo entre Mercosul e UE deve gerar &quot;efeito domin\u00f3&quot;<\/title>\n<meta name=\"description\" content=\"O presidente, Jair Bolsonaro, disse que o acordo firmado entre Mercosul e Uni\u00e3o Europeia deve gerar &quot;efeito domin\u00f3&quot;. Clique para saber mais.\" \/>\n<meta name=\"robots\" content=\"index, follow, max-snippet:-1, max-image-preview:large, max-video-preview:-1\" \/>\n<link rel=\"canonical\" href=\"https:\/\/www.suno.com.br\/noticias\/bolsonaro-mercosul-ue-efeito-domino\/\" \/>\n<meta property=\"og:locale\" content=\"pt_BR\" \/>\n<meta property=\"og:type\" content=\"article\" \/>\n<meta property=\"og:title\" content=\"Bolsonaro diz que acordo entre Mercosul e UE deve gerar &quot;efeito domin\u00f3&quot;\" \/>\n<meta property=\"og:description\" content=\"O presidente, Jair Bolsonaro, disse que o acordo firmado entre Mercosul e Uni\u00e3o Europeia deve gerar &quot;efeito domin\u00f3&quot;. Clique para saber mais.\" \/>\n<meta property=\"og:url\" content=\"https:\/\/www.suno.com.br\/noticias\/bolsonaro-mercosul-ue-efeito-domino\/\" \/>\n<meta property=\"og:site_name\" content=\"Suno Not\u00edcias\" \/>\n<meta property=\"article:publisher\" content=\"https:\/\/facebook.com\/sunoresearch\" \/>\n<meta property=\"og:image\" content=\"https:\/\/files.sunoresearch.com.br\/n\/uploads\/2019\/06\/a24fead8-mercosul.jpg\" \/>\n\t<meta property=\"og:image:width\" content=\"1140\" \/>\n\t<meta property=\"og:image:height\" content=\"760\" \/>\n\t<meta property=\"og:image:type\" content=\"image\/jpeg\" \/>\n<meta name=\"author\" content=\"Amanda Gushiken\" \/>\n<meta name=\"twitter:card\" content=\"summary_large_image\" \/>\n<meta name=\"twitter:creator\" content=\"@sunoresearch\" \/>\n<meta name=\"twitter:site\" content=\"@sunoresearch\" \/>\n<meta name=\"twitter:label1\" content=\"Escrito por\" \/>\n\t<meta name=\"twitter:data1\" content=\"Amanda Gushiken\" \/>\n\t<meta name=\"twitter:label2\" content=\"Est. tempo de leitura\" \/>\n\t<meta name=\"twitter:data2\" content=\"5 minutos\" \/>\n<script type=\"application\/ld+json\" class=\"yoast-schema-graph\">{\"@context\":\"https:\/\/schema.org\",\"@graph\":[{\"@type\":\"NewsArticle\",\"@id\":\"https:\/\/www.suno.com.br\/noticias\/bolsonaro-mercosul-ue-efeito-domino\/#article\",\"isPartOf\":{\"@id\":\"https:\/\/www.suno.com.br\/noticias\/bolsonaro-mercosul-ue-efeito-domino\/\"},\"author\":{\"name\":\"Amanda Gushiken\",\"@id\":\"https:\/\/www.suno.com.br\/noticias\/#\/schema\/person\/a5b06fa4e879d8e8e119c6ed3cd630d1\"},\"headline\":\"Bolsonaro diz que acordo entre Mercosul e UE deve gerar &#8220;efeito domin\u00f3&#8221;\",\"datePublished\":\"2019-06-29T16:42:28+00:00\",\"dateModified\":\"2021-06-14T02:42:59+00:00\",\"mainEntityOfPage\":{\"@id\":\"https:\/\/www.suno.com.br\/noticias\/bolsonaro-mercosul-ue-efeito-domino\/\"},\"wordCount\":994,\"publisher\":{\"@id\":\"https:\/\/www.suno.com.br\/noticias\/#organization\"},\"image\":{\"@id\":\"https:\/\/www.suno.com.br\/noticias\/bolsonaro-mercosul-ue-efeito-domino\/#primaryimage\"},\"thumbnailUrl\":\"https:\/\/files.sunoresearch.com.br\/n\/uploads\/2019\/06\/a24fead8-mercosul-jpg.webp\",\"keywords\":[\"C\u00e2mara dos Deputados\",\"China\",\"Donald Trump\",\"Ernesto Ara\u00fajo\",\"Estados Unidos (EUA)\",\"exporta\u00e7\u00f5es\",\"Jair Bolsonaro\",\"Mercosul\",\"Minist\u00e9rio da Agricultura\",\"Minist\u00e9rio das Rela\u00e7\u00f5es Exteriores\",\"Onyx Lorenzoni\",\"Senado Federal\",\"Uni\u00e3o Europeia\",\"Xi Jinping\"],\"articleSection\":[\"Economia\"],\"inLanguage\":\"pt-BR\"},{\"@type\":\"WebPage\",\"@id\":\"https:\/\/www.suno.com.br\/noticias\/bolsonaro-mercosul-ue-efeito-domino\/\",\"url\":\"https:\/\/www.suno.com.br\/noticias\/bolsonaro-mercosul-ue-efeito-domino\/\",\"name\":\"Bolsonaro diz que acordo entre Mercosul e UE deve gerar \\\"efeito domin\u00f3\\\"\",\"isPartOf\":{\"@id\":\"https:\/\/www.suno.com.br\/noticias\/#website\"},\"primaryImageOfPage\":{\"@id\":\"https:\/\/www.suno.com.br\/noticias\/bolsonaro-mercosul-ue-efeito-domino\/#primaryimage\"},\"image\":{\"@id\":\"https:\/\/www.suno.com.br\/noticias\/bolsonaro-mercosul-ue-efeito-domino\/#primaryimage\"},\"thumbnailUrl\":\"https:\/\/files.sunoresearch.com.br\/n\/uploads\/2019\/06\/a24fead8-mercosul-jpg.webp\",\"datePublished\":\"2019-06-29T16:42:28+00:00\",\"dateModified\":\"2021-06-14T02:42:59+00:00\",\"description\":\"O presidente, Jair Bolsonaro, disse que o acordo firmado entre Mercosul e Uni\u00e3o Europeia deve gerar \\\"efeito domin\u00f3\\\". Clique para saber mais.\",\"breadcrumb\":{\"@id\":\"https:\/\/www.suno.com.br\/noticias\/bolsonaro-mercosul-ue-efeito-domino\/#breadcrumb\"},\"inLanguage\":\"pt-BR\",\"potentialAction\":[{\"@type\":\"ReadAction\",\"target\":[\"https:\/\/www.suno.com.br\/noticias\/bolsonaro-mercosul-ue-efeito-domino\/\"]}]},{\"@type\":\"ImageObject\",\"inLanguage\":\"pt-BR\",\"@id\":\"https:\/\/www.suno.com.br\/noticias\/bolsonaro-mercosul-ue-efeito-domino\/#primaryimage\",\"url\":\"https:\/\/files.sunoresearch.com.br\/n\/uploads\/2019\/06\/a24fead8-mercosul-jpg.webp\",\"contentUrl\":\"https:\/\/files.sunoresearch.com.br\/n\/uploads\/2019\/06\/a24fead8-mercosul-jpg.webp\",\"width\":1140,\"height\":760,\"caption\":\"Bolsonaro, que participa do G20, diz que acordo entre Mercosul e UE deve gerar efeito domin\u00f3. (Fonte: Ag\u00eancia Brasil)\"},{\"@type\":\"BreadcrumbList\",\"@id\":\"https:\/\/www.suno.com.br\/noticias\/bolsonaro-mercosul-ue-efeito-domino\/#breadcrumb\",\"itemListElement\":[{\"@type\":\"ListItem\",\"position\":1,\"name\":\"Not\u00edcias\",\"item\":\"https:\/\/www.suno.com.br\/noticias\/\"},{\"@type\":\"ListItem\",\"position\":2,\"name\":\"Economia\",\"item\":\"https:\/\/www.suno.com.br\/noticias\/economia\/\"},{\"@type\":\"ListItem\",\"position\":3,\"name\":\"Bolsonaro diz que acordo entre Mercosul e UE deve gerar &#8220;efeito domin\u00f3&#8221;\"}]},{\"@type\":\"WebSite\",\"@id\":\"https:\/\/www.suno.com.br\/noticias\/#website\",\"url\":\"https:\/\/www.suno.com.br\/noticias\/\",\"name\":\"Suno Not\u00edcias\",\"description\":\"Seu portal de informa\u00e7\u00e3o sobre o mundo dos investimentos\",\"publisher\":{\"@id\":\"https:\/\/www.suno.com.br\/noticias\/#organization\"},\"potentialAction\":[{\"@type\":\"SearchAction\",\"target\":{\"@type\":\"EntryPoint\",\"urlTemplate\":\"https:\/\/www.suno.com.br\/noticias\/?s={search_term_string}\"},\"query-input\":{\"@type\":\"PropertyValueSpecification\",\"valueRequired\":true,\"valueName\":\"search_term_string\"}}],\"inLanguage\":\"pt-BR\"},{\"@type\":\"Organization\",\"@id\":\"https:\/\/www.suno.com.br\/noticias\/#organization\",\"name\":\"Suno Not\u00edcias\",\"url\":\"https:\/\/www.suno.com.br\/noticias\/\",\"logo\":{\"@type\":\"ImageObject\",\"inLanguage\":\"pt-BR\",\"@id\":\"https:\/\/www.suno.com.br\/noticias\/#\/schema\/logo\/image\/\",\"url\":\"https:\/\/files.sunoresearch.com.br\/n\/uploads\/2021\/09\/suno-logo.png\",\"contentUrl\":\"https:\/\/files.sunoresearch.com.br\/n\/uploads\/2021\/09\/suno-logo.png\",\"width\":180,\"height\":180,\"caption\":\"Suno Not\u00edcias\"},\"image\":{\"@id\":\"https:\/\/www.suno.com.br\/noticias\/#\/schema\/logo\/image\/\"},\"sameAs\":[\"https:\/\/facebook.com\/sunoresearch\",\"https:\/\/x.com\/sunoresearch\",\"https:\/\/www.instagram.com\/suno\",\"https:\/\/www.linkedin.com\/company\/suno-research\/\",\"https:\/\/www.youtube.com\/c\/sunoresearch\"]},{\"@type\":\"Person\",\"@id\":\"https:\/\/www.suno.com.br\/noticias\/#\/schema\/person\/a5b06fa4e879d8e8e119c6ed3cd630d1\",\"name\":\"Amanda Gushiken\",\"image\":{\"@type\":\"ImageObject\",\"inLanguage\":\"pt-BR\",\"@id\":\"https:\/\/www.suno.com.br\/noticias\/#\/schema\/person\/image\/\",\"url\":\"https:\/\/secure.gravatar.com\/avatar\/ecd84705e6b65e3685ae80d725501fbe?s=96&r=g\",\"contentUrl\":\"https:\/\/secure.gravatar.com\/avatar\/ecd84705e6b65e3685ae80d725501fbe?s=96&r=g\",\"caption\":\"Amanda Gushiken\"},\"description\":\"Amanda Sayuri Gushiken escreve sobre finan\u00e7as e neg\u00f3cios para o portal Suno Not\u00edcias. Antes, trabalhou selecionando not\u00edcias da imprensa para clientes do mercado financeiro. Tamb\u00e9m desenvolveu pesquisa acad\u00eamica pela Universidade Anhembi Morumbi na \u00e1rea de Teorias da Comunica\u00e7\u00e3o e \u00e9 fot\u00f3grafa nas horas vagas.\",\"url\":\"https:\/\/www.suno.com.br\/noticias\/author\/amanda\/\"}]}<\/script>\n<!-- \/ Yoast SEO plugin. -->","yoast_head_json":{"title":"Bolsonaro diz que acordo entre Mercosul e UE deve gerar \"efeito domin\u00f3\"","description":"O presidente, Jair Bolsonaro, disse que o acordo firmado entre Mercosul e Uni\u00e3o Europeia deve gerar \"efeito domin\u00f3\". Clique para saber mais.","robots":{"index":"index","follow":"follow","max-snippet":"max-snippet:-1","max-image-preview":"max-image-preview:large","max-video-preview":"max-video-preview:-1"},"canonical":"https:\/\/www.suno.com.br\/noticias\/bolsonaro-mercosul-ue-efeito-domino\/","og_locale":"pt_BR","og_type":"article","og_title":"Bolsonaro diz que acordo entre Mercosul e UE deve gerar \"efeito domin\u00f3\"","og_description":"O presidente, Jair Bolsonaro, disse que o acordo firmado entre Mercosul e Uni\u00e3o Europeia deve gerar \"efeito domin\u00f3\". Clique para saber mais.","og_url":"https:\/\/www.suno.com.br\/noticias\/bolsonaro-mercosul-ue-efeito-domino\/","og_site_name":"Suno Not\u00edcias","article_publisher":"https:\/\/facebook.com\/sunoresearch","og_image":[{"width":1140,"height":760,"url":"https:\/\/files.sunoresearch.com.br\/n\/uploads\/2019\/06\/a24fead8-mercosul.jpg","type":"image\/jpeg"}],"author":"Amanda Gushiken","twitter_card":"summary_large_image","twitter_creator":"@sunoresearch","twitter_site":"@sunoresearch","twitter_misc":{"Escrito por":"Amanda Gushiken","Est. tempo de leitura":"5 minutos"},"schema":{"@context":"https:\/\/schema.org","@graph":[{"@type":"NewsArticle","@id":"https:\/\/www.suno.com.br\/noticias\/bolsonaro-mercosul-ue-efeito-domino\/#article","isPartOf":{"@id":"https:\/\/www.suno.com.br\/noticias\/bolsonaro-mercosul-ue-efeito-domino\/"},"author":{"name":"Amanda Gushiken","@id":"https:\/\/www.suno.com.br\/noticias\/#\/schema\/person\/a5b06fa4e879d8e8e119c6ed3cd630d1"},"headline":"Bolsonaro diz que acordo entre Mercosul e UE deve gerar &#8220;efeito domin\u00f3&#8221;","datePublished":"2019-06-29T16:42:28+00:00","dateModified":"2021-06-14T02:42:59+00:00","mainEntityOfPage":{"@id":"https:\/\/www.suno.com.br\/noticias\/bolsonaro-mercosul-ue-efeito-domino\/"},"wordCount":994,"publisher":{"@id":"https:\/\/www.suno.com.br\/noticias\/#organization"},"image":{"@id":"https:\/\/www.suno.com.br\/noticias\/bolsonaro-mercosul-ue-efeito-domino\/#primaryimage"},"thumbnailUrl":"https:\/\/files.sunoresearch.com.br\/n\/uploads\/2019\/06\/a24fead8-mercosul-jpg.webp","keywords":["C\u00e2mara dos Deputados","China","Donald Trump","Ernesto Ara\u00fajo","Estados Unidos (EUA)","exporta\u00e7\u00f5es","Jair Bolsonaro","Mercosul","Minist\u00e9rio da Agricultura","Minist\u00e9rio das Rela\u00e7\u00f5es Exteriores","Onyx Lorenzoni","Senado Federal","Uni\u00e3o Europeia","Xi Jinping"],"articleSection":["Economia"],"inLanguage":"pt-BR"},{"@type":"WebPage","@id":"https:\/\/www.suno.com.br\/noticias\/bolsonaro-mercosul-ue-efeito-domino\/","url":"https:\/\/www.suno.com.br\/noticias\/bolsonaro-mercosul-ue-efeito-domino\/","name":"Bolsonaro diz que acordo entre Mercosul e UE deve gerar \"efeito domin\u00f3\"","isPartOf":{"@id":"https:\/\/www.suno.com.br\/noticias\/#website"},"primaryImageOfPage":{"@id":"https:\/\/www.suno.com.br\/noticias\/bolsonaro-mercosul-ue-efeito-domino\/#primaryimage"},"image":{"@id":"https:\/\/www.suno.com.br\/noticias\/bolsonaro-mercosul-ue-efeito-domino\/#primaryimage"},"thumbnailUrl":"https:\/\/files.sunoresearch.com.br\/n\/uploads\/2019\/06\/a24fead8-mercosul-jpg.webp","datePublished":"2019-06-29T16:42:28+00:00","dateModified":"2021-06-14T02:42:59+00:00","description":"O presidente, Jair Bolsonaro, disse que o acordo firmado entre Mercosul e Uni\u00e3o Europeia deve gerar \"efeito domin\u00f3\". Clique para saber mais.","breadcrumb":{"@id":"https:\/\/www.suno.com.br\/noticias\/bolsonaro-mercosul-ue-efeito-domino\/#breadcrumb"},"inLanguage":"pt-BR","potentialAction":[{"@type":"ReadAction","target":["https:\/\/www.suno.com.br\/noticias\/bolsonaro-mercosul-ue-efeito-domino\/"]}]},{"@type":"ImageObject","inLanguage":"pt-BR","@id":"https:\/\/www.suno.com.br\/noticias\/bolsonaro-mercosul-ue-efeito-domino\/#primaryimage","url":"https:\/\/files.sunoresearch.com.br\/n\/uploads\/2019\/06\/a24fead8-mercosul-jpg.webp","contentUrl":"https:\/\/files.sunoresearch.com.br\/n\/uploads\/2019\/06\/a24fead8-mercosul-jpg.webp","width":1140,"height":760,"caption":"Bolsonaro, que participa do G20, diz que acordo entre Mercosul e UE deve gerar efeito domin\u00f3. (Fonte: Ag\u00eancia Brasil)"},{"@type":"BreadcrumbList","@id":"https:\/\/www.suno.com.br\/noticias\/bolsonaro-mercosul-ue-efeito-domino\/#breadcrumb","itemListElement":[{"@type":"ListItem","position":1,"name":"Not\u00edcias","item":"https:\/\/www.suno.com.br\/noticias\/"},{"@type":"ListItem","position":2,"name":"Economia","item":"https:\/\/www.suno.com.br\/noticias\/economia\/"},{"@type":"ListItem","position":3,"name":"Bolsonaro diz que acordo entre Mercosul e UE deve gerar &#8220;efeito domin\u00f3&#8221;"}]},{"@type":"WebSite","@id":"https:\/\/www.suno.com.br\/noticias\/#website","url":"https:\/\/www.suno.com.br\/noticias\/","name":"Suno Not\u00edcias","description":"Seu portal de informa\u00e7\u00e3o sobre o mundo dos investimentos","publisher":{"@id":"https:\/\/www.suno.com.br\/noticias\/#organization"},"potentialAction":[{"@type":"SearchAction","target":{"@type":"EntryPoint","urlTemplate":"https:\/\/www.suno.com.br\/noticias\/?s={search_term_string}"},"query-input":{"@type":"PropertyValueSpecification","valueRequired":true,"valueName":"search_term_string"}}],"inLanguage":"pt-BR"},{"@type":"Organization","@id":"https:\/\/www.suno.com.br\/noticias\/#organization","name":"Suno Not\u00edcias","url":"https:\/\/www.suno.com.br\/noticias\/","logo":{"@type":"ImageObject","inLanguage":"pt-BR","@id":"https:\/\/www.suno.com.br\/noticias\/#\/schema\/logo\/image\/","url":"https:\/\/files.sunoresearch.com.br\/n\/uploads\/2021\/09\/suno-logo.png","contentUrl":"https:\/\/files.sunoresearch.com.br\/n\/uploads\/2021\/09\/suno-logo.png","width":180,"height":180,"caption":"Suno Not\u00edcias"},"image":{"@id":"https:\/\/www.suno.com.br\/noticias\/#\/schema\/logo\/image\/"},"sameAs":["https:\/\/facebook.com\/sunoresearch","https:\/\/x.com\/sunoresearch","https:\/\/www.instagram.com\/suno","https:\/\/www.linkedin.com\/company\/suno-research\/","https:\/\/www.youtube.com\/c\/sunoresearch"]},{"@type":"Person","@id":"https:\/\/www.suno.com.br\/noticias\/#\/schema\/person\/a5b06fa4e879d8e8e119c6ed3cd630d1","name":"Amanda Gushiken","image":{"@type":"ImageObject","inLanguage":"pt-BR","@id":"https:\/\/www.suno.com.br\/noticias\/#\/schema\/person\/image\/","url":"https:\/\/secure.gravatar.com\/avatar\/ecd84705e6b65e3685ae80d725501fbe?s=96&r=g","contentUrl":"https:\/\/secure.gravatar.com\/avatar\/ecd84705e6b65e3685ae80d725501fbe?s=96&r=g","caption":"Amanda Gushiken"},"description":"Amanda Sayuri Gushiken escreve sobre finan\u00e7as e neg\u00f3cios para o portal Suno Not\u00edcias. Antes, trabalhou selecionando not\u00edcias da imprensa para clientes do mercado financeiro. Tamb\u00e9m desenvolveu pesquisa acad\u00eamica pela Universidade Anhembi Morumbi na \u00e1rea de Teorias da Comunica\u00e7\u00e3o e \u00e9 fot\u00f3grafa nas horas vagas.","url":"https:\/\/www.suno.com.br\/noticias\/author\/amanda\/"}]}},"default_loop_html":"<div class=\"cardsPage__listCard__boxs\"><div class=\"cardsPage__listCard__boxs__img\"><a href=\"https:\/\/www.suno.com.br\/noticias\/bolsonaro-mercosul-ue-efeito-domino\/\"><img class=\"mask\" src=\"https:\/\/www.suno.com.br\/noticias\/wp-content\/themes\/suno\/resources\/images\/spotlight\/spotlight1img\/bg-mask.png\" alt=\"Image Mask\"\/><img src=\"https:\/\/files.sunoresearch.com.br\/n\/uploads\/2019\/06\/a24fead8-mercosul-400x200.webp\" alt=\"Bolsonaro diz que acordo entre Mercosul e UE deve gerar &#8220;efeito domin\u00f3&#8221;\"\/><\/a><span class=\"spotlightCategory\"><a href=\"https:\/\/www.suno.com.br\/noticias\/economia\/\">Economia<\/a><\/span><\/div><div class=\"cardsPage__listCard__boxs__content\"><a href=\"https:\/\/www.suno.com.br\/noticias\/bolsonaro-mercosul-ue-efeito-domino\/\"><h2 class=\"content__title\">Bolsonaro diz que acordo entre Mercosul e UE deve gerar &#8220;efeito domin\u00f3&#8221;<\/h2><\/a><div class=\"newsContent__article__meta\"><div class=\"newsContent__article__meta__authorBox\"><a href=\"https:\/\/www.suno.com.br\/noticias\/author\/amanda\/\" class=\"authorBox__avatar noMobi\"><img src=\"https:\/\/files.sunoresearch.com.br\/n\/uploads\/2018\/11\/c6ad30be-amanda-150x150.webp\" alt=\"Amanda Gushiken\"><\/a><div class=\"authorBox__name\"><span>por\n\t\t\t<a href=\"https:\/\/www.suno.com.br\/noticias\/author\/amanda\/\"><span itemprop=\"author\">Amanda Gushiken<\/span><\/a><\/span><time datetime=\"2019-06-29T13:42:28-03:00\" itemprop=\"datePublished\">29\/06\/2019 13:42<\/time><\/div><\/div><\/div><\/div><\/div>","single_layout":"posts","amp_enabled":true,"_links":{"self":[{"href":"https:\/\/www.suno.com.br\/noticias\/wp-json\/wp\/v2\/posts\/29556"}],"collection":[{"href":"https:\/\/www.suno.com.br\/noticias\/wp-json\/wp\/v2\/posts"}],"about":[{"href":"https:\/\/www.suno.com.br\/noticias\/wp-json\/wp\/v2\/types\/post"}],"author":[{"embeddable":true,"href":"https:\/\/www.suno.com.br\/noticias\/wp-json\/wp\/v2\/users\/12"}],"replies":[{"embeddable":true,"href":"https:\/\/www.suno.com.br\/noticias\/wp-json\/wp\/v2\/comments?post=29556"}],"version-history":[{"count":1,"href":"https:\/\/www.suno.com.br\/noticias\/wp-json\/wp\/v2\/posts\/29556\/revisions"}],"predecessor-version":[{"id":157313,"href":"https:\/\/www.suno.com.br\/noticias\/wp-json\/wp\/v2\/posts\/29556\/revisions\/157313"}],"wp:featuredmedia":[{"embeddable":true,"href":"https:\/\/www.suno.com.br\/noticias\/wp-json\/wp\/v2\/media\/29557"}],"wp:attachment":[{"href":"https:\/\/www.suno.com.br\/noticias\/wp-json\/wp\/v2\/media?parent=29556"}],"wp:term":[{"taxonomy":"category","embeddable":true,"href":"https:\/\/www.suno.com.br\/noticias\/wp-json\/wp\/v2\/categories?post=29556"},{"taxonomy":"post_tag","embeddable":true,"href":"https:\/\/www.suno.com.br\/noticias\/wp-json\/wp\/v2\/tags?post=29556"},{"taxonomy":"suno_strategy","embeddable":true,"href":"https:\/\/www.suno.com.br\/noticias\/wp-json\/wp\/v2\/suno_strategy?post=29556"}],"curies":[{"name":"wp","href":"https:\/\/api.w.org\/{rel}","templated":true}]}}